{"id":202877,"date":"2022-02-24T23:15:15","date_gmt":"2022-02-24T22:15:15","guid":{"rendered":"https:\/\/dicodusport.fr\/blog\/?p=202877&#038;preview=true&#038;preview_id=202877"},"modified":"2022-02-25T14:48:51","modified_gmt":"2022-02-25T13:48:51","slug":"mondiaux-juniors-de-biathlon-oceane-michelon-vice-championne-du-monde-de-l-individuel","status":"publish","type":"post","link":"https:\/\/dicodusport.fr\/blog\/mondiaux-juniors-de-biathlon-oceane-michelon-vice-championne-du-monde-de-l-individuel\/","title":{"rendered":"Mondiaux juniors de biathlon : Oc\u00e9ane Michelon vice-championne du monde de l&rsquo;individuel"},"content":{"rendered":"<p style=\"text-align: justify;\"><strong><em><a href=\"https:\/\/dicodusport.fr\/blog\/biathlon-mondiaux-jeunes-et-juniors-2022-programme-et-resultats\/\">MONDIAUX DE BIATHLON JEUNES\/JUNIORS 2022<\/a> &#8211; Avec un 18\/20 au tir, la Fran\u00e7aise Oc\u00e9ane Michelon a d\u00e9croch\u00e9 la m\u00e9daille d&rsquo;argent sur l&rsquo;individuel des championnats du monde juniors de biathlon, \u00e0 Soldier Hollow (USA). L&rsquo;Allemange Lisa Maria Spark enl\u00e8ve le titre.<\/em><\/strong><\/p>\n<p style=\"text-align: justify;\">Elle soufflera ses 20 bougies dans une dizaine de jour (le 4 mars pr\u00e9cis\u00e9ment). Ce jeudi, la Savoyarde <strong>Oc\u00e9ane Michelon<\/strong> s&rsquo;est offert un joli cadeau d&rsquo;anniversaire en avance. Partie avec le dossard 4 sur l&rsquo;individuel des <strong>championnats du monde juniors de biathlon<\/strong> \u00e0 Soldier Hollow (USA), la Fran\u00e7aise a d\u00e9croch\u00e9 l&rsquo;argent. Dans le match pour l&rsquo;or jusqu&rsquo;au dernier tir face \u00e0 l&rsquo;Allemande <strong>Lisa Maria Spark<\/strong>, la Tricolore a fait une faute de plus que cette derni\u00e8re, pour terminer la course avec un 18\/20 (0-1-0-1). Elle termine \u00e0 47 secondes de la biathl\u00e8te allemande sur la ligne, avec le meilleur temps de ski en prime. Spark s&rsquo;en sort quant \u00e0 elle gr\u00e2ce \u00e0 un meilleur tir que Michelon (19\/20, 0-1-0-0). Sur la 3\u00e8me marche du podium, on retrouve la Tch\u00e8que <strong>Tereza Vobornikova<\/strong>, \u00e0 53 secondes de la gagne, \u00e9galement avec un 18\/20 (0-0-1-1).<\/p>\n<p style=\"text-align: justify;\">Du c\u00f4t\u00e9 des autres Fran\u00e7aises, c&rsquo;est beaucoup plus mitig\u00e9. <a href=\"https:\/\/dicodusport.fr\/blog\/championnat-d-europe-juniors-de-biathlon-camille-coupe-en-or-jeanne-richard-en-argent\/\">Championne d&rsquo;Europe juniors sur le format de l&rsquo;individuel en janvier dernier<\/a>, <strong>Camille Coup\u00e9<\/strong> prend la 12\u00e8me place, la faute \u00e0 trois erreurs sur le pas de tir (0-1-0-2). Sa dauphine lors des Europe, <strong>Jeanne Richard<\/strong>, n&rsquo;est que 26\u00e8me, avec un 16\/20 face aux cibles (1-1-1-1). Quatri\u00e8me Fran\u00e7aise en lice, <strong>No\u00e9mie Remonnay<\/strong> est 18\u00e8me (17\/20, 1-2-0-0).<\/p>\n<blockquote class=\"twitter-tweet\">\n<p dir=\"ltr\" lang=\"en\">It\u2018s time to award the junior women with their &#x1f947;&#x1f948;&#x1f949; and &#x1f490;. <a href=\"https:\/\/t.co\/wQRo5fSAZM\">pic.twitter.com\/wQRo5fSAZM<\/a><\/p>\n<p>\u2014 IBU Junior Cup (@IBU_Junior) <a href=\"https:\/\/twitter.com\/IBU_Junior\/status\/1496975195948597248?ref_src=twsrc%5Etfw\">February 24, 2022<\/a><\/p><\/blockquote>\n<p><script async src=\"https:\/\/platform.twitter.com\/widgets.js\" charset=\"utf-8\"><\/script><\/p>\n<h2 style=\"text-align: justify;\">Le classement complet de l&rsquo;individuel femmes des Mondiaux juniors de biathlon<\/h2>\n<a href=\"https:\/\/dicodusport.fr\/blog\/wp-content\/uploads\/2022\/02\/Classement-complet-de-lindividuel-femmes-des-Mondiaux-juniors-de-biathlon.pdf\" class=\"pdfemb-viewer\" style=\"\" data-width=\"max\" data-height=\"max\"  data-toolbar=\"both\" data-toolbar-fixed=\"on\">Classement complet de l&#039;individuel femmes des Mondiaux juniors de biathlon<br\/><\/a>\n<p>&nbsp;<\/p>\n","protected":false},"excerpt":{"rendered":"<p>MONDIAUX DE BIATHLON JEUNES\/JUNIORS 2022 &#8211; Avec un 18\/20 au tir, la Fran\u00e7aise Oc\u00e9ane Michelon a d\u00e9croch\u00e9 la m\u00e9daille d&rsquo;argent sur l&rsquo;individuel des championnats du monde juniors de biathlon, \u00e0 Soldier Hollow (USA). L&rsquo;Allemange Lisa Maria Spark enl\u00e8ve le titre.<\/p>\n","protected":false},"author":4,"featured_media":202885,"comment_status":"open","ping_status":"closed","sticky":false,"template":"","format":"standard","meta":{"_acf_changed":false,"_daextam_enable_autolinks":"","footnotes":""},"categories":[2426],"tags":[2427,22027,24],"class_list":["post-202877","post","type-post","status-publish","format-standard","has-post-thumbnail","hentry","category-biathlon","tag-biathlon","tag-oceane-michelon","tag-sport"],"acf":[],"yoast_head":"<!-- This site is optimized with the Yoast SEO Premium plugin v26.7 (Yoast SEO v26.7) - https:\/\/yoast.com\/wordpress\/plugins\/seo\/ -->\n<title>Mondiaux juniors de biathlon : Oc\u00e9ane Michelon vice-championne du monde de l&#039;individuel<\/title>\n<meta name=\"description\" content=\"MONDIAUX DE BIATHLON JEUNES\/JUNIORS - Avec un 18\/20 au tir, la Fran\u00e7aise Oc\u00e9ane Michelon a d\u00e9croch\u00e9 la m\u00e9daille d&#039;argent sur l&#039;individuel.\" \/>\n<meta name=\"robots\" content=\"index, follow, max-snippet:-1, max-image-preview:large, max-video-preview:-1\" \/>\n<link rel=\"canonical\" href=\"https:\/\/dicodusport.fr\/blog\/mondiaux-juniors-de-biathlon-oceane-michelon-vice-championne-du-monde-de-l-individuel\/\" \/>\n<meta property=\"og:locale\" content=\"fr_FR\" \/>\n<meta property=\"og:type\" content=\"article\" \/>\n<meta property=\"og:title\" content=\"Mondiaux juniors de biathlon : Oc\u00e9ane Michelon vice-championne du monde de l&#039;individuel\" \/>\n<meta property=\"og:description\" content=\"MONDIAUX DE BIATHLON JEUNES\/JUNIORS - Avec un 18\/20 au tir, la Fran\u00e7aise Oc\u00e9ane Michelon a d\u00e9croch\u00e9 la m\u00e9daille d&#039;argent sur l&#039;individuel.\" \/>\n<meta property=\"og:url\" content=\"https:\/\/dicodusport.fr\/blog\/mondiaux-juniors-de-biathlon-oceane-michelon-vice-championne-du-monde-de-l-individuel\/\" \/>\n<meta property=\"og:site_name\" content=\"Dicodusport\" \/>\n<meta property=\"article:publisher\" content=\"https:\/\/www.facebook.com\/dicodusport\" \/>\n<meta property=\"article:author\" content=\"https:\/\/www.facebook.com\/florent.ostermann\" \/>\n<meta property=\"article:published_time\" content=\"2022-02-24T22:15:15+00:00\" \/>\n<meta property=\"article:modified_time\" content=\"2022-02-25T13:48:51+00:00\" \/>\n<meta property=\"og:image\" content=\"https:\/\/dicodusport.fr\/blog\/wp-content\/uploads\/2022\/02\/Mondiaux-juniors-de-biathlon-Oceane-Michelon-vice-championne-du-monde-de-lindividuel.png\" \/>\n\t<meta property=\"og:image:width\" content=\"800\" \/>\n\t<meta property=\"og:image:height\" content=\"445\" \/>\n\t<meta property=\"og:image:type\" content=\"image\/png\" \/>\n<meta name=\"author\" content=\"Flo Ostermann\" \/>\n<meta name=\"twitter:card\" content=\"summary_large_image\" \/>\n<meta name=\"twitter:title\" content=\"Mondiaux juniors de biathlon : Oc\u00e9ane Michelon vice-championne du monde de l&#039;individuel\" \/>\n<meta name=\"twitter:creator\" content=\"@https:\/\/twitter.com\/FlOstermann\" \/>\n<meta name=\"twitter:site\" content=\"@dicodusport\" \/>\n<script type=\"application\/ld+json\" class=\"yoast-schema-graph\">{\"@context\":\"https:\/\/schema.org\",\"@graph\":[{\"@type\":\"NewsArticle\",\"@id\":\"https:\/\/dicodusport.fr\/blog\/mondiaux-juniors-de-biathlon-oceane-michelon-vice-championne-du-monde-de-l-individuel\/#article\",\"isPartOf\":{\"@id\":\"https:\/\/dicodusport.fr\/blog\/mondiaux-juniors-de-biathlon-oceane-michelon-vice-championne-du-monde-de-l-individuel\/\"},\"author\":{\"name\":\"Flo Ostermann\",\"@id\":\"https:\/\/dicodusport.fr\/blog\/#\/schema\/person\/cb02af4c173ce4a653b55e9baf388d4a\"},\"headline\":\"Mondiaux juniors de biathlon : Oc\u00e9ane Michelon vice-championne du monde de l&rsquo;individuel\",\"datePublished\":\"2022-02-24T22:15:15+00:00\",\"dateModified\":\"2022-02-25T13:48:51+00:00\",\"mainEntityOfPage\":{\"@id\":\"https:\/\/dicodusport.fr\/blog\/mondiaux-juniors-de-biathlon-oceane-michelon-vice-championne-du-monde-de-l-individuel\/\"},\"wordCount\":351,\"commentCount\":0,\"publisher\":{\"@id\":\"https:\/\/dicodusport.fr\/blog\/#organization\"},\"image\":{\"@id\":\"https:\/\/dicodusport.fr\/blog\/mondiaux-juniors-de-biathlon-oceane-michelon-vice-championne-du-monde-de-l-individuel\/#primaryimage\"},\"thumbnailUrl\":\"https:\/\/dicodusport.fr\/blog\/wp-content\/uploads\/2022\/02\/Mondiaux-juniors-de-biathlon-Oceane-Michelon-vice-championne-du-monde-de-lindividuel.png\",\"keywords\":[\"Biathlon\",\"Oc\u00e9ane Michelon\",\"sport\"],\"articleSection\":[\"Biathlon\"],\"inLanguage\":\"fr-FR\",\"potentialAction\":[{\"@type\":\"CommentAction\",\"name\":\"Comment\",\"target\":[\"https:\/\/dicodusport.fr\/blog\/mondiaux-juniors-de-biathlon-oceane-michelon-vice-championne-du-monde-de-l-individuel\/#respond\"]}],\"copyrightYear\":\"2022\",\"copyrightHolder\":{\"@id\":\"https:\/\/dicodusport.fr\/blog\/#organization\"}},{\"@type\":\"WebPage\",\"@id\":\"https:\/\/dicodusport.fr\/blog\/mondiaux-juniors-de-biathlon-oceane-michelon-vice-championne-du-monde-de-l-individuel\/\",\"url\":\"https:\/\/dicodusport.fr\/blog\/mondiaux-juniors-de-biathlon-oceane-michelon-vice-championne-du-monde-de-l-individuel\/\",\"name\":\"Mondiaux juniors de biathlon : Oc\u00e9ane Michelon vice-championne du monde de l'individuel\",\"isPartOf\":{\"@id\":\"https:\/\/dicodusport.fr\/blog\/#website\"},\"primaryImageOfPage\":{\"@id\":\"https:\/\/dicodusport.fr\/blog\/mondiaux-juniors-de-biathlon-oceane-michelon-vice-championne-du-monde-de-l-individuel\/#primaryimage\"},\"image\":{\"@id\":\"https:\/\/dicodusport.fr\/blog\/mondiaux-juniors-de-biathlon-oceane-michelon-vice-championne-du-monde-de-l-individuel\/#primaryimage\"},\"thumbnailUrl\":\"https:\/\/dicodusport.fr\/blog\/wp-content\/uploads\/2022\/02\/Mondiaux-juniors-de-biathlon-Oceane-Michelon-vice-championne-du-monde-de-lindividuel.png\",\"datePublished\":\"2022-02-24T22:15:15+00:00\",\"dateModified\":\"2022-02-25T13:48:51+00:00\",\"description\":\"MONDIAUX DE BIATHLON JEUNES\/JUNIORS - Avec un 18\/20 au tir, la Fran\u00e7aise Oc\u00e9ane Michelon a d\u00e9croch\u00e9 la m\u00e9daille d'argent sur l'individuel.\",\"breadcrumb\":{\"@id\":\"https:\/\/dicodusport.fr\/blog\/mondiaux-juniors-de-biathlon-oceane-michelon-vice-championne-du-monde-de-l-individuel\/#breadcrumb\"},\"inLanguage\":\"fr-FR\",\"potentialAction\":[{\"@type\":\"ReadAction\",\"target\":[\"https:\/\/dicodusport.fr\/blog\/mondiaux-juniors-de-biathlon-oceane-michelon-vice-championne-du-monde-de-l-individuel\/\"]}]},{\"@type\":\"ImageObject\",\"inLanguage\":\"fr-FR\",\"@id\":\"https:\/\/dicodusport.fr\/blog\/mondiaux-juniors-de-biathlon-oceane-michelon-vice-championne-du-monde-de-l-individuel\/#primaryimage\",\"url\":\"https:\/\/dicodusport.fr\/blog\/wp-content\/uploads\/2022\/02\/Mondiaux-juniors-de-biathlon-Oceane-Michelon-vice-championne-du-monde-de-lindividuel.png\",\"contentUrl\":\"https:\/\/dicodusport.fr\/blog\/wp-content\/uploads\/2022\/02\/Mondiaux-juniors-de-biathlon-Oceane-Michelon-vice-championne-du-monde-de-lindividuel.png\",\"width\":800,\"height\":445,\"caption\":\"Mondiaux juniors de biathlon Oc\u00e9ane Michelon vice-championne du monde de l'individuel\"},{\"@type\":\"BreadcrumbList\",\"@id\":\"https:\/\/dicodusport.fr\/blog\/mondiaux-juniors-de-biathlon-oceane-michelon-vice-championne-du-monde-de-l-individuel\/#breadcrumb\",\"itemListElement\":[{\"@type\":\"ListItem\",\"position\":1,\"name\":\"Accueil\",\"item\":\"https:\/\/dicodusport.fr\/blog\/\"},{\"@type\":\"ListItem\",\"position\":2,\"name\":\"Mondiaux juniors de biathlon : Oc\u00e9ane Michelon vice-championne du monde de l&rsquo;individuel\"}]},{\"@type\":\"WebSite\",\"@id\":\"https:\/\/dicodusport.fr\/blog\/#website\",\"url\":\"https:\/\/dicodusport.fr\/blog\/\",\"name\":\"Dicodusport\",\"description\":\"L&#039;encyclop\u00e9die de l&#039;actualit\u00e9 sportive\",\"publisher\":{\"@id\":\"https:\/\/dicodusport.fr\/blog\/#organization\"},\"potentialAction\":[{\"@type\":\"SearchAction\",\"target\":{\"@type\":\"EntryPoint\",\"urlTemplate\":\"https:\/\/dicodusport.fr\/blog\/?s={search_term_string}\"},\"query-input\":{\"@type\":\"PropertyValueSpecification\",\"valueRequired\":true,\"valueName\":\"search_term_string\"}}],\"inLanguage\":\"fr-FR\"},{\"@type\":\"NewsMediaOrganization\",\"@id\":\"https:\/\/dicodusport.fr\/blog\/#organization\",\"name\":\"Dicodusport\",\"url\":\"https:\/\/dicodusport.fr\/blog\/\",\"logo\":{\"@type\":\"ImageObject\",\"inLanguage\":\"fr-FR\",\"@id\":\"https:\/\/dicodusport.fr\/blog\/#\/schema\/logo\/image\/\",\"url\":\"https:\/\/dicodusport.fr\/blog\/wp-content\/uploads\/2020\/06\/cropped-LOGO-DICODUSPORT-2020-SANS-FOND-SANS-TEXTE.png\",\"contentUrl\":\"https:\/\/dicodusport.fr\/blog\/wp-content\/uploads\/2020\/06\/cropped-LOGO-DICODUSPORT-2020-SANS-FOND-SANS-TEXTE.png\",\"width\":512,\"height\":512,\"caption\":\"Dicodusport\"},\"image\":{\"@id\":\"https:\/\/dicodusport.fr\/blog\/#\/schema\/logo\/image\/\"},\"sameAs\":[\"https:\/\/www.facebook.com\/dicodusport\",\"https:\/\/x.com\/dicodusport\",\"https:\/\/www.instagram.com\/dicodusport\/\",\"https:\/\/www.youtube.com\/channel\/UC7V2KZ5sd3htJivAbA4ZG3w\"],\"description\":\"Dicodusport est l'encyclop\u00e9die de l'actualit\u00e9 sportive.\",\"email\":\"bonjour@dicodusport.fr\",\"legalName\":\"DICODUSPORT\",\"foundingDate\":\"2018-01-14\",\"vatID\":\"FR71834470973\",\"taxID\":\"83447097300043\",\"numberOfEmployees\":{\"@type\":\"QuantitativeValue\",\"minValue\":\"1\",\"maxValue\":\"10\"}},{\"@type\":\"Person\",\"@id\":\"https:\/\/dicodusport.fr\/blog\/#\/schema\/person\/cb02af4c173ce4a653b55e9baf388d4a\",\"name\":\"Flo Ostermann\",\"image\":{\"@type\":\"ImageObject\",\"inLanguage\":\"fr-FR\",\"@id\":\"https:\/\/dicodusport.fr\/blog\/#\/schema\/person\/image\/\",\"url\":\"https:\/\/dicodusport.fr\/blog\/wp-content\/uploads\/2021\/05\/Flo-Ostermann-150x150.jpg\",\"contentUrl\":\"https:\/\/dicodusport.fr\/blog\/wp-content\/uploads\/2021\/05\/Flo-Ostermann-150x150.jpg\",\"caption\":\"Flo Ostermann\"},\"description\":\"Journaliste\/R\u00e9dacteur depuis septembre 2015 - Mes premiers souvenirs dans le sport ? Les envol\u00e9es du Stade Toulousain et les duels Villeneuve-Schumacher et H\u00e4kkinen-Schumacher \u00e0 la fin des ann\u00e9es 90, la Coupe du monde de football en 1998, l\u2019exploit du XV de France face aux All Blacks en 1999, mais aussi Richard C\u0153ur de Lion qui vole sur les montagnes du Tour de France. Bien parti pour devenir professeur d\u2019EPS, les \u00e9v\u00e9nements de la vie (et la flemme d\u2019animer des s\u00e9ances de 3x500 m\u00e8tres toute ma vie) m\u2019ont conduit \u00e0 revoir mes plans. Me voil\u00e0 depuis fin 2017 sur Dicodusport, m\u00e9dia gr\u00e2ce (et pour) lequel je partage ma passion : le sport dans tous ses \u00e9tats. Le tout accompagn\u00e9 par les fous furieux et folles furieuses cit\u00e9s sur cette page !\",\"sameAs\":[\"https:\/\/www.facebook.com\/florent.ostermann\",\"https:\/\/x.com\/https:\/\/twitter.com\/FlOstermann\",\"admin\"],\"url\":\"https:\/\/dicodusport.fr\/blog\/author\/flo\/\"}]}<\/script>\n<!-- \/ Yoast SEO Premium plugin. -->","yoast_head_json":{"title":"Mondiaux juniors de biathlon : Oc\u00e9ane Michelon vice-championne du monde de l'individuel","description":"MONDIAUX DE BIATHLON JEUNES\/JUNIORS - Avec un 18\/20 au tir, la Fran\u00e7aise Oc\u00e9ane Michelon a d\u00e9croch\u00e9 la m\u00e9daille d'argent sur l'individuel.","robots":{"index":"index","follow":"follow","max-snippet":"max-snippet:-1","max-image-preview":"max-image-preview:large","max-video-preview":"max-video-preview:-1"},"canonical":"https:\/\/dicodusport.fr\/blog\/mondiaux-juniors-de-biathlon-oceane-michelon-vice-championne-du-monde-de-l-individuel\/","og_locale":"fr_FR","og_type":"article","og_title":"Mondiaux juniors de biathlon : Oc\u00e9ane Michelon vice-championne du monde de l'individuel","og_description":"MONDIAUX DE BIATHLON JEUNES\/JUNIORS - Avec un 18\/20 au tir, la Fran\u00e7aise Oc\u00e9ane Michelon a d\u00e9croch\u00e9 la m\u00e9daille d'argent sur l'individuel.","og_url":"https:\/\/dicodusport.fr\/blog\/mondiaux-juniors-de-biathlon-oceane-michelon-vice-championne-du-monde-de-l-individuel\/","og_site_name":"Dicodusport","article_publisher":"https:\/\/www.facebook.com\/dicodusport","article_author":"https:\/\/www.facebook.com\/florent.ostermann","article_published_time":"2022-02-24T22:15:15+00:00","article_modified_time":"2022-02-25T13:48:51+00:00","og_image":[{"width":800,"height":445,"url":"https:\/\/dicodusport.fr\/blog\/wp-content\/uploads\/2022\/02\/Mondiaux-juniors-de-biathlon-Oceane-Michelon-vice-championne-du-monde-de-lindividuel.png","type":"image\/png"}],"author":"Flo Ostermann","twitter_card":"summary_large_image","twitter_title":"Mondiaux juniors de biathlon : Oc\u00e9ane Michelon vice-championne du monde de l'individuel","twitter_creator":"@https:\/\/twitter.com\/FlOstermann","twitter_site":"@dicodusport","schema":{"@context":"https:\/\/schema.org","@graph":[{"@type":"NewsArticle","@id":"https:\/\/dicodusport.fr\/blog\/mondiaux-juniors-de-biathlon-oceane-michelon-vice-championne-du-monde-de-l-individuel\/#article","isPartOf":{"@id":"https:\/\/dicodusport.fr\/blog\/mondiaux-juniors-de-biathlon-oceane-michelon-vice-championne-du-monde-de-l-individuel\/"},"author":{"name":"Flo Ostermann","@id":"https:\/\/dicodusport.fr\/blog\/#\/schema\/person\/cb02af4c173ce4a653b55e9baf388d4a"},"headline":"Mondiaux juniors de biathlon : Oc\u00e9ane Michelon vice-championne du monde de l&rsquo;individuel","datePublished":"2022-02-24T22:15:15+00:00","dateModified":"2022-02-25T13:48:51+00:00","mainEntityOfPage":{"@id":"https:\/\/dicodusport.fr\/blog\/mondiaux-juniors-de-biathlon-oceane-michelon-vice-championne-du-monde-de-l-individuel\/"},"wordCount":351,"commentCount":0,"publisher":{"@id":"https:\/\/dicodusport.fr\/blog\/#organization"},"image":{"@id":"https:\/\/dicodusport.fr\/blog\/mondiaux-juniors-de-biathlon-oceane-michelon-vice-championne-du-monde-de-l-individuel\/#primaryimage"},"thumbnailUrl":"https:\/\/dicodusport.fr\/blog\/wp-content\/uploads\/2022\/02\/Mondiaux-juniors-de-biathlon-Oceane-Michelon-vice-championne-du-monde-de-lindividuel.png","keywords":["Biathlon","Oc\u00e9ane Michelon","sport"],"articleSection":["Biathlon"],"inLanguage":"fr-FR","potentialAction":[{"@type":"CommentAction","name":"Comment","target":["https:\/\/dicodusport.fr\/blog\/mondiaux-juniors-de-biathlon-oceane-michelon-vice-championne-du-monde-de-l-individuel\/#respond"]}],"copyrightYear":"2022","copyrightHolder":{"@id":"https:\/\/dicodusport.fr\/blog\/#organization"}},{"@type":"WebPage","@id":"https:\/\/dicodusport.fr\/blog\/mondiaux-juniors-de-biathlon-oceane-michelon-vice-championne-du-monde-de-l-individuel\/","url":"https:\/\/dicodusport.fr\/blog\/mondiaux-juniors-de-biathlon-oceane-michelon-vice-championne-du-monde-de-l-individuel\/","name":"Mondiaux juniors de biathlon : Oc\u00e9ane Michelon vice-championne du monde de l'individuel","isPartOf":{"@id":"https:\/\/dicodusport.fr\/blog\/#website"},"primaryImageOfPage":{"@id":"https:\/\/dicodusport.fr\/blog\/mondiaux-juniors-de-biathlon-oceane-michelon-vice-championne-du-monde-de-l-individuel\/#primaryimage"},"image":{"@id":"https:\/\/dicodusport.fr\/blog\/mondiaux-juniors-de-biathlon-oceane-michelon-vice-championne-du-monde-de-l-individuel\/#primaryimage"},"thumbnailUrl":"https:\/\/dicodusport.fr\/blog\/wp-content\/uploads\/2022\/02\/Mondiaux-juniors-de-biathlon-Oceane-Michelon-vice-championne-du-monde-de-lindividuel.png","datePublished":"2022-02-24T22:15:15+00:00","dateModified":"2022-02-25T13:48:51+00:00","description":"MONDIAUX DE BIATHLON JEUNES\/JUNIORS - Avec un 18\/20 au tir, la Fran\u00e7aise Oc\u00e9ane Michelon a d\u00e9croch\u00e9 la m\u00e9daille d'argent sur l'individuel.","breadcrumb":{"@id":"https:\/\/dicodusport.fr\/blog\/mondiaux-juniors-de-biathlon-oceane-michelon-vice-championne-du-monde-de-l-individuel\/#breadcrumb"},"inLanguage":"fr-FR","potentialAction":[{"@type":"ReadAction","target":["https:\/\/dicodusport.fr\/blog\/mondiaux-juniors-de-biathlon-oceane-michelon-vice-championne-du-monde-de-l-individuel\/"]}]},{"@type":"ImageObject","inLanguage":"fr-FR","@id":"https:\/\/dicodusport.fr\/blog\/mondiaux-juniors-de-biathlon-oceane-michelon-vice-championne-du-monde-de-l-individuel\/#primaryimage","url":"https:\/\/dicodusport.fr\/blog\/wp-content\/uploads\/2022\/02\/Mondiaux-juniors-de-biathlon-Oceane-Michelon-vice-championne-du-monde-de-lindividuel.png","contentUrl":"https:\/\/dicodusport.fr\/blog\/wp-content\/uploads\/2022\/02\/Mondiaux-juniors-de-biathlon-Oceane-Michelon-vice-championne-du-monde-de-lindividuel.png","width":800,"height":445,"caption":"Mondiaux juniors de biathlon Oc\u00e9ane Michelon vice-championne du monde de l'individuel"},{"@type":"BreadcrumbList","@id":"https:\/\/dicodusport.fr\/blog\/mondiaux-juniors-de-biathlon-oceane-michelon-vice-championne-du-monde-de-l-individuel\/#breadcrumb","itemListElement":[{"@type":"ListItem","position":1,"name":"Accueil","item":"https:\/\/dicodusport.fr\/blog\/"},{"@type":"ListItem","position":2,"name":"Mondiaux juniors de biathlon : Oc\u00e9ane Michelon vice-championne du monde de l&rsquo;individuel"}]},{"@type":"WebSite","@id":"https:\/\/dicodusport.fr\/blog\/#website","url":"https:\/\/dicodusport.fr\/blog\/","name":"Dicodusport","description":"L&#039;encyclop\u00e9die de l&#039;actualit\u00e9 sportive","publisher":{"@id":"https:\/\/dicodusport.fr\/blog\/#organization"},"potentialAction":[{"@type":"SearchAction","target":{"@type":"EntryPoint","urlTemplate":"https:\/\/dicodusport.fr\/blog\/?s={search_term_string}"},"query-input":{"@type":"PropertyValueSpecification","valueRequired":true,"valueName":"search_term_string"}}],"inLanguage":"fr-FR"},{"@type":"NewsMediaOrganization","@id":"https:\/\/dicodusport.fr\/blog\/#organization","name":"Dicodusport","url":"https:\/\/dicodusport.fr\/blog\/","logo":{"@type":"ImageObject","inLanguage":"fr-FR","@id":"https:\/\/dicodusport.fr\/blog\/#\/schema\/logo\/image\/","url":"https:\/\/dicodusport.fr\/blog\/wp-content\/uploads\/2020\/06\/cropped-LOGO-DICODUSPORT-2020-SANS-FOND-SANS-TEXTE.png","contentUrl":"https:\/\/dicodusport.fr\/blog\/wp-content\/uploads\/2020\/06\/cropped-LOGO-DICODUSPORT-2020-SANS-FOND-SANS-TEXTE.png","width":512,"height":512,"caption":"Dicodusport"},"image":{"@id":"https:\/\/dicodusport.fr\/blog\/#\/schema\/logo\/image\/"},"sameAs":["https:\/\/www.facebook.com\/dicodusport","https:\/\/x.com\/dicodusport","https:\/\/www.instagram.com\/dicodusport\/","https:\/\/www.youtube.com\/channel\/UC7V2KZ5sd3htJivAbA4ZG3w"],"description":"Dicodusport est l'encyclop\u00e9die de l'actualit\u00e9 sportive.","email":"bonjour@dicodusport.fr","legalName":"DICODUSPORT","foundingDate":"2018-01-14","vatID":"FR71834470973","taxID":"83447097300043","numberOfEmployees":{"@type":"QuantitativeValue","minValue":"1","maxValue":"10"}},{"@type":"Person","@id":"https:\/\/dicodusport.fr\/blog\/#\/schema\/person\/cb02af4c173ce4a653b55e9baf388d4a","name":"Flo Ostermann","image":{"@type":"ImageObject","inLanguage":"fr-FR","@id":"https:\/\/dicodusport.fr\/blog\/#\/schema\/person\/image\/","url":"https:\/\/dicodusport.fr\/blog\/wp-content\/uploads\/2021\/05\/Flo-Ostermann-150x150.jpg","contentUrl":"https:\/\/dicodusport.fr\/blog\/wp-content\/uploads\/2021\/05\/Flo-Ostermann-150x150.jpg","caption":"Flo Ostermann"},"description":"Journaliste\/R\u00e9dacteur depuis septembre 2015 - Mes premiers souvenirs dans le sport ? Les envol\u00e9es du Stade Toulousain et les duels Villeneuve-Schumacher et H\u00e4kkinen-Schumacher \u00e0 la fin des ann\u00e9es 90, la Coupe du monde de football en 1998, l\u2019exploit du XV de France face aux All Blacks en 1999, mais aussi Richard C\u0153ur de Lion qui vole sur les montagnes du Tour de France. Bien parti pour devenir professeur d\u2019EPS, les \u00e9v\u00e9nements de la vie (et la flemme d\u2019animer des s\u00e9ances de 3x500 m\u00e8tres toute ma vie) m\u2019ont conduit \u00e0 revoir mes plans. Me voil\u00e0 depuis fin 2017 sur Dicodusport, m\u00e9dia gr\u00e2ce (et pour) lequel je partage ma passion : le sport dans tous ses \u00e9tats. Le tout accompagn\u00e9 par les fous furieux et folles furieuses cit\u00e9s sur cette page !","sameAs":["https:\/\/www.facebook.com\/florent.ostermann","https:\/\/x.com\/https:\/\/twitter.com\/FlOstermann","admin"],"url":"https:\/\/dicodusport.fr\/blog\/author\/flo\/"}]}},"_links":{"self":[{"href":"https:\/\/dicodusport.fr\/blog\/wp-json\/wp\/v2\/posts\/202877","targetHints":{"allow":["GET"]}}],"collection":[{"href":"https:\/\/dicodusport.fr\/blog\/wp-json\/wp\/v2\/posts"}],"about":[{"href":"https:\/\/dicodusport.fr\/blog\/wp-json\/wp\/v2\/types\/post"}],"author":[{"embeddable":true,"href":"https:\/\/dicodusport.fr\/blog\/wp-json\/wp\/v2\/users\/4"}],"replies":[{"embeddable":true,"href":"https:\/\/dicodusport.fr\/blog\/wp-json\/wp\/v2\/comments?post=202877"}],"version-history":[{"count":0,"href":"https:\/\/dicodusport.fr\/blog\/wp-json\/wp\/v2\/posts\/202877\/revisions"}],"wp:featuredmedia":[{"embeddable":true,"href":"https:\/\/dicodusport.fr\/blog\/wp-json\/wp\/v2\/media\/202885"}],"wp:attachment":[{"href":"https:\/\/dicodusport.fr\/blog\/wp-json\/wp\/v2\/media?parent=202877"}],"wp:term":[{"taxonomy":"category","embeddable":true,"href":"https:\/\/dicodusport.fr\/blog\/wp-json\/wp\/v2\/categories?post=202877"},{"taxonomy":"post_tag","embeddable":true,"href":"https:\/\/dicodusport.fr\/blog\/wp-json\/wp\/v2\/tags?post=202877"}],"curies":[{"name":"wp","href":"https:\/\/api.w.org\/{rel}","templated":true}]}}