{"id":202941,"date":"2022-02-25T12:21:28","date_gmt":"2022-02-25T11:21:28","guid":{"rendered":"https:\/\/dicodusport.fr\/blog\/?p=202941&#038;preview=true&#038;preview_id=202941"},"modified":"2022-02-25T13:12:19","modified_gmt":"2022-02-25T12:12:19","slug":"ligue-europa-des-clubs-portugais-pour-monaco-et-lyon-en-huitiemes-de-finale","status":"publish","type":"post","link":"https:\/\/dicodusport.fr\/blog\/ligue-europa-des-clubs-portugais-pour-monaco-et-lyon-en-huitiemes-de-finale\/","title":{"rendered":"Ligue Europa : Des clubs portugais pour Monaco et Lyon en huiti\u00e8mes de finale"},"content":{"rendered":"<p style=\"text-align: justify;\"><em><b>LIGUE EUROPA 2021-2022 &#8211; L&rsquo;AS Monaco a tir\u00e9 Braga en huiti\u00e8me de finale de la Ligue Europa alors que l&rsquo;Olympique Lyonnais affrontera le FC Porto.\u00a0<\/b><\/em><\/p>\n<p style=\"text-align: justify;\">Les deux clubs fran\u00e7ais \u00e9taient t\u00eates de s\u00e9rie, et le tirage est plut\u00f4t bon pour <strong>Monaco<\/strong> qui affrontera Braga, quatri\u00e8me du championnat portugais. Ce sera un peu plus compliqu\u00e9 pour l&rsquo;<strong>Olympique Lyonnais<\/strong> qui va affronter le FC Porto, leader de son championnat. Le FC Barcelone affrontera de son c\u00f4t\u00e9 Galatasaray alors que l&rsquo;un de ces huiti\u00e8mes de finale opposera l&rsquo;Atalanta au Bayer Leverkusen.<\/p>\n<h2 style=\"text-align: justify;\">Le tirage au sort complet des 8\u00e8mes de finale de la Ligue Europa<\/h2>\n<p style=\"text-align: justify;\">Glasgow Rangers &#8211; Etoile Rouge de Belgrade<\/p>\n<p style=\"text-align: justify;\">Sporting Braga &#8211; <strong>AS Monaco<\/strong><\/p>\n<p style=\"text-align: justify;\">FC Porto &#8211;<strong> Olympique Lyonnais<\/strong><\/p>\n<p style=\"text-align: justify;\">Atalanta &#8211; Bayer Leverkusen<\/p>\n<p style=\"text-align: justify;\">S\u00e9ville FC &#8211; West Ham<\/p>\n<p style=\"text-align: justify;\">FC Barcelone &#8211; Galatasaray<\/p>\n<p style=\"text-align: justify;\">RB Leipzig &#8211; Spartak Moscou<\/p>\n<p style=\"text-align: justify;\">Betis &#8211; Eintracht Francfort<\/p>\n<blockquote class=\"twitter-tweet\">\n<p dir=\"ltr\" lang=\"fr\">&#x1f6a8; Lyon affrontera Porto en huiti\u00e8mes de Ligue Europa. <a href=\"https:\/\/t.co\/ImaoCxLQ4T\">pic.twitter.com\/ImaoCxLQ4T<\/a><\/p>\n<p>\u2014 RMC Sport (@RMCsport) <a href=\"https:\/\/twitter.com\/RMCsport\/status\/1497168926752526336?ref_src=twsrc%5Etfw\">February 25, 2022<\/a><\/p><\/blockquote>\n<p><script async src=\"https:\/\/platform.twitter.com\/widgets.js\" charset=\"utf-8\"><\/script><\/p>\n<p>&nbsp;<\/p>\n","protected":false},"excerpt":{"rendered":"<p>LIGUE EUROPA 2021-2022 &#8211; L&rsquo;AS Monaco a tir\u00e9 Braga en huiti\u00e8me de finale de la Ligue Europe alors que l&rsquo;Olympique Lyonnais affrontera le FC Porto.\u00a0\u00a0<\/p>\n","protected":false},"author":1,"featured_media":202944,"comment_status":"open","ping_status":"closed","sticky":false,"template":"","format":"standard","meta":{"_acf_changed":false,"_daextam_enable_autolinks":"","footnotes":""},"categories":[2301],"tags":[1691,75,4437,1145,1146],"class_list":["post-202941","post","type-post","status-publish","format-standard","has-post-thumbnail","hentry","category-football","tag-as-monaco","tag-football","tag-ligue-europa","tag-ol","tag-olympique-lyonnais"],"acf":[],"yoast_head":"<!-- This site is optimized with the Yoast SEO Premium plugin v26.7 (Yoast SEO v26.7) - https:\/\/yoast.com\/wordpress\/plugins\/seo\/ -->\n<title>Ligue Europa : Des clubs portugais pour Monaco et Lyon en huiti\u00e8mes de finale<\/title>\n<meta name=\"description\" content=\"LIGUE EUROPA 2021-2022 - L&#039;AS Monaco a tir\u00e9 Braga en huiti\u00e8me de finale de la Ligue Europe alors que l&#039;OL affrontera le FC Porto.\u00a0\" \/>\n<meta name=\"robots\" content=\"index, follow, max-snippet:-1, max-image-preview:large, max-video-preview:-1\" \/>\n<link rel=\"canonical\" href=\"https:\/\/dicodusport.fr\/blog\/ligue-europa-des-clubs-portugais-pour-monaco-et-lyon-en-huitiemes-de-finale\/\" \/>\n<meta property=\"og:locale\" content=\"fr_FR\" \/>\n<meta property=\"og:type\" content=\"article\" \/>\n<meta property=\"og:title\" content=\"Ligue Europa : Des clubs portugais pour Monaco et Lyon en huiti\u00e8mes de finale\" \/>\n<meta property=\"og:description\" content=\"LIGUE EUROPA 2021-2022 - L&#039;AS Monaco a tir\u00e9 Braga en huiti\u00e8me de finale de la Ligue Europe alors que l&#039;OL affrontera le FC Porto.\u00a0\" \/>\n<meta property=\"og:url\" content=\"https:\/\/dicodusport.fr\/blog\/ligue-europa-des-clubs-portugais-pour-monaco-et-lyon-en-huitiemes-de-finale\/\" \/>\n<meta property=\"og:site_name\" content=\"Dicodusport\" \/>\n<meta property=\"article:publisher\" content=\"https:\/\/www.facebook.com\/dicodusport\" \/>\n<meta property=\"article:author\" content=\"https:\/\/www.facebook.com\/dicodusport\" \/>\n<meta property=\"article:published_time\" content=\"2022-02-25T11:21:28+00:00\" \/>\n<meta property=\"article:modified_time\" content=\"2022-02-25T12:12:19+00:00\" \/>\n<meta property=\"og:image\" content=\"https:\/\/dicodusport.fr\/blog\/wp-content\/uploads\/2022\/02\/Ligue-Europa-Des-clubs-portugais-pour-Monaco-et-Lyon-en-huitie\u0300mes-de-finale.png\" \/>\n\t<meta property=\"og:image:width\" content=\"800\" \/>\n\t<meta property=\"og:image:height\" content=\"445\" \/>\n\t<meta property=\"og:image:type\" content=\"image\/png\" \/>\n<meta name=\"author\" content=\"Nicolas Jacquemard\" \/>\n<meta name=\"twitter:card\" content=\"summary_large_image\" \/>\n<meta name=\"twitter:title\" content=\"Ligue Europa : Des clubs portugais pour Monaco et Lyon en huiti\u00e8mes de finale\" \/>\n<meta name=\"twitter:creator\" content=\"@https:\/\/twitter.com\/Nico_Jacquemard\" \/>\n<meta name=\"twitter:site\" content=\"@dicodusport\" \/>\n<script type=\"application\/ld+json\" class=\"yoast-schema-graph\">{\"@context\":\"https:\/\/schema.org\",\"@graph\":[{\"@type\":\"NewsArticle\",\"@id\":\"https:\/\/dicodusport.fr\/blog\/ligue-europa-des-clubs-portugais-pour-monaco-et-lyon-en-huitiemes-de-finale\/#article\",\"isPartOf\":{\"@id\":\"https:\/\/dicodusport.fr\/blog\/ligue-europa-des-clubs-portugais-pour-monaco-et-lyon-en-huitiemes-de-finale\/\"},\"author\":{\"name\":\"Nicolas Jacquemard\",\"@id\":\"https:\/\/dicodusport.fr\/blog\/#\/schema\/person\/55dcb50ad410894e431ed812bbb70191\"},\"headline\":\"Ligue Europa : Des clubs portugais pour Monaco et Lyon en huiti\u00e8mes de finale\",\"datePublished\":\"2022-02-25T11:21:28+00:00\",\"dateModified\":\"2022-02-25T12:12:19+00:00\",\"mainEntityOfPage\":{\"@id\":\"https:\/\/dicodusport.fr\/blog\/ligue-europa-des-clubs-portugais-pour-monaco-et-lyon-en-huitiemes-de-finale\/\"},\"wordCount\":190,\"commentCount\":0,\"publisher\":{\"@id\":\"https:\/\/dicodusport.fr\/blog\/#organization\"},\"image\":{\"@id\":\"https:\/\/dicodusport.fr\/blog\/ligue-europa-des-clubs-portugais-pour-monaco-et-lyon-en-huitiemes-de-finale\/#primaryimage\"},\"thumbnailUrl\":\"https:\/\/dicodusport.fr\/blog\/wp-content\/uploads\/2022\/02\/Ligue-Europa-Des-clubs-portugais-pour-Monaco-et-Lyon-en-huitie\u0300mes-de-finale.png\",\"keywords\":[\"AS Monaco\",\"Football\",\"Ligue Europa\",\"OL\",\"Olympique lyonnais\"],\"articleSection\":[\"Football\"],\"inLanguage\":\"fr-FR\",\"potentialAction\":[{\"@type\":\"CommentAction\",\"name\":\"Comment\",\"target\":[\"https:\/\/dicodusport.fr\/blog\/ligue-europa-des-clubs-portugais-pour-monaco-et-lyon-en-huitiemes-de-finale\/#respond\"]}],\"copyrightYear\":\"2022\",\"copyrightHolder\":{\"@id\":\"https:\/\/dicodusport.fr\/blog\/#organization\"}},{\"@type\":\"WebPage\",\"@id\":\"https:\/\/dicodusport.fr\/blog\/ligue-europa-des-clubs-portugais-pour-monaco-et-lyon-en-huitiemes-de-finale\/\",\"url\":\"https:\/\/dicodusport.fr\/blog\/ligue-europa-des-clubs-portugais-pour-monaco-et-lyon-en-huitiemes-de-finale\/\",\"name\":\"Ligue Europa : Des clubs portugais pour Monaco et Lyon en huiti\u00e8mes de finale\",\"isPartOf\":{\"@id\":\"https:\/\/dicodusport.fr\/blog\/#website\"},\"primaryImageOfPage\":{\"@id\":\"https:\/\/dicodusport.fr\/blog\/ligue-europa-des-clubs-portugais-pour-monaco-et-lyon-en-huitiemes-de-finale\/#primaryimage\"},\"image\":{\"@id\":\"https:\/\/dicodusport.fr\/blog\/ligue-europa-des-clubs-portugais-pour-monaco-et-lyon-en-huitiemes-de-finale\/#primaryimage\"},\"thumbnailUrl\":\"https:\/\/dicodusport.fr\/blog\/wp-content\/uploads\/2022\/02\/Ligue-Europa-Des-clubs-portugais-pour-Monaco-et-Lyon-en-huitie\u0300mes-de-finale.png\",\"datePublished\":\"2022-02-25T11:21:28+00:00\",\"dateModified\":\"2022-02-25T12:12:19+00:00\",\"description\":\"LIGUE EUROPA 2021-2022 - L'AS Monaco a tir\u00e9 Braga en huiti\u00e8me de finale de la Ligue Europe alors que l'OL affrontera le FC Porto.\u00a0\",\"breadcrumb\":{\"@id\":\"https:\/\/dicodusport.fr\/blog\/ligue-europa-des-clubs-portugais-pour-monaco-et-lyon-en-huitiemes-de-finale\/#breadcrumb\"},\"inLanguage\":\"fr-FR\",\"potentialAction\":[{\"@type\":\"ReadAction\",\"target\":[\"https:\/\/dicodusport.fr\/blog\/ligue-europa-des-clubs-portugais-pour-monaco-et-lyon-en-huitiemes-de-finale\/\"]}]},{\"@type\":\"ImageObject\",\"inLanguage\":\"fr-FR\",\"@id\":\"https:\/\/dicodusport.fr\/blog\/ligue-europa-des-clubs-portugais-pour-monaco-et-lyon-en-huitiemes-de-finale\/#primaryimage\",\"url\":\"https:\/\/dicodusport.fr\/blog\/wp-content\/uploads\/2022\/02\/Ligue-Europa-Des-clubs-portugais-pour-Monaco-et-Lyon-en-huitie\u0300mes-de-finale.png\",\"contentUrl\":\"https:\/\/dicodusport.fr\/blog\/wp-content\/uploads\/2022\/02\/Ligue-Europa-Des-clubs-portugais-pour-Monaco-et-Lyon-en-huitie\u0300mes-de-finale.png\",\"width\":800,\"height\":445},{\"@type\":\"BreadcrumbList\",\"@id\":\"https:\/\/dicodusport.fr\/blog\/ligue-europa-des-clubs-portugais-pour-monaco-et-lyon-en-huitiemes-de-finale\/#breadcrumb\",\"itemListElement\":[{\"@type\":\"ListItem\",\"position\":1,\"name\":\"Accueil\",\"item\":\"https:\/\/dicodusport.fr\/blog\/\"},{\"@type\":\"ListItem\",\"position\":2,\"name\":\"Ligue Europa : Des clubs portugais pour Monaco et Lyon en huiti\u00e8mes de finale\"}]},{\"@type\":\"WebSite\",\"@id\":\"https:\/\/dicodusport.fr\/blog\/#website\",\"url\":\"https:\/\/dicodusport.fr\/blog\/\",\"name\":\"Dicodusport\",\"description\":\"L&#039;encyclop\u00e9die de l&#039;actualit\u00e9 sportive\",\"publisher\":{\"@id\":\"https:\/\/dicodusport.fr\/blog\/#organization\"},\"potentialAction\":[{\"@type\":\"SearchAction\",\"target\":{\"@type\":\"EntryPoint\",\"urlTemplate\":\"https:\/\/dicodusport.fr\/blog\/?s={search_term_string}\"},\"query-input\":{\"@type\":\"PropertyValueSpecification\",\"valueRequired\":true,\"valueName\":\"search_term_string\"}}],\"inLanguage\":\"fr-FR\"},{\"@type\":\"NewsMediaOrganization\",\"@id\":\"https:\/\/dicodusport.fr\/blog\/#organization\",\"name\":\"Dicodusport\",\"url\":\"https:\/\/dicodusport.fr\/blog\/\",\"logo\":{\"@type\":\"ImageObject\",\"inLanguage\":\"fr-FR\",\"@id\":\"https:\/\/dicodusport.fr\/blog\/#\/schema\/logo\/image\/\",\"url\":\"https:\/\/dicodusport.fr\/blog\/wp-content\/uploads\/2020\/06\/cropped-LOGO-DICODUSPORT-2020-SANS-FOND-SANS-TEXTE.png\",\"contentUrl\":\"https:\/\/dicodusport.fr\/blog\/wp-content\/uploads\/2020\/06\/cropped-LOGO-DICODUSPORT-2020-SANS-FOND-SANS-TEXTE.png\",\"width\":512,\"height\":512,\"caption\":\"Dicodusport\"},\"image\":{\"@id\":\"https:\/\/dicodusport.fr\/blog\/#\/schema\/logo\/image\/\"},\"sameAs\":[\"https:\/\/www.facebook.com\/dicodusport\",\"https:\/\/x.com\/dicodusport\",\"https:\/\/www.instagram.com\/dicodusport\/\",\"https:\/\/www.youtube.com\/channel\/UC7V2KZ5sd3htJivAbA4ZG3w\"],\"description\":\"Dicodusport est l'encyclop\u00e9die de l'actualit\u00e9 sportive.\",\"email\":\"bonjour@dicodusport.fr\",\"legalName\":\"DICODUSPORT\",\"foundingDate\":\"2018-01-14\",\"vatID\":\"FR71834470973\",\"taxID\":\"83447097300043\",\"numberOfEmployees\":{\"@type\":\"QuantitativeValue\",\"minValue\":\"1\",\"maxValue\":\"10\"}},{\"@type\":\"Person\",\"@id\":\"https:\/\/dicodusport.fr\/blog\/#\/schema\/person\/55dcb50ad410894e431ed812bbb70191\",\"name\":\"Nicolas Jacquemard\",\"image\":{\"@type\":\"ImageObject\",\"inLanguage\":\"fr-FR\",\"@id\":\"https:\/\/dicodusport.fr\/blog\/#\/schema\/person\/image\/\",\"url\":\"https:\/\/dicodusport.fr\/blog\/wp-content\/uploads\/2021\/05\/Nicolas-Jacquemard-150x150.jpeg\",\"contentUrl\":\"https:\/\/dicodusport.fr\/blog\/wp-content\/uploads\/2021\/05\/Nicolas-Jacquemard-150x150.jpeg\",\"caption\":\"Nicolas Jacquemard\"},\"description\":\"Passionn\u00e9 de sport et entrepreneur depuis mes 18 ans, la cr\u00e9ation de Dicodusport m'a sembl\u00e9 \u00e9vidente pour participer \u00e0 la m\u00e9diatisation d'un plus grand nombre de sports. Le chemin est long mais avec une \u00e9quipe des plus motiv\u00e9es et les Jeux Olympiques de Paris 2024 en point de mire, nous y arriverons ! Journaliste dans le monde du sport depuis plus de 5 ans, je traite aussi bien de football, de rugby, de biathlon que de cyclisme.\",\"sameAs\":[\"https:\/\/www.facebook.com\/dicodusport\",\"https:\/\/x.com\/https:\/\/twitter.com\/Nico_Jacquemard\"],\"url\":\"https:\/\/dicodusport.fr\/blog\/author\/dicodusport\/\"}]}<\/script>\n<!-- \/ Yoast SEO Premium plugin. -->","yoast_head_json":{"title":"Ligue Europa : Des clubs portugais pour Monaco et Lyon en huiti\u00e8mes de finale","description":"LIGUE EUROPA 2021-2022 - L'AS Monaco a tir\u00e9 Braga en huiti\u00e8me de finale de la Ligue Europe alors que l'OL affrontera le FC Porto.\u00a0","robots":{"index":"index","follow":"follow","max-snippet":"max-snippet:-1","max-image-preview":"max-image-preview:large","max-video-preview":"max-video-preview:-1"},"canonical":"https:\/\/dicodusport.fr\/blog\/ligue-europa-des-clubs-portugais-pour-monaco-et-lyon-en-huitiemes-de-finale\/","og_locale":"fr_FR","og_type":"article","og_title":"Ligue Europa : Des clubs portugais pour Monaco et Lyon en huiti\u00e8mes de finale","og_description":"LIGUE EUROPA 2021-2022 - L'AS Monaco a tir\u00e9 Braga en huiti\u00e8me de finale de la Ligue Europe alors que l'OL affrontera le FC Porto.\u00a0","og_url":"https:\/\/dicodusport.fr\/blog\/ligue-europa-des-clubs-portugais-pour-monaco-et-lyon-en-huitiemes-de-finale\/","og_site_name":"Dicodusport","article_publisher":"https:\/\/www.facebook.com\/dicodusport","article_author":"https:\/\/www.facebook.com\/dicodusport","article_published_time":"2022-02-25T11:21:28+00:00","article_modified_time":"2022-02-25T12:12:19+00:00","og_image":[{"width":800,"height":445,"url":"https:\/\/dicodusport.fr\/blog\/wp-content\/uploads\/2022\/02\/Ligue-Europa-Des-clubs-portugais-pour-Monaco-et-Lyon-en-huitie\u0300mes-de-finale.png","type":"image\/png"}],"author":"Nicolas Jacquemard","twitter_card":"summary_large_image","twitter_title":"Ligue Europa : Des clubs portugais pour Monaco et Lyon en huiti\u00e8mes de finale","twitter_creator":"@https:\/\/twitter.com\/Nico_Jacquemard","twitter_site":"@dicodusport","schema":{"@context":"https:\/\/schema.org","@graph":[{"@type":"NewsArticle","@id":"https:\/\/dicodusport.fr\/blog\/ligue-europa-des-clubs-portugais-pour-monaco-et-lyon-en-huitiemes-de-finale\/#article","isPartOf":{"@id":"https:\/\/dicodusport.fr\/blog\/ligue-europa-des-clubs-portugais-pour-monaco-et-lyon-en-huitiemes-de-finale\/"},"author":{"name":"Nicolas Jacquemard","@id":"https:\/\/dicodusport.fr\/blog\/#\/schema\/person\/55dcb50ad410894e431ed812bbb70191"},"headline":"Ligue Europa : Des clubs portugais pour Monaco et Lyon en huiti\u00e8mes de finale","datePublished":"2022-02-25T11:21:28+00:00","dateModified":"2022-02-25T12:12:19+00:00","mainEntityOfPage":{"@id":"https:\/\/dicodusport.fr\/blog\/ligue-europa-des-clubs-portugais-pour-monaco-et-lyon-en-huitiemes-de-finale\/"},"wordCount":190,"commentCount":0,"publisher":{"@id":"https:\/\/dicodusport.fr\/blog\/#organization"},"image":{"@id":"https:\/\/dicodusport.fr\/blog\/ligue-europa-des-clubs-portugais-pour-monaco-et-lyon-en-huitiemes-de-finale\/#primaryimage"},"thumbnailUrl":"https:\/\/dicodusport.fr\/blog\/wp-content\/uploads\/2022\/02\/Ligue-Europa-Des-clubs-portugais-pour-Monaco-et-Lyon-en-huitie\u0300mes-de-finale.png","keywords":["AS Monaco","Football","Ligue Europa","OL","Olympique lyonnais"],"articleSection":["Football"],"inLanguage":"fr-FR","potentialAction":[{"@type":"CommentAction","name":"Comment","target":["https:\/\/dicodusport.fr\/blog\/ligue-europa-des-clubs-portugais-pour-monaco-et-lyon-en-huitiemes-de-finale\/#respond"]}],"copyrightYear":"2022","copyrightHolder":{"@id":"https:\/\/dicodusport.fr\/blog\/#organization"}},{"@type":"WebPage","@id":"https:\/\/dicodusport.fr\/blog\/ligue-europa-des-clubs-portugais-pour-monaco-et-lyon-en-huitiemes-de-finale\/","url":"https:\/\/dicodusport.fr\/blog\/ligue-europa-des-clubs-portugais-pour-monaco-et-lyon-en-huitiemes-de-finale\/","name":"Ligue Europa : Des clubs portugais pour Monaco et Lyon en huiti\u00e8mes de finale","isPartOf":{"@id":"https:\/\/dicodusport.fr\/blog\/#website"},"primaryImageOfPage":{"@id":"https:\/\/dicodusport.fr\/blog\/ligue-europa-des-clubs-portugais-pour-monaco-et-lyon-en-huitiemes-de-finale\/#primaryimage"},"image":{"@id":"https:\/\/dicodusport.fr\/blog\/ligue-europa-des-clubs-portugais-pour-monaco-et-lyon-en-huitiemes-de-finale\/#primaryimage"},"thumbnailUrl":"https:\/\/dicodusport.fr\/blog\/wp-content\/uploads\/2022\/02\/Ligue-Europa-Des-clubs-portugais-pour-Monaco-et-Lyon-en-huitie\u0300mes-de-finale.png","datePublished":"2022-02-25T11:21:28+00:00","dateModified":"2022-02-25T12:12:19+00:00","description":"LIGUE EUROPA 2021-2022 - L'AS Monaco a tir\u00e9 Braga en huiti\u00e8me de finale de la Ligue Europe alors que l'OL affrontera le FC Porto.\u00a0","breadcrumb":{"@id":"https:\/\/dicodusport.fr\/blog\/ligue-europa-des-clubs-portugais-pour-monaco-et-lyon-en-huitiemes-de-finale\/#breadcrumb"},"inLanguage":"fr-FR","potentialAction":[{"@type":"ReadAction","target":["https:\/\/dicodusport.fr\/blog\/ligue-europa-des-clubs-portugais-pour-monaco-et-lyon-en-huitiemes-de-finale\/"]}]},{"@type":"ImageObject","inLanguage":"fr-FR","@id":"https:\/\/dicodusport.fr\/blog\/ligue-europa-des-clubs-portugais-pour-monaco-et-lyon-en-huitiemes-de-finale\/#primaryimage","url":"https:\/\/dicodusport.fr\/blog\/wp-content\/uploads\/2022\/02\/Ligue-Europa-Des-clubs-portugais-pour-Monaco-et-Lyon-en-huitie\u0300mes-de-finale.png","contentUrl":"https:\/\/dicodusport.fr\/blog\/wp-content\/uploads\/2022\/02\/Ligue-Europa-Des-clubs-portugais-pour-Monaco-et-Lyon-en-huitie\u0300mes-de-finale.png","width":800,"height":445},{"@type":"BreadcrumbList","@id":"https:\/\/dicodusport.fr\/blog\/ligue-europa-des-clubs-portugais-pour-monaco-et-lyon-en-huitiemes-de-finale\/#breadcrumb","itemListElement":[{"@type":"ListItem","position":1,"name":"Accueil","item":"https:\/\/dicodusport.fr\/blog\/"},{"@type":"ListItem","position":2,"name":"Ligue Europa : Des clubs portugais pour Monaco et Lyon en huiti\u00e8mes de finale"}]},{"@type":"WebSite","@id":"https:\/\/dicodusport.fr\/blog\/#website","url":"https:\/\/dicodusport.fr\/blog\/","name":"Dicodusport","description":"L&#039;encyclop\u00e9die de l&#039;actualit\u00e9 sportive","publisher":{"@id":"https:\/\/dicodusport.fr\/blog\/#organization"},"potentialAction":[{"@type":"SearchAction","target":{"@type":"EntryPoint","urlTemplate":"https:\/\/dicodusport.fr\/blog\/?s={search_term_string}"},"query-input":{"@type":"PropertyValueSpecification","valueRequired":true,"valueName":"search_term_string"}}],"inLanguage":"fr-FR"},{"@type":"NewsMediaOrganization","@id":"https:\/\/dicodusport.fr\/blog\/#organization","name":"Dicodusport","url":"https:\/\/dicodusport.fr\/blog\/","logo":{"@type":"ImageObject","inLanguage":"fr-FR","@id":"https:\/\/dicodusport.fr\/blog\/#\/schema\/logo\/image\/","url":"https:\/\/dicodusport.fr\/blog\/wp-content\/uploads\/2020\/06\/cropped-LOGO-DICODUSPORT-2020-SANS-FOND-SANS-TEXTE.png","contentUrl":"https:\/\/dicodusport.fr\/blog\/wp-content\/uploads\/2020\/06\/cropped-LOGO-DICODUSPORT-2020-SANS-FOND-SANS-TEXTE.png","width":512,"height":512,"caption":"Dicodusport"},"image":{"@id":"https:\/\/dicodusport.fr\/blog\/#\/schema\/logo\/image\/"},"sameAs":["https:\/\/www.facebook.com\/dicodusport","https:\/\/x.com\/dicodusport","https:\/\/www.instagram.com\/dicodusport\/","https:\/\/www.youtube.com\/channel\/UC7V2KZ5sd3htJivAbA4ZG3w"],"description":"Dicodusport est l'encyclop\u00e9die de l'actualit\u00e9 sportive.","email":"bonjour@dicodusport.fr","legalName":"DICODUSPORT","foundingDate":"2018-01-14","vatID":"FR71834470973","taxID":"83447097300043","numberOfEmployees":{"@type":"QuantitativeValue","minValue":"1","maxValue":"10"}},{"@type":"Person","@id":"https:\/\/dicodusport.fr\/blog\/#\/schema\/person\/55dcb50ad410894e431ed812bbb70191","name":"Nicolas Jacquemard","image":{"@type":"ImageObject","inLanguage":"fr-FR","@id":"https:\/\/dicodusport.fr\/blog\/#\/schema\/person\/image\/","url":"https:\/\/dicodusport.fr\/blog\/wp-content\/uploads\/2021\/05\/Nicolas-Jacquemard-150x150.jpeg","contentUrl":"https:\/\/dicodusport.fr\/blog\/wp-content\/uploads\/2021\/05\/Nicolas-Jacquemard-150x150.jpeg","caption":"Nicolas Jacquemard"},"description":"Passionn\u00e9 de sport et entrepreneur depuis mes 18 ans, la cr\u00e9ation de Dicodusport m'a sembl\u00e9 \u00e9vidente pour participer \u00e0 la m\u00e9diatisation d'un plus grand nombre de sports. Le chemin est long mais avec une \u00e9quipe des plus motiv\u00e9es et les Jeux Olympiques de Paris 2024 en point de mire, nous y arriverons ! Journaliste dans le monde du sport depuis plus de 5 ans, je traite aussi bien de football, de rugby, de biathlon que de cyclisme.","sameAs":["https:\/\/www.facebook.com\/dicodusport","https:\/\/x.com\/https:\/\/twitter.com\/Nico_Jacquemard"],"url":"https:\/\/dicodusport.fr\/blog\/author\/dicodusport\/"}]}},"_links":{"self":[{"href":"https:\/\/dicodusport.fr\/blog\/wp-json\/wp\/v2\/posts\/202941","targetHints":{"allow":["GET"]}}],"collection":[{"href":"https:\/\/dicodusport.fr\/blog\/wp-json\/wp\/v2\/posts"}],"about":[{"href":"https:\/\/dicodusport.fr\/blog\/wp-json\/wp\/v2\/types\/post"}],"author":[{"embeddable":true,"href":"https:\/\/dicodusport.fr\/blog\/wp-json\/wp\/v2\/users\/1"}],"replies":[{"embeddable":true,"href":"https:\/\/dicodusport.fr\/blog\/wp-json\/wp\/v2\/comments?post=202941"}],"version-history":[{"count":0,"href":"https:\/\/dicodusport.fr\/blog\/wp-json\/wp\/v2\/posts\/202941\/revisions"}],"wp:featuredmedia":[{"embeddable":true,"href":"https:\/\/dicodusport.fr\/blog\/wp-json\/wp\/v2\/media\/202944"}],"wp:attachment":[{"href":"https:\/\/dicodusport.fr\/blog\/wp-json\/wp\/v2\/media?parent=202941"}],"wp:term":[{"taxonomy":"category","embeddable":true,"href":"https:\/\/dicodusport.fr\/blog\/wp-json\/wp\/v2\/categories?post=202941"},{"taxonomy":"post_tag","embeddable":true,"href":"https:\/\/dicodusport.fr\/blog\/wp-json\/wp\/v2\/tags?post=202941"}],"curies":[{"name":"wp","href":"https:\/\/api.w.org\/{rel}","templated":true}]}}