{"id":203010,"date":"2022-02-25T15:15:47","date_gmt":"2022-02-25T14:15:47","guid":{"rendered":"https:\/\/dicodusport.fr\/blog\/?p=203010&#038;preview=true&#038;preview_id=203010"},"modified":"2022-02-25T15:15:47","modified_gmt":"2022-02-25T14:15:47","slug":"vitali-klitschko-je-defendrai-kiev-les-armes-a-la-main","status":"publish","type":"post","link":"https:\/\/dicodusport.fr\/blog\/vitali-klitschko-je-defendrai-kiev-les-armes-a-la-main\/","title":{"rendered":"Vitali Klitschko : \u00ab\u00a0Je d\u00e9fendrai Kiev les armes \u00e0 la main\u00a0\u00bb"},"content":{"rendered":"<p style=\"text-align: justify;\"><em><b>BOXE &#8211; L&rsquo;ancien champion de boxe, Vitali Klitschko, se retrouve au c\u0153ur de la guerre russo-ukrainienne, de part sa nouvelle fonction de maire de Kiev.\u00a0<\/b><\/em><\/p>\n<p style=\"text-align: justify;\">Il y a quelques jours d\u00e9j\u00e0, l&rsquo;ancien champion du monde poids lourds s&rsquo;\u00e9tait prononc\u00e9 en cas de guerre.<\/p>\n<blockquote>\n<p style=\"text-align: justify;\">Je d\u00e9fendrai Kiev les armes \u00e0 la main.<\/p>\n<\/blockquote>\n<p style=\"text-align: justify;\">Alors que <strong>Vladimir Poutine<\/strong> a lanc\u00e9 une offensive contre l&rsquo;Ukraine et Kiev, <strong>Vitali Klitschko<\/strong> a confirm\u00e9 qu&rsquo;il \u00e9tait pr\u00eat \u00e0 se battre pour son pays.<\/p>\n<blockquote>\n<p style=\"text-align: justify;\">Je m&rsquo;entra\u00eene tout le temps, je fais des formations en tant qu&rsquo;ancien officier et chef de la d\u00e9fense territoriale. Je n&rsquo;ai pas perdu mes acquis, je me perfectionne tout le temps. Je sais tirer avec presque toutes les armes. Tout agresseur doit le savoir : ce ne sera pas une balade, cela va lui co\u00fbter cher, nous ne nous rendrons pas.<\/p>\n<\/blockquote>\n<blockquote class=\"twitter-tweet\">\n<p dir=\"ltr\" lang=\"fr\">\u00a0\u00bb \u0301 , \u0300 \u00ab\u00a0<\/p>\n<p>Maire de Kiev depuis 8 ans, l&rsquo;ex-champion du monde des poids lourds Vitali Klitschko est aujourd&rsquo;hui plong\u00e9 dans la guerre en Ukraine et en premi\u00e8re ligne dans le conflit \u25ba <a href=\"https:\/\/t.co\/6zUW1ceFWJ\">https:\/\/t.co\/6zUW1ceFWJ<\/a> <a href=\"https:\/\/t.co\/3cg6mKVSd1\">pic.twitter.com\/3cg6mKVSd1<\/a><\/p>\n<p>\u2014 RMC Sport (@RMCsport) <a href=\"https:\/\/twitter.com\/RMCsport\/status\/1497203021658341380?ref_src=twsrc%5Etfw\">February 25, 2022<\/a><\/p><\/blockquote>\n<p><script async src=\"https:\/\/platform.twitter.com\/widgets.js\" charset=\"utf-8\"><\/script><\/p>\n","protected":false},"excerpt":{"rendered":"<p>BOXE &#8211; L&rsquo;ancien champion de boxe, Vitali Klitschko, se retrouve au c\u0153ur de la guerre russo-ukrainienne, de part sa nouvelle fonction de maire de Kiev.<\/p>\n","protected":false},"author":1,"featured_media":203015,"comment_status":"open","ping_status":"closed","sticky":false,"template":"","format":"standard","meta":{"_acf_changed":false,"_daextam_enable_autolinks":"","footnotes":""},"categories":[8672],"tags":[357],"class_list":["post-203010","post","type-post","status-publish","format-standard","has-post-thumbnail","hentry","category-boxe","tag-ukraine"],"acf":[],"yoast_head":"<!-- This site is optimized with the Yoast SEO Premium plugin v26.7 (Yoast SEO v26.7) - https:\/\/yoast.com\/wordpress\/plugins\/seo\/ -->\n<title>Vitali Klitschko : &quot;Je d\u00e9fendrai Kiev les armes \u00e0 la main&quot;<\/title>\n<meta name=\"description\" content=\"BOXE - L&#039;ancien champion de boxe, Vitali Klitschko, se retrouve au c\u0153ur de la guerre russo-ukrainienne, de part sa fonction de maire de Kiev.\" \/>\n<meta name=\"robots\" content=\"index, follow, max-snippet:-1, max-image-preview:large, max-video-preview:-1\" \/>\n<link rel=\"canonical\" href=\"https:\/\/dicodusport.fr\/blog\/vitali-klitschko-je-defendrai-kiev-les-armes-a-la-main\/\" \/>\n<meta property=\"og:locale\" content=\"fr_FR\" \/>\n<meta property=\"og:type\" content=\"article\" \/>\n<meta property=\"og:title\" content=\"Vitali Klitschko : &quot;Je d\u00e9fendrai Kiev les armes \u00e0 la main&quot;\" \/>\n<meta property=\"og:description\" content=\"BOXE - L&#039;ancien champion de boxe, Vitali Klitschko, se retrouve au c\u0153ur de la guerre russo-ukrainienne, de part sa fonction de maire de Kiev.\" \/>\n<meta property=\"og:url\" content=\"https:\/\/dicodusport.fr\/blog\/vitali-klitschko-je-defendrai-kiev-les-armes-a-la-main\/\" \/>\n<meta property=\"og:site_name\" content=\"Dicodusport\" \/>\n<meta property=\"article:publisher\" content=\"https:\/\/www.facebook.com\/dicodusport\" \/>\n<meta property=\"article:author\" content=\"https:\/\/www.facebook.com\/dicodusport\" \/>\n<meta property=\"article:published_time\" content=\"2022-02-25T14:15:47+00:00\" \/>\n<meta property=\"og:image\" content=\"https:\/\/dicodusport.fr\/blog\/wp-content\/uploads\/2022\/02\/Vitali-Klitschko-Je-de\u0301fendrai-Kiev-les-armes-a\u0300-la-main.png\" \/>\n\t<meta property=\"og:image:width\" content=\"800\" \/>\n\t<meta property=\"og:image:height\" content=\"445\" \/>\n\t<meta property=\"og:image:type\" content=\"image\/png\" \/>\n<meta name=\"author\" content=\"Nicolas Jacquemard\" \/>\n<meta name=\"twitter:card\" content=\"summary_large_image\" \/>\n<meta name=\"twitter:title\" content=\"Vitali Klitschko : &quot;Je d\u00e9fendrai Kiev les armes \u00e0 la main&quot;\" \/>\n<meta name=\"twitter:creator\" content=\"@https:\/\/twitter.com\/Nico_Jacquemard\" \/>\n<meta name=\"twitter:site\" content=\"@dicodusport\" \/>\n<script type=\"application\/ld+json\" class=\"yoast-schema-graph\">{\"@context\":\"https:\/\/schema.org\",\"@graph\":[{\"@type\":\"NewsArticle\",\"@id\":\"https:\/\/dicodusport.fr\/blog\/vitali-klitschko-je-defendrai-kiev-les-armes-a-la-main\/#article\",\"isPartOf\":{\"@id\":\"https:\/\/dicodusport.fr\/blog\/vitali-klitschko-je-defendrai-kiev-les-armes-a-la-main\/\"},\"author\":{\"name\":\"Nicolas Jacquemard\",\"@id\":\"https:\/\/dicodusport.fr\/blog\/#\/schema\/person\/55dcb50ad410894e431ed812bbb70191\"},\"headline\":\"Vitali Klitschko : \u00ab\u00a0Je d\u00e9fendrai Kiev les armes \u00e0 la main\u00a0\u00bb\",\"datePublished\":\"2022-02-25T14:15:47+00:00\",\"mainEntityOfPage\":{\"@id\":\"https:\/\/dicodusport.fr\/blog\/vitali-klitschko-je-defendrai-kiev-les-armes-a-la-main\/\"},\"wordCount\":204,\"commentCount\":0,\"publisher\":{\"@id\":\"https:\/\/dicodusport.fr\/blog\/#organization\"},\"image\":{\"@id\":\"https:\/\/dicodusport.fr\/blog\/vitali-klitschko-je-defendrai-kiev-les-armes-a-la-main\/#primaryimage\"},\"thumbnailUrl\":\"https:\/\/dicodusport.fr\/blog\/wp-content\/uploads\/2022\/02\/Vitali-Klitschko-Je-de\u0301fendrai-Kiev-les-armes-a\u0300-la-main.png\",\"keywords\":[\"Ukraine\"],\"articleSection\":[\"Boxe\"],\"inLanguage\":\"fr-FR\",\"potentialAction\":[{\"@type\":\"CommentAction\",\"name\":\"Comment\",\"target\":[\"https:\/\/dicodusport.fr\/blog\/vitali-klitschko-je-defendrai-kiev-les-armes-a-la-main\/#respond\"]}],\"copyrightYear\":\"2022\",\"copyrightHolder\":{\"@id\":\"https:\/\/dicodusport.fr\/blog\/#organization\"}},{\"@type\":\"WebPage\",\"@id\":\"https:\/\/dicodusport.fr\/blog\/vitali-klitschko-je-defendrai-kiev-les-armes-a-la-main\/\",\"url\":\"https:\/\/dicodusport.fr\/blog\/vitali-klitschko-je-defendrai-kiev-les-armes-a-la-main\/\",\"name\":\"Vitali Klitschko : \\\"Je d\u00e9fendrai Kiev les armes \u00e0 la main\\\"\",\"isPartOf\":{\"@id\":\"https:\/\/dicodusport.fr\/blog\/#website\"},\"primaryImageOfPage\":{\"@id\":\"https:\/\/dicodusport.fr\/blog\/vitali-klitschko-je-defendrai-kiev-les-armes-a-la-main\/#primaryimage\"},\"image\":{\"@id\":\"https:\/\/dicodusport.fr\/blog\/vitali-klitschko-je-defendrai-kiev-les-armes-a-la-main\/#primaryimage\"},\"thumbnailUrl\":\"https:\/\/dicodusport.fr\/blog\/wp-content\/uploads\/2022\/02\/Vitali-Klitschko-Je-de\u0301fendrai-Kiev-les-armes-a\u0300-la-main.png\",\"datePublished\":\"2022-02-25T14:15:47+00:00\",\"description\":\"BOXE - L'ancien champion de boxe, Vitali Klitschko, se retrouve au c\u0153ur de la guerre russo-ukrainienne, de part sa fonction de maire de Kiev.\",\"breadcrumb\":{\"@id\":\"https:\/\/dicodusport.fr\/blog\/vitali-klitschko-je-defendrai-kiev-les-armes-a-la-main\/#breadcrumb\"},\"inLanguage\":\"fr-FR\",\"potentialAction\":[{\"@type\":\"ReadAction\",\"target\":[\"https:\/\/dicodusport.fr\/blog\/vitali-klitschko-je-defendrai-kiev-les-armes-a-la-main\/\"]}]},{\"@type\":\"ImageObject\",\"inLanguage\":\"fr-FR\",\"@id\":\"https:\/\/dicodusport.fr\/blog\/vitali-klitschko-je-defendrai-kiev-les-armes-a-la-main\/#primaryimage\",\"url\":\"https:\/\/dicodusport.fr\/blog\/wp-content\/uploads\/2022\/02\/Vitali-Klitschko-Je-de\u0301fendrai-Kiev-les-armes-a\u0300-la-main.png\",\"contentUrl\":\"https:\/\/dicodusport.fr\/blog\/wp-content\/uploads\/2022\/02\/Vitali-Klitschko-Je-de\u0301fendrai-Kiev-les-armes-a\u0300-la-main.png\",\"width\":800,\"height\":445},{\"@type\":\"BreadcrumbList\",\"@id\":\"https:\/\/dicodusport.fr\/blog\/vitali-klitschko-je-defendrai-kiev-les-armes-a-la-main\/#breadcrumb\",\"itemListElement\":[{\"@type\":\"ListItem\",\"position\":1,\"name\":\"Accueil\",\"item\":\"https:\/\/dicodusport.fr\/blog\/\"},{\"@type\":\"ListItem\",\"position\":2,\"name\":\"Vitali Klitschko : \u00ab\u00a0Je d\u00e9fendrai Kiev les armes \u00e0 la main\u00a0\u00bb\"}]},{\"@type\":\"WebSite\",\"@id\":\"https:\/\/dicodusport.fr\/blog\/#website\",\"url\":\"https:\/\/dicodusport.fr\/blog\/\",\"name\":\"Dicodusport\",\"description\":\"L&#039;encyclop\u00e9die de l&#039;actualit\u00e9 sportive\",\"publisher\":{\"@id\":\"https:\/\/dicodusport.fr\/blog\/#organization\"},\"potentialAction\":[{\"@type\":\"SearchAction\",\"target\":{\"@type\":\"EntryPoint\",\"urlTemplate\":\"https:\/\/dicodusport.fr\/blog\/?s={search_term_string}\"},\"query-input\":{\"@type\":\"PropertyValueSpecification\",\"valueRequired\":true,\"valueName\":\"search_term_string\"}}],\"inLanguage\":\"fr-FR\"},{\"@type\":\"NewsMediaOrganization\",\"@id\":\"https:\/\/dicodusport.fr\/blog\/#organization\",\"name\":\"Dicodusport\",\"url\":\"https:\/\/dicodusport.fr\/blog\/\",\"logo\":{\"@type\":\"ImageObject\",\"inLanguage\":\"fr-FR\",\"@id\":\"https:\/\/dicodusport.fr\/blog\/#\/schema\/logo\/image\/\",\"url\":\"https:\/\/dicodusport.fr\/blog\/wp-content\/uploads\/2020\/06\/cropped-LOGO-DICODUSPORT-2020-SANS-FOND-SANS-TEXTE.png\",\"contentUrl\":\"https:\/\/dicodusport.fr\/blog\/wp-content\/uploads\/2020\/06\/cropped-LOGO-DICODUSPORT-2020-SANS-FOND-SANS-TEXTE.png\",\"width\":512,\"height\":512,\"caption\":\"Dicodusport\"},\"image\":{\"@id\":\"https:\/\/dicodusport.fr\/blog\/#\/schema\/logo\/image\/\"},\"sameAs\":[\"https:\/\/www.facebook.com\/dicodusport\",\"https:\/\/x.com\/dicodusport\",\"https:\/\/www.instagram.com\/dicodusport\/\",\"https:\/\/www.youtube.com\/channel\/UC7V2KZ5sd3htJivAbA4ZG3w\"],\"description\":\"Dicodusport est l'encyclop\u00e9die de l'actualit\u00e9 sportive.\",\"email\":\"bonjour@dicodusport.fr\",\"legalName\":\"DICODUSPORT\",\"foundingDate\":\"2018-01-14\",\"vatID\":\"FR71834470973\",\"taxID\":\"83447097300043\",\"numberOfEmployees\":{\"@type\":\"QuantitativeValue\",\"minValue\":\"1\",\"maxValue\":\"10\"}},{\"@type\":\"Person\",\"@id\":\"https:\/\/dicodusport.fr\/blog\/#\/schema\/person\/55dcb50ad410894e431ed812bbb70191\",\"name\":\"Nicolas Jacquemard\",\"image\":{\"@type\":\"ImageObject\",\"inLanguage\":\"fr-FR\",\"@id\":\"https:\/\/dicodusport.fr\/blog\/#\/schema\/person\/image\/\",\"url\":\"https:\/\/dicodusport.fr\/blog\/wp-content\/uploads\/2021\/05\/Nicolas-Jacquemard-150x150.jpeg\",\"contentUrl\":\"https:\/\/dicodusport.fr\/blog\/wp-content\/uploads\/2021\/05\/Nicolas-Jacquemard-150x150.jpeg\",\"caption\":\"Nicolas Jacquemard\"},\"description\":\"Passionn\u00e9 de sport et entrepreneur depuis mes 18 ans, la cr\u00e9ation de Dicodusport m'a sembl\u00e9 \u00e9vidente pour participer \u00e0 la m\u00e9diatisation d'un plus grand nombre de sports. Le chemin est long mais avec une \u00e9quipe des plus motiv\u00e9es et les Jeux Olympiques de Paris 2024 en point de mire, nous y arriverons ! Journaliste dans le monde du sport depuis plus de 5 ans, je traite aussi bien de football, de rugby, de biathlon que de cyclisme.\",\"sameAs\":[\"https:\/\/www.facebook.com\/dicodusport\",\"https:\/\/x.com\/https:\/\/twitter.com\/Nico_Jacquemard\"],\"url\":\"https:\/\/dicodusport.fr\/blog\/author\/dicodusport\/\"}]}<\/script>\n<!-- \/ Yoast SEO Premium plugin. -->","yoast_head_json":{"title":"Vitali Klitschko : \"Je d\u00e9fendrai Kiev les armes \u00e0 la main\"","description":"BOXE - L'ancien champion de boxe, Vitali Klitschko, se retrouve au c\u0153ur de la guerre russo-ukrainienne, de part sa fonction de maire de Kiev.","robots":{"index":"index","follow":"follow","max-snippet":"max-snippet:-1","max-image-preview":"max-image-preview:large","max-video-preview":"max-video-preview:-1"},"canonical":"https:\/\/dicodusport.fr\/blog\/vitali-klitschko-je-defendrai-kiev-les-armes-a-la-main\/","og_locale":"fr_FR","og_type":"article","og_title":"Vitali Klitschko : \"Je d\u00e9fendrai Kiev les armes \u00e0 la main\"","og_description":"BOXE - L'ancien champion de boxe, Vitali Klitschko, se retrouve au c\u0153ur de la guerre russo-ukrainienne, de part sa fonction de maire de Kiev.","og_url":"https:\/\/dicodusport.fr\/blog\/vitali-klitschko-je-defendrai-kiev-les-armes-a-la-main\/","og_site_name":"Dicodusport","article_publisher":"https:\/\/www.facebook.com\/dicodusport","article_author":"https:\/\/www.facebook.com\/dicodusport","article_published_time":"2022-02-25T14:15:47+00:00","og_image":[{"width":800,"height":445,"url":"https:\/\/dicodusport.fr\/blog\/wp-content\/uploads\/2022\/02\/Vitali-Klitschko-Je-de\u0301fendrai-Kiev-les-armes-a\u0300-la-main.png","type":"image\/png"}],"author":"Nicolas Jacquemard","twitter_card":"summary_large_image","twitter_title":"Vitali Klitschko : \"Je d\u00e9fendrai Kiev les armes \u00e0 la main\"","twitter_creator":"@https:\/\/twitter.com\/Nico_Jacquemard","twitter_site":"@dicodusport","schema":{"@context":"https:\/\/schema.org","@graph":[{"@type":"NewsArticle","@id":"https:\/\/dicodusport.fr\/blog\/vitali-klitschko-je-defendrai-kiev-les-armes-a-la-main\/#article","isPartOf":{"@id":"https:\/\/dicodusport.fr\/blog\/vitali-klitschko-je-defendrai-kiev-les-armes-a-la-main\/"},"author":{"name":"Nicolas Jacquemard","@id":"https:\/\/dicodusport.fr\/blog\/#\/schema\/person\/55dcb50ad410894e431ed812bbb70191"},"headline":"Vitali Klitschko : \u00ab\u00a0Je d\u00e9fendrai Kiev les armes \u00e0 la main\u00a0\u00bb","datePublished":"2022-02-25T14:15:47+00:00","mainEntityOfPage":{"@id":"https:\/\/dicodusport.fr\/blog\/vitali-klitschko-je-defendrai-kiev-les-armes-a-la-main\/"},"wordCount":204,"commentCount":0,"publisher":{"@id":"https:\/\/dicodusport.fr\/blog\/#organization"},"image":{"@id":"https:\/\/dicodusport.fr\/blog\/vitali-klitschko-je-defendrai-kiev-les-armes-a-la-main\/#primaryimage"},"thumbnailUrl":"https:\/\/dicodusport.fr\/blog\/wp-content\/uploads\/2022\/02\/Vitali-Klitschko-Je-de\u0301fendrai-Kiev-les-armes-a\u0300-la-main.png","keywords":["Ukraine"],"articleSection":["Boxe"],"inLanguage":"fr-FR","potentialAction":[{"@type":"CommentAction","name":"Comment","target":["https:\/\/dicodusport.fr\/blog\/vitali-klitschko-je-defendrai-kiev-les-armes-a-la-main\/#respond"]}],"copyrightYear":"2022","copyrightHolder":{"@id":"https:\/\/dicodusport.fr\/blog\/#organization"}},{"@type":"WebPage","@id":"https:\/\/dicodusport.fr\/blog\/vitali-klitschko-je-defendrai-kiev-les-armes-a-la-main\/","url":"https:\/\/dicodusport.fr\/blog\/vitali-klitschko-je-defendrai-kiev-les-armes-a-la-main\/","name":"Vitali Klitschko : \"Je d\u00e9fendrai Kiev les armes \u00e0 la main\"","isPartOf":{"@id":"https:\/\/dicodusport.fr\/blog\/#website"},"primaryImageOfPage":{"@id":"https:\/\/dicodusport.fr\/blog\/vitali-klitschko-je-defendrai-kiev-les-armes-a-la-main\/#primaryimage"},"image":{"@id":"https:\/\/dicodusport.fr\/blog\/vitali-klitschko-je-defendrai-kiev-les-armes-a-la-main\/#primaryimage"},"thumbnailUrl":"https:\/\/dicodusport.fr\/blog\/wp-content\/uploads\/2022\/02\/Vitali-Klitschko-Je-de\u0301fendrai-Kiev-les-armes-a\u0300-la-main.png","datePublished":"2022-02-25T14:15:47+00:00","description":"BOXE - L'ancien champion de boxe, Vitali Klitschko, se retrouve au c\u0153ur de la guerre russo-ukrainienne, de part sa fonction de maire de Kiev.","breadcrumb":{"@id":"https:\/\/dicodusport.fr\/blog\/vitali-klitschko-je-defendrai-kiev-les-armes-a-la-main\/#breadcrumb"},"inLanguage":"fr-FR","potentialAction":[{"@type":"ReadAction","target":["https:\/\/dicodusport.fr\/blog\/vitali-klitschko-je-defendrai-kiev-les-armes-a-la-main\/"]}]},{"@type":"ImageObject","inLanguage":"fr-FR","@id":"https:\/\/dicodusport.fr\/blog\/vitali-klitschko-je-defendrai-kiev-les-armes-a-la-main\/#primaryimage","url":"https:\/\/dicodusport.fr\/blog\/wp-content\/uploads\/2022\/02\/Vitali-Klitschko-Je-de\u0301fendrai-Kiev-les-armes-a\u0300-la-main.png","contentUrl":"https:\/\/dicodusport.fr\/blog\/wp-content\/uploads\/2022\/02\/Vitali-Klitschko-Je-de\u0301fendrai-Kiev-les-armes-a\u0300-la-main.png","width":800,"height":445},{"@type":"BreadcrumbList","@id":"https:\/\/dicodusport.fr\/blog\/vitali-klitschko-je-defendrai-kiev-les-armes-a-la-main\/#breadcrumb","itemListElement":[{"@type":"ListItem","position":1,"name":"Accueil","item":"https:\/\/dicodusport.fr\/blog\/"},{"@type":"ListItem","position":2,"name":"Vitali Klitschko : \u00ab\u00a0Je d\u00e9fendrai Kiev les armes \u00e0 la main\u00a0\u00bb"}]},{"@type":"WebSite","@id":"https:\/\/dicodusport.fr\/blog\/#website","url":"https:\/\/dicodusport.fr\/blog\/","name":"Dicodusport","description":"L&#039;encyclop\u00e9die de l&#039;actualit\u00e9 sportive","publisher":{"@id":"https:\/\/dicodusport.fr\/blog\/#organization"},"potentialAction":[{"@type":"SearchAction","target":{"@type":"EntryPoint","urlTemplate":"https:\/\/dicodusport.fr\/blog\/?s={search_term_string}"},"query-input":{"@type":"PropertyValueSpecification","valueRequired":true,"valueName":"search_term_string"}}],"inLanguage":"fr-FR"},{"@type":"NewsMediaOrganization","@id":"https:\/\/dicodusport.fr\/blog\/#organization","name":"Dicodusport","url":"https:\/\/dicodusport.fr\/blog\/","logo":{"@type":"ImageObject","inLanguage":"fr-FR","@id":"https:\/\/dicodusport.fr\/blog\/#\/schema\/logo\/image\/","url":"https:\/\/dicodusport.fr\/blog\/wp-content\/uploads\/2020\/06\/cropped-LOGO-DICODUSPORT-2020-SANS-FOND-SANS-TEXTE.png","contentUrl":"https:\/\/dicodusport.fr\/blog\/wp-content\/uploads\/2020\/06\/cropped-LOGO-DICODUSPORT-2020-SANS-FOND-SANS-TEXTE.png","width":512,"height":512,"caption":"Dicodusport"},"image":{"@id":"https:\/\/dicodusport.fr\/blog\/#\/schema\/logo\/image\/"},"sameAs":["https:\/\/www.facebook.com\/dicodusport","https:\/\/x.com\/dicodusport","https:\/\/www.instagram.com\/dicodusport\/","https:\/\/www.youtube.com\/channel\/UC7V2KZ5sd3htJivAbA4ZG3w"],"description":"Dicodusport est l'encyclop\u00e9die de l'actualit\u00e9 sportive.","email":"bonjour@dicodusport.fr","legalName":"DICODUSPORT","foundingDate":"2018-01-14","vatID":"FR71834470973","taxID":"83447097300043","numberOfEmployees":{"@type":"QuantitativeValue","minValue":"1","maxValue":"10"}},{"@type":"Person","@id":"https:\/\/dicodusport.fr\/blog\/#\/schema\/person\/55dcb50ad410894e431ed812bbb70191","name":"Nicolas Jacquemard","image":{"@type":"ImageObject","inLanguage":"fr-FR","@id":"https:\/\/dicodusport.fr\/blog\/#\/schema\/person\/image\/","url":"https:\/\/dicodusport.fr\/blog\/wp-content\/uploads\/2021\/05\/Nicolas-Jacquemard-150x150.jpeg","contentUrl":"https:\/\/dicodusport.fr\/blog\/wp-content\/uploads\/2021\/05\/Nicolas-Jacquemard-150x150.jpeg","caption":"Nicolas Jacquemard"},"description":"Passionn\u00e9 de sport et entrepreneur depuis mes 18 ans, la cr\u00e9ation de Dicodusport m'a sembl\u00e9 \u00e9vidente pour participer \u00e0 la m\u00e9diatisation d'un plus grand nombre de sports. Le chemin est long mais avec une \u00e9quipe des plus motiv\u00e9es et les Jeux Olympiques de Paris 2024 en point de mire, nous y arriverons ! Journaliste dans le monde du sport depuis plus de 5 ans, je traite aussi bien de football, de rugby, de biathlon que de cyclisme.","sameAs":["https:\/\/www.facebook.com\/dicodusport","https:\/\/x.com\/https:\/\/twitter.com\/Nico_Jacquemard"],"url":"https:\/\/dicodusport.fr\/blog\/author\/dicodusport\/"}]}},"_links":{"self":[{"href":"https:\/\/dicodusport.fr\/blog\/wp-json\/wp\/v2\/posts\/203010","targetHints":{"allow":["GET"]}}],"collection":[{"href":"https:\/\/dicodusport.fr\/blog\/wp-json\/wp\/v2\/posts"}],"about":[{"href":"https:\/\/dicodusport.fr\/blog\/wp-json\/wp\/v2\/types\/post"}],"author":[{"embeddable":true,"href":"https:\/\/dicodusport.fr\/blog\/wp-json\/wp\/v2\/users\/1"}],"replies":[{"embeddable":true,"href":"https:\/\/dicodusport.fr\/blog\/wp-json\/wp\/v2\/comments?post=203010"}],"version-history":[{"count":0,"href":"https:\/\/dicodusport.fr\/blog\/wp-json\/wp\/v2\/posts\/203010\/revisions"}],"wp:featuredmedia":[{"embeddable":true,"href":"https:\/\/dicodusport.fr\/blog\/wp-json\/wp\/v2\/media\/203015"}],"wp:attachment":[{"href":"https:\/\/dicodusport.fr\/blog\/wp-json\/wp\/v2\/media?parent=203010"}],"wp:term":[{"taxonomy":"category","embeddable":true,"href":"https:\/\/dicodusport.fr\/blog\/wp-json\/wp\/v2\/categories?post=203010"},{"taxonomy":"post_tag","embeddable":true,"href":"https:\/\/dicodusport.fr\/blog\/wp-json\/wp\/v2\/tags?post=203010"}],"curies":[{"name":"wp","href":"https:\/\/api.w.org\/{rel}","templated":true}]}}