{"id":203105,"date":"2022-02-25T19:14:44","date_gmt":"2022-02-25T18:14:44","guid":{"rendered":"https:\/\/dicodusport.fr\/blog\/?p=203105&#038;preview=true&#038;preview_id=203105"},"modified":"2022-02-25T20:32:28","modified_gmt":"2022-02-25T19:32:28","slug":"christophe-laporte-cest-prevu-que-je-puisse-jouer-ma-carte-personnelle","status":"publish","type":"post","link":"https:\/\/dicodusport.fr\/blog\/christophe-laporte-cest-prevu-que-je-puisse-jouer-ma-carte-personnelle\/","title":{"rendered":"Christophe Laporte : \u00ab\u00a0C&rsquo;est pr\u00e9vu que je puisse jouer ma carte personnelle\u00a0\u00bb"},"content":{"rendered":"<p style=\"text-align: justify;\"><strong><em>CYCLISME &#8211; \u00c0 la veille de sa premi\u00e8re course avec sa nouvelle \u00e9quipe, la Jumbo-Visma, Christophe Laporte s&rsquo;est confi\u00e9 \u00e0 Cyclism&rsquo;Actu.\u00a0<\/em><\/strong><\/p>\n<p style=\"text-align: justify;\">En quittant Cofidis pour la formation n\u00e9erlandaise, le Tricolore sait que son statut change et qu&rsquo;il va devoir jouer le r\u00f4le d&rsquo;\u00e9quipier plus souvent. Mais <strong>Christophe Laporte<\/strong> sait aussi qu&rsquo;il aura aussi la chance d&rsquo;\u00eatre leader si la forme est au rendez-vous.<\/p>\n<blockquote>\n<p style=\"text-align: justify;\">Ce ne sera pas sur toutes les courses, notamment pas sur toutes les Classiques, mais c&rsquo;est pr\u00e9vu que je puisse jouer ma carte. Cela va \u00e9galement d\u00e9pendre de ma condition, si je suis au niveau ou pas&#8230; On a plusieurs bons coureurs dans l&rsquo;effectif et il faudra \u00eatre au niveau pour gagner le droit de \u00ab\u00a0jouer sa carte\u00a0\u00bb. Dans les discussions que j&rsquo;ai eues avec l&rsquo;\u00e9quipe, on s&rsquo;\u00e9tait mis d&rsquo;accord l\u00e0-dessus. Ce n&rsquo;est pas un probl\u00e8me : j&rsquo;aime bien rouler pour mes leaders, surtout pour un gars comme Wout Van Aert qui peut gagner un peu de partout, sans oublier Primoz Roglic ou Jonas Vingegaard sur les courses par \u00e9tapes, mais j&rsquo;ai besoin de jouer ma carte, de temps en temps, pour me sentir \u00e9panoui.<\/p>\n<\/blockquote>\n<p style=\"text-align: justify;\">Si sur le <a href=\"https:\/\/dicodusport.fr\/blog\/omloop-het-nieuwsblad-2022-parcours-et-profil\/\" target=\"_blank\" rel=\"noopener\">Omloop Het Nieuwsblad<\/a> samedi il sera en soutien de <strong>Wout Van Aert<\/strong>, il pourrait avoir une premi\u00e8re chance de briller dimanche sur <strong>Kuurne &#8211; Bruxelles &#8211; Kuurne<\/strong>, puisque le Belge n&rsquo;est pas pr\u00e9vu par la Jumbo-Visma.<\/p>\n<blockquote class=\"twitter-tweet\">\n<p dir=\"ltr\" lang=\"fr\">Route : Christophe Laporte : \u00ab\u00a0J&rsquo;ai besoin de jouer ma carte&#8230; \u00a0\u00bb <a href=\"https:\/\/twitter.com\/hashtag\/Laporte?src=hash&amp;ref_src=twsrc%5Etfw\">#Laporte<\/a> <a href=\"https:\/\/twitter.com\/hashtag\/TDF2022?src=hash&amp;ref_src=twsrc%5Etfw\">#TDF2022<\/a> <a href=\"https:\/\/twitter.com\/hashtag\/VanAert?src=hash&amp;ref_src=twsrc%5Etfw\">#VanAert<\/a> <a href=\"https:\/\/twitter.com\/hashtag\/JumboVisma?src=hash&amp;ref_src=twsrc%5Etfw\">#JumboVisma<\/a> <a href=\"https:\/\/twitter.com\/hashtag\/Roglic?src=hash&amp;ref_src=twsrc%5Etfw\">#Roglic<\/a> <a href=\"https:\/\/twitter.com\/hashtag\/TV?src=hash&amp;ref_src=twsrc%5Etfw\">#TV<\/a> <a href=\"https:\/\/t.co\/uln40LzMwM\">https:\/\/t.co\/uln40LzMwM<\/a><\/p>\n<p>\u2014 Cyclism&rsquo;Actu (@cyclismactu) <a href=\"https:\/\/twitter.com\/cyclismactu\/status\/1496430222509441029?ref_src=twsrc%5Etfw\">February 23, 2022<\/a><\/p><\/blockquote>\n<p style=\"text-align: justify;\"><script async src=\"https:\/\/platform.twitter.com\/widgets.js\" charset=\"utf-8\"><\/script><\/p>\n","protected":false},"excerpt":{"rendered":"<p>CYCLISME &#8211; \u00c0 la veille de sa premi\u00e8re course avec sa nouvelle \u00e9quipe, la Jumbo-Visma, Christophe Laporte s&rsquo;est confi\u00e9 \u00e0 Cyclism&rsquo;Actu.\u00a0<\/p>\n","protected":false},"author":1,"featured_media":203108,"comment_status":"open","ping_status":"closed","sticky":false,"template":"","format":"standard","meta":{"_acf_changed":false,"_daextam_enable_autolinks":"","footnotes":""},"categories":[46994],"tags":[5172,8551],"class_list":["post-203105","post","type-post","status-publish","format-standard","has-post-thumbnail","hentry","category-cyclisme-sur-route","tag-christophe-laporte","tag-jumbo-visma"],"acf":[],"yoast_head":"<!-- This site is optimized with the Yoast SEO Premium plugin v26.7 (Yoast SEO v26.7) - https:\/\/yoast.com\/wordpress\/plugins\/seo\/ -->\n<title>Christophe Laporte : &quot;C&#039;est pr\u00e9vu que je puisse jouer ma carte personnelle&quot;<\/title>\n<meta name=\"description\" content=\"CYCLISME - \u00c0 la veille de sa premi\u00e8re course avec sa nouvelle \u00e9quipe, la Jumbo-Visma, Christophe Laporte s&#039;est confi\u00e9 \u00e0 Cyclism&#039;Actu.\u00a0\" \/>\n<meta name=\"robots\" content=\"index, follow, max-snippet:-1, max-image-preview:large, max-video-preview:-1\" \/>\n<link rel=\"canonical\" href=\"https:\/\/dicodusport.fr\/blog\/christophe-laporte-cest-prevu-que-je-puisse-jouer-ma-carte-personnelle\/\" \/>\n<meta property=\"og:locale\" content=\"fr_FR\" \/>\n<meta property=\"og:type\" content=\"article\" \/>\n<meta property=\"og:title\" content=\"Christophe Laporte : &quot;C&#039;est pr\u00e9vu que je puisse jouer ma carte personnelle&quot;\" \/>\n<meta property=\"og:description\" content=\"CYCLISME - \u00c0 la veille de sa premi\u00e8re course avec sa nouvelle \u00e9quipe, la Jumbo-Visma, Christophe Laporte s&#039;est confi\u00e9 \u00e0 Cyclism&#039;Actu.\u00a0\" \/>\n<meta property=\"og:url\" content=\"https:\/\/dicodusport.fr\/blog\/christophe-laporte-cest-prevu-que-je-puisse-jouer-ma-carte-personnelle\/\" \/>\n<meta property=\"og:site_name\" content=\"Dicodusport\" \/>\n<meta property=\"article:publisher\" content=\"https:\/\/www.facebook.com\/dicodusport\" \/>\n<meta property=\"article:author\" content=\"https:\/\/www.facebook.com\/dicodusport\" \/>\n<meta property=\"article:published_time\" content=\"2022-02-25T18:14:44+00:00\" \/>\n<meta property=\"article:modified_time\" content=\"2022-02-25T19:32:28+00:00\" \/>\n<meta property=\"og:image\" content=\"https:\/\/dicodusport.fr\/blog\/wp-content\/uploads\/2022\/02\/Christophe-Laporte-Cest-pre\u0301vu-que-je-puisse-jouer-ma-carte-personnelle-1.png\" \/>\n\t<meta property=\"og:image:width\" content=\"800\" \/>\n\t<meta property=\"og:image:height\" content=\"445\" \/>\n\t<meta property=\"og:image:type\" content=\"image\/png\" \/>\n<meta name=\"author\" content=\"Nicolas Jacquemard\" \/>\n<meta name=\"twitter:card\" content=\"summary_large_image\" \/>\n<meta name=\"twitter:title\" content=\"Christophe Laporte : &quot;C&#039;est pr\u00e9vu que je puisse jouer ma carte personnelle&quot;\" \/>\n<meta name=\"twitter:creator\" content=\"@https:\/\/twitter.com\/Nico_Jacquemard\" \/>\n<meta name=\"twitter:site\" content=\"@dicodusport\" \/>\n<script type=\"application\/ld+json\" class=\"yoast-schema-graph\">{\"@context\":\"https:\/\/schema.org\",\"@graph\":[{\"@type\":\"NewsArticle\",\"@id\":\"https:\/\/dicodusport.fr\/blog\/christophe-laporte-cest-prevu-que-je-puisse-jouer-ma-carte-personnelle\/#article\",\"isPartOf\":{\"@id\":\"https:\/\/dicodusport.fr\/blog\/christophe-laporte-cest-prevu-que-je-puisse-jouer-ma-carte-personnelle\/\"},\"author\":{\"name\":\"Nicolas Jacquemard\",\"@id\":\"https:\/\/dicodusport.fr\/blog\/#\/schema\/person\/55dcb50ad410894e431ed812bbb70191\"},\"headline\":\"Christophe Laporte : \u00ab\u00a0C&rsquo;est pr\u00e9vu que je puisse jouer ma carte personnelle\u00a0\u00bb\",\"datePublished\":\"2022-02-25T18:14:44+00:00\",\"dateModified\":\"2022-02-25T19:32:28+00:00\",\"mainEntityOfPage\":{\"@id\":\"https:\/\/dicodusport.fr\/blog\/christophe-laporte-cest-prevu-que-je-puisse-jouer-ma-carte-personnelle\/\"},\"wordCount\":287,\"commentCount\":0,\"publisher\":{\"@id\":\"https:\/\/dicodusport.fr\/blog\/#organization\"},\"image\":{\"@id\":\"https:\/\/dicodusport.fr\/blog\/christophe-laporte-cest-prevu-que-je-puisse-jouer-ma-carte-personnelle\/#primaryimage\"},\"thumbnailUrl\":\"https:\/\/dicodusport.fr\/blog\/wp-content\/uploads\/2022\/02\/Christophe-Laporte-Cest-pre\u0301vu-que-je-puisse-jouer-ma-carte-personnelle-1.png\",\"keywords\":[\"Christophe Laporte\",\"Jumbo-Visma\"],\"articleSection\":[\"Cyclisme sur route\"],\"inLanguage\":\"fr-FR\",\"potentialAction\":[{\"@type\":\"CommentAction\",\"name\":\"Comment\",\"target\":[\"https:\/\/dicodusport.fr\/blog\/christophe-laporte-cest-prevu-que-je-puisse-jouer-ma-carte-personnelle\/#respond\"]}],\"copyrightYear\":\"2022\",\"copyrightHolder\":{\"@id\":\"https:\/\/dicodusport.fr\/blog\/#organization\"}},{\"@type\":\"WebPage\",\"@id\":\"https:\/\/dicodusport.fr\/blog\/christophe-laporte-cest-prevu-que-je-puisse-jouer-ma-carte-personnelle\/\",\"url\":\"https:\/\/dicodusport.fr\/blog\/christophe-laporte-cest-prevu-que-je-puisse-jouer-ma-carte-personnelle\/\",\"name\":\"Christophe Laporte : \\\"C'est pr\u00e9vu que je puisse jouer ma carte personnelle\\\"\",\"isPartOf\":{\"@id\":\"https:\/\/dicodusport.fr\/blog\/#website\"},\"primaryImageOfPage\":{\"@id\":\"https:\/\/dicodusport.fr\/blog\/christophe-laporte-cest-prevu-que-je-puisse-jouer-ma-carte-personnelle\/#primaryimage\"},\"image\":{\"@id\":\"https:\/\/dicodusport.fr\/blog\/christophe-laporte-cest-prevu-que-je-puisse-jouer-ma-carte-personnelle\/#primaryimage\"},\"thumbnailUrl\":\"https:\/\/dicodusport.fr\/blog\/wp-content\/uploads\/2022\/02\/Christophe-Laporte-Cest-pre\u0301vu-que-je-puisse-jouer-ma-carte-personnelle-1.png\",\"datePublished\":\"2022-02-25T18:14:44+00:00\",\"dateModified\":\"2022-02-25T19:32:28+00:00\",\"description\":\"CYCLISME - \u00c0 la veille de sa premi\u00e8re course avec sa nouvelle \u00e9quipe, la Jumbo-Visma, Christophe Laporte s'est confi\u00e9 \u00e0 Cyclism'Actu.\u00a0\",\"breadcrumb\":{\"@id\":\"https:\/\/dicodusport.fr\/blog\/christophe-laporte-cest-prevu-que-je-puisse-jouer-ma-carte-personnelle\/#breadcrumb\"},\"inLanguage\":\"fr-FR\",\"potentialAction\":[{\"@type\":\"ReadAction\",\"target\":[\"https:\/\/dicodusport.fr\/blog\/christophe-laporte-cest-prevu-que-je-puisse-jouer-ma-carte-personnelle\/\"]}]},{\"@type\":\"ImageObject\",\"inLanguage\":\"fr-FR\",\"@id\":\"https:\/\/dicodusport.fr\/blog\/christophe-laporte-cest-prevu-que-je-puisse-jouer-ma-carte-personnelle\/#primaryimage\",\"url\":\"https:\/\/dicodusport.fr\/blog\/wp-content\/uploads\/2022\/02\/Christophe-Laporte-Cest-pre\u0301vu-que-je-puisse-jouer-ma-carte-personnelle-1.png\",\"contentUrl\":\"https:\/\/dicodusport.fr\/blog\/wp-content\/uploads\/2022\/02\/Christophe-Laporte-Cest-pre\u0301vu-que-je-puisse-jouer-ma-carte-personnelle-1.png\",\"width\":800,\"height\":445},{\"@type\":\"BreadcrumbList\",\"@id\":\"https:\/\/dicodusport.fr\/blog\/christophe-laporte-cest-prevu-que-je-puisse-jouer-ma-carte-personnelle\/#breadcrumb\",\"itemListElement\":[{\"@type\":\"ListItem\",\"position\":1,\"name\":\"Accueil\",\"item\":\"https:\/\/dicodusport.fr\/blog\/\"},{\"@type\":\"ListItem\",\"position\":2,\"name\":\"Christophe Laporte : \u00ab\u00a0C&rsquo;est pr\u00e9vu que je puisse jouer ma carte personnelle\u00a0\u00bb\"}]},{\"@type\":\"WebSite\",\"@id\":\"https:\/\/dicodusport.fr\/blog\/#website\",\"url\":\"https:\/\/dicodusport.fr\/blog\/\",\"name\":\"Dicodusport\",\"description\":\"L&#039;encyclop\u00e9die de l&#039;actualit\u00e9 sportive\",\"publisher\":{\"@id\":\"https:\/\/dicodusport.fr\/blog\/#organization\"},\"potentialAction\":[{\"@type\":\"SearchAction\",\"target\":{\"@type\":\"EntryPoint\",\"urlTemplate\":\"https:\/\/dicodusport.fr\/blog\/?s={search_term_string}\"},\"query-input\":{\"@type\":\"PropertyValueSpecification\",\"valueRequired\":true,\"valueName\":\"search_term_string\"}}],\"inLanguage\":\"fr-FR\"},{\"@type\":\"NewsMediaOrganization\",\"@id\":\"https:\/\/dicodusport.fr\/blog\/#organization\",\"name\":\"Dicodusport\",\"url\":\"https:\/\/dicodusport.fr\/blog\/\",\"logo\":{\"@type\":\"ImageObject\",\"inLanguage\":\"fr-FR\",\"@id\":\"https:\/\/dicodusport.fr\/blog\/#\/schema\/logo\/image\/\",\"url\":\"https:\/\/dicodusport.fr\/blog\/wp-content\/uploads\/2020\/06\/cropped-LOGO-DICODUSPORT-2020-SANS-FOND-SANS-TEXTE.png\",\"contentUrl\":\"https:\/\/dicodusport.fr\/blog\/wp-content\/uploads\/2020\/06\/cropped-LOGO-DICODUSPORT-2020-SANS-FOND-SANS-TEXTE.png\",\"width\":512,\"height\":512,\"caption\":\"Dicodusport\"},\"image\":{\"@id\":\"https:\/\/dicodusport.fr\/blog\/#\/schema\/logo\/image\/\"},\"sameAs\":[\"https:\/\/www.facebook.com\/dicodusport\",\"https:\/\/x.com\/dicodusport\",\"https:\/\/www.instagram.com\/dicodusport\/\",\"https:\/\/www.youtube.com\/channel\/UC7V2KZ5sd3htJivAbA4ZG3w\"],\"description\":\"Dicodusport est l'encyclop\u00e9die de l'actualit\u00e9 sportive.\",\"email\":\"bonjour@dicodusport.fr\",\"legalName\":\"DICODUSPORT\",\"foundingDate\":\"2018-01-14\",\"vatID\":\"FR71834470973\",\"taxID\":\"83447097300043\",\"numberOfEmployees\":{\"@type\":\"QuantitativeValue\",\"minValue\":\"1\",\"maxValue\":\"10\"}},{\"@type\":\"Person\",\"@id\":\"https:\/\/dicodusport.fr\/blog\/#\/schema\/person\/55dcb50ad410894e431ed812bbb70191\",\"name\":\"Nicolas Jacquemard\",\"image\":{\"@type\":\"ImageObject\",\"inLanguage\":\"fr-FR\",\"@id\":\"https:\/\/dicodusport.fr\/blog\/#\/schema\/person\/image\/\",\"url\":\"https:\/\/dicodusport.fr\/blog\/wp-content\/uploads\/2021\/05\/Nicolas-Jacquemard-150x150.jpeg\",\"contentUrl\":\"https:\/\/dicodusport.fr\/blog\/wp-content\/uploads\/2021\/05\/Nicolas-Jacquemard-150x150.jpeg\",\"caption\":\"Nicolas Jacquemard\"},\"description\":\"Passionn\u00e9 de sport et entrepreneur depuis mes 18 ans, la cr\u00e9ation de Dicodusport m'a sembl\u00e9 \u00e9vidente pour participer \u00e0 la m\u00e9diatisation d'un plus grand nombre de sports. Le chemin est long mais avec une \u00e9quipe des plus motiv\u00e9es et les Jeux Olympiques de Paris 2024 en point de mire, nous y arriverons ! Journaliste dans le monde du sport depuis plus de 5 ans, je traite aussi bien de football, de rugby, de biathlon que de cyclisme.\",\"sameAs\":[\"https:\/\/www.facebook.com\/dicodusport\",\"https:\/\/x.com\/https:\/\/twitter.com\/Nico_Jacquemard\"],\"url\":\"https:\/\/dicodusport.fr\/blog\/author\/dicodusport\/\"}]}<\/script>\n<!-- \/ Yoast SEO Premium plugin. -->","yoast_head_json":{"title":"Christophe Laporte : \"C'est pr\u00e9vu que je puisse jouer ma carte personnelle\"","description":"CYCLISME - \u00c0 la veille de sa premi\u00e8re course avec sa nouvelle \u00e9quipe, la Jumbo-Visma, Christophe Laporte s'est confi\u00e9 \u00e0 Cyclism'Actu.\u00a0","robots":{"index":"index","follow":"follow","max-snippet":"max-snippet:-1","max-image-preview":"max-image-preview:large","max-video-preview":"max-video-preview:-1"},"canonical":"https:\/\/dicodusport.fr\/blog\/christophe-laporte-cest-prevu-que-je-puisse-jouer-ma-carte-personnelle\/","og_locale":"fr_FR","og_type":"article","og_title":"Christophe Laporte : \"C'est pr\u00e9vu que je puisse jouer ma carte personnelle\"","og_description":"CYCLISME - \u00c0 la veille de sa premi\u00e8re course avec sa nouvelle \u00e9quipe, la Jumbo-Visma, Christophe Laporte s'est confi\u00e9 \u00e0 Cyclism'Actu.\u00a0","og_url":"https:\/\/dicodusport.fr\/blog\/christophe-laporte-cest-prevu-que-je-puisse-jouer-ma-carte-personnelle\/","og_site_name":"Dicodusport","article_publisher":"https:\/\/www.facebook.com\/dicodusport","article_author":"https:\/\/www.facebook.com\/dicodusport","article_published_time":"2022-02-25T18:14:44+00:00","article_modified_time":"2022-02-25T19:32:28+00:00","og_image":[{"width":800,"height":445,"url":"https:\/\/dicodusport.fr\/blog\/wp-content\/uploads\/2022\/02\/Christophe-Laporte-Cest-pre\u0301vu-que-je-puisse-jouer-ma-carte-personnelle-1.png","type":"image\/png"}],"author":"Nicolas Jacquemard","twitter_card":"summary_large_image","twitter_title":"Christophe Laporte : \"C'est pr\u00e9vu que je puisse jouer ma carte personnelle\"","twitter_creator":"@https:\/\/twitter.com\/Nico_Jacquemard","twitter_site":"@dicodusport","schema":{"@context":"https:\/\/schema.org","@graph":[{"@type":"NewsArticle","@id":"https:\/\/dicodusport.fr\/blog\/christophe-laporte-cest-prevu-que-je-puisse-jouer-ma-carte-personnelle\/#article","isPartOf":{"@id":"https:\/\/dicodusport.fr\/blog\/christophe-laporte-cest-prevu-que-je-puisse-jouer-ma-carte-personnelle\/"},"author":{"name":"Nicolas Jacquemard","@id":"https:\/\/dicodusport.fr\/blog\/#\/schema\/person\/55dcb50ad410894e431ed812bbb70191"},"headline":"Christophe Laporte : \u00ab\u00a0C&rsquo;est pr\u00e9vu que je puisse jouer ma carte personnelle\u00a0\u00bb","datePublished":"2022-02-25T18:14:44+00:00","dateModified":"2022-02-25T19:32:28+00:00","mainEntityOfPage":{"@id":"https:\/\/dicodusport.fr\/blog\/christophe-laporte-cest-prevu-que-je-puisse-jouer-ma-carte-personnelle\/"},"wordCount":287,"commentCount":0,"publisher":{"@id":"https:\/\/dicodusport.fr\/blog\/#organization"},"image":{"@id":"https:\/\/dicodusport.fr\/blog\/christophe-laporte-cest-prevu-que-je-puisse-jouer-ma-carte-personnelle\/#primaryimage"},"thumbnailUrl":"https:\/\/dicodusport.fr\/blog\/wp-content\/uploads\/2022\/02\/Christophe-Laporte-Cest-pre\u0301vu-que-je-puisse-jouer-ma-carte-personnelle-1.png","keywords":["Christophe Laporte","Jumbo-Visma"],"articleSection":["Cyclisme sur route"],"inLanguage":"fr-FR","potentialAction":[{"@type":"CommentAction","name":"Comment","target":["https:\/\/dicodusport.fr\/blog\/christophe-laporte-cest-prevu-que-je-puisse-jouer-ma-carte-personnelle\/#respond"]}],"copyrightYear":"2022","copyrightHolder":{"@id":"https:\/\/dicodusport.fr\/blog\/#organization"}},{"@type":"WebPage","@id":"https:\/\/dicodusport.fr\/blog\/christophe-laporte-cest-prevu-que-je-puisse-jouer-ma-carte-personnelle\/","url":"https:\/\/dicodusport.fr\/blog\/christophe-laporte-cest-prevu-que-je-puisse-jouer-ma-carte-personnelle\/","name":"Christophe Laporte : \"C'est pr\u00e9vu que je puisse jouer ma carte personnelle\"","isPartOf":{"@id":"https:\/\/dicodusport.fr\/blog\/#website"},"primaryImageOfPage":{"@id":"https:\/\/dicodusport.fr\/blog\/christophe-laporte-cest-prevu-que-je-puisse-jouer-ma-carte-personnelle\/#primaryimage"},"image":{"@id":"https:\/\/dicodusport.fr\/blog\/christophe-laporte-cest-prevu-que-je-puisse-jouer-ma-carte-personnelle\/#primaryimage"},"thumbnailUrl":"https:\/\/dicodusport.fr\/blog\/wp-content\/uploads\/2022\/02\/Christophe-Laporte-Cest-pre\u0301vu-que-je-puisse-jouer-ma-carte-personnelle-1.png","datePublished":"2022-02-25T18:14:44+00:00","dateModified":"2022-02-25T19:32:28+00:00","description":"CYCLISME - \u00c0 la veille de sa premi\u00e8re course avec sa nouvelle \u00e9quipe, la Jumbo-Visma, Christophe Laporte s'est confi\u00e9 \u00e0 Cyclism'Actu.\u00a0","breadcrumb":{"@id":"https:\/\/dicodusport.fr\/blog\/christophe-laporte-cest-prevu-que-je-puisse-jouer-ma-carte-personnelle\/#breadcrumb"},"inLanguage":"fr-FR","potentialAction":[{"@type":"ReadAction","target":["https:\/\/dicodusport.fr\/blog\/christophe-laporte-cest-prevu-que-je-puisse-jouer-ma-carte-personnelle\/"]}]},{"@type":"ImageObject","inLanguage":"fr-FR","@id":"https:\/\/dicodusport.fr\/blog\/christophe-laporte-cest-prevu-que-je-puisse-jouer-ma-carte-personnelle\/#primaryimage","url":"https:\/\/dicodusport.fr\/blog\/wp-content\/uploads\/2022\/02\/Christophe-Laporte-Cest-pre\u0301vu-que-je-puisse-jouer-ma-carte-personnelle-1.png","contentUrl":"https:\/\/dicodusport.fr\/blog\/wp-content\/uploads\/2022\/02\/Christophe-Laporte-Cest-pre\u0301vu-que-je-puisse-jouer-ma-carte-personnelle-1.png","width":800,"height":445},{"@type":"BreadcrumbList","@id":"https:\/\/dicodusport.fr\/blog\/christophe-laporte-cest-prevu-que-je-puisse-jouer-ma-carte-personnelle\/#breadcrumb","itemListElement":[{"@type":"ListItem","position":1,"name":"Accueil","item":"https:\/\/dicodusport.fr\/blog\/"},{"@type":"ListItem","position":2,"name":"Christophe Laporte : \u00ab\u00a0C&rsquo;est pr\u00e9vu que je puisse jouer ma carte personnelle\u00a0\u00bb"}]},{"@type":"WebSite","@id":"https:\/\/dicodusport.fr\/blog\/#website","url":"https:\/\/dicodusport.fr\/blog\/","name":"Dicodusport","description":"L&#039;encyclop\u00e9die de l&#039;actualit\u00e9 sportive","publisher":{"@id":"https:\/\/dicodusport.fr\/blog\/#organization"},"potentialAction":[{"@type":"SearchAction","target":{"@type":"EntryPoint","urlTemplate":"https:\/\/dicodusport.fr\/blog\/?s={search_term_string}"},"query-input":{"@type":"PropertyValueSpecification","valueRequired":true,"valueName":"search_term_string"}}],"inLanguage":"fr-FR"},{"@type":"NewsMediaOrganization","@id":"https:\/\/dicodusport.fr\/blog\/#organization","name":"Dicodusport","url":"https:\/\/dicodusport.fr\/blog\/","logo":{"@type":"ImageObject","inLanguage":"fr-FR","@id":"https:\/\/dicodusport.fr\/blog\/#\/schema\/logo\/image\/","url":"https:\/\/dicodusport.fr\/blog\/wp-content\/uploads\/2020\/06\/cropped-LOGO-DICODUSPORT-2020-SANS-FOND-SANS-TEXTE.png","contentUrl":"https:\/\/dicodusport.fr\/blog\/wp-content\/uploads\/2020\/06\/cropped-LOGO-DICODUSPORT-2020-SANS-FOND-SANS-TEXTE.png","width":512,"height":512,"caption":"Dicodusport"},"image":{"@id":"https:\/\/dicodusport.fr\/blog\/#\/schema\/logo\/image\/"},"sameAs":["https:\/\/www.facebook.com\/dicodusport","https:\/\/x.com\/dicodusport","https:\/\/www.instagram.com\/dicodusport\/","https:\/\/www.youtube.com\/channel\/UC7V2KZ5sd3htJivAbA4ZG3w"],"description":"Dicodusport est l'encyclop\u00e9die de l'actualit\u00e9 sportive.","email":"bonjour@dicodusport.fr","legalName":"DICODUSPORT","foundingDate":"2018-01-14","vatID":"FR71834470973","taxID":"83447097300043","numberOfEmployees":{"@type":"QuantitativeValue","minValue":"1","maxValue":"10"}},{"@type":"Person","@id":"https:\/\/dicodusport.fr\/blog\/#\/schema\/person\/55dcb50ad410894e431ed812bbb70191","name":"Nicolas Jacquemard","image":{"@type":"ImageObject","inLanguage":"fr-FR","@id":"https:\/\/dicodusport.fr\/blog\/#\/schema\/person\/image\/","url":"https:\/\/dicodusport.fr\/blog\/wp-content\/uploads\/2021\/05\/Nicolas-Jacquemard-150x150.jpeg","contentUrl":"https:\/\/dicodusport.fr\/blog\/wp-content\/uploads\/2021\/05\/Nicolas-Jacquemard-150x150.jpeg","caption":"Nicolas Jacquemard"},"description":"Passionn\u00e9 de sport et entrepreneur depuis mes 18 ans, la cr\u00e9ation de Dicodusport m'a sembl\u00e9 \u00e9vidente pour participer \u00e0 la m\u00e9diatisation d'un plus grand nombre de sports. Le chemin est long mais avec une \u00e9quipe des plus motiv\u00e9es et les Jeux Olympiques de Paris 2024 en point de mire, nous y arriverons ! Journaliste dans le monde du sport depuis plus de 5 ans, je traite aussi bien de football, de rugby, de biathlon que de cyclisme.","sameAs":["https:\/\/www.facebook.com\/dicodusport","https:\/\/x.com\/https:\/\/twitter.com\/Nico_Jacquemard"],"url":"https:\/\/dicodusport.fr\/blog\/author\/dicodusport\/"}]}},"_links":{"self":[{"href":"https:\/\/dicodusport.fr\/blog\/wp-json\/wp\/v2\/posts\/203105","targetHints":{"allow":["GET"]}}],"collection":[{"href":"https:\/\/dicodusport.fr\/blog\/wp-json\/wp\/v2\/posts"}],"about":[{"href":"https:\/\/dicodusport.fr\/blog\/wp-json\/wp\/v2\/types\/post"}],"author":[{"embeddable":true,"href":"https:\/\/dicodusport.fr\/blog\/wp-json\/wp\/v2\/users\/1"}],"replies":[{"embeddable":true,"href":"https:\/\/dicodusport.fr\/blog\/wp-json\/wp\/v2\/comments?post=203105"}],"version-history":[{"count":0,"href":"https:\/\/dicodusport.fr\/blog\/wp-json\/wp\/v2\/posts\/203105\/revisions"}],"wp:featuredmedia":[{"embeddable":true,"href":"https:\/\/dicodusport.fr\/blog\/wp-json\/wp\/v2\/media\/203108"}],"wp:attachment":[{"href":"https:\/\/dicodusport.fr\/blog\/wp-json\/wp\/v2\/media?parent=203105"}],"wp:term":[{"taxonomy":"category","embeddable":true,"href":"https:\/\/dicodusport.fr\/blog\/wp-json\/wp\/v2\/categories?post=203105"},{"taxonomy":"post_tag","embeddable":true,"href":"https:\/\/dicodusport.fr\/blog\/wp-json\/wp\/v2\/tags?post=203105"}],"curies":[{"name":"wp","href":"https:\/\/api.w.org\/{rel}","templated":true}]}}