{"id":203283,"date":"2022-02-26T12:53:45","date_gmt":"2022-02-26T11:53:45","guid":{"rendered":"https:\/\/dicodusport.fr\/blog\/?p=203283"},"modified":"2022-02-26T22:43:52","modified_gmt":"2022-02-26T21:43:52","slug":"kuurne-bruxelles-kuurne-2022-parcours-et-profil","status":"publish","type":"post","link":"https:\/\/dicodusport.fr\/blog\/kuurne-bruxelles-kuurne-2022-parcours-et-profil\/","title":{"rendered":"Kuurne-Bruxelles-Kuurne 2022 : Parcours et profil"},"content":{"rendered":"<p style=\"text-align: justify;\"><em><span class=\"tojvnm2t a6sixzi8 abs2jz4q a8s20v7p t1p8iaqh k5wvi7nf q3lfd5jv pk4s997a bipmatt0 cebpdrjk qowsmv63 owwhemhu dp1hu0rb dhp61c6y iyyx5f41\"><strong><a href=\"https:\/\/dicodusport.fr\/blog\/actualites\/cyclisme\/cyclisme-sur-route-2022\/\">CYCLISME SUR ROUTE 2022<\/a> &#8211; Le week-end d&rsquo;ouverture flamand se terminera dimanche avec la semi-classique Kuurne-Bruxelles-Kuurne. L&rsquo;ann\u00e9e derni\u00e8re, la victoire est revenue \u00e0 Mads Pedersen. Qui succ\u00e8dera au Danois ?<\/strong> <\/span><\/em><\/p>\n<h2 style=\"text-align: justify;\">L&rsquo;Histoire<\/h2>\n<p style=\"text-align: justify;\"><span class=\"tojvnm2t a6sixzi8 abs2jz4q a8s20v7p t1p8iaqh k5wvi7nf q3lfd5jv pk4s997a bipmatt0 cebpdrjk qowsmv63 owwhemhu dp1hu0rb dhp61c6y iyyx5f41\">C&rsquo;est en 1945 qu&rsquo;a eu lieu la premi\u00e8re \u00e9dition de <strong>Kuurne-Bruxelles-Kuurne<\/strong>. \u00c0 peine la Seconde Guerre mondiale termin\u00e9e, un modeste peloton d&rsquo;amateurs et de semi-professionnels a couru pour la premi\u00e8re fois sur les routes de <span class=\"corrected-phrase ng-star-inserted\" data-end=\"248\" data-originaltext=\"Flandre occidentale \" data-start=\"229\" data-text=\"Flandre-Occidentale\"><span class=\"corrected-phrase__displayed-text corrected-phrase__displayed-text_bubbled\" data-group=\"AutoCorrected\" data-suggestions=\"1\" data-type=\"Spelling\">Flandre-Occidentale<\/span><\/span> dans les environs de Kuurne et de Bruxelles. Val\u00e8re Ollivier fut le premier \u00e0 inscrire son nom au palmar\u00e8s. <\/span><\/p>\n<p style=\"text-align: justify;\"><span class=\"tojvnm2t a6sixzi8 abs2jz4q a8s20v7p t1p8iaqh k5wvi7nf q3lfd5jv pk4s997a bipmatt0 cebpdrjk qowsmv63 owwhemhu dp1hu0rb dhp61c6y iyyx5f41\">En 1947, il a \u00e9t\u00e9 d\u00e9cid\u00e9 pour la premi\u00e8re fois de d\u00e9marrer de Kuurne pour atteindre Bruxelles et de revenir \u00e0 Kuurne. Les ann\u00e9es suivantes, KBK fut m\u00eame la course d&rsquo;ouverture flamande pendant quelques ann\u00e9es sous le nom d&rsquo;Omloop der Both Flanders. Cependant, cela n&rsquo;a pas nui \u00e0 l&rsquo;attrait de la course. Les grands champions d&rsquo;antan ont pris le chemin de Kuurne avec <strong>Joseph Planckaert<\/strong> \u00e0 la fin des ann\u00e9es cinquante, <strong>Roger De Vlaeminck<\/strong> en 1970 et 1971 et le rapide <strong>Patrick Sercu<\/strong> en 1977. <strong>Patrick Lefevere<\/strong>, le chef d&rsquo;\u00e9quipe de la Quick-Step-Alpha Vinyl, a remport\u00e9 une prestigieuse victoire \u00e0 Kuurne en 1978. <\/span><\/p>\n<p style=\"text-align: justify;\"><span class=\"tojvnm2t a6sixzi8 abs2jz4q a8s20v7p t1p8iaqh k5wvi7nf q3lfd5jv pk4s997a bipmatt0 cebpdrjk qowsmv63 owwhemhu dp1hu0rb dhp61c6y iyyx5f41\">Par la suite, en 1979, la course a retrouv\u00e9 le nom de Kuurne-Bruxelles-Kuurne. Puis, <strong>Edwig Van Hooydonck<\/strong>, double vainqueur du Tour des Flandres, le <em>Lion des Flandres<\/em> <strong>Johan Museeuw<\/strong>, <strong>Andrei Tchmil<\/strong>, <strong>Peter Van Petegem<\/strong>, <strong>Olaf Ludwig<\/strong> et <strong>Rolf S\u00f8rensen<\/strong> ont inscrit leur nom au palmar\u00e8s. Fait incroyable, Eddy Merckx n&rsquo;a jamais r\u00e9ussi \u00e0 gagner Kuurne-Bruxelles-Kuurne. <\/span><\/p>\n<h2 style=\"text-align: justify;\"><span class=\"tojvnm2t a6sixzi8 abs2jz4q a8s20v7p t1p8iaqh k5wvi7nf q3lfd5jv pk4s997a bipmatt0 cebpdrjk qowsmv63 owwhemhu dp1hu0rb dhp61c6y iyyx5f41\">Le parcours de Kuurne-Bruxelles-Kuurne 2022<\/span><\/h2>\n<p style=\"text-align: justify;\"><span class=\"tojvnm2t a6sixzi8 abs2jz4q a8s20v7p t1p8iaqh k5wvi7nf q3lfd5jv pk4s997a bipmatt0 cebpdrjk qowsmv63 owwhemhu dp1hu0rb dhp61c6y iyyx5f41\">Une nouvelle ann\u00e9e, un nouveau parcours avec la suppression de l&rsquo;Oude Kwaremont. D&rsquo;abord, les coureurs partiront de Kuurne sur la Brugsesteenweg \u00e0 12h06. <\/span><span class=\"tojvnm2t a6sixzi8 abs2jz4q a8s20v7p t1p8iaqh k5wvi7nf q3lfd5jv pk4s997a bipmatt0 cebpdrjk qowsmv63 owwhemhu dp1hu0rb dhp61c6y iyyx5f41\">Les coureurs passeront notamment par le Hainaut Pays-des-Collines sur les routes wallonnes. Le menu sera cors\u00e9 en terre francophone avec <strong>La Houppe<\/strong> (1880m \u00e0 4,8% max 10%), les nouveaux venus le <strong>Hameau des Papins<\/strong> (1200m \u00e0 6,6%), <strong>Le Bourliquet<\/strong> (1300m \u00e0 6,8 %) et le<strong> Mont Saint-Laurent<\/strong> (1 300 m \u00e0 7,8 %). <\/span><\/p>\n<p style=\"text-align: justify;\"><span class=\"tojvnm2t a6sixzi8 abs2jz4q a8s20v7p t1p8iaqh k5wvi7nf q3lfd5jv pk4s997a bipmatt0 cebpdrjk qowsmv63 owwhemhu dp1hu0rb dhp61c6y iyyx5f41\">L&rsquo;organisation de Kuurne-Bruxelles-Kuurne optera \u00e9galement en partie pour des ascensions moins connues parmi les treize monts flandriens. Les coureurs grimperont le <strong>Kattenberg<\/strong> (900 m \u00e0 5,6 %), le <strong>Tiegemberg<\/strong> (1 400 m \u00e0 4 %), <strong>Boembeek<\/strong> (1 100 m \u00e0 4,8 %), le <strong>Bossenaarstraat<\/strong> (1 300 m \u00e0 4,3 %) et le <strong>Berg Ten Houte<\/strong> (1 100 m \u00e0 6,2 %) pour esp\u00e9rer une course s\u00e9lective. <\/span><\/p>\n<p style=\"text-align: justify;\"><span class=\"tojvnm2t a6sixzi8 abs2jz4q a8s20v7p t1p8iaqh k5wvi7nf q3lfd5jv pk4s997a bipmatt0 cebpdrjk qowsmv63 owwhemhu dp1hu0rb dhp61c6y iyyx5f41\">Avant d&rsquo;atteindre le circuit local \u00e0 Kuurne, quatre autres collines des plus c\u00e9l\u00e8bres vont \u00eatre escalad\u00e9es : le <strong>Kruisberg<\/strong> (1 875 m \u00e0 4,8 %), <strong>Hotond<\/strong> (2 700 m \u00e0 3,1 %), la <strong>C\u00f4te de Trieu<\/strong> (1 260 m \u00e0 7 %) et <strong>Kluisberg<\/strong> (1 100 m \u00e0 6,3 %). Le sommet du Kluisberg se trouvera \u00e0 plus de cinquante kilom\u00e8tres de l&rsquo;arriv\u00e9e. Ce long tron\u00e7on plat permettra aux sprinteurs de revenir \u00e0 l&rsquo;avant de la course \u00e0 moins qu&rsquo;un homme seul contrecarre leur plan. La <strong>Beerbosstraat<\/strong>, longue de 500 m\u00e8tres, \u00e0 35 kilom\u00e8tres de l&rsquo;arriv\u00e9e, sera le dernier tron\u00e7on pav\u00e9 avant l&rsquo;arriv\u00e9e. <\/span><\/p>\n<p style=\"text-align: justify;\"><span class=\"tojvnm2t a6sixzi8 abs2jz4q a8s20v7p t1p8iaqh k5wvi7nf q3lfd5jv pk4s997a bipmatt0 cebpdrjk qowsmv63 owwhemhu dp1hu0rb dhp61c6y iyyx5f41\">Apr\u00e8s les collines de Sint-Denijs, place au circuit local d&rsquo;une quinzaine de kilom\u00e8tres \u00e0 travers Courtrai et Harelbeke avec une arriv\u00e9e sur la Brugsesteenweg \u00e0 Kuurne.<\/span><\/p>\n<div id=\"attachment_203292\" style=\"width: 1090px\" class=\"wp-caption aligncenter\"><a href=\"https:\/\/dicodusport.fr\/blog\/wp-content\/uploads\/2022\/02\/Carte-du-parcours-de-Kuurne-Bruxelles-Kuurne-2022.jpg\"><img loading=\"lazy\" decoding=\"async\" aria-describedby=\"caption-attachment-203292\" class=\"size-full wp-image-203292\" src=\"https:\/\/dicodusport.fr\/blog\/wp-content\/uploads\/2022\/02\/Carte-du-parcours-de-Kuurne-Bruxelles-Kuurne-2022.jpg\" alt=\"Carte du parcours de Kuurne-Bruxelles-Kuurne 2022\" width=\"1080\" height=\"675\" srcset=\"https:\/\/dicodusport.fr\/blog\/wp-content\/uploads\/2022\/02\/Carte-du-parcours-de-Kuurne-Bruxelles-Kuurne-2022.jpg 1080w, https:\/\/dicodusport.fr\/blog\/wp-content\/uploads\/2022\/02\/Carte-du-parcours-de-Kuurne-Bruxelles-Kuurne-2022-300x188.jpg 300w, https:\/\/dicodusport.fr\/blog\/wp-content\/uploads\/2022\/02\/Carte-du-parcours-de-Kuurne-Bruxelles-Kuurne-2022-1024x640.jpg 1024w, https:\/\/dicodusport.fr\/blog\/wp-content\/uploads\/2022\/02\/Carte-du-parcours-de-Kuurne-Bruxelles-Kuurne-2022-768x480.jpg 768w\" sizes=\"auto, (max-width: 1080px) 100vw, 1080px\" \/><\/a><p id=\"caption-attachment-203292\" class=\"wp-caption-text\">Carte du parcours de Kuurne-Bruxelles-Kuurne 2022<\/p><\/div>\n<h2 style=\"text-align: justify;\"><strong>Le profil de Kuurne-Bruxelles-Kuurne 2022<\/strong><\/h2>\n<div id=\"attachment_203295\" style=\"width: 710px\" class=\"wp-caption aligncenter\"><a href=\"https:\/\/dicodusport.fr\/blog\/wp-content\/uploads\/2022\/02\/Profil-de-Kuurne-Bruxelles-Kuurne-2022.jpg\"><img loading=\"lazy\" decoding=\"async\" aria-describedby=\"caption-attachment-203295\" class=\"wp-image-203295 size-full\" src=\"https:\/\/dicodusport.fr\/blog\/wp-content\/uploads\/2022\/02\/Profil-de-Kuurne-Bruxelles-Kuurne-2022.jpg\" alt=\"Profil de Kuurne-Bruxelles-Kuurne 2022\" width=\"700\" height=\"277\" srcset=\"https:\/\/dicodusport.fr\/blog\/wp-content\/uploads\/2022\/02\/Profil-de-Kuurne-Bruxelles-Kuurne-2022.jpg 700w, https:\/\/dicodusport.fr\/blog\/wp-content\/uploads\/2022\/02\/Profil-de-Kuurne-Bruxelles-Kuurne-2022-300x119.jpg 300w\" sizes=\"auto, (max-width: 700px) 100vw, 700px\" \/><\/a><p id=\"caption-attachment-203295\" class=\"wp-caption-text\">Profil de Kuurne-Bruxelles-Kuurne 2022 &#8211; Via PCS<\/p><\/div>\n<h2 style=\"text-align: justify;\"><span class=\"tojvnm2t a6sixzi8 abs2jz4q a8s20v7p t1p8iaqh k5wvi7nf q3lfd5jv pk4s997a bipmatt0 cebpdrjk qowsmv63 owwhemhu dp1hu0rb dhp61c6y iyyx5f41\">Palmar\u00e8s : <\/span><\/h2>\n<p style=\"text-align: justify;\"><span class=\"tojvnm2t a6sixzi8 abs2jz4q a8s20v7p t1p8iaqh k5wvi7nf q3lfd5jv pk4s997a bipmatt0 cebpdrjk qowsmv63 owwhemhu dp1hu0rb dhp61c6y iyyx5f41\">2021 : Mads Pedersen <\/span><\/p>\n<p style=\"text-align: justify;\"><span class=\"tojvnm2t a6sixzi8 abs2jz4q a8s20v7p t1p8iaqh k5wvi7nf q3lfd5jv pk4s997a bipmatt0 cebpdrjk qowsmv63 owwhemhu dp1hu0rb dhp61c6y iyyx5f41\">2020 : Kasper Asgreen <\/span><\/p>\n<p style=\"text-align: justify;\"><span class=\"tojvnm2t a6sixzi8 abs2jz4q a8s20v7p t1p8iaqh k5wvi7nf q3lfd5jv pk4s997a bipmatt0 cebpdrjk qowsmv63 owwhemhu dp1hu0rb dhp61c6y iyyx5f41\">2019 : Bob Jungels <\/span><\/p>\n<p style=\"text-align: justify;\"><span class=\"tojvnm2t a6sixzi8 abs2jz4q a8s20v7p t1p8iaqh k5wvi7nf q3lfd5jv pk4s997a bipmatt0 cebpdrjk qowsmv63 owwhemhu dp1hu0rb dhp61c6y iyyx5f41\">2018 : Dylan Groenewegen <\/span><\/p>\n<p style=\"text-align: justify;\"><span class=\"tojvnm2t a6sixzi8 abs2jz4q a8s20v7p t1p8iaqh k5wvi7nf q3lfd5jv pk4s997a bipmatt0 cebpdrjk qowsmv63 owwhemhu dp1hu0rb dhp61c6y iyyx5f41\">2017 : Peter Sagan <\/span><\/p>\n<p style=\"text-align: justify;\"><span class=\"tojvnm2t a6sixzi8 abs2jz4q a8s20v7p t1p8iaqh k5wvi7nf q3lfd5jv pk4s997a bipmatt0 cebpdrjk qowsmv63 owwhemhu dp1hu0rb dhp61c6y iyyx5f41\">2016 : Jasper Stuyven <\/span><\/p>\n<p style=\"text-align: justify;\"><span class=\"tojvnm2t a6sixzi8 abs2jz4q a8s20v7p t1p8iaqh k5wvi7nf q3lfd5jv pk4s997a bipmatt0 cebpdrjk qowsmv63 owwhemhu dp1hu0rb dhp61c6y iyyx5f41\">2015 : Mark Cavendish <\/span><\/p>\n<p style=\"text-align: justify;\"><span class=\"tojvnm2t a6sixzi8 abs2jz4q a8s20v7p t1p8iaqh k5wvi7nf q3lfd5jv pk4s997a bipmatt0 cebpdrjk qowsmv63 owwhemhu dp1hu0rb dhp61c6y iyyx5f41\">2014 : Tom Boonen <\/span><\/p>\n<p style=\"text-align: justify;\"><span class=\"tojvnm2t a6sixzi8 abs2jz4q a8s20v7p t1p8iaqh k5wvi7nf q3lfd5jv pk4s997a bipmatt0 cebpdrjk qowsmv63 owwhemhu dp1hu0rb dhp61c6y iyyx5f41\">2013 : x <\/span><\/p>\n<p style=\"text-align: justify;\"><span class=\"tojvnm2t a6sixzi8 abs2jz4q a8s20v7p t1p8iaqh k5wvi7nf q3lfd5jv pk4s997a bipmatt0 cebpdrjk qowsmv63 owwhemhu dp1hu0rb dhp61c6y iyyx5f41\">2012 : Mark Cavendish<\/span><\/p>\n<h2 style=\"text-align: justify;\">\u00c0 lire aussi<\/h2>\n<ul>\n<li><a href=\"https:\/\/dicodusport.fr\/blog\/les-engages-de-kuurne-bruxelles-kuurne-2022\/\" target=\"_blank\" rel=\"noopener\"><strong>Les engag\u00e9s de Kuurne-Bruxelles-Kuurne 2022<\/strong><\/a><\/li>\n<\/ul>\n","protected":false},"excerpt":{"rendered":"<p>CYCLISME 2022 &#8211; Le week-end d&rsquo;ouverture flamand se terminera dimanche avec la semi-classique Kuurne-Bruxelles-Kuurne. L&rsquo;ann\u00e9e derni\u00e8re, la victoire est revenue \u00e0 Mads Pedersen. Qui succ\u00e8dera au Danois ?<\/p>\n","protected":false},"author":48,"featured_media":203297,"comment_status":"open","ping_status":"closed","sticky":false,"template":"","format":"standard","meta":{"_acf_changed":false,"_daextam_enable_autolinks":"","footnotes":""},"categories":[46994],"tags":[3119,10042],"class_list":["post-203283","post","type-post","status-publish","format-standard","has-post-thumbnail","hentry","category-cyclisme-sur-route","tag-actualite-cyclisme","tag-kuurne-bruxelles-kuurne"],"acf":[],"yoast_head":"<!-- This site is optimized with the Yoast SEO Premium plugin v26.7 (Yoast SEO v26.7) - https:\/\/yoast.com\/wordpress\/plugins\/seo\/ -->\n<title>Kuurne-Bruxelles-Kuurne 2022 : Parcours et profil<\/title>\n<meta name=\"description\" content=\"CYCLISME 2022 - Le week-end d&#039;ouverture flamand se terminera dimanche avec la semi-classique Kuurne-Bruxelles-Kuurne. Parcours et profil.\" \/>\n<meta name=\"robots\" content=\"index, follow, max-snippet:-1, max-image-preview:large, max-video-preview:-1\" \/>\n<link rel=\"canonical\" href=\"https:\/\/dicodusport.fr\/blog\/kuurne-bruxelles-kuurne-2022-parcours-et-profil\/\" \/>\n<meta property=\"og:locale\" content=\"fr_FR\" \/>\n<meta property=\"og:type\" content=\"article\" \/>\n<meta property=\"og:title\" content=\"Kuurne-Bruxelles-Kuurne 2022 : Parcours et profil\" \/>\n<meta property=\"og:description\" content=\"CYCLISME 2022 - Le week-end d&#039;ouverture flamand se terminera dimanche avec la semi-classique Kuurne-Bruxelles-Kuurne. Parcours et profil.\" \/>\n<meta property=\"og:url\" content=\"https:\/\/dicodusport.fr\/blog\/kuurne-bruxelles-kuurne-2022-parcours-et-profil\/\" \/>\n<meta property=\"og:site_name\" content=\"Dicodusport\" \/>\n<meta property=\"article:publisher\" content=\"https:\/\/www.facebook.com\/dicodusport\" \/>\n<meta property=\"article:author\" content=\"https:\/\/www.facebook.com\/groups\/LesRoisDuPeloton\" \/>\n<meta property=\"article:published_time\" content=\"2022-02-26T11:53:45+00:00\" \/>\n<meta property=\"article:modified_time\" content=\"2022-02-26T21:43:52+00:00\" \/>\n<meta property=\"og:image\" content=\"https:\/\/dicodusport.fr\/blog\/wp-content\/uploads\/2022\/02\/Kuurne-Bruxelles-Kuurne-2022-Parcours-et-profil.png\" \/>\n\t<meta property=\"og:image:width\" content=\"800\" \/>\n\t<meta property=\"og:image:height\" content=\"445\" \/>\n\t<meta property=\"og:image:type\" content=\"image\/png\" \/>\n<meta name=\"author\" content=\"Emilien Descampiaux\" \/>\n<meta name=\"twitter:card\" content=\"summary_large_image\" \/>\n<meta name=\"twitter:title\" content=\"Kuurne-Bruxelles-Kuurne 2022 : Parcours et profil\" \/>\n<meta name=\"twitter:creator\" content=\"@https:\/\/twitter.com\/LRoisDuPeloton\" \/>\n<meta name=\"twitter:site\" content=\"@dicodusport\" \/>\n<script type=\"application\/ld+json\" class=\"yoast-schema-graph\">{\"@context\":\"https:\/\/schema.org\",\"@graph\":[{\"@type\":\"NewsArticle\",\"@id\":\"https:\/\/dicodusport.fr\/blog\/kuurne-bruxelles-kuurne-2022-parcours-et-profil\/#article\",\"isPartOf\":{\"@id\":\"https:\/\/dicodusport.fr\/blog\/kuurne-bruxelles-kuurne-2022-parcours-et-profil\/\"},\"author\":{\"name\":\"Emilien Descampiaux\",\"@id\":\"https:\/\/dicodusport.fr\/blog\/#\/schema\/person\/6db4bae06b171592211be385b32876a7\"},\"headline\":\"Kuurne-Bruxelles-Kuurne 2022 : Parcours et profil\",\"datePublished\":\"2022-02-26T11:53:45+00:00\",\"dateModified\":\"2022-02-26T21:43:52+00:00\",\"mainEntityOfPage\":{\"@id\":\"https:\/\/dicodusport.fr\/blog\/kuurne-bruxelles-kuurne-2022-parcours-et-profil\/\"},\"wordCount\":554,\"commentCount\":0,\"publisher\":{\"@id\":\"https:\/\/dicodusport.fr\/blog\/#organization\"},\"image\":{\"@id\":\"https:\/\/dicodusport.fr\/blog\/kuurne-bruxelles-kuurne-2022-parcours-et-profil\/#primaryimage\"},\"thumbnailUrl\":\"https:\/\/dicodusport.fr\/blog\/wp-content\/uploads\/2022\/02\/Kuurne-Bruxelles-Kuurne-2022-Parcours-et-profil.png\",\"keywords\":[\"Actualit\u00e9 Cyclisme\",\"Kuurne \u2013 Bruxelles \u2013 Kuurne\"],\"articleSection\":[\"Cyclisme sur route\"],\"inLanguage\":\"fr-FR\",\"potentialAction\":[{\"@type\":\"CommentAction\",\"name\":\"Comment\",\"target\":[\"https:\/\/dicodusport.fr\/blog\/kuurne-bruxelles-kuurne-2022-parcours-et-profil\/#respond\"]}],\"copyrightYear\":\"2022\",\"copyrightHolder\":{\"@id\":\"https:\/\/dicodusport.fr\/blog\/#organization\"}},{\"@type\":\"WebPage\",\"@id\":\"https:\/\/dicodusport.fr\/blog\/kuurne-bruxelles-kuurne-2022-parcours-et-profil\/\",\"url\":\"https:\/\/dicodusport.fr\/blog\/kuurne-bruxelles-kuurne-2022-parcours-et-profil\/\",\"name\":\"Kuurne-Bruxelles-Kuurne 2022 : Parcours et profil\",\"isPartOf\":{\"@id\":\"https:\/\/dicodusport.fr\/blog\/#website\"},\"primaryImageOfPage\":{\"@id\":\"https:\/\/dicodusport.fr\/blog\/kuurne-bruxelles-kuurne-2022-parcours-et-profil\/#primaryimage\"},\"image\":{\"@id\":\"https:\/\/dicodusport.fr\/blog\/kuurne-bruxelles-kuurne-2022-parcours-et-profil\/#primaryimage\"},\"thumbnailUrl\":\"https:\/\/dicodusport.fr\/blog\/wp-content\/uploads\/2022\/02\/Kuurne-Bruxelles-Kuurne-2022-Parcours-et-profil.png\",\"datePublished\":\"2022-02-26T11:53:45+00:00\",\"dateModified\":\"2022-02-26T21:43:52+00:00\",\"description\":\"CYCLISME 2022 - Le week-end d'ouverture flamand se terminera dimanche avec la semi-classique Kuurne-Bruxelles-Kuurne. Parcours et profil.\",\"breadcrumb\":{\"@id\":\"https:\/\/dicodusport.fr\/blog\/kuurne-bruxelles-kuurne-2022-parcours-et-profil\/#breadcrumb\"},\"inLanguage\":\"fr-FR\",\"potentialAction\":[{\"@type\":\"ReadAction\",\"target\":[\"https:\/\/dicodusport.fr\/blog\/kuurne-bruxelles-kuurne-2022-parcours-et-profil\/\"]}]},{\"@type\":\"ImageObject\",\"inLanguage\":\"fr-FR\",\"@id\":\"https:\/\/dicodusport.fr\/blog\/kuurne-bruxelles-kuurne-2022-parcours-et-profil\/#primaryimage\",\"url\":\"https:\/\/dicodusport.fr\/blog\/wp-content\/uploads\/2022\/02\/Kuurne-Bruxelles-Kuurne-2022-Parcours-et-profil.png\",\"contentUrl\":\"https:\/\/dicodusport.fr\/blog\/wp-content\/uploads\/2022\/02\/Kuurne-Bruxelles-Kuurne-2022-Parcours-et-profil.png\",\"width\":800,\"height\":445,\"caption\":\"Kuurne-Bruxelles-Kuurne 2022 Parcours et profil\"},{\"@type\":\"BreadcrumbList\",\"@id\":\"https:\/\/dicodusport.fr\/blog\/kuurne-bruxelles-kuurne-2022-parcours-et-profil\/#breadcrumb\",\"itemListElement\":[{\"@type\":\"ListItem\",\"position\":1,\"name\":\"Accueil\",\"item\":\"https:\/\/dicodusport.fr\/blog\/\"},{\"@type\":\"ListItem\",\"position\":2,\"name\":\"Kuurne-Bruxelles-Kuurne 2022 : Parcours et profil\"}]},{\"@type\":\"WebSite\",\"@id\":\"https:\/\/dicodusport.fr\/blog\/#website\",\"url\":\"https:\/\/dicodusport.fr\/blog\/\",\"name\":\"Dicodusport\",\"description\":\"L&#039;encyclop\u00e9die de l&#039;actualit\u00e9 sportive\",\"publisher\":{\"@id\":\"https:\/\/dicodusport.fr\/blog\/#organization\"},\"potentialAction\":[{\"@type\":\"SearchAction\",\"target\":{\"@type\":\"EntryPoint\",\"urlTemplate\":\"https:\/\/dicodusport.fr\/blog\/?s={search_term_string}\"},\"query-input\":{\"@type\":\"PropertyValueSpecification\",\"valueRequired\":true,\"valueName\":\"search_term_string\"}}],\"inLanguage\":\"fr-FR\"},{\"@type\":\"NewsMediaOrganization\",\"@id\":\"https:\/\/dicodusport.fr\/blog\/#organization\",\"name\":\"Dicodusport\",\"url\":\"https:\/\/dicodusport.fr\/blog\/\",\"logo\":{\"@type\":\"ImageObject\",\"inLanguage\":\"fr-FR\",\"@id\":\"https:\/\/dicodusport.fr\/blog\/#\/schema\/logo\/image\/\",\"url\":\"https:\/\/dicodusport.fr\/blog\/wp-content\/uploads\/2020\/06\/cropped-LOGO-DICODUSPORT-2020-SANS-FOND-SANS-TEXTE.png\",\"contentUrl\":\"https:\/\/dicodusport.fr\/blog\/wp-content\/uploads\/2020\/06\/cropped-LOGO-DICODUSPORT-2020-SANS-FOND-SANS-TEXTE.png\",\"width\":512,\"height\":512,\"caption\":\"Dicodusport\"},\"image\":{\"@id\":\"https:\/\/dicodusport.fr\/blog\/#\/schema\/logo\/image\/\"},\"sameAs\":[\"https:\/\/www.facebook.com\/dicodusport\",\"https:\/\/x.com\/dicodusport\",\"https:\/\/www.instagram.com\/dicodusport\/\",\"https:\/\/www.youtube.com\/channel\/UC7V2KZ5sd3htJivAbA4ZG3w\"],\"description\":\"Dicodusport est l'encyclop\u00e9die de l'actualit\u00e9 sportive.\",\"email\":\"bonjour@dicodusport.fr\",\"legalName\":\"DICODUSPORT\",\"foundingDate\":\"2018-01-14\",\"vatID\":\"FR71834470973\",\"taxID\":\"83447097300043\",\"numberOfEmployees\":{\"@type\":\"QuantitativeValue\",\"minValue\":\"1\",\"maxValue\":\"10\"}},{\"@type\":\"Person\",\"@id\":\"https:\/\/dicodusport.fr\/blog\/#\/schema\/person\/6db4bae06b171592211be385b32876a7\",\"name\":\"Emilien Descampiaux\",\"image\":{\"@type\":\"ImageObject\",\"inLanguage\":\"fr-FR\",\"@id\":\"https:\/\/dicodusport.fr\/blog\/#\/schema\/person\/image\/\",\"url\":\"https:\/\/dicodusport.fr\/blog\/wp-content\/uploads\/2021\/05\/Emilien-Descampiaux-150x150.jpg\",\"contentUrl\":\"https:\/\/dicodusport.fr\/blog\/wp-content\/uploads\/2021\/05\/Emilien-Descampiaux-150x150.jpg\",\"caption\":\"Emilien Descampiaux\"},\"description\":\"Journaliste\/r\u00e9dacteur depuis 2014 - Fan de la classe de Frank Vandenbroucke, je vis cyclisme (et de ses paysages) depuis plus de 20 ans. Je suis tr\u00e8s impliqu\u00e9 sur mes diff\u00e9rents r\u00e9seaux sociaux pour partager ma passion sur le monde et l'Histoire de la bicyclette avec ma voix sur les images en noir et blanc du succ\u00e8s de Rik Van Steenbergen lors du Ronde sur le V\u00e9lodrome de Gand.\",\"sameAs\":[\"https:\/\/www.facebook.com\/groups\/LesRoisDuPeloton\",\"https:\/\/x.com\/https:\/\/twitter.com\/LRoisDuPeloton\"],\"url\":\"https:\/\/dicodusport.fr\/blog\/author\/emiliend\/\"}]}<\/script>\n<!-- \/ Yoast SEO Premium plugin. -->","yoast_head_json":{"title":"Kuurne-Bruxelles-Kuurne 2022 : Parcours et profil","description":"CYCLISME 2022 - Le week-end d'ouverture flamand se terminera dimanche avec la semi-classique Kuurne-Bruxelles-Kuurne. Parcours et profil.","robots":{"index":"index","follow":"follow","max-snippet":"max-snippet:-1","max-image-preview":"max-image-preview:large","max-video-preview":"max-video-preview:-1"},"canonical":"https:\/\/dicodusport.fr\/blog\/kuurne-bruxelles-kuurne-2022-parcours-et-profil\/","og_locale":"fr_FR","og_type":"article","og_title":"Kuurne-Bruxelles-Kuurne 2022 : Parcours et profil","og_description":"CYCLISME 2022 - Le week-end d'ouverture flamand se terminera dimanche avec la semi-classique Kuurne-Bruxelles-Kuurne. Parcours et profil.","og_url":"https:\/\/dicodusport.fr\/blog\/kuurne-bruxelles-kuurne-2022-parcours-et-profil\/","og_site_name":"Dicodusport","article_publisher":"https:\/\/www.facebook.com\/dicodusport","article_author":"https:\/\/www.facebook.com\/groups\/LesRoisDuPeloton","article_published_time":"2022-02-26T11:53:45+00:00","article_modified_time":"2022-02-26T21:43:52+00:00","og_image":[{"width":800,"height":445,"url":"https:\/\/dicodusport.fr\/blog\/wp-content\/uploads\/2022\/02\/Kuurne-Bruxelles-Kuurne-2022-Parcours-et-profil.png","type":"image\/png"}],"author":"Emilien Descampiaux","twitter_card":"summary_large_image","twitter_title":"Kuurne-Bruxelles-Kuurne 2022 : Parcours et profil","twitter_creator":"@https:\/\/twitter.com\/LRoisDuPeloton","twitter_site":"@dicodusport","schema":{"@context":"https:\/\/schema.org","@graph":[{"@type":"NewsArticle","@id":"https:\/\/dicodusport.fr\/blog\/kuurne-bruxelles-kuurne-2022-parcours-et-profil\/#article","isPartOf":{"@id":"https:\/\/dicodusport.fr\/blog\/kuurne-bruxelles-kuurne-2022-parcours-et-profil\/"},"author":{"name":"Emilien Descampiaux","@id":"https:\/\/dicodusport.fr\/blog\/#\/schema\/person\/6db4bae06b171592211be385b32876a7"},"headline":"Kuurne-Bruxelles-Kuurne 2022 : Parcours et profil","datePublished":"2022-02-26T11:53:45+00:00","dateModified":"2022-02-26T21:43:52+00:00","mainEntityOfPage":{"@id":"https:\/\/dicodusport.fr\/blog\/kuurne-bruxelles-kuurne-2022-parcours-et-profil\/"},"wordCount":554,"commentCount":0,"publisher":{"@id":"https:\/\/dicodusport.fr\/blog\/#organization"},"image":{"@id":"https:\/\/dicodusport.fr\/blog\/kuurne-bruxelles-kuurne-2022-parcours-et-profil\/#primaryimage"},"thumbnailUrl":"https:\/\/dicodusport.fr\/blog\/wp-content\/uploads\/2022\/02\/Kuurne-Bruxelles-Kuurne-2022-Parcours-et-profil.png","keywords":["Actualit\u00e9 Cyclisme","Kuurne \u2013 Bruxelles \u2013 Kuurne"],"articleSection":["Cyclisme sur route"],"inLanguage":"fr-FR","potentialAction":[{"@type":"CommentAction","name":"Comment","target":["https:\/\/dicodusport.fr\/blog\/kuurne-bruxelles-kuurne-2022-parcours-et-profil\/#respond"]}],"copyrightYear":"2022","copyrightHolder":{"@id":"https:\/\/dicodusport.fr\/blog\/#organization"}},{"@type":"WebPage","@id":"https:\/\/dicodusport.fr\/blog\/kuurne-bruxelles-kuurne-2022-parcours-et-profil\/","url":"https:\/\/dicodusport.fr\/blog\/kuurne-bruxelles-kuurne-2022-parcours-et-profil\/","name":"Kuurne-Bruxelles-Kuurne 2022 : Parcours et profil","isPartOf":{"@id":"https:\/\/dicodusport.fr\/blog\/#website"},"primaryImageOfPage":{"@id":"https:\/\/dicodusport.fr\/blog\/kuurne-bruxelles-kuurne-2022-parcours-et-profil\/#primaryimage"},"image":{"@id":"https:\/\/dicodusport.fr\/blog\/kuurne-bruxelles-kuurne-2022-parcours-et-profil\/#primaryimage"},"thumbnailUrl":"https:\/\/dicodusport.fr\/blog\/wp-content\/uploads\/2022\/02\/Kuurne-Bruxelles-Kuurne-2022-Parcours-et-profil.png","datePublished":"2022-02-26T11:53:45+00:00","dateModified":"2022-02-26T21:43:52+00:00","description":"CYCLISME 2022 - Le week-end d'ouverture flamand se terminera dimanche avec la semi-classique Kuurne-Bruxelles-Kuurne. Parcours et profil.","breadcrumb":{"@id":"https:\/\/dicodusport.fr\/blog\/kuurne-bruxelles-kuurne-2022-parcours-et-profil\/#breadcrumb"},"inLanguage":"fr-FR","potentialAction":[{"@type":"ReadAction","target":["https:\/\/dicodusport.fr\/blog\/kuurne-bruxelles-kuurne-2022-parcours-et-profil\/"]}]},{"@type":"ImageObject","inLanguage":"fr-FR","@id":"https:\/\/dicodusport.fr\/blog\/kuurne-bruxelles-kuurne-2022-parcours-et-profil\/#primaryimage","url":"https:\/\/dicodusport.fr\/blog\/wp-content\/uploads\/2022\/02\/Kuurne-Bruxelles-Kuurne-2022-Parcours-et-profil.png","contentUrl":"https:\/\/dicodusport.fr\/blog\/wp-content\/uploads\/2022\/02\/Kuurne-Bruxelles-Kuurne-2022-Parcours-et-profil.png","width":800,"height":445,"caption":"Kuurne-Bruxelles-Kuurne 2022 Parcours et profil"},{"@type":"BreadcrumbList","@id":"https:\/\/dicodusport.fr\/blog\/kuurne-bruxelles-kuurne-2022-parcours-et-profil\/#breadcrumb","itemListElement":[{"@type":"ListItem","position":1,"name":"Accueil","item":"https:\/\/dicodusport.fr\/blog\/"},{"@type":"ListItem","position":2,"name":"Kuurne-Bruxelles-Kuurne 2022 : Parcours et profil"}]},{"@type":"WebSite","@id":"https:\/\/dicodusport.fr\/blog\/#website","url":"https:\/\/dicodusport.fr\/blog\/","name":"Dicodusport","description":"L&#039;encyclop\u00e9die de l&#039;actualit\u00e9 sportive","publisher":{"@id":"https:\/\/dicodusport.fr\/blog\/#organization"},"potentialAction":[{"@type":"SearchAction","target":{"@type":"EntryPoint","urlTemplate":"https:\/\/dicodusport.fr\/blog\/?s={search_term_string}"},"query-input":{"@type":"PropertyValueSpecification","valueRequired":true,"valueName":"search_term_string"}}],"inLanguage":"fr-FR"},{"@type":"NewsMediaOrganization","@id":"https:\/\/dicodusport.fr\/blog\/#organization","name":"Dicodusport","url":"https:\/\/dicodusport.fr\/blog\/","logo":{"@type":"ImageObject","inLanguage":"fr-FR","@id":"https:\/\/dicodusport.fr\/blog\/#\/schema\/logo\/image\/","url":"https:\/\/dicodusport.fr\/blog\/wp-content\/uploads\/2020\/06\/cropped-LOGO-DICODUSPORT-2020-SANS-FOND-SANS-TEXTE.png","contentUrl":"https:\/\/dicodusport.fr\/blog\/wp-content\/uploads\/2020\/06\/cropped-LOGO-DICODUSPORT-2020-SANS-FOND-SANS-TEXTE.png","width":512,"height":512,"caption":"Dicodusport"},"image":{"@id":"https:\/\/dicodusport.fr\/blog\/#\/schema\/logo\/image\/"},"sameAs":["https:\/\/www.facebook.com\/dicodusport","https:\/\/x.com\/dicodusport","https:\/\/www.instagram.com\/dicodusport\/","https:\/\/www.youtube.com\/channel\/UC7V2KZ5sd3htJivAbA4ZG3w"],"description":"Dicodusport est l'encyclop\u00e9die de l'actualit\u00e9 sportive.","email":"bonjour@dicodusport.fr","legalName":"DICODUSPORT","foundingDate":"2018-01-14","vatID":"FR71834470973","taxID":"83447097300043","numberOfEmployees":{"@type":"QuantitativeValue","minValue":"1","maxValue":"10"}},{"@type":"Person","@id":"https:\/\/dicodusport.fr\/blog\/#\/schema\/person\/6db4bae06b171592211be385b32876a7","name":"Emilien Descampiaux","image":{"@type":"ImageObject","inLanguage":"fr-FR","@id":"https:\/\/dicodusport.fr\/blog\/#\/schema\/person\/image\/","url":"https:\/\/dicodusport.fr\/blog\/wp-content\/uploads\/2021\/05\/Emilien-Descampiaux-150x150.jpg","contentUrl":"https:\/\/dicodusport.fr\/blog\/wp-content\/uploads\/2021\/05\/Emilien-Descampiaux-150x150.jpg","caption":"Emilien Descampiaux"},"description":"Journaliste\/r\u00e9dacteur depuis 2014 - Fan de la classe de Frank Vandenbroucke, je vis cyclisme (et de ses paysages) depuis plus de 20 ans. Je suis tr\u00e8s impliqu\u00e9 sur mes diff\u00e9rents r\u00e9seaux sociaux pour partager ma passion sur le monde et l'Histoire de la bicyclette avec ma voix sur les images en noir et blanc du succ\u00e8s de Rik Van Steenbergen lors du Ronde sur le V\u00e9lodrome de Gand.","sameAs":["https:\/\/www.facebook.com\/groups\/LesRoisDuPeloton","https:\/\/x.com\/https:\/\/twitter.com\/LRoisDuPeloton"],"url":"https:\/\/dicodusport.fr\/blog\/author\/emiliend\/"}]}},"_links":{"self":[{"href":"https:\/\/dicodusport.fr\/blog\/wp-json\/wp\/v2\/posts\/203283","targetHints":{"allow":["GET"]}}],"collection":[{"href":"https:\/\/dicodusport.fr\/blog\/wp-json\/wp\/v2\/posts"}],"about":[{"href":"https:\/\/dicodusport.fr\/blog\/wp-json\/wp\/v2\/types\/post"}],"author":[{"embeddable":true,"href":"https:\/\/dicodusport.fr\/blog\/wp-json\/wp\/v2\/users\/48"}],"replies":[{"embeddable":true,"href":"https:\/\/dicodusport.fr\/blog\/wp-json\/wp\/v2\/comments?post=203283"}],"version-history":[{"count":0,"href":"https:\/\/dicodusport.fr\/blog\/wp-json\/wp\/v2\/posts\/203283\/revisions"}],"wp:featuredmedia":[{"embeddable":true,"href":"https:\/\/dicodusport.fr\/blog\/wp-json\/wp\/v2\/media\/203297"}],"wp:attachment":[{"href":"https:\/\/dicodusport.fr\/blog\/wp-json\/wp\/v2\/media?parent=203283"}],"wp:term":[{"taxonomy":"category","embeddable":true,"href":"https:\/\/dicodusport.fr\/blog\/wp-json\/wp\/v2\/categories?post=203283"},{"taxonomy":"post_tag","embeddable":true,"href":"https:\/\/dicodusport.fr\/blog\/wp-json\/wp\/v2\/tags?post=203283"}],"curies":[{"name":"wp","href":"https:\/\/api.w.org\/{rel}","templated":true}]}}