{"id":203854,"date":"2022-03-12T20:49:21","date_gmt":"2022-03-12T19:49:21","guid":{"rendered":"https:\/\/dicodusport.fr\/blog\/?p=203854&#038;preview=true&#038;preview_id=203854"},"modified":"2022-03-13T20:12:39","modified_gmt":"2022-03-13T19:12:39","slug":"athletisme-coupe-deurope-des-lancers-2022-programme-et-resultats","status":"publish","type":"post","link":"https:\/\/dicodusport.fr\/blog\/athletisme-coupe-deurope-des-lancers-2022-programme-et-resultats\/","title":{"rendered":"Athl\u00e9tisme &#8211; Coupe d&rsquo;Europe des lancers 2022 : programme et r\u00e9sultats"},"content":{"rendered":"<p style=\"text-align: justify;\"><strong><em>ATHL\u00c9TISME &#8211; L&rsquo;\u00e9dition 2022 de la Coupe d&rsquo;Europe des lancers se d\u00e9roule ce week-end du 12 et 13 mars \u00e0 Leiria (Portugal). Voici le programme et les r\u00e9sultats de la comp\u00e9tition.<\/em><\/strong><\/p>\n<p style=\"text-align: justify;\">La comp\u00e9tition est \u00e0 suivre sur <a href=\"https:\/\/www.athletv.fr\/sportitemset\/622776893562cc5414d3b052\" target=\"_blank\" rel=\"noopener\"><strong>Athl\u00e9 TV<\/strong><\/a>\u00a0et en <a href=\"https:\/\/www.vincosport.com\/live\/147190\/\" target=\"_blank\" rel=\"noopener\"><strong>streaming<\/strong><\/a> (compte gratuit).<\/p>\n<hr \/>\n<ul>\n<li><a href=\"https:\/\/dicodusport.fr\/blog\/athletisme-coupe-deurope-des-lancers-2022-la-selection-francaise\/\" target=\"_blank\" rel=\"noopener\"><strong>La s\u00e9lection fran\u00e7aise<\/strong><\/a><\/li>\n<\/ul>\n<hr \/>\n<h2 style=\"text-align: justify;\">Le programme complet<\/h2>\n<p style=\"text-align: justify;\"><div class=\"su-tabs su-tabs-style-default su-tabs-mobile-stack\" data-active=\"2\" data-scroll-offset=\"0\" data-anchor-in-url=\"no\"><div class=\"su-tabs-nav\"><span class=\"\" data-url=\"\" data-target=\"blank\" tabindex=\"0\" role=\"button\">Samedi 12 mars<\/span><span class=\"\" data-url=\"\" data-target=\"blank\" tabindex=\"0\" role=\"button\">Dimanche 13 mars<\/span><\/div><div class=\"su-tabs-panes\"><div class=\"su-tabs-pane su-u-clearfix su-u-trim\" data-title=\"Samedi 12 mars\">\n<p style=\"text-align: justify;\"><span style=\"color: #008000;\"><span style=\"color: #000080;\"><strong>11h30 : <\/strong><a style=\"color: #000080;\" href=\"https:\/\/leiria22results.european-athletics.com\/en\/results\/athletics\/result-ht-m-fnl-b00100-.htm\" target=\"_blank\" rel=\"noopener\">Lancer du marteau\u00a0seniors H groupe B\u00a0<\/a><\/span><strong><br \/>\n<\/strong><\/span><\/p>\n<p style=\"text-align: justify;\"><span style=\"color: #008000;\"><strong>11h30 : <\/strong><a style=\"color: #008000;\" href=\"https:\/\/leiria22results.european-athletics.com\/en\/results\/athletics\/result-dt-m-u23-fnl-000100-.htm\" target=\"_blank\" rel=\"noopener\">Lancer du disque espoirs H<\/a><\/span><\/p>\n<p style=\"text-align: justify;\"><span style=\"color: #008000;\"><strong>13h : <\/strong><a style=\"color: #008000;\" href=\"https:\/\/leiria22results.european-athletics.com\/en\/results\/athletics\/result-sp-w-u23-fnl-a00100-.htm\" target=\"_blank\" rel=\"noopener\">Lancer du poids espoirs F groupe A<\/a>\u00a0 <em><strong>&#x1f1eb;&#x1f1f7; Amanda Ngandu-Ntumba<\/strong><\/em><strong><br \/>\n<\/strong><\/span><\/p>\n<p style=\"text-align: justify;\"><span style=\"color: #008000;\"><strong>13h : <\/strong><a style=\"color: #008000;\" href=\"http:\/\/www.4emlinha.pt\/liveresults\/eventos\/resultados\/4099.pdf\" target=\"_blank\" rel=\"noopener\">Lancer du poids espoirs F groupe B<\/a><\/span><strong><br \/>\n<\/strong><\/p>\n<p style=\"text-align: justify;\"><strong><span style=\"color: #000080;\">13h15 :<\/span><\/strong> <a href=\"http:\/\/www.4emlinha.pt\/liveresults\/eventos\/resultados\/4100.pdf\" target=\"_blank\" rel=\"noopener\"><span style=\"color: #000080;\">Lancer du disque seniors H groupe B<\/span><\/a><\/p>\n<p style=\"text-align: justify;\"><span style=\"color: #000080;\"><strong>13h50 : <\/strong><a style=\"color: #000080;\" href=\"https:\/\/leiria22results.european-athletics.com\/en\/results\/athletics\/result-ht-m-fnl-a00100-.htm\" target=\"_blank\" rel=\"noopener\">Lancer du marteau seniors H\u00a0 groupe A<\/a>\u00a0 <em><strong>&#x1f1eb;&#x1f1f7; Yann Chaussinand<\/strong><\/em><\/span><\/p>\n<p style=\"text-align: justify;\"><span style=\"color: #000080;\"><strong>15h10 : <\/strong><a style=\"color: #000080;\" href=\"http:\/\/www.4emlinha.pt\/liveresults\/eventos\/resultados\/4104.pdf\" target=\"_blank\" rel=\"noopener\">Lancer du\u00a0 javelot seniors F groupe B<\/a><br \/>\n<\/span><\/p>\n<p style=\"text-align: justify;\"><strong><span style=\"color: #000080;\">16h05 : <\/span><\/strong><span style=\"color: #000080;\"><a style=\"color: #000080;\" href=\"http:\/\/www.4emlinha.pt\/liveresults\/eventos\/resultados\/4106.pdf\" target=\"_blank\" rel=\"noopener\">Lancer du disque seniors H groupe A<\/a><strong><br \/>\n<\/strong><\/span><\/p>\n<p style=\"text-align: justify;\"><span style=\"color: #000080;\"><strong>16h35 : <\/strong><a style=\"color: #000080;\" href=\"http:\/\/www.4emlinha.pt\/liveresults\/eventos\/resultados\/4107.pdf\" target=\"_blank\" rel=\"noopener\">Lancer du javelot seniors F groupe A<\/a><strong><br \/>\n<\/strong><\/span><\/p>\n<p style=\"text-align: justify;\"><span style=\"color: #000080;\"><strong>17h30 :<\/strong> <a style=\"color: #000080;\" href=\"http:\/\/www.4emlinha.pt\/liveresults\/eventos\/resultados\/4108.pdf\" target=\"_blank\" rel=\"noopener\">Lancer du poids seniors F groupe A\u00a0<\/a>\u00a0<\/span><\/p>\n<p style=\"text-align: justify;\"><span style=\"color: #000080;\"><strong>17h30 :<\/strong> <a style=\"color: #000080;\" href=\"http:\/\/www.4emlinha.pt\/liveresults\/eventos\/resultados\/4109.pdf\" target=\"_blank\" rel=\"noopener\">Lancer du poids seniors F groupe B<\/a><\/span><\/p>\n<p style=\"text-align: justify;\"><span style=\"color: #008000;\"><strong>18h15 :<\/strong> <a style=\"color: #008000;\" href=\"http:\/\/www.4emlinha.pt\/liveresults\/eventos\/resultados\/4110.pdf\" target=\"_blank\" rel=\"noopener\">Lancer du marteau espoirs H<\/a>\u00a0 <em><strong>&#x1f1eb;&#x1f1f7; Jean-Baptiste Bruxelle\u00a0<\/strong><\/em><\/span><\/p>\n<p style=\"text-align: justify;\"><span style=\"color: #008000;\"><strong>18h25 :<\/strong> <a style=\"color: #008000;\" href=\"http:\/\/www.4emlinha.pt\/liveresults\/eventos\/resultados\/4112.pdf\" target=\"_blank\" rel=\"noopener\">Lancer du javelot espoirs F<\/a><\/span><\/p>\n<p>&nbsp;<\/p>\n<ul>\n<li><a href=\"https:\/\/dicodusport.fr\/blog\/coupe-deurope-des-lancers-2022-amanda-ngandu-ntumba-en-argent-au-lancer-du-poids-chez-les-espoirs\/\" target=\"_blank\" rel=\"noopener\"><strong>Amanda Ngandu-Ntumba en argent au lancer du poids chez les espoirs<\/strong><\/a><\/li>\n<li><a href=\"https:\/\/dicodusport.fr\/blog\/coupe-deurope-des-lancers-2022-jean-baptiste-bruxelle-au-pied-du-podium-au-lancer-du-marteau-espoirs\/\" target=\"_blank\" rel=\"noopener\"><strong>Jean-Baptiste Bruxelle au pied du podium au lancer du marteau espoirs<\/strong><\/a><\/li>\n<\/ul>\n<\/div>\n<div class=\"su-tabs-pane su-u-clearfix su-u-trim\" data-title=\"Dimanche 13 mars\">\n<p><span style=\"color: #008000;\"><strong>11h :<\/strong> <a style=\"color: #008000;\" href=\"http:\/\/www.4emlinha.pt\/liveresults\/eventos\/resultados\/4118.pdf\" target=\"_blank\" rel=\"noopener\">Lancer du javelot espoirs H<\/a>\u00a0 <strong>&#x1f1eb;&#x1f1f7; <em>Teuraiterai Tupaia<\/em><\/strong><\/span><\/p>\n<p><span style=\"color: #000080;\"><strong>11h30 :<\/strong> <a style=\"color: #000080;\" href=\"http:\/\/www.4emlinha.pt\/liveresults\/eventos\/resultados\/4119.pdf\" target=\"_blank\" rel=\"noopener\">Lancer du marteau seniors F groupe B<\/a><\/span><\/p>\n<p><span style=\"color: #008000;\"><strong>12h25 :<\/strong> <a style=\"color: #008000;\" href=\"http:\/\/www.4emlinha.pt\/liveresults\/eventos\/resultados\/4120.pdf\" target=\"_blank\" rel=\"noopener\">Lancer du poids espoirs H<\/a><\/span><\/p>\n<p><span style=\"color: #000080;\"><strong>13h05 :<\/strong> <a style=\"color: #000080;\" href=\"http:\/\/www.4emlinha.pt\/liveresults\/eventos\/resultados\/4121.pdf\" target=\"_blank\" rel=\"noopener\">Lancer du javelot seniors H groupe B<\/a><\/span><\/p>\n<p><span style=\"color: #000080;\"><strong>13h40 :<\/strong> <a style=\"color: #000080;\" href=\"http:\/\/www.4emlinha.pt\/liveresults\/eventos\/resultados\/4123.pdf\" target=\"_blank\" rel=\"noopener\">Lancer du marteau seniors F groupe A<\/a> \u00a0<em><strong>&#x1f1eb;&#x1f1f7; Alexandra Tavernier<\/strong><\/em><\/span><\/p>\n<p><span style=\"color: #000080;\"><strong>14h45 :<\/strong> <a style=\"color: #000080;\" href=\"http:\/\/www.4emlinha.pt\/liveresults\/eventos\/resultados\/4125.pdf\" target=\"_blank\" rel=\"noopener\">Lancer du javelot seniors H groupe A<\/a><\/span><\/p>\n<p><span style=\"color: #000080;\"><strong>15h50 :<\/strong> <a href=\"http:\/\/www.4emlinha.pt\/liveresults\/eventos\/resultados\/4127.pdf\" target=\"_blank\" rel=\"noopener\"><span style=\"color: #000080;\">Lancer du disque seniors F groupe A<\/span><\/a>\u00a0 <em><strong>&#x1f1eb;&#x1f1f7; M\u00e9lina Robert-Michon<\/strong><\/em><\/span><\/p>\n<p><span style=\"color: #000080;\"><strong>16h25 :<\/strong> <a style=\"color: #000080;\" href=\"http:\/\/www.4emlinha.pt\/liveresults\/eventos\/resultados\/4128.pdf\" target=\"_blank\" rel=\"noopener\">Lancer du disque seniors F groupe B<\/a><\/span><\/p>\n<p><span style=\"color: #000080;\"><strong>16h50 :<\/strong> <a style=\"color: #000080;\" href=\"https:\/\/leiria22results.european-athletics.com\/en\/results\/athletics\/result-sp-m-fnl-a00100-.htm\" target=\"_blank\" rel=\"noopener\">Lancer du poids seniors H groupe A<\/a>\u00a0 <em><strong>&#x1f1eb;&#x1f1f7; Fr\u00e9d\u00e9ric Dag\u00e9e<\/strong><\/em><\/span><\/p>\n<p><span style=\"color: #000080;\"><strong>16h50 :<\/strong> <a style=\"color: #000080;\" href=\"http:\/\/www.4emlinha.pt\/liveresults\/eventos\/resultados\/4130.pdf\" target=\"_blank\" rel=\"noopener\">Lancer du poids seniors H groupe B<\/a><\/span><\/p>\n<p><span style=\"color: #008000;\"><strong>17h40 :<\/strong> <a href=\"http:\/\/www.4emlinha.pt\/liveresults\/eventos\/resultados\/4132.pdf\" target=\"_blank\" rel=\"noopener\">Lancer du marteau espoirs F<\/a><\/span><\/p>\n<p><span style=\"color: #008000;\"><strong>18h20 :<\/strong> <span style=\"color: #008080;\"><a style=\"color: #008080;\" href=\"http:\/\/www.4emlinha.pt\/liveresults\/eventos\/resultados\/4133.pdf\" target=\"_blank\" rel=\"noopener\"><span style=\"color: #008000;\">Lancer du disque espoirs F<\/span><\/a><\/span>\u00a0 <strong>&#x1f1eb;&#x1f1f7; <em>Amanda Ngandu-Ntumba<\/em><\/strong><\/span><\/p>\n<p>&nbsp;<\/p>\n<ul>\n<li><a href=\"https:\/\/dicodusport.fr\/blog\/coupe-deurope-des-lancers-2022-teuraiterai-tupaia-remporte-lor-au-lancer-du-javelot-espoirs\/\" target=\"_blank\" rel=\"noopener\"><strong>Teura\u2019itera\u2019i Tupaia remporte l\u2019or au lancer du javelot espoirs<\/strong><\/a><\/li>\n<li><a href=\"https:\/\/dicodusport.fr\/blog\/coupe-deurope-des-lancers-2022-alexandra-tavernier-en-or-au-lancer-du-marteau\/\" target=\"_blank\" rel=\"noopener\"><strong>Alexandra Tavernier en or au lancer du marteau<\/strong><\/a><\/li>\n<li><a href=\"https:\/\/dicodusport.fr\/blog\/coupe-deurope-des-lancers-2022-amanda-ngandu-ntumba-en-or-au-lancer-du-disque-espoirs\/\" target=\"_blank\" rel=\"noopener\"><strong>Amanda Ngandu-Ntumba en or au lancer du disque espoirs<\/strong><\/a><\/li>\n<\/ul>\n<p style=\"text-align: justify;\"><\/div><\/div><\/div>\n<p>&nbsp;<\/p>\n<h2>Les podiums<\/h2>\n<div class=\"su-spoiler su-spoiler-style-fancy su-spoiler-icon-chevron su-spoiler-closed\" data-scroll-offset=\"0\" data-anchor-in-url=\"no\"><div class=\"su-spoiler-title\" tabindex=\"0\" role=\"button\"><span class=\"su-spoiler-icon\"><\/span>Seniors<\/div><div class=\"su-spoiler-content su-u-clearfix su-u-trim\">\n<h3 style=\"text-align: justify;\">Femmes<\/h3>\n<div class=\"su-table su-table-alternate\">\n<table style=\"width: 800px;border-collapse: collapse\">\n<tbody>\n<tr>\n<td style=\"text-align: center;width: 200px;vertical-align: middle\"><strong>\u00c9preuves<\/strong><\/td>\n<td style=\"background-color: #fff242;text-align: center;width: 200px;vertical-align: middle\"><strong>&#x1f947; Or<\/strong><\/td>\n<td style=\"background-color: #a8a8a8;text-align: center;width: 200px;vertical-align: middle\"><strong>&#x1f948; Argent<\/strong><\/td>\n<td style=\"background-color: #c97159;text-align: center;width: 200px;vertical-align: middle\"><strong>&#x1f949; Bronze<\/strong><\/td>\n<\/tr>\n<tr>\n<td style=\"text-align: center;width: 200px;vertical-align: middle\"><strong>Lancer du javelot<br \/>\n<\/strong><\/td>\n<td style=\"text-align: center;width: 200px;vertical-align: middle\">&#x1f1e6;&#x1f1f9; Lina Muze<br \/>\n58.12 m<\/td>\n<td style=\"text-align: center;width: 200px;vertical-align: middle\">&#x1f1f1;&#x1f1fb; Victoria Hudson<br \/>\n57.64 m<\/td>\n<td style=\"text-align: center;width: 200px;vertical-align: middle\">&#x1f1f7;&#x1f1f8; Marija Vucenovic<br \/>\n57.26 m<\/td>\n<\/tr>\n<tr>\n<td style=\"text-align: center;width: 200px;vertical-align: middle\"><strong>Lancer du disque<br \/>\n<\/strong><\/td>\n<td style=\"text-align: center;width: 200px;vertical-align: middle\">&#x1f1ee;&#x1f1f9; Daisy Osakue<br \/>\n61.56 m<\/td>\n<td style=\"text-align: center;width: 200px;vertical-align: middle\">&#x1f1e9;&#x1f1f0; Lisa Pedersen<br \/>\n61.23 m<\/td>\n<td style=\"text-align: center;width: 200px;vertical-align: middle\">&#x1f1f5;&#x1f1f9; Liliana Ca<br \/>\n60.74 m<\/td>\n<\/tr>\n<tr>\n<td style=\"text-align: center;width: 200px;vertical-align: middle\"><strong>Lancer du marteau<br \/>\n<\/strong><\/td>\n<td style=\"text-align: center;width: 200px;vertical-align: middle\"><strong>&#x1f1eb;&#x1f1f7; Alexandra Tavernier<br \/>\n70.13 m<\/strong><\/td>\n<td style=\"text-align: center;width: 200px;vertical-align: middle\">&#x1f1ea;&#x1f1f8; Laura Redondo<br \/>\n69.72 m <strong>SB<\/strong><\/td>\n<td style=\"text-align: center;width: 200px;vertical-align: middle\">&#x1f1ee;&#x1f1f9; Sara Fantini<br \/>\n69.60 m<\/td>\n<\/tr>\n<tr>\n<td style=\"text-align: center;width: 200px;vertical-align: middle\"><strong>Lancer du poids<\/strong><\/td>\n<td style=\"width: 200px;text-align: center\">&#x1f1f5;&#x1f1f9; Auriol Dongmo<br \/>\n19.68 m <strong>WL<\/strong><\/td>\n<td style=\"width: 200px;text-align: center\">&#x1f1f3;&#x1f1f1; Jessica Schilder<br \/>\n18.89 <strong>NR<\/strong><\/td>\n<td style=\"width: 200px;text-align: center\">&#x1f1f8;&#x1f1ea; Fanny Roos<br \/>\n18.64 m<\/td>\n<\/tr>\n<\/tbody>\n<\/table>\n<\/div>\n<p><span style=\"font-size: 14px;\"><em>WL : Meilleure performance mondiale de la saison<br \/>\nNR : Record national<br \/>\nSB : Meilleure performance personnelle de la saison<br \/>\n<\/em><\/span><\/p>\n<h3 style=\"text-align: justify;\">Hommes<\/h3>\n<div class=\"su-table su-table-alternate\">\n<table style=\"width: 800px;border-collapse: collapse\">\n<tbody>\n<tr>\n<td style=\"text-align: center;width: 200px;vertical-align: middle\"><strong>\u00c9preuves<\/strong><\/td>\n<td style=\"background-color: #fff242;text-align: center;width: 200px;vertical-align: middle\"><strong>&#x1f947; Or<\/strong><\/td>\n<td style=\"background-color: #a8a8a8;text-align: center;width: 200px;vertical-align: middle\"><strong>&#x1f948; Argent<\/strong><\/td>\n<td style=\"background-color: #c97159;text-align: center;width: 200px;vertical-align: middle\"><strong>&#x1f949; Bronze<\/strong><\/td>\n<\/tr>\n<tr>\n<td style=\"width: 200px;text-align: center\"><strong>Lancer du javelot<br \/>\n<\/strong><\/td>\n<td style=\"width: 200px;text-align: center\">&#x1f1f7;&#x1f1f4; Alexandru Novac<br \/>\n80.49 m <strong>SB<\/strong><\/td>\n<td style=\"width: 200px;text-align: center\">&#x1f1f1;&#x1f1fb; Patriks Gailums<br \/>\n79.49 m<\/td>\n<td style=\"width: 200px;text-align: center\">&#x1f1ee;&#x1f1f9; Roberto Orlando<br \/>\n78.19 m <strong>SB<\/strong><\/td>\n<\/tr>\n<tr>\n<td style=\"width: 200px;text-align: center\"><strong>Lancer du disque<br \/>\n<\/strong><\/td>\n<td style=\"text-align: center;width: 200px;vertical-align: middle\">&#x1f1f8;&#x1f1ee; Kristjan Ceh<br \/>\n66.11 m<\/td>\n<td style=\"text-align: center;width: 200px;vertical-align: middle\">&#x1f1f8;&#x1f1ea; Daniel Stahl<br \/>\n65.95 m<\/td>\n<td style=\"text-align: center;width: 200px;vertical-align: middle\">&#x1f1f8;&#x1f1ea; Simon Pettersson<br \/>\n63.80 m<\/td>\n<\/tr>\n<tr>\n<td style=\"width: 200px;text-align: center\"><strong>Lancer du marteau<br \/>\n<\/strong><\/td>\n<td style=\"text-align: center;width: 200px;vertical-align: middle\">&#x1f1ed;&#x1f1fa; Bence Halasz<br \/>\n76.69 m<\/td>\n<td style=\"text-align: center;width: 200px;vertical-align: middle\">&#x1f1ea;&#x1f1f8; Javier Cienfuegos<br \/>\n75.5 m <strong>SB<\/strong><\/td>\n<td style=\"text-align: center;width: 200px;vertical-align: middle\">&#x1f1f8;&#x1f1ea; Ragnar Carlsson<br \/>\n75.26 m<\/td>\n<\/tr>\n<tr>\n<td style=\"text-align: center;width: 200px;vertical-align: middle\"><strong>Lancer du poids<\/strong><\/td>\n<td style=\"text-align: center;width: 200px;vertical-align: middle\">&#x1f1ee;&#x1f1f9; Zane Weir<br \/>\n21.99 <strong>CR PB<\/strong><\/td>\n<td style=\"text-align: center;width: 200px;vertical-align: middle\">&#x1f1ee;&#x1f1f9; Nick Ponzio<br \/>\n21.83 m <strong>PB<\/strong><\/td>\n<td style=\"text-align: center;width: 200px;vertical-align: middle\">&#x1f1f3;&#x1f1f4; Marcus Thomsen<br \/>\n20.63 m<\/td>\n<\/tr>\n<\/tbody>\n<\/table>\n<\/div>\n<p><span style=\"font-size: 14px;\"><em>PB : Record personnel<br \/>\nSB : Meilleure performance personnelle de la saison<br \/>\nCR : Record des championnats<\/em><\/span><\/p>\n<\/div><\/div>\n<p>&nbsp;<\/p>\n<div class=\"su-spoiler su-spoiler-style-fancy su-spoiler-icon-chevron su-spoiler-closed\" data-scroll-offset=\"0\" data-anchor-in-url=\"no\"><div class=\"su-spoiler-title\" tabindex=\"0\" role=\"button\"><span class=\"su-spoiler-icon\"><\/span>Espoirs<\/div><div class=\"su-spoiler-content su-u-clearfix su-u-trim\">\n<h3 style=\"text-align: justify;\">Femmes<\/h3>\n<div class=\"su-table su-table-alternate\">\n<table style=\"width: 800px;border-collapse: collapse\">\n<tbody>\n<tr>\n<td style=\"text-align: center;width: 200px;vertical-align: middle\"><strong>\u00c9preuves<\/strong><\/td>\n<td style=\"background-color: #fff242;text-align: center;width: 200px;vertical-align: middle\"><strong>&#x1f947; Or<\/strong><\/td>\n<td style=\"background-color: #a8a8a8;text-align: center;width: 200px;vertical-align: middle\"><strong>&#x1f948; Argent<\/strong><\/td>\n<td style=\"background-color: #c97159;text-align: center;width: 200px;vertical-align: middle\"><strong>&#x1f949; Bronze<\/strong><\/td>\n<\/tr>\n<tr>\n<td style=\"width: 200px;text-align: center\"><strong>Lancer du javelot<br \/>\n<\/strong><\/td>\n<td style=\"text-align: center;width: 200px;vertical-align: middle\">&#x1f1f7;&#x1f1f8; Adriana Vilagos<br \/>\n60.72 m WU20L<\/td>\n<td style=\"text-align: center;width: 200px;vertical-align: middle\">&#x1f1f3;&#x1f1f4; Kaja Peteersen<br \/>\n58.44 m<\/td>\n<td style=\"text-align: center;width: 200px;vertical-align: middle\">&#x1f1eb;&#x1f1ee; Julia Valtanen<br \/>\n54.10 m<\/td>\n<\/tr>\n<tr>\n<td style=\"width: 200px;text-align: center\"><strong>Lancer du disque<br \/>\n<\/strong><\/td>\n<td style=\"text-align: center;width: 200px;vertical-align: middle\"><strong>&#x1f1eb;&#x1f1f7; Amanda Ngandu-Ntumba<br \/>\n<\/strong>55.38 m<\/td>\n<td style=\"text-align: center;width: 200px;vertical-align: middle\">&#x1f1f3;&#x1f1f1; Alida Van Daalen<br \/>\n55.02 m <strong>SB<\/strong><\/td>\n<td style=\"text-align: center;width: 200px;vertical-align: middle\">&#x1f1e9;&#x1f1ea; Antonia Kinzel<br \/>\n54.74 m<\/td>\n<\/tr>\n<tr>\n<td style=\"width: 200px;text-align: center\"><strong>Lancer du marteau<br \/>\n<\/strong><\/td>\n<td style=\"text-align: center;width: 200px;vertical-align: middle\">&#x1f1f5;&#x1f1f1; Ewa Rozanska<br \/>\n67.24 m<\/td>\n<td style=\"text-align: center;width: 200px;vertical-align: middle\">&#x1f1ec;&#x1f1e7; Charlotte Payne<br \/>\n66.72 m<\/td>\n<td style=\"text-align: center;width: 200px;vertical-align: middle\">&#x1f1ee;&#x1f1f8; Elisabet Runarsdottir<br \/>\n64.20 m<\/td>\n<\/tr>\n<tr>\n<td style=\"text-align: center;width: 200px;vertical-align: middle\"><strong>Lancer du poids<\/strong><\/td>\n<td style=\"text-align: center;width: 200px;vertical-align: middle\">&#x1f1f9;&#x1f1f7; Pinar Akyol<br \/>\n16.30 m<\/td>\n<td style=\"width: 200px;text-align: center\"><strong>&#x1f1eb;&#x1f1f7; Amanda Ngandu-Ntumba<\/strong><br \/>\n15.93 m <strong>SB<\/strong><\/td>\n<td style=\"width: 200px;text-align: center\">&#x1f1e9;&#x1f1ea; Jule Steuer<br \/>\n15.81 m <strong>SB<\/strong><\/td>\n<\/tr>\n<\/tbody>\n<\/table>\n<\/div>\n<p><span style=\"font-size: 14px;\"><em>WU20L : Meilleure performance mondiale junior de la saison<br \/>\nSB : Meilleure performance personnelle de la saison<br \/>\n<\/em><\/span><\/p>\n<h3 style=\"text-align: justify;\">Hommes<\/h3>\n<div class=\"su-table su-table-alternate\">\n<table style=\"width: 800px;border-collapse: collapse\">\n<tbody>\n<tr>\n<td style=\"text-align: center;width: 200px;vertical-align: middle\"><strong>\u00c9preuves<\/strong><\/td>\n<td style=\"background-color: #fff242;text-align: center;width: 200px;vertical-align: middle\"><strong>&#x1f947; Or<\/strong><\/td>\n<td style=\"background-color: #a8a8a8;text-align: center;width: 200px;vertical-align: middle\"><strong>&#x1f948; Argent<\/strong><\/td>\n<td style=\"background-color: #c97159;text-align: center;width: 200px;vertical-align: middle\"><strong>&#x1f949; Bronze<\/strong><\/td>\n<\/tr>\n<tr>\n<td style=\"width: 200px;text-align: center\"><strong>Lancer du javelot<br \/>\n<\/strong><\/td>\n<td style=\"width: 200px;text-align: center\"><strong>&#x1f1eb;&#x1f1f7; Teuraterai Tupaia<br \/>\n77.21 m SB<\/strong><\/td>\n<td style=\"width: 200px;text-align: center\">&#x1f1f5;&#x1f1f9; Leandro Ramos<br \/>\n76.48 m<\/td>\n<td style=\"width: 200px;text-align: center\">&#x1f1ed;&#x1f1fa; Gy\u00f6rgy Herczeg<br \/>\n74.87 m<\/td>\n<\/tr>\n<tr>\n<td style=\"width: 200px;text-align: center\"><strong>Lancer du disque<br \/>\n<\/strong><\/td>\n<td style=\"text-align: center;width: 200px;vertical-align: middle\">&#x1f1f1;&#x1f1f9; Martynas Alekna<br \/>\n58.09 m<\/td>\n<td style=\"width: 200px;text-align: center;vertical-align: middle\">&#x1f1f9;&#x1f1f7; Osman Kul<br \/>\n55.61 m<\/td>\n<td style=\"width: 200px;text-align: center;vertical-align: middle\">&#x1f1f3;&#x1f1f1; Ruben Rolvink<br \/>\n55.20 m<\/td>\n<\/tr>\n<tr>\n<td style=\"width: 200px;text-align: center\"><strong>Lancer du marteau<br \/>\n<\/strong><\/td>\n<td style=\"text-align: center;width: 200px;vertical-align: middle\">&#x1f1fa;&#x1f1e6; Mykhaylo Kokhan<strong><br \/>\n<\/strong>74.59 m<\/td>\n<td style=\"text-align: center;width: 200px;vertical-align: middle\">&#x1f1e9;&#x1f1ea; Merlin Hummel<br \/>\n71.73 m<\/td>\n<td style=\"text-align: center;width: 200px;vertical-align: middle\">&#x1f1ee;&#x1f1f9; Giorgio Olivieri<br \/>\n70.84 m<\/td>\n<\/tr>\n<tr>\n<td style=\"text-align: center;width: 200px;vertical-align: middle\"><strong>Lancer du poids<\/strong><\/td>\n<td style=\"text-align: center;width: 200px;vertical-align: middle\">&#x1f1f9;&#x1f1f7; Alperen Karahan<br \/>\n19.81 m <strong>SB<\/strong><\/td>\n<td style=\"width: 200px;text-align: center\">&#x1f1fd;&#x1f1f0; Muhamet Ramadani<br \/>\n18.60 m <strong>PB<\/strong><\/td>\n<td style=\"width: 200px;text-align: center\">&#x1f1f3;&#x1f1f1; Mattijs Mols<br \/>\n18.56 m<\/td>\n<\/tr>\n<\/tbody>\n<\/table>\n<\/div>\n<p><span style=\"font-size: 14px;\"><em>PB : Record personnel<\/em><\/span><br \/>\n<span style=\"font-size: 14px;\"><em>SB : Meilleure performance personnelle de la saison<\/em><\/span><em><br \/>\n<\/em><\/p>\n<\/div><\/div>\n<p>&nbsp;<\/p>\n","protected":false},"excerpt":{"rendered":"<p>ATHL\u00c9TISME &#8211; L&rsquo;\u00e9dition 2021 de la Coupe d&rsquo;Europe des lancers se d\u00e9roule ce week-end du 8 et 9 mai \u00e0 Split (Croatie). Voici le programme de la comp\u00e9tition.<\/p>\n","protected":false},"author":12,"featured_media":204387,"comment_status":"open","ping_status":"closed","sticky":false,"template":"","format":"standard","meta":{"_acf_changed":false,"_daextam_enable_autolinks":"","footnotes":""},"categories":[2308],"tags":[143,16409],"class_list":["post-203854","post","type-post","status-publish","format-standard","has-post-thumbnail","hentry","category-athletisme","tag-athletisme","tag-coupe-deurope-des-lancers"],"acf":[],"yoast_head":"<!-- This site is optimized with the Yoast SEO Premium plugin v26.7 (Yoast SEO v26.7) - https:\/\/yoast.com\/wordpress\/plugins\/seo\/ -->\n<title>Athl\u00e9tisme - Coupe d&#039;Europe des lancers 2022 : programme et r\u00e9sultats - Dicodusport<\/title>\n<meta name=\"description\" content=\"L&#039;\u00e9dition 2022 de la Coupe d&#039;Europe des lancers se d\u00e9roule du 12 et 13 mars \u00e0 Leiria. Voici le programme et les r\u00e9sultats de la comp\u00e9tition.\" \/>\n<meta name=\"robots\" content=\"index, follow, max-snippet:-1, max-image-preview:large, max-video-preview:-1\" \/>\n<link rel=\"canonical\" href=\"https:\/\/dicodusport.fr\/blog\/athletisme-coupe-deurope-des-lancers-2022-programme-et-resultats\/\" \/>\n<meta property=\"og:locale\" content=\"fr_FR\" \/>\n<meta property=\"og:type\" content=\"article\" \/>\n<meta property=\"og:title\" content=\"Athl\u00e9tisme - Coupe d&#039;Europe des lancers 2022 : programme et r\u00e9sultats\" \/>\n<meta property=\"og:description\" content=\"L&#039;\u00e9dition 2022 de la Coupe d&#039;Europe des lancers se d\u00e9roule du 12 et 13 mars \u00e0 Leiria. Voici le programme et les r\u00e9sultats de la comp\u00e9tition.\" \/>\n<meta property=\"og:url\" content=\"https:\/\/dicodusport.fr\/blog\/athletisme-coupe-deurope-des-lancers-2022-programme-et-resultats\/\" \/>\n<meta property=\"og:site_name\" content=\"Dicodusport\" \/>\n<meta property=\"article:publisher\" content=\"https:\/\/www.facebook.com\/dicodusport\" \/>\n<meta property=\"article:published_time\" content=\"2022-03-12T19:49:21+00:00\" \/>\n<meta property=\"article:modified_time\" content=\"2022-03-13T19:12:39+00:00\" \/>\n<meta property=\"og:image\" content=\"https:\/\/dicodusport.fr\/blog\/wp-content\/uploads\/2022\/03\/Athletisme-Coupe-dEurope-des-lancers-2022-la-selection-francaise.jpg\" \/>\n\t<meta property=\"og:image:width\" content=\"800\" \/>\n\t<meta property=\"og:image:height\" content=\"445\" \/>\n\t<meta property=\"og:image:type\" content=\"image\/jpeg\" \/>\n<meta name=\"author\" content=\"Arlette Yeye\" \/>\n<meta name=\"twitter:card\" content=\"summary_large_image\" \/>\n<meta name=\"twitter:title\" content=\"Athl\u00e9tisme - Coupe d&#039;Europe des lancers 2022 : programme et r\u00e9sultats\" \/>\n<meta name=\"twitter:creator\" content=\"@https:\/\/twitter.com\/Shiclette94\" \/>\n<meta name=\"twitter:site\" content=\"@dicodusport\" \/>\n<script type=\"application\/ld+json\" class=\"yoast-schema-graph\">{\"@context\":\"https:\/\/schema.org\",\"@graph\":[{\"@type\":\"NewsArticle\",\"@id\":\"https:\/\/dicodusport.fr\/blog\/athletisme-coupe-deurope-des-lancers-2022-programme-et-resultats\/#article\",\"isPartOf\":{\"@id\":\"https:\/\/dicodusport.fr\/blog\/athletisme-coupe-deurope-des-lancers-2022-programme-et-resultats\/\"},\"author\":{\"name\":\"Arlette Yeye\",\"@id\":\"https:\/\/dicodusport.fr\/blog\/#\/schema\/person\/cce96fa88785bd8573e3d43078ac8c79\"},\"headline\":\"Athl\u00e9tisme &#8211; Coupe d&rsquo;Europe des lancers 2022 : programme et r\u00e9sultats\",\"datePublished\":\"2022-03-12T19:49:21+00:00\",\"dateModified\":\"2022-03-13T19:12:39+00:00\",\"mainEntityOfPage\":{\"@id\":\"https:\/\/dicodusport.fr\/blog\/athletisme-coupe-deurope-des-lancers-2022-programme-et-resultats\/\"},\"wordCount\":1050,\"commentCount\":0,\"publisher\":{\"@id\":\"https:\/\/dicodusport.fr\/blog\/#organization\"},\"image\":{\"@id\":\"https:\/\/dicodusport.fr\/blog\/athletisme-coupe-deurope-des-lancers-2022-programme-et-resultats\/#primaryimage\"},\"thumbnailUrl\":\"https:\/\/dicodusport.fr\/blog\/wp-content\/uploads\/2022\/03\/Athletisme-Coupe-dEurope-des-lancers-2022-la-selection-francaise.jpg\",\"keywords\":[\"Athl\u00e9tisme\",\"Coupe d'Europe des lancers\"],\"articleSection\":[\"Athl\u00e9tisme\"],\"inLanguage\":\"fr-FR\",\"potentialAction\":[{\"@type\":\"CommentAction\",\"name\":\"Comment\",\"target\":[\"https:\/\/dicodusport.fr\/blog\/athletisme-coupe-deurope-des-lancers-2022-programme-et-resultats\/#respond\"]}],\"copyrightYear\":\"2022\",\"copyrightHolder\":{\"@id\":\"https:\/\/dicodusport.fr\/blog\/#organization\"}},{\"@type\":\"WebPage\",\"@id\":\"https:\/\/dicodusport.fr\/blog\/athletisme-coupe-deurope-des-lancers-2022-programme-et-resultats\/\",\"url\":\"https:\/\/dicodusport.fr\/blog\/athletisme-coupe-deurope-des-lancers-2022-programme-et-resultats\/\",\"name\":\"Athl\u00e9tisme - Coupe d'Europe des lancers 2022 : programme et r\u00e9sultats - Dicodusport\",\"isPartOf\":{\"@id\":\"https:\/\/dicodusport.fr\/blog\/#website\"},\"primaryImageOfPage\":{\"@id\":\"https:\/\/dicodusport.fr\/blog\/athletisme-coupe-deurope-des-lancers-2022-programme-et-resultats\/#primaryimage\"},\"image\":{\"@id\":\"https:\/\/dicodusport.fr\/blog\/athletisme-coupe-deurope-des-lancers-2022-programme-et-resultats\/#primaryimage\"},\"thumbnailUrl\":\"https:\/\/dicodusport.fr\/blog\/wp-content\/uploads\/2022\/03\/Athletisme-Coupe-dEurope-des-lancers-2022-la-selection-francaise.jpg\",\"datePublished\":\"2022-03-12T19:49:21+00:00\",\"dateModified\":\"2022-03-13T19:12:39+00:00\",\"description\":\"L'\u00e9dition 2022 de la Coupe d'Europe des lancers se d\u00e9roule du 12 et 13 mars \u00e0 Leiria. Voici le programme et les r\u00e9sultats de la comp\u00e9tition.\",\"breadcrumb\":{\"@id\":\"https:\/\/dicodusport.fr\/blog\/athletisme-coupe-deurope-des-lancers-2022-programme-et-resultats\/#breadcrumb\"},\"inLanguage\":\"fr-FR\",\"potentialAction\":[{\"@type\":\"ReadAction\",\"target\":[\"https:\/\/dicodusport.fr\/blog\/athletisme-coupe-deurope-des-lancers-2022-programme-et-resultats\/\"]}]},{\"@type\":\"ImageObject\",\"inLanguage\":\"fr-FR\",\"@id\":\"https:\/\/dicodusport.fr\/blog\/athletisme-coupe-deurope-des-lancers-2022-programme-et-resultats\/#primaryimage\",\"url\":\"https:\/\/dicodusport.fr\/blog\/wp-content\/uploads\/2022\/03\/Athletisme-Coupe-dEurope-des-lancers-2022-la-selection-francaise.jpg\",\"contentUrl\":\"https:\/\/dicodusport.fr\/blog\/wp-content\/uploads\/2022\/03\/Athletisme-Coupe-dEurope-des-lancers-2022-la-selection-francaise.jpg\",\"width\":800,\"height\":445,\"caption\":\"Athl\u00e9tisme - Coupe d'Europe des lancers 2022 la s\u00e9lection fran\u00e7aise\"},{\"@type\":\"BreadcrumbList\",\"@id\":\"https:\/\/dicodusport.fr\/blog\/athletisme-coupe-deurope-des-lancers-2022-programme-et-resultats\/#breadcrumb\",\"itemListElement\":[{\"@type\":\"ListItem\",\"position\":1,\"name\":\"Accueil\",\"item\":\"https:\/\/dicodusport.fr\/blog\/\"},{\"@type\":\"ListItem\",\"position\":2,\"name\":\"Athl\u00e9tisme &#8211; Coupe d&rsquo;Europe des lancers 2022 : programme et r\u00e9sultats\"}]},{\"@type\":\"WebSite\",\"@id\":\"https:\/\/dicodusport.fr\/blog\/#website\",\"url\":\"https:\/\/dicodusport.fr\/blog\/\",\"name\":\"Dicodusport\",\"description\":\"L&#039;encyclop\u00e9die de l&#039;actualit\u00e9 sportive\",\"publisher\":{\"@id\":\"https:\/\/dicodusport.fr\/blog\/#organization\"},\"potentialAction\":[{\"@type\":\"SearchAction\",\"target\":{\"@type\":\"EntryPoint\",\"urlTemplate\":\"https:\/\/dicodusport.fr\/blog\/?s={search_term_string}\"},\"query-input\":{\"@type\":\"PropertyValueSpecification\",\"valueRequired\":true,\"valueName\":\"search_term_string\"}}],\"inLanguage\":\"fr-FR\"},{\"@type\":\"NewsMediaOrganization\",\"@id\":\"https:\/\/dicodusport.fr\/blog\/#organization\",\"name\":\"Dicodusport\",\"url\":\"https:\/\/dicodusport.fr\/blog\/\",\"logo\":{\"@type\":\"ImageObject\",\"inLanguage\":\"fr-FR\",\"@id\":\"https:\/\/dicodusport.fr\/blog\/#\/schema\/logo\/image\/\",\"url\":\"https:\/\/dicodusport.fr\/blog\/wp-content\/uploads\/2020\/06\/cropped-LOGO-DICODUSPORT-2020-SANS-FOND-SANS-TEXTE.png\",\"contentUrl\":\"https:\/\/dicodusport.fr\/blog\/wp-content\/uploads\/2020\/06\/cropped-LOGO-DICODUSPORT-2020-SANS-FOND-SANS-TEXTE.png\",\"width\":512,\"height\":512,\"caption\":\"Dicodusport\"},\"image\":{\"@id\":\"https:\/\/dicodusport.fr\/blog\/#\/schema\/logo\/image\/\"},\"sameAs\":[\"https:\/\/www.facebook.com\/dicodusport\",\"https:\/\/x.com\/dicodusport\",\"https:\/\/www.instagram.com\/dicodusport\/\",\"https:\/\/www.youtube.com\/channel\/UC7V2KZ5sd3htJivAbA4ZG3w\"],\"description\":\"Dicodusport est l'encyclop\u00e9die de l'actualit\u00e9 sportive.\",\"email\":\"bonjour@dicodusport.fr\",\"legalName\":\"DICODUSPORT\",\"foundingDate\":\"2018-01-14\",\"vatID\":\"FR71834470973\",\"taxID\":\"83447097300043\",\"numberOfEmployees\":{\"@type\":\"QuantitativeValue\",\"minValue\":\"1\",\"maxValue\":\"10\"}},{\"@type\":\"Person\",\"@id\":\"https:\/\/dicodusport.fr\/blog\/#\/schema\/person\/cce96fa88785bd8573e3d43078ac8c79\",\"name\":\"Arlette Yeye\",\"image\":{\"@type\":\"ImageObject\",\"inLanguage\":\"fr-FR\",\"@id\":\"https:\/\/dicodusport.fr\/blog\/#\/schema\/person\/image\/\",\"url\":\"https:\/\/secure.gravatar.com\/avatar\/dca4a6239e6d708e46c45d60e160de6c?s=96&d=wp_user_avatar&r=g\",\"contentUrl\":\"https:\/\/secure.gravatar.com\/avatar\/dca4a6239e6d708e46c45d60e160de6c?s=96&d=wp_user_avatar&r=g\",\"caption\":\"Arlette Yeye\"},\"description\":\"Journaliste\/r\u00e9dactrice depuis septembre 2015 - Supportrice de Chelsea, j'ai pour sports de pr\u00e9dilection le handball, l'athl\u00e9tisme et le tennis. Si je tweete plus vite que mon ombre, vous pouvez aussi me retrouver les week-ends sur les playgrounds de Bruxelles pour un petit foot ou basket entre potes. Parcourir la France, l'Europe et plus si affinit\u00e9s pour suivre mes sportifs pr\u00e9f\u00e9r\u00e9s ? Mon kif ! Et c'est avec plaisir que je partage les r\u00e9sultats des sports populaires mais \u00e9galement plus confidentiels pour Dicodusport.\",\"sameAs\":[\"https:\/\/x.com\/https:\/\/twitter.com\/Shiclette94\"],\"url\":\"https:\/\/dicodusport.fr\/blog\/author\/arlette\/\"}]}<\/script>\n<!-- \/ Yoast SEO Premium plugin. -->","yoast_head_json":{"title":"Athl\u00e9tisme - Coupe d'Europe des lancers 2022 : programme et r\u00e9sultats - Dicodusport","description":"L'\u00e9dition 2022 de la Coupe d'Europe des lancers se d\u00e9roule du 12 et 13 mars \u00e0 Leiria. Voici le programme et les r\u00e9sultats de la comp\u00e9tition.","robots":{"index":"index","follow":"follow","max-snippet":"max-snippet:-1","max-image-preview":"max-image-preview:large","max-video-preview":"max-video-preview:-1"},"canonical":"https:\/\/dicodusport.fr\/blog\/athletisme-coupe-deurope-des-lancers-2022-programme-et-resultats\/","og_locale":"fr_FR","og_type":"article","og_title":"Athl\u00e9tisme - Coupe d'Europe des lancers 2022 : programme et r\u00e9sultats","og_description":"L'\u00e9dition 2022 de la Coupe d'Europe des lancers se d\u00e9roule du 12 et 13 mars \u00e0 Leiria. Voici le programme et les r\u00e9sultats de la comp\u00e9tition.","og_url":"https:\/\/dicodusport.fr\/blog\/athletisme-coupe-deurope-des-lancers-2022-programme-et-resultats\/","og_site_name":"Dicodusport","article_publisher":"https:\/\/www.facebook.com\/dicodusport","article_published_time":"2022-03-12T19:49:21+00:00","article_modified_time":"2022-03-13T19:12:39+00:00","og_image":[{"width":800,"height":445,"url":"https:\/\/dicodusport.fr\/blog\/wp-content\/uploads\/2022\/03\/Athletisme-Coupe-dEurope-des-lancers-2022-la-selection-francaise.jpg","type":"image\/jpeg"}],"author":"Arlette Yeye","twitter_card":"summary_large_image","twitter_title":"Athl\u00e9tisme - Coupe d'Europe des lancers 2022 : programme et r\u00e9sultats","twitter_creator":"@https:\/\/twitter.com\/Shiclette94","twitter_site":"@dicodusport","schema":{"@context":"https:\/\/schema.org","@graph":[{"@type":"NewsArticle","@id":"https:\/\/dicodusport.fr\/blog\/athletisme-coupe-deurope-des-lancers-2022-programme-et-resultats\/#article","isPartOf":{"@id":"https:\/\/dicodusport.fr\/blog\/athletisme-coupe-deurope-des-lancers-2022-programme-et-resultats\/"},"author":{"name":"Arlette Yeye","@id":"https:\/\/dicodusport.fr\/blog\/#\/schema\/person\/cce96fa88785bd8573e3d43078ac8c79"},"headline":"Athl\u00e9tisme &#8211; Coupe d&rsquo;Europe des lancers 2022 : programme et r\u00e9sultats","datePublished":"2022-03-12T19:49:21+00:00","dateModified":"2022-03-13T19:12:39+00:00","mainEntityOfPage":{"@id":"https:\/\/dicodusport.fr\/blog\/athletisme-coupe-deurope-des-lancers-2022-programme-et-resultats\/"},"wordCount":1050,"commentCount":0,"publisher":{"@id":"https:\/\/dicodusport.fr\/blog\/#organization"},"image":{"@id":"https:\/\/dicodusport.fr\/blog\/athletisme-coupe-deurope-des-lancers-2022-programme-et-resultats\/#primaryimage"},"thumbnailUrl":"https:\/\/dicodusport.fr\/blog\/wp-content\/uploads\/2022\/03\/Athletisme-Coupe-dEurope-des-lancers-2022-la-selection-francaise.jpg","keywords":["Athl\u00e9tisme","Coupe d'Europe des lancers"],"articleSection":["Athl\u00e9tisme"],"inLanguage":"fr-FR","potentialAction":[{"@type":"CommentAction","name":"Comment","target":["https:\/\/dicodusport.fr\/blog\/athletisme-coupe-deurope-des-lancers-2022-programme-et-resultats\/#respond"]}],"copyrightYear":"2022","copyrightHolder":{"@id":"https:\/\/dicodusport.fr\/blog\/#organization"}},{"@type":"WebPage","@id":"https:\/\/dicodusport.fr\/blog\/athletisme-coupe-deurope-des-lancers-2022-programme-et-resultats\/","url":"https:\/\/dicodusport.fr\/blog\/athletisme-coupe-deurope-des-lancers-2022-programme-et-resultats\/","name":"Athl\u00e9tisme - Coupe d'Europe des lancers 2022 : programme et r\u00e9sultats - Dicodusport","isPartOf":{"@id":"https:\/\/dicodusport.fr\/blog\/#website"},"primaryImageOfPage":{"@id":"https:\/\/dicodusport.fr\/blog\/athletisme-coupe-deurope-des-lancers-2022-programme-et-resultats\/#primaryimage"},"image":{"@id":"https:\/\/dicodusport.fr\/blog\/athletisme-coupe-deurope-des-lancers-2022-programme-et-resultats\/#primaryimage"},"thumbnailUrl":"https:\/\/dicodusport.fr\/blog\/wp-content\/uploads\/2022\/03\/Athletisme-Coupe-dEurope-des-lancers-2022-la-selection-francaise.jpg","datePublished":"2022-03-12T19:49:21+00:00","dateModified":"2022-03-13T19:12:39+00:00","description":"L'\u00e9dition 2022 de la Coupe d'Europe des lancers se d\u00e9roule du 12 et 13 mars \u00e0 Leiria. Voici le programme et les r\u00e9sultats de la comp\u00e9tition.","breadcrumb":{"@id":"https:\/\/dicodusport.fr\/blog\/athletisme-coupe-deurope-des-lancers-2022-programme-et-resultats\/#breadcrumb"},"inLanguage":"fr-FR","potentialAction":[{"@type":"ReadAction","target":["https:\/\/dicodusport.fr\/blog\/athletisme-coupe-deurope-des-lancers-2022-programme-et-resultats\/"]}]},{"@type":"ImageObject","inLanguage":"fr-FR","@id":"https:\/\/dicodusport.fr\/blog\/athletisme-coupe-deurope-des-lancers-2022-programme-et-resultats\/#primaryimage","url":"https:\/\/dicodusport.fr\/blog\/wp-content\/uploads\/2022\/03\/Athletisme-Coupe-dEurope-des-lancers-2022-la-selection-francaise.jpg","contentUrl":"https:\/\/dicodusport.fr\/blog\/wp-content\/uploads\/2022\/03\/Athletisme-Coupe-dEurope-des-lancers-2022-la-selection-francaise.jpg","width":800,"height":445,"caption":"Athl\u00e9tisme - Coupe d'Europe des lancers 2022 la s\u00e9lection fran\u00e7aise"},{"@type":"BreadcrumbList","@id":"https:\/\/dicodusport.fr\/blog\/athletisme-coupe-deurope-des-lancers-2022-programme-et-resultats\/#breadcrumb","itemListElement":[{"@type":"ListItem","position":1,"name":"Accueil","item":"https:\/\/dicodusport.fr\/blog\/"},{"@type":"ListItem","position":2,"name":"Athl\u00e9tisme &#8211; Coupe d&rsquo;Europe des lancers 2022 : programme et r\u00e9sultats"}]},{"@type":"WebSite","@id":"https:\/\/dicodusport.fr\/blog\/#website","url":"https:\/\/dicodusport.fr\/blog\/","name":"Dicodusport","description":"L&#039;encyclop\u00e9die de l&#039;actualit\u00e9 sportive","publisher":{"@id":"https:\/\/dicodusport.fr\/blog\/#organization"},"potentialAction":[{"@type":"SearchAction","target":{"@type":"EntryPoint","urlTemplate":"https:\/\/dicodusport.fr\/blog\/?s={search_term_string}"},"query-input":{"@type":"PropertyValueSpecification","valueRequired":true,"valueName":"search_term_string"}}],"inLanguage":"fr-FR"},{"@type":"NewsMediaOrganization","@id":"https:\/\/dicodusport.fr\/blog\/#organization","name":"Dicodusport","url":"https:\/\/dicodusport.fr\/blog\/","logo":{"@type":"ImageObject","inLanguage":"fr-FR","@id":"https:\/\/dicodusport.fr\/blog\/#\/schema\/logo\/image\/","url":"https:\/\/dicodusport.fr\/blog\/wp-content\/uploads\/2020\/06\/cropped-LOGO-DICODUSPORT-2020-SANS-FOND-SANS-TEXTE.png","contentUrl":"https:\/\/dicodusport.fr\/blog\/wp-content\/uploads\/2020\/06\/cropped-LOGO-DICODUSPORT-2020-SANS-FOND-SANS-TEXTE.png","width":512,"height":512,"caption":"Dicodusport"},"image":{"@id":"https:\/\/dicodusport.fr\/blog\/#\/schema\/logo\/image\/"},"sameAs":["https:\/\/www.facebook.com\/dicodusport","https:\/\/x.com\/dicodusport","https:\/\/www.instagram.com\/dicodusport\/","https:\/\/www.youtube.com\/channel\/UC7V2KZ5sd3htJivAbA4ZG3w"],"description":"Dicodusport est l'encyclop\u00e9die de l'actualit\u00e9 sportive.","email":"bonjour@dicodusport.fr","legalName":"DICODUSPORT","foundingDate":"2018-01-14","vatID":"FR71834470973","taxID":"83447097300043","numberOfEmployees":{"@type":"QuantitativeValue","minValue":"1","maxValue":"10"}},{"@type":"Person","@id":"https:\/\/dicodusport.fr\/blog\/#\/schema\/person\/cce96fa88785bd8573e3d43078ac8c79","name":"Arlette Yeye","image":{"@type":"ImageObject","inLanguage":"fr-FR","@id":"https:\/\/dicodusport.fr\/blog\/#\/schema\/person\/image\/","url":"https:\/\/secure.gravatar.com\/avatar\/dca4a6239e6d708e46c45d60e160de6c?s=96&d=wp_user_avatar&r=g","contentUrl":"https:\/\/secure.gravatar.com\/avatar\/dca4a6239e6d708e46c45d60e160de6c?s=96&d=wp_user_avatar&r=g","caption":"Arlette Yeye"},"description":"Journaliste\/r\u00e9dactrice depuis septembre 2015 - Supportrice de Chelsea, j'ai pour sports de pr\u00e9dilection le handball, l'athl\u00e9tisme et le tennis. Si je tweete plus vite que mon ombre, vous pouvez aussi me retrouver les week-ends sur les playgrounds de Bruxelles pour un petit foot ou basket entre potes. Parcourir la France, l'Europe et plus si affinit\u00e9s pour suivre mes sportifs pr\u00e9f\u00e9r\u00e9s ? Mon kif ! Et c'est avec plaisir que je partage les r\u00e9sultats des sports populaires mais \u00e9galement plus confidentiels pour Dicodusport.","sameAs":["https:\/\/x.com\/https:\/\/twitter.com\/Shiclette94"],"url":"https:\/\/dicodusport.fr\/blog\/author\/arlette\/"}]}},"_links":{"self":[{"href":"https:\/\/dicodusport.fr\/blog\/wp-json\/wp\/v2\/posts\/203854","targetHints":{"allow":["GET"]}}],"collection":[{"href":"https:\/\/dicodusport.fr\/blog\/wp-json\/wp\/v2\/posts"}],"about":[{"href":"https:\/\/dicodusport.fr\/blog\/wp-json\/wp\/v2\/types\/post"}],"author":[{"embeddable":true,"href":"https:\/\/dicodusport.fr\/blog\/wp-json\/wp\/v2\/users\/12"}],"replies":[{"embeddable":true,"href":"https:\/\/dicodusport.fr\/blog\/wp-json\/wp\/v2\/comments?post=203854"}],"version-history":[{"count":0,"href":"https:\/\/dicodusport.fr\/blog\/wp-json\/wp\/v2\/posts\/203854\/revisions"}],"wp:featuredmedia":[{"embeddable":true,"href":"https:\/\/dicodusport.fr\/blog\/wp-json\/wp\/v2\/media\/204387"}],"wp:attachment":[{"href":"https:\/\/dicodusport.fr\/blog\/wp-json\/wp\/v2\/media?parent=203854"}],"wp:term":[{"taxonomy":"category","embeddable":true,"href":"https:\/\/dicodusport.fr\/blog\/wp-json\/wp\/v2\/categories?post=203854"},{"taxonomy":"post_tag","embeddable":true,"href":"https:\/\/dicodusport.fr\/blog\/wp-json\/wp\/v2\/tags?post=203854"}],"curies":[{"name":"wp","href":"https:\/\/api.w.org\/{rel}","templated":true}]}}