{"id":203870,"date":"2022-02-28T13:43:05","date_gmt":"2022-02-28T12:43:05","guid":{"rendered":"https:\/\/dicodusport.fr\/blog\/?p=203870&#038;preview=true&#038;preview_id=203870"},"modified":"2022-02-28T16:32:12","modified_gmt":"2022-02-28T15:32:12","slug":"esteban-ocon-on-a-vu-des-choses-un-peu-etranges-les-voitures-sautaient-en-ligne-droite","status":"publish","type":"post","link":"https:\/\/dicodusport.fr\/blog\/esteban-ocon-on-a-vu-des-choses-un-peu-etranges-les-voitures-sautaient-en-ligne-droite\/","title":{"rendered":"Esteban Ocon : \u00ab\u00a0On a vu des choses un peu \u00e9tranges, les voitures sautaient en ligne droite\u00a0\u00bb"},"content":{"rendered":"<p style=\"text-align: justify;\"><strong><em>F1 2022 &#8211; Apr\u00e8s trois jours de tests \u00e0 Barcelone, Esteban Ocon (Alpine) s&rsquo;est confi\u00e9 sur sa nouvelle monoplace, sur le plateau de Stade 2 dimanche soir.\u00a0<\/em><\/strong><\/p>\n<p style=\"text-align: justify;\">Quatorzi\u00e8me de la 2\u00e8me journ\u00e9e d&rsquo;essai en Espagne, <strong>Esteban Ocon<\/strong> \u00e9tait content des premiers tests au volant de <a href=\"https:\/\/dicodusport.fr\/blog\/f1-decouvrez-la-monoplace-a522-alpine-pour-la-saison-2022\/\">l&rsquo;Alpine A522<\/a>, m\u00eame s&rsquo;il a d\u00e9couvert comme les autres pilotes une monoplace qui fait des bonds en ligne droite.<\/p>\n<blockquote>\n<p style=\"text-align: justify;\">Les premiers tests se sont bien pass\u00e9s. On ne s&rsquo;est pas focalis\u00e9 encore sur la performance pure, c&rsquo;est trop t\u00f4t pour donner une hi\u00e9rarchie de qui sera aux avant-postes. On a fait beaucoup de tours, on a commenc\u00e9 \u00e0 comprendre la nouvelle voiture. On aura encore trois jours d&rsquo;essais \u00e0 Bahre\u00efn, mais on a vu des choses un peu \u00e9tranges, toutes les voitures sautaient en ligne droite. Personne ne s&rsquo;y attendait, mais c&rsquo;est d\u00fb aux nouvelles r\u00e9glementations.<\/p>\n<\/blockquote>\n<p style=\"text-align: justify;\"><strong>Esteban Ocon<\/strong> en a profit\u00e9 pour \u00eatre \u00e9logieux envers son co\u00e9quipier, Fernando Alonso, <em>\u00ab un grand champion \u00bb<\/em> et <em>\u00ab un grand comp\u00e9titeur \u00bb<\/em>.<\/p>\n<blockquote class=\"twitter-tweet\">\n<p dir=\"ltr\" lang=\"fr\">&#x1f3ce; Le pilote de <a href=\"https:\/\/twitter.com\/hashtag\/F1?src=hash&amp;ref_src=twsrc%5Etfw\">#F1<\/a> <a href=\"https:\/\/twitter.com\/OconEsteban?ref_src=twsrc%5Etfw\">@OconEsteban<\/a>, de l&rsquo;\u00e9curie <a href=\"https:\/\/twitter.com\/AlpineF1Team?ref_src=twsrc%5Etfw\">@AlpineF1Team<\/a>, \u00e9tait sur le plateau de <a href=\"https:\/\/twitter.com\/hashtag\/Stade2?src=hash&amp;ref_src=twsrc%5Etfw\">#Stade2<\/a> pour parler notamment de sa nouvelle voiture <a href=\"https:\/\/twitter.com\/hashtag\/A522?src=hash&amp;ref_src=twsrc%5Etfw\">#A522<\/a> pour la saison ! <a href=\"https:\/\/t.co\/70a6r52Clb\">pic.twitter.com\/70a6r52Clb<\/a><\/p>\n<p>\u2014 francetvsport (@francetvsport) <a href=\"https:\/\/twitter.com\/francetvsport\/status\/1498049938894249984?ref_src=twsrc%5Etfw\">February 27, 2022<\/a><\/p><\/blockquote>\n<p><script async src=\"https:\/\/platform.twitter.com\/widgets.js\" charset=\"utf-8\"><\/script><\/p>\n<p>&nbsp;<\/p>\n","protected":false},"excerpt":{"rendered":"<p>F1 2022 &#8211; Apr\u00e8s trois jours de tests \u00e0 Barcelone, Esteban Ocon (Alpine) s&rsquo;est confi\u00e9 sur sa nouvelle monoplace, sur le plateau de Stade 2 dimanche soir.\u00a0<\/p>\n","protected":false},"author":1,"featured_media":203874,"comment_status":"open","ping_status":"closed","sticky":false,"template":"","format":"standard","meta":{"_acf_changed":false,"_daextam_enable_autolinks":"","footnotes":""},"categories":[8653],"tags":[11586,4223],"class_list":["post-203870","post","type-post","status-publish","format-standard","has-post-thumbnail","hentry","category-formule-1","tag-alpine","tag-esteban-ocon"],"acf":[],"yoast_head":"<!-- This site is optimized with the Yoast SEO Premium plugin v26.7 (Yoast SEO v26.7) - https:\/\/yoast.com\/wordpress\/plugins\/seo\/ -->\n<title>Esteban Ocon : &quot;On a vu des choses un peu \u00e9tranges, les voitures sautaient en ligne droite&quot;<\/title>\n<meta name=\"description\" content=\"F1 2022 - Apr\u00e8s trois jours de tests \u00e0 Barcelone, Esteban Ocon (Alpine) s&#039;est confi\u00e9 sur sa nouvelle monoplace, sur le plateau de Stade 2.\" \/>\n<meta name=\"robots\" content=\"index, follow, max-snippet:-1, max-image-preview:large, max-video-preview:-1\" \/>\n<link rel=\"canonical\" href=\"https:\/\/dicodusport.fr\/blog\/esteban-ocon-on-a-vu-des-choses-un-peu-etranges-les-voitures-sautaient-en-ligne-droite\/\" \/>\n<meta property=\"og:locale\" content=\"fr_FR\" \/>\n<meta property=\"og:type\" content=\"article\" \/>\n<meta property=\"og:title\" content=\"Esteban Ocon : &quot;On a vu des choses un peu \u00e9tranges, les voitures sautaient en ligne droite&quot;\" \/>\n<meta property=\"og:description\" content=\"F1 2022 - Apr\u00e8s trois jours de tests \u00e0 Barcelone, Esteban Ocon (Alpine) s&#039;est confi\u00e9 sur sa nouvelle monoplace, sur le plateau de Stade 2.\" \/>\n<meta property=\"og:url\" content=\"https:\/\/dicodusport.fr\/blog\/esteban-ocon-on-a-vu-des-choses-un-peu-etranges-les-voitures-sautaient-en-ligne-droite\/\" \/>\n<meta property=\"og:site_name\" content=\"Dicodusport\" \/>\n<meta property=\"article:publisher\" content=\"https:\/\/www.facebook.com\/dicodusport\" \/>\n<meta property=\"article:author\" content=\"https:\/\/www.facebook.com\/dicodusport\" \/>\n<meta property=\"article:published_time\" content=\"2022-02-28T12:43:05+00:00\" \/>\n<meta property=\"article:modified_time\" content=\"2022-02-28T15:32:12+00:00\" \/>\n<meta property=\"og:image\" content=\"https:\/\/dicodusport.fr\/blog\/wp-content\/uploads\/2022\/02\/Esteban-Ocon-On-a-vu-des-choses-un-peu-e\u0301tranges-toutes-les-voitures-sautaient-en-ligne-droite.png\" \/>\n\t<meta property=\"og:image:width\" content=\"800\" \/>\n\t<meta property=\"og:image:height\" content=\"445\" \/>\n\t<meta property=\"og:image:type\" content=\"image\/png\" \/>\n<meta name=\"author\" content=\"Nicolas Jacquemard\" \/>\n<meta name=\"twitter:card\" content=\"summary_large_image\" \/>\n<meta name=\"twitter:title\" content=\"Esteban Ocon : &quot;On a vu des choses un peu \u00e9tranges, les voitures sautaient en ligne droite&quot;\" \/>\n<meta name=\"twitter:creator\" content=\"@https:\/\/twitter.com\/Nico_Jacquemard\" \/>\n<meta name=\"twitter:site\" content=\"@dicodusport\" \/>\n<script type=\"application\/ld+json\" class=\"yoast-schema-graph\">{\"@context\":\"https:\/\/schema.org\",\"@graph\":[{\"@type\":\"NewsArticle\",\"@id\":\"https:\/\/dicodusport.fr\/blog\/esteban-ocon-on-a-vu-des-choses-un-peu-etranges-les-voitures-sautaient-en-ligne-droite\/#article\",\"isPartOf\":{\"@id\":\"https:\/\/dicodusport.fr\/blog\/esteban-ocon-on-a-vu-des-choses-un-peu-etranges-les-voitures-sautaient-en-ligne-droite\/\"},\"author\":{\"name\":\"Nicolas Jacquemard\",\"@id\":\"https:\/\/dicodusport.fr\/blog\/#\/schema\/person\/55dcb50ad410894e431ed812bbb70191\"},\"headline\":\"Esteban Ocon : \u00ab\u00a0On a vu des choses un peu \u00e9tranges, les voitures sautaient en ligne droite\u00a0\u00bb\",\"datePublished\":\"2022-02-28T12:43:05+00:00\",\"dateModified\":\"2022-02-28T15:32:12+00:00\",\"mainEntityOfPage\":{\"@id\":\"https:\/\/dicodusport.fr\/blog\/esteban-ocon-on-a-vu-des-choses-un-peu-etranges-les-voitures-sautaient-en-ligne-droite\/\"},\"wordCount\":233,\"commentCount\":0,\"publisher\":{\"@id\":\"https:\/\/dicodusport.fr\/blog\/#organization\"},\"image\":{\"@id\":\"https:\/\/dicodusport.fr\/blog\/esteban-ocon-on-a-vu-des-choses-un-peu-etranges-les-voitures-sautaient-en-ligne-droite\/#primaryimage\"},\"thumbnailUrl\":\"https:\/\/dicodusport.fr\/blog\/wp-content\/uploads\/2022\/02\/Esteban-Ocon-On-a-vu-des-choses-un-peu-e\u0301tranges-toutes-les-voitures-sautaient-en-ligne-droite.png\",\"keywords\":[\"Alpine\",\"Esteban Ocon\"],\"articleSection\":[\"Formule 1\"],\"inLanguage\":\"fr-FR\",\"potentialAction\":[{\"@type\":\"CommentAction\",\"name\":\"Comment\",\"target\":[\"https:\/\/dicodusport.fr\/blog\/esteban-ocon-on-a-vu-des-choses-un-peu-etranges-les-voitures-sautaient-en-ligne-droite\/#respond\"]}],\"copyrightYear\":\"2022\",\"copyrightHolder\":{\"@id\":\"https:\/\/dicodusport.fr\/blog\/#organization\"}},{\"@type\":\"WebPage\",\"@id\":\"https:\/\/dicodusport.fr\/blog\/esteban-ocon-on-a-vu-des-choses-un-peu-etranges-les-voitures-sautaient-en-ligne-droite\/\",\"url\":\"https:\/\/dicodusport.fr\/blog\/esteban-ocon-on-a-vu-des-choses-un-peu-etranges-les-voitures-sautaient-en-ligne-droite\/\",\"name\":\"Esteban Ocon : \\\"On a vu des choses un peu \u00e9tranges, les voitures sautaient en ligne droite\\\"\",\"isPartOf\":{\"@id\":\"https:\/\/dicodusport.fr\/blog\/#website\"},\"primaryImageOfPage\":{\"@id\":\"https:\/\/dicodusport.fr\/blog\/esteban-ocon-on-a-vu-des-choses-un-peu-etranges-les-voitures-sautaient-en-ligne-droite\/#primaryimage\"},\"image\":{\"@id\":\"https:\/\/dicodusport.fr\/blog\/esteban-ocon-on-a-vu-des-choses-un-peu-etranges-les-voitures-sautaient-en-ligne-droite\/#primaryimage\"},\"thumbnailUrl\":\"https:\/\/dicodusport.fr\/blog\/wp-content\/uploads\/2022\/02\/Esteban-Ocon-On-a-vu-des-choses-un-peu-e\u0301tranges-toutes-les-voitures-sautaient-en-ligne-droite.png\",\"datePublished\":\"2022-02-28T12:43:05+00:00\",\"dateModified\":\"2022-02-28T15:32:12+00:00\",\"description\":\"F1 2022 - Apr\u00e8s trois jours de tests \u00e0 Barcelone, Esteban Ocon (Alpine) s'est confi\u00e9 sur sa nouvelle monoplace, sur le plateau de Stade 2.\",\"breadcrumb\":{\"@id\":\"https:\/\/dicodusport.fr\/blog\/esteban-ocon-on-a-vu-des-choses-un-peu-etranges-les-voitures-sautaient-en-ligne-droite\/#breadcrumb\"},\"inLanguage\":\"fr-FR\",\"potentialAction\":[{\"@type\":\"ReadAction\",\"target\":[\"https:\/\/dicodusport.fr\/blog\/esteban-ocon-on-a-vu-des-choses-un-peu-etranges-les-voitures-sautaient-en-ligne-droite\/\"]}]},{\"@type\":\"ImageObject\",\"inLanguage\":\"fr-FR\",\"@id\":\"https:\/\/dicodusport.fr\/blog\/esteban-ocon-on-a-vu-des-choses-un-peu-etranges-les-voitures-sautaient-en-ligne-droite\/#primaryimage\",\"url\":\"https:\/\/dicodusport.fr\/blog\/wp-content\/uploads\/2022\/02\/Esteban-Ocon-On-a-vu-des-choses-un-peu-e\u0301tranges-toutes-les-voitures-sautaient-en-ligne-droite.png\",\"contentUrl\":\"https:\/\/dicodusport.fr\/blog\/wp-content\/uploads\/2022\/02\/Esteban-Ocon-On-a-vu-des-choses-un-peu-e\u0301tranges-toutes-les-voitures-sautaient-en-ligne-droite.png\",\"width\":800,\"height\":445},{\"@type\":\"BreadcrumbList\",\"@id\":\"https:\/\/dicodusport.fr\/blog\/esteban-ocon-on-a-vu-des-choses-un-peu-etranges-les-voitures-sautaient-en-ligne-droite\/#breadcrumb\",\"itemListElement\":[{\"@type\":\"ListItem\",\"position\":1,\"name\":\"Accueil\",\"item\":\"https:\/\/dicodusport.fr\/blog\/\"},{\"@type\":\"ListItem\",\"position\":2,\"name\":\"Esteban Ocon : \u00ab\u00a0On a vu des choses un peu \u00e9tranges, les voitures sautaient en ligne droite\u00a0\u00bb\"}]},{\"@type\":\"WebSite\",\"@id\":\"https:\/\/dicodusport.fr\/blog\/#website\",\"url\":\"https:\/\/dicodusport.fr\/blog\/\",\"name\":\"Dicodusport\",\"description\":\"L&#039;encyclop\u00e9die de l&#039;actualit\u00e9 sportive\",\"publisher\":{\"@id\":\"https:\/\/dicodusport.fr\/blog\/#organization\"},\"potentialAction\":[{\"@type\":\"SearchAction\",\"target\":{\"@type\":\"EntryPoint\",\"urlTemplate\":\"https:\/\/dicodusport.fr\/blog\/?s={search_term_string}\"},\"query-input\":{\"@type\":\"PropertyValueSpecification\",\"valueRequired\":true,\"valueName\":\"search_term_string\"}}],\"inLanguage\":\"fr-FR\"},{\"@type\":\"NewsMediaOrganization\",\"@id\":\"https:\/\/dicodusport.fr\/blog\/#organization\",\"name\":\"Dicodusport\",\"url\":\"https:\/\/dicodusport.fr\/blog\/\",\"logo\":{\"@type\":\"ImageObject\",\"inLanguage\":\"fr-FR\",\"@id\":\"https:\/\/dicodusport.fr\/blog\/#\/schema\/logo\/image\/\",\"url\":\"https:\/\/dicodusport.fr\/blog\/wp-content\/uploads\/2020\/06\/cropped-LOGO-DICODUSPORT-2020-SANS-FOND-SANS-TEXTE.png\",\"contentUrl\":\"https:\/\/dicodusport.fr\/blog\/wp-content\/uploads\/2020\/06\/cropped-LOGO-DICODUSPORT-2020-SANS-FOND-SANS-TEXTE.png\",\"width\":512,\"height\":512,\"caption\":\"Dicodusport\"},\"image\":{\"@id\":\"https:\/\/dicodusport.fr\/blog\/#\/schema\/logo\/image\/\"},\"sameAs\":[\"https:\/\/www.facebook.com\/dicodusport\",\"https:\/\/x.com\/dicodusport\",\"https:\/\/www.instagram.com\/dicodusport\/\",\"https:\/\/www.youtube.com\/channel\/UC7V2KZ5sd3htJivAbA4ZG3w\"],\"description\":\"Dicodusport est l'encyclop\u00e9die de l'actualit\u00e9 sportive.\",\"email\":\"bonjour@dicodusport.fr\",\"legalName\":\"DICODUSPORT\",\"foundingDate\":\"2018-01-14\",\"vatID\":\"FR71834470973\",\"taxID\":\"83447097300043\",\"numberOfEmployees\":{\"@type\":\"QuantitativeValue\",\"minValue\":\"1\",\"maxValue\":\"10\"}},{\"@type\":\"Person\",\"@id\":\"https:\/\/dicodusport.fr\/blog\/#\/schema\/person\/55dcb50ad410894e431ed812bbb70191\",\"name\":\"Nicolas Jacquemard\",\"image\":{\"@type\":\"ImageObject\",\"inLanguage\":\"fr-FR\",\"@id\":\"https:\/\/dicodusport.fr\/blog\/#\/schema\/person\/image\/\",\"url\":\"https:\/\/dicodusport.fr\/blog\/wp-content\/uploads\/2021\/05\/Nicolas-Jacquemard-150x150.jpeg\",\"contentUrl\":\"https:\/\/dicodusport.fr\/blog\/wp-content\/uploads\/2021\/05\/Nicolas-Jacquemard-150x150.jpeg\",\"caption\":\"Nicolas Jacquemard\"},\"description\":\"Passionn\u00e9 de sport et entrepreneur depuis mes 18 ans, la cr\u00e9ation de Dicodusport m'a sembl\u00e9 \u00e9vidente pour participer \u00e0 la m\u00e9diatisation d'un plus grand nombre de sports. Le chemin est long mais avec une \u00e9quipe des plus motiv\u00e9es et les Jeux Olympiques de Paris 2024 en point de mire, nous y arriverons ! Journaliste dans le monde du sport depuis plus de 5 ans, je traite aussi bien de football, de rugby, de biathlon que de cyclisme.\",\"sameAs\":[\"https:\/\/www.facebook.com\/dicodusport\",\"https:\/\/x.com\/https:\/\/twitter.com\/Nico_Jacquemard\"],\"url\":\"https:\/\/dicodusport.fr\/blog\/author\/dicodusport\/\"}]}<\/script>\n<!-- \/ Yoast SEO Premium plugin. -->","yoast_head_json":{"title":"Esteban Ocon : \"On a vu des choses un peu \u00e9tranges, les voitures sautaient en ligne droite\"","description":"F1 2022 - Apr\u00e8s trois jours de tests \u00e0 Barcelone, Esteban Ocon (Alpine) s'est confi\u00e9 sur sa nouvelle monoplace, sur le plateau de Stade 2.","robots":{"index":"index","follow":"follow","max-snippet":"max-snippet:-1","max-image-preview":"max-image-preview:large","max-video-preview":"max-video-preview:-1"},"canonical":"https:\/\/dicodusport.fr\/blog\/esteban-ocon-on-a-vu-des-choses-un-peu-etranges-les-voitures-sautaient-en-ligne-droite\/","og_locale":"fr_FR","og_type":"article","og_title":"Esteban Ocon : \"On a vu des choses un peu \u00e9tranges, les voitures sautaient en ligne droite\"","og_description":"F1 2022 - Apr\u00e8s trois jours de tests \u00e0 Barcelone, Esteban Ocon (Alpine) s'est confi\u00e9 sur sa nouvelle monoplace, sur le plateau de Stade 2.","og_url":"https:\/\/dicodusport.fr\/blog\/esteban-ocon-on-a-vu-des-choses-un-peu-etranges-les-voitures-sautaient-en-ligne-droite\/","og_site_name":"Dicodusport","article_publisher":"https:\/\/www.facebook.com\/dicodusport","article_author":"https:\/\/www.facebook.com\/dicodusport","article_published_time":"2022-02-28T12:43:05+00:00","article_modified_time":"2022-02-28T15:32:12+00:00","og_image":[{"width":800,"height":445,"url":"https:\/\/dicodusport.fr\/blog\/wp-content\/uploads\/2022\/02\/Esteban-Ocon-On-a-vu-des-choses-un-peu-e\u0301tranges-toutes-les-voitures-sautaient-en-ligne-droite.png","type":"image\/png"}],"author":"Nicolas Jacquemard","twitter_card":"summary_large_image","twitter_title":"Esteban Ocon : \"On a vu des choses un peu \u00e9tranges, les voitures sautaient en ligne droite\"","twitter_creator":"@https:\/\/twitter.com\/Nico_Jacquemard","twitter_site":"@dicodusport","schema":{"@context":"https:\/\/schema.org","@graph":[{"@type":"NewsArticle","@id":"https:\/\/dicodusport.fr\/blog\/esteban-ocon-on-a-vu-des-choses-un-peu-etranges-les-voitures-sautaient-en-ligne-droite\/#article","isPartOf":{"@id":"https:\/\/dicodusport.fr\/blog\/esteban-ocon-on-a-vu-des-choses-un-peu-etranges-les-voitures-sautaient-en-ligne-droite\/"},"author":{"name":"Nicolas Jacquemard","@id":"https:\/\/dicodusport.fr\/blog\/#\/schema\/person\/55dcb50ad410894e431ed812bbb70191"},"headline":"Esteban Ocon : \u00ab\u00a0On a vu des choses un peu \u00e9tranges, les voitures sautaient en ligne droite\u00a0\u00bb","datePublished":"2022-02-28T12:43:05+00:00","dateModified":"2022-02-28T15:32:12+00:00","mainEntityOfPage":{"@id":"https:\/\/dicodusport.fr\/blog\/esteban-ocon-on-a-vu-des-choses-un-peu-etranges-les-voitures-sautaient-en-ligne-droite\/"},"wordCount":233,"commentCount":0,"publisher":{"@id":"https:\/\/dicodusport.fr\/blog\/#organization"},"image":{"@id":"https:\/\/dicodusport.fr\/blog\/esteban-ocon-on-a-vu-des-choses-un-peu-etranges-les-voitures-sautaient-en-ligne-droite\/#primaryimage"},"thumbnailUrl":"https:\/\/dicodusport.fr\/blog\/wp-content\/uploads\/2022\/02\/Esteban-Ocon-On-a-vu-des-choses-un-peu-e\u0301tranges-toutes-les-voitures-sautaient-en-ligne-droite.png","keywords":["Alpine","Esteban Ocon"],"articleSection":["Formule 1"],"inLanguage":"fr-FR","potentialAction":[{"@type":"CommentAction","name":"Comment","target":["https:\/\/dicodusport.fr\/blog\/esteban-ocon-on-a-vu-des-choses-un-peu-etranges-les-voitures-sautaient-en-ligne-droite\/#respond"]}],"copyrightYear":"2022","copyrightHolder":{"@id":"https:\/\/dicodusport.fr\/blog\/#organization"}},{"@type":"WebPage","@id":"https:\/\/dicodusport.fr\/blog\/esteban-ocon-on-a-vu-des-choses-un-peu-etranges-les-voitures-sautaient-en-ligne-droite\/","url":"https:\/\/dicodusport.fr\/blog\/esteban-ocon-on-a-vu-des-choses-un-peu-etranges-les-voitures-sautaient-en-ligne-droite\/","name":"Esteban Ocon : \"On a vu des choses un peu \u00e9tranges, les voitures sautaient en ligne droite\"","isPartOf":{"@id":"https:\/\/dicodusport.fr\/blog\/#website"},"primaryImageOfPage":{"@id":"https:\/\/dicodusport.fr\/blog\/esteban-ocon-on-a-vu-des-choses-un-peu-etranges-les-voitures-sautaient-en-ligne-droite\/#primaryimage"},"image":{"@id":"https:\/\/dicodusport.fr\/blog\/esteban-ocon-on-a-vu-des-choses-un-peu-etranges-les-voitures-sautaient-en-ligne-droite\/#primaryimage"},"thumbnailUrl":"https:\/\/dicodusport.fr\/blog\/wp-content\/uploads\/2022\/02\/Esteban-Ocon-On-a-vu-des-choses-un-peu-e\u0301tranges-toutes-les-voitures-sautaient-en-ligne-droite.png","datePublished":"2022-02-28T12:43:05+00:00","dateModified":"2022-02-28T15:32:12+00:00","description":"F1 2022 - Apr\u00e8s trois jours de tests \u00e0 Barcelone, Esteban Ocon (Alpine) s'est confi\u00e9 sur sa nouvelle monoplace, sur le plateau de Stade 2.","breadcrumb":{"@id":"https:\/\/dicodusport.fr\/blog\/esteban-ocon-on-a-vu-des-choses-un-peu-etranges-les-voitures-sautaient-en-ligne-droite\/#breadcrumb"},"inLanguage":"fr-FR","potentialAction":[{"@type":"ReadAction","target":["https:\/\/dicodusport.fr\/blog\/esteban-ocon-on-a-vu-des-choses-un-peu-etranges-les-voitures-sautaient-en-ligne-droite\/"]}]},{"@type":"ImageObject","inLanguage":"fr-FR","@id":"https:\/\/dicodusport.fr\/blog\/esteban-ocon-on-a-vu-des-choses-un-peu-etranges-les-voitures-sautaient-en-ligne-droite\/#primaryimage","url":"https:\/\/dicodusport.fr\/blog\/wp-content\/uploads\/2022\/02\/Esteban-Ocon-On-a-vu-des-choses-un-peu-e\u0301tranges-toutes-les-voitures-sautaient-en-ligne-droite.png","contentUrl":"https:\/\/dicodusport.fr\/blog\/wp-content\/uploads\/2022\/02\/Esteban-Ocon-On-a-vu-des-choses-un-peu-e\u0301tranges-toutes-les-voitures-sautaient-en-ligne-droite.png","width":800,"height":445},{"@type":"BreadcrumbList","@id":"https:\/\/dicodusport.fr\/blog\/esteban-ocon-on-a-vu-des-choses-un-peu-etranges-les-voitures-sautaient-en-ligne-droite\/#breadcrumb","itemListElement":[{"@type":"ListItem","position":1,"name":"Accueil","item":"https:\/\/dicodusport.fr\/blog\/"},{"@type":"ListItem","position":2,"name":"Esteban Ocon : \u00ab\u00a0On a vu des choses un peu \u00e9tranges, les voitures sautaient en ligne droite\u00a0\u00bb"}]},{"@type":"WebSite","@id":"https:\/\/dicodusport.fr\/blog\/#website","url":"https:\/\/dicodusport.fr\/blog\/","name":"Dicodusport","description":"L&#039;encyclop\u00e9die de l&#039;actualit\u00e9 sportive","publisher":{"@id":"https:\/\/dicodusport.fr\/blog\/#organization"},"potentialAction":[{"@type":"SearchAction","target":{"@type":"EntryPoint","urlTemplate":"https:\/\/dicodusport.fr\/blog\/?s={search_term_string}"},"query-input":{"@type":"PropertyValueSpecification","valueRequired":true,"valueName":"search_term_string"}}],"inLanguage":"fr-FR"},{"@type":"NewsMediaOrganization","@id":"https:\/\/dicodusport.fr\/blog\/#organization","name":"Dicodusport","url":"https:\/\/dicodusport.fr\/blog\/","logo":{"@type":"ImageObject","inLanguage":"fr-FR","@id":"https:\/\/dicodusport.fr\/blog\/#\/schema\/logo\/image\/","url":"https:\/\/dicodusport.fr\/blog\/wp-content\/uploads\/2020\/06\/cropped-LOGO-DICODUSPORT-2020-SANS-FOND-SANS-TEXTE.png","contentUrl":"https:\/\/dicodusport.fr\/blog\/wp-content\/uploads\/2020\/06\/cropped-LOGO-DICODUSPORT-2020-SANS-FOND-SANS-TEXTE.png","width":512,"height":512,"caption":"Dicodusport"},"image":{"@id":"https:\/\/dicodusport.fr\/blog\/#\/schema\/logo\/image\/"},"sameAs":["https:\/\/www.facebook.com\/dicodusport","https:\/\/x.com\/dicodusport","https:\/\/www.instagram.com\/dicodusport\/","https:\/\/www.youtube.com\/channel\/UC7V2KZ5sd3htJivAbA4ZG3w"],"description":"Dicodusport est l'encyclop\u00e9die de l'actualit\u00e9 sportive.","email":"bonjour@dicodusport.fr","legalName":"DICODUSPORT","foundingDate":"2018-01-14","vatID":"FR71834470973","taxID":"83447097300043","numberOfEmployees":{"@type":"QuantitativeValue","minValue":"1","maxValue":"10"}},{"@type":"Person","@id":"https:\/\/dicodusport.fr\/blog\/#\/schema\/person\/55dcb50ad410894e431ed812bbb70191","name":"Nicolas Jacquemard","image":{"@type":"ImageObject","inLanguage":"fr-FR","@id":"https:\/\/dicodusport.fr\/blog\/#\/schema\/person\/image\/","url":"https:\/\/dicodusport.fr\/blog\/wp-content\/uploads\/2021\/05\/Nicolas-Jacquemard-150x150.jpeg","contentUrl":"https:\/\/dicodusport.fr\/blog\/wp-content\/uploads\/2021\/05\/Nicolas-Jacquemard-150x150.jpeg","caption":"Nicolas Jacquemard"},"description":"Passionn\u00e9 de sport et entrepreneur depuis mes 18 ans, la cr\u00e9ation de Dicodusport m'a sembl\u00e9 \u00e9vidente pour participer \u00e0 la m\u00e9diatisation d'un plus grand nombre de sports. Le chemin est long mais avec une \u00e9quipe des plus motiv\u00e9es et les Jeux Olympiques de Paris 2024 en point de mire, nous y arriverons ! Journaliste dans le monde du sport depuis plus de 5 ans, je traite aussi bien de football, de rugby, de biathlon que de cyclisme.","sameAs":["https:\/\/www.facebook.com\/dicodusport","https:\/\/x.com\/https:\/\/twitter.com\/Nico_Jacquemard"],"url":"https:\/\/dicodusport.fr\/blog\/author\/dicodusport\/"}]}},"_links":{"self":[{"href":"https:\/\/dicodusport.fr\/blog\/wp-json\/wp\/v2\/posts\/203870","targetHints":{"allow":["GET"]}}],"collection":[{"href":"https:\/\/dicodusport.fr\/blog\/wp-json\/wp\/v2\/posts"}],"about":[{"href":"https:\/\/dicodusport.fr\/blog\/wp-json\/wp\/v2\/types\/post"}],"author":[{"embeddable":true,"href":"https:\/\/dicodusport.fr\/blog\/wp-json\/wp\/v2\/users\/1"}],"replies":[{"embeddable":true,"href":"https:\/\/dicodusport.fr\/blog\/wp-json\/wp\/v2\/comments?post=203870"}],"version-history":[{"count":0,"href":"https:\/\/dicodusport.fr\/blog\/wp-json\/wp\/v2\/posts\/203870\/revisions"}],"wp:featuredmedia":[{"embeddable":true,"href":"https:\/\/dicodusport.fr\/blog\/wp-json\/wp\/v2\/media\/203874"}],"wp:attachment":[{"href":"https:\/\/dicodusport.fr\/blog\/wp-json\/wp\/v2\/media?parent=203870"}],"wp:term":[{"taxonomy":"category","embeddable":true,"href":"https:\/\/dicodusport.fr\/blog\/wp-json\/wp\/v2\/categories?post=203870"},{"taxonomy":"post_tag","embeddable":true,"href":"https:\/\/dicodusport.fr\/blog\/wp-json\/wp\/v2\/tags?post=203870"}],"curies":[{"name":"wp","href":"https:\/\/api.w.org\/{rel}","templated":true}]}}