{"id":203925,"date":"2022-02-28T17:05:49","date_gmt":"2022-02-28T16:05:49","guid":{"rendered":"https:\/\/dicodusport.fr\/blog\/?p=203925&#038;preview=true&#038;preview_id=203925"},"modified":"2022-02-28T17:54:01","modified_gmt":"2022-02-28T16:54:01","slug":"simon-desthieux-je-ne-serai-pas-au-depart-des-prochains-jeux-olympiques","status":"publish","type":"post","link":"https:\/\/dicodusport.fr\/blog\/simon-desthieux-je-ne-serai-pas-au-depart-des-prochains-jeux-olympiques\/","title":{"rendered":"Simon Desthieux : \u00ab\u00a0Je ne serai pas au d\u00e9part des prochains Jeux Olympiques\u00a0\u00bb"},"content":{"rendered":"<p style=\"text-align: justify;\"><strong><em>BIATHLON &#8211; Dans les colonnes du Progr\u00e8s, Simon Desthieux a annonc\u00e9 que les Jeux Olympiques de P\u00e9kin \u00e9taient les derniers auxquels il participait.\u00a0<\/em><\/strong><\/p>\n<p style=\"text-align: justify;\">\u00c2g\u00e9 de 30 ans,<strong> Simon Desthieux<\/strong> ne sera pas au d\u00e9part des <strong>Jeux Olympiques de Cortina en 2026<\/strong>. R\u00e9cemment <a href=\"https:\/\/dicodusport.fr\/blog\/jo-pekin-2022-biathlon-les-bleus-vice-champions-olympique-du-relais\/\">m\u00e9daill\u00e9 d&rsquo;argent avec le relais tricolore<\/a>, le biathl\u00e8te fran\u00e7ais s&rsquo;est expliqu\u00e9.<\/p>\n<blockquote>\n<p style=\"text-align: justify;\">Je ne serai pas au d\u00e9part des prochains Jeux Olympiques. Quatre ans c\u2019est long, \u00e7a demande beaucoup d\u2019investissements et de sacrifices.<\/p>\n<\/blockquote>\n<p style=\"text-align: justify;\">Satisfait de ses <strong>Jeux Olympiques de P\u00e9kin<\/strong> m\u00eame s&rsquo;il aurait aussi aim\u00e9 une m\u00e9daille en individuel, <strong>Simon Desthieux<\/strong> n&rsquo;a pas pr\u00e9cis\u00e9 pour le moment quand il mettrait un terme \u00e0 sa carri\u00e8re de biathl\u00e8te.<\/p>\n<blockquote class=\"twitter-tweet\">\n<p dir=\"ltr\" lang=\"fr\">&#x1f3bf; <a href=\"https:\/\/twitter.com\/simondstx?ref_src=twsrc%5Etfw\">@simondstx<\/a> : \u00ab Je ne serai pas au d\u00e9part des prochains Jeux Olympiques \u00bb<\/p>\n<p>&#x1f4ac; \u00ab Quatre ans c\u2019est long, \u00e7a demande beaucoup d\u2019investissements et de sacrifices. \u00bb <a href=\"https:\/\/t.co\/nwcnd75BYB\">https:\/\/t.co\/nwcnd75BYB<\/a><\/p>\n<p>\u2014 Le Progr\u00e8s (@Le_Progres) <a href=\"https:\/\/twitter.com\/Le_Progres\/status\/1498030341503733768?ref_src=twsrc%5Etfw\">February 27, 2022<\/a><\/p><\/blockquote>\n<p style=\"text-align: justify;\"><script async src=\"https:\/\/platform.twitter.com\/widgets.js\" charset=\"utf-8\"><\/script><\/p>\n","protected":false},"excerpt":{"rendered":"<p>BIATHLON &#8211; Dans les colonnes du Progr\u00e8s, Simon Desthieux a annonc\u00e9 que les Jeux Olympiques de P\u00e9kin \u00e9taient les derniers auxquels il participait.\u00a0<\/p>\n","protected":false},"author":1,"featured_media":203929,"comment_status":"open","ping_status":"closed","sticky":false,"template":"","format":"standard","meta":{"_acf_changed":false,"_daextam_enable_autolinks":"","footnotes":""},"categories":[2426],"tags":[2427,3796,2941],"class_list":["post-203925","post","type-post","status-publish","format-standard","has-post-thumbnail","hentry","category-biathlon","tag-biathlon","tag-desthieux","tag-simon-desthieux"],"acf":[],"yoast_head":"<!-- This site is optimized with the Yoast SEO Premium plugin v26.7 (Yoast SEO v26.7) - https:\/\/yoast.com\/wordpress\/plugins\/seo\/ -->\n<title>Simon Desthieux : &quot;Je ne serai pas au d\u00e9part des prochains Jeux Olympiques&quot;<\/title>\n<meta name=\"description\" content=\"Dans les colonnes du Progr\u00e8s, Simon Desthieux a annonc\u00e9 que les Jeux Olympiques de P\u00e9kin \u00e9taient les derniers auxquels il participait.\" \/>\n<meta name=\"robots\" content=\"index, follow, max-snippet:-1, max-image-preview:large, max-video-preview:-1\" \/>\n<link rel=\"canonical\" href=\"https:\/\/dicodusport.fr\/blog\/simon-desthieux-je-ne-serai-pas-au-depart-des-prochains-jeux-olympiques\/\" \/>\n<meta property=\"og:locale\" content=\"fr_FR\" \/>\n<meta property=\"og:type\" content=\"article\" \/>\n<meta property=\"og:title\" content=\"Simon Desthieux : &quot;Je ne serai pas au d\u00e9part des prochains Jeux Olympiques&quot;\" \/>\n<meta property=\"og:description\" content=\"Dans les colonnes du Progr\u00e8s, Simon Desthieux a annonc\u00e9 que les Jeux Olympiques de P\u00e9kin \u00e9taient les derniers auxquels il participait.\" \/>\n<meta property=\"og:url\" content=\"https:\/\/dicodusport.fr\/blog\/simon-desthieux-je-ne-serai-pas-au-depart-des-prochains-jeux-olympiques\/\" \/>\n<meta property=\"og:site_name\" content=\"Dicodusport\" \/>\n<meta property=\"article:publisher\" content=\"https:\/\/www.facebook.com\/dicodusport\" \/>\n<meta property=\"article:author\" content=\"https:\/\/www.facebook.com\/dicodusport\" \/>\n<meta property=\"article:published_time\" content=\"2022-02-28T16:05:49+00:00\" \/>\n<meta property=\"article:modified_time\" content=\"2022-02-28T16:54:01+00:00\" \/>\n<meta property=\"og:image\" content=\"https:\/\/dicodusport.fr\/blog\/wp-content\/uploads\/2022\/02\/Simon-Desthieux-Je-ne-serai-pas-au-de\u0301part-des-prochains-Jeux-Olympiques.png\" \/>\n\t<meta property=\"og:image:width\" content=\"800\" \/>\n\t<meta property=\"og:image:height\" content=\"445\" \/>\n\t<meta property=\"og:image:type\" content=\"image\/png\" \/>\n<meta name=\"author\" content=\"Nicolas Jacquemard\" \/>\n<meta name=\"twitter:card\" content=\"summary_large_image\" \/>\n<meta name=\"twitter:title\" content=\"Simon Desthieux : &quot;Je ne serai pas au d\u00e9part des prochains Jeux Olympiques&quot;\" \/>\n<meta name=\"twitter:creator\" content=\"@https:\/\/twitter.com\/Nico_Jacquemard\" \/>\n<meta name=\"twitter:site\" content=\"@dicodusport\" \/>\n<script type=\"application\/ld+json\" class=\"yoast-schema-graph\">{\"@context\":\"https:\/\/schema.org\",\"@graph\":[{\"@type\":\"NewsArticle\",\"@id\":\"https:\/\/dicodusport.fr\/blog\/simon-desthieux-je-ne-serai-pas-au-depart-des-prochains-jeux-olympiques\/#article\",\"isPartOf\":{\"@id\":\"https:\/\/dicodusport.fr\/blog\/simon-desthieux-je-ne-serai-pas-au-depart-des-prochains-jeux-olympiques\/\"},\"author\":{\"name\":\"Nicolas Jacquemard\",\"@id\":\"https:\/\/dicodusport.fr\/blog\/#\/schema\/person\/55dcb50ad410894e431ed812bbb70191\"},\"headline\":\"Simon Desthieux : \u00ab\u00a0Je ne serai pas au d\u00e9part des prochains Jeux Olympiques\u00a0\u00bb\",\"datePublished\":\"2022-02-28T16:05:49+00:00\",\"dateModified\":\"2022-02-28T16:54:01+00:00\",\"mainEntityOfPage\":{\"@id\":\"https:\/\/dicodusport.fr\/blog\/simon-desthieux-je-ne-serai-pas-au-depart-des-prochains-jeux-olympiques\/\"},\"wordCount\":180,\"commentCount\":0,\"publisher\":{\"@id\":\"https:\/\/dicodusport.fr\/blog\/#organization\"},\"image\":{\"@id\":\"https:\/\/dicodusport.fr\/blog\/simon-desthieux-je-ne-serai-pas-au-depart-des-prochains-jeux-olympiques\/#primaryimage\"},\"thumbnailUrl\":\"https:\/\/dicodusport.fr\/blog\/wp-content\/uploads\/2022\/02\/Simon-Desthieux-Je-ne-serai-pas-au-de\u0301part-des-prochains-Jeux-Olympiques.png\",\"keywords\":[\"Biathlon\",\"Desthieux\",\"Simon Desthieux\"],\"articleSection\":[\"Biathlon\"],\"inLanguage\":\"fr-FR\",\"potentialAction\":[{\"@type\":\"CommentAction\",\"name\":\"Comment\",\"target\":[\"https:\/\/dicodusport.fr\/blog\/simon-desthieux-je-ne-serai-pas-au-depart-des-prochains-jeux-olympiques\/#respond\"]}],\"copyrightYear\":\"2022\",\"copyrightHolder\":{\"@id\":\"https:\/\/dicodusport.fr\/blog\/#organization\"}},{\"@type\":\"WebPage\",\"@id\":\"https:\/\/dicodusport.fr\/blog\/simon-desthieux-je-ne-serai-pas-au-depart-des-prochains-jeux-olympiques\/\",\"url\":\"https:\/\/dicodusport.fr\/blog\/simon-desthieux-je-ne-serai-pas-au-depart-des-prochains-jeux-olympiques\/\",\"name\":\"Simon Desthieux : \\\"Je ne serai pas au d\u00e9part des prochains Jeux Olympiques\\\"\",\"isPartOf\":{\"@id\":\"https:\/\/dicodusport.fr\/blog\/#website\"},\"primaryImageOfPage\":{\"@id\":\"https:\/\/dicodusport.fr\/blog\/simon-desthieux-je-ne-serai-pas-au-depart-des-prochains-jeux-olympiques\/#primaryimage\"},\"image\":{\"@id\":\"https:\/\/dicodusport.fr\/blog\/simon-desthieux-je-ne-serai-pas-au-depart-des-prochains-jeux-olympiques\/#primaryimage\"},\"thumbnailUrl\":\"https:\/\/dicodusport.fr\/blog\/wp-content\/uploads\/2022\/02\/Simon-Desthieux-Je-ne-serai-pas-au-de\u0301part-des-prochains-Jeux-Olympiques.png\",\"datePublished\":\"2022-02-28T16:05:49+00:00\",\"dateModified\":\"2022-02-28T16:54:01+00:00\",\"description\":\"Dans les colonnes du Progr\u00e8s, Simon Desthieux a annonc\u00e9 que les Jeux Olympiques de P\u00e9kin \u00e9taient les derniers auxquels il participait.\",\"breadcrumb\":{\"@id\":\"https:\/\/dicodusport.fr\/blog\/simon-desthieux-je-ne-serai-pas-au-depart-des-prochains-jeux-olympiques\/#breadcrumb\"},\"inLanguage\":\"fr-FR\",\"potentialAction\":[{\"@type\":\"ReadAction\",\"target\":[\"https:\/\/dicodusport.fr\/blog\/simon-desthieux-je-ne-serai-pas-au-depart-des-prochains-jeux-olympiques\/\"]}]},{\"@type\":\"ImageObject\",\"inLanguage\":\"fr-FR\",\"@id\":\"https:\/\/dicodusport.fr\/blog\/simon-desthieux-je-ne-serai-pas-au-depart-des-prochains-jeux-olympiques\/#primaryimage\",\"url\":\"https:\/\/dicodusport.fr\/blog\/wp-content\/uploads\/2022\/02\/Simon-Desthieux-Je-ne-serai-pas-au-de\u0301part-des-prochains-Jeux-Olympiques.png\",\"contentUrl\":\"https:\/\/dicodusport.fr\/blog\/wp-content\/uploads\/2022\/02\/Simon-Desthieux-Je-ne-serai-pas-au-de\u0301part-des-prochains-Jeux-Olympiques.png\",\"width\":800,\"height\":445},{\"@type\":\"BreadcrumbList\",\"@id\":\"https:\/\/dicodusport.fr\/blog\/simon-desthieux-je-ne-serai-pas-au-depart-des-prochains-jeux-olympiques\/#breadcrumb\",\"itemListElement\":[{\"@type\":\"ListItem\",\"position\":1,\"name\":\"Accueil\",\"item\":\"https:\/\/dicodusport.fr\/blog\/\"},{\"@type\":\"ListItem\",\"position\":2,\"name\":\"Simon Desthieux : \u00ab\u00a0Je ne serai pas au d\u00e9part des prochains Jeux Olympiques\u00a0\u00bb\"}]},{\"@type\":\"WebSite\",\"@id\":\"https:\/\/dicodusport.fr\/blog\/#website\",\"url\":\"https:\/\/dicodusport.fr\/blog\/\",\"name\":\"Dicodusport\",\"description\":\"L&#039;encyclop\u00e9die de l&#039;actualit\u00e9 sportive\",\"publisher\":{\"@id\":\"https:\/\/dicodusport.fr\/blog\/#organization\"},\"potentialAction\":[{\"@type\":\"SearchAction\",\"target\":{\"@type\":\"EntryPoint\",\"urlTemplate\":\"https:\/\/dicodusport.fr\/blog\/?s={search_term_string}\"},\"query-input\":{\"@type\":\"PropertyValueSpecification\",\"valueRequired\":true,\"valueName\":\"search_term_string\"}}],\"inLanguage\":\"fr-FR\"},{\"@type\":\"NewsMediaOrganization\",\"@id\":\"https:\/\/dicodusport.fr\/blog\/#organization\",\"name\":\"Dicodusport\",\"url\":\"https:\/\/dicodusport.fr\/blog\/\",\"logo\":{\"@type\":\"ImageObject\",\"inLanguage\":\"fr-FR\",\"@id\":\"https:\/\/dicodusport.fr\/blog\/#\/schema\/logo\/image\/\",\"url\":\"https:\/\/dicodusport.fr\/blog\/wp-content\/uploads\/2020\/06\/cropped-LOGO-DICODUSPORT-2020-SANS-FOND-SANS-TEXTE.png\",\"contentUrl\":\"https:\/\/dicodusport.fr\/blog\/wp-content\/uploads\/2020\/06\/cropped-LOGO-DICODUSPORT-2020-SANS-FOND-SANS-TEXTE.png\",\"width\":512,\"height\":512,\"caption\":\"Dicodusport\"},\"image\":{\"@id\":\"https:\/\/dicodusport.fr\/blog\/#\/schema\/logo\/image\/\"},\"sameAs\":[\"https:\/\/www.facebook.com\/dicodusport\",\"https:\/\/x.com\/dicodusport\",\"https:\/\/www.instagram.com\/dicodusport\/\",\"https:\/\/www.youtube.com\/channel\/UC7V2KZ5sd3htJivAbA4ZG3w\"],\"description\":\"Dicodusport est l'encyclop\u00e9die de l'actualit\u00e9 sportive.\",\"email\":\"bonjour@dicodusport.fr\",\"legalName\":\"DICODUSPORT\",\"foundingDate\":\"2018-01-14\",\"vatID\":\"FR71834470973\",\"taxID\":\"83447097300043\",\"numberOfEmployees\":{\"@type\":\"QuantitativeValue\",\"minValue\":\"1\",\"maxValue\":\"10\"}},{\"@type\":\"Person\",\"@id\":\"https:\/\/dicodusport.fr\/blog\/#\/schema\/person\/55dcb50ad410894e431ed812bbb70191\",\"name\":\"Nicolas Jacquemard\",\"image\":{\"@type\":\"ImageObject\",\"inLanguage\":\"fr-FR\",\"@id\":\"https:\/\/dicodusport.fr\/blog\/#\/schema\/person\/image\/\",\"url\":\"https:\/\/dicodusport.fr\/blog\/wp-content\/uploads\/2021\/05\/Nicolas-Jacquemard-150x150.jpeg\",\"contentUrl\":\"https:\/\/dicodusport.fr\/blog\/wp-content\/uploads\/2021\/05\/Nicolas-Jacquemard-150x150.jpeg\",\"caption\":\"Nicolas Jacquemard\"},\"description\":\"Passionn\u00e9 de sport et entrepreneur depuis mes 18 ans, la cr\u00e9ation de Dicodusport m'a sembl\u00e9 \u00e9vidente pour participer \u00e0 la m\u00e9diatisation d'un plus grand nombre de sports. Le chemin est long mais avec une \u00e9quipe des plus motiv\u00e9es et les Jeux Olympiques de Paris 2024 en point de mire, nous y arriverons ! Journaliste dans le monde du sport depuis plus de 5 ans, je traite aussi bien de football, de rugby, de biathlon que de cyclisme.\",\"sameAs\":[\"https:\/\/www.facebook.com\/dicodusport\",\"https:\/\/x.com\/https:\/\/twitter.com\/Nico_Jacquemard\"],\"url\":\"https:\/\/dicodusport.fr\/blog\/author\/dicodusport\/\"}]}<\/script>\n<!-- \/ Yoast SEO Premium plugin. -->","yoast_head_json":{"title":"Simon Desthieux : \"Je ne serai pas au d\u00e9part des prochains Jeux Olympiques\"","description":"Dans les colonnes du Progr\u00e8s, Simon Desthieux a annonc\u00e9 que les Jeux Olympiques de P\u00e9kin \u00e9taient les derniers auxquels il participait.","robots":{"index":"index","follow":"follow","max-snippet":"max-snippet:-1","max-image-preview":"max-image-preview:large","max-video-preview":"max-video-preview:-1"},"canonical":"https:\/\/dicodusport.fr\/blog\/simon-desthieux-je-ne-serai-pas-au-depart-des-prochains-jeux-olympiques\/","og_locale":"fr_FR","og_type":"article","og_title":"Simon Desthieux : \"Je ne serai pas au d\u00e9part des prochains Jeux Olympiques\"","og_description":"Dans les colonnes du Progr\u00e8s, Simon Desthieux a annonc\u00e9 que les Jeux Olympiques de P\u00e9kin \u00e9taient les derniers auxquels il participait.","og_url":"https:\/\/dicodusport.fr\/blog\/simon-desthieux-je-ne-serai-pas-au-depart-des-prochains-jeux-olympiques\/","og_site_name":"Dicodusport","article_publisher":"https:\/\/www.facebook.com\/dicodusport","article_author":"https:\/\/www.facebook.com\/dicodusport","article_published_time":"2022-02-28T16:05:49+00:00","article_modified_time":"2022-02-28T16:54:01+00:00","og_image":[{"width":800,"height":445,"url":"https:\/\/dicodusport.fr\/blog\/wp-content\/uploads\/2022\/02\/Simon-Desthieux-Je-ne-serai-pas-au-de\u0301part-des-prochains-Jeux-Olympiques.png","type":"image\/png"}],"author":"Nicolas Jacquemard","twitter_card":"summary_large_image","twitter_title":"Simon Desthieux : \"Je ne serai pas au d\u00e9part des prochains Jeux Olympiques\"","twitter_creator":"@https:\/\/twitter.com\/Nico_Jacquemard","twitter_site":"@dicodusport","schema":{"@context":"https:\/\/schema.org","@graph":[{"@type":"NewsArticle","@id":"https:\/\/dicodusport.fr\/blog\/simon-desthieux-je-ne-serai-pas-au-depart-des-prochains-jeux-olympiques\/#article","isPartOf":{"@id":"https:\/\/dicodusport.fr\/blog\/simon-desthieux-je-ne-serai-pas-au-depart-des-prochains-jeux-olympiques\/"},"author":{"name":"Nicolas Jacquemard","@id":"https:\/\/dicodusport.fr\/blog\/#\/schema\/person\/55dcb50ad410894e431ed812bbb70191"},"headline":"Simon Desthieux : \u00ab\u00a0Je ne serai pas au d\u00e9part des prochains Jeux Olympiques\u00a0\u00bb","datePublished":"2022-02-28T16:05:49+00:00","dateModified":"2022-02-28T16:54:01+00:00","mainEntityOfPage":{"@id":"https:\/\/dicodusport.fr\/blog\/simon-desthieux-je-ne-serai-pas-au-depart-des-prochains-jeux-olympiques\/"},"wordCount":180,"commentCount":0,"publisher":{"@id":"https:\/\/dicodusport.fr\/blog\/#organization"},"image":{"@id":"https:\/\/dicodusport.fr\/blog\/simon-desthieux-je-ne-serai-pas-au-depart-des-prochains-jeux-olympiques\/#primaryimage"},"thumbnailUrl":"https:\/\/dicodusport.fr\/blog\/wp-content\/uploads\/2022\/02\/Simon-Desthieux-Je-ne-serai-pas-au-de\u0301part-des-prochains-Jeux-Olympiques.png","keywords":["Biathlon","Desthieux","Simon Desthieux"],"articleSection":["Biathlon"],"inLanguage":"fr-FR","potentialAction":[{"@type":"CommentAction","name":"Comment","target":["https:\/\/dicodusport.fr\/blog\/simon-desthieux-je-ne-serai-pas-au-depart-des-prochains-jeux-olympiques\/#respond"]}],"copyrightYear":"2022","copyrightHolder":{"@id":"https:\/\/dicodusport.fr\/blog\/#organization"}},{"@type":"WebPage","@id":"https:\/\/dicodusport.fr\/blog\/simon-desthieux-je-ne-serai-pas-au-depart-des-prochains-jeux-olympiques\/","url":"https:\/\/dicodusport.fr\/blog\/simon-desthieux-je-ne-serai-pas-au-depart-des-prochains-jeux-olympiques\/","name":"Simon Desthieux : \"Je ne serai pas au d\u00e9part des prochains Jeux Olympiques\"","isPartOf":{"@id":"https:\/\/dicodusport.fr\/blog\/#website"},"primaryImageOfPage":{"@id":"https:\/\/dicodusport.fr\/blog\/simon-desthieux-je-ne-serai-pas-au-depart-des-prochains-jeux-olympiques\/#primaryimage"},"image":{"@id":"https:\/\/dicodusport.fr\/blog\/simon-desthieux-je-ne-serai-pas-au-depart-des-prochains-jeux-olympiques\/#primaryimage"},"thumbnailUrl":"https:\/\/dicodusport.fr\/blog\/wp-content\/uploads\/2022\/02\/Simon-Desthieux-Je-ne-serai-pas-au-de\u0301part-des-prochains-Jeux-Olympiques.png","datePublished":"2022-02-28T16:05:49+00:00","dateModified":"2022-02-28T16:54:01+00:00","description":"Dans les colonnes du Progr\u00e8s, Simon Desthieux a annonc\u00e9 que les Jeux Olympiques de P\u00e9kin \u00e9taient les derniers auxquels il participait.","breadcrumb":{"@id":"https:\/\/dicodusport.fr\/blog\/simon-desthieux-je-ne-serai-pas-au-depart-des-prochains-jeux-olympiques\/#breadcrumb"},"inLanguage":"fr-FR","potentialAction":[{"@type":"ReadAction","target":["https:\/\/dicodusport.fr\/blog\/simon-desthieux-je-ne-serai-pas-au-depart-des-prochains-jeux-olympiques\/"]}]},{"@type":"ImageObject","inLanguage":"fr-FR","@id":"https:\/\/dicodusport.fr\/blog\/simon-desthieux-je-ne-serai-pas-au-depart-des-prochains-jeux-olympiques\/#primaryimage","url":"https:\/\/dicodusport.fr\/blog\/wp-content\/uploads\/2022\/02\/Simon-Desthieux-Je-ne-serai-pas-au-de\u0301part-des-prochains-Jeux-Olympiques.png","contentUrl":"https:\/\/dicodusport.fr\/blog\/wp-content\/uploads\/2022\/02\/Simon-Desthieux-Je-ne-serai-pas-au-de\u0301part-des-prochains-Jeux-Olympiques.png","width":800,"height":445},{"@type":"BreadcrumbList","@id":"https:\/\/dicodusport.fr\/blog\/simon-desthieux-je-ne-serai-pas-au-depart-des-prochains-jeux-olympiques\/#breadcrumb","itemListElement":[{"@type":"ListItem","position":1,"name":"Accueil","item":"https:\/\/dicodusport.fr\/blog\/"},{"@type":"ListItem","position":2,"name":"Simon Desthieux : \u00ab\u00a0Je ne serai pas au d\u00e9part des prochains Jeux Olympiques\u00a0\u00bb"}]},{"@type":"WebSite","@id":"https:\/\/dicodusport.fr\/blog\/#website","url":"https:\/\/dicodusport.fr\/blog\/","name":"Dicodusport","description":"L&#039;encyclop\u00e9die de l&#039;actualit\u00e9 sportive","publisher":{"@id":"https:\/\/dicodusport.fr\/blog\/#organization"},"potentialAction":[{"@type":"SearchAction","target":{"@type":"EntryPoint","urlTemplate":"https:\/\/dicodusport.fr\/blog\/?s={search_term_string}"},"query-input":{"@type":"PropertyValueSpecification","valueRequired":true,"valueName":"search_term_string"}}],"inLanguage":"fr-FR"},{"@type":"NewsMediaOrganization","@id":"https:\/\/dicodusport.fr\/blog\/#organization","name":"Dicodusport","url":"https:\/\/dicodusport.fr\/blog\/","logo":{"@type":"ImageObject","inLanguage":"fr-FR","@id":"https:\/\/dicodusport.fr\/blog\/#\/schema\/logo\/image\/","url":"https:\/\/dicodusport.fr\/blog\/wp-content\/uploads\/2020\/06\/cropped-LOGO-DICODUSPORT-2020-SANS-FOND-SANS-TEXTE.png","contentUrl":"https:\/\/dicodusport.fr\/blog\/wp-content\/uploads\/2020\/06\/cropped-LOGO-DICODUSPORT-2020-SANS-FOND-SANS-TEXTE.png","width":512,"height":512,"caption":"Dicodusport"},"image":{"@id":"https:\/\/dicodusport.fr\/blog\/#\/schema\/logo\/image\/"},"sameAs":["https:\/\/www.facebook.com\/dicodusport","https:\/\/x.com\/dicodusport","https:\/\/www.instagram.com\/dicodusport\/","https:\/\/www.youtube.com\/channel\/UC7V2KZ5sd3htJivAbA4ZG3w"],"description":"Dicodusport est l'encyclop\u00e9die de l'actualit\u00e9 sportive.","email":"bonjour@dicodusport.fr","legalName":"DICODUSPORT","foundingDate":"2018-01-14","vatID":"FR71834470973","taxID":"83447097300043","numberOfEmployees":{"@type":"QuantitativeValue","minValue":"1","maxValue":"10"}},{"@type":"Person","@id":"https:\/\/dicodusport.fr\/blog\/#\/schema\/person\/55dcb50ad410894e431ed812bbb70191","name":"Nicolas Jacquemard","image":{"@type":"ImageObject","inLanguage":"fr-FR","@id":"https:\/\/dicodusport.fr\/blog\/#\/schema\/person\/image\/","url":"https:\/\/dicodusport.fr\/blog\/wp-content\/uploads\/2021\/05\/Nicolas-Jacquemard-150x150.jpeg","contentUrl":"https:\/\/dicodusport.fr\/blog\/wp-content\/uploads\/2021\/05\/Nicolas-Jacquemard-150x150.jpeg","caption":"Nicolas Jacquemard"},"description":"Passionn\u00e9 de sport et entrepreneur depuis mes 18 ans, la cr\u00e9ation de Dicodusport m'a sembl\u00e9 \u00e9vidente pour participer \u00e0 la m\u00e9diatisation d'un plus grand nombre de sports. Le chemin est long mais avec une \u00e9quipe des plus motiv\u00e9es et les Jeux Olympiques de Paris 2024 en point de mire, nous y arriverons ! Journaliste dans le monde du sport depuis plus de 5 ans, je traite aussi bien de football, de rugby, de biathlon que de cyclisme.","sameAs":["https:\/\/www.facebook.com\/dicodusport","https:\/\/x.com\/https:\/\/twitter.com\/Nico_Jacquemard"],"url":"https:\/\/dicodusport.fr\/blog\/author\/dicodusport\/"}]}},"_links":{"self":[{"href":"https:\/\/dicodusport.fr\/blog\/wp-json\/wp\/v2\/posts\/203925","targetHints":{"allow":["GET"]}}],"collection":[{"href":"https:\/\/dicodusport.fr\/blog\/wp-json\/wp\/v2\/posts"}],"about":[{"href":"https:\/\/dicodusport.fr\/blog\/wp-json\/wp\/v2\/types\/post"}],"author":[{"embeddable":true,"href":"https:\/\/dicodusport.fr\/blog\/wp-json\/wp\/v2\/users\/1"}],"replies":[{"embeddable":true,"href":"https:\/\/dicodusport.fr\/blog\/wp-json\/wp\/v2\/comments?post=203925"}],"version-history":[{"count":0,"href":"https:\/\/dicodusport.fr\/blog\/wp-json\/wp\/v2\/posts\/203925\/revisions"}],"wp:featuredmedia":[{"embeddable":true,"href":"https:\/\/dicodusport.fr\/blog\/wp-json\/wp\/v2\/media\/203929"}],"wp:attachment":[{"href":"https:\/\/dicodusport.fr\/blog\/wp-json\/wp\/v2\/media?parent=203925"}],"wp:term":[{"taxonomy":"category","embeddable":true,"href":"https:\/\/dicodusport.fr\/blog\/wp-json\/wp\/v2\/categories?post=203925"},{"taxonomy":"post_tag","embeddable":true,"href":"https:\/\/dicodusport.fr\/blog\/wp-json\/wp\/v2\/tags?post=203925"}],"curies":[{"name":"wp","href":"https:\/\/api.w.org\/{rel}","templated":true}]}}