{"id":203936,"date":"2022-02-28T16:57:47","date_gmt":"2022-02-28T15:57:47","guid":{"rendered":"https:\/\/dicodusport.fr\/blog\/?p=203936&#038;preview=true&#038;preview_id=203936"},"modified":"2022-02-28T21:43:32","modified_gmt":"2022-02-28T20:43:32","slug":"le-patron-des-arbitres-reconnait-que-le-but-de-paqueta-face-au-losc-etait-valable","status":"publish","type":"post","link":"https:\/\/dicodusport.fr\/blog\/le-patron-des-arbitres-reconnait-que-le-but-de-paqueta-face-au-losc-etait-valable\/","title":{"rendered":"Le patron des arbitres reconna\u00eet que le but de Paqueta face au LOSC \u00e9tait valable"},"content":{"rendered":"<p style=\"text-align: justify;\"><strong><em>LIGUE 1 2021-2022 &#8211; Dans les colonnes du Progr\u00e8s, Pascal Garibian, patron des arbitres fran\u00e7ais, reconna\u00eet que le but de Lucas Paqueta face \u00e0 Lille aurait d\u00fb \u00eatre valid\u00e9.<\/em><\/strong><\/p>\n<p style=\"text-align: justify;\">L&rsquo;homme fort de l&rsquo;arbitrage fran\u00e7ais a reconnu que <strong>Cl\u00e9ment Turpin<\/strong> et son arbitre vid\u00e9o avaient commis une erreur dimanche soir. <strong>Pascal Garibian<\/strong> a notamment d\u00e9plor\u00e9 que l&rsquo;arbitre du match n&rsquo;ait pas eu acc\u00e8s \u00e0 plus d&rsquo;angles quand il a revisionn\u00e9 l&rsquo;action.<\/p>\n<blockquote>\n<p style=\"text-align: justify;\">Nous avons analys\u00e9 ce lundi matin avec mon staff \u00e0 la DTA la situation litigieuse de <a href=\"https:\/\/dicodusport.fr\/blog\/ligue-1-le-losc-s-impose-face-a-lyon\/\">OL &#8211; Lille<\/a>. Nous avons fait le constat qu\u2019il \u00e9tait regrettable que tous les angles d\u2019images propos\u00e9es n\u2019aient pas pu \u00eatre appr\u00e9ci\u00e9s par l&rsquo;arbitre ; ce but aurait d\u00fb \u00eatre valid\u00e9, comme il l\u2019avait \u00e9t\u00e9 sur le terrain.<\/p>\n<p style=\"text-align: justify;\">Si l\u2019un des angles de vue pouvait laisser penser \u00e0 un exc\u00e8s d\u2019engagement de M. Paqueta lors du d\u00e9gagement du gardien lillois, un autre angle, celui venant de la loupe gauche, d\u00e9montrait que la d\u00e9cision initiale de l\u2019arbitre d\u2019accorder le but \u00e9tait la bonne.<\/p>\n<\/blockquote>\n<p style=\"text-align: justify;\">Alors que l&rsquo;<strong>OL<\/strong> \u00e9tait men\u00e9 1 \u00e0 0, <strong>Lucas Paqueta<\/strong> pensait avoir \u00e9galis\u00e9 \u00e0 la 85\u00e8me minute et l&rsquo;arbitre a dans un premier temps accord\u00e9 le but. C&rsquo;est suite \u00e0 un appel de la VAR qu&rsquo;il a finalement chang\u00e9 d&rsquo;avis et siffl\u00e9 une faute contre le gardien du <strong>LOSC<\/strong>, <strong>L\u00e9o Jardim<\/strong>.<\/p>\n<blockquote class=\"twitter-tweet\">\n<p dir=\"ltr\" lang=\"fr\">&#x1f6a8; Selon nos informations, une r\u00e9union a eu lieu ce matin \u00e0 la Direction technique de l&rsquo;arbitrage (DTA) pour \u00e9voquer notamment le match Lyon-Lille de dimanche soir : les membres ont reconnu une erreur de Cl\u00e9ment Turpin sur le but refus\u00e9 \u00e0 Lucas Paqueta.<\/p>\n<p>\u2014 RMC Sport (@RMCsport) <a href=\"https:\/\/twitter.com\/RMCsport\/status\/1498318896717258760?ref_src=twsrc%5Etfw\">February 28, 2022<\/a><\/p><\/blockquote>\n<p style=\"text-align: justify;\"><script async src=\"https:\/\/platform.twitter.com\/widgets.js\" charset=\"utf-8\"><\/script><\/p>\n<h2 style=\"text-align: justify;\"><strong>\u00c0 lire aussi<\/strong><\/h2>\n<ul>\n<li style=\"text-align: justify;\"><a href=\"https:\/\/dicodusport.fr\/blog\/calendrier-ligue-1-2021-2022-26eme-journee-programme-tv-et-resultats\/\"><strong>Programme et r\u00e9sultats de la 26\u00e8me journ\u00e9e de Ligue 1<\/strong><\/a><\/li>\n<li style=\"text-align: justify;\"><a href=\"https:\/\/dicodusport.fr\/blog\/football-le-classement-de-la-ligue-1-2021-2022\/\"><strong>Le classement de la Ligue 1<\/strong><\/a><\/li>\n<\/ul>\n","protected":false},"excerpt":{"rendered":"<p>LIGUE 1 2021-2022 &#8211; Dans les colonnes du Progr\u00e8s, Pascal Garibian, patron des arbitres fran\u00e7ais, reconna\u00eet que le but de Lucas Paqueta face \u00e0 Lille aurait d\u00fb \u00eatre valid\u00e9.<\/p>\n","protected":false},"author":1,"featured_media":203938,"comment_status":"open","ping_status":"closed","sticky":false,"template":"","format":"standard","meta":{"_acf_changed":false,"_daextam_enable_autolinks":"","footnotes":""},"categories":[47045],"tags":[1554,2391,21075,1145],"class_list":["post-203936","post","type-post","status-publish","format-standard","has-post-thumbnail","hentry","category-ligue-1","tag-ligue-1","tag-losc","tag-lucas-paqueta","tag-ol"],"acf":[],"yoast_head":"<!-- This site is optimized with the Yoast SEO Premium plugin v26.7 (Yoast SEO v26.7) - https:\/\/yoast.com\/wordpress\/plugins\/seo\/ -->\n<title>Le patron des arbitres reconna\u00eet que le but de Paqueta face au LOSC \u00e9tait valable<\/title>\n<meta name=\"description\" content=\"Pascal Garibian, patron des arbitres fran\u00e7ais, reconna\u00eet que le but de Lucas Paqueta face \u00e0 Lille aurait d\u00fb \u00eatre valid\u00e9.\" \/>\n<meta name=\"robots\" content=\"index, follow, max-snippet:-1, max-image-preview:large, max-video-preview:-1\" \/>\n<link rel=\"canonical\" href=\"https:\/\/dicodusport.fr\/blog\/le-patron-des-arbitres-reconnait-que-le-but-de-paqueta-face-au-losc-etait-valable\/\" \/>\n<meta property=\"og:locale\" content=\"fr_FR\" \/>\n<meta property=\"og:type\" content=\"article\" \/>\n<meta property=\"og:title\" content=\"Le patron des arbitres reconna\u00eet que le but de Paqueta face au LOSC \u00e9tait valable\" \/>\n<meta property=\"og:description\" content=\"Pascal Garibian, patron des arbitres fran\u00e7ais, reconna\u00eet que le but de Lucas Paqueta face \u00e0 Lille aurait d\u00fb \u00eatre valid\u00e9.\" \/>\n<meta property=\"og:url\" content=\"https:\/\/dicodusport.fr\/blog\/le-patron-des-arbitres-reconnait-que-le-but-de-paqueta-face-au-losc-etait-valable\/\" \/>\n<meta property=\"og:site_name\" content=\"Dicodusport\" \/>\n<meta property=\"article:publisher\" content=\"https:\/\/www.facebook.com\/dicodusport\" \/>\n<meta property=\"article:author\" content=\"https:\/\/www.facebook.com\/dicodusport\" \/>\n<meta property=\"article:published_time\" content=\"2022-02-28T15:57:47+00:00\" \/>\n<meta property=\"article:modified_time\" content=\"2022-02-28T20:43:32+00:00\" \/>\n<meta property=\"og:image\" content=\"https:\/\/dicodusport.fr\/blog\/wp-content\/uploads\/2022\/02\/Le-patron-des-arbitres-reconnait-que-le-but-de-Lucas-Paqueta-e\u0301tait-valable.png\" \/>\n\t<meta property=\"og:image:width\" content=\"800\" \/>\n\t<meta property=\"og:image:height\" content=\"445\" \/>\n\t<meta property=\"og:image:type\" content=\"image\/png\" \/>\n<meta name=\"author\" content=\"Nicolas Jacquemard\" \/>\n<meta name=\"twitter:card\" content=\"summary_large_image\" \/>\n<meta name=\"twitter:title\" content=\"Le patron des arbitres reconna\u00eet que le but de Paqueta face au LOSC \u00e9tait valable\" \/>\n<meta name=\"twitter:creator\" content=\"@https:\/\/twitter.com\/Nico_Jacquemard\" \/>\n<meta name=\"twitter:site\" content=\"@dicodusport\" \/>\n<script type=\"application\/ld+json\" class=\"yoast-schema-graph\">{\"@context\":\"https:\/\/schema.org\",\"@graph\":[{\"@type\":\"NewsArticle\",\"@id\":\"https:\/\/dicodusport.fr\/blog\/le-patron-des-arbitres-reconnait-que-le-but-de-paqueta-face-au-losc-etait-valable\/#article\",\"isPartOf\":{\"@id\":\"https:\/\/dicodusport.fr\/blog\/le-patron-des-arbitres-reconnait-que-le-but-de-paqueta-face-au-losc-etait-valable\/\"},\"author\":{\"name\":\"Nicolas Jacquemard\",\"@id\":\"https:\/\/dicodusport.fr\/blog\/#\/schema\/person\/55dcb50ad410894e431ed812bbb70191\"},\"headline\":\"Le patron des arbitres reconna\u00eet que le but de Paqueta face au LOSC \u00e9tait valable\",\"datePublished\":\"2022-02-28T15:57:47+00:00\",\"dateModified\":\"2022-02-28T20:43:32+00:00\",\"mainEntityOfPage\":{\"@id\":\"https:\/\/dicodusport.fr\/blog\/le-patron-des-arbitres-reconnait-que-le-but-de-paqueta-face-au-losc-etait-valable\/\"},\"wordCount\":328,\"commentCount\":0,\"publisher\":{\"@id\":\"https:\/\/dicodusport.fr\/blog\/#organization\"},\"image\":{\"@id\":\"https:\/\/dicodusport.fr\/blog\/le-patron-des-arbitres-reconnait-que-le-but-de-paqueta-face-au-losc-etait-valable\/#primaryimage\"},\"thumbnailUrl\":\"https:\/\/dicodusport.fr\/blog\/wp-content\/uploads\/2022\/02\/Le-patron-des-arbitres-reconnait-que-le-but-de-Lucas-Paqueta-e\u0301tait-valable.png\",\"keywords\":[\"Ligue 1\",\"LOSC\",\"Lucas Paqueta\",\"OL\"],\"articleSection\":[\"Ligue 1\"],\"inLanguage\":\"fr-FR\",\"potentialAction\":[{\"@type\":\"CommentAction\",\"name\":\"Comment\",\"target\":[\"https:\/\/dicodusport.fr\/blog\/le-patron-des-arbitres-reconnait-que-le-but-de-paqueta-face-au-losc-etait-valable\/#respond\"]}],\"copyrightYear\":\"2022\",\"copyrightHolder\":{\"@id\":\"https:\/\/dicodusport.fr\/blog\/#organization\"}},{\"@type\":\"WebPage\",\"@id\":\"https:\/\/dicodusport.fr\/blog\/le-patron-des-arbitres-reconnait-que-le-but-de-paqueta-face-au-losc-etait-valable\/\",\"url\":\"https:\/\/dicodusport.fr\/blog\/le-patron-des-arbitres-reconnait-que-le-but-de-paqueta-face-au-losc-etait-valable\/\",\"name\":\"Le patron des arbitres reconna\u00eet que le but de Paqueta face au LOSC \u00e9tait valable\",\"isPartOf\":{\"@id\":\"https:\/\/dicodusport.fr\/blog\/#website\"},\"primaryImageOfPage\":{\"@id\":\"https:\/\/dicodusport.fr\/blog\/le-patron-des-arbitres-reconnait-que-le-but-de-paqueta-face-au-losc-etait-valable\/#primaryimage\"},\"image\":{\"@id\":\"https:\/\/dicodusport.fr\/blog\/le-patron-des-arbitres-reconnait-que-le-but-de-paqueta-face-au-losc-etait-valable\/#primaryimage\"},\"thumbnailUrl\":\"https:\/\/dicodusport.fr\/blog\/wp-content\/uploads\/2022\/02\/Le-patron-des-arbitres-reconnait-que-le-but-de-Lucas-Paqueta-e\u0301tait-valable.png\",\"datePublished\":\"2022-02-28T15:57:47+00:00\",\"dateModified\":\"2022-02-28T20:43:32+00:00\",\"description\":\"Pascal Garibian, patron des arbitres fran\u00e7ais, reconna\u00eet que le but de Lucas Paqueta face \u00e0 Lille aurait d\u00fb \u00eatre valid\u00e9.\",\"breadcrumb\":{\"@id\":\"https:\/\/dicodusport.fr\/blog\/le-patron-des-arbitres-reconnait-que-le-but-de-paqueta-face-au-losc-etait-valable\/#breadcrumb\"},\"inLanguage\":\"fr-FR\",\"potentialAction\":[{\"@type\":\"ReadAction\",\"target\":[\"https:\/\/dicodusport.fr\/blog\/le-patron-des-arbitres-reconnait-que-le-but-de-paqueta-face-au-losc-etait-valable\/\"]}]},{\"@type\":\"ImageObject\",\"inLanguage\":\"fr-FR\",\"@id\":\"https:\/\/dicodusport.fr\/blog\/le-patron-des-arbitres-reconnait-que-le-but-de-paqueta-face-au-losc-etait-valable\/#primaryimage\",\"url\":\"https:\/\/dicodusport.fr\/blog\/wp-content\/uploads\/2022\/02\/Le-patron-des-arbitres-reconnait-que-le-but-de-Lucas-Paqueta-e\u0301tait-valable.png\",\"contentUrl\":\"https:\/\/dicodusport.fr\/blog\/wp-content\/uploads\/2022\/02\/Le-patron-des-arbitres-reconnait-que-le-but-de-Lucas-Paqueta-e\u0301tait-valable.png\",\"width\":800,\"height\":445},{\"@type\":\"BreadcrumbList\",\"@id\":\"https:\/\/dicodusport.fr\/blog\/le-patron-des-arbitres-reconnait-que-le-but-de-paqueta-face-au-losc-etait-valable\/#breadcrumb\",\"itemListElement\":[{\"@type\":\"ListItem\",\"position\":1,\"name\":\"Accueil\",\"item\":\"https:\/\/dicodusport.fr\/blog\/\"},{\"@type\":\"ListItem\",\"position\":2,\"name\":\"Le patron des arbitres reconna\u00eet que le but de Paqueta face au LOSC \u00e9tait valable\"}]},{\"@type\":\"WebSite\",\"@id\":\"https:\/\/dicodusport.fr\/blog\/#website\",\"url\":\"https:\/\/dicodusport.fr\/blog\/\",\"name\":\"Dicodusport\",\"description\":\"L&#039;encyclop\u00e9die de l&#039;actualit\u00e9 sportive\",\"publisher\":{\"@id\":\"https:\/\/dicodusport.fr\/blog\/#organization\"},\"potentialAction\":[{\"@type\":\"SearchAction\",\"target\":{\"@type\":\"EntryPoint\",\"urlTemplate\":\"https:\/\/dicodusport.fr\/blog\/?s={search_term_string}\"},\"query-input\":{\"@type\":\"PropertyValueSpecification\",\"valueRequired\":true,\"valueName\":\"search_term_string\"}}],\"inLanguage\":\"fr-FR\"},{\"@type\":\"NewsMediaOrganization\",\"@id\":\"https:\/\/dicodusport.fr\/blog\/#organization\",\"name\":\"Dicodusport\",\"url\":\"https:\/\/dicodusport.fr\/blog\/\",\"logo\":{\"@type\":\"ImageObject\",\"inLanguage\":\"fr-FR\",\"@id\":\"https:\/\/dicodusport.fr\/blog\/#\/schema\/logo\/image\/\",\"url\":\"https:\/\/dicodusport.fr\/blog\/wp-content\/uploads\/2020\/06\/cropped-LOGO-DICODUSPORT-2020-SANS-FOND-SANS-TEXTE.png\",\"contentUrl\":\"https:\/\/dicodusport.fr\/blog\/wp-content\/uploads\/2020\/06\/cropped-LOGO-DICODUSPORT-2020-SANS-FOND-SANS-TEXTE.png\",\"width\":512,\"height\":512,\"caption\":\"Dicodusport\"},\"image\":{\"@id\":\"https:\/\/dicodusport.fr\/blog\/#\/schema\/logo\/image\/\"},\"sameAs\":[\"https:\/\/www.facebook.com\/dicodusport\",\"https:\/\/x.com\/dicodusport\",\"https:\/\/www.instagram.com\/dicodusport\/\",\"https:\/\/www.youtube.com\/channel\/UC7V2KZ5sd3htJivAbA4ZG3w\"],\"description\":\"Dicodusport est l'encyclop\u00e9die de l'actualit\u00e9 sportive.\",\"email\":\"bonjour@dicodusport.fr\",\"legalName\":\"DICODUSPORT\",\"foundingDate\":\"2018-01-14\",\"vatID\":\"FR71834470973\",\"taxID\":\"83447097300043\",\"numberOfEmployees\":{\"@type\":\"QuantitativeValue\",\"minValue\":\"1\",\"maxValue\":\"10\"}},{\"@type\":\"Person\",\"@id\":\"https:\/\/dicodusport.fr\/blog\/#\/schema\/person\/55dcb50ad410894e431ed812bbb70191\",\"name\":\"Nicolas Jacquemard\",\"image\":{\"@type\":\"ImageObject\",\"inLanguage\":\"fr-FR\",\"@id\":\"https:\/\/dicodusport.fr\/blog\/#\/schema\/person\/image\/\",\"url\":\"https:\/\/dicodusport.fr\/blog\/wp-content\/uploads\/2021\/05\/Nicolas-Jacquemard-150x150.jpeg\",\"contentUrl\":\"https:\/\/dicodusport.fr\/blog\/wp-content\/uploads\/2021\/05\/Nicolas-Jacquemard-150x150.jpeg\",\"caption\":\"Nicolas Jacquemard\"},\"description\":\"Passionn\u00e9 de sport et entrepreneur depuis mes 18 ans, la cr\u00e9ation de Dicodusport m'a sembl\u00e9 \u00e9vidente pour participer \u00e0 la m\u00e9diatisation d'un plus grand nombre de sports. Le chemin est long mais avec une \u00e9quipe des plus motiv\u00e9es et les Jeux Olympiques de Paris 2024 en point de mire, nous y arriverons ! Journaliste dans le monde du sport depuis plus de 5 ans, je traite aussi bien de football, de rugby, de biathlon que de cyclisme.\",\"sameAs\":[\"https:\/\/www.facebook.com\/dicodusport\",\"https:\/\/x.com\/https:\/\/twitter.com\/Nico_Jacquemard\"],\"url\":\"https:\/\/dicodusport.fr\/blog\/author\/dicodusport\/\"}]}<\/script>\n<!-- \/ Yoast SEO Premium plugin. -->","yoast_head_json":{"title":"Le patron des arbitres reconna\u00eet que le but de Paqueta face au LOSC \u00e9tait valable","description":"Pascal Garibian, patron des arbitres fran\u00e7ais, reconna\u00eet que le but de Lucas Paqueta face \u00e0 Lille aurait d\u00fb \u00eatre valid\u00e9.","robots":{"index":"index","follow":"follow","max-snippet":"max-snippet:-1","max-image-preview":"max-image-preview:large","max-video-preview":"max-video-preview:-1"},"canonical":"https:\/\/dicodusport.fr\/blog\/le-patron-des-arbitres-reconnait-que-le-but-de-paqueta-face-au-losc-etait-valable\/","og_locale":"fr_FR","og_type":"article","og_title":"Le patron des arbitres reconna\u00eet que le but de Paqueta face au LOSC \u00e9tait valable","og_description":"Pascal Garibian, patron des arbitres fran\u00e7ais, reconna\u00eet que le but de Lucas Paqueta face \u00e0 Lille aurait d\u00fb \u00eatre valid\u00e9.","og_url":"https:\/\/dicodusport.fr\/blog\/le-patron-des-arbitres-reconnait-que-le-but-de-paqueta-face-au-losc-etait-valable\/","og_site_name":"Dicodusport","article_publisher":"https:\/\/www.facebook.com\/dicodusport","article_author":"https:\/\/www.facebook.com\/dicodusport","article_published_time":"2022-02-28T15:57:47+00:00","article_modified_time":"2022-02-28T20:43:32+00:00","og_image":[{"width":800,"height":445,"url":"https:\/\/dicodusport.fr\/blog\/wp-content\/uploads\/2022\/02\/Le-patron-des-arbitres-reconnait-que-le-but-de-Lucas-Paqueta-e\u0301tait-valable.png","type":"image\/png"}],"author":"Nicolas Jacquemard","twitter_card":"summary_large_image","twitter_title":"Le patron des arbitres reconna\u00eet que le but de Paqueta face au LOSC \u00e9tait valable","twitter_creator":"@https:\/\/twitter.com\/Nico_Jacquemard","twitter_site":"@dicodusport","schema":{"@context":"https:\/\/schema.org","@graph":[{"@type":"NewsArticle","@id":"https:\/\/dicodusport.fr\/blog\/le-patron-des-arbitres-reconnait-que-le-but-de-paqueta-face-au-losc-etait-valable\/#article","isPartOf":{"@id":"https:\/\/dicodusport.fr\/blog\/le-patron-des-arbitres-reconnait-que-le-but-de-paqueta-face-au-losc-etait-valable\/"},"author":{"name":"Nicolas Jacquemard","@id":"https:\/\/dicodusport.fr\/blog\/#\/schema\/person\/55dcb50ad410894e431ed812bbb70191"},"headline":"Le patron des arbitres reconna\u00eet que le but de Paqueta face au LOSC \u00e9tait valable","datePublished":"2022-02-28T15:57:47+00:00","dateModified":"2022-02-28T20:43:32+00:00","mainEntityOfPage":{"@id":"https:\/\/dicodusport.fr\/blog\/le-patron-des-arbitres-reconnait-que-le-but-de-paqueta-face-au-losc-etait-valable\/"},"wordCount":328,"commentCount":0,"publisher":{"@id":"https:\/\/dicodusport.fr\/blog\/#organization"},"image":{"@id":"https:\/\/dicodusport.fr\/blog\/le-patron-des-arbitres-reconnait-que-le-but-de-paqueta-face-au-losc-etait-valable\/#primaryimage"},"thumbnailUrl":"https:\/\/dicodusport.fr\/blog\/wp-content\/uploads\/2022\/02\/Le-patron-des-arbitres-reconnait-que-le-but-de-Lucas-Paqueta-e\u0301tait-valable.png","keywords":["Ligue 1","LOSC","Lucas Paqueta","OL"],"articleSection":["Ligue 1"],"inLanguage":"fr-FR","potentialAction":[{"@type":"CommentAction","name":"Comment","target":["https:\/\/dicodusport.fr\/blog\/le-patron-des-arbitres-reconnait-que-le-but-de-paqueta-face-au-losc-etait-valable\/#respond"]}],"copyrightYear":"2022","copyrightHolder":{"@id":"https:\/\/dicodusport.fr\/blog\/#organization"}},{"@type":"WebPage","@id":"https:\/\/dicodusport.fr\/blog\/le-patron-des-arbitres-reconnait-que-le-but-de-paqueta-face-au-losc-etait-valable\/","url":"https:\/\/dicodusport.fr\/blog\/le-patron-des-arbitres-reconnait-que-le-but-de-paqueta-face-au-losc-etait-valable\/","name":"Le patron des arbitres reconna\u00eet que le but de Paqueta face au LOSC \u00e9tait valable","isPartOf":{"@id":"https:\/\/dicodusport.fr\/blog\/#website"},"primaryImageOfPage":{"@id":"https:\/\/dicodusport.fr\/blog\/le-patron-des-arbitres-reconnait-que-le-but-de-paqueta-face-au-losc-etait-valable\/#primaryimage"},"image":{"@id":"https:\/\/dicodusport.fr\/blog\/le-patron-des-arbitres-reconnait-que-le-but-de-paqueta-face-au-losc-etait-valable\/#primaryimage"},"thumbnailUrl":"https:\/\/dicodusport.fr\/blog\/wp-content\/uploads\/2022\/02\/Le-patron-des-arbitres-reconnait-que-le-but-de-Lucas-Paqueta-e\u0301tait-valable.png","datePublished":"2022-02-28T15:57:47+00:00","dateModified":"2022-02-28T20:43:32+00:00","description":"Pascal Garibian, patron des arbitres fran\u00e7ais, reconna\u00eet que le but de Lucas Paqueta face \u00e0 Lille aurait d\u00fb \u00eatre valid\u00e9.","breadcrumb":{"@id":"https:\/\/dicodusport.fr\/blog\/le-patron-des-arbitres-reconnait-que-le-but-de-paqueta-face-au-losc-etait-valable\/#breadcrumb"},"inLanguage":"fr-FR","potentialAction":[{"@type":"ReadAction","target":["https:\/\/dicodusport.fr\/blog\/le-patron-des-arbitres-reconnait-que-le-but-de-paqueta-face-au-losc-etait-valable\/"]}]},{"@type":"ImageObject","inLanguage":"fr-FR","@id":"https:\/\/dicodusport.fr\/blog\/le-patron-des-arbitres-reconnait-que-le-but-de-paqueta-face-au-losc-etait-valable\/#primaryimage","url":"https:\/\/dicodusport.fr\/blog\/wp-content\/uploads\/2022\/02\/Le-patron-des-arbitres-reconnait-que-le-but-de-Lucas-Paqueta-e\u0301tait-valable.png","contentUrl":"https:\/\/dicodusport.fr\/blog\/wp-content\/uploads\/2022\/02\/Le-patron-des-arbitres-reconnait-que-le-but-de-Lucas-Paqueta-e\u0301tait-valable.png","width":800,"height":445},{"@type":"BreadcrumbList","@id":"https:\/\/dicodusport.fr\/blog\/le-patron-des-arbitres-reconnait-que-le-but-de-paqueta-face-au-losc-etait-valable\/#breadcrumb","itemListElement":[{"@type":"ListItem","position":1,"name":"Accueil","item":"https:\/\/dicodusport.fr\/blog\/"},{"@type":"ListItem","position":2,"name":"Le patron des arbitres reconna\u00eet que le but de Paqueta face au LOSC \u00e9tait valable"}]},{"@type":"WebSite","@id":"https:\/\/dicodusport.fr\/blog\/#website","url":"https:\/\/dicodusport.fr\/blog\/","name":"Dicodusport","description":"L&#039;encyclop\u00e9die de l&#039;actualit\u00e9 sportive","publisher":{"@id":"https:\/\/dicodusport.fr\/blog\/#organization"},"potentialAction":[{"@type":"SearchAction","target":{"@type":"EntryPoint","urlTemplate":"https:\/\/dicodusport.fr\/blog\/?s={search_term_string}"},"query-input":{"@type":"PropertyValueSpecification","valueRequired":true,"valueName":"search_term_string"}}],"inLanguage":"fr-FR"},{"@type":"NewsMediaOrganization","@id":"https:\/\/dicodusport.fr\/blog\/#organization","name":"Dicodusport","url":"https:\/\/dicodusport.fr\/blog\/","logo":{"@type":"ImageObject","inLanguage":"fr-FR","@id":"https:\/\/dicodusport.fr\/blog\/#\/schema\/logo\/image\/","url":"https:\/\/dicodusport.fr\/blog\/wp-content\/uploads\/2020\/06\/cropped-LOGO-DICODUSPORT-2020-SANS-FOND-SANS-TEXTE.png","contentUrl":"https:\/\/dicodusport.fr\/blog\/wp-content\/uploads\/2020\/06\/cropped-LOGO-DICODUSPORT-2020-SANS-FOND-SANS-TEXTE.png","width":512,"height":512,"caption":"Dicodusport"},"image":{"@id":"https:\/\/dicodusport.fr\/blog\/#\/schema\/logo\/image\/"},"sameAs":["https:\/\/www.facebook.com\/dicodusport","https:\/\/x.com\/dicodusport","https:\/\/www.instagram.com\/dicodusport\/","https:\/\/www.youtube.com\/channel\/UC7V2KZ5sd3htJivAbA4ZG3w"],"description":"Dicodusport est l'encyclop\u00e9die de l'actualit\u00e9 sportive.","email":"bonjour@dicodusport.fr","legalName":"DICODUSPORT","foundingDate":"2018-01-14","vatID":"FR71834470973","taxID":"83447097300043","numberOfEmployees":{"@type":"QuantitativeValue","minValue":"1","maxValue":"10"}},{"@type":"Person","@id":"https:\/\/dicodusport.fr\/blog\/#\/schema\/person\/55dcb50ad410894e431ed812bbb70191","name":"Nicolas Jacquemard","image":{"@type":"ImageObject","inLanguage":"fr-FR","@id":"https:\/\/dicodusport.fr\/blog\/#\/schema\/person\/image\/","url":"https:\/\/dicodusport.fr\/blog\/wp-content\/uploads\/2021\/05\/Nicolas-Jacquemard-150x150.jpeg","contentUrl":"https:\/\/dicodusport.fr\/blog\/wp-content\/uploads\/2021\/05\/Nicolas-Jacquemard-150x150.jpeg","caption":"Nicolas Jacquemard"},"description":"Passionn\u00e9 de sport et entrepreneur depuis mes 18 ans, la cr\u00e9ation de Dicodusport m'a sembl\u00e9 \u00e9vidente pour participer \u00e0 la m\u00e9diatisation d'un plus grand nombre de sports. Le chemin est long mais avec une \u00e9quipe des plus motiv\u00e9es et les Jeux Olympiques de Paris 2024 en point de mire, nous y arriverons ! Journaliste dans le monde du sport depuis plus de 5 ans, je traite aussi bien de football, de rugby, de biathlon que de cyclisme.","sameAs":["https:\/\/www.facebook.com\/dicodusport","https:\/\/x.com\/https:\/\/twitter.com\/Nico_Jacquemard"],"url":"https:\/\/dicodusport.fr\/blog\/author\/dicodusport\/"}]}},"_links":{"self":[{"href":"https:\/\/dicodusport.fr\/blog\/wp-json\/wp\/v2\/posts\/203936","targetHints":{"allow":["GET"]}}],"collection":[{"href":"https:\/\/dicodusport.fr\/blog\/wp-json\/wp\/v2\/posts"}],"about":[{"href":"https:\/\/dicodusport.fr\/blog\/wp-json\/wp\/v2\/types\/post"}],"author":[{"embeddable":true,"href":"https:\/\/dicodusport.fr\/blog\/wp-json\/wp\/v2\/users\/1"}],"replies":[{"embeddable":true,"href":"https:\/\/dicodusport.fr\/blog\/wp-json\/wp\/v2\/comments?post=203936"}],"version-history":[{"count":0,"href":"https:\/\/dicodusport.fr\/blog\/wp-json\/wp\/v2\/posts\/203936\/revisions"}],"wp:featuredmedia":[{"embeddable":true,"href":"https:\/\/dicodusport.fr\/blog\/wp-json\/wp\/v2\/media\/203938"}],"wp:attachment":[{"href":"https:\/\/dicodusport.fr\/blog\/wp-json\/wp\/v2\/media?parent=203936"}],"wp:term":[{"taxonomy":"category","embeddable":true,"href":"https:\/\/dicodusport.fr\/blog\/wp-json\/wp\/v2\/categories?post=203936"},{"taxonomy":"post_tag","embeddable":true,"href":"https:\/\/dicodusport.fr\/blog\/wp-json\/wp\/v2\/tags?post=203936"}],"curies":[{"name":"wp","href":"https:\/\/api.w.org\/{rel}","templated":true}]}}