{"id":203949,"date":"2022-02-28T17:17:48","date_gmt":"2022-02-28T16:17:48","guid":{"rendered":"https:\/\/dicodusport.fr\/blog\/?p=203949&#038;preview=true&#038;preview_id=203949"},"modified":"2022-02-28T21:42:29","modified_gmt":"2022-02-28T20:42:29","slug":"johannes-boe-met-un-terme-a-sa-saison","status":"publish","type":"post","link":"https:\/\/dicodusport.fr\/blog\/johannes-boe-met-un-terme-a-sa-saison\/","title":{"rendered":"Johannes Boe met un terme \u00e0 sa saison"},"content":{"rendered":"<p style=\"text-align: justify;\"><strong><em><a href=\"https:\/\/dicodusport.fr\/blog\/actualites\/biathlon\/coupe-du-monde-biathlon-2021-2022\/\">COUPE DU MONDE DE BIATHLON 2021-2022<\/a> &#8211; R\u00e9cent quadruple champion olympique en Chine, Johannes Boe a annonc\u00e9 qu&rsquo;il mettait un terme \u00e0 sa saison 2021-2022.\u00a0<\/em><\/strong><\/p>\n<p style=\"text-align: justify;\">Dans un communiqu\u00e9 publi\u00e9 par le biathl\u00e8te lui-m\u00eame, <strong>Johannes Boe<\/strong> explique vouloir prendre une longue pause avant de repartir pour un cycle de 4 ans, en vue des JO de Milan-Cortina.<\/p>\n<blockquote>\n<p style=\"text-align: justify;\">\u00c0 la fois physiquement et mentalement, cette saison et la pr\u00e9c\u00e9dente ont \u00e9t\u00e9 tr\u00e8s difficiles en termes de contr\u00f4les des infections et de pr\u00e9paration en vue des Jeux Olympiques de P\u00e9kin. Depuis les JO 2018, je n&rsquo;ai pas trouv\u00e9 de place pour faire une longue pause. J&rsquo;ai d\u00e9cid\u00e9 de la prendre maintenant, et je reste d&rsquo;ores et d\u00e9j\u00e0 pr\u00eat et tr\u00e8s motiv\u00e9 pour les quatre prochaines ann\u00e9es menant aux Jeux Olympiques d&rsquo;Anterselva (Milan-Cortina) en 2026.<\/p>\n<\/blockquote>\n<p style=\"text-align: justify;\">S&rsquo;il a brill\u00e9 en Chine avec quatre m\u00e9dailles d&rsquo;or dont deux en individuel, <strong>Johannes Boe<\/strong> \u00e9tait distanc\u00e9 par <strong>Quentin Fillon Maillet<\/strong> au <a href=\"https:\/\/dicodusport.fr\/blog\/biathlon-coupe-du-monde-2021-2022-classement-general-hommes\/\" target=\"_blank\" rel=\"noopener\">classement g\u00e9n\u00e9ral de la Coupe du monde<\/a>. La mauvaise nouvelle est donc qu&rsquo;on ne reverra pas cette saison son duel avec le Fran\u00e7ais, mais la bonne est que leur affrontement devrait nous tenir en haleine encore au moins quatre ans.<\/p>\n<blockquote class=\"twitter-tweet\">\n<p dir=\"ltr\" lang=\"fr\">Johannes Boe met un terme \u00e0 sa saison<br \/>\n&#x1f62f;&#x1f62f;&#x1f62f;&#x1f62f;&#x1f62f;&#x1f1f3;&#x1f1f4;<br \/>\nFatigu\u00e9 physiquement et mentalement, le r\u00e9cent quadruple champion olympique de biathlon veut faire une longue pause avant de repartir pour quatre ann\u00e9es supplementaires&#8230;<a href=\"https:\/\/t.co\/H87Qwtz4GU\">https:\/\/t.co\/H87Qwtz4GU<\/a> <a href=\"https:\/\/t.co\/zXuzRB0VZW\">pic.twitter.com\/zXuzRB0VZW<\/a><\/p>\n<p>\u2014 Ski &#8211; Biathlon &#8211; Sports Infos (@SkiNordique_net) <a href=\"https:\/\/twitter.com\/SkiNordique_net\/status\/1498324253548191745?ref_src=twsrc%5Etfw\">February 28, 2022<\/a><\/p><\/blockquote>\n<p style=\"text-align: justify;\"><script async src=\"https:\/\/platform.twitter.com\/widgets.js\" charset=\"utf-8\"><\/script><\/p>\n","protected":false},"excerpt":{"rendered":"<p>COUPE DU MONDE DE BIATHLON 2021-2022 &#8211; R\u00e9cent quadruple champion olympique en Chine, Johannes Boe a annonc\u00e9 qu&rsquo;il mettait un terme \u00e0 sa saison 2021-2022.\u00a0<\/p>\n","protected":false},"author":1,"featured_media":201629,"comment_status":"open","ping_status":"closed","sticky":false,"template":"","format":"standard","meta":{"_acf_changed":false,"_daextam_enable_autolinks":"","footnotes":""},"categories":[47040],"tags":[2427,2433,24],"class_list":["post-203949","post","type-post","status-publish","format-standard","has-post-thumbnail","hentry","category-coupe-du-monde-de-biathlon","tag-biathlon","tag-johannes-boe","tag-sport"],"acf":[],"yoast_head":"<!-- This site is optimized with the Yoast SEO Premium plugin v26.7 (Yoast SEO v26.7) - https:\/\/yoast.com\/wordpress\/plugins\/seo\/ -->\n<title>Johannes Boe met un terme \u00e0 sa saison<\/title>\n<meta name=\"description\" content=\"R\u00e9cent quadruple champion olympique en Chine, Johannes Boe a annonc\u00e9 qu&#039;il mettait un terme \u00e0 sa saison 2021-2022.\u00a0\" \/>\n<meta name=\"robots\" content=\"index, follow, max-snippet:-1, max-image-preview:large, max-video-preview:-1\" \/>\n<link rel=\"canonical\" href=\"https:\/\/dicodusport.fr\/blog\/johannes-boe-met-un-terme-a-sa-saison\/\" \/>\n<meta property=\"og:locale\" content=\"fr_FR\" \/>\n<meta property=\"og:type\" content=\"article\" \/>\n<meta property=\"og:title\" content=\"Johannes Boe met un terme \u00e0 sa saison\" \/>\n<meta property=\"og:description\" content=\"R\u00e9cent quadruple champion olympique en Chine, Johannes Boe a annonc\u00e9 qu&#039;il mettait un terme \u00e0 sa saison 2021-2022.\u00a0\" \/>\n<meta property=\"og:url\" content=\"https:\/\/dicodusport.fr\/blog\/johannes-boe-met-un-terme-a-sa-saison\/\" \/>\n<meta property=\"og:site_name\" content=\"Dicodusport\" \/>\n<meta property=\"article:publisher\" content=\"https:\/\/www.facebook.com\/dicodusport\" \/>\n<meta property=\"article:author\" content=\"https:\/\/www.facebook.com\/dicodusport\" \/>\n<meta property=\"article:published_time\" content=\"2022-02-28T16:17:48+00:00\" \/>\n<meta property=\"article:modified_time\" content=\"2022-02-28T20:42:29+00:00\" \/>\n<meta property=\"og:image\" content=\"https:\/\/dicodusport.fr\/blog\/wp-content\/uploads\/2022\/02\/JO-Pekin-2022-Biathlon-Johannes-Boe-en-or-sur-la-mass-start-Fillon-Maillet-4eme.png\" \/>\n\t<meta property=\"og:image:width\" content=\"800\" \/>\n\t<meta property=\"og:image:height\" content=\"445\" \/>\n\t<meta property=\"og:image:type\" content=\"image\/png\" \/>\n<meta name=\"author\" content=\"Nicolas Jacquemard\" \/>\n<meta name=\"twitter:card\" content=\"summary_large_image\" \/>\n<meta name=\"twitter:title\" content=\"Johannes Boe met un terme \u00e0 sa saison\" \/>\n<meta name=\"twitter:creator\" content=\"@https:\/\/twitter.com\/Nico_Jacquemard\" \/>\n<meta name=\"twitter:site\" content=\"@dicodusport\" \/>\n<script type=\"application\/ld+json\" class=\"yoast-schema-graph\">{\"@context\":\"https:\/\/schema.org\",\"@graph\":[{\"@type\":\"NewsArticle\",\"@id\":\"https:\/\/dicodusport.fr\/blog\/johannes-boe-met-un-terme-a-sa-saison\/#article\",\"isPartOf\":{\"@id\":\"https:\/\/dicodusport.fr\/blog\/johannes-boe-met-un-terme-a-sa-saison\/\"},\"author\":{\"name\":\"Nicolas Jacquemard\",\"@id\":\"https:\/\/dicodusport.fr\/blog\/#\/schema\/person\/55dcb50ad410894e431ed812bbb70191\"},\"headline\":\"Johannes Boe met un terme \u00e0 sa saison\",\"datePublished\":\"2022-02-28T16:17:48+00:00\",\"dateModified\":\"2022-02-28T20:42:29+00:00\",\"mainEntityOfPage\":{\"@id\":\"https:\/\/dicodusport.fr\/blog\/johannes-boe-met-un-terme-a-sa-saison\/\"},\"wordCount\":294,\"commentCount\":0,\"publisher\":{\"@id\":\"https:\/\/dicodusport.fr\/blog\/#organization\"},\"image\":{\"@id\":\"https:\/\/dicodusport.fr\/blog\/johannes-boe-met-un-terme-a-sa-saison\/#primaryimage\"},\"thumbnailUrl\":\"https:\/\/dicodusport.fr\/blog\/wp-content\/uploads\/2022\/02\/JO-Pekin-2022-Biathlon-Johannes-Boe-en-or-sur-la-mass-start-Fillon-Maillet-4eme.png\",\"keywords\":[\"Biathlon\",\"Johannes Boe\",\"sport\"],\"articleSection\":[\"Coupe du monde de biathlon\"],\"inLanguage\":\"fr-FR\",\"potentialAction\":[{\"@type\":\"CommentAction\",\"name\":\"Comment\",\"target\":[\"https:\/\/dicodusport.fr\/blog\/johannes-boe-met-un-terme-a-sa-saison\/#respond\"]}],\"copyrightYear\":\"2022\",\"copyrightHolder\":{\"@id\":\"https:\/\/dicodusport.fr\/blog\/#organization\"}},{\"@type\":\"WebPage\",\"@id\":\"https:\/\/dicodusport.fr\/blog\/johannes-boe-met-un-terme-a-sa-saison\/\",\"url\":\"https:\/\/dicodusport.fr\/blog\/johannes-boe-met-un-terme-a-sa-saison\/\",\"name\":\"Johannes Boe met un terme \u00e0 sa saison\",\"isPartOf\":{\"@id\":\"https:\/\/dicodusport.fr\/blog\/#website\"},\"primaryImageOfPage\":{\"@id\":\"https:\/\/dicodusport.fr\/blog\/johannes-boe-met-un-terme-a-sa-saison\/#primaryimage\"},\"image\":{\"@id\":\"https:\/\/dicodusport.fr\/blog\/johannes-boe-met-un-terme-a-sa-saison\/#primaryimage\"},\"thumbnailUrl\":\"https:\/\/dicodusport.fr\/blog\/wp-content\/uploads\/2022\/02\/JO-Pekin-2022-Biathlon-Johannes-Boe-en-or-sur-la-mass-start-Fillon-Maillet-4eme.png\",\"datePublished\":\"2022-02-28T16:17:48+00:00\",\"dateModified\":\"2022-02-28T20:42:29+00:00\",\"description\":\"R\u00e9cent quadruple champion olympique en Chine, Johannes Boe a annonc\u00e9 qu'il mettait un terme \u00e0 sa saison 2021-2022.\u00a0\",\"breadcrumb\":{\"@id\":\"https:\/\/dicodusport.fr\/blog\/johannes-boe-met-un-terme-a-sa-saison\/#breadcrumb\"},\"inLanguage\":\"fr-FR\",\"potentialAction\":[{\"@type\":\"ReadAction\",\"target\":[\"https:\/\/dicodusport.fr\/blog\/johannes-boe-met-un-terme-a-sa-saison\/\"]}]},{\"@type\":\"ImageObject\",\"inLanguage\":\"fr-FR\",\"@id\":\"https:\/\/dicodusport.fr\/blog\/johannes-boe-met-un-terme-a-sa-saison\/#primaryimage\",\"url\":\"https:\/\/dicodusport.fr\/blog\/wp-content\/uploads\/2022\/02\/JO-Pekin-2022-Biathlon-Johannes-Boe-en-or-sur-la-mass-start-Fillon-Maillet-4eme.png\",\"contentUrl\":\"https:\/\/dicodusport.fr\/blog\/wp-content\/uploads\/2022\/02\/JO-Pekin-2022-Biathlon-Johannes-Boe-en-or-sur-la-mass-start-Fillon-Maillet-4eme.png\",\"width\":800,\"height\":445,\"caption\":\"JO P\u00e9kin 2022 - Biathlon Johannes Boe en or sur la mass start, Fillon Maillet 4\u00e8me\"},{\"@type\":\"BreadcrumbList\",\"@id\":\"https:\/\/dicodusport.fr\/blog\/johannes-boe-met-un-terme-a-sa-saison\/#breadcrumb\",\"itemListElement\":[{\"@type\":\"ListItem\",\"position\":1,\"name\":\"Accueil\",\"item\":\"https:\/\/dicodusport.fr\/blog\/\"},{\"@type\":\"ListItem\",\"position\":2,\"name\":\"Johannes Boe met un terme \u00e0 sa saison\"}]},{\"@type\":\"WebSite\",\"@id\":\"https:\/\/dicodusport.fr\/blog\/#website\",\"url\":\"https:\/\/dicodusport.fr\/blog\/\",\"name\":\"Dicodusport\",\"description\":\"L&#039;encyclop\u00e9die de l&#039;actualit\u00e9 sportive\",\"publisher\":{\"@id\":\"https:\/\/dicodusport.fr\/blog\/#organization\"},\"potentialAction\":[{\"@type\":\"SearchAction\",\"target\":{\"@type\":\"EntryPoint\",\"urlTemplate\":\"https:\/\/dicodusport.fr\/blog\/?s={search_term_string}\"},\"query-input\":{\"@type\":\"PropertyValueSpecification\",\"valueRequired\":true,\"valueName\":\"search_term_string\"}}],\"inLanguage\":\"fr-FR\"},{\"@type\":\"NewsMediaOrganization\",\"@id\":\"https:\/\/dicodusport.fr\/blog\/#organization\",\"name\":\"Dicodusport\",\"url\":\"https:\/\/dicodusport.fr\/blog\/\",\"logo\":{\"@type\":\"ImageObject\",\"inLanguage\":\"fr-FR\",\"@id\":\"https:\/\/dicodusport.fr\/blog\/#\/schema\/logo\/image\/\",\"url\":\"https:\/\/dicodusport.fr\/blog\/wp-content\/uploads\/2020\/06\/cropped-LOGO-DICODUSPORT-2020-SANS-FOND-SANS-TEXTE.png\",\"contentUrl\":\"https:\/\/dicodusport.fr\/blog\/wp-content\/uploads\/2020\/06\/cropped-LOGO-DICODUSPORT-2020-SANS-FOND-SANS-TEXTE.png\",\"width\":512,\"height\":512,\"caption\":\"Dicodusport\"},\"image\":{\"@id\":\"https:\/\/dicodusport.fr\/blog\/#\/schema\/logo\/image\/\"},\"sameAs\":[\"https:\/\/www.facebook.com\/dicodusport\",\"https:\/\/x.com\/dicodusport\",\"https:\/\/www.instagram.com\/dicodusport\/\",\"https:\/\/www.youtube.com\/channel\/UC7V2KZ5sd3htJivAbA4ZG3w\"],\"description\":\"Dicodusport est l'encyclop\u00e9die de l'actualit\u00e9 sportive.\",\"email\":\"bonjour@dicodusport.fr\",\"legalName\":\"DICODUSPORT\",\"foundingDate\":\"2018-01-14\",\"vatID\":\"FR71834470973\",\"taxID\":\"83447097300043\",\"numberOfEmployees\":{\"@type\":\"QuantitativeValue\",\"minValue\":\"1\",\"maxValue\":\"10\"}},{\"@type\":\"Person\",\"@id\":\"https:\/\/dicodusport.fr\/blog\/#\/schema\/person\/55dcb50ad410894e431ed812bbb70191\",\"name\":\"Nicolas Jacquemard\",\"image\":{\"@type\":\"ImageObject\",\"inLanguage\":\"fr-FR\",\"@id\":\"https:\/\/dicodusport.fr\/blog\/#\/schema\/person\/image\/\",\"url\":\"https:\/\/dicodusport.fr\/blog\/wp-content\/uploads\/2021\/05\/Nicolas-Jacquemard-150x150.jpeg\",\"contentUrl\":\"https:\/\/dicodusport.fr\/blog\/wp-content\/uploads\/2021\/05\/Nicolas-Jacquemard-150x150.jpeg\",\"caption\":\"Nicolas Jacquemard\"},\"description\":\"Passionn\u00e9 de sport et entrepreneur depuis mes 18 ans, la cr\u00e9ation de Dicodusport m'a sembl\u00e9 \u00e9vidente pour participer \u00e0 la m\u00e9diatisation d'un plus grand nombre de sports. Le chemin est long mais avec une \u00e9quipe des plus motiv\u00e9es et les Jeux Olympiques de Paris 2024 en point de mire, nous y arriverons ! Journaliste dans le monde du sport depuis plus de 5 ans, je traite aussi bien de football, de rugby, de biathlon que de cyclisme.\",\"sameAs\":[\"https:\/\/www.facebook.com\/dicodusport\",\"https:\/\/x.com\/https:\/\/twitter.com\/Nico_Jacquemard\"],\"url\":\"https:\/\/dicodusport.fr\/blog\/author\/dicodusport\/\"}]}<\/script>\n<!-- \/ Yoast SEO Premium plugin. -->","yoast_head_json":{"title":"Johannes Boe met un terme \u00e0 sa saison","description":"R\u00e9cent quadruple champion olympique en Chine, Johannes Boe a annonc\u00e9 qu'il mettait un terme \u00e0 sa saison 2021-2022.\u00a0","robots":{"index":"index","follow":"follow","max-snippet":"max-snippet:-1","max-image-preview":"max-image-preview:large","max-video-preview":"max-video-preview:-1"},"canonical":"https:\/\/dicodusport.fr\/blog\/johannes-boe-met-un-terme-a-sa-saison\/","og_locale":"fr_FR","og_type":"article","og_title":"Johannes Boe met un terme \u00e0 sa saison","og_description":"R\u00e9cent quadruple champion olympique en Chine, Johannes Boe a annonc\u00e9 qu'il mettait un terme \u00e0 sa saison 2021-2022.\u00a0","og_url":"https:\/\/dicodusport.fr\/blog\/johannes-boe-met-un-terme-a-sa-saison\/","og_site_name":"Dicodusport","article_publisher":"https:\/\/www.facebook.com\/dicodusport","article_author":"https:\/\/www.facebook.com\/dicodusport","article_published_time":"2022-02-28T16:17:48+00:00","article_modified_time":"2022-02-28T20:42:29+00:00","og_image":[{"width":800,"height":445,"url":"https:\/\/dicodusport.fr\/blog\/wp-content\/uploads\/2022\/02\/JO-Pekin-2022-Biathlon-Johannes-Boe-en-or-sur-la-mass-start-Fillon-Maillet-4eme.png","type":"image\/png"}],"author":"Nicolas Jacquemard","twitter_card":"summary_large_image","twitter_title":"Johannes Boe met un terme \u00e0 sa saison","twitter_creator":"@https:\/\/twitter.com\/Nico_Jacquemard","twitter_site":"@dicodusport","schema":{"@context":"https:\/\/schema.org","@graph":[{"@type":"NewsArticle","@id":"https:\/\/dicodusport.fr\/blog\/johannes-boe-met-un-terme-a-sa-saison\/#article","isPartOf":{"@id":"https:\/\/dicodusport.fr\/blog\/johannes-boe-met-un-terme-a-sa-saison\/"},"author":{"name":"Nicolas Jacquemard","@id":"https:\/\/dicodusport.fr\/blog\/#\/schema\/person\/55dcb50ad410894e431ed812bbb70191"},"headline":"Johannes Boe met un terme \u00e0 sa saison","datePublished":"2022-02-28T16:17:48+00:00","dateModified":"2022-02-28T20:42:29+00:00","mainEntityOfPage":{"@id":"https:\/\/dicodusport.fr\/blog\/johannes-boe-met-un-terme-a-sa-saison\/"},"wordCount":294,"commentCount":0,"publisher":{"@id":"https:\/\/dicodusport.fr\/blog\/#organization"},"image":{"@id":"https:\/\/dicodusport.fr\/blog\/johannes-boe-met-un-terme-a-sa-saison\/#primaryimage"},"thumbnailUrl":"https:\/\/dicodusport.fr\/blog\/wp-content\/uploads\/2022\/02\/JO-Pekin-2022-Biathlon-Johannes-Boe-en-or-sur-la-mass-start-Fillon-Maillet-4eme.png","keywords":["Biathlon","Johannes Boe","sport"],"articleSection":["Coupe du monde de biathlon"],"inLanguage":"fr-FR","potentialAction":[{"@type":"CommentAction","name":"Comment","target":["https:\/\/dicodusport.fr\/blog\/johannes-boe-met-un-terme-a-sa-saison\/#respond"]}],"copyrightYear":"2022","copyrightHolder":{"@id":"https:\/\/dicodusport.fr\/blog\/#organization"}},{"@type":"WebPage","@id":"https:\/\/dicodusport.fr\/blog\/johannes-boe-met-un-terme-a-sa-saison\/","url":"https:\/\/dicodusport.fr\/blog\/johannes-boe-met-un-terme-a-sa-saison\/","name":"Johannes Boe met un terme \u00e0 sa saison","isPartOf":{"@id":"https:\/\/dicodusport.fr\/blog\/#website"},"primaryImageOfPage":{"@id":"https:\/\/dicodusport.fr\/blog\/johannes-boe-met-un-terme-a-sa-saison\/#primaryimage"},"image":{"@id":"https:\/\/dicodusport.fr\/blog\/johannes-boe-met-un-terme-a-sa-saison\/#primaryimage"},"thumbnailUrl":"https:\/\/dicodusport.fr\/blog\/wp-content\/uploads\/2022\/02\/JO-Pekin-2022-Biathlon-Johannes-Boe-en-or-sur-la-mass-start-Fillon-Maillet-4eme.png","datePublished":"2022-02-28T16:17:48+00:00","dateModified":"2022-02-28T20:42:29+00:00","description":"R\u00e9cent quadruple champion olympique en Chine, Johannes Boe a annonc\u00e9 qu'il mettait un terme \u00e0 sa saison 2021-2022.\u00a0","breadcrumb":{"@id":"https:\/\/dicodusport.fr\/blog\/johannes-boe-met-un-terme-a-sa-saison\/#breadcrumb"},"inLanguage":"fr-FR","potentialAction":[{"@type":"ReadAction","target":["https:\/\/dicodusport.fr\/blog\/johannes-boe-met-un-terme-a-sa-saison\/"]}]},{"@type":"ImageObject","inLanguage":"fr-FR","@id":"https:\/\/dicodusport.fr\/blog\/johannes-boe-met-un-terme-a-sa-saison\/#primaryimage","url":"https:\/\/dicodusport.fr\/blog\/wp-content\/uploads\/2022\/02\/JO-Pekin-2022-Biathlon-Johannes-Boe-en-or-sur-la-mass-start-Fillon-Maillet-4eme.png","contentUrl":"https:\/\/dicodusport.fr\/blog\/wp-content\/uploads\/2022\/02\/JO-Pekin-2022-Biathlon-Johannes-Boe-en-or-sur-la-mass-start-Fillon-Maillet-4eme.png","width":800,"height":445,"caption":"JO P\u00e9kin 2022 - Biathlon Johannes Boe en or sur la mass start, Fillon Maillet 4\u00e8me"},{"@type":"BreadcrumbList","@id":"https:\/\/dicodusport.fr\/blog\/johannes-boe-met-un-terme-a-sa-saison\/#breadcrumb","itemListElement":[{"@type":"ListItem","position":1,"name":"Accueil","item":"https:\/\/dicodusport.fr\/blog\/"},{"@type":"ListItem","position":2,"name":"Johannes Boe met un terme \u00e0 sa saison"}]},{"@type":"WebSite","@id":"https:\/\/dicodusport.fr\/blog\/#website","url":"https:\/\/dicodusport.fr\/blog\/","name":"Dicodusport","description":"L&#039;encyclop\u00e9die de l&#039;actualit\u00e9 sportive","publisher":{"@id":"https:\/\/dicodusport.fr\/blog\/#organization"},"potentialAction":[{"@type":"SearchAction","target":{"@type":"EntryPoint","urlTemplate":"https:\/\/dicodusport.fr\/blog\/?s={search_term_string}"},"query-input":{"@type":"PropertyValueSpecification","valueRequired":true,"valueName":"search_term_string"}}],"inLanguage":"fr-FR"},{"@type":"NewsMediaOrganization","@id":"https:\/\/dicodusport.fr\/blog\/#organization","name":"Dicodusport","url":"https:\/\/dicodusport.fr\/blog\/","logo":{"@type":"ImageObject","inLanguage":"fr-FR","@id":"https:\/\/dicodusport.fr\/blog\/#\/schema\/logo\/image\/","url":"https:\/\/dicodusport.fr\/blog\/wp-content\/uploads\/2020\/06\/cropped-LOGO-DICODUSPORT-2020-SANS-FOND-SANS-TEXTE.png","contentUrl":"https:\/\/dicodusport.fr\/blog\/wp-content\/uploads\/2020\/06\/cropped-LOGO-DICODUSPORT-2020-SANS-FOND-SANS-TEXTE.png","width":512,"height":512,"caption":"Dicodusport"},"image":{"@id":"https:\/\/dicodusport.fr\/blog\/#\/schema\/logo\/image\/"},"sameAs":["https:\/\/www.facebook.com\/dicodusport","https:\/\/x.com\/dicodusport","https:\/\/www.instagram.com\/dicodusport\/","https:\/\/www.youtube.com\/channel\/UC7V2KZ5sd3htJivAbA4ZG3w"],"description":"Dicodusport est l'encyclop\u00e9die de l'actualit\u00e9 sportive.","email":"bonjour@dicodusport.fr","legalName":"DICODUSPORT","foundingDate":"2018-01-14","vatID":"FR71834470973","taxID":"83447097300043","numberOfEmployees":{"@type":"QuantitativeValue","minValue":"1","maxValue":"10"}},{"@type":"Person","@id":"https:\/\/dicodusport.fr\/blog\/#\/schema\/person\/55dcb50ad410894e431ed812bbb70191","name":"Nicolas Jacquemard","image":{"@type":"ImageObject","inLanguage":"fr-FR","@id":"https:\/\/dicodusport.fr\/blog\/#\/schema\/person\/image\/","url":"https:\/\/dicodusport.fr\/blog\/wp-content\/uploads\/2021\/05\/Nicolas-Jacquemard-150x150.jpeg","contentUrl":"https:\/\/dicodusport.fr\/blog\/wp-content\/uploads\/2021\/05\/Nicolas-Jacquemard-150x150.jpeg","caption":"Nicolas Jacquemard"},"description":"Passionn\u00e9 de sport et entrepreneur depuis mes 18 ans, la cr\u00e9ation de Dicodusport m'a sembl\u00e9 \u00e9vidente pour participer \u00e0 la m\u00e9diatisation d'un plus grand nombre de sports. Le chemin est long mais avec une \u00e9quipe des plus motiv\u00e9es et les Jeux Olympiques de Paris 2024 en point de mire, nous y arriverons ! Journaliste dans le monde du sport depuis plus de 5 ans, je traite aussi bien de football, de rugby, de biathlon que de cyclisme.","sameAs":["https:\/\/www.facebook.com\/dicodusport","https:\/\/x.com\/https:\/\/twitter.com\/Nico_Jacquemard"],"url":"https:\/\/dicodusport.fr\/blog\/author\/dicodusport\/"}]}},"_links":{"self":[{"href":"https:\/\/dicodusport.fr\/blog\/wp-json\/wp\/v2\/posts\/203949","targetHints":{"allow":["GET"]}}],"collection":[{"href":"https:\/\/dicodusport.fr\/blog\/wp-json\/wp\/v2\/posts"}],"about":[{"href":"https:\/\/dicodusport.fr\/blog\/wp-json\/wp\/v2\/types\/post"}],"author":[{"embeddable":true,"href":"https:\/\/dicodusport.fr\/blog\/wp-json\/wp\/v2\/users\/1"}],"replies":[{"embeddable":true,"href":"https:\/\/dicodusport.fr\/blog\/wp-json\/wp\/v2\/comments?post=203949"}],"version-history":[{"count":0,"href":"https:\/\/dicodusport.fr\/blog\/wp-json\/wp\/v2\/posts\/203949\/revisions"}],"wp:featuredmedia":[{"embeddable":true,"href":"https:\/\/dicodusport.fr\/blog\/wp-json\/wp\/v2\/media\/201629"}],"wp:attachment":[{"href":"https:\/\/dicodusport.fr\/blog\/wp-json\/wp\/v2\/media?parent=203949"}],"wp:term":[{"taxonomy":"category","embeddable":true,"href":"https:\/\/dicodusport.fr\/blog\/wp-json\/wp\/v2\/categories?post=203949"},{"taxonomy":"post_tag","embeddable":true,"href":"https:\/\/dicodusport.fr\/blog\/wp-json\/wp\/v2\/tags?post=203949"}],"curies":[{"name":"wp","href":"https:\/\/api.w.org\/{rel}","templated":true}]}}