{"id":204025,"date":"2022-03-04T10:00:42","date_gmt":"2022-03-04T09:00:42","guid":{"rendered":"https:\/\/dicodusport.fr\/blog\/?p=204025&#038;preview=true&#038;preview_id=204025"},"modified":"2022-03-06T21:36:05","modified_gmt":"2022-03-06T20:36:05","slug":"meeting-de-paris-indoor-2022-le-programme-complet","status":"publish","type":"post","link":"https:\/\/dicodusport.fr\/blog\/meeting-de-paris-indoor-2022-le-programme-complet\/","title":{"rendered":"Meeting de Paris indoor 2022 : le programme complet"},"content":{"rendered":"<p style=\"text-align: justify;\"><strong><em>Apr\u00e8s une annulation en 2021 et un report cette ann\u00e9e, le Meeting de Paris indoor a lieu le dimanche 6 mars \u00e0 l&rsquo;Accor Arena. Voici le programme complet.<\/em><\/strong><\/p>\n<p style=\"text-align: justify;\">La comp\u00e9tition est \u00e0 suivre sur <strong>La Cha\u00eene l&rsquo;Equipe<\/strong>.<\/p>\n<h2 style=\"text-align: justify;\">Le programme complet<\/h2>\n<p style=\"text-align: justify;\"><strong>19h : finale saut \u00e0 la perche H<br \/>\n19h09 : <\/strong>s\u00e9ries 60 m haies H<strong><br \/>\n19h21 : finale triple saut F + H<br \/>\n19h25 :<\/strong> s\u00e9ries 60 m H<strong><br \/>\n19h45 : <\/strong>s\u00e9ries 60 m haies F<br \/>\n<strong>20h06 : <\/strong>s\u00e9ries 60 m haies H<br \/>\n<strong>20h24 : finale 60 m H<br \/>\n20h32 : finale 60 m F<br \/>\n20h44 : finale 60 m haies H<br \/>\n21h02 : finale 60 m haies F<\/strong><strong><br \/>\n<\/strong><\/p>\n<p><a href=\"http:\/\/direct.athle.fr\/asp.net\/main.lives\/direct.aspx?competition=260181\" target=\"_blank\" rel=\"noopener\"><span style=\"font-size: 24px;\"><strong>Tous les r\u00e9sultats<\/strong><\/span><\/a><\/p>\n<p>&nbsp;<\/p>\n<h2>Les podiums<\/h2>\n<h3 style=\"text-align: justify;\">Femmes<\/h3>\n<table style=\"width: 800px; border-collapse: collapse;\">\n<tbody>\n<tr>\n<td style=\"text-align: center; width: 200px;\"><strong>\u00c9preuves<\/strong><\/td>\n<td style=\"background-color: #fff242; text-align: center; width: 200px;\"><strong>Or<\/strong><\/td>\n<td style=\"background-color: #a8a8a8; text-align: center; width: 200px;\"><strong>Argent<\/strong><\/td>\n<td style=\"background-color: #c97159; text-align: center; width: 200px;\"><strong>Bronze<\/strong><\/td>\n<\/tr>\n<tr>\n<td style=\"text-align: center; width: 200px;\"><strong>60 m<\/strong><\/td>\n<td style=\"text-align: center; width: 200px;\">&#x1f1e8;&#x1f1ed; Mujinga Kambundji<br \/>\n7\u203306 <strong>MR<\/strong><\/td>\n<td style=\"text-align: center; width: 200px;\">&#x1f1eb;&#x1f1ee; Lotta Kemppinen<br \/>\n7\u203317 <strong>SB<\/strong><\/td>\n<td style=\"text-align: center; width: 200px;\">&#x1f1ef;&#x1f1f2; Sherika Jackson<br \/>\n7\u203318<\/td>\n<\/tr>\n<tr>\n<td style=\"text-align: center; width: 200px;\"><strong>60 m haies<\/strong><\/td>\n<td style=\"text-align: center; width: 200px;\">&#x1f1eb;&#x1f1f7; Cyr\u00e9na Samba-Mayela<br \/>\n7\u203392<\/td>\n<td style=\"text-align: center; width: 200px;\">&#x1f1eb;&#x1f1ee;\u00a0 Reeta Hurske<br \/>\n7\u203393<\/td>\n<td style=\"text-align: center; width: 200px;\">&#x1f1e8;&#x1f1ed; Ditaji Kambundji<br \/>\n7\u203394<\/td>\n<\/tr>\n<tr>\n<td style=\"text-align: center; width: 200px;\"><strong>Triple saut<\/strong><\/td>\n<td style=\"text-align: center; width: 200px;\">&#x1f1f5;&#x1f1f9; Patricia Mamona<br \/>\n14m15<\/td>\n<td style=\"text-align: center; width: 200px;\">&#x1f1e9;&#x1f1f2; Thea Lafond<br \/>\n14m12<\/td>\n<td style=\"text-align: center; width: 200px;\">&#x1f1eb;&#x1f1ee; Senni Salminen<br \/>\n13m93<\/td>\n<\/tr>\n<\/tbody>\n<\/table>\n<h3><\/h3>\n<h3 style=\"text-align: justify;\">Hommes<\/h3>\n<table style=\"width: 800px; border-collapse: collapse;\">\n<tbody>\n<tr>\n<td style=\"text-align: center; width: 200px;\"><strong>\u00c9preuves<\/strong><\/td>\n<td style=\"background-color: #fff242; text-align: center; width: 200px;\"><strong>Or<\/strong><\/td>\n<td style=\"background-color: #a8a8a8; text-align: center; width: 200px;\"><strong>Argent<\/strong><\/td>\n<td style=\"background-color: #c97159; text-align: center; width: 200px;\"><strong>Bronze<\/strong><\/td>\n<\/tr>\n<tr>\n<td style=\"text-align: center; width: 200px;\"><strong>60 m<\/strong><\/td>\n<td style=\"text-align: center; width: 200px;\">&#x1f1fa;&#x1f1f8; Michael Rodgers<br \/>\n6\u203361<\/td>\n<td style=\"text-align: center; width: 200px;\">&#x1f1eb;&#x1f1f7; Jeff Erius<br \/>\n6\u203372<\/td>\n<td style=\"text-align: center; width: 200px;\">&#x1f1eb;&#x1f1f7; Dylan Vermont<br \/>\n6\u203373 <strong>PB<\/strong><\/td>\n<\/tr>\n<tr>\n<td style=\"text-align: center; width: 200px;\"><strong>60 m haies<\/strong><\/td>\n<td style=\"text-align: center; width: 200px;\">&#x1f1eb;&#x1f1f7; Wilhem Belocian<br \/>\n7\u203353<\/td>\n<td style=\"text-align: center; width: 200px;\">&#x1f1eb;&#x1f1f7; Aurel Manga<br \/>\n7\u203357<\/td>\n<td style=\"text-align: center; width: 200px;\">&#x1f1eb;&#x1f1f7; Just Kwaou-Mathey<br \/>\n7\u203364<\/td>\n<\/tr>\n<tr>\n<td style=\"text-align: center; width: 200px;\"><strong>Saut \u00e0 la perche<\/strong><\/td>\n<td style=\"text-align: center; width: 200px;\">&#x1f1fa;&#x1f1f8; Chris Nilsen<br \/>\n5m88\u00a0 <strong>MR<\/strong><\/td>\n<td style=\"text-align: center; width: 200px;\">&#x1f1e6;&#x1f1fa; Kurtis Marschall<br \/>\n5m76 <strong>SB<\/strong><\/td>\n<td style=\"text-align: center; width: 200px;\">&#x1f1eb;&#x1f1f7; Valentin Lavillenie<br \/>\n5m76<\/td>\n<\/tr>\n<tr>\n<td style=\"text-align: center; width: 200px;\"><strong>Triple saut<\/strong><\/td>\n<td style=\"text-align: center; width: 200px;\">&#x1f1eb;&#x1f1f7; Jean-Marc Pontvianne<br \/>\n17m08 <strong>SB MPF<\/strong><\/td>\n<td style=\"text-align: center; width: 200px;\">&#x1f1e9;&#x1f1ff; Yasser Mohammed Triki<br \/>\n16m95 <strong>SB<\/strong><\/td>\n<td style=\"text-align: center; width: 200px;\">&#x1f1eb;&#x1f1f7; Melvin Raffin<br \/>\n16m82 <strong>SB<\/strong><\/td>\n<\/tr>\n<\/tbody>\n<\/table>\n<p><em><span style=\"font-size: 14px;\">PB : Record personnel<\/span><\/em><br \/>\n<em><span style=\"font-size: 14px;\">SB : Meilleure performance personnelle de la saison<br \/>\nMR : Record du meeting<br \/>\nMPF : Meilleure performance fran\u00e7aise de la saison<\/span><\/em><\/p>\n<p>&nbsp;<\/p>\n","protected":false},"excerpt":{"rendered":"<p>ATHL\u00c9TISME &#8211; Les Championnats de France \u00e9lite en salle ont lieu du samedi 26 f\u00e9vrier au dimanche 27 f\u00e9vrier \u00e0 Miramas. Voici le programme et les r\u00e9sultats.<\/p>\n","protected":false},"author":12,"featured_media":204494,"comment_status":"open","ping_status":"closed","sticky":false,"template":"","format":"standard","meta":{"_acf_changed":false,"_daextam_enable_autolinks":"","footnotes":""},"categories":[2308],"tags":[143,3698],"class_list":["post-204025","post","type-post","status-publish","format-standard","has-post-thumbnail","hentry","category-athletisme","tag-athletisme","tag-meeting-de-paris-indoor"],"acf":[],"yoast_head":"<!-- This site is optimized with the Yoast SEO Premium plugin v26.7 (Yoast SEO v26.7) - https:\/\/yoast.com\/wordpress\/plugins\/seo\/ -->\n<title>Meeting de Paris indoor 2022 : le programme complet<\/title>\n<meta name=\"description\" content=\"Les Championnats de France \u00e9lite en salle ont lieu du 26 au 27 f\u00e9vrier \u00e0 Miramas. Voici le programme et les r\u00e9sultats.\" \/>\n<meta name=\"robots\" content=\"index, follow, max-snippet:-1, max-image-preview:large, max-video-preview:-1\" \/>\n<link rel=\"canonical\" href=\"https:\/\/dicodusport.fr\/blog\/meeting-de-paris-indoor-2022-le-programme-complet\/\" \/>\n<meta property=\"og:locale\" content=\"fr_FR\" \/>\n<meta property=\"og:type\" content=\"article\" \/>\n<meta property=\"og:title\" content=\"Meeting de Paris indoor 2022 : le programme complet\" \/>\n<meta property=\"og:description\" content=\"Les Championnats de France \u00e9lite en salle ont lieu du 26 au 27 f\u00e9vrier \u00e0 Miramas. Voici le programme et les r\u00e9sultats.\" \/>\n<meta property=\"og:url\" content=\"https:\/\/dicodusport.fr\/blog\/meeting-de-paris-indoor-2022-le-programme-complet\/\" \/>\n<meta property=\"og:site_name\" content=\"Dicodusport\" \/>\n<meta property=\"article:publisher\" content=\"https:\/\/www.facebook.com\/dicodusport\" \/>\n<meta property=\"article:published_time\" content=\"2022-03-04T09:00:42+00:00\" \/>\n<meta property=\"article:modified_time\" content=\"2022-03-06T20:36:05+00:00\" \/>\n<meta property=\"og:image\" content=\"https:\/\/dicodusport.fr\/blog\/wp-content\/uploads\/2022\/03\/Meeting-de-Paris-indoor-2022-le-programme-complet.jpg\" \/>\n\t<meta property=\"og:image:width\" content=\"800\" \/>\n\t<meta property=\"og:image:height\" content=\"445\" \/>\n\t<meta property=\"og:image:type\" content=\"image\/jpeg\" \/>\n<meta name=\"author\" content=\"Arlette Yeye\" \/>\n<meta name=\"twitter:card\" content=\"summary_large_image\" \/>\n<meta name=\"twitter:title\" content=\"Meeting de Paris indoor 2022 : le programme complet\" \/>\n<meta name=\"twitter:creator\" content=\"@https:\/\/twitter.com\/Shiclette94\" \/>\n<meta name=\"twitter:site\" content=\"@dicodusport\" \/>\n<script type=\"application\/ld+json\" class=\"yoast-schema-graph\">{\"@context\":\"https:\/\/schema.org\",\"@graph\":[{\"@type\":\"NewsArticle\",\"@id\":\"https:\/\/dicodusport.fr\/blog\/meeting-de-paris-indoor-2022-le-programme-complet\/#article\",\"isPartOf\":{\"@id\":\"https:\/\/dicodusport.fr\/blog\/meeting-de-paris-indoor-2022-le-programme-complet\/\"},\"author\":{\"name\":\"Arlette Yeye\",\"@id\":\"https:\/\/dicodusport.fr\/blog\/#\/schema\/person\/cce96fa88785bd8573e3d43078ac8c79\"},\"headline\":\"Meeting de Paris indoor 2022 : le programme complet\",\"datePublished\":\"2022-03-04T09:00:42+00:00\",\"dateModified\":\"2022-03-06T20:36:05+00:00\",\"mainEntityOfPage\":{\"@id\":\"https:\/\/dicodusport.fr\/blog\/meeting-de-paris-indoor-2022-le-programme-complet\/\"},\"wordCount\":343,\"commentCount\":0,\"publisher\":{\"@id\":\"https:\/\/dicodusport.fr\/blog\/#organization\"},\"image\":{\"@id\":\"https:\/\/dicodusport.fr\/blog\/meeting-de-paris-indoor-2022-le-programme-complet\/#primaryimage\"},\"thumbnailUrl\":\"https:\/\/dicodusport.fr\/blog\/wp-content\/uploads\/2022\/03\/Meeting-de-Paris-indoor-2022-le-programme-complet.jpg\",\"keywords\":[\"Athl\u00e9tisme\",\"meeting de Paris indoor\"],\"articleSection\":[\"Athl\u00e9tisme\"],\"inLanguage\":\"fr-FR\",\"potentialAction\":[{\"@type\":\"CommentAction\",\"name\":\"Comment\",\"target\":[\"https:\/\/dicodusport.fr\/blog\/meeting-de-paris-indoor-2022-le-programme-complet\/#respond\"]}],\"copyrightYear\":\"2022\",\"copyrightHolder\":{\"@id\":\"https:\/\/dicodusport.fr\/blog\/#organization\"}},{\"@type\":\"WebPage\",\"@id\":\"https:\/\/dicodusport.fr\/blog\/meeting-de-paris-indoor-2022-le-programme-complet\/\",\"url\":\"https:\/\/dicodusport.fr\/blog\/meeting-de-paris-indoor-2022-le-programme-complet\/\",\"name\":\"Meeting de Paris indoor 2022 : le programme complet\",\"isPartOf\":{\"@id\":\"https:\/\/dicodusport.fr\/blog\/#website\"},\"primaryImageOfPage\":{\"@id\":\"https:\/\/dicodusport.fr\/blog\/meeting-de-paris-indoor-2022-le-programme-complet\/#primaryimage\"},\"image\":{\"@id\":\"https:\/\/dicodusport.fr\/blog\/meeting-de-paris-indoor-2022-le-programme-complet\/#primaryimage\"},\"thumbnailUrl\":\"https:\/\/dicodusport.fr\/blog\/wp-content\/uploads\/2022\/03\/Meeting-de-Paris-indoor-2022-le-programme-complet.jpg\",\"datePublished\":\"2022-03-04T09:00:42+00:00\",\"dateModified\":\"2022-03-06T20:36:05+00:00\",\"description\":\"Les Championnats de France \u00e9lite en salle ont lieu du 26 au 27 f\u00e9vrier \u00e0 Miramas. Voici le programme et les r\u00e9sultats.\",\"breadcrumb\":{\"@id\":\"https:\/\/dicodusport.fr\/blog\/meeting-de-paris-indoor-2022-le-programme-complet\/#breadcrumb\"},\"inLanguage\":\"fr-FR\",\"potentialAction\":[{\"@type\":\"ReadAction\",\"target\":[\"https:\/\/dicodusport.fr\/blog\/meeting-de-paris-indoor-2022-le-programme-complet\/\"]}]},{\"@type\":\"ImageObject\",\"inLanguage\":\"fr-FR\",\"@id\":\"https:\/\/dicodusport.fr\/blog\/meeting-de-paris-indoor-2022-le-programme-complet\/#primaryimage\",\"url\":\"https:\/\/dicodusport.fr\/blog\/wp-content\/uploads\/2022\/03\/Meeting-de-Paris-indoor-2022-le-programme-complet.jpg\",\"contentUrl\":\"https:\/\/dicodusport.fr\/blog\/wp-content\/uploads\/2022\/03\/Meeting-de-Paris-indoor-2022-le-programme-complet.jpg\",\"width\":800,\"height\":445,\"caption\":\"Meeting de Paris indoor 2022 le programme complet\"},{\"@type\":\"BreadcrumbList\",\"@id\":\"https:\/\/dicodusport.fr\/blog\/meeting-de-paris-indoor-2022-le-programme-complet\/#breadcrumb\",\"itemListElement\":[{\"@type\":\"ListItem\",\"position\":1,\"name\":\"Accueil\",\"item\":\"https:\/\/dicodusport.fr\/blog\/\"},{\"@type\":\"ListItem\",\"position\":2,\"name\":\"Meeting de Paris indoor 2022 : le programme complet\"}]},{\"@type\":\"WebSite\",\"@id\":\"https:\/\/dicodusport.fr\/blog\/#website\",\"url\":\"https:\/\/dicodusport.fr\/blog\/\",\"name\":\"Dicodusport\",\"description\":\"L&#039;encyclop\u00e9die de l&#039;actualit\u00e9 sportive\",\"publisher\":{\"@id\":\"https:\/\/dicodusport.fr\/blog\/#organization\"},\"potentialAction\":[{\"@type\":\"SearchAction\",\"target\":{\"@type\":\"EntryPoint\",\"urlTemplate\":\"https:\/\/dicodusport.fr\/blog\/?s={search_term_string}\"},\"query-input\":{\"@type\":\"PropertyValueSpecification\",\"valueRequired\":true,\"valueName\":\"search_term_string\"}}],\"inLanguage\":\"fr-FR\"},{\"@type\":\"NewsMediaOrganization\",\"@id\":\"https:\/\/dicodusport.fr\/blog\/#organization\",\"name\":\"Dicodusport\",\"url\":\"https:\/\/dicodusport.fr\/blog\/\",\"logo\":{\"@type\":\"ImageObject\",\"inLanguage\":\"fr-FR\",\"@id\":\"https:\/\/dicodusport.fr\/blog\/#\/schema\/logo\/image\/\",\"url\":\"https:\/\/dicodusport.fr\/blog\/wp-content\/uploads\/2020\/06\/cropped-LOGO-DICODUSPORT-2020-SANS-FOND-SANS-TEXTE.png\",\"contentUrl\":\"https:\/\/dicodusport.fr\/blog\/wp-content\/uploads\/2020\/06\/cropped-LOGO-DICODUSPORT-2020-SANS-FOND-SANS-TEXTE.png\",\"width\":512,\"height\":512,\"caption\":\"Dicodusport\"},\"image\":{\"@id\":\"https:\/\/dicodusport.fr\/blog\/#\/schema\/logo\/image\/\"},\"sameAs\":[\"https:\/\/www.facebook.com\/dicodusport\",\"https:\/\/x.com\/dicodusport\",\"https:\/\/www.instagram.com\/dicodusport\/\",\"https:\/\/www.youtube.com\/channel\/UC7V2KZ5sd3htJivAbA4ZG3w\"],\"description\":\"Dicodusport est l'encyclop\u00e9die de l'actualit\u00e9 sportive.\",\"email\":\"bonjour@dicodusport.fr\",\"legalName\":\"DICODUSPORT\",\"foundingDate\":\"2018-01-14\",\"vatID\":\"FR71834470973\",\"taxID\":\"83447097300043\",\"numberOfEmployees\":{\"@type\":\"QuantitativeValue\",\"minValue\":\"1\",\"maxValue\":\"10\"}},{\"@type\":\"Person\",\"@id\":\"https:\/\/dicodusport.fr\/blog\/#\/schema\/person\/cce96fa88785bd8573e3d43078ac8c79\",\"name\":\"Arlette Yeye\",\"image\":{\"@type\":\"ImageObject\",\"inLanguage\":\"fr-FR\",\"@id\":\"https:\/\/dicodusport.fr\/blog\/#\/schema\/person\/image\/\",\"url\":\"https:\/\/secure.gravatar.com\/avatar\/dca4a6239e6d708e46c45d60e160de6c?s=96&d=wp_user_avatar&r=g\",\"contentUrl\":\"https:\/\/secure.gravatar.com\/avatar\/dca4a6239e6d708e46c45d60e160de6c?s=96&d=wp_user_avatar&r=g\",\"caption\":\"Arlette Yeye\"},\"description\":\"Journaliste\/r\u00e9dactrice depuis septembre 2015 - Supportrice de Chelsea, j'ai pour sports de pr\u00e9dilection le handball, l'athl\u00e9tisme et le tennis. Si je tweete plus vite que mon ombre, vous pouvez aussi me retrouver les week-ends sur les playgrounds de Bruxelles pour un petit foot ou basket entre potes. Parcourir la France, l'Europe et plus si affinit\u00e9s pour suivre mes sportifs pr\u00e9f\u00e9r\u00e9s ? Mon kif ! Et c'est avec plaisir que je partage les r\u00e9sultats des sports populaires mais \u00e9galement plus confidentiels pour Dicodusport.\",\"sameAs\":[\"https:\/\/x.com\/https:\/\/twitter.com\/Shiclette94\"],\"url\":\"https:\/\/dicodusport.fr\/blog\/author\/arlette\/\"}]}<\/script>\n<!-- \/ Yoast SEO Premium plugin. -->","yoast_head_json":{"title":"Meeting de Paris indoor 2022 : le programme complet","description":"Les Championnats de France \u00e9lite en salle ont lieu du 26 au 27 f\u00e9vrier \u00e0 Miramas. Voici le programme et les r\u00e9sultats.","robots":{"index":"index","follow":"follow","max-snippet":"max-snippet:-1","max-image-preview":"max-image-preview:large","max-video-preview":"max-video-preview:-1"},"canonical":"https:\/\/dicodusport.fr\/blog\/meeting-de-paris-indoor-2022-le-programme-complet\/","og_locale":"fr_FR","og_type":"article","og_title":"Meeting de Paris indoor 2022 : le programme complet","og_description":"Les Championnats de France \u00e9lite en salle ont lieu du 26 au 27 f\u00e9vrier \u00e0 Miramas. Voici le programme et les r\u00e9sultats.","og_url":"https:\/\/dicodusport.fr\/blog\/meeting-de-paris-indoor-2022-le-programme-complet\/","og_site_name":"Dicodusport","article_publisher":"https:\/\/www.facebook.com\/dicodusport","article_published_time":"2022-03-04T09:00:42+00:00","article_modified_time":"2022-03-06T20:36:05+00:00","og_image":[{"width":800,"height":445,"url":"https:\/\/dicodusport.fr\/blog\/wp-content\/uploads\/2022\/03\/Meeting-de-Paris-indoor-2022-le-programme-complet.jpg","type":"image\/jpeg"}],"author":"Arlette Yeye","twitter_card":"summary_large_image","twitter_title":"Meeting de Paris indoor 2022 : le programme complet","twitter_creator":"@https:\/\/twitter.com\/Shiclette94","twitter_site":"@dicodusport","schema":{"@context":"https:\/\/schema.org","@graph":[{"@type":"NewsArticle","@id":"https:\/\/dicodusport.fr\/blog\/meeting-de-paris-indoor-2022-le-programme-complet\/#article","isPartOf":{"@id":"https:\/\/dicodusport.fr\/blog\/meeting-de-paris-indoor-2022-le-programme-complet\/"},"author":{"name":"Arlette Yeye","@id":"https:\/\/dicodusport.fr\/blog\/#\/schema\/person\/cce96fa88785bd8573e3d43078ac8c79"},"headline":"Meeting de Paris indoor 2022 : le programme complet","datePublished":"2022-03-04T09:00:42+00:00","dateModified":"2022-03-06T20:36:05+00:00","mainEntityOfPage":{"@id":"https:\/\/dicodusport.fr\/blog\/meeting-de-paris-indoor-2022-le-programme-complet\/"},"wordCount":343,"commentCount":0,"publisher":{"@id":"https:\/\/dicodusport.fr\/blog\/#organization"},"image":{"@id":"https:\/\/dicodusport.fr\/blog\/meeting-de-paris-indoor-2022-le-programme-complet\/#primaryimage"},"thumbnailUrl":"https:\/\/dicodusport.fr\/blog\/wp-content\/uploads\/2022\/03\/Meeting-de-Paris-indoor-2022-le-programme-complet.jpg","keywords":["Athl\u00e9tisme","meeting de Paris indoor"],"articleSection":["Athl\u00e9tisme"],"inLanguage":"fr-FR","potentialAction":[{"@type":"CommentAction","name":"Comment","target":["https:\/\/dicodusport.fr\/blog\/meeting-de-paris-indoor-2022-le-programme-complet\/#respond"]}],"copyrightYear":"2022","copyrightHolder":{"@id":"https:\/\/dicodusport.fr\/blog\/#organization"}},{"@type":"WebPage","@id":"https:\/\/dicodusport.fr\/blog\/meeting-de-paris-indoor-2022-le-programme-complet\/","url":"https:\/\/dicodusport.fr\/blog\/meeting-de-paris-indoor-2022-le-programme-complet\/","name":"Meeting de Paris indoor 2022 : le programme complet","isPartOf":{"@id":"https:\/\/dicodusport.fr\/blog\/#website"},"primaryImageOfPage":{"@id":"https:\/\/dicodusport.fr\/blog\/meeting-de-paris-indoor-2022-le-programme-complet\/#primaryimage"},"image":{"@id":"https:\/\/dicodusport.fr\/blog\/meeting-de-paris-indoor-2022-le-programme-complet\/#primaryimage"},"thumbnailUrl":"https:\/\/dicodusport.fr\/blog\/wp-content\/uploads\/2022\/03\/Meeting-de-Paris-indoor-2022-le-programme-complet.jpg","datePublished":"2022-03-04T09:00:42+00:00","dateModified":"2022-03-06T20:36:05+00:00","description":"Les Championnats de France \u00e9lite en salle ont lieu du 26 au 27 f\u00e9vrier \u00e0 Miramas. Voici le programme et les r\u00e9sultats.","breadcrumb":{"@id":"https:\/\/dicodusport.fr\/blog\/meeting-de-paris-indoor-2022-le-programme-complet\/#breadcrumb"},"inLanguage":"fr-FR","potentialAction":[{"@type":"ReadAction","target":["https:\/\/dicodusport.fr\/blog\/meeting-de-paris-indoor-2022-le-programme-complet\/"]}]},{"@type":"ImageObject","inLanguage":"fr-FR","@id":"https:\/\/dicodusport.fr\/blog\/meeting-de-paris-indoor-2022-le-programme-complet\/#primaryimage","url":"https:\/\/dicodusport.fr\/blog\/wp-content\/uploads\/2022\/03\/Meeting-de-Paris-indoor-2022-le-programme-complet.jpg","contentUrl":"https:\/\/dicodusport.fr\/blog\/wp-content\/uploads\/2022\/03\/Meeting-de-Paris-indoor-2022-le-programme-complet.jpg","width":800,"height":445,"caption":"Meeting de Paris indoor 2022 le programme complet"},{"@type":"BreadcrumbList","@id":"https:\/\/dicodusport.fr\/blog\/meeting-de-paris-indoor-2022-le-programme-complet\/#breadcrumb","itemListElement":[{"@type":"ListItem","position":1,"name":"Accueil","item":"https:\/\/dicodusport.fr\/blog\/"},{"@type":"ListItem","position":2,"name":"Meeting de Paris indoor 2022 : le programme complet"}]},{"@type":"WebSite","@id":"https:\/\/dicodusport.fr\/blog\/#website","url":"https:\/\/dicodusport.fr\/blog\/","name":"Dicodusport","description":"L&#039;encyclop\u00e9die de l&#039;actualit\u00e9 sportive","publisher":{"@id":"https:\/\/dicodusport.fr\/blog\/#organization"},"potentialAction":[{"@type":"SearchAction","target":{"@type":"EntryPoint","urlTemplate":"https:\/\/dicodusport.fr\/blog\/?s={search_term_string}"},"query-input":{"@type":"PropertyValueSpecification","valueRequired":true,"valueName":"search_term_string"}}],"inLanguage":"fr-FR"},{"@type":"NewsMediaOrganization","@id":"https:\/\/dicodusport.fr\/blog\/#organization","name":"Dicodusport","url":"https:\/\/dicodusport.fr\/blog\/","logo":{"@type":"ImageObject","inLanguage":"fr-FR","@id":"https:\/\/dicodusport.fr\/blog\/#\/schema\/logo\/image\/","url":"https:\/\/dicodusport.fr\/blog\/wp-content\/uploads\/2020\/06\/cropped-LOGO-DICODUSPORT-2020-SANS-FOND-SANS-TEXTE.png","contentUrl":"https:\/\/dicodusport.fr\/blog\/wp-content\/uploads\/2020\/06\/cropped-LOGO-DICODUSPORT-2020-SANS-FOND-SANS-TEXTE.png","width":512,"height":512,"caption":"Dicodusport"},"image":{"@id":"https:\/\/dicodusport.fr\/blog\/#\/schema\/logo\/image\/"},"sameAs":["https:\/\/www.facebook.com\/dicodusport","https:\/\/x.com\/dicodusport","https:\/\/www.instagram.com\/dicodusport\/","https:\/\/www.youtube.com\/channel\/UC7V2KZ5sd3htJivAbA4ZG3w"],"description":"Dicodusport est l'encyclop\u00e9die de l'actualit\u00e9 sportive.","email":"bonjour@dicodusport.fr","legalName":"DICODUSPORT","foundingDate":"2018-01-14","vatID":"FR71834470973","taxID":"83447097300043","numberOfEmployees":{"@type":"QuantitativeValue","minValue":"1","maxValue":"10"}},{"@type":"Person","@id":"https:\/\/dicodusport.fr\/blog\/#\/schema\/person\/cce96fa88785bd8573e3d43078ac8c79","name":"Arlette Yeye","image":{"@type":"ImageObject","inLanguage":"fr-FR","@id":"https:\/\/dicodusport.fr\/blog\/#\/schema\/person\/image\/","url":"https:\/\/secure.gravatar.com\/avatar\/dca4a6239e6d708e46c45d60e160de6c?s=96&d=wp_user_avatar&r=g","contentUrl":"https:\/\/secure.gravatar.com\/avatar\/dca4a6239e6d708e46c45d60e160de6c?s=96&d=wp_user_avatar&r=g","caption":"Arlette Yeye"},"description":"Journaliste\/r\u00e9dactrice depuis septembre 2015 - Supportrice de Chelsea, j'ai pour sports de pr\u00e9dilection le handball, l'athl\u00e9tisme et le tennis. Si je tweete plus vite que mon ombre, vous pouvez aussi me retrouver les week-ends sur les playgrounds de Bruxelles pour un petit foot ou basket entre potes. Parcourir la France, l'Europe et plus si affinit\u00e9s pour suivre mes sportifs pr\u00e9f\u00e9r\u00e9s ? Mon kif ! Et c'est avec plaisir que je partage les r\u00e9sultats des sports populaires mais \u00e9galement plus confidentiels pour Dicodusport.","sameAs":["https:\/\/x.com\/https:\/\/twitter.com\/Shiclette94"],"url":"https:\/\/dicodusport.fr\/blog\/author\/arlette\/"}]}},"_links":{"self":[{"href":"https:\/\/dicodusport.fr\/blog\/wp-json\/wp\/v2\/posts\/204025","targetHints":{"allow":["GET"]}}],"collection":[{"href":"https:\/\/dicodusport.fr\/blog\/wp-json\/wp\/v2\/posts"}],"about":[{"href":"https:\/\/dicodusport.fr\/blog\/wp-json\/wp\/v2\/types\/post"}],"author":[{"embeddable":true,"href":"https:\/\/dicodusport.fr\/blog\/wp-json\/wp\/v2\/users\/12"}],"replies":[{"embeddable":true,"href":"https:\/\/dicodusport.fr\/blog\/wp-json\/wp\/v2\/comments?post=204025"}],"version-history":[{"count":0,"href":"https:\/\/dicodusport.fr\/blog\/wp-json\/wp\/v2\/posts\/204025\/revisions"}],"wp:featuredmedia":[{"embeddable":true,"href":"https:\/\/dicodusport.fr\/blog\/wp-json\/wp\/v2\/media\/204494"}],"wp:attachment":[{"href":"https:\/\/dicodusport.fr\/blog\/wp-json\/wp\/v2\/media?parent=204025"}],"wp:term":[{"taxonomy":"category","embeddable":true,"href":"https:\/\/dicodusport.fr\/blog\/wp-json\/wp\/v2\/categories?post=204025"},{"taxonomy":"post_tag","embeddable":true,"href":"https:\/\/dicodusport.fr\/blog\/wp-json\/wp\/v2\/tags?post=204025"}],"curies":[{"name":"wp","href":"https:\/\/api.w.org\/{rel}","templated":true}]}}