{"id":204111,"date":"2022-03-01T18:01:30","date_gmt":"2022-03-01T17:01:30","guid":{"rendered":"https:\/\/dicodusport.fr\/blog\/?p=204111&#038;preview=true&#038;preview_id=204111"},"modified":"2022-03-01T21:20:58","modified_gmt":"2022-03-01T20:20:58","slug":"andrei-tchmil-dement-quil-part-au-combat-en-ukraine","status":"publish","type":"post","link":"https:\/\/dicodusport.fr\/blog\/andrei-tchmil-dement-quil-part-au-combat-en-ukraine\/","title":{"rendered":"Andre\u00ef Tchmil d\u00e9ment qu&rsquo;il part au combat en Ukraine"},"content":{"rendered":"<p style=\"text-align: justify;\"><strong><em>CYCLISME &#8211; Alors que Johan Museeuw avait annonc\u00e9 que son ancien rival prenait les armes suite \u00e0 l&rsquo;invasion de l&rsquo;Ukraine, Andre\u00ef Tchmil a d\u00e9menti dans les colonnes de L&rsquo;\u00c9quipe.<\/em><\/strong><\/p>\n<p style=\"text-align: justify;\">Une discussion en italien entre les deux hommes aurait conduit \u00e0 un imbroglio. L&rsquo;ancien vainqueur de Milan &#8211; San Remo, <strong>Andre\u00ef Tchmil<\/strong>, ne prend pas les armes pour partir \u00e0 la guerre, il continue de faire tourner son entreprise de v\u00e9lo en Moldavie.<\/p>\n<blockquote>\n<p style=\"text-align: justify;\">C&rsquo;est une histoire folle. J&rsquo;ai eu Johan Museeuw au t\u00e9l\u00e9phone l&rsquo;autre jour, je lui ai racont\u00e9 la situation difficile dans la r\u00e9gion et l&rsquo;Ukraine est toute proche de la Moldavie o\u00f9 je vis. Je lui ai racont\u00e9 que j&rsquo;avais r\u00e9ussi \u00e0 faire partir par la route ma femme et mon fils vers la Roumanie et que j&rsquo;allais m&rsquo;accrocher pour faire vivre mon usine de cycles. Le mois dernier, j&rsquo;en ai vendu seulement quatre mais je dois payer les salaires de mes employ\u00e9s. Je m&rsquo;en fais le devoir malgr\u00e9 la situation difficile que nous vivons. Je n&rsquo;ai jamais dit que j&rsquo;allais combattre. Johan a du mal comprendre ce que je lui ai dit en italien, je suis quelqu&rsquo;un de pacifique et je crois toujours \u00e0 une solution pacifique de ce conflit. \u00c9videmment que \u00e7a me touche personnellement car j&rsquo;ai des proches, de la famille et des amis en Ukraine mais aussi en Russie. Les gens sont catastroph\u00e9s qu&rsquo;on en soit arriv\u00e9 l\u00e0.<\/p>\n<\/blockquote>\n<p style=\"text-align: justify;\"><strong>Andre\u00ef Tchmil<\/strong> a expliqu\u00e9 que cette fausse annonce l&rsquo;avait mis dans une situation compliqu\u00e9e et qu&rsquo;il s&rsquo;\u00e9tait donc senti oblig\u00e9 de r\u00e9tablir la v\u00e9rit\u00e9.<\/p>\n<blockquote class=\"twitter-tweet\">\n<p dir=\"ltr\" lang=\"fr\">Andre\u00ef Tchmil : \u00ab Je n&rsquo;ai jamais dit que j&rsquo;allais combattre \u00bb<\/p>\n<p>Habitant la capitale moldave Chisinau, l&rsquo;ancien vainqueur de Paris-Roubaix se retrouve au coeur d&rsquo;un imbroglio <a href=\"https:\/\/t.co\/E3GFLJ4TlF\">https:\/\/t.co\/E3GFLJ4TlF<\/a> <a href=\"https:\/\/t.co\/FFpoVgQaYa\">pic.twitter.com\/FFpoVgQaYa<\/a><\/p>\n<p>\u2014 L&rsquo;\u00c9QUIPE (@lequipe) <a href=\"https:\/\/twitter.com\/lequipe\/status\/1498678221243572235?ref_src=twsrc%5Etfw\">March 1, 2022<\/a><\/p><\/blockquote>\n<p><script async src=\"https:\/\/platform.twitter.com\/widgets.js\" charset=\"utf-8\"><\/script><\/p>\n","protected":false},"excerpt":{"rendered":"<p>CYCLISME &#8211; Alors que Johan Museeuw avait annonc\u00e9 que son ancien rival prenait les armes suite \u00e0 l&rsquo;invasion de l&rsquo;Ukraine, Andre\u00ef Tchmil a d\u00e9menti dans les colonnes de L&rsquo;\u00c9quipe.<\/p>\n","protected":false},"author":1,"featured_media":204128,"comment_status":"open","ping_status":"closed","sticky":false,"template":"","format":"standard","meta":{"_acf_changed":false,"_daextam_enable_autolinks":"","footnotes":""},"categories":[46994],"tags":[574,357],"class_list":["post-204111","post","type-post","status-publish","format-standard","has-post-thumbnail","hentry","category-cyclisme-sur-route","tag-cyclisme","tag-ukraine"],"acf":[],"yoast_head":"<!-- This site is optimized with the Yoast SEO Premium plugin v26.7 (Yoast SEO v26.7) - https:\/\/yoast.com\/wordpress\/plugins\/seo\/ -->\n<title>Andre\u00ef Tchmil d\u00e9ment qu&#039;il part au combat en Ukraine<\/title>\n<meta name=\"description\" content=\"Alors que Johan Museeuw avait annonc\u00e9 que son ancien rival prenait les armes suite \u00e0 l&#039;invasion de l&#039;Ukraine, Andre\u00ef Tchmil a d\u00e9menti.\" \/>\n<meta name=\"robots\" content=\"index, follow, max-snippet:-1, max-image-preview:large, max-video-preview:-1\" \/>\n<link rel=\"canonical\" href=\"https:\/\/dicodusport.fr\/blog\/andrei-tchmil-dement-quil-part-au-combat-en-ukraine\/\" \/>\n<meta property=\"og:locale\" content=\"fr_FR\" \/>\n<meta property=\"og:type\" content=\"article\" \/>\n<meta property=\"og:title\" content=\"Andre\u00ef Tchmil d\u00e9ment qu&#039;il part au combat en Ukraine\" \/>\n<meta property=\"og:description\" content=\"Alors que Johan Museeuw avait annonc\u00e9 que son ancien rival prenait les armes suite \u00e0 l&#039;invasion de l&#039;Ukraine, Andre\u00ef Tchmil a d\u00e9menti.\" \/>\n<meta property=\"og:url\" content=\"https:\/\/dicodusport.fr\/blog\/andrei-tchmil-dement-quil-part-au-combat-en-ukraine\/\" \/>\n<meta property=\"og:site_name\" content=\"Dicodusport\" \/>\n<meta property=\"article:publisher\" content=\"https:\/\/www.facebook.com\/dicodusport\" \/>\n<meta property=\"article:author\" content=\"https:\/\/www.facebook.com\/dicodusport\" \/>\n<meta property=\"article:published_time\" content=\"2022-03-01T17:01:30+00:00\" \/>\n<meta property=\"article:modified_time\" content=\"2022-03-01T20:20:58+00:00\" \/>\n<meta property=\"og:image\" content=\"https:\/\/dicodusport.fr\/blog\/wp-content\/uploads\/2022\/03\/Andrei\u0308-Tchmil-de\u0301ment-quil-part-au-combat-en-Ukraine.png\" \/>\n\t<meta property=\"og:image:width\" content=\"800\" \/>\n\t<meta property=\"og:image:height\" content=\"445\" \/>\n\t<meta property=\"og:image:type\" content=\"image\/png\" \/>\n<meta name=\"author\" content=\"Nicolas Jacquemard\" \/>\n<meta name=\"twitter:card\" content=\"summary_large_image\" \/>\n<meta name=\"twitter:title\" content=\"Andre\u00ef Tchmil d\u00e9ment qu&#039;il part au combat en Ukraine\" \/>\n<meta name=\"twitter:creator\" content=\"@https:\/\/twitter.com\/Nico_Jacquemard\" \/>\n<meta name=\"twitter:site\" content=\"@dicodusport\" \/>\n<script type=\"application\/ld+json\" class=\"yoast-schema-graph\">{\"@context\":\"https:\/\/schema.org\",\"@graph\":[{\"@type\":\"NewsArticle\",\"@id\":\"https:\/\/dicodusport.fr\/blog\/andrei-tchmil-dement-quil-part-au-combat-en-ukraine\/#article\",\"isPartOf\":{\"@id\":\"https:\/\/dicodusport.fr\/blog\/andrei-tchmil-dement-quil-part-au-combat-en-ukraine\/\"},\"author\":{\"name\":\"Nicolas Jacquemard\",\"@id\":\"https:\/\/dicodusport.fr\/blog\/#\/schema\/person\/55dcb50ad410894e431ed812bbb70191\"},\"headline\":\"Andre\u00ef Tchmil d\u00e9ment qu&rsquo;il part au combat en Ukraine\",\"datePublished\":\"2022-03-01T17:01:30+00:00\",\"dateModified\":\"2022-03-01T20:20:58+00:00\",\"mainEntityOfPage\":{\"@id\":\"https:\/\/dicodusport.fr\/blog\/andrei-tchmil-dement-quil-part-au-combat-en-ukraine\/\"},\"wordCount\":337,\"commentCount\":0,\"publisher\":{\"@id\":\"https:\/\/dicodusport.fr\/blog\/#organization\"},\"image\":{\"@id\":\"https:\/\/dicodusport.fr\/blog\/andrei-tchmil-dement-quil-part-au-combat-en-ukraine\/#primaryimage\"},\"thumbnailUrl\":\"https:\/\/dicodusport.fr\/blog\/wp-content\/uploads\/2022\/03\/Andrei\u0308-Tchmil-de\u0301ment-quil-part-au-combat-en-Ukraine.png\",\"keywords\":[\"Cyclisme\",\"Ukraine\"],\"articleSection\":[\"Cyclisme sur route\"],\"inLanguage\":\"fr-FR\",\"potentialAction\":[{\"@type\":\"CommentAction\",\"name\":\"Comment\",\"target\":[\"https:\/\/dicodusport.fr\/blog\/andrei-tchmil-dement-quil-part-au-combat-en-ukraine\/#respond\"]}],\"copyrightYear\":\"2022\",\"copyrightHolder\":{\"@id\":\"https:\/\/dicodusport.fr\/blog\/#organization\"}},{\"@type\":\"WebPage\",\"@id\":\"https:\/\/dicodusport.fr\/blog\/andrei-tchmil-dement-quil-part-au-combat-en-ukraine\/\",\"url\":\"https:\/\/dicodusport.fr\/blog\/andrei-tchmil-dement-quil-part-au-combat-en-ukraine\/\",\"name\":\"Andre\u00ef Tchmil d\u00e9ment qu'il part au combat en Ukraine\",\"isPartOf\":{\"@id\":\"https:\/\/dicodusport.fr\/blog\/#website\"},\"primaryImageOfPage\":{\"@id\":\"https:\/\/dicodusport.fr\/blog\/andrei-tchmil-dement-quil-part-au-combat-en-ukraine\/#primaryimage\"},\"image\":{\"@id\":\"https:\/\/dicodusport.fr\/blog\/andrei-tchmil-dement-quil-part-au-combat-en-ukraine\/#primaryimage\"},\"thumbnailUrl\":\"https:\/\/dicodusport.fr\/blog\/wp-content\/uploads\/2022\/03\/Andrei\u0308-Tchmil-de\u0301ment-quil-part-au-combat-en-Ukraine.png\",\"datePublished\":\"2022-03-01T17:01:30+00:00\",\"dateModified\":\"2022-03-01T20:20:58+00:00\",\"description\":\"Alors que Johan Museeuw avait annonc\u00e9 que son ancien rival prenait les armes suite \u00e0 l'invasion de l'Ukraine, Andre\u00ef Tchmil a d\u00e9menti.\",\"breadcrumb\":{\"@id\":\"https:\/\/dicodusport.fr\/blog\/andrei-tchmil-dement-quil-part-au-combat-en-ukraine\/#breadcrumb\"},\"inLanguage\":\"fr-FR\",\"potentialAction\":[{\"@type\":\"ReadAction\",\"target\":[\"https:\/\/dicodusport.fr\/blog\/andrei-tchmil-dement-quil-part-au-combat-en-ukraine\/\"]}]},{\"@type\":\"ImageObject\",\"inLanguage\":\"fr-FR\",\"@id\":\"https:\/\/dicodusport.fr\/blog\/andrei-tchmil-dement-quil-part-au-combat-en-ukraine\/#primaryimage\",\"url\":\"https:\/\/dicodusport.fr\/blog\/wp-content\/uploads\/2022\/03\/Andrei\u0308-Tchmil-de\u0301ment-quil-part-au-combat-en-Ukraine.png\",\"contentUrl\":\"https:\/\/dicodusport.fr\/blog\/wp-content\/uploads\/2022\/03\/Andrei\u0308-Tchmil-de\u0301ment-quil-part-au-combat-en-Ukraine.png\",\"width\":800,\"height\":445},{\"@type\":\"BreadcrumbList\",\"@id\":\"https:\/\/dicodusport.fr\/blog\/andrei-tchmil-dement-quil-part-au-combat-en-ukraine\/#breadcrumb\",\"itemListElement\":[{\"@type\":\"ListItem\",\"position\":1,\"name\":\"Accueil\",\"item\":\"https:\/\/dicodusport.fr\/blog\/\"},{\"@type\":\"ListItem\",\"position\":2,\"name\":\"Andre\u00ef Tchmil d\u00e9ment qu&rsquo;il part au combat en Ukraine\"}]},{\"@type\":\"WebSite\",\"@id\":\"https:\/\/dicodusport.fr\/blog\/#website\",\"url\":\"https:\/\/dicodusport.fr\/blog\/\",\"name\":\"Dicodusport\",\"description\":\"L&#039;encyclop\u00e9die de l&#039;actualit\u00e9 sportive\",\"publisher\":{\"@id\":\"https:\/\/dicodusport.fr\/blog\/#organization\"},\"potentialAction\":[{\"@type\":\"SearchAction\",\"target\":{\"@type\":\"EntryPoint\",\"urlTemplate\":\"https:\/\/dicodusport.fr\/blog\/?s={search_term_string}\"},\"query-input\":{\"@type\":\"PropertyValueSpecification\",\"valueRequired\":true,\"valueName\":\"search_term_string\"}}],\"inLanguage\":\"fr-FR\"},{\"@type\":\"NewsMediaOrganization\",\"@id\":\"https:\/\/dicodusport.fr\/blog\/#organization\",\"name\":\"Dicodusport\",\"url\":\"https:\/\/dicodusport.fr\/blog\/\",\"logo\":{\"@type\":\"ImageObject\",\"inLanguage\":\"fr-FR\",\"@id\":\"https:\/\/dicodusport.fr\/blog\/#\/schema\/logo\/image\/\",\"url\":\"https:\/\/dicodusport.fr\/blog\/wp-content\/uploads\/2020\/06\/cropped-LOGO-DICODUSPORT-2020-SANS-FOND-SANS-TEXTE.png\",\"contentUrl\":\"https:\/\/dicodusport.fr\/blog\/wp-content\/uploads\/2020\/06\/cropped-LOGO-DICODUSPORT-2020-SANS-FOND-SANS-TEXTE.png\",\"width\":512,\"height\":512,\"caption\":\"Dicodusport\"},\"image\":{\"@id\":\"https:\/\/dicodusport.fr\/blog\/#\/schema\/logo\/image\/\"},\"sameAs\":[\"https:\/\/www.facebook.com\/dicodusport\",\"https:\/\/x.com\/dicodusport\",\"https:\/\/www.instagram.com\/dicodusport\/\",\"https:\/\/www.youtube.com\/channel\/UC7V2KZ5sd3htJivAbA4ZG3w\"],\"description\":\"Dicodusport est l'encyclop\u00e9die de l'actualit\u00e9 sportive.\",\"email\":\"bonjour@dicodusport.fr\",\"legalName\":\"DICODUSPORT\",\"foundingDate\":\"2018-01-14\",\"vatID\":\"FR71834470973\",\"taxID\":\"83447097300043\",\"numberOfEmployees\":{\"@type\":\"QuantitativeValue\",\"minValue\":\"1\",\"maxValue\":\"10\"}},{\"@type\":\"Person\",\"@id\":\"https:\/\/dicodusport.fr\/blog\/#\/schema\/person\/55dcb50ad410894e431ed812bbb70191\",\"name\":\"Nicolas Jacquemard\",\"image\":{\"@type\":\"ImageObject\",\"inLanguage\":\"fr-FR\",\"@id\":\"https:\/\/dicodusport.fr\/blog\/#\/schema\/person\/image\/\",\"url\":\"https:\/\/dicodusport.fr\/blog\/wp-content\/uploads\/2021\/05\/Nicolas-Jacquemard-150x150.jpeg\",\"contentUrl\":\"https:\/\/dicodusport.fr\/blog\/wp-content\/uploads\/2021\/05\/Nicolas-Jacquemard-150x150.jpeg\",\"caption\":\"Nicolas Jacquemard\"},\"description\":\"Passionn\u00e9 de sport et entrepreneur depuis mes 18 ans, la cr\u00e9ation de Dicodusport m'a sembl\u00e9 \u00e9vidente pour participer \u00e0 la m\u00e9diatisation d'un plus grand nombre de sports. Le chemin est long mais avec une \u00e9quipe des plus motiv\u00e9es et les Jeux Olympiques de Paris 2024 en point de mire, nous y arriverons ! Journaliste dans le monde du sport depuis plus de 5 ans, je traite aussi bien de football, de rugby, de biathlon que de cyclisme.\",\"sameAs\":[\"https:\/\/www.facebook.com\/dicodusport\",\"https:\/\/x.com\/https:\/\/twitter.com\/Nico_Jacquemard\"],\"url\":\"https:\/\/dicodusport.fr\/blog\/author\/dicodusport\/\"}]}<\/script>\n<!-- \/ Yoast SEO Premium plugin. -->","yoast_head_json":{"title":"Andre\u00ef Tchmil d\u00e9ment qu'il part au combat en Ukraine","description":"Alors que Johan Museeuw avait annonc\u00e9 que son ancien rival prenait les armes suite \u00e0 l'invasion de l'Ukraine, Andre\u00ef Tchmil a d\u00e9menti.","robots":{"index":"index","follow":"follow","max-snippet":"max-snippet:-1","max-image-preview":"max-image-preview:large","max-video-preview":"max-video-preview:-1"},"canonical":"https:\/\/dicodusport.fr\/blog\/andrei-tchmil-dement-quil-part-au-combat-en-ukraine\/","og_locale":"fr_FR","og_type":"article","og_title":"Andre\u00ef Tchmil d\u00e9ment qu'il part au combat en Ukraine","og_description":"Alors que Johan Museeuw avait annonc\u00e9 que son ancien rival prenait les armes suite \u00e0 l'invasion de l'Ukraine, Andre\u00ef Tchmil a d\u00e9menti.","og_url":"https:\/\/dicodusport.fr\/blog\/andrei-tchmil-dement-quil-part-au-combat-en-ukraine\/","og_site_name":"Dicodusport","article_publisher":"https:\/\/www.facebook.com\/dicodusport","article_author":"https:\/\/www.facebook.com\/dicodusport","article_published_time":"2022-03-01T17:01:30+00:00","article_modified_time":"2022-03-01T20:20:58+00:00","og_image":[{"width":800,"height":445,"url":"https:\/\/dicodusport.fr\/blog\/wp-content\/uploads\/2022\/03\/Andrei\u0308-Tchmil-de\u0301ment-quil-part-au-combat-en-Ukraine.png","type":"image\/png"}],"author":"Nicolas Jacquemard","twitter_card":"summary_large_image","twitter_title":"Andre\u00ef Tchmil d\u00e9ment qu'il part au combat en Ukraine","twitter_creator":"@https:\/\/twitter.com\/Nico_Jacquemard","twitter_site":"@dicodusport","schema":{"@context":"https:\/\/schema.org","@graph":[{"@type":"NewsArticle","@id":"https:\/\/dicodusport.fr\/blog\/andrei-tchmil-dement-quil-part-au-combat-en-ukraine\/#article","isPartOf":{"@id":"https:\/\/dicodusport.fr\/blog\/andrei-tchmil-dement-quil-part-au-combat-en-ukraine\/"},"author":{"name":"Nicolas Jacquemard","@id":"https:\/\/dicodusport.fr\/blog\/#\/schema\/person\/55dcb50ad410894e431ed812bbb70191"},"headline":"Andre\u00ef Tchmil d\u00e9ment qu&rsquo;il part au combat en Ukraine","datePublished":"2022-03-01T17:01:30+00:00","dateModified":"2022-03-01T20:20:58+00:00","mainEntityOfPage":{"@id":"https:\/\/dicodusport.fr\/blog\/andrei-tchmil-dement-quil-part-au-combat-en-ukraine\/"},"wordCount":337,"commentCount":0,"publisher":{"@id":"https:\/\/dicodusport.fr\/blog\/#organization"},"image":{"@id":"https:\/\/dicodusport.fr\/blog\/andrei-tchmil-dement-quil-part-au-combat-en-ukraine\/#primaryimage"},"thumbnailUrl":"https:\/\/dicodusport.fr\/blog\/wp-content\/uploads\/2022\/03\/Andrei\u0308-Tchmil-de\u0301ment-quil-part-au-combat-en-Ukraine.png","keywords":["Cyclisme","Ukraine"],"articleSection":["Cyclisme sur route"],"inLanguage":"fr-FR","potentialAction":[{"@type":"CommentAction","name":"Comment","target":["https:\/\/dicodusport.fr\/blog\/andrei-tchmil-dement-quil-part-au-combat-en-ukraine\/#respond"]}],"copyrightYear":"2022","copyrightHolder":{"@id":"https:\/\/dicodusport.fr\/blog\/#organization"}},{"@type":"WebPage","@id":"https:\/\/dicodusport.fr\/blog\/andrei-tchmil-dement-quil-part-au-combat-en-ukraine\/","url":"https:\/\/dicodusport.fr\/blog\/andrei-tchmil-dement-quil-part-au-combat-en-ukraine\/","name":"Andre\u00ef Tchmil d\u00e9ment qu'il part au combat en Ukraine","isPartOf":{"@id":"https:\/\/dicodusport.fr\/blog\/#website"},"primaryImageOfPage":{"@id":"https:\/\/dicodusport.fr\/blog\/andrei-tchmil-dement-quil-part-au-combat-en-ukraine\/#primaryimage"},"image":{"@id":"https:\/\/dicodusport.fr\/blog\/andrei-tchmil-dement-quil-part-au-combat-en-ukraine\/#primaryimage"},"thumbnailUrl":"https:\/\/dicodusport.fr\/blog\/wp-content\/uploads\/2022\/03\/Andrei\u0308-Tchmil-de\u0301ment-quil-part-au-combat-en-Ukraine.png","datePublished":"2022-03-01T17:01:30+00:00","dateModified":"2022-03-01T20:20:58+00:00","description":"Alors que Johan Museeuw avait annonc\u00e9 que son ancien rival prenait les armes suite \u00e0 l'invasion de l'Ukraine, Andre\u00ef Tchmil a d\u00e9menti.","breadcrumb":{"@id":"https:\/\/dicodusport.fr\/blog\/andrei-tchmil-dement-quil-part-au-combat-en-ukraine\/#breadcrumb"},"inLanguage":"fr-FR","potentialAction":[{"@type":"ReadAction","target":["https:\/\/dicodusport.fr\/blog\/andrei-tchmil-dement-quil-part-au-combat-en-ukraine\/"]}]},{"@type":"ImageObject","inLanguage":"fr-FR","@id":"https:\/\/dicodusport.fr\/blog\/andrei-tchmil-dement-quil-part-au-combat-en-ukraine\/#primaryimage","url":"https:\/\/dicodusport.fr\/blog\/wp-content\/uploads\/2022\/03\/Andrei\u0308-Tchmil-de\u0301ment-quil-part-au-combat-en-Ukraine.png","contentUrl":"https:\/\/dicodusport.fr\/blog\/wp-content\/uploads\/2022\/03\/Andrei\u0308-Tchmil-de\u0301ment-quil-part-au-combat-en-Ukraine.png","width":800,"height":445},{"@type":"BreadcrumbList","@id":"https:\/\/dicodusport.fr\/blog\/andrei-tchmil-dement-quil-part-au-combat-en-ukraine\/#breadcrumb","itemListElement":[{"@type":"ListItem","position":1,"name":"Accueil","item":"https:\/\/dicodusport.fr\/blog\/"},{"@type":"ListItem","position":2,"name":"Andre\u00ef Tchmil d\u00e9ment qu&rsquo;il part au combat en Ukraine"}]},{"@type":"WebSite","@id":"https:\/\/dicodusport.fr\/blog\/#website","url":"https:\/\/dicodusport.fr\/blog\/","name":"Dicodusport","description":"L&#039;encyclop\u00e9die de l&#039;actualit\u00e9 sportive","publisher":{"@id":"https:\/\/dicodusport.fr\/blog\/#organization"},"potentialAction":[{"@type":"SearchAction","target":{"@type":"EntryPoint","urlTemplate":"https:\/\/dicodusport.fr\/blog\/?s={search_term_string}"},"query-input":{"@type":"PropertyValueSpecification","valueRequired":true,"valueName":"search_term_string"}}],"inLanguage":"fr-FR"},{"@type":"NewsMediaOrganization","@id":"https:\/\/dicodusport.fr\/blog\/#organization","name":"Dicodusport","url":"https:\/\/dicodusport.fr\/blog\/","logo":{"@type":"ImageObject","inLanguage":"fr-FR","@id":"https:\/\/dicodusport.fr\/blog\/#\/schema\/logo\/image\/","url":"https:\/\/dicodusport.fr\/blog\/wp-content\/uploads\/2020\/06\/cropped-LOGO-DICODUSPORT-2020-SANS-FOND-SANS-TEXTE.png","contentUrl":"https:\/\/dicodusport.fr\/blog\/wp-content\/uploads\/2020\/06\/cropped-LOGO-DICODUSPORT-2020-SANS-FOND-SANS-TEXTE.png","width":512,"height":512,"caption":"Dicodusport"},"image":{"@id":"https:\/\/dicodusport.fr\/blog\/#\/schema\/logo\/image\/"},"sameAs":["https:\/\/www.facebook.com\/dicodusport","https:\/\/x.com\/dicodusport","https:\/\/www.instagram.com\/dicodusport\/","https:\/\/www.youtube.com\/channel\/UC7V2KZ5sd3htJivAbA4ZG3w"],"description":"Dicodusport est l'encyclop\u00e9die de l'actualit\u00e9 sportive.","email":"bonjour@dicodusport.fr","legalName":"DICODUSPORT","foundingDate":"2018-01-14","vatID":"FR71834470973","taxID":"83447097300043","numberOfEmployees":{"@type":"QuantitativeValue","minValue":"1","maxValue":"10"}},{"@type":"Person","@id":"https:\/\/dicodusport.fr\/blog\/#\/schema\/person\/55dcb50ad410894e431ed812bbb70191","name":"Nicolas Jacquemard","image":{"@type":"ImageObject","inLanguage":"fr-FR","@id":"https:\/\/dicodusport.fr\/blog\/#\/schema\/person\/image\/","url":"https:\/\/dicodusport.fr\/blog\/wp-content\/uploads\/2021\/05\/Nicolas-Jacquemard-150x150.jpeg","contentUrl":"https:\/\/dicodusport.fr\/blog\/wp-content\/uploads\/2021\/05\/Nicolas-Jacquemard-150x150.jpeg","caption":"Nicolas Jacquemard"},"description":"Passionn\u00e9 de sport et entrepreneur depuis mes 18 ans, la cr\u00e9ation de Dicodusport m'a sembl\u00e9 \u00e9vidente pour participer \u00e0 la m\u00e9diatisation d'un plus grand nombre de sports. Le chemin est long mais avec une \u00e9quipe des plus motiv\u00e9es et les Jeux Olympiques de Paris 2024 en point de mire, nous y arriverons ! Journaliste dans le monde du sport depuis plus de 5 ans, je traite aussi bien de football, de rugby, de biathlon que de cyclisme.","sameAs":["https:\/\/www.facebook.com\/dicodusport","https:\/\/x.com\/https:\/\/twitter.com\/Nico_Jacquemard"],"url":"https:\/\/dicodusport.fr\/blog\/author\/dicodusport\/"}]}},"_links":{"self":[{"href":"https:\/\/dicodusport.fr\/blog\/wp-json\/wp\/v2\/posts\/204111","targetHints":{"allow":["GET"]}}],"collection":[{"href":"https:\/\/dicodusport.fr\/blog\/wp-json\/wp\/v2\/posts"}],"about":[{"href":"https:\/\/dicodusport.fr\/blog\/wp-json\/wp\/v2\/types\/post"}],"author":[{"embeddable":true,"href":"https:\/\/dicodusport.fr\/blog\/wp-json\/wp\/v2\/users\/1"}],"replies":[{"embeddable":true,"href":"https:\/\/dicodusport.fr\/blog\/wp-json\/wp\/v2\/comments?post=204111"}],"version-history":[{"count":0,"href":"https:\/\/dicodusport.fr\/blog\/wp-json\/wp\/v2\/posts\/204111\/revisions"}],"wp:featuredmedia":[{"embeddable":true,"href":"https:\/\/dicodusport.fr\/blog\/wp-json\/wp\/v2\/media\/204128"}],"wp:attachment":[{"href":"https:\/\/dicodusport.fr\/blog\/wp-json\/wp\/v2\/media?parent=204111"}],"wp:term":[{"taxonomy":"category","embeddable":true,"href":"https:\/\/dicodusport.fr\/blog\/wp-json\/wp\/v2\/categories?post=204111"},{"taxonomy":"post_tag","embeddable":true,"href":"https:\/\/dicodusport.fr\/blog\/wp-json\/wp\/v2\/tags?post=204111"}],"curies":[{"name":"wp","href":"https:\/\/api.w.org\/{rel}","templated":true}]}}