{"id":204277,"date":"2022-03-02T17:34:41","date_gmt":"2022-03-02T16:34:41","guid":{"rendered":"https:\/\/dicodusport.fr\/blog\/?p=204277&#038;preview=true&#038;preview_id=204277"},"modified":"2022-03-02T17:34:41","modified_gmt":"2022-03-02T16:34:41","slug":"coupe-du-monde-biathlon-tarjei-boe-forfait-pour-kontiolahti","status":"publish","type":"post","link":"https:\/\/dicodusport.fr\/blog\/coupe-du-monde-biathlon-tarjei-boe-forfait-pour-kontiolahti\/","title":{"rendered":"Coupe du monde de biathlon : Tarjei Boe forfait pour Kontiolahti"},"content":{"rendered":"<p style=\"text-align: justify;\"><strong><em><b><a href=\"https:\/\/dicodusport.fr\/blog\/biathlon-kontiolahti-programme-resultats-complets\/\" target=\"_blank\" rel=\"noopener\">COUPE DU MONDE DE BIATHLON &#8211; KONTIOLAHTI<\/a> &#8211; D&rsquo;abord incertain, Tarjei Boe a finalement d\u00e9clar\u00e9 forfait pour l&rsquo;\u00e9tape de Kontiolahti qui commence vendredi pour les hommes.\u00a0<\/b><\/em><\/strong><\/p>\n<p style=\"text-align: justify;\">Alors que son fr\u00e8re <strong>Johannes Boe<\/strong> a tir\u00e9 un trait sur toute la fin de saison, <strong>Tarjei Boe<\/strong>, l&rsquo;a\u00een\u00e9 de la fratrie norv\u00e9gienne, a d\u00e9clar\u00e9 forfait pour l&rsquo;\u00e9tape finlandaise. D&rsquo;abord annonc\u00e9 incertain puis forfait pour le relais,\u00a0 Boe restera finalement \u00e0 la maison ce week-end. Le Norv\u00e9gien s&rsquo;est exprim\u00e9 sur <em>TV2<\/em>.<\/p>\n<blockquote>\n<p style=\"text-align: justify;\">Si j\u2019avais essay\u00e9 de courir \u00e0 Kontiolahti, cela aurait probablement g\u00e2ch\u00e9 les occasions de faire de belles courses lors des deux derni\u00e8res \u00e9tapes. De toute fa\u00e7on, ce n\u2019est pas possible de rattraper Quentin, donc que je sois num\u00e9ro deux, trois, quatre ou cinq mondial n\u2019est pas si important.<\/p>\n<\/blockquote>\n<p style=\"text-align: justify;\">Troisi\u00e8me au <a href=\"https:\/\/dicodusport.fr\/blog\/biathlon-coupe-du-monde-2021-2022-classement-general-hommes\/\">classement g\u00e9n\u00e9ral de la Coupe du monde<\/a>, <strong>Tarjei Boe<\/strong> perd tout espoir de pouvoir jouer le gros globe et laisse une autoroute \u00e0 <strong>Quentin Fillon Maillet<\/strong>, qui n&rsquo;a plus qu&rsquo;\u00c9milien Jacquelin et Sebastian Samuelsson en adversaires.<\/p>\n<blockquote class=\"twitter-tweet\">\n<p dir=\"ltr\" lang=\"fr\">&#x1f534; Kontiolahti \u2013 Tarjei Boe forfait pour l\u2019\u00e9tape finlandaise &#x1f1f3;&#x1f1f4;<\/p>\n<p>Dans un premier temps forfait pour le relais de vendredi, le Norv\u00e9gien sera finalement absent sur toute l\u2019\u00e9tape de Kontiolahti.<a href=\"https:\/\/t.co\/RnzRKkWcCw\">https:\/\/t.co\/RnzRKkWcCw<\/a><\/p>\n<p>\u2014 Biathlon Live (@BiathlonLivefr) <a href=\"https:\/\/twitter.com\/BiathlonLivefr\/status\/1499053459626250247?ref_src=twsrc%5Etfw\">March 2, 2022<\/a><\/p><\/blockquote>\n<p style=\"text-align: justify;\"><script async src=\"https:\/\/platform.twitter.com\/widgets.js\" charset=\"utf-8\"><\/script><\/p>\n<p style=\"text-align: justify;\">\n","protected":false},"excerpt":{"rendered":"<p>COUPE DU MONDE DE BIATHLON &#8211; KONTIOLAHTI &#8211; D&rsquo;abord incertain, Tarjei Boe a finalement d\u00e9clar\u00e9 forfait pour l&rsquo;\u00e9tape de Kontiolahti qui commence vendredi pour les hommes.\u00a0<\/p>\n","protected":false},"author":1,"featured_media":204287,"comment_status":"open","ping_status":"closed","sticky":false,"template":"","format":"standard","meta":{"_acf_changed":false,"_daextam_enable_autolinks":"","footnotes":""},"categories":[47040],"tags":[2963,7291],"class_list":["post-204277","post","type-post","status-publish","format-standard","has-post-thumbnail","hentry","category-coupe-du-monde-de-biathlon","tag-boe","tag-tarjei-boe"],"acf":[],"yoast_head":"<!-- This site is optimized with the Yoast SEO Premium plugin v26.7 (Yoast SEO v26.7) - https:\/\/yoast.com\/wordpress\/plugins\/seo\/ -->\n<title>Coupe du monde de biathlon : Tarjei Boe forfait pour Kontiolahti<\/title>\n<meta name=\"description\" content=\"COUPE DU MONDE DE BIATHLON - KONTIOLAHTI - D&#039;abord incertain, Tarjei Boe a finalement d\u00e9clar\u00e9 forfait pour l&#039;\u00e9tape de Kontiolahti.\" \/>\n<meta name=\"robots\" content=\"index, follow, max-snippet:-1, max-image-preview:large, max-video-preview:-1\" \/>\n<link rel=\"canonical\" href=\"https:\/\/dicodusport.fr\/blog\/coupe-du-monde-biathlon-tarjei-boe-forfait-pour-kontiolahti\/\" \/>\n<meta property=\"og:locale\" content=\"fr_FR\" \/>\n<meta property=\"og:type\" content=\"article\" \/>\n<meta property=\"og:title\" content=\"Coupe du monde de biathlon : Tarjei Boe forfait pour Kontiolahti\" \/>\n<meta property=\"og:description\" content=\"COUPE DU MONDE DE BIATHLON - KONTIOLAHTI - D&#039;abord incertain, Tarjei Boe a finalement d\u00e9clar\u00e9 forfait pour l&#039;\u00e9tape de Kontiolahti.\" \/>\n<meta property=\"og:url\" content=\"https:\/\/dicodusport.fr\/blog\/coupe-du-monde-biathlon-tarjei-boe-forfait-pour-kontiolahti\/\" \/>\n<meta property=\"og:site_name\" content=\"Dicodusport\" \/>\n<meta property=\"article:publisher\" content=\"https:\/\/www.facebook.com\/dicodusport\" \/>\n<meta property=\"article:author\" content=\"https:\/\/www.facebook.com\/dicodusport\" \/>\n<meta property=\"article:published_time\" content=\"2022-03-02T16:34:41+00:00\" \/>\n<meta property=\"og:image\" content=\"https:\/\/dicodusport.fr\/blog\/wp-content\/uploads\/2022\/03\/Tarjei-Boe-aussi-forfait-pour-Kontiolahti.png\" \/>\n\t<meta property=\"og:image:width\" content=\"800\" \/>\n\t<meta property=\"og:image:height\" content=\"445\" \/>\n\t<meta property=\"og:image:type\" content=\"image\/png\" \/>\n<meta name=\"author\" content=\"Nicolas Jacquemard\" \/>\n<meta name=\"twitter:card\" content=\"summary_large_image\" \/>\n<meta name=\"twitter:title\" content=\"Coupe du monde de biathlon : Tarjei Boe forfait pour Kontiolahti\" \/>\n<meta name=\"twitter:creator\" content=\"@https:\/\/twitter.com\/Nico_Jacquemard\" \/>\n<meta name=\"twitter:site\" content=\"@dicodusport\" \/>\n<script type=\"application\/ld+json\" class=\"yoast-schema-graph\">{\"@context\":\"https:\/\/schema.org\",\"@graph\":[{\"@type\":\"NewsArticle\",\"@id\":\"https:\/\/dicodusport.fr\/blog\/coupe-du-monde-biathlon-tarjei-boe-forfait-pour-kontiolahti\/#article\",\"isPartOf\":{\"@id\":\"https:\/\/dicodusport.fr\/blog\/coupe-du-monde-biathlon-tarjei-boe-forfait-pour-kontiolahti\/\"},\"author\":{\"name\":\"Nicolas Jacquemard\",\"@id\":\"https:\/\/dicodusport.fr\/blog\/#\/schema\/person\/55dcb50ad410894e431ed812bbb70191\"},\"headline\":\"Coupe du monde de biathlon : Tarjei Boe forfait pour Kontiolahti\",\"datePublished\":\"2022-03-02T16:34:41+00:00\",\"mainEntityOfPage\":{\"@id\":\"https:\/\/dicodusport.fr\/blog\/coupe-du-monde-biathlon-tarjei-boe-forfait-pour-kontiolahti\/\"},\"wordCount\":240,\"commentCount\":0,\"publisher\":{\"@id\":\"https:\/\/dicodusport.fr\/blog\/#organization\"},\"image\":{\"@id\":\"https:\/\/dicodusport.fr\/blog\/coupe-du-monde-biathlon-tarjei-boe-forfait-pour-kontiolahti\/#primaryimage\"},\"thumbnailUrl\":\"https:\/\/dicodusport.fr\/blog\/wp-content\/uploads\/2022\/03\/Tarjei-Boe-aussi-forfait-pour-Kontiolahti.png\",\"keywords\":[\"Boe\",\"Tarjei Boe\"],\"articleSection\":[\"Coupe du monde de biathlon\"],\"inLanguage\":\"fr-FR\",\"potentialAction\":[{\"@type\":\"CommentAction\",\"name\":\"Comment\",\"target\":[\"https:\/\/dicodusport.fr\/blog\/coupe-du-monde-biathlon-tarjei-boe-forfait-pour-kontiolahti\/#respond\"]}],\"copyrightYear\":\"2022\",\"copyrightHolder\":{\"@id\":\"https:\/\/dicodusport.fr\/blog\/#organization\"}},{\"@type\":\"WebPage\",\"@id\":\"https:\/\/dicodusport.fr\/blog\/coupe-du-monde-biathlon-tarjei-boe-forfait-pour-kontiolahti\/\",\"url\":\"https:\/\/dicodusport.fr\/blog\/coupe-du-monde-biathlon-tarjei-boe-forfait-pour-kontiolahti\/\",\"name\":\"Coupe du monde de biathlon : Tarjei Boe forfait pour Kontiolahti\",\"isPartOf\":{\"@id\":\"https:\/\/dicodusport.fr\/blog\/#website\"},\"primaryImageOfPage\":{\"@id\":\"https:\/\/dicodusport.fr\/blog\/coupe-du-monde-biathlon-tarjei-boe-forfait-pour-kontiolahti\/#primaryimage\"},\"image\":{\"@id\":\"https:\/\/dicodusport.fr\/blog\/coupe-du-monde-biathlon-tarjei-boe-forfait-pour-kontiolahti\/#primaryimage\"},\"thumbnailUrl\":\"https:\/\/dicodusport.fr\/blog\/wp-content\/uploads\/2022\/03\/Tarjei-Boe-aussi-forfait-pour-Kontiolahti.png\",\"datePublished\":\"2022-03-02T16:34:41+00:00\",\"description\":\"COUPE DU MONDE DE BIATHLON - KONTIOLAHTI - D'abord incertain, Tarjei Boe a finalement d\u00e9clar\u00e9 forfait pour l'\u00e9tape de Kontiolahti.\",\"breadcrumb\":{\"@id\":\"https:\/\/dicodusport.fr\/blog\/coupe-du-monde-biathlon-tarjei-boe-forfait-pour-kontiolahti\/#breadcrumb\"},\"inLanguage\":\"fr-FR\",\"potentialAction\":[{\"@type\":\"ReadAction\",\"target\":[\"https:\/\/dicodusport.fr\/blog\/coupe-du-monde-biathlon-tarjei-boe-forfait-pour-kontiolahti\/\"]}]},{\"@type\":\"ImageObject\",\"inLanguage\":\"fr-FR\",\"@id\":\"https:\/\/dicodusport.fr\/blog\/coupe-du-monde-biathlon-tarjei-boe-forfait-pour-kontiolahti\/#primaryimage\",\"url\":\"https:\/\/dicodusport.fr\/blog\/wp-content\/uploads\/2022\/03\/Tarjei-Boe-aussi-forfait-pour-Kontiolahti.png\",\"contentUrl\":\"https:\/\/dicodusport.fr\/blog\/wp-content\/uploads\/2022\/03\/Tarjei-Boe-aussi-forfait-pour-Kontiolahti.png\",\"width\":800,\"height\":445},{\"@type\":\"BreadcrumbList\",\"@id\":\"https:\/\/dicodusport.fr\/blog\/coupe-du-monde-biathlon-tarjei-boe-forfait-pour-kontiolahti\/#breadcrumb\",\"itemListElement\":[{\"@type\":\"ListItem\",\"position\":1,\"name\":\"Accueil\",\"item\":\"https:\/\/dicodusport.fr\/blog\/\"},{\"@type\":\"ListItem\",\"position\":2,\"name\":\"Coupe du monde de biathlon : Tarjei Boe forfait pour Kontiolahti\"}]},{\"@type\":\"WebSite\",\"@id\":\"https:\/\/dicodusport.fr\/blog\/#website\",\"url\":\"https:\/\/dicodusport.fr\/blog\/\",\"name\":\"Dicodusport\",\"description\":\"L&#039;encyclop\u00e9die de l&#039;actualit\u00e9 sportive\",\"publisher\":{\"@id\":\"https:\/\/dicodusport.fr\/blog\/#organization\"},\"potentialAction\":[{\"@type\":\"SearchAction\",\"target\":{\"@type\":\"EntryPoint\",\"urlTemplate\":\"https:\/\/dicodusport.fr\/blog\/?s={search_term_string}\"},\"query-input\":{\"@type\":\"PropertyValueSpecification\",\"valueRequired\":true,\"valueName\":\"search_term_string\"}}],\"inLanguage\":\"fr-FR\"},{\"@type\":\"NewsMediaOrganization\",\"@id\":\"https:\/\/dicodusport.fr\/blog\/#organization\",\"name\":\"Dicodusport\",\"url\":\"https:\/\/dicodusport.fr\/blog\/\",\"logo\":{\"@type\":\"ImageObject\",\"inLanguage\":\"fr-FR\",\"@id\":\"https:\/\/dicodusport.fr\/blog\/#\/schema\/logo\/image\/\",\"url\":\"https:\/\/dicodusport.fr\/blog\/wp-content\/uploads\/2020\/06\/cropped-LOGO-DICODUSPORT-2020-SANS-FOND-SANS-TEXTE.png\",\"contentUrl\":\"https:\/\/dicodusport.fr\/blog\/wp-content\/uploads\/2020\/06\/cropped-LOGO-DICODUSPORT-2020-SANS-FOND-SANS-TEXTE.png\",\"width\":512,\"height\":512,\"caption\":\"Dicodusport\"},\"image\":{\"@id\":\"https:\/\/dicodusport.fr\/blog\/#\/schema\/logo\/image\/\"},\"sameAs\":[\"https:\/\/www.facebook.com\/dicodusport\",\"https:\/\/x.com\/dicodusport\",\"https:\/\/www.instagram.com\/dicodusport\/\",\"https:\/\/www.youtube.com\/channel\/UC7V2KZ5sd3htJivAbA4ZG3w\"],\"description\":\"Dicodusport est l'encyclop\u00e9die de l'actualit\u00e9 sportive.\",\"email\":\"bonjour@dicodusport.fr\",\"legalName\":\"DICODUSPORT\",\"foundingDate\":\"2018-01-14\",\"vatID\":\"FR71834470973\",\"taxID\":\"83447097300043\",\"numberOfEmployees\":{\"@type\":\"QuantitativeValue\",\"minValue\":\"1\",\"maxValue\":\"10\"}},{\"@type\":\"Person\",\"@id\":\"https:\/\/dicodusport.fr\/blog\/#\/schema\/person\/55dcb50ad410894e431ed812bbb70191\",\"name\":\"Nicolas Jacquemard\",\"image\":{\"@type\":\"ImageObject\",\"inLanguage\":\"fr-FR\",\"@id\":\"https:\/\/dicodusport.fr\/blog\/#\/schema\/person\/image\/\",\"url\":\"https:\/\/dicodusport.fr\/blog\/wp-content\/uploads\/2021\/05\/Nicolas-Jacquemard-150x150.jpeg\",\"contentUrl\":\"https:\/\/dicodusport.fr\/blog\/wp-content\/uploads\/2021\/05\/Nicolas-Jacquemard-150x150.jpeg\",\"caption\":\"Nicolas Jacquemard\"},\"description\":\"Passionn\u00e9 de sport et entrepreneur depuis mes 18 ans, la cr\u00e9ation de Dicodusport m'a sembl\u00e9 \u00e9vidente pour participer \u00e0 la m\u00e9diatisation d'un plus grand nombre de sports. Le chemin est long mais avec une \u00e9quipe des plus motiv\u00e9es et les Jeux Olympiques de Paris 2024 en point de mire, nous y arriverons ! Journaliste dans le monde du sport depuis plus de 5 ans, je traite aussi bien de football, de rugby, de biathlon que de cyclisme.\",\"sameAs\":[\"https:\/\/www.facebook.com\/dicodusport\",\"https:\/\/x.com\/https:\/\/twitter.com\/Nico_Jacquemard\"],\"url\":\"https:\/\/dicodusport.fr\/blog\/author\/dicodusport\/\"}]}<\/script>\n<!-- \/ Yoast SEO Premium plugin. -->","yoast_head_json":{"title":"Coupe du monde de biathlon : Tarjei Boe forfait pour Kontiolahti","description":"COUPE DU MONDE DE BIATHLON - KONTIOLAHTI - D'abord incertain, Tarjei Boe a finalement d\u00e9clar\u00e9 forfait pour l'\u00e9tape de Kontiolahti.","robots":{"index":"index","follow":"follow","max-snippet":"max-snippet:-1","max-image-preview":"max-image-preview:large","max-video-preview":"max-video-preview:-1"},"canonical":"https:\/\/dicodusport.fr\/blog\/coupe-du-monde-biathlon-tarjei-boe-forfait-pour-kontiolahti\/","og_locale":"fr_FR","og_type":"article","og_title":"Coupe du monde de biathlon : Tarjei Boe forfait pour Kontiolahti","og_description":"COUPE DU MONDE DE BIATHLON - KONTIOLAHTI - D'abord incertain, Tarjei Boe a finalement d\u00e9clar\u00e9 forfait pour l'\u00e9tape de Kontiolahti.","og_url":"https:\/\/dicodusport.fr\/blog\/coupe-du-monde-biathlon-tarjei-boe-forfait-pour-kontiolahti\/","og_site_name":"Dicodusport","article_publisher":"https:\/\/www.facebook.com\/dicodusport","article_author":"https:\/\/www.facebook.com\/dicodusport","article_published_time":"2022-03-02T16:34:41+00:00","og_image":[{"width":800,"height":445,"url":"https:\/\/dicodusport.fr\/blog\/wp-content\/uploads\/2022\/03\/Tarjei-Boe-aussi-forfait-pour-Kontiolahti.png","type":"image\/png"}],"author":"Nicolas Jacquemard","twitter_card":"summary_large_image","twitter_title":"Coupe du monde de biathlon : Tarjei Boe forfait pour Kontiolahti","twitter_creator":"@https:\/\/twitter.com\/Nico_Jacquemard","twitter_site":"@dicodusport","schema":{"@context":"https:\/\/schema.org","@graph":[{"@type":"NewsArticle","@id":"https:\/\/dicodusport.fr\/blog\/coupe-du-monde-biathlon-tarjei-boe-forfait-pour-kontiolahti\/#article","isPartOf":{"@id":"https:\/\/dicodusport.fr\/blog\/coupe-du-monde-biathlon-tarjei-boe-forfait-pour-kontiolahti\/"},"author":{"name":"Nicolas Jacquemard","@id":"https:\/\/dicodusport.fr\/blog\/#\/schema\/person\/55dcb50ad410894e431ed812bbb70191"},"headline":"Coupe du monde de biathlon : Tarjei Boe forfait pour Kontiolahti","datePublished":"2022-03-02T16:34:41+00:00","mainEntityOfPage":{"@id":"https:\/\/dicodusport.fr\/blog\/coupe-du-monde-biathlon-tarjei-boe-forfait-pour-kontiolahti\/"},"wordCount":240,"commentCount":0,"publisher":{"@id":"https:\/\/dicodusport.fr\/blog\/#organization"},"image":{"@id":"https:\/\/dicodusport.fr\/blog\/coupe-du-monde-biathlon-tarjei-boe-forfait-pour-kontiolahti\/#primaryimage"},"thumbnailUrl":"https:\/\/dicodusport.fr\/blog\/wp-content\/uploads\/2022\/03\/Tarjei-Boe-aussi-forfait-pour-Kontiolahti.png","keywords":["Boe","Tarjei Boe"],"articleSection":["Coupe du monde de biathlon"],"inLanguage":"fr-FR","potentialAction":[{"@type":"CommentAction","name":"Comment","target":["https:\/\/dicodusport.fr\/blog\/coupe-du-monde-biathlon-tarjei-boe-forfait-pour-kontiolahti\/#respond"]}],"copyrightYear":"2022","copyrightHolder":{"@id":"https:\/\/dicodusport.fr\/blog\/#organization"}},{"@type":"WebPage","@id":"https:\/\/dicodusport.fr\/blog\/coupe-du-monde-biathlon-tarjei-boe-forfait-pour-kontiolahti\/","url":"https:\/\/dicodusport.fr\/blog\/coupe-du-monde-biathlon-tarjei-boe-forfait-pour-kontiolahti\/","name":"Coupe du monde de biathlon : Tarjei Boe forfait pour Kontiolahti","isPartOf":{"@id":"https:\/\/dicodusport.fr\/blog\/#website"},"primaryImageOfPage":{"@id":"https:\/\/dicodusport.fr\/blog\/coupe-du-monde-biathlon-tarjei-boe-forfait-pour-kontiolahti\/#primaryimage"},"image":{"@id":"https:\/\/dicodusport.fr\/blog\/coupe-du-monde-biathlon-tarjei-boe-forfait-pour-kontiolahti\/#primaryimage"},"thumbnailUrl":"https:\/\/dicodusport.fr\/blog\/wp-content\/uploads\/2022\/03\/Tarjei-Boe-aussi-forfait-pour-Kontiolahti.png","datePublished":"2022-03-02T16:34:41+00:00","description":"COUPE DU MONDE DE BIATHLON - KONTIOLAHTI - D'abord incertain, Tarjei Boe a finalement d\u00e9clar\u00e9 forfait pour l'\u00e9tape de Kontiolahti.","breadcrumb":{"@id":"https:\/\/dicodusport.fr\/blog\/coupe-du-monde-biathlon-tarjei-boe-forfait-pour-kontiolahti\/#breadcrumb"},"inLanguage":"fr-FR","potentialAction":[{"@type":"ReadAction","target":["https:\/\/dicodusport.fr\/blog\/coupe-du-monde-biathlon-tarjei-boe-forfait-pour-kontiolahti\/"]}]},{"@type":"ImageObject","inLanguage":"fr-FR","@id":"https:\/\/dicodusport.fr\/blog\/coupe-du-monde-biathlon-tarjei-boe-forfait-pour-kontiolahti\/#primaryimage","url":"https:\/\/dicodusport.fr\/blog\/wp-content\/uploads\/2022\/03\/Tarjei-Boe-aussi-forfait-pour-Kontiolahti.png","contentUrl":"https:\/\/dicodusport.fr\/blog\/wp-content\/uploads\/2022\/03\/Tarjei-Boe-aussi-forfait-pour-Kontiolahti.png","width":800,"height":445},{"@type":"BreadcrumbList","@id":"https:\/\/dicodusport.fr\/blog\/coupe-du-monde-biathlon-tarjei-boe-forfait-pour-kontiolahti\/#breadcrumb","itemListElement":[{"@type":"ListItem","position":1,"name":"Accueil","item":"https:\/\/dicodusport.fr\/blog\/"},{"@type":"ListItem","position":2,"name":"Coupe du monde de biathlon : Tarjei Boe forfait pour Kontiolahti"}]},{"@type":"WebSite","@id":"https:\/\/dicodusport.fr\/blog\/#website","url":"https:\/\/dicodusport.fr\/blog\/","name":"Dicodusport","description":"L&#039;encyclop\u00e9die de l&#039;actualit\u00e9 sportive","publisher":{"@id":"https:\/\/dicodusport.fr\/blog\/#organization"},"potentialAction":[{"@type":"SearchAction","target":{"@type":"EntryPoint","urlTemplate":"https:\/\/dicodusport.fr\/blog\/?s={search_term_string}"},"query-input":{"@type":"PropertyValueSpecification","valueRequired":true,"valueName":"search_term_string"}}],"inLanguage":"fr-FR"},{"@type":"NewsMediaOrganization","@id":"https:\/\/dicodusport.fr\/blog\/#organization","name":"Dicodusport","url":"https:\/\/dicodusport.fr\/blog\/","logo":{"@type":"ImageObject","inLanguage":"fr-FR","@id":"https:\/\/dicodusport.fr\/blog\/#\/schema\/logo\/image\/","url":"https:\/\/dicodusport.fr\/blog\/wp-content\/uploads\/2020\/06\/cropped-LOGO-DICODUSPORT-2020-SANS-FOND-SANS-TEXTE.png","contentUrl":"https:\/\/dicodusport.fr\/blog\/wp-content\/uploads\/2020\/06\/cropped-LOGO-DICODUSPORT-2020-SANS-FOND-SANS-TEXTE.png","width":512,"height":512,"caption":"Dicodusport"},"image":{"@id":"https:\/\/dicodusport.fr\/blog\/#\/schema\/logo\/image\/"},"sameAs":["https:\/\/www.facebook.com\/dicodusport","https:\/\/x.com\/dicodusport","https:\/\/www.instagram.com\/dicodusport\/","https:\/\/www.youtube.com\/channel\/UC7V2KZ5sd3htJivAbA4ZG3w"],"description":"Dicodusport est l'encyclop\u00e9die de l'actualit\u00e9 sportive.","email":"bonjour@dicodusport.fr","legalName":"DICODUSPORT","foundingDate":"2018-01-14","vatID":"FR71834470973","taxID":"83447097300043","numberOfEmployees":{"@type":"QuantitativeValue","minValue":"1","maxValue":"10"}},{"@type":"Person","@id":"https:\/\/dicodusport.fr\/blog\/#\/schema\/person\/55dcb50ad410894e431ed812bbb70191","name":"Nicolas Jacquemard","image":{"@type":"ImageObject","inLanguage":"fr-FR","@id":"https:\/\/dicodusport.fr\/blog\/#\/schema\/person\/image\/","url":"https:\/\/dicodusport.fr\/blog\/wp-content\/uploads\/2021\/05\/Nicolas-Jacquemard-150x150.jpeg","contentUrl":"https:\/\/dicodusport.fr\/blog\/wp-content\/uploads\/2021\/05\/Nicolas-Jacquemard-150x150.jpeg","caption":"Nicolas Jacquemard"},"description":"Passionn\u00e9 de sport et entrepreneur depuis mes 18 ans, la cr\u00e9ation de Dicodusport m'a sembl\u00e9 \u00e9vidente pour participer \u00e0 la m\u00e9diatisation d'un plus grand nombre de sports. Le chemin est long mais avec une \u00e9quipe des plus motiv\u00e9es et les Jeux Olympiques de Paris 2024 en point de mire, nous y arriverons ! Journaliste dans le monde du sport depuis plus de 5 ans, je traite aussi bien de football, de rugby, de biathlon que de cyclisme.","sameAs":["https:\/\/www.facebook.com\/dicodusport","https:\/\/x.com\/https:\/\/twitter.com\/Nico_Jacquemard"],"url":"https:\/\/dicodusport.fr\/blog\/author\/dicodusport\/"}]}},"_links":{"self":[{"href":"https:\/\/dicodusport.fr\/blog\/wp-json\/wp\/v2\/posts\/204277","targetHints":{"allow":["GET"]}}],"collection":[{"href":"https:\/\/dicodusport.fr\/blog\/wp-json\/wp\/v2\/posts"}],"about":[{"href":"https:\/\/dicodusport.fr\/blog\/wp-json\/wp\/v2\/types\/post"}],"author":[{"embeddable":true,"href":"https:\/\/dicodusport.fr\/blog\/wp-json\/wp\/v2\/users\/1"}],"replies":[{"embeddable":true,"href":"https:\/\/dicodusport.fr\/blog\/wp-json\/wp\/v2\/comments?post=204277"}],"version-history":[{"count":0,"href":"https:\/\/dicodusport.fr\/blog\/wp-json\/wp\/v2\/posts\/204277\/revisions"}],"wp:featuredmedia":[{"embeddable":true,"href":"https:\/\/dicodusport.fr\/blog\/wp-json\/wp\/v2\/media\/204287"}],"wp:attachment":[{"href":"https:\/\/dicodusport.fr\/blog\/wp-json\/wp\/v2\/media?parent=204277"}],"wp:term":[{"taxonomy":"category","embeddable":true,"href":"https:\/\/dicodusport.fr\/blog\/wp-json\/wp\/v2\/categories?post=204277"},{"taxonomy":"post_tag","embeddable":true,"href":"https:\/\/dicodusport.fr\/blog\/wp-json\/wp\/v2\/tags?post=204277"}],"curies":[{"name":"wp","href":"https:\/\/api.w.org\/{rel}","templated":true}]}}