{"id":204344,"date":"2022-03-02T23:24:39","date_gmt":"2022-03-02T22:24:39","guid":{"rendered":"https:\/\/dicodusport.fr\/blog\/?p=204344&#038;preview=true&#038;preview_id=204344"},"modified":"2022-03-03T11:27:25","modified_gmt":"2022-03-03T10:27:25","slug":"mondiaux-juniors-de-biathlon-les-bleues-en-bronze-sur-relais-feminin","status":"publish","type":"post","link":"https:\/\/dicodusport.fr\/blog\/mondiaux-juniors-de-biathlon-les-bleues-en-bronze-sur-relais-feminin\/","title":{"rendered":"Mondiaux juniors de biathlon : Les Bleues en bronze sur le relais f\u00e9minin"},"content":{"rendered":"<p style=\"text-align: justify;\"><strong><em><a href=\"https:\/\/dicodusport.fr\/blog\/biathlon-mondiaux-jeunes-et-juniors-2022-programme-et-resultats\/\">MONDIAUX DE BIATHLON JEUNES\/JUNIORS 2022<\/a> &#8211; Apr\u00e8s le sacre des Bleus sur le relais masculin, l&rsquo;\u00e9quipe de France f\u00e9minine juniors de biathlon a d\u00e9croch\u00e9 la m\u00e9daille de bronze sur le relais dames, lors des Mondiaux de Soldier Hollow (USA). L&rsquo;Italie est all\u00e9e glaner le titre mondial, devant l&rsquo;Allemagne.<\/em><\/strong><\/p>\n<p style=\"text-align: justify;\">Elle \u00e9tait quasiment inesp\u00e9r\u00e9e \u00e0 l&rsquo;amorce du dernier relais, mais elle est finalement l\u00e0 ! Champion du monde en titre, le relais f\u00e9minin juniors tricolore a cette fois d\u00e9croch\u00e9 la m\u00e9daille de bronze lors des <strong>Mondiaux de Soldier Hollow<\/strong> (USA). Une breloque qui s&rsquo;est donc dessin\u00e9e lors du dernier relais, g\u00e9r\u00e9 \u00e0 la perfection par <strong>Jeanne Richard<\/strong>. \u00c0 19 ans, la biathl\u00e8te de Morzine s&rsquo;est comport\u00e9e en patronne. Pourtant, la championne du monde jeunes de l&rsquo;individuel l&rsquo;an pass\u00e9, 6\u00e8me de la poursuite dimanche, n&rsquo;\u00e9tait pas forc\u00e9ment dans le coup au moment o\u00f9 <strong>Oc\u00e9ane Michelon<\/strong>, vice-championne du monde juniors de l&rsquo;individuel la semaine pass\u00e9e, lui a pass\u00e9 le t\u00e9moin.<\/p>\n<h2 style=\"text-align: justify;\"><strong>Jeanne Richard fait le job, et bien !<\/strong><\/h2>\n<p style=\"text-align: justify;\">En effet, au moment o\u00f9 elle s&rsquo;est \u00e9lanc\u00e9e, la native de Thonon-les-Bains pointe \u00e0 2&rsquo;44 du duo italo-allemand, en route pour la bataille en vue du titre mondial. La troisi\u00e8me place, d\u00e9tenue alors par l&rsquo;Autriche, est 1&rsquo;10 devant la Tricolore avec entre deux, la Norv\u00e8ge \u00e0 45 secondes de la Fran\u00e7aise. Autant dire que la mission s&rsquo;annon\u00e7ait p\u00e9rilleuse. Oui mais voil\u00e0, excellente sur les skis, <strong>Jeanne Richard<\/strong>, impeccable sur le tir couch\u00e9 avant de piocher \u00e0 deux reprises sur le debout, a tout simplement mis au supplice la Norv\u00e9gienne <strong>Maren Bakken<\/strong>, d\u00e9j\u00e0 aval\u00e9e avant le tir debout, mais surtout l&rsquo;Autrichienne <strong>Anna-Maria Schrempf<\/strong>, qui a craqu\u00e9 face \u00e0 Jeanne Richard lors du dernier passage sur le pas de tir. Au final, <strong>Camille Coup\u00e9<\/strong>, <strong>No\u00e9mie Remonnay<\/strong> et <strong>Oc\u00e9ane Michelon<\/strong>, qui n&rsquo;ont pas d\u00e9m\u00e9rit\u00e9 sur leur relais, ainsi que <strong>Jeanne Richard<\/strong>, d\u00e9crochent le bronze, la troisi\u00e8me breloque pour le clan tricolore dans l&rsquo;Utah. Un final en beaut\u00e9 donc pour l&rsquo;\u00e9quipe de France.<\/p>\n<p style=\"text-align: justify;\">Devant les Bleues, l&rsquo;Italie et l&rsquo;Allemagne, qui ont survol\u00e9 ces Mondiaux sur les courses f\u00e9minines, se sont livr\u00e9es une sacr\u00e9e bataille. Et la m\u00e9daille d&rsquo;or a finalement a \u00e9t\u00e9 remport\u00e9e par les Transalpines <strong>Passler<\/strong>, <strong>Zingerle<\/strong>,<strong> Trabucchi<\/strong> et <strong>Auchentaller<\/strong>. Cette derni\u00e8re, argent\u00e9e sur la poursuite, a pris le dessus sur <strong>Lisa Maria Spark<\/strong>, en or sur l&rsquo;individuel. D\u00e9j\u00e0 sacr\u00e9es sur le relais f\u00e9minin jeunes, les Italiennes confirment donc que la rel\u00e8ve est l\u00e0, derri\u00e8re les <strong>Dorothea Wierer<\/strong> et autres <strong>Lisa Vittozzi<\/strong>.<\/p>\n<hr \/>\n<ul>\n<li><a href=\"https:\/\/dicodusport.fr\/blog\/biathlon-mondiaux-jeunes-et-juniors-2022-programme-et-resultats\/\"><strong>Tous les r\u00e9sultats et toutes les m\u00e9dailles des Mondiaux jeunes\/juniors<\/strong><\/a><\/li>\n<\/ul>\n<hr \/>\n<h2 style=\"text-align: justify;\"><strong>Le classement du relais femmes juniors des Mondiaux de Soldier Hollow 2022<\/strong><\/h2>\n<a href=\"https:\/\/dicodusport.fr\/blog\/wp-content\/uploads\/2022\/03\/Le-classement-du-relais-femmes-juniors-des-Mondiaux-2022.pdf\" class=\"pdfemb-viewer\" style=\"\" data-width=\"max\" data-height=\"max\"  data-toolbar=\"both\" data-toolbar-fixed=\"on\">Le classement du relais femmes juniors des Mondiaux 2022<br\/><\/a>\n","protected":false},"excerpt":{"rendered":"<p>MONDIAUX DE BIATHLON JEUNES\/JUNIORS 2022 &#8211; Apr\u00e8s le sacre des Bleus sur le relais masculin, l&rsquo;\u00e9quipe de France f\u00e9minine juniors de biathlon a d\u00e9croch\u00e9 la m\u00e9daille de bronze sur le relais dames, lors des Mondiaux de Soldier Hollow (USA). L&rsquo;Italie est all\u00e9e glaner le titre mondial, devant l&rsquo;Allemagne.<\/p>\n","protected":false},"author":4,"featured_media":204366,"comment_status":"open","ping_status":"closed","sticky":false,"template":"","format":"standard","meta":{"_acf_changed":false,"_daextam_enable_autolinks":"","footnotes":""},"categories":[2426],"tags":[2427],"class_list":["post-204344","post","type-post","status-publish","format-standard","has-post-thumbnail","hentry","category-biathlon","tag-biathlon"],"acf":[],"yoast_head":"<!-- This site is optimized with the Yoast SEO Premium plugin v26.7 (Yoast SEO v26.7) - https:\/\/yoast.com\/wordpress\/plugins\/seo\/ -->\n<title>Mondiaux juniors de biathlon : Les Bleues en bronze sur le relais f\u00e9minin<\/title>\n<meta name=\"description\" content=\"MONDIAUX DE BIATHLON JEUNES\/JUNIORS 2022 - L&#039;\u00e9quipe de France f\u00e9minine juniors de biathlon a d\u00e9croch\u00e9 la m\u00e9daille de bronze sur le relais dames.\" \/>\n<meta name=\"robots\" content=\"index, follow, max-snippet:-1, max-image-preview:large, max-video-preview:-1\" \/>\n<link rel=\"canonical\" href=\"https:\/\/dicodusport.fr\/blog\/mondiaux-juniors-de-biathlon-les-bleues-en-bronze-sur-relais-feminin\/\" \/>\n<meta property=\"og:locale\" content=\"fr_FR\" \/>\n<meta property=\"og:type\" content=\"article\" \/>\n<meta property=\"og:title\" content=\"Mondiaux juniors de biathlon : Les Bleues en bronze sur le relais f\u00e9minin\" \/>\n<meta property=\"og:description\" content=\"MONDIAUX DE BIATHLON JEUNES\/JUNIORS 2022 - L&#039;\u00e9quipe de France f\u00e9minine juniors de biathlon a d\u00e9croch\u00e9 la m\u00e9daille de bronze sur le relais dames.\" \/>\n<meta property=\"og:url\" content=\"https:\/\/dicodusport.fr\/blog\/mondiaux-juniors-de-biathlon-les-bleues-en-bronze-sur-relais-feminin\/\" \/>\n<meta property=\"og:site_name\" content=\"Dicodusport\" \/>\n<meta property=\"article:publisher\" content=\"https:\/\/www.facebook.com\/dicodusport\" \/>\n<meta property=\"article:author\" content=\"https:\/\/www.facebook.com\/florent.ostermann\" \/>\n<meta property=\"article:published_time\" content=\"2022-03-02T22:24:39+00:00\" \/>\n<meta property=\"article:modified_time\" content=\"2022-03-03T10:27:25+00:00\" \/>\n<meta property=\"og:image\" content=\"https:\/\/dicodusport.fr\/blog\/wp-content\/uploads\/2022\/03\/Mondiaux-juniors-de-biathlon-Les-Bleues-en-bronze-sur-le-relais-feminin-1.png\" \/>\n\t<meta property=\"og:image:width\" content=\"800\" \/>\n\t<meta property=\"og:image:height\" content=\"445\" \/>\n\t<meta property=\"og:image:type\" content=\"image\/png\" \/>\n<meta name=\"author\" content=\"Flo Ostermann\" \/>\n<meta name=\"twitter:card\" content=\"summary_large_image\" \/>\n<meta name=\"twitter:title\" content=\"Mondiaux juniors de biathlon : Les Bleues en bronze sur le relais f\u00e9minin\" \/>\n<meta name=\"twitter:creator\" content=\"@https:\/\/twitter.com\/FlOstermann\" \/>\n<meta name=\"twitter:site\" content=\"@dicodusport\" \/>\n<script type=\"application\/ld+json\" class=\"yoast-schema-graph\">{\"@context\":\"https:\/\/schema.org\",\"@graph\":[{\"@type\":\"NewsArticle\",\"@id\":\"https:\/\/dicodusport.fr\/blog\/mondiaux-juniors-de-biathlon-les-bleues-en-bronze-sur-relais-feminin\/#article\",\"isPartOf\":{\"@id\":\"https:\/\/dicodusport.fr\/blog\/mondiaux-juniors-de-biathlon-les-bleues-en-bronze-sur-relais-feminin\/\"},\"author\":{\"name\":\"Flo Ostermann\",\"@id\":\"https:\/\/dicodusport.fr\/blog\/#\/schema\/person\/cb02af4c173ce4a653b55e9baf388d4a\"},\"headline\":\"Mondiaux juniors de biathlon : Les Bleues en bronze sur le relais f\u00e9minin\",\"datePublished\":\"2022-03-02T22:24:39+00:00\",\"dateModified\":\"2022-03-03T10:27:25+00:00\",\"mainEntityOfPage\":{\"@id\":\"https:\/\/dicodusport.fr\/blog\/mondiaux-juniors-de-biathlon-les-bleues-en-bronze-sur-relais-feminin\/\"},\"wordCount\":513,\"commentCount\":0,\"publisher\":{\"@id\":\"https:\/\/dicodusport.fr\/blog\/#organization\"},\"image\":{\"@id\":\"https:\/\/dicodusport.fr\/blog\/mondiaux-juniors-de-biathlon-les-bleues-en-bronze-sur-relais-feminin\/#primaryimage\"},\"thumbnailUrl\":\"https:\/\/dicodusport.fr\/blog\/wp-content\/uploads\/2022\/03\/Mondiaux-juniors-de-biathlon-Les-Bleues-en-bronze-sur-le-relais-feminin-1.png\",\"keywords\":[\"Biathlon\"],\"articleSection\":[\"Biathlon\"],\"inLanguage\":\"fr-FR\",\"potentialAction\":[{\"@type\":\"CommentAction\",\"name\":\"Comment\",\"target\":[\"https:\/\/dicodusport.fr\/blog\/mondiaux-juniors-de-biathlon-les-bleues-en-bronze-sur-relais-feminin\/#respond\"]}],\"copyrightYear\":\"2022\",\"copyrightHolder\":{\"@id\":\"https:\/\/dicodusport.fr\/blog\/#organization\"}},{\"@type\":\"WebPage\",\"@id\":\"https:\/\/dicodusport.fr\/blog\/mondiaux-juniors-de-biathlon-les-bleues-en-bronze-sur-relais-feminin\/\",\"url\":\"https:\/\/dicodusport.fr\/blog\/mondiaux-juniors-de-biathlon-les-bleues-en-bronze-sur-relais-feminin\/\",\"name\":\"Mondiaux juniors de biathlon : Les Bleues en bronze sur le relais f\u00e9minin\",\"isPartOf\":{\"@id\":\"https:\/\/dicodusport.fr\/blog\/#website\"},\"primaryImageOfPage\":{\"@id\":\"https:\/\/dicodusport.fr\/blog\/mondiaux-juniors-de-biathlon-les-bleues-en-bronze-sur-relais-feminin\/#primaryimage\"},\"image\":{\"@id\":\"https:\/\/dicodusport.fr\/blog\/mondiaux-juniors-de-biathlon-les-bleues-en-bronze-sur-relais-feminin\/#primaryimage\"},\"thumbnailUrl\":\"https:\/\/dicodusport.fr\/blog\/wp-content\/uploads\/2022\/03\/Mondiaux-juniors-de-biathlon-Les-Bleues-en-bronze-sur-le-relais-feminin-1.png\",\"datePublished\":\"2022-03-02T22:24:39+00:00\",\"dateModified\":\"2022-03-03T10:27:25+00:00\",\"description\":\"MONDIAUX DE BIATHLON JEUNES\/JUNIORS 2022 - L'\u00e9quipe de France f\u00e9minine juniors de biathlon a d\u00e9croch\u00e9 la m\u00e9daille de bronze sur le relais dames.\",\"breadcrumb\":{\"@id\":\"https:\/\/dicodusport.fr\/blog\/mondiaux-juniors-de-biathlon-les-bleues-en-bronze-sur-relais-feminin\/#breadcrumb\"},\"inLanguage\":\"fr-FR\",\"potentialAction\":[{\"@type\":\"ReadAction\",\"target\":[\"https:\/\/dicodusport.fr\/blog\/mondiaux-juniors-de-biathlon-les-bleues-en-bronze-sur-relais-feminin\/\"]}]},{\"@type\":\"ImageObject\",\"inLanguage\":\"fr-FR\",\"@id\":\"https:\/\/dicodusport.fr\/blog\/mondiaux-juniors-de-biathlon-les-bleues-en-bronze-sur-relais-feminin\/#primaryimage\",\"url\":\"https:\/\/dicodusport.fr\/blog\/wp-content\/uploads\/2022\/03\/Mondiaux-juniors-de-biathlon-Les-Bleues-en-bronze-sur-le-relais-feminin-1.png\",\"contentUrl\":\"https:\/\/dicodusport.fr\/blog\/wp-content\/uploads\/2022\/03\/Mondiaux-juniors-de-biathlon-Les-Bleues-en-bronze-sur-le-relais-feminin-1.png\",\"width\":800,\"height\":445,\"caption\":\"Mondiaux juniors de biathlon Les Bleues en bronze sur le relais f\u00e9minin\"},{\"@type\":\"BreadcrumbList\",\"@id\":\"https:\/\/dicodusport.fr\/blog\/mondiaux-juniors-de-biathlon-les-bleues-en-bronze-sur-relais-feminin\/#breadcrumb\",\"itemListElement\":[{\"@type\":\"ListItem\",\"position\":1,\"name\":\"Accueil\",\"item\":\"https:\/\/dicodusport.fr\/blog\/\"},{\"@type\":\"ListItem\",\"position\":2,\"name\":\"Mondiaux juniors de biathlon : Les Bleues en bronze sur le relais f\u00e9minin\"}]},{\"@type\":\"WebSite\",\"@id\":\"https:\/\/dicodusport.fr\/blog\/#website\",\"url\":\"https:\/\/dicodusport.fr\/blog\/\",\"name\":\"Dicodusport\",\"description\":\"L&#039;encyclop\u00e9die de l&#039;actualit\u00e9 sportive\",\"publisher\":{\"@id\":\"https:\/\/dicodusport.fr\/blog\/#organization\"},\"potentialAction\":[{\"@type\":\"SearchAction\",\"target\":{\"@type\":\"EntryPoint\",\"urlTemplate\":\"https:\/\/dicodusport.fr\/blog\/?s={search_term_string}\"},\"query-input\":{\"@type\":\"PropertyValueSpecification\",\"valueRequired\":true,\"valueName\":\"search_term_string\"}}],\"inLanguage\":\"fr-FR\"},{\"@type\":\"NewsMediaOrganization\",\"@id\":\"https:\/\/dicodusport.fr\/blog\/#organization\",\"name\":\"Dicodusport\",\"url\":\"https:\/\/dicodusport.fr\/blog\/\",\"logo\":{\"@type\":\"ImageObject\",\"inLanguage\":\"fr-FR\",\"@id\":\"https:\/\/dicodusport.fr\/blog\/#\/schema\/logo\/image\/\",\"url\":\"https:\/\/dicodusport.fr\/blog\/wp-content\/uploads\/2020\/06\/cropped-LOGO-DICODUSPORT-2020-SANS-FOND-SANS-TEXTE.png\",\"contentUrl\":\"https:\/\/dicodusport.fr\/blog\/wp-content\/uploads\/2020\/06\/cropped-LOGO-DICODUSPORT-2020-SANS-FOND-SANS-TEXTE.png\",\"width\":512,\"height\":512,\"caption\":\"Dicodusport\"},\"image\":{\"@id\":\"https:\/\/dicodusport.fr\/blog\/#\/schema\/logo\/image\/\"},\"sameAs\":[\"https:\/\/www.facebook.com\/dicodusport\",\"https:\/\/x.com\/dicodusport\",\"https:\/\/www.instagram.com\/dicodusport\/\",\"https:\/\/www.youtube.com\/channel\/UC7V2KZ5sd3htJivAbA4ZG3w\"],\"description\":\"Dicodusport est l'encyclop\u00e9die de l'actualit\u00e9 sportive.\",\"email\":\"bonjour@dicodusport.fr\",\"legalName\":\"DICODUSPORT\",\"foundingDate\":\"2018-01-14\",\"vatID\":\"FR71834470973\",\"taxID\":\"83447097300043\",\"numberOfEmployees\":{\"@type\":\"QuantitativeValue\",\"minValue\":\"1\",\"maxValue\":\"10\"}},{\"@type\":\"Person\",\"@id\":\"https:\/\/dicodusport.fr\/blog\/#\/schema\/person\/cb02af4c173ce4a653b55e9baf388d4a\",\"name\":\"Flo Ostermann\",\"image\":{\"@type\":\"ImageObject\",\"inLanguage\":\"fr-FR\",\"@id\":\"https:\/\/dicodusport.fr\/blog\/#\/schema\/person\/image\/\",\"url\":\"https:\/\/dicodusport.fr\/blog\/wp-content\/uploads\/2021\/05\/Flo-Ostermann-150x150.jpg\",\"contentUrl\":\"https:\/\/dicodusport.fr\/blog\/wp-content\/uploads\/2021\/05\/Flo-Ostermann-150x150.jpg\",\"caption\":\"Flo Ostermann\"},\"description\":\"Journaliste\/R\u00e9dacteur depuis septembre 2015 - Mes premiers souvenirs dans le sport ? Les envol\u00e9es du Stade Toulousain et les duels Villeneuve-Schumacher et H\u00e4kkinen-Schumacher \u00e0 la fin des ann\u00e9es 90, la Coupe du monde de football en 1998, l\u2019exploit du XV de France face aux All Blacks en 1999, mais aussi Richard C\u0153ur de Lion qui vole sur les montagnes du Tour de France. Bien parti pour devenir professeur d\u2019EPS, les \u00e9v\u00e9nements de la vie (et la flemme d\u2019animer des s\u00e9ances de 3x500 m\u00e8tres toute ma vie) m\u2019ont conduit \u00e0 revoir mes plans. Me voil\u00e0 depuis fin 2017 sur Dicodusport, m\u00e9dia gr\u00e2ce (et pour) lequel je partage ma passion : le sport dans tous ses \u00e9tats. Le tout accompagn\u00e9 par les fous furieux et folles furieuses cit\u00e9s sur cette page !\",\"sameAs\":[\"https:\/\/www.facebook.com\/florent.ostermann\",\"https:\/\/x.com\/https:\/\/twitter.com\/FlOstermann\",\"admin\"],\"url\":\"https:\/\/dicodusport.fr\/blog\/author\/flo\/\"}]}<\/script>\n<!-- \/ Yoast SEO Premium plugin. -->","yoast_head_json":{"title":"Mondiaux juniors de biathlon : Les Bleues en bronze sur le relais f\u00e9minin","description":"MONDIAUX DE BIATHLON JEUNES\/JUNIORS 2022 - L'\u00e9quipe de France f\u00e9minine juniors de biathlon a d\u00e9croch\u00e9 la m\u00e9daille de bronze sur le relais dames.","robots":{"index":"index","follow":"follow","max-snippet":"max-snippet:-1","max-image-preview":"max-image-preview:large","max-video-preview":"max-video-preview:-1"},"canonical":"https:\/\/dicodusport.fr\/blog\/mondiaux-juniors-de-biathlon-les-bleues-en-bronze-sur-relais-feminin\/","og_locale":"fr_FR","og_type":"article","og_title":"Mondiaux juniors de biathlon : Les Bleues en bronze sur le relais f\u00e9minin","og_description":"MONDIAUX DE BIATHLON JEUNES\/JUNIORS 2022 - L'\u00e9quipe de France f\u00e9minine juniors de biathlon a d\u00e9croch\u00e9 la m\u00e9daille de bronze sur le relais dames.","og_url":"https:\/\/dicodusport.fr\/blog\/mondiaux-juniors-de-biathlon-les-bleues-en-bronze-sur-relais-feminin\/","og_site_name":"Dicodusport","article_publisher":"https:\/\/www.facebook.com\/dicodusport","article_author":"https:\/\/www.facebook.com\/florent.ostermann","article_published_time":"2022-03-02T22:24:39+00:00","article_modified_time":"2022-03-03T10:27:25+00:00","og_image":[{"width":800,"height":445,"url":"https:\/\/dicodusport.fr\/blog\/wp-content\/uploads\/2022\/03\/Mondiaux-juniors-de-biathlon-Les-Bleues-en-bronze-sur-le-relais-feminin-1.png","type":"image\/png"}],"author":"Flo Ostermann","twitter_card":"summary_large_image","twitter_title":"Mondiaux juniors de biathlon : Les Bleues en bronze sur le relais f\u00e9minin","twitter_creator":"@https:\/\/twitter.com\/FlOstermann","twitter_site":"@dicodusport","schema":{"@context":"https:\/\/schema.org","@graph":[{"@type":"NewsArticle","@id":"https:\/\/dicodusport.fr\/blog\/mondiaux-juniors-de-biathlon-les-bleues-en-bronze-sur-relais-feminin\/#article","isPartOf":{"@id":"https:\/\/dicodusport.fr\/blog\/mondiaux-juniors-de-biathlon-les-bleues-en-bronze-sur-relais-feminin\/"},"author":{"name":"Flo Ostermann","@id":"https:\/\/dicodusport.fr\/blog\/#\/schema\/person\/cb02af4c173ce4a653b55e9baf388d4a"},"headline":"Mondiaux juniors de biathlon : Les Bleues en bronze sur le relais f\u00e9minin","datePublished":"2022-03-02T22:24:39+00:00","dateModified":"2022-03-03T10:27:25+00:00","mainEntityOfPage":{"@id":"https:\/\/dicodusport.fr\/blog\/mondiaux-juniors-de-biathlon-les-bleues-en-bronze-sur-relais-feminin\/"},"wordCount":513,"commentCount":0,"publisher":{"@id":"https:\/\/dicodusport.fr\/blog\/#organization"},"image":{"@id":"https:\/\/dicodusport.fr\/blog\/mondiaux-juniors-de-biathlon-les-bleues-en-bronze-sur-relais-feminin\/#primaryimage"},"thumbnailUrl":"https:\/\/dicodusport.fr\/blog\/wp-content\/uploads\/2022\/03\/Mondiaux-juniors-de-biathlon-Les-Bleues-en-bronze-sur-le-relais-feminin-1.png","keywords":["Biathlon"],"articleSection":["Biathlon"],"inLanguage":"fr-FR","potentialAction":[{"@type":"CommentAction","name":"Comment","target":["https:\/\/dicodusport.fr\/blog\/mondiaux-juniors-de-biathlon-les-bleues-en-bronze-sur-relais-feminin\/#respond"]}],"copyrightYear":"2022","copyrightHolder":{"@id":"https:\/\/dicodusport.fr\/blog\/#organization"}},{"@type":"WebPage","@id":"https:\/\/dicodusport.fr\/blog\/mondiaux-juniors-de-biathlon-les-bleues-en-bronze-sur-relais-feminin\/","url":"https:\/\/dicodusport.fr\/blog\/mondiaux-juniors-de-biathlon-les-bleues-en-bronze-sur-relais-feminin\/","name":"Mondiaux juniors de biathlon : Les Bleues en bronze sur le relais f\u00e9minin","isPartOf":{"@id":"https:\/\/dicodusport.fr\/blog\/#website"},"primaryImageOfPage":{"@id":"https:\/\/dicodusport.fr\/blog\/mondiaux-juniors-de-biathlon-les-bleues-en-bronze-sur-relais-feminin\/#primaryimage"},"image":{"@id":"https:\/\/dicodusport.fr\/blog\/mondiaux-juniors-de-biathlon-les-bleues-en-bronze-sur-relais-feminin\/#primaryimage"},"thumbnailUrl":"https:\/\/dicodusport.fr\/blog\/wp-content\/uploads\/2022\/03\/Mondiaux-juniors-de-biathlon-Les-Bleues-en-bronze-sur-le-relais-feminin-1.png","datePublished":"2022-03-02T22:24:39+00:00","dateModified":"2022-03-03T10:27:25+00:00","description":"MONDIAUX DE BIATHLON JEUNES\/JUNIORS 2022 - L'\u00e9quipe de France f\u00e9minine juniors de biathlon a d\u00e9croch\u00e9 la m\u00e9daille de bronze sur le relais dames.","breadcrumb":{"@id":"https:\/\/dicodusport.fr\/blog\/mondiaux-juniors-de-biathlon-les-bleues-en-bronze-sur-relais-feminin\/#breadcrumb"},"inLanguage":"fr-FR","potentialAction":[{"@type":"ReadAction","target":["https:\/\/dicodusport.fr\/blog\/mondiaux-juniors-de-biathlon-les-bleues-en-bronze-sur-relais-feminin\/"]}]},{"@type":"ImageObject","inLanguage":"fr-FR","@id":"https:\/\/dicodusport.fr\/blog\/mondiaux-juniors-de-biathlon-les-bleues-en-bronze-sur-relais-feminin\/#primaryimage","url":"https:\/\/dicodusport.fr\/blog\/wp-content\/uploads\/2022\/03\/Mondiaux-juniors-de-biathlon-Les-Bleues-en-bronze-sur-le-relais-feminin-1.png","contentUrl":"https:\/\/dicodusport.fr\/blog\/wp-content\/uploads\/2022\/03\/Mondiaux-juniors-de-biathlon-Les-Bleues-en-bronze-sur-le-relais-feminin-1.png","width":800,"height":445,"caption":"Mondiaux juniors de biathlon Les Bleues en bronze sur le relais f\u00e9minin"},{"@type":"BreadcrumbList","@id":"https:\/\/dicodusport.fr\/blog\/mondiaux-juniors-de-biathlon-les-bleues-en-bronze-sur-relais-feminin\/#breadcrumb","itemListElement":[{"@type":"ListItem","position":1,"name":"Accueil","item":"https:\/\/dicodusport.fr\/blog\/"},{"@type":"ListItem","position":2,"name":"Mondiaux juniors de biathlon : Les Bleues en bronze sur le relais f\u00e9minin"}]},{"@type":"WebSite","@id":"https:\/\/dicodusport.fr\/blog\/#website","url":"https:\/\/dicodusport.fr\/blog\/","name":"Dicodusport","description":"L&#039;encyclop\u00e9die de l&#039;actualit\u00e9 sportive","publisher":{"@id":"https:\/\/dicodusport.fr\/blog\/#organization"},"potentialAction":[{"@type":"SearchAction","target":{"@type":"EntryPoint","urlTemplate":"https:\/\/dicodusport.fr\/blog\/?s={search_term_string}"},"query-input":{"@type":"PropertyValueSpecification","valueRequired":true,"valueName":"search_term_string"}}],"inLanguage":"fr-FR"},{"@type":"NewsMediaOrganization","@id":"https:\/\/dicodusport.fr\/blog\/#organization","name":"Dicodusport","url":"https:\/\/dicodusport.fr\/blog\/","logo":{"@type":"ImageObject","inLanguage":"fr-FR","@id":"https:\/\/dicodusport.fr\/blog\/#\/schema\/logo\/image\/","url":"https:\/\/dicodusport.fr\/blog\/wp-content\/uploads\/2020\/06\/cropped-LOGO-DICODUSPORT-2020-SANS-FOND-SANS-TEXTE.png","contentUrl":"https:\/\/dicodusport.fr\/blog\/wp-content\/uploads\/2020\/06\/cropped-LOGO-DICODUSPORT-2020-SANS-FOND-SANS-TEXTE.png","width":512,"height":512,"caption":"Dicodusport"},"image":{"@id":"https:\/\/dicodusport.fr\/blog\/#\/schema\/logo\/image\/"},"sameAs":["https:\/\/www.facebook.com\/dicodusport","https:\/\/x.com\/dicodusport","https:\/\/www.instagram.com\/dicodusport\/","https:\/\/www.youtube.com\/channel\/UC7V2KZ5sd3htJivAbA4ZG3w"],"description":"Dicodusport est l'encyclop\u00e9die de l'actualit\u00e9 sportive.","email":"bonjour@dicodusport.fr","legalName":"DICODUSPORT","foundingDate":"2018-01-14","vatID":"FR71834470973","taxID":"83447097300043","numberOfEmployees":{"@type":"QuantitativeValue","minValue":"1","maxValue":"10"}},{"@type":"Person","@id":"https:\/\/dicodusport.fr\/blog\/#\/schema\/person\/cb02af4c173ce4a653b55e9baf388d4a","name":"Flo Ostermann","image":{"@type":"ImageObject","inLanguage":"fr-FR","@id":"https:\/\/dicodusport.fr\/blog\/#\/schema\/person\/image\/","url":"https:\/\/dicodusport.fr\/blog\/wp-content\/uploads\/2021\/05\/Flo-Ostermann-150x150.jpg","contentUrl":"https:\/\/dicodusport.fr\/blog\/wp-content\/uploads\/2021\/05\/Flo-Ostermann-150x150.jpg","caption":"Flo Ostermann"},"description":"Journaliste\/R\u00e9dacteur depuis septembre 2015 - Mes premiers souvenirs dans le sport ? Les envol\u00e9es du Stade Toulousain et les duels Villeneuve-Schumacher et H\u00e4kkinen-Schumacher \u00e0 la fin des ann\u00e9es 90, la Coupe du monde de football en 1998, l\u2019exploit du XV de France face aux All Blacks en 1999, mais aussi Richard C\u0153ur de Lion qui vole sur les montagnes du Tour de France. Bien parti pour devenir professeur d\u2019EPS, les \u00e9v\u00e9nements de la vie (et la flemme d\u2019animer des s\u00e9ances de 3x500 m\u00e8tres toute ma vie) m\u2019ont conduit \u00e0 revoir mes plans. Me voil\u00e0 depuis fin 2017 sur Dicodusport, m\u00e9dia gr\u00e2ce (et pour) lequel je partage ma passion : le sport dans tous ses \u00e9tats. Le tout accompagn\u00e9 par les fous furieux et folles furieuses cit\u00e9s sur cette page !","sameAs":["https:\/\/www.facebook.com\/florent.ostermann","https:\/\/x.com\/https:\/\/twitter.com\/FlOstermann","admin"],"url":"https:\/\/dicodusport.fr\/blog\/author\/flo\/"}]}},"_links":{"self":[{"href":"https:\/\/dicodusport.fr\/blog\/wp-json\/wp\/v2\/posts\/204344","targetHints":{"allow":["GET"]}}],"collection":[{"href":"https:\/\/dicodusport.fr\/blog\/wp-json\/wp\/v2\/posts"}],"about":[{"href":"https:\/\/dicodusport.fr\/blog\/wp-json\/wp\/v2\/types\/post"}],"author":[{"embeddable":true,"href":"https:\/\/dicodusport.fr\/blog\/wp-json\/wp\/v2\/users\/4"}],"replies":[{"embeddable":true,"href":"https:\/\/dicodusport.fr\/blog\/wp-json\/wp\/v2\/comments?post=204344"}],"version-history":[{"count":0,"href":"https:\/\/dicodusport.fr\/blog\/wp-json\/wp\/v2\/posts\/204344\/revisions"}],"wp:featuredmedia":[{"embeddable":true,"href":"https:\/\/dicodusport.fr\/blog\/wp-json\/wp\/v2\/media\/204366"}],"wp:attachment":[{"href":"https:\/\/dicodusport.fr\/blog\/wp-json\/wp\/v2\/media?parent=204344"}],"wp:term":[{"taxonomy":"category","embeddable":true,"href":"https:\/\/dicodusport.fr\/blog\/wp-json\/wp\/v2\/categories?post=204344"},{"taxonomy":"post_tag","embeddable":true,"href":"https:\/\/dicodusport.fr\/blog\/wp-json\/wp\/v2\/tags?post=204344"}],"curies":[{"name":"wp","href":"https:\/\/api.w.org\/{rel}","templated":true}]}}