{"id":204828,"date":"2022-03-04T19:40:36","date_gmt":"2022-03-04T18:40:36","guid":{"rendered":"https:\/\/dicodusport.fr\/blog\/?p=204828&#038;preview=true&#038;preview_id=204828"},"modified":"2022-03-04T22:26:58","modified_gmt":"2022-03-04T21:26:58","slug":"coupe-davis-la-france-assure-contre-l-equateur","status":"publish","type":"post","link":"https:\/\/dicodusport.fr\/blog\/coupe-davis-la-france-assure-contre-l-equateur\/","title":{"rendered":"Coupe Davis : La France assure contre l&rsquo;\u00c9quateur"},"content":{"rendered":"<p style=\"text-align: justify;\"><strong><em>COUPE DAVIS 2022 &#8211; Pour le premier tour de la nouvelle formule de cette comp\u00e9tition, les Bleus se sont vu offrir un premier tour abordable face \u00e0 l&rsquo;\u00c9quateur. Ils ont fait le travail lors de la premi\u00e8re journ\u00e9e, et m\u00e8nent 2-0 avant les trois derniers matchs de demain.\u00a0<\/em><\/strong><\/p>\n<p style=\"text-align: justify;\"><a href=\"https:\/\/dicodusport.fr\/blog\/coupe-davis-gael-monfils-forfait-et-remplace-par-arthur-rinderknech\/\">M\u00eame en l&rsquo;absence de <strong>Ga\u00ebl Monfils<\/strong><\/a>, les Bleus \u00e9taient largement favoris contre les \u00c9quatoriens, dont le meilleur joueur est 144\u00e8me mondial. Et le moins que l&rsquo;on puisse dire, c&rsquo;est qu&rsquo;ils ont fait honneur \u00e0 leur statut au palais des sports de Pau. <strong>Arthur Rinderknech<\/strong> a parfaitement lanc\u00e9 l&rsquo;\u00e9quipe de France sur la voie du succ\u00e8s en dominant <strong>Emilio Gomez<\/strong>. Le Tricolore, <a href=\"https:\/\/dicodusport.fr\/blog\/atp-adelaide-2-arthur-rinderknech-cede-en-finale-apres-un-long-combat\/\">finaliste \u00e0 Adela\u00efde cette saison,<\/a> a largement domin\u00e9 le premier set avant d&rsquo;\u00eatre bouscul\u00e9 dans le second, devant notamment s&#8217;employer \u00e0 sauver deux balles de set. Mais il a fini par faire plier son rival et a apport\u00e9 logiquement le premier point aux Bleus <strong>(6-2, 7-5)<\/strong>.<\/p>\n<blockquote class=\"twitter-tweet\">\n<p dir=\"ltr\" lang=\"fr\">&#x1f1eb;&#x1f1f7; France 1 &#8211; \u00c9quateur 0 !<\/p>\n<p>Arthur Rinderknech offre le 1er point aux Bleus en dominant le N\u00b01 \u00e9quatorien Emilio Gomez 6-2 7-5<\/p>\n<p>Allez Adrian pour le 2-0 &#x1f44a; <a href=\"https:\/\/t.co\/3elIIkizkb\">pic.twitter.com\/3elIIkizkb<\/a><\/p>\n<p>\u2014 We Are Tennis France (@WeAreTennisFR) <a href=\"https:\/\/twitter.com\/WeAreTennisFR\/status\/1499777352255037440?ref_src=twsrc%5Etfw\">March 4, 2022<\/a><\/p><\/blockquote>\n<p><script async src=\"https:\/\/platform.twitter.com\/widgets.js\" charset=\"utf-8\"><\/script><\/p>\n<h2>Chahut\u00e9, Mannarino a tenu bon<\/h2>\n<p style=\"text-align: justify;\"><strong>Adrian Mannarino<\/strong> a pris la suite contre <strong>Roberto Quiroz<\/strong>, 381\u00e8me joueur mondial. Le Fran\u00e7ais, 58\u00e8me, \u00e9tait donc largement favori, mais a \u00e9t\u00e9 bouscul\u00e9 d&#8217;embl\u00e9e par la fougue de son adversaire, qui n&rsquo;avait clairement rien \u00e0 perdre. L&rsquo;\u00c9quatorien a break\u00e9 d&rsquo;entr\u00e9e le Tricolore, avant que celui-ci ne fasse parler son exp\u00e9rience pour boucler la premi\u00e8re manche 6-4. Mais son adversaire lui aura donn\u00e9 du fil \u00e0 retordre et aura fini par lui prendre la deuxi\u00e8me manche sur le m\u00eame score. Sentant le danger, <strong>Mannarino<\/strong> a subitement acc\u00e9l\u00e9r\u00e9 dans le dernier set pour finalement s&rsquo;imposer non sans mal <strong>(6-4, 4-6, 6-1)<\/strong>. Voil\u00e0 les Bleus qui m\u00e8nent 2-0, et la paire <strong>Mahut\/Herbert<\/strong> sera favorite du double demain <strong>(14h)<\/strong> pour apporter le troisi\u00e8me point et ainsi valider la victoire attendue de l&rsquo;\u00e9quipe de France lors du premier tour de cette Coupe Davis nouvelle formule.<\/p>\n","protected":false},"excerpt":{"rendered":"<p>COUPE DAVIS 2022 &#8211; Pour le premier tour de la nouvelle formule de cette comp\u00e9tition, les Bleus se sont vu offrir un premier tour abordable face \u00e0 l&rsquo;\u00c9quateur. Ils ont fait le travail lors de la premi\u00e8re journ\u00e9e, et m\u00e8nent 2-0 avant les trois derniers matchs de demain.\u00a0<\/p>\n","protected":false},"author":59,"featured_media":204850,"comment_status":"open","ping_status":"closed","sticky":false,"template":"","format":"standard","meta":{"_acf_changed":false,"_daextam_enable_autolinks":"","footnotes":""},"categories":[2302],"tags":[4303,9674],"class_list":["post-204828","post","type-post","status-publish","format-standard","has-post-thumbnail","hentry","category-tennis","tag-adrian-mannarino","tag-arthur-rinderknech"],"acf":[],"yoast_head":"<!-- This site is optimized with the Yoast SEO Premium plugin v26.7 (Yoast SEO v26.7) - https:\/\/yoast.com\/wordpress\/plugins\/seo\/ -->\n<title>Coupe Davis : La France assure contre l&#039;\u00c9quateur<\/title>\n<meta name=\"description\" content=\"COUPE DAVIS 2022 - Les Bleus ont parfaitement n\u00e9goci\u00e9 la 1\u00e8re journ\u00e9e puisqu&#039;ils m\u00e8nent d\u00e9j\u00e0 2-0 contre l&#039;\u00c9quateur, avant le double demain.\" \/>\n<meta name=\"robots\" content=\"index, follow, max-snippet:-1, max-image-preview:large, max-video-preview:-1\" \/>\n<link rel=\"canonical\" href=\"https:\/\/dicodusport.fr\/blog\/coupe-davis-la-france-assure-contre-l-equateur\/\" \/>\n<meta property=\"og:locale\" content=\"fr_FR\" \/>\n<meta property=\"og:type\" content=\"article\" \/>\n<meta property=\"og:title\" content=\"Coupe Davis : La France assure contre l&#039;\u00c9quateur\" \/>\n<meta property=\"og:description\" content=\"COUPE DAVIS 2022 - Les Bleus ont parfaitement n\u00e9goci\u00e9 la 1\u00e8re journ\u00e9e puisqu&#039;ils m\u00e8nent d\u00e9j\u00e0 2-0 contre l&#039;\u00c9quateur, avant le double demain.\" \/>\n<meta property=\"og:url\" content=\"https:\/\/dicodusport.fr\/blog\/coupe-davis-la-france-assure-contre-l-equateur\/\" \/>\n<meta property=\"og:site_name\" content=\"Dicodusport\" \/>\n<meta property=\"article:publisher\" content=\"https:\/\/www.facebook.com\/dicodusport\" \/>\n<meta property=\"article:author\" content=\"https:\/\/www.facebook.com\/sebastien.gente\/\" \/>\n<meta property=\"article:published_time\" content=\"2022-03-04T18:40:36+00:00\" \/>\n<meta property=\"article:modified_time\" content=\"2022-03-04T21:26:58+00:00\" \/>\n<meta property=\"og:image\" content=\"https:\/\/dicodusport.fr\/blog\/wp-content\/uploads\/2022\/03\/Coupe-Davis-La-France-assure-contre-lEquateur.png\" \/>\n\t<meta property=\"og:image:width\" content=\"800\" \/>\n\t<meta property=\"og:image:height\" content=\"445\" \/>\n\t<meta property=\"og:image:type\" content=\"image\/png\" \/>\n<meta name=\"author\" content=\"S\u00e9bastien Gente\" \/>\n<meta name=\"twitter:card\" content=\"summary_large_image\" \/>\n<meta name=\"twitter:title\" content=\"Coupe Davis : La France assure contre l&#039;\u00c9quateur\" \/>\n<meta name=\"twitter:creator\" content=\"@https:\/\/twitter.com\/globulo24\" \/>\n<meta name=\"twitter:site\" content=\"@dicodusport\" \/>\n<script type=\"application\/ld+json\" class=\"yoast-schema-graph\">{\"@context\":\"https:\/\/schema.org\",\"@graph\":[{\"@type\":\"NewsArticle\",\"@id\":\"https:\/\/dicodusport.fr\/blog\/coupe-davis-la-france-assure-contre-l-equateur\/#article\",\"isPartOf\":{\"@id\":\"https:\/\/dicodusport.fr\/blog\/coupe-davis-la-france-assure-contre-l-equateur\/\"},\"author\":{\"name\":\"S\u00e9bastien Gente\",\"@id\":\"https:\/\/dicodusport.fr\/blog\/#\/schema\/person\/627966a6cde45dbd8c5e36ac85d783da\"},\"headline\":\"Coupe Davis : La France assure contre l&rsquo;\u00c9quateur\",\"datePublished\":\"2022-03-04T18:40:36+00:00\",\"dateModified\":\"2022-03-04T21:26:58+00:00\",\"mainEntityOfPage\":{\"@id\":\"https:\/\/dicodusport.fr\/blog\/coupe-davis-la-france-assure-contre-l-equateur\/\"},\"wordCount\":379,\"commentCount\":0,\"publisher\":{\"@id\":\"https:\/\/dicodusport.fr\/blog\/#organization\"},\"image\":{\"@id\":\"https:\/\/dicodusport.fr\/blog\/coupe-davis-la-france-assure-contre-l-equateur\/#primaryimage\"},\"thumbnailUrl\":\"https:\/\/dicodusport.fr\/blog\/wp-content\/uploads\/2022\/03\/Coupe-Davis-La-France-assure-contre-lEquateur.png\",\"keywords\":[\"Adrian Mannarino\",\"Arthur Rinderknech\"],\"articleSection\":[\"Tennis\"],\"inLanguage\":\"fr-FR\",\"potentialAction\":[{\"@type\":\"CommentAction\",\"name\":\"Comment\",\"target\":[\"https:\/\/dicodusport.fr\/blog\/coupe-davis-la-france-assure-contre-l-equateur\/#respond\"]}],\"copyrightYear\":\"2022\",\"copyrightHolder\":{\"@id\":\"https:\/\/dicodusport.fr\/blog\/#organization\"}},{\"@type\":\"WebPage\",\"@id\":\"https:\/\/dicodusport.fr\/blog\/coupe-davis-la-france-assure-contre-l-equateur\/\",\"url\":\"https:\/\/dicodusport.fr\/blog\/coupe-davis-la-france-assure-contre-l-equateur\/\",\"name\":\"Coupe Davis : La France assure contre l'\u00c9quateur\",\"isPartOf\":{\"@id\":\"https:\/\/dicodusport.fr\/blog\/#website\"},\"primaryImageOfPage\":{\"@id\":\"https:\/\/dicodusport.fr\/blog\/coupe-davis-la-france-assure-contre-l-equateur\/#primaryimage\"},\"image\":{\"@id\":\"https:\/\/dicodusport.fr\/blog\/coupe-davis-la-france-assure-contre-l-equateur\/#primaryimage\"},\"thumbnailUrl\":\"https:\/\/dicodusport.fr\/blog\/wp-content\/uploads\/2022\/03\/Coupe-Davis-La-France-assure-contre-lEquateur.png\",\"datePublished\":\"2022-03-04T18:40:36+00:00\",\"dateModified\":\"2022-03-04T21:26:58+00:00\",\"description\":\"COUPE DAVIS 2022 - Les Bleus ont parfaitement n\u00e9goci\u00e9 la 1\u00e8re journ\u00e9e puisqu'ils m\u00e8nent d\u00e9j\u00e0 2-0 contre l'\u00c9quateur, avant le double demain.\",\"breadcrumb\":{\"@id\":\"https:\/\/dicodusport.fr\/blog\/coupe-davis-la-france-assure-contre-l-equateur\/#breadcrumb\"},\"inLanguage\":\"fr-FR\",\"potentialAction\":[{\"@type\":\"ReadAction\",\"target\":[\"https:\/\/dicodusport.fr\/blog\/coupe-davis-la-france-assure-contre-l-equateur\/\"]}]},{\"@type\":\"ImageObject\",\"inLanguage\":\"fr-FR\",\"@id\":\"https:\/\/dicodusport.fr\/blog\/coupe-davis-la-france-assure-contre-l-equateur\/#primaryimage\",\"url\":\"https:\/\/dicodusport.fr\/blog\/wp-content\/uploads\/2022\/03\/Coupe-Davis-La-France-assure-contre-lEquateur.png\",\"contentUrl\":\"https:\/\/dicodusport.fr\/blog\/wp-content\/uploads\/2022\/03\/Coupe-Davis-La-France-assure-contre-lEquateur.png\",\"width\":800,\"height\":445,\"caption\":\"Coupe Davis La France assure contre l'\u00c9quateur\"},{\"@type\":\"BreadcrumbList\",\"@id\":\"https:\/\/dicodusport.fr\/blog\/coupe-davis-la-france-assure-contre-l-equateur\/#breadcrumb\",\"itemListElement\":[{\"@type\":\"ListItem\",\"position\":1,\"name\":\"Accueil\",\"item\":\"https:\/\/dicodusport.fr\/blog\/\"},{\"@type\":\"ListItem\",\"position\":2,\"name\":\"Coupe Davis : La France assure contre l&rsquo;\u00c9quateur\"}]},{\"@type\":\"WebSite\",\"@id\":\"https:\/\/dicodusport.fr\/blog\/#website\",\"url\":\"https:\/\/dicodusport.fr\/blog\/\",\"name\":\"Dicodusport\",\"description\":\"L&#039;encyclop\u00e9die de l&#039;actualit\u00e9 sportive\",\"publisher\":{\"@id\":\"https:\/\/dicodusport.fr\/blog\/#organization\"},\"potentialAction\":[{\"@type\":\"SearchAction\",\"target\":{\"@type\":\"EntryPoint\",\"urlTemplate\":\"https:\/\/dicodusport.fr\/blog\/?s={search_term_string}\"},\"query-input\":{\"@type\":\"PropertyValueSpecification\",\"valueRequired\":true,\"valueName\":\"search_term_string\"}}],\"inLanguage\":\"fr-FR\"},{\"@type\":\"NewsMediaOrganization\",\"@id\":\"https:\/\/dicodusport.fr\/blog\/#organization\",\"name\":\"Dicodusport\",\"url\":\"https:\/\/dicodusport.fr\/blog\/\",\"logo\":{\"@type\":\"ImageObject\",\"inLanguage\":\"fr-FR\",\"@id\":\"https:\/\/dicodusport.fr\/blog\/#\/schema\/logo\/image\/\",\"url\":\"https:\/\/dicodusport.fr\/blog\/wp-content\/uploads\/2020\/06\/cropped-LOGO-DICODUSPORT-2020-SANS-FOND-SANS-TEXTE.png\",\"contentUrl\":\"https:\/\/dicodusport.fr\/blog\/wp-content\/uploads\/2020\/06\/cropped-LOGO-DICODUSPORT-2020-SANS-FOND-SANS-TEXTE.png\",\"width\":512,\"height\":512,\"caption\":\"Dicodusport\"},\"image\":{\"@id\":\"https:\/\/dicodusport.fr\/blog\/#\/schema\/logo\/image\/\"},\"sameAs\":[\"https:\/\/www.facebook.com\/dicodusport\",\"https:\/\/x.com\/dicodusport\",\"https:\/\/www.instagram.com\/dicodusport\/\",\"https:\/\/www.youtube.com\/channel\/UC7V2KZ5sd3htJivAbA4ZG3w\"],\"description\":\"Dicodusport est l'encyclop\u00e9die de l'actualit\u00e9 sportive.\",\"email\":\"bonjour@dicodusport.fr\",\"legalName\":\"DICODUSPORT\",\"foundingDate\":\"2018-01-14\",\"vatID\":\"FR71834470973\",\"taxID\":\"83447097300043\",\"numberOfEmployees\":{\"@type\":\"QuantitativeValue\",\"minValue\":\"1\",\"maxValue\":\"10\"}},{\"@type\":\"Person\",\"@id\":\"https:\/\/dicodusport.fr\/blog\/#\/schema\/person\/627966a6cde45dbd8c5e36ac85d783da\",\"name\":\"S\u00e9bastien Gente\",\"image\":{\"@type\":\"ImageObject\",\"inLanguage\":\"fr-FR\",\"@id\":\"https:\/\/dicodusport.fr\/blog\/#\/schema\/person\/image\/\",\"url\":\"https:\/\/dicodusport.fr\/blog\/wp-content\/uploads\/2021\/09\/1510990_10205810251400683_4124423575079401707_n-150x150.jpg\",\"contentUrl\":\"https:\/\/dicodusport.fr\/blog\/wp-content\/uploads\/2021\/09\/1510990_10205810251400683_4124423575079401707_n-150x150.jpg\",\"caption\":\"S\u00e9bastien Gente\"},\"description\":\"John Stockton, Gianni Bugno, Zinedine Zidane, Steffi Graf, Frode Andresen, St\u00e9phane Stoecklin, Davis Kamoga, Primoz Peterka, Werner Schlager et Aur\u00e9lien Rougerie. Point commun entre ces sportifs? Ils m'ont fait r\u00eaver et ont berc\u00e9 mon adolescence. Je suis un fondu de sports et j'essaie de retranscrire ma passion \u00e0 travers mes articles. Originaire du P\u00e9rigord, ma passion pour les Girondins, les Jaunards et les Jazzmen transpire dans mes \u00e9crits. \u00c0 Dicodusport depuis 2021, je d\u00e9niche les sports m\u00e9connus dans lesquels la France brille, et il y en a !\",\"sameAs\":[\"https:\/\/www.facebook.com\/sebastien.gente\/\",\"https:\/\/www.instagram.com\/sebgente\/\",\"https:\/\/www.linkedin.com\/in\/sbastien-gente-a29583169\/\",\"https:\/\/x.com\/https:\/\/twitter.com\/globulo24\",\"SebastienGente\"],\"worksFor\":\"S\u00e9bastien GENTE\",\"url\":\"https:\/\/dicodusport.fr\/blog\/author\/sebastiengente\/\"}]}<\/script>\n<!-- \/ Yoast SEO Premium plugin. -->","yoast_head_json":{"title":"Coupe Davis : La France assure contre l'\u00c9quateur","description":"COUPE DAVIS 2022 - Les Bleus ont parfaitement n\u00e9goci\u00e9 la 1\u00e8re journ\u00e9e puisqu'ils m\u00e8nent d\u00e9j\u00e0 2-0 contre l'\u00c9quateur, avant le double demain.","robots":{"index":"index","follow":"follow","max-snippet":"max-snippet:-1","max-image-preview":"max-image-preview:large","max-video-preview":"max-video-preview:-1"},"canonical":"https:\/\/dicodusport.fr\/blog\/coupe-davis-la-france-assure-contre-l-equateur\/","og_locale":"fr_FR","og_type":"article","og_title":"Coupe Davis : La France assure contre l'\u00c9quateur","og_description":"COUPE DAVIS 2022 - Les Bleus ont parfaitement n\u00e9goci\u00e9 la 1\u00e8re journ\u00e9e puisqu'ils m\u00e8nent d\u00e9j\u00e0 2-0 contre l'\u00c9quateur, avant le double demain.","og_url":"https:\/\/dicodusport.fr\/blog\/coupe-davis-la-france-assure-contre-l-equateur\/","og_site_name":"Dicodusport","article_publisher":"https:\/\/www.facebook.com\/dicodusport","article_author":"https:\/\/www.facebook.com\/sebastien.gente\/","article_published_time":"2022-03-04T18:40:36+00:00","article_modified_time":"2022-03-04T21:26:58+00:00","og_image":[{"width":800,"height":445,"url":"https:\/\/dicodusport.fr\/blog\/wp-content\/uploads\/2022\/03\/Coupe-Davis-La-France-assure-contre-lEquateur.png","type":"image\/png"}],"author":"S\u00e9bastien Gente","twitter_card":"summary_large_image","twitter_title":"Coupe Davis : La France assure contre l'\u00c9quateur","twitter_creator":"@https:\/\/twitter.com\/globulo24","twitter_site":"@dicodusport","schema":{"@context":"https:\/\/schema.org","@graph":[{"@type":"NewsArticle","@id":"https:\/\/dicodusport.fr\/blog\/coupe-davis-la-france-assure-contre-l-equateur\/#article","isPartOf":{"@id":"https:\/\/dicodusport.fr\/blog\/coupe-davis-la-france-assure-contre-l-equateur\/"},"author":{"name":"S\u00e9bastien Gente","@id":"https:\/\/dicodusport.fr\/blog\/#\/schema\/person\/627966a6cde45dbd8c5e36ac85d783da"},"headline":"Coupe Davis : La France assure contre l&rsquo;\u00c9quateur","datePublished":"2022-03-04T18:40:36+00:00","dateModified":"2022-03-04T21:26:58+00:00","mainEntityOfPage":{"@id":"https:\/\/dicodusport.fr\/blog\/coupe-davis-la-france-assure-contre-l-equateur\/"},"wordCount":379,"commentCount":0,"publisher":{"@id":"https:\/\/dicodusport.fr\/blog\/#organization"},"image":{"@id":"https:\/\/dicodusport.fr\/blog\/coupe-davis-la-france-assure-contre-l-equateur\/#primaryimage"},"thumbnailUrl":"https:\/\/dicodusport.fr\/blog\/wp-content\/uploads\/2022\/03\/Coupe-Davis-La-France-assure-contre-lEquateur.png","keywords":["Adrian Mannarino","Arthur Rinderknech"],"articleSection":["Tennis"],"inLanguage":"fr-FR","potentialAction":[{"@type":"CommentAction","name":"Comment","target":["https:\/\/dicodusport.fr\/blog\/coupe-davis-la-france-assure-contre-l-equateur\/#respond"]}],"copyrightYear":"2022","copyrightHolder":{"@id":"https:\/\/dicodusport.fr\/blog\/#organization"}},{"@type":"WebPage","@id":"https:\/\/dicodusport.fr\/blog\/coupe-davis-la-france-assure-contre-l-equateur\/","url":"https:\/\/dicodusport.fr\/blog\/coupe-davis-la-france-assure-contre-l-equateur\/","name":"Coupe Davis : La France assure contre l'\u00c9quateur","isPartOf":{"@id":"https:\/\/dicodusport.fr\/blog\/#website"},"primaryImageOfPage":{"@id":"https:\/\/dicodusport.fr\/blog\/coupe-davis-la-france-assure-contre-l-equateur\/#primaryimage"},"image":{"@id":"https:\/\/dicodusport.fr\/blog\/coupe-davis-la-france-assure-contre-l-equateur\/#primaryimage"},"thumbnailUrl":"https:\/\/dicodusport.fr\/blog\/wp-content\/uploads\/2022\/03\/Coupe-Davis-La-France-assure-contre-lEquateur.png","datePublished":"2022-03-04T18:40:36+00:00","dateModified":"2022-03-04T21:26:58+00:00","description":"COUPE DAVIS 2022 - Les Bleus ont parfaitement n\u00e9goci\u00e9 la 1\u00e8re journ\u00e9e puisqu'ils m\u00e8nent d\u00e9j\u00e0 2-0 contre l'\u00c9quateur, avant le double demain.","breadcrumb":{"@id":"https:\/\/dicodusport.fr\/blog\/coupe-davis-la-france-assure-contre-l-equateur\/#breadcrumb"},"inLanguage":"fr-FR","potentialAction":[{"@type":"ReadAction","target":["https:\/\/dicodusport.fr\/blog\/coupe-davis-la-france-assure-contre-l-equateur\/"]}]},{"@type":"ImageObject","inLanguage":"fr-FR","@id":"https:\/\/dicodusport.fr\/blog\/coupe-davis-la-france-assure-contre-l-equateur\/#primaryimage","url":"https:\/\/dicodusport.fr\/blog\/wp-content\/uploads\/2022\/03\/Coupe-Davis-La-France-assure-contre-lEquateur.png","contentUrl":"https:\/\/dicodusport.fr\/blog\/wp-content\/uploads\/2022\/03\/Coupe-Davis-La-France-assure-contre-lEquateur.png","width":800,"height":445,"caption":"Coupe Davis La France assure contre l'\u00c9quateur"},{"@type":"BreadcrumbList","@id":"https:\/\/dicodusport.fr\/blog\/coupe-davis-la-france-assure-contre-l-equateur\/#breadcrumb","itemListElement":[{"@type":"ListItem","position":1,"name":"Accueil","item":"https:\/\/dicodusport.fr\/blog\/"},{"@type":"ListItem","position":2,"name":"Coupe Davis : La France assure contre l&rsquo;\u00c9quateur"}]},{"@type":"WebSite","@id":"https:\/\/dicodusport.fr\/blog\/#website","url":"https:\/\/dicodusport.fr\/blog\/","name":"Dicodusport","description":"L&#039;encyclop\u00e9die de l&#039;actualit\u00e9 sportive","publisher":{"@id":"https:\/\/dicodusport.fr\/blog\/#organization"},"potentialAction":[{"@type":"SearchAction","target":{"@type":"EntryPoint","urlTemplate":"https:\/\/dicodusport.fr\/blog\/?s={search_term_string}"},"query-input":{"@type":"PropertyValueSpecification","valueRequired":true,"valueName":"search_term_string"}}],"inLanguage":"fr-FR"},{"@type":"NewsMediaOrganization","@id":"https:\/\/dicodusport.fr\/blog\/#organization","name":"Dicodusport","url":"https:\/\/dicodusport.fr\/blog\/","logo":{"@type":"ImageObject","inLanguage":"fr-FR","@id":"https:\/\/dicodusport.fr\/blog\/#\/schema\/logo\/image\/","url":"https:\/\/dicodusport.fr\/blog\/wp-content\/uploads\/2020\/06\/cropped-LOGO-DICODUSPORT-2020-SANS-FOND-SANS-TEXTE.png","contentUrl":"https:\/\/dicodusport.fr\/blog\/wp-content\/uploads\/2020\/06\/cropped-LOGO-DICODUSPORT-2020-SANS-FOND-SANS-TEXTE.png","width":512,"height":512,"caption":"Dicodusport"},"image":{"@id":"https:\/\/dicodusport.fr\/blog\/#\/schema\/logo\/image\/"},"sameAs":["https:\/\/www.facebook.com\/dicodusport","https:\/\/x.com\/dicodusport","https:\/\/www.instagram.com\/dicodusport\/","https:\/\/www.youtube.com\/channel\/UC7V2KZ5sd3htJivAbA4ZG3w"],"description":"Dicodusport est l'encyclop\u00e9die de l'actualit\u00e9 sportive.","email":"bonjour@dicodusport.fr","legalName":"DICODUSPORT","foundingDate":"2018-01-14","vatID":"FR71834470973","taxID":"83447097300043","numberOfEmployees":{"@type":"QuantitativeValue","minValue":"1","maxValue":"10"}},{"@type":"Person","@id":"https:\/\/dicodusport.fr\/blog\/#\/schema\/person\/627966a6cde45dbd8c5e36ac85d783da","name":"S\u00e9bastien Gente","image":{"@type":"ImageObject","inLanguage":"fr-FR","@id":"https:\/\/dicodusport.fr\/blog\/#\/schema\/person\/image\/","url":"https:\/\/dicodusport.fr\/blog\/wp-content\/uploads\/2021\/09\/1510990_10205810251400683_4124423575079401707_n-150x150.jpg","contentUrl":"https:\/\/dicodusport.fr\/blog\/wp-content\/uploads\/2021\/09\/1510990_10205810251400683_4124423575079401707_n-150x150.jpg","caption":"S\u00e9bastien Gente"},"description":"John Stockton, Gianni Bugno, Zinedine Zidane, Steffi Graf, Frode Andresen, St\u00e9phane Stoecklin, Davis Kamoga, Primoz Peterka, Werner Schlager et Aur\u00e9lien Rougerie. Point commun entre ces sportifs? Ils m'ont fait r\u00eaver et ont berc\u00e9 mon adolescence. Je suis un fondu de sports et j'essaie de retranscrire ma passion \u00e0 travers mes articles. Originaire du P\u00e9rigord, ma passion pour les Girondins, les Jaunards et les Jazzmen transpire dans mes \u00e9crits. \u00c0 Dicodusport depuis 2021, je d\u00e9niche les sports m\u00e9connus dans lesquels la France brille, et il y en a !","sameAs":["https:\/\/www.facebook.com\/sebastien.gente\/","https:\/\/www.instagram.com\/sebgente\/","https:\/\/www.linkedin.com\/in\/sbastien-gente-a29583169\/","https:\/\/x.com\/https:\/\/twitter.com\/globulo24","SebastienGente"],"worksFor":"S\u00e9bastien GENTE","url":"https:\/\/dicodusport.fr\/blog\/author\/sebastiengente\/"}]}},"_links":{"self":[{"href":"https:\/\/dicodusport.fr\/blog\/wp-json\/wp\/v2\/posts\/204828","targetHints":{"allow":["GET"]}}],"collection":[{"href":"https:\/\/dicodusport.fr\/blog\/wp-json\/wp\/v2\/posts"}],"about":[{"href":"https:\/\/dicodusport.fr\/blog\/wp-json\/wp\/v2\/types\/post"}],"author":[{"embeddable":true,"href":"https:\/\/dicodusport.fr\/blog\/wp-json\/wp\/v2\/users\/59"}],"replies":[{"embeddable":true,"href":"https:\/\/dicodusport.fr\/blog\/wp-json\/wp\/v2\/comments?post=204828"}],"version-history":[{"count":0,"href":"https:\/\/dicodusport.fr\/blog\/wp-json\/wp\/v2\/posts\/204828\/revisions"}],"wp:featuredmedia":[{"embeddable":true,"href":"https:\/\/dicodusport.fr\/blog\/wp-json\/wp\/v2\/media\/204850"}],"wp:attachment":[{"href":"https:\/\/dicodusport.fr\/blog\/wp-json\/wp\/v2\/media?parent=204828"}],"wp:term":[{"taxonomy":"category","embeddable":true,"href":"https:\/\/dicodusport.fr\/blog\/wp-json\/wp\/v2\/categories?post=204828"},{"taxonomy":"post_tag","embeddable":true,"href":"https:\/\/dicodusport.fr\/blog\/wp-json\/wp\/v2\/tags?post=204828"}],"curies":[{"name":"wp","href":"https:\/\/api.w.org\/{rel}","templated":true}]}}