{"id":204964,"date":"2022-03-05T11:18:43","date_gmt":"2022-03-05T10:18:43","guid":{"rendered":"https:\/\/dicodusport.fr\/blog\/?p=204964&#038;preview=true&#038;preview_id=204964"},"modified":"2022-03-05T18:18:45","modified_gmt":"2022-03-05T17:18:45","slug":"super-g-de-lenzerheide-jour-de-gloire-pour-romane-miradoli","status":"publish","type":"post","link":"https:\/\/dicodusport.fr\/blog\/super-g-de-lenzerheide-jour-de-gloire-pour-romane-miradoli\/","title":{"rendered":"Super-G de Lenzerheide : Jour de gloire pour Romane Miradoli !"},"content":{"rendered":"<p style=\"text-align: justify;\"><em><span class=\"tojvnm2t a6sixzi8 abs2jz4q a8s20v7p t1p8iaqh k5wvi7nf q3lfd5jv pk4s997a bipmatt0 cebpdrjk qowsmv63 owwhemhu dp1hu0rb dhp61c6y iyyx5f41\"><strong><b><i><a href=\"https:\/\/dicodusport.fr\/blog\/actualites\/sports-dhiver\/ski\/coupe-du-monde-ski-alpin-2021-2022\/\">COUPE DU MONDE DE SKI ALPIN 2021-2022<\/a><\/i><\/b><\/strong><\/span><strong><span class=\"tojvnm2t a6sixzi8 abs2jz4q a8s20v7p t1p8iaqh k5wvi7nf q3lfd5jv pk4s997a bipmatt0 cebpdrjk qowsmv63 owwhemhu dp1hu0rb dhp61c6y iyyx5f41\"> \u2013 Romane Miradoli s&rsquo;est impos\u00e9e sur l&rsquo;avant-dernier Super-G de la saison \u00e0 <\/span><\/strong><strong><span class=\"c-title__main\">Lenzerheide en Suisse<\/span><\/strong><\/em><em><strong><span class=\"tojvnm2t a6sixzi8 abs2jz4q a8s20v7p t1p8iaqh k5wvi7nf q3lfd5jv pk4s997a bipmatt0 cebpdrjk qowsmv63 owwhemhu dp1hu0rb dhp61c6y iyyx5f41\">. Elle a devanc\u00e9 Mikaela Shiffrin et Lara Gut-Behrami. Miradoli a sign\u00e9 la premi\u00e8re victoire fran\u00e7aise en vitesse depuis 17 ans avec le succ\u00e8s d&rsquo;Ingrid Jacquemod \u00e0 Santa Caterina, le 7 janvier 2004.\u00a0<\/span><\/strong><br \/>\n<\/em><\/p>\n<h2 style=\"text-align: justify;\">Premi\u00e8re victoire en carri\u00e8re pour Romane Miradoli !<\/h2>\n<p style=\"text-align: justify;\">Sur la piste du Canton suisse des Grisons, <strong>Romane Miradoli<\/strong> a remport\u00e9 le 9\u00e8me Super-G de la saison en \u00e9tant offensive sur un trac\u00e9 tr\u00e8s difficile, avec un haut de piste presque digne d&rsquo;un g\u00e9ant. Avec un temps de 1:19.87, elle a \u00e9t\u00e9 \u00e9norme sur la seconde partie de la course. La derni\u00e8re victoire fran\u00e7aise en Super-G remontait \u00e0 Carole Montillet \u00e0 Haus im Ennstal, le 1er f\u00e9vrier 2004.<\/p>\n<p style=\"text-align: justify;\">Apr\u00e8s le cauchemar de P\u00e9kin, <strong>Mikaela Shiffrin<\/strong> a eu une r\u00e9action de championne en finissant \u00e0 seulement 38 centi\u00e8mes de Miradoli avec un super bas. Sacr\u00e9e championne olympique de la discipline \u00e0 P\u00e9kin, la Suissesse <strong>Lara Gut-Behrami<\/strong> a compl\u00e9t\u00e9 le podium \u00e0 88 centi\u00e8mes en \u00e9tant tr\u00e8s forte dans la premi\u00e8re portion de la piste. Elle a devanc\u00e9 devant <strong>Marta Bassino<\/strong> (4e \u00e0 0:90) et <strong>Ragnild Mowinckel<\/strong> (5e \u00e0 0:94).<\/p>\n<blockquote class=\"twitter-tweet\">\n<p dir=\"ltr\" lang=\"fr\">\u00ab\u00a0La course de sa vie !\u00a0\u00bb<br \/>\nFantastique performance de Romane Miradoli qui remporte le super-G de <a href=\"https:\/\/twitter.com\/hashtag\/Lenzerheide?src=hash&amp;ref_src=twsrc%5Etfw\">#Lenzerheide<\/a><br \/>\n1\u00e8re victoire de sa carri\u00e8re, 1er succ\u00e8s en vitesse en Coupe du monde pour une Fran\u00e7aise depuis 2005 ! <a href=\"https:\/\/twitter.com\/oliviercanton?ref_src=twsrc%5Etfw\">@oliviercanton<\/a> <a href=\"https:\/\/twitter.com\/flomasnada?ref_src=twsrc%5Etfw\">@flomasnada<\/a><a href=\"https:\/\/twitter.com\/Eurosport_FR?ref_src=twsrc%5Etfw\">@Eurosport_FR<\/a> <a href=\"https:\/\/twitter.com\/FedFranceSki?ref_src=twsrc%5Etfw\">@FedFranceSki<\/a> <a href=\"https:\/\/t.co\/mYQH4UAzcC\">pic.twitter.com\/mYQH4UAzcC<\/a><\/p>\n<p>\u2014 Chalet &#x2744;&#xfe0f; Club (@ChaletClub2021) <a href=\"https:\/\/twitter.com\/ChaletClub2021\/status\/1500050454293712896?ref_src=twsrc%5Etfw\">March 5, 2022<\/a><\/p><\/blockquote>\n<p><script async src=\"https:\/\/platform.twitter.com\/widgets.js\" charset=\"utf-8\"><\/script><\/p>\n<h2 style=\"text-align: justify;\">Deux autres Fran\u00e7aises dans le Top 10<\/h2>\n<p style=\"text-align: justify;\">Partie avec le dossard 4, <strong>Tessa Worley<\/strong> a \u00e9t\u00e9 la premi\u00e8re \u00e0 couper la ligne d&rsquo;arriv\u00e9e apr\u00e8s les abandons des trois Autrichiennes parties en \u00e9claireuses. La g\u00e9antiste du Grand-Bornand a termin\u00e9 sixi\u00e8me \u00e0 1 seconde et 37 centi\u00e8mes. <strong>Laura Gauch\u00e9<\/strong> a fini dans le m\u00eame temps que <strong>Federica Brignone<\/strong> au 9e rang \u00e0 2.20 avec de nombreuses petites fautes sur la premi\u00e8re moiti\u00e9 du parcours. Malheureusement, <strong>Karen Smadja Cl\u00e9ment<\/strong> et <strong>Esther Paslier <\/strong>n&rsquo;ont pas termin\u00e9 leur course. Finalement, <strong>Tifany Roux<\/strong> a sign\u00e9 le 25e temps \u00e0 4:20 et qui a marqu\u00e9 ses 6 premiers points de la saison.<\/p>\n<h2 style=\"text-align: justify;\"><strong>Federica Brignone<\/strong> gagne le petit globe<\/h2>\n<p style=\"text-align: justify;\">Dans la lutte pour le petit globe de la sp\u00e9cialit\u00e9, <strong>Federica Brignone<\/strong> a fait la bonne op\u00e9ration en prenant 29 points. Avec 506 points, elle s&rsquo;est assur\u00e9e le petit globe puisque sa dauphine <strong>Elena Curtoni<\/strong> compte un retard de 132 points apr\u00e8s sa sortie de piste aujourd&rsquo;hui.<\/p>\n<p style=\"text-align: justify;\">Enfin, au classement g\u00e9n\u00e9ral de la Coupe du monde, <strong>Mikaela Shiffrin<\/strong> a repris de l&rsquo;air en t\u00eate gr\u00e2ce aux 80 points d&rsquo;aujourd&rsquo;hui et compte 1106 points. Derri\u00e8re, <strong>Petra Vlhova<\/strong> est 2e avec 1042 points avant le g\u00e9ant de dimanche.<\/p>\n<h2 style=\"text-align: justify;\"><strong>\u00c0 lire aussi<\/strong><\/h2>\n<ul>\n<li style=\"text-align: justify;\"><a href=\"https:\/\/dicodusport.fr\/blog\/super-g-femmes-lenzerheide-classement\/\"><strong><strong>Le classement du Super-G de <\/strong><span class=\"c-title__main\">Lenzerheide<\/span><\/strong><\/a><\/li>\n<li style=\"text-align: justify;\"><a href=\"https:\/\/dicodusport.fr\/blog\/ski-alpin-coupe-du-monde-2021-2022-classement-general-femmes\/\"><strong>Le classement g\u00e9n\u00e9ral de la Coupe du monde<\/strong><\/a><\/li>\n<\/ul>\n","protected":false},"excerpt":{"rendered":"<p>COUPE DU MONDE DE SKI ALPIN 2021-2022 \u2013 Romane Miradoli s&rsquo;est impos\u00e9e sur l&rsquo;avant-dernier Super-G de la saison \u00e0 Lenzerheide en Suisse. Elle a devanc\u00e9 Mikaela Shiffrin et Lara Gut-Behrami. Miradoli a sign\u00e9 la premi\u00e8re victoire fran\u00e7aise en vitesse depuis 17 ans avec le succ\u00e8s d&rsquo;Ingrid Jacquemod \u00e0 Santa Caterina, le 7 janvier 2004.\u00a0<\/p>\n","protected":false},"author":48,"featured_media":205271,"comment_status":"open","ping_status":"closed","sticky":false,"template":"","format":"standard","meta":{"_acf_changed":false,"_daextam_enable_autolinks":"","footnotes":""},"categories":[47084],"tags":[12586,6740,24],"class_list":["post-204964","post","type-post","status-publish","format-standard","has-post-thumbnail","hentry","category-coupe-du-monde-ski-alpin","tag-coupe-du-monde-de-ski-alpin","tag-lenzerheide","tag-sport"],"acf":[],"yoast_head":"<!-- This site is optimized with the Yoast SEO Premium plugin v26.7 (Yoast SEO v26.7) - https:\/\/yoast.com\/wordpress\/plugins\/seo\/ -->\n<title>Super-G de Lenzerheide : Jour de gloire pour Romane Miradoli !<\/title>\n<meta name=\"description\" content=\"COUPE DU MONDE DE SKI ALPIN 2021-2022 \u2013 Romane Miradoli s&#039;est impos\u00e9e sur l&#039;avant-dernier Super-G de la saison \u00e0 Lenzerheide en Suisse.\" \/>\n<meta name=\"robots\" content=\"index, follow, max-snippet:-1, max-image-preview:large, max-video-preview:-1\" \/>\n<link rel=\"canonical\" href=\"https:\/\/dicodusport.fr\/blog\/super-g-de-lenzerheide-jour-de-gloire-pour-romane-miradoli\/\" \/>\n<meta property=\"og:locale\" content=\"fr_FR\" \/>\n<meta property=\"og:type\" content=\"article\" \/>\n<meta property=\"og:title\" content=\"Super-G de Lenzerheide : Jour de gloire pour Romane Miradoli !\" \/>\n<meta property=\"og:description\" content=\"COUPE DU MONDE DE SKI ALPIN 2021-2022 \u2013 Romane Miradoli s&#039;est impos\u00e9e sur l&#039;avant-dernier Super-G de la saison \u00e0 Lenzerheide en Suisse.\" \/>\n<meta property=\"og:url\" content=\"https:\/\/dicodusport.fr\/blog\/super-g-de-lenzerheide-jour-de-gloire-pour-romane-miradoli\/\" \/>\n<meta property=\"og:site_name\" content=\"Dicodusport\" \/>\n<meta property=\"article:publisher\" content=\"https:\/\/www.facebook.com\/dicodusport\" \/>\n<meta property=\"article:author\" content=\"https:\/\/www.facebook.com\/groups\/LesRoisDuPeloton\" \/>\n<meta property=\"article:published_time\" content=\"2022-03-05T10:18:43+00:00\" \/>\n<meta property=\"article:modified_time\" content=\"2022-03-05T17:18:45+00:00\" \/>\n<meta property=\"og:image\" content=\"https:\/\/dicodusport.fr\/blog\/wp-content\/uploads\/2022\/03\/Super-G-de-Lenzerheide-Jour-de-gloire-pour-Romane-Miradoli-1.png\" \/>\n\t<meta property=\"og:image:width\" content=\"800\" \/>\n\t<meta property=\"og:image:height\" content=\"445\" \/>\n\t<meta property=\"og:image:type\" content=\"image\/png\" \/>\n<meta name=\"author\" content=\"Emilien Descampiaux\" \/>\n<meta name=\"twitter:card\" content=\"summary_large_image\" \/>\n<meta name=\"twitter:title\" content=\"Super-G de Lenzerheide : Jour de gloire pour Romane Miradoli !\" \/>\n<meta name=\"twitter:creator\" content=\"@https:\/\/twitter.com\/LRoisDuPeloton\" \/>\n<meta name=\"twitter:site\" content=\"@dicodusport\" \/>\n<script type=\"application\/ld+json\" class=\"yoast-schema-graph\">{\"@context\":\"https:\/\/schema.org\",\"@graph\":[{\"@type\":\"NewsArticle\",\"@id\":\"https:\/\/dicodusport.fr\/blog\/super-g-de-lenzerheide-jour-de-gloire-pour-romane-miradoli\/#article\",\"isPartOf\":{\"@id\":\"https:\/\/dicodusport.fr\/blog\/super-g-de-lenzerheide-jour-de-gloire-pour-romane-miradoli\/\"},\"author\":{\"name\":\"Emilien Descampiaux\",\"@id\":\"https:\/\/dicodusport.fr\/blog\/#\/schema\/person\/6db4bae06b171592211be385b32876a7\"},\"headline\":\"Super-G de Lenzerheide : Jour de gloire pour Romane Miradoli !\",\"datePublished\":\"2022-03-05T10:18:43+00:00\",\"dateModified\":\"2022-03-05T17:18:45+00:00\",\"mainEntityOfPage\":{\"@id\":\"https:\/\/dicodusport.fr\/blog\/super-g-de-lenzerheide-jour-de-gloire-pour-romane-miradoli\/\"},\"wordCount\":493,\"commentCount\":0,\"publisher\":{\"@id\":\"https:\/\/dicodusport.fr\/blog\/#organization\"},\"image\":{\"@id\":\"https:\/\/dicodusport.fr\/blog\/super-g-de-lenzerheide-jour-de-gloire-pour-romane-miradoli\/#primaryimage\"},\"thumbnailUrl\":\"https:\/\/dicodusport.fr\/blog\/wp-content\/uploads\/2022\/03\/Super-G-de-Lenzerheide-Jour-de-gloire-pour-Romane-Miradoli-1.png\",\"keywords\":[\"Coupe du monde de ski alpin\",\"Lenzerheide\",\"sport\"],\"articleSection\":[\"Coupe du monde de ski alpin\"],\"inLanguage\":\"fr-FR\",\"potentialAction\":[{\"@type\":\"CommentAction\",\"name\":\"Comment\",\"target\":[\"https:\/\/dicodusport.fr\/blog\/super-g-de-lenzerheide-jour-de-gloire-pour-romane-miradoli\/#respond\"]}],\"copyrightYear\":\"2022\",\"copyrightHolder\":{\"@id\":\"https:\/\/dicodusport.fr\/blog\/#organization\"}},{\"@type\":\"WebPage\",\"@id\":\"https:\/\/dicodusport.fr\/blog\/super-g-de-lenzerheide-jour-de-gloire-pour-romane-miradoli\/\",\"url\":\"https:\/\/dicodusport.fr\/blog\/super-g-de-lenzerheide-jour-de-gloire-pour-romane-miradoli\/\",\"name\":\"Super-G de Lenzerheide : Jour de gloire pour Romane Miradoli !\",\"isPartOf\":{\"@id\":\"https:\/\/dicodusport.fr\/blog\/#website\"},\"primaryImageOfPage\":{\"@id\":\"https:\/\/dicodusport.fr\/blog\/super-g-de-lenzerheide-jour-de-gloire-pour-romane-miradoli\/#primaryimage\"},\"image\":{\"@id\":\"https:\/\/dicodusport.fr\/blog\/super-g-de-lenzerheide-jour-de-gloire-pour-romane-miradoli\/#primaryimage\"},\"thumbnailUrl\":\"https:\/\/dicodusport.fr\/blog\/wp-content\/uploads\/2022\/03\/Super-G-de-Lenzerheide-Jour-de-gloire-pour-Romane-Miradoli-1.png\",\"datePublished\":\"2022-03-05T10:18:43+00:00\",\"dateModified\":\"2022-03-05T17:18:45+00:00\",\"description\":\"COUPE DU MONDE DE SKI ALPIN 2021-2022 \u2013 Romane Miradoli s'est impos\u00e9e sur l'avant-dernier Super-G de la saison \u00e0 Lenzerheide en Suisse.\",\"breadcrumb\":{\"@id\":\"https:\/\/dicodusport.fr\/blog\/super-g-de-lenzerheide-jour-de-gloire-pour-romane-miradoli\/#breadcrumb\"},\"inLanguage\":\"fr-FR\",\"potentialAction\":[{\"@type\":\"ReadAction\",\"target\":[\"https:\/\/dicodusport.fr\/blog\/super-g-de-lenzerheide-jour-de-gloire-pour-romane-miradoli\/\"]}]},{\"@type\":\"ImageObject\",\"inLanguage\":\"fr-FR\",\"@id\":\"https:\/\/dicodusport.fr\/blog\/super-g-de-lenzerheide-jour-de-gloire-pour-romane-miradoli\/#primaryimage\",\"url\":\"https:\/\/dicodusport.fr\/blog\/wp-content\/uploads\/2022\/03\/Super-G-de-Lenzerheide-Jour-de-gloire-pour-Romane-Miradoli-1.png\",\"contentUrl\":\"https:\/\/dicodusport.fr\/blog\/wp-content\/uploads\/2022\/03\/Super-G-de-Lenzerheide-Jour-de-gloire-pour-Romane-Miradoli-1.png\",\"width\":800,\"height\":445,\"caption\":\"Super-G de Lenzerheide Jour de gloire pour Romane Miradoli ! (1)\"},{\"@type\":\"BreadcrumbList\",\"@id\":\"https:\/\/dicodusport.fr\/blog\/super-g-de-lenzerheide-jour-de-gloire-pour-romane-miradoli\/#breadcrumb\",\"itemListElement\":[{\"@type\":\"ListItem\",\"position\":1,\"name\":\"Accueil\",\"item\":\"https:\/\/dicodusport.fr\/blog\/\"},{\"@type\":\"ListItem\",\"position\":2,\"name\":\"Super-G de Lenzerheide : Jour de gloire pour Romane Miradoli !\"}]},{\"@type\":\"WebSite\",\"@id\":\"https:\/\/dicodusport.fr\/blog\/#website\",\"url\":\"https:\/\/dicodusport.fr\/blog\/\",\"name\":\"Dicodusport\",\"description\":\"L&#039;encyclop\u00e9die de l&#039;actualit\u00e9 sportive\",\"publisher\":{\"@id\":\"https:\/\/dicodusport.fr\/blog\/#organization\"},\"potentialAction\":[{\"@type\":\"SearchAction\",\"target\":{\"@type\":\"EntryPoint\",\"urlTemplate\":\"https:\/\/dicodusport.fr\/blog\/?s={search_term_string}\"},\"query-input\":{\"@type\":\"PropertyValueSpecification\",\"valueRequired\":true,\"valueName\":\"search_term_string\"}}],\"inLanguage\":\"fr-FR\"},{\"@type\":\"NewsMediaOrganization\",\"@id\":\"https:\/\/dicodusport.fr\/blog\/#organization\",\"name\":\"Dicodusport\",\"url\":\"https:\/\/dicodusport.fr\/blog\/\",\"logo\":{\"@type\":\"ImageObject\",\"inLanguage\":\"fr-FR\",\"@id\":\"https:\/\/dicodusport.fr\/blog\/#\/schema\/logo\/image\/\",\"url\":\"https:\/\/dicodusport.fr\/blog\/wp-content\/uploads\/2020\/06\/cropped-LOGO-DICODUSPORT-2020-SANS-FOND-SANS-TEXTE.png\",\"contentUrl\":\"https:\/\/dicodusport.fr\/blog\/wp-content\/uploads\/2020\/06\/cropped-LOGO-DICODUSPORT-2020-SANS-FOND-SANS-TEXTE.png\",\"width\":512,\"height\":512,\"caption\":\"Dicodusport\"},\"image\":{\"@id\":\"https:\/\/dicodusport.fr\/blog\/#\/schema\/logo\/image\/\"},\"sameAs\":[\"https:\/\/www.facebook.com\/dicodusport\",\"https:\/\/x.com\/dicodusport\",\"https:\/\/www.instagram.com\/dicodusport\/\",\"https:\/\/www.youtube.com\/channel\/UC7V2KZ5sd3htJivAbA4ZG3w\"],\"description\":\"Dicodusport est l'encyclop\u00e9die de l'actualit\u00e9 sportive.\",\"email\":\"bonjour@dicodusport.fr\",\"legalName\":\"DICODUSPORT\",\"foundingDate\":\"2018-01-14\",\"vatID\":\"FR71834470973\",\"taxID\":\"83447097300043\",\"numberOfEmployees\":{\"@type\":\"QuantitativeValue\",\"minValue\":\"1\",\"maxValue\":\"10\"}},{\"@type\":\"Person\",\"@id\":\"https:\/\/dicodusport.fr\/blog\/#\/schema\/person\/6db4bae06b171592211be385b32876a7\",\"name\":\"Emilien Descampiaux\",\"image\":{\"@type\":\"ImageObject\",\"inLanguage\":\"fr-FR\",\"@id\":\"https:\/\/dicodusport.fr\/blog\/#\/schema\/person\/image\/\",\"url\":\"https:\/\/dicodusport.fr\/blog\/wp-content\/uploads\/2021\/05\/Emilien-Descampiaux-150x150.jpg\",\"contentUrl\":\"https:\/\/dicodusport.fr\/blog\/wp-content\/uploads\/2021\/05\/Emilien-Descampiaux-150x150.jpg\",\"caption\":\"Emilien Descampiaux\"},\"description\":\"Journaliste\/r\u00e9dacteur depuis 2014 - Fan de la classe de Frank Vandenbroucke, je vis cyclisme (et de ses paysages) depuis plus de 20 ans. Je suis tr\u00e8s impliqu\u00e9 sur mes diff\u00e9rents r\u00e9seaux sociaux pour partager ma passion sur le monde et l'Histoire de la bicyclette avec ma voix sur les images en noir et blanc du succ\u00e8s de Rik Van Steenbergen lors du Ronde sur le V\u00e9lodrome de Gand.\",\"sameAs\":[\"https:\/\/www.facebook.com\/groups\/LesRoisDuPeloton\",\"https:\/\/x.com\/https:\/\/twitter.com\/LRoisDuPeloton\"],\"url\":\"https:\/\/dicodusport.fr\/blog\/author\/emiliend\/\"}]}<\/script>\n<!-- \/ Yoast SEO Premium plugin. -->","yoast_head_json":{"title":"Super-G de Lenzerheide : Jour de gloire pour Romane Miradoli !","description":"COUPE DU MONDE DE SKI ALPIN 2021-2022 \u2013 Romane Miradoli s'est impos\u00e9e sur l'avant-dernier Super-G de la saison \u00e0 Lenzerheide en Suisse.","robots":{"index":"index","follow":"follow","max-snippet":"max-snippet:-1","max-image-preview":"max-image-preview:large","max-video-preview":"max-video-preview:-1"},"canonical":"https:\/\/dicodusport.fr\/blog\/super-g-de-lenzerheide-jour-de-gloire-pour-romane-miradoli\/","og_locale":"fr_FR","og_type":"article","og_title":"Super-G de Lenzerheide : Jour de gloire pour Romane Miradoli !","og_description":"COUPE DU MONDE DE SKI ALPIN 2021-2022 \u2013 Romane Miradoli s'est impos\u00e9e sur l'avant-dernier Super-G de la saison \u00e0 Lenzerheide en Suisse.","og_url":"https:\/\/dicodusport.fr\/blog\/super-g-de-lenzerheide-jour-de-gloire-pour-romane-miradoli\/","og_site_name":"Dicodusport","article_publisher":"https:\/\/www.facebook.com\/dicodusport","article_author":"https:\/\/www.facebook.com\/groups\/LesRoisDuPeloton","article_published_time":"2022-03-05T10:18:43+00:00","article_modified_time":"2022-03-05T17:18:45+00:00","og_image":[{"width":800,"height":445,"url":"https:\/\/dicodusport.fr\/blog\/wp-content\/uploads\/2022\/03\/Super-G-de-Lenzerheide-Jour-de-gloire-pour-Romane-Miradoli-1.png","type":"image\/png"}],"author":"Emilien Descampiaux","twitter_card":"summary_large_image","twitter_title":"Super-G de Lenzerheide : Jour de gloire pour Romane Miradoli !","twitter_creator":"@https:\/\/twitter.com\/LRoisDuPeloton","twitter_site":"@dicodusport","schema":{"@context":"https:\/\/schema.org","@graph":[{"@type":"NewsArticle","@id":"https:\/\/dicodusport.fr\/blog\/super-g-de-lenzerheide-jour-de-gloire-pour-romane-miradoli\/#article","isPartOf":{"@id":"https:\/\/dicodusport.fr\/blog\/super-g-de-lenzerheide-jour-de-gloire-pour-romane-miradoli\/"},"author":{"name":"Emilien Descampiaux","@id":"https:\/\/dicodusport.fr\/blog\/#\/schema\/person\/6db4bae06b171592211be385b32876a7"},"headline":"Super-G de Lenzerheide : Jour de gloire pour Romane Miradoli !","datePublished":"2022-03-05T10:18:43+00:00","dateModified":"2022-03-05T17:18:45+00:00","mainEntityOfPage":{"@id":"https:\/\/dicodusport.fr\/blog\/super-g-de-lenzerheide-jour-de-gloire-pour-romane-miradoli\/"},"wordCount":493,"commentCount":0,"publisher":{"@id":"https:\/\/dicodusport.fr\/blog\/#organization"},"image":{"@id":"https:\/\/dicodusport.fr\/blog\/super-g-de-lenzerheide-jour-de-gloire-pour-romane-miradoli\/#primaryimage"},"thumbnailUrl":"https:\/\/dicodusport.fr\/blog\/wp-content\/uploads\/2022\/03\/Super-G-de-Lenzerheide-Jour-de-gloire-pour-Romane-Miradoli-1.png","keywords":["Coupe du monde de ski alpin","Lenzerheide","sport"],"articleSection":["Coupe du monde de ski alpin"],"inLanguage":"fr-FR","potentialAction":[{"@type":"CommentAction","name":"Comment","target":["https:\/\/dicodusport.fr\/blog\/super-g-de-lenzerheide-jour-de-gloire-pour-romane-miradoli\/#respond"]}],"copyrightYear":"2022","copyrightHolder":{"@id":"https:\/\/dicodusport.fr\/blog\/#organization"}},{"@type":"WebPage","@id":"https:\/\/dicodusport.fr\/blog\/super-g-de-lenzerheide-jour-de-gloire-pour-romane-miradoli\/","url":"https:\/\/dicodusport.fr\/blog\/super-g-de-lenzerheide-jour-de-gloire-pour-romane-miradoli\/","name":"Super-G de Lenzerheide : Jour de gloire pour Romane Miradoli !","isPartOf":{"@id":"https:\/\/dicodusport.fr\/blog\/#website"},"primaryImageOfPage":{"@id":"https:\/\/dicodusport.fr\/blog\/super-g-de-lenzerheide-jour-de-gloire-pour-romane-miradoli\/#primaryimage"},"image":{"@id":"https:\/\/dicodusport.fr\/blog\/super-g-de-lenzerheide-jour-de-gloire-pour-romane-miradoli\/#primaryimage"},"thumbnailUrl":"https:\/\/dicodusport.fr\/blog\/wp-content\/uploads\/2022\/03\/Super-G-de-Lenzerheide-Jour-de-gloire-pour-Romane-Miradoli-1.png","datePublished":"2022-03-05T10:18:43+00:00","dateModified":"2022-03-05T17:18:45+00:00","description":"COUPE DU MONDE DE SKI ALPIN 2021-2022 \u2013 Romane Miradoli s'est impos\u00e9e sur l'avant-dernier Super-G de la saison \u00e0 Lenzerheide en Suisse.","breadcrumb":{"@id":"https:\/\/dicodusport.fr\/blog\/super-g-de-lenzerheide-jour-de-gloire-pour-romane-miradoli\/#breadcrumb"},"inLanguage":"fr-FR","potentialAction":[{"@type":"ReadAction","target":["https:\/\/dicodusport.fr\/blog\/super-g-de-lenzerheide-jour-de-gloire-pour-romane-miradoli\/"]}]},{"@type":"ImageObject","inLanguage":"fr-FR","@id":"https:\/\/dicodusport.fr\/blog\/super-g-de-lenzerheide-jour-de-gloire-pour-romane-miradoli\/#primaryimage","url":"https:\/\/dicodusport.fr\/blog\/wp-content\/uploads\/2022\/03\/Super-G-de-Lenzerheide-Jour-de-gloire-pour-Romane-Miradoli-1.png","contentUrl":"https:\/\/dicodusport.fr\/blog\/wp-content\/uploads\/2022\/03\/Super-G-de-Lenzerheide-Jour-de-gloire-pour-Romane-Miradoli-1.png","width":800,"height":445,"caption":"Super-G de Lenzerheide Jour de gloire pour Romane Miradoli ! (1)"},{"@type":"BreadcrumbList","@id":"https:\/\/dicodusport.fr\/blog\/super-g-de-lenzerheide-jour-de-gloire-pour-romane-miradoli\/#breadcrumb","itemListElement":[{"@type":"ListItem","position":1,"name":"Accueil","item":"https:\/\/dicodusport.fr\/blog\/"},{"@type":"ListItem","position":2,"name":"Super-G de Lenzerheide : Jour de gloire pour Romane Miradoli !"}]},{"@type":"WebSite","@id":"https:\/\/dicodusport.fr\/blog\/#website","url":"https:\/\/dicodusport.fr\/blog\/","name":"Dicodusport","description":"L&#039;encyclop\u00e9die de l&#039;actualit\u00e9 sportive","publisher":{"@id":"https:\/\/dicodusport.fr\/blog\/#organization"},"potentialAction":[{"@type":"SearchAction","target":{"@type":"EntryPoint","urlTemplate":"https:\/\/dicodusport.fr\/blog\/?s={search_term_string}"},"query-input":{"@type":"PropertyValueSpecification","valueRequired":true,"valueName":"search_term_string"}}],"inLanguage":"fr-FR"},{"@type":"NewsMediaOrganization","@id":"https:\/\/dicodusport.fr\/blog\/#organization","name":"Dicodusport","url":"https:\/\/dicodusport.fr\/blog\/","logo":{"@type":"ImageObject","inLanguage":"fr-FR","@id":"https:\/\/dicodusport.fr\/blog\/#\/schema\/logo\/image\/","url":"https:\/\/dicodusport.fr\/blog\/wp-content\/uploads\/2020\/06\/cropped-LOGO-DICODUSPORT-2020-SANS-FOND-SANS-TEXTE.png","contentUrl":"https:\/\/dicodusport.fr\/blog\/wp-content\/uploads\/2020\/06\/cropped-LOGO-DICODUSPORT-2020-SANS-FOND-SANS-TEXTE.png","width":512,"height":512,"caption":"Dicodusport"},"image":{"@id":"https:\/\/dicodusport.fr\/blog\/#\/schema\/logo\/image\/"},"sameAs":["https:\/\/www.facebook.com\/dicodusport","https:\/\/x.com\/dicodusport","https:\/\/www.instagram.com\/dicodusport\/","https:\/\/www.youtube.com\/channel\/UC7V2KZ5sd3htJivAbA4ZG3w"],"description":"Dicodusport est l'encyclop\u00e9die de l'actualit\u00e9 sportive.","email":"bonjour@dicodusport.fr","legalName":"DICODUSPORT","foundingDate":"2018-01-14","vatID":"FR71834470973","taxID":"83447097300043","numberOfEmployees":{"@type":"QuantitativeValue","minValue":"1","maxValue":"10"}},{"@type":"Person","@id":"https:\/\/dicodusport.fr\/blog\/#\/schema\/person\/6db4bae06b171592211be385b32876a7","name":"Emilien Descampiaux","image":{"@type":"ImageObject","inLanguage":"fr-FR","@id":"https:\/\/dicodusport.fr\/blog\/#\/schema\/person\/image\/","url":"https:\/\/dicodusport.fr\/blog\/wp-content\/uploads\/2021\/05\/Emilien-Descampiaux-150x150.jpg","contentUrl":"https:\/\/dicodusport.fr\/blog\/wp-content\/uploads\/2021\/05\/Emilien-Descampiaux-150x150.jpg","caption":"Emilien Descampiaux"},"description":"Journaliste\/r\u00e9dacteur depuis 2014 - Fan de la classe de Frank Vandenbroucke, je vis cyclisme (et de ses paysages) depuis plus de 20 ans. Je suis tr\u00e8s impliqu\u00e9 sur mes diff\u00e9rents r\u00e9seaux sociaux pour partager ma passion sur le monde et l'Histoire de la bicyclette avec ma voix sur les images en noir et blanc du succ\u00e8s de Rik Van Steenbergen lors du Ronde sur le V\u00e9lodrome de Gand.","sameAs":["https:\/\/www.facebook.com\/groups\/LesRoisDuPeloton","https:\/\/x.com\/https:\/\/twitter.com\/LRoisDuPeloton"],"url":"https:\/\/dicodusport.fr\/blog\/author\/emiliend\/"}]}},"_links":{"self":[{"href":"https:\/\/dicodusport.fr\/blog\/wp-json\/wp\/v2\/posts\/204964","targetHints":{"allow":["GET"]}}],"collection":[{"href":"https:\/\/dicodusport.fr\/blog\/wp-json\/wp\/v2\/posts"}],"about":[{"href":"https:\/\/dicodusport.fr\/blog\/wp-json\/wp\/v2\/types\/post"}],"author":[{"embeddable":true,"href":"https:\/\/dicodusport.fr\/blog\/wp-json\/wp\/v2\/users\/48"}],"replies":[{"embeddable":true,"href":"https:\/\/dicodusport.fr\/blog\/wp-json\/wp\/v2\/comments?post=204964"}],"version-history":[{"count":0,"href":"https:\/\/dicodusport.fr\/blog\/wp-json\/wp\/v2\/posts\/204964\/revisions"}],"wp:featuredmedia":[{"embeddable":true,"href":"https:\/\/dicodusport.fr\/blog\/wp-json\/wp\/v2\/media\/205271"}],"wp:attachment":[{"href":"https:\/\/dicodusport.fr\/blog\/wp-json\/wp\/v2\/media?parent=204964"}],"wp:term":[{"taxonomy":"category","embeddable":true,"href":"https:\/\/dicodusport.fr\/blog\/wp-json\/wp\/v2\/categories?post=204964"},{"taxonomy":"post_tag","embeddable":true,"href":"https:\/\/dicodusport.fr\/blog\/wp-json\/wp\/v2\/tags?post=204964"}],"curies":[{"name":"wp","href":"https:\/\/api.w.org\/{rel}","templated":true}]}}