{"id":205144,"date":"2022-03-05T16:08:52","date_gmt":"2022-03-05T15:08:52","guid":{"rendered":"https:\/\/dicodusport.fr\/blog\/?p=205144&#038;preview=true&#038;preview_id=205144"},"modified":"2022-03-05T17:14:47","modified_gmt":"2022-03-05T16:14:47","slug":"coupe-davis-la-france-qualifiee-sans-trembler","status":"publish","type":"post","link":"https:\/\/dicodusport.fr\/blog\/coupe-davis-la-france-qualifiee-sans-trembler\/","title":{"rendered":"Coupe Davis : La France qualifi\u00e9e sans trembler"},"content":{"rendered":"<p style=\"text-align: justify;\"><strong><em><a href=\"https:\/\/dicodusport.fr\/blog\/coupe-davis-2022-qualifications-programme-et-resultats\/\">COUPE DAVIS 2022<\/a> &#8211; En position favorable apr\u00e8s les deux premiers simples, les Bleus ont termin\u00e9 le travail contre l&rsquo;\u00c9quateur. C&rsquo;est le double Mahut \/ Herbert qui a apport\u00e9 le point d\u00e9cisif, permettant \u00e0 l&rsquo;\u00e9quipe de France de se qualifier facilement pour la prochaine phase de groupes pr\u00e9vue en septembre.<\/em><\/strong><\/p>\n<p style=\"text-align: justify;\">Le premier tour avait bien commenc\u00e9 pour les Fran\u00e7ais, <a href=\"https:\/\/dicodusport.fr\/blog\/coupe-davis-la-france-assure-contre-l-equateur\/\">qui menaient 2-0 apr\u00e8s la premi\u00e8re journ\u00e9e<\/a>. Il ne manquait qu&rsquo;un seul point pour valider la qualification. C&rsquo;est la paire <strong>Nicolas Mahut \/ Pierre-Hugues Herbert<\/strong> qui s&rsquo;est charg\u00e9e de la mission, en dominant le double \u00e9quatorien <strong>Gonzalo Escobar \/ Diego Hidalgo<\/strong>, 6-3, 7-5. La paire fran\u00e7aise, d\u00e9j\u00e0 <a href=\"https:\/\/dicodusport.fr\/blog\/tournoi-de-montpellier-nicolas-mahut-et-pierre-hugues-herbert-titres-en-double\/\">victorieuse \u00e0 Montpellier cette saison<\/a>, \u00e9tait largement favorite de ce match face \u00e0 deux joueurs tr\u00e8s loin au classement mondial. Apr\u00e8s une premi\u00e8re manche maitris\u00e9e, les Bleus se sont fait peur dans la seconde, mais apr\u00e8s avoir remont\u00e9 un break de retard, ils ont serr\u00e9 le jeu en fin de set pour valider une victoire et une qualification attendue.<\/p>\n<blockquote class=\"twitter-tweet\">\n<p dir=\"ltr\" lang=\"fr\">3&#x20e3;-0&#x20e3; FRANCE<\/p>\n<p>se qualifient pour la phase de groupe des finales de la Coupe Davis 2022 <a href=\"https:\/\/twitter.com\/hashtag\/DavisCup?src=hash&amp;ref_src=twsrc%5Etfw\">#DavisCup<\/a><\/p>\n<p>Victoire 6-3 7-5 de Herbert et Mahut sur le double Escobar\/Hidalgo <a href=\"https:\/\/t.co\/OQznrX01ll\">pic.twitter.com\/OQznrX01ll<\/a><\/p>\n<p>\u2014 FFT (@FFTennis) <a href=\"https:\/\/twitter.com\/FFTennis\/status\/1500123336139018244?ref_src=twsrc%5Etfw\">March 5, 2022<\/a><\/p><\/blockquote>\n<p><script async src=\"https:\/\/platform.twitter.com\/widgets.js\" charset=\"utf-8\"><\/script><\/p>\n<p style=\"text-align: justify;\">Il reste deux simples pour l&rsquo;honneur d\u00e9sormais, certainement l&rsquo;occasion pour <strong>Benjamin Bonzi<\/strong> de faire ses d\u00e9buts dans cette comp\u00e9tition. Les Bleus seront donc au rendez-vous de la phase de groupes suivante, pr\u00e9vue du 14 au 18 septembre prochain. Sauf retournement de situation, l&rsquo;Australie et la Cor\u00e9e du Sud devraient faire partie des adversaires des Bleus dans une poule de quatre, dont les deux premiers se qualifieront pour la phase finale de cette Coupe Davis nouvelle formule, du 23 au 27 novembre.<\/p>\n<blockquote class=\"twitter-tweet\">\n<p dir=\"ltr\" lang=\"fr\">Sauf cataclysme tout \u00e0 l\u2019heure \u00e0 Pau, l\u2019\u00e9quipe de France conna\u00eet deux de ses potentiels adversaires pour la phase de septembre: Cor\u00e9e du Sud et Australie. <a href=\"https:\/\/twitter.com\/hashtag\/coupedavis?src=hash&amp;ref_src=twsrc%5Etfw\">#coupedavis<\/a><\/p>\n<p>\u2014 Eric Salliot (@ericsalliot) <a href=\"https:\/\/twitter.com\/ericsalliot\/status\/1500032837646524420?ref_src=twsrc%5Etfw\">March 5, 2022<\/a><\/p><\/blockquote>\n<p><script async src=\"https:\/\/platform.twitter.com\/widgets.js\" charset=\"utf-8\"><\/script><\/p>\n","protected":false},"excerpt":{"rendered":"<p>COUPE DAVIS 2022 &#8211; En position favorable apr\u00e8s les deux premiers simples, les Bleus ont termin\u00e9 le travail contre l&rsquo;\u00c9quateur. C&rsquo;est le double Mahut \/ Herbert qui a apport\u00e9 le point d\u00e9cisif, permettant \u00e0 l&rsquo;\u00e9quipe de France de se qualifier facilement pour la prochaine phase de groupes pr\u00e9vue en septembre.<\/p>\n","protected":false},"author":59,"featured_media":205186,"comment_status":"open","ping_status":"closed","sticky":false,"template":"","format":"standard","meta":{"_acf_changed":false,"_daextam_enable_autolinks":"","footnotes":""},"categories":[2302],"tags":[4303,9674],"class_list":["post-205144","post","type-post","status-publish","format-standard","has-post-thumbnail","hentry","category-tennis","tag-adrian-mannarino","tag-arthur-rinderknech"],"acf":[],"yoast_head":"<!-- This site is optimized with the Yoast SEO Premium plugin v26.7 (Yoast SEO v26.7) - https:\/\/yoast.com\/wordpress\/plugins\/seo\/ -->\n<title>Coupe Davis : La France qualifi\u00e9e sans trembler<\/title>\n<meta name=\"description\" content=\"COUPE DAVIS 2022 - En position favorable apr\u00e8s les deux premiers simples, les Bleus ont termin\u00e9 le travail contre l&#039;\u00c9quateur.\" \/>\n<meta name=\"robots\" content=\"index, follow, max-snippet:-1, max-image-preview:large, max-video-preview:-1\" \/>\n<link rel=\"canonical\" href=\"https:\/\/dicodusport.fr\/blog\/coupe-davis-la-france-qualifiee-sans-trembler\/\" \/>\n<meta property=\"og:locale\" content=\"fr_FR\" \/>\n<meta property=\"og:type\" content=\"article\" \/>\n<meta property=\"og:title\" content=\"Coupe Davis : La France qualifi\u00e9e sans trembler\" \/>\n<meta property=\"og:description\" content=\"COUPE DAVIS 2022 - En position favorable apr\u00e8s les deux premiers simples, les Bleus ont termin\u00e9 le travail contre l&#039;\u00c9quateur.\" \/>\n<meta property=\"og:url\" content=\"https:\/\/dicodusport.fr\/blog\/coupe-davis-la-france-qualifiee-sans-trembler\/\" \/>\n<meta property=\"og:site_name\" content=\"Dicodusport\" \/>\n<meta property=\"article:publisher\" content=\"https:\/\/www.facebook.com\/dicodusport\" \/>\n<meta property=\"article:author\" content=\"https:\/\/www.facebook.com\/sebastien.gente\/\" \/>\n<meta property=\"article:published_time\" content=\"2022-03-05T15:08:52+00:00\" \/>\n<meta property=\"article:modified_time\" content=\"2022-03-05T16:14:47+00:00\" \/>\n<meta property=\"og:image\" content=\"https:\/\/dicodusport.fr\/blog\/wp-content\/uploads\/2022\/03\/Coupe-Davis-La-France-qualifiee-sans-trembler.png\" \/>\n\t<meta property=\"og:image:width\" content=\"800\" \/>\n\t<meta property=\"og:image:height\" content=\"445\" \/>\n\t<meta property=\"og:image:type\" content=\"image\/png\" \/>\n<meta name=\"author\" content=\"S\u00e9bastien Gente\" \/>\n<meta name=\"twitter:card\" content=\"summary_large_image\" \/>\n<meta name=\"twitter:title\" content=\"Coupe Davis : La France qualifi\u00e9e sans trembler\" \/>\n<meta name=\"twitter:creator\" content=\"@https:\/\/twitter.com\/globulo24\" \/>\n<meta name=\"twitter:site\" content=\"@dicodusport\" \/>\n<script type=\"application\/ld+json\" class=\"yoast-schema-graph\">{\"@context\":\"https:\/\/schema.org\",\"@graph\":[{\"@type\":\"NewsArticle\",\"@id\":\"https:\/\/dicodusport.fr\/blog\/coupe-davis-la-france-qualifiee-sans-trembler\/#article\",\"isPartOf\":{\"@id\":\"https:\/\/dicodusport.fr\/blog\/coupe-davis-la-france-qualifiee-sans-trembler\/\"},\"author\":{\"name\":\"S\u00e9bastien Gente\",\"@id\":\"https:\/\/dicodusport.fr\/blog\/#\/schema\/person\/627966a6cde45dbd8c5e36ac85d783da\"},\"headline\":\"Coupe Davis : La France qualifi\u00e9e sans trembler\",\"datePublished\":\"2022-03-05T15:08:52+00:00\",\"dateModified\":\"2022-03-05T16:14:47+00:00\",\"mainEntityOfPage\":{\"@id\":\"https:\/\/dicodusport.fr\/blog\/coupe-davis-la-france-qualifiee-sans-trembler\/\"},\"wordCount\":345,\"commentCount\":0,\"publisher\":{\"@id\":\"https:\/\/dicodusport.fr\/blog\/#organization\"},\"image\":{\"@id\":\"https:\/\/dicodusport.fr\/blog\/coupe-davis-la-france-qualifiee-sans-trembler\/#primaryimage\"},\"thumbnailUrl\":\"https:\/\/dicodusport.fr\/blog\/wp-content\/uploads\/2022\/03\/Coupe-Davis-La-France-qualifiee-sans-trembler.png\",\"keywords\":[\"Adrian Mannarino\",\"Arthur Rinderknech\"],\"articleSection\":[\"Tennis\"],\"inLanguage\":\"fr-FR\",\"potentialAction\":[{\"@type\":\"CommentAction\",\"name\":\"Comment\",\"target\":[\"https:\/\/dicodusport.fr\/blog\/coupe-davis-la-france-qualifiee-sans-trembler\/#respond\"]}],\"copyrightYear\":\"2022\",\"copyrightHolder\":{\"@id\":\"https:\/\/dicodusport.fr\/blog\/#organization\"}},{\"@type\":\"WebPage\",\"@id\":\"https:\/\/dicodusport.fr\/blog\/coupe-davis-la-france-qualifiee-sans-trembler\/\",\"url\":\"https:\/\/dicodusport.fr\/blog\/coupe-davis-la-france-qualifiee-sans-trembler\/\",\"name\":\"Coupe Davis : La France qualifi\u00e9e sans trembler\",\"isPartOf\":{\"@id\":\"https:\/\/dicodusport.fr\/blog\/#website\"},\"primaryImageOfPage\":{\"@id\":\"https:\/\/dicodusport.fr\/blog\/coupe-davis-la-france-qualifiee-sans-trembler\/#primaryimage\"},\"image\":{\"@id\":\"https:\/\/dicodusport.fr\/blog\/coupe-davis-la-france-qualifiee-sans-trembler\/#primaryimage\"},\"thumbnailUrl\":\"https:\/\/dicodusport.fr\/blog\/wp-content\/uploads\/2022\/03\/Coupe-Davis-La-France-qualifiee-sans-trembler.png\",\"datePublished\":\"2022-03-05T15:08:52+00:00\",\"dateModified\":\"2022-03-05T16:14:47+00:00\",\"description\":\"COUPE DAVIS 2022 - En position favorable apr\u00e8s les deux premiers simples, les Bleus ont termin\u00e9 le travail contre l'\u00c9quateur.\",\"breadcrumb\":{\"@id\":\"https:\/\/dicodusport.fr\/blog\/coupe-davis-la-france-qualifiee-sans-trembler\/#breadcrumb\"},\"inLanguage\":\"fr-FR\",\"potentialAction\":[{\"@type\":\"ReadAction\",\"target\":[\"https:\/\/dicodusport.fr\/blog\/coupe-davis-la-france-qualifiee-sans-trembler\/\"]}]},{\"@type\":\"ImageObject\",\"inLanguage\":\"fr-FR\",\"@id\":\"https:\/\/dicodusport.fr\/blog\/coupe-davis-la-france-qualifiee-sans-trembler\/#primaryimage\",\"url\":\"https:\/\/dicodusport.fr\/blog\/wp-content\/uploads\/2022\/03\/Coupe-Davis-La-France-qualifiee-sans-trembler.png\",\"contentUrl\":\"https:\/\/dicodusport.fr\/blog\/wp-content\/uploads\/2022\/03\/Coupe-Davis-La-France-qualifiee-sans-trembler.png\",\"width\":800,\"height\":445,\"caption\":\"Coupe Davis La France qualifi\u00e9e sans trembler\"},{\"@type\":\"BreadcrumbList\",\"@id\":\"https:\/\/dicodusport.fr\/blog\/coupe-davis-la-france-qualifiee-sans-trembler\/#breadcrumb\",\"itemListElement\":[{\"@type\":\"ListItem\",\"position\":1,\"name\":\"Accueil\",\"item\":\"https:\/\/dicodusport.fr\/blog\/\"},{\"@type\":\"ListItem\",\"position\":2,\"name\":\"Coupe Davis : La France qualifi\u00e9e sans trembler\"}]},{\"@type\":\"WebSite\",\"@id\":\"https:\/\/dicodusport.fr\/blog\/#website\",\"url\":\"https:\/\/dicodusport.fr\/blog\/\",\"name\":\"Dicodusport\",\"description\":\"L&#039;encyclop\u00e9die de l&#039;actualit\u00e9 sportive\",\"publisher\":{\"@id\":\"https:\/\/dicodusport.fr\/blog\/#organization\"},\"potentialAction\":[{\"@type\":\"SearchAction\",\"target\":{\"@type\":\"EntryPoint\",\"urlTemplate\":\"https:\/\/dicodusport.fr\/blog\/?s={search_term_string}\"},\"query-input\":{\"@type\":\"PropertyValueSpecification\",\"valueRequired\":true,\"valueName\":\"search_term_string\"}}],\"inLanguage\":\"fr-FR\"},{\"@type\":\"NewsMediaOrganization\",\"@id\":\"https:\/\/dicodusport.fr\/blog\/#organization\",\"name\":\"Dicodusport\",\"url\":\"https:\/\/dicodusport.fr\/blog\/\",\"logo\":{\"@type\":\"ImageObject\",\"inLanguage\":\"fr-FR\",\"@id\":\"https:\/\/dicodusport.fr\/blog\/#\/schema\/logo\/image\/\",\"url\":\"https:\/\/dicodusport.fr\/blog\/wp-content\/uploads\/2020\/06\/cropped-LOGO-DICODUSPORT-2020-SANS-FOND-SANS-TEXTE.png\",\"contentUrl\":\"https:\/\/dicodusport.fr\/blog\/wp-content\/uploads\/2020\/06\/cropped-LOGO-DICODUSPORT-2020-SANS-FOND-SANS-TEXTE.png\",\"width\":512,\"height\":512,\"caption\":\"Dicodusport\"},\"image\":{\"@id\":\"https:\/\/dicodusport.fr\/blog\/#\/schema\/logo\/image\/\"},\"sameAs\":[\"https:\/\/www.facebook.com\/dicodusport\",\"https:\/\/x.com\/dicodusport\",\"https:\/\/www.instagram.com\/dicodusport\/\",\"https:\/\/www.youtube.com\/channel\/UC7V2KZ5sd3htJivAbA4ZG3w\"],\"description\":\"Dicodusport est l'encyclop\u00e9die de l'actualit\u00e9 sportive.\",\"email\":\"bonjour@dicodusport.fr\",\"legalName\":\"DICODUSPORT\",\"foundingDate\":\"2018-01-14\",\"vatID\":\"FR71834470973\",\"taxID\":\"83447097300043\",\"numberOfEmployees\":{\"@type\":\"QuantitativeValue\",\"minValue\":\"1\",\"maxValue\":\"10\"}},{\"@type\":\"Person\",\"@id\":\"https:\/\/dicodusport.fr\/blog\/#\/schema\/person\/627966a6cde45dbd8c5e36ac85d783da\",\"name\":\"S\u00e9bastien Gente\",\"image\":{\"@type\":\"ImageObject\",\"inLanguage\":\"fr-FR\",\"@id\":\"https:\/\/dicodusport.fr\/blog\/#\/schema\/person\/image\/\",\"url\":\"https:\/\/dicodusport.fr\/blog\/wp-content\/uploads\/2021\/09\/1510990_10205810251400683_4124423575079401707_n-150x150.jpg\",\"contentUrl\":\"https:\/\/dicodusport.fr\/blog\/wp-content\/uploads\/2021\/09\/1510990_10205810251400683_4124423575079401707_n-150x150.jpg\",\"caption\":\"S\u00e9bastien Gente\"},\"description\":\"John Stockton, Gianni Bugno, Zinedine Zidane, Steffi Graf, Frode Andresen, St\u00e9phane Stoecklin, Davis Kamoga, Primoz Peterka, Werner Schlager et Aur\u00e9lien Rougerie. Point commun entre ces sportifs? Ils m'ont fait r\u00eaver et ont berc\u00e9 mon adolescence. Je suis un fondu de sports et j'essaie de retranscrire ma passion \u00e0 travers mes articles. Originaire du P\u00e9rigord, ma passion pour les Girondins, les Jaunards et les Jazzmen transpire dans mes \u00e9crits. \u00c0 Dicodusport depuis 2021, je d\u00e9niche les sports m\u00e9connus dans lesquels la France brille, et il y en a !\",\"sameAs\":[\"https:\/\/www.facebook.com\/sebastien.gente\/\",\"https:\/\/www.instagram.com\/sebgente\/\",\"https:\/\/www.linkedin.com\/in\/sbastien-gente-a29583169\/\",\"https:\/\/x.com\/https:\/\/twitter.com\/globulo24\",\"SebastienGente\"],\"worksFor\":\"S\u00e9bastien GENTE\",\"url\":\"https:\/\/dicodusport.fr\/blog\/author\/sebastiengente\/\"}]}<\/script>\n<!-- \/ Yoast SEO Premium plugin. -->","yoast_head_json":{"title":"Coupe Davis : La France qualifi\u00e9e sans trembler","description":"COUPE DAVIS 2022 - En position favorable apr\u00e8s les deux premiers simples, les Bleus ont termin\u00e9 le travail contre l'\u00c9quateur.","robots":{"index":"index","follow":"follow","max-snippet":"max-snippet:-1","max-image-preview":"max-image-preview:large","max-video-preview":"max-video-preview:-1"},"canonical":"https:\/\/dicodusport.fr\/blog\/coupe-davis-la-france-qualifiee-sans-trembler\/","og_locale":"fr_FR","og_type":"article","og_title":"Coupe Davis : La France qualifi\u00e9e sans trembler","og_description":"COUPE DAVIS 2022 - En position favorable apr\u00e8s les deux premiers simples, les Bleus ont termin\u00e9 le travail contre l'\u00c9quateur.","og_url":"https:\/\/dicodusport.fr\/blog\/coupe-davis-la-france-qualifiee-sans-trembler\/","og_site_name":"Dicodusport","article_publisher":"https:\/\/www.facebook.com\/dicodusport","article_author":"https:\/\/www.facebook.com\/sebastien.gente\/","article_published_time":"2022-03-05T15:08:52+00:00","article_modified_time":"2022-03-05T16:14:47+00:00","og_image":[{"width":800,"height":445,"url":"https:\/\/dicodusport.fr\/blog\/wp-content\/uploads\/2022\/03\/Coupe-Davis-La-France-qualifiee-sans-trembler.png","type":"image\/png"}],"author":"S\u00e9bastien Gente","twitter_card":"summary_large_image","twitter_title":"Coupe Davis : La France qualifi\u00e9e sans trembler","twitter_creator":"@https:\/\/twitter.com\/globulo24","twitter_site":"@dicodusport","schema":{"@context":"https:\/\/schema.org","@graph":[{"@type":"NewsArticle","@id":"https:\/\/dicodusport.fr\/blog\/coupe-davis-la-france-qualifiee-sans-trembler\/#article","isPartOf":{"@id":"https:\/\/dicodusport.fr\/blog\/coupe-davis-la-france-qualifiee-sans-trembler\/"},"author":{"name":"S\u00e9bastien Gente","@id":"https:\/\/dicodusport.fr\/blog\/#\/schema\/person\/627966a6cde45dbd8c5e36ac85d783da"},"headline":"Coupe Davis : La France qualifi\u00e9e sans trembler","datePublished":"2022-03-05T15:08:52+00:00","dateModified":"2022-03-05T16:14:47+00:00","mainEntityOfPage":{"@id":"https:\/\/dicodusport.fr\/blog\/coupe-davis-la-france-qualifiee-sans-trembler\/"},"wordCount":345,"commentCount":0,"publisher":{"@id":"https:\/\/dicodusport.fr\/blog\/#organization"},"image":{"@id":"https:\/\/dicodusport.fr\/blog\/coupe-davis-la-france-qualifiee-sans-trembler\/#primaryimage"},"thumbnailUrl":"https:\/\/dicodusport.fr\/blog\/wp-content\/uploads\/2022\/03\/Coupe-Davis-La-France-qualifiee-sans-trembler.png","keywords":["Adrian Mannarino","Arthur Rinderknech"],"articleSection":["Tennis"],"inLanguage":"fr-FR","potentialAction":[{"@type":"CommentAction","name":"Comment","target":["https:\/\/dicodusport.fr\/blog\/coupe-davis-la-france-qualifiee-sans-trembler\/#respond"]}],"copyrightYear":"2022","copyrightHolder":{"@id":"https:\/\/dicodusport.fr\/blog\/#organization"}},{"@type":"WebPage","@id":"https:\/\/dicodusport.fr\/blog\/coupe-davis-la-france-qualifiee-sans-trembler\/","url":"https:\/\/dicodusport.fr\/blog\/coupe-davis-la-france-qualifiee-sans-trembler\/","name":"Coupe Davis : La France qualifi\u00e9e sans trembler","isPartOf":{"@id":"https:\/\/dicodusport.fr\/blog\/#website"},"primaryImageOfPage":{"@id":"https:\/\/dicodusport.fr\/blog\/coupe-davis-la-france-qualifiee-sans-trembler\/#primaryimage"},"image":{"@id":"https:\/\/dicodusport.fr\/blog\/coupe-davis-la-france-qualifiee-sans-trembler\/#primaryimage"},"thumbnailUrl":"https:\/\/dicodusport.fr\/blog\/wp-content\/uploads\/2022\/03\/Coupe-Davis-La-France-qualifiee-sans-trembler.png","datePublished":"2022-03-05T15:08:52+00:00","dateModified":"2022-03-05T16:14:47+00:00","description":"COUPE DAVIS 2022 - En position favorable apr\u00e8s les deux premiers simples, les Bleus ont termin\u00e9 le travail contre l'\u00c9quateur.","breadcrumb":{"@id":"https:\/\/dicodusport.fr\/blog\/coupe-davis-la-france-qualifiee-sans-trembler\/#breadcrumb"},"inLanguage":"fr-FR","potentialAction":[{"@type":"ReadAction","target":["https:\/\/dicodusport.fr\/blog\/coupe-davis-la-france-qualifiee-sans-trembler\/"]}]},{"@type":"ImageObject","inLanguage":"fr-FR","@id":"https:\/\/dicodusport.fr\/blog\/coupe-davis-la-france-qualifiee-sans-trembler\/#primaryimage","url":"https:\/\/dicodusport.fr\/blog\/wp-content\/uploads\/2022\/03\/Coupe-Davis-La-France-qualifiee-sans-trembler.png","contentUrl":"https:\/\/dicodusport.fr\/blog\/wp-content\/uploads\/2022\/03\/Coupe-Davis-La-France-qualifiee-sans-trembler.png","width":800,"height":445,"caption":"Coupe Davis La France qualifi\u00e9e sans trembler"},{"@type":"BreadcrumbList","@id":"https:\/\/dicodusport.fr\/blog\/coupe-davis-la-france-qualifiee-sans-trembler\/#breadcrumb","itemListElement":[{"@type":"ListItem","position":1,"name":"Accueil","item":"https:\/\/dicodusport.fr\/blog\/"},{"@type":"ListItem","position":2,"name":"Coupe Davis : La France qualifi\u00e9e sans trembler"}]},{"@type":"WebSite","@id":"https:\/\/dicodusport.fr\/blog\/#website","url":"https:\/\/dicodusport.fr\/blog\/","name":"Dicodusport","description":"L&#039;encyclop\u00e9die de l&#039;actualit\u00e9 sportive","publisher":{"@id":"https:\/\/dicodusport.fr\/blog\/#organization"},"potentialAction":[{"@type":"SearchAction","target":{"@type":"EntryPoint","urlTemplate":"https:\/\/dicodusport.fr\/blog\/?s={search_term_string}"},"query-input":{"@type":"PropertyValueSpecification","valueRequired":true,"valueName":"search_term_string"}}],"inLanguage":"fr-FR"},{"@type":"NewsMediaOrganization","@id":"https:\/\/dicodusport.fr\/blog\/#organization","name":"Dicodusport","url":"https:\/\/dicodusport.fr\/blog\/","logo":{"@type":"ImageObject","inLanguage":"fr-FR","@id":"https:\/\/dicodusport.fr\/blog\/#\/schema\/logo\/image\/","url":"https:\/\/dicodusport.fr\/blog\/wp-content\/uploads\/2020\/06\/cropped-LOGO-DICODUSPORT-2020-SANS-FOND-SANS-TEXTE.png","contentUrl":"https:\/\/dicodusport.fr\/blog\/wp-content\/uploads\/2020\/06\/cropped-LOGO-DICODUSPORT-2020-SANS-FOND-SANS-TEXTE.png","width":512,"height":512,"caption":"Dicodusport"},"image":{"@id":"https:\/\/dicodusport.fr\/blog\/#\/schema\/logo\/image\/"},"sameAs":["https:\/\/www.facebook.com\/dicodusport","https:\/\/x.com\/dicodusport","https:\/\/www.instagram.com\/dicodusport\/","https:\/\/www.youtube.com\/channel\/UC7V2KZ5sd3htJivAbA4ZG3w"],"description":"Dicodusport est l'encyclop\u00e9die de l'actualit\u00e9 sportive.","email":"bonjour@dicodusport.fr","legalName":"DICODUSPORT","foundingDate":"2018-01-14","vatID":"FR71834470973","taxID":"83447097300043","numberOfEmployees":{"@type":"QuantitativeValue","minValue":"1","maxValue":"10"}},{"@type":"Person","@id":"https:\/\/dicodusport.fr\/blog\/#\/schema\/person\/627966a6cde45dbd8c5e36ac85d783da","name":"S\u00e9bastien Gente","image":{"@type":"ImageObject","inLanguage":"fr-FR","@id":"https:\/\/dicodusport.fr\/blog\/#\/schema\/person\/image\/","url":"https:\/\/dicodusport.fr\/blog\/wp-content\/uploads\/2021\/09\/1510990_10205810251400683_4124423575079401707_n-150x150.jpg","contentUrl":"https:\/\/dicodusport.fr\/blog\/wp-content\/uploads\/2021\/09\/1510990_10205810251400683_4124423575079401707_n-150x150.jpg","caption":"S\u00e9bastien Gente"},"description":"John Stockton, Gianni Bugno, Zinedine Zidane, Steffi Graf, Frode Andresen, St\u00e9phane Stoecklin, Davis Kamoga, Primoz Peterka, Werner Schlager et Aur\u00e9lien Rougerie. Point commun entre ces sportifs? Ils m'ont fait r\u00eaver et ont berc\u00e9 mon adolescence. Je suis un fondu de sports et j'essaie de retranscrire ma passion \u00e0 travers mes articles. Originaire du P\u00e9rigord, ma passion pour les Girondins, les Jaunards et les Jazzmen transpire dans mes \u00e9crits. \u00c0 Dicodusport depuis 2021, je d\u00e9niche les sports m\u00e9connus dans lesquels la France brille, et il y en a !","sameAs":["https:\/\/www.facebook.com\/sebastien.gente\/","https:\/\/www.instagram.com\/sebgente\/","https:\/\/www.linkedin.com\/in\/sbastien-gente-a29583169\/","https:\/\/x.com\/https:\/\/twitter.com\/globulo24","SebastienGente"],"worksFor":"S\u00e9bastien GENTE","url":"https:\/\/dicodusport.fr\/blog\/author\/sebastiengente\/"}]}},"_links":{"self":[{"href":"https:\/\/dicodusport.fr\/blog\/wp-json\/wp\/v2\/posts\/205144","targetHints":{"allow":["GET"]}}],"collection":[{"href":"https:\/\/dicodusport.fr\/blog\/wp-json\/wp\/v2\/posts"}],"about":[{"href":"https:\/\/dicodusport.fr\/blog\/wp-json\/wp\/v2\/types\/post"}],"author":[{"embeddable":true,"href":"https:\/\/dicodusport.fr\/blog\/wp-json\/wp\/v2\/users\/59"}],"replies":[{"embeddable":true,"href":"https:\/\/dicodusport.fr\/blog\/wp-json\/wp\/v2\/comments?post=205144"}],"version-history":[{"count":0,"href":"https:\/\/dicodusport.fr\/blog\/wp-json\/wp\/v2\/posts\/205144\/revisions"}],"wp:featuredmedia":[{"embeddable":true,"href":"https:\/\/dicodusport.fr\/blog\/wp-json\/wp\/v2\/media\/205186"}],"wp:attachment":[{"href":"https:\/\/dicodusport.fr\/blog\/wp-json\/wp\/v2\/media?parent=205144"}],"wp:term":[{"taxonomy":"category","embeddable":true,"href":"https:\/\/dicodusport.fr\/blog\/wp-json\/wp\/v2\/categories?post=205144"},{"taxonomy":"post_tag","embeddable":true,"href":"https:\/\/dicodusport.fr\/blog\/wp-json\/wp\/v2\/tags?post=205144"}],"curies":[{"name":"wp","href":"https:\/\/api.w.org\/{rel}","templated":true}]}}