{"id":205425,"date":"2022-03-06T10:35:42","date_gmt":"2022-03-06T09:35:42","guid":{"rendered":"https:\/\/dicodusport.fr\/blog\/?p=205425&#038;preview=true&#038;preview_id=205425"},"modified":"2022-03-06T19:39:47","modified_gmt":"2022-03-06T18:39:47","slug":"tirreno-adriatico-2022-profil-des-etapes","status":"publish","type":"post","link":"https:\/\/dicodusport.fr\/blog\/tirreno-adriatico-2022-profil-des-etapes\/","title":{"rendered":"Tirreno-Adriatico 2022 : Profil des \u00e9tapes"},"content":{"rendered":"<p style=\"text-align: justify;\"><em><strong><a href=\"https:\/\/dicodusport.fr\/blog\/actualites\/cyclisme\/\" target=\"_blank\" rel=\"noopener\">CYCLISME<\/a> &#8211; C&rsquo;est ce lundi 7 mars que d\u00e9bute Tirreno-Adriatico 2022. D\u00e9couvrez le profil des \u00e9tapes de cette 57\u00e8me \u00e9dition de la Course des deux Mers.<br \/>\n<\/strong><\/em><\/p>\n<h2 style=\"text-align: justify;\">1\u00e8re \u00e9tape &#8211; Lido di Camaiore &#8211; Lido di Camaiore : Lundi 7 mars 2022<\/h2>\n<p style=\"text-align: justify;\">Contre-la-montre de 13,9 km.<\/p>\n<div id=\"attachment_205422\" style=\"width: 1460px\" class=\"wp-caption alignnone\"><a href=\"https:\/\/dicodusport.fr\/blog\/wp-content\/uploads\/2022\/03\/Tirreno-Adriatico-2022-Etape-1.jpeg\"><img loading=\"lazy\" decoding=\"async\" aria-describedby=\"caption-attachment-205422\" class=\"wp-image-205422 size-full\" src=\"https:\/\/dicodusport.fr\/blog\/wp-content\/uploads\/2022\/03\/Tirreno-Adriatico-2022-Etape-1.jpeg\" alt=\"\" width=\"1450\" height=\"625\" srcset=\"https:\/\/dicodusport.fr\/blog\/wp-content\/uploads\/2022\/03\/Tirreno-Adriatico-2022-Etape-1.jpeg 1450w, https:\/\/dicodusport.fr\/blog\/wp-content\/uploads\/2022\/03\/Tirreno-Adriatico-2022-Etape-1-300x129.jpeg 300w, https:\/\/dicodusport.fr\/blog\/wp-content\/uploads\/2022\/03\/Tirreno-Adriatico-2022-Etape-1-1024x441.jpeg 1024w, https:\/\/dicodusport.fr\/blog\/wp-content\/uploads\/2022\/03\/Tirreno-Adriatico-2022-Etape-1-768x331.jpeg 768w\" sizes=\"auto, (max-width: 1450px) 100vw, 1450px\" \/><\/a><p id=\"caption-attachment-205422\" class=\"wp-caption-text\">\u00a9 Pro Cycling Stats<\/p><\/div>\n<p style=\"text-align: center;\"><a href=\"http:\/\/dicodusport.fr\/blog\/tirreno-adriatico-2022-profil-des-etapes\/2\/#deux\" class=\"su-button su-button-style-flat\" style=\"color:#FFFFFF;background-color:#005f9b;border-color:#004c7c;border-radius:4px\" target=\"_self\"><span style=\"color:#FFFFFF;padding:0px 20px;font-size:16px;line-height:32px;border-color:#4d8fb9;border-radius:4px;text-shadow:none\"> Deuxi\u00e8me \u00e9tape<\/span><\/a><!--nextpage--><\/p>\n<h2><a id=\"deux\"><\/a>2\u00e8me \u00e9tape &#8211; Camaiore &#8211; Sovicille : Mardi 8 mars 2022<\/h2>\n<p style=\"text-align: justify;\">\u00c9tape vallonn\u00e9e de 219 km.<\/p>\n<div id=\"attachment_205421\" style=\"width: 1460px\" class=\"wp-caption alignnone\"><a href=\"https:\/\/dicodusport.fr\/blog\/wp-content\/uploads\/2022\/03\/Tirreno-Adriatico-2022-Etape-2.jpeg\"><img loading=\"lazy\" decoding=\"async\" aria-describedby=\"caption-attachment-205421\" class=\"wp-image-205421 size-full\" src=\"https:\/\/dicodusport.fr\/blog\/wp-content\/uploads\/2022\/03\/Tirreno-Adriatico-2022-Etape-2.jpeg\" alt=\"\" width=\"1450\" height=\"625\" srcset=\"https:\/\/dicodusport.fr\/blog\/wp-content\/uploads\/2022\/03\/Tirreno-Adriatico-2022-Etape-2.jpeg 1450w, https:\/\/dicodusport.fr\/blog\/wp-content\/uploads\/2022\/03\/Tirreno-Adriatico-2022-Etape-2-300x129.jpeg 300w, https:\/\/dicodusport.fr\/blog\/wp-content\/uploads\/2022\/03\/Tirreno-Adriatico-2022-Etape-2-1024x441.jpeg 1024w, https:\/\/dicodusport.fr\/blog\/wp-content\/uploads\/2022\/03\/Tirreno-Adriatico-2022-Etape-2-768x331.jpeg 768w\" sizes=\"auto, (max-width: 1450px) 100vw, 1450px\" \/><\/a><p id=\"caption-attachment-205421\" class=\"wp-caption-text\">\u00a9 Pro Cycling Stats<\/p><\/div>\n<p style=\"text-align: center;\"><a href=\"http:\/\/dicodusport.fr\/blog\/tirreno-adriatico-2022-profil-des-etapes\/3\/#trois\" class=\"su-button su-button-style-flat\" style=\"color:#FFFFFF;background-color:#005f9b;border-color:#004c7c;border-radius:4px\" target=\"_self\"><span style=\"color:#FFFFFF;padding:0px 20px;font-size:16px;line-height:32px;border-color:#4d8fb9;border-radius:4px;text-shadow:none\"> Troisi\u00e8me \u00e9tape<\/span><\/a>\n<p><!--nextpage--><\/p>\n<h2 style=\"text-align: justify;\"><a id=\"trois\"><\/a>3\u00e8me \u00e9tape &#8211; Murlo &#8211; Terni : Mercredi 9 mars 2022<\/h2>\n<p style=\"text-align: justify;\">\u00c9tape accident\u00e9e de 170 km.<\/p>\n<div id=\"attachment_205420\" style=\"width: 1460px\" class=\"wp-caption alignnone\"><a href=\"https:\/\/dicodusport.fr\/blog\/wp-content\/uploads\/2022\/03\/Tirreno-Adriatico-2022-Etape-3.jpeg\"><img loading=\"lazy\" decoding=\"async\" aria-describedby=\"caption-attachment-205420\" class=\"wp-image-205420 size-full\" src=\"https:\/\/dicodusport.fr\/blog\/wp-content\/uploads\/2022\/03\/Tirreno-Adriatico-2022-Etape-3.jpeg\" alt=\"\" width=\"1450\" height=\"625\" srcset=\"https:\/\/dicodusport.fr\/blog\/wp-content\/uploads\/2022\/03\/Tirreno-Adriatico-2022-Etape-3.jpeg 1450w, https:\/\/dicodusport.fr\/blog\/wp-content\/uploads\/2022\/03\/Tirreno-Adriatico-2022-Etape-3-300x129.jpeg 300w, https:\/\/dicodusport.fr\/blog\/wp-content\/uploads\/2022\/03\/Tirreno-Adriatico-2022-Etape-3-1024x441.jpeg 1024w, https:\/\/dicodusport.fr\/blog\/wp-content\/uploads\/2022\/03\/Tirreno-Adriatico-2022-Etape-3-768x331.jpeg 768w\" sizes=\"auto, (max-width: 1450px) 100vw, 1450px\" \/><\/a><p id=\"caption-attachment-205420\" class=\"wp-caption-text\">\u00a9 Pro Cycling Stats<\/p><\/div>\n<p style=\"text-align: center;\"><a href=\"http:\/\/dicodusport.fr\/blog\/tirreno-adriatico-2022-profil-des-etapes\/4\/#quatre\" class=\"su-button su-button-style-flat\" style=\"color:#FFFFFF;background-color:#005f9b;border-color:#004c7c;border-radius:4px\" target=\"_self\"><span style=\"color:#FFFFFF;padding:0px 20px;font-size:16px;line-height:32px;border-color:#4d8fb9;border-radius:4px;text-shadow:none\"> Quatri\u00e8me \u00e9tape<\/span><\/a>\n<p><!--nextpage--><\/p>\n<h2 style=\"text-align: justify;\"><a id=\"quatre\"><\/a>4\u00e8me \u00e9tape &#8211; Cascata delle Marmore &#8211; Bellante : Jeudi 10 mars 2022<\/h2>\n<p style=\"text-align: justify;\">\u00c9tape de moyenne montagne de 202 km.<\/p>\n<div id=\"attachment_205419\" style=\"width: 1460px\" class=\"wp-caption alignnone\"><a href=\"https:\/\/dicodusport.fr\/blog\/wp-content\/uploads\/2022\/03\/Tirreno-Adriatico-2022-Etape-4.jpeg\"><img loading=\"lazy\" decoding=\"async\" aria-describedby=\"caption-attachment-205419\" class=\"wp-image-205419 size-full\" src=\"https:\/\/dicodusport.fr\/blog\/wp-content\/uploads\/2022\/03\/Tirreno-Adriatico-2022-Etape-4.jpeg\" alt=\"\" width=\"1450\" height=\"625\" srcset=\"https:\/\/dicodusport.fr\/blog\/wp-content\/uploads\/2022\/03\/Tirreno-Adriatico-2022-Etape-4.jpeg 1450w, https:\/\/dicodusport.fr\/blog\/wp-content\/uploads\/2022\/03\/Tirreno-Adriatico-2022-Etape-4-300x129.jpeg 300w, https:\/\/dicodusport.fr\/blog\/wp-content\/uploads\/2022\/03\/Tirreno-Adriatico-2022-Etape-4-1024x441.jpeg 1024w, https:\/\/dicodusport.fr\/blog\/wp-content\/uploads\/2022\/03\/Tirreno-Adriatico-2022-Etape-4-768x331.jpeg 768w\" sizes=\"auto, (max-width: 1450px) 100vw, 1450px\" \/><\/a><p id=\"caption-attachment-205419\" class=\"wp-caption-text\">\u00a9 Pro Cycling Stats<\/p><\/div>\n<p style=\"text-align: center;\"><a href=\"http:\/\/dicodusport.fr\/blog\/tirreno-adriatico-2022-profil-des-etapes\/5\/#cinq\" class=\"su-button su-button-style-flat\" style=\"color:#FFFFFF;background-color:#005f9b;border-color:#004c7c;border-radius:4px\" target=\"_self\"><span style=\"color:#FFFFFF;padding:0px 20px;font-size:16px;line-height:32px;border-color:#4d8fb9;border-radius:4px;text-shadow:none\"> Cinqui\u00e8me \u00e9tape<\/span><\/a>\n<p><!--nextpage--><\/p>\n<h2 style=\"text-align: justify;\"><a id=\"cinq\"><\/a>5\u00e8me \u00e9tape &#8211; Sefro &#8211; Fermo : Vendredi 11 mars 2022<\/h2>\n<p style=\"text-align: justify;\">\u00c9tape accident\u00e9e de 155 km.<\/p>\n<div id=\"attachment_205418\" style=\"width: 1660px\" class=\"wp-caption alignnone\"><a href=\"https:\/\/dicodusport.fr\/blog\/wp-content\/uploads\/2022\/03\/Tirreno-Adriatico-2022-Etape-5.jpeg\"><img loading=\"lazy\" decoding=\"async\" aria-describedby=\"caption-attachment-205418\" class=\"size-full wp-image-205418\" src=\"https:\/\/dicodusport.fr\/blog\/wp-content\/uploads\/2022\/03\/Tirreno-Adriatico-2022-Etape-5.jpeg\" alt=\"\" width=\"1650\" height=\"625\" srcset=\"https:\/\/dicodusport.fr\/blog\/wp-content\/uploads\/2022\/03\/Tirreno-Adriatico-2022-Etape-5.jpeg 1650w, https:\/\/dicodusport.fr\/blog\/wp-content\/uploads\/2022\/03\/Tirreno-Adriatico-2022-Etape-5-300x114.jpeg 300w, https:\/\/dicodusport.fr\/blog\/wp-content\/uploads\/2022\/03\/Tirreno-Adriatico-2022-Etape-5-1024x388.jpeg 1024w, https:\/\/dicodusport.fr\/blog\/wp-content\/uploads\/2022\/03\/Tirreno-Adriatico-2022-Etape-5-768x291.jpeg 768w, https:\/\/dicodusport.fr\/blog\/wp-content\/uploads\/2022\/03\/Tirreno-Adriatico-2022-Etape-5-1536x582.jpeg 1536w\" sizes=\"auto, (max-width: 1650px) 100vw, 1650px\" \/><\/a><p id=\"caption-attachment-205418\" class=\"wp-caption-text\">\u00a9 Pro Cycling Stats<\/p><\/div>\n<p style=\"text-align: center;\"><a href=\"http:\/\/dicodusport.fr\/blog\/tirreno-adriatico-2022-profil-des-etapes\/6\/#six\" class=\"su-button su-button-style-flat\" style=\"color:#FFFFFF;background-color:#005f9b;border-color:#004c7c;border-radius:4px\" target=\"_self\"><span style=\"color:#FFFFFF;padding:0px 20px;font-size:16px;line-height:32px;border-color:#4d8fb9;border-radius:4px;text-shadow:none\"> Sixi\u00e8me \u00e9tape<\/span><\/a>\n<p><!--nextpage--><\/p>\n<h2 style=\"text-align: justify;\"><a id=\"six\"><\/a>6\u00e8me \u00e9tape &#8211; Apecchio &#8211; Carpegna : Samedi 12 mars 2022<\/h2>\n<p style=\"text-align: justify;\">\u00c9tape de montagne de 215 km.<\/p>\n<div id=\"attachment_205417\" style=\"width: 1460px\" class=\"wp-caption alignnone\"><a href=\"https:\/\/dicodusport.fr\/blog\/wp-content\/uploads\/2022\/03\/Tirreno-Adriatico-2022-Etape-6.jpeg\"><img loading=\"lazy\" decoding=\"async\" aria-describedby=\"caption-attachment-205417\" class=\"size-full wp-image-205417\" src=\"https:\/\/dicodusport.fr\/blog\/wp-content\/uploads\/2022\/03\/Tirreno-Adriatico-2022-Etape-6.jpeg\" alt=\"\" width=\"1450\" height=\"625\" srcset=\"https:\/\/dicodusport.fr\/blog\/wp-content\/uploads\/2022\/03\/Tirreno-Adriatico-2022-Etape-6.jpeg 1450w, https:\/\/dicodusport.fr\/blog\/wp-content\/uploads\/2022\/03\/Tirreno-Adriatico-2022-Etape-6-300x129.jpeg 300w, https:\/\/dicodusport.fr\/blog\/wp-content\/uploads\/2022\/03\/Tirreno-Adriatico-2022-Etape-6-1024x441.jpeg 1024w, https:\/\/dicodusport.fr\/blog\/wp-content\/uploads\/2022\/03\/Tirreno-Adriatico-2022-Etape-6-768x331.jpeg 768w\" sizes=\"auto, (max-width: 1450px) 100vw, 1450px\" \/><\/a><p id=\"caption-attachment-205417\" class=\"wp-caption-text\">\u00a9 Pro Cycling Stats<\/p><\/div>\n<p style=\"text-align: center;\"><a href=\"http:\/\/dicodusport.fr\/blog\/tirreno-adriatico-2022-profil-des-etapes\/7\/#sept\" class=\"su-button su-button-style-flat\" style=\"color:#FFFFFF;background-color:#005f9b;border-color:#004c7c;border-radius:4px\" target=\"_self\"><span style=\"color:#FFFFFF;padding:0px 20px;font-size:16px;line-height:32px;border-color:#4d8fb9;border-radius:4px;text-shadow:none\"> Septi\u00e8me \u00e9tape<\/span><\/a>\n<h1 style=\"text-align: justify;\"><!--nextpage--><\/h1>\n<h2 style=\"text-align: justify;\"><a id=\"sept\"><\/a>7\u00e8me \u00e9tape &#8211; San Benedetto del Tronto &#8211; San Benedetto del Tronto : Dimanche 13 mars 2022<\/h2>\n<p style=\"text-align: justify;\">\u00c9tape accident\u00e9e de 159 km.<\/p>\n<div id=\"attachment_205416\" style=\"width: 1460px\" class=\"wp-caption alignnone\"><a href=\"https:\/\/dicodusport.fr\/blog\/wp-content\/uploads\/2022\/03\/Tirreno-Adriatico-2022-Etape-7.jpeg\"><img loading=\"lazy\" decoding=\"async\" aria-describedby=\"caption-attachment-205416\" class=\"size-full wp-image-205416\" src=\"https:\/\/dicodusport.fr\/blog\/wp-content\/uploads\/2022\/03\/Tirreno-Adriatico-2022-Etape-7.jpeg\" alt=\"\" width=\"1450\" height=\"625\" srcset=\"https:\/\/dicodusport.fr\/blog\/wp-content\/uploads\/2022\/03\/Tirreno-Adriatico-2022-Etape-7.jpeg 1450w, https:\/\/dicodusport.fr\/blog\/wp-content\/uploads\/2022\/03\/Tirreno-Adriatico-2022-Etape-7-300x129.jpeg 300w, https:\/\/dicodusport.fr\/blog\/wp-content\/uploads\/2022\/03\/Tirreno-Adriatico-2022-Etape-7-1024x441.jpeg 1024w, https:\/\/dicodusport.fr\/blog\/wp-content\/uploads\/2022\/03\/Tirreno-Adriatico-2022-Etape-7-768x331.jpeg 768w\" sizes=\"auto, (max-width: 1450px) 100vw, 1450px\" \/><\/a><p id=\"caption-attachment-205416\" class=\"wp-caption-text\">\u00a9 Pro Cycling Stats<\/p><\/div>\n<p style=\"text-align: center;\"><a href=\"http:\/\/dicodusport.fr\/blog\/tirreno-adriatico-2022-profil-des-etapes\/\" class=\"su-button su-button-style-flat\" style=\"color:#FFFFFF;background-color:#005f9b;border-color:#004c7c;border-radius:4px\" target=\"_self\"><span style=\"color:#FFFFFF;padding:0px 20px;font-size:16px;line-height:32px;border-color:#4d8fb9;border-radius:4px;text-shadow:none\"> Revenir au d\u00e9but<\/span><\/a>\n<h2 style=\"text-align: justify;\">\u00c0 lire aussi<\/h2>\n<ul>\n<li style=\"text-align: justify;\"><a href=\"https:\/\/dicodusport.fr\/blog\/tirreno-adriatico-2022-le-parcours-en-detail\/\"><strong>Le parcours en d\u00e9tail<\/strong><\/a><\/li>\n<li><a href=\"https:\/\/dicodusport.fr\/blog\/les-engages-de-tirreno-adriatico-2022\/\" target=\"_blank\" rel=\"noopener\"><strong>Les engag\u00e9s<\/strong><\/a><\/li>\n<\/ul>\n<p>&nbsp;<\/p>\n","protected":false},"excerpt":{"rendered":"<p>CYCLISME &#8211; C&rsquo;est ce lundi 7 mars que d\u00e9bute Tirreno-Adriatico 2022. D\u00e9couvrez le profil des \u00e9tapes de cette 57\u00e8me \u00e9dition de la Course des deux Mers.<\/p>\n","protected":false},"author":1,"featured_media":205433,"comment_status":"open","ping_status":"closed","sticky":false,"template":"","format":"standard","meta":{"_acf_changed":false,"_daextam_enable_autolinks":"","footnotes":""},"categories":[2307,46994],"tags":[7435],"class_list":["post-205425","post","type-post","status-publish","format-standard","has-post-thumbnail","hentry","category-cyclisme","category-cyclisme-sur-route","tag-tirreno-adriatico"],"acf":[],"yoast_head":"<!-- This site is optimized with the Yoast SEO Premium plugin v26.7 (Yoast SEO v26.7) - https:\/\/yoast.com\/wordpress\/plugins\/seo\/ -->\n<title>Tirreno-Adriatico 2022 : Profil des \u00e9tapes<\/title>\n<meta name=\"description\" content=\"CYCLISME - C&#039;est ce lundi 7 mars que d\u00e9bute Tirreno-Adriatico 2022. D\u00e9couvrez le profil des \u00e9tapes de cette 57\u00e8me \u00e9dition de la Course des deux Mers.\" \/>\n<meta name=\"robots\" content=\"index, follow, max-snippet:-1, max-image-preview:large, max-video-preview:-1\" \/>\n<link rel=\"canonical\" href=\"https:\/\/dicodusport.fr\/blog\/tirreno-adriatico-2022-profil-des-etapes\/\" \/>\n<link rel=\"next\" href=\"https:\/\/dicodusport.fr\/blog\/tirreno-adriatico-2022-profil-des-etapes\/2\/\" \/>\n<meta property=\"og:locale\" content=\"fr_FR\" \/>\n<meta property=\"og:type\" content=\"article\" \/>\n<meta property=\"og:title\" content=\"Tirreno-Adriatico 2022 : Profil des \u00e9tapes\" \/>\n<meta property=\"og:description\" content=\"CYCLISME - C&#039;est ce lundi 7 mars que d\u00e9bute Tirreno-Adriatico 2022. D\u00e9couvrez le profil des \u00e9tapes de cette 57\u00e8me \u00e9dition de la Course des deux Mers.\" \/>\n<meta property=\"og:url\" content=\"https:\/\/dicodusport.fr\/blog\/tirreno-adriatico-2022-profil-des-etapes\/\" \/>\n<meta property=\"og:site_name\" content=\"Dicodusport\" \/>\n<meta property=\"article:publisher\" content=\"https:\/\/www.facebook.com\/dicodusport\" \/>\n<meta property=\"article:author\" content=\"https:\/\/www.facebook.com\/dicodusport\" \/>\n<meta property=\"article:published_time\" content=\"2022-03-06T09:35:42+00:00\" \/>\n<meta property=\"article:modified_time\" content=\"2022-03-06T18:39:47+00:00\" \/>\n<meta property=\"og:image\" content=\"https:\/\/dicodusport.fr\/blog\/wp-content\/uploads\/2022\/03\/Tirreno-Adriatico-2022-profil-des-e\u0301tapes.png\" \/>\n\t<meta property=\"og:image:width\" content=\"800\" \/>\n\t<meta property=\"og:image:height\" content=\"445\" \/>\n\t<meta property=\"og:image:type\" content=\"image\/png\" \/>\n<meta name=\"author\" content=\"Nicolas Jacquemard\" \/>\n<meta name=\"twitter:card\" content=\"summary_large_image\" \/>\n<meta name=\"twitter:title\" content=\"Tirreno-Adriatico 2022 : Profil des \u00e9tapes\" \/>\n<meta name=\"twitter:creator\" content=\"@https:\/\/twitter.com\/Nico_Jacquemard\" \/>\n<meta name=\"twitter:site\" content=\"@dicodusport\" \/>\n<script type=\"application\/ld+json\" class=\"yoast-schema-graph\">{\"@context\":\"https:\/\/schema.org\",\"@graph\":[{\"@type\":\"NewsArticle\",\"@id\":\"https:\/\/dicodusport.fr\/blog\/tirreno-adriatico-2022-profil-des-etapes\/#article\",\"isPartOf\":{\"@id\":\"https:\/\/dicodusport.fr\/blog\/tirreno-adriatico-2022-profil-des-etapes\/\"},\"author\":{\"name\":\"Nicolas Jacquemard\",\"@id\":\"https:\/\/dicodusport.fr\/blog\/#\/schema\/person\/55dcb50ad410894e431ed812bbb70191\"},\"headline\":\"Tirreno-Adriatico 2022 : Profil des \u00e9tapes\",\"datePublished\":\"2022-03-06T09:35:42+00:00\",\"dateModified\":\"2022-03-06T18:39:47+00:00\",\"mainEntityOfPage\":{\"@id\":\"https:\/\/dicodusport.fr\/blog\/tirreno-adriatico-2022-profil-des-etapes\/\"},\"wordCount\":368,\"commentCount\":0,\"publisher\":{\"@id\":\"https:\/\/dicodusport.fr\/blog\/#organization\"},\"image\":{\"@id\":\"https:\/\/dicodusport.fr\/blog\/tirreno-adriatico-2022-profil-des-etapes\/#primaryimage\"},\"thumbnailUrl\":\"https:\/\/dicodusport.fr\/blog\/wp-content\/uploads\/2022\/03\/Tirreno-Adriatico-2022-profil-des-e\u0301tapes.png\",\"keywords\":[\"Tirreno-Adriatico\"],\"articleSection\":[\"Cyclisme\",\"Cyclisme sur route\"],\"inLanguage\":\"fr-FR\",\"potentialAction\":[{\"@type\":\"CommentAction\",\"name\":\"Comment\",\"target\":[\"https:\/\/dicodusport.fr\/blog\/tirreno-adriatico-2022-profil-des-etapes\/#respond\"]}],\"copyrightYear\":\"2022\",\"copyrightHolder\":{\"@id\":\"https:\/\/dicodusport.fr\/blog\/#organization\"}},{\"@type\":\"WebPage\",\"@id\":\"https:\/\/dicodusport.fr\/blog\/tirreno-adriatico-2022-profil-des-etapes\/\",\"url\":\"https:\/\/dicodusport.fr\/blog\/tirreno-adriatico-2022-profil-des-etapes\/\",\"name\":\"Tirreno-Adriatico 2022 : Profil des \u00e9tapes\",\"isPartOf\":{\"@id\":\"https:\/\/dicodusport.fr\/blog\/#website\"},\"primaryImageOfPage\":{\"@id\":\"https:\/\/dicodusport.fr\/blog\/tirreno-adriatico-2022-profil-des-etapes\/#primaryimage\"},\"image\":{\"@id\":\"https:\/\/dicodusport.fr\/blog\/tirreno-adriatico-2022-profil-des-etapes\/#primaryimage\"},\"thumbnailUrl\":\"https:\/\/dicodusport.fr\/blog\/wp-content\/uploads\/2022\/03\/Tirreno-Adriatico-2022-profil-des-e\u0301tapes.png\",\"datePublished\":\"2022-03-06T09:35:42+00:00\",\"dateModified\":\"2022-03-06T18:39:47+00:00\",\"description\":\"CYCLISME - C'est ce lundi 7 mars que d\u00e9bute Tirreno-Adriatico 2022. D\u00e9couvrez le profil des \u00e9tapes de cette 57\u00e8me \u00e9dition de la Course des deux Mers.\",\"inLanguage\":\"fr-FR\",\"potentialAction\":[{\"@type\":\"ReadAction\",\"target\":[\"https:\/\/dicodusport.fr\/blog\/tirreno-adriatico-2022-profil-des-etapes\/\"]}]},{\"@type\":\"ImageObject\",\"inLanguage\":\"fr-FR\",\"@id\":\"https:\/\/dicodusport.fr\/blog\/tirreno-adriatico-2022-profil-des-etapes\/#primaryimage\",\"url\":\"https:\/\/dicodusport.fr\/blog\/wp-content\/uploads\/2022\/03\/Tirreno-Adriatico-2022-profil-des-e\u0301tapes.png\",\"contentUrl\":\"https:\/\/dicodusport.fr\/blog\/wp-content\/uploads\/2022\/03\/Tirreno-Adriatico-2022-profil-des-e\u0301tapes.png\",\"width\":800,\"height\":445},{\"@type\":\"WebSite\",\"@id\":\"https:\/\/dicodusport.fr\/blog\/#website\",\"url\":\"https:\/\/dicodusport.fr\/blog\/\",\"name\":\"Dicodusport\",\"description\":\"L&#039;encyclop\u00e9die de l&#039;actualit\u00e9 sportive\",\"publisher\":{\"@id\":\"https:\/\/dicodusport.fr\/blog\/#organization\"},\"potentialAction\":[{\"@type\":\"SearchAction\",\"target\":{\"@type\":\"EntryPoint\",\"urlTemplate\":\"https:\/\/dicodusport.fr\/blog\/?s={search_term_string}\"},\"query-input\":{\"@type\":\"PropertyValueSpecification\",\"valueRequired\":true,\"valueName\":\"search_term_string\"}}],\"inLanguage\":\"fr-FR\"},{\"@type\":\"NewsMediaOrganization\",\"@id\":\"https:\/\/dicodusport.fr\/blog\/#organization\",\"name\":\"Dicodusport\",\"url\":\"https:\/\/dicodusport.fr\/blog\/\",\"logo\":{\"@type\":\"ImageObject\",\"inLanguage\":\"fr-FR\",\"@id\":\"https:\/\/dicodusport.fr\/blog\/#\/schema\/logo\/image\/\",\"url\":\"https:\/\/dicodusport.fr\/blog\/wp-content\/uploads\/2020\/06\/cropped-LOGO-DICODUSPORT-2020-SANS-FOND-SANS-TEXTE.png\",\"contentUrl\":\"https:\/\/dicodusport.fr\/blog\/wp-content\/uploads\/2020\/06\/cropped-LOGO-DICODUSPORT-2020-SANS-FOND-SANS-TEXTE.png\",\"width\":512,\"height\":512,\"caption\":\"Dicodusport\"},\"image\":{\"@id\":\"https:\/\/dicodusport.fr\/blog\/#\/schema\/logo\/image\/\"},\"sameAs\":[\"https:\/\/www.facebook.com\/dicodusport\",\"https:\/\/x.com\/dicodusport\",\"https:\/\/www.instagram.com\/dicodusport\/\",\"https:\/\/www.youtube.com\/channel\/UC7V2KZ5sd3htJivAbA4ZG3w\"],\"description\":\"Dicodusport est l'encyclop\u00e9die de l'actualit\u00e9 sportive.\",\"email\":\"bonjour@dicodusport.fr\",\"legalName\":\"DICODUSPORT\",\"foundingDate\":\"2018-01-14\",\"vatID\":\"FR71834470973\",\"taxID\":\"83447097300043\",\"numberOfEmployees\":{\"@type\":\"QuantitativeValue\",\"minValue\":\"1\",\"maxValue\":\"10\"}},{\"@type\":\"Person\",\"@id\":\"https:\/\/dicodusport.fr\/blog\/#\/schema\/person\/55dcb50ad410894e431ed812bbb70191\",\"name\":\"Nicolas Jacquemard\",\"image\":{\"@type\":\"ImageObject\",\"inLanguage\":\"fr-FR\",\"@id\":\"https:\/\/dicodusport.fr\/blog\/#\/schema\/person\/image\/\",\"url\":\"https:\/\/dicodusport.fr\/blog\/wp-content\/uploads\/2021\/05\/Nicolas-Jacquemard-150x150.jpeg\",\"contentUrl\":\"https:\/\/dicodusport.fr\/blog\/wp-content\/uploads\/2021\/05\/Nicolas-Jacquemard-150x150.jpeg\",\"caption\":\"Nicolas Jacquemard\"},\"description\":\"Passionn\u00e9 de sport et entrepreneur depuis mes 18 ans, la cr\u00e9ation de Dicodusport m'a sembl\u00e9 \u00e9vidente pour participer \u00e0 la m\u00e9diatisation d'un plus grand nombre de sports. Le chemin est long mais avec une \u00e9quipe des plus motiv\u00e9es et les Jeux Olympiques de Paris 2024 en point de mire, nous y arriverons ! Journaliste dans le monde du sport depuis plus de 5 ans, je traite aussi bien de football, de rugby, de biathlon que de cyclisme.\",\"sameAs\":[\"https:\/\/www.facebook.com\/dicodusport\",\"https:\/\/x.com\/https:\/\/twitter.com\/Nico_Jacquemard\"],\"url\":\"https:\/\/dicodusport.fr\/blog\/author\/dicodusport\/\"}]}<\/script>\n<!-- \/ Yoast SEO Premium plugin. -->","yoast_head_json":{"title":"Tirreno-Adriatico 2022 : Profil des \u00e9tapes","description":"CYCLISME - C'est ce lundi 7 mars que d\u00e9bute Tirreno-Adriatico 2022. D\u00e9couvrez le profil des \u00e9tapes de cette 57\u00e8me \u00e9dition de la Course des deux Mers.","robots":{"index":"index","follow":"follow","max-snippet":"max-snippet:-1","max-image-preview":"max-image-preview:large","max-video-preview":"max-video-preview:-1"},"canonical":"https:\/\/dicodusport.fr\/blog\/tirreno-adriatico-2022-profil-des-etapes\/","next":"https:\/\/dicodusport.fr\/blog\/tirreno-adriatico-2022-profil-des-etapes\/2\/","og_locale":"fr_FR","og_type":"article","og_title":"Tirreno-Adriatico 2022 : Profil des \u00e9tapes","og_description":"CYCLISME - C'est ce lundi 7 mars que d\u00e9bute Tirreno-Adriatico 2022. D\u00e9couvrez le profil des \u00e9tapes de cette 57\u00e8me \u00e9dition de la Course des deux Mers.","og_url":"https:\/\/dicodusport.fr\/blog\/tirreno-adriatico-2022-profil-des-etapes\/","og_site_name":"Dicodusport","article_publisher":"https:\/\/www.facebook.com\/dicodusport","article_author":"https:\/\/www.facebook.com\/dicodusport","article_published_time":"2022-03-06T09:35:42+00:00","article_modified_time":"2022-03-06T18:39:47+00:00","og_image":[{"width":800,"height":445,"url":"https:\/\/dicodusport.fr\/blog\/wp-content\/uploads\/2022\/03\/Tirreno-Adriatico-2022-profil-des-e\u0301tapes.png","type":"image\/png"}],"author":"Nicolas Jacquemard","twitter_card":"summary_large_image","twitter_title":"Tirreno-Adriatico 2022 : Profil des \u00e9tapes","twitter_creator":"@https:\/\/twitter.com\/Nico_Jacquemard","twitter_site":"@dicodusport","schema":{"@context":"https:\/\/schema.org","@graph":[{"@type":"NewsArticle","@id":"https:\/\/dicodusport.fr\/blog\/tirreno-adriatico-2022-profil-des-etapes\/#article","isPartOf":{"@id":"https:\/\/dicodusport.fr\/blog\/tirreno-adriatico-2022-profil-des-etapes\/"},"author":{"name":"Nicolas Jacquemard","@id":"https:\/\/dicodusport.fr\/blog\/#\/schema\/person\/55dcb50ad410894e431ed812bbb70191"},"headline":"Tirreno-Adriatico 2022 : Profil des \u00e9tapes","datePublished":"2022-03-06T09:35:42+00:00","dateModified":"2022-03-06T18:39:47+00:00","mainEntityOfPage":{"@id":"https:\/\/dicodusport.fr\/blog\/tirreno-adriatico-2022-profil-des-etapes\/"},"wordCount":368,"commentCount":0,"publisher":{"@id":"https:\/\/dicodusport.fr\/blog\/#organization"},"image":{"@id":"https:\/\/dicodusport.fr\/blog\/tirreno-adriatico-2022-profil-des-etapes\/#primaryimage"},"thumbnailUrl":"https:\/\/dicodusport.fr\/blog\/wp-content\/uploads\/2022\/03\/Tirreno-Adriatico-2022-profil-des-e\u0301tapes.png","keywords":["Tirreno-Adriatico"],"articleSection":["Cyclisme","Cyclisme sur route"],"inLanguage":"fr-FR","potentialAction":[{"@type":"CommentAction","name":"Comment","target":["https:\/\/dicodusport.fr\/blog\/tirreno-adriatico-2022-profil-des-etapes\/#respond"]}],"copyrightYear":"2022","copyrightHolder":{"@id":"https:\/\/dicodusport.fr\/blog\/#organization"}},{"@type":"WebPage","@id":"https:\/\/dicodusport.fr\/blog\/tirreno-adriatico-2022-profil-des-etapes\/","url":"https:\/\/dicodusport.fr\/blog\/tirreno-adriatico-2022-profil-des-etapes\/","name":"Tirreno-Adriatico 2022 : Profil des \u00e9tapes","isPartOf":{"@id":"https:\/\/dicodusport.fr\/blog\/#website"},"primaryImageOfPage":{"@id":"https:\/\/dicodusport.fr\/blog\/tirreno-adriatico-2022-profil-des-etapes\/#primaryimage"},"image":{"@id":"https:\/\/dicodusport.fr\/blog\/tirreno-adriatico-2022-profil-des-etapes\/#primaryimage"},"thumbnailUrl":"https:\/\/dicodusport.fr\/blog\/wp-content\/uploads\/2022\/03\/Tirreno-Adriatico-2022-profil-des-e\u0301tapes.png","datePublished":"2022-03-06T09:35:42+00:00","dateModified":"2022-03-06T18:39:47+00:00","description":"CYCLISME - C'est ce lundi 7 mars que d\u00e9bute Tirreno-Adriatico 2022. D\u00e9couvrez le profil des \u00e9tapes de cette 57\u00e8me \u00e9dition de la Course des deux Mers.","inLanguage":"fr-FR","potentialAction":[{"@type":"ReadAction","target":["https:\/\/dicodusport.fr\/blog\/tirreno-adriatico-2022-profil-des-etapes\/"]}]},{"@type":"ImageObject","inLanguage":"fr-FR","@id":"https:\/\/dicodusport.fr\/blog\/tirreno-adriatico-2022-profil-des-etapes\/#primaryimage","url":"https:\/\/dicodusport.fr\/blog\/wp-content\/uploads\/2022\/03\/Tirreno-Adriatico-2022-profil-des-e\u0301tapes.png","contentUrl":"https:\/\/dicodusport.fr\/blog\/wp-content\/uploads\/2022\/03\/Tirreno-Adriatico-2022-profil-des-e\u0301tapes.png","width":800,"height":445},{"@type":"WebSite","@id":"https:\/\/dicodusport.fr\/blog\/#website","url":"https:\/\/dicodusport.fr\/blog\/","name":"Dicodusport","description":"L&#039;encyclop\u00e9die de l&#039;actualit\u00e9 sportive","publisher":{"@id":"https:\/\/dicodusport.fr\/blog\/#organization"},"potentialAction":[{"@type":"SearchAction","target":{"@type":"EntryPoint","urlTemplate":"https:\/\/dicodusport.fr\/blog\/?s={search_term_string}"},"query-input":{"@type":"PropertyValueSpecification","valueRequired":true,"valueName":"search_term_string"}}],"inLanguage":"fr-FR"},{"@type":"NewsMediaOrganization","@id":"https:\/\/dicodusport.fr\/blog\/#organization","name":"Dicodusport","url":"https:\/\/dicodusport.fr\/blog\/","logo":{"@type":"ImageObject","inLanguage":"fr-FR","@id":"https:\/\/dicodusport.fr\/blog\/#\/schema\/logo\/image\/","url":"https:\/\/dicodusport.fr\/blog\/wp-content\/uploads\/2020\/06\/cropped-LOGO-DICODUSPORT-2020-SANS-FOND-SANS-TEXTE.png","contentUrl":"https:\/\/dicodusport.fr\/blog\/wp-content\/uploads\/2020\/06\/cropped-LOGO-DICODUSPORT-2020-SANS-FOND-SANS-TEXTE.png","width":512,"height":512,"caption":"Dicodusport"},"image":{"@id":"https:\/\/dicodusport.fr\/blog\/#\/schema\/logo\/image\/"},"sameAs":["https:\/\/www.facebook.com\/dicodusport","https:\/\/x.com\/dicodusport","https:\/\/www.instagram.com\/dicodusport\/","https:\/\/www.youtube.com\/channel\/UC7V2KZ5sd3htJivAbA4ZG3w"],"description":"Dicodusport est l'encyclop\u00e9die de l'actualit\u00e9 sportive.","email":"bonjour@dicodusport.fr","legalName":"DICODUSPORT","foundingDate":"2018-01-14","vatID":"FR71834470973","taxID":"83447097300043","numberOfEmployees":{"@type":"QuantitativeValue","minValue":"1","maxValue":"10"}},{"@type":"Person","@id":"https:\/\/dicodusport.fr\/blog\/#\/schema\/person\/55dcb50ad410894e431ed812bbb70191","name":"Nicolas Jacquemard","image":{"@type":"ImageObject","inLanguage":"fr-FR","@id":"https:\/\/dicodusport.fr\/blog\/#\/schema\/person\/image\/","url":"https:\/\/dicodusport.fr\/blog\/wp-content\/uploads\/2021\/05\/Nicolas-Jacquemard-150x150.jpeg","contentUrl":"https:\/\/dicodusport.fr\/blog\/wp-content\/uploads\/2021\/05\/Nicolas-Jacquemard-150x150.jpeg","caption":"Nicolas Jacquemard"},"description":"Passionn\u00e9 de sport et entrepreneur depuis mes 18 ans, la cr\u00e9ation de Dicodusport m'a sembl\u00e9 \u00e9vidente pour participer \u00e0 la m\u00e9diatisation d'un plus grand nombre de sports. Le chemin est long mais avec une \u00e9quipe des plus motiv\u00e9es et les Jeux Olympiques de Paris 2024 en point de mire, nous y arriverons ! Journaliste dans le monde du sport depuis plus de 5 ans, je traite aussi bien de football, de rugby, de biathlon que de cyclisme.","sameAs":["https:\/\/www.facebook.com\/dicodusport","https:\/\/x.com\/https:\/\/twitter.com\/Nico_Jacquemard"],"url":"https:\/\/dicodusport.fr\/blog\/author\/dicodusport\/"}]}},"_links":{"self":[{"href":"https:\/\/dicodusport.fr\/blog\/wp-json\/wp\/v2\/posts\/205425","targetHints":{"allow":["GET"]}}],"collection":[{"href":"https:\/\/dicodusport.fr\/blog\/wp-json\/wp\/v2\/posts"}],"about":[{"href":"https:\/\/dicodusport.fr\/blog\/wp-json\/wp\/v2\/types\/post"}],"author":[{"embeddable":true,"href":"https:\/\/dicodusport.fr\/blog\/wp-json\/wp\/v2\/users\/1"}],"replies":[{"embeddable":true,"href":"https:\/\/dicodusport.fr\/blog\/wp-json\/wp\/v2\/comments?post=205425"}],"version-history":[{"count":0,"href":"https:\/\/dicodusport.fr\/blog\/wp-json\/wp\/v2\/posts\/205425\/revisions"}],"wp:featuredmedia":[{"embeddable":true,"href":"https:\/\/dicodusport.fr\/blog\/wp-json\/wp\/v2\/media\/205433"}],"wp:attachment":[{"href":"https:\/\/dicodusport.fr\/blog\/wp-json\/wp\/v2\/media?parent=205425"}],"wp:term":[{"taxonomy":"category","embeddable":true,"href":"https:\/\/dicodusport.fr\/blog\/wp-json\/wp\/v2\/categories?post=205425"},{"taxonomy":"post_tag","embeddable":true,"href":"https:\/\/dicodusport.fr\/blog\/wp-json\/wp\/v2\/tags?post=205425"}],"curies":[{"name":"wp","href":"https:\/\/api.w.org\/{rel}","templated":true}]}}