{"id":20545,"date":"2018-06-18T16:02:07","date_gmt":"2018-06-18T14:02:07","guid":{"rendered":"http:\/\/dicodusport.fr\/blog\/?p=20545"},"modified":"2018-06-18T16:02:07","modified_gmt":"2018-06-18T14:02:07","slug":"kevin-mayer-le-record-du-monde-pour-aout","status":"publish","type":"post","link":"https:\/\/dicodusport.fr\/blog\/kevin-mayer-le-record-du-monde-pour-aout\/","title":{"rendered":"Kevin Mayer, le record du monde pour ao\u00fbt ?"},"content":{"rendered":"<p style=\"text-align: justify;\"><em><b>Impressionnant ce week-end sur le d\u00e9cathlon \u00ab\u00a0\u00e0 la carte\u00a0\u00bb de Ratingen, Kevin Mayer semble intouchable sur les prochains Championnats d&rsquo;Europe en ao\u00fbt. Et si son d\u00e9fi des Europe en Allemagne \u00e9tait plut\u00f4t\u00a0le record du monde d&rsquo;Ashton Eaton ?<\/b><\/em><\/p>\n<p style=\"text-align: justify;\">M\u00eame s&rsquo;il na pas particip\u00e9 \u00e0 10 \u00e9preuves comme dans un d\u00e9cathlon normal mais \u00e0 seulement 6 en Allemagne ce week-end, le champion du monde fran\u00e7ais du d\u00e9cathlon a impressionn\u00e9 ! D&rsquo;abord sur 100 m\u00e8tres, avec son record personnel avec un temps en 10&Prime;66 et surtout au disque en battant sa meilleur marque de plus de 2 m\u00e8tres (52m38). L&rsquo;int\u00e9ress\u00e9 \u00e9tait le premier surpris d&rsquo;une telle performance comme il l&rsquo;a confi\u00e9 \u00e0 nos confr\u00e8res de l&rsquo;Equipe :\u00a0<i>\u00ab 52m, je ne pensais pas faire \u00e7a dans ma vie&#8230; Honn\u00eatement je suis tr\u00e8s tr\u00e8s surpris et croyez-moi, je profite pleinement\u00a0! \u00bb<\/i><\/p>\n<p style=\"text-align: justify;\">S&rsquo;il \u00e9tait relativement d\u00e9\u00e7u par sa performance \u00e0 la perche (5m20 \u00ab\u00a0seulement\u00a0\u00bb), il a aussi r\u00e9alis\u00e9 des performances de premiers choix sur les trois autres \u00e9preuves auxquelles il a pris part :\u00a0110 m haies (13&Prime;78),\u00a0poids (15,86 m) et 400 m (48&Prime;33). Le Fran\u00e7ais \u00e9tait tr\u00e8s content de son week-end qui est de tr\u00e8s bonne augure pour la suite de la saison :\u00a0<i>\u00ab Je me suis surpris<\/i>.\u00a0<i>Je suis confiant, tr\u00e8s confiant, je n&rsquo;ai eu aucun moment de doute sur ce que j&rsquo;ai eu \u00e0 faire. Il n&rsquo;y a que du positif \u00e0 retenir de Ratingen. \u00bb<\/i><\/p>\n<h4 style=\"text-align: justify;\">Le record du monde dans les jambes<\/h4>\n<p style=\"text-align: justify;\">Avec un tel niveau de performance, dur d&rsquo;imaginer que le Fran\u00e7ais puisse \u00eatre battu lors des championnats d&rsquo;Europe de Berlin d\u00e9but ao\u00fbt m\u00eame si selon lui\u00a0ses deux principaux concurrents sont l&rsquo;Estonien\u00a0Maicel Uibo\u00a0et l&rsquo;Allemand, Kai Kazmirek. Kevin Mayer a une id\u00e9e en t\u00eate, battre le record du monde d&rsquo;Ashton Eaton un jour\u00a0\u00a0et pourquoi pas d\u00e8s cet \u00e9t\u00e9. Sur le papier, ses performances lui permettent de r\u00eaver \u00e0 ce record comme il l&rsquo;expliquait :\u00a0<i>\u00ab <\/i><i>Si je fais \u00e0 Berlin des performances comme celles de ce week-end, le record du monde sera en vue. Je ne peux plus dire que je n&rsquo;y pense pas. C&rsquo;est faisable. J&rsquo;ai franchi un cap. En additionnant toutes mes meilleures performances en d\u00e9cathlon, on arrive au total de 9 315 points. \u00c7a fait une belle marge sur le record d&rsquo;Ashton Eaton<\/i>\u00a0(l&rsquo;Am\u00e9ricain avait r\u00e9ussi 9 045 pts en 2015).\u00a0<i>Donc c&rsquo;est faisable, m\u00eame si \u00e7a passe \u00e9videmment par un d\u00e9cathlon presque parfait. \u00bb<\/i><\/p>\n<p style=\"text-align: justify;\">La t\u00e2che ne sera pas ais\u00e9e, d&rsquo;abord parce que ce sera un grand championnat et qu&rsquo;il y aura forcement la pression qui va avec. Mais aussi car, comme on l a vu l&rsquo;\u00e9t\u00e9 dernier pour les mondiaux, il est possible de passer \u00e0 c\u00f4t\u00e9 d&rsquo;une \u00e9preuve\u00a0:\u00a0le d\u00e9cathlonien \u00e9tait pass\u00e9 tout proche du 0 \u00e0 la perche. La force de Kevin, comme le rappelait son entraineur, Bertrand Valcin, est de repousser ses limites :\u00a0<i>\u00ab C&rsquo;est la force de Kevin<\/i>,\u00a0<i>il a toujours \u00e0 coeur de s&rsquo;exprimer \u00e0 fond et d&rsquo;aller au bout de lui-m\u00eame, avec un \u00e9norme enthousiasme quel que soit le contexte. \u00bb <\/i>Cette fois il faudra les repousser suffisament pour d\u00e9tr\u00f4ner le maitre de la discipline, Ashton Eaton.<\/p>\n<p style=\"text-align: justify;\"><em><strong>Nicolas Jacquemard<\/strong><br \/>\n<\/em><a style=\"color: #000000;\" href=\"https:\/\/twitter.com\/Nico_Jacquemard\" target=\"_blank\" rel=\"noopener noreferrer\"><img loading=\"lazy\" decoding=\"async\" class=\"alignnone wp-image-2908\" src=\"http:\/\/dicodusport.fr\/blog\/wp-content\/uploads\/2017\/07\/logo-twitter-150x150.png\" alt=\"\" width=\"39\" height=\"39\" \/><\/a><a style=\"color: #000000;\" href=\"https:\/\/www.facebook.com\/dicodusport\/\" target=\"_blank\" rel=\"noopener noreferrer\"><img loading=\"lazy\" decoding=\"async\" class=\"alignnone wp-image-2909\" src=\"http:\/\/dicodusport.fr\/blog\/wp-content\/uploads\/2017\/07\/logo-facebook-150x150.png\" alt=\"\" width=\"40\" height=\"40\" \/><\/a><\/p>\n","protected":false},"excerpt":{"rendered":"<p>Impressionnant ce week-end sur le d\u00e9cathlon \u00ab\u00a0\u00e0 la carte\u00a0\u00bb de Ratingen, K\u00e9vin Mayer semble intouchable sur les prochains Championnats d&rsquo;Europe en ao\u00fbt. Et si son d\u00e9fi des Europe en Allemagne \u00e9tait plut\u00f4t\u00a0le record du monde d&rsquo;Ashton Eaton ?<\/p>\n","protected":false},"author":1,"featured_media":20550,"comment_status":"open","ping_status":"closed","sticky":false,"template":"","format":"standard","meta":{"_acf_changed":false,"_daextam_enable_autolinks":"","footnotes":""},"categories":[2,2308],"tags":[143,4912,1192,1269,1257],"class_list":["post-20545","post","type-post","status-publish","format-standard","has-post-thumbnail","hentry","category-actualites","category-athletisme","tag-athletisme","tag-berlin","tag-championnat-deurope","tag-decathlon","tag-kevin-mayer"],"acf":[],"yoast_head":"<!-- This site is optimized with the Yoast SEO Premium plugin v26.7 (Yoast SEO v26.7) - https:\/\/yoast.com\/wordpress\/plugins\/seo\/ -->\n<title>Kevin Mayer, le record du monde pour ao\u00fbt ?<\/title>\n<meta name=\"description\" content=\"Impressionnant ce week-end sur le d\u00e9cathlon &quot;\u00e0 la carte&quot; de Ratingen, K\u00e9vin Mayer semble intouchable sur les prochains Championnats d&#039;Europe en ao\u00fbt. Et si son d\u00e9fi des Europe en Allemagne \u00e9tait plut\u00f4t\u00a0le record du monde d&#039;Ashton Eaton ?\" \/>\n<meta name=\"robots\" content=\"index, follow, max-snippet:-1, max-image-preview:large, max-video-preview:-1\" \/>\n<link rel=\"canonical\" href=\"https:\/\/dicodusport.fr\/blog\/kevin-mayer-le-record-du-monde-pour-aout\/\" \/>\n<meta property=\"og:locale\" content=\"fr_FR\" \/>\n<meta property=\"og:type\" content=\"article\" \/>\n<meta property=\"og:title\" content=\"Kevin Mayer, le record du monde pour ao\u00fbt ?\" \/>\n<meta property=\"og:description\" content=\"Impressionnant ce week-end sur le d\u00e9cathlon &quot;\u00e0 la carte&quot; de Ratingen, K\u00e9vin Mayer semble intouchable sur les prochains Championnats d&#039;Europe en ao\u00fbt. Et si son d\u00e9fi des Europe en Allemagne \u00e9tait plut\u00f4t\u00a0le record du monde d&#039;Ashton Eaton ?\" \/>\n<meta property=\"og:url\" content=\"https:\/\/dicodusport.fr\/blog\/kevin-mayer-le-record-du-monde-pour-aout\/\" \/>\n<meta property=\"og:site_name\" content=\"Dicodusport\" \/>\n<meta property=\"article:publisher\" content=\"https:\/\/www.facebook.com\/dicodusport\" \/>\n<meta property=\"article:author\" content=\"https:\/\/www.facebook.com\/dicodusport\" \/>\n<meta property=\"article:published_time\" content=\"2018-06-18T14:02:07+00:00\" \/>\n<meta property=\"og:image\" content=\"https:\/\/dicodusport.fr\/blog\/wp-content\/uploads\/2018\/06\/Kevin-Mayer.png\" \/>\n\t<meta property=\"og:image:width\" content=\"800\" \/>\n\t<meta property=\"og:image:height\" content=\"445\" \/>\n\t<meta property=\"og:image:type\" content=\"image\/png\" \/>\n<meta name=\"author\" content=\"Nicolas Jacquemard\" \/>\n<meta name=\"twitter:card\" content=\"summary_large_image\" \/>\n<meta name=\"twitter:creator\" content=\"@https:\/\/twitter.com\/Nico_Jacquemard\" \/>\n<meta name=\"twitter:site\" content=\"@dicodusport\" \/>\n<script type=\"application\/ld+json\" class=\"yoast-schema-graph\">{\"@context\":\"https:\/\/schema.org\",\"@graph\":[{\"@type\":\"NewsArticle\",\"@id\":\"https:\/\/dicodusport.fr\/blog\/kevin-mayer-le-record-du-monde-pour-aout\/#article\",\"isPartOf\":{\"@id\":\"https:\/\/dicodusport.fr\/blog\/kevin-mayer-le-record-du-monde-pour-aout\/\"},\"author\":{\"name\":\"Nicolas Jacquemard\",\"@id\":\"https:\/\/dicodusport.fr\/blog\/#\/schema\/person\/55dcb50ad410894e431ed812bbb70191\"},\"headline\":\"Kevin Mayer, le record du monde pour ao\u00fbt ?\",\"datePublished\":\"2018-06-18T14:02:07+00:00\",\"mainEntityOfPage\":{\"@id\":\"https:\/\/dicodusport.fr\/blog\/kevin-mayer-le-record-du-monde-pour-aout\/\"},\"wordCount\":565,\"commentCount\":0,\"publisher\":{\"@id\":\"https:\/\/dicodusport.fr\/blog\/#organization\"},\"image\":{\"@id\":\"https:\/\/dicodusport.fr\/blog\/kevin-mayer-le-record-du-monde-pour-aout\/#primaryimage\"},\"thumbnailUrl\":\"https:\/\/dicodusport.fr\/blog\/wp-content\/uploads\/2018\/06\/Kevin-Mayer.png\",\"keywords\":[\"Athl\u00e9tisme\",\"Berlin\",\"Championnat d'Europe\",\"d\u00e9cathlon\",\"Kevin Mayer\"],\"articleSection\":[\"Actualit\u00e9s\",\"Athl\u00e9tisme\"],\"inLanguage\":\"fr-FR\",\"potentialAction\":[{\"@type\":\"CommentAction\",\"name\":\"Comment\",\"target\":[\"https:\/\/dicodusport.fr\/blog\/kevin-mayer-le-record-du-monde-pour-aout\/#respond\"]}],\"copyrightYear\":\"2018\",\"copyrightHolder\":{\"@id\":\"https:\/\/dicodusport.fr\/blog\/#organization\"}},{\"@type\":\"WebPage\",\"@id\":\"https:\/\/dicodusport.fr\/blog\/kevin-mayer-le-record-du-monde-pour-aout\/\",\"url\":\"https:\/\/dicodusport.fr\/blog\/kevin-mayer-le-record-du-monde-pour-aout\/\",\"name\":\"Kevin Mayer, le record du monde pour ao\u00fbt ?\",\"isPartOf\":{\"@id\":\"https:\/\/dicodusport.fr\/blog\/#website\"},\"primaryImageOfPage\":{\"@id\":\"https:\/\/dicodusport.fr\/blog\/kevin-mayer-le-record-du-monde-pour-aout\/#primaryimage\"},\"image\":{\"@id\":\"https:\/\/dicodusport.fr\/blog\/kevin-mayer-le-record-du-monde-pour-aout\/#primaryimage\"},\"thumbnailUrl\":\"https:\/\/dicodusport.fr\/blog\/wp-content\/uploads\/2018\/06\/Kevin-Mayer.png\",\"datePublished\":\"2018-06-18T14:02:07+00:00\",\"description\":\"Impressionnant ce week-end sur le d\u00e9cathlon \\\"\u00e0 la carte\\\" de Ratingen, K\u00e9vin Mayer semble intouchable sur les prochains Championnats d'Europe en ao\u00fbt. Et si son d\u00e9fi des Europe en Allemagne \u00e9tait plut\u00f4t\u00a0le record du monde d'Ashton Eaton ?\",\"breadcrumb\":{\"@id\":\"https:\/\/dicodusport.fr\/blog\/kevin-mayer-le-record-du-monde-pour-aout\/#breadcrumb\"},\"inLanguage\":\"fr-FR\",\"potentialAction\":[{\"@type\":\"ReadAction\",\"target\":[\"https:\/\/dicodusport.fr\/blog\/kevin-mayer-le-record-du-monde-pour-aout\/\"]}]},{\"@type\":\"ImageObject\",\"inLanguage\":\"fr-FR\",\"@id\":\"https:\/\/dicodusport.fr\/blog\/kevin-mayer-le-record-du-monde-pour-aout\/#primaryimage\",\"url\":\"https:\/\/dicodusport.fr\/blog\/wp-content\/uploads\/2018\/06\/Kevin-Mayer.png\",\"contentUrl\":\"https:\/\/dicodusport.fr\/blog\/wp-content\/uploads\/2018\/06\/Kevin-Mayer.png\",\"width\":800,\"height\":445},{\"@type\":\"BreadcrumbList\",\"@id\":\"https:\/\/dicodusport.fr\/blog\/kevin-mayer-le-record-du-monde-pour-aout\/#breadcrumb\",\"itemListElement\":[{\"@type\":\"ListItem\",\"position\":1,\"name\":\"Accueil\",\"item\":\"https:\/\/dicodusport.fr\/blog\/\"},{\"@type\":\"ListItem\",\"position\":2,\"name\":\"Kevin Mayer, le record du monde pour ao\u00fbt ?\"}]},{\"@type\":\"WebSite\",\"@id\":\"https:\/\/dicodusport.fr\/blog\/#website\",\"url\":\"https:\/\/dicodusport.fr\/blog\/\",\"name\":\"Dicodusport\",\"description\":\"L&#039;encyclop\u00e9die de l&#039;actualit\u00e9 sportive\",\"publisher\":{\"@id\":\"https:\/\/dicodusport.fr\/blog\/#organization\"},\"potentialAction\":[{\"@type\":\"SearchAction\",\"target\":{\"@type\":\"EntryPoint\",\"urlTemplate\":\"https:\/\/dicodusport.fr\/blog\/?s={search_term_string}\"},\"query-input\":{\"@type\":\"PropertyValueSpecification\",\"valueRequired\":true,\"valueName\":\"search_term_string\"}}],\"inLanguage\":\"fr-FR\"},{\"@type\":\"NewsMediaOrganization\",\"@id\":\"https:\/\/dicodusport.fr\/blog\/#organization\",\"name\":\"Dicodusport\",\"url\":\"https:\/\/dicodusport.fr\/blog\/\",\"logo\":{\"@type\":\"ImageObject\",\"inLanguage\":\"fr-FR\",\"@id\":\"https:\/\/dicodusport.fr\/blog\/#\/schema\/logo\/image\/\",\"url\":\"https:\/\/dicodusport.fr\/blog\/wp-content\/uploads\/2020\/06\/cropped-LOGO-DICODUSPORT-2020-SANS-FOND-SANS-TEXTE.png\",\"contentUrl\":\"https:\/\/dicodusport.fr\/blog\/wp-content\/uploads\/2020\/06\/cropped-LOGO-DICODUSPORT-2020-SANS-FOND-SANS-TEXTE.png\",\"width\":512,\"height\":512,\"caption\":\"Dicodusport\"},\"image\":{\"@id\":\"https:\/\/dicodusport.fr\/blog\/#\/schema\/logo\/image\/\"},\"sameAs\":[\"https:\/\/www.facebook.com\/dicodusport\",\"https:\/\/x.com\/dicodusport\",\"https:\/\/www.instagram.com\/dicodusport\/\",\"https:\/\/www.youtube.com\/channel\/UC7V2KZ5sd3htJivAbA4ZG3w\"],\"description\":\"Dicodusport est l'encyclop\u00e9die de l'actualit\u00e9 sportive.\",\"email\":\"bonjour@dicodusport.fr\",\"legalName\":\"DICODUSPORT\",\"foundingDate\":\"2018-01-14\",\"vatID\":\"FR71834470973\",\"taxID\":\"83447097300043\",\"numberOfEmployees\":{\"@type\":\"QuantitativeValue\",\"minValue\":\"1\",\"maxValue\":\"10\"}},{\"@type\":\"Person\",\"@id\":\"https:\/\/dicodusport.fr\/blog\/#\/schema\/person\/55dcb50ad410894e431ed812bbb70191\",\"name\":\"Nicolas Jacquemard\",\"image\":{\"@type\":\"ImageObject\",\"inLanguage\":\"fr-FR\",\"@id\":\"https:\/\/dicodusport.fr\/blog\/#\/schema\/person\/image\/\",\"url\":\"https:\/\/dicodusport.fr\/blog\/wp-content\/uploads\/2021\/05\/Nicolas-Jacquemard-150x150.jpeg\",\"contentUrl\":\"https:\/\/dicodusport.fr\/blog\/wp-content\/uploads\/2021\/05\/Nicolas-Jacquemard-150x150.jpeg\",\"caption\":\"Nicolas Jacquemard\"},\"description\":\"Passionn\u00e9 de sport et entrepreneur depuis mes 18 ans, la cr\u00e9ation de Dicodusport m'a sembl\u00e9 \u00e9vidente pour participer \u00e0 la m\u00e9diatisation d'un plus grand nombre de sports. Le chemin est long mais avec une \u00e9quipe des plus motiv\u00e9es et les Jeux Olympiques de Paris 2024 en point de mire, nous y arriverons ! Journaliste dans le monde du sport depuis plus de 5 ans, je traite aussi bien de football, de rugby, de biathlon que de cyclisme.\",\"sameAs\":[\"https:\/\/www.facebook.com\/dicodusport\",\"https:\/\/x.com\/https:\/\/twitter.com\/Nico_Jacquemard\"],\"url\":\"https:\/\/dicodusport.fr\/blog\/author\/dicodusport\/\"}]}<\/script>\n<!-- \/ Yoast SEO Premium plugin. -->","yoast_head_json":{"title":"Kevin Mayer, le record du monde pour ao\u00fbt ?","description":"Impressionnant ce week-end sur le d\u00e9cathlon \"\u00e0 la carte\" de Ratingen, K\u00e9vin Mayer semble intouchable sur les prochains Championnats d'Europe en ao\u00fbt. Et si son d\u00e9fi des Europe en Allemagne \u00e9tait plut\u00f4t\u00a0le record du monde d'Ashton Eaton ?","robots":{"index":"index","follow":"follow","max-snippet":"max-snippet:-1","max-image-preview":"max-image-preview:large","max-video-preview":"max-video-preview:-1"},"canonical":"https:\/\/dicodusport.fr\/blog\/kevin-mayer-le-record-du-monde-pour-aout\/","og_locale":"fr_FR","og_type":"article","og_title":"Kevin Mayer, le record du monde pour ao\u00fbt ?","og_description":"Impressionnant ce week-end sur le d\u00e9cathlon \"\u00e0 la carte\" de Ratingen, K\u00e9vin Mayer semble intouchable sur les prochains Championnats d'Europe en ao\u00fbt. Et si son d\u00e9fi des Europe en Allemagne \u00e9tait plut\u00f4t\u00a0le record du monde d'Ashton Eaton ?","og_url":"https:\/\/dicodusport.fr\/blog\/kevin-mayer-le-record-du-monde-pour-aout\/","og_site_name":"Dicodusport","article_publisher":"https:\/\/www.facebook.com\/dicodusport","article_author":"https:\/\/www.facebook.com\/dicodusport","article_published_time":"2018-06-18T14:02:07+00:00","og_image":[{"width":800,"height":445,"url":"https:\/\/dicodusport.fr\/blog\/wp-content\/uploads\/2018\/06\/Kevin-Mayer.png","type":"image\/png"}],"author":"Nicolas Jacquemard","twitter_card":"summary_large_image","twitter_creator":"@https:\/\/twitter.com\/Nico_Jacquemard","twitter_site":"@dicodusport","schema":{"@context":"https:\/\/schema.org","@graph":[{"@type":"NewsArticle","@id":"https:\/\/dicodusport.fr\/blog\/kevin-mayer-le-record-du-monde-pour-aout\/#article","isPartOf":{"@id":"https:\/\/dicodusport.fr\/blog\/kevin-mayer-le-record-du-monde-pour-aout\/"},"author":{"name":"Nicolas Jacquemard","@id":"https:\/\/dicodusport.fr\/blog\/#\/schema\/person\/55dcb50ad410894e431ed812bbb70191"},"headline":"Kevin Mayer, le record du monde pour ao\u00fbt ?","datePublished":"2018-06-18T14:02:07+00:00","mainEntityOfPage":{"@id":"https:\/\/dicodusport.fr\/blog\/kevin-mayer-le-record-du-monde-pour-aout\/"},"wordCount":565,"commentCount":0,"publisher":{"@id":"https:\/\/dicodusport.fr\/blog\/#organization"},"image":{"@id":"https:\/\/dicodusport.fr\/blog\/kevin-mayer-le-record-du-monde-pour-aout\/#primaryimage"},"thumbnailUrl":"https:\/\/dicodusport.fr\/blog\/wp-content\/uploads\/2018\/06\/Kevin-Mayer.png","keywords":["Athl\u00e9tisme","Berlin","Championnat d'Europe","d\u00e9cathlon","Kevin Mayer"],"articleSection":["Actualit\u00e9s","Athl\u00e9tisme"],"inLanguage":"fr-FR","potentialAction":[{"@type":"CommentAction","name":"Comment","target":["https:\/\/dicodusport.fr\/blog\/kevin-mayer-le-record-du-monde-pour-aout\/#respond"]}],"copyrightYear":"2018","copyrightHolder":{"@id":"https:\/\/dicodusport.fr\/blog\/#organization"}},{"@type":"WebPage","@id":"https:\/\/dicodusport.fr\/blog\/kevin-mayer-le-record-du-monde-pour-aout\/","url":"https:\/\/dicodusport.fr\/blog\/kevin-mayer-le-record-du-monde-pour-aout\/","name":"Kevin Mayer, le record du monde pour ao\u00fbt ?","isPartOf":{"@id":"https:\/\/dicodusport.fr\/blog\/#website"},"primaryImageOfPage":{"@id":"https:\/\/dicodusport.fr\/blog\/kevin-mayer-le-record-du-monde-pour-aout\/#primaryimage"},"image":{"@id":"https:\/\/dicodusport.fr\/blog\/kevin-mayer-le-record-du-monde-pour-aout\/#primaryimage"},"thumbnailUrl":"https:\/\/dicodusport.fr\/blog\/wp-content\/uploads\/2018\/06\/Kevin-Mayer.png","datePublished":"2018-06-18T14:02:07+00:00","description":"Impressionnant ce week-end sur le d\u00e9cathlon \"\u00e0 la carte\" de Ratingen, K\u00e9vin Mayer semble intouchable sur les prochains Championnats d'Europe en ao\u00fbt. Et si son d\u00e9fi des Europe en Allemagne \u00e9tait plut\u00f4t\u00a0le record du monde d'Ashton Eaton ?","breadcrumb":{"@id":"https:\/\/dicodusport.fr\/blog\/kevin-mayer-le-record-du-monde-pour-aout\/#breadcrumb"},"inLanguage":"fr-FR","potentialAction":[{"@type":"ReadAction","target":["https:\/\/dicodusport.fr\/blog\/kevin-mayer-le-record-du-monde-pour-aout\/"]}]},{"@type":"ImageObject","inLanguage":"fr-FR","@id":"https:\/\/dicodusport.fr\/blog\/kevin-mayer-le-record-du-monde-pour-aout\/#primaryimage","url":"https:\/\/dicodusport.fr\/blog\/wp-content\/uploads\/2018\/06\/Kevin-Mayer.png","contentUrl":"https:\/\/dicodusport.fr\/blog\/wp-content\/uploads\/2018\/06\/Kevin-Mayer.png","width":800,"height":445},{"@type":"BreadcrumbList","@id":"https:\/\/dicodusport.fr\/blog\/kevin-mayer-le-record-du-monde-pour-aout\/#breadcrumb","itemListElement":[{"@type":"ListItem","position":1,"name":"Accueil","item":"https:\/\/dicodusport.fr\/blog\/"},{"@type":"ListItem","position":2,"name":"Kevin Mayer, le record du monde pour ao\u00fbt ?"}]},{"@type":"WebSite","@id":"https:\/\/dicodusport.fr\/blog\/#website","url":"https:\/\/dicodusport.fr\/blog\/","name":"Dicodusport","description":"L&#039;encyclop\u00e9die de l&#039;actualit\u00e9 sportive","publisher":{"@id":"https:\/\/dicodusport.fr\/blog\/#organization"},"potentialAction":[{"@type":"SearchAction","target":{"@type":"EntryPoint","urlTemplate":"https:\/\/dicodusport.fr\/blog\/?s={search_term_string}"},"query-input":{"@type":"PropertyValueSpecification","valueRequired":true,"valueName":"search_term_string"}}],"inLanguage":"fr-FR"},{"@type":"NewsMediaOrganization","@id":"https:\/\/dicodusport.fr\/blog\/#organization","name":"Dicodusport","url":"https:\/\/dicodusport.fr\/blog\/","logo":{"@type":"ImageObject","inLanguage":"fr-FR","@id":"https:\/\/dicodusport.fr\/blog\/#\/schema\/logo\/image\/","url":"https:\/\/dicodusport.fr\/blog\/wp-content\/uploads\/2020\/06\/cropped-LOGO-DICODUSPORT-2020-SANS-FOND-SANS-TEXTE.png","contentUrl":"https:\/\/dicodusport.fr\/blog\/wp-content\/uploads\/2020\/06\/cropped-LOGO-DICODUSPORT-2020-SANS-FOND-SANS-TEXTE.png","width":512,"height":512,"caption":"Dicodusport"},"image":{"@id":"https:\/\/dicodusport.fr\/blog\/#\/schema\/logo\/image\/"},"sameAs":["https:\/\/www.facebook.com\/dicodusport","https:\/\/x.com\/dicodusport","https:\/\/www.instagram.com\/dicodusport\/","https:\/\/www.youtube.com\/channel\/UC7V2KZ5sd3htJivAbA4ZG3w"],"description":"Dicodusport est l'encyclop\u00e9die de l'actualit\u00e9 sportive.","email":"bonjour@dicodusport.fr","legalName":"DICODUSPORT","foundingDate":"2018-01-14","vatID":"FR71834470973","taxID":"83447097300043","numberOfEmployees":{"@type":"QuantitativeValue","minValue":"1","maxValue":"10"}},{"@type":"Person","@id":"https:\/\/dicodusport.fr\/blog\/#\/schema\/person\/55dcb50ad410894e431ed812bbb70191","name":"Nicolas Jacquemard","image":{"@type":"ImageObject","inLanguage":"fr-FR","@id":"https:\/\/dicodusport.fr\/blog\/#\/schema\/person\/image\/","url":"https:\/\/dicodusport.fr\/blog\/wp-content\/uploads\/2021\/05\/Nicolas-Jacquemard-150x150.jpeg","contentUrl":"https:\/\/dicodusport.fr\/blog\/wp-content\/uploads\/2021\/05\/Nicolas-Jacquemard-150x150.jpeg","caption":"Nicolas Jacquemard"},"description":"Passionn\u00e9 de sport et entrepreneur depuis mes 18 ans, la cr\u00e9ation de Dicodusport m'a sembl\u00e9 \u00e9vidente pour participer \u00e0 la m\u00e9diatisation d'un plus grand nombre de sports. Le chemin est long mais avec une \u00e9quipe des plus motiv\u00e9es et les Jeux Olympiques de Paris 2024 en point de mire, nous y arriverons ! Journaliste dans le monde du sport depuis plus de 5 ans, je traite aussi bien de football, de rugby, de biathlon que de cyclisme.","sameAs":["https:\/\/www.facebook.com\/dicodusport","https:\/\/x.com\/https:\/\/twitter.com\/Nico_Jacquemard"],"url":"https:\/\/dicodusport.fr\/blog\/author\/dicodusport\/"}]}},"_links":{"self":[{"href":"https:\/\/dicodusport.fr\/blog\/wp-json\/wp\/v2\/posts\/20545","targetHints":{"allow":["GET"]}}],"collection":[{"href":"https:\/\/dicodusport.fr\/blog\/wp-json\/wp\/v2\/posts"}],"about":[{"href":"https:\/\/dicodusport.fr\/blog\/wp-json\/wp\/v2\/types\/post"}],"author":[{"embeddable":true,"href":"https:\/\/dicodusport.fr\/blog\/wp-json\/wp\/v2\/users\/1"}],"replies":[{"embeddable":true,"href":"https:\/\/dicodusport.fr\/blog\/wp-json\/wp\/v2\/comments?post=20545"}],"version-history":[{"count":0,"href":"https:\/\/dicodusport.fr\/blog\/wp-json\/wp\/v2\/posts\/20545\/revisions"}],"wp:featuredmedia":[{"embeddable":true,"href":"https:\/\/dicodusport.fr\/blog\/wp-json\/wp\/v2\/media\/20550"}],"wp:attachment":[{"href":"https:\/\/dicodusport.fr\/blog\/wp-json\/wp\/v2\/media?parent=20545"}],"wp:term":[{"taxonomy":"category","embeddable":true,"href":"https:\/\/dicodusport.fr\/blog\/wp-json\/wp\/v2\/categories?post=20545"},{"taxonomy":"post_tag","embeddable":true,"href":"https:\/\/dicodusport.fr\/blog\/wp-json\/wp\/v2\/tags?post=20545"}],"curies":[{"name":"wp","href":"https:\/\/api.w.org\/{rel}","templated":true}]}}