{"id":205531,"date":"2022-03-06T14:37:14","date_gmt":"2022-03-06T13:37:14","guid":{"rendered":"https:\/\/dicodusport.fr\/blog\/?p=205531&#038;preview=true&#038;preview_id=205531"},"modified":"2022-03-06T17:21:45","modified_gmt":"2022-03-06T16:21:45","slug":"geant-de-lenzerheide-tessa-worley-conclut-ce-week-end-de-reve","status":"publish","type":"post","link":"https:\/\/dicodusport.fr\/blog\/geant-de-lenzerheide-tessa-worley-conclut-ce-week-end-de-reve\/","title":{"rendered":"G\u00e9ant de Lenzerheide : Tessa Worley conclut ce week-end de r\u00eave"},"content":{"rendered":"<p style=\"text-align: justify;\"><em><span class=\"tojvnm2t a6sixzi8 abs2jz4q a8s20v7p t1p8iaqh k5wvi7nf q3lfd5jv pk4s997a bipmatt0 cebpdrjk qowsmv63 owwhemhu dp1hu0rb dhp61c6y iyyx5f41\"><strong><b><i><a href=\"https:\/\/dicodusport.fr\/blog\/actualites\/sports-dhiver\/ski\/coupe-du-monde-ski-alpin-2021-2022\/\">COUPE DU MONDE DE SKI ALPIN 2021-2022<\/a><\/i><\/b><\/strong><\/span><strong><span class=\"tojvnm2t a6sixzi8 abs2jz4q a8s20v7p t1p8iaqh k5wvi7nf q3lfd5jv pk4s997a bipmatt0 cebpdrjk qowsmv63 owwhemhu dp1hu0rb dhp61c6y iyyx5f41\"> \u2013 Tessa Worley a remport\u00e9 le g\u00e9ant de Lenzerhaide ce dimanche<\/span><\/strong><\/em><em><strong><span class=\"tojvnm2t a6sixzi8 abs2jz4q a8s20v7p t1p8iaqh k5wvi7nf q3lfd5jv pk4s997a bipmatt0 cebpdrjk qowsmv63 owwhemhu dp1hu0rb dhp61c6y iyyx5f41\">. Elle a devanc\u00e9 Federica Brignone et Sara Hector. La fin d&rsquo;un week-end de r\u00eave pour le ski fran\u00e7ais f\u00e9minin, apr\u00e8s le succ\u00e8s de Romane Miradoli samedi sur le Super-G.<\/span><\/strong><br \/>\n<\/em><\/p>\n<h2 style=\"text-align: justify;\">Trois femmes au-dessus du lot<\/h2>\n<p style=\"text-align: justify;\">La championne olympique de la discipline <strong>Sara Hector<\/strong> s&rsquo;est montr\u00e9e la plus rapide sur une premi\u00e8re manche tr\u00e8s pi\u00e9geuse en 1:01.11. Sur un trac\u00e9 tr\u00e8s s\u00e9lectif notamment avec un haut tr\u00e8s tournant, la Su\u00e9doise, vainqueure des deux derni\u00e8res manches de Coupe du monde en slalom g\u00e9ant, a devanc\u00e9 de 11 centi\u00e8mes <strong>Mikaela Shiffrin<\/strong> et de 16 centi\u00e8mes <strong>Tessa Worley<\/strong>. La g\u00e9antiste du Grand Bornand \u00e9tait en avance sur le haut avant de perdre un peu de terrain sur le bas. <strong>Meta Hrovat<\/strong> a termin\u00e9 avec le 4e temps \u00e0 0;75 devant <strong>Federica Brignone<\/strong> (5e \u00e0 1.00) et <strong>Katharina Truppe<\/strong> (6e \u00e0 1.07).<\/p>\n<h2 style=\"text-align: justify;\">Romane Miradoli poursuit son beau week-end<\/h2>\n<p style=\"text-align: justify;\">Puis, <strong>Coralie Frasse Sombet<\/strong> a sign\u00e9 le 15e temps \u00e0 2:20 avec le 5e temps de la derni\u00e8re portion. Partie en derni\u00e8re avec son dossard 54, <a href=\"https:\/\/dicodusport.fr\/blog\/super-g-de-lenzerheide-jour-de-gloire-pour-romane-miradoli\/\">la gagnante du Super-G de la veille<\/a>, <strong>Romane Miradoli<\/strong>,\u00a0a termin\u00e9 avec un tr\u00e8s bon 15e chrono \u00e0 2:14. Pour les autres fran\u00e7aises, <strong>Tifany Roux<\/strong> et <strong>Clara Diriez<\/strong> sont sorties sur le premier trac\u00e9. \u00c0 noter que la laur\u00e9ate du petit globe de g\u00e9ant la saison pass\u00e9e, <strong>Marta Bassino<\/strong>, est sortie d\u00e8s les premi\u00e8res portes. L&rsquo;autre perdante de cette premi\u00e8re manche, <strong>Petra Vlhova<\/strong>, la dauphine de Shiffrin pour le g\u00e9n\u00e9ral, est partie \u00e0 la faute \u00e9galement dans le premier mur.<\/p>\n<h2 style=\"text-align: justify;\">Tessa Worley g\u00e8re la pression<\/h2>\n<p style=\"text-align: justify;\">Sur une seconde manche plus facile et un d\u00e9part d\u00e9cal\u00e9 sur la gauche de la piste, <strong>Tessa Worley<\/strong> a remport\u00e9 une 16e victoire en Coupe du monde, et 4 ans apr\u00e8s son premier succ\u00e8s sur cette piste. Malgr\u00e9 des lignes tr\u00e8s directes sur le haut, elle a sign\u00e9 le meilleure marque en 2:02.35. Cela faisait 13 ans et le week-end \u00e0 Are que l&rsquo;\u00e9quipe de France f\u00e9minine n&rsquo;avait connu deux succ\u00e8s de suite lors d&rsquo;un week-end, avec<strong> Tessa Worley<\/strong> en g\u00e9ant et <strong>Sandrine Aubert<\/strong> en slalom, les 12 et 13 d\u00e9cembre 2009.<\/p>\n<blockquote class=\"twitter-tweet\">\n<p dir=\"ltr\" lang=\"fr\">Quand tu gagnes ta 16e victoire en coupe du monde !&#x1f929;&#x1f1eb;&#x1f1f7;<\/p>\n<p>Bravo <a href=\"https:\/\/twitter.com\/TessaWorley?ref_src=twsrc%5Etfw\">@TessaWorley<\/a><br \/>\n&#x1f4f8; Agence Zoom <a href=\"https:\/\/t.co\/kLo7NQS7sj\">pic.twitter.com\/kLo7NQS7sj<\/a><\/p>\n<p>\u2014 FFS &#8211; F\u00e9d\u00e9ration Fran\u00e7aise de Ski (@FedFranceSki) <a href=\"https:\/\/twitter.com\/FedFranceSki\/status\/1500472192491995136?ref_src=twsrc%5Etfw\">March 6, 2022<\/a><\/p><\/blockquote>\n<p><script async src=\"https:\/\/platform.twitter.com\/widgets.js\" charset=\"utf-8\"><\/script><\/p>\n<p style=\"text-align: justify;\">Ensuite, <strong>Federica Brignone<\/strong> a sorti une superbe seconde manche avec le meilleur chrono en 1:00.53 pour d\u00e9crocher la deuxi\u00e8me place \u00e0 29 centi\u00e8mes de Worley. Puis, <strong>Sara Hector<\/strong> a compl\u00e9t\u00e9 le podium \u00e0 0.31 en connaissant quelques difficult\u00e9s sur ce second trac\u00e9. <strong>Mikaela Shiffrin<\/strong> a rat\u00e9 sa manche pour finir au pied de la bo\u00eete \u00e0 0:77 devant <strong>Michelle Gisin<\/strong> (5e \u00e0 1:24) et <strong>Katharina Liensberger<\/strong> (6e \u00e0 1:90). Comme sur la premi\u00e8re manche, <strong>Coralie Frasse Sombet<\/strong> s&rsquo;est montr\u00e9e tr\u00e8s \u00e0 l&rsquo;aise sur la seconde moiti\u00e9 du parcours pour signer son meilleur r\u00e9sultat de la saison (9e \u00e0 2.57). Solide, <strong>Romane Miradoli<\/strong> a marqu\u00e9 ses premiers points en terminant 13e \u00e0 2.87. Quatri\u00e8me de la premi\u00e8re manche, <strong>Meta Hrovat<\/strong> est sorti violemment de la piste apr\u00e8s avoir enfourch\u00e9 une porte.<\/p>\n<p style=\"text-align: justify;\">Pour la lutte pour le petit globe du g\u00e9ant, <strong>Sara Hector<\/strong> compte 522 points devant <strong>Tessa Worley<\/strong> (2e avec 467 pts) et <strong>Mikaela Shiffrin<\/strong> (3e \u00e0 411 pts).Tandis que sur le g\u00e9n\u00e9ral, <strong>Shiffrin<\/strong> a creus\u00e9 son avance avec 1156 points. <strong>Petra Vlhova<\/strong> est rest\u00e9e avec ses 1039 pts.<\/p>\n<h2 style=\"text-align: justify;\"><strong>\u00c0 lire aussi<\/strong><\/h2>\n<ul>\n<li style=\"text-align: justify;\"><a href=\"https:\/\/dicodusport.fr\/blog\/geant-femmes-lenzerheide-le-classement\/\"><strong><strong>Le classement du slalom g\u00e9ant de <\/strong><span class=\"c-title__main\">Lenzerheide<\/span><\/strong><\/a><\/li>\n<li style=\"text-align: justify;\"><a href=\"https:\/\/dicodusport.fr\/blog\/ski-alpin-coupe-du-monde-2021-2022-classement-general-femmes\/\"><strong>Le classement g\u00e9n\u00e9ral de la Coupe du monde<\/strong><\/a><\/li>\n<\/ul>\n","protected":false},"excerpt":{"rendered":"<p>COUPE DU MONDE DE SKI ALPIN 2021-2022 \u2013 Tessa Worley a remport\u00e9 le g\u00e9ant de Lenzerhaide ce dimanche. Elle a devanc\u00e9 Federica Brignone et Sara Hector. La fin d&rsquo;un week-end de r\u00eave pour le ski fran\u00e7ais f\u00e9minin, apr\u00e8s le succ\u00e8s de Romane Miradoli samedi sur le Super-G.<\/p>\n","protected":false},"author":48,"featured_media":205712,"comment_status":"open","ping_status":"closed","sticky":false,"template":"","format":"standard","meta":{"_acf_changed":false,"_daextam_enable_autolinks":"","footnotes":""},"categories":[47084],"tags":[12586,6740,24],"class_list":["post-205531","post","type-post","status-publish","format-standard","has-post-thumbnail","hentry","category-coupe-du-monde-ski-alpin","tag-coupe-du-monde-de-ski-alpin","tag-lenzerheide","tag-sport"],"acf":[],"yoast_head":"<!-- This site is optimized with the Yoast SEO Premium plugin v26.7 (Yoast SEO v26.7) - https:\/\/yoast.com\/wordpress\/plugins\/seo\/ -->\n<title>G\u00e9ant de Lenzerheide : Tessa Worley conclut ce week-end de r\u00eave<\/title>\n<meta name=\"description\" content=\"COUPE DU MONDE DE SKI ALPIN 2021-2022 \u2013 La Fran\u00e7aise Tessa Worley a remport\u00e9 le g\u00e9ant de Lenzerhaide ce dimanche.\" \/>\n<meta name=\"robots\" content=\"index, follow, max-snippet:-1, max-image-preview:large, max-video-preview:-1\" \/>\n<link rel=\"canonical\" href=\"https:\/\/dicodusport.fr\/blog\/geant-de-lenzerheide-tessa-worley-conclut-ce-week-end-de-reve\/\" \/>\n<meta property=\"og:locale\" content=\"fr_FR\" \/>\n<meta property=\"og:type\" content=\"article\" \/>\n<meta property=\"og:title\" content=\"G\u00e9ant de Lenzerheide : Tessa Worley conclut ce week-end de r\u00eave\" \/>\n<meta property=\"og:description\" content=\"COUPE DU MONDE DE SKI ALPIN 2021-2022 \u2013 La Fran\u00e7aise Tessa Worley a remport\u00e9 le g\u00e9ant de Lenzerhaide ce dimanche.\" \/>\n<meta property=\"og:url\" content=\"https:\/\/dicodusport.fr\/blog\/geant-de-lenzerheide-tessa-worley-conclut-ce-week-end-de-reve\/\" \/>\n<meta property=\"og:site_name\" content=\"Dicodusport\" \/>\n<meta property=\"article:publisher\" content=\"https:\/\/www.facebook.com\/dicodusport\" \/>\n<meta property=\"article:author\" content=\"https:\/\/www.facebook.com\/groups\/LesRoisDuPeloton\" \/>\n<meta property=\"article:published_time\" content=\"2022-03-06T13:37:14+00:00\" \/>\n<meta property=\"article:modified_time\" content=\"2022-03-06T16:21:45+00:00\" \/>\n<meta property=\"og:image\" content=\"https:\/\/dicodusport.fr\/blog\/wp-content\/uploads\/2022\/03\/Geant-de-Lenzerheide-Tessa-Worley-conclut-ce-week-end-de-reve.png\" \/>\n\t<meta property=\"og:image:width\" content=\"800\" \/>\n\t<meta property=\"og:image:height\" content=\"445\" \/>\n\t<meta property=\"og:image:type\" content=\"image\/png\" \/>\n<meta name=\"author\" content=\"Emilien Descampiaux\" \/>\n<meta name=\"twitter:card\" content=\"summary_large_image\" \/>\n<meta name=\"twitter:title\" content=\"G\u00e9ant de Lenzerheide : Tessa Worley conclut ce week-end de r\u00eave\" \/>\n<meta name=\"twitter:creator\" content=\"@https:\/\/twitter.com\/LRoisDuPeloton\" \/>\n<meta name=\"twitter:site\" content=\"@dicodusport\" \/>\n<script type=\"application\/ld+json\" class=\"yoast-schema-graph\">{\"@context\":\"https:\/\/schema.org\",\"@graph\":[{\"@type\":\"NewsArticle\",\"@id\":\"https:\/\/dicodusport.fr\/blog\/geant-de-lenzerheide-tessa-worley-conclut-ce-week-end-de-reve\/#article\",\"isPartOf\":{\"@id\":\"https:\/\/dicodusport.fr\/blog\/geant-de-lenzerheide-tessa-worley-conclut-ce-week-end-de-reve\/\"},\"author\":{\"name\":\"Emilien Descampiaux\",\"@id\":\"https:\/\/dicodusport.fr\/blog\/#\/schema\/person\/6db4bae06b171592211be385b32876a7\"},\"headline\":\"G\u00e9ant de Lenzerheide : Tessa Worley conclut ce week-end de r\u00eave\",\"datePublished\":\"2022-03-06T13:37:14+00:00\",\"dateModified\":\"2022-03-06T16:21:45+00:00\",\"mainEntityOfPage\":{\"@id\":\"https:\/\/dicodusport.fr\/blog\/geant-de-lenzerheide-tessa-worley-conclut-ce-week-end-de-reve\/\"},\"wordCount\":636,\"commentCount\":0,\"publisher\":{\"@id\":\"https:\/\/dicodusport.fr\/blog\/#organization\"},\"image\":{\"@id\":\"https:\/\/dicodusport.fr\/blog\/geant-de-lenzerheide-tessa-worley-conclut-ce-week-end-de-reve\/#primaryimage\"},\"thumbnailUrl\":\"https:\/\/dicodusport.fr\/blog\/wp-content\/uploads\/2022\/03\/Geant-de-Lenzerheide-Tessa-Worley-conclut-ce-week-end-de-reve.png\",\"keywords\":[\"Coupe du monde de ski alpin\",\"Lenzerheide\",\"sport\"],\"articleSection\":[\"Coupe du monde de ski alpin\"],\"inLanguage\":\"fr-FR\",\"potentialAction\":[{\"@type\":\"CommentAction\",\"name\":\"Comment\",\"target\":[\"https:\/\/dicodusport.fr\/blog\/geant-de-lenzerheide-tessa-worley-conclut-ce-week-end-de-reve\/#respond\"]}],\"copyrightYear\":\"2022\",\"copyrightHolder\":{\"@id\":\"https:\/\/dicodusport.fr\/blog\/#organization\"}},{\"@type\":\"WebPage\",\"@id\":\"https:\/\/dicodusport.fr\/blog\/geant-de-lenzerheide-tessa-worley-conclut-ce-week-end-de-reve\/\",\"url\":\"https:\/\/dicodusport.fr\/blog\/geant-de-lenzerheide-tessa-worley-conclut-ce-week-end-de-reve\/\",\"name\":\"G\u00e9ant de Lenzerheide : Tessa Worley conclut ce week-end de r\u00eave\",\"isPartOf\":{\"@id\":\"https:\/\/dicodusport.fr\/blog\/#website\"},\"primaryImageOfPage\":{\"@id\":\"https:\/\/dicodusport.fr\/blog\/geant-de-lenzerheide-tessa-worley-conclut-ce-week-end-de-reve\/#primaryimage\"},\"image\":{\"@id\":\"https:\/\/dicodusport.fr\/blog\/geant-de-lenzerheide-tessa-worley-conclut-ce-week-end-de-reve\/#primaryimage\"},\"thumbnailUrl\":\"https:\/\/dicodusport.fr\/blog\/wp-content\/uploads\/2022\/03\/Geant-de-Lenzerheide-Tessa-Worley-conclut-ce-week-end-de-reve.png\",\"datePublished\":\"2022-03-06T13:37:14+00:00\",\"dateModified\":\"2022-03-06T16:21:45+00:00\",\"description\":\"COUPE DU MONDE DE SKI ALPIN 2021-2022 \u2013 La Fran\u00e7aise Tessa Worley a remport\u00e9 le g\u00e9ant de Lenzerhaide ce dimanche.\",\"breadcrumb\":{\"@id\":\"https:\/\/dicodusport.fr\/blog\/geant-de-lenzerheide-tessa-worley-conclut-ce-week-end-de-reve\/#breadcrumb\"},\"inLanguage\":\"fr-FR\",\"potentialAction\":[{\"@type\":\"ReadAction\",\"target\":[\"https:\/\/dicodusport.fr\/blog\/geant-de-lenzerheide-tessa-worley-conclut-ce-week-end-de-reve\/\"]}]},{\"@type\":\"ImageObject\",\"inLanguage\":\"fr-FR\",\"@id\":\"https:\/\/dicodusport.fr\/blog\/geant-de-lenzerheide-tessa-worley-conclut-ce-week-end-de-reve\/#primaryimage\",\"url\":\"https:\/\/dicodusport.fr\/blog\/wp-content\/uploads\/2022\/03\/Geant-de-Lenzerheide-Tessa-Worley-conclut-ce-week-end-de-reve.png\",\"contentUrl\":\"https:\/\/dicodusport.fr\/blog\/wp-content\/uploads\/2022\/03\/Geant-de-Lenzerheide-Tessa-Worley-conclut-ce-week-end-de-reve.png\",\"width\":800,\"height\":445,\"caption\":\"G\u00e9ant de Lenzerheide Tessa Worley conclut ce week-end de r\u00eave\"},{\"@type\":\"BreadcrumbList\",\"@id\":\"https:\/\/dicodusport.fr\/blog\/geant-de-lenzerheide-tessa-worley-conclut-ce-week-end-de-reve\/#breadcrumb\",\"itemListElement\":[{\"@type\":\"ListItem\",\"position\":1,\"name\":\"Accueil\",\"item\":\"https:\/\/dicodusport.fr\/blog\/\"},{\"@type\":\"ListItem\",\"position\":2,\"name\":\"G\u00e9ant de Lenzerheide : Tessa Worley conclut ce week-end de r\u00eave\"}]},{\"@type\":\"WebSite\",\"@id\":\"https:\/\/dicodusport.fr\/blog\/#website\",\"url\":\"https:\/\/dicodusport.fr\/blog\/\",\"name\":\"Dicodusport\",\"description\":\"L&#039;encyclop\u00e9die de l&#039;actualit\u00e9 sportive\",\"publisher\":{\"@id\":\"https:\/\/dicodusport.fr\/blog\/#organization\"},\"potentialAction\":[{\"@type\":\"SearchAction\",\"target\":{\"@type\":\"EntryPoint\",\"urlTemplate\":\"https:\/\/dicodusport.fr\/blog\/?s={search_term_string}\"},\"query-input\":{\"@type\":\"PropertyValueSpecification\",\"valueRequired\":true,\"valueName\":\"search_term_string\"}}],\"inLanguage\":\"fr-FR\"},{\"@type\":\"NewsMediaOrganization\",\"@id\":\"https:\/\/dicodusport.fr\/blog\/#organization\",\"name\":\"Dicodusport\",\"url\":\"https:\/\/dicodusport.fr\/blog\/\",\"logo\":{\"@type\":\"ImageObject\",\"inLanguage\":\"fr-FR\",\"@id\":\"https:\/\/dicodusport.fr\/blog\/#\/schema\/logo\/image\/\",\"url\":\"https:\/\/dicodusport.fr\/blog\/wp-content\/uploads\/2020\/06\/cropped-LOGO-DICODUSPORT-2020-SANS-FOND-SANS-TEXTE.png\",\"contentUrl\":\"https:\/\/dicodusport.fr\/blog\/wp-content\/uploads\/2020\/06\/cropped-LOGO-DICODUSPORT-2020-SANS-FOND-SANS-TEXTE.png\",\"width\":512,\"height\":512,\"caption\":\"Dicodusport\"},\"image\":{\"@id\":\"https:\/\/dicodusport.fr\/blog\/#\/schema\/logo\/image\/\"},\"sameAs\":[\"https:\/\/www.facebook.com\/dicodusport\",\"https:\/\/x.com\/dicodusport\",\"https:\/\/www.instagram.com\/dicodusport\/\",\"https:\/\/www.youtube.com\/channel\/UC7V2KZ5sd3htJivAbA4ZG3w\"],\"description\":\"Dicodusport est l'encyclop\u00e9die de l'actualit\u00e9 sportive.\",\"email\":\"bonjour@dicodusport.fr\",\"legalName\":\"DICODUSPORT\",\"foundingDate\":\"2018-01-14\",\"vatID\":\"FR71834470973\",\"taxID\":\"83447097300043\",\"numberOfEmployees\":{\"@type\":\"QuantitativeValue\",\"minValue\":\"1\",\"maxValue\":\"10\"}},{\"@type\":\"Person\",\"@id\":\"https:\/\/dicodusport.fr\/blog\/#\/schema\/person\/6db4bae06b171592211be385b32876a7\",\"name\":\"Emilien Descampiaux\",\"image\":{\"@type\":\"ImageObject\",\"inLanguage\":\"fr-FR\",\"@id\":\"https:\/\/dicodusport.fr\/blog\/#\/schema\/person\/image\/\",\"url\":\"https:\/\/dicodusport.fr\/blog\/wp-content\/uploads\/2021\/05\/Emilien-Descampiaux-150x150.jpg\",\"contentUrl\":\"https:\/\/dicodusport.fr\/blog\/wp-content\/uploads\/2021\/05\/Emilien-Descampiaux-150x150.jpg\",\"caption\":\"Emilien Descampiaux\"},\"description\":\"Journaliste\/r\u00e9dacteur depuis 2014 - Fan de la classe de Frank Vandenbroucke, je vis cyclisme (et de ses paysages) depuis plus de 20 ans. Je suis tr\u00e8s impliqu\u00e9 sur mes diff\u00e9rents r\u00e9seaux sociaux pour partager ma passion sur le monde et l'Histoire de la bicyclette avec ma voix sur les images en noir et blanc du succ\u00e8s de Rik Van Steenbergen lors du Ronde sur le V\u00e9lodrome de Gand.\",\"sameAs\":[\"https:\/\/www.facebook.com\/groups\/LesRoisDuPeloton\",\"https:\/\/x.com\/https:\/\/twitter.com\/LRoisDuPeloton\"],\"url\":\"https:\/\/dicodusport.fr\/blog\/author\/emiliend\/\"}]}<\/script>\n<!-- \/ Yoast SEO Premium plugin. -->","yoast_head_json":{"title":"G\u00e9ant de Lenzerheide : Tessa Worley conclut ce week-end de r\u00eave","description":"COUPE DU MONDE DE SKI ALPIN 2021-2022 \u2013 La Fran\u00e7aise Tessa Worley a remport\u00e9 le g\u00e9ant de Lenzerhaide ce dimanche.","robots":{"index":"index","follow":"follow","max-snippet":"max-snippet:-1","max-image-preview":"max-image-preview:large","max-video-preview":"max-video-preview:-1"},"canonical":"https:\/\/dicodusport.fr\/blog\/geant-de-lenzerheide-tessa-worley-conclut-ce-week-end-de-reve\/","og_locale":"fr_FR","og_type":"article","og_title":"G\u00e9ant de Lenzerheide : Tessa Worley conclut ce week-end de r\u00eave","og_description":"COUPE DU MONDE DE SKI ALPIN 2021-2022 \u2013 La Fran\u00e7aise Tessa Worley a remport\u00e9 le g\u00e9ant de Lenzerhaide ce dimanche.","og_url":"https:\/\/dicodusport.fr\/blog\/geant-de-lenzerheide-tessa-worley-conclut-ce-week-end-de-reve\/","og_site_name":"Dicodusport","article_publisher":"https:\/\/www.facebook.com\/dicodusport","article_author":"https:\/\/www.facebook.com\/groups\/LesRoisDuPeloton","article_published_time":"2022-03-06T13:37:14+00:00","article_modified_time":"2022-03-06T16:21:45+00:00","og_image":[{"width":800,"height":445,"url":"https:\/\/dicodusport.fr\/blog\/wp-content\/uploads\/2022\/03\/Geant-de-Lenzerheide-Tessa-Worley-conclut-ce-week-end-de-reve.png","type":"image\/png"}],"author":"Emilien Descampiaux","twitter_card":"summary_large_image","twitter_title":"G\u00e9ant de Lenzerheide : Tessa Worley conclut ce week-end de r\u00eave","twitter_creator":"@https:\/\/twitter.com\/LRoisDuPeloton","twitter_site":"@dicodusport","schema":{"@context":"https:\/\/schema.org","@graph":[{"@type":"NewsArticle","@id":"https:\/\/dicodusport.fr\/blog\/geant-de-lenzerheide-tessa-worley-conclut-ce-week-end-de-reve\/#article","isPartOf":{"@id":"https:\/\/dicodusport.fr\/blog\/geant-de-lenzerheide-tessa-worley-conclut-ce-week-end-de-reve\/"},"author":{"name":"Emilien Descampiaux","@id":"https:\/\/dicodusport.fr\/blog\/#\/schema\/person\/6db4bae06b171592211be385b32876a7"},"headline":"G\u00e9ant de Lenzerheide : Tessa Worley conclut ce week-end de r\u00eave","datePublished":"2022-03-06T13:37:14+00:00","dateModified":"2022-03-06T16:21:45+00:00","mainEntityOfPage":{"@id":"https:\/\/dicodusport.fr\/blog\/geant-de-lenzerheide-tessa-worley-conclut-ce-week-end-de-reve\/"},"wordCount":636,"commentCount":0,"publisher":{"@id":"https:\/\/dicodusport.fr\/blog\/#organization"},"image":{"@id":"https:\/\/dicodusport.fr\/blog\/geant-de-lenzerheide-tessa-worley-conclut-ce-week-end-de-reve\/#primaryimage"},"thumbnailUrl":"https:\/\/dicodusport.fr\/blog\/wp-content\/uploads\/2022\/03\/Geant-de-Lenzerheide-Tessa-Worley-conclut-ce-week-end-de-reve.png","keywords":["Coupe du monde de ski alpin","Lenzerheide","sport"],"articleSection":["Coupe du monde de ski alpin"],"inLanguage":"fr-FR","potentialAction":[{"@type":"CommentAction","name":"Comment","target":["https:\/\/dicodusport.fr\/blog\/geant-de-lenzerheide-tessa-worley-conclut-ce-week-end-de-reve\/#respond"]}],"copyrightYear":"2022","copyrightHolder":{"@id":"https:\/\/dicodusport.fr\/blog\/#organization"}},{"@type":"WebPage","@id":"https:\/\/dicodusport.fr\/blog\/geant-de-lenzerheide-tessa-worley-conclut-ce-week-end-de-reve\/","url":"https:\/\/dicodusport.fr\/blog\/geant-de-lenzerheide-tessa-worley-conclut-ce-week-end-de-reve\/","name":"G\u00e9ant de Lenzerheide : Tessa Worley conclut ce week-end de r\u00eave","isPartOf":{"@id":"https:\/\/dicodusport.fr\/blog\/#website"},"primaryImageOfPage":{"@id":"https:\/\/dicodusport.fr\/blog\/geant-de-lenzerheide-tessa-worley-conclut-ce-week-end-de-reve\/#primaryimage"},"image":{"@id":"https:\/\/dicodusport.fr\/blog\/geant-de-lenzerheide-tessa-worley-conclut-ce-week-end-de-reve\/#primaryimage"},"thumbnailUrl":"https:\/\/dicodusport.fr\/blog\/wp-content\/uploads\/2022\/03\/Geant-de-Lenzerheide-Tessa-Worley-conclut-ce-week-end-de-reve.png","datePublished":"2022-03-06T13:37:14+00:00","dateModified":"2022-03-06T16:21:45+00:00","description":"COUPE DU MONDE DE SKI ALPIN 2021-2022 \u2013 La Fran\u00e7aise Tessa Worley a remport\u00e9 le g\u00e9ant de Lenzerhaide ce dimanche.","breadcrumb":{"@id":"https:\/\/dicodusport.fr\/blog\/geant-de-lenzerheide-tessa-worley-conclut-ce-week-end-de-reve\/#breadcrumb"},"inLanguage":"fr-FR","potentialAction":[{"@type":"ReadAction","target":["https:\/\/dicodusport.fr\/blog\/geant-de-lenzerheide-tessa-worley-conclut-ce-week-end-de-reve\/"]}]},{"@type":"ImageObject","inLanguage":"fr-FR","@id":"https:\/\/dicodusport.fr\/blog\/geant-de-lenzerheide-tessa-worley-conclut-ce-week-end-de-reve\/#primaryimage","url":"https:\/\/dicodusport.fr\/blog\/wp-content\/uploads\/2022\/03\/Geant-de-Lenzerheide-Tessa-Worley-conclut-ce-week-end-de-reve.png","contentUrl":"https:\/\/dicodusport.fr\/blog\/wp-content\/uploads\/2022\/03\/Geant-de-Lenzerheide-Tessa-Worley-conclut-ce-week-end-de-reve.png","width":800,"height":445,"caption":"G\u00e9ant de Lenzerheide Tessa Worley conclut ce week-end de r\u00eave"},{"@type":"BreadcrumbList","@id":"https:\/\/dicodusport.fr\/blog\/geant-de-lenzerheide-tessa-worley-conclut-ce-week-end-de-reve\/#breadcrumb","itemListElement":[{"@type":"ListItem","position":1,"name":"Accueil","item":"https:\/\/dicodusport.fr\/blog\/"},{"@type":"ListItem","position":2,"name":"G\u00e9ant de Lenzerheide : Tessa Worley conclut ce week-end de r\u00eave"}]},{"@type":"WebSite","@id":"https:\/\/dicodusport.fr\/blog\/#website","url":"https:\/\/dicodusport.fr\/blog\/","name":"Dicodusport","description":"L&#039;encyclop\u00e9die de l&#039;actualit\u00e9 sportive","publisher":{"@id":"https:\/\/dicodusport.fr\/blog\/#organization"},"potentialAction":[{"@type":"SearchAction","target":{"@type":"EntryPoint","urlTemplate":"https:\/\/dicodusport.fr\/blog\/?s={search_term_string}"},"query-input":{"@type":"PropertyValueSpecification","valueRequired":true,"valueName":"search_term_string"}}],"inLanguage":"fr-FR"},{"@type":"NewsMediaOrganization","@id":"https:\/\/dicodusport.fr\/blog\/#organization","name":"Dicodusport","url":"https:\/\/dicodusport.fr\/blog\/","logo":{"@type":"ImageObject","inLanguage":"fr-FR","@id":"https:\/\/dicodusport.fr\/blog\/#\/schema\/logo\/image\/","url":"https:\/\/dicodusport.fr\/blog\/wp-content\/uploads\/2020\/06\/cropped-LOGO-DICODUSPORT-2020-SANS-FOND-SANS-TEXTE.png","contentUrl":"https:\/\/dicodusport.fr\/blog\/wp-content\/uploads\/2020\/06\/cropped-LOGO-DICODUSPORT-2020-SANS-FOND-SANS-TEXTE.png","width":512,"height":512,"caption":"Dicodusport"},"image":{"@id":"https:\/\/dicodusport.fr\/blog\/#\/schema\/logo\/image\/"},"sameAs":["https:\/\/www.facebook.com\/dicodusport","https:\/\/x.com\/dicodusport","https:\/\/www.instagram.com\/dicodusport\/","https:\/\/www.youtube.com\/channel\/UC7V2KZ5sd3htJivAbA4ZG3w"],"description":"Dicodusport est l'encyclop\u00e9die de l'actualit\u00e9 sportive.","email":"bonjour@dicodusport.fr","legalName":"DICODUSPORT","foundingDate":"2018-01-14","vatID":"FR71834470973","taxID":"83447097300043","numberOfEmployees":{"@type":"QuantitativeValue","minValue":"1","maxValue":"10"}},{"@type":"Person","@id":"https:\/\/dicodusport.fr\/blog\/#\/schema\/person\/6db4bae06b171592211be385b32876a7","name":"Emilien Descampiaux","image":{"@type":"ImageObject","inLanguage":"fr-FR","@id":"https:\/\/dicodusport.fr\/blog\/#\/schema\/person\/image\/","url":"https:\/\/dicodusport.fr\/blog\/wp-content\/uploads\/2021\/05\/Emilien-Descampiaux-150x150.jpg","contentUrl":"https:\/\/dicodusport.fr\/blog\/wp-content\/uploads\/2021\/05\/Emilien-Descampiaux-150x150.jpg","caption":"Emilien Descampiaux"},"description":"Journaliste\/r\u00e9dacteur depuis 2014 - Fan de la classe de Frank Vandenbroucke, je vis cyclisme (et de ses paysages) depuis plus de 20 ans. Je suis tr\u00e8s impliqu\u00e9 sur mes diff\u00e9rents r\u00e9seaux sociaux pour partager ma passion sur le monde et l'Histoire de la bicyclette avec ma voix sur les images en noir et blanc du succ\u00e8s de Rik Van Steenbergen lors du Ronde sur le V\u00e9lodrome de Gand.","sameAs":["https:\/\/www.facebook.com\/groups\/LesRoisDuPeloton","https:\/\/x.com\/https:\/\/twitter.com\/LRoisDuPeloton"],"url":"https:\/\/dicodusport.fr\/blog\/author\/emiliend\/"}]}},"_links":{"self":[{"href":"https:\/\/dicodusport.fr\/blog\/wp-json\/wp\/v2\/posts\/205531","targetHints":{"allow":["GET"]}}],"collection":[{"href":"https:\/\/dicodusport.fr\/blog\/wp-json\/wp\/v2\/posts"}],"about":[{"href":"https:\/\/dicodusport.fr\/blog\/wp-json\/wp\/v2\/types\/post"}],"author":[{"embeddable":true,"href":"https:\/\/dicodusport.fr\/blog\/wp-json\/wp\/v2\/users\/48"}],"replies":[{"embeddable":true,"href":"https:\/\/dicodusport.fr\/blog\/wp-json\/wp\/v2\/comments?post=205531"}],"version-history":[{"count":0,"href":"https:\/\/dicodusport.fr\/blog\/wp-json\/wp\/v2\/posts\/205531\/revisions"}],"wp:featuredmedia":[{"embeddable":true,"href":"https:\/\/dicodusport.fr\/blog\/wp-json\/wp\/v2\/media\/205712"}],"wp:attachment":[{"href":"https:\/\/dicodusport.fr\/blog\/wp-json\/wp\/v2\/media?parent=205531"}],"wp:term":[{"taxonomy":"category","embeddable":true,"href":"https:\/\/dicodusport.fr\/blog\/wp-json\/wp\/v2\/categories?post=205531"},{"taxonomy":"post_tag","embeddable":true,"href":"https:\/\/dicodusport.fr\/blog\/wp-json\/wp\/v2\/tags?post=205531"}],"curies":[{"name":"wp","href":"https:\/\/api.w.org\/{rel}","templated":true}]}}