{"id":205544,"date":"2022-03-06T14:04:09","date_gmt":"2022-03-06T13:04:09","guid":{"rendered":"https:\/\/dicodusport.fr\/blog\/?p=205544&#038;preview=true&#038;preview_id=205544"},"modified":"2022-03-19T17:54:33","modified_gmt":"2022-03-19T16:54:33","slug":"xv-de-france-thomas-jolmes-et-matthieu-jalibert-forfaits-pour-le-pays-de-galles","status":"publish","type":"post","link":"https:\/\/dicodusport.fr\/blog\/xv-de-france-thomas-jolmes-et-matthieu-jalibert-forfaits-pour-le-pays-de-galles\/","title":{"rendered":"XV de France : Thomas Jolmes et Matthieu Jalibert forfaits pour le Pays de Galles"},"content":{"rendered":"<p style=\"text-align: justify;\"><strong><em>6 NATIONS 2022 &#8211; Matthieu Jalibert et Thomas Jolmes (UBB) sont forfaits pour le match du XV de France face au Pays de Galles.\u00a0<\/em><\/strong><\/p>\n<p style=\"text-align: justify;\">D\u00e9j\u00e0 forfait pour le d\u00e9but du <a href=\"https:\/\/dicodusport.fr\/blog\/tournoi-des-6-nations-2022-calendrier-et-resultats\/\" target=\"_blank\" rel=\"noopener\">Tournoi des 6 Nations 2022<\/a>, <strong>Matthieu Jalibert<\/strong> ne pourra pas tenir sa place le week-end prochain. L&rsquo;ouvreur bordelais est encore touch\u00e9 \u00e0 la cuisse et n&rsquo;a pas pu tenir sa place avec Bordeaux samedi face \u00e0 Pau. Il est remplac\u00e9 dans le groupe du XV de France par <strong>Antoine Hastoy<\/strong> (Pau). <strong>Thomas Jolmes<\/strong> devait conna\u00eetre son premier rassemblement, mais il s&rsquo;est bless\u00e9 avec l&rsquo;UBB et doit d\u00e9clarer forfait. Le staff du XV de France a appel\u00e9 le Toulonnais <strong>Swan Rebbadj<\/strong> en renfort.<\/p>\n<blockquote class=\"twitter-tweet\">\n<p dir=\"ltr\" lang=\"fr\">Thomas Jolmes et Matthieu Jalibert sont forfaits. Swan Rebbadj et Antoine Hastoy sont s\u00e9lectionn\u00e9s pour rejoindre le groupe des 42 joueurs du <a href=\"https:\/\/twitter.com\/hashtag\/XVdeFrance?src=hash&amp;ref_src=twsrc%5Etfw\">#XVdeFrance<\/a> pour pr\u00e9parer le match contre le pays de Galles ! <a href=\"https:\/\/twitter.com\/hashtag\/NeFaisonsXV?src=hash&amp;ref_src=twsrc%5Etfw\">#NeFaisonsXV<\/a><\/p>\n<p>\u2014 France Rugby (@FranceRugby) <a href=\"https:\/\/twitter.com\/FranceRugby\/status\/1500441277912989702?ref_src=twsrc%5Etfw\">March 6, 2022<\/a><\/p><\/blockquote>\n<p style=\"text-align: justify;\"><script async src=\"https:\/\/platform.twitter.com\/widgets.js\" charset=\"utf-8\"><\/script><\/p>\n<p style=\"text-align: justify;\">\n","protected":false},"excerpt":{"rendered":"<p>6 NATIONS 2022 &#8211; Matthieu Jalibert et Thomas Jolmes (UBB) sont forfaits pour le match du XV de France face au Pays de Galles.\u00a0<\/p>\n","protected":false},"author":1,"featured_media":205545,"comment_status":"open","ping_status":"closed","sticky":false,"template":"","format":"standard","meta":{"_acf_changed":false,"_daextam_enable_autolinks":"","footnotes":""},"categories":[47048,19951],"tags":[9316,1638],"class_list":["post-205544","post","type-post","status-publish","format-standard","has-post-thumbnail","hentry","category-tournoi-des-6-nations","category-xv-de-france","tag-matthieu-jalibert","tag-xv-de-france"],"acf":[],"yoast_head":"<!-- This site is optimized with the Yoast SEO Premium plugin v26.7 (Yoast SEO v26.7) - https:\/\/yoast.com\/wordpress\/plugins\/seo\/ -->\n<title>XV de France : Thomas Jolmes et Matthieu Jalibert forfaits pour le Pays de Galles<\/title>\n<meta name=\"description\" content=\"6 NATIONS 2022 - Matthieu Jalibert et Thomas Jolmes (UBB) sont forfaits pour le match du XV de France face au Pays de Galles.\u00a0\" \/>\n<meta name=\"robots\" content=\"index, follow, max-snippet:-1, max-image-preview:large, max-video-preview:-1\" \/>\n<link rel=\"canonical\" href=\"https:\/\/dicodusport.fr\/blog\/xv-de-france-thomas-jolmes-et-matthieu-jalibert-forfaits-pour-le-pays-de-galles\/\" \/>\n<meta property=\"og:locale\" content=\"fr_FR\" \/>\n<meta property=\"og:type\" content=\"article\" \/>\n<meta property=\"og:title\" content=\"XV de France : Thomas Jolmes et Matthieu Jalibert forfaits pour le Pays de Galles\" \/>\n<meta property=\"og:description\" content=\"6 NATIONS 2022 - Matthieu Jalibert et Thomas Jolmes (UBB) sont forfaits pour le match du XV de France face au Pays de Galles.\u00a0\" \/>\n<meta property=\"og:url\" content=\"https:\/\/dicodusport.fr\/blog\/xv-de-france-thomas-jolmes-et-matthieu-jalibert-forfaits-pour-le-pays-de-galles\/\" \/>\n<meta property=\"og:site_name\" content=\"Dicodusport\" \/>\n<meta property=\"article:publisher\" content=\"https:\/\/www.facebook.com\/dicodusport\" \/>\n<meta property=\"article:author\" content=\"https:\/\/www.facebook.com\/dicodusport\" \/>\n<meta property=\"article:published_time\" content=\"2022-03-06T13:04:09+00:00\" \/>\n<meta property=\"article:modified_time\" content=\"2022-03-19T16:54:33+00:00\" \/>\n<meta property=\"og:image\" content=\"https:\/\/dicodusport.fr\/blog\/wp-content\/uploads\/2022\/03\/XV-de-France-Thomas-Jolmes-et-Matthieu-Jalibert-forfaits-pour-le-Pays-de-Gales.png\" \/>\n\t<meta property=\"og:image:width\" content=\"800\" \/>\n\t<meta property=\"og:image:height\" content=\"445\" \/>\n\t<meta property=\"og:image:type\" content=\"image\/png\" \/>\n<meta name=\"author\" content=\"Nicolas Jacquemard\" \/>\n<meta name=\"twitter:card\" content=\"summary_large_image\" \/>\n<meta name=\"twitter:title\" content=\"XV de France : Thomas Jolmes et Matthieu Jalibert forfaits pour le Pays de Galles\" \/>\n<meta name=\"twitter:creator\" content=\"@https:\/\/twitter.com\/Nico_Jacquemard\" \/>\n<meta name=\"twitter:site\" content=\"@dicodusport\" \/>\n<script type=\"application\/ld+json\" class=\"yoast-schema-graph\">{\"@context\":\"https:\/\/schema.org\",\"@graph\":[{\"@type\":\"NewsArticle\",\"@id\":\"https:\/\/dicodusport.fr\/blog\/xv-de-france-thomas-jolmes-et-matthieu-jalibert-forfaits-pour-le-pays-de-galles\/#article\",\"isPartOf\":{\"@id\":\"https:\/\/dicodusport.fr\/blog\/xv-de-france-thomas-jolmes-et-matthieu-jalibert-forfaits-pour-le-pays-de-galles\/\"},\"author\":{\"name\":\"Nicolas Jacquemard\",\"@id\":\"https:\/\/dicodusport.fr\/blog\/#\/schema\/person\/55dcb50ad410894e431ed812bbb70191\"},\"headline\":\"XV de France : Thomas Jolmes et Matthieu Jalibert forfaits pour le Pays de Galles\",\"datePublished\":\"2022-03-06T13:04:09+00:00\",\"dateModified\":\"2022-03-19T16:54:33+00:00\",\"mainEntityOfPage\":{\"@id\":\"https:\/\/dicodusport.fr\/blog\/xv-de-france-thomas-jolmes-et-matthieu-jalibert-forfaits-pour-le-pays-de-galles\/\"},\"wordCount\":167,\"commentCount\":0,\"publisher\":{\"@id\":\"https:\/\/dicodusport.fr\/blog\/#organization\"},\"image\":{\"@id\":\"https:\/\/dicodusport.fr\/blog\/xv-de-france-thomas-jolmes-et-matthieu-jalibert-forfaits-pour-le-pays-de-galles\/#primaryimage\"},\"thumbnailUrl\":\"https:\/\/dicodusport.fr\/blog\/wp-content\/uploads\/2022\/03\/XV-de-France-Thomas-Jolmes-et-Matthieu-Jalibert-forfaits-pour-le-Pays-de-Gales.png\",\"keywords\":[\"Matthieu Jalibert\",\"XV de France\"],\"articleSection\":[\"Tournoi des 6 Nations\",\"XV de France\"],\"inLanguage\":\"fr-FR\",\"potentialAction\":[{\"@type\":\"CommentAction\",\"name\":\"Comment\",\"target\":[\"https:\/\/dicodusport.fr\/blog\/xv-de-france-thomas-jolmes-et-matthieu-jalibert-forfaits-pour-le-pays-de-galles\/#respond\"]}],\"copyrightYear\":\"2022\",\"copyrightHolder\":{\"@id\":\"https:\/\/dicodusport.fr\/blog\/#organization\"}},{\"@type\":\"WebPage\",\"@id\":\"https:\/\/dicodusport.fr\/blog\/xv-de-france-thomas-jolmes-et-matthieu-jalibert-forfaits-pour-le-pays-de-galles\/\",\"url\":\"https:\/\/dicodusport.fr\/blog\/xv-de-france-thomas-jolmes-et-matthieu-jalibert-forfaits-pour-le-pays-de-galles\/\",\"name\":\"XV de France : Thomas Jolmes et Matthieu Jalibert forfaits pour le Pays de Galles\",\"isPartOf\":{\"@id\":\"https:\/\/dicodusport.fr\/blog\/#website\"},\"primaryImageOfPage\":{\"@id\":\"https:\/\/dicodusport.fr\/blog\/xv-de-france-thomas-jolmes-et-matthieu-jalibert-forfaits-pour-le-pays-de-galles\/#primaryimage\"},\"image\":{\"@id\":\"https:\/\/dicodusport.fr\/blog\/xv-de-france-thomas-jolmes-et-matthieu-jalibert-forfaits-pour-le-pays-de-galles\/#primaryimage\"},\"thumbnailUrl\":\"https:\/\/dicodusport.fr\/blog\/wp-content\/uploads\/2022\/03\/XV-de-France-Thomas-Jolmes-et-Matthieu-Jalibert-forfaits-pour-le-Pays-de-Gales.png\",\"datePublished\":\"2022-03-06T13:04:09+00:00\",\"dateModified\":\"2022-03-19T16:54:33+00:00\",\"description\":\"6 NATIONS 2022 - Matthieu Jalibert et Thomas Jolmes (UBB) sont forfaits pour le match du XV de France face au Pays de Galles.\u00a0\",\"breadcrumb\":{\"@id\":\"https:\/\/dicodusport.fr\/blog\/xv-de-france-thomas-jolmes-et-matthieu-jalibert-forfaits-pour-le-pays-de-galles\/#breadcrumb\"},\"inLanguage\":\"fr-FR\",\"potentialAction\":[{\"@type\":\"ReadAction\",\"target\":[\"https:\/\/dicodusport.fr\/blog\/xv-de-france-thomas-jolmes-et-matthieu-jalibert-forfaits-pour-le-pays-de-galles\/\"]}]},{\"@type\":\"ImageObject\",\"inLanguage\":\"fr-FR\",\"@id\":\"https:\/\/dicodusport.fr\/blog\/xv-de-france-thomas-jolmes-et-matthieu-jalibert-forfaits-pour-le-pays-de-galles\/#primaryimage\",\"url\":\"https:\/\/dicodusport.fr\/blog\/wp-content\/uploads\/2022\/03\/XV-de-France-Thomas-Jolmes-et-Matthieu-Jalibert-forfaits-pour-le-Pays-de-Gales.png\",\"contentUrl\":\"https:\/\/dicodusport.fr\/blog\/wp-content\/uploads\/2022\/03\/XV-de-France-Thomas-Jolmes-et-Matthieu-Jalibert-forfaits-pour-le-Pays-de-Gales.png\",\"width\":800,\"height\":445},{\"@type\":\"BreadcrumbList\",\"@id\":\"https:\/\/dicodusport.fr\/blog\/xv-de-france-thomas-jolmes-et-matthieu-jalibert-forfaits-pour-le-pays-de-galles\/#breadcrumb\",\"itemListElement\":[{\"@type\":\"ListItem\",\"position\":1,\"name\":\"Accueil\",\"item\":\"https:\/\/dicodusport.fr\/blog\/\"},{\"@type\":\"ListItem\",\"position\":2,\"name\":\"XV de France : Thomas Jolmes et Matthieu Jalibert forfaits pour le Pays de Galles\"}]},{\"@type\":\"WebSite\",\"@id\":\"https:\/\/dicodusport.fr\/blog\/#website\",\"url\":\"https:\/\/dicodusport.fr\/blog\/\",\"name\":\"Dicodusport\",\"description\":\"L&#039;encyclop\u00e9die de l&#039;actualit\u00e9 sportive\",\"publisher\":{\"@id\":\"https:\/\/dicodusport.fr\/blog\/#organization\"},\"potentialAction\":[{\"@type\":\"SearchAction\",\"target\":{\"@type\":\"EntryPoint\",\"urlTemplate\":\"https:\/\/dicodusport.fr\/blog\/?s={search_term_string}\"},\"query-input\":{\"@type\":\"PropertyValueSpecification\",\"valueRequired\":true,\"valueName\":\"search_term_string\"}}],\"inLanguage\":\"fr-FR\"},{\"@type\":\"NewsMediaOrganization\",\"@id\":\"https:\/\/dicodusport.fr\/blog\/#organization\",\"name\":\"Dicodusport\",\"url\":\"https:\/\/dicodusport.fr\/blog\/\",\"logo\":{\"@type\":\"ImageObject\",\"inLanguage\":\"fr-FR\",\"@id\":\"https:\/\/dicodusport.fr\/blog\/#\/schema\/logo\/image\/\",\"url\":\"https:\/\/dicodusport.fr\/blog\/wp-content\/uploads\/2020\/06\/cropped-LOGO-DICODUSPORT-2020-SANS-FOND-SANS-TEXTE.png\",\"contentUrl\":\"https:\/\/dicodusport.fr\/blog\/wp-content\/uploads\/2020\/06\/cropped-LOGO-DICODUSPORT-2020-SANS-FOND-SANS-TEXTE.png\",\"width\":512,\"height\":512,\"caption\":\"Dicodusport\"},\"image\":{\"@id\":\"https:\/\/dicodusport.fr\/blog\/#\/schema\/logo\/image\/\"},\"sameAs\":[\"https:\/\/www.facebook.com\/dicodusport\",\"https:\/\/x.com\/dicodusport\",\"https:\/\/www.instagram.com\/dicodusport\/\",\"https:\/\/www.youtube.com\/channel\/UC7V2KZ5sd3htJivAbA4ZG3w\"],\"description\":\"Dicodusport est l'encyclop\u00e9die de l'actualit\u00e9 sportive.\",\"email\":\"bonjour@dicodusport.fr\",\"legalName\":\"DICODUSPORT\",\"foundingDate\":\"2018-01-14\",\"vatID\":\"FR71834470973\",\"taxID\":\"83447097300043\",\"numberOfEmployees\":{\"@type\":\"QuantitativeValue\",\"minValue\":\"1\",\"maxValue\":\"10\"}},{\"@type\":\"Person\",\"@id\":\"https:\/\/dicodusport.fr\/blog\/#\/schema\/person\/55dcb50ad410894e431ed812bbb70191\",\"name\":\"Nicolas Jacquemard\",\"image\":{\"@type\":\"ImageObject\",\"inLanguage\":\"fr-FR\",\"@id\":\"https:\/\/dicodusport.fr\/blog\/#\/schema\/person\/image\/\",\"url\":\"https:\/\/dicodusport.fr\/blog\/wp-content\/uploads\/2021\/05\/Nicolas-Jacquemard-150x150.jpeg\",\"contentUrl\":\"https:\/\/dicodusport.fr\/blog\/wp-content\/uploads\/2021\/05\/Nicolas-Jacquemard-150x150.jpeg\",\"caption\":\"Nicolas Jacquemard\"},\"description\":\"Passionn\u00e9 de sport et entrepreneur depuis mes 18 ans, la cr\u00e9ation de Dicodusport m'a sembl\u00e9 \u00e9vidente pour participer \u00e0 la m\u00e9diatisation d'un plus grand nombre de sports. Le chemin est long mais avec une \u00e9quipe des plus motiv\u00e9es et les Jeux Olympiques de Paris 2024 en point de mire, nous y arriverons ! Journaliste dans le monde du sport depuis plus de 5 ans, je traite aussi bien de football, de rugby, de biathlon que de cyclisme.\",\"sameAs\":[\"https:\/\/www.facebook.com\/dicodusport\",\"https:\/\/x.com\/https:\/\/twitter.com\/Nico_Jacquemard\"],\"url\":\"https:\/\/dicodusport.fr\/blog\/author\/dicodusport\/\"}]}<\/script>\n<!-- \/ Yoast SEO Premium plugin. -->","yoast_head_json":{"title":"XV de France : Thomas Jolmes et Matthieu Jalibert forfaits pour le Pays de Galles","description":"6 NATIONS 2022 - Matthieu Jalibert et Thomas Jolmes (UBB) sont forfaits pour le match du XV de France face au Pays de Galles.\u00a0","robots":{"index":"index","follow":"follow","max-snippet":"max-snippet:-1","max-image-preview":"max-image-preview:large","max-video-preview":"max-video-preview:-1"},"canonical":"https:\/\/dicodusport.fr\/blog\/xv-de-france-thomas-jolmes-et-matthieu-jalibert-forfaits-pour-le-pays-de-galles\/","og_locale":"fr_FR","og_type":"article","og_title":"XV de France : Thomas Jolmes et Matthieu Jalibert forfaits pour le Pays de Galles","og_description":"6 NATIONS 2022 - Matthieu Jalibert et Thomas Jolmes (UBB) sont forfaits pour le match du XV de France face au Pays de Galles.\u00a0","og_url":"https:\/\/dicodusport.fr\/blog\/xv-de-france-thomas-jolmes-et-matthieu-jalibert-forfaits-pour-le-pays-de-galles\/","og_site_name":"Dicodusport","article_publisher":"https:\/\/www.facebook.com\/dicodusport","article_author":"https:\/\/www.facebook.com\/dicodusport","article_published_time":"2022-03-06T13:04:09+00:00","article_modified_time":"2022-03-19T16:54:33+00:00","og_image":[{"width":800,"height":445,"url":"https:\/\/dicodusport.fr\/blog\/wp-content\/uploads\/2022\/03\/XV-de-France-Thomas-Jolmes-et-Matthieu-Jalibert-forfaits-pour-le-Pays-de-Gales.png","type":"image\/png"}],"author":"Nicolas Jacquemard","twitter_card":"summary_large_image","twitter_title":"XV de France : Thomas Jolmes et Matthieu Jalibert forfaits pour le Pays de Galles","twitter_creator":"@https:\/\/twitter.com\/Nico_Jacquemard","twitter_site":"@dicodusport","schema":{"@context":"https:\/\/schema.org","@graph":[{"@type":"NewsArticle","@id":"https:\/\/dicodusport.fr\/blog\/xv-de-france-thomas-jolmes-et-matthieu-jalibert-forfaits-pour-le-pays-de-galles\/#article","isPartOf":{"@id":"https:\/\/dicodusport.fr\/blog\/xv-de-france-thomas-jolmes-et-matthieu-jalibert-forfaits-pour-le-pays-de-galles\/"},"author":{"name":"Nicolas Jacquemard","@id":"https:\/\/dicodusport.fr\/blog\/#\/schema\/person\/55dcb50ad410894e431ed812bbb70191"},"headline":"XV de France : Thomas Jolmes et Matthieu Jalibert forfaits pour le Pays de Galles","datePublished":"2022-03-06T13:04:09+00:00","dateModified":"2022-03-19T16:54:33+00:00","mainEntityOfPage":{"@id":"https:\/\/dicodusport.fr\/blog\/xv-de-france-thomas-jolmes-et-matthieu-jalibert-forfaits-pour-le-pays-de-galles\/"},"wordCount":167,"commentCount":0,"publisher":{"@id":"https:\/\/dicodusport.fr\/blog\/#organization"},"image":{"@id":"https:\/\/dicodusport.fr\/blog\/xv-de-france-thomas-jolmes-et-matthieu-jalibert-forfaits-pour-le-pays-de-galles\/#primaryimage"},"thumbnailUrl":"https:\/\/dicodusport.fr\/blog\/wp-content\/uploads\/2022\/03\/XV-de-France-Thomas-Jolmes-et-Matthieu-Jalibert-forfaits-pour-le-Pays-de-Gales.png","keywords":["Matthieu Jalibert","XV de France"],"articleSection":["Tournoi des 6 Nations","XV de France"],"inLanguage":"fr-FR","potentialAction":[{"@type":"CommentAction","name":"Comment","target":["https:\/\/dicodusport.fr\/blog\/xv-de-france-thomas-jolmes-et-matthieu-jalibert-forfaits-pour-le-pays-de-galles\/#respond"]}],"copyrightYear":"2022","copyrightHolder":{"@id":"https:\/\/dicodusport.fr\/blog\/#organization"}},{"@type":"WebPage","@id":"https:\/\/dicodusport.fr\/blog\/xv-de-france-thomas-jolmes-et-matthieu-jalibert-forfaits-pour-le-pays-de-galles\/","url":"https:\/\/dicodusport.fr\/blog\/xv-de-france-thomas-jolmes-et-matthieu-jalibert-forfaits-pour-le-pays-de-galles\/","name":"XV de France : Thomas Jolmes et Matthieu Jalibert forfaits pour le Pays de Galles","isPartOf":{"@id":"https:\/\/dicodusport.fr\/blog\/#website"},"primaryImageOfPage":{"@id":"https:\/\/dicodusport.fr\/blog\/xv-de-france-thomas-jolmes-et-matthieu-jalibert-forfaits-pour-le-pays-de-galles\/#primaryimage"},"image":{"@id":"https:\/\/dicodusport.fr\/blog\/xv-de-france-thomas-jolmes-et-matthieu-jalibert-forfaits-pour-le-pays-de-galles\/#primaryimage"},"thumbnailUrl":"https:\/\/dicodusport.fr\/blog\/wp-content\/uploads\/2022\/03\/XV-de-France-Thomas-Jolmes-et-Matthieu-Jalibert-forfaits-pour-le-Pays-de-Gales.png","datePublished":"2022-03-06T13:04:09+00:00","dateModified":"2022-03-19T16:54:33+00:00","description":"6 NATIONS 2022 - Matthieu Jalibert et Thomas Jolmes (UBB) sont forfaits pour le match du XV de France face au Pays de Galles.\u00a0","breadcrumb":{"@id":"https:\/\/dicodusport.fr\/blog\/xv-de-france-thomas-jolmes-et-matthieu-jalibert-forfaits-pour-le-pays-de-galles\/#breadcrumb"},"inLanguage":"fr-FR","potentialAction":[{"@type":"ReadAction","target":["https:\/\/dicodusport.fr\/blog\/xv-de-france-thomas-jolmes-et-matthieu-jalibert-forfaits-pour-le-pays-de-galles\/"]}]},{"@type":"ImageObject","inLanguage":"fr-FR","@id":"https:\/\/dicodusport.fr\/blog\/xv-de-france-thomas-jolmes-et-matthieu-jalibert-forfaits-pour-le-pays-de-galles\/#primaryimage","url":"https:\/\/dicodusport.fr\/blog\/wp-content\/uploads\/2022\/03\/XV-de-France-Thomas-Jolmes-et-Matthieu-Jalibert-forfaits-pour-le-Pays-de-Gales.png","contentUrl":"https:\/\/dicodusport.fr\/blog\/wp-content\/uploads\/2022\/03\/XV-de-France-Thomas-Jolmes-et-Matthieu-Jalibert-forfaits-pour-le-Pays-de-Gales.png","width":800,"height":445},{"@type":"BreadcrumbList","@id":"https:\/\/dicodusport.fr\/blog\/xv-de-france-thomas-jolmes-et-matthieu-jalibert-forfaits-pour-le-pays-de-galles\/#breadcrumb","itemListElement":[{"@type":"ListItem","position":1,"name":"Accueil","item":"https:\/\/dicodusport.fr\/blog\/"},{"@type":"ListItem","position":2,"name":"XV de France : Thomas Jolmes et Matthieu Jalibert forfaits pour le Pays de Galles"}]},{"@type":"WebSite","@id":"https:\/\/dicodusport.fr\/blog\/#website","url":"https:\/\/dicodusport.fr\/blog\/","name":"Dicodusport","description":"L&#039;encyclop\u00e9die de l&#039;actualit\u00e9 sportive","publisher":{"@id":"https:\/\/dicodusport.fr\/blog\/#organization"},"potentialAction":[{"@type":"SearchAction","target":{"@type":"EntryPoint","urlTemplate":"https:\/\/dicodusport.fr\/blog\/?s={search_term_string}"},"query-input":{"@type":"PropertyValueSpecification","valueRequired":true,"valueName":"search_term_string"}}],"inLanguage":"fr-FR"},{"@type":"NewsMediaOrganization","@id":"https:\/\/dicodusport.fr\/blog\/#organization","name":"Dicodusport","url":"https:\/\/dicodusport.fr\/blog\/","logo":{"@type":"ImageObject","inLanguage":"fr-FR","@id":"https:\/\/dicodusport.fr\/blog\/#\/schema\/logo\/image\/","url":"https:\/\/dicodusport.fr\/blog\/wp-content\/uploads\/2020\/06\/cropped-LOGO-DICODUSPORT-2020-SANS-FOND-SANS-TEXTE.png","contentUrl":"https:\/\/dicodusport.fr\/blog\/wp-content\/uploads\/2020\/06\/cropped-LOGO-DICODUSPORT-2020-SANS-FOND-SANS-TEXTE.png","width":512,"height":512,"caption":"Dicodusport"},"image":{"@id":"https:\/\/dicodusport.fr\/blog\/#\/schema\/logo\/image\/"},"sameAs":["https:\/\/www.facebook.com\/dicodusport","https:\/\/x.com\/dicodusport","https:\/\/www.instagram.com\/dicodusport\/","https:\/\/www.youtube.com\/channel\/UC7V2KZ5sd3htJivAbA4ZG3w"],"description":"Dicodusport est l'encyclop\u00e9die de l'actualit\u00e9 sportive.","email":"bonjour@dicodusport.fr","legalName":"DICODUSPORT","foundingDate":"2018-01-14","vatID":"FR71834470973","taxID":"83447097300043","numberOfEmployees":{"@type":"QuantitativeValue","minValue":"1","maxValue":"10"}},{"@type":"Person","@id":"https:\/\/dicodusport.fr\/blog\/#\/schema\/person\/55dcb50ad410894e431ed812bbb70191","name":"Nicolas Jacquemard","image":{"@type":"ImageObject","inLanguage":"fr-FR","@id":"https:\/\/dicodusport.fr\/blog\/#\/schema\/person\/image\/","url":"https:\/\/dicodusport.fr\/blog\/wp-content\/uploads\/2021\/05\/Nicolas-Jacquemard-150x150.jpeg","contentUrl":"https:\/\/dicodusport.fr\/blog\/wp-content\/uploads\/2021\/05\/Nicolas-Jacquemard-150x150.jpeg","caption":"Nicolas Jacquemard"},"description":"Passionn\u00e9 de sport et entrepreneur depuis mes 18 ans, la cr\u00e9ation de Dicodusport m'a sembl\u00e9 \u00e9vidente pour participer \u00e0 la m\u00e9diatisation d'un plus grand nombre de sports. Le chemin est long mais avec une \u00e9quipe des plus motiv\u00e9es et les Jeux Olympiques de Paris 2024 en point de mire, nous y arriverons ! Journaliste dans le monde du sport depuis plus de 5 ans, je traite aussi bien de football, de rugby, de biathlon que de cyclisme.","sameAs":["https:\/\/www.facebook.com\/dicodusport","https:\/\/x.com\/https:\/\/twitter.com\/Nico_Jacquemard"],"url":"https:\/\/dicodusport.fr\/blog\/author\/dicodusport\/"}]}},"_links":{"self":[{"href":"https:\/\/dicodusport.fr\/blog\/wp-json\/wp\/v2\/posts\/205544","targetHints":{"allow":["GET"]}}],"collection":[{"href":"https:\/\/dicodusport.fr\/blog\/wp-json\/wp\/v2\/posts"}],"about":[{"href":"https:\/\/dicodusport.fr\/blog\/wp-json\/wp\/v2\/types\/post"}],"author":[{"embeddable":true,"href":"https:\/\/dicodusport.fr\/blog\/wp-json\/wp\/v2\/users\/1"}],"replies":[{"embeddable":true,"href":"https:\/\/dicodusport.fr\/blog\/wp-json\/wp\/v2\/comments?post=205544"}],"version-history":[{"count":0,"href":"https:\/\/dicodusport.fr\/blog\/wp-json\/wp\/v2\/posts\/205544\/revisions"}],"wp:featuredmedia":[{"embeddable":true,"href":"https:\/\/dicodusport.fr\/blog\/wp-json\/wp\/v2\/media\/205545"}],"wp:attachment":[{"href":"https:\/\/dicodusport.fr\/blog\/wp-json\/wp\/v2\/media?parent=205544"}],"wp:term":[{"taxonomy":"category","embeddable":true,"href":"https:\/\/dicodusport.fr\/blog\/wp-json\/wp\/v2\/categories?post=205544"},{"taxonomy":"post_tag","embeddable":true,"href":"https:\/\/dicodusport.fr\/blog\/wp-json\/wp\/v2\/tags?post=205544"}],"curies":[{"name":"wp","href":"https:\/\/api.w.org\/{rel}","templated":true}]}}