{"id":205781,"date":"2022-03-07T07:26:45","date_gmt":"2022-03-07T06:26:45","guid":{"rendered":"https:\/\/dicodusport.fr\/blog\/?p=205781&#038;preview=true&#038;preview_id=205781"},"modified":"2022-03-07T10:46:38","modified_gmt":"2022-03-07T09:46:38","slug":"fabio-quartararo-j-ai-attaque-au-maximum-je-ne-comprends-pas","status":"publish","type":"post","link":"https:\/\/dicodusport.fr\/blog\/fabio-quartararo-j-ai-attaque-au-maximum-je-ne-comprends-pas\/","title":{"rendered":"Fabio Quartararo : \u00ab\u00a0J\u2019ai attaqu\u00e9 au maximum, je ne comprends pas\u00a0\u00bb"},"content":{"rendered":"<p style=\"text-align: justify;\"><em><b>MOTOGP 2022 &#8211; Seulement neuvi\u00e8me du premier <a href=\"https:\/\/dicodusport.fr\/blog\/motogp-qatar-2022-classement-grand-prix\/\" target=\"_blank\" rel=\"noopener\">Grand Prix de la saison au Qatar<\/a>, Fabio Quartararo (Yamaha) est inquiet pour la suite de la saison, \u00e0 cause du manque de performance de sa moto.\u00a0<\/b><\/em><\/p>\n<p style=\"text-align: justify;\">Yamaha a \u00e9t\u00e9 le plus mauvais constructeur du week-end en termes de performances. Et le champion du monde fran\u00e7ais, <strong>Fabio Quartararo<\/strong>, est inquiet pour la suite, comme il l&rsquo;a confi\u00e9 apr\u00e8s la course en conf\u00e9rence de presse.<\/p>\n<blockquote>\n<p style=\"text-align: justify;\">J\u2019ai pris un tr\u00e8s bon d\u00e9part puis, d\u00e8s le deuxi\u00e8me tour, la pression des pneus est mont\u00e9e super haut. Je ne sais pas pourquoi. J\u2019ai attaqu\u00e9 au maximum, je ne comprends pas\u2026 J\u2019attendais un peu plus de rythme mais on ne peut pas faire mieux pour le moment. C\u2019est le probl\u00e8me\u2026 Savoir qu\u2019on a gagn\u00e9 les deux courses ici l\u2019an dernier et qu\u2019on termine derri\u00e8re et assez loin maintenant, bien s\u00fbr que \u00e7a m\u2019inqui\u00e8te. Je ne peux pas dire que je suis en confiance. On s\u2019est qualifi\u00e9s en quatri\u00e8me ligne, en passant par la Q1, je ne peux pas \u00eatre confiant. Mais, comme je le dis toujours, je ne suis pas ing\u00e9nieur. Mon job, c\u2019est d\u2019\u00eatre \u00e0 100 % pr\u00eat et concentr\u00e9 lors de chaque course.<\/p>\n<\/blockquote>\n<p style=\"text-align: justify;\">Ce week-end, sur le circuit de Losail \u00e0 Doha, la Yamaha d&rsquo;usine a connu un d\u00e9ficit de puissance de 10km\/h par rapport aux meilleurs machines du plateau, ce qui a compliqu\u00e9 la t\u00e2che du pilote fran\u00e7ais.<\/p>\n<blockquote class=\"twitter-tweet\">\n<p dir=\"ltr\" lang=\"fr\">MotoGP : loin des meilleurs, Fabio Quartararo \u00ab\u00a0ne peut pas \u00eatre confiant\u00a0\u00bb<a href=\"https:\/\/t.co\/n1H08JD8Qh\">https:\/\/t.co\/n1H08JD8Qh<\/a> <a href=\"https:\/\/t.co\/JDVuLSz5cx\">pic.twitter.com\/JDVuLSz5cx<\/a><\/p>\n<p>\u2014 franceinfo (@franceinfo) <a href=\"https:\/\/twitter.com\/franceinfo\/status\/1500570047726723077?ref_src=twsrc%5Etfw\">March 6, 2022<\/a><\/p><\/blockquote>\n<p><script async src=\"https:\/\/platform.twitter.com\/widgets.js\" charset=\"utf-8\"><\/script><\/p>\n","protected":false},"excerpt":{"rendered":"<p>MOTOGP 2022 &#8211; Seulement neuvi\u00e8me du premier Grand Prix de la saison au Qatar, Fabio Quartararo (Yamaha) est inquiet pour la suite de la saison, \u00e0 cause du manque de performance de sa moto.\u00a0<\/p>\n","protected":false},"author":1,"featured_media":205832,"comment_status":"open","ping_status":"closed","sticky":false,"template":"","format":"standard","meta":{"_acf_changed":false,"_daextam_enable_autolinks":"","footnotes":""},"categories":[47087],"tags":[5205,10938],"class_list":["post-205781","post","type-post","status-publish","format-standard","has-post-thumbnail","hentry","category-motogp","tag-fabio-quartararo","tag-motogp"],"acf":[],"yoast_head":"<!-- This site is optimized with the Yoast SEO Premium plugin v26.7 (Yoast SEO v26.7) - https:\/\/yoast.com\/wordpress\/plugins\/seo\/ -->\n<title>Fabio Quartararo : &quot;J\u2019ai attaqu\u00e9 au maximum, je ne comprends pas&quot;<\/title>\n<meta name=\"description\" content=\"MOTOGP 2022 - Seulement neuvi\u00e8me du premier Grand Prix de la saison au Qatar, Fabio Quartararo (Yamaha) est inquiet pour la suite de la saison.\" \/>\n<meta name=\"robots\" content=\"index, follow, max-snippet:-1, max-image-preview:large, max-video-preview:-1\" \/>\n<link rel=\"canonical\" href=\"https:\/\/dicodusport.fr\/blog\/fabio-quartararo-j-ai-attaque-au-maximum-je-ne-comprends-pas\/\" \/>\n<meta property=\"og:locale\" content=\"fr_FR\" \/>\n<meta property=\"og:type\" content=\"article\" \/>\n<meta property=\"og:title\" content=\"Fabio Quartararo : &quot;J\u2019ai attaqu\u00e9 au maximum, je ne comprends pas&quot;\" \/>\n<meta property=\"og:description\" content=\"MOTOGP 2022 - Seulement neuvi\u00e8me du premier Grand Prix de la saison au Qatar, Fabio Quartararo (Yamaha) est inquiet pour la suite de la saison.\" \/>\n<meta property=\"og:url\" content=\"https:\/\/dicodusport.fr\/blog\/fabio-quartararo-j-ai-attaque-au-maximum-je-ne-comprends-pas\/\" \/>\n<meta property=\"og:site_name\" content=\"Dicodusport\" \/>\n<meta property=\"article:publisher\" content=\"https:\/\/www.facebook.com\/dicodusport\" \/>\n<meta property=\"article:author\" content=\"https:\/\/www.facebook.com\/dicodusport\" \/>\n<meta property=\"article:published_time\" content=\"2022-03-07T06:26:45+00:00\" \/>\n<meta property=\"article:modified_time\" content=\"2022-03-07T09:46:38+00:00\" \/>\n<meta property=\"og:image\" content=\"https:\/\/dicodusport.fr\/blog\/wp-content\/uploads\/2022\/03\/Fabio-Quartararo-Jai-attaque-au-maximum-je-ne-comprends-pas.png\" \/>\n\t<meta property=\"og:image:width\" content=\"800\" \/>\n\t<meta property=\"og:image:height\" content=\"445\" \/>\n\t<meta property=\"og:image:type\" content=\"image\/png\" \/>\n<meta name=\"author\" content=\"Nicolas Jacquemard\" \/>\n<meta name=\"twitter:card\" content=\"summary_large_image\" \/>\n<meta name=\"twitter:title\" content=\"Fabio Quartararo : &quot;J\u2019ai attaqu\u00e9 au maximum, je ne comprends pas&quot;\" \/>\n<meta name=\"twitter:creator\" content=\"@https:\/\/twitter.com\/Nico_Jacquemard\" \/>\n<meta name=\"twitter:site\" content=\"@dicodusport\" \/>\n<script type=\"application\/ld+json\" class=\"yoast-schema-graph\">{\"@context\":\"https:\/\/schema.org\",\"@graph\":[{\"@type\":\"NewsArticle\",\"@id\":\"https:\/\/dicodusport.fr\/blog\/fabio-quartararo-j-ai-attaque-au-maximum-je-ne-comprends-pas\/#article\",\"isPartOf\":{\"@id\":\"https:\/\/dicodusport.fr\/blog\/fabio-quartararo-j-ai-attaque-au-maximum-je-ne-comprends-pas\/\"},\"author\":{\"name\":\"Nicolas Jacquemard\",\"@id\":\"https:\/\/dicodusport.fr\/blog\/#\/schema\/person\/55dcb50ad410894e431ed812bbb70191\"},\"headline\":\"Fabio Quartararo : \u00ab\u00a0J\u2019ai attaqu\u00e9 au maximum, je ne comprends pas\u00a0\u00bb\",\"datePublished\":\"2022-03-07T06:26:45+00:00\",\"dateModified\":\"2022-03-07T09:46:38+00:00\",\"mainEntityOfPage\":{\"@id\":\"https:\/\/dicodusport.fr\/blog\/fabio-quartararo-j-ai-attaque-au-maximum-je-ne-comprends-pas\/\"},\"wordCount\":298,\"commentCount\":0,\"publisher\":{\"@id\":\"https:\/\/dicodusport.fr\/blog\/#organization\"},\"image\":{\"@id\":\"https:\/\/dicodusport.fr\/blog\/fabio-quartararo-j-ai-attaque-au-maximum-je-ne-comprends-pas\/#primaryimage\"},\"thumbnailUrl\":\"https:\/\/dicodusport.fr\/blog\/wp-content\/uploads\/2022\/03\/Fabio-Quartararo-Jai-attaque-au-maximum-je-ne-comprends-pas.png\",\"keywords\":[\"Fabio Quartararo\",\"MotoGP\"],\"articleSection\":[\"MotoGP\"],\"inLanguage\":\"fr-FR\",\"potentialAction\":[{\"@type\":\"CommentAction\",\"name\":\"Comment\",\"target\":[\"https:\/\/dicodusport.fr\/blog\/fabio-quartararo-j-ai-attaque-au-maximum-je-ne-comprends-pas\/#respond\"]}],\"copyrightYear\":\"2022\",\"copyrightHolder\":{\"@id\":\"https:\/\/dicodusport.fr\/blog\/#organization\"}},{\"@type\":\"WebPage\",\"@id\":\"https:\/\/dicodusport.fr\/blog\/fabio-quartararo-j-ai-attaque-au-maximum-je-ne-comprends-pas\/\",\"url\":\"https:\/\/dicodusport.fr\/blog\/fabio-quartararo-j-ai-attaque-au-maximum-je-ne-comprends-pas\/\",\"name\":\"Fabio Quartararo : \\\"J\u2019ai attaqu\u00e9 au maximum, je ne comprends pas\\\"\",\"isPartOf\":{\"@id\":\"https:\/\/dicodusport.fr\/blog\/#website\"},\"primaryImageOfPage\":{\"@id\":\"https:\/\/dicodusport.fr\/blog\/fabio-quartararo-j-ai-attaque-au-maximum-je-ne-comprends-pas\/#primaryimage\"},\"image\":{\"@id\":\"https:\/\/dicodusport.fr\/blog\/fabio-quartararo-j-ai-attaque-au-maximum-je-ne-comprends-pas\/#primaryimage\"},\"thumbnailUrl\":\"https:\/\/dicodusport.fr\/blog\/wp-content\/uploads\/2022\/03\/Fabio-Quartararo-Jai-attaque-au-maximum-je-ne-comprends-pas.png\",\"datePublished\":\"2022-03-07T06:26:45+00:00\",\"dateModified\":\"2022-03-07T09:46:38+00:00\",\"description\":\"MOTOGP 2022 - Seulement neuvi\u00e8me du premier Grand Prix de la saison au Qatar, Fabio Quartararo (Yamaha) est inquiet pour la suite de la saison.\",\"breadcrumb\":{\"@id\":\"https:\/\/dicodusport.fr\/blog\/fabio-quartararo-j-ai-attaque-au-maximum-je-ne-comprends-pas\/#breadcrumb\"},\"inLanguage\":\"fr-FR\",\"potentialAction\":[{\"@type\":\"ReadAction\",\"target\":[\"https:\/\/dicodusport.fr\/blog\/fabio-quartararo-j-ai-attaque-au-maximum-je-ne-comprends-pas\/\"]}]},{\"@type\":\"ImageObject\",\"inLanguage\":\"fr-FR\",\"@id\":\"https:\/\/dicodusport.fr\/blog\/fabio-quartararo-j-ai-attaque-au-maximum-je-ne-comprends-pas\/#primaryimage\",\"url\":\"https:\/\/dicodusport.fr\/blog\/wp-content\/uploads\/2022\/03\/Fabio-Quartararo-Jai-attaque-au-maximum-je-ne-comprends-pas.png\",\"contentUrl\":\"https:\/\/dicodusport.fr\/blog\/wp-content\/uploads\/2022\/03\/Fabio-Quartararo-Jai-attaque-au-maximum-je-ne-comprends-pas.png\",\"width\":800,\"height\":445,\"caption\":\"Fabio Quartararo J\u2019ai attaqu\u00e9 au maximum, je ne comprends pas\"},{\"@type\":\"BreadcrumbList\",\"@id\":\"https:\/\/dicodusport.fr\/blog\/fabio-quartararo-j-ai-attaque-au-maximum-je-ne-comprends-pas\/#breadcrumb\",\"itemListElement\":[{\"@type\":\"ListItem\",\"position\":1,\"name\":\"Accueil\",\"item\":\"https:\/\/dicodusport.fr\/blog\/\"},{\"@type\":\"ListItem\",\"position\":2,\"name\":\"Fabio Quartararo : \u00ab\u00a0J\u2019ai attaqu\u00e9 au maximum, je ne comprends pas\u00a0\u00bb\"}]},{\"@type\":\"WebSite\",\"@id\":\"https:\/\/dicodusport.fr\/blog\/#website\",\"url\":\"https:\/\/dicodusport.fr\/blog\/\",\"name\":\"Dicodusport\",\"description\":\"L&#039;encyclop\u00e9die de l&#039;actualit\u00e9 sportive\",\"publisher\":{\"@id\":\"https:\/\/dicodusport.fr\/blog\/#organization\"},\"potentialAction\":[{\"@type\":\"SearchAction\",\"target\":{\"@type\":\"EntryPoint\",\"urlTemplate\":\"https:\/\/dicodusport.fr\/blog\/?s={search_term_string}\"},\"query-input\":{\"@type\":\"PropertyValueSpecification\",\"valueRequired\":true,\"valueName\":\"search_term_string\"}}],\"inLanguage\":\"fr-FR\"},{\"@type\":\"NewsMediaOrganization\",\"@id\":\"https:\/\/dicodusport.fr\/blog\/#organization\",\"name\":\"Dicodusport\",\"url\":\"https:\/\/dicodusport.fr\/blog\/\",\"logo\":{\"@type\":\"ImageObject\",\"inLanguage\":\"fr-FR\",\"@id\":\"https:\/\/dicodusport.fr\/blog\/#\/schema\/logo\/image\/\",\"url\":\"https:\/\/dicodusport.fr\/blog\/wp-content\/uploads\/2020\/06\/cropped-LOGO-DICODUSPORT-2020-SANS-FOND-SANS-TEXTE.png\",\"contentUrl\":\"https:\/\/dicodusport.fr\/blog\/wp-content\/uploads\/2020\/06\/cropped-LOGO-DICODUSPORT-2020-SANS-FOND-SANS-TEXTE.png\",\"width\":512,\"height\":512,\"caption\":\"Dicodusport\"},\"image\":{\"@id\":\"https:\/\/dicodusport.fr\/blog\/#\/schema\/logo\/image\/\"},\"sameAs\":[\"https:\/\/www.facebook.com\/dicodusport\",\"https:\/\/x.com\/dicodusport\",\"https:\/\/www.instagram.com\/dicodusport\/\",\"https:\/\/www.youtube.com\/channel\/UC7V2KZ5sd3htJivAbA4ZG3w\"],\"description\":\"Dicodusport est l'encyclop\u00e9die de l'actualit\u00e9 sportive.\",\"email\":\"bonjour@dicodusport.fr\",\"legalName\":\"DICODUSPORT\",\"foundingDate\":\"2018-01-14\",\"vatID\":\"FR71834470973\",\"taxID\":\"83447097300043\",\"numberOfEmployees\":{\"@type\":\"QuantitativeValue\",\"minValue\":\"1\",\"maxValue\":\"10\"}},{\"@type\":\"Person\",\"@id\":\"https:\/\/dicodusport.fr\/blog\/#\/schema\/person\/55dcb50ad410894e431ed812bbb70191\",\"name\":\"Nicolas Jacquemard\",\"image\":{\"@type\":\"ImageObject\",\"inLanguage\":\"fr-FR\",\"@id\":\"https:\/\/dicodusport.fr\/blog\/#\/schema\/person\/image\/\",\"url\":\"https:\/\/dicodusport.fr\/blog\/wp-content\/uploads\/2021\/05\/Nicolas-Jacquemard-150x150.jpeg\",\"contentUrl\":\"https:\/\/dicodusport.fr\/blog\/wp-content\/uploads\/2021\/05\/Nicolas-Jacquemard-150x150.jpeg\",\"caption\":\"Nicolas Jacquemard\"},\"description\":\"Passionn\u00e9 de sport et entrepreneur depuis mes 18 ans, la cr\u00e9ation de Dicodusport m'a sembl\u00e9 \u00e9vidente pour participer \u00e0 la m\u00e9diatisation d'un plus grand nombre de sports. Le chemin est long mais avec une \u00e9quipe des plus motiv\u00e9es et les Jeux Olympiques de Paris 2024 en point de mire, nous y arriverons ! Journaliste dans le monde du sport depuis plus de 5 ans, je traite aussi bien de football, de rugby, de biathlon que de cyclisme.\",\"sameAs\":[\"https:\/\/www.facebook.com\/dicodusport\",\"https:\/\/x.com\/https:\/\/twitter.com\/Nico_Jacquemard\"],\"url\":\"https:\/\/dicodusport.fr\/blog\/author\/dicodusport\/\"}]}<\/script>\n<!-- \/ Yoast SEO Premium plugin. -->","yoast_head_json":{"title":"Fabio Quartararo : \"J\u2019ai attaqu\u00e9 au maximum, je ne comprends pas\"","description":"MOTOGP 2022 - Seulement neuvi\u00e8me du premier Grand Prix de la saison au Qatar, Fabio Quartararo (Yamaha) est inquiet pour la suite de la saison.","robots":{"index":"index","follow":"follow","max-snippet":"max-snippet:-1","max-image-preview":"max-image-preview:large","max-video-preview":"max-video-preview:-1"},"canonical":"https:\/\/dicodusport.fr\/blog\/fabio-quartararo-j-ai-attaque-au-maximum-je-ne-comprends-pas\/","og_locale":"fr_FR","og_type":"article","og_title":"Fabio Quartararo : \"J\u2019ai attaqu\u00e9 au maximum, je ne comprends pas\"","og_description":"MOTOGP 2022 - Seulement neuvi\u00e8me du premier Grand Prix de la saison au Qatar, Fabio Quartararo (Yamaha) est inquiet pour la suite de la saison.","og_url":"https:\/\/dicodusport.fr\/blog\/fabio-quartararo-j-ai-attaque-au-maximum-je-ne-comprends-pas\/","og_site_name":"Dicodusport","article_publisher":"https:\/\/www.facebook.com\/dicodusport","article_author":"https:\/\/www.facebook.com\/dicodusport","article_published_time":"2022-03-07T06:26:45+00:00","article_modified_time":"2022-03-07T09:46:38+00:00","og_image":[{"width":800,"height":445,"url":"https:\/\/dicodusport.fr\/blog\/wp-content\/uploads\/2022\/03\/Fabio-Quartararo-Jai-attaque-au-maximum-je-ne-comprends-pas.png","type":"image\/png"}],"author":"Nicolas Jacquemard","twitter_card":"summary_large_image","twitter_title":"Fabio Quartararo : \"J\u2019ai attaqu\u00e9 au maximum, je ne comprends pas\"","twitter_creator":"@https:\/\/twitter.com\/Nico_Jacquemard","twitter_site":"@dicodusport","schema":{"@context":"https:\/\/schema.org","@graph":[{"@type":"NewsArticle","@id":"https:\/\/dicodusport.fr\/blog\/fabio-quartararo-j-ai-attaque-au-maximum-je-ne-comprends-pas\/#article","isPartOf":{"@id":"https:\/\/dicodusport.fr\/blog\/fabio-quartararo-j-ai-attaque-au-maximum-je-ne-comprends-pas\/"},"author":{"name":"Nicolas Jacquemard","@id":"https:\/\/dicodusport.fr\/blog\/#\/schema\/person\/55dcb50ad410894e431ed812bbb70191"},"headline":"Fabio Quartararo : \u00ab\u00a0J\u2019ai attaqu\u00e9 au maximum, je ne comprends pas\u00a0\u00bb","datePublished":"2022-03-07T06:26:45+00:00","dateModified":"2022-03-07T09:46:38+00:00","mainEntityOfPage":{"@id":"https:\/\/dicodusport.fr\/blog\/fabio-quartararo-j-ai-attaque-au-maximum-je-ne-comprends-pas\/"},"wordCount":298,"commentCount":0,"publisher":{"@id":"https:\/\/dicodusport.fr\/blog\/#organization"},"image":{"@id":"https:\/\/dicodusport.fr\/blog\/fabio-quartararo-j-ai-attaque-au-maximum-je-ne-comprends-pas\/#primaryimage"},"thumbnailUrl":"https:\/\/dicodusport.fr\/blog\/wp-content\/uploads\/2022\/03\/Fabio-Quartararo-Jai-attaque-au-maximum-je-ne-comprends-pas.png","keywords":["Fabio Quartararo","MotoGP"],"articleSection":["MotoGP"],"inLanguage":"fr-FR","potentialAction":[{"@type":"CommentAction","name":"Comment","target":["https:\/\/dicodusport.fr\/blog\/fabio-quartararo-j-ai-attaque-au-maximum-je-ne-comprends-pas\/#respond"]}],"copyrightYear":"2022","copyrightHolder":{"@id":"https:\/\/dicodusport.fr\/blog\/#organization"}},{"@type":"WebPage","@id":"https:\/\/dicodusport.fr\/blog\/fabio-quartararo-j-ai-attaque-au-maximum-je-ne-comprends-pas\/","url":"https:\/\/dicodusport.fr\/blog\/fabio-quartararo-j-ai-attaque-au-maximum-je-ne-comprends-pas\/","name":"Fabio Quartararo : \"J\u2019ai attaqu\u00e9 au maximum, je ne comprends pas\"","isPartOf":{"@id":"https:\/\/dicodusport.fr\/blog\/#website"},"primaryImageOfPage":{"@id":"https:\/\/dicodusport.fr\/blog\/fabio-quartararo-j-ai-attaque-au-maximum-je-ne-comprends-pas\/#primaryimage"},"image":{"@id":"https:\/\/dicodusport.fr\/blog\/fabio-quartararo-j-ai-attaque-au-maximum-je-ne-comprends-pas\/#primaryimage"},"thumbnailUrl":"https:\/\/dicodusport.fr\/blog\/wp-content\/uploads\/2022\/03\/Fabio-Quartararo-Jai-attaque-au-maximum-je-ne-comprends-pas.png","datePublished":"2022-03-07T06:26:45+00:00","dateModified":"2022-03-07T09:46:38+00:00","description":"MOTOGP 2022 - Seulement neuvi\u00e8me du premier Grand Prix de la saison au Qatar, Fabio Quartararo (Yamaha) est inquiet pour la suite de la saison.","breadcrumb":{"@id":"https:\/\/dicodusport.fr\/blog\/fabio-quartararo-j-ai-attaque-au-maximum-je-ne-comprends-pas\/#breadcrumb"},"inLanguage":"fr-FR","potentialAction":[{"@type":"ReadAction","target":["https:\/\/dicodusport.fr\/blog\/fabio-quartararo-j-ai-attaque-au-maximum-je-ne-comprends-pas\/"]}]},{"@type":"ImageObject","inLanguage":"fr-FR","@id":"https:\/\/dicodusport.fr\/blog\/fabio-quartararo-j-ai-attaque-au-maximum-je-ne-comprends-pas\/#primaryimage","url":"https:\/\/dicodusport.fr\/blog\/wp-content\/uploads\/2022\/03\/Fabio-Quartararo-Jai-attaque-au-maximum-je-ne-comprends-pas.png","contentUrl":"https:\/\/dicodusport.fr\/blog\/wp-content\/uploads\/2022\/03\/Fabio-Quartararo-Jai-attaque-au-maximum-je-ne-comprends-pas.png","width":800,"height":445,"caption":"Fabio Quartararo J\u2019ai attaqu\u00e9 au maximum, je ne comprends pas"},{"@type":"BreadcrumbList","@id":"https:\/\/dicodusport.fr\/blog\/fabio-quartararo-j-ai-attaque-au-maximum-je-ne-comprends-pas\/#breadcrumb","itemListElement":[{"@type":"ListItem","position":1,"name":"Accueil","item":"https:\/\/dicodusport.fr\/blog\/"},{"@type":"ListItem","position":2,"name":"Fabio Quartararo : \u00ab\u00a0J\u2019ai attaqu\u00e9 au maximum, je ne comprends pas\u00a0\u00bb"}]},{"@type":"WebSite","@id":"https:\/\/dicodusport.fr\/blog\/#website","url":"https:\/\/dicodusport.fr\/blog\/","name":"Dicodusport","description":"L&#039;encyclop\u00e9die de l&#039;actualit\u00e9 sportive","publisher":{"@id":"https:\/\/dicodusport.fr\/blog\/#organization"},"potentialAction":[{"@type":"SearchAction","target":{"@type":"EntryPoint","urlTemplate":"https:\/\/dicodusport.fr\/blog\/?s={search_term_string}"},"query-input":{"@type":"PropertyValueSpecification","valueRequired":true,"valueName":"search_term_string"}}],"inLanguage":"fr-FR"},{"@type":"NewsMediaOrganization","@id":"https:\/\/dicodusport.fr\/blog\/#organization","name":"Dicodusport","url":"https:\/\/dicodusport.fr\/blog\/","logo":{"@type":"ImageObject","inLanguage":"fr-FR","@id":"https:\/\/dicodusport.fr\/blog\/#\/schema\/logo\/image\/","url":"https:\/\/dicodusport.fr\/blog\/wp-content\/uploads\/2020\/06\/cropped-LOGO-DICODUSPORT-2020-SANS-FOND-SANS-TEXTE.png","contentUrl":"https:\/\/dicodusport.fr\/blog\/wp-content\/uploads\/2020\/06\/cropped-LOGO-DICODUSPORT-2020-SANS-FOND-SANS-TEXTE.png","width":512,"height":512,"caption":"Dicodusport"},"image":{"@id":"https:\/\/dicodusport.fr\/blog\/#\/schema\/logo\/image\/"},"sameAs":["https:\/\/www.facebook.com\/dicodusport","https:\/\/x.com\/dicodusport","https:\/\/www.instagram.com\/dicodusport\/","https:\/\/www.youtube.com\/channel\/UC7V2KZ5sd3htJivAbA4ZG3w"],"description":"Dicodusport est l'encyclop\u00e9die de l'actualit\u00e9 sportive.","email":"bonjour@dicodusport.fr","legalName":"DICODUSPORT","foundingDate":"2018-01-14","vatID":"FR71834470973","taxID":"83447097300043","numberOfEmployees":{"@type":"QuantitativeValue","minValue":"1","maxValue":"10"}},{"@type":"Person","@id":"https:\/\/dicodusport.fr\/blog\/#\/schema\/person\/55dcb50ad410894e431ed812bbb70191","name":"Nicolas Jacquemard","image":{"@type":"ImageObject","inLanguage":"fr-FR","@id":"https:\/\/dicodusport.fr\/blog\/#\/schema\/person\/image\/","url":"https:\/\/dicodusport.fr\/blog\/wp-content\/uploads\/2021\/05\/Nicolas-Jacquemard-150x150.jpeg","contentUrl":"https:\/\/dicodusport.fr\/blog\/wp-content\/uploads\/2021\/05\/Nicolas-Jacquemard-150x150.jpeg","caption":"Nicolas Jacquemard"},"description":"Passionn\u00e9 de sport et entrepreneur depuis mes 18 ans, la cr\u00e9ation de Dicodusport m'a sembl\u00e9 \u00e9vidente pour participer \u00e0 la m\u00e9diatisation d'un plus grand nombre de sports. Le chemin est long mais avec une \u00e9quipe des plus motiv\u00e9es et les Jeux Olympiques de Paris 2024 en point de mire, nous y arriverons ! Journaliste dans le monde du sport depuis plus de 5 ans, je traite aussi bien de football, de rugby, de biathlon que de cyclisme.","sameAs":["https:\/\/www.facebook.com\/dicodusport","https:\/\/x.com\/https:\/\/twitter.com\/Nico_Jacquemard"],"url":"https:\/\/dicodusport.fr\/blog\/author\/dicodusport\/"}]}},"_links":{"self":[{"href":"https:\/\/dicodusport.fr\/blog\/wp-json\/wp\/v2\/posts\/205781","targetHints":{"allow":["GET"]}}],"collection":[{"href":"https:\/\/dicodusport.fr\/blog\/wp-json\/wp\/v2\/posts"}],"about":[{"href":"https:\/\/dicodusport.fr\/blog\/wp-json\/wp\/v2\/types\/post"}],"author":[{"embeddable":true,"href":"https:\/\/dicodusport.fr\/blog\/wp-json\/wp\/v2\/users\/1"}],"replies":[{"embeddable":true,"href":"https:\/\/dicodusport.fr\/blog\/wp-json\/wp\/v2\/comments?post=205781"}],"version-history":[{"count":0,"href":"https:\/\/dicodusport.fr\/blog\/wp-json\/wp\/v2\/posts\/205781\/revisions"}],"wp:featuredmedia":[{"embeddable":true,"href":"https:\/\/dicodusport.fr\/blog\/wp-json\/wp\/v2\/media\/205832"}],"wp:attachment":[{"href":"https:\/\/dicodusport.fr\/blog\/wp-json\/wp\/v2\/media?parent=205781"}],"wp:term":[{"taxonomy":"category","embeddable":true,"href":"https:\/\/dicodusport.fr\/blog\/wp-json\/wp\/v2\/categories?post=205781"},{"taxonomy":"post_tag","embeddable":true,"href":"https:\/\/dicodusport.fr\/blog\/wp-json\/wp\/v2\/tags?post=205781"}],"curies":[{"name":"wp","href":"https:\/\/api.w.org\/{rel}","templated":true}]}}