{"id":205930,"date":"2022-03-07T15:18:56","date_gmt":"2022-03-07T14:18:56","guid":{"rendered":"https:\/\/dicodusport.fr\/blog\/?p=205930&#038;preview=true&#038;preview_id=205930"},"modified":"2022-03-08T09:43:22","modified_gmt":"2022-03-08T08:43:22","slug":"biathlon-otepaa-pas-de-changement-dans-la-selection-francaise","status":"publish","type":"post","link":"https:\/\/dicodusport.fr\/blog\/biathlon-otepaa-pas-de-changement-dans-la-selection-francaise\/","title":{"rendered":"Biathlon Otep\u00e4\u00e4 : Pas de changement dans la s\u00e9lection fran\u00e7aise"},"content":{"rendered":"<p style=\"text-align: justify;\"><em><a style=\"font-weight: bold;\" href=\"https:\/\/dicodusport.fr\/blog\/biathlon-coupe-du-monde-2021-2022-le-calendrier-complet\/\">COUPE DU MONDE DE BIATHLON 2021-2022<\/a><b> &#8211; Le staff de l&rsquo;\u00e9quipe de France de biathlon a d\u00e9voil\u00e9 la s\u00e9lection pour <a href=\"https:\/\/dicodusport.fr\/blog\/biathlon-otepaa-programme-et-resultats-complets\/\">la 9\u00e8me \u00e9tape de la Coupe du monde de biathlon \u00e0 Otep\u00e4\u00e4<\/a> en Estonie.<\/b><\/em><\/p>\n<p style=\"text-align: justify;\">Pas de changement chez les Tricolores. Les 12 biathl\u00e8tes pr\u00e9sents en Finlande le seront aussi en Estonie.<\/p>\n<h2 style=\"text-align: justify;\">La s\u00e9lection fran\u00e7aise<\/h2>\n<h3 style=\"text-align: justify;\"><strong>Femmes<\/strong><\/h3>\n<p style=\"text-align: justify;\">Ana\u00efs BESCOND \u2013 ARMEES Morbier Bellefontaine (Massif Jurassien)<br \/>\nPaula BOTET \u2013 La Bressaude (Massif des Vosges)<br \/>\nJustine BRAISAZ-BOUCHET \u2013 DOUANES Les Saisies (Savoie)<br \/>\nAna\u00efs CHEVALIER-BOUCHET \u2013 DOUANES Les 7 Laux (Sports de Neige du Dauphin\u00e9)<br \/>\nChlo\u00e9 CHEVALIER \u2013 Les 7 Laux (Sports de Neige du Dauphin\u00e9)<br \/>\nJulia SIMON \u2013 DOUANES Les Saisies (Savoie)<\/p>\n<h3 style=\"text-align: justify;\"><strong>Hommes\u00a0<\/strong><\/h3>\n<p style=\"text-align: justify;\">Fabien CLAUDE \u2013 ARMEES Basse Le Rupt (Massif des Vosges)<br \/>\nSimon DESTHIEUX \u2013 ARMEES Lompnes (Lyonnais et Pays de l\u2019Ain)<br \/>\nQuentin FILLON MAILLET \u2013 DOUANES Grandvaux (Massif Jurassien)<br \/>\nAntonin GUIGONNAT \u2013 ARMEES Morzine-Avoriaz (Mont-Blanc)<br \/>\nEmilien JACQUELIN \u2013 DOUANES Villard-de-Lans (Sports de Neige du Dauphin\u00e9)<br \/>\nEric PERROT \u2013 Peisey Vallandry (Savoie)<\/p>\n<blockquote class=\"twitter-tweet\">\n<p dir=\"ltr\" lang=\"fr\">Voici les tricolores s\u00e9lectionn\u00e9s pour les prochaines Coupes du Monde de Ski Nordique.<\/p>\n<p>&#x25b6; <a href=\"https:\/\/t.co\/yiIyyAja3Q\">https:\/\/t.co\/yiIyyAja3Q<\/a> <a href=\"https:\/\/t.co\/mjJU43X2Mp\">pic.twitter.com\/mjJU43X2Mp<\/a><\/p>\n<p>\u2014 FFS &#8211; F\u00e9d\u00e9ration Fran\u00e7aise de Ski (@FedFranceSki) <a href=\"https:\/\/twitter.com\/FedFranceSki\/status\/1500830489967480835?ref_src=twsrc%5Etfw\">March 7, 2022<\/a><\/p><\/blockquote>\n<p><script async src=\"https:\/\/platform.twitter.com\/widgets.js\" charset=\"utf-8\"><\/script><\/p>\n<p>&nbsp;<\/p>\n","protected":false},"excerpt":{"rendered":"<p>COUPE DU MONDE DE BIATHLON 2021-2022 &#8211; Le staff de l&rsquo;\u00e9quipe de France de biathlon a d\u00e9voil\u00e9 la s\u00e9lection pour la 9\u00e8me \u00e9tape de la Coupe du monde de biathlon \u00e0 Otep\u00e4\u00e4 en Estonie.<\/p>\n","protected":false},"author":1,"featured_media":205931,"comment_status":"open","ping_status":"closed","sticky":false,"template":"","format":"standard","meta":{"_acf_changed":false,"_daextam_enable_autolinks":"","footnotes":""},"categories":[47040],"tags":[2427,12759,30],"class_list":["post-205930","post","type-post","status-publish","format-standard","has-post-thumbnail","hentry","category-coupe-du-monde-de-biathlon","tag-biathlon","tag-biathlon-kontiolahti","tag-france"],"acf":[],"yoast_head":"<!-- This site is optimized with the Yoast SEO Premium plugin v26.7 (Yoast SEO v26.7) - https:\/\/yoast.com\/wordpress\/plugins\/seo\/ -->\n<title>Biathlon Otep\u00e4\u00e4 : Pas de changement dans la s\u00e9lection fran\u00e7aise<\/title>\n<meta name=\"description\" content=\"Le staff de l&#039;\u00e9quipe de France de biathlon a d\u00e9voil\u00e9 la s\u00e9lection pour la 9\u00e8me \u00e9tape de la Coupe du monde de biathlon \u00e0 Otep\u00e4\u00e4 en Estonie.\" \/>\n<meta name=\"robots\" content=\"index, follow, max-snippet:-1, max-image-preview:large, max-video-preview:-1\" \/>\n<link rel=\"canonical\" href=\"https:\/\/dicodusport.fr\/blog\/biathlon-otepaa-pas-de-changement-dans-la-selection-francaise\/\" \/>\n<meta property=\"og:locale\" content=\"fr_FR\" \/>\n<meta property=\"og:type\" content=\"article\" \/>\n<meta property=\"og:title\" content=\"Biathlon Otep\u00e4\u00e4 : Pas de changement dans la s\u00e9lection fran\u00e7aise\" \/>\n<meta property=\"og:description\" content=\"Le staff de l&#039;\u00e9quipe de France de biathlon a d\u00e9voil\u00e9 la s\u00e9lection pour la 9\u00e8me \u00e9tape de la Coupe du monde de biathlon \u00e0 Otep\u00e4\u00e4 en Estonie.\" \/>\n<meta property=\"og:url\" content=\"https:\/\/dicodusport.fr\/blog\/biathlon-otepaa-pas-de-changement-dans-la-selection-francaise\/\" \/>\n<meta property=\"og:site_name\" content=\"Dicodusport\" \/>\n<meta property=\"article:publisher\" content=\"https:\/\/www.facebook.com\/dicodusport\" \/>\n<meta property=\"article:author\" content=\"https:\/\/www.facebook.com\/dicodusport\" \/>\n<meta property=\"article:published_time\" content=\"2022-03-07T14:18:56+00:00\" \/>\n<meta property=\"article:modified_time\" content=\"2022-03-08T08:43:22+00:00\" \/>\n<meta property=\"og:image\" content=\"https:\/\/dicodusport.fr\/blog\/wp-content\/uploads\/2022\/03\/Biathlon-Otepa\u0308a\u0308-Pas-de-changement-dans-la-se\u0301lection-franc\u0327aise-.png\" \/>\n\t<meta property=\"og:image:width\" content=\"800\" \/>\n\t<meta property=\"og:image:height\" content=\"445\" \/>\n\t<meta property=\"og:image:type\" content=\"image\/png\" \/>\n<meta name=\"author\" content=\"Nicolas Jacquemard\" \/>\n<meta name=\"twitter:card\" content=\"summary_large_image\" \/>\n<meta name=\"twitter:title\" content=\"Biathlon Otep\u00e4\u00e4 : Pas de changement dans la s\u00e9lection fran\u00e7aise\" \/>\n<meta name=\"twitter:creator\" content=\"@https:\/\/twitter.com\/Nico_Jacquemard\" \/>\n<meta name=\"twitter:site\" content=\"@dicodusport\" \/>\n<script type=\"application\/ld+json\" class=\"yoast-schema-graph\">{\"@context\":\"https:\/\/schema.org\",\"@graph\":[{\"@type\":\"NewsArticle\",\"@id\":\"https:\/\/dicodusport.fr\/blog\/biathlon-otepaa-pas-de-changement-dans-la-selection-francaise\/#article\",\"isPartOf\":{\"@id\":\"https:\/\/dicodusport.fr\/blog\/biathlon-otepaa-pas-de-changement-dans-la-selection-francaise\/\"},\"author\":{\"name\":\"Nicolas Jacquemard\",\"@id\":\"https:\/\/dicodusport.fr\/blog\/#\/schema\/person\/55dcb50ad410894e431ed812bbb70191\"},\"headline\":\"Biathlon Otep\u00e4\u00e4 : Pas de changement dans la s\u00e9lection fran\u00e7aise\",\"datePublished\":\"2022-03-07T14:18:56+00:00\",\"dateModified\":\"2022-03-08T08:43:22+00:00\",\"mainEntityOfPage\":{\"@id\":\"https:\/\/dicodusport.fr\/blog\/biathlon-otepaa-pas-de-changement-dans-la-selection-francaise\/\"},\"wordCount\":204,\"commentCount\":0,\"publisher\":{\"@id\":\"https:\/\/dicodusport.fr\/blog\/#organization\"},\"image\":{\"@id\":\"https:\/\/dicodusport.fr\/blog\/biathlon-otepaa-pas-de-changement-dans-la-selection-francaise\/#primaryimage\"},\"thumbnailUrl\":\"https:\/\/dicodusport.fr\/blog\/wp-content\/uploads\/2022\/03\/Biathlon-Otepa\u0308a\u0308-Pas-de-changement-dans-la-se\u0301lection-franc\u0327aise-.png\",\"keywords\":[\"Biathlon\",\"Biathlon Kontiolahti\",\"France\"],\"articleSection\":[\"Coupe du monde de biathlon\"],\"inLanguage\":\"fr-FR\",\"potentialAction\":[{\"@type\":\"CommentAction\",\"name\":\"Comment\",\"target\":[\"https:\/\/dicodusport.fr\/blog\/biathlon-otepaa-pas-de-changement-dans-la-selection-francaise\/#respond\"]}],\"copyrightYear\":\"2022\",\"copyrightHolder\":{\"@id\":\"https:\/\/dicodusport.fr\/blog\/#organization\"}},{\"@type\":\"WebPage\",\"@id\":\"https:\/\/dicodusport.fr\/blog\/biathlon-otepaa-pas-de-changement-dans-la-selection-francaise\/\",\"url\":\"https:\/\/dicodusport.fr\/blog\/biathlon-otepaa-pas-de-changement-dans-la-selection-francaise\/\",\"name\":\"Biathlon Otep\u00e4\u00e4 : Pas de changement dans la s\u00e9lection fran\u00e7aise\",\"isPartOf\":{\"@id\":\"https:\/\/dicodusport.fr\/blog\/#website\"},\"primaryImageOfPage\":{\"@id\":\"https:\/\/dicodusport.fr\/blog\/biathlon-otepaa-pas-de-changement-dans-la-selection-francaise\/#primaryimage\"},\"image\":{\"@id\":\"https:\/\/dicodusport.fr\/blog\/biathlon-otepaa-pas-de-changement-dans-la-selection-francaise\/#primaryimage\"},\"thumbnailUrl\":\"https:\/\/dicodusport.fr\/blog\/wp-content\/uploads\/2022\/03\/Biathlon-Otepa\u0308a\u0308-Pas-de-changement-dans-la-se\u0301lection-franc\u0327aise-.png\",\"datePublished\":\"2022-03-07T14:18:56+00:00\",\"dateModified\":\"2022-03-08T08:43:22+00:00\",\"description\":\"Le staff de l'\u00e9quipe de France de biathlon a d\u00e9voil\u00e9 la s\u00e9lection pour la 9\u00e8me \u00e9tape de la Coupe du monde de biathlon \u00e0 Otep\u00e4\u00e4 en Estonie.\",\"breadcrumb\":{\"@id\":\"https:\/\/dicodusport.fr\/blog\/biathlon-otepaa-pas-de-changement-dans-la-selection-francaise\/#breadcrumb\"},\"inLanguage\":\"fr-FR\",\"potentialAction\":[{\"@type\":\"ReadAction\",\"target\":[\"https:\/\/dicodusport.fr\/blog\/biathlon-otepaa-pas-de-changement-dans-la-selection-francaise\/\"]}]},{\"@type\":\"ImageObject\",\"inLanguage\":\"fr-FR\",\"@id\":\"https:\/\/dicodusport.fr\/blog\/biathlon-otepaa-pas-de-changement-dans-la-selection-francaise\/#primaryimage\",\"url\":\"https:\/\/dicodusport.fr\/blog\/wp-content\/uploads\/2022\/03\/Biathlon-Otepa\u0308a\u0308-Pas-de-changement-dans-la-se\u0301lection-franc\u0327aise-.png\",\"contentUrl\":\"https:\/\/dicodusport.fr\/blog\/wp-content\/uploads\/2022\/03\/Biathlon-Otepa\u0308a\u0308-Pas-de-changement-dans-la-se\u0301lection-franc\u0327aise-.png\",\"width\":800,\"height\":445},{\"@type\":\"BreadcrumbList\",\"@id\":\"https:\/\/dicodusport.fr\/blog\/biathlon-otepaa-pas-de-changement-dans-la-selection-francaise\/#breadcrumb\",\"itemListElement\":[{\"@type\":\"ListItem\",\"position\":1,\"name\":\"Accueil\",\"item\":\"https:\/\/dicodusport.fr\/blog\/\"},{\"@type\":\"ListItem\",\"position\":2,\"name\":\"Biathlon Otep\u00e4\u00e4 : Pas de changement dans la s\u00e9lection fran\u00e7aise\"}]},{\"@type\":\"WebSite\",\"@id\":\"https:\/\/dicodusport.fr\/blog\/#website\",\"url\":\"https:\/\/dicodusport.fr\/blog\/\",\"name\":\"Dicodusport\",\"description\":\"L&#039;encyclop\u00e9die de l&#039;actualit\u00e9 sportive\",\"publisher\":{\"@id\":\"https:\/\/dicodusport.fr\/blog\/#organization\"},\"potentialAction\":[{\"@type\":\"SearchAction\",\"target\":{\"@type\":\"EntryPoint\",\"urlTemplate\":\"https:\/\/dicodusport.fr\/blog\/?s={search_term_string}\"},\"query-input\":{\"@type\":\"PropertyValueSpecification\",\"valueRequired\":true,\"valueName\":\"search_term_string\"}}],\"inLanguage\":\"fr-FR\"},{\"@type\":\"NewsMediaOrganization\",\"@id\":\"https:\/\/dicodusport.fr\/blog\/#organization\",\"name\":\"Dicodusport\",\"url\":\"https:\/\/dicodusport.fr\/blog\/\",\"logo\":{\"@type\":\"ImageObject\",\"inLanguage\":\"fr-FR\",\"@id\":\"https:\/\/dicodusport.fr\/blog\/#\/schema\/logo\/image\/\",\"url\":\"https:\/\/dicodusport.fr\/blog\/wp-content\/uploads\/2020\/06\/cropped-LOGO-DICODUSPORT-2020-SANS-FOND-SANS-TEXTE.png\",\"contentUrl\":\"https:\/\/dicodusport.fr\/blog\/wp-content\/uploads\/2020\/06\/cropped-LOGO-DICODUSPORT-2020-SANS-FOND-SANS-TEXTE.png\",\"width\":512,\"height\":512,\"caption\":\"Dicodusport\"},\"image\":{\"@id\":\"https:\/\/dicodusport.fr\/blog\/#\/schema\/logo\/image\/\"},\"sameAs\":[\"https:\/\/www.facebook.com\/dicodusport\",\"https:\/\/x.com\/dicodusport\",\"https:\/\/www.instagram.com\/dicodusport\/\",\"https:\/\/www.youtube.com\/channel\/UC7V2KZ5sd3htJivAbA4ZG3w\"],\"description\":\"Dicodusport est l'encyclop\u00e9die de l'actualit\u00e9 sportive.\",\"email\":\"bonjour@dicodusport.fr\",\"legalName\":\"DICODUSPORT\",\"foundingDate\":\"2018-01-14\",\"vatID\":\"FR71834470973\",\"taxID\":\"83447097300043\",\"numberOfEmployees\":{\"@type\":\"QuantitativeValue\",\"minValue\":\"1\",\"maxValue\":\"10\"}},{\"@type\":\"Person\",\"@id\":\"https:\/\/dicodusport.fr\/blog\/#\/schema\/person\/55dcb50ad410894e431ed812bbb70191\",\"name\":\"Nicolas Jacquemard\",\"image\":{\"@type\":\"ImageObject\",\"inLanguage\":\"fr-FR\",\"@id\":\"https:\/\/dicodusport.fr\/blog\/#\/schema\/person\/image\/\",\"url\":\"https:\/\/dicodusport.fr\/blog\/wp-content\/uploads\/2021\/05\/Nicolas-Jacquemard-150x150.jpeg\",\"contentUrl\":\"https:\/\/dicodusport.fr\/blog\/wp-content\/uploads\/2021\/05\/Nicolas-Jacquemard-150x150.jpeg\",\"caption\":\"Nicolas Jacquemard\"},\"description\":\"Passionn\u00e9 de sport et entrepreneur depuis mes 18 ans, la cr\u00e9ation de Dicodusport m'a sembl\u00e9 \u00e9vidente pour participer \u00e0 la m\u00e9diatisation d'un plus grand nombre de sports. Le chemin est long mais avec une \u00e9quipe des plus motiv\u00e9es et les Jeux Olympiques de Paris 2024 en point de mire, nous y arriverons ! Journaliste dans le monde du sport depuis plus de 5 ans, je traite aussi bien de football, de rugby, de biathlon que de cyclisme.\",\"sameAs\":[\"https:\/\/www.facebook.com\/dicodusport\",\"https:\/\/x.com\/https:\/\/twitter.com\/Nico_Jacquemard\"],\"url\":\"https:\/\/dicodusport.fr\/blog\/author\/dicodusport\/\"}]}<\/script>\n<!-- \/ Yoast SEO Premium plugin. -->","yoast_head_json":{"title":"Biathlon Otep\u00e4\u00e4 : Pas de changement dans la s\u00e9lection fran\u00e7aise","description":"Le staff de l'\u00e9quipe de France de biathlon a d\u00e9voil\u00e9 la s\u00e9lection pour la 9\u00e8me \u00e9tape de la Coupe du monde de biathlon \u00e0 Otep\u00e4\u00e4 en Estonie.","robots":{"index":"index","follow":"follow","max-snippet":"max-snippet:-1","max-image-preview":"max-image-preview:large","max-video-preview":"max-video-preview:-1"},"canonical":"https:\/\/dicodusport.fr\/blog\/biathlon-otepaa-pas-de-changement-dans-la-selection-francaise\/","og_locale":"fr_FR","og_type":"article","og_title":"Biathlon Otep\u00e4\u00e4 : Pas de changement dans la s\u00e9lection fran\u00e7aise","og_description":"Le staff de l'\u00e9quipe de France de biathlon a d\u00e9voil\u00e9 la s\u00e9lection pour la 9\u00e8me \u00e9tape de la Coupe du monde de biathlon \u00e0 Otep\u00e4\u00e4 en Estonie.","og_url":"https:\/\/dicodusport.fr\/blog\/biathlon-otepaa-pas-de-changement-dans-la-selection-francaise\/","og_site_name":"Dicodusport","article_publisher":"https:\/\/www.facebook.com\/dicodusport","article_author":"https:\/\/www.facebook.com\/dicodusport","article_published_time":"2022-03-07T14:18:56+00:00","article_modified_time":"2022-03-08T08:43:22+00:00","og_image":[{"width":800,"height":445,"url":"https:\/\/dicodusport.fr\/blog\/wp-content\/uploads\/2022\/03\/Biathlon-Otepa\u0308a\u0308-Pas-de-changement-dans-la-se\u0301lection-franc\u0327aise-.png","type":"image\/png"}],"author":"Nicolas Jacquemard","twitter_card":"summary_large_image","twitter_title":"Biathlon Otep\u00e4\u00e4 : Pas de changement dans la s\u00e9lection fran\u00e7aise","twitter_creator":"@https:\/\/twitter.com\/Nico_Jacquemard","twitter_site":"@dicodusport","schema":{"@context":"https:\/\/schema.org","@graph":[{"@type":"NewsArticle","@id":"https:\/\/dicodusport.fr\/blog\/biathlon-otepaa-pas-de-changement-dans-la-selection-francaise\/#article","isPartOf":{"@id":"https:\/\/dicodusport.fr\/blog\/biathlon-otepaa-pas-de-changement-dans-la-selection-francaise\/"},"author":{"name":"Nicolas Jacquemard","@id":"https:\/\/dicodusport.fr\/blog\/#\/schema\/person\/55dcb50ad410894e431ed812bbb70191"},"headline":"Biathlon Otep\u00e4\u00e4 : Pas de changement dans la s\u00e9lection fran\u00e7aise","datePublished":"2022-03-07T14:18:56+00:00","dateModified":"2022-03-08T08:43:22+00:00","mainEntityOfPage":{"@id":"https:\/\/dicodusport.fr\/blog\/biathlon-otepaa-pas-de-changement-dans-la-selection-francaise\/"},"wordCount":204,"commentCount":0,"publisher":{"@id":"https:\/\/dicodusport.fr\/blog\/#organization"},"image":{"@id":"https:\/\/dicodusport.fr\/blog\/biathlon-otepaa-pas-de-changement-dans-la-selection-francaise\/#primaryimage"},"thumbnailUrl":"https:\/\/dicodusport.fr\/blog\/wp-content\/uploads\/2022\/03\/Biathlon-Otepa\u0308a\u0308-Pas-de-changement-dans-la-se\u0301lection-franc\u0327aise-.png","keywords":["Biathlon","Biathlon Kontiolahti","France"],"articleSection":["Coupe du monde de biathlon"],"inLanguage":"fr-FR","potentialAction":[{"@type":"CommentAction","name":"Comment","target":["https:\/\/dicodusport.fr\/blog\/biathlon-otepaa-pas-de-changement-dans-la-selection-francaise\/#respond"]}],"copyrightYear":"2022","copyrightHolder":{"@id":"https:\/\/dicodusport.fr\/blog\/#organization"}},{"@type":"WebPage","@id":"https:\/\/dicodusport.fr\/blog\/biathlon-otepaa-pas-de-changement-dans-la-selection-francaise\/","url":"https:\/\/dicodusport.fr\/blog\/biathlon-otepaa-pas-de-changement-dans-la-selection-francaise\/","name":"Biathlon Otep\u00e4\u00e4 : Pas de changement dans la s\u00e9lection fran\u00e7aise","isPartOf":{"@id":"https:\/\/dicodusport.fr\/blog\/#website"},"primaryImageOfPage":{"@id":"https:\/\/dicodusport.fr\/blog\/biathlon-otepaa-pas-de-changement-dans-la-selection-francaise\/#primaryimage"},"image":{"@id":"https:\/\/dicodusport.fr\/blog\/biathlon-otepaa-pas-de-changement-dans-la-selection-francaise\/#primaryimage"},"thumbnailUrl":"https:\/\/dicodusport.fr\/blog\/wp-content\/uploads\/2022\/03\/Biathlon-Otepa\u0308a\u0308-Pas-de-changement-dans-la-se\u0301lection-franc\u0327aise-.png","datePublished":"2022-03-07T14:18:56+00:00","dateModified":"2022-03-08T08:43:22+00:00","description":"Le staff de l'\u00e9quipe de France de biathlon a d\u00e9voil\u00e9 la s\u00e9lection pour la 9\u00e8me \u00e9tape de la Coupe du monde de biathlon \u00e0 Otep\u00e4\u00e4 en Estonie.","breadcrumb":{"@id":"https:\/\/dicodusport.fr\/blog\/biathlon-otepaa-pas-de-changement-dans-la-selection-francaise\/#breadcrumb"},"inLanguage":"fr-FR","potentialAction":[{"@type":"ReadAction","target":["https:\/\/dicodusport.fr\/blog\/biathlon-otepaa-pas-de-changement-dans-la-selection-francaise\/"]}]},{"@type":"ImageObject","inLanguage":"fr-FR","@id":"https:\/\/dicodusport.fr\/blog\/biathlon-otepaa-pas-de-changement-dans-la-selection-francaise\/#primaryimage","url":"https:\/\/dicodusport.fr\/blog\/wp-content\/uploads\/2022\/03\/Biathlon-Otepa\u0308a\u0308-Pas-de-changement-dans-la-se\u0301lection-franc\u0327aise-.png","contentUrl":"https:\/\/dicodusport.fr\/blog\/wp-content\/uploads\/2022\/03\/Biathlon-Otepa\u0308a\u0308-Pas-de-changement-dans-la-se\u0301lection-franc\u0327aise-.png","width":800,"height":445},{"@type":"BreadcrumbList","@id":"https:\/\/dicodusport.fr\/blog\/biathlon-otepaa-pas-de-changement-dans-la-selection-francaise\/#breadcrumb","itemListElement":[{"@type":"ListItem","position":1,"name":"Accueil","item":"https:\/\/dicodusport.fr\/blog\/"},{"@type":"ListItem","position":2,"name":"Biathlon Otep\u00e4\u00e4 : Pas de changement dans la s\u00e9lection fran\u00e7aise"}]},{"@type":"WebSite","@id":"https:\/\/dicodusport.fr\/blog\/#website","url":"https:\/\/dicodusport.fr\/blog\/","name":"Dicodusport","description":"L&#039;encyclop\u00e9die de l&#039;actualit\u00e9 sportive","publisher":{"@id":"https:\/\/dicodusport.fr\/blog\/#organization"},"potentialAction":[{"@type":"SearchAction","target":{"@type":"EntryPoint","urlTemplate":"https:\/\/dicodusport.fr\/blog\/?s={search_term_string}"},"query-input":{"@type":"PropertyValueSpecification","valueRequired":true,"valueName":"search_term_string"}}],"inLanguage":"fr-FR"},{"@type":"NewsMediaOrganization","@id":"https:\/\/dicodusport.fr\/blog\/#organization","name":"Dicodusport","url":"https:\/\/dicodusport.fr\/blog\/","logo":{"@type":"ImageObject","inLanguage":"fr-FR","@id":"https:\/\/dicodusport.fr\/blog\/#\/schema\/logo\/image\/","url":"https:\/\/dicodusport.fr\/blog\/wp-content\/uploads\/2020\/06\/cropped-LOGO-DICODUSPORT-2020-SANS-FOND-SANS-TEXTE.png","contentUrl":"https:\/\/dicodusport.fr\/blog\/wp-content\/uploads\/2020\/06\/cropped-LOGO-DICODUSPORT-2020-SANS-FOND-SANS-TEXTE.png","width":512,"height":512,"caption":"Dicodusport"},"image":{"@id":"https:\/\/dicodusport.fr\/blog\/#\/schema\/logo\/image\/"},"sameAs":["https:\/\/www.facebook.com\/dicodusport","https:\/\/x.com\/dicodusport","https:\/\/www.instagram.com\/dicodusport\/","https:\/\/www.youtube.com\/channel\/UC7V2KZ5sd3htJivAbA4ZG3w"],"description":"Dicodusport est l'encyclop\u00e9die de l'actualit\u00e9 sportive.","email":"bonjour@dicodusport.fr","legalName":"DICODUSPORT","foundingDate":"2018-01-14","vatID":"FR71834470973","taxID":"83447097300043","numberOfEmployees":{"@type":"QuantitativeValue","minValue":"1","maxValue":"10"}},{"@type":"Person","@id":"https:\/\/dicodusport.fr\/blog\/#\/schema\/person\/55dcb50ad410894e431ed812bbb70191","name":"Nicolas Jacquemard","image":{"@type":"ImageObject","inLanguage":"fr-FR","@id":"https:\/\/dicodusport.fr\/blog\/#\/schema\/person\/image\/","url":"https:\/\/dicodusport.fr\/blog\/wp-content\/uploads\/2021\/05\/Nicolas-Jacquemard-150x150.jpeg","contentUrl":"https:\/\/dicodusport.fr\/blog\/wp-content\/uploads\/2021\/05\/Nicolas-Jacquemard-150x150.jpeg","caption":"Nicolas Jacquemard"},"description":"Passionn\u00e9 de sport et entrepreneur depuis mes 18 ans, la cr\u00e9ation de Dicodusport m'a sembl\u00e9 \u00e9vidente pour participer \u00e0 la m\u00e9diatisation d'un plus grand nombre de sports. Le chemin est long mais avec une \u00e9quipe des plus motiv\u00e9es et les Jeux Olympiques de Paris 2024 en point de mire, nous y arriverons ! Journaliste dans le monde du sport depuis plus de 5 ans, je traite aussi bien de football, de rugby, de biathlon que de cyclisme.","sameAs":["https:\/\/www.facebook.com\/dicodusport","https:\/\/x.com\/https:\/\/twitter.com\/Nico_Jacquemard"],"url":"https:\/\/dicodusport.fr\/blog\/author\/dicodusport\/"}]}},"_links":{"self":[{"href":"https:\/\/dicodusport.fr\/blog\/wp-json\/wp\/v2\/posts\/205930","targetHints":{"allow":["GET"]}}],"collection":[{"href":"https:\/\/dicodusport.fr\/blog\/wp-json\/wp\/v2\/posts"}],"about":[{"href":"https:\/\/dicodusport.fr\/blog\/wp-json\/wp\/v2\/types\/post"}],"author":[{"embeddable":true,"href":"https:\/\/dicodusport.fr\/blog\/wp-json\/wp\/v2\/users\/1"}],"replies":[{"embeddable":true,"href":"https:\/\/dicodusport.fr\/blog\/wp-json\/wp\/v2\/comments?post=205930"}],"version-history":[{"count":0,"href":"https:\/\/dicodusport.fr\/blog\/wp-json\/wp\/v2\/posts\/205930\/revisions"}],"wp:featuredmedia":[{"embeddable":true,"href":"https:\/\/dicodusport.fr\/blog\/wp-json\/wp\/v2\/media\/205931"}],"wp:attachment":[{"href":"https:\/\/dicodusport.fr\/blog\/wp-json\/wp\/v2\/media?parent=205930"}],"wp:term":[{"taxonomy":"category","embeddable":true,"href":"https:\/\/dicodusport.fr\/blog\/wp-json\/wp\/v2\/categories?post=205930"},{"taxonomy":"post_tag","embeddable":true,"href":"https:\/\/dicodusport.fr\/blog\/wp-json\/wp\/v2\/tags?post=205930"}],"curies":[{"name":"wp","href":"https:\/\/api.w.org\/{rel}","templated":true}]}}