{"id":205971,"date":"2022-03-07T16:38:31","date_gmt":"2022-03-07T15:38:31","guid":{"rendered":"https:\/\/dicodusport.fr\/blog\/?p=205971&#038;preview=true&#038;preview_id=205971"},"modified":"2022-03-19T17:54:33","modified_gmt":"2022-03-19T16:54:33","slug":"xv-de-france-la-composition-probable-pour-affronter-le-pays-de-galles","status":"publish","type":"post","link":"https:\/\/dicodusport.fr\/blog\/xv-de-france-la-composition-probable-pour-affronter-le-pays-de-galles\/","title":{"rendered":"XV de France : La composition probable pour affronter le Pays de Galles"},"content":{"rendered":"<p style=\"text-align: justify;\"><em><strong>XV DE FRANCE &#8211; Fabien Galthi\u00e9 devrait miser sur la continuit\u00e9 face au Pays de Galles vendredi (21h00), quatri\u00e8me match des Bleus dans le <a href=\"https:\/\/dicodusport.fr\/blog\/tournoi-des-6-nations-2022-calendrier-et-resultats\/\">6 Nations 2022<\/a>.<\/strong><\/em><\/p>\n<p style=\"text-align: justify;\">S&rsquo;il a \u00e9t\u00e9 pr\u00e9serv\u00e9 \u00e0 l&rsquo;entra\u00eenement ce lundi, <strong>Gr\u00e9gory Alldritt<\/strong> devrait bien tenir sa place vendredi face aux Gallois. Fabien Galthi\u00e9 devrait reconduire la m\u00eame \u00e9quipe que face \u00e0 l&rsquo;\u00c9cosse, avec simplement le retour de <strong>Gabin Villi\u00e8re<\/strong> \u00e0 l&rsquo;aile.<\/p>\n<h2 style=\"text-align: justify;\">La composition probable face \u00e0 l&rsquo;\u00c9cosse<\/h2>\n<p style=\"text-align: justify;\">15. Jaminet &#8211; 14. Penaud, 13. Fickou, 12. Danty, 11. Villi\u00e8re &#8211; 10. Ntamack, 9. Dupont (cap.) &#8211; 7. Jelonch, 8. Alldritt, 6. Cros &#8211; 5. Willemse, 4. Woki &#8211; 3. Atonio, 2. Marchand, 1. Baille.<\/p>\n<p style=\"text-align: justify;\">Rempla\u00e7ants : 16. Mauvaka, 17. Gros, 18. Bamba, 19. Taofifenua, 20. Cretin, 21. Lucu, 22. Moefana (ou Flament), 23. Ramos.<\/p>\n<blockquote class=\"twitter-tweet\">\n<p dir=\"ltr\" lang=\"fr\">Le premier entra\u00eenement de la semaine, ce lundi \u00e0 Marcoussis, a permis d&rsquo;en savoir un peu plus sur la composition du XV de France qui affrontera le pays de Galles !<a href=\"https:\/\/t.co\/GuXfJLEhoH\">https:\/\/t.co\/GuXfJLEhoH<\/a><\/p>\n<p>\u2014 RUGBYRAMA (@RugbyramaFR) <a href=\"https:\/\/twitter.com\/RugbyramaFR\/status\/1500850393743609861?ref_src=twsrc%5Etfw\">March 7, 2022<\/a><\/p><\/blockquote>\n<p style=\"text-align: justify;\"><script async src=\"https:\/\/platform.twitter.com\/widgets.js\" charset=\"utf-8\"><\/script><\/p>\n<h2 style=\"text-align: justify;\"><strong>\u00c0 lire aussi<\/strong><\/h2>\n<p><span class=\"Js8nMjblzGL5ZfQCq7aBuockiFWIh\"><\/p>\n<blockquote class=\"wp-embedded-content\" data-secret=\"Z7c46yLQmy\"><p><a href=\"https:\/\/dicodusport.fr\/blog\/xv-de-france-le-salaire-de-fabien-galthie-a-la-tete-des-bleus\/\">XV de France : Le salaire de Fabien Galthi\u00e9 \u00e0 la t\u00eate des Bleus<\/a><\/p><\/blockquote>\n<p><iframe loading=\"lazy\" class=\"wp-embedded-content\" sandbox=\"allow-scripts\" security=\"restricted\" style=\"position: absolute; clip: rect(1px, 1px, 1px, 1px);\" title=\"\u00ab\u00a0XV de France : Le salaire de Fabien Galthi\u00e9 \u00e0 la t\u00eate des Bleus\u00a0\u00bb &#8212; Dicodusport\" src=\"https:\/\/dicodusport.fr\/blog\/xv-de-france-le-salaire-de-fabien-galthie-a-la-tete-des-bleus\/embed\/#?secret=Z7c46yLQmy\" data-secret=\"Z7c46yLQmy\" width=\"600\" height=\"338\" frameborder=\"0\" marginwidth=\"0\" marginheight=\"0\" scrolling=\"no\"><\/iframe><\/span><\/p>\n","protected":false},"excerpt":{"rendered":"<p>XV DE FRANCE &#8211; Fabien Galthi\u00e9 devrait miser sur la continuit\u00e9 face au Pays de Galles vendredi (21h00), quatri\u00e8me match des Bleus dans le 6 Nations 2022.<\/p>\n","protected":false},"author":1,"featured_media":205973,"comment_status":"open","ping_status":"closed","sticky":false,"template":"","format":"standard","meta":{"_acf_changed":false,"_daextam_enable_autolinks":"","footnotes":""},"categories":[47048,19951],"tags":[338,1638],"class_list":["post-205971","post","type-post","status-publish","format-standard","has-post-thumbnail","hentry","category-tournoi-des-6-nations","category-xv-de-france","tag-pays-de-galles","tag-xv-de-france"],"acf":[],"yoast_head":"<!-- This site is optimized with the Yoast SEO Premium plugin v26.7 (Yoast SEO v26.7) - https:\/\/yoast.com\/wordpress\/plugins\/seo\/ -->\n<title>XV de France : La composition probable pour affronter le Pays de Galles<\/title>\n<meta name=\"description\" content=\"Fabien Galthi\u00e9 devrait miser sur la continuit\u00e9 face au Pays de Galles vendredi (21h00), quatri\u00e8me match des Bleus dans le 6 Nations 2022.\" \/>\n<meta name=\"robots\" content=\"index, follow, max-snippet:-1, max-image-preview:large, max-video-preview:-1\" \/>\n<link rel=\"canonical\" href=\"https:\/\/dicodusport.fr\/blog\/xv-de-france-la-composition-probable-pour-affronter-le-pays-de-galles\/\" \/>\n<meta property=\"og:locale\" content=\"fr_FR\" \/>\n<meta property=\"og:type\" content=\"article\" \/>\n<meta property=\"og:title\" content=\"XV de France : La composition probable pour affronter le Pays de Galles\" \/>\n<meta property=\"og:description\" content=\"Fabien Galthi\u00e9 devrait miser sur la continuit\u00e9 face au Pays de Galles vendredi (21h00), quatri\u00e8me match des Bleus dans le 6 Nations 2022.\" \/>\n<meta property=\"og:url\" content=\"https:\/\/dicodusport.fr\/blog\/xv-de-france-la-composition-probable-pour-affronter-le-pays-de-galles\/\" \/>\n<meta property=\"og:site_name\" content=\"Dicodusport\" \/>\n<meta property=\"article:publisher\" content=\"https:\/\/www.facebook.com\/dicodusport\" \/>\n<meta property=\"article:author\" content=\"https:\/\/www.facebook.com\/dicodusport\" \/>\n<meta property=\"article:published_time\" content=\"2022-03-07T15:38:31+00:00\" \/>\n<meta property=\"article:modified_time\" content=\"2022-03-19T16:54:33+00:00\" \/>\n<meta property=\"og:image\" content=\"https:\/\/dicodusport.fr\/blog\/wp-content\/uploads\/2022\/03\/XV-de-France-La-composition-probable-pour-affronter-le-Pays-de-Galles.png\" \/>\n\t<meta property=\"og:image:width\" content=\"800\" \/>\n\t<meta property=\"og:image:height\" content=\"445\" \/>\n\t<meta property=\"og:image:type\" content=\"image\/png\" \/>\n<meta name=\"author\" content=\"Nicolas Jacquemard\" \/>\n<meta name=\"twitter:card\" content=\"summary_large_image\" \/>\n<meta name=\"twitter:title\" content=\"XV de France : La composition probable pour affronter le Pays de Galles\" \/>\n<meta name=\"twitter:creator\" content=\"@https:\/\/twitter.com\/Nico_Jacquemard\" \/>\n<meta name=\"twitter:site\" content=\"@dicodusport\" \/>\n<script type=\"application\/ld+json\" class=\"yoast-schema-graph\">{\"@context\":\"https:\/\/schema.org\",\"@graph\":[{\"@type\":\"NewsArticle\",\"@id\":\"https:\/\/dicodusport.fr\/blog\/xv-de-france-la-composition-probable-pour-affronter-le-pays-de-galles\/#article\",\"isPartOf\":{\"@id\":\"https:\/\/dicodusport.fr\/blog\/xv-de-france-la-composition-probable-pour-affronter-le-pays-de-galles\/\"},\"author\":{\"name\":\"Nicolas Jacquemard\",\"@id\":\"https:\/\/dicodusport.fr\/blog\/#\/schema\/person\/55dcb50ad410894e431ed812bbb70191\"},\"headline\":\"XV de France : La composition probable pour affronter le Pays de Galles\",\"datePublished\":\"2022-03-07T15:38:31+00:00\",\"dateModified\":\"2022-03-19T16:54:33+00:00\",\"mainEntityOfPage\":{\"@id\":\"https:\/\/dicodusport.fr\/blog\/xv-de-france-la-composition-probable-pour-affronter-le-pays-de-galles\/\"},\"wordCount\":170,\"commentCount\":0,\"publisher\":{\"@id\":\"https:\/\/dicodusport.fr\/blog\/#organization\"},\"image\":{\"@id\":\"https:\/\/dicodusport.fr\/blog\/xv-de-france-la-composition-probable-pour-affronter-le-pays-de-galles\/#primaryimage\"},\"thumbnailUrl\":\"https:\/\/dicodusport.fr\/blog\/wp-content\/uploads\/2022\/03\/XV-de-France-La-composition-probable-pour-affronter-le-Pays-de-Galles.png\",\"keywords\":[\"Pays De Galles\",\"XV de France\"],\"articleSection\":[\"Tournoi des 6 Nations\",\"XV de France\"],\"inLanguage\":\"fr-FR\",\"potentialAction\":[{\"@type\":\"CommentAction\",\"name\":\"Comment\",\"target\":[\"https:\/\/dicodusport.fr\/blog\/xv-de-france-la-composition-probable-pour-affronter-le-pays-de-galles\/#respond\"]}],\"copyrightYear\":\"2022\",\"copyrightHolder\":{\"@id\":\"https:\/\/dicodusport.fr\/blog\/#organization\"}},{\"@type\":\"WebPage\",\"@id\":\"https:\/\/dicodusport.fr\/blog\/xv-de-france-la-composition-probable-pour-affronter-le-pays-de-galles\/\",\"url\":\"https:\/\/dicodusport.fr\/blog\/xv-de-france-la-composition-probable-pour-affronter-le-pays-de-galles\/\",\"name\":\"XV de France : La composition probable pour affronter le Pays de Galles\",\"isPartOf\":{\"@id\":\"https:\/\/dicodusport.fr\/blog\/#website\"},\"primaryImageOfPage\":{\"@id\":\"https:\/\/dicodusport.fr\/blog\/xv-de-france-la-composition-probable-pour-affronter-le-pays-de-galles\/#primaryimage\"},\"image\":{\"@id\":\"https:\/\/dicodusport.fr\/blog\/xv-de-france-la-composition-probable-pour-affronter-le-pays-de-galles\/#primaryimage\"},\"thumbnailUrl\":\"https:\/\/dicodusport.fr\/blog\/wp-content\/uploads\/2022\/03\/XV-de-France-La-composition-probable-pour-affronter-le-Pays-de-Galles.png\",\"datePublished\":\"2022-03-07T15:38:31+00:00\",\"dateModified\":\"2022-03-19T16:54:33+00:00\",\"description\":\"Fabien Galthi\u00e9 devrait miser sur la continuit\u00e9 face au Pays de Galles vendredi (21h00), quatri\u00e8me match des Bleus dans le 6 Nations 2022.\",\"breadcrumb\":{\"@id\":\"https:\/\/dicodusport.fr\/blog\/xv-de-france-la-composition-probable-pour-affronter-le-pays-de-galles\/#breadcrumb\"},\"inLanguage\":\"fr-FR\",\"potentialAction\":[{\"@type\":\"ReadAction\",\"target\":[\"https:\/\/dicodusport.fr\/blog\/xv-de-france-la-composition-probable-pour-affronter-le-pays-de-galles\/\"]}]},{\"@type\":\"ImageObject\",\"inLanguage\":\"fr-FR\",\"@id\":\"https:\/\/dicodusport.fr\/blog\/xv-de-france-la-composition-probable-pour-affronter-le-pays-de-galles\/#primaryimage\",\"url\":\"https:\/\/dicodusport.fr\/blog\/wp-content\/uploads\/2022\/03\/XV-de-France-La-composition-probable-pour-affronter-le-Pays-de-Galles.png\",\"contentUrl\":\"https:\/\/dicodusport.fr\/blog\/wp-content\/uploads\/2022\/03\/XV-de-France-La-composition-probable-pour-affronter-le-Pays-de-Galles.png\",\"width\":800,\"height\":445},{\"@type\":\"BreadcrumbList\",\"@id\":\"https:\/\/dicodusport.fr\/blog\/xv-de-france-la-composition-probable-pour-affronter-le-pays-de-galles\/#breadcrumb\",\"itemListElement\":[{\"@type\":\"ListItem\",\"position\":1,\"name\":\"Accueil\",\"item\":\"https:\/\/dicodusport.fr\/blog\/\"},{\"@type\":\"ListItem\",\"position\":2,\"name\":\"XV de France : La composition probable pour affronter le Pays de Galles\"}]},{\"@type\":\"WebSite\",\"@id\":\"https:\/\/dicodusport.fr\/blog\/#website\",\"url\":\"https:\/\/dicodusport.fr\/blog\/\",\"name\":\"Dicodusport\",\"description\":\"L&#039;encyclop\u00e9die de l&#039;actualit\u00e9 sportive\",\"publisher\":{\"@id\":\"https:\/\/dicodusport.fr\/blog\/#organization\"},\"potentialAction\":[{\"@type\":\"SearchAction\",\"target\":{\"@type\":\"EntryPoint\",\"urlTemplate\":\"https:\/\/dicodusport.fr\/blog\/?s={search_term_string}\"},\"query-input\":{\"@type\":\"PropertyValueSpecification\",\"valueRequired\":true,\"valueName\":\"search_term_string\"}}],\"inLanguage\":\"fr-FR\"},{\"@type\":\"NewsMediaOrganization\",\"@id\":\"https:\/\/dicodusport.fr\/blog\/#organization\",\"name\":\"Dicodusport\",\"url\":\"https:\/\/dicodusport.fr\/blog\/\",\"logo\":{\"@type\":\"ImageObject\",\"inLanguage\":\"fr-FR\",\"@id\":\"https:\/\/dicodusport.fr\/blog\/#\/schema\/logo\/image\/\",\"url\":\"https:\/\/dicodusport.fr\/blog\/wp-content\/uploads\/2020\/06\/cropped-LOGO-DICODUSPORT-2020-SANS-FOND-SANS-TEXTE.png\",\"contentUrl\":\"https:\/\/dicodusport.fr\/blog\/wp-content\/uploads\/2020\/06\/cropped-LOGO-DICODUSPORT-2020-SANS-FOND-SANS-TEXTE.png\",\"width\":512,\"height\":512,\"caption\":\"Dicodusport\"},\"image\":{\"@id\":\"https:\/\/dicodusport.fr\/blog\/#\/schema\/logo\/image\/\"},\"sameAs\":[\"https:\/\/www.facebook.com\/dicodusport\",\"https:\/\/x.com\/dicodusport\",\"https:\/\/www.instagram.com\/dicodusport\/\",\"https:\/\/www.youtube.com\/channel\/UC7V2KZ5sd3htJivAbA4ZG3w\"],\"description\":\"Dicodusport est l'encyclop\u00e9die de l'actualit\u00e9 sportive.\",\"email\":\"bonjour@dicodusport.fr\",\"legalName\":\"DICODUSPORT\",\"foundingDate\":\"2018-01-14\",\"vatID\":\"FR71834470973\",\"taxID\":\"83447097300043\",\"numberOfEmployees\":{\"@type\":\"QuantitativeValue\",\"minValue\":\"1\",\"maxValue\":\"10\"}},{\"@type\":\"Person\",\"@id\":\"https:\/\/dicodusport.fr\/blog\/#\/schema\/person\/55dcb50ad410894e431ed812bbb70191\",\"name\":\"Nicolas Jacquemard\",\"image\":{\"@type\":\"ImageObject\",\"inLanguage\":\"fr-FR\",\"@id\":\"https:\/\/dicodusport.fr\/blog\/#\/schema\/person\/image\/\",\"url\":\"https:\/\/dicodusport.fr\/blog\/wp-content\/uploads\/2021\/05\/Nicolas-Jacquemard-150x150.jpeg\",\"contentUrl\":\"https:\/\/dicodusport.fr\/blog\/wp-content\/uploads\/2021\/05\/Nicolas-Jacquemard-150x150.jpeg\",\"caption\":\"Nicolas Jacquemard\"},\"description\":\"Passionn\u00e9 de sport et entrepreneur depuis mes 18 ans, la cr\u00e9ation de Dicodusport m'a sembl\u00e9 \u00e9vidente pour participer \u00e0 la m\u00e9diatisation d'un plus grand nombre de sports. Le chemin est long mais avec une \u00e9quipe des plus motiv\u00e9es et les Jeux Olympiques de Paris 2024 en point de mire, nous y arriverons ! Journaliste dans le monde du sport depuis plus de 5 ans, je traite aussi bien de football, de rugby, de biathlon que de cyclisme.\",\"sameAs\":[\"https:\/\/www.facebook.com\/dicodusport\",\"https:\/\/x.com\/https:\/\/twitter.com\/Nico_Jacquemard\"],\"url\":\"https:\/\/dicodusport.fr\/blog\/author\/dicodusport\/\"}]}<\/script>\n<!-- \/ Yoast SEO Premium plugin. -->","yoast_head_json":{"title":"XV de France : La composition probable pour affronter le Pays de Galles","description":"Fabien Galthi\u00e9 devrait miser sur la continuit\u00e9 face au Pays de Galles vendredi (21h00), quatri\u00e8me match des Bleus dans le 6 Nations 2022.","robots":{"index":"index","follow":"follow","max-snippet":"max-snippet:-1","max-image-preview":"max-image-preview:large","max-video-preview":"max-video-preview:-1"},"canonical":"https:\/\/dicodusport.fr\/blog\/xv-de-france-la-composition-probable-pour-affronter-le-pays-de-galles\/","og_locale":"fr_FR","og_type":"article","og_title":"XV de France : La composition probable pour affronter le Pays de Galles","og_description":"Fabien Galthi\u00e9 devrait miser sur la continuit\u00e9 face au Pays de Galles vendredi (21h00), quatri\u00e8me match des Bleus dans le 6 Nations 2022.","og_url":"https:\/\/dicodusport.fr\/blog\/xv-de-france-la-composition-probable-pour-affronter-le-pays-de-galles\/","og_site_name":"Dicodusport","article_publisher":"https:\/\/www.facebook.com\/dicodusport","article_author":"https:\/\/www.facebook.com\/dicodusport","article_published_time":"2022-03-07T15:38:31+00:00","article_modified_time":"2022-03-19T16:54:33+00:00","og_image":[{"width":800,"height":445,"url":"https:\/\/dicodusport.fr\/blog\/wp-content\/uploads\/2022\/03\/XV-de-France-La-composition-probable-pour-affronter-le-Pays-de-Galles.png","type":"image\/png"}],"author":"Nicolas Jacquemard","twitter_card":"summary_large_image","twitter_title":"XV de France : La composition probable pour affronter le Pays de Galles","twitter_creator":"@https:\/\/twitter.com\/Nico_Jacquemard","twitter_site":"@dicodusport","schema":{"@context":"https:\/\/schema.org","@graph":[{"@type":"NewsArticle","@id":"https:\/\/dicodusport.fr\/blog\/xv-de-france-la-composition-probable-pour-affronter-le-pays-de-galles\/#article","isPartOf":{"@id":"https:\/\/dicodusport.fr\/blog\/xv-de-france-la-composition-probable-pour-affronter-le-pays-de-galles\/"},"author":{"name":"Nicolas Jacquemard","@id":"https:\/\/dicodusport.fr\/blog\/#\/schema\/person\/55dcb50ad410894e431ed812bbb70191"},"headline":"XV de France : La composition probable pour affronter le Pays de Galles","datePublished":"2022-03-07T15:38:31+00:00","dateModified":"2022-03-19T16:54:33+00:00","mainEntityOfPage":{"@id":"https:\/\/dicodusport.fr\/blog\/xv-de-france-la-composition-probable-pour-affronter-le-pays-de-galles\/"},"wordCount":170,"commentCount":0,"publisher":{"@id":"https:\/\/dicodusport.fr\/blog\/#organization"},"image":{"@id":"https:\/\/dicodusport.fr\/blog\/xv-de-france-la-composition-probable-pour-affronter-le-pays-de-galles\/#primaryimage"},"thumbnailUrl":"https:\/\/dicodusport.fr\/blog\/wp-content\/uploads\/2022\/03\/XV-de-France-La-composition-probable-pour-affronter-le-Pays-de-Galles.png","keywords":["Pays De Galles","XV de France"],"articleSection":["Tournoi des 6 Nations","XV de France"],"inLanguage":"fr-FR","potentialAction":[{"@type":"CommentAction","name":"Comment","target":["https:\/\/dicodusport.fr\/blog\/xv-de-france-la-composition-probable-pour-affronter-le-pays-de-galles\/#respond"]}],"copyrightYear":"2022","copyrightHolder":{"@id":"https:\/\/dicodusport.fr\/blog\/#organization"}},{"@type":"WebPage","@id":"https:\/\/dicodusport.fr\/blog\/xv-de-france-la-composition-probable-pour-affronter-le-pays-de-galles\/","url":"https:\/\/dicodusport.fr\/blog\/xv-de-france-la-composition-probable-pour-affronter-le-pays-de-galles\/","name":"XV de France : La composition probable pour affronter le Pays de Galles","isPartOf":{"@id":"https:\/\/dicodusport.fr\/blog\/#website"},"primaryImageOfPage":{"@id":"https:\/\/dicodusport.fr\/blog\/xv-de-france-la-composition-probable-pour-affronter-le-pays-de-galles\/#primaryimage"},"image":{"@id":"https:\/\/dicodusport.fr\/blog\/xv-de-france-la-composition-probable-pour-affronter-le-pays-de-galles\/#primaryimage"},"thumbnailUrl":"https:\/\/dicodusport.fr\/blog\/wp-content\/uploads\/2022\/03\/XV-de-France-La-composition-probable-pour-affronter-le-Pays-de-Galles.png","datePublished":"2022-03-07T15:38:31+00:00","dateModified":"2022-03-19T16:54:33+00:00","description":"Fabien Galthi\u00e9 devrait miser sur la continuit\u00e9 face au Pays de Galles vendredi (21h00), quatri\u00e8me match des Bleus dans le 6 Nations 2022.","breadcrumb":{"@id":"https:\/\/dicodusport.fr\/blog\/xv-de-france-la-composition-probable-pour-affronter-le-pays-de-galles\/#breadcrumb"},"inLanguage":"fr-FR","potentialAction":[{"@type":"ReadAction","target":["https:\/\/dicodusport.fr\/blog\/xv-de-france-la-composition-probable-pour-affronter-le-pays-de-galles\/"]}]},{"@type":"ImageObject","inLanguage":"fr-FR","@id":"https:\/\/dicodusport.fr\/blog\/xv-de-france-la-composition-probable-pour-affronter-le-pays-de-galles\/#primaryimage","url":"https:\/\/dicodusport.fr\/blog\/wp-content\/uploads\/2022\/03\/XV-de-France-La-composition-probable-pour-affronter-le-Pays-de-Galles.png","contentUrl":"https:\/\/dicodusport.fr\/blog\/wp-content\/uploads\/2022\/03\/XV-de-France-La-composition-probable-pour-affronter-le-Pays-de-Galles.png","width":800,"height":445},{"@type":"BreadcrumbList","@id":"https:\/\/dicodusport.fr\/blog\/xv-de-france-la-composition-probable-pour-affronter-le-pays-de-galles\/#breadcrumb","itemListElement":[{"@type":"ListItem","position":1,"name":"Accueil","item":"https:\/\/dicodusport.fr\/blog\/"},{"@type":"ListItem","position":2,"name":"XV de France : La composition probable pour affronter le Pays de Galles"}]},{"@type":"WebSite","@id":"https:\/\/dicodusport.fr\/blog\/#website","url":"https:\/\/dicodusport.fr\/blog\/","name":"Dicodusport","description":"L&#039;encyclop\u00e9die de l&#039;actualit\u00e9 sportive","publisher":{"@id":"https:\/\/dicodusport.fr\/blog\/#organization"},"potentialAction":[{"@type":"SearchAction","target":{"@type":"EntryPoint","urlTemplate":"https:\/\/dicodusport.fr\/blog\/?s={search_term_string}"},"query-input":{"@type":"PropertyValueSpecification","valueRequired":true,"valueName":"search_term_string"}}],"inLanguage":"fr-FR"},{"@type":"NewsMediaOrganization","@id":"https:\/\/dicodusport.fr\/blog\/#organization","name":"Dicodusport","url":"https:\/\/dicodusport.fr\/blog\/","logo":{"@type":"ImageObject","inLanguage":"fr-FR","@id":"https:\/\/dicodusport.fr\/blog\/#\/schema\/logo\/image\/","url":"https:\/\/dicodusport.fr\/blog\/wp-content\/uploads\/2020\/06\/cropped-LOGO-DICODUSPORT-2020-SANS-FOND-SANS-TEXTE.png","contentUrl":"https:\/\/dicodusport.fr\/blog\/wp-content\/uploads\/2020\/06\/cropped-LOGO-DICODUSPORT-2020-SANS-FOND-SANS-TEXTE.png","width":512,"height":512,"caption":"Dicodusport"},"image":{"@id":"https:\/\/dicodusport.fr\/blog\/#\/schema\/logo\/image\/"},"sameAs":["https:\/\/www.facebook.com\/dicodusport","https:\/\/x.com\/dicodusport","https:\/\/www.instagram.com\/dicodusport\/","https:\/\/www.youtube.com\/channel\/UC7V2KZ5sd3htJivAbA4ZG3w"],"description":"Dicodusport est l'encyclop\u00e9die de l'actualit\u00e9 sportive.","email":"bonjour@dicodusport.fr","legalName":"DICODUSPORT","foundingDate":"2018-01-14","vatID":"FR71834470973","taxID":"83447097300043","numberOfEmployees":{"@type":"QuantitativeValue","minValue":"1","maxValue":"10"}},{"@type":"Person","@id":"https:\/\/dicodusport.fr\/blog\/#\/schema\/person\/55dcb50ad410894e431ed812bbb70191","name":"Nicolas Jacquemard","image":{"@type":"ImageObject","inLanguage":"fr-FR","@id":"https:\/\/dicodusport.fr\/blog\/#\/schema\/person\/image\/","url":"https:\/\/dicodusport.fr\/blog\/wp-content\/uploads\/2021\/05\/Nicolas-Jacquemard-150x150.jpeg","contentUrl":"https:\/\/dicodusport.fr\/blog\/wp-content\/uploads\/2021\/05\/Nicolas-Jacquemard-150x150.jpeg","caption":"Nicolas Jacquemard"},"description":"Passionn\u00e9 de sport et entrepreneur depuis mes 18 ans, la cr\u00e9ation de Dicodusport m'a sembl\u00e9 \u00e9vidente pour participer \u00e0 la m\u00e9diatisation d'un plus grand nombre de sports. Le chemin est long mais avec une \u00e9quipe des plus motiv\u00e9es et les Jeux Olympiques de Paris 2024 en point de mire, nous y arriverons ! Journaliste dans le monde du sport depuis plus de 5 ans, je traite aussi bien de football, de rugby, de biathlon que de cyclisme.","sameAs":["https:\/\/www.facebook.com\/dicodusport","https:\/\/x.com\/https:\/\/twitter.com\/Nico_Jacquemard"],"url":"https:\/\/dicodusport.fr\/blog\/author\/dicodusport\/"}]}},"_links":{"self":[{"href":"https:\/\/dicodusport.fr\/blog\/wp-json\/wp\/v2\/posts\/205971","targetHints":{"allow":["GET"]}}],"collection":[{"href":"https:\/\/dicodusport.fr\/blog\/wp-json\/wp\/v2\/posts"}],"about":[{"href":"https:\/\/dicodusport.fr\/blog\/wp-json\/wp\/v2\/types\/post"}],"author":[{"embeddable":true,"href":"https:\/\/dicodusport.fr\/blog\/wp-json\/wp\/v2\/users\/1"}],"replies":[{"embeddable":true,"href":"https:\/\/dicodusport.fr\/blog\/wp-json\/wp\/v2\/comments?post=205971"}],"version-history":[{"count":0,"href":"https:\/\/dicodusport.fr\/blog\/wp-json\/wp\/v2\/posts\/205971\/revisions"}],"wp:featuredmedia":[{"embeddable":true,"href":"https:\/\/dicodusport.fr\/blog\/wp-json\/wp\/v2\/media\/205973"}],"wp:attachment":[{"href":"https:\/\/dicodusport.fr\/blog\/wp-json\/wp\/v2\/media?parent=205971"}],"wp:term":[{"taxonomy":"category","embeddable":true,"href":"https:\/\/dicodusport.fr\/blog\/wp-json\/wp\/v2\/categories?post=205971"},{"taxonomy":"post_tag","embeddable":true,"href":"https:\/\/dicodusport.fr\/blog\/wp-json\/wp\/v2\/tags?post=205971"}],"curies":[{"name":"wp","href":"https:\/\/api.w.org\/{rel}","templated":true}]}}