{"id":206009,"date":"2022-03-07T19:05:41","date_gmt":"2022-03-07T18:05:41","guid":{"rendered":"https:\/\/dicodusport.fr\/blog\/?p=206009&#038;preview=true&#038;preview_id=206009"},"modified":"2022-03-07T19:05:41","modified_gmt":"2022-03-07T18:05:41","slug":"perche-armand-duplantis-bat-son-propre-record-du-monde-a-belgrade","status":"publish","type":"post","link":"https:\/\/dicodusport.fr\/blog\/perche-armand-duplantis-bat-son-propre-record-du-monde-a-belgrade\/","title":{"rendered":"Perche : Armand Duplantis bat son propre record du monde \u00e0 Belgrade"},"content":{"rendered":"<p style=\"text-align: justify;\"><strong><em>ATHL\u00c9TISME &#8211; Le Su\u00e9dois Armand Duplantis a am\u00e9lior\u00e9 son propre record du monde du saut \u00e0 la perche ce lundi \u00e0 Belgrade (Serbie), en franchissant 6m19.\u00a0<\/em><\/strong><\/p>\n<p style=\"text-align: justify;\">Cela faisait plusieurs semaines qu&rsquo;il ne passait pas loin, avec des bons sauts \u00e0 6m19. Mais il manquait souvent quelque chose. Lundi, \u00e0 Belgrade, <strong>Mondo Duplantis<\/strong> a manqu\u00e9 ses deux premi\u00e8res tentatives de record du monde, avant de finalement le r\u00e9ussir \u00e0 la derni\u00e8re. S&rsquo;il touche l\u00e9g\u00e8rement la barre, elle reste en place, et <strong>Armand Duplantis<\/strong> bat son propre record du monde, plus de deux ans apr\u00e8s le dernier, puisque le Su\u00e9dois avait \u00e9tabli 6m18 \u00e0 Glasgow en f\u00e9vrier 2020. Il sera plus que jamais le grand favori pour le titre de champion du monde en salle dans quelques jours.<\/p>\n<blockquote class=\"twitter-tweet\">\n<p dir=\"ltr\" lang=\"fr\">IL L\u2019A FAIT &#x1f92f;&#x1f92f;<br \/>\nMONDO DUPLANTIS A BATTU SON RECORD DU MONDE 6.19M <a href=\"https:\/\/twitter.com\/hashtag\/Athl%C3%A9tisme?src=hash&amp;ref_src=twsrc%5Etfw\">#Athl\u00e9tisme<\/a> <a href=\"https:\/\/t.co\/P6tTedLvE5\">pic.twitter.com\/P6tTedLvE5<\/a><\/p>\n<p>\u2014 MR.CARTER (@NelsonCarterJr) <a href=\"https:\/\/twitter.com\/NelsonCarterJr\/status\/1500890425900638217?ref_src=twsrc%5Etfw\">March 7, 2022<\/a><\/p><\/blockquote>\n<p><script async src=\"https:\/\/platform.twitter.com\/widgets.js\" charset=\"utf-8\"><\/script><\/p>\n","protected":false},"excerpt":{"rendered":"<p>ATHL\u00c9TISME &#8211; Le Su\u00e9dois Armand Duplantis a am\u00e9lior\u00e9 son propre record du monde du saut \u00e0 la perche ce lundi \u00e0 Belgrade (Serbie), en franchissant 6m19.\u00a0<\/p>\n","protected":false},"author":1,"featured_media":206010,"comment_status":"open","ping_status":"closed","sticky":false,"template":"","format":"standard","meta":{"_acf_changed":false,"_daextam_enable_autolinks":"","footnotes":""},"categories":[2308],"tags":[5220,1426],"class_list":["post-206009","post","type-post","status-publish","format-standard","has-post-thumbnail","hentry","category-athletisme","tag-armand-duplantis","tag-saut-a-la-perche"],"acf":[],"yoast_head":"<!-- This site is optimized with the Yoast SEO Premium plugin v26.7 (Yoast SEO v26.7) - https:\/\/yoast.com\/wordpress\/plugins\/seo\/ -->\n<title>Perche : Armand Duplantis bat son propre record du monde \u00e0 Belgrade<\/title>\n<meta name=\"description\" content=\"Le Su\u00e9dois Armand Duplantis a am\u00e9lior\u00e9 son propre record du monde du saut \u00e0 la perche ce lundi \u00e0 Belgrade (Serbie), en franchissant 6m19.\u00a0\" \/>\n<meta name=\"robots\" content=\"index, follow, max-snippet:-1, max-image-preview:large, max-video-preview:-1\" \/>\n<link rel=\"canonical\" href=\"https:\/\/dicodusport.fr\/blog\/perche-armand-duplantis-bat-son-propre-record-du-monde-a-belgrade\/\" \/>\n<meta property=\"og:locale\" content=\"fr_FR\" \/>\n<meta property=\"og:type\" content=\"article\" \/>\n<meta property=\"og:title\" content=\"Perche : Armand Duplantis bat son propre record du monde \u00e0 Belgrade\" \/>\n<meta property=\"og:description\" content=\"Le Su\u00e9dois Armand Duplantis a am\u00e9lior\u00e9 son propre record du monde du saut \u00e0 la perche ce lundi \u00e0 Belgrade (Serbie), en franchissant 6m19.\u00a0\" \/>\n<meta property=\"og:url\" content=\"https:\/\/dicodusport.fr\/blog\/perche-armand-duplantis-bat-son-propre-record-du-monde-a-belgrade\/\" \/>\n<meta property=\"og:site_name\" content=\"Dicodusport\" \/>\n<meta property=\"article:publisher\" content=\"https:\/\/www.facebook.com\/dicodusport\" \/>\n<meta property=\"article:author\" content=\"https:\/\/www.facebook.com\/dicodusport\" \/>\n<meta property=\"article:published_time\" content=\"2022-03-07T18:05:41+00:00\" \/>\n<meta property=\"og:image\" content=\"https:\/\/dicodusport.fr\/blog\/wp-content\/uploads\/2022\/03\/Perche-Armand-Duplantis-bat-son-propre-record-du-monde-a\u0300-Belgrade.png\" \/>\n\t<meta property=\"og:image:width\" content=\"800\" \/>\n\t<meta property=\"og:image:height\" content=\"445\" \/>\n\t<meta property=\"og:image:type\" content=\"image\/png\" \/>\n<meta name=\"author\" content=\"Nicolas Jacquemard\" \/>\n<meta name=\"twitter:card\" content=\"summary_large_image\" \/>\n<meta name=\"twitter:title\" content=\"Perche : Armand Duplantis bat son propre record du monde \u00e0 Belgrade\" \/>\n<meta name=\"twitter:creator\" content=\"@https:\/\/twitter.com\/Nico_Jacquemard\" \/>\n<meta name=\"twitter:site\" content=\"@dicodusport\" \/>\n<script type=\"application\/ld+json\" class=\"yoast-schema-graph\">{\"@context\":\"https:\/\/schema.org\",\"@graph\":[{\"@type\":\"NewsArticle\",\"@id\":\"https:\/\/dicodusport.fr\/blog\/perche-armand-duplantis-bat-son-propre-record-du-monde-a-belgrade\/#article\",\"isPartOf\":{\"@id\":\"https:\/\/dicodusport.fr\/blog\/perche-armand-duplantis-bat-son-propre-record-du-monde-a-belgrade\/\"},\"author\":{\"name\":\"Nicolas Jacquemard\",\"@id\":\"https:\/\/dicodusport.fr\/blog\/#\/schema\/person\/55dcb50ad410894e431ed812bbb70191\"},\"headline\":\"Perche : Armand Duplantis bat son propre record du monde \u00e0 Belgrade\",\"datePublished\":\"2022-03-07T18:05:41+00:00\",\"mainEntityOfPage\":{\"@id\":\"https:\/\/dicodusport.fr\/blog\/perche-armand-duplantis-bat-son-propre-record-du-monde-a-belgrade\/\"},\"wordCount\":172,\"commentCount\":0,\"publisher\":{\"@id\":\"https:\/\/dicodusport.fr\/blog\/#organization\"},\"image\":{\"@id\":\"https:\/\/dicodusport.fr\/blog\/perche-armand-duplantis-bat-son-propre-record-du-monde-a-belgrade\/#primaryimage\"},\"thumbnailUrl\":\"https:\/\/dicodusport.fr\/blog\/wp-content\/uploads\/2022\/03\/Perche-Armand-Duplantis-bat-son-propre-record-du-monde-a\u0300-Belgrade.png\",\"keywords\":[\"Armand Duplantis\",\"saut \u00e0 la perche\"],\"articleSection\":[\"Athl\u00e9tisme\"],\"inLanguage\":\"fr-FR\",\"potentialAction\":[{\"@type\":\"CommentAction\",\"name\":\"Comment\",\"target\":[\"https:\/\/dicodusport.fr\/blog\/perche-armand-duplantis-bat-son-propre-record-du-monde-a-belgrade\/#respond\"]}],\"copyrightYear\":\"2022\",\"copyrightHolder\":{\"@id\":\"https:\/\/dicodusport.fr\/blog\/#organization\"}},{\"@type\":\"WebPage\",\"@id\":\"https:\/\/dicodusport.fr\/blog\/perche-armand-duplantis-bat-son-propre-record-du-monde-a-belgrade\/\",\"url\":\"https:\/\/dicodusport.fr\/blog\/perche-armand-duplantis-bat-son-propre-record-du-monde-a-belgrade\/\",\"name\":\"Perche : Armand Duplantis bat son propre record du monde \u00e0 Belgrade\",\"isPartOf\":{\"@id\":\"https:\/\/dicodusport.fr\/blog\/#website\"},\"primaryImageOfPage\":{\"@id\":\"https:\/\/dicodusport.fr\/blog\/perche-armand-duplantis-bat-son-propre-record-du-monde-a-belgrade\/#primaryimage\"},\"image\":{\"@id\":\"https:\/\/dicodusport.fr\/blog\/perche-armand-duplantis-bat-son-propre-record-du-monde-a-belgrade\/#primaryimage\"},\"thumbnailUrl\":\"https:\/\/dicodusport.fr\/blog\/wp-content\/uploads\/2022\/03\/Perche-Armand-Duplantis-bat-son-propre-record-du-monde-a\u0300-Belgrade.png\",\"datePublished\":\"2022-03-07T18:05:41+00:00\",\"description\":\"Le Su\u00e9dois Armand Duplantis a am\u00e9lior\u00e9 son propre record du monde du saut \u00e0 la perche ce lundi \u00e0 Belgrade (Serbie), en franchissant 6m19.\u00a0\",\"breadcrumb\":{\"@id\":\"https:\/\/dicodusport.fr\/blog\/perche-armand-duplantis-bat-son-propre-record-du-monde-a-belgrade\/#breadcrumb\"},\"inLanguage\":\"fr-FR\",\"potentialAction\":[{\"@type\":\"ReadAction\",\"target\":[\"https:\/\/dicodusport.fr\/blog\/perche-armand-duplantis-bat-son-propre-record-du-monde-a-belgrade\/\"]}]},{\"@type\":\"ImageObject\",\"inLanguage\":\"fr-FR\",\"@id\":\"https:\/\/dicodusport.fr\/blog\/perche-armand-duplantis-bat-son-propre-record-du-monde-a-belgrade\/#primaryimage\",\"url\":\"https:\/\/dicodusport.fr\/blog\/wp-content\/uploads\/2022\/03\/Perche-Armand-Duplantis-bat-son-propre-record-du-monde-a\u0300-Belgrade.png\",\"contentUrl\":\"https:\/\/dicodusport.fr\/blog\/wp-content\/uploads\/2022\/03\/Perche-Armand-Duplantis-bat-son-propre-record-du-monde-a\u0300-Belgrade.png\",\"width\":800,\"height\":445},{\"@type\":\"BreadcrumbList\",\"@id\":\"https:\/\/dicodusport.fr\/blog\/perche-armand-duplantis-bat-son-propre-record-du-monde-a-belgrade\/#breadcrumb\",\"itemListElement\":[{\"@type\":\"ListItem\",\"position\":1,\"name\":\"Accueil\",\"item\":\"https:\/\/dicodusport.fr\/blog\/\"},{\"@type\":\"ListItem\",\"position\":2,\"name\":\"Perche : Armand Duplantis bat son propre record du monde \u00e0 Belgrade\"}]},{\"@type\":\"WebSite\",\"@id\":\"https:\/\/dicodusport.fr\/blog\/#website\",\"url\":\"https:\/\/dicodusport.fr\/blog\/\",\"name\":\"Dicodusport\",\"description\":\"L&#039;encyclop\u00e9die de l&#039;actualit\u00e9 sportive\",\"publisher\":{\"@id\":\"https:\/\/dicodusport.fr\/blog\/#organization\"},\"potentialAction\":[{\"@type\":\"SearchAction\",\"target\":{\"@type\":\"EntryPoint\",\"urlTemplate\":\"https:\/\/dicodusport.fr\/blog\/?s={search_term_string}\"},\"query-input\":{\"@type\":\"PropertyValueSpecification\",\"valueRequired\":true,\"valueName\":\"search_term_string\"}}],\"inLanguage\":\"fr-FR\"},{\"@type\":\"NewsMediaOrganization\",\"@id\":\"https:\/\/dicodusport.fr\/blog\/#organization\",\"name\":\"Dicodusport\",\"url\":\"https:\/\/dicodusport.fr\/blog\/\",\"logo\":{\"@type\":\"ImageObject\",\"inLanguage\":\"fr-FR\",\"@id\":\"https:\/\/dicodusport.fr\/blog\/#\/schema\/logo\/image\/\",\"url\":\"https:\/\/dicodusport.fr\/blog\/wp-content\/uploads\/2020\/06\/cropped-LOGO-DICODUSPORT-2020-SANS-FOND-SANS-TEXTE.png\",\"contentUrl\":\"https:\/\/dicodusport.fr\/blog\/wp-content\/uploads\/2020\/06\/cropped-LOGO-DICODUSPORT-2020-SANS-FOND-SANS-TEXTE.png\",\"width\":512,\"height\":512,\"caption\":\"Dicodusport\"},\"image\":{\"@id\":\"https:\/\/dicodusport.fr\/blog\/#\/schema\/logo\/image\/\"},\"sameAs\":[\"https:\/\/www.facebook.com\/dicodusport\",\"https:\/\/x.com\/dicodusport\",\"https:\/\/www.instagram.com\/dicodusport\/\",\"https:\/\/www.youtube.com\/channel\/UC7V2KZ5sd3htJivAbA4ZG3w\"],\"description\":\"Dicodusport est l'encyclop\u00e9die de l'actualit\u00e9 sportive.\",\"email\":\"bonjour@dicodusport.fr\",\"legalName\":\"DICODUSPORT\",\"foundingDate\":\"2018-01-14\",\"vatID\":\"FR71834470973\",\"taxID\":\"83447097300043\",\"numberOfEmployees\":{\"@type\":\"QuantitativeValue\",\"minValue\":\"1\",\"maxValue\":\"10\"}},{\"@type\":\"Person\",\"@id\":\"https:\/\/dicodusport.fr\/blog\/#\/schema\/person\/55dcb50ad410894e431ed812bbb70191\",\"name\":\"Nicolas Jacquemard\",\"image\":{\"@type\":\"ImageObject\",\"inLanguage\":\"fr-FR\",\"@id\":\"https:\/\/dicodusport.fr\/blog\/#\/schema\/person\/image\/\",\"url\":\"https:\/\/dicodusport.fr\/blog\/wp-content\/uploads\/2021\/05\/Nicolas-Jacquemard-150x150.jpeg\",\"contentUrl\":\"https:\/\/dicodusport.fr\/blog\/wp-content\/uploads\/2021\/05\/Nicolas-Jacquemard-150x150.jpeg\",\"caption\":\"Nicolas Jacquemard\"},\"description\":\"Passionn\u00e9 de sport et entrepreneur depuis mes 18 ans, la cr\u00e9ation de Dicodusport m'a sembl\u00e9 \u00e9vidente pour participer \u00e0 la m\u00e9diatisation d'un plus grand nombre de sports. Le chemin est long mais avec une \u00e9quipe des plus motiv\u00e9es et les Jeux Olympiques de Paris 2024 en point de mire, nous y arriverons ! Journaliste dans le monde du sport depuis plus de 5 ans, je traite aussi bien de football, de rugby, de biathlon que de cyclisme.\",\"sameAs\":[\"https:\/\/www.facebook.com\/dicodusport\",\"https:\/\/x.com\/https:\/\/twitter.com\/Nico_Jacquemard\"],\"url\":\"https:\/\/dicodusport.fr\/blog\/author\/dicodusport\/\"}]}<\/script>\n<!-- \/ Yoast SEO Premium plugin. -->","yoast_head_json":{"title":"Perche : Armand Duplantis bat son propre record du monde \u00e0 Belgrade","description":"Le Su\u00e9dois Armand Duplantis a am\u00e9lior\u00e9 son propre record du monde du saut \u00e0 la perche ce lundi \u00e0 Belgrade (Serbie), en franchissant 6m19.\u00a0","robots":{"index":"index","follow":"follow","max-snippet":"max-snippet:-1","max-image-preview":"max-image-preview:large","max-video-preview":"max-video-preview:-1"},"canonical":"https:\/\/dicodusport.fr\/blog\/perche-armand-duplantis-bat-son-propre-record-du-monde-a-belgrade\/","og_locale":"fr_FR","og_type":"article","og_title":"Perche : Armand Duplantis bat son propre record du monde \u00e0 Belgrade","og_description":"Le Su\u00e9dois Armand Duplantis a am\u00e9lior\u00e9 son propre record du monde du saut \u00e0 la perche ce lundi \u00e0 Belgrade (Serbie), en franchissant 6m19.\u00a0","og_url":"https:\/\/dicodusport.fr\/blog\/perche-armand-duplantis-bat-son-propre-record-du-monde-a-belgrade\/","og_site_name":"Dicodusport","article_publisher":"https:\/\/www.facebook.com\/dicodusport","article_author":"https:\/\/www.facebook.com\/dicodusport","article_published_time":"2022-03-07T18:05:41+00:00","og_image":[{"width":800,"height":445,"url":"https:\/\/dicodusport.fr\/blog\/wp-content\/uploads\/2022\/03\/Perche-Armand-Duplantis-bat-son-propre-record-du-monde-a\u0300-Belgrade.png","type":"image\/png"}],"author":"Nicolas Jacquemard","twitter_card":"summary_large_image","twitter_title":"Perche : Armand Duplantis bat son propre record du monde \u00e0 Belgrade","twitter_creator":"@https:\/\/twitter.com\/Nico_Jacquemard","twitter_site":"@dicodusport","schema":{"@context":"https:\/\/schema.org","@graph":[{"@type":"NewsArticle","@id":"https:\/\/dicodusport.fr\/blog\/perche-armand-duplantis-bat-son-propre-record-du-monde-a-belgrade\/#article","isPartOf":{"@id":"https:\/\/dicodusport.fr\/blog\/perche-armand-duplantis-bat-son-propre-record-du-monde-a-belgrade\/"},"author":{"name":"Nicolas Jacquemard","@id":"https:\/\/dicodusport.fr\/blog\/#\/schema\/person\/55dcb50ad410894e431ed812bbb70191"},"headline":"Perche : Armand Duplantis bat son propre record du monde \u00e0 Belgrade","datePublished":"2022-03-07T18:05:41+00:00","mainEntityOfPage":{"@id":"https:\/\/dicodusport.fr\/blog\/perche-armand-duplantis-bat-son-propre-record-du-monde-a-belgrade\/"},"wordCount":172,"commentCount":0,"publisher":{"@id":"https:\/\/dicodusport.fr\/blog\/#organization"},"image":{"@id":"https:\/\/dicodusport.fr\/blog\/perche-armand-duplantis-bat-son-propre-record-du-monde-a-belgrade\/#primaryimage"},"thumbnailUrl":"https:\/\/dicodusport.fr\/blog\/wp-content\/uploads\/2022\/03\/Perche-Armand-Duplantis-bat-son-propre-record-du-monde-a\u0300-Belgrade.png","keywords":["Armand Duplantis","saut \u00e0 la perche"],"articleSection":["Athl\u00e9tisme"],"inLanguage":"fr-FR","potentialAction":[{"@type":"CommentAction","name":"Comment","target":["https:\/\/dicodusport.fr\/blog\/perche-armand-duplantis-bat-son-propre-record-du-monde-a-belgrade\/#respond"]}],"copyrightYear":"2022","copyrightHolder":{"@id":"https:\/\/dicodusport.fr\/blog\/#organization"}},{"@type":"WebPage","@id":"https:\/\/dicodusport.fr\/blog\/perche-armand-duplantis-bat-son-propre-record-du-monde-a-belgrade\/","url":"https:\/\/dicodusport.fr\/blog\/perche-armand-duplantis-bat-son-propre-record-du-monde-a-belgrade\/","name":"Perche : Armand Duplantis bat son propre record du monde \u00e0 Belgrade","isPartOf":{"@id":"https:\/\/dicodusport.fr\/blog\/#website"},"primaryImageOfPage":{"@id":"https:\/\/dicodusport.fr\/blog\/perche-armand-duplantis-bat-son-propre-record-du-monde-a-belgrade\/#primaryimage"},"image":{"@id":"https:\/\/dicodusport.fr\/blog\/perche-armand-duplantis-bat-son-propre-record-du-monde-a-belgrade\/#primaryimage"},"thumbnailUrl":"https:\/\/dicodusport.fr\/blog\/wp-content\/uploads\/2022\/03\/Perche-Armand-Duplantis-bat-son-propre-record-du-monde-a\u0300-Belgrade.png","datePublished":"2022-03-07T18:05:41+00:00","description":"Le Su\u00e9dois Armand Duplantis a am\u00e9lior\u00e9 son propre record du monde du saut \u00e0 la perche ce lundi \u00e0 Belgrade (Serbie), en franchissant 6m19.\u00a0","breadcrumb":{"@id":"https:\/\/dicodusport.fr\/blog\/perche-armand-duplantis-bat-son-propre-record-du-monde-a-belgrade\/#breadcrumb"},"inLanguage":"fr-FR","potentialAction":[{"@type":"ReadAction","target":["https:\/\/dicodusport.fr\/blog\/perche-armand-duplantis-bat-son-propre-record-du-monde-a-belgrade\/"]}]},{"@type":"ImageObject","inLanguage":"fr-FR","@id":"https:\/\/dicodusport.fr\/blog\/perche-armand-duplantis-bat-son-propre-record-du-monde-a-belgrade\/#primaryimage","url":"https:\/\/dicodusport.fr\/blog\/wp-content\/uploads\/2022\/03\/Perche-Armand-Duplantis-bat-son-propre-record-du-monde-a\u0300-Belgrade.png","contentUrl":"https:\/\/dicodusport.fr\/blog\/wp-content\/uploads\/2022\/03\/Perche-Armand-Duplantis-bat-son-propre-record-du-monde-a\u0300-Belgrade.png","width":800,"height":445},{"@type":"BreadcrumbList","@id":"https:\/\/dicodusport.fr\/blog\/perche-armand-duplantis-bat-son-propre-record-du-monde-a-belgrade\/#breadcrumb","itemListElement":[{"@type":"ListItem","position":1,"name":"Accueil","item":"https:\/\/dicodusport.fr\/blog\/"},{"@type":"ListItem","position":2,"name":"Perche : Armand Duplantis bat son propre record du monde \u00e0 Belgrade"}]},{"@type":"WebSite","@id":"https:\/\/dicodusport.fr\/blog\/#website","url":"https:\/\/dicodusport.fr\/blog\/","name":"Dicodusport","description":"L&#039;encyclop\u00e9die de l&#039;actualit\u00e9 sportive","publisher":{"@id":"https:\/\/dicodusport.fr\/blog\/#organization"},"potentialAction":[{"@type":"SearchAction","target":{"@type":"EntryPoint","urlTemplate":"https:\/\/dicodusport.fr\/blog\/?s={search_term_string}"},"query-input":{"@type":"PropertyValueSpecification","valueRequired":true,"valueName":"search_term_string"}}],"inLanguage":"fr-FR"},{"@type":"NewsMediaOrganization","@id":"https:\/\/dicodusport.fr\/blog\/#organization","name":"Dicodusport","url":"https:\/\/dicodusport.fr\/blog\/","logo":{"@type":"ImageObject","inLanguage":"fr-FR","@id":"https:\/\/dicodusport.fr\/blog\/#\/schema\/logo\/image\/","url":"https:\/\/dicodusport.fr\/blog\/wp-content\/uploads\/2020\/06\/cropped-LOGO-DICODUSPORT-2020-SANS-FOND-SANS-TEXTE.png","contentUrl":"https:\/\/dicodusport.fr\/blog\/wp-content\/uploads\/2020\/06\/cropped-LOGO-DICODUSPORT-2020-SANS-FOND-SANS-TEXTE.png","width":512,"height":512,"caption":"Dicodusport"},"image":{"@id":"https:\/\/dicodusport.fr\/blog\/#\/schema\/logo\/image\/"},"sameAs":["https:\/\/www.facebook.com\/dicodusport","https:\/\/x.com\/dicodusport","https:\/\/www.instagram.com\/dicodusport\/","https:\/\/www.youtube.com\/channel\/UC7V2KZ5sd3htJivAbA4ZG3w"],"description":"Dicodusport est l'encyclop\u00e9die de l'actualit\u00e9 sportive.","email":"bonjour@dicodusport.fr","legalName":"DICODUSPORT","foundingDate":"2018-01-14","vatID":"FR71834470973","taxID":"83447097300043","numberOfEmployees":{"@type":"QuantitativeValue","minValue":"1","maxValue":"10"}},{"@type":"Person","@id":"https:\/\/dicodusport.fr\/blog\/#\/schema\/person\/55dcb50ad410894e431ed812bbb70191","name":"Nicolas Jacquemard","image":{"@type":"ImageObject","inLanguage":"fr-FR","@id":"https:\/\/dicodusport.fr\/blog\/#\/schema\/person\/image\/","url":"https:\/\/dicodusport.fr\/blog\/wp-content\/uploads\/2021\/05\/Nicolas-Jacquemard-150x150.jpeg","contentUrl":"https:\/\/dicodusport.fr\/blog\/wp-content\/uploads\/2021\/05\/Nicolas-Jacquemard-150x150.jpeg","caption":"Nicolas Jacquemard"},"description":"Passionn\u00e9 de sport et entrepreneur depuis mes 18 ans, la cr\u00e9ation de Dicodusport m'a sembl\u00e9 \u00e9vidente pour participer \u00e0 la m\u00e9diatisation d'un plus grand nombre de sports. Le chemin est long mais avec une \u00e9quipe des plus motiv\u00e9es et les Jeux Olympiques de Paris 2024 en point de mire, nous y arriverons ! Journaliste dans le monde du sport depuis plus de 5 ans, je traite aussi bien de football, de rugby, de biathlon que de cyclisme.","sameAs":["https:\/\/www.facebook.com\/dicodusport","https:\/\/x.com\/https:\/\/twitter.com\/Nico_Jacquemard"],"url":"https:\/\/dicodusport.fr\/blog\/author\/dicodusport\/"}]}},"_links":{"self":[{"href":"https:\/\/dicodusport.fr\/blog\/wp-json\/wp\/v2\/posts\/206009","targetHints":{"allow":["GET"]}}],"collection":[{"href":"https:\/\/dicodusport.fr\/blog\/wp-json\/wp\/v2\/posts"}],"about":[{"href":"https:\/\/dicodusport.fr\/blog\/wp-json\/wp\/v2\/types\/post"}],"author":[{"embeddable":true,"href":"https:\/\/dicodusport.fr\/blog\/wp-json\/wp\/v2\/users\/1"}],"replies":[{"embeddable":true,"href":"https:\/\/dicodusport.fr\/blog\/wp-json\/wp\/v2\/comments?post=206009"}],"version-history":[{"count":0,"href":"https:\/\/dicodusport.fr\/blog\/wp-json\/wp\/v2\/posts\/206009\/revisions"}],"wp:featuredmedia":[{"embeddable":true,"href":"https:\/\/dicodusport.fr\/blog\/wp-json\/wp\/v2\/media\/206010"}],"wp:attachment":[{"href":"https:\/\/dicodusport.fr\/blog\/wp-json\/wp\/v2\/media?parent=206009"}],"wp:term":[{"taxonomy":"category","embeddable":true,"href":"https:\/\/dicodusport.fr\/blog\/wp-json\/wp\/v2\/categories?post=206009"},{"taxonomy":"post_tag","embeddable":true,"href":"https:\/\/dicodusport.fr\/blog\/wp-json\/wp\/v2\/tags?post=206009"}],"curies":[{"name":"wp","href":"https:\/\/api.w.org\/{rel}","templated":true}]}}