{"id":20624,"date":"2018-06-20T11:00:22","date_gmt":"2018-06-20T09:00:22","guid":{"rendered":"http:\/\/dicodusport.fr\/blog\/?p=20624"},"modified":"2018-06-20T10:21:32","modified_gmt":"2018-06-20T08:21:32","slug":"meeting-de-montreuil-un-10e-anniversaire-fete-en-grande-pompe","status":"publish","type":"post","link":"https:\/\/dicodusport.fr\/blog\/meeting-de-montreuil-un-10e-anniversaire-fete-en-grande-pompe\/","title":{"rendered":"Meeting de Montreuil : un 10e anniversaire f\u00eat\u00e9 en grande pompe"},"content":{"rendered":"<p style=\"text-align: justify;\"><strong><em>La saison des meetings bat son plein. Apr\u00e8s H\u00e9rouville et Marseille, les athl\u00e8tes avaient rendez-vous au Stade Jean Delbert pour le c\u00e9l\u00e8bre meeting de Montreuil. Du beau monde \u00e9tait pr\u00e9sent et les performances ont \u00e9t\u00e9 au rendez-vous !<\/em><\/strong><\/p>\n<p style=\"text-align: justify;\">Les athl\u00e8tes n&rsquo;ont cess\u00e9 de le r\u00e9p\u00e9ter : les conditions de ce mardi soir \u00e9taient id\u00e9ales. Id\u00e9ales pour atteindre le niveau de performance requis pour les Championnats d&rsquo;Europe et pourquoi pas am\u00e9liorer son record personnel.<\/p>\n<h4 style=\"text-align: justify;\">Meilleure performance mondiale pour Shubenkov !<\/h4>\n<p style=\"text-align: justify;\">Le Russe <strong>Sergey Shubenkov<\/strong> \u00e9tait survolt\u00e9 au 110m haies\u00a0! Tr\u00e8s bon au d\u00e9part, il n&rsquo;a pas ralenti la cadence et s&rsquo;est offert la meilleure performance mondiale de l&rsquo;ann\u00e9e en 12&Prime;99. C&rsquo;est le premier \u00e0 passer sous la barre des 13 secondes cette ann\u00e9e. Dans son sillage, il a emport\u00e9 le Fran\u00e7ais <strong>Pascal Martinot-Lagarde<\/strong> qui \u00e9tait \u00e0 c\u00f4t\u00e9 de lui. Si le Fran\u00e7ais a bien suivi au d\u00e9part, il a un peu l\u00e2ch\u00e9 sur la fin. Il r\u00e9alise tout de m\u00eame 13&Prime;28, soit le niveau requis par la F\u00e9d\u00e9ration Fran\u00e7aise d&rsquo;Athl\u00e9tisme (FFA) : 13&Prime;40. A l&rsquo;arriv\u00e9e, les deux hommes \u00e9taient tr\u00e8s contents. Le Russe n&rsquo;arrivait pas \u00e0 y croire et il a appr\u00e9ci\u00e9 d&rsquo;avoir le Fran\u00e7ais \u00e0 ses c\u00f4t\u00e9s pour l&rsquo;adversit\u00e9. De son c\u00f4t\u00e9, le Fran\u00e7ais a salu\u00e9 la performance de Shubenkov qui lui a donn\u00e9 \u00ab\u00a0un tempo de malade\u00a0\u00bb. Il faut m&rsquo;aintenant qu&rsquo;il imprime les rythmiques et qu&rsquo;il retrouve son niveau. \u00ab\u00a0<em>Ca faisait longtemps que je n&rsquo;avais pas couru aussi vite ; la derni\u00e8re fois que j&rsquo;\u00e9tais ici, j&rsquo;\u00e9tais en b\u00e9quille avec mon pl\u00e2tre, l\u00e0 je suis sur la piste, c&rsquo;est parti<\/em> !\u00a0\u00bb<br \/>\nSon entra\u00eeneur Benjamin Crouzet s&rsquo;est dit satisfait : \u00ab\u00a0<em>Il fait plut\u00f4t des bons d\u00e9parts, c&rsquo;est assez r\u00e9gulier depuis son entr\u00e9e en comp\u00e9tition. Sur les intervalles, il a un travail de rythme sp\u00e9cifique \u00e0 faire et sur l&rsquo;engagement devant les barri\u00e8res. Il faut maintenant rattraper le retard des 2 derniers mois sur le travail d&rsquo;intervalle<\/em>.\u00a0\u00bb<br \/>\nPour son premier 110m haies de l&rsquo;ann\u00e9e, et de retour de blessure apr\u00e8s plusieurs mois de gal\u00e8re, Dimitri Bascou a termin\u00e9 dernier en 13&Prime;75. Aurel Manga a r\u00e9alis\u00e9 13&Prime;54 et termine 5e.<\/p>\n<h4 style=\"text-align: justify;\">Les Fran\u00e7ais \u00e0 la f\u00eate&#8230;<\/h4>\n<p style=\"text-align: justify;\"><strong>Ludvy Vaillant<\/strong> est en forme ! D\u00e9j\u00e0 performant \u00e0 Marseille o\u00f9 il avait r\u00e9alis\u00e9 le niveau de performance requis (NPR) en 48&Prime;96, il a une nouvelle fois\u00a0am\u00e9lior\u00e9 son record personnel d&rsquo;un centi\u00e8me et se pr\u00e9sente plus que jamais comme un candidat pour repr\u00e9senter la France \u00e0 Berlin cet \u00e9t\u00e9. Il est parti fort et si Mamadou Kasse Hann a tent\u00e9 un retour au virage, le Martiniquais \u00e9tait lanc\u00e9 et ne s&rsquo;est pas fait rattraper.<\/p>\n<p style=\"text-align: justify;\">Chez les filles, <strong>Carolle Zahi<\/strong> a r\u00e9alis\u00e9 le NPR en terminant deuxi\u00e8me au 100m en 11&Prime;16. C&rsquo;est l&rsquo;Ivoirienne <strong>Marie-Jos\u00e9e Ta Lou<\/strong>, qui truste les sommets cette ann\u00e9e qui s&rsquo;est impos\u00e9e en 10&Prime;95.<\/p>\n<p style=\"text-align: justify;\">On a assist\u00e9 \u00e0 un beau concours de triple saut. <strong>Rouguy Diallo<\/strong> qui avait d\u00e9j\u00e0 r\u00e9alis\u00e9 les 14m20 requis \u00e0 <a href=\"http:\/\/dicodusport.fr\/blog\/diamond-league-2-renaud-lavillenie-simpose-belle-perf-de-rouguy-diallo-gatlin-et-de-grasse-decoivent\/\" target=\"_blank\" rel=\"noopener\">Shanghai<\/a> a am\u00e9lior\u00e9 sa meilleure marque de la saison avec un premier saut \u00e0 14m26. Selon son entra\u00eeneur Teddy Tamgho, elle avait 14m40 dans les jambes hier soir mais les gros sauts qui fr\u00f4laient les 14m50 n&rsquo;ont pas \u00e9t\u00e9 mesur\u00e9s \u00e0 cause d&rsquo;une mauvaise planche. Elle a tout tent\u00e9 \u00e0 son dernier essai, prenant des risques mais elle s&rsquo;est \u00e9cras\u00e9e et a mordu. De son c\u00f4t\u00e9, <strong>Jeanine Assani Issouf<\/strong> a r\u00e9alis\u00e9 le NPR avec un dernier saut \u00e9norme \u00e0 14m25 avec une bonne marge sur la planche. C&rsquo;est la deuxi\u00e8me meilleure performance fran\u00e7aise de l&rsquo;ann\u00e9e. Les deux Fran\u00e7aises ont respectivement pris la 3e et 4e place. La Roumaine <strong>Andreea Panturoiu<\/strong> s&rsquo;est impos\u00e9e avec un saut \u00e0 14m47.<\/p>\n<p style=\"text-align: justify;\">3e \u00e0 la perche avec 5m71, <strong>Stanley Joseph<\/strong> est le deuxi\u00e8me Fran\u00e7ais apr\u00e8s Renaud Lavillenie \u00e0 d\u00e9passer les 5m70 requis.<\/p>\n<h4 style=\"text-align: justify;\">&#8230;\u00e7a se rapproche pour les autres<\/h4>\n<p style=\"text-align: justify;\">S&rsquo;ils n&rsquo;ont pas r\u00e9alis\u00e9 les NPR, de nombreux athl\u00e8tes fran\u00e7ais ont tout de m\u00eame affich\u00e9 un bon niveau \u00e0 Montreuil. C&rsquo;est le cas des deux amies <strong>Solene Ndama<\/strong> et <strong>Laura Valette<\/strong> aux haies. Elles ont fait 2 et 3 et 13&Prime;07 et 13&Prime;08 au 100m haies derri\u00e8re la Polonaise <strong>Karolina Koleczek<\/strong> (12&Prime;97). C&rsquo;est un record personnel pour la jeune fran\u00e7aise de 19 ans, Solene Ndama. Elle \u00e9tait tr\u00e8s heureuse apr\u00e8s sa course\u00a0qui, bien qu&rsquo;elle\u00a0ait \u00e9t\u00e9 championne d&rsquo;Europe juniors en 2017 sur 100m haies,\u00a0privil\u00e9gie les \u00e9preuves combin\u00e9es. M\u00eame si elle a beaucoup de difficult\u00e9s au javelot, elle persiste dans cette voie et se laisse encore du temps pour faire un choix. Le NPR par la FFA est 12&Prime;95. <strong>Cindy Billaud<\/strong>, de retour cette ann\u00e9e apr\u00e8s avoir donn\u00e9 naissance \u00e0 sa fille l&rsquo;\u00e9t\u00e9 dernier est en qu\u00eate de sensations. Ses chronos ne cessent de descendre, elle a r\u00e9alis\u00e9 13&Prime;35. Son entra\u00eeneur Benjamin Crouzet s&rsquo;attendait \u00e0 un petit peu mieux mais \u00ab\u00a0ce n&rsquo;est pas mal\u00a0\u00bb, selon lui.<\/p>\n<p style=\"text-align: justify;\">Apr\u00e8s une ann\u00e9e 2017 compliqu\u00e9e en raison de blessures, <strong>Renelle Lamote<\/strong> est de retour. C&rsquo;\u00e9tait sa quatri\u00e8me sortie sur 800m et ses chronos ne cessent de s&rsquo;am\u00e9liorer. A Montreuil, elle a termin\u00e9 5e en 2&rsquo;00&Prime;76. Le NPR est fix\u00e9 \u00e0 2&rsquo;00&Prime;60 et le record de la Fran\u00e7aise est \u00e0 1&rsquo;58&Prime;01. Elle a encore quelques courses avant Albi et les Championnats de France pour se r\u00e9gler.<\/p>\n<p style=\"text-align: justify;\">Au triple saut masculin, <strong>Jean-No\u00ebl Cretinoir<\/strong> (16m86) et <strong>Kevin Luron<\/strong> (16m82) se rapprochent des 16m90 requis. Mais avec un vent \u00e0 2,1 m\/s, le saut de Cretinoir n&rsquo;est pas homologu\u00e9. Pour l&rsquo;instant, seul <strong>Jean-Marc Pontvianne<\/strong> a r\u00e9ussi 16m95 \u00e0 Marseille. D&rsquo;ailleurs, probablement fatigu\u00e9 par ce meeting qui a eu lieu 3 jours avant, il n&rsquo;a pas r\u00e9ussi \u00e0 d\u00e9passer 16m55 \u00e0 Montreuil.<\/p>\n<h4 style=\"text-align: justify;\">Pas de record du monde pour Genzebe Dibaba<\/h4>\n<p style=\"text-align: justify;\">L&rsquo;Ethiopienne \u00e9tait clairement venue pour tenter de faire tomber le record du monde de 2000 m. Si elle d\u00e9tient le record du monde en indoor (5&rsquo;23&Prime;75), c&rsquo;est l&rsquo;Irlandaise Sonia O&rsquo;Sullivan qui d\u00e9tient toujours le record de la meilleure performance en ext\u00e9rieur avec 5&rsquo;25&Prime;36 \u00e9tabli en 1994. Dibaba n&rsquo;a pas r\u00e9ussi son pari. Les deux li\u00e8vres espagnoles n&rsquo;ont pas pu l&rsquo;accompagner jusqu&rsquo;\u00e0 1200 ou 1500 m. Son entra\u00eeneur ne la fait d&rsquo;ailleurs pratiquement courir qu&rsquo;avec des hommes car les li\u00e8vres f\u00e9minin ne lui conviennent pas. Si elle n&rsquo;a pas battu le record, elle a tout de m\u00eame r\u00e9alise une tr\u00e8s grosse performance, la meilleure mondiale de l&rsquo;ann\u00e9e en 5&rsquo;27&Prime;73. C&rsquo;est presque 10 secondes d&rsquo;avances sur la performance de la Su\u00e9doise Meraf Bahta.<\/p>\n<h4 style=\"text-align: justify;\">Quelques d\u00e9ceptions<\/h4>\n<p style=\"text-align: justify;\">Renaud Lavillenie \u00e9tait l&rsquo;une des t\u00eates d&rsquo;affiche de ce meeting. Le directeur du meeting Lo\u00efc Giowachini avait accept\u00e9 de permettre aux perchistes d&rsquo;avoir les meilleures conditions possibles en d\u00e9pla\u00e7ant le sautoir dans l&rsquo;axe de la ligne droite et en installant une piste l\u00e9g\u00e8rement sur\u00e9lev\u00e9e. D&rsquo;habitude, les perchistes \u00e9taient dans les rafales lat\u00e9rales du vent. Le Su\u00e9dois <strong>Armand Duplantis<\/strong> est le perchiste europ\u00e9en qui monte et il l&rsquo;a prouv\u00e9 \u00e0 Montreuil. Il s&rsquo;est impos\u00e9 devant <strong>Renaud Lavillenie<\/strong> avec un saut \u00e0 5m91. Le Fran\u00e7ais avait fait l&rsquo;impasse \u00e0 cette hauteur mais n&rsquo;est pas parvenu \u00e0 franchir 5m96. Apr\u00e8s le concours, il s&rsquo;est dit content d&rsquo;avoir eu cette installation qui leur a permis de s&rsquo;exprimer du mieux possible mais il \u00e9tait bien \u00e9videmment d\u00e9\u00e7u d&rsquo;avoir but\u00e9 \u00e0 5m96. Il s&rsquo;attendait vraiment \u00e0 passer les 6m \u00e0 Montreuil o\u00f9 les conditions \u00e9taient r\u00e9unies pour cela mais il estime qu&rsquo;il lui a peut-\u00eatre manqu\u00e9 une comp\u00e9tition pour faire des r\u00e9glages.<\/p>\n<p style=\"text-align: justify;\">D\u00e9ception \u00e9galement pour <strong>Christophe Lemaitre<\/strong> qui \u00e9tait venu \u00e0 Montreuil avec l&rsquo;objectif de r\u00e9aliser les 10&Prime;15 requis. Il \u00e9choue de deux centi\u00e8mes. S&rsquo;il a \u00e9t\u00e9 au contact du Sud Africain Simbine (10&Prime;04), il a r\u00e9alis\u00e9 une fin de course moyenne. C&rsquo;est \u00ab\u00a0\u00e9norm\u00e9ment frustrant\u00a0\u00bb pour le Fran\u00e7ais qui voulait \u00ab\u00a0se d\u00e9barasser\u00a0\u00bb de ces minima ce soir-l\u00e0, surtout que les conditions \u00e9taient bonnes pour le sprint. Ca reste tout de m\u00eame positif puisque c&rsquo;est son deuxi\u00e8me 100 m et qu&rsquo;il avait fait 10&Prime;32 \u00e0 Ostrava. Le Chinois<strong> Zhenye Xie<\/strong> a r\u00e9alis\u00e9 un gros chrono en 9&Prime;97.<\/p>\n<p style=\"text-align: justify;\">Pour 4 centi\u00e8mes, <strong>Orlann Ombissa-Dzangue<\/strong> n&rsquo;a pas atteint le NPR sur 100 m. Elle et Carolle Zahi entouraient Ta Lou mais si Zahi est bien partie, Ombissa est un peu rest\u00e9e dans les starts. La Fran\u00e7aise \u00e9tait tr\u00e8s d\u00e9\u00e7ue apr\u00e8s sa course : \u00ab\u00a0<em>Quand je vois la course et les r\u00e9sultats je suis d\u00e9\u00e7ue. Je l&rsquo;avais dans les jambes mais j&rsquo;ai fait une mauvaise course<\/em>\u00ab\u00a0. Il reste des d\u00e9tails techniques \u00e0 revoir.<\/p>\n<p style=\"text-align: justify;\">Pour rappel, l&rsquo;Association europ\u00e9enne d&rsquo;athl\u00e9tisme a fix\u00e9 des minima de qualification pour les Championnats d&rsquo;Europe qui auront lieu \u00e0 Berlin du 7 au 12 ao\u00fbt. De son c\u00f4t\u00e9, la FFA a fix\u00e9 des <a href=\"http:\/\/www.athle.fr\/asp.net\/main.html\/html.aspx?htmlid=5503\" target=\"_blank\" rel=\"noopener\">niveaux de performance requis<\/a> en g\u00e9n\u00e9ral plus\u00a0difficiles que ces minima de qualification. Pour participer aux Championnats d&rsquo;Europe, les Fran\u00e7ais doivent r\u00e9aliser ces NPR mais pas seulement. Les r\u00e9sultats aux Championnats de France qui ont lieu du 6 au 8 juillet \u00e0 Albi seront primordiaux. Ceux qui s&rsquo;imposeront \u00e0 Albi seront prioritaires pour \u00eatre s\u00e9lectionn\u00e9s.<\/p>\n<p><strong><em>Arlette<\/em><\/strong><br \/>\n<a href=\"http:\/\/twitter.com\/Shiclette94\"><img loading=\"lazy\" decoding=\"async\" class=\"alignnone size-full wp-image-2908\" src=\"http:\/\/dicodusport.fr\/blog\/wp-content\/uploads\/2017\/07\/logo-twitter-e1516110106986.png\" alt=\"\" width=\"39\" height=\"39\" \/><\/a><\/p>\n","protected":false},"excerpt":{"rendered":"<p>La saison des meetings bat son plein. Apr\u00e8s H\u00e9rouville et Marseille, les athl\u00e8tes avaient rendez-vous au Stade Jean Delbert pour le c\u00e9l\u00e8bre meeting de Montreuil. Du beau monde \u00e9tait pr\u00e9sent et les performances ont \u00e9t\u00e9 au rendez-vous !<\/p>\n","protected":false},"author":12,"featured_media":20626,"comment_status":"open","ping_status":"closed","sticky":false,"template":"","format":"standard","meta":{"_acf_changed":false,"_daextam_enable_autolinks":"","footnotes":""},"categories":[2,2308],"tags":[5220,143,3705,5225,1036,5223],"class_list":["post-20624","post","type-post","status-publish","format-standard","has-post-thumbnail","hentry","category-actualites","category-athletisme","tag-armand-duplantis","tag-athletisme","tag-christophe-lemaitre","tag-pascal-martinot-lagarde","tag-renaud-lavillenie","tag-solene-ndama"],"acf":[],"yoast_head":"<!-- This site is optimized with the Yoast SEO Premium plugin v26.7 (Yoast SEO v26.7) - https:\/\/yoast.com\/wordpress\/plugins\/seo\/ -->\n<title>Meeting de Montreuil : un 10e anniversaire f\u00eat\u00e9 en grande pompe<\/title>\n<meta name=\"description\" content=\"La saison des meetings bat son plein. Au meeting de Montreuil, du beau monde \u00e9tait pr\u00e9sent et les performances ont \u00e9t\u00e9 au rendez-vous !\" \/>\n<meta name=\"robots\" content=\"index, follow, max-snippet:-1, max-image-preview:large, max-video-preview:-1\" \/>\n<link rel=\"canonical\" href=\"https:\/\/dicodusport.fr\/blog\/meeting-de-montreuil-un-10e-anniversaire-fete-en-grande-pompe\/\" \/>\n<meta property=\"og:locale\" content=\"fr_FR\" \/>\n<meta property=\"og:type\" content=\"article\" \/>\n<meta property=\"og:title\" content=\"Meeting de Montreuil : un 10e anniversaire f\u00eat\u00e9 en grande pompe\" \/>\n<meta property=\"og:description\" content=\"La saison des meetings bat son plein. Au meeting de Montreuil, du beau monde \u00e9tait pr\u00e9sent et les performances ont \u00e9t\u00e9 au rendez-vous !\" \/>\n<meta property=\"og:url\" content=\"https:\/\/dicodusport.fr\/blog\/meeting-de-montreuil-un-10e-anniversaire-fete-en-grande-pompe\/\" \/>\n<meta property=\"og:site_name\" content=\"Dicodusport\" \/>\n<meta property=\"article:publisher\" content=\"https:\/\/www.facebook.com\/dicodusport\" \/>\n<meta property=\"article:published_time\" content=\"2018-06-20T09:00:22+00:00\" \/>\n<meta property=\"og:image\" content=\"https:\/\/dicodusport.fr\/blog\/wp-content\/uploads\/2018\/06\/Shubenkov-Martinot-Lagarde.png\" \/>\n\t<meta property=\"og:image:width\" content=\"1200\" \/>\n\t<meta property=\"og:image:height\" content=\"670\" \/>\n\t<meta property=\"og:image:type\" content=\"image\/png\" \/>\n<meta name=\"author\" content=\"Arlette Yeye\" \/>\n<meta name=\"twitter:card\" content=\"summary_large_image\" \/>\n<meta name=\"twitter:creator\" content=\"@https:\/\/twitter.com\/Shiclette94\" \/>\n<meta name=\"twitter:site\" content=\"@dicodusport\" \/>\n<script type=\"application\/ld+json\" class=\"yoast-schema-graph\">{\"@context\":\"https:\/\/schema.org\",\"@graph\":[{\"@type\":\"NewsArticle\",\"@id\":\"https:\/\/dicodusport.fr\/blog\/meeting-de-montreuil-un-10e-anniversaire-fete-en-grande-pompe\/#article\",\"isPartOf\":{\"@id\":\"https:\/\/dicodusport.fr\/blog\/meeting-de-montreuil-un-10e-anniversaire-fete-en-grande-pompe\/\"},\"author\":{\"name\":\"Arlette Yeye\",\"@id\":\"https:\/\/dicodusport.fr\/blog\/#\/schema\/person\/cce96fa88785bd8573e3d43078ac8c79\"},\"headline\":\"Meeting de Montreuil : un 10e anniversaire f\u00eat\u00e9 en grande pompe\",\"datePublished\":\"2018-06-20T09:00:22+00:00\",\"mainEntityOfPage\":{\"@id\":\"https:\/\/dicodusport.fr\/blog\/meeting-de-montreuil-un-10e-anniversaire-fete-en-grande-pompe\/\"},\"wordCount\":1640,\"commentCount\":0,\"publisher\":{\"@id\":\"https:\/\/dicodusport.fr\/blog\/#organization\"},\"image\":{\"@id\":\"https:\/\/dicodusport.fr\/blog\/meeting-de-montreuil-un-10e-anniversaire-fete-en-grande-pompe\/#primaryimage\"},\"thumbnailUrl\":\"https:\/\/dicodusport.fr\/blog\/wp-content\/uploads\/2018\/06\/Shubenkov-Martinot-Lagarde.png\",\"keywords\":[\"Armand Duplantis\",\"Athl\u00e9tisme\",\"Christophe Lemaitre\",\"Pascal Martinot-Lagarde\",\"renaud lavillenie\",\"Sol\u00e8ne Ndama\"],\"articleSection\":[\"Actualit\u00e9s\",\"Athl\u00e9tisme\"],\"inLanguage\":\"fr-FR\",\"potentialAction\":[{\"@type\":\"CommentAction\",\"name\":\"Comment\",\"target\":[\"https:\/\/dicodusport.fr\/blog\/meeting-de-montreuil-un-10e-anniversaire-fete-en-grande-pompe\/#respond\"]}],\"copyrightYear\":\"2018\",\"copyrightHolder\":{\"@id\":\"https:\/\/dicodusport.fr\/blog\/#organization\"}},{\"@type\":\"WebPage\",\"@id\":\"https:\/\/dicodusport.fr\/blog\/meeting-de-montreuil-un-10e-anniversaire-fete-en-grande-pompe\/\",\"url\":\"https:\/\/dicodusport.fr\/blog\/meeting-de-montreuil-un-10e-anniversaire-fete-en-grande-pompe\/\",\"name\":\"Meeting de Montreuil : un 10e anniversaire f\u00eat\u00e9 en grande pompe\",\"isPartOf\":{\"@id\":\"https:\/\/dicodusport.fr\/blog\/#website\"},\"primaryImageOfPage\":{\"@id\":\"https:\/\/dicodusport.fr\/blog\/meeting-de-montreuil-un-10e-anniversaire-fete-en-grande-pompe\/#primaryimage\"},\"image\":{\"@id\":\"https:\/\/dicodusport.fr\/blog\/meeting-de-montreuil-un-10e-anniversaire-fete-en-grande-pompe\/#primaryimage\"},\"thumbnailUrl\":\"https:\/\/dicodusport.fr\/blog\/wp-content\/uploads\/2018\/06\/Shubenkov-Martinot-Lagarde.png\",\"datePublished\":\"2018-06-20T09:00:22+00:00\",\"description\":\"La saison des meetings bat son plein. Au meeting de Montreuil, du beau monde \u00e9tait pr\u00e9sent et les performances ont \u00e9t\u00e9 au rendez-vous !\",\"breadcrumb\":{\"@id\":\"https:\/\/dicodusport.fr\/blog\/meeting-de-montreuil-un-10e-anniversaire-fete-en-grande-pompe\/#breadcrumb\"},\"inLanguage\":\"fr-FR\",\"potentialAction\":[{\"@type\":\"ReadAction\",\"target\":[\"https:\/\/dicodusport.fr\/blog\/meeting-de-montreuil-un-10e-anniversaire-fete-en-grande-pompe\/\"]}]},{\"@type\":\"ImageObject\",\"inLanguage\":\"fr-FR\",\"@id\":\"https:\/\/dicodusport.fr\/blog\/meeting-de-montreuil-un-10e-anniversaire-fete-en-grande-pompe\/#primaryimage\",\"url\":\"https:\/\/dicodusport.fr\/blog\/wp-content\/uploads\/2018\/06\/Shubenkov-Martinot-Lagarde.png\",\"contentUrl\":\"https:\/\/dicodusport.fr\/blog\/wp-content\/uploads\/2018\/06\/Shubenkov-Martinot-Lagarde.png\",\"width\":1200,\"height\":670},{\"@type\":\"BreadcrumbList\",\"@id\":\"https:\/\/dicodusport.fr\/blog\/meeting-de-montreuil-un-10e-anniversaire-fete-en-grande-pompe\/#breadcrumb\",\"itemListElement\":[{\"@type\":\"ListItem\",\"position\":1,\"name\":\"Accueil\",\"item\":\"https:\/\/dicodusport.fr\/blog\/\"},{\"@type\":\"ListItem\",\"position\":2,\"name\":\"Meeting de Montreuil : un 10e anniversaire f\u00eat\u00e9 en grande pompe\"}]},{\"@type\":\"WebSite\",\"@id\":\"https:\/\/dicodusport.fr\/blog\/#website\",\"url\":\"https:\/\/dicodusport.fr\/blog\/\",\"name\":\"Dicodusport\",\"description\":\"L&#039;encyclop\u00e9die de l&#039;actualit\u00e9 sportive\",\"publisher\":{\"@id\":\"https:\/\/dicodusport.fr\/blog\/#organization\"},\"potentialAction\":[{\"@type\":\"SearchAction\",\"target\":{\"@type\":\"EntryPoint\",\"urlTemplate\":\"https:\/\/dicodusport.fr\/blog\/?s={search_term_string}\"},\"query-input\":{\"@type\":\"PropertyValueSpecification\",\"valueRequired\":true,\"valueName\":\"search_term_string\"}}],\"inLanguage\":\"fr-FR\"},{\"@type\":\"NewsMediaOrganization\",\"@id\":\"https:\/\/dicodusport.fr\/blog\/#organization\",\"name\":\"Dicodusport\",\"url\":\"https:\/\/dicodusport.fr\/blog\/\",\"logo\":{\"@type\":\"ImageObject\",\"inLanguage\":\"fr-FR\",\"@id\":\"https:\/\/dicodusport.fr\/blog\/#\/schema\/logo\/image\/\",\"url\":\"https:\/\/dicodusport.fr\/blog\/wp-content\/uploads\/2020\/06\/cropped-LOGO-DICODUSPORT-2020-SANS-FOND-SANS-TEXTE.png\",\"contentUrl\":\"https:\/\/dicodusport.fr\/blog\/wp-content\/uploads\/2020\/06\/cropped-LOGO-DICODUSPORT-2020-SANS-FOND-SANS-TEXTE.png\",\"width\":512,\"height\":512,\"caption\":\"Dicodusport\"},\"image\":{\"@id\":\"https:\/\/dicodusport.fr\/blog\/#\/schema\/logo\/image\/\"},\"sameAs\":[\"https:\/\/www.facebook.com\/dicodusport\",\"https:\/\/x.com\/dicodusport\",\"https:\/\/www.instagram.com\/dicodusport\/\",\"https:\/\/www.youtube.com\/channel\/UC7V2KZ5sd3htJivAbA4ZG3w\"],\"description\":\"Dicodusport est l'encyclop\u00e9die de l'actualit\u00e9 sportive.\",\"email\":\"bonjour@dicodusport.fr\",\"legalName\":\"DICODUSPORT\",\"foundingDate\":\"2018-01-14\",\"vatID\":\"FR71834470973\",\"taxID\":\"83447097300043\",\"numberOfEmployees\":{\"@type\":\"QuantitativeValue\",\"minValue\":\"1\",\"maxValue\":\"10\"}},{\"@type\":\"Person\",\"@id\":\"https:\/\/dicodusport.fr\/blog\/#\/schema\/person\/cce96fa88785bd8573e3d43078ac8c79\",\"name\":\"Arlette Yeye\",\"image\":{\"@type\":\"ImageObject\",\"inLanguage\":\"fr-FR\",\"@id\":\"https:\/\/dicodusport.fr\/blog\/#\/schema\/person\/image\/\",\"url\":\"https:\/\/secure.gravatar.com\/avatar\/dca4a6239e6d708e46c45d60e160de6c?s=96&d=wp_user_avatar&r=g\",\"contentUrl\":\"https:\/\/secure.gravatar.com\/avatar\/dca4a6239e6d708e46c45d60e160de6c?s=96&d=wp_user_avatar&r=g\",\"caption\":\"Arlette Yeye\"},\"description\":\"Journaliste\/r\u00e9dactrice depuis septembre 2015 - Supportrice de Chelsea, j'ai pour sports de pr\u00e9dilection le handball, l'athl\u00e9tisme et le tennis. Si je tweete plus vite que mon ombre, vous pouvez aussi me retrouver les week-ends sur les playgrounds de Bruxelles pour un petit foot ou basket entre potes. Parcourir la France, l'Europe et plus si affinit\u00e9s pour suivre mes sportifs pr\u00e9f\u00e9r\u00e9s ? Mon kif ! Et c'est avec plaisir que je partage les r\u00e9sultats des sports populaires mais \u00e9galement plus confidentiels pour Dicodusport.\",\"sameAs\":[\"https:\/\/x.com\/https:\/\/twitter.com\/Shiclette94\"],\"url\":\"https:\/\/dicodusport.fr\/blog\/author\/arlette\/\"}]}<\/script>\n<!-- \/ Yoast SEO Premium plugin. -->","yoast_head_json":{"title":"Meeting de Montreuil : un 10e anniversaire f\u00eat\u00e9 en grande pompe","description":"La saison des meetings bat son plein. Au meeting de Montreuil, du beau monde \u00e9tait pr\u00e9sent et les performances ont \u00e9t\u00e9 au rendez-vous !","robots":{"index":"index","follow":"follow","max-snippet":"max-snippet:-1","max-image-preview":"max-image-preview:large","max-video-preview":"max-video-preview:-1"},"canonical":"https:\/\/dicodusport.fr\/blog\/meeting-de-montreuil-un-10e-anniversaire-fete-en-grande-pompe\/","og_locale":"fr_FR","og_type":"article","og_title":"Meeting de Montreuil : un 10e anniversaire f\u00eat\u00e9 en grande pompe","og_description":"La saison des meetings bat son plein. Au meeting de Montreuil, du beau monde \u00e9tait pr\u00e9sent et les performances ont \u00e9t\u00e9 au rendez-vous !","og_url":"https:\/\/dicodusport.fr\/blog\/meeting-de-montreuil-un-10e-anniversaire-fete-en-grande-pompe\/","og_site_name":"Dicodusport","article_publisher":"https:\/\/www.facebook.com\/dicodusport","article_published_time":"2018-06-20T09:00:22+00:00","og_image":[{"width":1200,"height":670,"url":"https:\/\/dicodusport.fr\/blog\/wp-content\/uploads\/2018\/06\/Shubenkov-Martinot-Lagarde.png","type":"image\/png"}],"author":"Arlette Yeye","twitter_card":"summary_large_image","twitter_creator":"@https:\/\/twitter.com\/Shiclette94","twitter_site":"@dicodusport","schema":{"@context":"https:\/\/schema.org","@graph":[{"@type":"NewsArticle","@id":"https:\/\/dicodusport.fr\/blog\/meeting-de-montreuil-un-10e-anniversaire-fete-en-grande-pompe\/#article","isPartOf":{"@id":"https:\/\/dicodusport.fr\/blog\/meeting-de-montreuil-un-10e-anniversaire-fete-en-grande-pompe\/"},"author":{"name":"Arlette Yeye","@id":"https:\/\/dicodusport.fr\/blog\/#\/schema\/person\/cce96fa88785bd8573e3d43078ac8c79"},"headline":"Meeting de Montreuil : un 10e anniversaire f\u00eat\u00e9 en grande pompe","datePublished":"2018-06-20T09:00:22+00:00","mainEntityOfPage":{"@id":"https:\/\/dicodusport.fr\/blog\/meeting-de-montreuil-un-10e-anniversaire-fete-en-grande-pompe\/"},"wordCount":1640,"commentCount":0,"publisher":{"@id":"https:\/\/dicodusport.fr\/blog\/#organization"},"image":{"@id":"https:\/\/dicodusport.fr\/blog\/meeting-de-montreuil-un-10e-anniversaire-fete-en-grande-pompe\/#primaryimage"},"thumbnailUrl":"https:\/\/dicodusport.fr\/blog\/wp-content\/uploads\/2018\/06\/Shubenkov-Martinot-Lagarde.png","keywords":["Armand Duplantis","Athl\u00e9tisme","Christophe Lemaitre","Pascal Martinot-Lagarde","renaud lavillenie","Sol\u00e8ne Ndama"],"articleSection":["Actualit\u00e9s","Athl\u00e9tisme"],"inLanguage":"fr-FR","potentialAction":[{"@type":"CommentAction","name":"Comment","target":["https:\/\/dicodusport.fr\/blog\/meeting-de-montreuil-un-10e-anniversaire-fete-en-grande-pompe\/#respond"]}],"copyrightYear":"2018","copyrightHolder":{"@id":"https:\/\/dicodusport.fr\/blog\/#organization"}},{"@type":"WebPage","@id":"https:\/\/dicodusport.fr\/blog\/meeting-de-montreuil-un-10e-anniversaire-fete-en-grande-pompe\/","url":"https:\/\/dicodusport.fr\/blog\/meeting-de-montreuil-un-10e-anniversaire-fete-en-grande-pompe\/","name":"Meeting de Montreuil : un 10e anniversaire f\u00eat\u00e9 en grande pompe","isPartOf":{"@id":"https:\/\/dicodusport.fr\/blog\/#website"},"primaryImageOfPage":{"@id":"https:\/\/dicodusport.fr\/blog\/meeting-de-montreuil-un-10e-anniversaire-fete-en-grande-pompe\/#primaryimage"},"image":{"@id":"https:\/\/dicodusport.fr\/blog\/meeting-de-montreuil-un-10e-anniversaire-fete-en-grande-pompe\/#primaryimage"},"thumbnailUrl":"https:\/\/dicodusport.fr\/blog\/wp-content\/uploads\/2018\/06\/Shubenkov-Martinot-Lagarde.png","datePublished":"2018-06-20T09:00:22+00:00","description":"La saison des meetings bat son plein. Au meeting de Montreuil, du beau monde \u00e9tait pr\u00e9sent et les performances ont \u00e9t\u00e9 au rendez-vous !","breadcrumb":{"@id":"https:\/\/dicodusport.fr\/blog\/meeting-de-montreuil-un-10e-anniversaire-fete-en-grande-pompe\/#breadcrumb"},"inLanguage":"fr-FR","potentialAction":[{"@type":"ReadAction","target":["https:\/\/dicodusport.fr\/blog\/meeting-de-montreuil-un-10e-anniversaire-fete-en-grande-pompe\/"]}]},{"@type":"ImageObject","inLanguage":"fr-FR","@id":"https:\/\/dicodusport.fr\/blog\/meeting-de-montreuil-un-10e-anniversaire-fete-en-grande-pompe\/#primaryimage","url":"https:\/\/dicodusport.fr\/blog\/wp-content\/uploads\/2018\/06\/Shubenkov-Martinot-Lagarde.png","contentUrl":"https:\/\/dicodusport.fr\/blog\/wp-content\/uploads\/2018\/06\/Shubenkov-Martinot-Lagarde.png","width":1200,"height":670},{"@type":"BreadcrumbList","@id":"https:\/\/dicodusport.fr\/blog\/meeting-de-montreuil-un-10e-anniversaire-fete-en-grande-pompe\/#breadcrumb","itemListElement":[{"@type":"ListItem","position":1,"name":"Accueil","item":"https:\/\/dicodusport.fr\/blog\/"},{"@type":"ListItem","position":2,"name":"Meeting de Montreuil : un 10e anniversaire f\u00eat\u00e9 en grande pompe"}]},{"@type":"WebSite","@id":"https:\/\/dicodusport.fr\/blog\/#website","url":"https:\/\/dicodusport.fr\/blog\/","name":"Dicodusport","description":"L&#039;encyclop\u00e9die de l&#039;actualit\u00e9 sportive","publisher":{"@id":"https:\/\/dicodusport.fr\/blog\/#organization"},"potentialAction":[{"@type":"SearchAction","target":{"@type":"EntryPoint","urlTemplate":"https:\/\/dicodusport.fr\/blog\/?s={search_term_string}"},"query-input":{"@type":"PropertyValueSpecification","valueRequired":true,"valueName":"search_term_string"}}],"inLanguage":"fr-FR"},{"@type":"NewsMediaOrganization","@id":"https:\/\/dicodusport.fr\/blog\/#organization","name":"Dicodusport","url":"https:\/\/dicodusport.fr\/blog\/","logo":{"@type":"ImageObject","inLanguage":"fr-FR","@id":"https:\/\/dicodusport.fr\/blog\/#\/schema\/logo\/image\/","url":"https:\/\/dicodusport.fr\/blog\/wp-content\/uploads\/2020\/06\/cropped-LOGO-DICODUSPORT-2020-SANS-FOND-SANS-TEXTE.png","contentUrl":"https:\/\/dicodusport.fr\/blog\/wp-content\/uploads\/2020\/06\/cropped-LOGO-DICODUSPORT-2020-SANS-FOND-SANS-TEXTE.png","width":512,"height":512,"caption":"Dicodusport"},"image":{"@id":"https:\/\/dicodusport.fr\/blog\/#\/schema\/logo\/image\/"},"sameAs":["https:\/\/www.facebook.com\/dicodusport","https:\/\/x.com\/dicodusport","https:\/\/www.instagram.com\/dicodusport\/","https:\/\/www.youtube.com\/channel\/UC7V2KZ5sd3htJivAbA4ZG3w"],"description":"Dicodusport est l'encyclop\u00e9die de l'actualit\u00e9 sportive.","email":"bonjour@dicodusport.fr","legalName":"DICODUSPORT","foundingDate":"2018-01-14","vatID":"FR71834470973","taxID":"83447097300043","numberOfEmployees":{"@type":"QuantitativeValue","minValue":"1","maxValue":"10"}},{"@type":"Person","@id":"https:\/\/dicodusport.fr\/blog\/#\/schema\/person\/cce96fa88785bd8573e3d43078ac8c79","name":"Arlette Yeye","image":{"@type":"ImageObject","inLanguage":"fr-FR","@id":"https:\/\/dicodusport.fr\/blog\/#\/schema\/person\/image\/","url":"https:\/\/secure.gravatar.com\/avatar\/dca4a6239e6d708e46c45d60e160de6c?s=96&d=wp_user_avatar&r=g","contentUrl":"https:\/\/secure.gravatar.com\/avatar\/dca4a6239e6d708e46c45d60e160de6c?s=96&d=wp_user_avatar&r=g","caption":"Arlette Yeye"},"description":"Journaliste\/r\u00e9dactrice depuis septembre 2015 - Supportrice de Chelsea, j'ai pour sports de pr\u00e9dilection le handball, l'athl\u00e9tisme et le tennis. Si je tweete plus vite que mon ombre, vous pouvez aussi me retrouver les week-ends sur les playgrounds de Bruxelles pour un petit foot ou basket entre potes. Parcourir la France, l'Europe et plus si affinit\u00e9s pour suivre mes sportifs pr\u00e9f\u00e9r\u00e9s ? Mon kif ! Et c'est avec plaisir que je partage les r\u00e9sultats des sports populaires mais \u00e9galement plus confidentiels pour Dicodusport.","sameAs":["https:\/\/x.com\/https:\/\/twitter.com\/Shiclette94"],"url":"https:\/\/dicodusport.fr\/blog\/author\/arlette\/"}]}},"_links":{"self":[{"href":"https:\/\/dicodusport.fr\/blog\/wp-json\/wp\/v2\/posts\/20624","targetHints":{"allow":["GET"]}}],"collection":[{"href":"https:\/\/dicodusport.fr\/blog\/wp-json\/wp\/v2\/posts"}],"about":[{"href":"https:\/\/dicodusport.fr\/blog\/wp-json\/wp\/v2\/types\/post"}],"author":[{"embeddable":true,"href":"https:\/\/dicodusport.fr\/blog\/wp-json\/wp\/v2\/users\/12"}],"replies":[{"embeddable":true,"href":"https:\/\/dicodusport.fr\/blog\/wp-json\/wp\/v2\/comments?post=20624"}],"version-history":[{"count":0,"href":"https:\/\/dicodusport.fr\/blog\/wp-json\/wp\/v2\/posts\/20624\/revisions"}],"wp:featuredmedia":[{"embeddable":true,"href":"https:\/\/dicodusport.fr\/blog\/wp-json\/wp\/v2\/media\/20626"}],"wp:attachment":[{"href":"https:\/\/dicodusport.fr\/blog\/wp-json\/wp\/v2\/media?parent=20624"}],"wp:term":[{"taxonomy":"category","embeddable":true,"href":"https:\/\/dicodusport.fr\/blog\/wp-json\/wp\/v2\/categories?post=20624"},{"taxonomy":"post_tag","embeddable":true,"href":"https:\/\/dicodusport.fr\/blog\/wp-json\/wp\/v2\/tags?post=20624"}],"curies":[{"name":"wp","href":"https:\/\/api.w.org\/{rel}","templated":true}]}}