{"id":206290,"date":"2022-03-20T14:02:48","date_gmt":"2022-03-20T13:02:48","guid":{"rendered":"https:\/\/dicodusport.fr\/blog\/?p=206290&#038;preview=true&#038;preview_id=206290"},"modified":"2022-03-20T20:30:08","modified_gmt":"2022-03-20T19:30:08","slug":"athletisme-championnats-du-monde-en-salle-2022-programme-et-resultats","status":"publish","type":"post","link":"https:\/\/dicodusport.fr\/blog\/athletisme-championnats-du-monde-en-salle-2022-programme-et-resultats\/","title":{"rendered":"Athl\u00e9tisme &#8211; Championnats du monde en salle 2022 : programme et r\u00e9sultats"},"content":{"rendered":"<p style=\"text-align: justify;\"><strong><em><b><i>ATHL\u00c9TISME &#8211; CHAMPIONNATS DU MONDE EN SALLE 2022 &#8211; <\/i><\/b>Les Championnats du monde en salle d&rsquo;athl\u00e9tisme se d\u00e9roulent du 18 au 20 mars \u00e0 Belgrade (Serbie). Voici le programme et les r\u00e9sultats de la comp\u00e9tition.<\/em><\/strong><\/p>\n<p style=\"text-align: justify;\">La comp\u00e9tition est \u00e0 suivre sur <a href=\"https:\/\/athletv.fr\/\" target=\"_blank\" rel=\"noopener\"><strong>Athl\u00e9 TV<\/strong><\/a> et sur la <a href=\"https:\/\/www.youtube.com\/c\/WorldAthletics\/featured\" target=\"_blank\" rel=\"noopener\"><strong>cha\u00eene YouTube World Athletics<\/strong><\/a> en dehors de la France.<\/p>\n<hr \/>\n<ul>\n<li><a href=\"https:\/\/dicodusport.fr\/blog\/athletisme-championnats-du-monde-en-salle-2022-la-selection-francaise\/\" target=\"_blank\" rel=\"noopener\"><strong>La s\u00e9lection fran\u00e7aise<\/strong><\/a><\/li>\n<\/ul>\n<hr \/>\n<h2 style=\"text-align: justify;\">Le programme complet<\/h2>\n<p style=\"text-align: justify;\"><div class=\"su-tabs su-tabs-style-default su-tabs-mobile-stack\" data-active=\"3\" data-scroll-offset=\"0\" data-anchor-in-url=\"no\"><div class=\"su-tabs-nav\"><span class=\"\" data-url=\"\" data-target=\"blank\" tabindex=\"0\" role=\"button\">Vendredi 18 mars<\/span><span class=\"\" data-url=\"\" data-target=\"blank\" tabindex=\"0\" role=\"button\">Samedi 19 mars<\/span><span class=\"\" data-url=\"\" data-target=\"blank\" tabindex=\"0\" role=\"button\">Dimanche 20 mars<\/span><\/div><div class=\"su-tabs-panes\"><div class=\"su-tabs-pane su-u-clearfix su-u-trim\" data-title=\"Vendredi 18 mars\">\n<p style=\"text-align: justify;\"><strong>9h35 : <\/strong><a href=\"https:\/\/www.worldathletics.org\/competitions\/world-athletics-indoor-championships\/belgrade22\/results\/women\/pentathlon\/60-metres-hurdles\/result\" target=\"_blank\" rel=\"noopener\">Pentathlon &#8211; 60 m haies<\/a><strong><br \/>\n9h55 : <\/strong><a href=\"https:\/\/www.worldathletics.org\/competitions\/world-athletics-indoor-championships\/belgrade22\/results\/men\/heptathlon\/60-metres\/summary\" target=\"_blank\" rel=\"noopener\">Heptathlon &#8211; 60 m<\/a><br \/>\n<strong>10h15 : <\/strong><a href=\"https:\/\/www.worldathletics.org\/competitions\/world-athletics-indoor-championships\/belgrade22\/results\/women\/60-metres\/heats\/result\" target=\"_blank\" rel=\"noopener\">S\u00e9ries\u00a060 m F<\/a><strong><br \/>\n10h40 :\u00a0<\/strong><a href=\"https:\/\/www.worldathletics.org\/competitions\/world-athletics-indoor-championships\/belgrade22\/results\/men\/heptathlon\/long-jump\/result\" target=\"_blank\" rel=\"noopener\">Heptathlon &#8211; saut en longueur<\/a><strong><br \/>\n11h :<\/strong> <a href=\"https:\/\/www.worldathletics.org\/competitions\/world-athletics-indoor-championships\/belgrade22\/results\/men\/400-metres\/heats\/result\" target=\"_blank\" rel=\"noopener\">S\u00e9ries 400 m H<\/a><br \/>\n<strong>11h10 : <\/strong><a href=\"https:\/\/www.worldathletics.org\/competitions\/world-athletics-indoor-championships\/belgrade22\/results\/women\/pentathlon\/high-jump\/result\" target=\"_blank\" rel=\"noopener\">Pentathlon &#8211; saut en hauteur<\/a><br \/>\n<strong>11h45 :<\/strong> <a href=\"https:\/\/www.worldathletics.org\/competitions\/world-athletics-indoor-championships\/belgrade22\/results\/women\/400-metres\/heats\/result\" target=\"_blank\" rel=\"noopener\">S\u00e9ries\u00a0400 m F<\/a><br \/>\n<strong>12h05 :<\/strong> <a href=\"https:\/\/www.worldathletics.org\/competitions\/world-athletics-indoor-championships\/belgrade22\/results\/men\/heptathlon\/shot-put\/result\" target=\"_blank\" rel=\"noopener\">Heptathlon &#8211; lancer du poids<\/a><br \/>\n<strong>12h10 : <a href=\"https:\/\/www.worldathletics.org\/competitions\/world-athletics-indoor-championships\/belgrade22\/results\/men\/triple-jump\/final\/result\" target=\"_blank\" rel=\"noopener\">Finale triple saut H<\/a><\/strong><br \/>\n<strong>12h30 :<\/strong> <a href=\"https:\/\/www.worldathletics.org\/competitions\/world-athletics-indoor-championships\/belgrade22\/results\/women\/1500-metres\/heats\/result\" target=\"_blank\" rel=\"noopener\">S\u00e9ries 15000 m F<\/a><br \/>\n<strong>13h :<\/strong> <a href=\"https:\/\/www.worldathletics.org\/competitions\/world-athletics-indoor-championships\/belgrade22\/results\/men\/800-metres\/heats\/result\" target=\"_blank\" rel=\"noopener\">S\u00e9ries 800 m H<\/a><br \/>\n<strong>13h20 :<\/strong> <a href=\"https:\/\/www.worldathletics.org\/competitions\/world-athletics-indoor-championships\/belgrade22\/results\/women\/pentathlon\/shot-put\/result\" target=\"_blank\" rel=\"noopener\">Pentathlon &#8211; lancer du poids<\/a><br \/>\n<strong>13h30 :<\/strong> <a href=\"https:\/\/www.worldathletics.org\/competitions\/world-athletics-indoor-championships\/belgrade22\/results\/men\/3000-metres\/heats\/result\" target=\"_blank\" rel=\"noopener\">S\u00e9ries 3000 m H<\/a><\/p>\n<p style=\"text-align: justify;\"><strong>17h30 :<\/strong> <a href=\"https:\/\/www.worldathletics.org\/competitions\/world-athletics-indoor-championships\/belgrade22\/results\/women\/pentathlon\/long-jump\/result\" target=\"_blank\" rel=\"noopener\">Pentathlon &#8211; saut en longueur<\/a><br \/>\n<strong>18h05 :<\/strong> <a href=\"https:\/\/www.worldathletics.org\/competitions\/world-athletics-indoor-championships\/belgrade22\/results\/women\/60-metres\/semi-final\/result\" target=\"_blank\" rel=\"noopener\">Demi-finales 60 m F<\/a><br \/>\n<strong>18h35 : <\/strong><a href=\"https:\/\/www.worldathletics.org\/competitions\/world-athletics-indoor-championships\/belgrade22\/results\/women\/400-metres\/semi-final\/result\" target=\"_blank\" rel=\"noopener\">Demi-finales 400 m F<\/a><br \/>\n<strong>18h50 : <a href=\"https:\/\/www.worldathletics.org\/competitions\/world-athletics-indoor-championships\/belgrade22\/results\/women\/shot-put\/final\/result\" target=\"_blank\" rel=\"noopener\">Finale lancer du poids F<\/a><br \/>\n<\/strong><strong>19h05 : <\/strong><a href=\"https:\/\/www.worldathletics.org\/competitions\/world-athletics-indoor-championships\/belgrade22\/results\/men\/heptathlon\/high-jump\/result\" target=\"_blank\" rel=\"noopener\">Heptathlon &#8211; saut en hauteur<\/a><strong><br \/>\n19h05 : <a href=\"https:\/\/www.worldathletics.org\/competitions\/world-athletics-indoor-championships\/belgrade22\/results\/men\/long-jump\/final\/result\" target=\"_blank\" rel=\"noopener\">Finale saut en longueur H<\/a><\/strong><br \/>\n<strong>19h15 :<\/strong> <a href=\"https:\/\/www.worldathletics.org\/competitions\/world-athletics-indoor-championships\/belgrade22\/results\/men\/400-metres\/semi-final\/result\" target=\"_blank\" rel=\"noopener\">Demi-finales 400 m H<\/a><br \/>\n<strong>19h50 : <a href=\"https:\/\/www.worldathletics.org\/competitions\/world-athletics-indoor-championships\/belgrade22\/results\/women\/pentathlon\/800-metres\/result\" target=\"_blank\" rel=\"noopener\">Pentathlon &#8211; 800 m<\/a><\/strong><br \/>\n<strong>20h25 : <a href=\"https:\/\/www.worldathletics.org\/competitions\/world-athletics-indoor-championships\/belgrade22\/results\/women\/3000-metres\/final\/result\" target=\"_blank\" rel=\"nofollow noopener\">Finale 3000 m F<\/a><\/strong><br \/>\n<strong>20h52 : <a href=\"https:\/\/www.worldathletics.org\/competitions\/world-athletics-indoor-championships\/belgrade22\/results\/women\/60-metres\/final\/result\" target=\"_blank\" rel=\"noopener\">Finale 60 m F<\/a><\/strong><\/p>\n<\/div>\n<div class=\"su-tabs-pane su-u-clearfix su-u-trim\" data-title=\"Samedi 19 mars\">\n<p><strong>9h33 :<\/strong> <a href=\"https:\/\/www.worldathletics.org\/competitions\/world-athletics-indoor-championships\/belgrade22\/results\/men\/heptathlon\/60-metres-hurdles\/result\" target=\"_blank\" rel=\"noopener\">Heptathlon &#8211; 60 m haies<\/a><br \/>\n<strong>9h50 :<\/strong> <a href=\"https:\/\/www.worldathletics.org\/competitions\/world-athletics-indoor-championships\/belgrade22\/results\/women\/60-metres-hurdles\/heats\/result\" target=\"_blank\" rel=\"noopener\">S\u00e9ries 60 m haies F<\/a><br \/>\n<strong>10h45 :<\/strong> <a href=\"https:\/\/www.worldathletics.org\/competitions\/world-athletics-indoor-championships\/belgrade22\/results\/men\/heptathlon\/pole-vault\/result\" target=\"_blank\" rel=\"noopener\">Heptathlon &#8211; saut \u00e0 la perche<\/a><br \/>\n<strong>10h45 :<\/strong> <a href=\"https:\/\/www.worldathletics.org\/competitions\/world-athletics-indoor-championships\/belgrade22\/results\/men\/60-metres\/heats\/result\" target=\"_blank\" rel=\"noopener\">S\u00e9ries 60 m H<\/a><br \/>\n<strong>11h05 :<\/strong> <a href=\"https:\/\/www.worldathletics.org\/competitions\/world-athletics-indoor-championships\/belgrade22\/results\/women\/high-jump\/final\/result\" target=\"_blank\" rel=\"noopener\"><strong>Finale saut en hauteur F<\/strong><\/a><br \/>\n<strong>11h45 :<\/strong> <a href=\"https:\/\/www.worldathletics.org\/competitions\/world-athletics-indoor-championships\/belgrade22\/results\/women\/800-metres\/heats\/result\" target=\"_blank\" rel=\"noopener\">S\u00e9ries 800 m F<\/a><br \/>\n<strong>12h15 :<\/strong> <a href=\"https:\/\/www.worldathletics.org\/competitions\/world-athletics-indoor-championships\/belgrade22\/results\/men\/1500-metres\/heats\/result\" target=\"_blank\" rel=\"noopener\">S\u00e9ries 1500 m H<\/a><\/p>\n<p><strong>18h08 : <a href=\"https:\/\/www.worldathletics.org\/competitions\/world-athletics-indoor-championships\/belgrade22\/results\/women\/pole-vault\/final\/result\" target=\"_blank\" rel=\"noopener\">Finale saut \u00e0 la perche F<\/a><\/strong><br \/>\n<strong>18h15 :<\/strong> <a href=\"https:\/\/www.worldathletics.org\/competitions\/world-athletics-indoor-championships\/belgrade22\/results\/women\/60-metres-hurdles\/semi-final\/result\" target=\"_blank\" rel=\"noopener\">Demi-finales 60 m haies F<\/a><br \/>\n<strong>18h40 :<\/strong> <a href=\"https:\/\/www.worldathletics.org\/competitions\/world-athletics-indoor-championships\/belgrade22\/results\/men\/60-metres\/semi-final\/result\" target=\"_blank\" rel=\"noopener\">Demi-finales 60 m H<\/a><br \/>\n<strong>19h10 : <a href=\"https:\/\/www.worldathletics.org\/competitions\/world-athletics-indoor-championships\/belgrade22\/results\/men\/800-metres\/final\/result\" target=\"_blank\" rel=\"noopener\">Finale 800 m H<\/a><br \/>\n19h25 : <a href=\"https:\/\/www.worldathletics.org\/competitions\/world-athletics-indoor-championships\/belgrade22\/results\/men\/shot-put\/final\/result\" target=\"_blank\" rel=\"noopener\">Finale lancer du poids H<\/a><\/strong><br \/>\n<strong>19h40 : <a href=\"https:\/\/www.worldathletics.org\/competitions\/world-athletics-indoor-championships\/belgrade22\/results\/men\/heptathlon\/1000-metres\/result\" target=\"_blank\" rel=\"noopener\">Heptathlon &#8211; 1000 m<\/a><\/strong><br \/>\n<strong>19h55 : <a href=\"https:\/\/www.worldathletics.org\/competitions\/world-athletics-indoor-championships\/belgrade22\/results\/women\/400-metres\/final\/result\" target=\"_blank\" rel=\"noopener\">Finale 400 m F<\/a><\/strong><br \/>\n<strong>20h15 : <a href=\"https:\/\/www.worldathletics.org\/competitions\/world-athletics-indoor-championships\/belgrade22\/results\/men\/400-metres\/final\/result\" target=\"_blank\" rel=\"noopener\">Finale 400 m H<\/a><\/strong><br \/>\n<strong>20h35 : <a href=\"https:\/\/www.worldathletics.org\/competitions\/world-athletics-indoor-championships\/belgrade22\/results\/women\/1500-metres\/final\/result\" target=\"_blank\" rel=\"noopener\">Finale 1500 m F<\/a><\/strong><br \/>\n<strong>21h08 : <a href=\"https:\/\/www.worldathletics.org\/competitions\/world-athletics-indoor-championships\/belgrade22\/results\/women\/60-metres-hurdles\/final\/result\" target=\"_blank\" rel=\"noopener\">Finale 60 m haies F<\/a><\/strong><br \/>\n<strong>21h20 : <a href=\"https:\/\/www.worldathletics.org\/competitions\/world-athletics-indoor-championships\/belgrade22\/results\/men\/60-metres\/final\/result\" target=\"_blank\" rel=\"noopener\">Finale 60 m H<\/a><\/strong><\/p>\n<p style=\"text-align: justify;\"><\/div>\n<div class=\"su-tabs-pane su-u-clearfix su-u-trim\" data-title=\"Dimanche 20 mars\">\n<p><strong>10h05 :<\/strong> <a href=\"https:\/\/www.worldathletics.org\/competitions\/world-athletics-indoor-championships\/belgrade22\/results\/men\/60-metres-hurdles\/heats\/result\" target=\"_blank\" rel=\"noopener\">S\u00e9ries 60 m haies H<\/a><br \/>\n<strong>10h45 :<\/strong> <a href=\"https:\/\/www.worldathletics.org\/competitions\/world-athletics-indoor-championships\/belgrade22\/results\/men\/high-jump\/final\/result\" target=\"_blank\" rel=\"noopener\"><strong>Finale saut en hauteur H<\/strong><\/a><br \/>\n<strong>11h : <a href=\"https:\/\/www.worldathletics.org\/competitions\/world-athletics-indoor-championships\/belgrade22\/results\/women\/triple-jump\/final\/result\" target=\"_blank\" rel=\"noopener\">Finale triple saut F<\/a><\/strong><br \/>\n<strong>11h10 :<\/strong> <a href=\"https:\/\/www.worldathletics.org\/competitions\/world-athletics-indoor-championships\/belgrade22\/results\/men\/4x400-metres-relay\/heats\/result\" target=\"_blank\" rel=\"noopener\">S\u00e9ries relais 4X400 m F<\/a><br \/>\n<strong>11h45 :<\/strong> <a href=\"https:\/\/www.worldathletics.org\/competitions\/world-athletics-indoor-championships\/belgrade22\/results\/women\/4x400-metres-relay\/heats\/result\" target=\"_blank\" rel=\"noopener\">S\u00e9ries relais 4X400 m H<\/a><br \/>\n<strong>12h10 :<\/strong> <a href=\"https:\/\/www.worldathletics.org\/competitions\/world-athletics-indoor-championships\/belgrade22\/results\/men\/3000-metres\/final\/result\" target=\"_blank\" rel=\"noopener\"><strong>Finale 3000 m H<\/strong><\/a><\/p>\n<p><strong>16h35 : <a href=\"https:\/\/www.worldathletics.org\/competitions\/world-athletics-indoor-championships\/belgrade22\/results\/men\/pole-vault\/final\/result\" target=\"_blank\" rel=\"noopener\">Finale saut \u00e0 la perche H<\/a><br \/>\n17h05 :<\/strong> <a href=\"https:\/\/www.worldathletics.org\/competitions\/world-athletics-indoor-championships\/belgrade22\/results\/men\/60-metres-hurdles\/semi-final\/result\" target=\"_blank\" rel=\"noopener\">Demi-finales 60 m haies H<\/a><br \/>\n<strong>17h37 : <a href=\"https:\/\/www.worldathletics.org\/competitions\/world-athletics-indoor-championships\/belgrade22\/results\/women\/long-jump\/final\/result\" target=\"_blank\" rel=\"noopener\">Finale saut en longueur F<\/a><\/strong><br \/>\n<strong>18h05 : <a href=\"https:\/\/www.worldathletics.org\/competitions\/world-athletics-indoor-championships\/belgrade22\/results\/women\/800-metres\/final\/result\" target=\"_blank\" rel=\"noopener\">Finale 800 m F<\/a><\/strong><br \/>\n<strong>18h35 : <a href=\"https:\/\/www.worldathletics.org\/competitions\/world-athletics-indoor-championships\/belgrade22\/results\/men\/1500-metres\/final\/result\" target=\"_blank\" rel=\"noopener\">Finale 1500 m H<\/a><\/strong><br \/>\n<strong>19h25 : <a href=\"https:\/\/www.worldathletics.org\/competitions\/world-athletics-indoor-championships\/belgrade22\/results\/men\/60-metres-hurdles\/final\/result\" target=\"_blank\" rel=\"noopener\">Finale 60 m haies H<\/a><\/strong><br \/>\n<strong>19h40 : <a href=\"https:\/\/www.worldathletics.org\/competitions\/world-athletics-indoor-championships\/belgrade22\/results\/men\/4x400-metres-relay\/final\/result\" target=\"_blank\" rel=\"noopener\">Finale relais 4X400 m F<\/a><\/strong><br \/>\n<strong>19h55 : <a href=\"https:\/\/www.worldathletics.org\/competitions\/world-athletics-indoor-championships\/belgrade22\/results\/women\/4x400-metres-relay\/final\/result\" target=\"_blank\" rel=\"noopener\">Finale relais 4X400 m H<\/a><\/strong><\/p>\n<p style=\"text-align: justify;\"><\/div><\/div><\/div>\n<p>&nbsp;<\/p>\n<h2>Les podiums<\/h2>\n<h3 style=\"text-align: justify;\">Femmes<\/h3>\n<div class=\"su-table su-table-alternate\">\n<table style=\"width: 800px;border-collapse: collapse\">\n<tbody>\n<tr>\n<td style=\"text-align: center;width: 200px;vertical-align: middle\"><strong>\u00c9preuves<\/strong><\/td>\n<td style=\"background-color: #fff242;text-align: center;width: 200px;vertical-align: middle\"><strong>&#x1f947; Or<\/strong><\/td>\n<td style=\"background-color: #a8a8a8;text-align: center;width: 200px;vertical-align: middle\"><strong>&#x1f948; Argent<\/strong><\/td>\n<td style=\"background-color: #c97159;text-align: center;width: 200px;vertical-align: middle\"><strong>&#x1f949; Bronze<\/strong><\/td>\n<\/tr>\n<tr>\n<td style=\"text-align: center;width: 200px;vertical-align: middle\"><strong>60 m<\/strong><\/td>\n<td style=\"text-align: center;width: 200px;vertical-align: middle\">&#x1f1e8;&#x1f1ed; Mujinga Kambundji<br \/>\n6\u203396 <strong>WL NR PB<\/strong><\/td>\n<td style=\"text-align: center;width: 200px;vertical-align: middle\">&#x1f1fa;&#x1f1f8; Mikiah Brisco<br \/>\n6\u203399 <strong>PB<\/strong><\/td>\n<td style=\"text-align: center;width: 200px;vertical-align: middle\">&#x1f1fa;&#x1f1f8; Marybeth Sant-Price<br \/>\n7\u203304 <strong>PB<\/strong><\/td>\n<\/tr>\n<tr>\n<td style=\"text-align: center;width: 200px;vertical-align: middle\"><strong>400 m<\/strong><\/td>\n<td style=\"text-align: center;width: 200px;vertical-align: middle\">&#x1f1e7;&#x1f1f8; Shaunae Miller-Uibo<br \/>\n50\u203331 <strong>SB<\/strong><\/td>\n<td style=\"text-align: center;width: 200px;vertical-align: middle\">&#x1f1f3;&#x1f1f1; Femke Bol<br \/>\n50\u203357<\/td>\n<td style=\"text-align: center;width: 200px;vertical-align: middle\">&#x1f1ef;&#x1f1f2; St\u00e9phanie Ann McPherson<br \/>\n50\u203379 <strong>NR<\/strong><\/td>\n<\/tr>\n<tr>\n<td style=\"text-align: center;width: 200px;vertical-align: middle\"><strong>800 m<\/strong><\/td>\n<td style=\"text-align: center;width: 200px;vertical-align: middle\">&#x1f1fa;&#x1f1f8; Ajee Wilson<br \/>\n1\u203259\u203309 <strong>SB<\/strong><\/td>\n<td style=\"text-align: center;width: 200px;vertical-align: middle\">&#x1f1ea;&#x1f1f9; Freweyni Hailu<br \/>\n2\u203200\u203354 <strong>SB<\/strong><\/td>\n<td style=\"text-align: center;width: 200px;vertical-align: middle\">&#x1f1fa;&#x1f1ec; Halimah Nakaayi<br \/>\n2\u203200\u203366<\/td>\n<\/tr>\n<tr>\n<td style=\"text-align: center;width: 200px;vertical-align: middle\"><strong>1500 m<\/strong><\/td>\n<td style=\"text-align: center;width: 200px;vertical-align: middle\">&#x1f1ea;&#x1f1f9; Gudaf Tsegay<br \/>\n3\u203257\u203319 <strong>CR<\/strong><\/td>\n<td style=\"text-align: center;width: 200px;vertical-align: middle\">&#x1f1ea;&#x1f1f9; Axumawit Embaye<br \/>\n4\u203202\u203329<\/td>\n<td style=\"text-align: center;width: 200px;vertical-align: middle\">&#x1f1ea;&#x1f1f9; Hirut Meshesha<br \/>\n4\u203203\u203339<\/td>\n<\/tr>\n<tr>\n<td style=\"text-align: center;width: 200px;vertical-align: middle\"><strong>3000 m<\/strong><\/td>\n<td style=\"text-align: center;width: 200px;vertical-align: middle\">&#x1f1ea;&#x1f1f9; Lemlem Hailu<br \/>\n8\u203241\u203382 <strong>SB<\/strong><\/td>\n<td style=\"text-align: center;width: 200px;vertical-align: middle\">&#x1f1fa;&#x1f1f8; Elinor Purrier St Pierre<br \/>\n8\u203242\u203304<\/td>\n<td style=\"text-align: center;width: 200px;vertical-align: middle\">&#x1f1ea;&#x1f1f9; Ejgayehu Taye<br \/>\n8\u203242\u203323<\/td>\n<\/tr>\n<tr>\n<td style=\"text-align: center;width: 200px;vertical-align: middle\"><strong>60 m haies<\/strong><\/td>\n<td style=\"text-align: center;width: 200px;vertical-align: middle\">&#x1f1eb;&#x1f1f7; Cyr\u00e9na Samba-Mayela<br \/>\n7\u203378 <strong>NR PB<\/strong><\/td>\n<td style=\"text-align: center;width: 200px;vertical-align: middle\">&#x1f1e7;&#x1f1f8; Devynne Charlton<br \/>\n7\u203381 <strong>NR PB<\/strong><\/td>\n<td style=\"text-align: center;width: 200px;vertical-align: middle\"><strong>&#x1f1fa;&#x1f1f8; <\/strong>Gabriele Cunningham<br \/>\n7\u203387<\/td>\n<\/tr>\n<tr>\n<td style=\"text-align: center;width: 200px;vertical-align: middle\"><strong>Pentathlon<\/strong><\/td>\n<td style=\"text-align: center;width: 200px;vertical-align: middle\">&#x1f1e7;&#x1f1ea; Noor Vidts<br \/>\n4929 pts <strong>WL NR PB<\/strong><\/td>\n<td style=\"text-align: center;width: 200px;vertical-align: middle\">&#x1f1f5;&#x1f1f1; Adrianna Sulek<br \/>\n4851 pts <strong>NR<\/strong><\/td>\n<td style=\"text-align: center;width: 200px;vertical-align: middle\">&#x1f1fa;&#x1f1f8; Kendell Williams<br \/>\n4680 pts <strong>SB<\/strong><\/td>\n<\/tr>\n<tr>\n<td style=\"text-align: center;width: 200px;vertical-align: middle\"><strong>Saut en hauteur<\/strong><\/td>\n<td style=\"text-align: center;width: 200px;vertical-align: middle\">&#x1f1fa;&#x1f1e6; Yaroslava Mahuchikh<br \/>\n2.02 m <strong>WL<\/strong><\/td>\n<td style=\"text-align: center;width: 200px;vertical-align: middle\">&#x1f1e6;&#x1f1fa; Eleanor Patterson<br \/>\n2.00 m <strong>AIR PB<\/strong><\/td>\n<td style=\"text-align: center;width: 200px;vertical-align: middle\">&#x1f1f0;&#x1f1ff; Nadezhda Dubovitsakya<br \/>\n1.98 m <strong>AIR PB<\/strong><\/td>\n<\/tr>\n<tr>\n<td style=\"text-align: center;width: 200px;vertical-align: middle\"><strong>Saut \u00e0 la perche<\/strong><\/td>\n<td style=\"text-align: center;width: 200px;vertical-align: middle\">&#x1f1fa;&#x1f1f8; Sandi Morris<br \/>\n4.80 m <strong>SB<\/strong><\/td>\n<td style=\"text-align: center;width: 200px;vertical-align: middle\">&#x1f1fa;&#x1f1f8; Katie Nageotte<br \/>\n4.75 m<\/td>\n<td style=\"text-align: center;width: 200px;vertical-align: middle\">&#x1f1f8;&#x1f1ee; Tina Sutej<br \/>\n4.75 m<\/td>\n<\/tr>\n<tr>\n<td style=\"text-align: center;width: 200px;vertical-align: middle\"><strong>Saut en longueur<br \/>\n<\/strong><\/td>\n<td style=\"text-align: center;width: 200px;vertical-align: middle\">&#x1f1f7;&#x1f1f8; Ivana Vuleta<br \/>\n7.06 m <strong>WL<\/strong><\/td>\n<td style=\"text-align: center;width: 200px;vertical-align: middle\">&#x1f1f3;&#x1f1ec; Ese Brume<br \/>\n6.85 m <strong>SB<\/strong><\/td>\n<td style=\"text-align: center;width: 200px;vertical-align: middle\">&#x1f1ec;&#x1f1e7; Lorraine Ugen<br \/>\n6.82 m <strong>SB<\/strong><\/td>\n<\/tr>\n<tr>\n<td style=\"text-align: center;width: 200px;vertical-align: middle\"><strong>Triple saut<br \/>\n<\/strong><\/td>\n<td style=\"text-align: center;width: 200px;vertical-align: middle\">&#x1f1fb;&#x1f1ea; Yulimar Rojas<br \/>\n15.74 m <strong>WR<\/strong><\/td>\n<td style=\"text-align: center;width: 200px;vertical-align: middle\">&#x1f1fa;&#x1f1e6; Maryna Bekh-Romanchuk<br \/>\n14.74 m <strong>PB<\/strong><\/td>\n<td style=\"text-align: center;width: 200px;vertical-align: middle\">&#x1f1ef;&#x1f1f2; Kimberly Williams<br \/>\n14.62 m <strong>SB<\/strong><\/td>\n<\/tr>\n<tr>\n<td style=\"text-align: center;width: 200px;vertical-align: middle\"><strong>Lancer du poids<\/strong><\/td>\n<td style=\"text-align: center;width: 200px;vertical-align: middle\">&#x1f1f5;&#x1f1f9; Auriol Dongmo<br \/>\n20.43 m <strong>WL NR PB<\/strong><\/td>\n<td style=\"text-align: center;width: 200px;vertical-align: middle\">&#x1f1fa;&#x1f1f8; Chase Ealey<br \/>\n20.21 m <strong>AIR NR<\/strong><\/td>\n<td style=\"text-align: center;width: 200px;vertical-align: middle\">&#x1f1f3;&#x1f1f1; Jessica Schilder<br \/>\n19.48 m<\/td>\n<\/tr>\n<tr>\n<td style=\"text-align: center;width: 200px;vertical-align: middle\"><strong>Relais 4X400 m<\/strong><\/td>\n<td style=\"width: 200px;text-align: center\">&#x1f1ef;&#x1f1f2; Jama\u00efque<br \/>\n3\u203228\u203340 <strong>SB<\/strong><\/td>\n<td style=\"width: 200px;text-align: center\">&#x1f1f3;&#x1f1f1; Pays-Bas<br \/>\n3\u203228\u203357 <strong>SB<\/strong><\/td>\n<td style=\"width: 200px;text-align: center\">&#x1f1f5;&#x1f1f1; Pologne<br \/>\n3\u203228\u203359 <strong>SB<\/strong><\/td>\n<\/tr>\n<\/tbody>\n<\/table>\n<\/div>\n<h3 style=\"text-align: justify;\">Hommes<\/h3>\n<div class=\"su-table su-table-alternate\">\n<table style=\"width: 800px;border-collapse: collapse\">\n<tbody>\n<tr>\n<td style=\"text-align: center;width: 200px;vertical-align: middle\"><strong>\u00c9preuves<\/strong><\/td>\n<td style=\"background-color: #fff242;text-align: center;width: 200px;vertical-align: middle\"><strong>&#x1f947; Or<\/strong><\/td>\n<td style=\"background-color: #a8a8a8;text-align: center;width: 200px;vertical-align: middle\"><strong>&#x1f948; Argent<\/strong><\/td>\n<td style=\"background-color: #c97159;text-align: center;width: 200px;vertical-align: middle\"><strong>&#x1f949; Bronze<\/strong><\/td>\n<\/tr>\n<tr>\n<td style=\"text-align: center;width: 200px;vertical-align: middle\"><strong>60 m<\/strong><\/td>\n<td style=\"text-align: center;width: 200px;vertical-align: middle\">&#x1f1ee;&#x1f1f9; Marcell Jacobs<br \/>\n6\u203341 <strong>WL\u00a0<\/strong><\/td>\n<td style=\"text-align: center;width: 200px;vertical-align: middle\">&#x1f1fa;&#x1f1f8; Christian Coleman<br \/>\n6\u203341 <strong>WL<\/strong><\/td>\n<td style=\"text-align: center;width: 200px;vertical-align: middle\">&#x1f1fa;&#x1f1f8; Marvin Bracy<br \/>\n6\u203344 <strong>PB<\/strong><\/td>\n<\/tr>\n<tr>\n<td style=\"text-align: center;width: 200px;vertical-align: middle\"><strong>400 m<\/strong><\/td>\n<td style=\"text-align: center;width: 200px;vertical-align: middle\">&#x1f1f9;&#x1f1f9; Jereem Richards<br \/>\n45\u203300 <strong>CR<\/strong><\/td>\n<td style=\"text-align: center;width: 200px;vertical-align: middle\">&#x1f1fa;&#x1f1f8; Trevor Bassit<br \/>\n45\u203305 <strong>PB<\/strong><\/td>\n<td style=\"text-align: center;width: 200px;vertical-align: middle\">&#x1f1f8;&#x1f1ea; Carl Bengtstr\u00f6m<br \/>\n45\u203333 <strong>NR<\/strong><\/td>\n<\/tr>\n<tr>\n<td style=\"text-align: center;width: 200px;vertical-align: middle\"><strong>800 m<\/strong><\/td>\n<td style=\"text-align: center;width: 200px;vertical-align: middle\">&#x1f1ea;&#x1f1f8; Mariano Garcia<br \/>\n1\u203246\u203320<\/td>\n<td style=\"text-align: center;width: 200px;vertical-align: middle\">&#x1f1f0;&#x1f1ea; Noah Kibet<br \/>\n1\u203246\u203335<\/td>\n<td style=\"text-align: center;width: 200px;vertical-align: middle\">&#x1f1fa;&#x1f1f8; Bryce Hoppel<br \/>\n1\u203246\u203351<\/td>\n<\/tr>\n<tr>\n<td style=\"text-align: center;width: 200px;vertical-align: middle\"><strong>1500 m<\/strong><\/td>\n<td style=\"text-align: center;width: 200px;vertical-align: middle\">&#x1f1ea;&#x1f1f9; Samuel Tefera<br \/>\n3\u203232\u203377 <strong>CR<\/strong><\/td>\n<td style=\"text-align: center;width: 200px;vertical-align: middle\">&#x1f1f3;&#x1f1f4; Jakob Ingebrigtsen<br \/>\n3\u203233\u203302<\/td>\n<td style=\"text-align: center;width: 200px;vertical-align: middle\">&#x1f1f0;&#x1f1ea; Abel Kipsang<br \/>\n3\u203233\u203336 <strong>SB<\/strong><\/td>\n<\/tr>\n<tr>\n<td style=\"text-align: center;width: 200px;vertical-align: middle\"><strong>3000 m<\/strong><\/td>\n<td style=\"text-align: center;width: 200px;vertical-align: middle\">&#x1f1ea;&#x1f1f9; Selemon Barega<br \/>\n7\u203241\u203338<\/td>\n<td style=\"text-align: center;width: 200px;vertical-align: middle\">&#x1f1ea;&#x1f1f9; Lamesha Girma<br \/>\n7\u203241\u203363<\/td>\n<td style=\"text-align: center;width: 200px;vertical-align: middle\">&#x1f1ec;&#x1f1e7; Marc Scott<br \/>\n7\u203242\u203302 <strong>SB<\/strong><\/td>\n<\/tr>\n<tr>\n<td style=\"text-align: center;width: 200px;vertical-align: middle\"><strong>60 m haies<\/strong><\/td>\n<td style=\"text-align: center;width: 200px;vertical-align: middle\">&#x1f1fa;&#x1f1f8; Grant Holloway<br \/>\n7\u203339<\/td>\n<td style=\"text-align: center;width: 200px;vertical-align: middle\">&#x1f1eb;&#x1f1f7; Pascal Martinot-Lagarde<br \/>\n7\u203350<\/td>\n<td style=\"text-align: center;width: 200px;vertical-align: middle\">&#x1f1fa;&#x1f1f8; Jarret Eaton<br \/>\n7\u203353<\/td>\n<\/tr>\n<tr>\n<td style=\"text-align: center;width: 200px;vertical-align: middle\"><strong>Heptathlon<\/strong><\/td>\n<td style=\"text-align: center;width: 200px;vertical-align: middle\">&#x1f1e8;&#x1f1e6; Damian Warner<br \/>\n6489 pts <strong>WL<\/strong><\/td>\n<td style=\"text-align: center;width: 200px;vertical-align: middle\">&#x1f1e8;&#x1f1ed; Simon Ehammer<br \/>\n6363 pts <strong>NR<\/strong><\/td>\n<td style=\"text-align: center;width: 200px;vertical-align: middle\">&#x1f1e6;&#x1f1fa; Ashley Moloney<br \/>\n6344 pts <strong>AIR<\/strong><\/td>\n<\/tr>\n<tr>\n<td style=\"text-align: center;width: 200px;vertical-align: middle\"><strong>Saut en hauteur<\/strong><\/td>\n<td style=\"text-align: center;width: 200px;vertical-align: middle\">&#x1f1f0;&#x1f1f7; Sanghyeok Woo<br \/>\n2.34 m<\/td>\n<td style=\"text-align: center;width: 200px;vertical-align: middle\">&#x1f1e8;&#x1f1ed; Lo\u00efc Gasch<br \/>\n2.31 m <strong>SB<\/strong><\/td>\n<td style=\"text-align: center;width: 200px;vertical-align: middle\">&#x1f1ee;&#x1f1f9; Gianmarco Tamberi<br \/>\n2.31 m <strong>SB<\/strong><\/td>\n<\/tr>\n<tr>\n<td style=\"text-align: center;width: 200px;vertical-align: middle\"><strong>Saut \u00e0 la perche<\/strong><\/td>\n<td style=\"text-align: center;width: 200px;vertical-align: middle\">&#x1f1f8;&#x1f1ea; Armand Duplantis<br \/>\n6.20 m <strong>WR<\/strong><\/td>\n<td style=\"text-align: center;width: 200px;vertical-align: middle\">&#x1f1e7;&#x1f1f7; Thiago Braz<br \/>\n5.95 m <strong>AIR<\/strong><\/td>\n<td style=\"text-align: center;width: 200px;vertical-align: middle\">&#x1f1fa;&#x1f1f8; Chris Nilsen<br \/>\n5.90 m<\/td>\n<\/tr>\n<tr>\n<td style=\"text-align: center;width: 200px;vertical-align: middle\"><strong>Saut en longueur<br \/>\n<\/strong><\/td>\n<td style=\"text-align: center;width: 200px;vertical-align: middle\">&#x1f1ec;&#x1f1f7; Milt\u00edadis Tentoglou<br \/>\n8.55 m <strong>WL<\/strong><\/td>\n<td style=\"text-align: center;width: 200px;vertical-align: middle\">&#x1f1f8;&#x1f1ea; Thobias Montler<br \/>\n8.38 m <strong>NR<\/strong><\/td>\n<td style=\"text-align: center;width: 200px;vertical-align: middle\">&#x1f1fa;&#x1f1f8; Marquis Dendy<br \/>\n8.27 m <strong>SB<\/strong><\/td>\n<\/tr>\n<tr>\n<td style=\"text-align: center;width: 200px;vertical-align: middle\"><strong>Triple saut<br \/>\n<\/strong><\/td>\n<td style=\"text-align: center;width: 200px;vertical-align: middle\">&#x1f1e8;&#x1f1fa; Lazaro Martinez<br \/>\n17.64 m <strong>WL<\/strong><\/td>\n<td style=\"text-align: center;width: 200px;vertical-align: middle\">&#x1f1f5;&#x1f1f9; Pedro Pichardo<br \/>\n17.46 m <strong>NR<\/strong><\/td>\n<td style=\"text-align: center;width: 200px;vertical-align: middle\">&#x1f1fa;&#x1f1f8; Donald Scott<br \/>\n17.21 m <strong>SB<\/strong><\/td>\n<\/tr>\n<tr>\n<td style=\"text-align: center;width: 200px;vertical-align: middle\"><strong>Lancer du poids<\/strong><\/td>\n<td style=\"text-align: center;width: 200px;vertical-align: middle\">&#x1f1e7;&#x1f1f7; Darlan Romani<br \/>\n22.53 m <strong>CR<\/strong><\/td>\n<td style=\"text-align: center;width: 200px;vertical-align: middle\">&#x1f1fa;&#x1f1f8; Ryan Crouser<br \/>\n22.44 m<\/td>\n<td style=\"text-align: center;width: 200px;vertical-align: middle\">&#x1f1f3;&#x1f1ff; Tomas Walsh<br \/>\n22.31 m <strong>AIR<\/strong><\/td>\n<\/tr>\n<tr>\n<td style=\"text-align: center;width: 200px;vertical-align: middle\"><strong>Relais 4X400 m<\/strong><\/td>\n<td style=\"width: 200px;text-align: center\">&#x1f1e7;&#x1f1ea; Belgique<br \/>\n3\u203206\u203352 <strong>SB<\/strong><\/td>\n<td style=\"width: 200px;text-align: center\">&#x1f1ea;&#x1f1f8; Espagne<br \/>\n3\u203206\u203382 <strong>SB<\/strong><\/td>\n<td style=\"width: 200px;text-align: center\">&#x1f1f3;&#x1f1f1; Pays-Bas<br \/>\n3\u203206\u203390 <strong>SB<\/strong><\/td>\n<\/tr>\n<\/tbody>\n<\/table>\n<\/div>\n<p><span style=\"font-size: 14px;\"><em>PB : Record personnel<br \/>\n<\/em><em>WR : Record mondial<\/em><\/span><br \/>\n<span style=\"font-size: 14px;\"><em>SB : Meilleure performance personnelle de la saison<\/em><\/span><br \/>\n<span style=\"font-size: 14px;\"><em>NR : Record national<\/em><\/span><em><br \/>\n<span style=\"font-size: 14px;\">WL : Meilleure performance mondiale de l&rsquo;ann\u00e9e<br \/>\nAIR : Record indoor des Am\u00e9riques<br \/>\nCR : Record des Championnats<\/span><\/em><\/p>\n<p>&nbsp;<\/p>\n","protected":false},"excerpt":{"rendered":"<p>Les Championnats du monde en salle d&rsquo;athl\u00e9tisme se d\u00e9roulent du 18 au 20 mars \u00e0 Belgrade (Serbie). Voici le programme et les r\u00e9sultats de la comp\u00e9tition.<\/p>\n","protected":false},"author":12,"featured_media":207661,"comment_status":"open","ping_status":"closed","sticky":false,"template":"","format":"standard","meta":{"_acf_changed":false,"_daextam_enable_autolinks":"","footnotes":""},"categories":[2308],"tags":[143,22248],"class_list":["post-206290","post","type-post","status-publish","format-standard","has-post-thumbnail","hentry","category-athletisme","tag-athletisme","tag-championnats-du-monde-en-salle-dathletisme"],"acf":[],"yoast_head":"<!-- This site is optimized with the Yoast SEO Premium plugin v26.7 (Yoast SEO v26.7) - https:\/\/yoast.com\/wordpress\/plugins\/seo\/ -->\n<title>Athl\u00e9tisme - Championnats du monde en salle 2022 : programme et r\u00e9sultats - Dicodusport<\/title>\n<meta name=\"description\" content=\"Les Championnats du monde en salle d&#039;athl\u00e9tisme se d\u00e9roulent du 18 au 20 mars \u00e0 Belgrade. Voici le programme et les r\u00e9sultats.\" \/>\n<meta name=\"robots\" content=\"index, follow, max-snippet:-1, max-image-preview:large, max-video-preview:-1\" \/>\n<link rel=\"canonical\" href=\"https:\/\/dicodusport.fr\/blog\/athletisme-championnats-du-monde-en-salle-2022-programme-et-resultats\/\" \/>\n<meta property=\"og:locale\" content=\"fr_FR\" \/>\n<meta property=\"og:type\" content=\"article\" \/>\n<meta property=\"og:title\" content=\"Athl\u00e9tisme - Championnats du monde en salle 2022 : programme et r\u00e9sultats\" \/>\n<meta property=\"og:description\" content=\"Les Championnats du monde en salle d&#039;athl\u00e9tisme se d\u00e9roulent du 18 au 20 mars \u00e0 Belgrade. Voici le programme et les r\u00e9sultats.\" \/>\n<meta property=\"og:url\" content=\"https:\/\/dicodusport.fr\/blog\/athletisme-championnats-du-monde-en-salle-2022-programme-et-resultats\/\" \/>\n<meta property=\"og:site_name\" content=\"Dicodusport\" \/>\n<meta property=\"article:publisher\" content=\"https:\/\/www.facebook.com\/dicodusport\" \/>\n<meta property=\"article:published_time\" content=\"2022-03-20T13:02:48+00:00\" \/>\n<meta property=\"article:modified_time\" content=\"2022-03-20T19:30:08+00:00\" \/>\n<meta property=\"og:image\" content=\"https:\/\/dicodusport.fr\/blog\/wp-content\/uploads\/2022\/03\/Athletisme-Championnats-du-monde-en-salle-2022-programme-et-resultats.jpg\" \/>\n\t<meta property=\"og:image:width\" content=\"800\" \/>\n\t<meta property=\"og:image:height\" content=\"445\" \/>\n\t<meta property=\"og:image:type\" content=\"image\/jpeg\" \/>\n<meta name=\"author\" content=\"Arlette Yeye\" \/>\n<meta name=\"twitter:card\" content=\"summary_large_image\" \/>\n<meta name=\"twitter:title\" content=\"Athl\u00e9tisme - Championnats du monde en salle 2022 : programme et r\u00e9sultats\" \/>\n<meta name=\"twitter:creator\" content=\"@https:\/\/twitter.com\/Shiclette94\" \/>\n<meta name=\"twitter:site\" content=\"@dicodusport\" \/>\n<script type=\"application\/ld+json\" class=\"yoast-schema-graph\">{\"@context\":\"https:\/\/schema.org\",\"@graph\":[{\"@type\":\"NewsArticle\",\"@id\":\"https:\/\/dicodusport.fr\/blog\/athletisme-championnats-du-monde-en-salle-2022-programme-et-resultats\/#article\",\"isPartOf\":{\"@id\":\"https:\/\/dicodusport.fr\/blog\/athletisme-championnats-du-monde-en-salle-2022-programme-et-resultats\/\"},\"author\":{\"name\":\"Arlette Yeye\",\"@id\":\"https:\/\/dicodusport.fr\/blog\/#\/schema\/person\/cce96fa88785bd8573e3d43078ac8c79\"},\"headline\":\"Athl\u00e9tisme &#8211; Championnats du monde en salle 2022 : programme et r\u00e9sultats\",\"datePublished\":\"2022-03-20T13:02:48+00:00\",\"dateModified\":\"2022-03-20T19:30:08+00:00\",\"mainEntityOfPage\":{\"@id\":\"https:\/\/dicodusport.fr\/blog\/athletisme-championnats-du-monde-en-salle-2022-programme-et-resultats\/\"},\"wordCount\":1259,\"commentCount\":0,\"publisher\":{\"@id\":\"https:\/\/dicodusport.fr\/blog\/#organization\"},\"image\":{\"@id\":\"https:\/\/dicodusport.fr\/blog\/athletisme-championnats-du-monde-en-salle-2022-programme-et-resultats\/#primaryimage\"},\"thumbnailUrl\":\"https:\/\/dicodusport.fr\/blog\/wp-content\/uploads\/2022\/03\/Athletisme-Championnats-du-monde-en-salle-2022-programme-et-resultats.jpg\",\"keywords\":[\"Athl\u00e9tisme\",\"championnats du monde en salle d'athl\u00e9tisme\"],\"articleSection\":[\"Athl\u00e9tisme\"],\"inLanguage\":\"fr-FR\",\"potentialAction\":[{\"@type\":\"CommentAction\",\"name\":\"Comment\",\"target\":[\"https:\/\/dicodusport.fr\/blog\/athletisme-championnats-du-monde-en-salle-2022-programme-et-resultats\/#respond\"]}],\"copyrightYear\":\"2022\",\"copyrightHolder\":{\"@id\":\"https:\/\/dicodusport.fr\/blog\/#organization\"}},{\"@type\":\"WebPage\",\"@id\":\"https:\/\/dicodusport.fr\/blog\/athletisme-championnats-du-monde-en-salle-2022-programme-et-resultats\/\",\"url\":\"https:\/\/dicodusport.fr\/blog\/athletisme-championnats-du-monde-en-salle-2022-programme-et-resultats\/\",\"name\":\"Athl\u00e9tisme - Championnats du monde en salle 2022 : programme et r\u00e9sultats - Dicodusport\",\"isPartOf\":{\"@id\":\"https:\/\/dicodusport.fr\/blog\/#website\"},\"primaryImageOfPage\":{\"@id\":\"https:\/\/dicodusport.fr\/blog\/athletisme-championnats-du-monde-en-salle-2022-programme-et-resultats\/#primaryimage\"},\"image\":{\"@id\":\"https:\/\/dicodusport.fr\/blog\/athletisme-championnats-du-monde-en-salle-2022-programme-et-resultats\/#primaryimage\"},\"thumbnailUrl\":\"https:\/\/dicodusport.fr\/blog\/wp-content\/uploads\/2022\/03\/Athletisme-Championnats-du-monde-en-salle-2022-programme-et-resultats.jpg\",\"datePublished\":\"2022-03-20T13:02:48+00:00\",\"dateModified\":\"2022-03-20T19:30:08+00:00\",\"description\":\"Les Championnats du monde en salle d'athl\u00e9tisme se d\u00e9roulent du 18 au 20 mars \u00e0 Belgrade. Voici le programme et les r\u00e9sultats.\",\"breadcrumb\":{\"@id\":\"https:\/\/dicodusport.fr\/blog\/athletisme-championnats-du-monde-en-salle-2022-programme-et-resultats\/#breadcrumb\"},\"inLanguage\":\"fr-FR\",\"potentialAction\":[{\"@type\":\"ReadAction\",\"target\":[\"https:\/\/dicodusport.fr\/blog\/athletisme-championnats-du-monde-en-salle-2022-programme-et-resultats\/\"]}]},{\"@type\":\"ImageObject\",\"inLanguage\":\"fr-FR\",\"@id\":\"https:\/\/dicodusport.fr\/blog\/athletisme-championnats-du-monde-en-salle-2022-programme-et-resultats\/#primaryimage\",\"url\":\"https:\/\/dicodusport.fr\/blog\/wp-content\/uploads\/2022\/03\/Athletisme-Championnats-du-monde-en-salle-2022-programme-et-resultats.jpg\",\"contentUrl\":\"https:\/\/dicodusport.fr\/blog\/wp-content\/uploads\/2022\/03\/Athletisme-Championnats-du-monde-en-salle-2022-programme-et-resultats.jpg\",\"width\":800,\"height\":445,\"caption\":\"Athl\u00e9tisme Championnats du monde en salle 2022 programme et r\u00e9sultats\"},{\"@type\":\"BreadcrumbList\",\"@id\":\"https:\/\/dicodusport.fr\/blog\/athletisme-championnats-du-monde-en-salle-2022-programme-et-resultats\/#breadcrumb\",\"itemListElement\":[{\"@type\":\"ListItem\",\"position\":1,\"name\":\"Accueil\",\"item\":\"https:\/\/dicodusport.fr\/blog\/\"},{\"@type\":\"ListItem\",\"position\":2,\"name\":\"Athl\u00e9tisme &#8211; Championnats du monde en salle 2022 : programme et r\u00e9sultats\"}]},{\"@type\":\"WebSite\",\"@id\":\"https:\/\/dicodusport.fr\/blog\/#website\",\"url\":\"https:\/\/dicodusport.fr\/blog\/\",\"name\":\"Dicodusport\",\"description\":\"L&#039;encyclop\u00e9die de l&#039;actualit\u00e9 sportive\",\"publisher\":{\"@id\":\"https:\/\/dicodusport.fr\/blog\/#organization\"},\"potentialAction\":[{\"@type\":\"SearchAction\",\"target\":{\"@type\":\"EntryPoint\",\"urlTemplate\":\"https:\/\/dicodusport.fr\/blog\/?s={search_term_string}\"},\"query-input\":{\"@type\":\"PropertyValueSpecification\",\"valueRequired\":true,\"valueName\":\"search_term_string\"}}],\"inLanguage\":\"fr-FR\"},{\"@type\":\"NewsMediaOrganization\",\"@id\":\"https:\/\/dicodusport.fr\/blog\/#organization\",\"name\":\"Dicodusport\",\"url\":\"https:\/\/dicodusport.fr\/blog\/\",\"logo\":{\"@type\":\"ImageObject\",\"inLanguage\":\"fr-FR\",\"@id\":\"https:\/\/dicodusport.fr\/blog\/#\/schema\/logo\/image\/\",\"url\":\"https:\/\/dicodusport.fr\/blog\/wp-content\/uploads\/2020\/06\/cropped-LOGO-DICODUSPORT-2020-SANS-FOND-SANS-TEXTE.png\",\"contentUrl\":\"https:\/\/dicodusport.fr\/blog\/wp-content\/uploads\/2020\/06\/cropped-LOGO-DICODUSPORT-2020-SANS-FOND-SANS-TEXTE.png\",\"width\":512,\"height\":512,\"caption\":\"Dicodusport\"},\"image\":{\"@id\":\"https:\/\/dicodusport.fr\/blog\/#\/schema\/logo\/image\/\"},\"sameAs\":[\"https:\/\/www.facebook.com\/dicodusport\",\"https:\/\/x.com\/dicodusport\",\"https:\/\/www.instagram.com\/dicodusport\/\",\"https:\/\/www.youtube.com\/channel\/UC7V2KZ5sd3htJivAbA4ZG3w\"],\"description\":\"Dicodusport est l'encyclop\u00e9die de l'actualit\u00e9 sportive.\",\"email\":\"bonjour@dicodusport.fr\",\"legalName\":\"DICODUSPORT\",\"foundingDate\":\"2018-01-14\",\"vatID\":\"FR71834470973\",\"taxID\":\"83447097300043\",\"numberOfEmployees\":{\"@type\":\"QuantitativeValue\",\"minValue\":\"1\",\"maxValue\":\"10\"}},{\"@type\":\"Person\",\"@id\":\"https:\/\/dicodusport.fr\/blog\/#\/schema\/person\/cce96fa88785bd8573e3d43078ac8c79\",\"name\":\"Arlette Yeye\",\"image\":{\"@type\":\"ImageObject\",\"inLanguage\":\"fr-FR\",\"@id\":\"https:\/\/dicodusport.fr\/blog\/#\/schema\/person\/image\/\",\"url\":\"https:\/\/secure.gravatar.com\/avatar\/dca4a6239e6d708e46c45d60e160de6c?s=96&d=wp_user_avatar&r=g\",\"contentUrl\":\"https:\/\/secure.gravatar.com\/avatar\/dca4a6239e6d708e46c45d60e160de6c?s=96&d=wp_user_avatar&r=g\",\"caption\":\"Arlette Yeye\"},\"description\":\"Journaliste\/r\u00e9dactrice depuis septembre 2015 - Supportrice de Chelsea, j'ai pour sports de pr\u00e9dilection le handball, l'athl\u00e9tisme et le tennis. Si je tweete plus vite que mon ombre, vous pouvez aussi me retrouver les week-ends sur les playgrounds de Bruxelles pour un petit foot ou basket entre potes. Parcourir la France, l'Europe et plus si affinit\u00e9s pour suivre mes sportifs pr\u00e9f\u00e9r\u00e9s ? Mon kif ! Et c'est avec plaisir que je partage les r\u00e9sultats des sports populaires mais \u00e9galement plus confidentiels pour Dicodusport.\",\"sameAs\":[\"https:\/\/x.com\/https:\/\/twitter.com\/Shiclette94\"],\"url\":\"https:\/\/dicodusport.fr\/blog\/author\/arlette\/\"}]}<\/script>\n<!-- \/ Yoast SEO Premium plugin. -->","yoast_head_json":{"title":"Athl\u00e9tisme - Championnats du monde en salle 2022 : programme et r\u00e9sultats - Dicodusport","description":"Les Championnats du monde en salle d'athl\u00e9tisme se d\u00e9roulent du 18 au 20 mars \u00e0 Belgrade. Voici le programme et les r\u00e9sultats.","robots":{"index":"index","follow":"follow","max-snippet":"max-snippet:-1","max-image-preview":"max-image-preview:large","max-video-preview":"max-video-preview:-1"},"canonical":"https:\/\/dicodusport.fr\/blog\/athletisme-championnats-du-monde-en-salle-2022-programme-et-resultats\/","og_locale":"fr_FR","og_type":"article","og_title":"Athl\u00e9tisme - Championnats du monde en salle 2022 : programme et r\u00e9sultats","og_description":"Les Championnats du monde en salle d'athl\u00e9tisme se d\u00e9roulent du 18 au 20 mars \u00e0 Belgrade. Voici le programme et les r\u00e9sultats.","og_url":"https:\/\/dicodusport.fr\/blog\/athletisme-championnats-du-monde-en-salle-2022-programme-et-resultats\/","og_site_name":"Dicodusport","article_publisher":"https:\/\/www.facebook.com\/dicodusport","article_published_time":"2022-03-20T13:02:48+00:00","article_modified_time":"2022-03-20T19:30:08+00:00","og_image":[{"width":800,"height":445,"url":"https:\/\/dicodusport.fr\/blog\/wp-content\/uploads\/2022\/03\/Athletisme-Championnats-du-monde-en-salle-2022-programme-et-resultats.jpg","type":"image\/jpeg"}],"author":"Arlette Yeye","twitter_card":"summary_large_image","twitter_title":"Athl\u00e9tisme - Championnats du monde en salle 2022 : programme et r\u00e9sultats","twitter_creator":"@https:\/\/twitter.com\/Shiclette94","twitter_site":"@dicodusport","schema":{"@context":"https:\/\/schema.org","@graph":[{"@type":"NewsArticle","@id":"https:\/\/dicodusport.fr\/blog\/athletisme-championnats-du-monde-en-salle-2022-programme-et-resultats\/#article","isPartOf":{"@id":"https:\/\/dicodusport.fr\/blog\/athletisme-championnats-du-monde-en-salle-2022-programme-et-resultats\/"},"author":{"name":"Arlette Yeye","@id":"https:\/\/dicodusport.fr\/blog\/#\/schema\/person\/cce96fa88785bd8573e3d43078ac8c79"},"headline":"Athl\u00e9tisme &#8211; Championnats du monde en salle 2022 : programme et r\u00e9sultats","datePublished":"2022-03-20T13:02:48+00:00","dateModified":"2022-03-20T19:30:08+00:00","mainEntityOfPage":{"@id":"https:\/\/dicodusport.fr\/blog\/athletisme-championnats-du-monde-en-salle-2022-programme-et-resultats\/"},"wordCount":1259,"commentCount":0,"publisher":{"@id":"https:\/\/dicodusport.fr\/blog\/#organization"},"image":{"@id":"https:\/\/dicodusport.fr\/blog\/athletisme-championnats-du-monde-en-salle-2022-programme-et-resultats\/#primaryimage"},"thumbnailUrl":"https:\/\/dicodusport.fr\/blog\/wp-content\/uploads\/2022\/03\/Athletisme-Championnats-du-monde-en-salle-2022-programme-et-resultats.jpg","keywords":["Athl\u00e9tisme","championnats du monde en salle d'athl\u00e9tisme"],"articleSection":["Athl\u00e9tisme"],"inLanguage":"fr-FR","potentialAction":[{"@type":"CommentAction","name":"Comment","target":["https:\/\/dicodusport.fr\/blog\/athletisme-championnats-du-monde-en-salle-2022-programme-et-resultats\/#respond"]}],"copyrightYear":"2022","copyrightHolder":{"@id":"https:\/\/dicodusport.fr\/blog\/#organization"}},{"@type":"WebPage","@id":"https:\/\/dicodusport.fr\/blog\/athletisme-championnats-du-monde-en-salle-2022-programme-et-resultats\/","url":"https:\/\/dicodusport.fr\/blog\/athletisme-championnats-du-monde-en-salle-2022-programme-et-resultats\/","name":"Athl\u00e9tisme - Championnats du monde en salle 2022 : programme et r\u00e9sultats - Dicodusport","isPartOf":{"@id":"https:\/\/dicodusport.fr\/blog\/#website"},"primaryImageOfPage":{"@id":"https:\/\/dicodusport.fr\/blog\/athletisme-championnats-du-monde-en-salle-2022-programme-et-resultats\/#primaryimage"},"image":{"@id":"https:\/\/dicodusport.fr\/blog\/athletisme-championnats-du-monde-en-salle-2022-programme-et-resultats\/#primaryimage"},"thumbnailUrl":"https:\/\/dicodusport.fr\/blog\/wp-content\/uploads\/2022\/03\/Athletisme-Championnats-du-monde-en-salle-2022-programme-et-resultats.jpg","datePublished":"2022-03-20T13:02:48+00:00","dateModified":"2022-03-20T19:30:08+00:00","description":"Les Championnats du monde en salle d'athl\u00e9tisme se d\u00e9roulent du 18 au 20 mars \u00e0 Belgrade. Voici le programme et les r\u00e9sultats.","breadcrumb":{"@id":"https:\/\/dicodusport.fr\/blog\/athletisme-championnats-du-monde-en-salle-2022-programme-et-resultats\/#breadcrumb"},"inLanguage":"fr-FR","potentialAction":[{"@type":"ReadAction","target":["https:\/\/dicodusport.fr\/blog\/athletisme-championnats-du-monde-en-salle-2022-programme-et-resultats\/"]}]},{"@type":"ImageObject","inLanguage":"fr-FR","@id":"https:\/\/dicodusport.fr\/blog\/athletisme-championnats-du-monde-en-salle-2022-programme-et-resultats\/#primaryimage","url":"https:\/\/dicodusport.fr\/blog\/wp-content\/uploads\/2022\/03\/Athletisme-Championnats-du-monde-en-salle-2022-programme-et-resultats.jpg","contentUrl":"https:\/\/dicodusport.fr\/blog\/wp-content\/uploads\/2022\/03\/Athletisme-Championnats-du-monde-en-salle-2022-programme-et-resultats.jpg","width":800,"height":445,"caption":"Athl\u00e9tisme Championnats du monde en salle 2022 programme et r\u00e9sultats"},{"@type":"BreadcrumbList","@id":"https:\/\/dicodusport.fr\/blog\/athletisme-championnats-du-monde-en-salle-2022-programme-et-resultats\/#breadcrumb","itemListElement":[{"@type":"ListItem","position":1,"name":"Accueil","item":"https:\/\/dicodusport.fr\/blog\/"},{"@type":"ListItem","position":2,"name":"Athl\u00e9tisme &#8211; Championnats du monde en salle 2022 : programme et r\u00e9sultats"}]},{"@type":"WebSite","@id":"https:\/\/dicodusport.fr\/blog\/#website","url":"https:\/\/dicodusport.fr\/blog\/","name":"Dicodusport","description":"L&#039;encyclop\u00e9die de l&#039;actualit\u00e9 sportive","publisher":{"@id":"https:\/\/dicodusport.fr\/blog\/#organization"},"potentialAction":[{"@type":"SearchAction","target":{"@type":"EntryPoint","urlTemplate":"https:\/\/dicodusport.fr\/blog\/?s={search_term_string}"},"query-input":{"@type":"PropertyValueSpecification","valueRequired":true,"valueName":"search_term_string"}}],"inLanguage":"fr-FR"},{"@type":"NewsMediaOrganization","@id":"https:\/\/dicodusport.fr\/blog\/#organization","name":"Dicodusport","url":"https:\/\/dicodusport.fr\/blog\/","logo":{"@type":"ImageObject","inLanguage":"fr-FR","@id":"https:\/\/dicodusport.fr\/blog\/#\/schema\/logo\/image\/","url":"https:\/\/dicodusport.fr\/blog\/wp-content\/uploads\/2020\/06\/cropped-LOGO-DICODUSPORT-2020-SANS-FOND-SANS-TEXTE.png","contentUrl":"https:\/\/dicodusport.fr\/blog\/wp-content\/uploads\/2020\/06\/cropped-LOGO-DICODUSPORT-2020-SANS-FOND-SANS-TEXTE.png","width":512,"height":512,"caption":"Dicodusport"},"image":{"@id":"https:\/\/dicodusport.fr\/blog\/#\/schema\/logo\/image\/"},"sameAs":["https:\/\/www.facebook.com\/dicodusport","https:\/\/x.com\/dicodusport","https:\/\/www.instagram.com\/dicodusport\/","https:\/\/www.youtube.com\/channel\/UC7V2KZ5sd3htJivAbA4ZG3w"],"description":"Dicodusport est l'encyclop\u00e9die de l'actualit\u00e9 sportive.","email":"bonjour@dicodusport.fr","legalName":"DICODUSPORT","foundingDate":"2018-01-14","vatID":"FR71834470973","taxID":"83447097300043","numberOfEmployees":{"@type":"QuantitativeValue","minValue":"1","maxValue":"10"}},{"@type":"Person","@id":"https:\/\/dicodusport.fr\/blog\/#\/schema\/person\/cce96fa88785bd8573e3d43078ac8c79","name":"Arlette Yeye","image":{"@type":"ImageObject","inLanguage":"fr-FR","@id":"https:\/\/dicodusport.fr\/blog\/#\/schema\/person\/image\/","url":"https:\/\/secure.gravatar.com\/avatar\/dca4a6239e6d708e46c45d60e160de6c?s=96&d=wp_user_avatar&r=g","contentUrl":"https:\/\/secure.gravatar.com\/avatar\/dca4a6239e6d708e46c45d60e160de6c?s=96&d=wp_user_avatar&r=g","caption":"Arlette Yeye"},"description":"Journaliste\/r\u00e9dactrice depuis septembre 2015 - Supportrice de Chelsea, j'ai pour sports de pr\u00e9dilection le handball, l'athl\u00e9tisme et le tennis. Si je tweete plus vite que mon ombre, vous pouvez aussi me retrouver les week-ends sur les playgrounds de Bruxelles pour un petit foot ou basket entre potes. Parcourir la France, l'Europe et plus si affinit\u00e9s pour suivre mes sportifs pr\u00e9f\u00e9r\u00e9s ? Mon kif ! Et c'est avec plaisir que je partage les r\u00e9sultats des sports populaires mais \u00e9galement plus confidentiels pour Dicodusport.","sameAs":["https:\/\/x.com\/https:\/\/twitter.com\/Shiclette94"],"url":"https:\/\/dicodusport.fr\/blog\/author\/arlette\/"}]}},"_links":{"self":[{"href":"https:\/\/dicodusport.fr\/blog\/wp-json\/wp\/v2\/posts\/206290","targetHints":{"allow":["GET"]}}],"collection":[{"href":"https:\/\/dicodusport.fr\/blog\/wp-json\/wp\/v2\/posts"}],"about":[{"href":"https:\/\/dicodusport.fr\/blog\/wp-json\/wp\/v2\/types\/post"}],"author":[{"embeddable":true,"href":"https:\/\/dicodusport.fr\/blog\/wp-json\/wp\/v2\/users\/12"}],"replies":[{"embeddable":true,"href":"https:\/\/dicodusport.fr\/blog\/wp-json\/wp\/v2\/comments?post=206290"}],"version-history":[{"count":0,"href":"https:\/\/dicodusport.fr\/blog\/wp-json\/wp\/v2\/posts\/206290\/revisions"}],"wp:featuredmedia":[{"embeddable":true,"href":"https:\/\/dicodusport.fr\/blog\/wp-json\/wp\/v2\/media\/207661"}],"wp:attachment":[{"href":"https:\/\/dicodusport.fr\/blog\/wp-json\/wp\/v2\/media?parent=206290"}],"wp:term":[{"taxonomy":"category","embeddable":true,"href":"https:\/\/dicodusport.fr\/blog\/wp-json\/wp\/v2\/categories?post=206290"},{"taxonomy":"post_tag","embeddable":true,"href":"https:\/\/dicodusport.fr\/blog\/wp-json\/wp\/v2\/tags?post=206290"}],"curies":[{"name":"wp","href":"https:\/\/api.w.org\/{rel}","templated":true}]}}