{"id":206333,"date":"2022-03-09T15:54:41","date_gmt":"2022-03-09T14:54:41","guid":{"rendered":"https:\/\/dicodusport.fr\/blog\/?p=206333&#038;preview=true&#038;preview_id=206333"},"modified":"2022-03-19T17:54:01","modified_gmt":"2022-03-19T16:54:01","slug":"6-nations-la-composition-du-pays-de-galles-pour-affronter-la-france","status":"publish","type":"post","link":"https:\/\/dicodusport.fr\/blog\/6-nations-la-composition-du-pays-de-galles-pour-affronter-la-france\/","title":{"rendered":"6 Nations : La composition du Pays de Galles pour affronter la France"},"content":{"rendered":"<p style=\"text-align: justify;\"><strong><em><a href=\"https:\/\/dicodusport.fr\/blog\/tournoi-des-6-nations-2022-calendrier-et-resultats\/\">6 NATIONS 2022<\/a> &#8211; Le staff gallois a d\u00e9voil\u00e9 la composition du XV du Poireau pour affronter le XV de France vendredi \u00e0 21h00 au Principality Stadium.\u00a0<\/em><\/strong><\/p>\n<p style=\"text-align: justify;\">De retour dans le groupe, <strong>Josh Navidi<\/strong> est directement titularis\u00e9 au poste de troisi\u00e8me ligne aile alors qu&rsquo;en premi\u00e8re ligne, <strong>Gareth Thomas<\/strong> a \u00e9t\u00e9 pr\u00e9f\u00e9r\u00e9 \u00e0 <strong>Wyn Jones<\/strong>. <strong>Dan Biggar<\/strong> sera l&rsquo;ouvreur et le capitaine de cette \u00e9quipe.<\/p>\n<h2 style=\"text-align: justify;\">La composition galloise<\/h2>\n<p style=\"text-align: justify;\">15. L. Williams ; 14. Cuthbert, 13. Watkin, 12. J. Davies, 11. J. Adams; 10. D. Biggar (cap.); 9. T. Williams ; 7. Navidi, 8. Faletau, 6. S. Davies; 5. A. Beard, 4. W. Rowlands ; 3. T. Francis, 2. R. Elias, 1. G. Thomas.<\/p>\n<p><strong>Rempla\u00e7ants<\/strong> : 16. D. Lake, 17. W. Jones, 18. D. Lewis, 19. Moriarty, 20. Morgan, 21. Hardy, 22. Anscombe, 23. L. Rees-Zammit.<\/p>\n<blockquote class=\"twitter-tweet\">\n<p dir=\"ltr\" lang=\"cy\">\u2022 Team Announcement \u2022<\/p>\n<p>Here&rsquo;s your Wales team to face France at Principality Stadium on Friday.<\/p>\n<p>\u27a5Mae Josh Navidi yn dychwelyd i&rsquo;r llinell gychwyn yn ochr yn ochr \u00e2 Taulupe Faletau a Seb Davies yn y rheng \u00f4l yn erbyn Ffrainc.<\/p>\n<p>TICKETS \u21e8 <a href=\"https:\/\/t.co\/6VRltY2MPT\">https:\/\/t.co\/6VRltY2MPT<\/a><a href=\"https:\/\/twitter.com\/hashtag\/WALvFRA?src=hash&amp;ref_src=twsrc%5Etfw\">#WALvFRA<\/a><\/p>\n<p>\u2014 Welsh Rugby Union &#x1f3c9; (@WelshRugbyUnion) <a href=\"https:\/\/twitter.com\/WelshRugbyUnion\/status\/1501559357510668289?ref_src=twsrc%5Etfw\">March 9, 2022<\/a><\/p><\/blockquote>\n<p><script async src=\"https:\/\/platform.twitter.com\/widgets.js\" charset=\"utf-8\"><\/script><\/p>\n<ul>\n<li style=\"text-align: justify;\"><strong>\u00c0 lire aussi &#8211; <a href=\"https:\/\/dicodusport.fr\/blog\/xv-de-france-la-composition-des-bleus-pour-affronter-pays-de-galles\/\">XV de France : la composition des Bleus pour affronter le Pays de Galles<\/a><\/strong><\/li>\n<\/ul>\n","protected":false},"excerpt":{"rendered":"<p>6 NATIONS 2022 &#8211; Le staff gallois a d\u00e9voil\u00e9 la composition du XV du Poireau pour affronter le XV de France vendredi \u00e0 21h00 au Principality Stadium.\u00a0<\/p>\n","protected":false},"author":1,"featured_media":206336,"comment_status":"open","ping_status":"closed","sticky":false,"template":"","format":"standard","meta":{"_acf_changed":false,"_daextam_enable_autolinks":"","footnotes":""},"categories":[47048],"tags":[3085,338],"class_list":["post-206333","post","type-post","status-publish","format-standard","has-post-thumbnail","hentry","category-tournoi-des-6-nations","tag-6-nations","tag-pays-de-galles"],"acf":[],"yoast_head":"<!-- This site is optimized with the Yoast SEO Premium plugin v26.7 (Yoast SEO v26.7) - https:\/\/yoast.com\/wordpress\/plugins\/seo\/ -->\n<title>6 Nations : La composition du Pays de Galles pour affronter la France<\/title>\n<meta name=\"description\" content=\"6 NATIONS 2022 - Le staff gallois a d\u00e9voil\u00e9 la composition du XV du Poireau pour affronter le XV de France vendredi \u00e0 21h00.\" \/>\n<meta name=\"robots\" content=\"index, follow, max-snippet:-1, max-image-preview:large, max-video-preview:-1\" \/>\n<link rel=\"canonical\" href=\"https:\/\/dicodusport.fr\/blog\/6-nations-la-composition-du-pays-de-galles-pour-affronter-la-france\/\" \/>\n<meta property=\"og:locale\" content=\"fr_FR\" \/>\n<meta property=\"og:type\" content=\"article\" \/>\n<meta property=\"og:title\" content=\"6 Nations : La composition du Pays de Galles pour affronter la France\" \/>\n<meta property=\"og:description\" content=\"6 NATIONS 2022 - Le staff gallois a d\u00e9voil\u00e9 la composition du XV du Poireau pour affronter le XV de France vendredi \u00e0 21h00.\" \/>\n<meta property=\"og:url\" content=\"https:\/\/dicodusport.fr\/blog\/6-nations-la-composition-du-pays-de-galles-pour-affronter-la-france\/\" \/>\n<meta property=\"og:site_name\" content=\"Dicodusport\" \/>\n<meta property=\"article:publisher\" content=\"https:\/\/www.facebook.com\/dicodusport\" \/>\n<meta property=\"article:author\" content=\"https:\/\/www.facebook.com\/dicodusport\" \/>\n<meta property=\"article:published_time\" content=\"2022-03-09T14:54:41+00:00\" \/>\n<meta property=\"article:modified_time\" content=\"2022-03-19T16:54:01+00:00\" \/>\n<meta property=\"og:image\" content=\"https:\/\/dicodusport.fr\/blog\/wp-content\/uploads\/2022\/03\/6-Nations-La-composition-du-Pays-de-Galles-pour-affronter-la-France.png\" \/>\n\t<meta property=\"og:image:width\" content=\"800\" \/>\n\t<meta property=\"og:image:height\" content=\"445\" \/>\n\t<meta property=\"og:image:type\" content=\"image\/png\" \/>\n<meta name=\"author\" content=\"Nicolas Jacquemard\" \/>\n<meta name=\"twitter:card\" content=\"summary_large_image\" \/>\n<meta name=\"twitter:title\" content=\"6 Nations : La composition du Pays de Galles pour affronter la France\" \/>\n<meta name=\"twitter:creator\" content=\"@https:\/\/twitter.com\/Nico_Jacquemard\" \/>\n<meta name=\"twitter:site\" content=\"@dicodusport\" \/>\n<script type=\"application\/ld+json\" class=\"yoast-schema-graph\">{\"@context\":\"https:\/\/schema.org\",\"@graph\":[{\"@type\":\"NewsArticle\",\"@id\":\"https:\/\/dicodusport.fr\/blog\/6-nations-la-composition-du-pays-de-galles-pour-affronter-la-france\/#article\",\"isPartOf\":{\"@id\":\"https:\/\/dicodusport.fr\/blog\/6-nations-la-composition-du-pays-de-galles-pour-affronter-la-france\/\"},\"author\":{\"name\":\"Nicolas Jacquemard\",\"@id\":\"https:\/\/dicodusport.fr\/blog\/#\/schema\/person\/55dcb50ad410894e431ed812bbb70191\"},\"headline\":\"6 Nations : La composition du Pays de Galles pour affronter la France\",\"datePublished\":\"2022-03-09T14:54:41+00:00\",\"dateModified\":\"2022-03-19T16:54:01+00:00\",\"mainEntityOfPage\":{\"@id\":\"https:\/\/dicodusport.fr\/blog\/6-nations-la-composition-du-pays-de-galles-pour-affronter-la-france\/\"},\"wordCount\":194,\"commentCount\":0,\"publisher\":{\"@id\":\"https:\/\/dicodusport.fr\/blog\/#organization\"},\"image\":{\"@id\":\"https:\/\/dicodusport.fr\/blog\/6-nations-la-composition-du-pays-de-galles-pour-affronter-la-france\/#primaryimage\"},\"thumbnailUrl\":\"https:\/\/dicodusport.fr\/blog\/wp-content\/uploads\/2022\/03\/6-Nations-La-composition-du-Pays-de-Galles-pour-affronter-la-France.png\",\"keywords\":[\"6 nations\",\"Pays De Galles\"],\"articleSection\":[\"Tournoi des 6 Nations\"],\"inLanguage\":\"fr-FR\",\"potentialAction\":[{\"@type\":\"CommentAction\",\"name\":\"Comment\",\"target\":[\"https:\/\/dicodusport.fr\/blog\/6-nations-la-composition-du-pays-de-galles-pour-affronter-la-france\/#respond\"]}],\"copyrightYear\":\"2022\",\"copyrightHolder\":{\"@id\":\"https:\/\/dicodusport.fr\/blog\/#organization\"}},{\"@type\":\"WebPage\",\"@id\":\"https:\/\/dicodusport.fr\/blog\/6-nations-la-composition-du-pays-de-galles-pour-affronter-la-france\/\",\"url\":\"https:\/\/dicodusport.fr\/blog\/6-nations-la-composition-du-pays-de-galles-pour-affronter-la-france\/\",\"name\":\"6 Nations : La composition du Pays de Galles pour affronter la France\",\"isPartOf\":{\"@id\":\"https:\/\/dicodusport.fr\/blog\/#website\"},\"primaryImageOfPage\":{\"@id\":\"https:\/\/dicodusport.fr\/blog\/6-nations-la-composition-du-pays-de-galles-pour-affronter-la-france\/#primaryimage\"},\"image\":{\"@id\":\"https:\/\/dicodusport.fr\/blog\/6-nations-la-composition-du-pays-de-galles-pour-affronter-la-france\/#primaryimage\"},\"thumbnailUrl\":\"https:\/\/dicodusport.fr\/blog\/wp-content\/uploads\/2022\/03\/6-Nations-La-composition-du-Pays-de-Galles-pour-affronter-la-France.png\",\"datePublished\":\"2022-03-09T14:54:41+00:00\",\"dateModified\":\"2022-03-19T16:54:01+00:00\",\"description\":\"6 NATIONS 2022 - Le staff gallois a d\u00e9voil\u00e9 la composition du XV du Poireau pour affronter le XV de France vendredi \u00e0 21h00.\",\"breadcrumb\":{\"@id\":\"https:\/\/dicodusport.fr\/blog\/6-nations-la-composition-du-pays-de-galles-pour-affronter-la-france\/#breadcrumb\"},\"inLanguage\":\"fr-FR\",\"potentialAction\":[{\"@type\":\"ReadAction\",\"target\":[\"https:\/\/dicodusport.fr\/blog\/6-nations-la-composition-du-pays-de-galles-pour-affronter-la-france\/\"]}]},{\"@type\":\"ImageObject\",\"inLanguage\":\"fr-FR\",\"@id\":\"https:\/\/dicodusport.fr\/blog\/6-nations-la-composition-du-pays-de-galles-pour-affronter-la-france\/#primaryimage\",\"url\":\"https:\/\/dicodusport.fr\/blog\/wp-content\/uploads\/2022\/03\/6-Nations-La-composition-du-Pays-de-Galles-pour-affronter-la-France.png\",\"contentUrl\":\"https:\/\/dicodusport.fr\/blog\/wp-content\/uploads\/2022\/03\/6-Nations-La-composition-du-Pays-de-Galles-pour-affronter-la-France.png\",\"width\":800,\"height\":445},{\"@type\":\"BreadcrumbList\",\"@id\":\"https:\/\/dicodusport.fr\/blog\/6-nations-la-composition-du-pays-de-galles-pour-affronter-la-france\/#breadcrumb\",\"itemListElement\":[{\"@type\":\"ListItem\",\"position\":1,\"name\":\"Accueil\",\"item\":\"https:\/\/dicodusport.fr\/blog\/\"},{\"@type\":\"ListItem\",\"position\":2,\"name\":\"6 Nations : La composition du Pays de Galles pour affronter la France\"}]},{\"@type\":\"WebSite\",\"@id\":\"https:\/\/dicodusport.fr\/blog\/#website\",\"url\":\"https:\/\/dicodusport.fr\/blog\/\",\"name\":\"Dicodusport\",\"description\":\"L&#039;encyclop\u00e9die de l&#039;actualit\u00e9 sportive\",\"publisher\":{\"@id\":\"https:\/\/dicodusport.fr\/blog\/#organization\"},\"potentialAction\":[{\"@type\":\"SearchAction\",\"target\":{\"@type\":\"EntryPoint\",\"urlTemplate\":\"https:\/\/dicodusport.fr\/blog\/?s={search_term_string}\"},\"query-input\":{\"@type\":\"PropertyValueSpecification\",\"valueRequired\":true,\"valueName\":\"search_term_string\"}}],\"inLanguage\":\"fr-FR\"},{\"@type\":\"NewsMediaOrganization\",\"@id\":\"https:\/\/dicodusport.fr\/blog\/#organization\",\"name\":\"Dicodusport\",\"url\":\"https:\/\/dicodusport.fr\/blog\/\",\"logo\":{\"@type\":\"ImageObject\",\"inLanguage\":\"fr-FR\",\"@id\":\"https:\/\/dicodusport.fr\/blog\/#\/schema\/logo\/image\/\",\"url\":\"https:\/\/dicodusport.fr\/blog\/wp-content\/uploads\/2020\/06\/cropped-LOGO-DICODUSPORT-2020-SANS-FOND-SANS-TEXTE.png\",\"contentUrl\":\"https:\/\/dicodusport.fr\/blog\/wp-content\/uploads\/2020\/06\/cropped-LOGO-DICODUSPORT-2020-SANS-FOND-SANS-TEXTE.png\",\"width\":512,\"height\":512,\"caption\":\"Dicodusport\"},\"image\":{\"@id\":\"https:\/\/dicodusport.fr\/blog\/#\/schema\/logo\/image\/\"},\"sameAs\":[\"https:\/\/www.facebook.com\/dicodusport\",\"https:\/\/x.com\/dicodusport\",\"https:\/\/www.instagram.com\/dicodusport\/\",\"https:\/\/www.youtube.com\/channel\/UC7V2KZ5sd3htJivAbA4ZG3w\"],\"description\":\"Dicodusport est l'encyclop\u00e9die de l'actualit\u00e9 sportive.\",\"email\":\"bonjour@dicodusport.fr\",\"legalName\":\"DICODUSPORT\",\"foundingDate\":\"2018-01-14\",\"vatID\":\"FR71834470973\",\"taxID\":\"83447097300043\",\"numberOfEmployees\":{\"@type\":\"QuantitativeValue\",\"minValue\":\"1\",\"maxValue\":\"10\"}},{\"@type\":\"Person\",\"@id\":\"https:\/\/dicodusport.fr\/blog\/#\/schema\/person\/55dcb50ad410894e431ed812bbb70191\",\"name\":\"Nicolas Jacquemard\",\"image\":{\"@type\":\"ImageObject\",\"inLanguage\":\"fr-FR\",\"@id\":\"https:\/\/dicodusport.fr\/blog\/#\/schema\/person\/image\/\",\"url\":\"https:\/\/dicodusport.fr\/blog\/wp-content\/uploads\/2021\/05\/Nicolas-Jacquemard-150x150.jpeg\",\"contentUrl\":\"https:\/\/dicodusport.fr\/blog\/wp-content\/uploads\/2021\/05\/Nicolas-Jacquemard-150x150.jpeg\",\"caption\":\"Nicolas Jacquemard\"},\"description\":\"Passionn\u00e9 de sport et entrepreneur depuis mes 18 ans, la cr\u00e9ation de Dicodusport m'a sembl\u00e9 \u00e9vidente pour participer \u00e0 la m\u00e9diatisation d'un plus grand nombre de sports. Le chemin est long mais avec une \u00e9quipe des plus motiv\u00e9es et les Jeux Olympiques de Paris 2024 en point de mire, nous y arriverons ! Journaliste dans le monde du sport depuis plus de 5 ans, je traite aussi bien de football, de rugby, de biathlon que de cyclisme.\",\"sameAs\":[\"https:\/\/www.facebook.com\/dicodusport\",\"https:\/\/x.com\/https:\/\/twitter.com\/Nico_Jacquemard\"],\"url\":\"https:\/\/dicodusport.fr\/blog\/author\/dicodusport\/\"}]}<\/script>\n<!-- \/ Yoast SEO Premium plugin. -->","yoast_head_json":{"title":"6 Nations : La composition du Pays de Galles pour affronter la France","description":"6 NATIONS 2022 - Le staff gallois a d\u00e9voil\u00e9 la composition du XV du Poireau pour affronter le XV de France vendredi \u00e0 21h00.","robots":{"index":"index","follow":"follow","max-snippet":"max-snippet:-1","max-image-preview":"max-image-preview:large","max-video-preview":"max-video-preview:-1"},"canonical":"https:\/\/dicodusport.fr\/blog\/6-nations-la-composition-du-pays-de-galles-pour-affronter-la-france\/","og_locale":"fr_FR","og_type":"article","og_title":"6 Nations : La composition du Pays de Galles pour affronter la France","og_description":"6 NATIONS 2022 - Le staff gallois a d\u00e9voil\u00e9 la composition du XV du Poireau pour affronter le XV de France vendredi \u00e0 21h00.","og_url":"https:\/\/dicodusport.fr\/blog\/6-nations-la-composition-du-pays-de-galles-pour-affronter-la-france\/","og_site_name":"Dicodusport","article_publisher":"https:\/\/www.facebook.com\/dicodusport","article_author":"https:\/\/www.facebook.com\/dicodusport","article_published_time":"2022-03-09T14:54:41+00:00","article_modified_time":"2022-03-19T16:54:01+00:00","og_image":[{"width":800,"height":445,"url":"https:\/\/dicodusport.fr\/blog\/wp-content\/uploads\/2022\/03\/6-Nations-La-composition-du-Pays-de-Galles-pour-affronter-la-France.png","type":"image\/png"}],"author":"Nicolas Jacquemard","twitter_card":"summary_large_image","twitter_title":"6 Nations : La composition du Pays de Galles pour affronter la France","twitter_creator":"@https:\/\/twitter.com\/Nico_Jacquemard","twitter_site":"@dicodusport","schema":{"@context":"https:\/\/schema.org","@graph":[{"@type":"NewsArticle","@id":"https:\/\/dicodusport.fr\/blog\/6-nations-la-composition-du-pays-de-galles-pour-affronter-la-france\/#article","isPartOf":{"@id":"https:\/\/dicodusport.fr\/blog\/6-nations-la-composition-du-pays-de-galles-pour-affronter-la-france\/"},"author":{"name":"Nicolas Jacquemard","@id":"https:\/\/dicodusport.fr\/blog\/#\/schema\/person\/55dcb50ad410894e431ed812bbb70191"},"headline":"6 Nations : La composition du Pays de Galles pour affronter la France","datePublished":"2022-03-09T14:54:41+00:00","dateModified":"2022-03-19T16:54:01+00:00","mainEntityOfPage":{"@id":"https:\/\/dicodusport.fr\/blog\/6-nations-la-composition-du-pays-de-galles-pour-affronter-la-france\/"},"wordCount":194,"commentCount":0,"publisher":{"@id":"https:\/\/dicodusport.fr\/blog\/#organization"},"image":{"@id":"https:\/\/dicodusport.fr\/blog\/6-nations-la-composition-du-pays-de-galles-pour-affronter-la-france\/#primaryimage"},"thumbnailUrl":"https:\/\/dicodusport.fr\/blog\/wp-content\/uploads\/2022\/03\/6-Nations-La-composition-du-Pays-de-Galles-pour-affronter-la-France.png","keywords":["6 nations","Pays De Galles"],"articleSection":["Tournoi des 6 Nations"],"inLanguage":"fr-FR","potentialAction":[{"@type":"CommentAction","name":"Comment","target":["https:\/\/dicodusport.fr\/blog\/6-nations-la-composition-du-pays-de-galles-pour-affronter-la-france\/#respond"]}],"copyrightYear":"2022","copyrightHolder":{"@id":"https:\/\/dicodusport.fr\/blog\/#organization"}},{"@type":"WebPage","@id":"https:\/\/dicodusport.fr\/blog\/6-nations-la-composition-du-pays-de-galles-pour-affronter-la-france\/","url":"https:\/\/dicodusport.fr\/blog\/6-nations-la-composition-du-pays-de-galles-pour-affronter-la-france\/","name":"6 Nations : La composition du Pays de Galles pour affronter la France","isPartOf":{"@id":"https:\/\/dicodusport.fr\/blog\/#website"},"primaryImageOfPage":{"@id":"https:\/\/dicodusport.fr\/blog\/6-nations-la-composition-du-pays-de-galles-pour-affronter-la-france\/#primaryimage"},"image":{"@id":"https:\/\/dicodusport.fr\/blog\/6-nations-la-composition-du-pays-de-galles-pour-affronter-la-france\/#primaryimage"},"thumbnailUrl":"https:\/\/dicodusport.fr\/blog\/wp-content\/uploads\/2022\/03\/6-Nations-La-composition-du-Pays-de-Galles-pour-affronter-la-France.png","datePublished":"2022-03-09T14:54:41+00:00","dateModified":"2022-03-19T16:54:01+00:00","description":"6 NATIONS 2022 - Le staff gallois a d\u00e9voil\u00e9 la composition du XV du Poireau pour affronter le XV de France vendredi \u00e0 21h00.","breadcrumb":{"@id":"https:\/\/dicodusport.fr\/blog\/6-nations-la-composition-du-pays-de-galles-pour-affronter-la-france\/#breadcrumb"},"inLanguage":"fr-FR","potentialAction":[{"@type":"ReadAction","target":["https:\/\/dicodusport.fr\/blog\/6-nations-la-composition-du-pays-de-galles-pour-affronter-la-france\/"]}]},{"@type":"ImageObject","inLanguage":"fr-FR","@id":"https:\/\/dicodusport.fr\/blog\/6-nations-la-composition-du-pays-de-galles-pour-affronter-la-france\/#primaryimage","url":"https:\/\/dicodusport.fr\/blog\/wp-content\/uploads\/2022\/03\/6-Nations-La-composition-du-Pays-de-Galles-pour-affronter-la-France.png","contentUrl":"https:\/\/dicodusport.fr\/blog\/wp-content\/uploads\/2022\/03\/6-Nations-La-composition-du-Pays-de-Galles-pour-affronter-la-France.png","width":800,"height":445},{"@type":"BreadcrumbList","@id":"https:\/\/dicodusport.fr\/blog\/6-nations-la-composition-du-pays-de-galles-pour-affronter-la-france\/#breadcrumb","itemListElement":[{"@type":"ListItem","position":1,"name":"Accueil","item":"https:\/\/dicodusport.fr\/blog\/"},{"@type":"ListItem","position":2,"name":"6 Nations : La composition du Pays de Galles pour affronter la France"}]},{"@type":"WebSite","@id":"https:\/\/dicodusport.fr\/blog\/#website","url":"https:\/\/dicodusport.fr\/blog\/","name":"Dicodusport","description":"L&#039;encyclop\u00e9die de l&#039;actualit\u00e9 sportive","publisher":{"@id":"https:\/\/dicodusport.fr\/blog\/#organization"},"potentialAction":[{"@type":"SearchAction","target":{"@type":"EntryPoint","urlTemplate":"https:\/\/dicodusport.fr\/blog\/?s={search_term_string}"},"query-input":{"@type":"PropertyValueSpecification","valueRequired":true,"valueName":"search_term_string"}}],"inLanguage":"fr-FR"},{"@type":"NewsMediaOrganization","@id":"https:\/\/dicodusport.fr\/blog\/#organization","name":"Dicodusport","url":"https:\/\/dicodusport.fr\/blog\/","logo":{"@type":"ImageObject","inLanguage":"fr-FR","@id":"https:\/\/dicodusport.fr\/blog\/#\/schema\/logo\/image\/","url":"https:\/\/dicodusport.fr\/blog\/wp-content\/uploads\/2020\/06\/cropped-LOGO-DICODUSPORT-2020-SANS-FOND-SANS-TEXTE.png","contentUrl":"https:\/\/dicodusport.fr\/blog\/wp-content\/uploads\/2020\/06\/cropped-LOGO-DICODUSPORT-2020-SANS-FOND-SANS-TEXTE.png","width":512,"height":512,"caption":"Dicodusport"},"image":{"@id":"https:\/\/dicodusport.fr\/blog\/#\/schema\/logo\/image\/"},"sameAs":["https:\/\/www.facebook.com\/dicodusport","https:\/\/x.com\/dicodusport","https:\/\/www.instagram.com\/dicodusport\/","https:\/\/www.youtube.com\/channel\/UC7V2KZ5sd3htJivAbA4ZG3w"],"description":"Dicodusport est l'encyclop\u00e9die de l'actualit\u00e9 sportive.","email":"bonjour@dicodusport.fr","legalName":"DICODUSPORT","foundingDate":"2018-01-14","vatID":"FR71834470973","taxID":"83447097300043","numberOfEmployees":{"@type":"QuantitativeValue","minValue":"1","maxValue":"10"}},{"@type":"Person","@id":"https:\/\/dicodusport.fr\/blog\/#\/schema\/person\/55dcb50ad410894e431ed812bbb70191","name":"Nicolas Jacquemard","image":{"@type":"ImageObject","inLanguage":"fr-FR","@id":"https:\/\/dicodusport.fr\/blog\/#\/schema\/person\/image\/","url":"https:\/\/dicodusport.fr\/blog\/wp-content\/uploads\/2021\/05\/Nicolas-Jacquemard-150x150.jpeg","contentUrl":"https:\/\/dicodusport.fr\/blog\/wp-content\/uploads\/2021\/05\/Nicolas-Jacquemard-150x150.jpeg","caption":"Nicolas Jacquemard"},"description":"Passionn\u00e9 de sport et entrepreneur depuis mes 18 ans, la cr\u00e9ation de Dicodusport m'a sembl\u00e9 \u00e9vidente pour participer \u00e0 la m\u00e9diatisation d'un plus grand nombre de sports. Le chemin est long mais avec une \u00e9quipe des plus motiv\u00e9es et les Jeux Olympiques de Paris 2024 en point de mire, nous y arriverons ! Journaliste dans le monde du sport depuis plus de 5 ans, je traite aussi bien de football, de rugby, de biathlon que de cyclisme.","sameAs":["https:\/\/www.facebook.com\/dicodusport","https:\/\/x.com\/https:\/\/twitter.com\/Nico_Jacquemard"],"url":"https:\/\/dicodusport.fr\/blog\/author\/dicodusport\/"}]}},"_links":{"self":[{"href":"https:\/\/dicodusport.fr\/blog\/wp-json\/wp\/v2\/posts\/206333","targetHints":{"allow":["GET"]}}],"collection":[{"href":"https:\/\/dicodusport.fr\/blog\/wp-json\/wp\/v2\/posts"}],"about":[{"href":"https:\/\/dicodusport.fr\/blog\/wp-json\/wp\/v2\/types\/post"}],"author":[{"embeddable":true,"href":"https:\/\/dicodusport.fr\/blog\/wp-json\/wp\/v2\/users\/1"}],"replies":[{"embeddable":true,"href":"https:\/\/dicodusport.fr\/blog\/wp-json\/wp\/v2\/comments?post=206333"}],"version-history":[{"count":0,"href":"https:\/\/dicodusport.fr\/blog\/wp-json\/wp\/v2\/posts\/206333\/revisions"}],"wp:featuredmedia":[{"embeddable":true,"href":"https:\/\/dicodusport.fr\/blog\/wp-json\/wp\/v2\/media\/206336"}],"wp:attachment":[{"href":"https:\/\/dicodusport.fr\/blog\/wp-json\/wp\/v2\/media?parent=206333"}],"wp:term":[{"taxonomy":"category","embeddable":true,"href":"https:\/\/dicodusport.fr\/blog\/wp-json\/wp\/v2\/categories?post=206333"},{"taxonomy":"post_tag","embeddable":true,"href":"https:\/\/dicodusport.fr\/blog\/wp-json\/wp\/v2\/tags?post=206333"}],"curies":[{"name":"wp","href":"https:\/\/api.w.org\/{rel}","templated":true}]}}