{"id":206362,"date":"2022-03-09T17:29:29","date_gmt":"2022-03-09T16:29:29","guid":{"rendered":"https:\/\/dicodusport.fr\/blog\/?p=206362&#038;preview=true&#038;preview_id=206362"},"modified":"2022-03-09T19:35:54","modified_gmt":"2022-03-09T18:35:54","slug":"tirreno-adriatico-2022-caleb-ewan-l-emporte-au-sprint-sur-la-3eme-etape","status":"publish","type":"post","link":"https:\/\/dicodusport.fr\/blog\/tirreno-adriatico-2022-caleb-ewan-l-emporte-au-sprint-sur-la-3eme-etape\/","title":{"rendered":"Tirreno-Adriatico 2022 : Caleb Ewan l&#8217;emporte au sprint sur la 3\u00e8me \u00e9tape"},"content":{"rendered":"<p style=\"text-align: justify;\"><strong><em>TIRRENO-ADRIATICO &#8211; Caleb Ewan (Lotto-Soudal) a remport\u00e9 au sprint la 3\u00e8me \u00e9tape de Tirreno-Adriatico. L&rsquo;Australien s&rsquo;impose au sprint devant Arnaud D\u00e9mare (Groupama-FDJ), qui a longtemps cru \u00e0 la victoire. Olav Kooij (Jumbo-Visma) compl\u00e8te le podium. La Team UAE Emirates a tent\u00e9 un coup de force pour Tadej Poga\u010dar, avec Julian Alaphilippe, mais les \u00e9quipes de sprinteurs avaient coch\u00e9 cette \u00e9tape.\u00a0<\/em><\/strong><\/p>\n<h2 style=\"text-align: justify;\">Arriv\u00e9e promise aux sprinteurs<\/h2>\n<p style=\"text-align: justify;\">Apr\u00e8s l&rsquo;\u00e9tape de la veille, o\u00f9 <strong>Tim Merlier<\/strong> (Alpecin-Fenix) a lev\u00e9 les bras \u00e0 Sovicille, le plateau des sprinteurs pr\u00e9sents sur cette 57\u00e8me \u00e9dition de la course des deux mers avait une deuxi\u00e8me occasion de remporter une victoire d&rsquo;\u00e9tape. Distante de 170km entre Murlo et Terni, cette \u00e9tape n&rsquo;avait pas de quoi effrayer les \u00e9quipes de sprinteurs venues chercher les bouquets. Le parcours avait du relief, avec quelques c\u00f4tes en d\u00e9but et en fin d&rsquo;\u00e9tape, mais un sprint massif \u00e9tait attendu \u00e0 l&rsquo;arriv\u00e9e.<\/p>\n<p style=\"text-align: justify;\">L&rsquo;\u00e9chapp\u00e9e s&rsquo;est form\u00e9e apr\u00e8s les premiers kilom\u00e8tres de course. On retrouvait cinq Transalpins : <b>Luca Rastelli<\/b>\u00a0(Bardiani-CSF Faizan\u00e8),\u00a0<b>Mattia Bais\u00a0<\/b>(Drone Hopper &#8211; Androni Giocattoli),\u00a0<b>Edoardo Zardini\u00a0<\/b>(Drone Hopper &#8211; Androni Giocattoli),\u00a0<b>Davide Bais<\/b>\u00a0(EOLO-Kometa),\u00a0<b>Mirco Maestri\u00a0<\/b>(EOLO-Kometa) ainsi que <b>Taco van der Hoorn<\/b> (Intermarch\u00e9 &#8211; Wanty &#8211; Gobert Mat\u00e9riaux), l&rsquo;\u00e9chapp\u00e9 le plus populaire du peloton. Apr\u00e8s avoir pris les points dans le premier grimpeur du jour, \u00e0 La Foce, Davide Bais (EOLO-Kometa) s&rsquo;est laiss\u00e9 d\u00e9crocher pour retourner dans le peloton. Avec 10 pts dans la musette, il conserve son maillot de meilleur grimpeur. Les hommes de t\u00eate ont compt\u00e9 jusqu&rsquo;\u00e0 6&rsquo;10 d&rsquo;avance sur le peloton avant d&rsquo;\u00eatre repris \u00e0 40km de l&rsquo;arriv\u00e9e, sous l&rsquo;impulsion des UAE Team Emirates de <strong>Pascal<\/strong> <strong>Ackermann<\/strong> et des Alpecin-Fenix de <strong>Tim Merlier<\/strong>.<\/p>\n<blockquote class=\"twitter-tweet\">\n<p dir=\"ltr\" lang=\"it\">&#x1f531; Tirreno Adriatico <a href=\"https:\/\/twitter.com\/eolo_it?ref_src=twsrc%5Etfw\">@eolo_it<\/a> 2022<\/p>\n<p>&#x1f4ca; Il profilo altimetrico della tappa | The stage profile<\/p>\n<p>&#x1f447; powered <a href=\"https:\/\/twitter.com\/GarminItaly?ref_src=twsrc%5Etfw\">@GarminItaly<\/a> &#x1f447;<a href=\"https:\/\/twitter.com\/hashtag\/TirrenoAdriatico?src=hash&amp;ref_src=twsrc%5Etfw\">#TirrenoAdriatico<\/a> <a href=\"https:\/\/t.co\/GvRbU2XZUA\">pic.twitter.com\/GvRbU2XZUA<\/a><\/p>\n<p>\u2014 Tirreno Adriatico (@TirrenAdriatico) <a href=\"https:\/\/twitter.com\/TirrenAdriatico\/status\/1501571760864509956?ref_src=twsrc%5Etfw\">March 9, 2022<\/a><\/p><\/blockquote>\n<p><script async src=\"https:\/\/platform.twitter.com\/widgets.js\" charset=\"utf-8\"><\/script><\/p>\n<h2 style=\"text-align: justify;\">Le coup de force de la UAE Team Emirates<\/h2>\n<p style=\"text-align: justify;\">A 25km de l&rsquo;arriv\u00e9e, UAE Team Emirates a lanc\u00e9 une offensive apr\u00e8s le sprint interm\u00e9diaire d&rsquo;Amelia. Alors qu&rsquo;on pensait que c&rsquo;\u00e9tait pour effectuer un \u00e9cr\u00e9mage dans les derni\u00e8res portions vallonn\u00e9es du jour afin d&rsquo;\u00e9liminer des sprinteurs, c&rsquo;\u00e9tait finalement pour mettre sur orbite <strong>Tadej Poga\u010dar<\/strong>, accompagn\u00e9 par <strong>Marc Soler<\/strong>. <strong>Julian Alaphilippe<\/strong> (Quick-Step Alpha Vinyl) a eu le flair pour sauter dans la roue des deux coureurs de la formation \u00e9miratie, <strong>Tao Geogheghan Hart<\/strong> (INEOS Grenadier) est revenu sur ce groupe qui comptait 30 secondes d&rsquo;avance sur le peloton, men\u00e9 par les \u00e9quipes de sprinteurs. Apr\u00e8s quinze kilom\u00e8tres aux avant-postes et malgr\u00e9 la bonne entente dans le quatuor, ces quatre hommes ont \u00e9t\u00e9 repris par l&rsquo;avant-garde du peloton \u00e0 une dizaine de kilom\u00e8tres de l&rsquo;arriv\u00e9e.<\/p>\n<p style=\"text-align: justify;\">Au sprint, c&rsquo;est l&rsquo;Australien <strong>Caleb Ewan<\/strong> (Lotto-Soudal) qui a \u00e9t\u00e9 le plus fort aujourd&rsquo;hui. Vainqueur d&rsquo;\u00e9tape sur le Saudi Tour et sur le Tour des Alpes-Maritimes, le natif de Sydney remporte l\u00e0 sa troisi\u00e8me victoire de la saison. Pourtant bien emmen\u00e9, <strong>Arnaud D\u00e9mare<\/strong> (Groupama-FDJ) n&rsquo;a pas pu s&rsquo;imposer face \u00e0 l&rsquo;Australien qui \u00e9tait trop fort aujourd&rsquo;hui. Deuxi\u00e8me hier, <strong>Olav Kooij<\/strong> (Jumbo-Visma) termine troisi\u00e8me devant <strong>Nacer Bouhanni<\/strong> (Arkea-Samsic). <strong>Filippo Ganna<\/strong> (INEOS Grenadiers) conserve son maillot de leader avant la quatri\u00e8me \u00e9tape o\u00f9 les puncheurs devraient pouvoir s&rsquo;exprimer dans le mur final qui m\u00e8nera \u00e0 Bellante.<\/p>\n<blockquote class=\"twitter-tweet\">\n<p dir=\"ltr\" lang=\"fr\">Le top 10 de cette 3e \u00e9tape de <a href=\"https:\/\/twitter.com\/hashtag\/TirrenoAdriato?src=hash&amp;ref_src=twsrc%5Etfw\">#TirrenoAdriato<\/a>. S&rsquo;ils n&rsquo;ont pas pu s&rsquo;exprimer hier, Ewan et D\u00e9mare ont cette fois eu l&rsquo;occasion de le faire. Le Fran\u00e7ais a lanc\u00e9 le premier \u00e0 250m. Nacer Bouhanni est au pied du podium. Filippo Ganna garde le maillot. <a href=\"https:\/\/t.co\/ZorrX1sq0z\">pic.twitter.com\/ZorrX1sq0z<\/a><\/p>\n<p>\u2014 Le Gruppetto (@LeGruppetto) <a href=\"https:\/\/twitter.com\/LeGruppetto\/status\/1501595232718278657?ref_src=twsrc%5Etfw\">March 9, 2022<\/a><\/p><\/blockquote>\n<p><script async src=\"https:\/\/platform.twitter.com\/widgets.js\" charset=\"utf-8\"><\/script><\/p>\n<h2 style=\"text-align: justify;\">\u00c0 lire aussi<\/h2>\n<ul>\n<li style=\"text-align: justify;\"><strong><a href=\"https:\/\/dicodusport.fr\/blog\/tirreno-adriatico-2022-classement-3eme-etape\/\">Le classement de la 3\u00e8me \u00e9tape<\/a><br \/>\n<\/strong><\/li>\n<li style=\"text-align: justify;\"><a href=\"https:\/\/dicodusport.fr\/blog\/tirreno-adriatico-2022-classement-general\/\"><strong>Le classement g\u00e9n\u00e9ral de Tirreno-Adriatico<\/strong><\/a><\/li>\n<\/ul>\n","protected":false},"excerpt":{"rendered":"<p>TIRRENO-ADRIATICO &#8211; Caleb Ewan (Lotto-Soudal) a remport\u00e9 au sprint la 3\u00e8me \u00e9tape de Tirreno-Adriatico. L&rsquo;Australien s&rsquo;impose au sprint devant Arnaud D\u00e9mare (Groupama-FDJ), qui a longtemps cru \u00e0 la victoire. Olav Kooij (Jumbo-Visma) compl\u00e8te le podium. La Team UAE Emirates a tent\u00e9 un coup de force pour Tadej Poga\u010dar, avec Julian Alaphilippe, mais les \u00e9quipes de sprinteurs avaient coch\u00e9 cette \u00e9tape.\u00a0<\/p>\n","protected":false},"author":42,"featured_media":206395,"comment_status":"open","ping_status":"closed","sticky":false,"template":"","format":"standard","meta":{"_acf_changed":false,"_daextam_enable_autolinks":"","footnotes":""},"categories":[46994],"tags":[],"class_list":["post-206362","post","type-post","status-publish","format-standard","has-post-thumbnail","hentry","category-cyclisme-sur-route"],"acf":[],"yoast_head":"<!-- This site is optimized with the Yoast SEO Premium plugin v26.7 (Yoast SEO v26.7) - https:\/\/yoast.com\/wordpress\/plugins\/seo\/ -->\n<title>Tirreno-Adriatico 2022 : Caleb Ewan l&#039;emporte au sprint sur la 3\u00e8me \u00e9tape<\/title>\n<meta name=\"description\" content=\"TIRRENO-ADRIATICO - Caleb Ewan (Lotto-Soudal) a remport\u00e9 au sprint la 3\u00e8me \u00e9tape de Tirreno-Adriatico, ce mercredi.\" \/>\n<meta name=\"robots\" content=\"index, follow, max-snippet:-1, max-image-preview:large, max-video-preview:-1\" \/>\n<link rel=\"canonical\" href=\"https:\/\/dicodusport.fr\/blog\/tirreno-adriatico-2022-caleb-ewan-l-emporte-au-sprint-sur-la-3eme-etape\/\" \/>\n<meta property=\"og:locale\" content=\"fr_FR\" \/>\n<meta property=\"og:type\" content=\"article\" \/>\n<meta property=\"og:title\" content=\"Tirreno-Adriatico 2022 : Caleb Ewan l&#039;emporte au sprint sur la 3\u00e8me \u00e9tape\" \/>\n<meta property=\"og:description\" content=\"TIRRENO-ADRIATICO - Caleb Ewan (Lotto-Soudal) a remport\u00e9 au sprint la 3\u00e8me \u00e9tape de Tirreno-Adriatico, ce mercredi.\" \/>\n<meta property=\"og:url\" content=\"https:\/\/dicodusport.fr\/blog\/tirreno-adriatico-2022-caleb-ewan-l-emporte-au-sprint-sur-la-3eme-etape\/\" \/>\n<meta property=\"og:site_name\" content=\"Dicodusport\" \/>\n<meta property=\"article:publisher\" content=\"https:\/\/www.facebook.com\/dicodusport\" \/>\n<meta property=\"article:published_time\" content=\"2022-03-09T16:29:29+00:00\" \/>\n<meta property=\"article:modified_time\" content=\"2022-03-09T18:35:54+00:00\" \/>\n<meta property=\"og:image\" content=\"https:\/\/dicodusport.fr\/blog\/wp-content\/uploads\/2022\/03\/Tirreno-Adriatico-2022-Caleb-Ewan-lemporte-au-sprint-sur-la-3eme-etape.png\" \/>\n\t<meta property=\"og:image:width\" content=\"800\" \/>\n\t<meta property=\"og:image:height\" content=\"445\" \/>\n\t<meta property=\"og:image:type\" content=\"image\/png\" \/>\n<meta name=\"author\" content=\"Nicolas Mezine\" \/>\n<meta name=\"twitter:card\" content=\"summary_large_image\" \/>\n<meta name=\"twitter:title\" content=\"Tirreno-Adriatico 2022 : Caleb Ewan l&#039;emporte au sprint sur la 3\u00e8me \u00e9tape\" \/>\n<meta name=\"twitter:creator\" content=\"@https:\/\/twitter.com\/Lbiji13\" \/>\n<meta name=\"twitter:site\" content=\"@dicodusport\" \/>\n<script type=\"application\/ld+json\" class=\"yoast-schema-graph\">{\"@context\":\"https:\/\/schema.org\",\"@graph\":[{\"@type\":\"NewsArticle\",\"@id\":\"https:\/\/dicodusport.fr\/blog\/tirreno-adriatico-2022-caleb-ewan-l-emporte-au-sprint-sur-la-3eme-etape\/#article\",\"isPartOf\":{\"@id\":\"https:\/\/dicodusport.fr\/blog\/tirreno-adriatico-2022-caleb-ewan-l-emporte-au-sprint-sur-la-3eme-etape\/\"},\"author\":{\"name\":\"Nicolas Mezine\",\"@id\":\"https:\/\/dicodusport.fr\/blog\/#\/schema\/person\/99fcf31b3ee0d51fed53ade78139bbbf\"},\"headline\":\"Tirreno-Adriatico 2022 : Caleb Ewan l&#8217;emporte au sprint sur la 3\u00e8me \u00e9tape\",\"datePublished\":\"2022-03-09T16:29:29+00:00\",\"dateModified\":\"2022-03-09T18:35:54+00:00\",\"mainEntityOfPage\":{\"@id\":\"https:\/\/dicodusport.fr\/blog\/tirreno-adriatico-2022-caleb-ewan-l-emporte-au-sprint-sur-la-3eme-etape\/\"},\"wordCount\":677,\"commentCount\":0,\"publisher\":{\"@id\":\"https:\/\/dicodusport.fr\/blog\/#organization\"},\"image\":{\"@id\":\"https:\/\/dicodusport.fr\/blog\/tirreno-adriatico-2022-caleb-ewan-l-emporte-au-sprint-sur-la-3eme-etape\/#primaryimage\"},\"thumbnailUrl\":\"https:\/\/dicodusport.fr\/blog\/wp-content\/uploads\/2022\/03\/Tirreno-Adriatico-2022-Caleb-Ewan-lemporte-au-sprint-sur-la-3eme-etape.png\",\"articleSection\":[\"Cyclisme sur route\"],\"inLanguage\":\"fr-FR\",\"potentialAction\":[{\"@type\":\"CommentAction\",\"name\":\"Comment\",\"target\":[\"https:\/\/dicodusport.fr\/blog\/tirreno-adriatico-2022-caleb-ewan-l-emporte-au-sprint-sur-la-3eme-etape\/#respond\"]}],\"copyrightYear\":\"2022\",\"copyrightHolder\":{\"@id\":\"https:\/\/dicodusport.fr\/blog\/#organization\"}},{\"@type\":\"WebPage\",\"@id\":\"https:\/\/dicodusport.fr\/blog\/tirreno-adriatico-2022-caleb-ewan-l-emporte-au-sprint-sur-la-3eme-etape\/\",\"url\":\"https:\/\/dicodusport.fr\/blog\/tirreno-adriatico-2022-caleb-ewan-l-emporte-au-sprint-sur-la-3eme-etape\/\",\"name\":\"Tirreno-Adriatico 2022 : Caleb Ewan l'emporte au sprint sur la 3\u00e8me \u00e9tape\",\"isPartOf\":{\"@id\":\"https:\/\/dicodusport.fr\/blog\/#website\"},\"primaryImageOfPage\":{\"@id\":\"https:\/\/dicodusport.fr\/blog\/tirreno-adriatico-2022-caleb-ewan-l-emporte-au-sprint-sur-la-3eme-etape\/#primaryimage\"},\"image\":{\"@id\":\"https:\/\/dicodusport.fr\/blog\/tirreno-adriatico-2022-caleb-ewan-l-emporte-au-sprint-sur-la-3eme-etape\/#primaryimage\"},\"thumbnailUrl\":\"https:\/\/dicodusport.fr\/blog\/wp-content\/uploads\/2022\/03\/Tirreno-Adriatico-2022-Caleb-Ewan-lemporte-au-sprint-sur-la-3eme-etape.png\",\"datePublished\":\"2022-03-09T16:29:29+00:00\",\"dateModified\":\"2022-03-09T18:35:54+00:00\",\"description\":\"TIRRENO-ADRIATICO - Caleb Ewan (Lotto-Soudal) a remport\u00e9 au sprint la 3\u00e8me \u00e9tape de Tirreno-Adriatico, ce mercredi.\",\"breadcrumb\":{\"@id\":\"https:\/\/dicodusport.fr\/blog\/tirreno-adriatico-2022-caleb-ewan-l-emporte-au-sprint-sur-la-3eme-etape\/#breadcrumb\"},\"inLanguage\":\"fr-FR\",\"potentialAction\":[{\"@type\":\"ReadAction\",\"target\":[\"https:\/\/dicodusport.fr\/blog\/tirreno-adriatico-2022-caleb-ewan-l-emporte-au-sprint-sur-la-3eme-etape\/\"]}]},{\"@type\":\"ImageObject\",\"inLanguage\":\"fr-FR\",\"@id\":\"https:\/\/dicodusport.fr\/blog\/tirreno-adriatico-2022-caleb-ewan-l-emporte-au-sprint-sur-la-3eme-etape\/#primaryimage\",\"url\":\"https:\/\/dicodusport.fr\/blog\/wp-content\/uploads\/2022\/03\/Tirreno-Adriatico-2022-Caleb-Ewan-lemporte-au-sprint-sur-la-3eme-etape.png\",\"contentUrl\":\"https:\/\/dicodusport.fr\/blog\/wp-content\/uploads\/2022\/03\/Tirreno-Adriatico-2022-Caleb-Ewan-lemporte-au-sprint-sur-la-3eme-etape.png\",\"width\":800,\"height\":445,\"caption\":\"Tirreno-Adriatico 2022 Caleb Ewan l'emporte au sprint sur la 3\u00e8me \u00e9tape\"},{\"@type\":\"BreadcrumbList\",\"@id\":\"https:\/\/dicodusport.fr\/blog\/tirreno-adriatico-2022-caleb-ewan-l-emporte-au-sprint-sur-la-3eme-etape\/#breadcrumb\",\"itemListElement\":[{\"@type\":\"ListItem\",\"position\":1,\"name\":\"Accueil\",\"item\":\"https:\/\/dicodusport.fr\/blog\/\"},{\"@type\":\"ListItem\",\"position\":2,\"name\":\"Tirreno-Adriatico 2022 : Caleb Ewan l&#8217;emporte au sprint sur la 3\u00e8me \u00e9tape\"}]},{\"@type\":\"WebSite\",\"@id\":\"https:\/\/dicodusport.fr\/blog\/#website\",\"url\":\"https:\/\/dicodusport.fr\/blog\/\",\"name\":\"Dicodusport\",\"description\":\"L&#039;encyclop\u00e9die de l&#039;actualit\u00e9 sportive\",\"publisher\":{\"@id\":\"https:\/\/dicodusport.fr\/blog\/#organization\"},\"potentialAction\":[{\"@type\":\"SearchAction\",\"target\":{\"@type\":\"EntryPoint\",\"urlTemplate\":\"https:\/\/dicodusport.fr\/blog\/?s={search_term_string}\"},\"query-input\":{\"@type\":\"PropertyValueSpecification\",\"valueRequired\":true,\"valueName\":\"search_term_string\"}}],\"inLanguage\":\"fr-FR\"},{\"@type\":\"NewsMediaOrganization\",\"@id\":\"https:\/\/dicodusport.fr\/blog\/#organization\",\"name\":\"Dicodusport\",\"url\":\"https:\/\/dicodusport.fr\/blog\/\",\"logo\":{\"@type\":\"ImageObject\",\"inLanguage\":\"fr-FR\",\"@id\":\"https:\/\/dicodusport.fr\/blog\/#\/schema\/logo\/image\/\",\"url\":\"https:\/\/dicodusport.fr\/blog\/wp-content\/uploads\/2020\/06\/cropped-LOGO-DICODUSPORT-2020-SANS-FOND-SANS-TEXTE.png\",\"contentUrl\":\"https:\/\/dicodusport.fr\/blog\/wp-content\/uploads\/2020\/06\/cropped-LOGO-DICODUSPORT-2020-SANS-FOND-SANS-TEXTE.png\",\"width\":512,\"height\":512,\"caption\":\"Dicodusport\"},\"image\":{\"@id\":\"https:\/\/dicodusport.fr\/blog\/#\/schema\/logo\/image\/\"},\"sameAs\":[\"https:\/\/www.facebook.com\/dicodusport\",\"https:\/\/x.com\/dicodusport\",\"https:\/\/www.instagram.com\/dicodusport\/\",\"https:\/\/www.youtube.com\/channel\/UC7V2KZ5sd3htJivAbA4ZG3w\"],\"description\":\"Dicodusport est l'encyclop\u00e9die de l'actualit\u00e9 sportive.\",\"email\":\"bonjour@dicodusport.fr\",\"legalName\":\"DICODUSPORT\",\"foundingDate\":\"2018-01-14\",\"vatID\":\"FR71834470973\",\"taxID\":\"83447097300043\",\"numberOfEmployees\":{\"@type\":\"QuantitativeValue\",\"minValue\":\"1\",\"maxValue\":\"10\"}},{\"@type\":\"Person\",\"@id\":\"https:\/\/dicodusport.fr\/blog\/#\/schema\/person\/99fcf31b3ee0d51fed53ade78139bbbf\",\"name\":\"Nicolas Mezine\",\"image\":{\"@type\":\"ImageObject\",\"inLanguage\":\"fr-FR\",\"@id\":\"https:\/\/dicodusport.fr\/blog\/#\/schema\/person\/image\/\",\"url\":\"https:\/\/dicodusport.fr\/blog\/wp-content\/uploads\/2021\/09\/IMG_4655-e1631787111223-150x150.jpg\",\"contentUrl\":\"https:\/\/dicodusport.fr\/blog\/wp-content\/uploads\/2021\/09\/IMG_4655-e1631787111223-150x150.jpg\",\"caption\":\"Nicolas Mezine\"},\"description\":\"Passionn\u00e9 de sport, notamment de rugby dans toutes ses variantes (XV, XIII et VII). Fan du RC Toulon et de l'Olympique de Marseille.\",\"sameAs\":[\"https:\/\/www.linkedin.com\/in\/nicolas-mezine-521380160\/\",\"https:\/\/x.com\/https:\/\/twitter.com\/Lbiji13\"],\"url\":\"https:\/\/dicodusport.fr\/blog\/author\/nicolas-m\/\"}]}<\/script>\n<!-- \/ Yoast SEO Premium plugin. -->","yoast_head_json":{"title":"Tirreno-Adriatico 2022 : Caleb Ewan l'emporte au sprint sur la 3\u00e8me \u00e9tape","description":"TIRRENO-ADRIATICO - Caleb Ewan (Lotto-Soudal) a remport\u00e9 au sprint la 3\u00e8me \u00e9tape de Tirreno-Adriatico, ce mercredi.","robots":{"index":"index","follow":"follow","max-snippet":"max-snippet:-1","max-image-preview":"max-image-preview:large","max-video-preview":"max-video-preview:-1"},"canonical":"https:\/\/dicodusport.fr\/blog\/tirreno-adriatico-2022-caleb-ewan-l-emporte-au-sprint-sur-la-3eme-etape\/","og_locale":"fr_FR","og_type":"article","og_title":"Tirreno-Adriatico 2022 : Caleb Ewan l'emporte au sprint sur la 3\u00e8me \u00e9tape","og_description":"TIRRENO-ADRIATICO - Caleb Ewan (Lotto-Soudal) a remport\u00e9 au sprint la 3\u00e8me \u00e9tape de Tirreno-Adriatico, ce mercredi.","og_url":"https:\/\/dicodusport.fr\/blog\/tirreno-adriatico-2022-caleb-ewan-l-emporte-au-sprint-sur-la-3eme-etape\/","og_site_name":"Dicodusport","article_publisher":"https:\/\/www.facebook.com\/dicodusport","article_published_time":"2022-03-09T16:29:29+00:00","article_modified_time":"2022-03-09T18:35:54+00:00","og_image":[{"width":800,"height":445,"url":"https:\/\/dicodusport.fr\/blog\/wp-content\/uploads\/2022\/03\/Tirreno-Adriatico-2022-Caleb-Ewan-lemporte-au-sprint-sur-la-3eme-etape.png","type":"image\/png"}],"author":"Nicolas Mezine","twitter_card":"summary_large_image","twitter_title":"Tirreno-Adriatico 2022 : Caleb Ewan l'emporte au sprint sur la 3\u00e8me \u00e9tape","twitter_creator":"@https:\/\/twitter.com\/Lbiji13","twitter_site":"@dicodusport","schema":{"@context":"https:\/\/schema.org","@graph":[{"@type":"NewsArticle","@id":"https:\/\/dicodusport.fr\/blog\/tirreno-adriatico-2022-caleb-ewan-l-emporte-au-sprint-sur-la-3eme-etape\/#article","isPartOf":{"@id":"https:\/\/dicodusport.fr\/blog\/tirreno-adriatico-2022-caleb-ewan-l-emporte-au-sprint-sur-la-3eme-etape\/"},"author":{"name":"Nicolas Mezine","@id":"https:\/\/dicodusport.fr\/blog\/#\/schema\/person\/99fcf31b3ee0d51fed53ade78139bbbf"},"headline":"Tirreno-Adriatico 2022 : Caleb Ewan l&#8217;emporte au sprint sur la 3\u00e8me \u00e9tape","datePublished":"2022-03-09T16:29:29+00:00","dateModified":"2022-03-09T18:35:54+00:00","mainEntityOfPage":{"@id":"https:\/\/dicodusport.fr\/blog\/tirreno-adriatico-2022-caleb-ewan-l-emporte-au-sprint-sur-la-3eme-etape\/"},"wordCount":677,"commentCount":0,"publisher":{"@id":"https:\/\/dicodusport.fr\/blog\/#organization"},"image":{"@id":"https:\/\/dicodusport.fr\/blog\/tirreno-adriatico-2022-caleb-ewan-l-emporte-au-sprint-sur-la-3eme-etape\/#primaryimage"},"thumbnailUrl":"https:\/\/dicodusport.fr\/blog\/wp-content\/uploads\/2022\/03\/Tirreno-Adriatico-2022-Caleb-Ewan-lemporte-au-sprint-sur-la-3eme-etape.png","articleSection":["Cyclisme sur route"],"inLanguage":"fr-FR","potentialAction":[{"@type":"CommentAction","name":"Comment","target":["https:\/\/dicodusport.fr\/blog\/tirreno-adriatico-2022-caleb-ewan-l-emporte-au-sprint-sur-la-3eme-etape\/#respond"]}],"copyrightYear":"2022","copyrightHolder":{"@id":"https:\/\/dicodusport.fr\/blog\/#organization"}},{"@type":"WebPage","@id":"https:\/\/dicodusport.fr\/blog\/tirreno-adriatico-2022-caleb-ewan-l-emporte-au-sprint-sur-la-3eme-etape\/","url":"https:\/\/dicodusport.fr\/blog\/tirreno-adriatico-2022-caleb-ewan-l-emporte-au-sprint-sur-la-3eme-etape\/","name":"Tirreno-Adriatico 2022 : Caleb Ewan l'emporte au sprint sur la 3\u00e8me \u00e9tape","isPartOf":{"@id":"https:\/\/dicodusport.fr\/blog\/#website"},"primaryImageOfPage":{"@id":"https:\/\/dicodusport.fr\/blog\/tirreno-adriatico-2022-caleb-ewan-l-emporte-au-sprint-sur-la-3eme-etape\/#primaryimage"},"image":{"@id":"https:\/\/dicodusport.fr\/blog\/tirreno-adriatico-2022-caleb-ewan-l-emporte-au-sprint-sur-la-3eme-etape\/#primaryimage"},"thumbnailUrl":"https:\/\/dicodusport.fr\/blog\/wp-content\/uploads\/2022\/03\/Tirreno-Adriatico-2022-Caleb-Ewan-lemporte-au-sprint-sur-la-3eme-etape.png","datePublished":"2022-03-09T16:29:29+00:00","dateModified":"2022-03-09T18:35:54+00:00","description":"TIRRENO-ADRIATICO - Caleb Ewan (Lotto-Soudal) a remport\u00e9 au sprint la 3\u00e8me \u00e9tape de Tirreno-Adriatico, ce mercredi.","breadcrumb":{"@id":"https:\/\/dicodusport.fr\/blog\/tirreno-adriatico-2022-caleb-ewan-l-emporte-au-sprint-sur-la-3eme-etape\/#breadcrumb"},"inLanguage":"fr-FR","potentialAction":[{"@type":"ReadAction","target":["https:\/\/dicodusport.fr\/blog\/tirreno-adriatico-2022-caleb-ewan-l-emporte-au-sprint-sur-la-3eme-etape\/"]}]},{"@type":"ImageObject","inLanguage":"fr-FR","@id":"https:\/\/dicodusport.fr\/blog\/tirreno-adriatico-2022-caleb-ewan-l-emporte-au-sprint-sur-la-3eme-etape\/#primaryimage","url":"https:\/\/dicodusport.fr\/blog\/wp-content\/uploads\/2022\/03\/Tirreno-Adriatico-2022-Caleb-Ewan-lemporte-au-sprint-sur-la-3eme-etape.png","contentUrl":"https:\/\/dicodusport.fr\/blog\/wp-content\/uploads\/2022\/03\/Tirreno-Adriatico-2022-Caleb-Ewan-lemporte-au-sprint-sur-la-3eme-etape.png","width":800,"height":445,"caption":"Tirreno-Adriatico 2022 Caleb Ewan l'emporte au sprint sur la 3\u00e8me \u00e9tape"},{"@type":"BreadcrumbList","@id":"https:\/\/dicodusport.fr\/blog\/tirreno-adriatico-2022-caleb-ewan-l-emporte-au-sprint-sur-la-3eme-etape\/#breadcrumb","itemListElement":[{"@type":"ListItem","position":1,"name":"Accueil","item":"https:\/\/dicodusport.fr\/blog\/"},{"@type":"ListItem","position":2,"name":"Tirreno-Adriatico 2022 : Caleb Ewan l&#8217;emporte au sprint sur la 3\u00e8me \u00e9tape"}]},{"@type":"WebSite","@id":"https:\/\/dicodusport.fr\/blog\/#website","url":"https:\/\/dicodusport.fr\/blog\/","name":"Dicodusport","description":"L&#039;encyclop\u00e9die de l&#039;actualit\u00e9 sportive","publisher":{"@id":"https:\/\/dicodusport.fr\/blog\/#organization"},"potentialAction":[{"@type":"SearchAction","target":{"@type":"EntryPoint","urlTemplate":"https:\/\/dicodusport.fr\/blog\/?s={search_term_string}"},"query-input":{"@type":"PropertyValueSpecification","valueRequired":true,"valueName":"search_term_string"}}],"inLanguage":"fr-FR"},{"@type":"NewsMediaOrganization","@id":"https:\/\/dicodusport.fr\/blog\/#organization","name":"Dicodusport","url":"https:\/\/dicodusport.fr\/blog\/","logo":{"@type":"ImageObject","inLanguage":"fr-FR","@id":"https:\/\/dicodusport.fr\/blog\/#\/schema\/logo\/image\/","url":"https:\/\/dicodusport.fr\/blog\/wp-content\/uploads\/2020\/06\/cropped-LOGO-DICODUSPORT-2020-SANS-FOND-SANS-TEXTE.png","contentUrl":"https:\/\/dicodusport.fr\/blog\/wp-content\/uploads\/2020\/06\/cropped-LOGO-DICODUSPORT-2020-SANS-FOND-SANS-TEXTE.png","width":512,"height":512,"caption":"Dicodusport"},"image":{"@id":"https:\/\/dicodusport.fr\/blog\/#\/schema\/logo\/image\/"},"sameAs":["https:\/\/www.facebook.com\/dicodusport","https:\/\/x.com\/dicodusport","https:\/\/www.instagram.com\/dicodusport\/","https:\/\/www.youtube.com\/channel\/UC7V2KZ5sd3htJivAbA4ZG3w"],"description":"Dicodusport est l'encyclop\u00e9die de l'actualit\u00e9 sportive.","email":"bonjour@dicodusport.fr","legalName":"DICODUSPORT","foundingDate":"2018-01-14","vatID":"FR71834470973","taxID":"83447097300043","numberOfEmployees":{"@type":"QuantitativeValue","minValue":"1","maxValue":"10"}},{"@type":"Person","@id":"https:\/\/dicodusport.fr\/blog\/#\/schema\/person\/99fcf31b3ee0d51fed53ade78139bbbf","name":"Nicolas Mezine","image":{"@type":"ImageObject","inLanguage":"fr-FR","@id":"https:\/\/dicodusport.fr\/blog\/#\/schema\/person\/image\/","url":"https:\/\/dicodusport.fr\/blog\/wp-content\/uploads\/2021\/09\/IMG_4655-e1631787111223-150x150.jpg","contentUrl":"https:\/\/dicodusport.fr\/blog\/wp-content\/uploads\/2021\/09\/IMG_4655-e1631787111223-150x150.jpg","caption":"Nicolas Mezine"},"description":"Passionn\u00e9 de sport, notamment de rugby dans toutes ses variantes (XV, XIII et VII). Fan du RC Toulon et de l'Olympique de Marseille.","sameAs":["https:\/\/www.linkedin.com\/in\/nicolas-mezine-521380160\/","https:\/\/x.com\/https:\/\/twitter.com\/Lbiji13"],"url":"https:\/\/dicodusport.fr\/blog\/author\/nicolas-m\/"}]}},"_links":{"self":[{"href":"https:\/\/dicodusport.fr\/blog\/wp-json\/wp\/v2\/posts\/206362","targetHints":{"allow":["GET"]}}],"collection":[{"href":"https:\/\/dicodusport.fr\/blog\/wp-json\/wp\/v2\/posts"}],"about":[{"href":"https:\/\/dicodusport.fr\/blog\/wp-json\/wp\/v2\/types\/post"}],"author":[{"embeddable":true,"href":"https:\/\/dicodusport.fr\/blog\/wp-json\/wp\/v2\/users\/42"}],"replies":[{"embeddable":true,"href":"https:\/\/dicodusport.fr\/blog\/wp-json\/wp\/v2\/comments?post=206362"}],"version-history":[{"count":0,"href":"https:\/\/dicodusport.fr\/blog\/wp-json\/wp\/v2\/posts\/206362\/revisions"}],"wp:featuredmedia":[{"embeddable":true,"href":"https:\/\/dicodusport.fr\/blog\/wp-json\/wp\/v2\/media\/206395"}],"wp:attachment":[{"href":"https:\/\/dicodusport.fr\/blog\/wp-json\/wp\/v2\/media?parent=206362"}],"wp:term":[{"taxonomy":"category","embeddable":true,"href":"https:\/\/dicodusport.fr\/blog\/wp-json\/wp\/v2\/categories?post=206362"},{"taxonomy":"post_tag","embeddable":true,"href":"https:\/\/dicodusport.fr\/blog\/wp-json\/wp\/v2\/tags?post=206362"}],"curies":[{"name":"wp","href":"https:\/\/api.w.org\/{rel}","templated":true}]}}