{"id":206735,"date":"2022-03-10T18:56:06","date_gmt":"2022-03-10T17:56:06","guid":{"rendered":"https:\/\/dicodusport.fr\/blog\/?p=206735"},"modified":"2022-03-10T18:56:06","modified_gmt":"2022-03-10T17:56:06","slug":"lutte-emma-luttenauer-decroche-lor-aux-championnats-deurope-u23","status":"publish","type":"post","link":"https:\/\/dicodusport.fr\/blog\/lutte-emma-luttenauer-decroche-lor-aux-championnats-deurope-u23\/","title":{"rendered":"Lutte\u00a0:  Emma Luttenauer d\u00e9croche l\u2019or aux championnats d\u2019Europe U23"},"content":{"rendered":"<p style=\"text-align: justify;\"><em><strong>LUTTE \u2013 A Plodviv en Bulgarie pour y disputer les championnats d\u2019Europe U23, Emma Luttenauer a r\u00e9alis\u00e9 un parcours sans-faute. \u00c0 22 ans, la jeune athl\u00e8te fran\u00e7aise a remport\u00e9 le titre dans le cat\u00e9gorie des -50kg.<\/strong><\/em><\/p>\n<p style=\"text-align: justify;\">Depuis ce lundi, les <strong>championnats d\u2019Europe de lutte U23<\/strong> se tiennent en Bulgarie, dans la ville de <strong>Plodviv<\/strong>. Si l\u2019<strong>\u00e9quipe de France<\/strong> n&rsquo;a pas brill\u00e9 en lutte gr\u00e9co-romaine, ne parvenant pas \u00e0 d\u00e9crocher une seule m\u00e9daille, <strong>Emma Luttenauer<\/strong> a permis de rectifier le tir avec la mani\u00e8re.<\/p>\n<h2 style=\"text-align: justify;\"><strong>Deux jours de domination avec l&rsquo;or au bout<\/strong><\/h2>\n<p style=\"text-align: justify;\">Au sein de la cat\u00e9gorie de poids la plus l\u00e9g\u00e8re (-50kg), la Fran\u00e7aise de 22 ans a sign\u00e9 un parcours parfait pour aller d\u00e9crocher le Graal. Au bout de deux jours de comp\u00e9tition,<strong> elle repart de Bulgarie avec l\u2019or autour du cou<\/strong>, apr\u00e8s une v\u00e9ritable domination sur ses adversaires. Vainqueure aux points dans chacune de ses confrontations, elle a terrass\u00e9 une \u00e0 une ses rivales. Au tour de qualification disput\u00e9 la veille, la Polonaise <strong>Amanda Tamczyk<\/strong> a r\u00e9sist\u00e9 (3-1) tandis que la Lituanienne<strong> Gabija Dilyte<\/strong> a \u00e9t\u00e9 balay\u00e9e en quarts de finale (4-0).<\/p>\n<blockquote class=\"twitter-tweet\">\n<p dir=\"ltr\" lang=\"fr\"><a href=\"https:\/\/twitter.com\/hashtag\/wrestleplovdiv?src=hash&amp;ref_src=twsrc%5Etfw\">#wrestleplovdiv<\/a> <a href=\"https:\/\/twitter.com\/hashtag\/europeanchampionchip?src=hash&amp;ref_src=twsrc%5Etfw\">#europeanchampionchip<\/a> <a href=\"https:\/\/twitter.com\/hashtag\/U23?src=hash&amp;ref_src=twsrc%5Etfw\">#U23<\/a><\/p>\n<p>Emma LUTTENAUER s&rsquo;impose face \u00e0 la lituanienne aux points 4&#xfe0f;&#x20e3;-0&#xfe0f;&#x20e3; !<\/p>\n<p>Elle affrontera en 1&#xfe0f;&#x20e3;\/2&#xfe0f;&#x20e3; finale \u00e0 partir de 15h45 la turque m\u00e9daill\u00e9e de&#x1f949; au Monde Junior Zehra DEMIRHAN &#x1f1f9;&#x1f1f7;-&#x1f1eb;&#x1f1f7;<\/p>\n<p>Infos et live&#x27a1;&#xfe0f; <a href=\"https:\/\/t.co\/SW6BkxfD9Z\">https:\/\/t.co\/SW6BkxfD9Z<\/a> <a href=\"https:\/\/t.co\/Q7gtCGZub1\">pic.twitter.com\/Q7gtCGZub1<\/a><\/p>\n<p>\u2014 FranceLutte (@FFLutte) <a href=\"https:\/\/twitter.com\/FFLutte\/status\/1501511565815820289?ref_src=twsrc%5Etfw\">March 9, 2022<\/a><\/p><\/blockquote>\n<p><script async src=\"https:\/\/platform.twitter.com\/widgets.js\" charset=\"utf-8\"><\/script><\/p>\n<p style=\"text-align: justify;\">De retour en piste ce jeudi afin d\u2019y disputer sa demi-finale, la pensionnaire de l\u2019<strong>INSEP<\/strong> n\u2019a pas perdu la cadence en prenant le dessus sur la Turque, <strong>Zehra Demirhan<\/strong> (5-2). Assur\u00e9e d\u2019une m\u00e9daille, <strong>Emma Luttenauer<\/strong> a mis la cerise sur le g\u00e2teau en livrant une lutte solide pour \u00e9carter la Hongroise, <strong>Szimonetta Szeker<\/strong> (3-0). La joie est donc immense pour cette jeune femme qui repr\u00e9sente un bel espoir \u00e0 l\u2019avenir pour l\u2019\u00c9quipe de France.<\/p>\n<blockquote class=\"twitter-tweet\">\n<p dir=\"ltr\" lang=\"en\"><a href=\"https:\/\/twitter.com\/hashtag\/WrestlePlovdiv?src=hash&amp;ref_src=twsrc%5Etfw\">#WrestlePlovdiv<\/a><\/p>\n<p>Emma LUTTENAUER &#x1f1eb;&#x1f1f7; wins the 50kg &#x1f947;at U23 European Championships <a href=\"https:\/\/t.co\/qjHpFvUEsd\">pic.twitter.com\/qjHpFvUEsd<\/a><\/p>\n<p>\u2014 United World Wrestling (@wrestling) <a href=\"https:\/\/twitter.com\/wrestling\/status\/1501956738651762690?ref_src=twsrc%5Etfw\">March 10, 2022<\/a><\/p><\/blockquote>\n<p><script async src=\"https:\/\/platform.twitter.com\/widgets.js\" charset=\"utf-8\"><\/script><\/p>\n<p style=\"text-align: justify;\">A noter en attendant l\u2019entr\u00e9e en lice des comp\u00e9titeurs en lutte libre vendredi, deux espoirs de m\u00e9dailles sont \u00e0 surveiller c\u00f4t\u00e9 f\u00e9minin. En effet, si l\u2019or ou l\u2019argent sont d\u00e9j\u00e0 inaccessibles, <strong>Kendra Dacher<\/strong> (-72kg) et <strong>Ameline Douarre<\/strong> (-62kg) sont toujours en course pour une m\u00e9daille de bronze.<\/p>\n","protected":false},"excerpt":{"rendered":"<p>LUTTE \u2013 A Plodviv en Bulgarie pour y disputer les championnats d\u2019Europe U23, Emma Luttenauer a r\u00e9alis\u00e9 un parcours sans-faute. \u00c0 22 ans, la jeune athl\u00e8te fran\u00e7aise a remport\u00e9 le titre dans le cat\u00e9gorie des -50kg.<\/p>\n","protected":false},"author":55,"featured_media":206740,"comment_status":"open","ping_status":"closed","sticky":false,"template":"","format":"standard","meta":{"_acf_changed":false,"_daextam_enable_autolinks":"","footnotes":""},"categories":[12504],"tags":[1225],"class_list":["post-206735","post","type-post","status-publish","format-standard","has-post-thumbnail","hentry","category-lutte","tag-lutte"],"acf":[],"yoast_head":"<!-- This site is optimized with the Yoast SEO Premium plugin v26.7 (Yoast SEO v26.7) - https:\/\/yoast.com\/wordpress\/plugins\/seo\/ -->\n<title>Lutte\u00a0: Emma Luttenauer d\u00e9croche l\u2019or aux championnats d\u2019Europe U23<\/title>\n<meta name=\"description\" content=\"La lutteuse fran\u00e7aise Emma Luttenauer a d\u00e9croch\u00e9 la m\u00e9daille d&#039;or ce jeudi aux Championnats d&#039;Europe U23 de Plodviv.\" \/>\n<meta name=\"robots\" content=\"index, follow, max-snippet:-1, max-image-preview:large, max-video-preview:-1\" \/>\n<link rel=\"canonical\" href=\"https:\/\/dicodusport.fr\/blog\/lutte-emma-luttenauer-decroche-lor-aux-championnats-deurope-u23\/\" \/>\n<meta property=\"og:locale\" content=\"fr_FR\" \/>\n<meta property=\"og:type\" content=\"article\" \/>\n<meta property=\"og:title\" content=\"Lutte\u00a0: Emma Luttenauer d\u00e9croche l\u2019or aux championnats d\u2019Europe U23\" \/>\n<meta property=\"og:description\" content=\"La lutteuse fran\u00e7aise Emma Luttenauer a d\u00e9croch\u00e9 la m\u00e9daille d&#039;or ce jeudi aux Championnats d&#039;Europe U23 de Plodviv.\" \/>\n<meta property=\"og:url\" content=\"https:\/\/dicodusport.fr\/blog\/lutte-emma-luttenauer-decroche-lor-aux-championnats-deurope-u23\/\" \/>\n<meta property=\"og:site_name\" content=\"Dicodusport\" \/>\n<meta property=\"article:publisher\" content=\"https:\/\/www.facebook.com\/dicodusport\" \/>\n<meta property=\"article:published_time\" content=\"2022-03-10T17:56:06+00:00\" \/>\n<meta property=\"og:image\" content=\"https:\/\/dicodusport.fr\/blog\/wp-content\/uploads\/2022\/03\/Lutte-Emma-Luttenauer-decroche-lor-aux-championnats-dEurope-U23.png\" \/>\n\t<meta property=\"og:image:width\" content=\"800\" \/>\n\t<meta property=\"og:image:height\" content=\"445\" \/>\n\t<meta property=\"og:image:type\" content=\"image\/png\" \/>\n<meta name=\"author\" content=\"Maxime Cazenave\" \/>\n<meta name=\"twitter:card\" content=\"summary_large_image\" \/>\n<meta name=\"twitter:title\" content=\"Lutte\u00a0: Emma Luttenauer d\u00e9croche l\u2019or aux championnats d\u2019Europe U23\" \/>\n<meta name=\"twitter:creator\" content=\"@https:\/\/twitter.com\/Maxime_Caze\" \/>\n<meta name=\"twitter:site\" content=\"@dicodusport\" \/>\n<script type=\"application\/ld+json\" class=\"yoast-schema-graph\">{\"@context\":\"https:\/\/schema.org\",\"@graph\":[{\"@type\":\"NewsArticle\",\"@id\":\"https:\/\/dicodusport.fr\/blog\/lutte-emma-luttenauer-decroche-lor-aux-championnats-deurope-u23\/#article\",\"isPartOf\":{\"@id\":\"https:\/\/dicodusport.fr\/blog\/lutte-emma-luttenauer-decroche-lor-aux-championnats-deurope-u23\/\"},\"author\":{\"name\":\"Maxime Cazenave\",\"@id\":\"https:\/\/dicodusport.fr\/blog\/#\/schema\/person\/37def232098a7a5cbab3974a3690abb0\"},\"headline\":\"Lutte\u00a0: Emma Luttenauer d\u00e9croche l\u2019or aux championnats d\u2019Europe U23\",\"datePublished\":\"2022-03-10T17:56:06+00:00\",\"mainEntityOfPage\":{\"@id\":\"https:\/\/dicodusport.fr\/blog\/lutte-emma-luttenauer-decroche-lor-aux-championnats-deurope-u23\/\"},\"wordCount\":467,\"commentCount\":0,\"publisher\":{\"@id\":\"https:\/\/dicodusport.fr\/blog\/#organization\"},\"image\":{\"@id\":\"https:\/\/dicodusport.fr\/blog\/lutte-emma-luttenauer-decroche-lor-aux-championnats-deurope-u23\/#primaryimage\"},\"thumbnailUrl\":\"https:\/\/dicodusport.fr\/blog\/wp-content\/uploads\/2022\/03\/Lutte-Emma-Luttenauer-decroche-lor-aux-championnats-dEurope-U23.png\",\"keywords\":[\"lutte\"],\"articleSection\":[\"Lutte\"],\"inLanguage\":\"fr-FR\",\"potentialAction\":[{\"@type\":\"CommentAction\",\"name\":\"Comment\",\"target\":[\"https:\/\/dicodusport.fr\/blog\/lutte-emma-luttenauer-decroche-lor-aux-championnats-deurope-u23\/#respond\"]}],\"copyrightYear\":\"2022\",\"copyrightHolder\":{\"@id\":\"https:\/\/dicodusport.fr\/blog\/#organization\"}},{\"@type\":\"WebPage\",\"@id\":\"https:\/\/dicodusport.fr\/blog\/lutte-emma-luttenauer-decroche-lor-aux-championnats-deurope-u23\/\",\"url\":\"https:\/\/dicodusport.fr\/blog\/lutte-emma-luttenauer-decroche-lor-aux-championnats-deurope-u23\/\",\"name\":\"Lutte\u00a0: Emma Luttenauer d\u00e9croche l\u2019or aux championnats d\u2019Europe U23\",\"isPartOf\":{\"@id\":\"https:\/\/dicodusport.fr\/blog\/#website\"},\"primaryImageOfPage\":{\"@id\":\"https:\/\/dicodusport.fr\/blog\/lutte-emma-luttenauer-decroche-lor-aux-championnats-deurope-u23\/#primaryimage\"},\"image\":{\"@id\":\"https:\/\/dicodusport.fr\/blog\/lutte-emma-luttenauer-decroche-lor-aux-championnats-deurope-u23\/#primaryimage\"},\"thumbnailUrl\":\"https:\/\/dicodusport.fr\/blog\/wp-content\/uploads\/2022\/03\/Lutte-Emma-Luttenauer-decroche-lor-aux-championnats-dEurope-U23.png\",\"datePublished\":\"2022-03-10T17:56:06+00:00\",\"description\":\"La lutteuse fran\u00e7aise Emma Luttenauer a d\u00e9croch\u00e9 la m\u00e9daille d'or ce jeudi aux Championnats d'Europe U23 de Plodviv.\",\"breadcrumb\":{\"@id\":\"https:\/\/dicodusport.fr\/blog\/lutte-emma-luttenauer-decroche-lor-aux-championnats-deurope-u23\/#breadcrumb\"},\"inLanguage\":\"fr-FR\",\"potentialAction\":[{\"@type\":\"ReadAction\",\"target\":[\"https:\/\/dicodusport.fr\/blog\/lutte-emma-luttenauer-decroche-lor-aux-championnats-deurope-u23\/\"]}]},{\"@type\":\"ImageObject\",\"inLanguage\":\"fr-FR\",\"@id\":\"https:\/\/dicodusport.fr\/blog\/lutte-emma-luttenauer-decroche-lor-aux-championnats-deurope-u23\/#primaryimage\",\"url\":\"https:\/\/dicodusport.fr\/blog\/wp-content\/uploads\/2022\/03\/Lutte-Emma-Luttenauer-decroche-lor-aux-championnats-dEurope-U23.png\",\"contentUrl\":\"https:\/\/dicodusport.fr\/blog\/wp-content\/uploads\/2022\/03\/Lutte-Emma-Luttenauer-decroche-lor-aux-championnats-dEurope-U23.png\",\"width\":800,\"height\":445,\"caption\":\"Lutte\u00a0 Emma Luttenauer d\u00e9croche l\u2019or aux championnats d\u2019Europe U23\"},{\"@type\":\"BreadcrumbList\",\"@id\":\"https:\/\/dicodusport.fr\/blog\/lutte-emma-luttenauer-decroche-lor-aux-championnats-deurope-u23\/#breadcrumb\",\"itemListElement\":[{\"@type\":\"ListItem\",\"position\":1,\"name\":\"Accueil\",\"item\":\"https:\/\/dicodusport.fr\/blog\/\"},{\"@type\":\"ListItem\",\"position\":2,\"name\":\"Lutte\u00a0: Emma Luttenauer d\u00e9croche l\u2019or aux championnats d\u2019Europe U23\"}]},{\"@type\":\"WebSite\",\"@id\":\"https:\/\/dicodusport.fr\/blog\/#website\",\"url\":\"https:\/\/dicodusport.fr\/blog\/\",\"name\":\"Dicodusport\",\"description\":\"L&#039;encyclop\u00e9die de l&#039;actualit\u00e9 sportive\",\"publisher\":{\"@id\":\"https:\/\/dicodusport.fr\/blog\/#organization\"},\"potentialAction\":[{\"@type\":\"SearchAction\",\"target\":{\"@type\":\"EntryPoint\",\"urlTemplate\":\"https:\/\/dicodusport.fr\/blog\/?s={search_term_string}\"},\"query-input\":{\"@type\":\"PropertyValueSpecification\",\"valueRequired\":true,\"valueName\":\"search_term_string\"}}],\"inLanguage\":\"fr-FR\"},{\"@type\":\"NewsMediaOrganization\",\"@id\":\"https:\/\/dicodusport.fr\/blog\/#organization\",\"name\":\"Dicodusport\",\"url\":\"https:\/\/dicodusport.fr\/blog\/\",\"logo\":{\"@type\":\"ImageObject\",\"inLanguage\":\"fr-FR\",\"@id\":\"https:\/\/dicodusport.fr\/blog\/#\/schema\/logo\/image\/\",\"url\":\"https:\/\/dicodusport.fr\/blog\/wp-content\/uploads\/2020\/06\/cropped-LOGO-DICODUSPORT-2020-SANS-FOND-SANS-TEXTE.png\",\"contentUrl\":\"https:\/\/dicodusport.fr\/blog\/wp-content\/uploads\/2020\/06\/cropped-LOGO-DICODUSPORT-2020-SANS-FOND-SANS-TEXTE.png\",\"width\":512,\"height\":512,\"caption\":\"Dicodusport\"},\"image\":{\"@id\":\"https:\/\/dicodusport.fr\/blog\/#\/schema\/logo\/image\/\"},\"sameAs\":[\"https:\/\/www.facebook.com\/dicodusport\",\"https:\/\/x.com\/dicodusport\",\"https:\/\/www.instagram.com\/dicodusport\/\",\"https:\/\/www.youtube.com\/channel\/UC7V2KZ5sd3htJivAbA4ZG3w\"],\"description\":\"Dicodusport est l'encyclop\u00e9die de l'actualit\u00e9 sportive.\",\"email\":\"bonjour@dicodusport.fr\",\"legalName\":\"DICODUSPORT\",\"foundingDate\":\"2018-01-14\",\"vatID\":\"FR71834470973\",\"taxID\":\"83447097300043\",\"numberOfEmployees\":{\"@type\":\"QuantitativeValue\",\"minValue\":\"1\",\"maxValue\":\"10\"}},{\"@type\":\"Person\",\"@id\":\"https:\/\/dicodusport.fr\/blog\/#\/schema\/person\/37def232098a7a5cbab3974a3690abb0\",\"name\":\"Maxime Cazenave\",\"image\":{\"@type\":\"ImageObject\",\"inLanguage\":\"fr-FR\",\"@id\":\"https:\/\/dicodusport.fr\/blog\/#\/schema\/person\/image\/\",\"url\":\"https:\/\/dicodusport.fr\/blog\/wp-content\/uploads\/2021\/05\/Maxime-Cazenave-150x150.jpg\",\"contentUrl\":\"https:\/\/dicodusport.fr\/blog\/wp-content\/uploads\/2021\/05\/Maxime-Cazenave-150x150.jpg\",\"caption\":\"Maxime Cazenave\"},\"description\":\"Journaliste\/R\u00e9dacteur depuis 2012 - Berc\u00e9 par l\u2019amour des Girondins de Bordeaux, les \u00e9checs de Christophe Moreau sur le Tour de France sous l'\u00e8re Lance Armstrong et le fade-away l\u00e9tal de Dirk Nowitzki, ma passion d\u00e9vorante pour le sport a toujours \u00e9t\u00e9 un pan incontournable de ma vie. Transmettre ma passion \u00e0 l\u2019\u00e9crit a \u00e9t\u00e9 une transition naturelle. Suiveur assidu de basket et de hockey sur glace, je garde toujours un peu de place pour suivre le cyclisme, le football et le maximum de performances fran\u00e7aises.\",\"sameAs\":[\"https:\/\/x.com\/https:\/\/twitter.com\/Maxime_Caze\"],\"url\":\"https:\/\/dicodusport.fr\/blog\/author\/maximec\/\"}]}<\/script>\n<!-- \/ Yoast SEO Premium plugin. -->","yoast_head_json":{"title":"Lutte\u00a0: Emma Luttenauer d\u00e9croche l\u2019or aux championnats d\u2019Europe U23","description":"La lutteuse fran\u00e7aise Emma Luttenauer a d\u00e9croch\u00e9 la m\u00e9daille d'or ce jeudi aux Championnats d'Europe U23 de Plodviv.","robots":{"index":"index","follow":"follow","max-snippet":"max-snippet:-1","max-image-preview":"max-image-preview:large","max-video-preview":"max-video-preview:-1"},"canonical":"https:\/\/dicodusport.fr\/blog\/lutte-emma-luttenauer-decroche-lor-aux-championnats-deurope-u23\/","og_locale":"fr_FR","og_type":"article","og_title":"Lutte\u00a0: Emma Luttenauer d\u00e9croche l\u2019or aux championnats d\u2019Europe U23","og_description":"La lutteuse fran\u00e7aise Emma Luttenauer a d\u00e9croch\u00e9 la m\u00e9daille d'or ce jeudi aux Championnats d'Europe U23 de Plodviv.","og_url":"https:\/\/dicodusport.fr\/blog\/lutte-emma-luttenauer-decroche-lor-aux-championnats-deurope-u23\/","og_site_name":"Dicodusport","article_publisher":"https:\/\/www.facebook.com\/dicodusport","article_published_time":"2022-03-10T17:56:06+00:00","og_image":[{"width":800,"height":445,"url":"https:\/\/dicodusport.fr\/blog\/wp-content\/uploads\/2022\/03\/Lutte-Emma-Luttenauer-decroche-lor-aux-championnats-dEurope-U23.png","type":"image\/png"}],"author":"Maxime Cazenave","twitter_card":"summary_large_image","twitter_title":"Lutte\u00a0: Emma Luttenauer d\u00e9croche l\u2019or aux championnats d\u2019Europe U23","twitter_creator":"@https:\/\/twitter.com\/Maxime_Caze","twitter_site":"@dicodusport","schema":{"@context":"https:\/\/schema.org","@graph":[{"@type":"NewsArticle","@id":"https:\/\/dicodusport.fr\/blog\/lutte-emma-luttenauer-decroche-lor-aux-championnats-deurope-u23\/#article","isPartOf":{"@id":"https:\/\/dicodusport.fr\/blog\/lutte-emma-luttenauer-decroche-lor-aux-championnats-deurope-u23\/"},"author":{"name":"Maxime Cazenave","@id":"https:\/\/dicodusport.fr\/blog\/#\/schema\/person\/37def232098a7a5cbab3974a3690abb0"},"headline":"Lutte\u00a0: Emma Luttenauer d\u00e9croche l\u2019or aux championnats d\u2019Europe U23","datePublished":"2022-03-10T17:56:06+00:00","mainEntityOfPage":{"@id":"https:\/\/dicodusport.fr\/blog\/lutte-emma-luttenauer-decroche-lor-aux-championnats-deurope-u23\/"},"wordCount":467,"commentCount":0,"publisher":{"@id":"https:\/\/dicodusport.fr\/blog\/#organization"},"image":{"@id":"https:\/\/dicodusport.fr\/blog\/lutte-emma-luttenauer-decroche-lor-aux-championnats-deurope-u23\/#primaryimage"},"thumbnailUrl":"https:\/\/dicodusport.fr\/blog\/wp-content\/uploads\/2022\/03\/Lutte-Emma-Luttenauer-decroche-lor-aux-championnats-dEurope-U23.png","keywords":["lutte"],"articleSection":["Lutte"],"inLanguage":"fr-FR","potentialAction":[{"@type":"CommentAction","name":"Comment","target":["https:\/\/dicodusport.fr\/blog\/lutte-emma-luttenauer-decroche-lor-aux-championnats-deurope-u23\/#respond"]}],"copyrightYear":"2022","copyrightHolder":{"@id":"https:\/\/dicodusport.fr\/blog\/#organization"}},{"@type":"WebPage","@id":"https:\/\/dicodusport.fr\/blog\/lutte-emma-luttenauer-decroche-lor-aux-championnats-deurope-u23\/","url":"https:\/\/dicodusport.fr\/blog\/lutte-emma-luttenauer-decroche-lor-aux-championnats-deurope-u23\/","name":"Lutte\u00a0: Emma Luttenauer d\u00e9croche l\u2019or aux championnats d\u2019Europe U23","isPartOf":{"@id":"https:\/\/dicodusport.fr\/blog\/#website"},"primaryImageOfPage":{"@id":"https:\/\/dicodusport.fr\/blog\/lutte-emma-luttenauer-decroche-lor-aux-championnats-deurope-u23\/#primaryimage"},"image":{"@id":"https:\/\/dicodusport.fr\/blog\/lutte-emma-luttenauer-decroche-lor-aux-championnats-deurope-u23\/#primaryimage"},"thumbnailUrl":"https:\/\/dicodusport.fr\/blog\/wp-content\/uploads\/2022\/03\/Lutte-Emma-Luttenauer-decroche-lor-aux-championnats-dEurope-U23.png","datePublished":"2022-03-10T17:56:06+00:00","description":"La lutteuse fran\u00e7aise Emma Luttenauer a d\u00e9croch\u00e9 la m\u00e9daille d'or ce jeudi aux Championnats d'Europe U23 de Plodviv.","breadcrumb":{"@id":"https:\/\/dicodusport.fr\/blog\/lutte-emma-luttenauer-decroche-lor-aux-championnats-deurope-u23\/#breadcrumb"},"inLanguage":"fr-FR","potentialAction":[{"@type":"ReadAction","target":["https:\/\/dicodusport.fr\/blog\/lutte-emma-luttenauer-decroche-lor-aux-championnats-deurope-u23\/"]}]},{"@type":"ImageObject","inLanguage":"fr-FR","@id":"https:\/\/dicodusport.fr\/blog\/lutte-emma-luttenauer-decroche-lor-aux-championnats-deurope-u23\/#primaryimage","url":"https:\/\/dicodusport.fr\/blog\/wp-content\/uploads\/2022\/03\/Lutte-Emma-Luttenauer-decroche-lor-aux-championnats-dEurope-U23.png","contentUrl":"https:\/\/dicodusport.fr\/blog\/wp-content\/uploads\/2022\/03\/Lutte-Emma-Luttenauer-decroche-lor-aux-championnats-dEurope-U23.png","width":800,"height":445,"caption":"Lutte\u00a0 Emma Luttenauer d\u00e9croche l\u2019or aux championnats d\u2019Europe U23"},{"@type":"BreadcrumbList","@id":"https:\/\/dicodusport.fr\/blog\/lutte-emma-luttenauer-decroche-lor-aux-championnats-deurope-u23\/#breadcrumb","itemListElement":[{"@type":"ListItem","position":1,"name":"Accueil","item":"https:\/\/dicodusport.fr\/blog\/"},{"@type":"ListItem","position":2,"name":"Lutte\u00a0: Emma Luttenauer d\u00e9croche l\u2019or aux championnats d\u2019Europe U23"}]},{"@type":"WebSite","@id":"https:\/\/dicodusport.fr\/blog\/#website","url":"https:\/\/dicodusport.fr\/blog\/","name":"Dicodusport","description":"L&#039;encyclop\u00e9die de l&#039;actualit\u00e9 sportive","publisher":{"@id":"https:\/\/dicodusport.fr\/blog\/#organization"},"potentialAction":[{"@type":"SearchAction","target":{"@type":"EntryPoint","urlTemplate":"https:\/\/dicodusport.fr\/blog\/?s={search_term_string}"},"query-input":{"@type":"PropertyValueSpecification","valueRequired":true,"valueName":"search_term_string"}}],"inLanguage":"fr-FR"},{"@type":"NewsMediaOrganization","@id":"https:\/\/dicodusport.fr\/blog\/#organization","name":"Dicodusport","url":"https:\/\/dicodusport.fr\/blog\/","logo":{"@type":"ImageObject","inLanguage":"fr-FR","@id":"https:\/\/dicodusport.fr\/blog\/#\/schema\/logo\/image\/","url":"https:\/\/dicodusport.fr\/blog\/wp-content\/uploads\/2020\/06\/cropped-LOGO-DICODUSPORT-2020-SANS-FOND-SANS-TEXTE.png","contentUrl":"https:\/\/dicodusport.fr\/blog\/wp-content\/uploads\/2020\/06\/cropped-LOGO-DICODUSPORT-2020-SANS-FOND-SANS-TEXTE.png","width":512,"height":512,"caption":"Dicodusport"},"image":{"@id":"https:\/\/dicodusport.fr\/blog\/#\/schema\/logo\/image\/"},"sameAs":["https:\/\/www.facebook.com\/dicodusport","https:\/\/x.com\/dicodusport","https:\/\/www.instagram.com\/dicodusport\/","https:\/\/www.youtube.com\/channel\/UC7V2KZ5sd3htJivAbA4ZG3w"],"description":"Dicodusport est l'encyclop\u00e9die de l'actualit\u00e9 sportive.","email":"bonjour@dicodusport.fr","legalName":"DICODUSPORT","foundingDate":"2018-01-14","vatID":"FR71834470973","taxID":"83447097300043","numberOfEmployees":{"@type":"QuantitativeValue","minValue":"1","maxValue":"10"}},{"@type":"Person","@id":"https:\/\/dicodusport.fr\/blog\/#\/schema\/person\/37def232098a7a5cbab3974a3690abb0","name":"Maxime Cazenave","image":{"@type":"ImageObject","inLanguage":"fr-FR","@id":"https:\/\/dicodusport.fr\/blog\/#\/schema\/person\/image\/","url":"https:\/\/dicodusport.fr\/blog\/wp-content\/uploads\/2021\/05\/Maxime-Cazenave-150x150.jpg","contentUrl":"https:\/\/dicodusport.fr\/blog\/wp-content\/uploads\/2021\/05\/Maxime-Cazenave-150x150.jpg","caption":"Maxime Cazenave"},"description":"Journaliste\/R\u00e9dacteur depuis 2012 - Berc\u00e9 par l\u2019amour des Girondins de Bordeaux, les \u00e9checs de Christophe Moreau sur le Tour de France sous l'\u00e8re Lance Armstrong et le fade-away l\u00e9tal de Dirk Nowitzki, ma passion d\u00e9vorante pour le sport a toujours \u00e9t\u00e9 un pan incontournable de ma vie. Transmettre ma passion \u00e0 l\u2019\u00e9crit a \u00e9t\u00e9 une transition naturelle. Suiveur assidu de basket et de hockey sur glace, je garde toujours un peu de place pour suivre le cyclisme, le football et le maximum de performances fran\u00e7aises.","sameAs":["https:\/\/x.com\/https:\/\/twitter.com\/Maxime_Caze"],"url":"https:\/\/dicodusport.fr\/blog\/author\/maximec\/"}]}},"_links":{"self":[{"href":"https:\/\/dicodusport.fr\/blog\/wp-json\/wp\/v2\/posts\/206735","targetHints":{"allow":["GET"]}}],"collection":[{"href":"https:\/\/dicodusport.fr\/blog\/wp-json\/wp\/v2\/posts"}],"about":[{"href":"https:\/\/dicodusport.fr\/blog\/wp-json\/wp\/v2\/types\/post"}],"author":[{"embeddable":true,"href":"https:\/\/dicodusport.fr\/blog\/wp-json\/wp\/v2\/users\/55"}],"replies":[{"embeddable":true,"href":"https:\/\/dicodusport.fr\/blog\/wp-json\/wp\/v2\/comments?post=206735"}],"version-history":[{"count":0,"href":"https:\/\/dicodusport.fr\/blog\/wp-json\/wp\/v2\/posts\/206735\/revisions"}],"wp:featuredmedia":[{"embeddable":true,"href":"https:\/\/dicodusport.fr\/blog\/wp-json\/wp\/v2\/media\/206740"}],"wp:attachment":[{"href":"https:\/\/dicodusport.fr\/blog\/wp-json\/wp\/v2\/media?parent=206735"}],"wp:term":[{"taxonomy":"category","embeddable":true,"href":"https:\/\/dicodusport.fr\/blog\/wp-json\/wp\/v2\/categories?post=206735"},{"taxonomy":"post_tag","embeddable":true,"href":"https:\/\/dicodusport.fr\/blog\/wp-json\/wp\/v2\/tags?post=206735"}],"curies":[{"name":"wp","href":"https:\/\/api.w.org\/{rel}","templated":true}]}}