{"id":20678,"date":"2018-06-21T18:56:23","date_gmt":"2018-06-21T16:56:23","guid":{"rendered":"http:\/\/dicodusport.fr\/blog\/?p=20678"},"modified":"2018-06-21T19:28:48","modified_gmt":"2018-06-21T17:28:48","slug":"france-perou-1-0-les-notes-des-bleus","status":"publish","type":"post","link":"https:\/\/dicodusport.fr\/blog\/france-perou-1-0-les-notes-des-bleus\/","title":{"rendered":"France &#8211; P\u00e9rou (1-0) : les notes des Bleus"},"content":{"rendered":"<p style=\"text-align: justify;\"><em><strong>Les Bleus se sont qualifi\u00e9s pour les huiti\u00e8mes de finale de la Coupe du monde gr\u00e2ce \u00e0 leur victoire 1 \u00e0 0 face au P\u00e9rou, voici les notes des joueurs tricolores.\u00a0<\/strong><\/em><\/p>\n<p style=\"text-align: justify;\"><strong>Hugo Lloris\u00a0&#8211; 6<\/strong>\u00a0: D\u00e9cisif le peu de fois o\u00f9 il a \u00e9t\u00e9 sollicit\u00e9 et sauv\u00e9 par son \u00e9querre en d\u00e9but de seconde mi-temps, le portier fran\u00e7ais a r\u00e9ussi sa 100\u00e8me.<\/p>\n<p style=\"text-align: justify;\"><strong>Benjamin Pavard &#8211; 6\u00a0<\/strong>: Peu d&rsquo;opportunit\u00e9s de se montrer offensivement mais propre en d\u00e9fense.<\/p>\n<p style=\"text-align: justify;\"><strong>Rapha\u00ebl Varane &#8211; 7<\/strong>\u00a0: Le meilleur d\u00e9fenseur fran\u00e7ais, il a r\u00e9pondu pr\u00e9sent face au d\u00e9fi physique de Paulo Guerrero.<\/p>\n<p style=\"text-align: justify;\"><strong>Samuel Umtiti &#8211; 6<\/strong>\u00a0: D\u00e9pass\u00e9 une fois par un contr\u00f4le de Guerrero, le reste de son match est appliqu\u00e9.<\/p>\n<p style=\"text-align: justify;\"><strong>Lucas Hernandez &#8211; 6<\/strong>\u00a0: Une grosse opportunit\u00e9 de marquer son premier but en s\u00e9lection en fin de premi\u00e8re mi-temps et un match satisfaisant d\u00e9fensivement.<\/p>\n<p style=\"text-align: justify;\"><strong>N&rsquo;Golo Kant\u00e9 &#8211; 7<\/strong>\u00a0: Il aspire les ballons, il est indispensable aux Bleus dans la r\u00e9cup\u00e9ration mais aussi dans la premi\u00e8re relance. \u00c9norme !<\/p>\n<p style=\"text-align: justify;\"><strong>Paul Pogba &#8211; 6<\/strong>\u00a0: Une tr\u00e8s bonne premi\u00e8re mi-temps, un peu moins en vue ensuite. On veut voir plus souvent le Pogba des 45 premi\u00e8res minutes.<\/p>\n<p style=\"text-align: justify;\"><strong>Blaise Matuidi &#8211; 3<\/strong>\u00a0: Align\u00e9 \u00e0 un poste o\u00f9 il ne joue jamais, le Fran\u00e7ais, averti tr\u00e8s vite dans la partie, a sembl\u00e9 perdu la plupart du temps sur le terrain. M\u00eame d\u00e9fensivement, il a souvent \u00e9t\u00e9 d\u00e9pass\u00e9 par son adverse direct. Difficile de lui en vouloir, ce n&rsquo;est pas son poste.<\/p>\n<p style=\"text-align: justify;\"><strong>Antoine Griezmann &#8211; 4<\/strong>\u00a0: Quelques bonnes combinaisons entre les lignes mais on attend mieux de lui. Le joueur de l&rsquo;Atl\u00e9tico n&rsquo;est pas encore rentr\u00e9 dans sa comp\u00e9tition.<\/p>\n<p style=\"text-align: justify;\"><strong>Kylian Mbapp\u00e9 &#8211; 6<\/strong>\u00a0: Ses trente premi\u00e8res minutes sont \u00e0 oublier. Ensuite, il marque et cela l&rsquo;a lib\u00e9r\u00e9, plus en vue jusqu&rsquo;\u00e0 sa sortie \u00e0 la 75\u00e8me<\/p>\n<p style=\"text-align: justify;\"><strong>Olivier Giroud &#8211; 6<\/strong> : Il a tr\u00e8s bien fait ce qu&rsquo;il sait faire, jouer en remise et cr\u00e9er des d\u00e9calages. Sa frappe contr\u00e9e am\u00e8ne le but fran\u00e7ais. Pr\u00e9cieux dans ce match.<\/p>\n<p style=\"text-align: justify;\"><img loading=\"lazy\" decoding=\"async\" class=\"alignnone size-full wp-image-20688\" src=\"http:\/\/dicodusport.fr\/blog\/wp-content\/uploads\/2018\/06\/Notes-France-Pe\u0301rou.png\" alt=\"Notes France Pe\u0301rou\" width=\"800\" height=\"800\" srcset=\"https:\/\/dicodusport.fr\/blog\/wp-content\/uploads\/2018\/06\/Notes-France-Pe\u0301rou.png 800w, https:\/\/dicodusport.fr\/blog\/wp-content\/uploads\/2018\/06\/Notes-France-Pe\u0301rou-150x150.png 150w, https:\/\/dicodusport.fr\/blog\/wp-content\/uploads\/2018\/06\/Notes-France-Pe\u0301rou-300x300.png 300w, https:\/\/dicodusport.fr\/blog\/wp-content\/uploads\/2018\/06\/Notes-France-Pe\u0301rou-768x768.png 768w\" sizes=\"auto, (max-width: 800px) 100vw, 800px\" \/><\/p>\n<p style=\"text-align: justify;\"><em><strong>Nicolas Jacquemard<\/strong><br \/>\n<\/em><a style=\"color: #000000;\" href=\"https:\/\/twitter.com\/Nico_Jacquemard\" target=\"_blank\" rel=\"noopener noreferrer\"><img loading=\"lazy\" decoding=\"async\" class=\"alignnone wp-image-2908\" src=\"http:\/\/dicodusport.fr\/blog\/wp-content\/uploads\/2017\/07\/logo-twitter-150x150.png\" alt=\"\" width=\"39\" height=\"39\" \/><\/a><a style=\"color: #000000;\" href=\"https:\/\/www.facebook.com\/dicodusport\/\" target=\"_blank\" rel=\"noopener noreferrer\"><img loading=\"lazy\" decoding=\"async\" class=\"alignnone wp-image-2909\" src=\"http:\/\/dicodusport.fr\/blog\/wp-content\/uploads\/2017\/07\/logo-facebook-150x150.png\" alt=\"\" width=\"40\" height=\"40\" \/><\/a><\/p>\n","protected":false},"excerpt":{"rendered":"<p>Les Bleus se sont qualifi\u00e9s pour les huiti\u00e8mes de finale de la Coupe du monde gr\u00e2ce \u00e0 leur victoire 1 \u00e0 0 face au P\u00e9rou, voici les notes des joueurs tricolores.\u00a0<\/p>\n","protected":false},"author":1,"featured_media":20687,"comment_status":"open","ping_status":"closed","sticky":false,"template":"","format":"standard","meta":{"_acf_changed":false,"_daextam_enable_autolinks":"","footnotes":""},"categories":[47043,2301],"tags":[1530,5184,199,75,30,196,5183,191],"class_list":["post-20678","post","type-post","status-publish","format-standard","has-post-thumbnail","hentry","category-coupe-du-monde-de-football","category-football","tag-coupe-du-monde","tag-dembele","tag-equipe-de-france","tag-football","tag-france","tag-griezmann","tag-mbappe","tag-pogba"],"acf":[],"yoast_head":"<!-- This site is optimized with the Yoast SEO Premium plugin v26.7 (Yoast SEO v26.7) - https:\/\/yoast.com\/wordpress\/plugins\/seo\/ -->\n<title>France - P\u00e9rou (1-0) : les notes des Bleus<\/title>\n<meta name=\"description\" content=\"Les Bleus se sont qualifi\u00e9s pour les huiti\u00e8mes de finale de la Coupe du monde gr\u00e2ce \u00e0 leur victoire 1 \u00e0 0 face au P\u00e9rou.\" \/>\n<meta name=\"robots\" content=\"index, follow, max-snippet:-1, max-image-preview:large, max-video-preview:-1\" \/>\n<link rel=\"canonical\" href=\"https:\/\/dicodusport.fr\/blog\/france-perou-1-0-les-notes-des-bleus\/\" \/>\n<meta property=\"og:locale\" content=\"fr_FR\" \/>\n<meta property=\"og:type\" content=\"article\" \/>\n<meta property=\"og:title\" content=\"France - P\u00e9rou (1-0) : les notes des Bleus\" \/>\n<meta property=\"og:description\" content=\"Les Bleus se sont qualifi\u00e9s pour les huiti\u00e8mes de finale de la Coupe du monde gr\u00e2ce \u00e0 leur victoire 1 \u00e0 0 face au P\u00e9rou.\" \/>\n<meta property=\"og:url\" content=\"https:\/\/dicodusport.fr\/blog\/france-perou-1-0-les-notes-des-bleus\/\" \/>\n<meta property=\"og:site_name\" content=\"Dicodusport\" \/>\n<meta property=\"article:publisher\" content=\"https:\/\/www.facebook.com\/dicodusport\" \/>\n<meta property=\"article:author\" content=\"https:\/\/www.facebook.com\/dicodusport\" \/>\n<meta property=\"article:published_time\" content=\"2018-06-21T16:56:23+00:00\" \/>\n<meta property=\"article:modified_time\" content=\"2018-06-21T17:28:48+00:00\" \/>\n<meta property=\"og:image\" content=\"https:\/\/dicodusport.fr\/blog\/wp-content\/uploads\/2018\/06\/Notes-France-Pe\u0301rou-couv.png\" \/>\n\t<meta property=\"og:image:width\" content=\"1200\" \/>\n\t<meta property=\"og:image:height\" content=\"670\" \/>\n\t<meta property=\"og:image:type\" content=\"image\/png\" \/>\n<meta name=\"author\" content=\"Nicolas Jacquemard\" \/>\n<meta name=\"twitter:card\" content=\"summary_large_image\" \/>\n<meta name=\"twitter:creator\" content=\"@https:\/\/twitter.com\/Nico_Jacquemard\" \/>\n<meta name=\"twitter:site\" content=\"@dicodusport\" \/>\n<script type=\"application\/ld+json\" class=\"yoast-schema-graph\">{\"@context\":\"https:\/\/schema.org\",\"@graph\":[{\"@type\":\"NewsArticle\",\"@id\":\"https:\/\/dicodusport.fr\/blog\/france-perou-1-0-les-notes-des-bleus\/#article\",\"isPartOf\":{\"@id\":\"https:\/\/dicodusport.fr\/blog\/france-perou-1-0-les-notes-des-bleus\/\"},\"author\":{\"name\":\"Nicolas Jacquemard\",\"@id\":\"https:\/\/dicodusport.fr\/blog\/#\/schema\/person\/55dcb50ad410894e431ed812bbb70191\"},\"headline\":\"France &#8211; P\u00e9rou (1-0) : les notes des Bleus\",\"datePublished\":\"2018-06-21T16:56:23+00:00\",\"dateModified\":\"2018-06-21T17:28:48+00:00\",\"mainEntityOfPage\":{\"@id\":\"https:\/\/dicodusport.fr\/blog\/france-perou-1-0-les-notes-des-bleus\/\"},\"wordCount\":366,\"commentCount\":0,\"publisher\":{\"@id\":\"https:\/\/dicodusport.fr\/blog\/#organization\"},\"image\":{\"@id\":\"https:\/\/dicodusport.fr\/blog\/france-perou-1-0-les-notes-des-bleus\/#primaryimage\"},\"thumbnailUrl\":\"https:\/\/dicodusport.fr\/blog\/wp-content\/uploads\/2018\/06\/Notes-France-Pe\u0301rou-couv.png\",\"keywords\":[\"Coupe du monde\",\"Demb\u00e9l\u00e9\",\"\u00c9quipe de France\",\"Football\",\"France\",\"Griezmann\",\"Mbappe\",\"pogba\"],\"articleSection\":[\"Coupe du monde de football\",\"Football\"],\"inLanguage\":\"fr-FR\",\"potentialAction\":[{\"@type\":\"CommentAction\",\"name\":\"Comment\",\"target\":[\"https:\/\/dicodusport.fr\/blog\/france-perou-1-0-les-notes-des-bleus\/#respond\"]}],\"copyrightYear\":\"2018\",\"copyrightHolder\":{\"@id\":\"https:\/\/dicodusport.fr\/blog\/#organization\"}},{\"@type\":\"WebPage\",\"@id\":\"https:\/\/dicodusport.fr\/blog\/france-perou-1-0-les-notes-des-bleus\/\",\"url\":\"https:\/\/dicodusport.fr\/blog\/france-perou-1-0-les-notes-des-bleus\/\",\"name\":\"France - P\u00e9rou (1-0) : les notes des Bleus\",\"isPartOf\":{\"@id\":\"https:\/\/dicodusport.fr\/blog\/#website\"},\"primaryImageOfPage\":{\"@id\":\"https:\/\/dicodusport.fr\/blog\/france-perou-1-0-les-notes-des-bleus\/#primaryimage\"},\"image\":{\"@id\":\"https:\/\/dicodusport.fr\/blog\/france-perou-1-0-les-notes-des-bleus\/#primaryimage\"},\"thumbnailUrl\":\"https:\/\/dicodusport.fr\/blog\/wp-content\/uploads\/2018\/06\/Notes-France-Pe\u0301rou-couv.png\",\"datePublished\":\"2018-06-21T16:56:23+00:00\",\"dateModified\":\"2018-06-21T17:28:48+00:00\",\"description\":\"Les Bleus se sont qualifi\u00e9s pour les huiti\u00e8mes de finale de la Coupe du monde gr\u00e2ce \u00e0 leur victoire 1 \u00e0 0 face au P\u00e9rou.\",\"breadcrumb\":{\"@id\":\"https:\/\/dicodusport.fr\/blog\/france-perou-1-0-les-notes-des-bleus\/#breadcrumb\"},\"inLanguage\":\"fr-FR\",\"potentialAction\":[{\"@type\":\"ReadAction\",\"target\":[\"https:\/\/dicodusport.fr\/blog\/france-perou-1-0-les-notes-des-bleus\/\"]}]},{\"@type\":\"ImageObject\",\"inLanguage\":\"fr-FR\",\"@id\":\"https:\/\/dicodusport.fr\/blog\/france-perou-1-0-les-notes-des-bleus\/#primaryimage\",\"url\":\"https:\/\/dicodusport.fr\/blog\/wp-content\/uploads\/2018\/06\/Notes-France-Pe\u0301rou-couv.png\",\"contentUrl\":\"https:\/\/dicodusport.fr\/blog\/wp-content\/uploads\/2018\/06\/Notes-France-Pe\u0301rou-couv.png\",\"width\":1200,\"height\":670},{\"@type\":\"BreadcrumbList\",\"@id\":\"https:\/\/dicodusport.fr\/blog\/france-perou-1-0-les-notes-des-bleus\/#breadcrumb\",\"itemListElement\":[{\"@type\":\"ListItem\",\"position\":1,\"name\":\"Accueil\",\"item\":\"https:\/\/dicodusport.fr\/blog\/\"},{\"@type\":\"ListItem\",\"position\":2,\"name\":\"France &#8211; P\u00e9rou (1-0) : les notes des Bleus\"}]},{\"@type\":\"WebSite\",\"@id\":\"https:\/\/dicodusport.fr\/blog\/#website\",\"url\":\"https:\/\/dicodusport.fr\/blog\/\",\"name\":\"Dicodusport\",\"description\":\"L&#039;encyclop\u00e9die de l&#039;actualit\u00e9 sportive\",\"publisher\":{\"@id\":\"https:\/\/dicodusport.fr\/blog\/#organization\"},\"potentialAction\":[{\"@type\":\"SearchAction\",\"target\":{\"@type\":\"EntryPoint\",\"urlTemplate\":\"https:\/\/dicodusport.fr\/blog\/?s={search_term_string}\"},\"query-input\":{\"@type\":\"PropertyValueSpecification\",\"valueRequired\":true,\"valueName\":\"search_term_string\"}}],\"inLanguage\":\"fr-FR\"},{\"@type\":\"NewsMediaOrganization\",\"@id\":\"https:\/\/dicodusport.fr\/blog\/#organization\",\"name\":\"Dicodusport\",\"url\":\"https:\/\/dicodusport.fr\/blog\/\",\"logo\":{\"@type\":\"ImageObject\",\"inLanguage\":\"fr-FR\",\"@id\":\"https:\/\/dicodusport.fr\/blog\/#\/schema\/logo\/image\/\",\"url\":\"https:\/\/dicodusport.fr\/blog\/wp-content\/uploads\/2020\/06\/cropped-LOGO-DICODUSPORT-2020-SANS-FOND-SANS-TEXTE.png\",\"contentUrl\":\"https:\/\/dicodusport.fr\/blog\/wp-content\/uploads\/2020\/06\/cropped-LOGO-DICODUSPORT-2020-SANS-FOND-SANS-TEXTE.png\",\"width\":512,\"height\":512,\"caption\":\"Dicodusport\"},\"image\":{\"@id\":\"https:\/\/dicodusport.fr\/blog\/#\/schema\/logo\/image\/\"},\"sameAs\":[\"https:\/\/www.facebook.com\/dicodusport\",\"https:\/\/x.com\/dicodusport\",\"https:\/\/www.instagram.com\/dicodusport\/\",\"https:\/\/www.youtube.com\/channel\/UC7V2KZ5sd3htJivAbA4ZG3w\"],\"description\":\"Dicodusport est l'encyclop\u00e9die de l'actualit\u00e9 sportive.\",\"email\":\"bonjour@dicodusport.fr\",\"legalName\":\"DICODUSPORT\",\"foundingDate\":\"2018-01-14\",\"vatID\":\"FR71834470973\",\"taxID\":\"83447097300043\",\"numberOfEmployees\":{\"@type\":\"QuantitativeValue\",\"minValue\":\"1\",\"maxValue\":\"10\"}},{\"@type\":\"Person\",\"@id\":\"https:\/\/dicodusport.fr\/blog\/#\/schema\/person\/55dcb50ad410894e431ed812bbb70191\",\"name\":\"Nicolas Jacquemard\",\"image\":{\"@type\":\"ImageObject\",\"inLanguage\":\"fr-FR\",\"@id\":\"https:\/\/dicodusport.fr\/blog\/#\/schema\/person\/image\/\",\"url\":\"https:\/\/dicodusport.fr\/blog\/wp-content\/uploads\/2021\/05\/Nicolas-Jacquemard-150x150.jpeg\",\"contentUrl\":\"https:\/\/dicodusport.fr\/blog\/wp-content\/uploads\/2021\/05\/Nicolas-Jacquemard-150x150.jpeg\",\"caption\":\"Nicolas Jacquemard\"},\"description\":\"Passionn\u00e9 de sport et entrepreneur depuis mes 18 ans, la cr\u00e9ation de Dicodusport m'a sembl\u00e9 \u00e9vidente pour participer \u00e0 la m\u00e9diatisation d'un plus grand nombre de sports. Le chemin est long mais avec une \u00e9quipe des plus motiv\u00e9es et les Jeux Olympiques de Paris 2024 en point de mire, nous y arriverons ! Journaliste dans le monde du sport depuis plus de 5 ans, je traite aussi bien de football, de rugby, de biathlon que de cyclisme.\",\"sameAs\":[\"https:\/\/www.facebook.com\/dicodusport\",\"https:\/\/x.com\/https:\/\/twitter.com\/Nico_Jacquemard\"],\"url\":\"https:\/\/dicodusport.fr\/blog\/author\/dicodusport\/\"}]}<\/script>\n<!-- \/ Yoast SEO Premium plugin. -->","yoast_head_json":{"title":"France - P\u00e9rou (1-0) : les notes des Bleus","description":"Les Bleus se sont qualifi\u00e9s pour les huiti\u00e8mes de finale de la Coupe du monde gr\u00e2ce \u00e0 leur victoire 1 \u00e0 0 face au P\u00e9rou.","robots":{"index":"index","follow":"follow","max-snippet":"max-snippet:-1","max-image-preview":"max-image-preview:large","max-video-preview":"max-video-preview:-1"},"canonical":"https:\/\/dicodusport.fr\/blog\/france-perou-1-0-les-notes-des-bleus\/","og_locale":"fr_FR","og_type":"article","og_title":"France - P\u00e9rou (1-0) : les notes des Bleus","og_description":"Les Bleus se sont qualifi\u00e9s pour les huiti\u00e8mes de finale de la Coupe du monde gr\u00e2ce \u00e0 leur victoire 1 \u00e0 0 face au P\u00e9rou.","og_url":"https:\/\/dicodusport.fr\/blog\/france-perou-1-0-les-notes-des-bleus\/","og_site_name":"Dicodusport","article_publisher":"https:\/\/www.facebook.com\/dicodusport","article_author":"https:\/\/www.facebook.com\/dicodusport","article_published_time":"2018-06-21T16:56:23+00:00","article_modified_time":"2018-06-21T17:28:48+00:00","og_image":[{"width":1200,"height":670,"url":"https:\/\/dicodusport.fr\/blog\/wp-content\/uploads\/2018\/06\/Notes-France-Pe\u0301rou-couv.png","type":"image\/png"}],"author":"Nicolas Jacquemard","twitter_card":"summary_large_image","twitter_creator":"@https:\/\/twitter.com\/Nico_Jacquemard","twitter_site":"@dicodusport","schema":{"@context":"https:\/\/schema.org","@graph":[{"@type":"NewsArticle","@id":"https:\/\/dicodusport.fr\/blog\/france-perou-1-0-les-notes-des-bleus\/#article","isPartOf":{"@id":"https:\/\/dicodusport.fr\/blog\/france-perou-1-0-les-notes-des-bleus\/"},"author":{"name":"Nicolas Jacquemard","@id":"https:\/\/dicodusport.fr\/blog\/#\/schema\/person\/55dcb50ad410894e431ed812bbb70191"},"headline":"France &#8211; P\u00e9rou (1-0) : les notes des Bleus","datePublished":"2018-06-21T16:56:23+00:00","dateModified":"2018-06-21T17:28:48+00:00","mainEntityOfPage":{"@id":"https:\/\/dicodusport.fr\/blog\/france-perou-1-0-les-notes-des-bleus\/"},"wordCount":366,"commentCount":0,"publisher":{"@id":"https:\/\/dicodusport.fr\/blog\/#organization"},"image":{"@id":"https:\/\/dicodusport.fr\/blog\/france-perou-1-0-les-notes-des-bleus\/#primaryimage"},"thumbnailUrl":"https:\/\/dicodusport.fr\/blog\/wp-content\/uploads\/2018\/06\/Notes-France-Pe\u0301rou-couv.png","keywords":["Coupe du monde","Demb\u00e9l\u00e9","\u00c9quipe de France","Football","France","Griezmann","Mbappe","pogba"],"articleSection":["Coupe du monde de football","Football"],"inLanguage":"fr-FR","potentialAction":[{"@type":"CommentAction","name":"Comment","target":["https:\/\/dicodusport.fr\/blog\/france-perou-1-0-les-notes-des-bleus\/#respond"]}],"copyrightYear":"2018","copyrightHolder":{"@id":"https:\/\/dicodusport.fr\/blog\/#organization"}},{"@type":"WebPage","@id":"https:\/\/dicodusport.fr\/blog\/france-perou-1-0-les-notes-des-bleus\/","url":"https:\/\/dicodusport.fr\/blog\/france-perou-1-0-les-notes-des-bleus\/","name":"France - P\u00e9rou (1-0) : les notes des Bleus","isPartOf":{"@id":"https:\/\/dicodusport.fr\/blog\/#website"},"primaryImageOfPage":{"@id":"https:\/\/dicodusport.fr\/blog\/france-perou-1-0-les-notes-des-bleus\/#primaryimage"},"image":{"@id":"https:\/\/dicodusport.fr\/blog\/france-perou-1-0-les-notes-des-bleus\/#primaryimage"},"thumbnailUrl":"https:\/\/dicodusport.fr\/blog\/wp-content\/uploads\/2018\/06\/Notes-France-Pe\u0301rou-couv.png","datePublished":"2018-06-21T16:56:23+00:00","dateModified":"2018-06-21T17:28:48+00:00","description":"Les Bleus se sont qualifi\u00e9s pour les huiti\u00e8mes de finale de la Coupe du monde gr\u00e2ce \u00e0 leur victoire 1 \u00e0 0 face au P\u00e9rou.","breadcrumb":{"@id":"https:\/\/dicodusport.fr\/blog\/france-perou-1-0-les-notes-des-bleus\/#breadcrumb"},"inLanguage":"fr-FR","potentialAction":[{"@type":"ReadAction","target":["https:\/\/dicodusport.fr\/blog\/france-perou-1-0-les-notes-des-bleus\/"]}]},{"@type":"ImageObject","inLanguage":"fr-FR","@id":"https:\/\/dicodusport.fr\/blog\/france-perou-1-0-les-notes-des-bleus\/#primaryimage","url":"https:\/\/dicodusport.fr\/blog\/wp-content\/uploads\/2018\/06\/Notes-France-Pe\u0301rou-couv.png","contentUrl":"https:\/\/dicodusport.fr\/blog\/wp-content\/uploads\/2018\/06\/Notes-France-Pe\u0301rou-couv.png","width":1200,"height":670},{"@type":"BreadcrumbList","@id":"https:\/\/dicodusport.fr\/blog\/france-perou-1-0-les-notes-des-bleus\/#breadcrumb","itemListElement":[{"@type":"ListItem","position":1,"name":"Accueil","item":"https:\/\/dicodusport.fr\/blog\/"},{"@type":"ListItem","position":2,"name":"France &#8211; P\u00e9rou (1-0) : les notes des Bleus"}]},{"@type":"WebSite","@id":"https:\/\/dicodusport.fr\/blog\/#website","url":"https:\/\/dicodusport.fr\/blog\/","name":"Dicodusport","description":"L&#039;encyclop\u00e9die de l&#039;actualit\u00e9 sportive","publisher":{"@id":"https:\/\/dicodusport.fr\/blog\/#organization"},"potentialAction":[{"@type":"SearchAction","target":{"@type":"EntryPoint","urlTemplate":"https:\/\/dicodusport.fr\/blog\/?s={search_term_string}"},"query-input":{"@type":"PropertyValueSpecification","valueRequired":true,"valueName":"search_term_string"}}],"inLanguage":"fr-FR"},{"@type":"NewsMediaOrganization","@id":"https:\/\/dicodusport.fr\/blog\/#organization","name":"Dicodusport","url":"https:\/\/dicodusport.fr\/blog\/","logo":{"@type":"ImageObject","inLanguage":"fr-FR","@id":"https:\/\/dicodusport.fr\/blog\/#\/schema\/logo\/image\/","url":"https:\/\/dicodusport.fr\/blog\/wp-content\/uploads\/2020\/06\/cropped-LOGO-DICODUSPORT-2020-SANS-FOND-SANS-TEXTE.png","contentUrl":"https:\/\/dicodusport.fr\/blog\/wp-content\/uploads\/2020\/06\/cropped-LOGO-DICODUSPORT-2020-SANS-FOND-SANS-TEXTE.png","width":512,"height":512,"caption":"Dicodusport"},"image":{"@id":"https:\/\/dicodusport.fr\/blog\/#\/schema\/logo\/image\/"},"sameAs":["https:\/\/www.facebook.com\/dicodusport","https:\/\/x.com\/dicodusport","https:\/\/www.instagram.com\/dicodusport\/","https:\/\/www.youtube.com\/channel\/UC7V2KZ5sd3htJivAbA4ZG3w"],"description":"Dicodusport est l'encyclop\u00e9die de l'actualit\u00e9 sportive.","email":"bonjour@dicodusport.fr","legalName":"DICODUSPORT","foundingDate":"2018-01-14","vatID":"FR71834470973","taxID":"83447097300043","numberOfEmployees":{"@type":"QuantitativeValue","minValue":"1","maxValue":"10"}},{"@type":"Person","@id":"https:\/\/dicodusport.fr\/blog\/#\/schema\/person\/55dcb50ad410894e431ed812bbb70191","name":"Nicolas Jacquemard","image":{"@type":"ImageObject","inLanguage":"fr-FR","@id":"https:\/\/dicodusport.fr\/blog\/#\/schema\/person\/image\/","url":"https:\/\/dicodusport.fr\/blog\/wp-content\/uploads\/2021\/05\/Nicolas-Jacquemard-150x150.jpeg","contentUrl":"https:\/\/dicodusport.fr\/blog\/wp-content\/uploads\/2021\/05\/Nicolas-Jacquemard-150x150.jpeg","caption":"Nicolas Jacquemard"},"description":"Passionn\u00e9 de sport et entrepreneur depuis mes 18 ans, la cr\u00e9ation de Dicodusport m'a sembl\u00e9 \u00e9vidente pour participer \u00e0 la m\u00e9diatisation d'un plus grand nombre de sports. Le chemin est long mais avec une \u00e9quipe des plus motiv\u00e9es et les Jeux Olympiques de Paris 2024 en point de mire, nous y arriverons ! Journaliste dans le monde du sport depuis plus de 5 ans, je traite aussi bien de football, de rugby, de biathlon que de cyclisme.","sameAs":["https:\/\/www.facebook.com\/dicodusport","https:\/\/x.com\/https:\/\/twitter.com\/Nico_Jacquemard"],"url":"https:\/\/dicodusport.fr\/blog\/author\/dicodusport\/"}]}},"_links":{"self":[{"href":"https:\/\/dicodusport.fr\/blog\/wp-json\/wp\/v2\/posts\/20678","targetHints":{"allow":["GET"]}}],"collection":[{"href":"https:\/\/dicodusport.fr\/blog\/wp-json\/wp\/v2\/posts"}],"about":[{"href":"https:\/\/dicodusport.fr\/blog\/wp-json\/wp\/v2\/types\/post"}],"author":[{"embeddable":true,"href":"https:\/\/dicodusport.fr\/blog\/wp-json\/wp\/v2\/users\/1"}],"replies":[{"embeddable":true,"href":"https:\/\/dicodusport.fr\/blog\/wp-json\/wp\/v2\/comments?post=20678"}],"version-history":[{"count":0,"href":"https:\/\/dicodusport.fr\/blog\/wp-json\/wp\/v2\/posts\/20678\/revisions"}],"wp:featuredmedia":[{"embeddable":true,"href":"https:\/\/dicodusport.fr\/blog\/wp-json\/wp\/v2\/media\/20687"}],"wp:attachment":[{"href":"https:\/\/dicodusport.fr\/blog\/wp-json\/wp\/v2\/media?parent=20678"}],"wp:term":[{"taxonomy":"category","embeddable":true,"href":"https:\/\/dicodusport.fr\/blog\/wp-json\/wp\/v2\/categories?post=20678"},{"taxonomy":"post_tag","embeddable":true,"href":"https:\/\/dicodusport.fr\/blog\/wp-json\/wp\/v2\/tags?post=20678"}],"curies":[{"name":"wp","href":"https:\/\/api.w.org\/{rel}","templated":true}]}}