{"id":206941,"date":"2022-03-11T19:10:43","date_gmt":"2022-03-11T18:10:43","guid":{"rendered":"https:\/\/dicodusport.fr\/blog\/?p=206941&#038;preview=true&#038;preview_id=206941"},"modified":"2022-03-12T09:09:25","modified_gmt":"2022-03-12T08:09:25","slug":"geant-dare-victoire-de-petra-vlhova-la-bonne-affaire-pour-tessa-worley","status":"publish","type":"post","link":"https:\/\/dicodusport.fr\/blog\/geant-dare-victoire-de-petra-vlhova-la-bonne-affaire-pour-tessa-worley\/","title":{"rendered":"G\u00e9ant d&rsquo;Are : Victoire de Petra Vlhova, la bonne affaire pour Tessa Worley"},"content":{"rendered":"<p style=\"text-align: justify;\"><strong><em><a href=\"https:\/\/dicodusport.fr\/blog\/ski-alpin-coupe-du-monde-2021-2022-classement-general-femmes\/\">COUPE DU MONDE DE SKI ALPIN 2021\/2022<\/a> &#8211; Imp\u00e9riale en seconde manche, Petra Vlhova remporte le g\u00e9ant d&rsquo;Are et se relance au classement g\u00e9n\u00e9ral, devan\u00e7ant Marta Bassino et Mikaela Shiffrin. Quatri\u00e8me, Tessa Worley r\u00e9alise une excellente op\u00e9ration dans la course au globe de cristal de la sp\u00e9cialit\u00e9.\u00a0<\/em><\/strong><\/p>\n<p style=\"text-align: justify;\">Pour l&rsquo;avant-dernier G\u00e9ant de la saison avant les finales en France, les skieuses avaient rendez-vous en Su\u00e8de \u00e0 Are. Sur ses terres, <a href=\"https:\/\/dicodusport.fr\/blog\/jo-pekin-2022-ski-alpin-la-suedoise-sara-hector-en-or-sur-geant\/\">la championne olympique<\/a> <strong>Sara Hector<\/strong> avait l&rsquo;occasion d&rsquo;accentuer son avance en t\u00eate de la Coupe du monde de la sp\u00e9cialit\u00e9, voire m\u00eame de d\u00e9crocher le petit globe de cristal en cas de contre-performance de sa principale concurrente, <strong>Tessa Worley<\/strong>. Mais la Fran\u00e7aise, <a href=\"https:\/\/dicodusport.fr\/blog\/geant-de-lenzerheide-tessa-worley-conclut-ce-week-end-de-reve\/\">laur\u00e9ate du g\u00e9ant de Lenzerheide le weekend dernier<\/a>, est en forme ascendante depuis son \u00e9chec olympique, bien que son adversaire poss\u00e9dait l&rsquo;avantage d&rsquo;\u00e9voluer \u00e0 domicile.<\/p>\n<h2 style=\"text-align: justify;\">Petra Vlhova met la pression<\/h2>\n<p style=\"text-align: justify;\">Seule skieuse encore en mesure d&#8217;emp\u00eacher <strong>Mikaela Shiffrin<\/strong> de remporter le classement g\u00e9n\u00e9ral de la Coupe du monde, <strong>Petra Vlhova<\/strong> abattait une de ses derni\u00e8res cartes \u00e0 Are. La Slovaque a remport\u00e9 la premi\u00e8re manche avec seulement 3 centi\u00e8mes d&rsquo;avance sur l&rsquo;Italienne <strong>Marta Bassino.<\/strong> Quant \u00e0 sa rivale Am\u00e9ricaine, en demi-teinte, elle accusait d\u00e9j\u00e0 79 centi\u00e8mes de retard apr\u00e8s le premier trac\u00e9.<\/p>\n<p style=\"text-align: justify;\">Dans la course au petit globe, c&rsquo;est<strong> Sara Hector<\/strong> qui a le mieux d\u00e9marr\u00e9 en prenant la troisi\u00e8me place provisoire \u00e0 29 centi\u00e8mes de la t\u00eate. Elle a devanc\u00e9 <strong>Michelle Gisin<\/strong> et <strong>Tessa Worley<\/strong>, 5\u00e8me \u00e0 31 centi\u00e8mes de sa rivale su\u00e9doise. La Fran\u00e7aise restait toutefois en embuscade en vue de la seconde manche, sur une piste o\u00f9 elle s&rsquo;\u00e9tait impos\u00e9e en 2010 ! La principale surprise de la premi\u00e8re manche est la sortie de piste \u00e0 trois portes de l&rsquo;arriv\u00e9e de <strong>Federica Brignone,<\/strong> pourtant en forme apr\u00e8s sa seconde place le week-end dernier dans cette discipline.<\/p>\n<blockquote class=\"twitter-tweet\">\n<p dir=\"ltr\" lang=\"fr\">[Jour de G\u00e9ant] Le classement provisoire de la premi\u00e8re manche \u00e0 \u00c5re<br \/>\nSi on en restait l\u00e0 Petra Vlhova reviendrait \u00e0 60 points de Mikaela Shiffrin au g\u00e9n\u00e9ral et Sara Hector aurait 70 points d\u2019avance sur Tessa Worley au classement du G\u00e9ant !<br \/>\nInfographie Eurosport <a href=\"https:\/\/t.co\/o46eymV9Us\">pic.twitter.com\/o46eymV9Us<\/a><\/p>\n<p>\u2014 Top Ski News (@Top_Ski_News) <a href=\"https:\/\/twitter.com\/Top_Ski_News\/status\/1502292140625432579?ref_src=twsrc%5Etfw\">March 11, 2022<\/a><\/p><\/blockquote>\n<p><script async src=\"https:\/\/platform.twitter.com\/widgets.js\" charset=\"utf-8\"><\/script><\/p>\n<p style=\"text-align: justify;\">Deux autres Fran\u00e7aises \u00e9taient engag\u00e9es dans ce G\u00e9ant. <strong>Coralie Frasse Sombet,<\/strong> tr\u00e8s bonne 9\u00e8me \u00e0 Lenzerheide, a r\u00e9alis\u00e9 une premi\u00e8re manche solide, termin\u00e9e \u00e0 la 11\u00e8me place provisoire. Une bonne op\u00e9ration en vue d&rsquo;int\u00e9grer le top 15 du classement de la discipline, et ainsi tirer de meilleurs dossards la saison prochaine. <strong>Clara Direz<\/strong>, elle, est sortie de piste et ne verra pas la seconde manche.<\/p>\n<h2 style=\"text-align: justify;\">La bombe Franziska Gritsch<\/h2>\n<p style=\"text-align: justify;\">D&rsquo;entr\u00e9e de seconde manche, la jeune suissesse <strong>Vivianne Haerri<\/strong> r\u00e9alise un parcours sensationnel et se place id\u00e9alement en vue d&rsquo;une belle remont\u00e9e. Mais apr\u00e8s quelques dossards, l&rsquo;Autrichienne<strong> Franziska Gritsch<\/strong> cr\u00e8ve l&rsquo;\u00e9cran et prend plus d&rsquo;une seconde d&rsquo;avance sur sa rivale ! Peu en vue cette saison et 24\u00e8me apr\u00e8s la premi\u00e8re manche, la skieuse du Tyrol entame une magnifique ascension qui la m\u00e8nera jusqu&rsquo;\u00e0 la 6\u00e8me place !<\/p>\n<p style=\"text-align: justify;\">Quelques skieuses exp\u00e9riment\u00e9es sont incapables de r\u00e9pondre au d\u00e9fi de l&rsquo;Autrichienne. <strong>Andreja Slokar<\/strong>, <a href=\"https:\/\/dicodusport.fr\/blog\/coupe-du-monde-de-ski-alpin-andreja-slokar-gagne-le-geant-parallele-de-lech-zurs\/\">laur\u00e9ate d&rsquo;un parall\u00e8le cette saison<\/a>, sombre et termine derni\u00e8re class\u00e9e. <strong>Paula Moltzan<\/strong>, jamais dans le rythme, fr\u00f4le les 2 secondes de d\u00e9ficit, alors qu&rsquo;<strong>Ana Bucik<\/strong> fait \u00e0 peine mieux. M\u00eame <strong>Wendy Holdener<\/strong>, mod\u00e8le de r\u00e9gularit\u00e9, commet une faute qui lui vaut une sortie de piste, ainsi qu&rsquo;une belle frayeur.<\/p>\n<blockquote class=\"twitter-tweet\">\n<p dir=\"ltr\" lang=\"fr\">[Jour de g\u00e9ant] Deuxi\u00e8me manche en cours \u00e0 Are sous les projecteurs<br \/>\nC&rsquo;est Franziska Gritsch qui est leader<br \/>\nWendy Holdener vient de chuter lourdement<br \/>\nLa Suissesse s&rsquo;es relev\u00e9e, ouf !<\/p>\n<p>\u2014 Top Ski News (@Top_Ski_News) <a href=\"https:\/\/twitter.com\/Top_Ski_News\/status\/1502336483407155202?ref_src=twsrc%5Etfw\">March 11, 2022<\/a><\/p><\/blockquote>\n<p><script async src=\"https:\/\/platform.twitter.com\/widgets.js\" charset=\"utf-8\"><\/script><\/p>\n<h2>Petra Vlhova au-dessus<\/h2>\n<p style=\"text-align: justify;\"><strong>Coralie Frasse Sombet<\/strong>, en avance la majeure partie du parcours, vient finalement mourir \u00e0 1 dixi\u00e8me de l&rsquo;Autrichienne. Mais l&rsquo;Is\u00e9roise confirme toutefois sa bonne forme actuelle, et s&rsquo;octroie une belle 7\u00e8me place finale, son meilleur r\u00e9sultat en Coupe du monde ! C&rsquo;est finalement <strong>Ricarda Haaser<\/strong> qui d\u00e9loge sa compatriote de la premi\u00e8re place, pour 35 centi\u00e8mes. Elle conserve ce rang avant le passage des six meilleures de la premi\u00e8re manche.<\/p>\n<p style=\"text-align: justify;\"><strong>Mikaela Shiffrin<\/strong> est la premi\u00e8re des favorites \u00e0 s&rsquo;\u00e9lancer, et bien que bouscul\u00e9e, elle prend la t\u00eate avec 23 centi\u00e8mes d&rsquo;avance. C&rsquo;est alors au tour de <strong>Tessa Worley.<\/strong> Sur un fil la majeure partie du parcours, la skieuse du Grand-Bornand coupe la ligne en seconde position. Plomb\u00e9e par plusieurs erreurs,<strong> Michelle Gisin<\/strong> r\u00e9trograde fortement et sauve de justesse sa place dans le top 10.<\/p>\n<p style=\"text-align: justify;\"><strong>Sara Hector<\/strong> prend alors le d\u00e9part, mais la Su\u00e9doise, monstre de r\u00e9gularit\u00e9, sort du parcours apr\u00e8s 20 secondes de course ! Devant son public, elle perd gros dans la course au globe de cristal. Malgr\u00e9 une belle avance, <strong>Marta Bassino<\/strong> est ballott\u00e9e, mais elle r\u00e9agit sur la fin et prend la t\u00eate. Reste alors <strong>Petra Vlhova<\/strong>, qui joue tr\u00e8s gros. Mais la Slovaque \u00e9crase litt\u00e9ralement la manche, skiant de fa\u00e7on a\u00e9rienne, et s&rsquo;impose avec 1.24 seconde d&rsquo;avance!<\/p>\n<blockquote class=\"twitter-tweet\">\n<p dir=\"ltr\" lang=\"fr\">[News] Petra Vlhova \u00e9normissime dans cette seconde manche<br \/>\nVictoire de la slovaque avec 1s24 d&rsquo;avance sur Marta Bassino, Mikaela Shiffrin 3e et Tessa Worley 4e<\/p>\n<p>\u2014 Top Ski News (@Top_Ski_News) <a href=\"https:\/\/twitter.com\/Top_Ski_News\/status\/1502343681545748487?ref_src=twsrc%5Etfw\">March 11, 2022<\/a><\/p><\/blockquote>\n<p style=\"text-align: justify;\"><script async src=\"https:\/\/platform.twitter.com\/widgets.js\" charset=\"utf-8\"><\/script><\/p>\n<p style=\"text-align: justify;\">Succ\u00e8s importantissime de <strong>Petra Vlhova<\/strong> lors de ce g\u00e9ant d&rsquo;Are, puisqu&rsquo;elle reprend de gros points sur <strong>Mikaela Shiffrin<\/strong> dans la course au gros globe de cristal. Quatri\u00e8me, <strong>Tessa Worley<\/strong> profite de la sortie de piste inattendue de <strong>Sara Hector<\/strong> pour revenir \u00e0 cinq points de la Su\u00e9doise au classement de la discipline. Ces quatre filles se disputeront le globe de la sp\u00e9cialit\u00e9 lors des finales de M\u00e9ribel la semaine prochaine.<\/p>\n<h2 style=\"text-align: justify;\"><strong>\u00c0 lire aussi<\/strong><\/h2>\n<ul>\n<li style=\"text-align: justify;\"><a href=\"https:\/\/dicodusport.fr\/blog\/geant-femmes-are-classement\/\"><strong>Le classement g\u00e9ant de Are<\/strong><\/a><\/li>\n<li style=\"text-align: justify;\"><a href=\"https:\/\/dicodusport.fr\/blog\/ski-alpin-coupe-du-monde-2021-2022-classement-general-femmes\/\"><strong>Le classement g\u00e9n\u00e9ral de la Coupe du monde<\/strong><\/a><\/li>\n<\/ul>\n<p>&nbsp;<\/p>\n<p>&nbsp;<\/p>\n<p>&nbsp;<\/p>\n","protected":false},"excerpt":{"rendered":"<p>COUPE DU MONDE DE SKI ALPIN 2021\/2022 &#8211; Imp\u00e9riale en seconde manche, Petra Vlhova remporte le g\u00e9ant d&rsquo;Are et se relance au classement g\u00e9n\u00e9ral, devan\u00e7ant Marta Bassino et Mikaela Shiffrin. Quatri\u00e8me, Tessa Worley r\u00e9alise une excellente op\u00e9ration dans la course au globe de cristal de la sp\u00e9cialit\u00e9.\u00a0<\/p>\n","protected":false},"author":59,"featured_media":207093,"comment_status":"open","ping_status":"closed","sticky":false,"template":"","format":"standard","meta":{"_acf_changed":false,"_daextam_enable_autolinks":"","footnotes":""},"categories":[47084],"tags":[12586],"class_list":["post-206941","post","type-post","status-publish","format-standard","has-post-thumbnail","hentry","category-coupe-du-monde-ski-alpin","tag-coupe-du-monde-de-ski-alpin"],"acf":[],"yoast_head":"<!-- This site is optimized with the Yoast SEO Premium plugin v26.7 (Yoast SEO v26.7) - https:\/\/yoast.com\/wordpress\/plugins\/seo\/ -->\n<title>G\u00e9ant d&#039;Are : Victoire de Petra Vlhova, la bonne affaire pour Tessa Worley<\/title>\n<meta name=\"description\" content=\"COUPE DU MONDE DE SKI ALPIN 2021\/2022 - Imp\u00e9riale en seconde manche, Petra Vlhova remporte le g\u00e9ant d&#039;Are et se relance au classement g\u00e9n\u00e9ral.\" \/>\n<meta name=\"robots\" content=\"index, follow, max-snippet:-1, max-image-preview:large, max-video-preview:-1\" \/>\n<link rel=\"canonical\" href=\"https:\/\/dicodusport.fr\/blog\/geant-dare-victoire-de-petra-vlhova-la-bonne-affaire-pour-tessa-worley\/\" \/>\n<meta property=\"og:locale\" content=\"fr_FR\" \/>\n<meta property=\"og:type\" content=\"article\" \/>\n<meta property=\"og:title\" content=\"G\u00e9ant d&#039;Are : Victoire de Petra Vlhova, la bonne affaire pour Tessa Worley\" \/>\n<meta property=\"og:description\" content=\"COUPE DU MONDE DE SKI ALPIN 2021\/2022 - Imp\u00e9riale en seconde manche, Petra Vlhova remporte le g\u00e9ant d&#039;Are et se relance au classement g\u00e9n\u00e9ral.\" \/>\n<meta property=\"og:url\" content=\"https:\/\/dicodusport.fr\/blog\/geant-dare-victoire-de-petra-vlhova-la-bonne-affaire-pour-tessa-worley\/\" \/>\n<meta property=\"og:site_name\" content=\"Dicodusport\" \/>\n<meta property=\"article:publisher\" content=\"https:\/\/www.facebook.com\/dicodusport\" \/>\n<meta property=\"article:author\" content=\"https:\/\/www.facebook.com\/sebastien.gente\/\" \/>\n<meta property=\"article:published_time\" content=\"2022-03-11T18:10:43+00:00\" \/>\n<meta property=\"article:modified_time\" content=\"2022-03-12T08:09:25+00:00\" \/>\n<meta property=\"og:image\" content=\"https:\/\/dicodusport.fr\/blog\/wp-content\/uploads\/2022\/03\/Geant-dAre-Victoire-de-Petra-Vlhova-la-bonne-affaire-pour-Tessa-Worley.png\" \/>\n\t<meta property=\"og:image:width\" content=\"800\" \/>\n\t<meta property=\"og:image:height\" content=\"445\" \/>\n\t<meta property=\"og:image:type\" content=\"image\/png\" \/>\n<meta name=\"author\" content=\"S\u00e9bastien Gente\" \/>\n<meta name=\"twitter:card\" content=\"summary_large_image\" \/>\n<meta name=\"twitter:title\" content=\"G\u00e9ant d&#039;Are : Victoire de Petra Vlhova, la bonne affaire pour Tessa Worley\" \/>\n<meta name=\"twitter:creator\" content=\"@https:\/\/twitter.com\/globulo24\" \/>\n<meta name=\"twitter:site\" content=\"@dicodusport\" \/>\n<script type=\"application\/ld+json\" class=\"yoast-schema-graph\">{\"@context\":\"https:\/\/schema.org\",\"@graph\":[{\"@type\":\"NewsArticle\",\"@id\":\"https:\/\/dicodusport.fr\/blog\/geant-dare-victoire-de-petra-vlhova-la-bonne-affaire-pour-tessa-worley\/#article\",\"isPartOf\":{\"@id\":\"https:\/\/dicodusport.fr\/blog\/geant-dare-victoire-de-petra-vlhova-la-bonne-affaire-pour-tessa-worley\/\"},\"author\":{\"name\":\"S\u00e9bastien Gente\",\"@id\":\"https:\/\/dicodusport.fr\/blog\/#\/schema\/person\/627966a6cde45dbd8c5e36ac85d783da\"},\"headline\":\"G\u00e9ant d&rsquo;Are : Victoire de Petra Vlhova, la bonne affaire pour Tessa Worley\",\"datePublished\":\"2022-03-11T18:10:43+00:00\",\"dateModified\":\"2022-03-12T08:09:25+00:00\",\"mainEntityOfPage\":{\"@id\":\"https:\/\/dicodusport.fr\/blog\/geant-dare-victoire-de-petra-vlhova-la-bonne-affaire-pour-tessa-worley\/\"},\"wordCount\":1053,\"commentCount\":0,\"publisher\":{\"@id\":\"https:\/\/dicodusport.fr\/blog\/#organization\"},\"image\":{\"@id\":\"https:\/\/dicodusport.fr\/blog\/geant-dare-victoire-de-petra-vlhova-la-bonne-affaire-pour-tessa-worley\/#primaryimage\"},\"thumbnailUrl\":\"https:\/\/dicodusport.fr\/blog\/wp-content\/uploads\/2022\/03\/Geant-dAre-Victoire-de-Petra-Vlhova-la-bonne-affaire-pour-Tessa-Worley.png\",\"keywords\":[\"Coupe du monde de ski alpin\"],\"articleSection\":[\"Coupe du monde de ski alpin\"],\"inLanguage\":\"fr-FR\",\"potentialAction\":[{\"@type\":\"CommentAction\",\"name\":\"Comment\",\"target\":[\"https:\/\/dicodusport.fr\/blog\/geant-dare-victoire-de-petra-vlhova-la-bonne-affaire-pour-tessa-worley\/#respond\"]}],\"copyrightYear\":\"2022\",\"copyrightHolder\":{\"@id\":\"https:\/\/dicodusport.fr\/blog\/#organization\"}},{\"@type\":\"WebPage\",\"@id\":\"https:\/\/dicodusport.fr\/blog\/geant-dare-victoire-de-petra-vlhova-la-bonne-affaire-pour-tessa-worley\/\",\"url\":\"https:\/\/dicodusport.fr\/blog\/geant-dare-victoire-de-petra-vlhova-la-bonne-affaire-pour-tessa-worley\/\",\"name\":\"G\u00e9ant d'Are : Victoire de Petra Vlhova, la bonne affaire pour Tessa Worley\",\"isPartOf\":{\"@id\":\"https:\/\/dicodusport.fr\/blog\/#website\"},\"primaryImageOfPage\":{\"@id\":\"https:\/\/dicodusport.fr\/blog\/geant-dare-victoire-de-petra-vlhova-la-bonne-affaire-pour-tessa-worley\/#primaryimage\"},\"image\":{\"@id\":\"https:\/\/dicodusport.fr\/blog\/geant-dare-victoire-de-petra-vlhova-la-bonne-affaire-pour-tessa-worley\/#primaryimage\"},\"thumbnailUrl\":\"https:\/\/dicodusport.fr\/blog\/wp-content\/uploads\/2022\/03\/Geant-dAre-Victoire-de-Petra-Vlhova-la-bonne-affaire-pour-Tessa-Worley.png\",\"datePublished\":\"2022-03-11T18:10:43+00:00\",\"dateModified\":\"2022-03-12T08:09:25+00:00\",\"description\":\"COUPE DU MONDE DE SKI ALPIN 2021\/2022 - Imp\u00e9riale en seconde manche, Petra Vlhova remporte le g\u00e9ant d'Are et se relance au classement g\u00e9n\u00e9ral.\",\"breadcrumb\":{\"@id\":\"https:\/\/dicodusport.fr\/blog\/geant-dare-victoire-de-petra-vlhova-la-bonne-affaire-pour-tessa-worley\/#breadcrumb\"},\"inLanguage\":\"fr-FR\",\"potentialAction\":[{\"@type\":\"ReadAction\",\"target\":[\"https:\/\/dicodusport.fr\/blog\/geant-dare-victoire-de-petra-vlhova-la-bonne-affaire-pour-tessa-worley\/\"]}]},{\"@type\":\"ImageObject\",\"inLanguage\":\"fr-FR\",\"@id\":\"https:\/\/dicodusport.fr\/blog\/geant-dare-victoire-de-petra-vlhova-la-bonne-affaire-pour-tessa-worley\/#primaryimage\",\"url\":\"https:\/\/dicodusport.fr\/blog\/wp-content\/uploads\/2022\/03\/Geant-dAre-Victoire-de-Petra-Vlhova-la-bonne-affaire-pour-Tessa-Worley.png\",\"contentUrl\":\"https:\/\/dicodusport.fr\/blog\/wp-content\/uploads\/2022\/03\/Geant-dAre-Victoire-de-Petra-Vlhova-la-bonne-affaire-pour-Tessa-Worley.png\",\"width\":800,\"height\":445,\"caption\":\"G\u00e9ant d'Are Victoire de Petra Vlhova, la bonne affaire pour Tessa Worley\"},{\"@type\":\"BreadcrumbList\",\"@id\":\"https:\/\/dicodusport.fr\/blog\/geant-dare-victoire-de-petra-vlhova-la-bonne-affaire-pour-tessa-worley\/#breadcrumb\",\"itemListElement\":[{\"@type\":\"ListItem\",\"position\":1,\"name\":\"Accueil\",\"item\":\"https:\/\/dicodusport.fr\/blog\/\"},{\"@type\":\"ListItem\",\"position\":2,\"name\":\"G\u00e9ant d&rsquo;Are : Victoire de Petra Vlhova, la bonne affaire pour Tessa Worley\"}]},{\"@type\":\"WebSite\",\"@id\":\"https:\/\/dicodusport.fr\/blog\/#website\",\"url\":\"https:\/\/dicodusport.fr\/blog\/\",\"name\":\"Dicodusport\",\"description\":\"L&#039;encyclop\u00e9die de l&#039;actualit\u00e9 sportive\",\"publisher\":{\"@id\":\"https:\/\/dicodusport.fr\/blog\/#organization\"},\"potentialAction\":[{\"@type\":\"SearchAction\",\"target\":{\"@type\":\"EntryPoint\",\"urlTemplate\":\"https:\/\/dicodusport.fr\/blog\/?s={search_term_string}\"},\"query-input\":{\"@type\":\"PropertyValueSpecification\",\"valueRequired\":true,\"valueName\":\"search_term_string\"}}],\"inLanguage\":\"fr-FR\"},{\"@type\":\"NewsMediaOrganization\",\"@id\":\"https:\/\/dicodusport.fr\/blog\/#organization\",\"name\":\"Dicodusport\",\"url\":\"https:\/\/dicodusport.fr\/blog\/\",\"logo\":{\"@type\":\"ImageObject\",\"inLanguage\":\"fr-FR\",\"@id\":\"https:\/\/dicodusport.fr\/blog\/#\/schema\/logo\/image\/\",\"url\":\"https:\/\/dicodusport.fr\/blog\/wp-content\/uploads\/2020\/06\/cropped-LOGO-DICODUSPORT-2020-SANS-FOND-SANS-TEXTE.png\",\"contentUrl\":\"https:\/\/dicodusport.fr\/blog\/wp-content\/uploads\/2020\/06\/cropped-LOGO-DICODUSPORT-2020-SANS-FOND-SANS-TEXTE.png\",\"width\":512,\"height\":512,\"caption\":\"Dicodusport\"},\"image\":{\"@id\":\"https:\/\/dicodusport.fr\/blog\/#\/schema\/logo\/image\/\"},\"sameAs\":[\"https:\/\/www.facebook.com\/dicodusport\",\"https:\/\/x.com\/dicodusport\",\"https:\/\/www.instagram.com\/dicodusport\/\",\"https:\/\/www.youtube.com\/channel\/UC7V2KZ5sd3htJivAbA4ZG3w\"],\"description\":\"Dicodusport est l'encyclop\u00e9die de l'actualit\u00e9 sportive.\",\"email\":\"bonjour@dicodusport.fr\",\"legalName\":\"DICODUSPORT\",\"foundingDate\":\"2018-01-14\",\"vatID\":\"FR71834470973\",\"taxID\":\"83447097300043\",\"numberOfEmployees\":{\"@type\":\"QuantitativeValue\",\"minValue\":\"1\",\"maxValue\":\"10\"}},{\"@type\":\"Person\",\"@id\":\"https:\/\/dicodusport.fr\/blog\/#\/schema\/person\/627966a6cde45dbd8c5e36ac85d783da\",\"name\":\"S\u00e9bastien Gente\",\"image\":{\"@type\":\"ImageObject\",\"inLanguage\":\"fr-FR\",\"@id\":\"https:\/\/dicodusport.fr\/blog\/#\/schema\/person\/image\/\",\"url\":\"https:\/\/dicodusport.fr\/blog\/wp-content\/uploads\/2021\/09\/1510990_10205810251400683_4124423575079401707_n-150x150.jpg\",\"contentUrl\":\"https:\/\/dicodusport.fr\/blog\/wp-content\/uploads\/2021\/09\/1510990_10205810251400683_4124423575079401707_n-150x150.jpg\",\"caption\":\"S\u00e9bastien Gente\"},\"description\":\"John Stockton, Gianni Bugno, Zinedine Zidane, Steffi Graf, Frode Andresen, St\u00e9phane Stoecklin, Davis Kamoga, Primoz Peterka, Werner Schlager et Aur\u00e9lien Rougerie. Point commun entre ces sportifs? Ils m'ont fait r\u00eaver et ont berc\u00e9 mon adolescence. Je suis un fondu de sports et j'essaie de retranscrire ma passion \u00e0 travers mes articles. Originaire du P\u00e9rigord, ma passion pour les Girondins, les Jaunards et les Jazzmen transpire dans mes \u00e9crits. \u00c0 Dicodusport depuis 2021, je d\u00e9niche les sports m\u00e9connus dans lesquels la France brille, et il y en a !\",\"sameAs\":[\"https:\/\/www.facebook.com\/sebastien.gente\/\",\"https:\/\/www.instagram.com\/sebgente\/\",\"https:\/\/www.linkedin.com\/in\/sbastien-gente-a29583169\/\",\"https:\/\/x.com\/https:\/\/twitter.com\/globulo24\",\"SebastienGente\"],\"worksFor\":\"S\u00e9bastien GENTE\",\"url\":\"https:\/\/dicodusport.fr\/blog\/author\/sebastiengente\/\"}]}<\/script>\n<!-- \/ Yoast SEO Premium plugin. -->","yoast_head_json":{"title":"G\u00e9ant d'Are : Victoire de Petra Vlhova, la bonne affaire pour Tessa Worley","description":"COUPE DU MONDE DE SKI ALPIN 2021\/2022 - Imp\u00e9riale en seconde manche, Petra Vlhova remporte le g\u00e9ant d'Are et se relance au classement g\u00e9n\u00e9ral.","robots":{"index":"index","follow":"follow","max-snippet":"max-snippet:-1","max-image-preview":"max-image-preview:large","max-video-preview":"max-video-preview:-1"},"canonical":"https:\/\/dicodusport.fr\/blog\/geant-dare-victoire-de-petra-vlhova-la-bonne-affaire-pour-tessa-worley\/","og_locale":"fr_FR","og_type":"article","og_title":"G\u00e9ant d'Are : Victoire de Petra Vlhova, la bonne affaire pour Tessa Worley","og_description":"COUPE DU MONDE DE SKI ALPIN 2021\/2022 - Imp\u00e9riale en seconde manche, Petra Vlhova remporte le g\u00e9ant d'Are et se relance au classement g\u00e9n\u00e9ral.","og_url":"https:\/\/dicodusport.fr\/blog\/geant-dare-victoire-de-petra-vlhova-la-bonne-affaire-pour-tessa-worley\/","og_site_name":"Dicodusport","article_publisher":"https:\/\/www.facebook.com\/dicodusport","article_author":"https:\/\/www.facebook.com\/sebastien.gente\/","article_published_time":"2022-03-11T18:10:43+00:00","article_modified_time":"2022-03-12T08:09:25+00:00","og_image":[{"width":800,"height":445,"url":"https:\/\/dicodusport.fr\/blog\/wp-content\/uploads\/2022\/03\/Geant-dAre-Victoire-de-Petra-Vlhova-la-bonne-affaire-pour-Tessa-Worley.png","type":"image\/png"}],"author":"S\u00e9bastien Gente","twitter_card":"summary_large_image","twitter_title":"G\u00e9ant d'Are : Victoire de Petra Vlhova, la bonne affaire pour Tessa Worley","twitter_creator":"@https:\/\/twitter.com\/globulo24","twitter_site":"@dicodusport","schema":{"@context":"https:\/\/schema.org","@graph":[{"@type":"NewsArticle","@id":"https:\/\/dicodusport.fr\/blog\/geant-dare-victoire-de-petra-vlhova-la-bonne-affaire-pour-tessa-worley\/#article","isPartOf":{"@id":"https:\/\/dicodusport.fr\/blog\/geant-dare-victoire-de-petra-vlhova-la-bonne-affaire-pour-tessa-worley\/"},"author":{"name":"S\u00e9bastien Gente","@id":"https:\/\/dicodusport.fr\/blog\/#\/schema\/person\/627966a6cde45dbd8c5e36ac85d783da"},"headline":"G\u00e9ant d&rsquo;Are : Victoire de Petra Vlhova, la bonne affaire pour Tessa Worley","datePublished":"2022-03-11T18:10:43+00:00","dateModified":"2022-03-12T08:09:25+00:00","mainEntityOfPage":{"@id":"https:\/\/dicodusport.fr\/blog\/geant-dare-victoire-de-petra-vlhova-la-bonne-affaire-pour-tessa-worley\/"},"wordCount":1053,"commentCount":0,"publisher":{"@id":"https:\/\/dicodusport.fr\/blog\/#organization"},"image":{"@id":"https:\/\/dicodusport.fr\/blog\/geant-dare-victoire-de-petra-vlhova-la-bonne-affaire-pour-tessa-worley\/#primaryimage"},"thumbnailUrl":"https:\/\/dicodusport.fr\/blog\/wp-content\/uploads\/2022\/03\/Geant-dAre-Victoire-de-Petra-Vlhova-la-bonne-affaire-pour-Tessa-Worley.png","keywords":["Coupe du monde de ski alpin"],"articleSection":["Coupe du monde de ski alpin"],"inLanguage":"fr-FR","potentialAction":[{"@type":"CommentAction","name":"Comment","target":["https:\/\/dicodusport.fr\/blog\/geant-dare-victoire-de-petra-vlhova-la-bonne-affaire-pour-tessa-worley\/#respond"]}],"copyrightYear":"2022","copyrightHolder":{"@id":"https:\/\/dicodusport.fr\/blog\/#organization"}},{"@type":"WebPage","@id":"https:\/\/dicodusport.fr\/blog\/geant-dare-victoire-de-petra-vlhova-la-bonne-affaire-pour-tessa-worley\/","url":"https:\/\/dicodusport.fr\/blog\/geant-dare-victoire-de-petra-vlhova-la-bonne-affaire-pour-tessa-worley\/","name":"G\u00e9ant d'Are : Victoire de Petra Vlhova, la bonne affaire pour Tessa Worley","isPartOf":{"@id":"https:\/\/dicodusport.fr\/blog\/#website"},"primaryImageOfPage":{"@id":"https:\/\/dicodusport.fr\/blog\/geant-dare-victoire-de-petra-vlhova-la-bonne-affaire-pour-tessa-worley\/#primaryimage"},"image":{"@id":"https:\/\/dicodusport.fr\/blog\/geant-dare-victoire-de-petra-vlhova-la-bonne-affaire-pour-tessa-worley\/#primaryimage"},"thumbnailUrl":"https:\/\/dicodusport.fr\/blog\/wp-content\/uploads\/2022\/03\/Geant-dAre-Victoire-de-Petra-Vlhova-la-bonne-affaire-pour-Tessa-Worley.png","datePublished":"2022-03-11T18:10:43+00:00","dateModified":"2022-03-12T08:09:25+00:00","description":"COUPE DU MONDE DE SKI ALPIN 2021\/2022 - Imp\u00e9riale en seconde manche, Petra Vlhova remporte le g\u00e9ant d'Are et se relance au classement g\u00e9n\u00e9ral.","breadcrumb":{"@id":"https:\/\/dicodusport.fr\/blog\/geant-dare-victoire-de-petra-vlhova-la-bonne-affaire-pour-tessa-worley\/#breadcrumb"},"inLanguage":"fr-FR","potentialAction":[{"@type":"ReadAction","target":["https:\/\/dicodusport.fr\/blog\/geant-dare-victoire-de-petra-vlhova-la-bonne-affaire-pour-tessa-worley\/"]}]},{"@type":"ImageObject","inLanguage":"fr-FR","@id":"https:\/\/dicodusport.fr\/blog\/geant-dare-victoire-de-petra-vlhova-la-bonne-affaire-pour-tessa-worley\/#primaryimage","url":"https:\/\/dicodusport.fr\/blog\/wp-content\/uploads\/2022\/03\/Geant-dAre-Victoire-de-Petra-Vlhova-la-bonne-affaire-pour-Tessa-Worley.png","contentUrl":"https:\/\/dicodusport.fr\/blog\/wp-content\/uploads\/2022\/03\/Geant-dAre-Victoire-de-Petra-Vlhova-la-bonne-affaire-pour-Tessa-Worley.png","width":800,"height":445,"caption":"G\u00e9ant d'Are Victoire de Petra Vlhova, la bonne affaire pour Tessa Worley"},{"@type":"BreadcrumbList","@id":"https:\/\/dicodusport.fr\/blog\/geant-dare-victoire-de-petra-vlhova-la-bonne-affaire-pour-tessa-worley\/#breadcrumb","itemListElement":[{"@type":"ListItem","position":1,"name":"Accueil","item":"https:\/\/dicodusport.fr\/blog\/"},{"@type":"ListItem","position":2,"name":"G\u00e9ant d&rsquo;Are : Victoire de Petra Vlhova, la bonne affaire pour Tessa Worley"}]},{"@type":"WebSite","@id":"https:\/\/dicodusport.fr\/blog\/#website","url":"https:\/\/dicodusport.fr\/blog\/","name":"Dicodusport","description":"L&#039;encyclop\u00e9die de l&#039;actualit\u00e9 sportive","publisher":{"@id":"https:\/\/dicodusport.fr\/blog\/#organization"},"potentialAction":[{"@type":"SearchAction","target":{"@type":"EntryPoint","urlTemplate":"https:\/\/dicodusport.fr\/blog\/?s={search_term_string}"},"query-input":{"@type":"PropertyValueSpecification","valueRequired":true,"valueName":"search_term_string"}}],"inLanguage":"fr-FR"},{"@type":"NewsMediaOrganization","@id":"https:\/\/dicodusport.fr\/blog\/#organization","name":"Dicodusport","url":"https:\/\/dicodusport.fr\/blog\/","logo":{"@type":"ImageObject","inLanguage":"fr-FR","@id":"https:\/\/dicodusport.fr\/blog\/#\/schema\/logo\/image\/","url":"https:\/\/dicodusport.fr\/blog\/wp-content\/uploads\/2020\/06\/cropped-LOGO-DICODUSPORT-2020-SANS-FOND-SANS-TEXTE.png","contentUrl":"https:\/\/dicodusport.fr\/blog\/wp-content\/uploads\/2020\/06\/cropped-LOGO-DICODUSPORT-2020-SANS-FOND-SANS-TEXTE.png","width":512,"height":512,"caption":"Dicodusport"},"image":{"@id":"https:\/\/dicodusport.fr\/blog\/#\/schema\/logo\/image\/"},"sameAs":["https:\/\/www.facebook.com\/dicodusport","https:\/\/x.com\/dicodusport","https:\/\/www.instagram.com\/dicodusport\/","https:\/\/www.youtube.com\/channel\/UC7V2KZ5sd3htJivAbA4ZG3w"],"description":"Dicodusport est l'encyclop\u00e9die de l'actualit\u00e9 sportive.","email":"bonjour@dicodusport.fr","legalName":"DICODUSPORT","foundingDate":"2018-01-14","vatID":"FR71834470973","taxID":"83447097300043","numberOfEmployees":{"@type":"QuantitativeValue","minValue":"1","maxValue":"10"}},{"@type":"Person","@id":"https:\/\/dicodusport.fr\/blog\/#\/schema\/person\/627966a6cde45dbd8c5e36ac85d783da","name":"S\u00e9bastien Gente","image":{"@type":"ImageObject","inLanguage":"fr-FR","@id":"https:\/\/dicodusport.fr\/blog\/#\/schema\/person\/image\/","url":"https:\/\/dicodusport.fr\/blog\/wp-content\/uploads\/2021\/09\/1510990_10205810251400683_4124423575079401707_n-150x150.jpg","contentUrl":"https:\/\/dicodusport.fr\/blog\/wp-content\/uploads\/2021\/09\/1510990_10205810251400683_4124423575079401707_n-150x150.jpg","caption":"S\u00e9bastien Gente"},"description":"John Stockton, Gianni Bugno, Zinedine Zidane, Steffi Graf, Frode Andresen, St\u00e9phane Stoecklin, Davis Kamoga, Primoz Peterka, Werner Schlager et Aur\u00e9lien Rougerie. Point commun entre ces sportifs? Ils m'ont fait r\u00eaver et ont berc\u00e9 mon adolescence. Je suis un fondu de sports et j'essaie de retranscrire ma passion \u00e0 travers mes articles. Originaire du P\u00e9rigord, ma passion pour les Girondins, les Jaunards et les Jazzmen transpire dans mes \u00e9crits. \u00c0 Dicodusport depuis 2021, je d\u00e9niche les sports m\u00e9connus dans lesquels la France brille, et il y en a !","sameAs":["https:\/\/www.facebook.com\/sebastien.gente\/","https:\/\/www.instagram.com\/sebgente\/","https:\/\/www.linkedin.com\/in\/sbastien-gente-a29583169\/","https:\/\/x.com\/https:\/\/twitter.com\/globulo24","SebastienGente"],"worksFor":"S\u00e9bastien GENTE","url":"https:\/\/dicodusport.fr\/blog\/author\/sebastiengente\/"}]}},"_links":{"self":[{"href":"https:\/\/dicodusport.fr\/blog\/wp-json\/wp\/v2\/posts\/206941","targetHints":{"allow":["GET"]}}],"collection":[{"href":"https:\/\/dicodusport.fr\/blog\/wp-json\/wp\/v2\/posts"}],"about":[{"href":"https:\/\/dicodusport.fr\/blog\/wp-json\/wp\/v2\/types\/post"}],"author":[{"embeddable":true,"href":"https:\/\/dicodusport.fr\/blog\/wp-json\/wp\/v2\/users\/59"}],"replies":[{"embeddable":true,"href":"https:\/\/dicodusport.fr\/blog\/wp-json\/wp\/v2\/comments?post=206941"}],"version-history":[{"count":0,"href":"https:\/\/dicodusport.fr\/blog\/wp-json\/wp\/v2\/posts\/206941\/revisions"}],"wp:featuredmedia":[{"embeddable":true,"href":"https:\/\/dicodusport.fr\/blog\/wp-json\/wp\/v2\/media\/207093"}],"wp:attachment":[{"href":"https:\/\/dicodusport.fr\/blog\/wp-json\/wp\/v2\/media?parent=206941"}],"wp:term":[{"taxonomy":"category","embeddable":true,"href":"https:\/\/dicodusport.fr\/blog\/wp-json\/wp\/v2\/categories?post=206941"},{"taxonomy":"post_tag","embeddable":true,"href":"https:\/\/dicodusport.fr\/blog\/wp-json\/wp\/v2\/tags?post=206941"}],"curies":[{"name":"wp","href":"https:\/\/api.w.org\/{rel}","templated":true}]}}