{"id":20739,"date":"2018-06-23T10:07:19","date_gmt":"2018-06-23T08:07:19","guid":{"rendered":"http:\/\/dicodusport.fr\/blog\/?p=20739"},"modified":"2018-06-23T10:26:12","modified_gmt":"2018-06-23T08:26:12","slug":"yannick-borel-rester-concentre-pour-les-championnats-du-monde","status":"publish","type":"post","link":"https:\/\/dicodusport.fr\/blog\/yannick-borel-rester-concentre-pour-les-championnats-du-monde\/","title":{"rendered":"Yannick Borel : \u00ab\u00a0Rester concentr\u00e9 pour les Championnats du monde\u00a0\u00bb"},"content":{"rendered":"<p><em><strong>Quelques jours apr\u00e8s des championnats d&rsquo;Europe r\u00e9ussis, nous avons rencontr\u00e9 Yannick Borel, \u00e9p\u00e9iste fran\u00e7ais de 29 ans.\u00a0<\/strong><\/em><\/p>\n<h5 style=\"text-align: justify;\">Yannick, quels sentiments dominent apr\u00e8s ces championnats d&rsquo;Europe ?<\/h5>\n<p style=\"text-align: justify;\">Je ne peux pas cacher que je suis satisfait de mes performances aux championnats d&rsquo;Europe. Je suis tr\u00e8s content de ce nouveau titre en individuel, mais cette m\u00e9daille par \u00e9quipes \u00e9tait aussi tr\u00e8s importante car nous n&rsquo;avions pas r\u00e9ussi \u00e0 la d\u00e9crocher l&rsquo;an dernier. Tr\u00e8s content donc, mais je reste concentr\u00e9 car il y a un dernier rendez-vous qui m&rsquo;attend cette saison.<\/p>\n<h5 style=\"text-align: justify;\">En individuel, tu conserves ton titre pour la troisi\u00e8me fois, comment as-tu construis ce succ\u00e8s ?<\/h5>\n<p style=\"text-align: justify;\">J&rsquo;ai essay\u00e9 de faire abstraction que \u00e7a pouvait \u00eatre mon troisi\u00e8me titre d&rsquo;affil\u00e9e. J&rsquo;ai vraiment voulu me concentrer sur la comp\u00e9tition et sur le titre qui \u00e9tait \u00e0 gagner. J&rsquo;ai essay\u00e9 de travailler sur ma concentration tout le long de la journ\u00e9e, pour rester dans ma comp\u00e9tition et g\u00e9rer les moments difficiles. Je pars toujours du principe que rien n&rsquo;est gagn\u00e9 \u00e0 l&rsquo;avance et c&rsquo;est ce qui m&rsquo;a permis de rester concentr\u00e9 jusqu&rsquo;\u00e0 la derni\u00e8re touche d\u00e9cisive en finale.<\/p>\n<h5 style=\"text-align: justify;\">Tu gagnes la finale \u00e0 la touche d\u00e9cisive, \u00e0 quoi penses-tu \u00e0 14-14 ?<\/h5>\n<p style=\"text-align: justify;\">C&rsquo;est bien avant 14 partout que je pense dans cette finale, car je suis men\u00e9 de deux touches et je n&rsquo;ai pas la solution pour renverser la tendance. La minute avec mon entra\u00eeneur, St\u00e9phane Leroy, m&rsquo;a vraiment aid\u00e9e, je lui ai propos\u00e9 un plan pour la suite et il a approuv\u00e9 mon id\u00e9e de son \u0153il ext\u00e9rieur, donc \u00e7a me conforte dans mon id\u00e9e. Au retour de la pause, j&rsquo;encaisse encore la touche mais je me dis que c&rsquo;est une erreur de ma part et pas mon plan qui est d\u00e9faillant. J&rsquo;insiste dans mon id\u00e9e et je reviens \u00e0 10 partout. Ensuite, trois touches doubles qui nous conduisent \u00e0 13 partout. Il met ensuite la 14\u00e8me et je suis dos au mur mais je d\u00e9cide de rester sur la strat\u00e9gie que j&rsquo;avais choisi et cela a pay\u00e9, car je marque les deux derni\u00e8res touches pour conserver mon titre.<\/p>\n<h5 style=\"text-align: justify;\">En \u00e9quipes, vous faites une belle journ\u00e9e avant de perdre en finale. Qu\u2019est-ce qui vous manque pour attraper l\u2019or ?<\/h5>\n<p style=\"text-align: justify;\">Il nous manque de la fra\u00eecheur physique. Nous avons enchain\u00e9 la Coupe du monde \u00e0 Cali fin mai, puis ensuite les championnats de France individuel et par \u00e9quipes pour finir avec les Europe. Donc je pense que ce manque de fra\u00eecheur nous a fait manquer de lucidit\u00e9 dans cette finale et sur certains relais, on laisse \u00e9chapper quelques touches qui ne pardonnent pas. En \u00e9tant plus frais physiquement, cela aurait \u00e9t\u00e9 un autre match.\u00a0 Nous avions une \u00e9quipe avec deux nouveaux par rapport \u00e0 l&rsquo;\u00e9quipe championne du monde, donc cela reste un r\u00e9sultat satisfaisant. Ce qui est bien, c&rsquo;est que pour les championnats du monde, le programme est plus l\u00e9ger avant, donc nous aurons plus de fra\u00eecheur physique.<\/p>\n<h5 style=\"text-align: justify;\">Objectif mondiaux, comment vas-tu te pr\u00e9parer ?<\/h5>\n<p style=\"text-align: justify;\">Je vais garder ma routine d&rsquo;entra\u00eenement habituelle. S\u00e9ance de kin\u00e9 avant l&rsquo;entra\u00eenement car j&rsquo;ai une blessure au poignet, et je le vois m\u00eame parfois apr\u00e8s la s\u00e9ance quand c&rsquo;est n\u00e9cessaire. J&rsquo;essaye aussi de faire de la cryoth\u00e9rapie d\u00e8s que mon corps en a besoin. A l&rsquo;approche des championnats du monde, tout est fait pour qu&rsquo;on soit conditionn\u00e9 pour \u00eatre performant. Aujourd&rsquo;hui, j&rsquo;ai une \u00e9quipe avec quatre coachs \u00e0 l&rsquo;INSEP, un pr\u00e9parateur mental et un pr\u00e9parateur physique qui m&rsquo;aident \u00e0 bien mener ma barque.<\/p>\n<h5 style=\"text-align: justify;\">Avec quels r\u00e9sultats en individuel et en \u00e9quipes rentrerais-tu satisfait de Chine ?<\/h5>\n<p style=\"text-align: justify;\">Je ne veux pas me cacher, je suis plut\u00f4t en confiance et \u00e7a peut para\u00eetre un peu pr\u00e9tentieux de dire cela, mais j&rsquo;aimerais rentrer avec deux m\u00e9dailles, une en individuel et une par \u00e9quipes. L&rsquo;objectif \u00e0 chaque d\u00e9but de comp\u00e9tition est d&rsquo;abord la demi-finale, ensuite je me conditionne pour aller chercher le titre. Il me reste encore un mois pour bien me pr\u00e9parer et on verra bien ce jour-l\u00e0.<\/p>\n<h5 style=\"text-align: justify;\">Les JO, c\u2019est dans 2 ans. Est-ce que tu y penses souvent ? Est-ce possible que ce soit tes derniers JO ?<\/h5>\n<p style=\"text-align: justify;\">Je n&rsquo;y pense pas encore souvent, mais les Jeux Olympiques m&rsquo;animent au quotidien et ils me font r\u00eaver, \u00e9videmment. C&rsquo;est un \u00e9v\u00e9nement aussi beau que prestigieux, mais c&rsquo;est un peu trop t\u00f4t pour y penser vraiment car j&rsquo;ai d&rsquo;autres objectifs avant ,et je dois rester concentr\u00e9 l\u00e0-dessus.<\/p>\n<p style=\"text-align: justify;\">Non, ce ne sera pas mes derniers JO, depuis que je sais qu&rsquo;il y aura les Jeux \u00e0 Paris en 2024, c&rsquo;est mon objectif \u00e0 long terme.<\/p>\n<p style=\"text-align: justify;\"><em><strong>Nicolas Jacquemard<\/strong><br \/>\n<\/em><a href=\"https:\/\/twitter.com\/Nico_Jacquemard\" target=\"_blank\" rel=\"noopener noreferrer\"><img loading=\"lazy\" decoding=\"async\" class=\"alignnone wp-image-2908\" src=\"http:\/\/dicodusport.fr\/blog\/wp-content\/uploads\/2017\/07\/logo-twitter-150x150.png\" alt=\"\" width=\"39\" height=\"39\" \/><\/a><a href=\"https:\/\/www.facebook.com\/dicodusport\/\" target=\"_blank\" rel=\"noopener noreferrer\"><img loading=\"lazy\" decoding=\"async\" class=\"alignnone wp-image-2909\" src=\"http:\/\/dicodusport.fr\/blog\/wp-content\/uploads\/2017\/07\/logo-facebook-150x150.png\" alt=\"\" width=\"40\" height=\"40\" \/><\/a><\/p>\n","protected":false},"excerpt":{"rendered":"<p>Quelques jours apr\u00e8s des championnats d&rsquo;Europe r\u00e9ussis, nous avons rencontr\u00e9 Yannick Borel, \u00e9p\u00e9iste fran\u00e7ais de 29 ans. <\/p>\n","protected":false},"author":1,"featured_media":20747,"comment_status":"open","ping_status":"closed","sticky":false,"template":"","format":"standard","meta":{"_acf_changed":false,"_daextam_enable_autolinks":"","footnotes":""},"categories":[2,2316,2310],"tags":[1096,895,1294],"class_list":["post-20739","post","type-post","status-publish","format-standard","has-post-thumbnail","hentry","category-actualites","category-tous-les-sports","category-sports-de-combat","tag-epee","tag-escrime","tag-yannick-borel"],"acf":[],"yoast_head":"<!-- This site is optimized with the Yoast SEO Premium plugin v26.7 (Yoast SEO v26.7) - https:\/\/yoast.com\/wordpress\/plugins\/seo\/ -->\n<title>Yannick Borel : &quot;Rester concentr\u00e9 pour les Championnats du monde&quot;<\/title>\n<meta name=\"description\" content=\"Quelques jours apr\u00e8s des championnats d&#039;Europe r\u00e9ussis, nous avons rencontr\u00e9 Yannick Borel, \u00e9p\u00e9iste fran\u00e7ais de 29 ans.\u00a0\" \/>\n<meta name=\"robots\" content=\"index, follow, max-snippet:-1, max-image-preview:large, max-video-preview:-1\" \/>\n<link rel=\"canonical\" href=\"https:\/\/dicodusport.fr\/blog\/yannick-borel-rester-concentre-pour-les-championnats-du-monde\/\" \/>\n<meta property=\"og:locale\" content=\"fr_FR\" \/>\n<meta property=\"og:type\" content=\"article\" \/>\n<meta property=\"og:title\" content=\"Yannick Borel : &quot;Rester concentr\u00e9 pour les Championnats du monde&quot;\" \/>\n<meta property=\"og:description\" content=\"Quelques jours apr\u00e8s des championnats d&#039;Europe r\u00e9ussis, nous avons rencontr\u00e9 Yannick Borel, \u00e9p\u00e9iste fran\u00e7ais de 29 ans.\u00a0\" \/>\n<meta property=\"og:url\" content=\"https:\/\/dicodusport.fr\/blog\/yannick-borel-rester-concentre-pour-les-championnats-du-monde\/\" \/>\n<meta property=\"og:site_name\" content=\"Dicodusport\" \/>\n<meta property=\"article:publisher\" content=\"https:\/\/www.facebook.com\/dicodusport\" \/>\n<meta property=\"article:author\" content=\"https:\/\/www.facebook.com\/dicodusport\" \/>\n<meta property=\"article:published_time\" content=\"2018-06-23T08:07:19+00:00\" \/>\n<meta property=\"article:modified_time\" content=\"2018-06-23T08:26:12+00:00\" \/>\n<meta property=\"og:image\" content=\"https:\/\/dicodusport.fr\/blog\/wp-content\/uploads\/2018\/06\/Yannick-Borel-1.png\" \/>\n\t<meta property=\"og:image:width\" content=\"1200\" \/>\n\t<meta property=\"og:image:height\" content=\"670\" \/>\n\t<meta property=\"og:image:type\" content=\"image\/png\" \/>\n<meta name=\"author\" content=\"Nicolas Jacquemard\" \/>\n<meta name=\"twitter:card\" content=\"summary_large_image\" \/>\n<meta name=\"twitter:creator\" content=\"@https:\/\/twitter.com\/Nico_Jacquemard\" \/>\n<meta name=\"twitter:site\" content=\"@dicodusport\" \/>\n<script type=\"application\/ld+json\" class=\"yoast-schema-graph\">{\"@context\":\"https:\/\/schema.org\",\"@graph\":[{\"@type\":\"NewsArticle\",\"@id\":\"https:\/\/dicodusport.fr\/blog\/yannick-borel-rester-concentre-pour-les-championnats-du-monde\/#article\",\"isPartOf\":{\"@id\":\"https:\/\/dicodusport.fr\/blog\/yannick-borel-rester-concentre-pour-les-championnats-du-monde\/\"},\"author\":{\"name\":\"Nicolas Jacquemard\",\"@id\":\"https:\/\/dicodusport.fr\/blog\/#\/schema\/person\/55dcb50ad410894e431ed812bbb70191\"},\"headline\":\"Yannick Borel : \u00ab\u00a0Rester concentr\u00e9 pour les Championnats du monde\u00a0\u00bb\",\"datePublished\":\"2018-06-23T08:07:19+00:00\",\"dateModified\":\"2018-06-23T08:26:12+00:00\",\"mainEntityOfPage\":{\"@id\":\"https:\/\/dicodusport.fr\/blog\/yannick-borel-rester-concentre-pour-les-championnats-du-monde\/\"},\"wordCount\":844,\"commentCount\":0,\"publisher\":{\"@id\":\"https:\/\/dicodusport.fr\/blog\/#organization\"},\"image\":{\"@id\":\"https:\/\/dicodusport.fr\/blog\/yannick-borel-rester-concentre-pour-les-championnats-du-monde\/#primaryimage\"},\"thumbnailUrl\":\"https:\/\/dicodusport.fr\/blog\/wp-content\/uploads\/2018\/06\/Yannick-Borel-1.png\",\"keywords\":[\"\u00e9p\u00e9e\",\"escrime\",\"Yannick Borel\"],\"articleSection\":[\"Actualit\u00e9s\",\"Sports\",\"Sports de combat\"],\"inLanguage\":\"fr-FR\",\"potentialAction\":[{\"@type\":\"CommentAction\",\"name\":\"Comment\",\"target\":[\"https:\/\/dicodusport.fr\/blog\/yannick-borel-rester-concentre-pour-les-championnats-du-monde\/#respond\"]}],\"copyrightYear\":\"2018\",\"copyrightHolder\":{\"@id\":\"https:\/\/dicodusport.fr\/blog\/#organization\"}},{\"@type\":\"WebPage\",\"@id\":\"https:\/\/dicodusport.fr\/blog\/yannick-borel-rester-concentre-pour-les-championnats-du-monde\/\",\"url\":\"https:\/\/dicodusport.fr\/blog\/yannick-borel-rester-concentre-pour-les-championnats-du-monde\/\",\"name\":\"Yannick Borel : \\\"Rester concentr\u00e9 pour les Championnats du monde\\\"\",\"isPartOf\":{\"@id\":\"https:\/\/dicodusport.fr\/blog\/#website\"},\"primaryImageOfPage\":{\"@id\":\"https:\/\/dicodusport.fr\/blog\/yannick-borel-rester-concentre-pour-les-championnats-du-monde\/#primaryimage\"},\"image\":{\"@id\":\"https:\/\/dicodusport.fr\/blog\/yannick-borel-rester-concentre-pour-les-championnats-du-monde\/#primaryimage\"},\"thumbnailUrl\":\"https:\/\/dicodusport.fr\/blog\/wp-content\/uploads\/2018\/06\/Yannick-Borel-1.png\",\"datePublished\":\"2018-06-23T08:07:19+00:00\",\"dateModified\":\"2018-06-23T08:26:12+00:00\",\"description\":\"Quelques jours apr\u00e8s des championnats d'Europe r\u00e9ussis, nous avons rencontr\u00e9 Yannick Borel, \u00e9p\u00e9iste fran\u00e7ais de 29 ans.\u00a0\",\"breadcrumb\":{\"@id\":\"https:\/\/dicodusport.fr\/blog\/yannick-borel-rester-concentre-pour-les-championnats-du-monde\/#breadcrumb\"},\"inLanguage\":\"fr-FR\",\"potentialAction\":[{\"@type\":\"ReadAction\",\"target\":[\"https:\/\/dicodusport.fr\/blog\/yannick-borel-rester-concentre-pour-les-championnats-du-monde\/\"]}]},{\"@type\":\"ImageObject\",\"inLanguage\":\"fr-FR\",\"@id\":\"https:\/\/dicodusport.fr\/blog\/yannick-borel-rester-concentre-pour-les-championnats-du-monde\/#primaryimage\",\"url\":\"https:\/\/dicodusport.fr\/blog\/wp-content\/uploads\/2018\/06\/Yannick-Borel-1.png\",\"contentUrl\":\"https:\/\/dicodusport.fr\/blog\/wp-content\/uploads\/2018\/06\/Yannick-Borel-1.png\",\"width\":1200,\"height\":670,\"caption\":\"Yannick Borel\"},{\"@type\":\"BreadcrumbList\",\"@id\":\"https:\/\/dicodusport.fr\/blog\/yannick-borel-rester-concentre-pour-les-championnats-du-monde\/#breadcrumb\",\"itemListElement\":[{\"@type\":\"ListItem\",\"position\":1,\"name\":\"Accueil\",\"item\":\"https:\/\/dicodusport.fr\/blog\/\"},{\"@type\":\"ListItem\",\"position\":2,\"name\":\"Yannick Borel : \u00ab\u00a0Rester concentr\u00e9 pour les Championnats du monde\u00a0\u00bb\"}]},{\"@type\":\"WebSite\",\"@id\":\"https:\/\/dicodusport.fr\/blog\/#website\",\"url\":\"https:\/\/dicodusport.fr\/blog\/\",\"name\":\"Dicodusport\",\"description\":\"L&#039;encyclop\u00e9die de l&#039;actualit\u00e9 sportive\",\"publisher\":{\"@id\":\"https:\/\/dicodusport.fr\/blog\/#organization\"},\"potentialAction\":[{\"@type\":\"SearchAction\",\"target\":{\"@type\":\"EntryPoint\",\"urlTemplate\":\"https:\/\/dicodusport.fr\/blog\/?s={search_term_string}\"},\"query-input\":{\"@type\":\"PropertyValueSpecification\",\"valueRequired\":true,\"valueName\":\"search_term_string\"}}],\"inLanguage\":\"fr-FR\"},{\"@type\":\"NewsMediaOrganization\",\"@id\":\"https:\/\/dicodusport.fr\/blog\/#organization\",\"name\":\"Dicodusport\",\"url\":\"https:\/\/dicodusport.fr\/blog\/\",\"logo\":{\"@type\":\"ImageObject\",\"inLanguage\":\"fr-FR\",\"@id\":\"https:\/\/dicodusport.fr\/blog\/#\/schema\/logo\/image\/\",\"url\":\"https:\/\/dicodusport.fr\/blog\/wp-content\/uploads\/2020\/06\/cropped-LOGO-DICODUSPORT-2020-SANS-FOND-SANS-TEXTE.png\",\"contentUrl\":\"https:\/\/dicodusport.fr\/blog\/wp-content\/uploads\/2020\/06\/cropped-LOGO-DICODUSPORT-2020-SANS-FOND-SANS-TEXTE.png\",\"width\":512,\"height\":512,\"caption\":\"Dicodusport\"},\"image\":{\"@id\":\"https:\/\/dicodusport.fr\/blog\/#\/schema\/logo\/image\/\"},\"sameAs\":[\"https:\/\/www.facebook.com\/dicodusport\",\"https:\/\/x.com\/dicodusport\",\"https:\/\/www.instagram.com\/dicodusport\/\",\"https:\/\/www.youtube.com\/channel\/UC7V2KZ5sd3htJivAbA4ZG3w\"],\"description\":\"Dicodusport est l'encyclop\u00e9die de l'actualit\u00e9 sportive.\",\"email\":\"bonjour@dicodusport.fr\",\"legalName\":\"DICODUSPORT\",\"foundingDate\":\"2018-01-14\",\"vatID\":\"FR71834470973\",\"taxID\":\"83447097300043\",\"numberOfEmployees\":{\"@type\":\"QuantitativeValue\",\"minValue\":\"1\",\"maxValue\":\"10\"}},{\"@type\":\"Person\",\"@id\":\"https:\/\/dicodusport.fr\/blog\/#\/schema\/person\/55dcb50ad410894e431ed812bbb70191\",\"name\":\"Nicolas Jacquemard\",\"image\":{\"@type\":\"ImageObject\",\"inLanguage\":\"fr-FR\",\"@id\":\"https:\/\/dicodusport.fr\/blog\/#\/schema\/person\/image\/\",\"url\":\"https:\/\/dicodusport.fr\/blog\/wp-content\/uploads\/2021\/05\/Nicolas-Jacquemard-150x150.jpeg\",\"contentUrl\":\"https:\/\/dicodusport.fr\/blog\/wp-content\/uploads\/2021\/05\/Nicolas-Jacquemard-150x150.jpeg\",\"caption\":\"Nicolas Jacquemard\"},\"description\":\"Passionn\u00e9 de sport et entrepreneur depuis mes 18 ans, la cr\u00e9ation de Dicodusport m'a sembl\u00e9 \u00e9vidente pour participer \u00e0 la m\u00e9diatisation d'un plus grand nombre de sports. Le chemin est long mais avec une \u00e9quipe des plus motiv\u00e9es et les Jeux Olympiques de Paris 2024 en point de mire, nous y arriverons ! Journaliste dans le monde du sport depuis plus de 5 ans, je traite aussi bien de football, de rugby, de biathlon que de cyclisme.\",\"sameAs\":[\"https:\/\/www.facebook.com\/dicodusport\",\"https:\/\/x.com\/https:\/\/twitter.com\/Nico_Jacquemard\"],\"url\":\"https:\/\/dicodusport.fr\/blog\/author\/dicodusport\/\"}]}<\/script>\n<!-- \/ Yoast SEO Premium plugin. -->","yoast_head_json":{"title":"Yannick Borel : \"Rester concentr\u00e9 pour les Championnats du monde\"","description":"Quelques jours apr\u00e8s des championnats d'Europe r\u00e9ussis, nous avons rencontr\u00e9 Yannick Borel, \u00e9p\u00e9iste fran\u00e7ais de 29 ans.\u00a0","robots":{"index":"index","follow":"follow","max-snippet":"max-snippet:-1","max-image-preview":"max-image-preview:large","max-video-preview":"max-video-preview:-1"},"canonical":"https:\/\/dicodusport.fr\/blog\/yannick-borel-rester-concentre-pour-les-championnats-du-monde\/","og_locale":"fr_FR","og_type":"article","og_title":"Yannick Borel : \"Rester concentr\u00e9 pour les Championnats du monde\"","og_description":"Quelques jours apr\u00e8s des championnats d'Europe r\u00e9ussis, nous avons rencontr\u00e9 Yannick Borel, \u00e9p\u00e9iste fran\u00e7ais de 29 ans.\u00a0","og_url":"https:\/\/dicodusport.fr\/blog\/yannick-borel-rester-concentre-pour-les-championnats-du-monde\/","og_site_name":"Dicodusport","article_publisher":"https:\/\/www.facebook.com\/dicodusport","article_author":"https:\/\/www.facebook.com\/dicodusport","article_published_time":"2018-06-23T08:07:19+00:00","article_modified_time":"2018-06-23T08:26:12+00:00","og_image":[{"width":1200,"height":670,"url":"https:\/\/dicodusport.fr\/blog\/wp-content\/uploads\/2018\/06\/Yannick-Borel-1.png","type":"image\/png"}],"author":"Nicolas Jacquemard","twitter_card":"summary_large_image","twitter_creator":"@https:\/\/twitter.com\/Nico_Jacquemard","twitter_site":"@dicodusport","schema":{"@context":"https:\/\/schema.org","@graph":[{"@type":"NewsArticle","@id":"https:\/\/dicodusport.fr\/blog\/yannick-borel-rester-concentre-pour-les-championnats-du-monde\/#article","isPartOf":{"@id":"https:\/\/dicodusport.fr\/blog\/yannick-borel-rester-concentre-pour-les-championnats-du-monde\/"},"author":{"name":"Nicolas Jacquemard","@id":"https:\/\/dicodusport.fr\/blog\/#\/schema\/person\/55dcb50ad410894e431ed812bbb70191"},"headline":"Yannick Borel : \u00ab\u00a0Rester concentr\u00e9 pour les Championnats du monde\u00a0\u00bb","datePublished":"2018-06-23T08:07:19+00:00","dateModified":"2018-06-23T08:26:12+00:00","mainEntityOfPage":{"@id":"https:\/\/dicodusport.fr\/blog\/yannick-borel-rester-concentre-pour-les-championnats-du-monde\/"},"wordCount":844,"commentCount":0,"publisher":{"@id":"https:\/\/dicodusport.fr\/blog\/#organization"},"image":{"@id":"https:\/\/dicodusport.fr\/blog\/yannick-borel-rester-concentre-pour-les-championnats-du-monde\/#primaryimage"},"thumbnailUrl":"https:\/\/dicodusport.fr\/blog\/wp-content\/uploads\/2018\/06\/Yannick-Borel-1.png","keywords":["\u00e9p\u00e9e","escrime","Yannick Borel"],"articleSection":["Actualit\u00e9s","Sports","Sports de combat"],"inLanguage":"fr-FR","potentialAction":[{"@type":"CommentAction","name":"Comment","target":["https:\/\/dicodusport.fr\/blog\/yannick-borel-rester-concentre-pour-les-championnats-du-monde\/#respond"]}],"copyrightYear":"2018","copyrightHolder":{"@id":"https:\/\/dicodusport.fr\/blog\/#organization"}},{"@type":"WebPage","@id":"https:\/\/dicodusport.fr\/blog\/yannick-borel-rester-concentre-pour-les-championnats-du-monde\/","url":"https:\/\/dicodusport.fr\/blog\/yannick-borel-rester-concentre-pour-les-championnats-du-monde\/","name":"Yannick Borel : \"Rester concentr\u00e9 pour les Championnats du monde\"","isPartOf":{"@id":"https:\/\/dicodusport.fr\/blog\/#website"},"primaryImageOfPage":{"@id":"https:\/\/dicodusport.fr\/blog\/yannick-borel-rester-concentre-pour-les-championnats-du-monde\/#primaryimage"},"image":{"@id":"https:\/\/dicodusport.fr\/blog\/yannick-borel-rester-concentre-pour-les-championnats-du-monde\/#primaryimage"},"thumbnailUrl":"https:\/\/dicodusport.fr\/blog\/wp-content\/uploads\/2018\/06\/Yannick-Borel-1.png","datePublished":"2018-06-23T08:07:19+00:00","dateModified":"2018-06-23T08:26:12+00:00","description":"Quelques jours apr\u00e8s des championnats d'Europe r\u00e9ussis, nous avons rencontr\u00e9 Yannick Borel, \u00e9p\u00e9iste fran\u00e7ais de 29 ans.\u00a0","breadcrumb":{"@id":"https:\/\/dicodusport.fr\/blog\/yannick-borel-rester-concentre-pour-les-championnats-du-monde\/#breadcrumb"},"inLanguage":"fr-FR","potentialAction":[{"@type":"ReadAction","target":["https:\/\/dicodusport.fr\/blog\/yannick-borel-rester-concentre-pour-les-championnats-du-monde\/"]}]},{"@type":"ImageObject","inLanguage":"fr-FR","@id":"https:\/\/dicodusport.fr\/blog\/yannick-borel-rester-concentre-pour-les-championnats-du-monde\/#primaryimage","url":"https:\/\/dicodusport.fr\/blog\/wp-content\/uploads\/2018\/06\/Yannick-Borel-1.png","contentUrl":"https:\/\/dicodusport.fr\/blog\/wp-content\/uploads\/2018\/06\/Yannick-Borel-1.png","width":1200,"height":670,"caption":"Yannick Borel"},{"@type":"BreadcrumbList","@id":"https:\/\/dicodusport.fr\/blog\/yannick-borel-rester-concentre-pour-les-championnats-du-monde\/#breadcrumb","itemListElement":[{"@type":"ListItem","position":1,"name":"Accueil","item":"https:\/\/dicodusport.fr\/blog\/"},{"@type":"ListItem","position":2,"name":"Yannick Borel : \u00ab\u00a0Rester concentr\u00e9 pour les Championnats du monde\u00a0\u00bb"}]},{"@type":"WebSite","@id":"https:\/\/dicodusport.fr\/blog\/#website","url":"https:\/\/dicodusport.fr\/blog\/","name":"Dicodusport","description":"L&#039;encyclop\u00e9die de l&#039;actualit\u00e9 sportive","publisher":{"@id":"https:\/\/dicodusport.fr\/blog\/#organization"},"potentialAction":[{"@type":"SearchAction","target":{"@type":"EntryPoint","urlTemplate":"https:\/\/dicodusport.fr\/blog\/?s={search_term_string}"},"query-input":{"@type":"PropertyValueSpecification","valueRequired":true,"valueName":"search_term_string"}}],"inLanguage":"fr-FR"},{"@type":"NewsMediaOrganization","@id":"https:\/\/dicodusport.fr\/blog\/#organization","name":"Dicodusport","url":"https:\/\/dicodusport.fr\/blog\/","logo":{"@type":"ImageObject","inLanguage":"fr-FR","@id":"https:\/\/dicodusport.fr\/blog\/#\/schema\/logo\/image\/","url":"https:\/\/dicodusport.fr\/blog\/wp-content\/uploads\/2020\/06\/cropped-LOGO-DICODUSPORT-2020-SANS-FOND-SANS-TEXTE.png","contentUrl":"https:\/\/dicodusport.fr\/blog\/wp-content\/uploads\/2020\/06\/cropped-LOGO-DICODUSPORT-2020-SANS-FOND-SANS-TEXTE.png","width":512,"height":512,"caption":"Dicodusport"},"image":{"@id":"https:\/\/dicodusport.fr\/blog\/#\/schema\/logo\/image\/"},"sameAs":["https:\/\/www.facebook.com\/dicodusport","https:\/\/x.com\/dicodusport","https:\/\/www.instagram.com\/dicodusport\/","https:\/\/www.youtube.com\/channel\/UC7V2KZ5sd3htJivAbA4ZG3w"],"description":"Dicodusport est l'encyclop\u00e9die de l'actualit\u00e9 sportive.","email":"bonjour@dicodusport.fr","legalName":"DICODUSPORT","foundingDate":"2018-01-14","vatID":"FR71834470973","taxID":"83447097300043","numberOfEmployees":{"@type":"QuantitativeValue","minValue":"1","maxValue":"10"}},{"@type":"Person","@id":"https:\/\/dicodusport.fr\/blog\/#\/schema\/person\/55dcb50ad410894e431ed812bbb70191","name":"Nicolas Jacquemard","image":{"@type":"ImageObject","inLanguage":"fr-FR","@id":"https:\/\/dicodusport.fr\/blog\/#\/schema\/person\/image\/","url":"https:\/\/dicodusport.fr\/blog\/wp-content\/uploads\/2021\/05\/Nicolas-Jacquemard-150x150.jpeg","contentUrl":"https:\/\/dicodusport.fr\/blog\/wp-content\/uploads\/2021\/05\/Nicolas-Jacquemard-150x150.jpeg","caption":"Nicolas Jacquemard"},"description":"Passionn\u00e9 de sport et entrepreneur depuis mes 18 ans, la cr\u00e9ation de Dicodusport m'a sembl\u00e9 \u00e9vidente pour participer \u00e0 la m\u00e9diatisation d'un plus grand nombre de sports. Le chemin est long mais avec une \u00e9quipe des plus motiv\u00e9es et les Jeux Olympiques de Paris 2024 en point de mire, nous y arriverons ! Journaliste dans le monde du sport depuis plus de 5 ans, je traite aussi bien de football, de rugby, de biathlon que de cyclisme.","sameAs":["https:\/\/www.facebook.com\/dicodusport","https:\/\/x.com\/https:\/\/twitter.com\/Nico_Jacquemard"],"url":"https:\/\/dicodusport.fr\/blog\/author\/dicodusport\/"}]}},"_links":{"self":[{"href":"https:\/\/dicodusport.fr\/blog\/wp-json\/wp\/v2\/posts\/20739","targetHints":{"allow":["GET"]}}],"collection":[{"href":"https:\/\/dicodusport.fr\/blog\/wp-json\/wp\/v2\/posts"}],"about":[{"href":"https:\/\/dicodusport.fr\/blog\/wp-json\/wp\/v2\/types\/post"}],"author":[{"embeddable":true,"href":"https:\/\/dicodusport.fr\/blog\/wp-json\/wp\/v2\/users\/1"}],"replies":[{"embeddable":true,"href":"https:\/\/dicodusport.fr\/blog\/wp-json\/wp\/v2\/comments?post=20739"}],"version-history":[{"count":0,"href":"https:\/\/dicodusport.fr\/blog\/wp-json\/wp\/v2\/posts\/20739\/revisions"}],"wp:featuredmedia":[{"embeddable":true,"href":"https:\/\/dicodusport.fr\/blog\/wp-json\/wp\/v2\/media\/20747"}],"wp:attachment":[{"href":"https:\/\/dicodusport.fr\/blog\/wp-json\/wp\/v2\/media?parent=20739"}],"wp:term":[{"taxonomy":"category","embeddable":true,"href":"https:\/\/dicodusport.fr\/blog\/wp-json\/wp\/v2\/categories?post=20739"},{"taxonomy":"post_tag","embeddable":true,"href":"https:\/\/dicodusport.fr\/blog\/wp-json\/wp\/v2\/tags?post=20739"}],"curies":[{"name":"wp","href":"https:\/\/api.w.org\/{rel}","templated":true}]}}