{"id":207742,"date":"2022-03-13T15:39:42","date_gmt":"2022-03-13T14:39:42","guid":{"rendered":"https:\/\/dicodusport.fr\/blog\/?p=207742&#038;preview=true&#038;preview_id=207742"},"modified":"2022-03-13T15:39:42","modified_gmt":"2022-03-13T14:39:42","slug":"coupe-deurope-des-lancers-2022-alexandra-tavernier-en-or-au-lancer-du-marteau","status":"publish","type":"post","link":"https:\/\/dicodusport.fr\/blog\/coupe-deurope-des-lancers-2022-alexandra-tavernier-en-or-au-lancer-du-marteau\/","title":{"rendered":"Coupe d&rsquo;Europe des lancers 2022 : Alexandra Tavernier en or au lancer du marteau !"},"content":{"rendered":"<p style=\"text-align: justify;\"><strong><em><a href=\"https:\/\/dicodusport.fr\/blog\/athletisme-coupe-deurope-des-lancers-2022-programme-et-resultats\/\" target=\"_blank\" rel=\"noopener\">COUPE D&rsquo;EUROPE DES LANCERS<\/a> &#8211; Super Alexandra Tavernier ! La Fran\u00e7aise s&rsquo;est impos\u00e9e au dernier essai du concours du lancer du marteau.<br \/>\n<\/em><\/strong><\/p>\n<p style=\"text-align: justify;\">Par rapport aux \u00e9preuves de la matin\u00e9e, il y avait un peu de vent pour le lancer du marteau.<\/p>\n<p style=\"text-align: justify;\">Derni\u00e8re \u00e0 lancer,<strong> Alexandra Tavernier<\/strong> a assur\u00e9 son premier lancer avec <strong>69.63 m<\/strong> pour se classer \u00e0 la deuxi\u00e8me place derri\u00e8re l&rsquo;Espagnole <strong>Laura Redondon<\/strong> (69.72 m). Elle a un peu recul\u00e9 sur la fin de son deuxi\u00e8me essai pour 66.69 m. Sortie du plateau, son troisi\u00e8me essai n&rsquo;a pas \u00e9t\u00e9 mesur\u00e9.<\/p>\n<p style=\"text-align: justify;\">Il y a eu un probl\u00e8me au niveau de l&rsquo;appareil de mesure au d\u00e9but de la 4e s\u00e9rie qui a retard\u00e9 le concours. A son 4e essai, la Fran\u00e7aise a tir\u00e9 dans le filet. Au 5e essai, elle s&rsquo;est rapproch\u00e9e de sa meilleure marque avec 69.31 m.<\/p>\n<p style=\"text-align: justify;\"><strong>Sara Fantini<\/strong>, meilleure marque de la saison des engag\u00e9es avec un record personnel de 72.61 m r\u00e9alis\u00e9 il y a un mois \u00e0 Mod\u00e8ne, a attendu son dernier essai pour monter sur le podium. Avec 69.60 m, elle a accroch\u00e9 le <strong>bronze<\/strong>. De son c\u00f4t\u00e9, Alexandra Tavernier a fait un tr\u00e8s bon dernier essai \u00e0 <strong>70.13 m<\/strong> pour s&rsquo;adjuger la m\u00e9daille d&rsquo;or.<\/p>\n<p style=\"text-align: justify;\">Si les minimas pour les Mondiaux estivaux ne sont pas encore l\u00e0 (72.50 m), celle qui a d\u00e9j\u00e0 r\u00e9alis\u00e9 les minimas pour les Championnats d&rsquo;Europe de Munich a assur\u00e9 pour remporter l&rsquo;or.<\/p>\n","protected":false},"excerpt":{"rendered":"<p>COUPE D&rsquo;EUROPE DES LANCERS &#8211; Super Alexandra Tavernier ! La Fran\u00e7aise s&rsquo;est impos\u00e9e au dernier essai du concours du lancer du marteau.<\/p>\n","protected":false},"author":12,"featured_media":207745,"comment_status":"open","ping_status":"closed","sticky":false,"template":"","format":"standard","meta":{"_acf_changed":false,"_daextam_enable_autolinks":"","footnotes":""},"categories":[2308],"tags":[5740,143,16409,5742],"class_list":["post-207742","post","type-post","status-publish","format-standard","has-post-thumbnail","hentry","category-athletisme","tag-alexandra-tavernier","tag-athletisme","tag-coupe-deurope-des-lancers","tag-lancer-du-marteau"],"acf":[],"yoast_head":"<!-- This site is optimized with the Yoast SEO Premium plugin v26.7 (Yoast SEO v26.7) - https:\/\/yoast.com\/wordpress\/plugins\/seo\/ -->\n<title>Coupe d&#039;Europe des lancers 2022 : Alexandra Tavernier en or au lancer du marteau ! - Dicodusport<\/title>\n<meta name=\"description\" content=\"COUPE D&#039;EUROPE DES LANCERS - Super Alexandra Tavernier ! La Fran\u00e7aise s&#039;est impos\u00e9e au dernier essai du concours du lancer du marteau.\" \/>\n<meta name=\"robots\" content=\"index, follow, max-snippet:-1, max-image-preview:large, max-video-preview:-1\" \/>\n<link rel=\"canonical\" href=\"https:\/\/dicodusport.fr\/blog\/coupe-deurope-des-lancers-2022-alexandra-tavernier-en-or-au-lancer-du-marteau\/\" \/>\n<meta property=\"og:locale\" content=\"fr_FR\" \/>\n<meta property=\"og:type\" content=\"article\" \/>\n<meta property=\"og:title\" content=\"Coupe d&#039;Europe des lancers 2022 : Alexandra Tavernier en or au lancer du marteau !\" \/>\n<meta property=\"og:description\" content=\"COUPE D&#039;EUROPE DES LANCERS - Super Alexandra Tavernier ! La Fran\u00e7aise s&#039;est impos\u00e9e au dernier essai du concours du lancer du marteau.\" \/>\n<meta property=\"og:url\" content=\"https:\/\/dicodusport.fr\/blog\/coupe-deurope-des-lancers-2022-alexandra-tavernier-en-or-au-lancer-du-marteau\/\" \/>\n<meta property=\"og:site_name\" content=\"Dicodusport\" \/>\n<meta property=\"article:publisher\" content=\"https:\/\/www.facebook.com\/dicodusport\" \/>\n<meta property=\"article:published_time\" content=\"2022-03-13T14:39:42+00:00\" \/>\n<meta property=\"og:image\" content=\"https:\/\/dicodusport.fr\/blog\/wp-content\/uploads\/2022\/03\/alexandra-tavernier-ante-cizmic.jpg\" \/>\n\t<meta property=\"og:image:width\" content=\"800\" \/>\n\t<meta property=\"og:image:height\" content=\"445\" \/>\n\t<meta property=\"og:image:type\" content=\"image\/jpeg\" \/>\n<meta name=\"author\" content=\"Arlette Yeye\" \/>\n<meta name=\"twitter:card\" content=\"summary_large_image\" \/>\n<meta name=\"twitter:title\" content=\"Coupe d&#039;Europe des lancers 2022 : Alexandra Tavernier en or au lancer du marteau !\" \/>\n<meta name=\"twitter:creator\" content=\"@https:\/\/twitter.com\/Shiclette94\" \/>\n<meta name=\"twitter:site\" content=\"@dicodusport\" \/>\n<script type=\"application\/ld+json\" class=\"yoast-schema-graph\">{\"@context\":\"https:\/\/schema.org\",\"@graph\":[{\"@type\":\"NewsArticle\",\"@id\":\"https:\/\/dicodusport.fr\/blog\/coupe-deurope-des-lancers-2022-alexandra-tavernier-en-or-au-lancer-du-marteau\/#article\",\"isPartOf\":{\"@id\":\"https:\/\/dicodusport.fr\/blog\/coupe-deurope-des-lancers-2022-alexandra-tavernier-en-or-au-lancer-du-marteau\/\"},\"author\":{\"name\":\"Arlette Yeye\",\"@id\":\"https:\/\/dicodusport.fr\/blog\/#\/schema\/person\/cce96fa88785bd8573e3d43078ac8c79\"},\"headline\":\"Coupe d&rsquo;Europe des lancers 2022 : Alexandra Tavernier en or au lancer du marteau !\",\"datePublished\":\"2022-03-13T14:39:42+00:00\",\"mainEntityOfPage\":{\"@id\":\"https:\/\/dicodusport.fr\/blog\/coupe-deurope-des-lancers-2022-alexandra-tavernier-en-or-au-lancer-du-marteau\/\"},\"wordCount\":264,\"commentCount\":0,\"publisher\":{\"@id\":\"https:\/\/dicodusport.fr\/blog\/#organization\"},\"image\":{\"@id\":\"https:\/\/dicodusport.fr\/blog\/coupe-deurope-des-lancers-2022-alexandra-tavernier-en-or-au-lancer-du-marteau\/#primaryimage\"},\"thumbnailUrl\":\"https:\/\/dicodusport.fr\/blog\/wp-content\/uploads\/2022\/03\/alexandra-tavernier-ante-cizmic.jpg\",\"keywords\":[\"Alexandra Tavernier\",\"Athl\u00e9tisme\",\"Coupe d'Europe des lancers\",\"Lancer du marteau\"],\"articleSection\":[\"Athl\u00e9tisme\"],\"inLanguage\":\"fr-FR\",\"potentialAction\":[{\"@type\":\"CommentAction\",\"name\":\"Comment\",\"target\":[\"https:\/\/dicodusport.fr\/blog\/coupe-deurope-des-lancers-2022-alexandra-tavernier-en-or-au-lancer-du-marteau\/#respond\"]}],\"copyrightYear\":\"2022\",\"copyrightHolder\":{\"@id\":\"https:\/\/dicodusport.fr\/blog\/#organization\"}},{\"@type\":\"WebPage\",\"@id\":\"https:\/\/dicodusport.fr\/blog\/coupe-deurope-des-lancers-2022-alexandra-tavernier-en-or-au-lancer-du-marteau\/\",\"url\":\"https:\/\/dicodusport.fr\/blog\/coupe-deurope-des-lancers-2022-alexandra-tavernier-en-or-au-lancer-du-marteau\/\",\"name\":\"Coupe d'Europe des lancers 2022 : Alexandra Tavernier en or au lancer du marteau ! - Dicodusport\",\"isPartOf\":{\"@id\":\"https:\/\/dicodusport.fr\/blog\/#website\"},\"primaryImageOfPage\":{\"@id\":\"https:\/\/dicodusport.fr\/blog\/coupe-deurope-des-lancers-2022-alexandra-tavernier-en-or-au-lancer-du-marteau\/#primaryimage\"},\"image\":{\"@id\":\"https:\/\/dicodusport.fr\/blog\/coupe-deurope-des-lancers-2022-alexandra-tavernier-en-or-au-lancer-du-marteau\/#primaryimage\"},\"thumbnailUrl\":\"https:\/\/dicodusport.fr\/blog\/wp-content\/uploads\/2022\/03\/alexandra-tavernier-ante-cizmic.jpg\",\"datePublished\":\"2022-03-13T14:39:42+00:00\",\"description\":\"COUPE D'EUROPE DES LANCERS - Super Alexandra Tavernier ! La Fran\u00e7aise s'est impos\u00e9e au dernier essai du concours du lancer du marteau.\",\"breadcrumb\":{\"@id\":\"https:\/\/dicodusport.fr\/blog\/coupe-deurope-des-lancers-2022-alexandra-tavernier-en-or-au-lancer-du-marteau\/#breadcrumb\"},\"inLanguage\":\"fr-FR\",\"potentialAction\":[{\"@type\":\"ReadAction\",\"target\":[\"https:\/\/dicodusport.fr\/blog\/coupe-deurope-des-lancers-2022-alexandra-tavernier-en-or-au-lancer-du-marteau\/\"]}]},{\"@type\":\"ImageObject\",\"inLanguage\":\"fr-FR\",\"@id\":\"https:\/\/dicodusport.fr\/blog\/coupe-deurope-des-lancers-2022-alexandra-tavernier-en-or-au-lancer-du-marteau\/#primaryimage\",\"url\":\"https:\/\/dicodusport.fr\/blog\/wp-content\/uploads\/2022\/03\/alexandra-tavernier-ante-cizmic.jpg\",\"contentUrl\":\"https:\/\/dicodusport.fr\/blog\/wp-content\/uploads\/2022\/03\/alexandra-tavernier-ante-cizmic.jpg\",\"width\":800,\"height\":445,\"caption\":\"Coupe d'Europe des lancers 2022 : Alexandra Tavernier en or au lancer du marteau !\"},{\"@type\":\"BreadcrumbList\",\"@id\":\"https:\/\/dicodusport.fr\/blog\/coupe-deurope-des-lancers-2022-alexandra-tavernier-en-or-au-lancer-du-marteau\/#breadcrumb\",\"itemListElement\":[{\"@type\":\"ListItem\",\"position\":1,\"name\":\"Accueil\",\"item\":\"https:\/\/dicodusport.fr\/blog\/\"},{\"@type\":\"ListItem\",\"position\":2,\"name\":\"Coupe d&rsquo;Europe des lancers 2022 : Alexandra Tavernier en or au lancer du marteau !\"}]},{\"@type\":\"WebSite\",\"@id\":\"https:\/\/dicodusport.fr\/blog\/#website\",\"url\":\"https:\/\/dicodusport.fr\/blog\/\",\"name\":\"Dicodusport\",\"description\":\"L&#039;encyclop\u00e9die de l&#039;actualit\u00e9 sportive\",\"publisher\":{\"@id\":\"https:\/\/dicodusport.fr\/blog\/#organization\"},\"potentialAction\":[{\"@type\":\"SearchAction\",\"target\":{\"@type\":\"EntryPoint\",\"urlTemplate\":\"https:\/\/dicodusport.fr\/blog\/?s={search_term_string}\"},\"query-input\":{\"@type\":\"PropertyValueSpecification\",\"valueRequired\":true,\"valueName\":\"search_term_string\"}}],\"inLanguage\":\"fr-FR\"},{\"@type\":\"NewsMediaOrganization\",\"@id\":\"https:\/\/dicodusport.fr\/blog\/#organization\",\"name\":\"Dicodusport\",\"url\":\"https:\/\/dicodusport.fr\/blog\/\",\"logo\":{\"@type\":\"ImageObject\",\"inLanguage\":\"fr-FR\",\"@id\":\"https:\/\/dicodusport.fr\/blog\/#\/schema\/logo\/image\/\",\"url\":\"https:\/\/dicodusport.fr\/blog\/wp-content\/uploads\/2020\/06\/cropped-LOGO-DICODUSPORT-2020-SANS-FOND-SANS-TEXTE.png\",\"contentUrl\":\"https:\/\/dicodusport.fr\/blog\/wp-content\/uploads\/2020\/06\/cropped-LOGO-DICODUSPORT-2020-SANS-FOND-SANS-TEXTE.png\",\"width\":512,\"height\":512,\"caption\":\"Dicodusport\"},\"image\":{\"@id\":\"https:\/\/dicodusport.fr\/blog\/#\/schema\/logo\/image\/\"},\"sameAs\":[\"https:\/\/www.facebook.com\/dicodusport\",\"https:\/\/x.com\/dicodusport\",\"https:\/\/www.instagram.com\/dicodusport\/\",\"https:\/\/www.youtube.com\/channel\/UC7V2KZ5sd3htJivAbA4ZG3w\"],\"description\":\"Dicodusport est l'encyclop\u00e9die de l'actualit\u00e9 sportive.\",\"email\":\"bonjour@dicodusport.fr\",\"legalName\":\"DICODUSPORT\",\"foundingDate\":\"2018-01-14\",\"vatID\":\"FR71834470973\",\"taxID\":\"83447097300043\",\"numberOfEmployees\":{\"@type\":\"QuantitativeValue\",\"minValue\":\"1\",\"maxValue\":\"10\"}},{\"@type\":\"Person\",\"@id\":\"https:\/\/dicodusport.fr\/blog\/#\/schema\/person\/cce96fa88785bd8573e3d43078ac8c79\",\"name\":\"Arlette Yeye\",\"image\":{\"@type\":\"ImageObject\",\"inLanguage\":\"fr-FR\",\"@id\":\"https:\/\/dicodusport.fr\/blog\/#\/schema\/person\/image\/\",\"url\":\"https:\/\/secure.gravatar.com\/avatar\/dca4a6239e6d708e46c45d60e160de6c?s=96&d=wp_user_avatar&r=g\",\"contentUrl\":\"https:\/\/secure.gravatar.com\/avatar\/dca4a6239e6d708e46c45d60e160de6c?s=96&d=wp_user_avatar&r=g\",\"caption\":\"Arlette Yeye\"},\"description\":\"Journaliste\/r\u00e9dactrice depuis septembre 2015 - Supportrice de Chelsea, j'ai pour sports de pr\u00e9dilection le handball, l'athl\u00e9tisme et le tennis. Si je tweete plus vite que mon ombre, vous pouvez aussi me retrouver les week-ends sur les playgrounds de Bruxelles pour un petit foot ou basket entre potes. Parcourir la France, l'Europe et plus si affinit\u00e9s pour suivre mes sportifs pr\u00e9f\u00e9r\u00e9s ? Mon kif ! Et c'est avec plaisir que je partage les r\u00e9sultats des sports populaires mais \u00e9galement plus confidentiels pour Dicodusport.\",\"sameAs\":[\"https:\/\/x.com\/https:\/\/twitter.com\/Shiclette94\"],\"url\":\"https:\/\/dicodusport.fr\/blog\/author\/arlette\/\"}]}<\/script>\n<!-- \/ Yoast SEO Premium plugin. -->","yoast_head_json":{"title":"Coupe d'Europe des lancers 2022 : Alexandra Tavernier en or au lancer du marteau ! - Dicodusport","description":"COUPE D'EUROPE DES LANCERS - Super Alexandra Tavernier ! La Fran\u00e7aise s'est impos\u00e9e au dernier essai du concours du lancer du marteau.","robots":{"index":"index","follow":"follow","max-snippet":"max-snippet:-1","max-image-preview":"max-image-preview:large","max-video-preview":"max-video-preview:-1"},"canonical":"https:\/\/dicodusport.fr\/blog\/coupe-deurope-des-lancers-2022-alexandra-tavernier-en-or-au-lancer-du-marteau\/","og_locale":"fr_FR","og_type":"article","og_title":"Coupe d'Europe des lancers 2022 : Alexandra Tavernier en or au lancer du marteau !","og_description":"COUPE D'EUROPE DES LANCERS - Super Alexandra Tavernier ! La Fran\u00e7aise s'est impos\u00e9e au dernier essai du concours du lancer du marteau.","og_url":"https:\/\/dicodusport.fr\/blog\/coupe-deurope-des-lancers-2022-alexandra-tavernier-en-or-au-lancer-du-marteau\/","og_site_name":"Dicodusport","article_publisher":"https:\/\/www.facebook.com\/dicodusport","article_published_time":"2022-03-13T14:39:42+00:00","og_image":[{"width":800,"height":445,"url":"https:\/\/dicodusport.fr\/blog\/wp-content\/uploads\/2022\/03\/alexandra-tavernier-ante-cizmic.jpg","type":"image\/jpeg"}],"author":"Arlette Yeye","twitter_card":"summary_large_image","twitter_title":"Coupe d'Europe des lancers 2022 : Alexandra Tavernier en or au lancer du marteau !","twitter_creator":"@https:\/\/twitter.com\/Shiclette94","twitter_site":"@dicodusport","schema":{"@context":"https:\/\/schema.org","@graph":[{"@type":"NewsArticle","@id":"https:\/\/dicodusport.fr\/blog\/coupe-deurope-des-lancers-2022-alexandra-tavernier-en-or-au-lancer-du-marteau\/#article","isPartOf":{"@id":"https:\/\/dicodusport.fr\/blog\/coupe-deurope-des-lancers-2022-alexandra-tavernier-en-or-au-lancer-du-marteau\/"},"author":{"name":"Arlette Yeye","@id":"https:\/\/dicodusport.fr\/blog\/#\/schema\/person\/cce96fa88785bd8573e3d43078ac8c79"},"headline":"Coupe d&rsquo;Europe des lancers 2022 : Alexandra Tavernier en or au lancer du marteau !","datePublished":"2022-03-13T14:39:42+00:00","mainEntityOfPage":{"@id":"https:\/\/dicodusport.fr\/blog\/coupe-deurope-des-lancers-2022-alexandra-tavernier-en-or-au-lancer-du-marteau\/"},"wordCount":264,"commentCount":0,"publisher":{"@id":"https:\/\/dicodusport.fr\/blog\/#organization"},"image":{"@id":"https:\/\/dicodusport.fr\/blog\/coupe-deurope-des-lancers-2022-alexandra-tavernier-en-or-au-lancer-du-marteau\/#primaryimage"},"thumbnailUrl":"https:\/\/dicodusport.fr\/blog\/wp-content\/uploads\/2022\/03\/alexandra-tavernier-ante-cizmic.jpg","keywords":["Alexandra Tavernier","Athl\u00e9tisme","Coupe d'Europe des lancers","Lancer du marteau"],"articleSection":["Athl\u00e9tisme"],"inLanguage":"fr-FR","potentialAction":[{"@type":"CommentAction","name":"Comment","target":["https:\/\/dicodusport.fr\/blog\/coupe-deurope-des-lancers-2022-alexandra-tavernier-en-or-au-lancer-du-marteau\/#respond"]}],"copyrightYear":"2022","copyrightHolder":{"@id":"https:\/\/dicodusport.fr\/blog\/#organization"}},{"@type":"WebPage","@id":"https:\/\/dicodusport.fr\/blog\/coupe-deurope-des-lancers-2022-alexandra-tavernier-en-or-au-lancer-du-marteau\/","url":"https:\/\/dicodusport.fr\/blog\/coupe-deurope-des-lancers-2022-alexandra-tavernier-en-or-au-lancer-du-marteau\/","name":"Coupe d'Europe des lancers 2022 : Alexandra Tavernier en or au lancer du marteau ! - Dicodusport","isPartOf":{"@id":"https:\/\/dicodusport.fr\/blog\/#website"},"primaryImageOfPage":{"@id":"https:\/\/dicodusport.fr\/blog\/coupe-deurope-des-lancers-2022-alexandra-tavernier-en-or-au-lancer-du-marteau\/#primaryimage"},"image":{"@id":"https:\/\/dicodusport.fr\/blog\/coupe-deurope-des-lancers-2022-alexandra-tavernier-en-or-au-lancer-du-marteau\/#primaryimage"},"thumbnailUrl":"https:\/\/dicodusport.fr\/blog\/wp-content\/uploads\/2022\/03\/alexandra-tavernier-ante-cizmic.jpg","datePublished":"2022-03-13T14:39:42+00:00","description":"COUPE D'EUROPE DES LANCERS - Super Alexandra Tavernier ! La Fran\u00e7aise s'est impos\u00e9e au dernier essai du concours du lancer du marteau.","breadcrumb":{"@id":"https:\/\/dicodusport.fr\/blog\/coupe-deurope-des-lancers-2022-alexandra-tavernier-en-or-au-lancer-du-marteau\/#breadcrumb"},"inLanguage":"fr-FR","potentialAction":[{"@type":"ReadAction","target":["https:\/\/dicodusport.fr\/blog\/coupe-deurope-des-lancers-2022-alexandra-tavernier-en-or-au-lancer-du-marteau\/"]}]},{"@type":"ImageObject","inLanguage":"fr-FR","@id":"https:\/\/dicodusport.fr\/blog\/coupe-deurope-des-lancers-2022-alexandra-tavernier-en-or-au-lancer-du-marteau\/#primaryimage","url":"https:\/\/dicodusport.fr\/blog\/wp-content\/uploads\/2022\/03\/alexandra-tavernier-ante-cizmic.jpg","contentUrl":"https:\/\/dicodusport.fr\/blog\/wp-content\/uploads\/2022\/03\/alexandra-tavernier-ante-cizmic.jpg","width":800,"height":445,"caption":"Coupe d'Europe des lancers 2022 : Alexandra Tavernier en or au lancer du marteau !"},{"@type":"BreadcrumbList","@id":"https:\/\/dicodusport.fr\/blog\/coupe-deurope-des-lancers-2022-alexandra-tavernier-en-or-au-lancer-du-marteau\/#breadcrumb","itemListElement":[{"@type":"ListItem","position":1,"name":"Accueil","item":"https:\/\/dicodusport.fr\/blog\/"},{"@type":"ListItem","position":2,"name":"Coupe d&rsquo;Europe des lancers 2022 : Alexandra Tavernier en or au lancer du marteau !"}]},{"@type":"WebSite","@id":"https:\/\/dicodusport.fr\/blog\/#website","url":"https:\/\/dicodusport.fr\/blog\/","name":"Dicodusport","description":"L&#039;encyclop\u00e9die de l&#039;actualit\u00e9 sportive","publisher":{"@id":"https:\/\/dicodusport.fr\/blog\/#organization"},"potentialAction":[{"@type":"SearchAction","target":{"@type":"EntryPoint","urlTemplate":"https:\/\/dicodusport.fr\/blog\/?s={search_term_string}"},"query-input":{"@type":"PropertyValueSpecification","valueRequired":true,"valueName":"search_term_string"}}],"inLanguage":"fr-FR"},{"@type":"NewsMediaOrganization","@id":"https:\/\/dicodusport.fr\/blog\/#organization","name":"Dicodusport","url":"https:\/\/dicodusport.fr\/blog\/","logo":{"@type":"ImageObject","inLanguage":"fr-FR","@id":"https:\/\/dicodusport.fr\/blog\/#\/schema\/logo\/image\/","url":"https:\/\/dicodusport.fr\/blog\/wp-content\/uploads\/2020\/06\/cropped-LOGO-DICODUSPORT-2020-SANS-FOND-SANS-TEXTE.png","contentUrl":"https:\/\/dicodusport.fr\/blog\/wp-content\/uploads\/2020\/06\/cropped-LOGO-DICODUSPORT-2020-SANS-FOND-SANS-TEXTE.png","width":512,"height":512,"caption":"Dicodusport"},"image":{"@id":"https:\/\/dicodusport.fr\/blog\/#\/schema\/logo\/image\/"},"sameAs":["https:\/\/www.facebook.com\/dicodusport","https:\/\/x.com\/dicodusport","https:\/\/www.instagram.com\/dicodusport\/","https:\/\/www.youtube.com\/channel\/UC7V2KZ5sd3htJivAbA4ZG3w"],"description":"Dicodusport est l'encyclop\u00e9die de l'actualit\u00e9 sportive.","email":"bonjour@dicodusport.fr","legalName":"DICODUSPORT","foundingDate":"2018-01-14","vatID":"FR71834470973","taxID":"83447097300043","numberOfEmployees":{"@type":"QuantitativeValue","minValue":"1","maxValue":"10"}},{"@type":"Person","@id":"https:\/\/dicodusport.fr\/blog\/#\/schema\/person\/cce96fa88785bd8573e3d43078ac8c79","name":"Arlette Yeye","image":{"@type":"ImageObject","inLanguage":"fr-FR","@id":"https:\/\/dicodusport.fr\/blog\/#\/schema\/person\/image\/","url":"https:\/\/secure.gravatar.com\/avatar\/dca4a6239e6d708e46c45d60e160de6c?s=96&d=wp_user_avatar&r=g","contentUrl":"https:\/\/secure.gravatar.com\/avatar\/dca4a6239e6d708e46c45d60e160de6c?s=96&d=wp_user_avatar&r=g","caption":"Arlette Yeye"},"description":"Journaliste\/r\u00e9dactrice depuis septembre 2015 - Supportrice de Chelsea, j'ai pour sports de pr\u00e9dilection le handball, l'athl\u00e9tisme et le tennis. Si je tweete plus vite que mon ombre, vous pouvez aussi me retrouver les week-ends sur les playgrounds de Bruxelles pour un petit foot ou basket entre potes. Parcourir la France, l'Europe et plus si affinit\u00e9s pour suivre mes sportifs pr\u00e9f\u00e9r\u00e9s ? Mon kif ! Et c'est avec plaisir que je partage les r\u00e9sultats des sports populaires mais \u00e9galement plus confidentiels pour Dicodusport.","sameAs":["https:\/\/x.com\/https:\/\/twitter.com\/Shiclette94"],"url":"https:\/\/dicodusport.fr\/blog\/author\/arlette\/"}]}},"_links":{"self":[{"href":"https:\/\/dicodusport.fr\/blog\/wp-json\/wp\/v2\/posts\/207742","targetHints":{"allow":["GET"]}}],"collection":[{"href":"https:\/\/dicodusport.fr\/blog\/wp-json\/wp\/v2\/posts"}],"about":[{"href":"https:\/\/dicodusport.fr\/blog\/wp-json\/wp\/v2\/types\/post"}],"author":[{"embeddable":true,"href":"https:\/\/dicodusport.fr\/blog\/wp-json\/wp\/v2\/users\/12"}],"replies":[{"embeddable":true,"href":"https:\/\/dicodusport.fr\/blog\/wp-json\/wp\/v2\/comments?post=207742"}],"version-history":[{"count":0,"href":"https:\/\/dicodusport.fr\/blog\/wp-json\/wp\/v2\/posts\/207742\/revisions"}],"wp:featuredmedia":[{"embeddable":true,"href":"https:\/\/dicodusport.fr\/blog\/wp-json\/wp\/v2\/media\/207745"}],"wp:attachment":[{"href":"https:\/\/dicodusport.fr\/blog\/wp-json\/wp\/v2\/media?parent=207742"}],"wp:term":[{"taxonomy":"category","embeddable":true,"href":"https:\/\/dicodusport.fr\/blog\/wp-json\/wp\/v2\/categories?post=207742"},{"taxonomy":"post_tag","embeddable":true,"href":"https:\/\/dicodusport.fr\/blog\/wp-json\/wp\/v2\/tags?post=207742"}],"curies":[{"name":"wp","href":"https:\/\/api.w.org\/{rel}","templated":true}]}}