{"id":207827,"date":"2022-03-14T15:32:19","date_gmt":"2022-03-14T14:32:19","guid":{"rendered":"https:\/\/dicodusport.fr\/blog\/?p=207827"},"modified":"2022-03-15T08:57:21","modified_gmt":"2022-03-15T07:57:21","slug":"formule-3-qui-sont-les-francais-engages-en-2022","status":"publish","type":"post","link":"https:\/\/dicodusport.fr\/blog\/formule-3-qui-sont-les-francais-engages-en-2022\/","title":{"rendered":"Formule 3 : Qui sont les Fran\u00e7ais engag\u00e9s en 2022 ?"},"content":{"rendered":"<p style=\"text-align: justify;\"><em><strong>FORMULE 3 2022 &#8211; Zoom sur les Fran\u00e7ais Victor Martins, pr\u00e9tendant au titre, et Isack Hadjar, rookie tr\u00e8s prometteur.<\/strong><\/em><\/p>\n<h2 style=\"text-align: justify;\">Victor Martins &#8211; 20 ans &#8211; ART Grand Prix<\/h2>\n<p style=\"text-align: justify;\"><strong>Palmar\u00e8s : <\/strong>Vice-champion de Formule 4 2017, vice-champion de Formule Renault Eurocup 2019, champion de Formule Renault Eurocup 2020, vainqueur course sprint 2 du GP des Pays-Bas en Formule 3 en 2021.<\/p>\n<p style=\"text-align: justify;\">\u00c0 20 ans, <strong>Victor Martins<\/strong> poss\u00e8de d\u00e9j\u00e0 de belles lignes \u00e0 son palmar\u00e8s, ce qui t\u00e9moigne d&rsquo;une facult\u00e9 d&rsquo;adaptation hors du commun. Et il faut dire que l&rsquo;an pass\u00e9 en <strong>Formule 3<\/strong>, le pilote de l&rsquo;<strong>Alpine Academy<\/strong> n&rsquo;a pas tard\u00e9 \u00e0 montrer son talent malgr\u00e9 son statut de rookie chez <strong>MP Motorsport<\/strong>. En effet, d\u00e8s sa deuxi\u00e8me course dans la cat\u00e9gorie, le natif de Varennes (Essonne) est mont\u00e9 sur le podium de la course sprint 2 du <strong>Grand Prix d&rsquo;Espagne<\/strong>. Class\u00e9 5\u00e8me du championnat de Formule 3 en 2021, Victor Martins poss\u00e8de les atouts n\u00e9cessaires pour performer cette saison. Au sein d&rsquo;une tr\u00e8s bonne \u00e9curie, avec laquelle il a remport\u00e9 son titre en <strong>Formule Renault Eurocup <\/strong>2020, le Francilien \u00e9voluera dans un cadre qu&rsquo;il conna\u00eet et propice \u00e0 la performance.<\/p>\n<p style=\"text-align: justify;\"><strong>Ses objectifs en 2022 : <\/strong>apr\u00e8s avoir sign\u00e9 la meilleure saison de l&rsquo;\u00e9curie MP Motorsport en 2022, et avoir \u00e9t\u00e9 le meilleur rookie 2022 en Formule 3, <strong>Victor Martins<\/strong> joue le titre de Formule 3 cette saison. D&rsquo;ailleurs, il le sait et le confirme : <em>\u00ab<\/em> J<em>e me donne comme objectif d&rsquo;\u00eatre champion \u00bb<\/em>. Cependant, le Fran\u00e7ais reste, comme \u00e0 son habitude, tr\u00e8s terre \u00e0 terre quant \u00e0 ses chances de victoire au regard de la domination de Prema Racing ces derni\u00e8res ann\u00e9es. Mais le pilote de l&rsquo;Alpine Academy va \u00e9voluer dans un cadre qu&rsquo;il conna\u00eet et aura absolument toutes ses chances en 2022.<\/p>\n<blockquote class=\"twitter-tweet\">\n<p dir=\"ltr\" lang=\"en\">&#x1f440; on the &#x1f3c6;<\/p>\n<p>There&rsquo;s no doubting <a href=\"https:\/\/twitter.com\/VictorMartinsFR?ref_src=twsrc%5Etfw\">@VictorMartinsFR<\/a>&lsquo;s plans for the 2022 season!<a href=\"https:\/\/twitter.com\/hashtag\/F3?src=hash&amp;ref_src=twsrc%5Etfw\">#F3<\/a> <a href=\"https:\/\/twitter.com\/hashtag\/RoadToF1?src=hash&amp;ref_src=twsrc%5Etfw\">#RoadToF1<\/a> <a href=\"https:\/\/t.co\/Xysx8cYd0C\">pic.twitter.com\/Xysx8cYd0C<\/a><\/p>\n<p>\u2014 Formula 3 (@FIAFormula3) <a href=\"https:\/\/twitter.com\/FIAFormula3\/status\/1499429406841839630?ref_src=twsrc%5Etfw\">March 3, 2022<\/a><\/p><\/blockquote>\n<p><script async src=\"https:\/\/platform.twitter.com\/widgets.js\" charset=\"utf-8\"><\/script><\/p>\n<h2 style=\"text-align: justify;\">Isack Hadjar &#8211; 17 ans &#8211; Hitech Grand Prix<\/h2>\n<p style=\"text-align: justify;\"><strong>Palmar\u00e8s : <\/strong>3\u00e8me du Championnat de France de Formule 4 2020, 3\u00e8me du Championnat d&rsquo;Asie de Formule 3 2022.<\/p>\n<p style=\"text-align: justify;\">Vous ne le connaissez peut-\u00eatre pas, mais retenez bien son nom ! <strong>Isack Hadjar<\/strong> n&rsquo;a que 17 ans et marche sur les pas d&rsquo;un certain Th\u00e9o Pourchaire depuis qu&rsquo;il lui a succ\u00e9d\u00e9 au palmar\u00e8s du <strong>Troph\u00e9e Winfield<\/strong> qu&rsquo;il a remport\u00e9 en 2019, un an apr\u00e8s son a\u00een\u00e9, pilote de Formule 2. Et depuis cela, il ne cesse d&rsquo;impressionner partout o\u00f9 il passe. En 2020, \u00e0 15 ans, Hadjar termine 3\u00e8me du classement du championnat de France de Formule 4 en signant 3 victoires et 11 podiums. En Formule 3 asiatique, le jeune Parisien a montr\u00e9 l&rsquo;\u00e9tendue de son talent en signant des victoires et des podiums face \u00e0 des pilotes comme Guanyu Zhou ou Jehan Daruvala. Il a d&rsquo;ailleurs termin\u00e9 3\u00e8me de l&rsquo;\u00e9dition 2022 remport\u00e9e par un certain Arthur Leclerc. <a href=\"https:\/\/dicodusport.fr\/blog\/isack-hadjar-integre-la-red-bull-junior-team-et-pilotera-en-f3-la-saison-prochaine\/\">Il \u00e9voluera cette saison chez <strong>Hitech Grand Prix<\/strong><\/a> et arborera les couleurs de la <strong>Red Bull Junior Team<\/strong> qu&rsquo;il a r\u00e9cemment rejoint.<\/p>\n<blockquote class=\"twitter-tweet\">\n<p dir=\"ltr\" lang=\"en\">Isack Hadjar holds the top spot in the timing currently &#x1f525;<\/p>\n<p>A speedy lap of 1:47.247 sees him in P1 &#x1f680;<a href=\"https:\/\/twitter.com\/hashtag\/F3?src=hash&amp;ref_src=twsrc%5Etfw\">#F3<\/a> <a href=\"https:\/\/twitter.com\/hashtag\/F3Testing?src=hash&amp;ref_src=twsrc%5Etfw\">#F3Testing<\/a> <a href=\"https:\/\/t.co\/GK2E1cC0lc\">pic.twitter.com\/GK2E1cC0lc<\/a><\/p>\n<p>\u2014 Formula 3 (@FIAFormula3) <a href=\"https:\/\/twitter.com\/FIAFormula3\/status\/1499648710862647298?ref_src=twsrc%5Etfw\">March 4, 2022<\/a><\/p><\/blockquote>\n<p><script async src=\"https:\/\/platform.twitter.com\/widgets.js\" charset=\"utf-8\"><\/script><\/p>\n<p style=\"text-align: justify;\"><strong>Ses objectifs en 2022 : <\/strong>Apr\u00e8s avoir sign\u00e9 d&rsquo;excellents r\u00e9sultats en ce d\u00e9but d&rsquo;ann\u00e9e 2022, <strong>Isack Hadjar<\/strong> est sur une dynamique on ne peut plus positive \u00e0 l&rsquo;aube de cette saison de Formule 3. D&rsquo;ailleurs, signe de cette belle confiance, le Francilien a sign\u00e9 le meilleur temps des essais hivernaux en Formule 3 devant un certain Victor Martins. Cependant, il ne s&rsquo;agit que d&rsquo;essais, et il semble que l&rsquo;\u00e9curie Hitech ne soit pas en mesure d&rsquo;aller glaner le titre cette saison, face \u00e0 la domination de Prema et ART. Ses objectifs ? Il ne les a pas encore \u00e9voqu\u00e9s, mais attention aux surprises, et pourquoi pas le voir remporter une course cette saison. L&rsquo;avenir nous le dira.<\/p>\n","protected":false},"excerpt":{"rendered":"<p>FORMULE 3 2022 &#8211; Zoom sur les Fran\u00e7ais Victor Martins, pr\u00e9tendant au titre, et Isack Hadjar, rookie tr\u00e8s prometteur.<\/p>\n","protected":false},"author":46,"featured_media":207997,"comment_status":"open","ping_status":"closed","sticky":false,"template":"","format":"standard","meta":{"_acf_changed":false,"_daextam_enable_autolinks":"","footnotes":""},"categories":[47086],"tags":[6271,21233,15465],"class_list":["post-207827","post","type-post","status-publish","format-standard","has-post-thumbnail","hentry","category-formules-de-promotion","tag-formule-3","tag-isack-hadjar","tag-victor-martins"],"acf":[],"yoast_head":"<!-- This site is optimized with the Yoast SEO Premium plugin v26.7 (Yoast SEO v26.7) - https:\/\/yoast.com\/wordpress\/plugins\/seo\/ -->\n<title>Formule 3 : Qui sont les Fran\u00e7ais engag\u00e9s en 2022 ?<\/title>\n<meta name=\"description\" content=\"FORMULE 3 2022 - Zoom sur les Fran\u00e7ais Victor Martins, pr\u00e9tendant au titre, et Isack Hadjar, rookie tr\u00e8s prometteur.\" \/>\n<meta name=\"robots\" content=\"index, follow, max-snippet:-1, max-image-preview:large, max-video-preview:-1\" \/>\n<link rel=\"canonical\" href=\"https:\/\/dicodusport.fr\/blog\/formule-3-qui-sont-les-francais-engages-en-2022\/\" \/>\n<meta property=\"og:locale\" content=\"fr_FR\" \/>\n<meta property=\"og:type\" content=\"article\" \/>\n<meta property=\"og:title\" content=\"Formule 3 : Qui sont les Fran\u00e7ais engag\u00e9s en 2022 ?\" \/>\n<meta property=\"og:description\" content=\"FORMULE 3 2022 - Zoom sur les Fran\u00e7ais Victor Martins, pr\u00e9tendant au titre, et Isack Hadjar, rookie tr\u00e8s prometteur.\" \/>\n<meta property=\"og:url\" content=\"https:\/\/dicodusport.fr\/blog\/formule-3-qui-sont-les-francais-engages-en-2022\/\" \/>\n<meta property=\"og:site_name\" content=\"Dicodusport\" \/>\n<meta property=\"article:publisher\" content=\"https:\/\/www.facebook.com\/dicodusport\" \/>\n<meta property=\"article:published_time\" content=\"2022-03-14T14:32:19+00:00\" \/>\n<meta property=\"article:modified_time\" content=\"2022-03-15T07:57:21+00:00\" \/>\n<meta property=\"og:image\" content=\"https:\/\/dicodusport.fr\/blog\/wp-content\/uploads\/2022\/03\/Formule-3-Qui-sont-les-Francais-engages-en-2022-.png\" \/>\n\t<meta property=\"og:image:width\" content=\"800\" \/>\n\t<meta property=\"og:image:height\" content=\"445\" \/>\n\t<meta property=\"og:image:type\" content=\"image\/png\" \/>\n<meta name=\"author\" content=\"Tanguy Le Jeune\" \/>\n<meta name=\"twitter:card\" content=\"summary_large_image\" \/>\n<meta name=\"twitter:title\" content=\"Formule 3 : Qui sont les Fran\u00e7ais engag\u00e9s en 2022 ?\" \/>\n<meta name=\"twitter:creator\" content=\"@https:\/\/twitter.com\/LeJeuneT_\" \/>\n<meta name=\"twitter:site\" content=\"@dicodusport\" \/>\n<script type=\"application\/ld+json\" class=\"yoast-schema-graph\">{\"@context\":\"https:\/\/schema.org\",\"@graph\":[{\"@type\":\"NewsArticle\",\"@id\":\"https:\/\/dicodusport.fr\/blog\/formule-3-qui-sont-les-francais-engages-en-2022\/#article\",\"isPartOf\":{\"@id\":\"https:\/\/dicodusport.fr\/blog\/formule-3-qui-sont-les-francais-engages-en-2022\/\"},\"author\":{\"name\":\"Tanguy Le Jeune\",\"@id\":\"https:\/\/dicodusport.fr\/blog\/#\/schema\/person\/37ea0f6075559930024fec7c0f79e8f2\"},\"headline\":\"Formule 3 : Qui sont les Fran\u00e7ais engag\u00e9s en 2022 ?\",\"datePublished\":\"2022-03-14T14:32:19+00:00\",\"dateModified\":\"2022-03-15T07:57:21+00:00\",\"mainEntityOfPage\":{\"@id\":\"https:\/\/dicodusport.fr\/blog\/formule-3-qui-sont-les-francais-engages-en-2022\/\"},\"wordCount\":670,\"commentCount\":0,\"publisher\":{\"@id\":\"https:\/\/dicodusport.fr\/blog\/#organization\"},\"image\":{\"@id\":\"https:\/\/dicodusport.fr\/blog\/formule-3-qui-sont-les-francais-engages-en-2022\/#primaryimage\"},\"thumbnailUrl\":\"https:\/\/dicodusport.fr\/blog\/wp-content\/uploads\/2022\/03\/Formule-3-Qui-sont-les-Francais-engages-en-2022-.png\",\"keywords\":[\"Formule 3\",\"Isack Hadjar\",\"Victor Martins\"],\"articleSection\":[\"Formules de promotion\"],\"inLanguage\":\"fr-FR\",\"potentialAction\":[{\"@type\":\"CommentAction\",\"name\":\"Comment\",\"target\":[\"https:\/\/dicodusport.fr\/blog\/formule-3-qui-sont-les-francais-engages-en-2022\/#respond\"]}],\"copyrightYear\":\"2022\",\"copyrightHolder\":{\"@id\":\"https:\/\/dicodusport.fr\/blog\/#organization\"}},{\"@type\":\"WebPage\",\"@id\":\"https:\/\/dicodusport.fr\/blog\/formule-3-qui-sont-les-francais-engages-en-2022\/\",\"url\":\"https:\/\/dicodusport.fr\/blog\/formule-3-qui-sont-les-francais-engages-en-2022\/\",\"name\":\"Formule 3 : Qui sont les Fran\u00e7ais engag\u00e9s en 2022 ?\",\"isPartOf\":{\"@id\":\"https:\/\/dicodusport.fr\/blog\/#website\"},\"primaryImageOfPage\":{\"@id\":\"https:\/\/dicodusport.fr\/blog\/formule-3-qui-sont-les-francais-engages-en-2022\/#primaryimage\"},\"image\":{\"@id\":\"https:\/\/dicodusport.fr\/blog\/formule-3-qui-sont-les-francais-engages-en-2022\/#primaryimage\"},\"thumbnailUrl\":\"https:\/\/dicodusport.fr\/blog\/wp-content\/uploads\/2022\/03\/Formule-3-Qui-sont-les-Francais-engages-en-2022-.png\",\"datePublished\":\"2022-03-14T14:32:19+00:00\",\"dateModified\":\"2022-03-15T07:57:21+00:00\",\"description\":\"FORMULE 3 2022 - Zoom sur les Fran\u00e7ais Victor Martins, pr\u00e9tendant au titre, et Isack Hadjar, rookie tr\u00e8s prometteur.\",\"breadcrumb\":{\"@id\":\"https:\/\/dicodusport.fr\/blog\/formule-3-qui-sont-les-francais-engages-en-2022\/#breadcrumb\"},\"inLanguage\":\"fr-FR\",\"potentialAction\":[{\"@type\":\"ReadAction\",\"target\":[\"https:\/\/dicodusport.fr\/blog\/formule-3-qui-sont-les-francais-engages-en-2022\/\"]}]},{\"@type\":\"ImageObject\",\"inLanguage\":\"fr-FR\",\"@id\":\"https:\/\/dicodusport.fr\/blog\/formule-3-qui-sont-les-francais-engages-en-2022\/#primaryimage\",\"url\":\"https:\/\/dicodusport.fr\/blog\/wp-content\/uploads\/2022\/03\/Formule-3-Qui-sont-les-Francais-engages-en-2022-.png\",\"contentUrl\":\"https:\/\/dicodusport.fr\/blog\/wp-content\/uploads\/2022\/03\/Formule-3-Qui-sont-les-Francais-engages-en-2022-.png\",\"width\":800,\"height\":445,\"caption\":\"Formule 3 Qui sont les Fran\u00e7ais engag\u00e9s en 2022\"},{\"@type\":\"BreadcrumbList\",\"@id\":\"https:\/\/dicodusport.fr\/blog\/formule-3-qui-sont-les-francais-engages-en-2022\/#breadcrumb\",\"itemListElement\":[{\"@type\":\"ListItem\",\"position\":1,\"name\":\"Accueil\",\"item\":\"https:\/\/dicodusport.fr\/blog\/\"},{\"@type\":\"ListItem\",\"position\":2,\"name\":\"Formule 3 : Qui sont les Fran\u00e7ais engag\u00e9s en 2022 ?\"}]},{\"@type\":\"WebSite\",\"@id\":\"https:\/\/dicodusport.fr\/blog\/#website\",\"url\":\"https:\/\/dicodusport.fr\/blog\/\",\"name\":\"Dicodusport\",\"description\":\"L&#039;encyclop\u00e9die de l&#039;actualit\u00e9 sportive\",\"publisher\":{\"@id\":\"https:\/\/dicodusport.fr\/blog\/#organization\"},\"potentialAction\":[{\"@type\":\"SearchAction\",\"target\":{\"@type\":\"EntryPoint\",\"urlTemplate\":\"https:\/\/dicodusport.fr\/blog\/?s={search_term_string}\"},\"query-input\":{\"@type\":\"PropertyValueSpecification\",\"valueRequired\":true,\"valueName\":\"search_term_string\"}}],\"inLanguage\":\"fr-FR\"},{\"@type\":\"NewsMediaOrganization\",\"@id\":\"https:\/\/dicodusport.fr\/blog\/#organization\",\"name\":\"Dicodusport\",\"url\":\"https:\/\/dicodusport.fr\/blog\/\",\"logo\":{\"@type\":\"ImageObject\",\"inLanguage\":\"fr-FR\",\"@id\":\"https:\/\/dicodusport.fr\/blog\/#\/schema\/logo\/image\/\",\"url\":\"https:\/\/dicodusport.fr\/blog\/wp-content\/uploads\/2020\/06\/cropped-LOGO-DICODUSPORT-2020-SANS-FOND-SANS-TEXTE.png\",\"contentUrl\":\"https:\/\/dicodusport.fr\/blog\/wp-content\/uploads\/2020\/06\/cropped-LOGO-DICODUSPORT-2020-SANS-FOND-SANS-TEXTE.png\",\"width\":512,\"height\":512,\"caption\":\"Dicodusport\"},\"image\":{\"@id\":\"https:\/\/dicodusport.fr\/blog\/#\/schema\/logo\/image\/\"},\"sameAs\":[\"https:\/\/www.facebook.com\/dicodusport\",\"https:\/\/x.com\/dicodusport\",\"https:\/\/www.instagram.com\/dicodusport\/\",\"https:\/\/www.youtube.com\/channel\/UC7V2KZ5sd3htJivAbA4ZG3w\"],\"description\":\"Dicodusport est l'encyclop\u00e9die de l'actualit\u00e9 sportive.\",\"email\":\"bonjour@dicodusport.fr\",\"legalName\":\"DICODUSPORT\",\"foundingDate\":\"2018-01-14\",\"vatID\":\"FR71834470973\",\"taxID\":\"83447097300043\",\"numberOfEmployees\":{\"@type\":\"QuantitativeValue\",\"minValue\":\"1\",\"maxValue\":\"10\"}},{\"@type\":\"Person\",\"@id\":\"https:\/\/dicodusport.fr\/blog\/#\/schema\/person\/37ea0f6075559930024fec7c0f79e8f2\",\"name\":\"Tanguy Le Jeune\",\"image\":{\"@type\":\"ImageObject\",\"inLanguage\":\"fr-FR\",\"@id\":\"https:\/\/dicodusport.fr\/blog\/#\/schema\/person\/image\/\",\"url\":\"https:\/\/dicodusport.fr\/blog\/wp-content\/uploads\/2021\/05\/Tanguy-Le-Jeune-150x150.jpg\",\"contentUrl\":\"https:\/\/dicodusport.fr\/blog\/wp-content\/uploads\/2021\/05\/Tanguy-Le-Jeune-150x150.jpg\",\"caption\":\"Tanguy Le Jeune\"},\"description\":\"Journaliste\/r\u00e9dacteur depuis novembre 2020 - Lionel Messi, Kobe Bryant, Lewis Hamilton. Quel rapport entre ces trois l\u00e9gendes ? Aucun, hormis leur statut de l\u00e9gende. Mais, pour moi, ces stars ont quelque chose en commun. Ce sont mes idoles, mes exemples et les grands cr\u00e9ateurs de ma passion pour le sport. Malgr\u00e9 mon cruel manque de talent pour pratiquer le sport au haut niveau, mon amour et ma passion me poussent, chaque jour, \u00e0 vous partager l\u2019actualit\u00e9 au travers de ce que je sais probablement faire le mieux : \u00e9crire.\",\"sameAs\":[\"https:\/\/www.instagram.com\/tanguyljn_\/\",\"https:\/\/x.com\/https:\/\/twitter.com\/LeJeuneT_\"],\"url\":\"https:\/\/dicodusport.fr\/blog\/author\/tanguylj\/\"}]}<\/script>\n<!-- \/ Yoast SEO Premium plugin. -->","yoast_head_json":{"title":"Formule 3 : Qui sont les Fran\u00e7ais engag\u00e9s en 2022 ?","description":"FORMULE 3 2022 - Zoom sur les Fran\u00e7ais Victor Martins, pr\u00e9tendant au titre, et Isack Hadjar, rookie tr\u00e8s prometteur.","robots":{"index":"index","follow":"follow","max-snippet":"max-snippet:-1","max-image-preview":"max-image-preview:large","max-video-preview":"max-video-preview:-1"},"canonical":"https:\/\/dicodusport.fr\/blog\/formule-3-qui-sont-les-francais-engages-en-2022\/","og_locale":"fr_FR","og_type":"article","og_title":"Formule 3 : Qui sont les Fran\u00e7ais engag\u00e9s en 2022 ?","og_description":"FORMULE 3 2022 - Zoom sur les Fran\u00e7ais Victor Martins, pr\u00e9tendant au titre, et Isack Hadjar, rookie tr\u00e8s prometteur.","og_url":"https:\/\/dicodusport.fr\/blog\/formule-3-qui-sont-les-francais-engages-en-2022\/","og_site_name":"Dicodusport","article_publisher":"https:\/\/www.facebook.com\/dicodusport","article_published_time":"2022-03-14T14:32:19+00:00","article_modified_time":"2022-03-15T07:57:21+00:00","og_image":[{"width":800,"height":445,"url":"https:\/\/dicodusport.fr\/blog\/wp-content\/uploads\/2022\/03\/Formule-3-Qui-sont-les-Francais-engages-en-2022-.png","type":"image\/png"}],"author":"Tanguy Le Jeune","twitter_card":"summary_large_image","twitter_title":"Formule 3 : Qui sont les Fran\u00e7ais engag\u00e9s en 2022 ?","twitter_creator":"@https:\/\/twitter.com\/LeJeuneT_","twitter_site":"@dicodusport","schema":{"@context":"https:\/\/schema.org","@graph":[{"@type":"NewsArticle","@id":"https:\/\/dicodusport.fr\/blog\/formule-3-qui-sont-les-francais-engages-en-2022\/#article","isPartOf":{"@id":"https:\/\/dicodusport.fr\/blog\/formule-3-qui-sont-les-francais-engages-en-2022\/"},"author":{"name":"Tanguy Le Jeune","@id":"https:\/\/dicodusport.fr\/blog\/#\/schema\/person\/37ea0f6075559930024fec7c0f79e8f2"},"headline":"Formule 3 : Qui sont les Fran\u00e7ais engag\u00e9s en 2022 ?","datePublished":"2022-03-14T14:32:19+00:00","dateModified":"2022-03-15T07:57:21+00:00","mainEntityOfPage":{"@id":"https:\/\/dicodusport.fr\/blog\/formule-3-qui-sont-les-francais-engages-en-2022\/"},"wordCount":670,"commentCount":0,"publisher":{"@id":"https:\/\/dicodusport.fr\/blog\/#organization"},"image":{"@id":"https:\/\/dicodusport.fr\/blog\/formule-3-qui-sont-les-francais-engages-en-2022\/#primaryimage"},"thumbnailUrl":"https:\/\/dicodusport.fr\/blog\/wp-content\/uploads\/2022\/03\/Formule-3-Qui-sont-les-Francais-engages-en-2022-.png","keywords":["Formule 3","Isack Hadjar","Victor Martins"],"articleSection":["Formules de promotion"],"inLanguage":"fr-FR","potentialAction":[{"@type":"CommentAction","name":"Comment","target":["https:\/\/dicodusport.fr\/blog\/formule-3-qui-sont-les-francais-engages-en-2022\/#respond"]}],"copyrightYear":"2022","copyrightHolder":{"@id":"https:\/\/dicodusport.fr\/blog\/#organization"}},{"@type":"WebPage","@id":"https:\/\/dicodusport.fr\/blog\/formule-3-qui-sont-les-francais-engages-en-2022\/","url":"https:\/\/dicodusport.fr\/blog\/formule-3-qui-sont-les-francais-engages-en-2022\/","name":"Formule 3 : Qui sont les Fran\u00e7ais engag\u00e9s en 2022 ?","isPartOf":{"@id":"https:\/\/dicodusport.fr\/blog\/#website"},"primaryImageOfPage":{"@id":"https:\/\/dicodusport.fr\/blog\/formule-3-qui-sont-les-francais-engages-en-2022\/#primaryimage"},"image":{"@id":"https:\/\/dicodusport.fr\/blog\/formule-3-qui-sont-les-francais-engages-en-2022\/#primaryimage"},"thumbnailUrl":"https:\/\/dicodusport.fr\/blog\/wp-content\/uploads\/2022\/03\/Formule-3-Qui-sont-les-Francais-engages-en-2022-.png","datePublished":"2022-03-14T14:32:19+00:00","dateModified":"2022-03-15T07:57:21+00:00","description":"FORMULE 3 2022 - Zoom sur les Fran\u00e7ais Victor Martins, pr\u00e9tendant au titre, et Isack Hadjar, rookie tr\u00e8s prometteur.","breadcrumb":{"@id":"https:\/\/dicodusport.fr\/blog\/formule-3-qui-sont-les-francais-engages-en-2022\/#breadcrumb"},"inLanguage":"fr-FR","potentialAction":[{"@type":"ReadAction","target":["https:\/\/dicodusport.fr\/blog\/formule-3-qui-sont-les-francais-engages-en-2022\/"]}]},{"@type":"ImageObject","inLanguage":"fr-FR","@id":"https:\/\/dicodusport.fr\/blog\/formule-3-qui-sont-les-francais-engages-en-2022\/#primaryimage","url":"https:\/\/dicodusport.fr\/blog\/wp-content\/uploads\/2022\/03\/Formule-3-Qui-sont-les-Francais-engages-en-2022-.png","contentUrl":"https:\/\/dicodusport.fr\/blog\/wp-content\/uploads\/2022\/03\/Formule-3-Qui-sont-les-Francais-engages-en-2022-.png","width":800,"height":445,"caption":"Formule 3 Qui sont les Fran\u00e7ais engag\u00e9s en 2022"},{"@type":"BreadcrumbList","@id":"https:\/\/dicodusport.fr\/blog\/formule-3-qui-sont-les-francais-engages-en-2022\/#breadcrumb","itemListElement":[{"@type":"ListItem","position":1,"name":"Accueil","item":"https:\/\/dicodusport.fr\/blog\/"},{"@type":"ListItem","position":2,"name":"Formule 3 : Qui sont les Fran\u00e7ais engag\u00e9s en 2022 ?"}]},{"@type":"WebSite","@id":"https:\/\/dicodusport.fr\/blog\/#website","url":"https:\/\/dicodusport.fr\/blog\/","name":"Dicodusport","description":"L&#039;encyclop\u00e9die de l&#039;actualit\u00e9 sportive","publisher":{"@id":"https:\/\/dicodusport.fr\/blog\/#organization"},"potentialAction":[{"@type":"SearchAction","target":{"@type":"EntryPoint","urlTemplate":"https:\/\/dicodusport.fr\/blog\/?s={search_term_string}"},"query-input":{"@type":"PropertyValueSpecification","valueRequired":true,"valueName":"search_term_string"}}],"inLanguage":"fr-FR"},{"@type":"NewsMediaOrganization","@id":"https:\/\/dicodusport.fr\/blog\/#organization","name":"Dicodusport","url":"https:\/\/dicodusport.fr\/blog\/","logo":{"@type":"ImageObject","inLanguage":"fr-FR","@id":"https:\/\/dicodusport.fr\/blog\/#\/schema\/logo\/image\/","url":"https:\/\/dicodusport.fr\/blog\/wp-content\/uploads\/2020\/06\/cropped-LOGO-DICODUSPORT-2020-SANS-FOND-SANS-TEXTE.png","contentUrl":"https:\/\/dicodusport.fr\/blog\/wp-content\/uploads\/2020\/06\/cropped-LOGO-DICODUSPORT-2020-SANS-FOND-SANS-TEXTE.png","width":512,"height":512,"caption":"Dicodusport"},"image":{"@id":"https:\/\/dicodusport.fr\/blog\/#\/schema\/logo\/image\/"},"sameAs":["https:\/\/www.facebook.com\/dicodusport","https:\/\/x.com\/dicodusport","https:\/\/www.instagram.com\/dicodusport\/","https:\/\/www.youtube.com\/channel\/UC7V2KZ5sd3htJivAbA4ZG3w"],"description":"Dicodusport est l'encyclop\u00e9die de l'actualit\u00e9 sportive.","email":"bonjour@dicodusport.fr","legalName":"DICODUSPORT","foundingDate":"2018-01-14","vatID":"FR71834470973","taxID":"83447097300043","numberOfEmployees":{"@type":"QuantitativeValue","minValue":"1","maxValue":"10"}},{"@type":"Person","@id":"https:\/\/dicodusport.fr\/blog\/#\/schema\/person\/37ea0f6075559930024fec7c0f79e8f2","name":"Tanguy Le Jeune","image":{"@type":"ImageObject","inLanguage":"fr-FR","@id":"https:\/\/dicodusport.fr\/blog\/#\/schema\/person\/image\/","url":"https:\/\/dicodusport.fr\/blog\/wp-content\/uploads\/2021\/05\/Tanguy-Le-Jeune-150x150.jpg","contentUrl":"https:\/\/dicodusport.fr\/blog\/wp-content\/uploads\/2021\/05\/Tanguy-Le-Jeune-150x150.jpg","caption":"Tanguy Le Jeune"},"description":"Journaliste\/r\u00e9dacteur depuis novembre 2020 - Lionel Messi, Kobe Bryant, Lewis Hamilton. Quel rapport entre ces trois l\u00e9gendes ? Aucun, hormis leur statut de l\u00e9gende. Mais, pour moi, ces stars ont quelque chose en commun. Ce sont mes idoles, mes exemples et les grands cr\u00e9ateurs de ma passion pour le sport. Malgr\u00e9 mon cruel manque de talent pour pratiquer le sport au haut niveau, mon amour et ma passion me poussent, chaque jour, \u00e0 vous partager l\u2019actualit\u00e9 au travers de ce que je sais probablement faire le mieux : \u00e9crire.","sameAs":["https:\/\/www.instagram.com\/tanguyljn_\/","https:\/\/x.com\/https:\/\/twitter.com\/LeJeuneT_"],"url":"https:\/\/dicodusport.fr\/blog\/author\/tanguylj\/"}]}},"_links":{"self":[{"href":"https:\/\/dicodusport.fr\/blog\/wp-json\/wp\/v2\/posts\/207827","targetHints":{"allow":["GET"]}}],"collection":[{"href":"https:\/\/dicodusport.fr\/blog\/wp-json\/wp\/v2\/posts"}],"about":[{"href":"https:\/\/dicodusport.fr\/blog\/wp-json\/wp\/v2\/types\/post"}],"author":[{"embeddable":true,"href":"https:\/\/dicodusport.fr\/blog\/wp-json\/wp\/v2\/users\/46"}],"replies":[{"embeddable":true,"href":"https:\/\/dicodusport.fr\/blog\/wp-json\/wp\/v2\/comments?post=207827"}],"version-history":[{"count":0,"href":"https:\/\/dicodusport.fr\/blog\/wp-json\/wp\/v2\/posts\/207827\/revisions"}],"wp:featuredmedia":[{"embeddable":true,"href":"https:\/\/dicodusport.fr\/blog\/wp-json\/wp\/v2\/media\/207997"}],"wp:attachment":[{"href":"https:\/\/dicodusport.fr\/blog\/wp-json\/wp\/v2\/media?parent=207827"}],"wp:term":[{"taxonomy":"category","embeddable":true,"href":"https:\/\/dicodusport.fr\/blog\/wp-json\/wp\/v2\/categories?post=207827"},{"taxonomy":"post_tag","embeddable":true,"href":"https:\/\/dicodusport.fr\/blog\/wp-json\/wp\/v2\/tags?post=207827"}],"curies":[{"name":"wp","href":"https:\/\/api.w.org\/{rel}","templated":true}]}}