{"id":208356,"date":"2022-03-16T10:58:24","date_gmt":"2022-03-16T09:58:24","guid":{"rendered":"https:\/\/dicodusport.fr\/blog\/?p=208356&#038;preview=true&#038;preview_id=208356"},"modified":"2022-03-16T14:45:22","modified_gmt":"2022-03-16T13:45:22","slug":"finales-ski-alpin-courchevel-vincent-kriechmayr-remporte-la-descente-petit-globe-kilde","status":"publish","type":"post","link":"https:\/\/dicodusport.fr\/blog\/finales-ski-alpin-courchevel-vincent-kriechmayr-remporte-la-descente-petit-globe-kilde\/","title":{"rendered":"Finales Ski alpin : Vincent Kriechmayr remporte la descente, le petit globe pour Kilde"},"content":{"rendered":"<p style=\"text-align: justify;\"><em><a href=\"https:\/\/dicodusport.fr\/blog\/finales-ski-alpin-courchevel-programme-et-resultats-complets\/\"><span class=\"tojvnm2t a6sixzi8 abs2jz4q a8s20v7p t1p8iaqh k5wvi7nf q3lfd5jv pk4s997a bipmatt0 cebpdrjk qowsmv63 owwhemhu dp1hu0rb dhp61c6y iyyx5f41\"><strong><b><i>FINALES COUPE DU MONDE DE SKI ALPIN 2021-2022<\/i><\/b><\/strong><\/span><\/a><strong><span class=\"tojvnm2t a6sixzi8 abs2jz4q a8s20v7p t1p8iaqh k5wvi7nf q3lfd5jv pk4s997a bipmatt0 cebpdrjk qowsmv63 owwhemhu dp1hu0rb dhp61c6y iyyx5f41\"> \u2013 Vincent Kriechmayr a remport\u00e9 la descente masculine, premi\u00e8re course des finales de M\u00e9ribel-Courchevel, sur la piste de<\/span><\/strong> <strong>l&rsquo;Eclipse<\/strong><strong>. Sur une neige compacte avec la douceur du climat, il a devanc\u00e9 Marco Odermatt et Beat Feuz. Pour le petit globe de la discipline, Aleksander Aamodt Kilde a conserv\u00e9 13 points d&rsquo;avance sur Beat Feuz gr\u00e2ce \u00e0 sa quatri\u00e8me place.<br \/>\n<\/strong><\/em><\/p>\n<h2 style=\"text-align: justify;\">Vincent Kriechmayr a dompt\u00e9 le haut<\/h2>\n<p style=\"text-align: justify;\"><strong>Vincent Kriechmayr<\/strong> a \u00e9t\u00e9 impeccable sur le haut en collant au terrain pour remporter cette descente en 1:50.43. L&rsquo;Autrichien a sign\u00e9 sa seconde victoire de la saison apr\u00e8s la deuxi\u00e8me descente de Wengen.<\/p>\n<p style=\"text-align: justify;\">Fatigu\u00e9 apr\u00e8s une longue saison, <strong>Marco Odermatt<\/strong> a puis\u00e9 dans ses derni\u00e8res forces pour s&rsquo;imposer avec un formidable dernier tiers de course typ\u00e9 Super-G en laissant parler sa technique. Le laur\u00e9at du gros globe a termin\u00e9 deuxi\u00e8me \u00e0 34 centi\u00e8mes. Comme en 2006 avec Bode Miller, le Suisse de 24 ans Marco Odermatt a \u00e9t\u00e9 en t\u00eate toute la saison au classement g\u00e9n\u00e9ral de la Coupe du monde.<\/p>\n<p style=\"text-align: justify;\">Parti avec le dossard 1, <strong>Beat Feuz<\/strong> a commis quelques fautes avec un petit d\u00e9s\u00e9quilibre sur le S des Arolles et une ligne trop basse sur la double porte pr\u00e8s de la b\u00e2che. Feuz a compl\u00e9t\u00e9 le podium \u00e0 54 centi\u00e8mes sur une piste extr\u00eamement exigeante.<\/p>\n<h2 style=\"text-align: justify;\">Aleksander Aamodt Kilde gagne le petit globe<\/h2>\n<p style=\"text-align: justify;\">Ensuite, <strong>Aleksander Aamodt Kilde<\/strong> s&rsquo;est fait peur dans le premier gros saut et a perdu trop de temps sur le bas dans le mur des braves. Malgr\u00e9 ses erreurs, le Norv\u00e9gien s&rsquo;est class\u00e9 4e \u00e0 85 centi\u00e8mes devant <strong>Daniel Hemetsberger<\/strong> (5e \u00e0 1.31), <strong>Dominik Paris<\/strong> (6e \u00e0 1.54) et <strong>James Crawford<\/strong> (7e \u00e0 1.59). Aleksander Aamodt Kilde a remport\u00e9 son second petit globe de l&rsquo;hiver apr\u00e8s celui du Super-G avec 620 points contre 607 pour Feuz.<\/p>\n<p style=\"text-align: justify;\">Enfin, le seul Fran\u00e7ais en lice sur cette descente, <strong>Johan Clarey<\/strong>, \u00e9tait cram\u00e9 physiquement et a fini loin \u00e0 2.74 avec le 17e temps. Clarey a fini 9e au classement de la Coupe du monde de descente avec 301 points.<\/p>\n<blockquote class=\"twitter-tweet\">\n<p dir=\"ltr\" lang=\"fr\">&#xfe0f; \u00a0\u00bb \u00ab\u00a0<\/p>\n<p>Venons-nous de vivre la derni\u00e8re descente de cet immense champion qu&rsquo;est <a href=\"https:\/\/twitter.com\/yoclarey?ref_src=twsrc%5Etfw\">@yoclarey<\/a> ?<a href=\"https:\/\/twitter.com\/hashtag\/SkiWorlCupFinals2022?src=hash&amp;ref_src=twsrc%5Etfw\">#SkiWorlCupFinals2022<\/a> <a href=\"https:\/\/twitter.com\/hashtag\/Courchevel?src=hash&amp;ref_src=twsrc%5Etfw\">#Courchevel<\/a> <a href=\"https:\/\/twitter.com\/hashtag\/Meribel?src=hash&amp;ref_src=twsrc%5Etfw\">#Meribel<\/a> <a href=\"https:\/\/twitter.com\/hashtag\/ChaletClub?src=hash&amp;ref_src=twsrc%5Etfw\">#ChaletClub<\/a> <a href=\"https:\/\/t.co\/kAQionzV4J\">pic.twitter.com\/kAQionzV4J<\/a><\/p>\n<p>\u2014 Eurosport France (@Eurosport_FR) <a href=\"https:\/\/twitter.com\/Eurosport_FR\/status\/1504036247660019719?ref_src=twsrc%5Etfw\">March 16, 2022<\/a><\/p><\/blockquote>\n<p><script async src=\"https:\/\/platform.twitter.com\/widgets.js\" charset=\"utf-8\"><\/script><\/p>\n<h2 style=\"text-align: justify;\"><strong>\u00c0 lire aussi<\/strong><\/h2>\n<ul>\n<li style=\"text-align: justify;\"><a href=\"https:\/\/dicodusport.fr\/blog\/descente-hommes-courchevel-classement\/\"><strong>Le classement de la descente de Courchevel<\/strong><\/a><\/li>\n<li style=\"text-align: justify;\"><a href=\"https:\/\/dicodusport.fr\/blog\/ski-alpin-coupe-du-monde-2021-2022-classement-general-hommes\/\"><strong>Le classement g\u00e9n\u00e9ral de la Coupe du monde<\/strong><\/a><\/li>\n<\/ul>\n","protected":false},"excerpt":{"rendered":"<p>FINALES COUPE DU MONDE DE SKI ALPIN 2021-2022 \u2013 Vincent Kriechmayr a remport\u00e9 la descente masculine, premi\u00e8re course des finales de M\u00e9ribel-Courchevel, sur la piste de l&rsquo;Eclipse. Sur une neige compacte avec la douceur du climat, il a devanc\u00e9 Marco Odermatt et Beat Feuz. Pour le petit globe de la discipline, Aleksander Aamodt Kilde a conserv\u00e9 13 points d&rsquo;avance sur Beat Feuz gr\u00e2ce \u00e0 sa quatri\u00e8me place.<\/p>\n","protected":false},"author":48,"featured_media":208382,"comment_status":"open","ping_status":"closed","sticky":false,"template":"","format":"standard","meta":{"_acf_changed":false,"_daextam_enable_autolinks":"","footnotes":""},"categories":[47084],"tags":[12586],"class_list":["post-208356","post","type-post","status-publish","format-standard","has-post-thumbnail","hentry","category-coupe-du-monde-ski-alpin","tag-coupe-du-monde-de-ski-alpin"],"acf":[],"yoast_head":"<!-- This site is optimized with the Yoast SEO Premium plugin v26.7 (Yoast SEO v26.7) - https:\/\/yoast.com\/wordpress\/plugins\/seo\/ -->\n<title>Finales Ski alpin : Vincent Kriechmayr remporte la descente, le petit globe pour Kilde<\/title>\n<meta name=\"description\" content=\"COUPE DU MONDE DE SKI ALPIN \u2013 Vincent Kriechmayr a remport\u00e9 la descente masculine \u00e0 Courchevel. Le petit globe revient \u00e0 Aleksander Kilde.\" \/>\n<meta name=\"robots\" content=\"index, follow, max-snippet:-1, max-image-preview:large, max-video-preview:-1\" \/>\n<link rel=\"canonical\" href=\"https:\/\/dicodusport.fr\/blog\/finales-ski-alpin-courchevel-vincent-kriechmayr-remporte-la-descente-petit-globe-kilde\/\" \/>\n<meta property=\"og:locale\" content=\"fr_FR\" \/>\n<meta property=\"og:type\" content=\"article\" \/>\n<meta property=\"og:title\" content=\"Finales Ski alpin : Vincent Kriechmayr remporte la descente, le petit globe pour Kilde\" \/>\n<meta property=\"og:description\" content=\"COUPE DU MONDE DE SKI ALPIN \u2013 Vincent Kriechmayr a remport\u00e9 la descente masculine \u00e0 Courchevel. Le petit globe revient \u00e0 Aleksander Kilde.\" \/>\n<meta property=\"og:url\" content=\"https:\/\/dicodusport.fr\/blog\/finales-ski-alpin-courchevel-vincent-kriechmayr-remporte-la-descente-petit-globe-kilde\/\" \/>\n<meta property=\"og:site_name\" content=\"Dicodusport\" \/>\n<meta property=\"article:publisher\" content=\"https:\/\/www.facebook.com\/dicodusport\" \/>\n<meta property=\"article:author\" content=\"https:\/\/www.facebook.com\/groups\/LesRoisDuPeloton\" \/>\n<meta property=\"article:published_time\" content=\"2022-03-16T09:58:24+00:00\" \/>\n<meta property=\"article:modified_time\" content=\"2022-03-16T13:45:22+00:00\" \/>\n<meta property=\"og:image\" content=\"https:\/\/dicodusport.fr\/blog\/wp-content\/uploads\/2022\/03\/Finales-Ski-alpin-Vincent-Kriechmayr-remporte-la-descente-le-petit-globe-pour-Kilde.png\" \/>\n\t<meta property=\"og:image:width\" content=\"800\" \/>\n\t<meta property=\"og:image:height\" content=\"445\" \/>\n\t<meta property=\"og:image:type\" content=\"image\/png\" \/>\n<meta name=\"author\" content=\"Emilien Descampiaux\" \/>\n<meta name=\"twitter:card\" content=\"summary_large_image\" \/>\n<meta name=\"twitter:title\" content=\"Finales Ski alpin : Vincent Kriechmayr remporte la descente, le petit globe pour Kilde\" \/>\n<meta name=\"twitter:creator\" content=\"@https:\/\/twitter.com\/LRoisDuPeloton\" \/>\n<meta name=\"twitter:site\" content=\"@dicodusport\" \/>\n<script type=\"application\/ld+json\" class=\"yoast-schema-graph\">{\"@context\":\"https:\/\/schema.org\",\"@graph\":[{\"@type\":\"NewsArticle\",\"@id\":\"https:\/\/dicodusport.fr\/blog\/finales-ski-alpin-courchevel-vincent-kriechmayr-remporte-la-descente-petit-globe-kilde\/#article\",\"isPartOf\":{\"@id\":\"https:\/\/dicodusport.fr\/blog\/finales-ski-alpin-courchevel-vincent-kriechmayr-remporte-la-descente-petit-globe-kilde\/\"},\"author\":{\"name\":\"Emilien Descampiaux\",\"@id\":\"https:\/\/dicodusport.fr\/blog\/#\/schema\/person\/6db4bae06b171592211be385b32876a7\"},\"headline\":\"Finales Ski alpin : Vincent Kriechmayr remporte la descente, le petit globe pour Kilde\",\"datePublished\":\"2022-03-16T09:58:24+00:00\",\"dateModified\":\"2022-03-16T13:45:22+00:00\",\"mainEntityOfPage\":{\"@id\":\"https:\/\/dicodusport.fr\/blog\/finales-ski-alpin-courchevel-vincent-kriechmayr-remporte-la-descente-petit-globe-kilde\/\"},\"wordCount\":413,\"commentCount\":0,\"publisher\":{\"@id\":\"https:\/\/dicodusport.fr\/blog\/#organization\"},\"image\":{\"@id\":\"https:\/\/dicodusport.fr\/blog\/finales-ski-alpin-courchevel-vincent-kriechmayr-remporte-la-descente-petit-globe-kilde\/#primaryimage\"},\"thumbnailUrl\":\"https:\/\/dicodusport.fr\/blog\/wp-content\/uploads\/2022\/03\/Finales-Ski-alpin-Vincent-Kriechmayr-remporte-la-descente-le-petit-globe-pour-Kilde.png\",\"keywords\":[\"Coupe du monde de ski alpin\"],\"articleSection\":[\"Coupe du monde de ski alpin\"],\"inLanguage\":\"fr-FR\",\"potentialAction\":[{\"@type\":\"CommentAction\",\"name\":\"Comment\",\"target\":[\"https:\/\/dicodusport.fr\/blog\/finales-ski-alpin-courchevel-vincent-kriechmayr-remporte-la-descente-petit-globe-kilde\/#respond\"]}],\"copyrightYear\":\"2022\",\"copyrightHolder\":{\"@id\":\"https:\/\/dicodusport.fr\/blog\/#organization\"}},{\"@type\":\"WebPage\",\"@id\":\"https:\/\/dicodusport.fr\/blog\/finales-ski-alpin-courchevel-vincent-kriechmayr-remporte-la-descente-petit-globe-kilde\/\",\"url\":\"https:\/\/dicodusport.fr\/blog\/finales-ski-alpin-courchevel-vincent-kriechmayr-remporte-la-descente-petit-globe-kilde\/\",\"name\":\"Finales Ski alpin : Vincent Kriechmayr remporte la descente, le petit globe pour Kilde\",\"isPartOf\":{\"@id\":\"https:\/\/dicodusport.fr\/blog\/#website\"},\"primaryImageOfPage\":{\"@id\":\"https:\/\/dicodusport.fr\/blog\/finales-ski-alpin-courchevel-vincent-kriechmayr-remporte-la-descente-petit-globe-kilde\/#primaryimage\"},\"image\":{\"@id\":\"https:\/\/dicodusport.fr\/blog\/finales-ski-alpin-courchevel-vincent-kriechmayr-remporte-la-descente-petit-globe-kilde\/#primaryimage\"},\"thumbnailUrl\":\"https:\/\/dicodusport.fr\/blog\/wp-content\/uploads\/2022\/03\/Finales-Ski-alpin-Vincent-Kriechmayr-remporte-la-descente-le-petit-globe-pour-Kilde.png\",\"datePublished\":\"2022-03-16T09:58:24+00:00\",\"dateModified\":\"2022-03-16T13:45:22+00:00\",\"description\":\"COUPE DU MONDE DE SKI ALPIN \u2013 Vincent Kriechmayr a remport\u00e9 la descente masculine \u00e0 Courchevel. Le petit globe revient \u00e0 Aleksander Kilde.\",\"breadcrumb\":{\"@id\":\"https:\/\/dicodusport.fr\/blog\/finales-ski-alpin-courchevel-vincent-kriechmayr-remporte-la-descente-petit-globe-kilde\/#breadcrumb\"},\"inLanguage\":\"fr-FR\",\"potentialAction\":[{\"@type\":\"ReadAction\",\"target\":[\"https:\/\/dicodusport.fr\/blog\/finales-ski-alpin-courchevel-vincent-kriechmayr-remporte-la-descente-petit-globe-kilde\/\"]}]},{\"@type\":\"ImageObject\",\"inLanguage\":\"fr-FR\",\"@id\":\"https:\/\/dicodusport.fr\/blog\/finales-ski-alpin-courchevel-vincent-kriechmayr-remporte-la-descente-petit-globe-kilde\/#primaryimage\",\"url\":\"https:\/\/dicodusport.fr\/blog\/wp-content\/uploads\/2022\/03\/Finales-Ski-alpin-Vincent-Kriechmayr-remporte-la-descente-le-petit-globe-pour-Kilde.png\",\"contentUrl\":\"https:\/\/dicodusport.fr\/blog\/wp-content\/uploads\/2022\/03\/Finales-Ski-alpin-Vincent-Kriechmayr-remporte-la-descente-le-petit-globe-pour-Kilde.png\",\"width\":800,\"height\":445,\"caption\":\"Finales Ski alpin Vincent Kriechmayr remporte la descente, le petit globe pour Kilde\"},{\"@type\":\"BreadcrumbList\",\"@id\":\"https:\/\/dicodusport.fr\/blog\/finales-ski-alpin-courchevel-vincent-kriechmayr-remporte-la-descente-petit-globe-kilde\/#breadcrumb\",\"itemListElement\":[{\"@type\":\"ListItem\",\"position\":1,\"name\":\"Accueil\",\"item\":\"https:\/\/dicodusport.fr\/blog\/\"},{\"@type\":\"ListItem\",\"position\":2,\"name\":\"Finales Ski alpin : Vincent Kriechmayr remporte la descente, le petit globe pour Kilde\"}]},{\"@type\":\"WebSite\",\"@id\":\"https:\/\/dicodusport.fr\/blog\/#website\",\"url\":\"https:\/\/dicodusport.fr\/blog\/\",\"name\":\"Dicodusport\",\"description\":\"L&#039;encyclop\u00e9die de l&#039;actualit\u00e9 sportive\",\"publisher\":{\"@id\":\"https:\/\/dicodusport.fr\/blog\/#organization\"},\"potentialAction\":[{\"@type\":\"SearchAction\",\"target\":{\"@type\":\"EntryPoint\",\"urlTemplate\":\"https:\/\/dicodusport.fr\/blog\/?s={search_term_string}\"},\"query-input\":{\"@type\":\"PropertyValueSpecification\",\"valueRequired\":true,\"valueName\":\"search_term_string\"}}],\"inLanguage\":\"fr-FR\"},{\"@type\":\"NewsMediaOrganization\",\"@id\":\"https:\/\/dicodusport.fr\/blog\/#organization\",\"name\":\"Dicodusport\",\"url\":\"https:\/\/dicodusport.fr\/blog\/\",\"logo\":{\"@type\":\"ImageObject\",\"inLanguage\":\"fr-FR\",\"@id\":\"https:\/\/dicodusport.fr\/blog\/#\/schema\/logo\/image\/\",\"url\":\"https:\/\/dicodusport.fr\/blog\/wp-content\/uploads\/2020\/06\/cropped-LOGO-DICODUSPORT-2020-SANS-FOND-SANS-TEXTE.png\",\"contentUrl\":\"https:\/\/dicodusport.fr\/blog\/wp-content\/uploads\/2020\/06\/cropped-LOGO-DICODUSPORT-2020-SANS-FOND-SANS-TEXTE.png\",\"width\":512,\"height\":512,\"caption\":\"Dicodusport\"},\"image\":{\"@id\":\"https:\/\/dicodusport.fr\/blog\/#\/schema\/logo\/image\/\"},\"sameAs\":[\"https:\/\/www.facebook.com\/dicodusport\",\"https:\/\/x.com\/dicodusport\",\"https:\/\/www.instagram.com\/dicodusport\/\",\"https:\/\/www.youtube.com\/channel\/UC7V2KZ5sd3htJivAbA4ZG3w\"],\"description\":\"Dicodusport est l'encyclop\u00e9die de l'actualit\u00e9 sportive.\",\"email\":\"bonjour@dicodusport.fr\",\"legalName\":\"DICODUSPORT\",\"foundingDate\":\"2018-01-14\",\"vatID\":\"FR71834470973\",\"taxID\":\"83447097300043\",\"numberOfEmployees\":{\"@type\":\"QuantitativeValue\",\"minValue\":\"1\",\"maxValue\":\"10\"}},{\"@type\":\"Person\",\"@id\":\"https:\/\/dicodusport.fr\/blog\/#\/schema\/person\/6db4bae06b171592211be385b32876a7\",\"name\":\"Emilien Descampiaux\",\"image\":{\"@type\":\"ImageObject\",\"inLanguage\":\"fr-FR\",\"@id\":\"https:\/\/dicodusport.fr\/blog\/#\/schema\/person\/image\/\",\"url\":\"https:\/\/dicodusport.fr\/blog\/wp-content\/uploads\/2021\/05\/Emilien-Descampiaux-150x150.jpg\",\"contentUrl\":\"https:\/\/dicodusport.fr\/blog\/wp-content\/uploads\/2021\/05\/Emilien-Descampiaux-150x150.jpg\",\"caption\":\"Emilien Descampiaux\"},\"description\":\"Journaliste\/r\u00e9dacteur depuis 2014 - Fan de la classe de Frank Vandenbroucke, je vis cyclisme (et de ses paysages) depuis plus de 20 ans. Je suis tr\u00e8s impliqu\u00e9 sur mes diff\u00e9rents r\u00e9seaux sociaux pour partager ma passion sur le monde et l'Histoire de la bicyclette avec ma voix sur les images en noir et blanc du succ\u00e8s de Rik Van Steenbergen lors du Ronde sur le V\u00e9lodrome de Gand.\",\"sameAs\":[\"https:\/\/www.facebook.com\/groups\/LesRoisDuPeloton\",\"https:\/\/x.com\/https:\/\/twitter.com\/LRoisDuPeloton\"],\"url\":\"https:\/\/dicodusport.fr\/blog\/author\/emiliend\/\"}]}<\/script>\n<!-- \/ Yoast SEO Premium plugin. -->","yoast_head_json":{"title":"Finales Ski alpin : Vincent Kriechmayr remporte la descente, le petit globe pour Kilde","description":"COUPE DU MONDE DE SKI ALPIN \u2013 Vincent Kriechmayr a remport\u00e9 la descente masculine \u00e0 Courchevel. Le petit globe revient \u00e0 Aleksander Kilde.","robots":{"index":"index","follow":"follow","max-snippet":"max-snippet:-1","max-image-preview":"max-image-preview:large","max-video-preview":"max-video-preview:-1"},"canonical":"https:\/\/dicodusport.fr\/blog\/finales-ski-alpin-courchevel-vincent-kriechmayr-remporte-la-descente-petit-globe-kilde\/","og_locale":"fr_FR","og_type":"article","og_title":"Finales Ski alpin : Vincent Kriechmayr remporte la descente, le petit globe pour Kilde","og_description":"COUPE DU MONDE DE SKI ALPIN \u2013 Vincent Kriechmayr a remport\u00e9 la descente masculine \u00e0 Courchevel. Le petit globe revient \u00e0 Aleksander Kilde.","og_url":"https:\/\/dicodusport.fr\/blog\/finales-ski-alpin-courchevel-vincent-kriechmayr-remporte-la-descente-petit-globe-kilde\/","og_site_name":"Dicodusport","article_publisher":"https:\/\/www.facebook.com\/dicodusport","article_author":"https:\/\/www.facebook.com\/groups\/LesRoisDuPeloton","article_published_time":"2022-03-16T09:58:24+00:00","article_modified_time":"2022-03-16T13:45:22+00:00","og_image":[{"width":800,"height":445,"url":"https:\/\/dicodusport.fr\/blog\/wp-content\/uploads\/2022\/03\/Finales-Ski-alpin-Vincent-Kriechmayr-remporte-la-descente-le-petit-globe-pour-Kilde.png","type":"image\/png"}],"author":"Emilien Descampiaux","twitter_card":"summary_large_image","twitter_title":"Finales Ski alpin : Vincent Kriechmayr remporte la descente, le petit globe pour Kilde","twitter_creator":"@https:\/\/twitter.com\/LRoisDuPeloton","twitter_site":"@dicodusport","schema":{"@context":"https:\/\/schema.org","@graph":[{"@type":"NewsArticle","@id":"https:\/\/dicodusport.fr\/blog\/finales-ski-alpin-courchevel-vincent-kriechmayr-remporte-la-descente-petit-globe-kilde\/#article","isPartOf":{"@id":"https:\/\/dicodusport.fr\/blog\/finales-ski-alpin-courchevel-vincent-kriechmayr-remporte-la-descente-petit-globe-kilde\/"},"author":{"name":"Emilien Descampiaux","@id":"https:\/\/dicodusport.fr\/blog\/#\/schema\/person\/6db4bae06b171592211be385b32876a7"},"headline":"Finales Ski alpin : Vincent Kriechmayr remporte la descente, le petit globe pour Kilde","datePublished":"2022-03-16T09:58:24+00:00","dateModified":"2022-03-16T13:45:22+00:00","mainEntityOfPage":{"@id":"https:\/\/dicodusport.fr\/blog\/finales-ski-alpin-courchevel-vincent-kriechmayr-remporte-la-descente-petit-globe-kilde\/"},"wordCount":413,"commentCount":0,"publisher":{"@id":"https:\/\/dicodusport.fr\/blog\/#organization"},"image":{"@id":"https:\/\/dicodusport.fr\/blog\/finales-ski-alpin-courchevel-vincent-kriechmayr-remporte-la-descente-petit-globe-kilde\/#primaryimage"},"thumbnailUrl":"https:\/\/dicodusport.fr\/blog\/wp-content\/uploads\/2022\/03\/Finales-Ski-alpin-Vincent-Kriechmayr-remporte-la-descente-le-petit-globe-pour-Kilde.png","keywords":["Coupe du monde de ski alpin"],"articleSection":["Coupe du monde de ski alpin"],"inLanguage":"fr-FR","potentialAction":[{"@type":"CommentAction","name":"Comment","target":["https:\/\/dicodusport.fr\/blog\/finales-ski-alpin-courchevel-vincent-kriechmayr-remporte-la-descente-petit-globe-kilde\/#respond"]}],"copyrightYear":"2022","copyrightHolder":{"@id":"https:\/\/dicodusport.fr\/blog\/#organization"}},{"@type":"WebPage","@id":"https:\/\/dicodusport.fr\/blog\/finales-ski-alpin-courchevel-vincent-kriechmayr-remporte-la-descente-petit-globe-kilde\/","url":"https:\/\/dicodusport.fr\/blog\/finales-ski-alpin-courchevel-vincent-kriechmayr-remporte-la-descente-petit-globe-kilde\/","name":"Finales Ski alpin : Vincent Kriechmayr remporte la descente, le petit globe pour Kilde","isPartOf":{"@id":"https:\/\/dicodusport.fr\/blog\/#website"},"primaryImageOfPage":{"@id":"https:\/\/dicodusport.fr\/blog\/finales-ski-alpin-courchevel-vincent-kriechmayr-remporte-la-descente-petit-globe-kilde\/#primaryimage"},"image":{"@id":"https:\/\/dicodusport.fr\/blog\/finales-ski-alpin-courchevel-vincent-kriechmayr-remporte-la-descente-petit-globe-kilde\/#primaryimage"},"thumbnailUrl":"https:\/\/dicodusport.fr\/blog\/wp-content\/uploads\/2022\/03\/Finales-Ski-alpin-Vincent-Kriechmayr-remporte-la-descente-le-petit-globe-pour-Kilde.png","datePublished":"2022-03-16T09:58:24+00:00","dateModified":"2022-03-16T13:45:22+00:00","description":"COUPE DU MONDE DE SKI ALPIN \u2013 Vincent Kriechmayr a remport\u00e9 la descente masculine \u00e0 Courchevel. Le petit globe revient \u00e0 Aleksander Kilde.","breadcrumb":{"@id":"https:\/\/dicodusport.fr\/blog\/finales-ski-alpin-courchevel-vincent-kriechmayr-remporte-la-descente-petit-globe-kilde\/#breadcrumb"},"inLanguage":"fr-FR","potentialAction":[{"@type":"ReadAction","target":["https:\/\/dicodusport.fr\/blog\/finales-ski-alpin-courchevel-vincent-kriechmayr-remporte-la-descente-petit-globe-kilde\/"]}]},{"@type":"ImageObject","inLanguage":"fr-FR","@id":"https:\/\/dicodusport.fr\/blog\/finales-ski-alpin-courchevel-vincent-kriechmayr-remporte-la-descente-petit-globe-kilde\/#primaryimage","url":"https:\/\/dicodusport.fr\/blog\/wp-content\/uploads\/2022\/03\/Finales-Ski-alpin-Vincent-Kriechmayr-remporte-la-descente-le-petit-globe-pour-Kilde.png","contentUrl":"https:\/\/dicodusport.fr\/blog\/wp-content\/uploads\/2022\/03\/Finales-Ski-alpin-Vincent-Kriechmayr-remporte-la-descente-le-petit-globe-pour-Kilde.png","width":800,"height":445,"caption":"Finales Ski alpin Vincent Kriechmayr remporte la descente, le petit globe pour Kilde"},{"@type":"BreadcrumbList","@id":"https:\/\/dicodusport.fr\/blog\/finales-ski-alpin-courchevel-vincent-kriechmayr-remporte-la-descente-petit-globe-kilde\/#breadcrumb","itemListElement":[{"@type":"ListItem","position":1,"name":"Accueil","item":"https:\/\/dicodusport.fr\/blog\/"},{"@type":"ListItem","position":2,"name":"Finales Ski alpin : Vincent Kriechmayr remporte la descente, le petit globe pour Kilde"}]},{"@type":"WebSite","@id":"https:\/\/dicodusport.fr\/blog\/#website","url":"https:\/\/dicodusport.fr\/blog\/","name":"Dicodusport","description":"L&#039;encyclop\u00e9die de l&#039;actualit\u00e9 sportive","publisher":{"@id":"https:\/\/dicodusport.fr\/blog\/#organization"},"potentialAction":[{"@type":"SearchAction","target":{"@type":"EntryPoint","urlTemplate":"https:\/\/dicodusport.fr\/blog\/?s={search_term_string}"},"query-input":{"@type":"PropertyValueSpecification","valueRequired":true,"valueName":"search_term_string"}}],"inLanguage":"fr-FR"},{"@type":"NewsMediaOrganization","@id":"https:\/\/dicodusport.fr\/blog\/#organization","name":"Dicodusport","url":"https:\/\/dicodusport.fr\/blog\/","logo":{"@type":"ImageObject","inLanguage":"fr-FR","@id":"https:\/\/dicodusport.fr\/blog\/#\/schema\/logo\/image\/","url":"https:\/\/dicodusport.fr\/blog\/wp-content\/uploads\/2020\/06\/cropped-LOGO-DICODUSPORT-2020-SANS-FOND-SANS-TEXTE.png","contentUrl":"https:\/\/dicodusport.fr\/blog\/wp-content\/uploads\/2020\/06\/cropped-LOGO-DICODUSPORT-2020-SANS-FOND-SANS-TEXTE.png","width":512,"height":512,"caption":"Dicodusport"},"image":{"@id":"https:\/\/dicodusport.fr\/blog\/#\/schema\/logo\/image\/"},"sameAs":["https:\/\/www.facebook.com\/dicodusport","https:\/\/x.com\/dicodusport","https:\/\/www.instagram.com\/dicodusport\/","https:\/\/www.youtube.com\/channel\/UC7V2KZ5sd3htJivAbA4ZG3w"],"description":"Dicodusport est l'encyclop\u00e9die de l'actualit\u00e9 sportive.","email":"bonjour@dicodusport.fr","legalName":"DICODUSPORT","foundingDate":"2018-01-14","vatID":"FR71834470973","taxID":"83447097300043","numberOfEmployees":{"@type":"QuantitativeValue","minValue":"1","maxValue":"10"}},{"@type":"Person","@id":"https:\/\/dicodusport.fr\/blog\/#\/schema\/person\/6db4bae06b171592211be385b32876a7","name":"Emilien Descampiaux","image":{"@type":"ImageObject","inLanguage":"fr-FR","@id":"https:\/\/dicodusport.fr\/blog\/#\/schema\/person\/image\/","url":"https:\/\/dicodusport.fr\/blog\/wp-content\/uploads\/2021\/05\/Emilien-Descampiaux-150x150.jpg","contentUrl":"https:\/\/dicodusport.fr\/blog\/wp-content\/uploads\/2021\/05\/Emilien-Descampiaux-150x150.jpg","caption":"Emilien Descampiaux"},"description":"Journaliste\/r\u00e9dacteur depuis 2014 - Fan de la classe de Frank Vandenbroucke, je vis cyclisme (et de ses paysages) depuis plus de 20 ans. Je suis tr\u00e8s impliqu\u00e9 sur mes diff\u00e9rents r\u00e9seaux sociaux pour partager ma passion sur le monde et l'Histoire de la bicyclette avec ma voix sur les images en noir et blanc du succ\u00e8s de Rik Van Steenbergen lors du Ronde sur le V\u00e9lodrome de Gand.","sameAs":["https:\/\/www.facebook.com\/groups\/LesRoisDuPeloton","https:\/\/x.com\/https:\/\/twitter.com\/LRoisDuPeloton"],"url":"https:\/\/dicodusport.fr\/blog\/author\/emiliend\/"}]}},"_links":{"self":[{"href":"https:\/\/dicodusport.fr\/blog\/wp-json\/wp\/v2\/posts\/208356","targetHints":{"allow":["GET"]}}],"collection":[{"href":"https:\/\/dicodusport.fr\/blog\/wp-json\/wp\/v2\/posts"}],"about":[{"href":"https:\/\/dicodusport.fr\/blog\/wp-json\/wp\/v2\/types\/post"}],"author":[{"embeddable":true,"href":"https:\/\/dicodusport.fr\/blog\/wp-json\/wp\/v2\/users\/48"}],"replies":[{"embeddable":true,"href":"https:\/\/dicodusport.fr\/blog\/wp-json\/wp\/v2\/comments?post=208356"}],"version-history":[{"count":0,"href":"https:\/\/dicodusport.fr\/blog\/wp-json\/wp\/v2\/posts\/208356\/revisions"}],"wp:featuredmedia":[{"embeddable":true,"href":"https:\/\/dicodusport.fr\/blog\/wp-json\/wp\/v2\/media\/208382"}],"wp:attachment":[{"href":"https:\/\/dicodusport.fr\/blog\/wp-json\/wp\/v2\/media?parent=208356"}],"wp:term":[{"taxonomy":"category","embeddable":true,"href":"https:\/\/dicodusport.fr\/blog\/wp-json\/wp\/v2\/categories?post=208356"},{"taxonomy":"post_tag","embeddable":true,"href":"https:\/\/dicodusport.fr\/blog\/wp-json\/wp\/v2\/tags?post=208356"}],"curies":[{"name":"wp","href":"https:\/\/api.w.org\/{rel}","templated":true}]}}