{"id":209041,"date":"2022-03-18T15:13:35","date_gmt":"2022-03-18T14:13:35","guid":{"rendered":"https:\/\/dicodusport.fr\/blog\/?p=209041&#038;preview=true&#038;preview_id=209041"},"modified":"2022-03-19T20:47:02","modified_gmt":"2022-03-19T19:47:02","slug":"championnats-monde-en-salle-triple-saut-pas-medaille-france","status":"publish","type":"post","link":"https:\/\/dicodusport.fr\/blog\/championnats-monde-en-salle-triple-saut-pas-medaille-france\/","title":{"rendered":"Championnats du monde en salle : Pas de m\u00e9daille pour le triple saut fran\u00e7ais"},"content":{"rendered":"<p style=\"text-align: justify;\"><b><i><a href=\"https:\/\/dicodusport.fr\/blog\/athletisme-championnats-du-monde-en-salle-2022-programme-et-resultats\/\">ATHL\u00c9TISME &#8211; CHAMPIONNATS DU MONDE EN SALLE 2022<\/a> &#8211; 4 Fran\u00e7ais \u00e9taient engag\u00e9s ce matin, dont 2 en finale du triple saut. Pas de m\u00e9daille pour Pontvianne et Raffin et une sortie en s\u00e9rie pour Aurore Fleury sur 1 500m. R\u00e9sum\u00e9 de la premi\u00e8re matin\u00e9e de comp\u00e9tition.<\/i><\/b><\/p>\n<p style=\"text-align: justify;\">Le 60 m haies de l&rsquo;heptathlon avait donn\u00e9 le ton d&rsquo;entr\u00e9e : la piste de Belgrade n&rsquo;a rien \u00e0 envier \u00e0 celle de Tokyo. De quoi r\u00e9galer les fanatiques de statistiques pr\u00eats \u00e0 voir les records tomber comme des mouches. Du c\u00f4t\u00e9 des concours, difficile de d\u00e9crypter la qualit\u00e9 du rev\u00eatement puisque la r\u00e9alisation, aux fraises, n&rsquo;a daign\u00e9 montrer que le strict minimum (et encore).<\/p>\n<h2 style=\"text-align: justify;\">Triple saut H : Pontvianne et Raffin loin du compte<\/h2>\n<p style=\"text-align: justify;\">Les deux Fran\u00e7ais n&rsquo;auront jamais \u00e9t\u00e9 dans le coup lors de cette finale directe. <strong>Melvin Raffin<\/strong> termine 6\u00e8me (16m68) et <strong>Jean-Marc Pontvianne<\/strong> 7\u00e8me (16m62), \u00e0 bonne distance des 17 m et du podium. Podium sur lequel l&rsquo;inusable champion en titre Will Claye (USA), qui avait troqu\u00e9 la casquette pour le bonnet, n&rsquo;apparait pas, battu pour deux centim\u00e8tres par son co\u00e9quipier <strong>Donald Scott<\/strong> (17m21 contre 17m19). Malgr\u00e9 ces deux belles performances les Am\u00e9ricains sont tomb\u00e9s sur des os cubains et portugais. Le <em>lider maximo<\/em> <strong>Lazaro Martinez<\/strong> a mat\u00e9 son ex-compatriote <strong>Pedro Pichardo<\/strong> pour s&rsquo;offrir le premier titre de sa carri\u00e8re \u00e0 24 ans, avec la mani\u00e8re : 17m64. Pichardo, peu en vue cet hiver se classe tout de m\u00eame en argent avec un saut \u00e0 17m46 et une fin de concours avort\u00e9e, comme \u00e0 l&rsquo;accoutum\u00e9e.<\/p>\n<h2 style=\"text-align: justify;\">Pentathlon : Cambours sur les bases de son record, Vidts en t\u00eate<\/h2>\n<p style=\"text-align: justify;\">Cinq \u00e9preuves en une journ\u00e9e, c&rsquo;est ce qui attend les douze combinardes en lice \u00e0 Belgrade. Comme \u00e0 l&rsquo;accoutum\u00e9e, ces derni\u00e8res ont eu l&rsquo;honneur d&rsquo;ouvrir le portillon et de donner la temp\u00e9rature de la piste serbe avec un 60 m haies o\u00f9 la pas-si-favorite <strong>Katarina Johnson-Thompson<\/strong> n&rsquo;a pas brill\u00e9 (8.45 malgr\u00e9 un record \u00e0 8.18). Il faut dire que la Britannique, championne du monde en titre et qui a quitt\u00e9 Montpellier cet hiver, arrivait dans un \u00e9tat de forme incertain en Europe (elle s&rsquo;entra\u00eene d\u00e9sormais aux Etats-Unis). La suite du programme a confirm\u00e9 la tendance : douze centim\u00e8tres et cent-cinquante-cinq points de perdus \u00e0 la hauteur (1m83). Malgr\u00e9 un bon poids pour ses standards, KJT semble en passe d&rsquo;\u00eatre battue.<\/p>\n<p style=\"text-align: justify;\">Car en face, deux adversaires sont \u00e0 la hauteur des attentes : la Belge <strong>Noor Vidts<\/strong> et la Polonaise <strong>Adriana Sulek<\/strong>. La seconde nomm\u00e9e, tr\u00e8s en vue cet hiver (d\u00e9j\u00e0 son quatri\u00e8me pentathlon dont elle d\u00e9tient la MPM), est sur les bases de son record avec des performances similaires ou \u00e9gales (4756). La premi\u00e8re, quatri\u00e8me \u00e0 Tokyo \u00e0 l&rsquo;heptathlon, n&rsquo;est pas sortie sur les cinq \u00e9preuves cette saison mais ses performances individuelles dans diverses disciplines, laissaient pr\u00e9sager une forme de premier ordre. Pr\u00e9sage confirm\u00e9 ce matin, Vidts est en avance sur les bases de son record (8.15, 1m83, 14m03) et peut esp\u00e9rer voler le record belge \u00e0 Nafissatou Thiam (4904 points, top 7 tous temps).<\/p>\n<p style=\"text-align: justify;\">Pour la Fran\u00e7aise<strong> L\u00e9onie Cambours<\/strong>, matin\u00e9e contrast\u00e9e. Son 60 m haies fut d&rsquo;abord dans les eaux de son record (8.37), de m\u00eame que la hauteur qui lui avait fait d\u00e9faut aux Championnats de France (1m83). C&rsquo;est au poids que la Normande, pour sa premi\u00e8re apparition en \u00e9quipe de France \u00e0 21 ans, a souffert pour clore la premi\u00e8re session, 12m00 seulement, loin de son record log\u00e9 \u00e0 plus de 13m20 mais mieux que lors de son pentathlon record ! Elle est 7\u00e8me \u00e0 deux \u00e9preuves de la fin.<\/p>\n<h2 style=\"text-align: justify;\">1 500 m F : pas de finale pour Aurore Fleury<\/h2>\n<p style=\"text-align: justify;\">On pensait qu&rsquo;elle avait fait le plus dur, s&rsquo;accrochant \u00e0 la foul\u00e9e des v\u00e9loces Meshesha (Ethiopie) et Norris (USA) pour rentrer dans le top 3 de sa s\u00e9rie. Mais <strong>Aurore Fleury<\/strong>, n\u00e9ophyte \u00e0 ce niveau de comp\u00e9tition malgr\u00e9 ses 28 ans, n&rsquo;a pas r\u00e9ussi \u00e0 tenir le rythme dans le dernier tour, subissant ensuite la loi de la Mexicaine Cortes. Pas de finale donc pour la Lorraine dont la progression r\u00e9cente a \u00e9t\u00e9 sanctionn\u00e9e d&rsquo;une premi\u00e8re exp\u00e9rience mondiale difficile mais sans doute pleine d&rsquo;enseignements. La grande favorite, recordwoman du monde, <strong>Gudaf Tsegay<\/strong> a fait le travail sans rechigner.<\/p>\n<blockquote class=\"twitter-tweet\">\n<p dir=\"ltr\" lang=\"fr\">Elle a tout donn\u00e9 mais n&rsquo;a pas pu r\u00e9sister au retour de Cortes !<\/p>\n<p>Aurore Fleury 4e de sa s\u00e9rie du 1500 m en 4&rsquo;12\u00a0\u00bb20, premier chrono non qualifi\u00e9 pour la finale.<\/p>\n<p>Suivez les <a href=\"https:\/\/twitter.com\/hashtag\/WorldIndoorChamps?src=hash&amp;ref_src=twsrc%5Etfw\">#WorldIndoorChamps<\/a> en sur <a href=\"https:\/\/t.co\/63xdTVLhtA\">https:\/\/t.co\/63xdTVLhtA<\/a> et <a href=\"https:\/\/t.co\/XpKsS21tPb\">https:\/\/t.co\/XpKsS21tPb<\/a>. <a href=\"https:\/\/t.co\/0EgSIEyVYd\">pic.twitter.com\/0EgSIEyVYd<\/a><\/p>\n<p>\u2014 FFAthl\u00e9tisme (@FFAthletisme) <a href=\"https:\/\/twitter.com\/FFAthletisme\/status\/1504794062435532801?ref_src=twsrc%5Etfw\">March 18, 2022<\/a><\/p><\/blockquote>\n<p><script async src=\"https:\/\/platform.twitter.com\/widgets.js\" charset=\"utf-8\"><\/script><\/p>\n<h2 style=\"text-align: justify;\">Heptathlon : grosse densit\u00e9, Warner en t\u00eate<\/h2>\n<p style=\"text-align: justify;\">Quatre \u00e9preuves au programme en ce premier jour dont trois lors de la session matinale. A l&rsquo;issue de celle-ci, nulle surprise de retrouver en t\u00eate le champion olympique du d\u00e9cathlon <strong>Damian Warner<\/strong> (Canada). Il poss\u00e8de une cinquantaine de points d&rsquo;avance sur le Suisse<strong> Simon Ehammer<\/strong> et plus de cent sur l&rsquo;Australien <strong>Ashley Moloney<\/strong>. Pour sa premi\u00e8re sortie en salle, ce dernier a fait parler la poudre d&rsquo;entr\u00e9e avec un probant 6.70 sur 60 m, rapidement \u00e9mul\u00e9 par les deux premiers cit\u00e9s (6.68 et 6.72).<\/p>\n<p style=\"text-align: justify;\">Le concours de longueur a ensuite \u00e9t\u00e9 d&rsquo;une rare densit\u00e9 puisque pour la premi\u00e8re fois, deux combinards se sont pos\u00e9s \u00e0 plus de 8 m de la planche dans un m\u00eame concours, nos <em>usual suspects<\/em> Warner (8m05) et Ehammer (8m04). Juste derri\u00e8re, l&rsquo;Estonien Hausenberg s&rsquo;est envol\u00e9 \u00e0 7m96 et Moloney continuait sa marche en avant avec un record \u00e0 7m82.<\/p>\n<p style=\"text-align: justify;\">Pass\u00e9 sous les radars en d\u00e9but d&rsquo;heptathlon, l&rsquo;Am\u00e9ricain <strong>Garrett Scantling<\/strong> s&rsquo;est rappel\u00e9 au bon souvenir de ses rivaux en projetant son poids \u00e0 16m37, ce qui lui permet de faire un rapproch\u00e9 pr\u00e9visible au classement. Le voil\u00e0 quatri\u00e8me, et la suite du programme est en sa faveur. A pr\u00e9voir donc un duel am\u00e9ricano-canadien pour l&rsquo;or et australo-suisse pour le bronze, sans doute \u00e0 des hauteurs rarement atteintes (6500 points ?).<\/p>\n<h2 style=\"text-align: justify;\">60 m F : des s\u00e9ries supersoniques<\/h2>\n<p style=\"text-align: justify;\">Pluie de records d\u00e8s les s\u00e9ries du 60 m, qui ont accouch\u00e9 de quelques chronos peu habituels d\u00e8s ce niveau de comp\u00e9tition. La Polonaise <strong>Ewa Nikola Swoboda<\/strong>, premi\u00e8re athl\u00e8te pass\u00e9e sous les 7 secondes depuis 2018 et premi\u00e8re Europ\u00e9enne depuis Katerina Thanou en 1999, en a gard\u00e9 sous la p\u00e9dale (7.10) et a laiss\u00e9 ses adversaires montrer les muscles. Peu d&rsquo;effusions de joie chez celles-ci mais des temps qui parlent : 7.03 pour<strong>\u00a0Mikiah Brisco<\/strong> (USA), 7.06 pour la jeune Jama\u00efcaine <strong>Briana Williams<\/strong> et 7.07 pour la vainqueur des s\u00e9lections am\u00e9ricaines <strong>Marybeth Sant-Price<\/strong>.<\/p>\n<p style=\"text-align: justify;\">Derri\u00e8re, <strong>Shericka Jackson<\/strong>, pas forc\u00e9ment dans le confort sur 60 m (transfuge r\u00e9ussie du 400 m), et <strong>Mujinga Kambundji<\/strong> ont sobrement assur\u00e9 leur place en demi-finale, tout comme la N\u00e9o-Z\u00e9landaise Zoe Hobbs, 7.13 record d&rsquo;Oc\u00e9anie \u00e0 la cl\u00e9.<\/p>\n<h2 style=\"text-align: justify;\">400 m H&amp;F : pas de quadrupl\u00e9 pour Pavel Maslak<\/h2>\n<p style=\"text-align: justify;\">Maslak, triple champion du monde en titre en grand expert du 400 m en salle, n&rsquo;a pas fait de vieux os dans cette une \u00e9preuve tr\u00e8s ouverte en l&rsquo;absence de grand favori. Seulement 4\u00e8me de sa s\u00e9rie derri\u00e8re le local Kijanovic (2\u00e8me), qui a fait vibrer la Stark Arena pour la premi\u00e8re fois du week-end, le Tch\u00e8que sort piteusement et laisse le Belge <strong>Julien Watrin<\/strong> endosser le costume d&rsquo;homme \u00e0 battre.<\/p>\n<p style=\"text-align: justify;\">Celui-ci a sans nul doute \u00e9t\u00e9 le plus impressionnant des s\u00e9ries en faisant la course en t\u00eate et en signant le seul chrono sous les 46 secondes (45.91), devan\u00e7ant d&rsquo;une demi-seconde l&rsquo;Am\u00e9ricain <strong>Trevor Bassitt<\/strong> (46.47). Le Su\u00e9dois <strong>Carl Bengstr\u00f6m<\/strong> (46.45) se place en outsider gr\u00e2ce \u00e0 un finish tonitruant, de m\u00eame que le second Am\u00e9ricain Marqueze Washington (46.66), le Danois<strong> Benjamin Lobo Vedel<\/strong> (46.58) ou le Jama\u00efcain <strong>Christopher Taylor<\/strong> (46.48), plut\u00f4t \u00e0 l&rsquo;aise dans ce premier tour.<\/p>\n<p style=\"text-align: justify;\">Dans la comp\u00e9tition f\u00e9minine, les favorites ont survol\u00e9 la concurrence. On attend d&rsquo;ores et d\u00e9j\u00e0 le d\u00e9nouement de la comp\u00e9tition avec un duel annonc\u00e9 entre la championne olympique <strong>Shaunae Miller-Uibo<\/strong> et la jeune N\u00e9erlandaise, 3\u00e8me du 400 m haies de Tokyo, <strong>Femke Bol.<\/strong> Les deux athl\u00e8tes ont personnifi\u00e9 le concept de rel\u00e2chement et de contr\u00f4le dans leurs s\u00e9ries respectives, signant les deux (anecdotiques) meilleurs temps. Derri\u00e8re elles, les Polonaises (<strong>Justyna Swiety-Ersetic et Natalia Kaczmarek<\/strong>) ont aussi fait le travail en semblant en garder sous le pied et confirment leur statut de pr\u00e9tendantes \u00e0 la m\u00e9daille (au bronze vraisemblablement), de m\u00eame que l&rsquo;Irlandaise<strong> Phil Healy. <\/strong><\/p>\n<h2 style=\"text-align: justify;\">800 m H : une finale ouverte en pr\u00e9vision<\/h2>\n<p style=\"text-align: justify;\">Dans cette \u00e9preuve extr\u00eamement ind\u00e9cise, deux favoris sont pass\u00e9s \u00e0 la trappe\u00a0: le Britannique <strong>Eliott Giles<\/strong> par la force des choses puisque non pr\u00e9sent au d\u00e9part, et le K\u00e9nyan <strong>Collins Kipruto<\/strong>. Pas vraiment de surprise parmi les huit qualifi\u00e9s en finale mais quelques impressions, laiss\u00e9es \u00e0 dessein ? Ainsi, le junior k\u00e9nyan <strong>Noah Kibet<\/strong> a-t-il domin\u00e9 l&rsquo;Am\u00e9ricain <strong>Bryce Hoppel<\/strong> avec une fougue qui indique que le jeune homme a les moyens et la fougue pour aller au bout. Meilleur temps toutes s\u00e9ries confondues pour <strong>Isaiah Harris<\/strong> (USA) en 1:47.00.<\/p>\n<h2 style=\"text-align: justify;\">3 000 m H : Aregawi sorti<\/h2>\n<p style=\"text-align: justify;\">S&rsquo;il fallait une preuve que les courses de championnat ne se gagnent pas aux bilans, <strong>Berihu Aregawi<\/strong> a servi d&rsquo;illustrateur. Le jeune Ethiopien, meilleur performeur mondial de l&rsquo;ann\u00e9e et cinqui\u00e8me de l&rsquo;Histoire a voulu jouer, s&rsquo;\u00e9conomiser, et a fait les frais de son manque de discernement. Sixi\u00e8me de sa s\u00e9rie avec seulement quatre qualifi\u00e9s, il reste aux portes d&rsquo;une finale qui lui tendait les bras et qui s&rsquo;ouvre d\u00e9sormais en grand pour son compatriote <strong>Lamecha Girma<\/strong>, imp\u00e9rial de son c\u00f4t\u00e9. Le troisi\u00e8me larron, <strong>Selemon Barega<\/strong>, a \u00e9t\u00e9 un peu moins fringuant mais passe sans souci de m\u00eame que l&rsquo;Espagnol <strong>Adel Mechaal<\/strong>, au four et au moulin cet hiver (indoor + cross). Belle impression laiss\u00e9e par les K\u00e9nyans (Krop et Simyu) ainsi que par le N\u00e9o-Z\u00e9landais Beamish.<\/p>\n","protected":false},"excerpt":{"rendered":"<p>ATHL\u00c9TISME &#8211; CHAMPIONNATS DU MONDE EN SALLE 2022 &#8211; 4 Fran\u00e7ais \u00e9taient engag\u00e9s ce matin, dont 2 en finale du triple saut. Pas de m\u00e9daille pour Pontvianne et Raffin et une sortie en s\u00e9rie pour Aurore Fleury sur 1 500m. R\u00e9sum\u00e9 de la premi\u00e8re matin\u00e9e de comp\u00e9tition.<\/p>\n","protected":false},"author":64,"featured_media":209063,"comment_status":"open","ping_status":"closed","sticky":false,"template":"","format":"standard","meta":{"_acf_changed":false,"_daextam_enable_autolinks":"","footnotes":""},"categories":[2308],"tags":[150,8908],"class_list":["post-209041","post","type-post","status-publish","format-standard","has-post-thumbnail","hentry","category-athletisme","tag-pentathlon","tag-triple-saut"],"acf":[],"yoast_head":"<!-- This site is optimized with the Yoast SEO Premium plugin v26.7 (Yoast SEO v26.7) - https:\/\/yoast.com\/wordpress\/plugins\/seo\/ -->\n<title>Championnats du monde en salle : Pas de m\u00e9daille pour le triple saut fran\u00e7ais<\/title>\n<meta name=\"description\" content=\"Premi\u00e8re matin\u00e9e des Championnats du monde en salle \u00e0 Belgrade avec la finale du triple saut o\u00f9 les Fran\u00e7ais terminent 6\u00e8me et 7\u00e8me.\" \/>\n<meta name=\"robots\" content=\"index, follow, max-snippet:-1, max-image-preview:large, max-video-preview:-1\" \/>\n<link rel=\"canonical\" href=\"https:\/\/dicodusport.fr\/blog\/championnats-monde-en-salle-triple-saut-pas-medaille-france\/\" \/>\n<meta property=\"og:locale\" content=\"fr_FR\" \/>\n<meta property=\"og:type\" content=\"article\" \/>\n<meta property=\"og:title\" content=\"Championnats du monde en salle : Pas de m\u00e9daille pour le triple saut fran\u00e7ais\" \/>\n<meta property=\"og:description\" content=\"Premi\u00e8re matin\u00e9e des Championnats du monde en salle \u00e0 Belgrade avec la finale du triple saut o\u00f9 les Fran\u00e7ais terminent 6\u00e8me et 7\u00e8me.\" \/>\n<meta property=\"og:url\" content=\"https:\/\/dicodusport.fr\/blog\/championnats-monde-en-salle-triple-saut-pas-medaille-france\/\" \/>\n<meta property=\"og:site_name\" content=\"Dicodusport\" \/>\n<meta property=\"article:publisher\" content=\"https:\/\/www.facebook.com\/dicodusport\" \/>\n<meta property=\"article:published_time\" content=\"2022-03-18T14:13:35+00:00\" \/>\n<meta property=\"article:modified_time\" content=\"2022-03-19T19:47:02+00:00\" \/>\n<meta property=\"og:image\" content=\"https:\/\/dicodusport.fr\/blog\/wp-content\/uploads\/2022\/03\/Championnats-du-monde-en-salle-Pas-de-medaille-pour-le-triple-saut-francais.png\" \/>\n\t<meta property=\"og:image:width\" content=\"800\" \/>\n\t<meta property=\"og:image:height\" content=\"445\" \/>\n\t<meta property=\"og:image:type\" content=\"image\/png\" \/>\n<meta name=\"author\" content=\"Valentin Mahey\" \/>\n<meta name=\"twitter:card\" content=\"summary_large_image\" \/>\n<meta name=\"twitter:title\" content=\"Championnats du monde en salle : Pas de m\u00e9daille pour le triple saut fran\u00e7ais\" \/>\n<meta name=\"twitter:creator\" content=\"@dicodusport\" \/>\n<meta name=\"twitter:site\" content=\"@dicodusport\" \/>\n<script type=\"application\/ld+json\" class=\"yoast-schema-graph\">{\"@context\":\"https:\/\/schema.org\",\"@graph\":[{\"@type\":\"NewsArticle\",\"@id\":\"https:\/\/dicodusport.fr\/blog\/championnats-monde-en-salle-triple-saut-pas-medaille-france\/#article\",\"isPartOf\":{\"@id\":\"https:\/\/dicodusport.fr\/blog\/championnats-monde-en-salle-triple-saut-pas-medaille-france\/\"},\"author\":{\"name\":\"Valentin Mahey\",\"@id\":\"https:\/\/dicodusport.fr\/blog\/#\/schema\/person\/a935366322786f13517421c989535952\"},\"headline\":\"Championnats du monde en salle : Pas de m\u00e9daille pour le triple saut fran\u00e7ais\",\"datePublished\":\"2022-03-18T14:13:35+00:00\",\"dateModified\":\"2022-03-19T19:47:02+00:00\",\"mainEntityOfPage\":{\"@id\":\"https:\/\/dicodusport.fr\/blog\/championnats-monde-en-salle-triple-saut-pas-medaille-france\/\"},\"wordCount\":1731,\"commentCount\":0,\"publisher\":{\"@id\":\"https:\/\/dicodusport.fr\/blog\/#organization\"},\"image\":{\"@id\":\"https:\/\/dicodusport.fr\/blog\/championnats-monde-en-salle-triple-saut-pas-medaille-france\/#primaryimage\"},\"thumbnailUrl\":\"https:\/\/dicodusport.fr\/blog\/wp-content\/uploads\/2022\/03\/Championnats-du-monde-en-salle-Pas-de-medaille-pour-le-triple-saut-francais.png\",\"keywords\":[\"Pentathlon\",\"triple saut\"],\"articleSection\":[\"Athl\u00e9tisme\"],\"inLanguage\":\"fr-FR\",\"potentialAction\":[{\"@type\":\"CommentAction\",\"name\":\"Comment\",\"target\":[\"https:\/\/dicodusport.fr\/blog\/championnats-monde-en-salle-triple-saut-pas-medaille-france\/#respond\"]}],\"copyrightYear\":\"2022\",\"copyrightHolder\":{\"@id\":\"https:\/\/dicodusport.fr\/blog\/#organization\"}},{\"@type\":\"WebPage\",\"@id\":\"https:\/\/dicodusport.fr\/blog\/championnats-monde-en-salle-triple-saut-pas-medaille-france\/\",\"url\":\"https:\/\/dicodusport.fr\/blog\/championnats-monde-en-salle-triple-saut-pas-medaille-france\/\",\"name\":\"Championnats du monde en salle : Pas de m\u00e9daille pour le triple saut fran\u00e7ais\",\"isPartOf\":{\"@id\":\"https:\/\/dicodusport.fr\/blog\/#website\"},\"primaryImageOfPage\":{\"@id\":\"https:\/\/dicodusport.fr\/blog\/championnats-monde-en-salle-triple-saut-pas-medaille-france\/#primaryimage\"},\"image\":{\"@id\":\"https:\/\/dicodusport.fr\/blog\/championnats-monde-en-salle-triple-saut-pas-medaille-france\/#primaryimage\"},\"thumbnailUrl\":\"https:\/\/dicodusport.fr\/blog\/wp-content\/uploads\/2022\/03\/Championnats-du-monde-en-salle-Pas-de-medaille-pour-le-triple-saut-francais.png\",\"datePublished\":\"2022-03-18T14:13:35+00:00\",\"dateModified\":\"2022-03-19T19:47:02+00:00\",\"description\":\"Premi\u00e8re matin\u00e9e des Championnats du monde en salle \u00e0 Belgrade avec la finale du triple saut o\u00f9 les Fran\u00e7ais terminent 6\u00e8me et 7\u00e8me.\",\"breadcrumb\":{\"@id\":\"https:\/\/dicodusport.fr\/blog\/championnats-monde-en-salle-triple-saut-pas-medaille-france\/#breadcrumb\"},\"inLanguage\":\"fr-FR\",\"potentialAction\":[{\"@type\":\"ReadAction\",\"target\":[\"https:\/\/dicodusport.fr\/blog\/championnats-monde-en-salle-triple-saut-pas-medaille-france\/\"]}]},{\"@type\":\"ImageObject\",\"inLanguage\":\"fr-FR\",\"@id\":\"https:\/\/dicodusport.fr\/blog\/championnats-monde-en-salle-triple-saut-pas-medaille-france\/#primaryimage\",\"url\":\"https:\/\/dicodusport.fr\/blog\/wp-content\/uploads\/2022\/03\/Championnats-du-monde-en-salle-Pas-de-medaille-pour-le-triple-saut-francais.png\",\"contentUrl\":\"https:\/\/dicodusport.fr\/blog\/wp-content\/uploads\/2022\/03\/Championnats-du-monde-en-salle-Pas-de-medaille-pour-le-triple-saut-francais.png\",\"width\":800,\"height\":445,\"caption\":\"Championnats du monde en salle Pas de m\u00e9daille pour le triple-saut fran\u00e7ais\"},{\"@type\":\"BreadcrumbList\",\"@id\":\"https:\/\/dicodusport.fr\/blog\/championnats-monde-en-salle-triple-saut-pas-medaille-france\/#breadcrumb\",\"itemListElement\":[{\"@type\":\"ListItem\",\"position\":1,\"name\":\"Accueil\",\"item\":\"https:\/\/dicodusport.fr\/blog\/\"},{\"@type\":\"ListItem\",\"position\":2,\"name\":\"Championnats du monde en salle : Pas de m\u00e9daille pour le triple saut fran\u00e7ais\"}]},{\"@type\":\"WebSite\",\"@id\":\"https:\/\/dicodusport.fr\/blog\/#website\",\"url\":\"https:\/\/dicodusport.fr\/blog\/\",\"name\":\"Dicodusport\",\"description\":\"L&#039;encyclop\u00e9die de l&#039;actualit\u00e9 sportive\",\"publisher\":{\"@id\":\"https:\/\/dicodusport.fr\/blog\/#organization\"},\"potentialAction\":[{\"@type\":\"SearchAction\",\"target\":{\"@type\":\"EntryPoint\",\"urlTemplate\":\"https:\/\/dicodusport.fr\/blog\/?s={search_term_string}\"},\"query-input\":{\"@type\":\"PropertyValueSpecification\",\"valueRequired\":true,\"valueName\":\"search_term_string\"}}],\"inLanguage\":\"fr-FR\"},{\"@type\":\"NewsMediaOrganization\",\"@id\":\"https:\/\/dicodusport.fr\/blog\/#organization\",\"name\":\"Dicodusport\",\"url\":\"https:\/\/dicodusport.fr\/blog\/\",\"logo\":{\"@type\":\"ImageObject\",\"inLanguage\":\"fr-FR\",\"@id\":\"https:\/\/dicodusport.fr\/blog\/#\/schema\/logo\/image\/\",\"url\":\"https:\/\/dicodusport.fr\/blog\/wp-content\/uploads\/2020\/06\/cropped-LOGO-DICODUSPORT-2020-SANS-FOND-SANS-TEXTE.png\",\"contentUrl\":\"https:\/\/dicodusport.fr\/blog\/wp-content\/uploads\/2020\/06\/cropped-LOGO-DICODUSPORT-2020-SANS-FOND-SANS-TEXTE.png\",\"width\":512,\"height\":512,\"caption\":\"Dicodusport\"},\"image\":{\"@id\":\"https:\/\/dicodusport.fr\/blog\/#\/schema\/logo\/image\/\"},\"sameAs\":[\"https:\/\/www.facebook.com\/dicodusport\",\"https:\/\/x.com\/dicodusport\",\"https:\/\/www.instagram.com\/dicodusport\/\",\"https:\/\/www.youtube.com\/channel\/UC7V2KZ5sd3htJivAbA4ZG3w\"],\"description\":\"Dicodusport est l'encyclop\u00e9die de l'actualit\u00e9 sportive.\",\"email\":\"bonjour@dicodusport.fr\",\"legalName\":\"DICODUSPORT\",\"foundingDate\":\"2018-01-14\",\"vatID\":\"FR71834470973\",\"taxID\":\"83447097300043\",\"numberOfEmployees\":{\"@type\":\"QuantitativeValue\",\"minValue\":\"1\",\"maxValue\":\"10\"}},{\"@type\":\"Person\",\"@id\":\"https:\/\/dicodusport.fr\/blog\/#\/schema\/person\/a935366322786f13517421c989535952\",\"name\":\"Valentin Mahey\",\"image\":{\"@type\":\"ImageObject\",\"inLanguage\":\"fr-FR\",\"@id\":\"https:\/\/dicodusport.fr\/blog\/#\/schema\/person\/image\/\",\"url\":\"https:\/\/dicodusport.fr\/blog\/wp-content\/uploads\/2020\/06\/cropped-LOGO-DICODUSPORT-2020-SANS-FOND-SANS-TEXTE-150x150.png\",\"contentUrl\":\"https:\/\/dicodusport.fr\/blog\/wp-content\/uploads\/2020\/06\/cropped-LOGO-DICODUSPORT-2020-SANS-FOND-SANS-TEXTE-150x150.png\",\"caption\":\"Valentin Mahey\"},\"url\":\"https:\/\/dicodusport.fr\/blog\/author\/valentin-mahey\/\"}]}<\/script>\n<!-- \/ Yoast SEO Premium plugin. -->","yoast_head_json":{"title":"Championnats du monde en salle : Pas de m\u00e9daille pour le triple saut fran\u00e7ais","description":"Premi\u00e8re matin\u00e9e des Championnats du monde en salle \u00e0 Belgrade avec la finale du triple saut o\u00f9 les Fran\u00e7ais terminent 6\u00e8me et 7\u00e8me.","robots":{"index":"index","follow":"follow","max-snippet":"max-snippet:-1","max-image-preview":"max-image-preview:large","max-video-preview":"max-video-preview:-1"},"canonical":"https:\/\/dicodusport.fr\/blog\/championnats-monde-en-salle-triple-saut-pas-medaille-france\/","og_locale":"fr_FR","og_type":"article","og_title":"Championnats du monde en salle : Pas de m\u00e9daille pour le triple saut fran\u00e7ais","og_description":"Premi\u00e8re matin\u00e9e des Championnats du monde en salle \u00e0 Belgrade avec la finale du triple saut o\u00f9 les Fran\u00e7ais terminent 6\u00e8me et 7\u00e8me.","og_url":"https:\/\/dicodusport.fr\/blog\/championnats-monde-en-salle-triple-saut-pas-medaille-france\/","og_site_name":"Dicodusport","article_publisher":"https:\/\/www.facebook.com\/dicodusport","article_published_time":"2022-03-18T14:13:35+00:00","article_modified_time":"2022-03-19T19:47:02+00:00","og_image":[{"width":800,"height":445,"url":"https:\/\/dicodusport.fr\/blog\/wp-content\/uploads\/2022\/03\/Championnats-du-monde-en-salle-Pas-de-medaille-pour-le-triple-saut-francais.png","type":"image\/png"}],"author":"Valentin Mahey","twitter_card":"summary_large_image","twitter_title":"Championnats du monde en salle : Pas de m\u00e9daille pour le triple saut fran\u00e7ais","twitter_creator":"@dicodusport","twitter_site":"@dicodusport","schema":{"@context":"https:\/\/schema.org","@graph":[{"@type":"NewsArticle","@id":"https:\/\/dicodusport.fr\/blog\/championnats-monde-en-salle-triple-saut-pas-medaille-france\/#article","isPartOf":{"@id":"https:\/\/dicodusport.fr\/blog\/championnats-monde-en-salle-triple-saut-pas-medaille-france\/"},"author":{"name":"Valentin Mahey","@id":"https:\/\/dicodusport.fr\/blog\/#\/schema\/person\/a935366322786f13517421c989535952"},"headline":"Championnats du monde en salle : Pas de m\u00e9daille pour le triple saut fran\u00e7ais","datePublished":"2022-03-18T14:13:35+00:00","dateModified":"2022-03-19T19:47:02+00:00","mainEntityOfPage":{"@id":"https:\/\/dicodusport.fr\/blog\/championnats-monde-en-salle-triple-saut-pas-medaille-france\/"},"wordCount":1731,"commentCount":0,"publisher":{"@id":"https:\/\/dicodusport.fr\/blog\/#organization"},"image":{"@id":"https:\/\/dicodusport.fr\/blog\/championnats-monde-en-salle-triple-saut-pas-medaille-france\/#primaryimage"},"thumbnailUrl":"https:\/\/dicodusport.fr\/blog\/wp-content\/uploads\/2022\/03\/Championnats-du-monde-en-salle-Pas-de-medaille-pour-le-triple-saut-francais.png","keywords":["Pentathlon","triple saut"],"articleSection":["Athl\u00e9tisme"],"inLanguage":"fr-FR","potentialAction":[{"@type":"CommentAction","name":"Comment","target":["https:\/\/dicodusport.fr\/blog\/championnats-monde-en-salle-triple-saut-pas-medaille-france\/#respond"]}],"copyrightYear":"2022","copyrightHolder":{"@id":"https:\/\/dicodusport.fr\/blog\/#organization"}},{"@type":"WebPage","@id":"https:\/\/dicodusport.fr\/blog\/championnats-monde-en-salle-triple-saut-pas-medaille-france\/","url":"https:\/\/dicodusport.fr\/blog\/championnats-monde-en-salle-triple-saut-pas-medaille-france\/","name":"Championnats du monde en salle : Pas de m\u00e9daille pour le triple saut fran\u00e7ais","isPartOf":{"@id":"https:\/\/dicodusport.fr\/blog\/#website"},"primaryImageOfPage":{"@id":"https:\/\/dicodusport.fr\/blog\/championnats-monde-en-salle-triple-saut-pas-medaille-france\/#primaryimage"},"image":{"@id":"https:\/\/dicodusport.fr\/blog\/championnats-monde-en-salle-triple-saut-pas-medaille-france\/#primaryimage"},"thumbnailUrl":"https:\/\/dicodusport.fr\/blog\/wp-content\/uploads\/2022\/03\/Championnats-du-monde-en-salle-Pas-de-medaille-pour-le-triple-saut-francais.png","datePublished":"2022-03-18T14:13:35+00:00","dateModified":"2022-03-19T19:47:02+00:00","description":"Premi\u00e8re matin\u00e9e des Championnats du monde en salle \u00e0 Belgrade avec la finale du triple saut o\u00f9 les Fran\u00e7ais terminent 6\u00e8me et 7\u00e8me.","breadcrumb":{"@id":"https:\/\/dicodusport.fr\/blog\/championnats-monde-en-salle-triple-saut-pas-medaille-france\/#breadcrumb"},"inLanguage":"fr-FR","potentialAction":[{"@type":"ReadAction","target":["https:\/\/dicodusport.fr\/blog\/championnats-monde-en-salle-triple-saut-pas-medaille-france\/"]}]},{"@type":"ImageObject","inLanguage":"fr-FR","@id":"https:\/\/dicodusport.fr\/blog\/championnats-monde-en-salle-triple-saut-pas-medaille-france\/#primaryimage","url":"https:\/\/dicodusport.fr\/blog\/wp-content\/uploads\/2022\/03\/Championnats-du-monde-en-salle-Pas-de-medaille-pour-le-triple-saut-francais.png","contentUrl":"https:\/\/dicodusport.fr\/blog\/wp-content\/uploads\/2022\/03\/Championnats-du-monde-en-salle-Pas-de-medaille-pour-le-triple-saut-francais.png","width":800,"height":445,"caption":"Championnats du monde en salle Pas de m\u00e9daille pour le triple-saut fran\u00e7ais"},{"@type":"BreadcrumbList","@id":"https:\/\/dicodusport.fr\/blog\/championnats-monde-en-salle-triple-saut-pas-medaille-france\/#breadcrumb","itemListElement":[{"@type":"ListItem","position":1,"name":"Accueil","item":"https:\/\/dicodusport.fr\/blog\/"},{"@type":"ListItem","position":2,"name":"Championnats du monde en salle : Pas de m\u00e9daille pour le triple saut fran\u00e7ais"}]},{"@type":"WebSite","@id":"https:\/\/dicodusport.fr\/blog\/#website","url":"https:\/\/dicodusport.fr\/blog\/","name":"Dicodusport","description":"L&#039;encyclop\u00e9die de l&#039;actualit\u00e9 sportive","publisher":{"@id":"https:\/\/dicodusport.fr\/blog\/#organization"},"potentialAction":[{"@type":"SearchAction","target":{"@type":"EntryPoint","urlTemplate":"https:\/\/dicodusport.fr\/blog\/?s={search_term_string}"},"query-input":{"@type":"PropertyValueSpecification","valueRequired":true,"valueName":"search_term_string"}}],"inLanguage":"fr-FR"},{"@type":"NewsMediaOrganization","@id":"https:\/\/dicodusport.fr\/blog\/#organization","name":"Dicodusport","url":"https:\/\/dicodusport.fr\/blog\/","logo":{"@type":"ImageObject","inLanguage":"fr-FR","@id":"https:\/\/dicodusport.fr\/blog\/#\/schema\/logo\/image\/","url":"https:\/\/dicodusport.fr\/blog\/wp-content\/uploads\/2020\/06\/cropped-LOGO-DICODUSPORT-2020-SANS-FOND-SANS-TEXTE.png","contentUrl":"https:\/\/dicodusport.fr\/blog\/wp-content\/uploads\/2020\/06\/cropped-LOGO-DICODUSPORT-2020-SANS-FOND-SANS-TEXTE.png","width":512,"height":512,"caption":"Dicodusport"},"image":{"@id":"https:\/\/dicodusport.fr\/blog\/#\/schema\/logo\/image\/"},"sameAs":["https:\/\/www.facebook.com\/dicodusport","https:\/\/x.com\/dicodusport","https:\/\/www.instagram.com\/dicodusport\/","https:\/\/www.youtube.com\/channel\/UC7V2KZ5sd3htJivAbA4ZG3w"],"description":"Dicodusport est l'encyclop\u00e9die de l'actualit\u00e9 sportive.","email":"bonjour@dicodusport.fr","legalName":"DICODUSPORT","foundingDate":"2018-01-14","vatID":"FR71834470973","taxID":"83447097300043","numberOfEmployees":{"@type":"QuantitativeValue","minValue":"1","maxValue":"10"}},{"@type":"Person","@id":"https:\/\/dicodusport.fr\/blog\/#\/schema\/person\/a935366322786f13517421c989535952","name":"Valentin Mahey","image":{"@type":"ImageObject","inLanguage":"fr-FR","@id":"https:\/\/dicodusport.fr\/blog\/#\/schema\/person\/image\/","url":"https:\/\/dicodusport.fr\/blog\/wp-content\/uploads\/2020\/06\/cropped-LOGO-DICODUSPORT-2020-SANS-FOND-SANS-TEXTE-150x150.png","contentUrl":"https:\/\/dicodusport.fr\/blog\/wp-content\/uploads\/2020\/06\/cropped-LOGO-DICODUSPORT-2020-SANS-FOND-SANS-TEXTE-150x150.png","caption":"Valentin Mahey"},"url":"https:\/\/dicodusport.fr\/blog\/author\/valentin-mahey\/"}]}},"_links":{"self":[{"href":"https:\/\/dicodusport.fr\/blog\/wp-json\/wp\/v2\/posts\/209041","targetHints":{"allow":["GET"]}}],"collection":[{"href":"https:\/\/dicodusport.fr\/blog\/wp-json\/wp\/v2\/posts"}],"about":[{"href":"https:\/\/dicodusport.fr\/blog\/wp-json\/wp\/v2\/types\/post"}],"author":[{"embeddable":true,"href":"https:\/\/dicodusport.fr\/blog\/wp-json\/wp\/v2\/users\/64"}],"replies":[{"embeddable":true,"href":"https:\/\/dicodusport.fr\/blog\/wp-json\/wp\/v2\/comments?post=209041"}],"version-history":[{"count":0,"href":"https:\/\/dicodusport.fr\/blog\/wp-json\/wp\/v2\/posts\/209041\/revisions"}],"wp:featuredmedia":[{"embeddable":true,"href":"https:\/\/dicodusport.fr\/blog\/wp-json\/wp\/v2\/media\/209063"}],"wp:attachment":[{"href":"https:\/\/dicodusport.fr\/blog\/wp-json\/wp\/v2\/media?parent=209041"}],"wp:term":[{"taxonomy":"category","embeddable":true,"href":"https:\/\/dicodusport.fr\/blog\/wp-json\/wp\/v2\/categories?post=209041"},{"taxonomy":"post_tag","embeddable":true,"href":"https:\/\/dicodusport.fr\/blog\/wp-json\/wp\/v2\/tags?post=209041"}],"curies":[{"name":"wp","href":"https:\/\/api.w.org\/{rel}","templated":true}]}}