{"id":209318,"date":"2022-03-19T14:16:59","date_gmt":"2022-03-19T13:16:59","guid":{"rendered":"https:\/\/dicodusport.fr\/blog\/?p=209318&#038;preview=true&#038;preview_id=209318"},"modified":"2022-03-19T14:25:47","modified_gmt":"2022-03-19T13:25:47","slug":"slalom-femmes-courchevel-meribel-succes-surprise-dandreja-slokar","status":"publish","type":"post","link":"https:\/\/dicodusport.fr\/blog\/slalom-femmes-courchevel-meribel-succes-surprise-dandreja-slokar\/","title":{"rendered":"Finales Ski alpin : Succ\u00e8s surprise d&rsquo;Andreja Slokar lors du slalom de Courchevel-M\u00e9ribel"},"content":{"rendered":"<p style=\"text-align: justify;\"><em><b><a href=\"https:\/\/dicodusport.fr\/blog\/finales-ski-alpin-courchevel-programme-et-resultats-complets\/\"><span class=\"tojvnm2t a6sixzi8 abs2jz4q a8s20v7p t1p8iaqh k5wvi7nf q3lfd5jv pk4s997a bipmatt0 cebpdrjk qowsmv63 owwhemhu dp1hu0rb dhp61c6y iyyx5f41\"><strong><i>FINALES COUPE DU MONDE DE SKI ALPIN 2021-2022<\/i><\/strong><\/span><\/a><strong><span class=\"tojvnm2t a6sixzi8 abs2jz4q a8s20v7p t1p8iaqh k5wvi7nf q3lfd5jv pk4s997a bipmatt0 cebpdrjk qowsmv63 owwhemhu dp1hu0rb dhp61c6y iyyx5f41\"> &#8211; <\/span><\/strong>Laur\u00e9ate d&rsquo;un g\u00e9ant parall\u00e8le en d\u00e9but de saison, Andreja Slokar remporte son premier slalom en Coupe du monde \u00e0 Courchevel-M\u00e9ribel. Elle devance Lena Duerr et Petra Vlhova, d\u00e9j\u00e0 assur\u00e9e de longue date du globe de cristal de la sp\u00e9cialit\u00e9.\u00a0<\/b><\/em><\/p>\n<p style=\"text-align: justify;\">Le suspense \u00e9tait maigre pour le dernier slalom de la saison. En effet, <strong>Petra Vlhova <\/strong><a href=\"https:\/\/dicodusport.fr\/blog\/slalom-de-schladming-victoire-pour-mikaela-shiffrin-vlhova-decroche-le-globe-de-cristal\/\">\u00e9tait assur\u00e9e du globe de cristal de la sp\u00e9cialit\u00e9 depuis le 11 janvier dernier,<\/a> alors que <strong>Mikaela Shiffrin<\/strong> <a href=\"https:\/\/dicodusport.fr\/blog\/finales-ski-alpin-succes-de-mowinckel-dans-le-super-g-le-gros-globe-pour-shiffrin\/\">avait assur\u00e9 son succ\u00e8s au classement g\u00e9n\u00e9ral lors du Super-G de mercredi<\/a>. L&rsquo;occasion \u00e9tait donc donn\u00e9e \u00e0 plusieurs skieuses de remporter un premier succ\u00e8s en Coupe du monde, et on esp\u00e9rait voir une belle performance \u00e0 domicile de <strong>Nastasia Noens<\/strong>, seule Fran\u00e7aise qualifi\u00e9e pour ces finales en slalom.<\/p>\n<h2 style=\"text-align: justify;\">Lena Duerr prend les devants<\/h2>\n<p style=\"text-align: justify;\">Comme \u00e0 Kransjka Gora, c&rsquo;est <strong>Lena Duerr<\/strong> qui signe le meilleur temps de la premi\u00e8re manche. En 48.55, elle devance<strong> Michelle Gisin<\/strong> et <strong>Ana Bucik<\/strong> pour un podium provisoire surprenant. Les deux grandes dames de la saison, <strong>Petra Vlhova<\/strong> et <strong>Mikaela Shiffrin<\/strong> terminent 4\u00e8me et 5\u00e8me sans qu&rsquo;on ait per\u00e7u un engagement maximal durant leur parcours.<\/p>\n<blockquote class=\"twitter-tweet\">\n<p dir=\"ltr\" lang=\"en\">\u00ab\u00a0Look at the advantage!\u00a0\u00bb<\/p>\n<p>Lena Duerr produces a stunning benchmark in the Meribel women&rsquo;s slalom &#x26f7;&#xfe0f;&#x23f1;&#xfe0f;<a href=\"https:\/\/twitter.com\/hashtag\/FISAlpine?src=hash&amp;ref_src=twsrc%5Etfw\">#FISAlpine<\/a> | <a href=\"https:\/\/twitter.com\/fisalpine?ref_src=twsrc%5Etfw\">@FISAlpine<\/a> <a href=\"https:\/\/t.co\/xWmdy9mbeI\">pic.twitter.com\/xWmdy9mbeI<\/a><\/p>\n<p>\u2014 Eurosport (@eurosport) <a href=\"https:\/\/twitter.com\/eurosport\/status\/1505120451571458050?ref_src=twsrc%5Etfw\">March 19, 2022<\/a><\/p><\/blockquote>\n<p><script async src=\"https:\/\/platform.twitter.com\/widgets.js\" charset=\"utf-8\"><\/script><\/p>\n<p style=\"text-align: justify;\">Derri\u00e8re, c&rsquo;est la d\u00e9bandade. <strong>Andreja Slokar<\/strong> est la seule autre skieuse \u00e0 finir \u00e0 moins d&rsquo;une seconde de la t\u00eate. <a href=\"https:\/\/dicodusport.fr\/blog\/slalom-dare-victoire-de-katharina-liensberger-vlhova-et-shiffrin-en-retrait\/\">Laur\u00e9ate le weekend dernier en Slov\u00e9nie,<\/a> <strong>Katharina Liensberger<\/strong> passe totalement \u00e0 c\u00f4t\u00e9, terminant \u00e0 1.94s de la t\u00eate sur un parcours pourtant trac\u00e9 par son entra\u00eeneur. Quant \u00e0 <strong>Nastasia Noens<\/strong>, handicap\u00e9e par un gros dossard, elle termine 19\u00e8me \u00e0 2.39s.<\/p>\n<h2 style=\"text-align: justify;\">Slokar irr\u00e9sistible<\/h2>\n<p style=\"text-align: justify;\">Parmi les premi\u00e8res \u00e0 s&rsquo;\u00e9lancer, <strong>Nastasia Noens<\/strong> se montre solide et prend la t\u00eate, sur une neige encore impeccable, qui lui permet de grappiller quelques places. Elle terminera 14\u00e8me au final. C&rsquo;est <strong>Ali Nullmeyer<\/strong> qui la d\u00e9loge de la t\u00eate, apr\u00e8s un parcours impeccable. La Canadienne signe la belle remont\u00e9e du jour, avec une 6\u00e8me place finale, alors que<strong> Katharina Liensberger<\/strong> ne fait pas mieux qu&rsquo;en premi\u00e8re manche.<\/p>\n<blockquote class=\"twitter-tweet\">\n<p dir=\"ltr\" lang=\"it\">Quelle 2e manche de Nastasia Noens &#x1f440; <a href=\"https:\/\/twitter.com\/hashtag\/lequipeSKI?src=hash&amp;ref_src=twsrc%5Etfw\">#lequipeSKI<\/a> <a href=\"https:\/\/t.co\/dYdTi45ooA\">pic.twitter.com\/dYdTi45ooA<\/a><\/p>\n<p>\u2014 la chaine L&rsquo;\u00c9quipe (@lachainelequipe) <a href=\"https:\/\/twitter.com\/lachainelequipe\/status\/1505161573966434311?ref_src=twsrc%5Etfw\">March 19, 2022<\/a><\/p><\/blockquote>\n<p><script async src=\"https:\/\/platform.twitter.com\/widgets.js\" charset=\"utf-8\"><\/script><\/p>\n<p style=\"text-align: justify;\">Invit\u00e9e en tant que championne du monde junior, la Croate <strong>Zrinka Ljutic<\/strong> cr\u00e9e ensuite la sensation en prenant provisoirement la t\u00eate, pour signer un top 5 (5\u00e8me) certainement le premier d&rsquo;une longue s\u00e9rie. D\u00e9j\u00e0 en vue en premi\u00e8re manche,<strong> Andreja Slokar<\/strong> confirme en r\u00e9alisant un second parcours tonitruant, s&rsquo;installant en t\u00eate avec 1.22 seconde d&rsquo;avance ! Une manche exceptionnelle qui permet \u00e0 la Slov\u00e8ne d&rsquo;envisager le podium, voire la victoire.<\/p>\n<h2>Les favorites craquent<\/h2>\n<p style=\"text-align: justify;\">Compl\u00e8tement d\u00e9mobilis\u00e9es, <strong>Mikaela Shiffrin<\/strong> et <strong>Petra Vlhova<\/strong> passent \u00e0 c\u00f4t\u00e9 de leur seconde manche, la Slovaque sauvant toutefois la seconde place provisoire, mais \u00e0 8 dixi\u00e8mes de la t\u00eate. <strong>Ana Bucik<\/strong> \u00e9choue \u00e9galement \u00e0 d\u00e9loger sa compatriote, et<strong> Michelle Gisin<\/strong> commet une grosse faute \u00e9liminatoire. Toutes les conditions sont r\u00e9unies pour que <strong>Lena Duerr<\/strong> d\u00e9croche enfin un premier succ\u00e8s en Coupe du Monde. Mais l&rsquo;Allemande manque encore l&rsquo;occasion, sans r\u00e9ussir \u00e0 conserver sa grosse avance, et doit se contenter de la seconde place.<\/p>\n<blockquote class=\"twitter-tweet\">\n<p dir=\"ltr\" lang=\"fr\">Victoire d&rsquo;Andreja Slokar !<br \/>\nPodium pour Duerr et Vlhova qui remporte le globe du slalom avec 770 pts ! <a href=\"https:\/\/twitter.com\/hashtag\/FISalpine?src=hash&amp;ref_src=twsrc%5Etfw\">#FISalpine<\/a><\/p>\n<p>\u2014 Hugues Bismuth (@huguesdelestre) <a href=\"https:\/\/twitter.com\/huguesdelestre\/status\/1505169292706332672?ref_src=twsrc%5Etfw\">March 19, 2022<\/a><\/p><\/blockquote>\n<p><script async src=\"https:\/\/platform.twitter.com\/widgets.js\" charset=\"utf-8\"><\/script><\/p>\n<p style=\"text-align: justify;\">Deuxi\u00e8me succ\u00e8s en Coupe du monde pour la Slov\u00e8ne <strong>Andreja Slokar<\/strong>, le premier en slalom. Elle confirme enfin l&rsquo;\u00e9tendue de son potentiel, et devance<strong> Lena Duerr,<\/strong> toujours pas r\u00e9compens\u00e9e malgr\u00e9 une magnifique saison, et <strong>Petra Vlhova<\/strong>. \u00c0 noter la belle 14\u00e8me place de <strong>Nastasia Noens<\/strong>, dont on ignore si elle continuera la saison prochaine.<\/p>\n<h2 style=\"text-align: justify;\"><strong>\u00c0 lire aussi<\/strong><\/h2>\n<ul>\n<li style=\"text-align: justify;\"><a title=\"Slalom femmes Courchevel-M\u00e9ribel : Le classement\" href=\"https:\/\/dicodusport.fr\/blog\/slalom-femmes-courchevel-meribel-classement\/\" rel=\"\"><strong>Le classement du slalom femmes de Courchevel<\/strong><\/a><\/li>\n<li style=\"text-align: justify;\"><a href=\"https:\/\/dicodusport.fr\/blog\/ski-alpin-coupe-du-monde-2021-2022-classement-general-femmes\/\"><strong>Le classement g\u00e9n\u00e9ral de la Coupe du monde<\/strong><\/a><\/li>\n<\/ul>\n","protected":false},"excerpt":{"rendered":"<p>Laur\u00e9ate d&rsquo;un g\u00e9ant parall\u00e8le\u00a0en d\u00e9but de saison, Andreja Slokar remporte son premier slalom en Coupe du monde \u00e0 Courchevel-M\u00e9ribel. Elle devance Lena Duerr et Petra Vlhova, d\u00e9j\u00e0 assur\u00e9e de longue date du globe de cristal de la sp\u00e9cialit\u00e9.\u00a0<\/p>\n","protected":false},"author":59,"featured_media":209456,"comment_status":"open","ping_status":"closed","sticky":false,"template":"","format":"standard","meta":{"_acf_changed":false,"_daextam_enable_autolinks":"","footnotes":""},"categories":[47084],"tags":[12586,14571],"class_list":["post-209318","post","type-post","status-publish","format-standard","has-post-thumbnail","hentry","category-coupe-du-monde-ski-alpin","tag-coupe-du-monde-de-ski-alpin","tag-slalom-femmes"],"acf":[],"yoast_head":"<!-- This site is optimized with the Yoast SEO Premium plugin v26.7 (Yoast SEO v26.7) - https:\/\/yoast.com\/wordpress\/plugins\/seo\/ -->\n<title>Finales Ski alpin : Succ\u00e8s surprise d&#039;Andreja Slokar lors du slalom de Courchevel-M\u00e9ribel<\/title>\n<meta name=\"description\" content=\"Andreja Slokar remporte son premier slalom en Coupe du monde \u00e0 Courchevel-M\u00e9ribel. Elle devance Lena Duerr et Petra Vlhova.\u00e9cialit\u00e9.\u00a0\" \/>\n<meta name=\"robots\" content=\"index, follow, max-snippet:-1, max-image-preview:large, max-video-preview:-1\" \/>\n<link rel=\"canonical\" href=\"https:\/\/dicodusport.fr\/blog\/slalom-femmes-courchevel-meribel-succes-surprise-dandreja-slokar\/\" \/>\n<meta property=\"og:locale\" content=\"fr_FR\" \/>\n<meta property=\"og:type\" content=\"article\" \/>\n<meta property=\"og:title\" content=\"Finales Ski alpin : Succ\u00e8s surprise d&#039;Andreja Slokar lors du slalom de Courchevel-M\u00e9ribel\" \/>\n<meta property=\"og:description\" content=\"Andreja Slokar remporte son premier slalom en Coupe du monde \u00e0 Courchevel-M\u00e9ribel. Elle devance Lena Duerr et Petra Vlhova.\u00e9cialit\u00e9.\u00a0\" \/>\n<meta property=\"og:url\" content=\"https:\/\/dicodusport.fr\/blog\/slalom-femmes-courchevel-meribel-succes-surprise-dandreja-slokar\/\" \/>\n<meta property=\"og:site_name\" content=\"Dicodusport\" \/>\n<meta property=\"article:publisher\" content=\"https:\/\/www.facebook.com\/dicodusport\" \/>\n<meta property=\"article:author\" content=\"https:\/\/www.facebook.com\/sebastien.gente\/\" \/>\n<meta property=\"article:published_time\" content=\"2022-03-19T13:16:59+00:00\" \/>\n<meta property=\"article:modified_time\" content=\"2022-03-19T13:25:47+00:00\" \/>\n<meta property=\"og:image\" content=\"https:\/\/dicodusport.fr\/blog\/wp-content\/uploads\/2022\/03\/Slalom-femmes-Courchevel-Meribel-succes-surprise-dAndreja-Slokar.jpg\" \/>\n\t<meta property=\"og:image:width\" content=\"800\" \/>\n\t<meta property=\"og:image:height\" content=\"445\" \/>\n\t<meta property=\"og:image:type\" content=\"image\/jpeg\" \/>\n<meta name=\"author\" content=\"S\u00e9bastien Gente\" \/>\n<meta name=\"twitter:card\" content=\"summary_large_image\" \/>\n<meta name=\"twitter:title\" content=\"Finales Ski alpin : Succ\u00e8s surprise d&#039;Andreja Slokar lors du slalom de Courchevel-M\u00e9ribel\" \/>\n<meta name=\"twitter:creator\" content=\"@https:\/\/twitter.com\/globulo24\" \/>\n<meta name=\"twitter:site\" content=\"@dicodusport\" \/>\n<script type=\"application\/ld+json\" class=\"yoast-schema-graph\">{\"@context\":\"https:\/\/schema.org\",\"@graph\":[{\"@type\":\"NewsArticle\",\"@id\":\"https:\/\/dicodusport.fr\/blog\/slalom-femmes-courchevel-meribel-succes-surprise-dandreja-slokar\/#article\",\"isPartOf\":{\"@id\":\"https:\/\/dicodusport.fr\/blog\/slalom-femmes-courchevel-meribel-succes-surprise-dandreja-slokar\/\"},\"author\":{\"name\":\"S\u00e9bastien Gente\",\"@id\":\"https:\/\/dicodusport.fr\/blog\/#\/schema\/person\/627966a6cde45dbd8c5e36ac85d783da\"},\"headline\":\"Finales Ski alpin : Succ\u00e8s surprise d&rsquo;Andreja Slokar lors du slalom de Courchevel-M\u00e9ribel\",\"datePublished\":\"2022-03-19T13:16:59+00:00\",\"dateModified\":\"2022-03-19T13:25:47+00:00\",\"mainEntityOfPage\":{\"@id\":\"https:\/\/dicodusport.fr\/blog\/slalom-femmes-courchevel-meribel-succes-surprise-dandreja-slokar\/\"},\"wordCount\":695,\"commentCount\":0,\"publisher\":{\"@id\":\"https:\/\/dicodusport.fr\/blog\/#organization\"},\"image\":{\"@id\":\"https:\/\/dicodusport.fr\/blog\/slalom-femmes-courchevel-meribel-succes-surprise-dandreja-slokar\/#primaryimage\"},\"thumbnailUrl\":\"https:\/\/dicodusport.fr\/blog\/wp-content\/uploads\/2022\/03\/Slalom-femmes-Courchevel-Meribel-succes-surprise-dAndreja-Slokar.jpg\",\"keywords\":[\"Coupe du monde de ski alpin\",\"Slalom femmes\"],\"articleSection\":[\"Coupe du monde de ski alpin\"],\"inLanguage\":\"fr-FR\",\"potentialAction\":[{\"@type\":\"CommentAction\",\"name\":\"Comment\",\"target\":[\"https:\/\/dicodusport.fr\/blog\/slalom-femmes-courchevel-meribel-succes-surprise-dandreja-slokar\/#respond\"]}],\"copyrightYear\":\"2022\",\"copyrightHolder\":{\"@id\":\"https:\/\/dicodusport.fr\/blog\/#organization\"}},{\"@type\":\"WebPage\",\"@id\":\"https:\/\/dicodusport.fr\/blog\/slalom-femmes-courchevel-meribel-succes-surprise-dandreja-slokar\/\",\"url\":\"https:\/\/dicodusport.fr\/blog\/slalom-femmes-courchevel-meribel-succes-surprise-dandreja-slokar\/\",\"name\":\"Finales Ski alpin : Succ\u00e8s surprise d'Andreja Slokar lors du slalom de Courchevel-M\u00e9ribel\",\"isPartOf\":{\"@id\":\"https:\/\/dicodusport.fr\/blog\/#website\"},\"primaryImageOfPage\":{\"@id\":\"https:\/\/dicodusport.fr\/blog\/slalom-femmes-courchevel-meribel-succes-surprise-dandreja-slokar\/#primaryimage\"},\"image\":{\"@id\":\"https:\/\/dicodusport.fr\/blog\/slalom-femmes-courchevel-meribel-succes-surprise-dandreja-slokar\/#primaryimage\"},\"thumbnailUrl\":\"https:\/\/dicodusport.fr\/blog\/wp-content\/uploads\/2022\/03\/Slalom-femmes-Courchevel-Meribel-succes-surprise-dAndreja-Slokar.jpg\",\"datePublished\":\"2022-03-19T13:16:59+00:00\",\"dateModified\":\"2022-03-19T13:25:47+00:00\",\"description\":\"Andreja Slokar remporte son premier slalom en Coupe du monde \u00e0 Courchevel-M\u00e9ribel. Elle devance Lena Duerr et Petra Vlhova.\u00e9cialit\u00e9.\u00a0\",\"breadcrumb\":{\"@id\":\"https:\/\/dicodusport.fr\/blog\/slalom-femmes-courchevel-meribel-succes-surprise-dandreja-slokar\/#breadcrumb\"},\"inLanguage\":\"fr-FR\",\"potentialAction\":[{\"@type\":\"ReadAction\",\"target\":[\"https:\/\/dicodusport.fr\/blog\/slalom-femmes-courchevel-meribel-succes-surprise-dandreja-slokar\/\"]}]},{\"@type\":\"ImageObject\",\"inLanguage\":\"fr-FR\",\"@id\":\"https:\/\/dicodusport.fr\/blog\/slalom-femmes-courchevel-meribel-succes-surprise-dandreja-slokar\/#primaryimage\",\"url\":\"https:\/\/dicodusport.fr\/blog\/wp-content\/uploads\/2022\/03\/Slalom-femmes-Courchevel-Meribel-succes-surprise-dAndreja-Slokar.jpg\",\"contentUrl\":\"https:\/\/dicodusport.fr\/blog\/wp-content\/uploads\/2022\/03\/Slalom-femmes-Courchevel-Meribel-succes-surprise-dAndreja-Slokar.jpg\",\"width\":800,\"height\":445,\"caption\":\"Slalom femmes Courchevel-M\u00e9ribel succ\u00e8s surprise d'Andreja Slokar\"},{\"@type\":\"BreadcrumbList\",\"@id\":\"https:\/\/dicodusport.fr\/blog\/slalom-femmes-courchevel-meribel-succes-surprise-dandreja-slokar\/#breadcrumb\",\"itemListElement\":[{\"@type\":\"ListItem\",\"position\":1,\"name\":\"Accueil\",\"item\":\"https:\/\/dicodusport.fr\/blog\/\"},{\"@type\":\"ListItem\",\"position\":2,\"name\":\"Finales Ski alpin : Succ\u00e8s surprise d&rsquo;Andreja Slokar lors du slalom de Courchevel-M\u00e9ribel\"}]},{\"@type\":\"WebSite\",\"@id\":\"https:\/\/dicodusport.fr\/blog\/#website\",\"url\":\"https:\/\/dicodusport.fr\/blog\/\",\"name\":\"Dicodusport\",\"description\":\"L&#039;encyclop\u00e9die de l&#039;actualit\u00e9 sportive\",\"publisher\":{\"@id\":\"https:\/\/dicodusport.fr\/blog\/#organization\"},\"potentialAction\":[{\"@type\":\"SearchAction\",\"target\":{\"@type\":\"EntryPoint\",\"urlTemplate\":\"https:\/\/dicodusport.fr\/blog\/?s={search_term_string}\"},\"query-input\":{\"@type\":\"PropertyValueSpecification\",\"valueRequired\":true,\"valueName\":\"search_term_string\"}}],\"inLanguage\":\"fr-FR\"},{\"@type\":\"NewsMediaOrganization\",\"@id\":\"https:\/\/dicodusport.fr\/blog\/#organization\",\"name\":\"Dicodusport\",\"url\":\"https:\/\/dicodusport.fr\/blog\/\",\"logo\":{\"@type\":\"ImageObject\",\"inLanguage\":\"fr-FR\",\"@id\":\"https:\/\/dicodusport.fr\/blog\/#\/schema\/logo\/image\/\",\"url\":\"https:\/\/dicodusport.fr\/blog\/wp-content\/uploads\/2020\/06\/cropped-LOGO-DICODUSPORT-2020-SANS-FOND-SANS-TEXTE.png\",\"contentUrl\":\"https:\/\/dicodusport.fr\/blog\/wp-content\/uploads\/2020\/06\/cropped-LOGO-DICODUSPORT-2020-SANS-FOND-SANS-TEXTE.png\",\"width\":512,\"height\":512,\"caption\":\"Dicodusport\"},\"image\":{\"@id\":\"https:\/\/dicodusport.fr\/blog\/#\/schema\/logo\/image\/\"},\"sameAs\":[\"https:\/\/www.facebook.com\/dicodusport\",\"https:\/\/x.com\/dicodusport\",\"https:\/\/www.instagram.com\/dicodusport\/\",\"https:\/\/www.youtube.com\/channel\/UC7V2KZ5sd3htJivAbA4ZG3w\"],\"description\":\"Dicodusport est l'encyclop\u00e9die de l'actualit\u00e9 sportive.\",\"email\":\"bonjour@dicodusport.fr\",\"legalName\":\"DICODUSPORT\",\"foundingDate\":\"2018-01-14\",\"vatID\":\"FR71834470973\",\"taxID\":\"83447097300043\",\"numberOfEmployees\":{\"@type\":\"QuantitativeValue\",\"minValue\":\"1\",\"maxValue\":\"10\"}},{\"@type\":\"Person\",\"@id\":\"https:\/\/dicodusport.fr\/blog\/#\/schema\/person\/627966a6cde45dbd8c5e36ac85d783da\",\"name\":\"S\u00e9bastien Gente\",\"image\":{\"@type\":\"ImageObject\",\"inLanguage\":\"fr-FR\",\"@id\":\"https:\/\/dicodusport.fr\/blog\/#\/schema\/person\/image\/\",\"url\":\"https:\/\/dicodusport.fr\/blog\/wp-content\/uploads\/2021\/09\/1510990_10205810251400683_4124423575079401707_n-150x150.jpg\",\"contentUrl\":\"https:\/\/dicodusport.fr\/blog\/wp-content\/uploads\/2021\/09\/1510990_10205810251400683_4124423575079401707_n-150x150.jpg\",\"caption\":\"S\u00e9bastien Gente\"},\"description\":\"John Stockton, Gianni Bugno, Zinedine Zidane, Steffi Graf, Frode Andresen, St\u00e9phane Stoecklin, Davis Kamoga, Primoz Peterka, Werner Schlager et Aur\u00e9lien Rougerie. Point commun entre ces sportifs? Ils m'ont fait r\u00eaver et ont berc\u00e9 mon adolescence. Je suis un fondu de sports et j'essaie de retranscrire ma passion \u00e0 travers mes articles. Originaire du P\u00e9rigord, ma passion pour les Girondins, les Jaunards et les Jazzmen transpire dans mes \u00e9crits. \u00c0 Dicodusport depuis 2021, je d\u00e9niche les sports m\u00e9connus dans lesquels la France brille, et il y en a !\",\"sameAs\":[\"https:\/\/www.facebook.com\/sebastien.gente\/\",\"https:\/\/www.instagram.com\/sebgente\/\",\"https:\/\/www.linkedin.com\/in\/sbastien-gente-a29583169\/\",\"https:\/\/x.com\/https:\/\/twitter.com\/globulo24\",\"SebastienGente\"],\"worksFor\":\"S\u00e9bastien GENTE\",\"url\":\"https:\/\/dicodusport.fr\/blog\/author\/sebastiengente\/\"}]}<\/script>\n<!-- \/ Yoast SEO Premium plugin. -->","yoast_head_json":{"title":"Finales Ski alpin : Succ\u00e8s surprise d'Andreja Slokar lors du slalom de Courchevel-M\u00e9ribel","description":"Andreja Slokar remporte son premier slalom en Coupe du monde \u00e0 Courchevel-M\u00e9ribel. Elle devance Lena Duerr et Petra Vlhova.\u00e9cialit\u00e9.\u00a0","robots":{"index":"index","follow":"follow","max-snippet":"max-snippet:-1","max-image-preview":"max-image-preview:large","max-video-preview":"max-video-preview:-1"},"canonical":"https:\/\/dicodusport.fr\/blog\/slalom-femmes-courchevel-meribel-succes-surprise-dandreja-slokar\/","og_locale":"fr_FR","og_type":"article","og_title":"Finales Ski alpin : Succ\u00e8s surprise d'Andreja Slokar lors du slalom de Courchevel-M\u00e9ribel","og_description":"Andreja Slokar remporte son premier slalom en Coupe du monde \u00e0 Courchevel-M\u00e9ribel. Elle devance Lena Duerr et Petra Vlhova.\u00e9cialit\u00e9.\u00a0","og_url":"https:\/\/dicodusport.fr\/blog\/slalom-femmes-courchevel-meribel-succes-surprise-dandreja-slokar\/","og_site_name":"Dicodusport","article_publisher":"https:\/\/www.facebook.com\/dicodusport","article_author":"https:\/\/www.facebook.com\/sebastien.gente\/","article_published_time":"2022-03-19T13:16:59+00:00","article_modified_time":"2022-03-19T13:25:47+00:00","og_image":[{"width":800,"height":445,"url":"https:\/\/dicodusport.fr\/blog\/wp-content\/uploads\/2022\/03\/Slalom-femmes-Courchevel-Meribel-succes-surprise-dAndreja-Slokar.jpg","type":"image\/jpeg"}],"author":"S\u00e9bastien Gente","twitter_card":"summary_large_image","twitter_title":"Finales Ski alpin : Succ\u00e8s surprise d'Andreja Slokar lors du slalom de Courchevel-M\u00e9ribel","twitter_creator":"@https:\/\/twitter.com\/globulo24","twitter_site":"@dicodusport","schema":{"@context":"https:\/\/schema.org","@graph":[{"@type":"NewsArticle","@id":"https:\/\/dicodusport.fr\/blog\/slalom-femmes-courchevel-meribel-succes-surprise-dandreja-slokar\/#article","isPartOf":{"@id":"https:\/\/dicodusport.fr\/blog\/slalom-femmes-courchevel-meribel-succes-surprise-dandreja-slokar\/"},"author":{"name":"S\u00e9bastien Gente","@id":"https:\/\/dicodusport.fr\/blog\/#\/schema\/person\/627966a6cde45dbd8c5e36ac85d783da"},"headline":"Finales Ski alpin : Succ\u00e8s surprise d&rsquo;Andreja Slokar lors du slalom de Courchevel-M\u00e9ribel","datePublished":"2022-03-19T13:16:59+00:00","dateModified":"2022-03-19T13:25:47+00:00","mainEntityOfPage":{"@id":"https:\/\/dicodusport.fr\/blog\/slalom-femmes-courchevel-meribel-succes-surprise-dandreja-slokar\/"},"wordCount":695,"commentCount":0,"publisher":{"@id":"https:\/\/dicodusport.fr\/blog\/#organization"},"image":{"@id":"https:\/\/dicodusport.fr\/blog\/slalom-femmes-courchevel-meribel-succes-surprise-dandreja-slokar\/#primaryimage"},"thumbnailUrl":"https:\/\/dicodusport.fr\/blog\/wp-content\/uploads\/2022\/03\/Slalom-femmes-Courchevel-Meribel-succes-surprise-dAndreja-Slokar.jpg","keywords":["Coupe du monde de ski alpin","Slalom femmes"],"articleSection":["Coupe du monde de ski alpin"],"inLanguage":"fr-FR","potentialAction":[{"@type":"CommentAction","name":"Comment","target":["https:\/\/dicodusport.fr\/blog\/slalom-femmes-courchevel-meribel-succes-surprise-dandreja-slokar\/#respond"]}],"copyrightYear":"2022","copyrightHolder":{"@id":"https:\/\/dicodusport.fr\/blog\/#organization"}},{"@type":"WebPage","@id":"https:\/\/dicodusport.fr\/blog\/slalom-femmes-courchevel-meribel-succes-surprise-dandreja-slokar\/","url":"https:\/\/dicodusport.fr\/blog\/slalom-femmes-courchevel-meribel-succes-surprise-dandreja-slokar\/","name":"Finales Ski alpin : Succ\u00e8s surprise d'Andreja Slokar lors du slalom de Courchevel-M\u00e9ribel","isPartOf":{"@id":"https:\/\/dicodusport.fr\/blog\/#website"},"primaryImageOfPage":{"@id":"https:\/\/dicodusport.fr\/blog\/slalom-femmes-courchevel-meribel-succes-surprise-dandreja-slokar\/#primaryimage"},"image":{"@id":"https:\/\/dicodusport.fr\/blog\/slalom-femmes-courchevel-meribel-succes-surprise-dandreja-slokar\/#primaryimage"},"thumbnailUrl":"https:\/\/dicodusport.fr\/blog\/wp-content\/uploads\/2022\/03\/Slalom-femmes-Courchevel-Meribel-succes-surprise-dAndreja-Slokar.jpg","datePublished":"2022-03-19T13:16:59+00:00","dateModified":"2022-03-19T13:25:47+00:00","description":"Andreja Slokar remporte son premier slalom en Coupe du monde \u00e0 Courchevel-M\u00e9ribel. Elle devance Lena Duerr et Petra Vlhova.\u00e9cialit\u00e9.\u00a0","breadcrumb":{"@id":"https:\/\/dicodusport.fr\/blog\/slalom-femmes-courchevel-meribel-succes-surprise-dandreja-slokar\/#breadcrumb"},"inLanguage":"fr-FR","potentialAction":[{"@type":"ReadAction","target":["https:\/\/dicodusport.fr\/blog\/slalom-femmes-courchevel-meribel-succes-surprise-dandreja-slokar\/"]}]},{"@type":"ImageObject","inLanguage":"fr-FR","@id":"https:\/\/dicodusport.fr\/blog\/slalom-femmes-courchevel-meribel-succes-surprise-dandreja-slokar\/#primaryimage","url":"https:\/\/dicodusport.fr\/blog\/wp-content\/uploads\/2022\/03\/Slalom-femmes-Courchevel-Meribel-succes-surprise-dAndreja-Slokar.jpg","contentUrl":"https:\/\/dicodusport.fr\/blog\/wp-content\/uploads\/2022\/03\/Slalom-femmes-Courchevel-Meribel-succes-surprise-dAndreja-Slokar.jpg","width":800,"height":445,"caption":"Slalom femmes Courchevel-M\u00e9ribel succ\u00e8s surprise d'Andreja Slokar"},{"@type":"BreadcrumbList","@id":"https:\/\/dicodusport.fr\/blog\/slalom-femmes-courchevel-meribel-succes-surprise-dandreja-slokar\/#breadcrumb","itemListElement":[{"@type":"ListItem","position":1,"name":"Accueil","item":"https:\/\/dicodusport.fr\/blog\/"},{"@type":"ListItem","position":2,"name":"Finales Ski alpin : Succ\u00e8s surprise d&rsquo;Andreja Slokar lors du slalom de Courchevel-M\u00e9ribel"}]},{"@type":"WebSite","@id":"https:\/\/dicodusport.fr\/blog\/#website","url":"https:\/\/dicodusport.fr\/blog\/","name":"Dicodusport","description":"L&#039;encyclop\u00e9die de l&#039;actualit\u00e9 sportive","publisher":{"@id":"https:\/\/dicodusport.fr\/blog\/#organization"},"potentialAction":[{"@type":"SearchAction","target":{"@type":"EntryPoint","urlTemplate":"https:\/\/dicodusport.fr\/blog\/?s={search_term_string}"},"query-input":{"@type":"PropertyValueSpecification","valueRequired":true,"valueName":"search_term_string"}}],"inLanguage":"fr-FR"},{"@type":"NewsMediaOrganization","@id":"https:\/\/dicodusport.fr\/blog\/#organization","name":"Dicodusport","url":"https:\/\/dicodusport.fr\/blog\/","logo":{"@type":"ImageObject","inLanguage":"fr-FR","@id":"https:\/\/dicodusport.fr\/blog\/#\/schema\/logo\/image\/","url":"https:\/\/dicodusport.fr\/blog\/wp-content\/uploads\/2020\/06\/cropped-LOGO-DICODUSPORT-2020-SANS-FOND-SANS-TEXTE.png","contentUrl":"https:\/\/dicodusport.fr\/blog\/wp-content\/uploads\/2020\/06\/cropped-LOGO-DICODUSPORT-2020-SANS-FOND-SANS-TEXTE.png","width":512,"height":512,"caption":"Dicodusport"},"image":{"@id":"https:\/\/dicodusport.fr\/blog\/#\/schema\/logo\/image\/"},"sameAs":["https:\/\/www.facebook.com\/dicodusport","https:\/\/x.com\/dicodusport","https:\/\/www.instagram.com\/dicodusport\/","https:\/\/www.youtube.com\/channel\/UC7V2KZ5sd3htJivAbA4ZG3w"],"description":"Dicodusport est l'encyclop\u00e9die de l'actualit\u00e9 sportive.","email":"bonjour@dicodusport.fr","legalName":"DICODUSPORT","foundingDate":"2018-01-14","vatID":"FR71834470973","taxID":"83447097300043","numberOfEmployees":{"@type":"QuantitativeValue","minValue":"1","maxValue":"10"}},{"@type":"Person","@id":"https:\/\/dicodusport.fr\/blog\/#\/schema\/person\/627966a6cde45dbd8c5e36ac85d783da","name":"S\u00e9bastien Gente","image":{"@type":"ImageObject","inLanguage":"fr-FR","@id":"https:\/\/dicodusport.fr\/blog\/#\/schema\/person\/image\/","url":"https:\/\/dicodusport.fr\/blog\/wp-content\/uploads\/2021\/09\/1510990_10205810251400683_4124423575079401707_n-150x150.jpg","contentUrl":"https:\/\/dicodusport.fr\/blog\/wp-content\/uploads\/2021\/09\/1510990_10205810251400683_4124423575079401707_n-150x150.jpg","caption":"S\u00e9bastien Gente"},"description":"John Stockton, Gianni Bugno, Zinedine Zidane, Steffi Graf, Frode Andresen, St\u00e9phane Stoecklin, Davis Kamoga, Primoz Peterka, Werner Schlager et Aur\u00e9lien Rougerie. Point commun entre ces sportifs? Ils m'ont fait r\u00eaver et ont berc\u00e9 mon adolescence. Je suis un fondu de sports et j'essaie de retranscrire ma passion \u00e0 travers mes articles. Originaire du P\u00e9rigord, ma passion pour les Girondins, les Jaunards et les Jazzmen transpire dans mes \u00e9crits. \u00c0 Dicodusport depuis 2021, je d\u00e9niche les sports m\u00e9connus dans lesquels la France brille, et il y en a !","sameAs":["https:\/\/www.facebook.com\/sebastien.gente\/","https:\/\/www.instagram.com\/sebgente\/","https:\/\/www.linkedin.com\/in\/sbastien-gente-a29583169\/","https:\/\/x.com\/https:\/\/twitter.com\/globulo24","SebastienGente"],"worksFor":"S\u00e9bastien GENTE","url":"https:\/\/dicodusport.fr\/blog\/author\/sebastiengente\/"}]}},"_links":{"self":[{"href":"https:\/\/dicodusport.fr\/blog\/wp-json\/wp\/v2\/posts\/209318","targetHints":{"allow":["GET"]}}],"collection":[{"href":"https:\/\/dicodusport.fr\/blog\/wp-json\/wp\/v2\/posts"}],"about":[{"href":"https:\/\/dicodusport.fr\/blog\/wp-json\/wp\/v2\/types\/post"}],"author":[{"embeddable":true,"href":"https:\/\/dicodusport.fr\/blog\/wp-json\/wp\/v2\/users\/59"}],"replies":[{"embeddable":true,"href":"https:\/\/dicodusport.fr\/blog\/wp-json\/wp\/v2\/comments?post=209318"}],"version-history":[{"count":0,"href":"https:\/\/dicodusport.fr\/blog\/wp-json\/wp\/v2\/posts\/209318\/revisions"}],"wp:featuredmedia":[{"embeddable":true,"href":"https:\/\/dicodusport.fr\/blog\/wp-json\/wp\/v2\/media\/209456"}],"wp:attachment":[{"href":"https:\/\/dicodusport.fr\/blog\/wp-json\/wp\/v2\/media?parent=209318"}],"wp:term":[{"taxonomy":"category","embeddable":true,"href":"https:\/\/dicodusport.fr\/blog\/wp-json\/wp\/v2\/categories?post=209318"},{"taxonomy":"post_tag","embeddable":true,"href":"https:\/\/dicodusport.fr\/blog\/wp-json\/wp\/v2\/tags?post=209318"}],"curies":[{"name":"wp","href":"https:\/\/api.w.org\/{rel}","templated":true}]}}