{"id":209344,"date":"2022-03-19T12:44:38","date_gmt":"2022-03-19T11:44:38","guid":{"rendered":"https:\/\/dicodusport.fr\/blog\/?p=209344&#038;preview=true&#038;preview_id=209344"},"modified":"2022-03-19T13:06:55","modified_gmt":"2022-03-19T12:06:55","slug":"finales-ski-alpin-en-patron-marco-odermatt-remporte-geant-meribel","status":"publish","type":"post","link":"https:\/\/dicodusport.fr\/blog\/finales-ski-alpin-en-patron-marco-odermatt-remporte-geant-meribel\/","title":{"rendered":"Finales Ski alpin : En patron, Marco Odermatt remporte le g\u00e9ant de M\u00e9ribel"},"content":{"rendered":"<p style=\"text-align: justify;\"><em><a href=\"https:\/\/dicodusport.fr\/blog\/finales-ski-alpin-courchevel-programme-et-resultats-complets\/\"><span class=\"tojvnm2t a6sixzi8 abs2jz4q a8s20v7p t1p8iaqh k5wvi7nf q3lfd5jv pk4s997a bipmatt0 cebpdrjk qowsmv63 owwhemhu dp1hu0rb dhp61c6y iyyx5f41\"><strong><b><i>FINALES COUPE DU MONDE DE SKI ALPIN 2021-2022<\/i><\/b><\/strong><\/span><\/a><strong><span class=\"tojvnm2t a6sixzi8 abs2jz4q a8s20v7p t1p8iaqh k5wvi7nf q3lfd5jv pk4s997a bipmatt0 cebpdrjk qowsmv63 owwhemhu dp1hu0rb dhp61c6y iyyx5f41\"> \u2013 Marco Odermatt a remport\u00e9 le g\u00e9ant masculin des finales de M\u00e9ribel-Courchevel, sur la piste du Roc de Fer<\/span><\/strong><strong>. Sur une neige de printemps, il a devanc\u00e9 Lucas Braathen et Loic Meillard. Avec 1639 points au total, Odermatt a r\u00e9alis\u00e9 une ann\u00e9e exceptionnelle avec le gros globe du g\u00e9n\u00e9ral et le petit globe de g\u00e9ant, \u00e0 m\u00eame pas 25 ans.<br \/>\n<\/strong><\/em><\/p>\n<h2 style=\"text-align: justify;\">Le festival suisse<\/h2>\n<p style=\"text-align: justify;\">Sous un grand soleil, <strong>Marco Odermatt<\/strong> a commis quelques erreurs, notamment sur la rupture de pente du haut. Mais, le laur\u00e9at du grand globe est rest\u00e9 extr\u00eamement actif sur le mur final pour r\u00e9aliser le meilleur temps de la premi\u00e8re manche en 1:04.96. Ensuite, <strong>Lucas Braathen<\/strong> a \u00e9t\u00e9 tr\u00e8s fort sur le haut avant de perdre une demi-seconde sur le bas pour faire le deuxi\u00e8me chrono \u00e0 20 centi\u00e8mes. Parti avec le dossard 2, <strong>Justin Murisier<\/strong> a fait le troisi\u00e8me temps \u00e0 50 centi\u00e8mes devant <strong>Loic Meillard<\/strong> (4e \u00e0 0.55) et <strong>Stefan Brennsteiner<\/strong> (5e \u00e0 0.65).<\/p>\n<p style=\"text-align: justify;\">Fi\u00e9vreux hier, <strong>Alexis Pinturault<\/strong> a \u00e9t\u00e9 tr\u00e8s propre sur l&rsquo;ensemble du trac\u00e9 malgr\u00e9 de la fatigue en fin de manche avec le 6e chrono \u00e0 68 centi\u00e8mes. Pour les deux autres fran\u00e7ais, <strong>Mathieu Faivre<\/strong> a \u00e9t\u00e9 trop direct sur un parcours marqu\u00e9 (18e \u00e0 1.67) et <strong>Thibaut Favrot<\/strong> a perdu r\u00e9guli\u00e8rement du temps (17e \u00e0 1.61). Vainqueur des deux g\u00e9ants \u00e0 Kranjska Gora, <strong>Henrik Kristoffersen<\/strong> est sorti \u00e0 l&rsquo;entr\u00e9e du mur final \u00e0 cause d&rsquo;une faute d&rsquo;int\u00e9rieur.<\/p>\n<h2 style=\"text-align: justify;\">Marco Odermatt \u00e9videmment<\/h2>\n<p style=\"text-align: justify;\"><strong>Marco Odermatt<\/strong> a encore effectu\u00e9 une grande d\u00e9monstration avec des appuis tr\u00e8s courts pour d\u00e9crocher une septi\u00e8me victoire de la saison en 25 courses cette saison avec un temps total de 2:10.40. Odermatt a fini la saison de g\u00e9ant avec 720 points sur 900 possibles. Avec une belle faute en haut de la piste, <strong>Lucas Braathen<\/strong> a pris beaucoup de vitesse sur le replat de la deuxi\u00e8me section pour finir \u00e0 la deuxi\u00e8me place 0.49. Puis, <strong>Loic Meillard<\/strong> a fini fort sa deuxi\u00e8me manche pour monter sur un neuvi\u00e8me podium \u00e0 0.63. <strong>Stefan Brennsteiner<\/strong> a lui fini au pied de la bo\u00eete \u00e0 74 centi\u00e8mes avec beaucoup de rel\u00e2chement dans son ski devant <strong>Gino Caviezel<\/strong> (5e \u00e0 0.88).<\/p>\n<p style=\"text-align: justify;\">Devant son public, <strong>Alexis Pinturault<\/strong> a sorti une solide seconde manche malgr\u00e9 des petites fautes pour terminer 6e \u00e0 92 centi\u00e8mes. Par la suite, le m\u00e9daill\u00e9 de bronze de P\u00e9kin <strong>Mathieu Faivre<\/strong> a manqu\u00e9 sa seconde manche (22e \u00e0 2.60) tandis que <strong>Thibaut Favrot<\/strong> a fait deux grosses fautes (20e \u00e0 2.58).<\/p>\n<blockquote class=\"twitter-tweet\">\n<p dir=\"ltr\" lang=\"fr\">Belle performance pour Alexis Pinturault ! <a href=\"https:\/\/twitter.com\/hashtag\/lequipeSKI?src=hash&amp;ref_src=twsrc%5Etfw\">#lequipeSKI<\/a> <a href=\"https:\/\/t.co\/LXQeTGw4mE\">pic.twitter.com\/LXQeTGw4mE<\/a><\/p>\n<p>\u2014 la chaine L&rsquo;\u00c9quipe (@lachainelequipe) <a href=\"https:\/\/twitter.com\/lachainelequipe\/status\/1505144687488864265?ref_src=twsrc%5Etfw\">March 19, 2022<\/a><\/p><\/blockquote>\n<p><script async src=\"https:\/\/platform.twitter.com\/widgets.js\" charset=\"utf-8\"><\/script><\/p>\n<h2 style=\"text-align: justify;\"><strong>\u00c0 lire aussi<\/strong><\/h2>\n<ul>\n<li style=\"text-align: justify;\"><a href=\"https:\/\/dicodusport.fr\/blog\/geant-hommes-courchevel-meribel-classement\/\"><strong>Le classement du g\u00e9ant masculin de Courchevel<\/strong><\/a><\/li>\n<li style=\"text-align: justify;\"><a href=\"https:\/\/dicodusport.fr\/blog\/ski-alpin-coupe-du-monde-2021-2022-classement-general-hommes\/\"><strong>Le classement g\u00e9n\u00e9ral de la Coupe du monde<\/strong><\/a><\/li>\n<\/ul>\n","protected":false},"excerpt":{"rendered":"<p>FINALES COUPE DU MONDE DE SKI ALPIN 2021-2022 \u2013 Marco Odermatt a remport\u00e9 le g\u00e9ant masculin des finales de M\u00e9ribel-Courchevel, sur la piste du Roc de Fer. Sur une neige de printemps, il a devanc\u00e9 Lucas Braathen et Loic Meillard. Avec 1639 points au total, Odermatt a r\u00e9alis\u00e9 une ann\u00e9e exceptionnelle avec le gros globe du g\u00e9n\u00e9ral et le petit globe de g\u00e9ant, \u00e0 m\u00eame pas 25 ans.<\/p>\n","protected":false},"author":48,"featured_media":209398,"comment_status":"open","ping_status":"closed","sticky":false,"template":"","format":"standard","meta":{"_acf_changed":false,"_daextam_enable_autolinks":"","footnotes":""},"categories":[47084],"tags":[12586,15042],"class_list":["post-209344","post","type-post","status-publish","format-standard","has-post-thumbnail","hentry","category-coupe-du-monde-ski-alpin","tag-coupe-du-monde-de-ski-alpin","tag-marco-odermatt"],"acf":[],"yoast_head":"<!-- This site is optimized with the Yoast SEO Premium plugin v26.7 (Yoast SEO v26.7) - https:\/\/yoast.com\/wordpress\/plugins\/seo\/ -->\n<title>Finales Ski alpin : En patron, Marco Odermatt remporte le g\u00e9ant de M\u00e9ribel<\/title>\n<meta name=\"description\" content=\"FINALES COUPE DU MONDE DE SKI ALPIN 2021-2022 \u2013 Marco Odermatt a remport\u00e9 le g\u00e9ant masculin des finales de M\u00e9ribel-Courchevel.\" \/>\n<meta name=\"robots\" content=\"index, follow, max-snippet:-1, max-image-preview:large, max-video-preview:-1\" \/>\n<link rel=\"canonical\" href=\"https:\/\/dicodusport.fr\/blog\/finales-ski-alpin-en-patron-marco-odermatt-remporte-geant-meribel\/\" \/>\n<meta property=\"og:locale\" content=\"fr_FR\" \/>\n<meta property=\"og:type\" content=\"article\" \/>\n<meta property=\"og:title\" content=\"Finales Ski alpin : En patron, Marco Odermatt remporte le g\u00e9ant de M\u00e9ribel\" \/>\n<meta property=\"og:description\" content=\"FINALES COUPE DU MONDE DE SKI ALPIN 2021-2022 \u2013 Marco Odermatt a remport\u00e9 le g\u00e9ant masculin des finales de M\u00e9ribel-Courchevel.\" \/>\n<meta property=\"og:url\" content=\"https:\/\/dicodusport.fr\/blog\/finales-ski-alpin-en-patron-marco-odermatt-remporte-geant-meribel\/\" \/>\n<meta property=\"og:site_name\" content=\"Dicodusport\" \/>\n<meta property=\"article:publisher\" content=\"https:\/\/www.facebook.com\/dicodusport\" \/>\n<meta property=\"article:author\" content=\"https:\/\/www.facebook.com\/groups\/LesRoisDuPeloton\" \/>\n<meta property=\"article:published_time\" content=\"2022-03-19T11:44:38+00:00\" \/>\n<meta property=\"article:modified_time\" content=\"2022-03-19T12:06:55+00:00\" \/>\n<meta property=\"og:image\" content=\"https:\/\/dicodusport.fr\/blog\/wp-content\/uploads\/2022\/03\/Finales-Ski-alpin-En-patron-Marco-Odermatt-remporte-le-geant-de-Meribel.png\" \/>\n\t<meta property=\"og:image:width\" content=\"800\" \/>\n\t<meta property=\"og:image:height\" content=\"445\" \/>\n\t<meta property=\"og:image:type\" content=\"image\/png\" \/>\n<meta name=\"author\" content=\"Emilien Descampiaux\" \/>\n<meta name=\"twitter:card\" content=\"summary_large_image\" \/>\n<meta name=\"twitter:title\" content=\"Finales Ski alpin : En patron, Marco Odermatt remporte le g\u00e9ant de M\u00e9ribel\" \/>\n<meta name=\"twitter:creator\" content=\"@https:\/\/twitter.com\/LRoisDuPeloton\" \/>\n<meta name=\"twitter:site\" content=\"@dicodusport\" \/>\n<script type=\"application\/ld+json\" class=\"yoast-schema-graph\">{\"@context\":\"https:\/\/schema.org\",\"@graph\":[{\"@type\":\"NewsArticle\",\"@id\":\"https:\/\/dicodusport.fr\/blog\/finales-ski-alpin-en-patron-marco-odermatt-remporte-geant-meribel\/#article\",\"isPartOf\":{\"@id\":\"https:\/\/dicodusport.fr\/blog\/finales-ski-alpin-en-patron-marco-odermatt-remporte-geant-meribel\/\"},\"author\":{\"name\":\"Emilien Descampiaux\",\"@id\":\"https:\/\/dicodusport.fr\/blog\/#\/schema\/person\/6db4bae06b171592211be385b32876a7\"},\"headline\":\"Finales Ski alpin : En patron, Marco Odermatt remporte le g\u00e9ant de M\u00e9ribel\",\"datePublished\":\"2022-03-19T11:44:38+00:00\",\"dateModified\":\"2022-03-19T12:06:55+00:00\",\"mainEntityOfPage\":{\"@id\":\"https:\/\/dicodusport.fr\/blog\/finales-ski-alpin-en-patron-marco-odermatt-remporte-geant-meribel\/\"},\"wordCount\":472,\"commentCount\":0,\"publisher\":{\"@id\":\"https:\/\/dicodusport.fr\/blog\/#organization\"},\"image\":{\"@id\":\"https:\/\/dicodusport.fr\/blog\/finales-ski-alpin-en-patron-marco-odermatt-remporte-geant-meribel\/#primaryimage\"},\"thumbnailUrl\":\"https:\/\/dicodusport.fr\/blog\/wp-content\/uploads\/2022\/03\/Finales-Ski-alpin-En-patron-Marco-Odermatt-remporte-le-geant-de-Meribel.png\",\"keywords\":[\"Coupe du monde de ski alpin\",\"Marco Odermatt\"],\"articleSection\":[\"Coupe du monde de ski alpin\"],\"inLanguage\":\"fr-FR\",\"potentialAction\":[{\"@type\":\"CommentAction\",\"name\":\"Comment\",\"target\":[\"https:\/\/dicodusport.fr\/blog\/finales-ski-alpin-en-patron-marco-odermatt-remporte-geant-meribel\/#respond\"]}],\"copyrightYear\":\"2022\",\"copyrightHolder\":{\"@id\":\"https:\/\/dicodusport.fr\/blog\/#organization\"}},{\"@type\":\"WebPage\",\"@id\":\"https:\/\/dicodusport.fr\/blog\/finales-ski-alpin-en-patron-marco-odermatt-remporte-geant-meribel\/\",\"url\":\"https:\/\/dicodusport.fr\/blog\/finales-ski-alpin-en-patron-marco-odermatt-remporte-geant-meribel\/\",\"name\":\"Finales Ski alpin : En patron, Marco Odermatt remporte le g\u00e9ant de M\u00e9ribel\",\"isPartOf\":{\"@id\":\"https:\/\/dicodusport.fr\/blog\/#website\"},\"primaryImageOfPage\":{\"@id\":\"https:\/\/dicodusport.fr\/blog\/finales-ski-alpin-en-patron-marco-odermatt-remporte-geant-meribel\/#primaryimage\"},\"image\":{\"@id\":\"https:\/\/dicodusport.fr\/blog\/finales-ski-alpin-en-patron-marco-odermatt-remporte-geant-meribel\/#primaryimage\"},\"thumbnailUrl\":\"https:\/\/dicodusport.fr\/blog\/wp-content\/uploads\/2022\/03\/Finales-Ski-alpin-En-patron-Marco-Odermatt-remporte-le-geant-de-Meribel.png\",\"datePublished\":\"2022-03-19T11:44:38+00:00\",\"dateModified\":\"2022-03-19T12:06:55+00:00\",\"description\":\"FINALES COUPE DU MONDE DE SKI ALPIN 2021-2022 \u2013 Marco Odermatt a remport\u00e9 le g\u00e9ant masculin des finales de M\u00e9ribel-Courchevel.\",\"breadcrumb\":{\"@id\":\"https:\/\/dicodusport.fr\/blog\/finales-ski-alpin-en-patron-marco-odermatt-remporte-geant-meribel\/#breadcrumb\"},\"inLanguage\":\"fr-FR\",\"potentialAction\":[{\"@type\":\"ReadAction\",\"target\":[\"https:\/\/dicodusport.fr\/blog\/finales-ski-alpin-en-patron-marco-odermatt-remporte-geant-meribel\/\"]}]},{\"@type\":\"ImageObject\",\"inLanguage\":\"fr-FR\",\"@id\":\"https:\/\/dicodusport.fr\/blog\/finales-ski-alpin-en-patron-marco-odermatt-remporte-geant-meribel\/#primaryimage\",\"url\":\"https:\/\/dicodusport.fr\/blog\/wp-content\/uploads\/2022\/03\/Finales-Ski-alpin-En-patron-Marco-Odermatt-remporte-le-geant-de-Meribel.png\",\"contentUrl\":\"https:\/\/dicodusport.fr\/blog\/wp-content\/uploads\/2022\/03\/Finales-Ski-alpin-En-patron-Marco-Odermatt-remporte-le-geant-de-Meribel.png\",\"width\":800,\"height\":445,\"caption\":\"Finales Ski alpin En patron, Marco Odermatt remporte le g\u00e9ant de M\u00e9ribel\"},{\"@type\":\"BreadcrumbList\",\"@id\":\"https:\/\/dicodusport.fr\/blog\/finales-ski-alpin-en-patron-marco-odermatt-remporte-geant-meribel\/#breadcrumb\",\"itemListElement\":[{\"@type\":\"ListItem\",\"position\":1,\"name\":\"Accueil\",\"item\":\"https:\/\/dicodusport.fr\/blog\/\"},{\"@type\":\"ListItem\",\"position\":2,\"name\":\"Finales Ski alpin : En patron, Marco Odermatt remporte le g\u00e9ant de M\u00e9ribel\"}]},{\"@type\":\"WebSite\",\"@id\":\"https:\/\/dicodusport.fr\/blog\/#website\",\"url\":\"https:\/\/dicodusport.fr\/blog\/\",\"name\":\"Dicodusport\",\"description\":\"L&#039;encyclop\u00e9die de l&#039;actualit\u00e9 sportive\",\"publisher\":{\"@id\":\"https:\/\/dicodusport.fr\/blog\/#organization\"},\"potentialAction\":[{\"@type\":\"SearchAction\",\"target\":{\"@type\":\"EntryPoint\",\"urlTemplate\":\"https:\/\/dicodusport.fr\/blog\/?s={search_term_string}\"},\"query-input\":{\"@type\":\"PropertyValueSpecification\",\"valueRequired\":true,\"valueName\":\"search_term_string\"}}],\"inLanguage\":\"fr-FR\"},{\"@type\":\"NewsMediaOrganization\",\"@id\":\"https:\/\/dicodusport.fr\/blog\/#organization\",\"name\":\"Dicodusport\",\"url\":\"https:\/\/dicodusport.fr\/blog\/\",\"logo\":{\"@type\":\"ImageObject\",\"inLanguage\":\"fr-FR\",\"@id\":\"https:\/\/dicodusport.fr\/blog\/#\/schema\/logo\/image\/\",\"url\":\"https:\/\/dicodusport.fr\/blog\/wp-content\/uploads\/2020\/06\/cropped-LOGO-DICODUSPORT-2020-SANS-FOND-SANS-TEXTE.png\",\"contentUrl\":\"https:\/\/dicodusport.fr\/blog\/wp-content\/uploads\/2020\/06\/cropped-LOGO-DICODUSPORT-2020-SANS-FOND-SANS-TEXTE.png\",\"width\":512,\"height\":512,\"caption\":\"Dicodusport\"},\"image\":{\"@id\":\"https:\/\/dicodusport.fr\/blog\/#\/schema\/logo\/image\/\"},\"sameAs\":[\"https:\/\/www.facebook.com\/dicodusport\",\"https:\/\/x.com\/dicodusport\",\"https:\/\/www.instagram.com\/dicodusport\/\",\"https:\/\/www.youtube.com\/channel\/UC7V2KZ5sd3htJivAbA4ZG3w\"],\"description\":\"Dicodusport est l'encyclop\u00e9die de l'actualit\u00e9 sportive.\",\"email\":\"bonjour@dicodusport.fr\",\"legalName\":\"DICODUSPORT\",\"foundingDate\":\"2018-01-14\",\"vatID\":\"FR71834470973\",\"taxID\":\"83447097300043\",\"numberOfEmployees\":{\"@type\":\"QuantitativeValue\",\"minValue\":\"1\",\"maxValue\":\"10\"}},{\"@type\":\"Person\",\"@id\":\"https:\/\/dicodusport.fr\/blog\/#\/schema\/person\/6db4bae06b171592211be385b32876a7\",\"name\":\"Emilien Descampiaux\",\"image\":{\"@type\":\"ImageObject\",\"inLanguage\":\"fr-FR\",\"@id\":\"https:\/\/dicodusport.fr\/blog\/#\/schema\/person\/image\/\",\"url\":\"https:\/\/dicodusport.fr\/blog\/wp-content\/uploads\/2021\/05\/Emilien-Descampiaux-150x150.jpg\",\"contentUrl\":\"https:\/\/dicodusport.fr\/blog\/wp-content\/uploads\/2021\/05\/Emilien-Descampiaux-150x150.jpg\",\"caption\":\"Emilien Descampiaux\"},\"description\":\"Journaliste\/r\u00e9dacteur depuis 2014 - Fan de la classe de Frank Vandenbroucke, je vis cyclisme (et de ses paysages) depuis plus de 20 ans. Je suis tr\u00e8s impliqu\u00e9 sur mes diff\u00e9rents r\u00e9seaux sociaux pour partager ma passion sur le monde et l'Histoire de la bicyclette avec ma voix sur les images en noir et blanc du succ\u00e8s de Rik Van Steenbergen lors du Ronde sur le V\u00e9lodrome de Gand.\",\"sameAs\":[\"https:\/\/www.facebook.com\/groups\/LesRoisDuPeloton\",\"https:\/\/x.com\/https:\/\/twitter.com\/LRoisDuPeloton\"],\"url\":\"https:\/\/dicodusport.fr\/blog\/author\/emiliend\/\"}]}<\/script>\n<!-- \/ Yoast SEO Premium plugin. -->","yoast_head_json":{"title":"Finales Ski alpin : En patron, Marco Odermatt remporte le g\u00e9ant de M\u00e9ribel","description":"FINALES COUPE DU MONDE DE SKI ALPIN 2021-2022 \u2013 Marco Odermatt a remport\u00e9 le g\u00e9ant masculin des finales de M\u00e9ribel-Courchevel.","robots":{"index":"index","follow":"follow","max-snippet":"max-snippet:-1","max-image-preview":"max-image-preview:large","max-video-preview":"max-video-preview:-1"},"canonical":"https:\/\/dicodusport.fr\/blog\/finales-ski-alpin-en-patron-marco-odermatt-remporte-geant-meribel\/","og_locale":"fr_FR","og_type":"article","og_title":"Finales Ski alpin : En patron, Marco Odermatt remporte le g\u00e9ant de M\u00e9ribel","og_description":"FINALES COUPE DU MONDE DE SKI ALPIN 2021-2022 \u2013 Marco Odermatt a remport\u00e9 le g\u00e9ant masculin des finales de M\u00e9ribel-Courchevel.","og_url":"https:\/\/dicodusport.fr\/blog\/finales-ski-alpin-en-patron-marco-odermatt-remporte-geant-meribel\/","og_site_name":"Dicodusport","article_publisher":"https:\/\/www.facebook.com\/dicodusport","article_author":"https:\/\/www.facebook.com\/groups\/LesRoisDuPeloton","article_published_time":"2022-03-19T11:44:38+00:00","article_modified_time":"2022-03-19T12:06:55+00:00","og_image":[{"width":800,"height":445,"url":"https:\/\/dicodusport.fr\/blog\/wp-content\/uploads\/2022\/03\/Finales-Ski-alpin-En-patron-Marco-Odermatt-remporte-le-geant-de-Meribel.png","type":"image\/png"}],"author":"Emilien Descampiaux","twitter_card":"summary_large_image","twitter_title":"Finales Ski alpin : En patron, Marco Odermatt remporte le g\u00e9ant de M\u00e9ribel","twitter_creator":"@https:\/\/twitter.com\/LRoisDuPeloton","twitter_site":"@dicodusport","schema":{"@context":"https:\/\/schema.org","@graph":[{"@type":"NewsArticle","@id":"https:\/\/dicodusport.fr\/blog\/finales-ski-alpin-en-patron-marco-odermatt-remporte-geant-meribel\/#article","isPartOf":{"@id":"https:\/\/dicodusport.fr\/blog\/finales-ski-alpin-en-patron-marco-odermatt-remporte-geant-meribel\/"},"author":{"name":"Emilien Descampiaux","@id":"https:\/\/dicodusport.fr\/blog\/#\/schema\/person\/6db4bae06b171592211be385b32876a7"},"headline":"Finales Ski alpin : En patron, Marco Odermatt remporte le g\u00e9ant de M\u00e9ribel","datePublished":"2022-03-19T11:44:38+00:00","dateModified":"2022-03-19T12:06:55+00:00","mainEntityOfPage":{"@id":"https:\/\/dicodusport.fr\/blog\/finales-ski-alpin-en-patron-marco-odermatt-remporte-geant-meribel\/"},"wordCount":472,"commentCount":0,"publisher":{"@id":"https:\/\/dicodusport.fr\/blog\/#organization"},"image":{"@id":"https:\/\/dicodusport.fr\/blog\/finales-ski-alpin-en-patron-marco-odermatt-remporte-geant-meribel\/#primaryimage"},"thumbnailUrl":"https:\/\/dicodusport.fr\/blog\/wp-content\/uploads\/2022\/03\/Finales-Ski-alpin-En-patron-Marco-Odermatt-remporte-le-geant-de-Meribel.png","keywords":["Coupe du monde de ski alpin","Marco Odermatt"],"articleSection":["Coupe du monde de ski alpin"],"inLanguage":"fr-FR","potentialAction":[{"@type":"CommentAction","name":"Comment","target":["https:\/\/dicodusport.fr\/blog\/finales-ski-alpin-en-patron-marco-odermatt-remporte-geant-meribel\/#respond"]}],"copyrightYear":"2022","copyrightHolder":{"@id":"https:\/\/dicodusport.fr\/blog\/#organization"}},{"@type":"WebPage","@id":"https:\/\/dicodusport.fr\/blog\/finales-ski-alpin-en-patron-marco-odermatt-remporte-geant-meribel\/","url":"https:\/\/dicodusport.fr\/blog\/finales-ski-alpin-en-patron-marco-odermatt-remporte-geant-meribel\/","name":"Finales Ski alpin : En patron, Marco Odermatt remporte le g\u00e9ant de M\u00e9ribel","isPartOf":{"@id":"https:\/\/dicodusport.fr\/blog\/#website"},"primaryImageOfPage":{"@id":"https:\/\/dicodusport.fr\/blog\/finales-ski-alpin-en-patron-marco-odermatt-remporte-geant-meribel\/#primaryimage"},"image":{"@id":"https:\/\/dicodusport.fr\/blog\/finales-ski-alpin-en-patron-marco-odermatt-remporte-geant-meribel\/#primaryimage"},"thumbnailUrl":"https:\/\/dicodusport.fr\/blog\/wp-content\/uploads\/2022\/03\/Finales-Ski-alpin-En-patron-Marco-Odermatt-remporte-le-geant-de-Meribel.png","datePublished":"2022-03-19T11:44:38+00:00","dateModified":"2022-03-19T12:06:55+00:00","description":"FINALES COUPE DU MONDE DE SKI ALPIN 2021-2022 \u2013 Marco Odermatt a remport\u00e9 le g\u00e9ant masculin des finales de M\u00e9ribel-Courchevel.","breadcrumb":{"@id":"https:\/\/dicodusport.fr\/blog\/finales-ski-alpin-en-patron-marco-odermatt-remporte-geant-meribel\/#breadcrumb"},"inLanguage":"fr-FR","potentialAction":[{"@type":"ReadAction","target":["https:\/\/dicodusport.fr\/blog\/finales-ski-alpin-en-patron-marco-odermatt-remporte-geant-meribel\/"]}]},{"@type":"ImageObject","inLanguage":"fr-FR","@id":"https:\/\/dicodusport.fr\/blog\/finales-ski-alpin-en-patron-marco-odermatt-remporte-geant-meribel\/#primaryimage","url":"https:\/\/dicodusport.fr\/blog\/wp-content\/uploads\/2022\/03\/Finales-Ski-alpin-En-patron-Marco-Odermatt-remporte-le-geant-de-Meribel.png","contentUrl":"https:\/\/dicodusport.fr\/blog\/wp-content\/uploads\/2022\/03\/Finales-Ski-alpin-En-patron-Marco-Odermatt-remporte-le-geant-de-Meribel.png","width":800,"height":445,"caption":"Finales Ski alpin En patron, Marco Odermatt remporte le g\u00e9ant de M\u00e9ribel"},{"@type":"BreadcrumbList","@id":"https:\/\/dicodusport.fr\/blog\/finales-ski-alpin-en-patron-marco-odermatt-remporte-geant-meribel\/#breadcrumb","itemListElement":[{"@type":"ListItem","position":1,"name":"Accueil","item":"https:\/\/dicodusport.fr\/blog\/"},{"@type":"ListItem","position":2,"name":"Finales Ski alpin : En patron, Marco Odermatt remporte le g\u00e9ant de M\u00e9ribel"}]},{"@type":"WebSite","@id":"https:\/\/dicodusport.fr\/blog\/#website","url":"https:\/\/dicodusport.fr\/blog\/","name":"Dicodusport","description":"L&#039;encyclop\u00e9die de l&#039;actualit\u00e9 sportive","publisher":{"@id":"https:\/\/dicodusport.fr\/blog\/#organization"},"potentialAction":[{"@type":"SearchAction","target":{"@type":"EntryPoint","urlTemplate":"https:\/\/dicodusport.fr\/blog\/?s={search_term_string}"},"query-input":{"@type":"PropertyValueSpecification","valueRequired":true,"valueName":"search_term_string"}}],"inLanguage":"fr-FR"},{"@type":"NewsMediaOrganization","@id":"https:\/\/dicodusport.fr\/blog\/#organization","name":"Dicodusport","url":"https:\/\/dicodusport.fr\/blog\/","logo":{"@type":"ImageObject","inLanguage":"fr-FR","@id":"https:\/\/dicodusport.fr\/blog\/#\/schema\/logo\/image\/","url":"https:\/\/dicodusport.fr\/blog\/wp-content\/uploads\/2020\/06\/cropped-LOGO-DICODUSPORT-2020-SANS-FOND-SANS-TEXTE.png","contentUrl":"https:\/\/dicodusport.fr\/blog\/wp-content\/uploads\/2020\/06\/cropped-LOGO-DICODUSPORT-2020-SANS-FOND-SANS-TEXTE.png","width":512,"height":512,"caption":"Dicodusport"},"image":{"@id":"https:\/\/dicodusport.fr\/blog\/#\/schema\/logo\/image\/"},"sameAs":["https:\/\/www.facebook.com\/dicodusport","https:\/\/x.com\/dicodusport","https:\/\/www.instagram.com\/dicodusport\/","https:\/\/www.youtube.com\/channel\/UC7V2KZ5sd3htJivAbA4ZG3w"],"description":"Dicodusport est l'encyclop\u00e9die de l'actualit\u00e9 sportive.","email":"bonjour@dicodusport.fr","legalName":"DICODUSPORT","foundingDate":"2018-01-14","vatID":"FR71834470973","taxID":"83447097300043","numberOfEmployees":{"@type":"QuantitativeValue","minValue":"1","maxValue":"10"}},{"@type":"Person","@id":"https:\/\/dicodusport.fr\/blog\/#\/schema\/person\/6db4bae06b171592211be385b32876a7","name":"Emilien Descampiaux","image":{"@type":"ImageObject","inLanguage":"fr-FR","@id":"https:\/\/dicodusport.fr\/blog\/#\/schema\/person\/image\/","url":"https:\/\/dicodusport.fr\/blog\/wp-content\/uploads\/2021\/05\/Emilien-Descampiaux-150x150.jpg","contentUrl":"https:\/\/dicodusport.fr\/blog\/wp-content\/uploads\/2021\/05\/Emilien-Descampiaux-150x150.jpg","caption":"Emilien Descampiaux"},"description":"Journaliste\/r\u00e9dacteur depuis 2014 - Fan de la classe de Frank Vandenbroucke, je vis cyclisme (et de ses paysages) depuis plus de 20 ans. Je suis tr\u00e8s impliqu\u00e9 sur mes diff\u00e9rents r\u00e9seaux sociaux pour partager ma passion sur le monde et l'Histoire de la bicyclette avec ma voix sur les images en noir et blanc du succ\u00e8s de Rik Van Steenbergen lors du Ronde sur le V\u00e9lodrome de Gand.","sameAs":["https:\/\/www.facebook.com\/groups\/LesRoisDuPeloton","https:\/\/x.com\/https:\/\/twitter.com\/LRoisDuPeloton"],"url":"https:\/\/dicodusport.fr\/blog\/author\/emiliend\/"}]}},"_links":{"self":[{"href":"https:\/\/dicodusport.fr\/blog\/wp-json\/wp\/v2\/posts\/209344","targetHints":{"allow":["GET"]}}],"collection":[{"href":"https:\/\/dicodusport.fr\/blog\/wp-json\/wp\/v2\/posts"}],"about":[{"href":"https:\/\/dicodusport.fr\/blog\/wp-json\/wp\/v2\/types\/post"}],"author":[{"embeddable":true,"href":"https:\/\/dicodusport.fr\/blog\/wp-json\/wp\/v2\/users\/48"}],"replies":[{"embeddable":true,"href":"https:\/\/dicodusport.fr\/blog\/wp-json\/wp\/v2\/comments?post=209344"}],"version-history":[{"count":0,"href":"https:\/\/dicodusport.fr\/blog\/wp-json\/wp\/v2\/posts\/209344\/revisions"}],"wp:featuredmedia":[{"embeddable":true,"href":"https:\/\/dicodusport.fr\/blog\/wp-json\/wp\/v2\/media\/209398"}],"wp:attachment":[{"href":"https:\/\/dicodusport.fr\/blog\/wp-json\/wp\/v2\/media?parent=209344"}],"wp:term":[{"taxonomy":"category","embeddable":true,"href":"https:\/\/dicodusport.fr\/blog\/wp-json\/wp\/v2\/categories?post=209344"},{"taxonomy":"post_tag","embeddable":true,"href":"https:\/\/dicodusport.fr\/blog\/wp-json\/wp\/v2\/tags?post=209344"}],"curies":[{"name":"wp","href":"https:\/\/api.w.org\/{rel}","templated":true}]}}