{"id":209817,"date":"2022-03-20T13:33:24","date_gmt":"2022-03-20T12:33:24","guid":{"rendered":"https:\/\/dicodusport.fr\/blog\/?p=209817&#038;preview=true&#038;preview_id=209817"},"modified":"2022-03-20T17:05:06","modified_gmt":"2022-03-20T16:05:06","slug":"mass-start-oslo-la-victoire-petit-globe-justine-braisaz-bouchet","status":"publish","type":"post","link":"https:\/\/dicodusport.fr\/blog\/mass-start-oslo-la-victoire-petit-globe-justine-braisaz-bouchet\/","title":{"rendered":"Mass start d&rsquo;Oslo : La victoire et le petit globe pour Justine-Braisaz Bouchet !"},"content":{"rendered":"<p style=\"text-align: justify;\"><strong><em><a href=\"https:\/\/dicodusport.fr\/blog\/actualites\/biathlon\/coupe-du-monde-biathlon-2021-2022\/\">COUPE DU MONDE DE BIATHLON 2021-2022<\/a> &#8211; Du d\u00e9lire ! Malgr\u00e9 une faute sur chaque couch\u00e9 qui la voyait s\u2019\u00e9loigner du podium et donc de la victoire, Justine Braisaz-Bouchet a su r\u00e9aliser une fin de course parfaite. Profitant de quelques erreurs adverses, la championne olympique de la discipline s\u2019impose sur cette mass start d\u2019Oslo. Et en plus elle r\u00e9cup\u00e8re le petit globe de la sp\u00e9cialit\u00e9. Incroyable ! Franziska Preuss et Marte Olsbu Roieseland compl\u00e8tent quant \u00e0 elles le podium.<\/em><\/strong><\/p>\n<p style=\"text-align: justify;\">Si le gros globe de cristal \u00e9tait d\u00e9j\u00e0 dans les mains de <strong>Marte Olsbu Roieseland<\/strong> avant la course, le petit globe de la mass start se jouait encore. En t\u00eate avant le d\u00e9part, l\u2019Italienne <strong>Dorothea Wierer<\/strong> \u00e9tait suivie de pr\u00e8s par <strong>Elvira Oeberg<\/strong> avec seulement trois petits points d\u2019\u00e9cart au classement. Deux Fran\u00e7aises pouvaient tenter de les devancer, <strong>Justine Braisaz-Bouchet<\/strong> et <strong>Ana\u00efs Chevalier-Bouchet<\/strong>.<\/p>\n<h2 style=\"text-align: justify;\">Un \u00e9grenage rapide<\/h2>\n<p style=\"text-align: justify;\">La course n\u2019a pas mis longtemps avant de voir les \u00e9carts se creuser. Apr\u00e8s le premier tir couch\u00e9, <strong>Marte Olsbu Roiseland<\/strong> ressortait dans le groupe de t\u00eate compos\u00e9 notamment de <strong>Dorothea Wierer<\/strong>,<strong> Elvira Oeberg<\/strong>, <strong>Linn Persson<\/strong> ou encore <strong>Julia Simon<\/strong>. Si la Fran\u00e7aise peinait \u00e0 suivre le rythme, l\u2019Italienne et les Su\u00e9doises tenaient. Une faute plus tard pour la Norv\u00e9gienne sur le second tir, et seules quatre biathl\u00e8tes s\u2019\u00e9lan\u00e7aient devant. Parmi ce quatuor, l\u2019Autrichienne <strong>Lisa Theresa Hauser<\/strong> r\u00e9alisait une nouvelle fois le plein sur le premier tir debout, tout comme<strong> Dorothea Wierer<\/strong>, en qu\u00eate d\u2019un nouveau petit globe dans cette sp\u00e9cialit\u00e9.<\/p>\n<h2 style=\"text-align: justify;\">La locomotive Roieseland<\/h2>\n<p style=\"text-align: justify;\">Malgr\u00e9 son tour de p\u00e9nalit\u00e9 sur le second tir couch\u00e9, <strong>Marte Olsbu Roieseland<\/strong> ne perdait pas de temps pour se repositionner sur le podium. Seconde avant l\u2019ultime debout derri\u00e8re <strong>Lisa Theresa Hauser<\/strong>, elle aurait pu profiter de l\u2019erreur de l\u2019Autrichienne sur sa derni\u00e8re balle mais elle manquait \u00e9galement la m\u00eame cible. Rapide sur les skis, la Norv\u00e9gienne a cependant d\u00e9passer ses plus proches adversaires une \u00e0 une pour monter sur la troisi\u00e8me place derri\u00e8re<strong> Franziska Preuss<\/strong>.<\/p>\n<blockquote class=\"twitter-tweet\">\n<p dir=\"ltr\" lang=\"fr\">Mes aieux quelle \u00e9poque !<\/p>\n<p>Justine Braisaz-Bouchet en t\u00eate apr\u00e8s le dernier tir, quelques semaines apr\u00e8s P\u00e9kin, la Fran\u00e7aise pourrait aller chercher la victoire sur la mass smart d&rsquo;Oslo, la derni\u00e8re de la saison <a href=\"https:\/\/twitter.com\/hashtag\/lequipeBIATHLON?src=hash&amp;ref_src=twsrc%5Etfw\">#lequipeBIATHLON<\/a> <a href=\"https:\/\/t.co\/UHZIukQJbL\">pic.twitter.com\/UHZIukQJbL<\/a><\/p>\n<p>\u2014 la chaine L&rsquo;\u00c9quipe (@lachainelequipe) <a href=\"https:\/\/twitter.com\/lachainelequipe\/status\/1505520247645818880?ref_src=twsrc%5Etfw\">March 20, 2022<\/a><\/p><\/blockquote>\n<p><script async src=\"https:\/\/platform.twitter.com\/widgets.js\" charset=\"utf-8\"><\/script><\/p>\n<h2 style=\"text-align: justify;\">La victoire de Justine, la derni\u00e8re d\u2019Ana\u00efs<\/h2>\n<p style=\"text-align: justify;\">Alors que ses adversaires partaient sur l\u2019anneau de p\u00e9nalit\u00e9 sur le dernier tour, <strong>Justine Braisaz-Bouchet<\/strong> blanchissait sa derni\u00e8re cible et partait seule en t\u00eate pour rejoindre l\u2019arriv\u00e9e. Les calculatrices \u00e9taient alors de sortie. Entre <strong>Wierer<\/strong>, <strong>Elvira Oeberg<\/strong> et la Fran\u00e7aise, tout se jouait \u00e0 quelques points. Si la Su\u00e9doise aurait pu le d\u00e9crocher en se pla\u00e7ant quatri\u00e8me de cette mass start, elle termine cinqui\u00e8me, sa compatriote <strong>Linn Persson<\/strong> jetant le pied pour la quatri\u00e8me place. Pour <strong>Ana\u00efs Bescond<\/strong>, sa place reste anecdotique, on retiendra toute une carri\u00e8re.<\/p>\n<blockquote class=\"twitter-tweet\">\n<p dir=\"ltr\" lang=\"fr\">Il y a du champagne sur la piste d&rsquo;Holmenkollen mais c&rsquo;est surtout pour &#8230; la derni\u00e8re course de Anais \u00ab\u00a0Nanass\u00a0\u00bb Bescond !<\/p>\n<p>Derni\u00e8re ligne d&rsquo;arriv\u00e9e pour la Fran\u00e7aise et forc\u00e9ment, beaucoup d&rsquo;\u00e9motions pour tout le monde<a href=\"https:\/\/twitter.com\/hashtag\/lequipeBIATHLON?src=hash&amp;ref_src=twsrc%5Etfw\">#lequipeBIATHLON<\/a> <a href=\"https:\/\/t.co\/YdlWyJubts\">pic.twitter.com\/YdlWyJubts<\/a><\/p>\n<p>\u2014 la chaine L&rsquo;\u00c9quipe (@lachainelequipe) <a href=\"https:\/\/twitter.com\/lachainelequipe\/status\/1505523105216835585?ref_src=twsrc%5Etfw\">March 20, 2022<\/a><\/p><\/blockquote>\n<p><script async src=\"https:\/\/platform.twitter.com\/widgets.js\" charset=\"utf-8\"><\/script><\/p>\n<ul>\n<li style=\"text-align: justify;\"><strong>\u00c0 lire aussi &#8211; <a href=\"https:\/\/dicodusport.fr\/blog\/biathlon-oslo-classement-mass-start-femmes\/\">Le classement de la mass start femmes d&rsquo;Oslo<\/a><\/strong><\/li>\n<\/ul>\n","protected":false},"excerpt":{"rendered":"<p>COUPE DU MONDE DE BIATHLON 2021-2022 &#8211; Du d\u00e9lire ! Malgr\u00e9 une faute sur chaque couch\u00e9 qui la voyait s\u2019\u00e9loigner du podium et donc de la victoire, Justine Braisaz-Bouchet a su r\u00e9aliser une fin de course parfaite. Profitant de quelques erreurs adverses, la championne olympique de la discipline s\u2019impose sur cette mass start d\u2019Oslo. Et en plus elle r\u00e9cup\u00e8re le petit globe de la sp\u00e9cialit\u00e9. Incroyable ! Franziska Preuss et Marte Olsbu Roieseland compl\u00e8tent quant \u00e0 elles le podium.<\/p>\n","protected":false},"author":18,"featured_media":209993,"comment_status":"open","ping_status":"closed","sticky":false,"template":"","format":"standard","meta":{"_acf_changed":false,"_daextam_enable_autolinks":"","footnotes":""},"categories":[47040],"tags":[2427,24],"class_list":["post-209817","post","type-post","status-publish","format-standard","has-post-thumbnail","hentry","category-coupe-du-monde-de-biathlon","tag-biathlon","tag-sport"],"acf":[],"yoast_head":"<!-- This site is optimized with the Yoast SEO Premium plugin v26.7 (Yoast SEO v26.7) - https:\/\/yoast.com\/wordpress\/plugins\/seo\/ -->\n<title>Mass start d&#039;Oslo : La victoire et le petit globe pour Justine-Braisaz Bouchet !<\/title>\n<meta name=\"description\" content=\"Pour la derni\u00e8re course de la saison, Justine Braisaz Bouchet s&#039;impose \u00e0 Oslo et d\u00e9croche le petit globe de cristal de la mass start !\" \/>\n<meta name=\"robots\" content=\"index, follow, max-snippet:-1, max-image-preview:large, max-video-preview:-1\" \/>\n<link rel=\"canonical\" href=\"https:\/\/dicodusport.fr\/blog\/mass-start-oslo-la-victoire-petit-globe-justine-braisaz-bouchet\/\" \/>\n<meta property=\"og:locale\" content=\"fr_FR\" \/>\n<meta property=\"og:type\" content=\"article\" \/>\n<meta property=\"og:title\" content=\"Mass start d&#039;Oslo : La victoire et le petit globe pour Justine-Braisaz Bouchet !\" \/>\n<meta property=\"og:description\" content=\"Pour la derni\u00e8re course de la saison, Justine Braisaz Bouchet s&#039;impose \u00e0 Oslo et d\u00e9croche le petit globe de cristal de la mass start !\" \/>\n<meta property=\"og:url\" content=\"https:\/\/dicodusport.fr\/blog\/mass-start-oslo-la-victoire-petit-globe-justine-braisaz-bouchet\/\" \/>\n<meta property=\"og:site_name\" content=\"Dicodusport\" \/>\n<meta property=\"article:publisher\" content=\"https:\/\/www.facebook.com\/dicodusport\" \/>\n<meta property=\"article:author\" content=\"https:\/\/www.facebook.com\/soocube\" \/>\n<meta property=\"article:published_time\" content=\"2022-03-20T12:33:24+00:00\" \/>\n<meta property=\"article:modified_time\" content=\"2022-03-20T16:05:06+00:00\" \/>\n<meta property=\"og:image\" content=\"https:\/\/dicodusport.fr\/blog\/wp-content\/uploads\/2022\/03\/Mass-start-dOslo-La-victoire-et-le-petit-globe-pour-Justine-Braisaz-Bouchet-1.png\" \/>\n\t<meta property=\"og:image:width\" content=\"800\" \/>\n\t<meta property=\"og:image:height\" content=\"445\" \/>\n\t<meta property=\"og:image:type\" content=\"image\/png\" \/>\n<meta name=\"author\" content=\"Sophie Clapier\" \/>\n<meta name=\"twitter:card\" content=\"summary_large_image\" \/>\n<meta name=\"twitter:title\" content=\"Mass start d&#039;Oslo : La victoire et le petit globe pour Justine-Braisaz Bouchet !\" \/>\n<meta name=\"twitter:creator\" content=\"@https:\/\/twitter.com\/soocube\" \/>\n<meta name=\"twitter:site\" content=\"@dicodusport\" \/>\n<script type=\"application\/ld+json\" class=\"yoast-schema-graph\">{\"@context\":\"https:\/\/schema.org\",\"@graph\":[{\"@type\":\"NewsArticle\",\"@id\":\"https:\/\/dicodusport.fr\/blog\/mass-start-oslo-la-victoire-petit-globe-justine-braisaz-bouchet\/#article\",\"isPartOf\":{\"@id\":\"https:\/\/dicodusport.fr\/blog\/mass-start-oslo-la-victoire-petit-globe-justine-braisaz-bouchet\/\"},\"author\":{\"name\":\"Sophie Clapier\",\"@id\":\"https:\/\/dicodusport.fr\/blog\/#\/schema\/person\/416c975648aca9da8839bdfe333a21c9\"},\"headline\":\"Mass start d&rsquo;Oslo : La victoire et le petit globe pour Justine-Braisaz Bouchet !\",\"datePublished\":\"2022-03-20T12:33:24+00:00\",\"dateModified\":\"2022-03-20T16:05:06+00:00\",\"mainEntityOfPage\":{\"@id\":\"https:\/\/dicodusport.fr\/blog\/mass-start-oslo-la-victoire-petit-globe-justine-braisaz-bouchet\/\"},\"wordCount\":604,\"commentCount\":0,\"publisher\":{\"@id\":\"https:\/\/dicodusport.fr\/blog\/#organization\"},\"image\":{\"@id\":\"https:\/\/dicodusport.fr\/blog\/mass-start-oslo-la-victoire-petit-globe-justine-braisaz-bouchet\/#primaryimage\"},\"thumbnailUrl\":\"https:\/\/dicodusport.fr\/blog\/wp-content\/uploads\/2022\/03\/Mass-start-dOslo-La-victoire-et-le-petit-globe-pour-Justine-Braisaz-Bouchet-1.png\",\"keywords\":[\"Biathlon\",\"sport\"],\"articleSection\":[\"Coupe du monde de biathlon\"],\"inLanguage\":\"fr-FR\",\"potentialAction\":[{\"@type\":\"CommentAction\",\"name\":\"Comment\",\"target\":[\"https:\/\/dicodusport.fr\/blog\/mass-start-oslo-la-victoire-petit-globe-justine-braisaz-bouchet\/#respond\"]}],\"copyrightYear\":\"2022\",\"copyrightHolder\":{\"@id\":\"https:\/\/dicodusport.fr\/blog\/#organization\"}},{\"@type\":\"WebPage\",\"@id\":\"https:\/\/dicodusport.fr\/blog\/mass-start-oslo-la-victoire-petit-globe-justine-braisaz-bouchet\/\",\"url\":\"https:\/\/dicodusport.fr\/blog\/mass-start-oslo-la-victoire-petit-globe-justine-braisaz-bouchet\/\",\"name\":\"Mass start d'Oslo : La victoire et le petit globe pour Justine-Braisaz Bouchet !\",\"isPartOf\":{\"@id\":\"https:\/\/dicodusport.fr\/blog\/#website\"},\"primaryImageOfPage\":{\"@id\":\"https:\/\/dicodusport.fr\/blog\/mass-start-oslo-la-victoire-petit-globe-justine-braisaz-bouchet\/#primaryimage\"},\"image\":{\"@id\":\"https:\/\/dicodusport.fr\/blog\/mass-start-oslo-la-victoire-petit-globe-justine-braisaz-bouchet\/#primaryimage\"},\"thumbnailUrl\":\"https:\/\/dicodusport.fr\/blog\/wp-content\/uploads\/2022\/03\/Mass-start-dOslo-La-victoire-et-le-petit-globe-pour-Justine-Braisaz-Bouchet-1.png\",\"datePublished\":\"2022-03-20T12:33:24+00:00\",\"dateModified\":\"2022-03-20T16:05:06+00:00\",\"description\":\"Pour la derni\u00e8re course de la saison, Justine Braisaz Bouchet s'impose \u00e0 Oslo et d\u00e9croche le petit globe de cristal de la mass start !\",\"breadcrumb\":{\"@id\":\"https:\/\/dicodusport.fr\/blog\/mass-start-oslo-la-victoire-petit-globe-justine-braisaz-bouchet\/#breadcrumb\"},\"inLanguage\":\"fr-FR\",\"potentialAction\":[{\"@type\":\"ReadAction\",\"target\":[\"https:\/\/dicodusport.fr\/blog\/mass-start-oslo-la-victoire-petit-globe-justine-braisaz-bouchet\/\"]}]},{\"@type\":\"ImageObject\",\"inLanguage\":\"fr-FR\",\"@id\":\"https:\/\/dicodusport.fr\/blog\/mass-start-oslo-la-victoire-petit-globe-justine-braisaz-bouchet\/#primaryimage\",\"url\":\"https:\/\/dicodusport.fr\/blog\/wp-content\/uploads\/2022\/03\/Mass-start-dOslo-La-victoire-et-le-petit-globe-pour-Justine-Braisaz-Bouchet-1.png\",\"contentUrl\":\"https:\/\/dicodusport.fr\/blog\/wp-content\/uploads\/2022\/03\/Mass-start-dOslo-La-victoire-et-le-petit-globe-pour-Justine-Braisaz-Bouchet-1.png\",\"width\":800,\"height\":445,\"caption\":\"Mass start d'Oslo La victoire et le petit globe pour Justine-Braisaz Bouchet ! (1)\"},{\"@type\":\"BreadcrumbList\",\"@id\":\"https:\/\/dicodusport.fr\/blog\/mass-start-oslo-la-victoire-petit-globe-justine-braisaz-bouchet\/#breadcrumb\",\"itemListElement\":[{\"@type\":\"ListItem\",\"position\":1,\"name\":\"Accueil\",\"item\":\"https:\/\/dicodusport.fr\/blog\/\"},{\"@type\":\"ListItem\",\"position\":2,\"name\":\"Mass start d&rsquo;Oslo : La victoire et le petit globe pour Justine-Braisaz Bouchet !\"}]},{\"@type\":\"WebSite\",\"@id\":\"https:\/\/dicodusport.fr\/blog\/#website\",\"url\":\"https:\/\/dicodusport.fr\/blog\/\",\"name\":\"Dicodusport\",\"description\":\"L&#039;encyclop\u00e9die de l&#039;actualit\u00e9 sportive\",\"publisher\":{\"@id\":\"https:\/\/dicodusport.fr\/blog\/#organization\"},\"potentialAction\":[{\"@type\":\"SearchAction\",\"target\":{\"@type\":\"EntryPoint\",\"urlTemplate\":\"https:\/\/dicodusport.fr\/blog\/?s={search_term_string}\"},\"query-input\":{\"@type\":\"PropertyValueSpecification\",\"valueRequired\":true,\"valueName\":\"search_term_string\"}}],\"inLanguage\":\"fr-FR\"},{\"@type\":\"NewsMediaOrganization\",\"@id\":\"https:\/\/dicodusport.fr\/blog\/#organization\",\"name\":\"Dicodusport\",\"url\":\"https:\/\/dicodusport.fr\/blog\/\",\"logo\":{\"@type\":\"ImageObject\",\"inLanguage\":\"fr-FR\",\"@id\":\"https:\/\/dicodusport.fr\/blog\/#\/schema\/logo\/image\/\",\"url\":\"https:\/\/dicodusport.fr\/blog\/wp-content\/uploads\/2020\/06\/cropped-LOGO-DICODUSPORT-2020-SANS-FOND-SANS-TEXTE.png\",\"contentUrl\":\"https:\/\/dicodusport.fr\/blog\/wp-content\/uploads\/2020\/06\/cropped-LOGO-DICODUSPORT-2020-SANS-FOND-SANS-TEXTE.png\",\"width\":512,\"height\":512,\"caption\":\"Dicodusport\"},\"image\":{\"@id\":\"https:\/\/dicodusport.fr\/blog\/#\/schema\/logo\/image\/\"},\"sameAs\":[\"https:\/\/www.facebook.com\/dicodusport\",\"https:\/\/x.com\/dicodusport\",\"https:\/\/www.instagram.com\/dicodusport\/\",\"https:\/\/www.youtube.com\/channel\/UC7V2KZ5sd3htJivAbA4ZG3w\"],\"description\":\"Dicodusport est l'encyclop\u00e9die de l'actualit\u00e9 sportive.\",\"email\":\"bonjour@dicodusport.fr\",\"legalName\":\"DICODUSPORT\",\"foundingDate\":\"2018-01-14\",\"vatID\":\"FR71834470973\",\"taxID\":\"83447097300043\",\"numberOfEmployees\":{\"@type\":\"QuantitativeValue\",\"minValue\":\"1\",\"maxValue\":\"10\"}},{\"@type\":\"Person\",\"@id\":\"https:\/\/dicodusport.fr\/blog\/#\/schema\/person\/416c975648aca9da8839bdfe333a21c9\",\"name\":\"Sophie Clapier\",\"image\":{\"@type\":\"ImageObject\",\"inLanguage\":\"fr-FR\",\"@id\":\"https:\/\/dicodusport.fr\/blog\/#\/schema\/person\/image\/\",\"url\":\"https:\/\/dicodusport.fr\/blog\/wp-content\/uploads\/2021\/05\/Sophie-Clapier-150x150.jpg\",\"contentUrl\":\"https:\/\/dicodusport.fr\/blog\/wp-content\/uploads\/2021\/05\/Sophie-Clapier-150x150.jpg\",\"caption\":\"Sophie Clapier\"},\"description\":\"Journaliste\/r\u00e9dactrice depuis janvier 2016 - Passionn\u00e9e de sport depuis toujours, j\u2019en ai pratiqu\u00e9 quelques-uns. Judo, football, handball ou encore tennis, je n\u2019ai jamais pu me mettre d\u2019accord sur un en particulier. Mais \u00e7a, c\u2019\u00e9tait avant de d\u00e9couvrir le basket, devenu mon sport de pr\u00e9dilection. Les actions NBA, le All-Star Week-end, la fureur des Game 7 pendant les playoffs ou mieux, lors des Finals, this is why we play. Team Spurs T.P, je m\u2019accroche encore \u00e0 Gregg Popovich (don\u2019t leave !). Team chef Curry, je souhaite qu\u2019il finisse aux Warriors (staaaay !). Non, il n\u2019y a pas qu\u2019eux, des petits nouveaux -et des petites nouvelles \u00e9videmment- arrivent chaque jour dans toutes les disciplines et cr\u00e9ent de nouveaux exploits. Alors pour les grands \u00e9v\u00e9nements et comp\u00e9titions internationales, vive les pulsations 240\/minutes et le d\u00e9fibrillateur pas loin, et allez les Bleu(e)s ! C\u2019est s\u00fbr, j\u2019aurai plus vu ma vie sur un terrain de sport, mais \u00e0 d\u00e9faut d\u2019en faire en haut niveau, je le partage avec vous.\",\"sameAs\":[\"https:\/\/www.facebook.com\/soocube\",\"https:\/\/x.com\/https:\/\/twitter.com\/soocube\",\"admin\"],\"url\":\"https:\/\/dicodusport.fr\/blog\/author\/sophie\/\"}]}<\/script>\n<!-- \/ Yoast SEO Premium plugin. -->","yoast_head_json":{"title":"Mass start d'Oslo : La victoire et le petit globe pour Justine-Braisaz Bouchet !","description":"Pour la derni\u00e8re course de la saison, Justine Braisaz Bouchet s'impose \u00e0 Oslo et d\u00e9croche le petit globe de cristal de la mass start !","robots":{"index":"index","follow":"follow","max-snippet":"max-snippet:-1","max-image-preview":"max-image-preview:large","max-video-preview":"max-video-preview:-1"},"canonical":"https:\/\/dicodusport.fr\/blog\/mass-start-oslo-la-victoire-petit-globe-justine-braisaz-bouchet\/","og_locale":"fr_FR","og_type":"article","og_title":"Mass start d'Oslo : La victoire et le petit globe pour Justine-Braisaz Bouchet !","og_description":"Pour la derni\u00e8re course de la saison, Justine Braisaz Bouchet s'impose \u00e0 Oslo et d\u00e9croche le petit globe de cristal de la mass start !","og_url":"https:\/\/dicodusport.fr\/blog\/mass-start-oslo-la-victoire-petit-globe-justine-braisaz-bouchet\/","og_site_name":"Dicodusport","article_publisher":"https:\/\/www.facebook.com\/dicodusport","article_author":"https:\/\/www.facebook.com\/soocube","article_published_time":"2022-03-20T12:33:24+00:00","article_modified_time":"2022-03-20T16:05:06+00:00","og_image":[{"width":800,"height":445,"url":"https:\/\/dicodusport.fr\/blog\/wp-content\/uploads\/2022\/03\/Mass-start-dOslo-La-victoire-et-le-petit-globe-pour-Justine-Braisaz-Bouchet-1.png","type":"image\/png"}],"author":"Sophie Clapier","twitter_card":"summary_large_image","twitter_title":"Mass start d'Oslo : La victoire et le petit globe pour Justine-Braisaz Bouchet !","twitter_creator":"@https:\/\/twitter.com\/soocube","twitter_site":"@dicodusport","schema":{"@context":"https:\/\/schema.org","@graph":[{"@type":"NewsArticle","@id":"https:\/\/dicodusport.fr\/blog\/mass-start-oslo-la-victoire-petit-globe-justine-braisaz-bouchet\/#article","isPartOf":{"@id":"https:\/\/dicodusport.fr\/blog\/mass-start-oslo-la-victoire-petit-globe-justine-braisaz-bouchet\/"},"author":{"name":"Sophie Clapier","@id":"https:\/\/dicodusport.fr\/blog\/#\/schema\/person\/416c975648aca9da8839bdfe333a21c9"},"headline":"Mass start d&rsquo;Oslo : La victoire et le petit globe pour Justine-Braisaz Bouchet !","datePublished":"2022-03-20T12:33:24+00:00","dateModified":"2022-03-20T16:05:06+00:00","mainEntityOfPage":{"@id":"https:\/\/dicodusport.fr\/blog\/mass-start-oslo-la-victoire-petit-globe-justine-braisaz-bouchet\/"},"wordCount":604,"commentCount":0,"publisher":{"@id":"https:\/\/dicodusport.fr\/blog\/#organization"},"image":{"@id":"https:\/\/dicodusport.fr\/blog\/mass-start-oslo-la-victoire-petit-globe-justine-braisaz-bouchet\/#primaryimage"},"thumbnailUrl":"https:\/\/dicodusport.fr\/blog\/wp-content\/uploads\/2022\/03\/Mass-start-dOslo-La-victoire-et-le-petit-globe-pour-Justine-Braisaz-Bouchet-1.png","keywords":["Biathlon","sport"],"articleSection":["Coupe du monde de biathlon"],"inLanguage":"fr-FR","potentialAction":[{"@type":"CommentAction","name":"Comment","target":["https:\/\/dicodusport.fr\/blog\/mass-start-oslo-la-victoire-petit-globe-justine-braisaz-bouchet\/#respond"]}],"copyrightYear":"2022","copyrightHolder":{"@id":"https:\/\/dicodusport.fr\/blog\/#organization"}},{"@type":"WebPage","@id":"https:\/\/dicodusport.fr\/blog\/mass-start-oslo-la-victoire-petit-globe-justine-braisaz-bouchet\/","url":"https:\/\/dicodusport.fr\/blog\/mass-start-oslo-la-victoire-petit-globe-justine-braisaz-bouchet\/","name":"Mass start d'Oslo : La victoire et le petit globe pour Justine-Braisaz Bouchet !","isPartOf":{"@id":"https:\/\/dicodusport.fr\/blog\/#website"},"primaryImageOfPage":{"@id":"https:\/\/dicodusport.fr\/blog\/mass-start-oslo-la-victoire-petit-globe-justine-braisaz-bouchet\/#primaryimage"},"image":{"@id":"https:\/\/dicodusport.fr\/blog\/mass-start-oslo-la-victoire-petit-globe-justine-braisaz-bouchet\/#primaryimage"},"thumbnailUrl":"https:\/\/dicodusport.fr\/blog\/wp-content\/uploads\/2022\/03\/Mass-start-dOslo-La-victoire-et-le-petit-globe-pour-Justine-Braisaz-Bouchet-1.png","datePublished":"2022-03-20T12:33:24+00:00","dateModified":"2022-03-20T16:05:06+00:00","description":"Pour la derni\u00e8re course de la saison, Justine Braisaz Bouchet s'impose \u00e0 Oslo et d\u00e9croche le petit globe de cristal de la mass start !","breadcrumb":{"@id":"https:\/\/dicodusport.fr\/blog\/mass-start-oslo-la-victoire-petit-globe-justine-braisaz-bouchet\/#breadcrumb"},"inLanguage":"fr-FR","potentialAction":[{"@type":"ReadAction","target":["https:\/\/dicodusport.fr\/blog\/mass-start-oslo-la-victoire-petit-globe-justine-braisaz-bouchet\/"]}]},{"@type":"ImageObject","inLanguage":"fr-FR","@id":"https:\/\/dicodusport.fr\/blog\/mass-start-oslo-la-victoire-petit-globe-justine-braisaz-bouchet\/#primaryimage","url":"https:\/\/dicodusport.fr\/blog\/wp-content\/uploads\/2022\/03\/Mass-start-dOslo-La-victoire-et-le-petit-globe-pour-Justine-Braisaz-Bouchet-1.png","contentUrl":"https:\/\/dicodusport.fr\/blog\/wp-content\/uploads\/2022\/03\/Mass-start-dOslo-La-victoire-et-le-petit-globe-pour-Justine-Braisaz-Bouchet-1.png","width":800,"height":445,"caption":"Mass start d'Oslo La victoire et le petit globe pour Justine-Braisaz Bouchet ! (1)"},{"@type":"BreadcrumbList","@id":"https:\/\/dicodusport.fr\/blog\/mass-start-oslo-la-victoire-petit-globe-justine-braisaz-bouchet\/#breadcrumb","itemListElement":[{"@type":"ListItem","position":1,"name":"Accueil","item":"https:\/\/dicodusport.fr\/blog\/"},{"@type":"ListItem","position":2,"name":"Mass start d&rsquo;Oslo : La victoire et le petit globe pour Justine-Braisaz Bouchet !"}]},{"@type":"WebSite","@id":"https:\/\/dicodusport.fr\/blog\/#website","url":"https:\/\/dicodusport.fr\/blog\/","name":"Dicodusport","description":"L&#039;encyclop\u00e9die de l&#039;actualit\u00e9 sportive","publisher":{"@id":"https:\/\/dicodusport.fr\/blog\/#organization"},"potentialAction":[{"@type":"SearchAction","target":{"@type":"EntryPoint","urlTemplate":"https:\/\/dicodusport.fr\/blog\/?s={search_term_string}"},"query-input":{"@type":"PropertyValueSpecification","valueRequired":true,"valueName":"search_term_string"}}],"inLanguage":"fr-FR"},{"@type":"NewsMediaOrganization","@id":"https:\/\/dicodusport.fr\/blog\/#organization","name":"Dicodusport","url":"https:\/\/dicodusport.fr\/blog\/","logo":{"@type":"ImageObject","inLanguage":"fr-FR","@id":"https:\/\/dicodusport.fr\/blog\/#\/schema\/logo\/image\/","url":"https:\/\/dicodusport.fr\/blog\/wp-content\/uploads\/2020\/06\/cropped-LOGO-DICODUSPORT-2020-SANS-FOND-SANS-TEXTE.png","contentUrl":"https:\/\/dicodusport.fr\/blog\/wp-content\/uploads\/2020\/06\/cropped-LOGO-DICODUSPORT-2020-SANS-FOND-SANS-TEXTE.png","width":512,"height":512,"caption":"Dicodusport"},"image":{"@id":"https:\/\/dicodusport.fr\/blog\/#\/schema\/logo\/image\/"},"sameAs":["https:\/\/www.facebook.com\/dicodusport","https:\/\/x.com\/dicodusport","https:\/\/www.instagram.com\/dicodusport\/","https:\/\/www.youtube.com\/channel\/UC7V2KZ5sd3htJivAbA4ZG3w"],"description":"Dicodusport est l'encyclop\u00e9die de l'actualit\u00e9 sportive.","email":"bonjour@dicodusport.fr","legalName":"DICODUSPORT","foundingDate":"2018-01-14","vatID":"FR71834470973","taxID":"83447097300043","numberOfEmployees":{"@type":"QuantitativeValue","minValue":"1","maxValue":"10"}},{"@type":"Person","@id":"https:\/\/dicodusport.fr\/blog\/#\/schema\/person\/416c975648aca9da8839bdfe333a21c9","name":"Sophie Clapier","image":{"@type":"ImageObject","inLanguage":"fr-FR","@id":"https:\/\/dicodusport.fr\/blog\/#\/schema\/person\/image\/","url":"https:\/\/dicodusport.fr\/blog\/wp-content\/uploads\/2021\/05\/Sophie-Clapier-150x150.jpg","contentUrl":"https:\/\/dicodusport.fr\/blog\/wp-content\/uploads\/2021\/05\/Sophie-Clapier-150x150.jpg","caption":"Sophie Clapier"},"description":"Journaliste\/r\u00e9dactrice depuis janvier 2016 - Passionn\u00e9e de sport depuis toujours, j\u2019en ai pratiqu\u00e9 quelques-uns. Judo, football, handball ou encore tennis, je n\u2019ai jamais pu me mettre d\u2019accord sur un en particulier. Mais \u00e7a, c\u2019\u00e9tait avant de d\u00e9couvrir le basket, devenu mon sport de pr\u00e9dilection. Les actions NBA, le All-Star Week-end, la fureur des Game 7 pendant les playoffs ou mieux, lors des Finals, this is why we play. Team Spurs T.P, je m\u2019accroche encore \u00e0 Gregg Popovich (don\u2019t leave !). Team chef Curry, je souhaite qu\u2019il finisse aux Warriors (staaaay !). Non, il n\u2019y a pas qu\u2019eux, des petits nouveaux -et des petites nouvelles \u00e9videmment- arrivent chaque jour dans toutes les disciplines et cr\u00e9ent de nouveaux exploits. Alors pour les grands \u00e9v\u00e9nements et comp\u00e9titions internationales, vive les pulsations 240\/minutes et le d\u00e9fibrillateur pas loin, et allez les Bleu(e)s ! C\u2019est s\u00fbr, j\u2019aurai plus vu ma vie sur un terrain de sport, mais \u00e0 d\u00e9faut d\u2019en faire en haut niveau, je le partage avec vous.","sameAs":["https:\/\/www.facebook.com\/soocube","https:\/\/x.com\/https:\/\/twitter.com\/soocube","admin"],"url":"https:\/\/dicodusport.fr\/blog\/author\/sophie\/"}]}},"_links":{"self":[{"href":"https:\/\/dicodusport.fr\/blog\/wp-json\/wp\/v2\/posts\/209817","targetHints":{"allow":["GET"]}}],"collection":[{"href":"https:\/\/dicodusport.fr\/blog\/wp-json\/wp\/v2\/posts"}],"about":[{"href":"https:\/\/dicodusport.fr\/blog\/wp-json\/wp\/v2\/types\/post"}],"author":[{"embeddable":true,"href":"https:\/\/dicodusport.fr\/blog\/wp-json\/wp\/v2\/users\/18"}],"replies":[{"embeddable":true,"href":"https:\/\/dicodusport.fr\/blog\/wp-json\/wp\/v2\/comments?post=209817"}],"version-history":[{"count":0,"href":"https:\/\/dicodusport.fr\/blog\/wp-json\/wp\/v2\/posts\/209817\/revisions"}],"wp:featuredmedia":[{"embeddable":true,"href":"https:\/\/dicodusport.fr\/blog\/wp-json\/wp\/v2\/media\/209993"}],"wp:attachment":[{"href":"https:\/\/dicodusport.fr\/blog\/wp-json\/wp\/v2\/media?parent=209817"}],"wp:term":[{"taxonomy":"category","embeddable":true,"href":"https:\/\/dicodusport.fr\/blog\/wp-json\/wp\/v2\/categories?post=209817"},{"taxonomy":"post_tag","embeddable":true,"href":"https:\/\/dicodusport.fr\/blog\/wp-json\/wp\/v2\/tags?post=209817"}],"curies":[{"name":"wp","href":"https:\/\/api.w.org\/{rel}","templated":true}]}}