{"id":210099,"date":"2022-03-20T20:44:51","date_gmt":"2022-03-20T19:44:51","guid":{"rendered":"https:\/\/dicodusport.fr\/blog\/?p=210099"},"modified":"2022-03-20T21:10:03","modified_gmt":"2022-03-20T20:10:03","slug":"championnats-du-monde-en-salle-pascal-martinot-lagarde-vice-champion-du-monde-du-60-m-haies","status":"publish","type":"post","link":"https:\/\/dicodusport.fr\/blog\/championnats-du-monde-en-salle-pascal-martinot-lagarde-vice-champion-du-monde-du-60-m-haies\/","title":{"rendered":"Mondiaux Athl\u00e9tisme en salle : Pascal Martinot-Lagarde vice-champion du monde du 60 m haies"},"content":{"rendered":"<p style=\"text-align: justify;\"><em><strong><a href=\"https:\/\/dicodusport.fr\/blog\/athletisme-championnats-du-monde-en-salle-2022-programme-et-resultats\/\" target=\"_blank\" rel=\"noopener\">ATHLETISME &#8211; CHAMPIONNATS DU MONDE EN SALLE<\/a> &#8211; Pascal Martinot-Lagarde a d\u00e9croch\u00e9 la m\u00e9daille d&rsquo;argent derri\u00e8re l&rsquo;intouchable Grant Holloway sur le 60 m\u00e8tres haies. Il s&rsquo;agit l\u00e0 de sa huiti\u00e8me m\u00e9daille europ\u00e9enne en salle !<\/strong><\/em><\/p>\n<p style=\"text-align: justify;\">Il avait souffert en demi-finales, ne r\u00e9alisant pas la meilleure course de sa vie. Mais il \u00e9tait malgr\u00e9 tout parvenu \u00e0 rejoindre la grande finale. Ce dimanche soir, <strong>Pascal Martinot-Lagarde<\/strong> a r\u00e9agi avec brio pour aller d\u00e9crocher une nouvelle breloque \u00e0 ajouter \u00e0 sa collection. D\u00e9j\u00e0 multiple m\u00e9daill\u00e9 lors des championnats du monde en salle, le sprinteur fran\u00e7ais a tenu son rang au moment o\u00f9 il fallait en faisant preuve de ma\u00eetrise.<\/p>\n<h2 style=\"text-align: justify;\"><strong>Grant Holloway intouchable pour l&rsquo;or\u00a0<\/strong><\/h2>\n<p style=\"text-align: justify;\">Auteur d&rsquo;un excellent d\u00e9part derri\u00e8re la fus\u00e9e Grant Holloway, le Fran\u00e7ais a effectu\u00e9 des passage de haies consistants afin de conserver la courte t\u00eate d&rsquo;avance acquise dans les premiers m\u00e8tres. Costaud jusqu&rsquo;au bout il termine avec un chrono de <strong>7.46<\/strong>, pr\u00e8s d&rsquo;un dixi\u00e8me devant\u00a0 <strong>Jarrett Eaton<\/strong> (7.56), qui doit se contenter du bronze. <strong>Pascal Martinot-Lagarde<\/strong> s&#8217;empare donc lui de la m\u00e9daille d&rsquo;argent puisque comme pr\u00e9vu, l&rsquo;or a termin\u00e9 autour du cou de l&rsquo;intouchable <strong>Grant Holloway<\/strong>. Apr\u00e8s avoir \u00e9gal\u00e9 son record du monde en demi-finales (7.29), l&rsquo;Am\u00e9ricain a une nouvelle fois \u00e9cras\u00e9 la course en prenant une large avance d\u00e8s les starting-blocks, sans \u00eatre inqui\u00e9t\u00e9 par la suite (7.37).<\/p>\n<p style=\"text-align: justify;\">Pour <strong>Pascal Martinot-Lagarde<\/strong>, cette m\u00e9daille d&rsquo;argent vient remplir une collection de huit m\u00e9dailles mondiales en salle. \u00c9galement pr\u00e9sent en finale, <strong>Wilhem Belocian<\/strong> n&rsquo;a lui jamais \u00e9t\u00e9 r\u00e9ellement dans le coup et cela se traduit par une d\u00e9cevante derni\u00e8re place (7.67).<\/p>\n<blockquote class=\"twitter-tweet\">\n<p dir=\"ltr\" lang=\"fr\">&#8211; !<\/p>\n<p>Pascal Martinot-Lagarde 2e de la finale du 60 m haies en 7\u00a0\u00bb50, derri\u00e8re Grant Holloway, en 7\u00a0\u00bb39 ! Bravo !<\/p>\n<p>Suivez les <a href=\"https:\/\/twitter.com\/hashtag\/WorldIndoorChamps?src=hash&amp;ref_src=twsrc%5Etfw\">#WorldIndoorChamps<\/a> en sur <a href=\"https:\/\/t.co\/63xdTVLhtA\">https:\/\/t.co\/63xdTVLhtA<\/a> et <a href=\"https:\/\/t.co\/XpKsS21tPb\">https:\/\/t.co\/XpKsS21tPb<\/a>. <a href=\"https:\/\/t.co\/aodj4lZ5Gt\">pic.twitter.com\/aodj4lZ5Gt<\/a><\/p>\n<p>\u2014 FFAthl\u00e9tisme (@FFAthletisme) <a href=\"https:\/\/twitter.com\/FFAthletisme\/status\/1505616354728161280?ref_src=twsrc%5Etfw\">March 20, 2022<\/a><\/p><\/blockquote>\n<p><script async src=\"https:\/\/platform.twitter.com\/widgets.js\" charset=\"utf-8\"><\/script><\/p>\n","protected":false},"excerpt":{"rendered":"<p>ATHLETISME &#8211; CHAMPIONNATS DU MONDE EN SALLE &#8211; Pascal Martinot-Lagarde a d\u00e9croch\u00e9 la m\u00e9daille d&rsquo;argent derri\u00e8re l&rsquo;intouchable Grant Holloway sur le 60 m\u00e8tres haies. Il s&rsquo;agit l\u00e0 de sa huiti\u00e8me m\u00e9daille europ\u00e9enne en salle !<\/p>\n","protected":false},"author":55,"featured_media":210122,"comment_status":"open","ping_status":"closed","sticky":false,"template":"","format":"standard","meta":{"_acf_changed":false,"_daextam_enable_autolinks":"","footnotes":""},"categories":[2308],"tags":[143,5225,24,7375],"class_list":["post-210099","post","type-post","status-publish","format-standard","has-post-thumbnail","hentry","category-athletisme","tag-athletisme","tag-pascal-martinot-lagarde","tag-sport","tag-wilhem-belocian"],"acf":[],"yoast_head":"<!-- This site is optimized with the Yoast SEO Premium plugin v26.7 (Yoast SEO v26.7) - https:\/\/yoast.com\/wordpress\/plugins\/seo\/ -->\n<title>Mondiaux Athl\u00e9tisme en salle : Pascal Martinot-Lagarde vice-champion du monde du 60 m haies<\/title>\n<meta name=\"description\" content=\"Pascal Martinot-Lagarde a d\u00e9croch\u00e9 la m\u00e9daille d&#039;argent aux championnats du monde en salle de Belgrade sur le 60 m\u00e8tres haies.\" \/>\n<meta name=\"robots\" content=\"index, follow, max-snippet:-1, max-image-preview:large, max-video-preview:-1\" \/>\n<link rel=\"canonical\" href=\"https:\/\/dicodusport.fr\/blog\/championnats-du-monde-en-salle-pascal-martinot-lagarde-vice-champion-du-monde-du-60-m-haies\/\" \/>\n<meta property=\"og:locale\" content=\"fr_FR\" \/>\n<meta property=\"og:type\" content=\"article\" \/>\n<meta property=\"og:title\" content=\"Mondiaux Athl\u00e9tisme en salle : Pascal Martinot-Lagarde vice-champion du monde du 60 m haies\" \/>\n<meta property=\"og:description\" content=\"Pascal Martinot-Lagarde a d\u00e9croch\u00e9 la m\u00e9daille d&#039;argent aux championnats du monde en salle de Belgrade sur le 60 m\u00e8tres haies.\" \/>\n<meta property=\"og:url\" content=\"https:\/\/dicodusport.fr\/blog\/championnats-du-monde-en-salle-pascal-martinot-lagarde-vice-champion-du-monde-du-60-m-haies\/\" \/>\n<meta property=\"og:site_name\" content=\"Dicodusport\" \/>\n<meta property=\"article:publisher\" content=\"https:\/\/www.facebook.com\/dicodusport\" \/>\n<meta property=\"article:published_time\" content=\"2022-03-20T19:44:51+00:00\" \/>\n<meta property=\"article:modified_time\" content=\"2022-03-20T20:10:03+00:00\" \/>\n<meta property=\"og:image\" content=\"https:\/\/dicodusport.fr\/blog\/wp-content\/uploads\/2022\/03\/Mondiaux-Athletisme-en-salle-Pascal-Martinot-Lagarde-vice-champion-du-monde-du-60-m-haies.png\" \/>\n\t<meta property=\"og:image:width\" content=\"800\" \/>\n\t<meta property=\"og:image:height\" content=\"445\" \/>\n\t<meta property=\"og:image:type\" content=\"image\/png\" \/>\n<meta name=\"author\" content=\"Maxime Cazenave\" \/>\n<meta name=\"twitter:card\" content=\"summary_large_image\" \/>\n<meta name=\"twitter:title\" content=\"Mondiaux Athl\u00e9tisme en salle : Pascal Martinot-Lagarde vice-champion du monde du 60 m haies\" \/>\n<meta name=\"twitter:creator\" content=\"@https:\/\/twitter.com\/Maxime_Caze\" \/>\n<meta name=\"twitter:site\" content=\"@dicodusport\" \/>\n<script type=\"application\/ld+json\" class=\"yoast-schema-graph\">{\"@context\":\"https:\/\/schema.org\",\"@graph\":[{\"@type\":\"NewsArticle\",\"@id\":\"https:\/\/dicodusport.fr\/blog\/championnats-du-monde-en-salle-pascal-martinot-lagarde-vice-champion-du-monde-du-60-m-haies\/#article\",\"isPartOf\":{\"@id\":\"https:\/\/dicodusport.fr\/blog\/championnats-du-monde-en-salle-pascal-martinot-lagarde-vice-champion-du-monde-du-60-m-haies\/\"},\"author\":{\"name\":\"Maxime Cazenave\",\"@id\":\"https:\/\/dicodusport.fr\/blog\/#\/schema\/person\/37def232098a7a5cbab3974a3690abb0\"},\"headline\":\"Mondiaux Athl\u00e9tisme en salle : Pascal Martinot-Lagarde vice-champion du monde du 60 m haies\",\"datePublished\":\"2022-03-20T19:44:51+00:00\",\"dateModified\":\"2022-03-20T20:10:03+00:00\",\"mainEntityOfPage\":{\"@id\":\"https:\/\/dicodusport.fr\/blog\/championnats-du-monde-en-salle-pascal-martinot-lagarde-vice-champion-du-monde-du-60-m-haies\/\"},\"wordCount\":354,\"commentCount\":0,\"publisher\":{\"@id\":\"https:\/\/dicodusport.fr\/blog\/#organization\"},\"image\":{\"@id\":\"https:\/\/dicodusport.fr\/blog\/championnats-du-monde-en-salle-pascal-martinot-lagarde-vice-champion-du-monde-du-60-m-haies\/#primaryimage\"},\"thumbnailUrl\":\"https:\/\/dicodusport.fr\/blog\/wp-content\/uploads\/2022\/03\/Mondiaux-Athletisme-en-salle-Pascal-Martinot-Lagarde-vice-champion-du-monde-du-60-m-haies.png\",\"keywords\":[\"Athl\u00e9tisme\",\"Pascal Martinot-Lagarde\",\"sport\",\"Wilhem Belocian\"],\"articleSection\":[\"Athl\u00e9tisme\"],\"inLanguage\":\"fr-FR\",\"potentialAction\":[{\"@type\":\"CommentAction\",\"name\":\"Comment\",\"target\":[\"https:\/\/dicodusport.fr\/blog\/championnats-du-monde-en-salle-pascal-martinot-lagarde-vice-champion-du-monde-du-60-m-haies\/#respond\"]}],\"copyrightYear\":\"2022\",\"copyrightHolder\":{\"@id\":\"https:\/\/dicodusport.fr\/blog\/#organization\"}},{\"@type\":\"WebPage\",\"@id\":\"https:\/\/dicodusport.fr\/blog\/championnats-du-monde-en-salle-pascal-martinot-lagarde-vice-champion-du-monde-du-60-m-haies\/\",\"url\":\"https:\/\/dicodusport.fr\/blog\/championnats-du-monde-en-salle-pascal-martinot-lagarde-vice-champion-du-monde-du-60-m-haies\/\",\"name\":\"Mondiaux Athl\u00e9tisme en salle : Pascal Martinot-Lagarde vice-champion du monde du 60 m haies\",\"isPartOf\":{\"@id\":\"https:\/\/dicodusport.fr\/blog\/#website\"},\"primaryImageOfPage\":{\"@id\":\"https:\/\/dicodusport.fr\/blog\/championnats-du-monde-en-salle-pascal-martinot-lagarde-vice-champion-du-monde-du-60-m-haies\/#primaryimage\"},\"image\":{\"@id\":\"https:\/\/dicodusport.fr\/blog\/championnats-du-monde-en-salle-pascal-martinot-lagarde-vice-champion-du-monde-du-60-m-haies\/#primaryimage\"},\"thumbnailUrl\":\"https:\/\/dicodusport.fr\/blog\/wp-content\/uploads\/2022\/03\/Mondiaux-Athletisme-en-salle-Pascal-Martinot-Lagarde-vice-champion-du-monde-du-60-m-haies.png\",\"datePublished\":\"2022-03-20T19:44:51+00:00\",\"dateModified\":\"2022-03-20T20:10:03+00:00\",\"description\":\"Pascal Martinot-Lagarde a d\u00e9croch\u00e9 la m\u00e9daille d'argent aux championnats du monde en salle de Belgrade sur le 60 m\u00e8tres haies.\",\"breadcrumb\":{\"@id\":\"https:\/\/dicodusport.fr\/blog\/championnats-du-monde-en-salle-pascal-martinot-lagarde-vice-champion-du-monde-du-60-m-haies\/#breadcrumb\"},\"inLanguage\":\"fr-FR\",\"potentialAction\":[{\"@type\":\"ReadAction\",\"target\":[\"https:\/\/dicodusport.fr\/blog\/championnats-du-monde-en-salle-pascal-martinot-lagarde-vice-champion-du-monde-du-60-m-haies\/\"]}]},{\"@type\":\"ImageObject\",\"inLanguage\":\"fr-FR\",\"@id\":\"https:\/\/dicodusport.fr\/blog\/championnats-du-monde-en-salle-pascal-martinot-lagarde-vice-champion-du-monde-du-60-m-haies\/#primaryimage\",\"url\":\"https:\/\/dicodusport.fr\/blog\/wp-content\/uploads\/2022\/03\/Mondiaux-Athletisme-en-salle-Pascal-Martinot-Lagarde-vice-champion-du-monde-du-60-m-haies.png\",\"contentUrl\":\"https:\/\/dicodusport.fr\/blog\/wp-content\/uploads\/2022\/03\/Mondiaux-Athletisme-en-salle-Pascal-Martinot-Lagarde-vice-champion-du-monde-du-60-m-haies.png\",\"width\":800,\"height\":445,\"caption\":\"Mondiaux Athl\u00e9tisme en salle Pascal Martinot-Lagarde vice-champion du monde du 60 m haies\"},{\"@type\":\"BreadcrumbList\",\"@id\":\"https:\/\/dicodusport.fr\/blog\/championnats-du-monde-en-salle-pascal-martinot-lagarde-vice-champion-du-monde-du-60-m-haies\/#breadcrumb\",\"itemListElement\":[{\"@type\":\"ListItem\",\"position\":1,\"name\":\"Accueil\",\"item\":\"https:\/\/dicodusport.fr\/blog\/\"},{\"@type\":\"ListItem\",\"position\":2,\"name\":\"Mondiaux Athl\u00e9tisme en salle : Pascal Martinot-Lagarde vice-champion du monde du 60 m haies\"}]},{\"@type\":\"WebSite\",\"@id\":\"https:\/\/dicodusport.fr\/blog\/#website\",\"url\":\"https:\/\/dicodusport.fr\/blog\/\",\"name\":\"Dicodusport\",\"description\":\"L&#039;encyclop\u00e9die de l&#039;actualit\u00e9 sportive\",\"publisher\":{\"@id\":\"https:\/\/dicodusport.fr\/blog\/#organization\"},\"potentialAction\":[{\"@type\":\"SearchAction\",\"target\":{\"@type\":\"EntryPoint\",\"urlTemplate\":\"https:\/\/dicodusport.fr\/blog\/?s={search_term_string}\"},\"query-input\":{\"@type\":\"PropertyValueSpecification\",\"valueRequired\":true,\"valueName\":\"search_term_string\"}}],\"inLanguage\":\"fr-FR\"},{\"@type\":\"NewsMediaOrganization\",\"@id\":\"https:\/\/dicodusport.fr\/blog\/#organization\",\"name\":\"Dicodusport\",\"url\":\"https:\/\/dicodusport.fr\/blog\/\",\"logo\":{\"@type\":\"ImageObject\",\"inLanguage\":\"fr-FR\",\"@id\":\"https:\/\/dicodusport.fr\/blog\/#\/schema\/logo\/image\/\",\"url\":\"https:\/\/dicodusport.fr\/blog\/wp-content\/uploads\/2020\/06\/cropped-LOGO-DICODUSPORT-2020-SANS-FOND-SANS-TEXTE.png\",\"contentUrl\":\"https:\/\/dicodusport.fr\/blog\/wp-content\/uploads\/2020\/06\/cropped-LOGO-DICODUSPORT-2020-SANS-FOND-SANS-TEXTE.png\",\"width\":512,\"height\":512,\"caption\":\"Dicodusport\"},\"image\":{\"@id\":\"https:\/\/dicodusport.fr\/blog\/#\/schema\/logo\/image\/\"},\"sameAs\":[\"https:\/\/www.facebook.com\/dicodusport\",\"https:\/\/x.com\/dicodusport\",\"https:\/\/www.instagram.com\/dicodusport\/\",\"https:\/\/www.youtube.com\/channel\/UC7V2KZ5sd3htJivAbA4ZG3w\"],\"description\":\"Dicodusport est l'encyclop\u00e9die de l'actualit\u00e9 sportive.\",\"email\":\"bonjour@dicodusport.fr\",\"legalName\":\"DICODUSPORT\",\"foundingDate\":\"2018-01-14\",\"vatID\":\"FR71834470973\",\"taxID\":\"83447097300043\",\"numberOfEmployees\":{\"@type\":\"QuantitativeValue\",\"minValue\":\"1\",\"maxValue\":\"10\"}},{\"@type\":\"Person\",\"@id\":\"https:\/\/dicodusport.fr\/blog\/#\/schema\/person\/37def232098a7a5cbab3974a3690abb0\",\"name\":\"Maxime Cazenave\",\"image\":{\"@type\":\"ImageObject\",\"inLanguage\":\"fr-FR\",\"@id\":\"https:\/\/dicodusport.fr\/blog\/#\/schema\/person\/image\/\",\"url\":\"https:\/\/dicodusport.fr\/blog\/wp-content\/uploads\/2021\/05\/Maxime-Cazenave-150x150.jpg\",\"contentUrl\":\"https:\/\/dicodusport.fr\/blog\/wp-content\/uploads\/2021\/05\/Maxime-Cazenave-150x150.jpg\",\"caption\":\"Maxime Cazenave\"},\"description\":\"Journaliste\/R\u00e9dacteur depuis 2012 - Berc\u00e9 par l\u2019amour des Girondins de Bordeaux, les \u00e9checs de Christophe Moreau sur le Tour de France sous l'\u00e8re Lance Armstrong et le fade-away l\u00e9tal de Dirk Nowitzki, ma passion d\u00e9vorante pour le sport a toujours \u00e9t\u00e9 un pan incontournable de ma vie. Transmettre ma passion \u00e0 l\u2019\u00e9crit a \u00e9t\u00e9 une transition naturelle. Suiveur assidu de basket et de hockey sur glace, je garde toujours un peu de place pour suivre le cyclisme, le football et le maximum de performances fran\u00e7aises.\",\"sameAs\":[\"https:\/\/x.com\/https:\/\/twitter.com\/Maxime_Caze\"],\"url\":\"https:\/\/dicodusport.fr\/blog\/author\/maximec\/\"}]}<\/script>\n<!-- \/ Yoast SEO Premium plugin. -->","yoast_head_json":{"title":"Mondiaux Athl\u00e9tisme en salle : Pascal Martinot-Lagarde vice-champion du monde du 60 m haies","description":"Pascal Martinot-Lagarde a d\u00e9croch\u00e9 la m\u00e9daille d'argent aux championnats du monde en salle de Belgrade sur le 60 m\u00e8tres haies.","robots":{"index":"index","follow":"follow","max-snippet":"max-snippet:-1","max-image-preview":"max-image-preview:large","max-video-preview":"max-video-preview:-1"},"canonical":"https:\/\/dicodusport.fr\/blog\/championnats-du-monde-en-salle-pascal-martinot-lagarde-vice-champion-du-monde-du-60-m-haies\/","og_locale":"fr_FR","og_type":"article","og_title":"Mondiaux Athl\u00e9tisme en salle : Pascal Martinot-Lagarde vice-champion du monde du 60 m haies","og_description":"Pascal Martinot-Lagarde a d\u00e9croch\u00e9 la m\u00e9daille d'argent aux championnats du monde en salle de Belgrade sur le 60 m\u00e8tres haies.","og_url":"https:\/\/dicodusport.fr\/blog\/championnats-du-monde-en-salle-pascal-martinot-lagarde-vice-champion-du-monde-du-60-m-haies\/","og_site_name":"Dicodusport","article_publisher":"https:\/\/www.facebook.com\/dicodusport","article_published_time":"2022-03-20T19:44:51+00:00","article_modified_time":"2022-03-20T20:10:03+00:00","og_image":[{"width":800,"height":445,"url":"https:\/\/dicodusport.fr\/blog\/wp-content\/uploads\/2022\/03\/Mondiaux-Athletisme-en-salle-Pascal-Martinot-Lagarde-vice-champion-du-monde-du-60-m-haies.png","type":"image\/png"}],"author":"Maxime Cazenave","twitter_card":"summary_large_image","twitter_title":"Mondiaux Athl\u00e9tisme en salle : Pascal Martinot-Lagarde vice-champion du monde du 60 m haies","twitter_creator":"@https:\/\/twitter.com\/Maxime_Caze","twitter_site":"@dicodusport","schema":{"@context":"https:\/\/schema.org","@graph":[{"@type":"NewsArticle","@id":"https:\/\/dicodusport.fr\/blog\/championnats-du-monde-en-salle-pascal-martinot-lagarde-vice-champion-du-monde-du-60-m-haies\/#article","isPartOf":{"@id":"https:\/\/dicodusport.fr\/blog\/championnats-du-monde-en-salle-pascal-martinot-lagarde-vice-champion-du-monde-du-60-m-haies\/"},"author":{"name":"Maxime Cazenave","@id":"https:\/\/dicodusport.fr\/blog\/#\/schema\/person\/37def232098a7a5cbab3974a3690abb0"},"headline":"Mondiaux Athl\u00e9tisme en salle : Pascal Martinot-Lagarde vice-champion du monde du 60 m haies","datePublished":"2022-03-20T19:44:51+00:00","dateModified":"2022-03-20T20:10:03+00:00","mainEntityOfPage":{"@id":"https:\/\/dicodusport.fr\/blog\/championnats-du-monde-en-salle-pascal-martinot-lagarde-vice-champion-du-monde-du-60-m-haies\/"},"wordCount":354,"commentCount":0,"publisher":{"@id":"https:\/\/dicodusport.fr\/blog\/#organization"},"image":{"@id":"https:\/\/dicodusport.fr\/blog\/championnats-du-monde-en-salle-pascal-martinot-lagarde-vice-champion-du-monde-du-60-m-haies\/#primaryimage"},"thumbnailUrl":"https:\/\/dicodusport.fr\/blog\/wp-content\/uploads\/2022\/03\/Mondiaux-Athletisme-en-salle-Pascal-Martinot-Lagarde-vice-champion-du-monde-du-60-m-haies.png","keywords":["Athl\u00e9tisme","Pascal Martinot-Lagarde","sport","Wilhem Belocian"],"articleSection":["Athl\u00e9tisme"],"inLanguage":"fr-FR","potentialAction":[{"@type":"CommentAction","name":"Comment","target":["https:\/\/dicodusport.fr\/blog\/championnats-du-monde-en-salle-pascal-martinot-lagarde-vice-champion-du-monde-du-60-m-haies\/#respond"]}],"copyrightYear":"2022","copyrightHolder":{"@id":"https:\/\/dicodusport.fr\/blog\/#organization"}},{"@type":"WebPage","@id":"https:\/\/dicodusport.fr\/blog\/championnats-du-monde-en-salle-pascal-martinot-lagarde-vice-champion-du-monde-du-60-m-haies\/","url":"https:\/\/dicodusport.fr\/blog\/championnats-du-monde-en-salle-pascal-martinot-lagarde-vice-champion-du-monde-du-60-m-haies\/","name":"Mondiaux Athl\u00e9tisme en salle : Pascal Martinot-Lagarde vice-champion du monde du 60 m haies","isPartOf":{"@id":"https:\/\/dicodusport.fr\/blog\/#website"},"primaryImageOfPage":{"@id":"https:\/\/dicodusport.fr\/blog\/championnats-du-monde-en-salle-pascal-martinot-lagarde-vice-champion-du-monde-du-60-m-haies\/#primaryimage"},"image":{"@id":"https:\/\/dicodusport.fr\/blog\/championnats-du-monde-en-salle-pascal-martinot-lagarde-vice-champion-du-monde-du-60-m-haies\/#primaryimage"},"thumbnailUrl":"https:\/\/dicodusport.fr\/blog\/wp-content\/uploads\/2022\/03\/Mondiaux-Athletisme-en-salle-Pascal-Martinot-Lagarde-vice-champion-du-monde-du-60-m-haies.png","datePublished":"2022-03-20T19:44:51+00:00","dateModified":"2022-03-20T20:10:03+00:00","description":"Pascal Martinot-Lagarde a d\u00e9croch\u00e9 la m\u00e9daille d'argent aux championnats du monde en salle de Belgrade sur le 60 m\u00e8tres haies.","breadcrumb":{"@id":"https:\/\/dicodusport.fr\/blog\/championnats-du-monde-en-salle-pascal-martinot-lagarde-vice-champion-du-monde-du-60-m-haies\/#breadcrumb"},"inLanguage":"fr-FR","potentialAction":[{"@type":"ReadAction","target":["https:\/\/dicodusport.fr\/blog\/championnats-du-monde-en-salle-pascal-martinot-lagarde-vice-champion-du-monde-du-60-m-haies\/"]}]},{"@type":"ImageObject","inLanguage":"fr-FR","@id":"https:\/\/dicodusport.fr\/blog\/championnats-du-monde-en-salle-pascal-martinot-lagarde-vice-champion-du-monde-du-60-m-haies\/#primaryimage","url":"https:\/\/dicodusport.fr\/blog\/wp-content\/uploads\/2022\/03\/Mondiaux-Athletisme-en-salle-Pascal-Martinot-Lagarde-vice-champion-du-monde-du-60-m-haies.png","contentUrl":"https:\/\/dicodusport.fr\/blog\/wp-content\/uploads\/2022\/03\/Mondiaux-Athletisme-en-salle-Pascal-Martinot-Lagarde-vice-champion-du-monde-du-60-m-haies.png","width":800,"height":445,"caption":"Mondiaux Athl\u00e9tisme en salle Pascal Martinot-Lagarde vice-champion du monde du 60 m haies"},{"@type":"BreadcrumbList","@id":"https:\/\/dicodusport.fr\/blog\/championnats-du-monde-en-salle-pascal-martinot-lagarde-vice-champion-du-monde-du-60-m-haies\/#breadcrumb","itemListElement":[{"@type":"ListItem","position":1,"name":"Accueil","item":"https:\/\/dicodusport.fr\/blog\/"},{"@type":"ListItem","position":2,"name":"Mondiaux Athl\u00e9tisme en salle : Pascal Martinot-Lagarde vice-champion du monde du 60 m haies"}]},{"@type":"WebSite","@id":"https:\/\/dicodusport.fr\/blog\/#website","url":"https:\/\/dicodusport.fr\/blog\/","name":"Dicodusport","description":"L&#039;encyclop\u00e9die de l&#039;actualit\u00e9 sportive","publisher":{"@id":"https:\/\/dicodusport.fr\/blog\/#organization"},"potentialAction":[{"@type":"SearchAction","target":{"@type":"EntryPoint","urlTemplate":"https:\/\/dicodusport.fr\/blog\/?s={search_term_string}"},"query-input":{"@type":"PropertyValueSpecification","valueRequired":true,"valueName":"search_term_string"}}],"inLanguage":"fr-FR"},{"@type":"NewsMediaOrganization","@id":"https:\/\/dicodusport.fr\/blog\/#organization","name":"Dicodusport","url":"https:\/\/dicodusport.fr\/blog\/","logo":{"@type":"ImageObject","inLanguage":"fr-FR","@id":"https:\/\/dicodusport.fr\/blog\/#\/schema\/logo\/image\/","url":"https:\/\/dicodusport.fr\/blog\/wp-content\/uploads\/2020\/06\/cropped-LOGO-DICODUSPORT-2020-SANS-FOND-SANS-TEXTE.png","contentUrl":"https:\/\/dicodusport.fr\/blog\/wp-content\/uploads\/2020\/06\/cropped-LOGO-DICODUSPORT-2020-SANS-FOND-SANS-TEXTE.png","width":512,"height":512,"caption":"Dicodusport"},"image":{"@id":"https:\/\/dicodusport.fr\/blog\/#\/schema\/logo\/image\/"},"sameAs":["https:\/\/www.facebook.com\/dicodusport","https:\/\/x.com\/dicodusport","https:\/\/www.instagram.com\/dicodusport\/","https:\/\/www.youtube.com\/channel\/UC7V2KZ5sd3htJivAbA4ZG3w"],"description":"Dicodusport est l'encyclop\u00e9die de l'actualit\u00e9 sportive.","email":"bonjour@dicodusport.fr","legalName":"DICODUSPORT","foundingDate":"2018-01-14","vatID":"FR71834470973","taxID":"83447097300043","numberOfEmployees":{"@type":"QuantitativeValue","minValue":"1","maxValue":"10"}},{"@type":"Person","@id":"https:\/\/dicodusport.fr\/blog\/#\/schema\/person\/37def232098a7a5cbab3974a3690abb0","name":"Maxime Cazenave","image":{"@type":"ImageObject","inLanguage":"fr-FR","@id":"https:\/\/dicodusport.fr\/blog\/#\/schema\/person\/image\/","url":"https:\/\/dicodusport.fr\/blog\/wp-content\/uploads\/2021\/05\/Maxime-Cazenave-150x150.jpg","contentUrl":"https:\/\/dicodusport.fr\/blog\/wp-content\/uploads\/2021\/05\/Maxime-Cazenave-150x150.jpg","caption":"Maxime Cazenave"},"description":"Journaliste\/R\u00e9dacteur depuis 2012 - Berc\u00e9 par l\u2019amour des Girondins de Bordeaux, les \u00e9checs de Christophe Moreau sur le Tour de France sous l'\u00e8re Lance Armstrong et le fade-away l\u00e9tal de Dirk Nowitzki, ma passion d\u00e9vorante pour le sport a toujours \u00e9t\u00e9 un pan incontournable de ma vie. Transmettre ma passion \u00e0 l\u2019\u00e9crit a \u00e9t\u00e9 une transition naturelle. Suiveur assidu de basket et de hockey sur glace, je garde toujours un peu de place pour suivre le cyclisme, le football et le maximum de performances fran\u00e7aises.","sameAs":["https:\/\/x.com\/https:\/\/twitter.com\/Maxime_Caze"],"url":"https:\/\/dicodusport.fr\/blog\/author\/maximec\/"}]}},"_links":{"self":[{"href":"https:\/\/dicodusport.fr\/blog\/wp-json\/wp\/v2\/posts\/210099","targetHints":{"allow":["GET"]}}],"collection":[{"href":"https:\/\/dicodusport.fr\/blog\/wp-json\/wp\/v2\/posts"}],"about":[{"href":"https:\/\/dicodusport.fr\/blog\/wp-json\/wp\/v2\/types\/post"}],"author":[{"embeddable":true,"href":"https:\/\/dicodusport.fr\/blog\/wp-json\/wp\/v2\/users\/55"}],"replies":[{"embeddable":true,"href":"https:\/\/dicodusport.fr\/blog\/wp-json\/wp\/v2\/comments?post=210099"}],"version-history":[{"count":0,"href":"https:\/\/dicodusport.fr\/blog\/wp-json\/wp\/v2\/posts\/210099\/revisions"}],"wp:featuredmedia":[{"embeddable":true,"href":"https:\/\/dicodusport.fr\/blog\/wp-json\/wp\/v2\/media\/210122"}],"wp:attachment":[{"href":"https:\/\/dicodusport.fr\/blog\/wp-json\/wp\/v2\/media?parent=210099"}],"wp:term":[{"taxonomy":"category","embeddable":true,"href":"https:\/\/dicodusport.fr\/blog\/wp-json\/wp\/v2\/categories?post=210099"},{"taxonomy":"post_tag","embeddable":true,"href":"https:\/\/dicodusport.fr\/blog\/wp-json\/wp\/v2\/tags?post=210099"}],"curies":[{"name":"wp","href":"https:\/\/api.w.org\/{rel}","templated":true}]}}