{"id":210191,"date":"2022-03-21T11:02:43","date_gmt":"2022-03-21T10:02:43","guid":{"rendered":"https:\/\/dicodusport.fr\/blog\/?p=210191&#038;preview=true&#038;preview_id=210191"},"modified":"2022-03-21T11:45:47","modified_gmt":"2022-03-21T10:45:47","slug":"retraite-anais-bescond-sa-carriere-en-8-dates","status":"publish","type":"post","link":"https:\/\/dicodusport.fr\/blog\/retraite-anais-bescond-sa-carriere-en-8-dates\/","title":{"rendered":"Retraite d&rsquo;Ana\u00efs Bescond : Sa carri\u00e8re en 8 dates"},"content":{"rendered":"<p style=\"text-align: justify;\"><b><i>COUPE DU MONDE DE BIATHLON &#8211; Apr\u00e8s une carri\u00e8re bien remplie, <a href=\"https:\/\/dicodusport.fr\/blog\/anais-bescond-dit-stop\/\">Ana\u00efs Bescond a annonc\u00e9 sa retraite<\/a> et disput\u00e9 sa derni\u00e8re course hier \u00e0 Oslo. Retour en huit dates sur les 15 ans de biathlon de la Fran\u00e7aise.\u00a0<\/i><\/b><\/p>\n<h2 style=\"text-align: justify;\">8 mars 2007<\/h2>\n<p style=\"text-align: justify;\">D\u00e9j\u00e0 quadruple m\u00e9daill\u00e9e aux championnats du monde juniors, <strong>Ana\u00efs Bescond<\/strong> effectue ses d\u00e9buts en Coupe du monde lors du sprint d&rsquo;Oslo. Elle d\u00e9barque en \u00e9quipe de France en m\u00eame temps que celle qui deviendra sa meilleure amie sur le circuit, <strong>Marie Dorin-Habert,<\/strong> avec qui elle partagera un podium mondial en 2016. Elle prend une anecdotique 60\u00e8me place mais pose quelques jalons pour le futur. L&rsquo;\u00e9quipe f\u00e9minine a des places vacantes derri\u00e8re sa chef de file de l&rsquo;\u00e9poque, <strong>Sandrine Bailly<\/strong>. Bescond mettra deux ans avant de s&rsquo;imposer au sein de cette \u00e9quipe.<\/p>\n<h2 style=\"text-align: justify;\">13 mars 2011<\/h2>\n<p style=\"text-align: justify;\">Pour ses premiers championnats du monde \u00e0 Khanty-Mans\u00ef\u00efk, la Fran\u00e7aise r\u00e9alise d&rsquo;honn\u00eates r\u00e9sultats (notamment 16\u00e8me de l&rsquo;individuel). Mais c&rsquo;est avec le relais, dont elle deviendra une pi\u00e8ce maitresse, qu&rsquo;elle d\u00e9croche sa premi\u00e8re m\u00e9daille mondiale. Avec <strong>Marie-Laure Brunet, Sophie Boilley<\/strong> et <strong>Marie Dorin-Habert<\/strong>, les Bleues terminent troisi\u00e8mes avant de r\u00e9cup\u00e9rer l&rsquo;argent suite \u00e0 la disqualification de l&rsquo;Ukraine pour dopage d&rsquo;une de leurs biathl\u00e8tes. Ce jeune quatuor lance le d\u00e9but d&rsquo;une belle aventure en bleu pour <strong>Bescond<\/strong>.<\/p>\n<h2 style=\"text-align: justify;\">16 janvier 2014<\/h2>\n<p style=\"text-align: justify;\">En plein essor, <em>Nanass<\/em> remporte ce jour-l\u00e0 sa seule victoire en comp\u00e9tition individuelle de Coupe du monde lors du sprint d&rsquo;Antholz-Anterselva. Malgr\u00e9 une faute au tir, elle virevolte sur les skis pour devancer des grandes dames de la discipline, notamment <strong>Darya Domracheva<\/strong>. Bescond signera au total 14 podiums sur les courses individuelles, mais pas d&rsquo;autres succ\u00e8s. Toujours plac\u00e9e, rarement gagnante, tel aura \u00e9t\u00e9 le leitmotiv de la Fran\u00e7aise durant toutes ces ann\u00e9es.<\/p>\n<blockquote class=\"twitter-tweet\">\n<p dir=\"ltr\" lang=\"fr\">Superbe Anais Bescond ! La fran\u00e7aise remporte le <a href=\"https:\/\/twitter.com\/hashtag\/Sprint?src=hash&amp;ref_src=twsrc%5Etfw\">#Sprint<\/a> d&rsquo;Antholz \u00e0 22 jours de <a href=\"https:\/\/twitter.com\/hashtag\/Sochi2014?src=hash&amp;ref_src=twsrc%5Etfw\">#Sochi2014<\/a> ! <a href=\"http:\/\/t.co\/ij149wTGhU\">pic.twitter.com\/ij149wTGhU<\/a><\/p>\n<p>\u2014 Esprit Glisse Caisse d\u2019Epargne (@EspritGlisse) <a href=\"https:\/\/twitter.com\/EspritGlisse\/status\/423826927447572480?ref_src=twsrc%5Etfw\">January 16, 2014<\/a><\/p><\/blockquote>\n<p><script async src=\"https:\/\/platform.twitter.com\/widgets.js\" charset=\"utf-8\"><\/script><\/p>\n<h2 style=\"text-align: justify;\">3 mars 2016<\/h2>\n<p style=\"text-align: justify;\">Pour la premi\u00e8re \u00e9preuve des championnats du monde d&rsquo;Oslo, <strong>Ana\u00efs Bescond<\/strong> re\u00e7oit la responsabilit\u00e9 de lancer le relais mixte tricolore. Son parcours est de qualit\u00e9, avec aucune erreur au tir, et elle lance parfaitement <strong>Marie-Dorin Habert, Quentin Fillon Maillet<\/strong> et <strong>Martin Fourcade<\/strong> vers un titre de champion du monde. Elle lance ainsi parfaitement ce qui sera sa meilleure campagne aux Mondiaux, puisqu&rsquo;elle prendra quelques jours plus tard l&rsquo;argent sur l&rsquo;individuel, derri\u00e8re <strong>Marie Dorin-Habert<\/strong>, avant que les deux Fran\u00e7aises aillent cueillir une nouvelle m\u00e9daille d&rsquo;argent lors du relais f\u00e9minin, toujours accompagn\u00e9es de <strong>Sophie Boilley<\/strong> et de <strong>Marie-Laure Brunet.<\/strong> Bescond remportera huit m\u00e9dailles mondiales, mais une seule en or, durant sa riche carri\u00e8re.<\/p>\n<h2 style=\"text-align: justify;\">20 f\u00e9vrier 2018<\/h2>\n<p style=\"text-align: justify;\">Si ses JO \u00e0 Sochi \u00e9taient globalement r\u00e9ussis (une 12\u00e8me place lors de la poursuite comme plus mauvais classement), c&rsquo;est \u00e0 PyeongChang qu&rsquo;elle connait la gloire. Deuxi\u00e8me relayeuse, elle sera cependant la seule \u00e0 piocher lors de son parcours mais \u00e9vite la faute fatale, ce qui lui vaudra de monter sur la plus haute marche en compagnie de <strong>Marie Dorin-Habert, Simon Desthieux<\/strong> et <strong>Martin Fourcade<\/strong>. Ces Jeux sont une r\u00e9ussite pour <strong>Bescond<\/strong>, <a href=\"https:\/\/dicodusport.fr\/blog\/jo-2018-biathlon-poursuite-dahlmeier-reine-bescond-bronze\/\">qui prendra le bronze sur la poursuite<\/a> (sa seule m\u00e9daille individuelle aux Jeux) ainsi que sur le relais f\u00e9minin.<\/p>\n<blockquote class=\"twitter-tweet\">\n<p dir=\"ltr\" lang=\"fr\"><a href=\"https:\/\/twitter.com\/hashtag\/Biathlon?src=hash&amp;ref_src=twsrc%5Etfw\">#Biathlon<\/a> : LE RELAIS MIXTE EN OR !!! &#x1f389;&#x1f947;&#x1f1eb;&#x1f1f7;<\/p>\n<p>Dorin-Habert, Bescond, Desthieux et Martin Fourcade offre une cinqui\u00e8me m\u00e9daille d&rsquo;or au clan tricolore ! Historique !! &#x1f4aa;<a href=\"https:\/\/twitter.com\/hashtag\/PyeongChang2018?src=hash&amp;ref_src=twsrc%5Etfw\">#PyeongChang2018<\/a> <a href=\"https:\/\/twitter.com\/hashtag\/JO2018?src=hash&amp;ref_src=twsrc%5Etfw\">#JO2018<\/a><\/p>\n<p>&#x27a1;&#xfe0f;<a href=\"https:\/\/t.co\/qvTIVBP0di\">https:\/\/t.co\/qvTIVBP0di<\/a> <a href=\"https:\/\/t.co\/BwfTYKj8QA\">pic.twitter.com\/BwfTYKj8QA<\/a><\/p>\n<p>\u2014 Dicodusport &#x2b50;&#x2b50; (@dicodusport) <a href=\"https:\/\/twitter.com\/dicodusport\/status\/965926144246779905?ref_src=twsrc%5Etfw\">February 20, 2018<\/a><\/p><\/blockquote>\n<p><script async src=\"https:\/\/platform.twitter.com\/widgets.js\" charset=\"utf-8\"><\/script><\/p>\n<h2 style=\"text-align: justify;\">24 mars 2018<\/h2>\n<p style=\"text-align: justify;\">Alors qu&rsquo;elle n&rsquo;avait sign\u00e9 aucun podium lors de cette saison de Coupe du monde, Ana\u00efs Bescond <a href=\"https:\/\/dicodusport.fr\/blog\/les-femmes-du-week-end-anais-bescond-et-anais-chevalier-finissent-en-beaute\/\">prend la deuxi\u00e8me place de la poursuite<\/a> derri\u00e8re la l\u00e9gende finlandaise <strong>Kaisa M\u00e4k\u00e4r\u00e4inen<\/strong>. Mais ce podium lui permet surtout de valider une septi\u00e8me place au classement g\u00e9n\u00e9ral de la Coupe du monde, ce qui sera son meilleur r\u00e9sultat. Apr\u00e8s des Jeux Olympiques r\u00e9ussis, cette performance met un point final \u00e0 ce qui reste la meilleure saison de sa carri\u00e8re.<\/p>\n<h2>16 d\u00e9cembre 2021<\/h2>\n<p style=\"text-align: justify;\">On ne sait pas encore qu&rsquo;il s&rsquo;agit de la derni\u00e8re saison d&rsquo;Ana\u00efs Bescond, mais elle d\u00e9montre qu&rsquo;elle est toujours en jambes. A domicile, lors de l&rsquo;\u00e9tape du Grand-Bornand, <a href=\"https:\/\/dicodusport.fr\/blog\/poursuite-ostersund-roeiseland-vainqueur-bescond-et-chevalier-bouchet-sur-le-podium\/\">elle va prendre la seconde place du sprint<\/a> derri\u00e8re l&rsquo;intouchable <strong>Marte Olsbu Roieseland<\/strong>. Ce sera le dernier de ses 14 podiums individuels en Coupe du monde, et la derni\u00e8re fois qu&rsquo;elle brillera devant son public. A ce moment-l\u00e0, on n&rsquo;a pas id\u00e9e que ce sera sa derni\u00e8re danse.<\/p>\n<h2>20 mars 2022<\/h2>\n<p style=\"text-align: justify;\">C&rsquo;est \u00e0 Oslo, lieu de ses d\u00e9buts, que la Fran\u00e7aise d\u00e9cide de boucler la boucle, <a href=\"https:\/\/dicodusport.fr\/blog\/mass-start-oslo-la-victoire-petit-globe-justine-braisaz-bouchet\/\">lors d&rsquo;une mass start<\/a> remport\u00e9e par sa compatriote <strong>Justine Braisaz-Bouchet<\/strong>. Une belle fa\u00e7on de passer le t\u00e9moin. Apr\u00e8s des Jeux Olympiques en demi-teinte (1 seul top 10 sur le sprint), elle d\u00e9cide qu&rsquo;il est temps de laisser la place. Le r\u00e9sultat est anecdotique (28\u00e8me avec 6 fautes au tir), mais cela marque tout de m\u00eame la fin d&rsquo;une \u00e8re. Arros\u00e9e de champagne par ses co\u00e9quipi\u00e8res, elle referme le chapitre de 15 ann\u00e9es en Coupe du monde et 287 d\u00e9parts en course individuelle, 3 m\u00e9dailles olympiques et 6 mondiales. Bon vent, Nanass !<\/p>\n<blockquote class=\"twitter-tweet\">\n<p dir=\"ltr\" lang=\"en\">Merci Nanass! What a fantastic career &#8211; almost 20 years of competing internationally &#x1f64f;&#x1f389;<a href=\"https:\/\/twitter.com\/hashtag\/biathlon?src=hash&amp;ref_src=twsrc%5Etfw\">#biathlon<\/a> | <a href=\"https:\/\/twitter.com\/FedFranceSki?ref_src=twsrc%5Etfw\">@FedFranceSki<\/a><\/p>\n<p>Watch live on <a href=\"https:\/\/t.co\/bk5aBBso9Q\">https:\/\/t.co\/bk5aBBso9Q<\/a> and follow on the Official IBU App! &#x1f4f2; <a href=\"https:\/\/t.co\/FUNxLENER9\">pic.twitter.com\/FUNxLENER9<\/a><\/p>\n<p>\u2014 BMW IBU World Cup Biathlon (@IBU_WC) <a href=\"https:\/\/twitter.com\/IBU_WC\/status\/1505533933835988999?ref_src=twsrc%5Etfw\">March 20, 2022<\/a><\/p><\/blockquote>\n<p><script async src=\"https:\/\/platform.twitter.com\/widgets.js\" charset=\"utf-8\"><\/script><\/p>\n","protected":false},"excerpt":{"rendered":"<p>COUPE DU MONDE DE BIATHLON &#8211; Apr\u00e8s une carri\u00e8re bien remplie, Ana\u00efs Bescond a annonc\u00e9 sa retraite et disput\u00e9 sa derni\u00e8re course hier \u00e0 Oslo. Retour en huit dates sur les 15 ans de biathlon de la Fran\u00e7aise.\u00a0<\/p>\n","protected":false},"author":59,"featured_media":210233,"comment_status":"open","ping_status":"closed","sticky":false,"template":"","format":"standard","meta":{"_acf_changed":false,"_daextam_enable_autolinks":"","footnotes":""},"categories":[2426],"tags":[2907,2427,2865,24],"class_list":["post-210191","post","type-post","status-publish","format-standard","has-post-thumbnail","hentry","category-biathlon","tag-anais-bescond","tag-biathlon","tag-equipe-de-france-de-biathlon","tag-sport"],"acf":[],"yoast_head":"<!-- This site is optimized with the Yoast SEO Premium plugin v26.7 (Yoast SEO v26.7) - https:\/\/yoast.com\/wordpress\/plugins\/seo\/ -->\n<title>Retraite d&#039;Ana\u00efs Bescond : Sa carri\u00e8re en 8 dates<\/title>\n<meta name=\"description\" content=\"COUPE DU MONDE DE BIATHLON - Retour en huit dates sur les 15 ans de biathlon &#039;Ana\u00efs Bescond, qui a disput\u00e9 sa derni\u00e8re course hier \u00e0 Oslo.\" \/>\n<meta name=\"robots\" content=\"index, follow, max-snippet:-1, max-image-preview:large, max-video-preview:-1\" \/>\n<link rel=\"canonical\" href=\"https:\/\/dicodusport.fr\/blog\/retraite-anais-bescond-sa-carriere-en-8-dates\/\" \/>\n<meta property=\"og:locale\" content=\"fr_FR\" \/>\n<meta property=\"og:type\" content=\"article\" \/>\n<meta property=\"og:title\" content=\"Retraite d&#039;Ana\u00efs Bescond : Sa carri\u00e8re en 8 dates\" \/>\n<meta property=\"og:description\" content=\"COUPE DU MONDE DE BIATHLON - Retour en huit dates sur les 15 ans de biathlon &#039;Ana\u00efs Bescond, qui a disput\u00e9 sa derni\u00e8re course hier \u00e0 Oslo.\" \/>\n<meta property=\"og:url\" content=\"https:\/\/dicodusport.fr\/blog\/retraite-anais-bescond-sa-carriere-en-8-dates\/\" \/>\n<meta property=\"og:site_name\" content=\"Dicodusport\" \/>\n<meta property=\"article:publisher\" content=\"https:\/\/www.facebook.com\/dicodusport\" \/>\n<meta property=\"article:author\" content=\"https:\/\/www.facebook.com\/sebastien.gente\/\" \/>\n<meta property=\"article:published_time\" content=\"2022-03-21T10:02:43+00:00\" \/>\n<meta property=\"article:modified_time\" content=\"2022-03-21T10:45:47+00:00\" \/>\n<meta property=\"og:image\" content=\"https:\/\/dicodusport.fr\/blog\/wp-content\/uploads\/2022\/03\/Retraite-dAnais-Bescond-Sa-carriere-en-8-dates.png\" \/>\n\t<meta property=\"og:image:width\" content=\"800\" \/>\n\t<meta property=\"og:image:height\" content=\"445\" \/>\n\t<meta property=\"og:image:type\" content=\"image\/png\" \/>\n<meta name=\"author\" content=\"S\u00e9bastien Gente\" \/>\n<meta name=\"twitter:card\" content=\"summary_large_image\" \/>\n<meta name=\"twitter:title\" content=\"Retraite d&#039;Ana\u00efs Bescond : Sa carri\u00e8re en 8 dates\" \/>\n<meta name=\"twitter:creator\" content=\"@https:\/\/twitter.com\/globulo24\" \/>\n<meta name=\"twitter:site\" content=\"@dicodusport\" \/>\n<script type=\"application\/ld+json\" class=\"yoast-schema-graph\">{\"@context\":\"https:\/\/schema.org\",\"@graph\":[{\"@type\":\"NewsArticle\",\"@id\":\"https:\/\/dicodusport.fr\/blog\/retraite-anais-bescond-sa-carriere-en-8-dates\/#article\",\"isPartOf\":{\"@id\":\"https:\/\/dicodusport.fr\/blog\/retraite-anais-bescond-sa-carriere-en-8-dates\/\"},\"author\":{\"name\":\"S\u00e9bastien Gente\",\"@id\":\"https:\/\/dicodusport.fr\/blog\/#\/schema\/person\/627966a6cde45dbd8c5e36ac85d783da\"},\"headline\":\"Retraite d&rsquo;Ana\u00efs Bescond : Sa carri\u00e8re en 8 dates\",\"datePublished\":\"2022-03-21T10:02:43+00:00\",\"dateModified\":\"2022-03-21T10:45:47+00:00\",\"mainEntityOfPage\":{\"@id\":\"https:\/\/dicodusport.fr\/blog\/retraite-anais-bescond-sa-carriere-en-8-dates\/\"},\"wordCount\":992,\"commentCount\":0,\"publisher\":{\"@id\":\"https:\/\/dicodusport.fr\/blog\/#organization\"},\"image\":{\"@id\":\"https:\/\/dicodusport.fr\/blog\/retraite-anais-bescond-sa-carriere-en-8-dates\/#primaryimage\"},\"thumbnailUrl\":\"https:\/\/dicodusport.fr\/blog\/wp-content\/uploads\/2022\/03\/Retraite-dAnais-Bescond-Sa-carriere-en-8-dates.png\",\"keywords\":[\"Anais Bescond\",\"Biathlon\",\"Equipe de France de Biathlon\",\"sport\"],\"articleSection\":[\"Biathlon\"],\"inLanguage\":\"fr-FR\",\"potentialAction\":[{\"@type\":\"CommentAction\",\"name\":\"Comment\",\"target\":[\"https:\/\/dicodusport.fr\/blog\/retraite-anais-bescond-sa-carriere-en-8-dates\/#respond\"]}],\"copyrightYear\":\"2022\",\"copyrightHolder\":{\"@id\":\"https:\/\/dicodusport.fr\/blog\/#organization\"}},{\"@type\":\"WebPage\",\"@id\":\"https:\/\/dicodusport.fr\/blog\/retraite-anais-bescond-sa-carriere-en-8-dates\/\",\"url\":\"https:\/\/dicodusport.fr\/blog\/retraite-anais-bescond-sa-carriere-en-8-dates\/\",\"name\":\"Retraite d'Ana\u00efs Bescond : Sa carri\u00e8re en 8 dates\",\"isPartOf\":{\"@id\":\"https:\/\/dicodusport.fr\/blog\/#website\"},\"primaryImageOfPage\":{\"@id\":\"https:\/\/dicodusport.fr\/blog\/retraite-anais-bescond-sa-carriere-en-8-dates\/#primaryimage\"},\"image\":{\"@id\":\"https:\/\/dicodusport.fr\/blog\/retraite-anais-bescond-sa-carriere-en-8-dates\/#primaryimage\"},\"thumbnailUrl\":\"https:\/\/dicodusport.fr\/blog\/wp-content\/uploads\/2022\/03\/Retraite-dAnais-Bescond-Sa-carriere-en-8-dates.png\",\"datePublished\":\"2022-03-21T10:02:43+00:00\",\"dateModified\":\"2022-03-21T10:45:47+00:00\",\"description\":\"COUPE DU MONDE DE BIATHLON - Retour en huit dates sur les 15 ans de biathlon 'Ana\u00efs Bescond, qui a disput\u00e9 sa derni\u00e8re course hier \u00e0 Oslo.\",\"breadcrumb\":{\"@id\":\"https:\/\/dicodusport.fr\/blog\/retraite-anais-bescond-sa-carriere-en-8-dates\/#breadcrumb\"},\"inLanguage\":\"fr-FR\",\"potentialAction\":[{\"@type\":\"ReadAction\",\"target\":[\"https:\/\/dicodusport.fr\/blog\/retraite-anais-bescond-sa-carriere-en-8-dates\/\"]}]},{\"@type\":\"ImageObject\",\"inLanguage\":\"fr-FR\",\"@id\":\"https:\/\/dicodusport.fr\/blog\/retraite-anais-bescond-sa-carriere-en-8-dates\/#primaryimage\",\"url\":\"https:\/\/dicodusport.fr\/blog\/wp-content\/uploads\/2022\/03\/Retraite-dAnais-Bescond-Sa-carriere-en-8-dates.png\",\"contentUrl\":\"https:\/\/dicodusport.fr\/blog\/wp-content\/uploads\/2022\/03\/Retraite-dAnais-Bescond-Sa-carriere-en-8-dates.png\",\"width\":800,\"height\":445,\"caption\":\"Retraite d'Ana\u00efs Bescond Sa carri\u00e8re en 8 dates\"},{\"@type\":\"BreadcrumbList\",\"@id\":\"https:\/\/dicodusport.fr\/blog\/retraite-anais-bescond-sa-carriere-en-8-dates\/#breadcrumb\",\"itemListElement\":[{\"@type\":\"ListItem\",\"position\":1,\"name\":\"Accueil\",\"item\":\"https:\/\/dicodusport.fr\/blog\/\"},{\"@type\":\"ListItem\",\"position\":2,\"name\":\"Retraite d&rsquo;Ana\u00efs Bescond : Sa carri\u00e8re en 8 dates\"}]},{\"@type\":\"WebSite\",\"@id\":\"https:\/\/dicodusport.fr\/blog\/#website\",\"url\":\"https:\/\/dicodusport.fr\/blog\/\",\"name\":\"Dicodusport\",\"description\":\"L&#039;encyclop\u00e9die de l&#039;actualit\u00e9 sportive\",\"publisher\":{\"@id\":\"https:\/\/dicodusport.fr\/blog\/#organization\"},\"potentialAction\":[{\"@type\":\"SearchAction\",\"target\":{\"@type\":\"EntryPoint\",\"urlTemplate\":\"https:\/\/dicodusport.fr\/blog\/?s={search_term_string}\"},\"query-input\":{\"@type\":\"PropertyValueSpecification\",\"valueRequired\":true,\"valueName\":\"search_term_string\"}}],\"inLanguage\":\"fr-FR\"},{\"@type\":\"NewsMediaOrganization\",\"@id\":\"https:\/\/dicodusport.fr\/blog\/#organization\",\"name\":\"Dicodusport\",\"url\":\"https:\/\/dicodusport.fr\/blog\/\",\"logo\":{\"@type\":\"ImageObject\",\"inLanguage\":\"fr-FR\",\"@id\":\"https:\/\/dicodusport.fr\/blog\/#\/schema\/logo\/image\/\",\"url\":\"https:\/\/dicodusport.fr\/blog\/wp-content\/uploads\/2020\/06\/cropped-LOGO-DICODUSPORT-2020-SANS-FOND-SANS-TEXTE.png\",\"contentUrl\":\"https:\/\/dicodusport.fr\/blog\/wp-content\/uploads\/2020\/06\/cropped-LOGO-DICODUSPORT-2020-SANS-FOND-SANS-TEXTE.png\",\"width\":512,\"height\":512,\"caption\":\"Dicodusport\"},\"image\":{\"@id\":\"https:\/\/dicodusport.fr\/blog\/#\/schema\/logo\/image\/\"},\"sameAs\":[\"https:\/\/www.facebook.com\/dicodusport\",\"https:\/\/x.com\/dicodusport\",\"https:\/\/www.instagram.com\/dicodusport\/\",\"https:\/\/www.youtube.com\/channel\/UC7V2KZ5sd3htJivAbA4ZG3w\"],\"description\":\"Dicodusport est l'encyclop\u00e9die de l'actualit\u00e9 sportive.\",\"email\":\"bonjour@dicodusport.fr\",\"legalName\":\"DICODUSPORT\",\"foundingDate\":\"2018-01-14\",\"vatID\":\"FR71834470973\",\"taxID\":\"83447097300043\",\"numberOfEmployees\":{\"@type\":\"QuantitativeValue\",\"minValue\":\"1\",\"maxValue\":\"10\"}},{\"@type\":\"Person\",\"@id\":\"https:\/\/dicodusport.fr\/blog\/#\/schema\/person\/627966a6cde45dbd8c5e36ac85d783da\",\"name\":\"S\u00e9bastien Gente\",\"image\":{\"@type\":\"ImageObject\",\"inLanguage\":\"fr-FR\",\"@id\":\"https:\/\/dicodusport.fr\/blog\/#\/schema\/person\/image\/\",\"url\":\"https:\/\/dicodusport.fr\/blog\/wp-content\/uploads\/2021\/09\/1510990_10205810251400683_4124423575079401707_n-150x150.jpg\",\"contentUrl\":\"https:\/\/dicodusport.fr\/blog\/wp-content\/uploads\/2021\/09\/1510990_10205810251400683_4124423575079401707_n-150x150.jpg\",\"caption\":\"S\u00e9bastien Gente\"},\"description\":\"John Stockton, Gianni Bugno, Zinedine Zidane, Steffi Graf, Frode Andresen, St\u00e9phane Stoecklin, Davis Kamoga, Primoz Peterka, Werner Schlager et Aur\u00e9lien Rougerie. Point commun entre ces sportifs? Ils m'ont fait r\u00eaver et ont berc\u00e9 mon adolescence. Je suis un fondu de sports et j'essaie de retranscrire ma passion \u00e0 travers mes articles. Originaire du P\u00e9rigord, ma passion pour les Girondins, les Jaunards et les Jazzmen transpire dans mes \u00e9crits. \u00c0 Dicodusport depuis 2021, je d\u00e9niche les sports m\u00e9connus dans lesquels la France brille, et il y en a !\",\"sameAs\":[\"https:\/\/www.facebook.com\/sebastien.gente\/\",\"https:\/\/www.instagram.com\/sebgente\/\",\"https:\/\/www.linkedin.com\/in\/sbastien-gente-a29583169\/\",\"https:\/\/x.com\/https:\/\/twitter.com\/globulo24\",\"SebastienGente\"],\"worksFor\":\"S\u00e9bastien GENTE\",\"url\":\"https:\/\/dicodusport.fr\/blog\/author\/sebastiengente\/\"}]}<\/script>\n<!-- \/ Yoast SEO Premium plugin. -->","yoast_head_json":{"title":"Retraite d'Ana\u00efs Bescond : Sa carri\u00e8re en 8 dates","description":"COUPE DU MONDE DE BIATHLON - Retour en huit dates sur les 15 ans de biathlon 'Ana\u00efs Bescond, qui a disput\u00e9 sa derni\u00e8re course hier \u00e0 Oslo.","robots":{"index":"index","follow":"follow","max-snippet":"max-snippet:-1","max-image-preview":"max-image-preview:large","max-video-preview":"max-video-preview:-1"},"canonical":"https:\/\/dicodusport.fr\/blog\/retraite-anais-bescond-sa-carriere-en-8-dates\/","og_locale":"fr_FR","og_type":"article","og_title":"Retraite d'Ana\u00efs Bescond : Sa carri\u00e8re en 8 dates","og_description":"COUPE DU MONDE DE BIATHLON - Retour en huit dates sur les 15 ans de biathlon 'Ana\u00efs Bescond, qui a disput\u00e9 sa derni\u00e8re course hier \u00e0 Oslo.","og_url":"https:\/\/dicodusport.fr\/blog\/retraite-anais-bescond-sa-carriere-en-8-dates\/","og_site_name":"Dicodusport","article_publisher":"https:\/\/www.facebook.com\/dicodusport","article_author":"https:\/\/www.facebook.com\/sebastien.gente\/","article_published_time":"2022-03-21T10:02:43+00:00","article_modified_time":"2022-03-21T10:45:47+00:00","og_image":[{"width":800,"height":445,"url":"https:\/\/dicodusport.fr\/blog\/wp-content\/uploads\/2022\/03\/Retraite-dAnais-Bescond-Sa-carriere-en-8-dates.png","type":"image\/png"}],"author":"S\u00e9bastien Gente","twitter_card":"summary_large_image","twitter_title":"Retraite d'Ana\u00efs Bescond : Sa carri\u00e8re en 8 dates","twitter_creator":"@https:\/\/twitter.com\/globulo24","twitter_site":"@dicodusport","schema":{"@context":"https:\/\/schema.org","@graph":[{"@type":"NewsArticle","@id":"https:\/\/dicodusport.fr\/blog\/retraite-anais-bescond-sa-carriere-en-8-dates\/#article","isPartOf":{"@id":"https:\/\/dicodusport.fr\/blog\/retraite-anais-bescond-sa-carriere-en-8-dates\/"},"author":{"name":"S\u00e9bastien Gente","@id":"https:\/\/dicodusport.fr\/blog\/#\/schema\/person\/627966a6cde45dbd8c5e36ac85d783da"},"headline":"Retraite d&rsquo;Ana\u00efs Bescond : Sa carri\u00e8re en 8 dates","datePublished":"2022-03-21T10:02:43+00:00","dateModified":"2022-03-21T10:45:47+00:00","mainEntityOfPage":{"@id":"https:\/\/dicodusport.fr\/blog\/retraite-anais-bescond-sa-carriere-en-8-dates\/"},"wordCount":992,"commentCount":0,"publisher":{"@id":"https:\/\/dicodusport.fr\/blog\/#organization"},"image":{"@id":"https:\/\/dicodusport.fr\/blog\/retraite-anais-bescond-sa-carriere-en-8-dates\/#primaryimage"},"thumbnailUrl":"https:\/\/dicodusport.fr\/blog\/wp-content\/uploads\/2022\/03\/Retraite-dAnais-Bescond-Sa-carriere-en-8-dates.png","keywords":["Anais Bescond","Biathlon","Equipe de France de Biathlon","sport"],"articleSection":["Biathlon"],"inLanguage":"fr-FR","potentialAction":[{"@type":"CommentAction","name":"Comment","target":["https:\/\/dicodusport.fr\/blog\/retraite-anais-bescond-sa-carriere-en-8-dates\/#respond"]}],"copyrightYear":"2022","copyrightHolder":{"@id":"https:\/\/dicodusport.fr\/blog\/#organization"}},{"@type":"WebPage","@id":"https:\/\/dicodusport.fr\/blog\/retraite-anais-bescond-sa-carriere-en-8-dates\/","url":"https:\/\/dicodusport.fr\/blog\/retraite-anais-bescond-sa-carriere-en-8-dates\/","name":"Retraite d'Ana\u00efs Bescond : Sa carri\u00e8re en 8 dates","isPartOf":{"@id":"https:\/\/dicodusport.fr\/blog\/#website"},"primaryImageOfPage":{"@id":"https:\/\/dicodusport.fr\/blog\/retraite-anais-bescond-sa-carriere-en-8-dates\/#primaryimage"},"image":{"@id":"https:\/\/dicodusport.fr\/blog\/retraite-anais-bescond-sa-carriere-en-8-dates\/#primaryimage"},"thumbnailUrl":"https:\/\/dicodusport.fr\/blog\/wp-content\/uploads\/2022\/03\/Retraite-dAnais-Bescond-Sa-carriere-en-8-dates.png","datePublished":"2022-03-21T10:02:43+00:00","dateModified":"2022-03-21T10:45:47+00:00","description":"COUPE DU MONDE DE BIATHLON - Retour en huit dates sur les 15 ans de biathlon 'Ana\u00efs Bescond, qui a disput\u00e9 sa derni\u00e8re course hier \u00e0 Oslo.","breadcrumb":{"@id":"https:\/\/dicodusport.fr\/blog\/retraite-anais-bescond-sa-carriere-en-8-dates\/#breadcrumb"},"inLanguage":"fr-FR","potentialAction":[{"@type":"ReadAction","target":["https:\/\/dicodusport.fr\/blog\/retraite-anais-bescond-sa-carriere-en-8-dates\/"]}]},{"@type":"ImageObject","inLanguage":"fr-FR","@id":"https:\/\/dicodusport.fr\/blog\/retraite-anais-bescond-sa-carriere-en-8-dates\/#primaryimage","url":"https:\/\/dicodusport.fr\/blog\/wp-content\/uploads\/2022\/03\/Retraite-dAnais-Bescond-Sa-carriere-en-8-dates.png","contentUrl":"https:\/\/dicodusport.fr\/blog\/wp-content\/uploads\/2022\/03\/Retraite-dAnais-Bescond-Sa-carriere-en-8-dates.png","width":800,"height":445,"caption":"Retraite d'Ana\u00efs Bescond Sa carri\u00e8re en 8 dates"},{"@type":"BreadcrumbList","@id":"https:\/\/dicodusport.fr\/blog\/retraite-anais-bescond-sa-carriere-en-8-dates\/#breadcrumb","itemListElement":[{"@type":"ListItem","position":1,"name":"Accueil","item":"https:\/\/dicodusport.fr\/blog\/"},{"@type":"ListItem","position":2,"name":"Retraite d&rsquo;Ana\u00efs Bescond : Sa carri\u00e8re en 8 dates"}]},{"@type":"WebSite","@id":"https:\/\/dicodusport.fr\/blog\/#website","url":"https:\/\/dicodusport.fr\/blog\/","name":"Dicodusport","description":"L&#039;encyclop\u00e9die de l&#039;actualit\u00e9 sportive","publisher":{"@id":"https:\/\/dicodusport.fr\/blog\/#organization"},"potentialAction":[{"@type":"SearchAction","target":{"@type":"EntryPoint","urlTemplate":"https:\/\/dicodusport.fr\/blog\/?s={search_term_string}"},"query-input":{"@type":"PropertyValueSpecification","valueRequired":true,"valueName":"search_term_string"}}],"inLanguage":"fr-FR"},{"@type":"NewsMediaOrganization","@id":"https:\/\/dicodusport.fr\/blog\/#organization","name":"Dicodusport","url":"https:\/\/dicodusport.fr\/blog\/","logo":{"@type":"ImageObject","inLanguage":"fr-FR","@id":"https:\/\/dicodusport.fr\/blog\/#\/schema\/logo\/image\/","url":"https:\/\/dicodusport.fr\/blog\/wp-content\/uploads\/2020\/06\/cropped-LOGO-DICODUSPORT-2020-SANS-FOND-SANS-TEXTE.png","contentUrl":"https:\/\/dicodusport.fr\/blog\/wp-content\/uploads\/2020\/06\/cropped-LOGO-DICODUSPORT-2020-SANS-FOND-SANS-TEXTE.png","width":512,"height":512,"caption":"Dicodusport"},"image":{"@id":"https:\/\/dicodusport.fr\/blog\/#\/schema\/logo\/image\/"},"sameAs":["https:\/\/www.facebook.com\/dicodusport","https:\/\/x.com\/dicodusport","https:\/\/www.instagram.com\/dicodusport\/","https:\/\/www.youtube.com\/channel\/UC7V2KZ5sd3htJivAbA4ZG3w"],"description":"Dicodusport est l'encyclop\u00e9die de l'actualit\u00e9 sportive.","email":"bonjour@dicodusport.fr","legalName":"DICODUSPORT","foundingDate":"2018-01-14","vatID":"FR71834470973","taxID":"83447097300043","numberOfEmployees":{"@type":"QuantitativeValue","minValue":"1","maxValue":"10"}},{"@type":"Person","@id":"https:\/\/dicodusport.fr\/blog\/#\/schema\/person\/627966a6cde45dbd8c5e36ac85d783da","name":"S\u00e9bastien Gente","image":{"@type":"ImageObject","inLanguage":"fr-FR","@id":"https:\/\/dicodusport.fr\/blog\/#\/schema\/person\/image\/","url":"https:\/\/dicodusport.fr\/blog\/wp-content\/uploads\/2021\/09\/1510990_10205810251400683_4124423575079401707_n-150x150.jpg","contentUrl":"https:\/\/dicodusport.fr\/blog\/wp-content\/uploads\/2021\/09\/1510990_10205810251400683_4124423575079401707_n-150x150.jpg","caption":"S\u00e9bastien Gente"},"description":"John Stockton, Gianni Bugno, Zinedine Zidane, Steffi Graf, Frode Andresen, St\u00e9phane Stoecklin, Davis Kamoga, Primoz Peterka, Werner Schlager et Aur\u00e9lien Rougerie. Point commun entre ces sportifs? Ils m'ont fait r\u00eaver et ont berc\u00e9 mon adolescence. Je suis un fondu de sports et j'essaie de retranscrire ma passion \u00e0 travers mes articles. Originaire du P\u00e9rigord, ma passion pour les Girondins, les Jaunards et les Jazzmen transpire dans mes \u00e9crits. \u00c0 Dicodusport depuis 2021, je d\u00e9niche les sports m\u00e9connus dans lesquels la France brille, et il y en a !","sameAs":["https:\/\/www.facebook.com\/sebastien.gente\/","https:\/\/www.instagram.com\/sebgente\/","https:\/\/www.linkedin.com\/in\/sbastien-gente-a29583169\/","https:\/\/x.com\/https:\/\/twitter.com\/globulo24","SebastienGente"],"worksFor":"S\u00e9bastien GENTE","url":"https:\/\/dicodusport.fr\/blog\/author\/sebastiengente\/"}]}},"_links":{"self":[{"href":"https:\/\/dicodusport.fr\/blog\/wp-json\/wp\/v2\/posts\/210191","targetHints":{"allow":["GET"]}}],"collection":[{"href":"https:\/\/dicodusport.fr\/blog\/wp-json\/wp\/v2\/posts"}],"about":[{"href":"https:\/\/dicodusport.fr\/blog\/wp-json\/wp\/v2\/types\/post"}],"author":[{"embeddable":true,"href":"https:\/\/dicodusport.fr\/blog\/wp-json\/wp\/v2\/users\/59"}],"replies":[{"embeddable":true,"href":"https:\/\/dicodusport.fr\/blog\/wp-json\/wp\/v2\/comments?post=210191"}],"version-history":[{"count":0,"href":"https:\/\/dicodusport.fr\/blog\/wp-json\/wp\/v2\/posts\/210191\/revisions"}],"wp:featuredmedia":[{"embeddable":true,"href":"https:\/\/dicodusport.fr\/blog\/wp-json\/wp\/v2\/media\/210233"}],"wp:attachment":[{"href":"https:\/\/dicodusport.fr\/blog\/wp-json\/wp\/v2\/media?parent=210191"}],"wp:term":[{"taxonomy":"category","embeddable":true,"href":"https:\/\/dicodusport.fr\/blog\/wp-json\/wp\/v2\/categories?post=210191"},{"taxonomy":"post_tag","embeddable":true,"href":"https:\/\/dicodusport.fr\/blog\/wp-json\/wp\/v2\/tags?post=210191"}],"curies":[{"name":"wp","href":"https:\/\/api.w.org\/{rel}","templated":true}]}}