{"id":210447,"date":"2022-03-22T12:26:32","date_gmt":"2022-03-22T11:26:32","guid":{"rendered":"https:\/\/dicodusport.fr\/blog\/?p=210447"},"modified":"2022-03-22T12:26:32","modified_gmt":"2022-03-22T11:26:32","slug":"foje-dhiver-2022-tawan-thomas-se-pare-dor-sur-500m-en-short-track","status":"publish","type":"post","link":"https:\/\/dicodusport.fr\/blog\/foje-dhiver-2022-tawan-thomas-se-pare-dor-sur-500m-en-short-track\/","title":{"rendered":"FOJE d&rsquo;hiver 2022 : Tawan Thomas se pare d&rsquo;or sur 500m en short-track"},"content":{"rendered":"<p style=\"text-align: justify;\"><strong><em><a href=\"https:\/\/dicodusport.fr\/blog\/foje-d-hiver-2022-le-programme-complet-et-detaille\/\">FESTIVAL OLYMPIQUE DE LA JEUNESSE EUROP\u00c9NNE D&rsquo;HIVER 2022<\/a> &#8211; <a href=\"https:\/\/dicodusport.fr\/blog\/foje-hiver-2022-medaille-de-bronze-pour-eva-grenouilloux-et-tawan-thomas-en-short-track\/\">En bronze hier sur 1 500 m\u00e8tres<\/a>, Tawan Thomas continue de briller. Deuxi\u00e8me \u00e9preuve en deux jours et d\u00e9j\u00e0 sa deuxi\u00e8me m\u00e9daille, la plus belle cette fois-ci.<\/em><\/strong><\/p>\n<h2>Belles promesses pour le short-track fran\u00e7ais<\/h2>\n<p style=\"text-align: justify;\">En plus de remplir son r\u00f4le de porte-drapeau \u00e0 merveille, <strong>Tawan Thomas <\/strong>fait briller une discipline qui a bien du mal \u00e0 s&rsquo;imposer en France, le short-track. En bronze derri\u00e8re deux Italiens hier sur 1500 m\u00e8tres, c&rsquo;est cette fois le Fran\u00e7ais qui a pris le dessus dans cette finale \u00e0 quatre. D\u00e9j\u00e0 second hier, l&rsquo;Italien <strong>Lorenzo Previtali<\/strong> est une nouvelle fois en argent, et le N\u00e9erlandais <strong>Niels Bergsma<\/strong> gagne une place et prend le bronze. Vainqueur hier, <strong>Alessandro Loreggia<\/strong> termine sans m\u00e9daille. L&rsquo;autre Fran\u00e7ais, <strong>Simon Bastier<\/strong>, s&rsquo;arr\u00eate d\u00e8s les s\u00e9ries. Chez les femmes, <strong>Eva Grenouilloux<\/strong>, en bronze hier, termine au pied du podium et <strong>B\u00e9r\u00e9nice Comby<\/strong> est 6\u00e8me. Derni\u00e8re \u00e9preuve individuelle demain avec le 1000 m\u00e8tres avant le relais mixte vendredi.<\/p>\n<blockquote class=\"twitter-tweet\">\n<p dir=\"ltr\" lang=\"fr\">M\u00e9daille d&rsquo;or pour Tawan Thomas sur le 500m en patinage de vitesse sur piste courte ! &#x1f947;<\/p>\n<p>Plus rien n&rsquo;arr\u00eate notre porte-drapeau &#x1f525;<a href=\"https:\/\/twitter.com\/hashtag\/FOJE?src=hash&amp;ref_src=twsrc%5Etfw\">#FOJE<\/a> <a href=\"https:\/\/twitter.com\/hashtag\/Vuokatti2022?src=hash&amp;ref_src=twsrc%5Etfw\">#Vuokatti2022<\/a> <a href=\"https:\/\/twitter.com\/hashtag\/EYOFVuokatti2022?src=hash&amp;ref_src=twsrc%5Etfw\">#EYOFVuokatti2022<\/a> <a href=\"https:\/\/t.co\/WnZk8kNbni\">pic.twitter.com\/WnZk8kNbni<\/a><\/p>\n<p>\u2014 FranceOlympique (@FranceOlympique) <a href=\"https:\/\/twitter.com\/FranceOlympique\/status\/1506216915353677827?ref_src=twsrc%5Etfw\">March 22, 2022<\/a><\/p><\/blockquote>\n<p><script async src=\"https:\/\/platform.twitter.com\/widgets.js\" charset=\"utf-8\"><\/script><\/p>\n","protected":false},"excerpt":{"rendered":"<p>FESTIVAL OLYMPIQUE DE LA JEUNESSE EUROP\u00c9NNE D&rsquo;HIVER 2022 &#8211; En bronze hier sur 1500 m\u00e8tres, Tawan Thomas continue de briller. Deuxi\u00e8me \u00e9preuve en deux jours et d\u00e9j\u00e0 sa deuxi\u00e8me m\u00e9daille, la plus belle cette fois-ci.<\/p>\n","protected":false},"author":43,"featured_media":210455,"comment_status":"open","ping_status":"closed","sticky":false,"template":"","format":"standard","meta":{"_acf_changed":false,"_daextam_enable_autolinks":"","footnotes":""},"categories":[2366],"tags":[22095,2646,24],"class_list":["post-210447","post","type-post","status-publish","format-standard","has-post-thumbnail","hentry","category-multisports","tag-festival-olympique-de-la-jeunesse-europeenne-dhiver","tag-short-track","tag-sport"],"acf":[],"yoast_head":"<!-- This site is optimized with the Yoast SEO Premium plugin v26.7 (Yoast SEO v26.7) - https:\/\/yoast.com\/wordpress\/plugins\/seo\/ -->\n<title>FOJE d&#039;hiver 2022 : Tawan Thomas se pare d&#039;or sur 500m en short-track<\/title>\n<meta name=\"description\" content=\"FESTIVAL OLYMPIQUE DE LA JEUNESSE EUROP\u00c9NNE D&#039;HIVER 2022 - En bronze hier sur 1500 m\u00e8tres, Tawan Thomas continue de briller.\" \/>\n<meta name=\"robots\" content=\"index, follow, max-snippet:-1, max-image-preview:large, max-video-preview:-1\" \/>\n<link rel=\"canonical\" href=\"https:\/\/dicodusport.fr\/blog\/foje-dhiver-2022-tawan-thomas-se-pare-dor-sur-500m-en-short-track\/\" \/>\n<meta property=\"og:locale\" content=\"fr_FR\" \/>\n<meta property=\"og:type\" content=\"article\" \/>\n<meta property=\"og:title\" content=\"FOJE d&#039;hiver 2022 : Tawan Thomas se pare d&#039;or sur 500m en short-track\" \/>\n<meta property=\"og:description\" content=\"FESTIVAL OLYMPIQUE DE LA JEUNESSE EUROP\u00c9NNE D&#039;HIVER 2022 - En bronze hier sur 1500 m\u00e8tres, Tawan Thomas continue de briller.\" \/>\n<meta property=\"og:url\" content=\"https:\/\/dicodusport.fr\/blog\/foje-dhiver-2022-tawan-thomas-se-pare-dor-sur-500m-en-short-track\/\" \/>\n<meta property=\"og:site_name\" content=\"Dicodusport\" \/>\n<meta property=\"article:publisher\" content=\"https:\/\/www.facebook.com\/dicodusport\" \/>\n<meta property=\"article:author\" content=\"https:\/\/www.facebook.com\/Max.Bld2\/\" \/>\n<meta property=\"article:published_time\" content=\"2022-03-22T11:26:32+00:00\" \/>\n<meta property=\"og:image\" content=\"https:\/\/dicodusport.fr\/blog\/wp-content\/uploads\/2022\/03\/FOJE-dhiver-2022-Tawan-Thomas-se-pare-dor-sur-500m-en-short-track.png\" \/>\n\t<meta property=\"og:image:width\" content=\"800\" \/>\n\t<meta property=\"og:image:height\" content=\"445\" \/>\n\t<meta property=\"og:image:type\" content=\"image\/png\" \/>\n<meta name=\"author\" content=\"Maxime Boulard\" \/>\n<meta name=\"twitter:card\" content=\"summary_large_image\" \/>\n<meta name=\"twitter:title\" content=\"FOJE d&#039;hiver 2022 : Tawan Thomas se pare d&#039;or sur 500m en short-track\" \/>\n<meta name=\"twitter:creator\" content=\"@https:\/\/twitter.com\/MaximeB_2\" \/>\n<meta name=\"twitter:site\" content=\"@dicodusport\" \/>\n<script type=\"application\/ld+json\" class=\"yoast-schema-graph\">{\"@context\":\"https:\/\/schema.org\",\"@graph\":[{\"@type\":\"NewsArticle\",\"@id\":\"https:\/\/dicodusport.fr\/blog\/foje-dhiver-2022-tawan-thomas-se-pare-dor-sur-500m-en-short-track\/#article\",\"isPartOf\":{\"@id\":\"https:\/\/dicodusport.fr\/blog\/foje-dhiver-2022-tawan-thomas-se-pare-dor-sur-500m-en-short-track\/\"},\"author\":{\"name\":\"Maxime Boulard\",\"@id\":\"https:\/\/dicodusport.fr\/blog\/#\/schema\/person\/5aab10ee856e86ac63e9819a9da34784\"},\"headline\":\"FOJE d&rsquo;hiver 2022 : Tawan Thomas se pare d&rsquo;or sur 500m en short-track\",\"datePublished\":\"2022-03-22T11:26:32+00:00\",\"mainEntityOfPage\":{\"@id\":\"https:\/\/dicodusport.fr\/blog\/foje-dhiver-2022-tawan-thomas-se-pare-dor-sur-500m-en-short-track\/\"},\"wordCount\":235,\"commentCount\":0,\"publisher\":{\"@id\":\"https:\/\/dicodusport.fr\/blog\/#organization\"},\"image\":{\"@id\":\"https:\/\/dicodusport.fr\/blog\/foje-dhiver-2022-tawan-thomas-se-pare-dor-sur-500m-en-short-track\/#primaryimage\"},\"thumbnailUrl\":\"https:\/\/dicodusport.fr\/blog\/wp-content\/uploads\/2022\/03\/FOJE-dhiver-2022-Tawan-Thomas-se-pare-dor-sur-500m-en-short-track.png\",\"keywords\":[\"Festival Olympique de la Jeunesse Europ\u00e9enne d'hiver\",\"short track\",\"sport\"],\"articleSection\":[\"Multisports\"],\"inLanguage\":\"fr-FR\",\"potentialAction\":[{\"@type\":\"CommentAction\",\"name\":\"Comment\",\"target\":[\"https:\/\/dicodusport.fr\/blog\/foje-dhiver-2022-tawan-thomas-se-pare-dor-sur-500m-en-short-track\/#respond\"]}],\"copyrightYear\":\"2022\",\"copyrightHolder\":{\"@id\":\"https:\/\/dicodusport.fr\/blog\/#organization\"}},{\"@type\":\"WebPage\",\"@id\":\"https:\/\/dicodusport.fr\/blog\/foje-dhiver-2022-tawan-thomas-se-pare-dor-sur-500m-en-short-track\/\",\"url\":\"https:\/\/dicodusport.fr\/blog\/foje-dhiver-2022-tawan-thomas-se-pare-dor-sur-500m-en-short-track\/\",\"name\":\"FOJE d'hiver 2022 : Tawan Thomas se pare d'or sur 500m en short-track\",\"isPartOf\":{\"@id\":\"https:\/\/dicodusport.fr\/blog\/#website\"},\"primaryImageOfPage\":{\"@id\":\"https:\/\/dicodusport.fr\/blog\/foje-dhiver-2022-tawan-thomas-se-pare-dor-sur-500m-en-short-track\/#primaryimage\"},\"image\":{\"@id\":\"https:\/\/dicodusport.fr\/blog\/foje-dhiver-2022-tawan-thomas-se-pare-dor-sur-500m-en-short-track\/#primaryimage\"},\"thumbnailUrl\":\"https:\/\/dicodusport.fr\/blog\/wp-content\/uploads\/2022\/03\/FOJE-dhiver-2022-Tawan-Thomas-se-pare-dor-sur-500m-en-short-track.png\",\"datePublished\":\"2022-03-22T11:26:32+00:00\",\"description\":\"FESTIVAL OLYMPIQUE DE LA JEUNESSE EUROP\u00c9NNE D'HIVER 2022 - En bronze hier sur 1500 m\u00e8tres, Tawan Thomas continue de briller.\",\"breadcrumb\":{\"@id\":\"https:\/\/dicodusport.fr\/blog\/foje-dhiver-2022-tawan-thomas-se-pare-dor-sur-500m-en-short-track\/#breadcrumb\"},\"inLanguage\":\"fr-FR\",\"potentialAction\":[{\"@type\":\"ReadAction\",\"target\":[\"https:\/\/dicodusport.fr\/blog\/foje-dhiver-2022-tawan-thomas-se-pare-dor-sur-500m-en-short-track\/\"]}]},{\"@type\":\"ImageObject\",\"inLanguage\":\"fr-FR\",\"@id\":\"https:\/\/dicodusport.fr\/blog\/foje-dhiver-2022-tawan-thomas-se-pare-dor-sur-500m-en-short-track\/#primaryimage\",\"url\":\"https:\/\/dicodusport.fr\/blog\/wp-content\/uploads\/2022\/03\/FOJE-dhiver-2022-Tawan-Thomas-se-pare-dor-sur-500m-en-short-track.png\",\"contentUrl\":\"https:\/\/dicodusport.fr\/blog\/wp-content\/uploads\/2022\/03\/FOJE-dhiver-2022-Tawan-Thomas-se-pare-dor-sur-500m-en-short-track.png\",\"width\":800,\"height\":445,\"caption\":\"FOJE d'hiver 2022 Tawan Thomas se pare d'or sur 500m en short-track\"},{\"@type\":\"BreadcrumbList\",\"@id\":\"https:\/\/dicodusport.fr\/blog\/foje-dhiver-2022-tawan-thomas-se-pare-dor-sur-500m-en-short-track\/#breadcrumb\",\"itemListElement\":[{\"@type\":\"ListItem\",\"position\":1,\"name\":\"Accueil\",\"item\":\"https:\/\/dicodusport.fr\/blog\/\"},{\"@type\":\"ListItem\",\"position\":2,\"name\":\"FOJE d&rsquo;hiver 2022 : Tawan Thomas se pare d&rsquo;or sur 500m en short-track\"}]},{\"@type\":\"WebSite\",\"@id\":\"https:\/\/dicodusport.fr\/blog\/#website\",\"url\":\"https:\/\/dicodusport.fr\/blog\/\",\"name\":\"Dicodusport\",\"description\":\"L&#039;encyclop\u00e9die de l&#039;actualit\u00e9 sportive\",\"publisher\":{\"@id\":\"https:\/\/dicodusport.fr\/blog\/#organization\"},\"potentialAction\":[{\"@type\":\"SearchAction\",\"target\":{\"@type\":\"EntryPoint\",\"urlTemplate\":\"https:\/\/dicodusport.fr\/blog\/?s={search_term_string}\"},\"query-input\":{\"@type\":\"PropertyValueSpecification\",\"valueRequired\":true,\"valueName\":\"search_term_string\"}}],\"inLanguage\":\"fr-FR\"},{\"@type\":\"NewsMediaOrganization\",\"@id\":\"https:\/\/dicodusport.fr\/blog\/#organization\",\"name\":\"Dicodusport\",\"url\":\"https:\/\/dicodusport.fr\/blog\/\",\"logo\":{\"@type\":\"ImageObject\",\"inLanguage\":\"fr-FR\",\"@id\":\"https:\/\/dicodusport.fr\/blog\/#\/schema\/logo\/image\/\",\"url\":\"https:\/\/dicodusport.fr\/blog\/wp-content\/uploads\/2020\/06\/cropped-LOGO-DICODUSPORT-2020-SANS-FOND-SANS-TEXTE.png\",\"contentUrl\":\"https:\/\/dicodusport.fr\/blog\/wp-content\/uploads\/2020\/06\/cropped-LOGO-DICODUSPORT-2020-SANS-FOND-SANS-TEXTE.png\",\"width\":512,\"height\":512,\"caption\":\"Dicodusport\"},\"image\":{\"@id\":\"https:\/\/dicodusport.fr\/blog\/#\/schema\/logo\/image\/\"},\"sameAs\":[\"https:\/\/www.facebook.com\/dicodusport\",\"https:\/\/x.com\/dicodusport\",\"https:\/\/www.instagram.com\/dicodusport\/\",\"https:\/\/www.youtube.com\/channel\/UC7V2KZ5sd3htJivAbA4ZG3w\"],\"description\":\"Dicodusport est l'encyclop\u00e9die de l'actualit\u00e9 sportive.\",\"email\":\"bonjour@dicodusport.fr\",\"legalName\":\"DICODUSPORT\",\"foundingDate\":\"2018-01-14\",\"vatID\":\"FR71834470973\",\"taxID\":\"83447097300043\",\"numberOfEmployees\":{\"@type\":\"QuantitativeValue\",\"minValue\":\"1\",\"maxValue\":\"10\"}},{\"@type\":\"Person\",\"@id\":\"https:\/\/dicodusport.fr\/blog\/#\/schema\/person\/5aab10ee856e86ac63e9819a9da34784\",\"name\":\"Maxime Boulard\",\"image\":{\"@type\":\"ImageObject\",\"inLanguage\":\"fr-FR\",\"@id\":\"https:\/\/dicodusport.fr\/blog\/#\/schema\/person\/image\/\",\"url\":\"https:\/\/dicodusport.fr\/blog\/wp-content\/uploads\/2021\/05\/Maxime-Boulard-150x150.jpg\",\"contentUrl\":\"https:\/\/dicodusport.fr\/blog\/wp-content\/uploads\/2021\/05\/Maxime-Boulard-150x150.jpg\",\"caption\":\"Maxime Boulard\"},\"description\":\"Journaliste\/r\u00e9dacteur depuis octobre 2020 - Si mon plus vieux souvenir de sport aurait pu m'en d\u00e9go\u00fbter, la finale de la Coupe du monde 2006 a \u00e9t\u00e9 tout le contraire. V\u00e9ritable d\u00e9clencheur d'une passion qui aujourd'hui ne fait que grandir avec le temps, mon leitmotiv est la France qui brille ! Je relate les exploits pass\u00e9s et pr\u00e9sents du sport bleu-blanc-rouge sans m\u00e9nagement depuis octobre 2020. Sport valide ou handisport, aucune diff\u00e9rence, il n'y a que du sport et plusieurs fa\u00e7ons de le pratiquer.\",\"sameAs\":[\"https:\/\/www.facebook.com\/Max.Bld2\/\",\"https:\/\/x.com\/https:\/\/twitter.com\/MaximeB_2\"],\"url\":\"https:\/\/dicodusport.fr\/blog\/author\/maxime-b\/\"}]}<\/script>\n<!-- \/ Yoast SEO Premium plugin. -->","yoast_head_json":{"title":"FOJE d'hiver 2022 : Tawan Thomas se pare d'or sur 500m en short-track","description":"FESTIVAL OLYMPIQUE DE LA JEUNESSE EUROP\u00c9NNE D'HIVER 2022 - En bronze hier sur 1500 m\u00e8tres, Tawan Thomas continue de briller.","robots":{"index":"index","follow":"follow","max-snippet":"max-snippet:-1","max-image-preview":"max-image-preview:large","max-video-preview":"max-video-preview:-1"},"canonical":"https:\/\/dicodusport.fr\/blog\/foje-dhiver-2022-tawan-thomas-se-pare-dor-sur-500m-en-short-track\/","og_locale":"fr_FR","og_type":"article","og_title":"FOJE d'hiver 2022 : Tawan Thomas se pare d'or sur 500m en short-track","og_description":"FESTIVAL OLYMPIQUE DE LA JEUNESSE EUROP\u00c9NNE D'HIVER 2022 - En bronze hier sur 1500 m\u00e8tres, Tawan Thomas continue de briller.","og_url":"https:\/\/dicodusport.fr\/blog\/foje-dhiver-2022-tawan-thomas-se-pare-dor-sur-500m-en-short-track\/","og_site_name":"Dicodusport","article_publisher":"https:\/\/www.facebook.com\/dicodusport","article_author":"https:\/\/www.facebook.com\/Max.Bld2\/","article_published_time":"2022-03-22T11:26:32+00:00","og_image":[{"width":800,"height":445,"url":"https:\/\/dicodusport.fr\/blog\/wp-content\/uploads\/2022\/03\/FOJE-dhiver-2022-Tawan-Thomas-se-pare-dor-sur-500m-en-short-track.png","type":"image\/png"}],"author":"Maxime Boulard","twitter_card":"summary_large_image","twitter_title":"FOJE d'hiver 2022 : Tawan Thomas se pare d'or sur 500m en short-track","twitter_creator":"@https:\/\/twitter.com\/MaximeB_2","twitter_site":"@dicodusport","schema":{"@context":"https:\/\/schema.org","@graph":[{"@type":"NewsArticle","@id":"https:\/\/dicodusport.fr\/blog\/foje-dhiver-2022-tawan-thomas-se-pare-dor-sur-500m-en-short-track\/#article","isPartOf":{"@id":"https:\/\/dicodusport.fr\/blog\/foje-dhiver-2022-tawan-thomas-se-pare-dor-sur-500m-en-short-track\/"},"author":{"name":"Maxime Boulard","@id":"https:\/\/dicodusport.fr\/blog\/#\/schema\/person\/5aab10ee856e86ac63e9819a9da34784"},"headline":"FOJE d&rsquo;hiver 2022 : Tawan Thomas se pare d&rsquo;or sur 500m en short-track","datePublished":"2022-03-22T11:26:32+00:00","mainEntityOfPage":{"@id":"https:\/\/dicodusport.fr\/blog\/foje-dhiver-2022-tawan-thomas-se-pare-dor-sur-500m-en-short-track\/"},"wordCount":235,"commentCount":0,"publisher":{"@id":"https:\/\/dicodusport.fr\/blog\/#organization"},"image":{"@id":"https:\/\/dicodusport.fr\/blog\/foje-dhiver-2022-tawan-thomas-se-pare-dor-sur-500m-en-short-track\/#primaryimage"},"thumbnailUrl":"https:\/\/dicodusport.fr\/blog\/wp-content\/uploads\/2022\/03\/FOJE-dhiver-2022-Tawan-Thomas-se-pare-dor-sur-500m-en-short-track.png","keywords":["Festival Olympique de la Jeunesse Europ\u00e9enne d'hiver","short track","sport"],"articleSection":["Multisports"],"inLanguage":"fr-FR","potentialAction":[{"@type":"CommentAction","name":"Comment","target":["https:\/\/dicodusport.fr\/blog\/foje-dhiver-2022-tawan-thomas-se-pare-dor-sur-500m-en-short-track\/#respond"]}],"copyrightYear":"2022","copyrightHolder":{"@id":"https:\/\/dicodusport.fr\/blog\/#organization"}},{"@type":"WebPage","@id":"https:\/\/dicodusport.fr\/blog\/foje-dhiver-2022-tawan-thomas-se-pare-dor-sur-500m-en-short-track\/","url":"https:\/\/dicodusport.fr\/blog\/foje-dhiver-2022-tawan-thomas-se-pare-dor-sur-500m-en-short-track\/","name":"FOJE d'hiver 2022 : Tawan Thomas se pare d'or sur 500m en short-track","isPartOf":{"@id":"https:\/\/dicodusport.fr\/blog\/#website"},"primaryImageOfPage":{"@id":"https:\/\/dicodusport.fr\/blog\/foje-dhiver-2022-tawan-thomas-se-pare-dor-sur-500m-en-short-track\/#primaryimage"},"image":{"@id":"https:\/\/dicodusport.fr\/blog\/foje-dhiver-2022-tawan-thomas-se-pare-dor-sur-500m-en-short-track\/#primaryimage"},"thumbnailUrl":"https:\/\/dicodusport.fr\/blog\/wp-content\/uploads\/2022\/03\/FOJE-dhiver-2022-Tawan-Thomas-se-pare-dor-sur-500m-en-short-track.png","datePublished":"2022-03-22T11:26:32+00:00","description":"FESTIVAL OLYMPIQUE DE LA JEUNESSE EUROP\u00c9NNE D'HIVER 2022 - En bronze hier sur 1500 m\u00e8tres, Tawan Thomas continue de briller.","breadcrumb":{"@id":"https:\/\/dicodusport.fr\/blog\/foje-dhiver-2022-tawan-thomas-se-pare-dor-sur-500m-en-short-track\/#breadcrumb"},"inLanguage":"fr-FR","potentialAction":[{"@type":"ReadAction","target":["https:\/\/dicodusport.fr\/blog\/foje-dhiver-2022-tawan-thomas-se-pare-dor-sur-500m-en-short-track\/"]}]},{"@type":"ImageObject","inLanguage":"fr-FR","@id":"https:\/\/dicodusport.fr\/blog\/foje-dhiver-2022-tawan-thomas-se-pare-dor-sur-500m-en-short-track\/#primaryimage","url":"https:\/\/dicodusport.fr\/blog\/wp-content\/uploads\/2022\/03\/FOJE-dhiver-2022-Tawan-Thomas-se-pare-dor-sur-500m-en-short-track.png","contentUrl":"https:\/\/dicodusport.fr\/blog\/wp-content\/uploads\/2022\/03\/FOJE-dhiver-2022-Tawan-Thomas-se-pare-dor-sur-500m-en-short-track.png","width":800,"height":445,"caption":"FOJE d'hiver 2022 Tawan Thomas se pare d'or sur 500m en short-track"},{"@type":"BreadcrumbList","@id":"https:\/\/dicodusport.fr\/blog\/foje-dhiver-2022-tawan-thomas-se-pare-dor-sur-500m-en-short-track\/#breadcrumb","itemListElement":[{"@type":"ListItem","position":1,"name":"Accueil","item":"https:\/\/dicodusport.fr\/blog\/"},{"@type":"ListItem","position":2,"name":"FOJE d&rsquo;hiver 2022 : Tawan Thomas se pare d&rsquo;or sur 500m en short-track"}]},{"@type":"WebSite","@id":"https:\/\/dicodusport.fr\/blog\/#website","url":"https:\/\/dicodusport.fr\/blog\/","name":"Dicodusport","description":"L&#039;encyclop\u00e9die de l&#039;actualit\u00e9 sportive","publisher":{"@id":"https:\/\/dicodusport.fr\/blog\/#organization"},"potentialAction":[{"@type":"SearchAction","target":{"@type":"EntryPoint","urlTemplate":"https:\/\/dicodusport.fr\/blog\/?s={search_term_string}"},"query-input":{"@type":"PropertyValueSpecification","valueRequired":true,"valueName":"search_term_string"}}],"inLanguage":"fr-FR"},{"@type":"NewsMediaOrganization","@id":"https:\/\/dicodusport.fr\/blog\/#organization","name":"Dicodusport","url":"https:\/\/dicodusport.fr\/blog\/","logo":{"@type":"ImageObject","inLanguage":"fr-FR","@id":"https:\/\/dicodusport.fr\/blog\/#\/schema\/logo\/image\/","url":"https:\/\/dicodusport.fr\/blog\/wp-content\/uploads\/2020\/06\/cropped-LOGO-DICODUSPORT-2020-SANS-FOND-SANS-TEXTE.png","contentUrl":"https:\/\/dicodusport.fr\/blog\/wp-content\/uploads\/2020\/06\/cropped-LOGO-DICODUSPORT-2020-SANS-FOND-SANS-TEXTE.png","width":512,"height":512,"caption":"Dicodusport"},"image":{"@id":"https:\/\/dicodusport.fr\/blog\/#\/schema\/logo\/image\/"},"sameAs":["https:\/\/www.facebook.com\/dicodusport","https:\/\/x.com\/dicodusport","https:\/\/www.instagram.com\/dicodusport\/","https:\/\/www.youtube.com\/channel\/UC7V2KZ5sd3htJivAbA4ZG3w"],"description":"Dicodusport est l'encyclop\u00e9die de l'actualit\u00e9 sportive.","email":"bonjour@dicodusport.fr","legalName":"DICODUSPORT","foundingDate":"2018-01-14","vatID":"FR71834470973","taxID":"83447097300043","numberOfEmployees":{"@type":"QuantitativeValue","minValue":"1","maxValue":"10"}},{"@type":"Person","@id":"https:\/\/dicodusport.fr\/blog\/#\/schema\/person\/5aab10ee856e86ac63e9819a9da34784","name":"Maxime Boulard","image":{"@type":"ImageObject","inLanguage":"fr-FR","@id":"https:\/\/dicodusport.fr\/blog\/#\/schema\/person\/image\/","url":"https:\/\/dicodusport.fr\/blog\/wp-content\/uploads\/2021\/05\/Maxime-Boulard-150x150.jpg","contentUrl":"https:\/\/dicodusport.fr\/blog\/wp-content\/uploads\/2021\/05\/Maxime-Boulard-150x150.jpg","caption":"Maxime Boulard"},"description":"Journaliste\/r\u00e9dacteur depuis octobre 2020 - Si mon plus vieux souvenir de sport aurait pu m'en d\u00e9go\u00fbter, la finale de la Coupe du monde 2006 a \u00e9t\u00e9 tout le contraire. V\u00e9ritable d\u00e9clencheur d'une passion qui aujourd'hui ne fait que grandir avec le temps, mon leitmotiv est la France qui brille ! Je relate les exploits pass\u00e9s et pr\u00e9sents du sport bleu-blanc-rouge sans m\u00e9nagement depuis octobre 2020. Sport valide ou handisport, aucune diff\u00e9rence, il n'y a que du sport et plusieurs fa\u00e7ons de le pratiquer.","sameAs":["https:\/\/www.facebook.com\/Max.Bld2\/","https:\/\/x.com\/https:\/\/twitter.com\/MaximeB_2"],"url":"https:\/\/dicodusport.fr\/blog\/author\/maxime-b\/"}]}},"_links":{"self":[{"href":"https:\/\/dicodusport.fr\/blog\/wp-json\/wp\/v2\/posts\/210447","targetHints":{"allow":["GET"]}}],"collection":[{"href":"https:\/\/dicodusport.fr\/blog\/wp-json\/wp\/v2\/posts"}],"about":[{"href":"https:\/\/dicodusport.fr\/blog\/wp-json\/wp\/v2\/types\/post"}],"author":[{"embeddable":true,"href":"https:\/\/dicodusport.fr\/blog\/wp-json\/wp\/v2\/users\/43"}],"replies":[{"embeddable":true,"href":"https:\/\/dicodusport.fr\/blog\/wp-json\/wp\/v2\/comments?post=210447"}],"version-history":[{"count":0,"href":"https:\/\/dicodusport.fr\/blog\/wp-json\/wp\/v2\/posts\/210447\/revisions"}],"wp:featuredmedia":[{"embeddable":true,"href":"https:\/\/dicodusport.fr\/blog\/wp-json\/wp\/v2\/media\/210455"}],"wp:attachment":[{"href":"https:\/\/dicodusport.fr\/blog\/wp-json\/wp\/v2\/media?parent=210447"}],"wp:term":[{"taxonomy":"category","embeddable":true,"href":"https:\/\/dicodusport.fr\/blog\/wp-json\/wp\/v2\/categories?post=210447"},{"taxonomy":"post_tag","embeddable":true,"href":"https:\/\/dicodusport.fr\/blog\/wp-json\/wp\/v2\/tags?post=210447"}],"curies":[{"name":"wp","href":"https:\/\/api.w.org\/{rel}","templated":true}]}}