{"id":210601,"date":"2022-03-23T05:15:58","date_gmt":"2022-03-23T04:15:58","guid":{"rendered":"https:\/\/dicodusport.fr\/blog\/?p=210601&#038;preview=true&#038;preview_id=210601"},"modified":"2022-03-23T05:25:18","modified_gmt":"2022-03-23T04:25:18","slug":"wta-la-n-1-mondiale-ashleigh-barty-prend-sa-retraite-a-la-surprise-generale","status":"publish","type":"post","link":"https:\/\/dicodusport.fr\/blog\/wta-la-n-1-mondiale-ashleigh-barty-prend-sa-retraite-a-la-surprise-generale\/","title":{"rendered":"WTA : La n\u00b01 mondiale Ashleigh Barty prend sa retraite \u00e0 la surprise g\u00e9n\u00e9rale"},"content":{"rendered":"<p style=\"text-align: justify;\"><b><i>WTA &#8211; C&rsquo;est une annonce qui cr\u00e9e une onde de choc dans le monde du tennis. Ashleigh Barty, n\u00b01 mondiale et vainqueur de l&rsquo;Open d&rsquo;Australie il y a deux mois, a annonc\u00e9 sa retraite cette nuit, de son plein gr\u00e9. Par <a href=\"https:\/\/www.instagram.com\/p\/Cbbbr7xBX7N\/\">une vid\u00e9o sur son compte Instagram<\/a>, l&rsquo;Australienne de 25 ans explique vouloir \u00ab poursuivre d&rsquo;autres r\u00eaves, en dehors du tennis. \u00bb<br \/>\n<\/i><\/b><\/p>\n<p style=\"text-align: justify;\">C&rsquo;est ce qu&rsquo;on appelle <strong>se retirer au sommet<\/strong>. Deux mois apr\u00e8s avoir \u00e9cras\u00e9 la concurrence <a href=\"https:\/\/dicodusport.fr\/blog\/open-australie-ashleigh-barty-reine-en-son-royaume\/\">en remportant l&rsquo;Open d&rsquo;Australie sans conc\u00e9der le moindre set<\/a>, <strong>Ashleigh Barty a d\u00e9cid\u00e9 de stopper sa carri\u00e8re \u00e0 25 ans<\/strong>. L&rsquo;Australienne a pris cette d\u00e9cision alors qu&rsquo;elle archi-dominait le circuit WTA. En \u00e9tant n\u00b01 mondiale depuis le 24 juin 2019, elle d\u00e9tenait la 4\u00e8me plus longue s\u00e9rie de semaines d&rsquo;affil\u00e9e (114) au top du classement <a href=\"https:\/\/www.wtatennis.com\/news\/2546891\/wta-world-no-1-ashleigh-barty-announces-retirement-from-professional-tennis\">selon la WTA<\/a>, seulement derri\u00e8re <strong>Steffi Graff<\/strong>,<strong> Serena Williams <\/strong>et<strong> Martina Navratilova<\/strong>. N&rsquo;ayant pas jou\u00e9 depuis son titre \u00e0 Melbourne, Barty n&rsquo;avait toujours pas perdu de match en 2022.<\/p>\n<blockquote class=\"twitter-tweet\">\n<p dir=\"ltr\" lang=\"en\">For every young girl that has looked up to you.<\/p>\n<p>For every one of us that you&rsquo;ve inspired.<\/p>\n<p>For your love of the game.<\/p>\n<p>Thank you, <a href=\"https:\/\/twitter.com\/ashbarty?ref_src=twsrc%5Etfw\">@ashbarty<\/a> for the incredible mark you&rsquo;ve left on-court, off-court and in our hearts &#x1f49c; <a href=\"https:\/\/t.co\/6wp9fmO439\">pic.twitter.com\/6wp9fmO439<\/a><\/p>\n<p>\u2014 wta (@WTA) <a href=\"https:\/\/twitter.com\/WTA\/status\/1506457894988009477?ref_src=twsrc%5Etfw\">March 23, 2022<\/a><\/p><\/blockquote>\n<p><script async src=\"https:\/\/platform.twitter.com\/widgets.js\" charset=\"utf-8\"><\/script><\/p>\n<h2 style=\"text-align: justify;\">\u00ab Avoir remport\u00e9 Wimbledon l&rsquo;ann\u00e9e derni\u00e8re a chang\u00e9 ma vision des choses \u00bb<\/h2>\n<p style=\"text-align: justify;\">C&rsquo;est une d\u00e9cision quasi-in\u00e9dite dans l&rsquo;histoire du tennis. La seule a avoir annonc\u00e9 sa retraite en tant que n\u00b01 mondiale \u00e9tait <strong>Justine H\u00e9nin en 2008<\/strong>. La faute \u00e0 l&rsquo;\u00e9poque \u00e0 une fatigue mentale et physique qui lui avait fait perdre son tennis. La Belge \u00e9tait revenue sur le circuit pendant quelques mois, entre 2010 et 2011, avant d&rsquo;arr\u00eater d\u00e9finitivement sa carri\u00e8re. Pour Ashleigh Barty, comme Henin en 2008, il n&rsquo;y a <em>\u00ab pas de bonne ou mauvaise mani\u00e8re de l&rsquo;annoncer, juste ma mani\u00e8re. \u00bb <\/em>Dans une interview sur son compte Instagram, l&rsquo;Australienne explique<strong><em> \u00ab penser depuis longtemps \u00bb <\/em>\u00e0 cette retraite<\/strong>.<\/p>\n<p style=\"text-align: justify;\"><em>\u00ab <a href=\"https:\/\/dicodusport.fr\/blog\/wimbledon-ashleigh-barty-se-hisse-en-finale-pour-la-premiere-fois-de-sa-carriere\/\"><strong>Wimbledon<\/strong> l&rsquo;ann\u00e9e derni\u00e8re<\/a> a chang\u00e9 beaucoup de choses pour moi. C&rsquo;\u00e9tait mon r\u00eave, le seul v\u00e9ritable r\u00eave que je voulais accomplir dans le tennis. Pouvoir gagner ce tournoi a chang\u00e9 ma vision des choses. J&rsquo;ai eu ce sentiment au fond de moi apr\u00e8s cette victoire &#8211; et j&rsquo;en ai longuement parl\u00e9 avec mon \u00e9quipe. Puis ma victoire \u00e0 l&rsquo;Open d&rsquo;Australie a \u00e9t\u00e9 l&rsquo;occasion parfaite de c\u00e9l\u00e9brer ma carri\u00e8re de tenniswoman. Maintenant,<strong> j&rsquo;ai envie de poursuivre d&rsquo;autres r\u00eaves, en dehors du tennis<\/strong>. \u00bb<\/em><\/p>\n<h2 style=\"text-align: justify;\">Sentiment d&rsquo;accomplissement<\/h2>\n<p style=\"text-align: justify;\">Pour Barty, c&rsquo;est donc un sentiment d&rsquo;accomplissement qui l&rsquo;a pouss\u00e9e \u00e0 prendre cette d\u00e9cision. Selon elle, <strong>sa rage de vaincre n&rsquo;\u00e9tait plus la m\u00eame depuis quelques mois<\/strong>. M\u00eame si les r\u00e9sultats \u00e9taient toujours excellents et qu&rsquo;elle \u00e9tait encore au top de son tennis, son <em>\u00ab bonheur ne d\u00e9pendait plus des r\u00e9sultats. \u00bb<\/em> Son envie de se d\u00e9passer n&rsquo;\u00e9tait plus l\u00e0. <em>\u00ab Je l&rsquo;ai dit plusieurs fois \u00e0 mon \u00e9quipe : je n&rsquo;ai plus la force physique ni la volont\u00e9 mentale qu&rsquo;il faut pour se confronter au top niveau. <strong>J&rsquo;ai donn\u00e9 tout ce que j&rsquo;avais au tennis<\/strong>. \u00bb<\/em><\/p>\n<p style=\"text-align: justify;\">De m\u00eame pour les sacrifices qui vont avec le tennis au niveau professionnel : <em>\u00ab parcourir le monde, \u00eatre loin de ma famille et de chez moi, alors que c&rsquo;est l\u00e0 que j&rsquo;ai toujours voulu \u00eatre. \u00bb<\/em> Une vie compliqu\u00e9e qu&rsquo;elle ne veut plus vivre, afin de pouvoir se concentrer sur <em>\u00ab Ash Barty la personne, et non plus sur Ash Barty la sportive. \u00bb <\/em>Pour conclure, la n\u00b01 mondiale pr\u00e9cise qu&rsquo;<strong>elle sait que des gens ne comprendront pas sa d\u00e9cision, et qu&rsquo;elle l&rsquo;acceptait<\/strong>.<\/p>\n<blockquote class=\"twitter-tweet\">\n<p dir=\"ltr\" lang=\"en\">BREAKING:<\/p>\n<p>#1 Ash Barty has announced her retirement from tennis, less than two months after winning the Australian Open.<\/p>\n<p>Barty, only 25 years old, steps away from the game on top.<a href=\"https:\/\/t.co\/eq58IudxkS\">https:\/\/t.co\/eq58IudxkS<\/a><\/p>\n<p>\u2014 Ben Rothenberg (@BenRothenberg) <a href=\"https:\/\/twitter.com\/BenRothenberg\/status\/1506452363363639301?ref_src=twsrc%5Etfw\">March 23, 2022<\/a><\/p><\/blockquote>\n<p><script async src=\"https:\/\/platform.twitter.com\/widgets.js\" charset=\"utf-8\"><\/script><\/p>\n","protected":false},"excerpt":{"rendered":"<p>WTA &#8211; C&rsquo;est une annonce qui cr\u00e9e une onde de choc dans le monde du tennis. Ashleigh Barty, n\u00b01 mondiale et vainqueur de l&rsquo;Open d&rsquo;Australie il y a deux mois, a annonc\u00e9 sa retraite cette nuit, de son plein gr\u00e9. Par une vid\u00e9o sur son compte Instagram, l&rsquo;Australienne de 25 ans explique vouloir \u00ab poursuivre [&hellip;]<\/p>\n","protected":false},"author":13,"featured_media":210602,"comment_status":"open","ping_status":"closed","sticky":false,"template":"","format":"standard","meta":{"_acf_changed":false,"_daextam_enable_autolinks":"","footnotes":""},"categories":[2302],"tags":[4934,137],"class_list":["post-210601","post","type-post","status-publish","format-standard","has-post-thumbnail","hentry","category-tennis","tag-ashleigh-barty","tag-wta"],"acf":[],"yoast_head":"<!-- This site is optimized with the Yoast SEO Premium plugin v26.7 (Yoast SEO v26.7) - https:\/\/yoast.com\/wordpress\/plugins\/seo\/ -->\n<title>WTA : La n\u00b01 mondiale Ashleigh Barty prend sa retraite \u00e0 la surprise g\u00e9n\u00e9rale<\/title>\n<meta name=\"description\" content=\"Onde de choc dans le monde du tennis. Ash Barty, n\u00b01 mondiale et titr\u00e9e \u00e0 l&#039;Open d&#039;Australie en janvier, a annonc\u00e9 sa retraite sur Instagram.\" \/>\n<meta name=\"robots\" content=\"index, follow, max-snippet:-1, max-image-preview:large, max-video-preview:-1\" \/>\n<link rel=\"canonical\" href=\"https:\/\/dicodusport.fr\/blog\/wta-la-n-1-mondiale-ashleigh-barty-prend-sa-retraite-a-la-surprise-generale\/\" \/>\n<meta property=\"og:locale\" content=\"fr_FR\" \/>\n<meta property=\"og:type\" content=\"article\" \/>\n<meta property=\"og:title\" content=\"WTA : La n\u00b01 mondiale Ashleigh Barty prend sa retraite \u00e0 la surprise g\u00e9n\u00e9rale\" \/>\n<meta property=\"og:description\" content=\"Onde de choc dans le monde du tennis. Ash Barty, n\u00b01 mondiale et titr\u00e9e \u00e0 l&#039;Open d&#039;Australie en janvier, a annonc\u00e9 sa retraite sur Instagram.\" \/>\n<meta property=\"og:url\" content=\"https:\/\/dicodusport.fr\/blog\/wta-la-n-1-mondiale-ashleigh-barty-prend-sa-retraite-a-la-surprise-generale\/\" \/>\n<meta property=\"og:site_name\" content=\"Dicodusport\" \/>\n<meta property=\"article:publisher\" content=\"https:\/\/www.facebook.com\/dicodusport\" \/>\n<meta property=\"article:published_time\" content=\"2022-03-23T04:15:58+00:00\" \/>\n<meta property=\"article:modified_time\" content=\"2022-03-23T04:25:18+00:00\" \/>\n<meta property=\"og:image\" content=\"https:\/\/dicodusport.fr\/blog\/wp-content\/uploads\/2022\/03\/wta-la-n-1-mondiale-ashleigh-barty-prend-sa-retraite-a-la-surprise-generale.png\" \/>\n\t<meta property=\"og:image:width\" content=\"800\" \/>\n\t<meta property=\"og:image:height\" content=\"445\" \/>\n\t<meta property=\"og:image:type\" content=\"image\/png\" \/>\n<meta name=\"author\" content=\"Tom Compayrot\" \/>\n<meta name=\"twitter:card\" content=\"summary_large_image\" \/>\n<meta name=\"twitter:title\" content=\"WTA : La n\u00b01 mondiale Ashleigh Barty prend sa retraite \u00e0 la surprise g\u00e9n\u00e9rale\" \/>\n<meta name=\"twitter:creator\" content=\"@https:\/\/twitter.com\/Tom_Cprt\" \/>\n<meta name=\"twitter:site\" content=\"@dicodusport\" \/>\n<script type=\"application\/ld+json\" class=\"yoast-schema-graph\">{\"@context\":\"https:\/\/schema.org\",\"@graph\":[{\"@type\":\"NewsArticle\",\"@id\":\"https:\/\/dicodusport.fr\/blog\/wta-la-n-1-mondiale-ashleigh-barty-prend-sa-retraite-a-la-surprise-generale\/#article\",\"isPartOf\":{\"@id\":\"https:\/\/dicodusport.fr\/blog\/wta-la-n-1-mondiale-ashleigh-barty-prend-sa-retraite-a-la-surprise-generale\/\"},\"author\":{\"name\":\"Tom Compayrot\",\"@id\":\"https:\/\/dicodusport.fr\/blog\/#\/schema\/person\/bf1e4f404e108bd2be5b447b16bde9a7\"},\"headline\":\"WTA : La n\u00b01 mondiale Ashleigh Barty prend sa retraite \u00e0 la surprise g\u00e9n\u00e9rale\",\"datePublished\":\"2022-03-23T04:15:58+00:00\",\"dateModified\":\"2022-03-23T04:25:18+00:00\",\"mainEntityOfPage\":{\"@id\":\"https:\/\/dicodusport.fr\/blog\/wta-la-n-1-mondiale-ashleigh-barty-prend-sa-retraite-a-la-surprise-generale\/\"},\"wordCount\":700,\"commentCount\":0,\"publisher\":{\"@id\":\"https:\/\/dicodusport.fr\/blog\/#organization\"},\"image\":{\"@id\":\"https:\/\/dicodusport.fr\/blog\/wta-la-n-1-mondiale-ashleigh-barty-prend-sa-retraite-a-la-surprise-generale\/#primaryimage\"},\"thumbnailUrl\":\"https:\/\/dicodusport.fr\/blog\/wp-content\/uploads\/2022\/03\/wta-la-n-1-mondiale-ashleigh-barty-prend-sa-retraite-a-la-surprise-generale.png\",\"keywords\":[\"Ashleigh Barty\",\"wta\"],\"articleSection\":[\"Tennis\"],\"inLanguage\":\"fr-FR\",\"potentialAction\":[{\"@type\":\"CommentAction\",\"name\":\"Comment\",\"target\":[\"https:\/\/dicodusport.fr\/blog\/wta-la-n-1-mondiale-ashleigh-barty-prend-sa-retraite-a-la-surprise-generale\/#respond\"]}],\"copyrightYear\":\"2022\",\"copyrightHolder\":{\"@id\":\"https:\/\/dicodusport.fr\/blog\/#organization\"}},{\"@type\":\"WebPage\",\"@id\":\"https:\/\/dicodusport.fr\/blog\/wta-la-n-1-mondiale-ashleigh-barty-prend-sa-retraite-a-la-surprise-generale\/\",\"url\":\"https:\/\/dicodusport.fr\/blog\/wta-la-n-1-mondiale-ashleigh-barty-prend-sa-retraite-a-la-surprise-generale\/\",\"name\":\"WTA : La n\u00b01 mondiale Ashleigh Barty prend sa retraite \u00e0 la surprise g\u00e9n\u00e9rale\",\"isPartOf\":{\"@id\":\"https:\/\/dicodusport.fr\/blog\/#website\"},\"primaryImageOfPage\":{\"@id\":\"https:\/\/dicodusport.fr\/blog\/wta-la-n-1-mondiale-ashleigh-barty-prend-sa-retraite-a-la-surprise-generale\/#primaryimage\"},\"image\":{\"@id\":\"https:\/\/dicodusport.fr\/blog\/wta-la-n-1-mondiale-ashleigh-barty-prend-sa-retraite-a-la-surprise-generale\/#primaryimage\"},\"thumbnailUrl\":\"https:\/\/dicodusport.fr\/blog\/wp-content\/uploads\/2022\/03\/wta-la-n-1-mondiale-ashleigh-barty-prend-sa-retraite-a-la-surprise-generale.png\",\"datePublished\":\"2022-03-23T04:15:58+00:00\",\"dateModified\":\"2022-03-23T04:25:18+00:00\",\"description\":\"Onde de choc dans le monde du tennis. Ash Barty, n\u00b01 mondiale et titr\u00e9e \u00e0 l'Open d'Australie en janvier, a annonc\u00e9 sa retraite sur Instagram.\",\"breadcrumb\":{\"@id\":\"https:\/\/dicodusport.fr\/blog\/wta-la-n-1-mondiale-ashleigh-barty-prend-sa-retraite-a-la-surprise-generale\/#breadcrumb\"},\"inLanguage\":\"fr-FR\",\"potentialAction\":[{\"@type\":\"ReadAction\",\"target\":[\"https:\/\/dicodusport.fr\/blog\/wta-la-n-1-mondiale-ashleigh-barty-prend-sa-retraite-a-la-surprise-generale\/\"]}]},{\"@type\":\"ImageObject\",\"inLanguage\":\"fr-FR\",\"@id\":\"https:\/\/dicodusport.fr\/blog\/wta-la-n-1-mondiale-ashleigh-barty-prend-sa-retraite-a-la-surprise-generale\/#primaryimage\",\"url\":\"https:\/\/dicodusport.fr\/blog\/wp-content\/uploads\/2022\/03\/wta-la-n-1-mondiale-ashleigh-barty-prend-sa-retraite-a-la-surprise-generale.png\",\"contentUrl\":\"https:\/\/dicodusport.fr\/blog\/wp-content\/uploads\/2022\/03\/wta-la-n-1-mondiale-ashleigh-barty-prend-sa-retraite-a-la-surprise-generale.png\",\"width\":800,\"height\":445},{\"@type\":\"BreadcrumbList\",\"@id\":\"https:\/\/dicodusport.fr\/blog\/wta-la-n-1-mondiale-ashleigh-barty-prend-sa-retraite-a-la-surprise-generale\/#breadcrumb\",\"itemListElement\":[{\"@type\":\"ListItem\",\"position\":1,\"name\":\"Accueil\",\"item\":\"https:\/\/dicodusport.fr\/blog\/\"},{\"@type\":\"ListItem\",\"position\":2,\"name\":\"WTA : La n\u00b01 mondiale Ashleigh Barty prend sa retraite \u00e0 la surprise g\u00e9n\u00e9rale\"}]},{\"@type\":\"WebSite\",\"@id\":\"https:\/\/dicodusport.fr\/blog\/#website\",\"url\":\"https:\/\/dicodusport.fr\/blog\/\",\"name\":\"Dicodusport\",\"description\":\"L&#039;encyclop\u00e9die de l&#039;actualit\u00e9 sportive\",\"publisher\":{\"@id\":\"https:\/\/dicodusport.fr\/blog\/#organization\"},\"potentialAction\":[{\"@type\":\"SearchAction\",\"target\":{\"@type\":\"EntryPoint\",\"urlTemplate\":\"https:\/\/dicodusport.fr\/blog\/?s={search_term_string}\"},\"query-input\":{\"@type\":\"PropertyValueSpecification\",\"valueRequired\":true,\"valueName\":\"search_term_string\"}}],\"inLanguage\":\"fr-FR\"},{\"@type\":\"NewsMediaOrganization\",\"@id\":\"https:\/\/dicodusport.fr\/blog\/#organization\",\"name\":\"Dicodusport\",\"url\":\"https:\/\/dicodusport.fr\/blog\/\",\"logo\":{\"@type\":\"ImageObject\",\"inLanguage\":\"fr-FR\",\"@id\":\"https:\/\/dicodusport.fr\/blog\/#\/schema\/logo\/image\/\",\"url\":\"https:\/\/dicodusport.fr\/blog\/wp-content\/uploads\/2020\/06\/cropped-LOGO-DICODUSPORT-2020-SANS-FOND-SANS-TEXTE.png\",\"contentUrl\":\"https:\/\/dicodusport.fr\/blog\/wp-content\/uploads\/2020\/06\/cropped-LOGO-DICODUSPORT-2020-SANS-FOND-SANS-TEXTE.png\",\"width\":512,\"height\":512,\"caption\":\"Dicodusport\"},\"image\":{\"@id\":\"https:\/\/dicodusport.fr\/blog\/#\/schema\/logo\/image\/\"},\"sameAs\":[\"https:\/\/www.facebook.com\/dicodusport\",\"https:\/\/x.com\/dicodusport\",\"https:\/\/www.instagram.com\/dicodusport\/\",\"https:\/\/www.youtube.com\/channel\/UC7V2KZ5sd3htJivAbA4ZG3w\"],\"description\":\"Dicodusport est l'encyclop\u00e9die de l'actualit\u00e9 sportive.\",\"email\":\"bonjour@dicodusport.fr\",\"legalName\":\"DICODUSPORT\",\"foundingDate\":\"2018-01-14\",\"vatID\":\"FR71834470973\",\"taxID\":\"83447097300043\",\"numberOfEmployees\":{\"@type\":\"QuantitativeValue\",\"minValue\":\"1\",\"maxValue\":\"10\"}},{\"@type\":\"Person\",\"@id\":\"https:\/\/dicodusport.fr\/blog\/#\/schema\/person\/bf1e4f404e108bd2be5b447b16bde9a7\",\"name\":\"Tom Compayrot\",\"image\":{\"@type\":\"ImageObject\",\"inLanguage\":\"fr-FR\",\"@id\":\"https:\/\/dicodusport.fr\/blog\/#\/schema\/person\/image\/\",\"url\":\"https:\/\/dicodusport.fr\/blog\/wp-content\/uploads\/2021\/05\/Tom-Compayrot-150x150.jpg\",\"contentUrl\":\"https:\/\/dicodusport.fr\/blog\/wp-content\/uploads\/2021\/05\/Tom-Compayrot-150x150.jpg\",\"caption\":\"Tom Compayrot\"},\"description\":\"Journaliste\/r\u00e9dacteur depuis mars 2017 - Amoureux de la petite balle jaune et du gros ballon orange qui tra\u00eene sa carcasse sur Dicodusport depuis 2017. Rafael Nadal et LeBron James sont les meilleurs joueurs de l'histoire.\",\"sameAs\":[\"https:\/\/x.com\/https:\/\/twitter.com\/Tom_Cprt\"],\"url\":\"https:\/\/dicodusport.fr\/blog\/author\/tom\/\"}]}<\/script>\n<!-- \/ Yoast SEO Premium plugin. -->","yoast_head_json":{"title":"WTA : La n\u00b01 mondiale Ashleigh Barty prend sa retraite \u00e0 la surprise g\u00e9n\u00e9rale","description":"Onde de choc dans le monde du tennis. Ash Barty, n\u00b01 mondiale et titr\u00e9e \u00e0 l'Open d'Australie en janvier, a annonc\u00e9 sa retraite sur Instagram.","robots":{"index":"index","follow":"follow","max-snippet":"max-snippet:-1","max-image-preview":"max-image-preview:large","max-video-preview":"max-video-preview:-1"},"canonical":"https:\/\/dicodusport.fr\/blog\/wta-la-n-1-mondiale-ashleigh-barty-prend-sa-retraite-a-la-surprise-generale\/","og_locale":"fr_FR","og_type":"article","og_title":"WTA : La n\u00b01 mondiale Ashleigh Barty prend sa retraite \u00e0 la surprise g\u00e9n\u00e9rale","og_description":"Onde de choc dans le monde du tennis. Ash Barty, n\u00b01 mondiale et titr\u00e9e \u00e0 l'Open d'Australie en janvier, a annonc\u00e9 sa retraite sur Instagram.","og_url":"https:\/\/dicodusport.fr\/blog\/wta-la-n-1-mondiale-ashleigh-barty-prend-sa-retraite-a-la-surprise-generale\/","og_site_name":"Dicodusport","article_publisher":"https:\/\/www.facebook.com\/dicodusport","article_published_time":"2022-03-23T04:15:58+00:00","article_modified_time":"2022-03-23T04:25:18+00:00","og_image":[{"width":800,"height":445,"url":"https:\/\/dicodusport.fr\/blog\/wp-content\/uploads\/2022\/03\/wta-la-n-1-mondiale-ashleigh-barty-prend-sa-retraite-a-la-surprise-generale.png","type":"image\/png"}],"author":"Tom Compayrot","twitter_card":"summary_large_image","twitter_title":"WTA : La n\u00b01 mondiale Ashleigh Barty prend sa retraite \u00e0 la surprise g\u00e9n\u00e9rale","twitter_creator":"@https:\/\/twitter.com\/Tom_Cprt","twitter_site":"@dicodusport","schema":{"@context":"https:\/\/schema.org","@graph":[{"@type":"NewsArticle","@id":"https:\/\/dicodusport.fr\/blog\/wta-la-n-1-mondiale-ashleigh-barty-prend-sa-retraite-a-la-surprise-generale\/#article","isPartOf":{"@id":"https:\/\/dicodusport.fr\/blog\/wta-la-n-1-mondiale-ashleigh-barty-prend-sa-retraite-a-la-surprise-generale\/"},"author":{"name":"Tom Compayrot","@id":"https:\/\/dicodusport.fr\/blog\/#\/schema\/person\/bf1e4f404e108bd2be5b447b16bde9a7"},"headline":"WTA : La n\u00b01 mondiale Ashleigh Barty prend sa retraite \u00e0 la surprise g\u00e9n\u00e9rale","datePublished":"2022-03-23T04:15:58+00:00","dateModified":"2022-03-23T04:25:18+00:00","mainEntityOfPage":{"@id":"https:\/\/dicodusport.fr\/blog\/wta-la-n-1-mondiale-ashleigh-barty-prend-sa-retraite-a-la-surprise-generale\/"},"wordCount":700,"commentCount":0,"publisher":{"@id":"https:\/\/dicodusport.fr\/blog\/#organization"},"image":{"@id":"https:\/\/dicodusport.fr\/blog\/wta-la-n-1-mondiale-ashleigh-barty-prend-sa-retraite-a-la-surprise-generale\/#primaryimage"},"thumbnailUrl":"https:\/\/dicodusport.fr\/blog\/wp-content\/uploads\/2022\/03\/wta-la-n-1-mondiale-ashleigh-barty-prend-sa-retraite-a-la-surprise-generale.png","keywords":["Ashleigh Barty","wta"],"articleSection":["Tennis"],"inLanguage":"fr-FR","potentialAction":[{"@type":"CommentAction","name":"Comment","target":["https:\/\/dicodusport.fr\/blog\/wta-la-n-1-mondiale-ashleigh-barty-prend-sa-retraite-a-la-surprise-generale\/#respond"]}],"copyrightYear":"2022","copyrightHolder":{"@id":"https:\/\/dicodusport.fr\/blog\/#organization"}},{"@type":"WebPage","@id":"https:\/\/dicodusport.fr\/blog\/wta-la-n-1-mondiale-ashleigh-barty-prend-sa-retraite-a-la-surprise-generale\/","url":"https:\/\/dicodusport.fr\/blog\/wta-la-n-1-mondiale-ashleigh-barty-prend-sa-retraite-a-la-surprise-generale\/","name":"WTA : La n\u00b01 mondiale Ashleigh Barty prend sa retraite \u00e0 la surprise g\u00e9n\u00e9rale","isPartOf":{"@id":"https:\/\/dicodusport.fr\/blog\/#website"},"primaryImageOfPage":{"@id":"https:\/\/dicodusport.fr\/blog\/wta-la-n-1-mondiale-ashleigh-barty-prend-sa-retraite-a-la-surprise-generale\/#primaryimage"},"image":{"@id":"https:\/\/dicodusport.fr\/blog\/wta-la-n-1-mondiale-ashleigh-barty-prend-sa-retraite-a-la-surprise-generale\/#primaryimage"},"thumbnailUrl":"https:\/\/dicodusport.fr\/blog\/wp-content\/uploads\/2022\/03\/wta-la-n-1-mondiale-ashleigh-barty-prend-sa-retraite-a-la-surprise-generale.png","datePublished":"2022-03-23T04:15:58+00:00","dateModified":"2022-03-23T04:25:18+00:00","description":"Onde de choc dans le monde du tennis. Ash Barty, n\u00b01 mondiale et titr\u00e9e \u00e0 l'Open d'Australie en janvier, a annonc\u00e9 sa retraite sur Instagram.","breadcrumb":{"@id":"https:\/\/dicodusport.fr\/blog\/wta-la-n-1-mondiale-ashleigh-barty-prend-sa-retraite-a-la-surprise-generale\/#breadcrumb"},"inLanguage":"fr-FR","potentialAction":[{"@type":"ReadAction","target":["https:\/\/dicodusport.fr\/blog\/wta-la-n-1-mondiale-ashleigh-barty-prend-sa-retraite-a-la-surprise-generale\/"]}]},{"@type":"ImageObject","inLanguage":"fr-FR","@id":"https:\/\/dicodusport.fr\/blog\/wta-la-n-1-mondiale-ashleigh-barty-prend-sa-retraite-a-la-surprise-generale\/#primaryimage","url":"https:\/\/dicodusport.fr\/blog\/wp-content\/uploads\/2022\/03\/wta-la-n-1-mondiale-ashleigh-barty-prend-sa-retraite-a-la-surprise-generale.png","contentUrl":"https:\/\/dicodusport.fr\/blog\/wp-content\/uploads\/2022\/03\/wta-la-n-1-mondiale-ashleigh-barty-prend-sa-retraite-a-la-surprise-generale.png","width":800,"height":445},{"@type":"BreadcrumbList","@id":"https:\/\/dicodusport.fr\/blog\/wta-la-n-1-mondiale-ashleigh-barty-prend-sa-retraite-a-la-surprise-generale\/#breadcrumb","itemListElement":[{"@type":"ListItem","position":1,"name":"Accueil","item":"https:\/\/dicodusport.fr\/blog\/"},{"@type":"ListItem","position":2,"name":"WTA : La n\u00b01 mondiale Ashleigh Barty prend sa retraite \u00e0 la surprise g\u00e9n\u00e9rale"}]},{"@type":"WebSite","@id":"https:\/\/dicodusport.fr\/blog\/#website","url":"https:\/\/dicodusport.fr\/blog\/","name":"Dicodusport","description":"L&#039;encyclop\u00e9die de l&#039;actualit\u00e9 sportive","publisher":{"@id":"https:\/\/dicodusport.fr\/blog\/#organization"},"potentialAction":[{"@type":"SearchAction","target":{"@type":"EntryPoint","urlTemplate":"https:\/\/dicodusport.fr\/blog\/?s={search_term_string}"},"query-input":{"@type":"PropertyValueSpecification","valueRequired":true,"valueName":"search_term_string"}}],"inLanguage":"fr-FR"},{"@type":"NewsMediaOrganization","@id":"https:\/\/dicodusport.fr\/blog\/#organization","name":"Dicodusport","url":"https:\/\/dicodusport.fr\/blog\/","logo":{"@type":"ImageObject","inLanguage":"fr-FR","@id":"https:\/\/dicodusport.fr\/blog\/#\/schema\/logo\/image\/","url":"https:\/\/dicodusport.fr\/blog\/wp-content\/uploads\/2020\/06\/cropped-LOGO-DICODUSPORT-2020-SANS-FOND-SANS-TEXTE.png","contentUrl":"https:\/\/dicodusport.fr\/blog\/wp-content\/uploads\/2020\/06\/cropped-LOGO-DICODUSPORT-2020-SANS-FOND-SANS-TEXTE.png","width":512,"height":512,"caption":"Dicodusport"},"image":{"@id":"https:\/\/dicodusport.fr\/blog\/#\/schema\/logo\/image\/"},"sameAs":["https:\/\/www.facebook.com\/dicodusport","https:\/\/x.com\/dicodusport","https:\/\/www.instagram.com\/dicodusport\/","https:\/\/www.youtube.com\/channel\/UC7V2KZ5sd3htJivAbA4ZG3w"],"description":"Dicodusport est l'encyclop\u00e9die de l'actualit\u00e9 sportive.","email":"bonjour@dicodusport.fr","legalName":"DICODUSPORT","foundingDate":"2018-01-14","vatID":"FR71834470973","taxID":"83447097300043","numberOfEmployees":{"@type":"QuantitativeValue","minValue":"1","maxValue":"10"}},{"@type":"Person","@id":"https:\/\/dicodusport.fr\/blog\/#\/schema\/person\/bf1e4f404e108bd2be5b447b16bde9a7","name":"Tom Compayrot","image":{"@type":"ImageObject","inLanguage":"fr-FR","@id":"https:\/\/dicodusport.fr\/blog\/#\/schema\/person\/image\/","url":"https:\/\/dicodusport.fr\/blog\/wp-content\/uploads\/2021\/05\/Tom-Compayrot-150x150.jpg","contentUrl":"https:\/\/dicodusport.fr\/blog\/wp-content\/uploads\/2021\/05\/Tom-Compayrot-150x150.jpg","caption":"Tom Compayrot"},"description":"Journaliste\/r\u00e9dacteur depuis mars 2017 - Amoureux de la petite balle jaune et du gros ballon orange qui tra\u00eene sa carcasse sur Dicodusport depuis 2017. Rafael Nadal et LeBron James sont les meilleurs joueurs de l'histoire.","sameAs":["https:\/\/x.com\/https:\/\/twitter.com\/Tom_Cprt"],"url":"https:\/\/dicodusport.fr\/blog\/author\/tom\/"}]}},"_links":{"self":[{"href":"https:\/\/dicodusport.fr\/blog\/wp-json\/wp\/v2\/posts\/210601","targetHints":{"allow":["GET"]}}],"collection":[{"href":"https:\/\/dicodusport.fr\/blog\/wp-json\/wp\/v2\/posts"}],"about":[{"href":"https:\/\/dicodusport.fr\/blog\/wp-json\/wp\/v2\/types\/post"}],"author":[{"embeddable":true,"href":"https:\/\/dicodusport.fr\/blog\/wp-json\/wp\/v2\/users\/13"}],"replies":[{"embeddable":true,"href":"https:\/\/dicodusport.fr\/blog\/wp-json\/wp\/v2\/comments?post=210601"}],"version-history":[{"count":0,"href":"https:\/\/dicodusport.fr\/blog\/wp-json\/wp\/v2\/posts\/210601\/revisions"}],"wp:featuredmedia":[{"embeddable":true,"href":"https:\/\/dicodusport.fr\/blog\/wp-json\/wp\/v2\/media\/210602"}],"wp:attachment":[{"href":"https:\/\/dicodusport.fr\/blog\/wp-json\/wp\/v2\/media?parent=210601"}],"wp:term":[{"taxonomy":"category","embeddable":true,"href":"https:\/\/dicodusport.fr\/blog\/wp-json\/wp\/v2\/categories?post=210601"},{"taxonomy":"post_tag","embeddable":true,"href":"https:\/\/dicodusport.fr\/blog\/wp-json\/wp\/v2\/tags?post=210601"}],"curies":[{"name":"wp","href":"https:\/\/api.w.org\/{rel}","templated":true}]}}