{"id":210870,"date":"2022-03-24T12:16:35","date_gmt":"2022-03-24T11:16:35","guid":{"rendered":"https:\/\/dicodusport.fr\/blog\/?p=210870"},"modified":"2022-03-24T14:37:10","modified_gmt":"2022-03-24T13:37:10","slug":"foje-dhiver-2022-amandine-mengin-medaillee-de-bronze-sur-lindividuel-en-biathlon","status":"publish","type":"post","link":"https:\/\/dicodusport.fr\/blog\/foje-dhiver-2022-amandine-mengin-medaillee-de-bronze-sur-lindividuel-en-biathlon\/","title":{"rendered":"FOJE d&rsquo;hiver 2022 : Amandine Mengin m\u00e9daill\u00e9e de bronze sur l&rsquo;individuel en biathlon"},"content":{"rendered":"<p style=\"text-align: justify;\"><strong><em><a href=\"https:\/\/dicodusport.fr\/blog\/foje-d-hiver-2022-le-programme-complet-et-detaille\/\">FESTIVAL OLYMPIQUE DE LA JEUNESSE EUROP\u00c9ENNE D&rsquo;HIVER 2022<\/a> &#8211; A chaque journ\u00e9e, sa m\u00e9daille de bronze. Deuxi\u00e8me m\u00e9daille pour le biathlon fran\u00e7ais \u00e0 Vuokatti (Finlande), rapport\u00e9e par Amandine Mengin qui, \u00e0 la faveur d&rsquo;un excellent 20\/20, monte sur la troisi\u00e8me marche du podium.<\/em><\/strong><\/p>\n<h2 style=\"text-align: justify;\">Impeccable face aux cibles<\/h2>\n<p style=\"text-align: justify;\">Huiti\u00e8me, signant un 10\/10 et meilleure Fran\u00e7aise hier lors du sprint, <strong>Amandine Mengin<\/strong> a continu\u00e9 son r\u00e9cital derri\u00e8re la carabine. Lors de l&rsquo;\u00e9preuve de l&rsquo;individuel o\u00f9 la moindre faute co\u00fbte une minute de p\u00e9nalit\u00e9, les meilleures tireuses avaient une carte \u00e0 jouer. Et la Fran\u00e7aise en fait partie. Dossard 9, elle n&rsquo;a pas trembl\u00e9 une seule fois et aura blanchi les 20 cibles se pr\u00e9sentant devant elle lors des 10 km. En t\u00eate de 22 secondes \u00e0 la sortie du dernier tir, elle coupera finalement la ligne d&rsquo;arriv\u00e9e en deuxi\u00e8me position.<\/p>\n<p style=\"text-align: justify;\">En effet, titr\u00e9e hier, la Su\u00e9doise <strong>Sara Andersson<\/strong> bien que signant un 17\/20, aura fait parler sa puissance sur les skis pour que la Fran\u00e7aise termine trois petites secondes derri\u00e8re elle. Mais ce n&rsquo;est pas Andersson qui l&#8217;emportera, puisque la double championne du monde jeune d&rsquo;Obertilliach l&rsquo;ann\u00e9e pass\u00e9e, la Slov\u00e8ne <strong>Lena Repinc<\/strong> s&rsquo;impose d&rsquo;une dizaine de secondes gr\u00e2ce \u00e0 un 19\/20. La deuxi\u00e8me Fran\u00e7aise, <strong>Violette Bony<\/strong>,\u00a0est 11\u00e8me (15\/20), <strong>Lola Gilbert-Jeanselme<\/strong> 15\u00e8me (16\/20) et <strong>Ana\u00eblle Bondoux<\/strong> 21\u00e8me (15\/20).<\/p>\n<blockquote class=\"twitter-tweet\">\n<p dir=\"ltr\" lang=\"fr\">M\u00e9daille de bronze pour Amandine Mengin en individuel 10 km (biathlon) ! &#x1f949;<\/p>\n<p>Notre biathl\u00e8te tricolore r\u00e9alise une tr\u00e8s belle course et un sans-faute au tir qui lui permet de monter sur son premier podium international &#x1f44f;<a href=\"https:\/\/twitter.com\/hashtag\/FOJE?src=hash&amp;ref_src=twsrc%5Etfw\">#FOJE<\/a> <a href=\"https:\/\/twitter.com\/hashtag\/Vuokatti2022?src=hash&amp;ref_src=twsrc%5Etfw\">#Vuokatti2022<\/a> <a href=\"https:\/\/twitter.com\/hashtag\/EYOFVuokatti2022?src=hash&amp;ref_src=twsrc%5Etfw\">#EYOFVuokatti2022<\/a> <a href=\"https:\/\/t.co\/npeBrLFEHp\">pic.twitter.com\/npeBrLFEHp<\/a><\/p>\n<p>\u2014 FranceOlympique (@FranceOlympique) <a href=\"https:\/\/twitter.com\/FranceOlympique\/status\/1506922412675411980?ref_src=twsrc%5Etfw\">March 24, 2022<\/a><\/p><\/blockquote>\n<p><script async src=\"https:\/\/platform.twitter.com\/widgets.js\" charset=\"utf-8\"><\/script><\/p>\n","protected":false},"excerpt":{"rendered":"<p>FESTIVAL OLYMPIQUE DE LA JEUNESSE EUROP\u00c9ENNE D&rsquo;HIVER 2022 &#8211; A chaque journ\u00e9e, sa m\u00e9daille de bronze. Deuxi\u00e8me m\u00e9daille pour le biathlon fran\u00e7ais \u00e0 Vuokatti (Finlande), rapport\u00e9e par Amandine Mengin qui, \u00e0 la faveur d&rsquo;un excellent 20\/20, monte sur la troisi\u00e8me marche du podium.<\/p>\n","protected":false},"author":43,"featured_media":210881,"comment_status":"open","ping_status":"closed","sticky":false,"template":"","format":"standard","meta":{"_acf_changed":false,"_daextam_enable_autolinks":"","footnotes":""},"categories":[2426,2366],"tags":[2427,22095],"class_list":["post-210870","post","type-post","status-publish","format-standard","has-post-thumbnail","hentry","category-biathlon","category-multisports","tag-biathlon","tag-festival-olympique-de-la-jeunesse-europeenne-dhiver"],"acf":[],"yoast_head":"<!-- This site is optimized with the Yoast SEO Premium plugin v26.7 (Yoast SEO v26.7) - https:\/\/yoast.com\/wordpress\/plugins\/seo\/ -->\n<title>FOJE d&#039;hiver 2022 : Amandine Mengin m\u00e9daill\u00e9e de bronze sur l&#039;individuel en biathlon<\/title>\n<meta name=\"description\" content=\"Nouvelle m\u00e9daille pour la d\u00e9l\u00e9gation fran\u00e7aise en Finlande. Amandine Mengin s&#039;offre le bronze sur l&#039;individuel en biathlon.\" \/>\n<meta name=\"robots\" content=\"index, follow, max-snippet:-1, max-image-preview:large, max-video-preview:-1\" \/>\n<link rel=\"canonical\" href=\"https:\/\/dicodusport.fr\/blog\/foje-dhiver-2022-amandine-mengin-medaillee-de-bronze-sur-lindividuel-en-biathlon\/\" \/>\n<meta property=\"og:locale\" content=\"fr_FR\" \/>\n<meta property=\"og:type\" content=\"article\" \/>\n<meta property=\"og:title\" content=\"FOJE d&#039;hiver 2022 : Amandine Mengin m\u00e9daill\u00e9e de bronze sur l&#039;individuel en biathlon\" \/>\n<meta property=\"og:description\" content=\"Nouvelle m\u00e9daille pour la d\u00e9l\u00e9gation fran\u00e7aise en Finlande. Amandine Mengin s&#039;offre le bronze sur l&#039;individuel en biathlon.\" \/>\n<meta property=\"og:url\" content=\"https:\/\/dicodusport.fr\/blog\/foje-dhiver-2022-amandine-mengin-medaillee-de-bronze-sur-lindividuel-en-biathlon\/\" \/>\n<meta property=\"og:site_name\" content=\"Dicodusport\" \/>\n<meta property=\"article:publisher\" content=\"https:\/\/www.facebook.com\/dicodusport\" \/>\n<meta property=\"article:author\" content=\"https:\/\/www.facebook.com\/Max.Bld2\/\" \/>\n<meta property=\"article:published_time\" content=\"2022-03-24T11:16:35+00:00\" \/>\n<meta property=\"article:modified_time\" content=\"2022-03-24T13:37:10+00:00\" \/>\n<meta property=\"og:image\" content=\"https:\/\/dicodusport.fr\/blog\/wp-content\/uploads\/2022\/03\/FOJE-dhiver-2022-Amandine-Mengin-medaillee-de-bronze-sur-lindividuel-de-biathlon.png\" \/>\n\t<meta property=\"og:image:width\" content=\"800\" \/>\n\t<meta property=\"og:image:height\" content=\"445\" \/>\n\t<meta property=\"og:image:type\" content=\"image\/png\" \/>\n<meta name=\"author\" content=\"Maxime Boulard\" \/>\n<meta name=\"twitter:card\" content=\"summary_large_image\" \/>\n<meta name=\"twitter:title\" content=\"FOJE d&#039;hiver 2022 : Amandine Mengin m\u00e9daill\u00e9e de bronze sur l&#039;individuel en biathlon\" \/>\n<meta name=\"twitter:creator\" content=\"@https:\/\/twitter.com\/MaximeB_2\" \/>\n<meta name=\"twitter:site\" content=\"@dicodusport\" \/>\n<script type=\"application\/ld+json\" class=\"yoast-schema-graph\">{\"@context\":\"https:\/\/schema.org\",\"@graph\":[{\"@type\":\"NewsArticle\",\"@id\":\"https:\/\/dicodusport.fr\/blog\/foje-dhiver-2022-amandine-mengin-medaillee-de-bronze-sur-lindividuel-en-biathlon\/#article\",\"isPartOf\":{\"@id\":\"https:\/\/dicodusport.fr\/blog\/foje-dhiver-2022-amandine-mengin-medaillee-de-bronze-sur-lindividuel-en-biathlon\/\"},\"author\":{\"name\":\"Maxime Boulard\",\"@id\":\"https:\/\/dicodusport.fr\/blog\/#\/schema\/person\/5aab10ee856e86ac63e9819a9da34784\"},\"headline\":\"FOJE d&rsquo;hiver 2022 : Amandine Mengin m\u00e9daill\u00e9e de bronze sur l&rsquo;individuel en biathlon\",\"datePublished\":\"2022-03-24T11:16:35+00:00\",\"dateModified\":\"2022-03-24T13:37:10+00:00\",\"mainEntityOfPage\":{\"@id\":\"https:\/\/dicodusport.fr\/blog\/foje-dhiver-2022-amandine-mengin-medaillee-de-bronze-sur-lindividuel-en-biathlon\/\"},\"wordCount\":308,\"commentCount\":0,\"publisher\":{\"@id\":\"https:\/\/dicodusport.fr\/blog\/#organization\"},\"image\":{\"@id\":\"https:\/\/dicodusport.fr\/blog\/foje-dhiver-2022-amandine-mengin-medaillee-de-bronze-sur-lindividuel-en-biathlon\/#primaryimage\"},\"thumbnailUrl\":\"https:\/\/dicodusport.fr\/blog\/wp-content\/uploads\/2022\/03\/FOJE-dhiver-2022-Amandine-Mengin-medaillee-de-bronze-sur-lindividuel-de-biathlon.png\",\"keywords\":[\"Biathlon\",\"Festival Olympique de la Jeunesse Europ\u00e9enne d'hiver\"],\"articleSection\":[\"Biathlon\",\"Multisports\"],\"inLanguage\":\"fr-FR\",\"potentialAction\":[{\"@type\":\"CommentAction\",\"name\":\"Comment\",\"target\":[\"https:\/\/dicodusport.fr\/blog\/foje-dhiver-2022-amandine-mengin-medaillee-de-bronze-sur-lindividuel-en-biathlon\/#respond\"]}],\"copyrightYear\":\"2022\",\"copyrightHolder\":{\"@id\":\"https:\/\/dicodusport.fr\/blog\/#organization\"}},{\"@type\":\"WebPage\",\"@id\":\"https:\/\/dicodusport.fr\/blog\/foje-dhiver-2022-amandine-mengin-medaillee-de-bronze-sur-lindividuel-en-biathlon\/\",\"url\":\"https:\/\/dicodusport.fr\/blog\/foje-dhiver-2022-amandine-mengin-medaillee-de-bronze-sur-lindividuel-en-biathlon\/\",\"name\":\"FOJE d'hiver 2022 : Amandine Mengin m\u00e9daill\u00e9e de bronze sur l'individuel en biathlon\",\"isPartOf\":{\"@id\":\"https:\/\/dicodusport.fr\/blog\/#website\"},\"primaryImageOfPage\":{\"@id\":\"https:\/\/dicodusport.fr\/blog\/foje-dhiver-2022-amandine-mengin-medaillee-de-bronze-sur-lindividuel-en-biathlon\/#primaryimage\"},\"image\":{\"@id\":\"https:\/\/dicodusport.fr\/blog\/foje-dhiver-2022-amandine-mengin-medaillee-de-bronze-sur-lindividuel-en-biathlon\/#primaryimage\"},\"thumbnailUrl\":\"https:\/\/dicodusport.fr\/blog\/wp-content\/uploads\/2022\/03\/FOJE-dhiver-2022-Amandine-Mengin-medaillee-de-bronze-sur-lindividuel-de-biathlon.png\",\"datePublished\":\"2022-03-24T11:16:35+00:00\",\"dateModified\":\"2022-03-24T13:37:10+00:00\",\"description\":\"Nouvelle m\u00e9daille pour la d\u00e9l\u00e9gation fran\u00e7aise en Finlande. Amandine Mengin s'offre le bronze sur l'individuel en biathlon.\",\"breadcrumb\":{\"@id\":\"https:\/\/dicodusport.fr\/blog\/foje-dhiver-2022-amandine-mengin-medaillee-de-bronze-sur-lindividuel-en-biathlon\/#breadcrumb\"},\"inLanguage\":\"fr-FR\",\"potentialAction\":[{\"@type\":\"ReadAction\",\"target\":[\"https:\/\/dicodusport.fr\/blog\/foje-dhiver-2022-amandine-mengin-medaillee-de-bronze-sur-lindividuel-en-biathlon\/\"]}]},{\"@type\":\"ImageObject\",\"inLanguage\":\"fr-FR\",\"@id\":\"https:\/\/dicodusport.fr\/blog\/foje-dhiver-2022-amandine-mengin-medaillee-de-bronze-sur-lindividuel-en-biathlon\/#primaryimage\",\"url\":\"https:\/\/dicodusport.fr\/blog\/wp-content\/uploads\/2022\/03\/FOJE-dhiver-2022-Amandine-Mengin-medaillee-de-bronze-sur-lindividuel-de-biathlon.png\",\"contentUrl\":\"https:\/\/dicodusport.fr\/blog\/wp-content\/uploads\/2022\/03\/FOJE-dhiver-2022-Amandine-Mengin-medaillee-de-bronze-sur-lindividuel-de-biathlon.png\",\"width\":800,\"height\":445,\"caption\":\"FOJE d\u2019hiver 2022 Amandine Mengin m\u00e9daill\u00e9e de bronze sur l\u2019individuel de biathlon\"},{\"@type\":\"BreadcrumbList\",\"@id\":\"https:\/\/dicodusport.fr\/blog\/foje-dhiver-2022-amandine-mengin-medaillee-de-bronze-sur-lindividuel-en-biathlon\/#breadcrumb\",\"itemListElement\":[{\"@type\":\"ListItem\",\"position\":1,\"name\":\"Accueil\",\"item\":\"https:\/\/dicodusport.fr\/blog\/\"},{\"@type\":\"ListItem\",\"position\":2,\"name\":\"FOJE d&rsquo;hiver 2022 : Amandine Mengin m\u00e9daill\u00e9e de bronze sur l&rsquo;individuel en biathlon\"}]},{\"@type\":\"WebSite\",\"@id\":\"https:\/\/dicodusport.fr\/blog\/#website\",\"url\":\"https:\/\/dicodusport.fr\/blog\/\",\"name\":\"Dicodusport\",\"description\":\"L&#039;encyclop\u00e9die de l&#039;actualit\u00e9 sportive\",\"publisher\":{\"@id\":\"https:\/\/dicodusport.fr\/blog\/#organization\"},\"potentialAction\":[{\"@type\":\"SearchAction\",\"target\":{\"@type\":\"EntryPoint\",\"urlTemplate\":\"https:\/\/dicodusport.fr\/blog\/?s={search_term_string}\"},\"query-input\":{\"@type\":\"PropertyValueSpecification\",\"valueRequired\":true,\"valueName\":\"search_term_string\"}}],\"inLanguage\":\"fr-FR\"},{\"@type\":\"NewsMediaOrganization\",\"@id\":\"https:\/\/dicodusport.fr\/blog\/#organization\",\"name\":\"Dicodusport\",\"url\":\"https:\/\/dicodusport.fr\/blog\/\",\"logo\":{\"@type\":\"ImageObject\",\"inLanguage\":\"fr-FR\",\"@id\":\"https:\/\/dicodusport.fr\/blog\/#\/schema\/logo\/image\/\",\"url\":\"https:\/\/dicodusport.fr\/blog\/wp-content\/uploads\/2020\/06\/cropped-LOGO-DICODUSPORT-2020-SANS-FOND-SANS-TEXTE.png\",\"contentUrl\":\"https:\/\/dicodusport.fr\/blog\/wp-content\/uploads\/2020\/06\/cropped-LOGO-DICODUSPORT-2020-SANS-FOND-SANS-TEXTE.png\",\"width\":512,\"height\":512,\"caption\":\"Dicodusport\"},\"image\":{\"@id\":\"https:\/\/dicodusport.fr\/blog\/#\/schema\/logo\/image\/\"},\"sameAs\":[\"https:\/\/www.facebook.com\/dicodusport\",\"https:\/\/x.com\/dicodusport\",\"https:\/\/www.instagram.com\/dicodusport\/\",\"https:\/\/www.youtube.com\/channel\/UC7V2KZ5sd3htJivAbA4ZG3w\"],\"description\":\"Dicodusport est l'encyclop\u00e9die de l'actualit\u00e9 sportive.\",\"email\":\"bonjour@dicodusport.fr\",\"legalName\":\"DICODUSPORT\",\"foundingDate\":\"2018-01-14\",\"vatID\":\"FR71834470973\",\"taxID\":\"83447097300043\",\"numberOfEmployees\":{\"@type\":\"QuantitativeValue\",\"minValue\":\"1\",\"maxValue\":\"10\"}},{\"@type\":\"Person\",\"@id\":\"https:\/\/dicodusport.fr\/blog\/#\/schema\/person\/5aab10ee856e86ac63e9819a9da34784\",\"name\":\"Maxime Boulard\",\"image\":{\"@type\":\"ImageObject\",\"inLanguage\":\"fr-FR\",\"@id\":\"https:\/\/dicodusport.fr\/blog\/#\/schema\/person\/image\/\",\"url\":\"https:\/\/dicodusport.fr\/blog\/wp-content\/uploads\/2021\/05\/Maxime-Boulard-150x150.jpg\",\"contentUrl\":\"https:\/\/dicodusport.fr\/blog\/wp-content\/uploads\/2021\/05\/Maxime-Boulard-150x150.jpg\",\"caption\":\"Maxime Boulard\"},\"description\":\"Journaliste\/r\u00e9dacteur depuis octobre 2020 - Si mon plus vieux souvenir de sport aurait pu m'en d\u00e9go\u00fbter, la finale de la Coupe du monde 2006 a \u00e9t\u00e9 tout le contraire. V\u00e9ritable d\u00e9clencheur d'une passion qui aujourd'hui ne fait que grandir avec le temps, mon leitmotiv est la France qui brille ! Je relate les exploits pass\u00e9s et pr\u00e9sents du sport bleu-blanc-rouge sans m\u00e9nagement depuis octobre 2020. Sport valide ou handisport, aucune diff\u00e9rence, il n'y a que du sport et plusieurs fa\u00e7ons de le pratiquer.\",\"sameAs\":[\"https:\/\/www.facebook.com\/Max.Bld2\/\",\"https:\/\/x.com\/https:\/\/twitter.com\/MaximeB_2\"],\"url\":\"https:\/\/dicodusport.fr\/blog\/author\/maxime-b\/\"}]}<\/script>\n<!-- \/ Yoast SEO Premium plugin. -->","yoast_head_json":{"title":"FOJE d'hiver 2022 : Amandine Mengin m\u00e9daill\u00e9e de bronze sur l'individuel en biathlon","description":"Nouvelle m\u00e9daille pour la d\u00e9l\u00e9gation fran\u00e7aise en Finlande. Amandine Mengin s'offre le bronze sur l'individuel en biathlon.","robots":{"index":"index","follow":"follow","max-snippet":"max-snippet:-1","max-image-preview":"max-image-preview:large","max-video-preview":"max-video-preview:-1"},"canonical":"https:\/\/dicodusport.fr\/blog\/foje-dhiver-2022-amandine-mengin-medaillee-de-bronze-sur-lindividuel-en-biathlon\/","og_locale":"fr_FR","og_type":"article","og_title":"FOJE d'hiver 2022 : Amandine Mengin m\u00e9daill\u00e9e de bronze sur l'individuel en biathlon","og_description":"Nouvelle m\u00e9daille pour la d\u00e9l\u00e9gation fran\u00e7aise en Finlande. Amandine Mengin s'offre le bronze sur l'individuel en biathlon.","og_url":"https:\/\/dicodusport.fr\/blog\/foje-dhiver-2022-amandine-mengin-medaillee-de-bronze-sur-lindividuel-en-biathlon\/","og_site_name":"Dicodusport","article_publisher":"https:\/\/www.facebook.com\/dicodusport","article_author":"https:\/\/www.facebook.com\/Max.Bld2\/","article_published_time":"2022-03-24T11:16:35+00:00","article_modified_time":"2022-03-24T13:37:10+00:00","og_image":[{"width":800,"height":445,"url":"https:\/\/dicodusport.fr\/blog\/wp-content\/uploads\/2022\/03\/FOJE-dhiver-2022-Amandine-Mengin-medaillee-de-bronze-sur-lindividuel-de-biathlon.png","type":"image\/png"}],"author":"Maxime Boulard","twitter_card":"summary_large_image","twitter_title":"FOJE d'hiver 2022 : Amandine Mengin m\u00e9daill\u00e9e de bronze sur l'individuel en biathlon","twitter_creator":"@https:\/\/twitter.com\/MaximeB_2","twitter_site":"@dicodusport","schema":{"@context":"https:\/\/schema.org","@graph":[{"@type":"NewsArticle","@id":"https:\/\/dicodusport.fr\/blog\/foje-dhiver-2022-amandine-mengin-medaillee-de-bronze-sur-lindividuel-en-biathlon\/#article","isPartOf":{"@id":"https:\/\/dicodusport.fr\/blog\/foje-dhiver-2022-amandine-mengin-medaillee-de-bronze-sur-lindividuel-en-biathlon\/"},"author":{"name":"Maxime Boulard","@id":"https:\/\/dicodusport.fr\/blog\/#\/schema\/person\/5aab10ee856e86ac63e9819a9da34784"},"headline":"FOJE d&rsquo;hiver 2022 : Amandine Mengin m\u00e9daill\u00e9e de bronze sur l&rsquo;individuel en biathlon","datePublished":"2022-03-24T11:16:35+00:00","dateModified":"2022-03-24T13:37:10+00:00","mainEntityOfPage":{"@id":"https:\/\/dicodusport.fr\/blog\/foje-dhiver-2022-amandine-mengin-medaillee-de-bronze-sur-lindividuel-en-biathlon\/"},"wordCount":308,"commentCount":0,"publisher":{"@id":"https:\/\/dicodusport.fr\/blog\/#organization"},"image":{"@id":"https:\/\/dicodusport.fr\/blog\/foje-dhiver-2022-amandine-mengin-medaillee-de-bronze-sur-lindividuel-en-biathlon\/#primaryimage"},"thumbnailUrl":"https:\/\/dicodusport.fr\/blog\/wp-content\/uploads\/2022\/03\/FOJE-dhiver-2022-Amandine-Mengin-medaillee-de-bronze-sur-lindividuel-de-biathlon.png","keywords":["Biathlon","Festival Olympique de la Jeunesse Europ\u00e9enne d'hiver"],"articleSection":["Biathlon","Multisports"],"inLanguage":"fr-FR","potentialAction":[{"@type":"CommentAction","name":"Comment","target":["https:\/\/dicodusport.fr\/blog\/foje-dhiver-2022-amandine-mengin-medaillee-de-bronze-sur-lindividuel-en-biathlon\/#respond"]}],"copyrightYear":"2022","copyrightHolder":{"@id":"https:\/\/dicodusport.fr\/blog\/#organization"}},{"@type":"WebPage","@id":"https:\/\/dicodusport.fr\/blog\/foje-dhiver-2022-amandine-mengin-medaillee-de-bronze-sur-lindividuel-en-biathlon\/","url":"https:\/\/dicodusport.fr\/blog\/foje-dhiver-2022-amandine-mengin-medaillee-de-bronze-sur-lindividuel-en-biathlon\/","name":"FOJE d'hiver 2022 : Amandine Mengin m\u00e9daill\u00e9e de bronze sur l'individuel en biathlon","isPartOf":{"@id":"https:\/\/dicodusport.fr\/blog\/#website"},"primaryImageOfPage":{"@id":"https:\/\/dicodusport.fr\/blog\/foje-dhiver-2022-amandine-mengin-medaillee-de-bronze-sur-lindividuel-en-biathlon\/#primaryimage"},"image":{"@id":"https:\/\/dicodusport.fr\/blog\/foje-dhiver-2022-amandine-mengin-medaillee-de-bronze-sur-lindividuel-en-biathlon\/#primaryimage"},"thumbnailUrl":"https:\/\/dicodusport.fr\/blog\/wp-content\/uploads\/2022\/03\/FOJE-dhiver-2022-Amandine-Mengin-medaillee-de-bronze-sur-lindividuel-de-biathlon.png","datePublished":"2022-03-24T11:16:35+00:00","dateModified":"2022-03-24T13:37:10+00:00","description":"Nouvelle m\u00e9daille pour la d\u00e9l\u00e9gation fran\u00e7aise en Finlande. Amandine Mengin s'offre le bronze sur l'individuel en biathlon.","breadcrumb":{"@id":"https:\/\/dicodusport.fr\/blog\/foje-dhiver-2022-amandine-mengin-medaillee-de-bronze-sur-lindividuel-en-biathlon\/#breadcrumb"},"inLanguage":"fr-FR","potentialAction":[{"@type":"ReadAction","target":["https:\/\/dicodusport.fr\/blog\/foje-dhiver-2022-amandine-mengin-medaillee-de-bronze-sur-lindividuel-en-biathlon\/"]}]},{"@type":"ImageObject","inLanguage":"fr-FR","@id":"https:\/\/dicodusport.fr\/blog\/foje-dhiver-2022-amandine-mengin-medaillee-de-bronze-sur-lindividuel-en-biathlon\/#primaryimage","url":"https:\/\/dicodusport.fr\/blog\/wp-content\/uploads\/2022\/03\/FOJE-dhiver-2022-Amandine-Mengin-medaillee-de-bronze-sur-lindividuel-de-biathlon.png","contentUrl":"https:\/\/dicodusport.fr\/blog\/wp-content\/uploads\/2022\/03\/FOJE-dhiver-2022-Amandine-Mengin-medaillee-de-bronze-sur-lindividuel-de-biathlon.png","width":800,"height":445,"caption":"FOJE d\u2019hiver 2022 Amandine Mengin m\u00e9daill\u00e9e de bronze sur l\u2019individuel de biathlon"},{"@type":"BreadcrumbList","@id":"https:\/\/dicodusport.fr\/blog\/foje-dhiver-2022-amandine-mengin-medaillee-de-bronze-sur-lindividuel-en-biathlon\/#breadcrumb","itemListElement":[{"@type":"ListItem","position":1,"name":"Accueil","item":"https:\/\/dicodusport.fr\/blog\/"},{"@type":"ListItem","position":2,"name":"FOJE d&rsquo;hiver 2022 : Amandine Mengin m\u00e9daill\u00e9e de bronze sur l&rsquo;individuel en biathlon"}]},{"@type":"WebSite","@id":"https:\/\/dicodusport.fr\/blog\/#website","url":"https:\/\/dicodusport.fr\/blog\/","name":"Dicodusport","description":"L&#039;encyclop\u00e9die de l&#039;actualit\u00e9 sportive","publisher":{"@id":"https:\/\/dicodusport.fr\/blog\/#organization"},"potentialAction":[{"@type":"SearchAction","target":{"@type":"EntryPoint","urlTemplate":"https:\/\/dicodusport.fr\/blog\/?s={search_term_string}"},"query-input":{"@type":"PropertyValueSpecification","valueRequired":true,"valueName":"search_term_string"}}],"inLanguage":"fr-FR"},{"@type":"NewsMediaOrganization","@id":"https:\/\/dicodusport.fr\/blog\/#organization","name":"Dicodusport","url":"https:\/\/dicodusport.fr\/blog\/","logo":{"@type":"ImageObject","inLanguage":"fr-FR","@id":"https:\/\/dicodusport.fr\/blog\/#\/schema\/logo\/image\/","url":"https:\/\/dicodusport.fr\/blog\/wp-content\/uploads\/2020\/06\/cropped-LOGO-DICODUSPORT-2020-SANS-FOND-SANS-TEXTE.png","contentUrl":"https:\/\/dicodusport.fr\/blog\/wp-content\/uploads\/2020\/06\/cropped-LOGO-DICODUSPORT-2020-SANS-FOND-SANS-TEXTE.png","width":512,"height":512,"caption":"Dicodusport"},"image":{"@id":"https:\/\/dicodusport.fr\/blog\/#\/schema\/logo\/image\/"},"sameAs":["https:\/\/www.facebook.com\/dicodusport","https:\/\/x.com\/dicodusport","https:\/\/www.instagram.com\/dicodusport\/","https:\/\/www.youtube.com\/channel\/UC7V2KZ5sd3htJivAbA4ZG3w"],"description":"Dicodusport est l'encyclop\u00e9die de l'actualit\u00e9 sportive.","email":"bonjour@dicodusport.fr","legalName":"DICODUSPORT","foundingDate":"2018-01-14","vatID":"FR71834470973","taxID":"83447097300043","numberOfEmployees":{"@type":"QuantitativeValue","minValue":"1","maxValue":"10"}},{"@type":"Person","@id":"https:\/\/dicodusport.fr\/blog\/#\/schema\/person\/5aab10ee856e86ac63e9819a9da34784","name":"Maxime Boulard","image":{"@type":"ImageObject","inLanguage":"fr-FR","@id":"https:\/\/dicodusport.fr\/blog\/#\/schema\/person\/image\/","url":"https:\/\/dicodusport.fr\/blog\/wp-content\/uploads\/2021\/05\/Maxime-Boulard-150x150.jpg","contentUrl":"https:\/\/dicodusport.fr\/blog\/wp-content\/uploads\/2021\/05\/Maxime-Boulard-150x150.jpg","caption":"Maxime Boulard"},"description":"Journaliste\/r\u00e9dacteur depuis octobre 2020 - Si mon plus vieux souvenir de sport aurait pu m'en d\u00e9go\u00fbter, la finale de la Coupe du monde 2006 a \u00e9t\u00e9 tout le contraire. V\u00e9ritable d\u00e9clencheur d'une passion qui aujourd'hui ne fait que grandir avec le temps, mon leitmotiv est la France qui brille ! Je relate les exploits pass\u00e9s et pr\u00e9sents du sport bleu-blanc-rouge sans m\u00e9nagement depuis octobre 2020. Sport valide ou handisport, aucune diff\u00e9rence, il n'y a que du sport et plusieurs fa\u00e7ons de le pratiquer.","sameAs":["https:\/\/www.facebook.com\/Max.Bld2\/","https:\/\/x.com\/https:\/\/twitter.com\/MaximeB_2"],"url":"https:\/\/dicodusport.fr\/blog\/author\/maxime-b\/"}]}},"_links":{"self":[{"href":"https:\/\/dicodusport.fr\/blog\/wp-json\/wp\/v2\/posts\/210870","targetHints":{"allow":["GET"]}}],"collection":[{"href":"https:\/\/dicodusport.fr\/blog\/wp-json\/wp\/v2\/posts"}],"about":[{"href":"https:\/\/dicodusport.fr\/blog\/wp-json\/wp\/v2\/types\/post"}],"author":[{"embeddable":true,"href":"https:\/\/dicodusport.fr\/blog\/wp-json\/wp\/v2\/users\/43"}],"replies":[{"embeddable":true,"href":"https:\/\/dicodusport.fr\/blog\/wp-json\/wp\/v2\/comments?post=210870"}],"version-history":[{"count":0,"href":"https:\/\/dicodusport.fr\/blog\/wp-json\/wp\/v2\/posts\/210870\/revisions"}],"wp:featuredmedia":[{"embeddable":true,"href":"https:\/\/dicodusport.fr\/blog\/wp-json\/wp\/v2\/media\/210881"}],"wp:attachment":[{"href":"https:\/\/dicodusport.fr\/blog\/wp-json\/wp\/v2\/media?parent=210870"}],"wp:term":[{"taxonomy":"category","embeddable":true,"href":"https:\/\/dicodusport.fr\/blog\/wp-json\/wp\/v2\/categories?post=210870"},{"taxonomy":"post_tag","embeddable":true,"href":"https:\/\/dicodusport.fr\/blog\/wp-json\/wp\/v2\/tags?post=210870"}],"curies":[{"name":"wp","href":"https:\/\/api.w.org\/{rel}","templated":true}]}}