{"id":211408,"date":"2022-03-26T17:24:13","date_gmt":"2022-03-26T16:24:13","guid":{"rendered":"https:\/\/dicodusport.fr\/blog\/?p=211408&#038;preview=true&#038;preview_id=211408"},"modified":"2022-03-26T17:48:37","modified_gmt":"2022-03-26T16:48:37","slug":"tour-de-catalogne-2022-richard-carapaz-s-impose-6eme-etape-higuita-leader","status":"publish","type":"post","link":"https:\/\/dicodusport.fr\/blog\/tour-de-catalogne-2022-richard-carapaz-s-impose-6eme-etape-higuita-leader\/","title":{"rendered":"Tour de Catalogne 2022 : Richard Carapaz s&rsquo;impose sur la 6\u00e8me \u00e9tape, Higuita leader"},"content":{"rendered":"<p style=\"text-align: justify;\"><strong><i>TOUR DE CATALOGNE 2022 &#8211; Au terme d&rsquo;une \u00e9tape extraordinaire, Richard Carapaz (INEOS Grenadiers) et Sergio Higuita <strong>(Bora-Hansgrohe)<\/strong>, qui ont pass\u00e9 117 km dans l&rsquo;\u00e9chapp\u00e9e, se sont jou\u00e9s la victoire d&rsquo;\u00e9tape. La sixi\u00e8me est ainsi remport\u00e9e par Richard Carapaz tandis que Sergio Higuita est le nouveau leader du Tour de Catalogne.\u00a0<\/i><\/strong><\/p>\n<p style=\"text-align: justify;\"><span style=\"font-weight: 400;\">La sixi\u00e8me \u00e9tape du Tour de Catalogne avec les 167 km au programme, a \u00e9t\u00e9 marqu\u00e9e par l\u2019expression <em>la belle \u00e9chapp\u00e9e<\/em> dans laquelle <\/span><b>Sergio Higuita <\/b><span style=\"font-weight: 400;\">et <\/span><b>Richard Carapaz <\/b><span style=\"font-weight: 400;\">ont embarqu\u00e9 les passionn\u00e9s de cyclisme.\u00a0<\/span><span style=\"font-weight: 400;\">Les deux h\u00e9ros du jour ont \u00e9t\u00e9 pr\u00e9sents dans une grande \u00e9chapp\u00e9e de 22 coureurs compos\u00e9e de favoris au g\u00e9n\u00e9ral qui s\u2019est constitu\u00e9 au bout de trente kilom\u00e8tres de course. Mais cinquante kilom\u00e8tres apr\u00e8s le d\u00e9part, <\/span><b>Sergio Higuita<\/b><span style=\"font-weight: 400;\"> (Bora-Hansgrohe) et <\/span><b>Richard Carapaz<\/b><span style=\"font-weight: 400;\"> (Ineos Grenadiers) partent pour constituer une \u00e9chapp\u00e9e \u00e0 deux. Le duo anime la t\u00eate de la course et se trouve avec une avance de 3&rsquo;20 \u00e0 75 km de l\u2019arriv\u00e9e.\u00a0<\/span><\/p>\n<p style=\"text-align: justify;\"><span style=\"font-weight: 400;\">Derri\u00e8re se trouve un groupe de 23 coureurs o\u00f9 l\u2019on distingue <\/span><b>Jo\u00e3o Almeida <\/b><span style=\"font-weight: 400;\">(UAE Emirates), leader au g\u00e9n\u00e9ral du Tour de Catalogne. Le peloton se trouve au contact de ce groupe \u00e0 25 secondes. Ce groupe contient huit coureurs parmi le top 10 du g\u00e9n\u00e9ral. Cependant, le Fran\u00e7ais <\/span><b>Guillaume Martin<\/b><span style=\"font-weight: 400;\"> (8e au g\u00e9n\u00e9ral au d\u00e9part) ne fait pas partie de la troupe. Le coureur de la formation Cofidis parvient tout de m\u00eame vite \u00e0 retrouver le contact avec un peloton qui se r\u00e9unit \u00e0 71 km de l\u2019arriv\u00e9e \u00e0 la conqu\u00eate des deux hommes en t\u00eate.\u00a0<\/span><\/p>\n<h2 style=\"text-align: justify;\"><strong>Une mauvaise journ\u00e9e pour Jo\u00e3o Almeida<\/strong><\/h2>\n<p style=\"text-align: justify;\"><span style=\"font-weight: 400;\">Le peloton est men\u00e9 par <\/span><b>Marc Soler<\/b><span style=\"font-weight: 400;\"> et <\/span><b>Rui Costa<\/b><span style=\"font-weight: 400;\">, co\u00e9quipiers de <\/span><b>Jo\u00e3o Almeida<\/b><span style=\"font-weight: 400;\"> qui tentent de r\u00e9duire l\u2019\u00e9cart avec la t\u00eate de la course, qui menace la tunique de leader du Portugais. L\u2019\u00e9cart passe sous la barre des trois minutes en fondant \u00e0 2&rsquo;55 \u00e0 50 km de la ligne. Mais <\/span><b>Marc Soler <\/b><span style=\"font-weight: 400;\">se rel\u00e8ve \u00e0 46 km de l\u2019arriv\u00e9e, ce qui ne fait pas les affaires de la formation UAE Emirates, en difficult\u00e9. <\/span><b>Rui Costa<\/b><span style=\"font-weight: 400;\"> donne alors le ton au peloton avec un \u00e9cart qui commence \u00e0 diminuer avec 2&rsquo;40 \u00e0 38 km du d\u00e9nouement. Avec l\u2019aide de l\u2019\u00e9quipe Uno-X qui roule en t\u00eate du peloton, l\u2019\u00e9cart est en train de fondre alors que dans le m\u00eame temps, les deux fuyards font l\u2019ascension du col de la Teixeta (cat 2). Au sommet, l\u2019\u00e9cart est de 2&rsquo;04 avec un peloton motiv\u00e9 \u00e0 reprendre leur retard. La formation Bahrain-Victorious avec <\/span><b>Hermann Pernsteiner<\/b><span style=\"font-weight: 400;\"> fait le travail ainsi que UAE Emirates. Une strat\u00e9gie payante pour faire revenir le peloton \u00e0 1&rsquo;15 avant d\u2019aborder les vingt derniers kilom\u00e8tres de la 6e \u00e9tape.\u00a0<\/span><\/p>\n<p style=\"text-align: justify;\"><span style=\"font-weight: 400;\">Dans la descente du col de la Teixeta, <\/span><b>Juan Ayuso<\/b><span style=\"font-weight: 400;\"> vient s\u2019intercaler entre l\u2019\u00e9chapp\u00e9e et le peloton. Cependant, son co\u00e9quipier <\/span><b>Jo\u00e3o Almeida <\/b><span style=\"font-weight: 400;\">n\u2019est pas dans sa roue. <\/span><b>Juan Ayuso<\/b><span style=\"font-weight: 400;\"> prend alors les derni\u00e8res bonifications du sprint interm\u00e9diaire, une contre-attaque en vue de conserver sa quatri\u00e8me place au classement g\u00e9n\u00e9ral.\u00a0<\/span><\/p>\n<p style=\"text-align: justify;\"><b>Jo\u00e3o Almeida <\/b><span style=\"font-weight: 400;\">est le grand perdant de la journ\u00e9e qui ne parvient pas \u00e0 suivre le rythme d\u2019un groupe compos\u00e9 de <strong>Wout Poels <\/strong>(Bahrain Victorious), <strong>Dylan Teuns <\/strong>(Bahrain Victorious), <strong>Hermann Pernsteinner<\/strong> (Bahrain-Victorious), <strong>Carlos Rodriguez<\/strong> (Ineos Grenadiers), <strong>Giulio Ciccone<\/strong> (Trek-Segafredo) et <strong>Nairo Quintana<\/strong> (Ark\u00e9a-Samsic) qui se lance \u00e0 la poursuite des trois coureurs \u00e0 l\u2019avant. Ce groupe de poursuivants vient absorber <\/span><b>Juan Ayuso <\/b><span style=\"font-weight: 400;\">qui n\u2019aura pas rejoint les deux h\u00e9ros du jour. C\u2019est alors dans un sprint \u00e0 deux que <\/span><b>Richard Carapaz <\/b><span style=\"font-weight: 400;\">s\u2019impose lors de la 6e \u00e9tape et o\u00f9 <\/span><b>Sergio Higuita <\/b><span style=\"font-weight: 400;\">prend les commandes de leader du Tour de Catalogne.<\/span><\/p>\n<blockquote class=\"twitter-tweet\">\n<p dir=\"ltr\" lang=\"en\">HE&rsquo;S DONE IT!&#x1f64c;&#x1f64c;&#x1f64c;<a href=\"https:\/\/twitter.com\/RichardCarapazM?ref_src=twsrc%5Etfw\">@RichardCarapazM<\/a> sprints to a phenomenal victory on stage 6 of <a href=\"https:\/\/twitter.com\/hashtag\/VoltaCatalunya101?src=hash&amp;ref_src=twsrc%5Etfw\">#VoltaCatalunya101<\/a> after going all in with a long-range attack with 135km to go!<\/p>\n<p>He moves up to second on GC with all to play for tomorrow &#x1f44a; <a href=\"https:\/\/t.co\/4cuoDdHYpu\">pic.twitter.com\/4cuoDdHYpu<\/a><\/p>\n<p>\u2014 INEOS Grenadiers (@INEOSGrenadiers) <a href=\"https:\/\/twitter.com\/INEOSGrenadiers\/status\/1507754643086053384?ref_src=twsrc%5Etfw\">March 26, 2022<\/a><\/p><\/blockquote>\n<p><script async src=\"https:\/\/platform.twitter.com\/widgets.js\" charset=\"utf-8\"><\/script><\/p>\n<h2 style=\"text-align: justify;\">\u00c0 lire aussi<\/h2>\n<ul>\n<li style=\"text-align: justify;\"><a href=\"https:\/\/dicodusport.fr\/blog\/tour-de-catalogne-2022-classement-6eme-etape\/\"><b>Le classement de la 6\u00e8me \u00e9tape du Tour de Catalogne 2022<\/b><\/a><\/li>\n<li style=\"text-align: justify;\"><a href=\"https:\/\/dicodusport.fr\/blog\/tour-de-catalogne-2022-classement-general\/\"><strong>Le classement g\u00e9n\u00e9ral du Tour de Catalogne 2022<\/strong><\/a><\/li>\n<\/ul>\n","protected":false},"excerpt":{"rendered":"<p>TOUR DE CATALOGNE 2022 &#8211; Au terme d&rsquo;une \u00e9tape extraordinaire, Richard Carapaz (INEOS Grenadiers) et Sergio Higuita (Ineos Grenadiers), qui ont pass\u00e9 117 km dans l&rsquo;\u00e9chapp\u00e9e, se sont jou\u00e9s la victoire d&rsquo;\u00e9tape. La sixi\u00e8me est ainsi remport\u00e9e par Richard Carapaz tandis que Sergio Higuita est le nouveau leader du Tour de Catalogne.\u00a0<\/p>\n","protected":false},"author":62,"featured_media":211422,"comment_status":"open","ping_status":"closed","sticky":false,"template":"","format":"standard","meta":{"_acf_changed":false,"_daextam_enable_autolinks":"","footnotes":""},"categories":[46994],"tags":[7488],"class_list":["post-211408","post","type-post","status-publish","format-standard","has-post-thumbnail","hentry","category-cyclisme-sur-route","tag-tour-de-catalogne"],"acf":[],"yoast_head":"<!-- This site is optimized with the Yoast SEO Premium plugin v26.7 (Yoast SEO v26.7) - https:\/\/yoast.com\/wordpress\/plugins\/seo\/ -->\n<title>Tour de Catalogne 2022 : Richard Carapaz s&#039;impose sur la 6\u00e8me \u00e9tape, Higuita leader<\/title>\n<meta name=\"description\" content=\"TOUR DE CATALOGNE 2022 - Au terme d&#039;une \u00e9chapp\u00e9e extraordinaire, Richard Carapaz (INEOS Grenadiers) s&#039;est impos\u00e9 sur la 6\u00e8me \u00e9tape.\" \/>\n<meta name=\"robots\" content=\"index, follow, max-snippet:-1, max-image-preview:large, max-video-preview:-1\" \/>\n<link rel=\"canonical\" href=\"https:\/\/dicodusport.fr\/blog\/tour-de-catalogne-2022-richard-carapaz-s-impose-6eme-etape-higuita-leader\/\" \/>\n<meta property=\"og:locale\" content=\"fr_FR\" \/>\n<meta property=\"og:type\" content=\"article\" \/>\n<meta property=\"og:title\" content=\"Tour de Catalogne 2022 : Richard Carapaz s&#039;impose sur la 6\u00e8me \u00e9tape, Higuita leader\" \/>\n<meta property=\"og:description\" content=\"TOUR DE CATALOGNE 2022 - Au terme d&#039;une \u00e9chapp\u00e9e extraordinaire, Richard Carapaz (INEOS Grenadiers) s&#039;est impos\u00e9 sur la 6\u00e8me \u00e9tape.\" \/>\n<meta property=\"og:url\" content=\"https:\/\/dicodusport.fr\/blog\/tour-de-catalogne-2022-richard-carapaz-s-impose-6eme-etape-higuita-leader\/\" \/>\n<meta property=\"og:site_name\" content=\"Dicodusport\" \/>\n<meta property=\"article:publisher\" content=\"https:\/\/www.facebook.com\/dicodusport\" \/>\n<meta property=\"article:published_time\" content=\"2022-03-26T16:24:13+00:00\" \/>\n<meta property=\"article:modified_time\" content=\"2022-03-26T16:48:37+00:00\" \/>\n<meta property=\"og:image\" content=\"https:\/\/dicodusport.fr\/blog\/wp-content\/uploads\/2022\/03\/Tour-de-Catalogne-2022-Richard-Carapaz-simpose-sur-la-6eme-etape-Higuita-leader.png\" \/>\n\t<meta property=\"og:image:width\" content=\"800\" \/>\n\t<meta property=\"og:image:height\" content=\"445\" \/>\n\t<meta property=\"og:image:type\" content=\"image\/png\" \/>\n<meta name=\"author\" content=\"Andr\u00e9a Lamy\" \/>\n<meta name=\"twitter:card\" content=\"summary_large_image\" \/>\n<meta name=\"twitter:title\" content=\"Tour de Catalogne 2022 : Richard Carapaz s&#039;impose sur la 6\u00e8me \u00e9tape, Higuita leader\" \/>\n<meta name=\"twitter:creator\" content=\"@dicodusport\" \/>\n<meta name=\"twitter:site\" content=\"@dicodusport\" \/>\n<script type=\"application\/ld+json\" class=\"yoast-schema-graph\">{\"@context\":\"https:\/\/schema.org\",\"@graph\":[{\"@type\":\"NewsArticle\",\"@id\":\"https:\/\/dicodusport.fr\/blog\/tour-de-catalogne-2022-richard-carapaz-s-impose-6eme-etape-higuita-leader\/#article\",\"isPartOf\":{\"@id\":\"https:\/\/dicodusport.fr\/blog\/tour-de-catalogne-2022-richard-carapaz-s-impose-6eme-etape-higuita-leader\/\"},\"author\":{\"name\":\"Andr\u00e9a Lamy\",\"@id\":\"https:\/\/dicodusport.fr\/blog\/#\/schema\/person\/5b73f4b55b8683f37e9f75d6dc039f31\"},\"headline\":\"Tour de Catalogne 2022 : Richard Carapaz s&rsquo;impose sur la 6\u00e8me \u00e9tape, Higuita leader\",\"datePublished\":\"2022-03-26T16:24:13+00:00\",\"dateModified\":\"2022-03-26T16:48:37+00:00\",\"mainEntityOfPage\":{\"@id\":\"https:\/\/dicodusport.fr\/blog\/tour-de-catalogne-2022-richard-carapaz-s-impose-6eme-etape-higuita-leader\/\"},\"wordCount\":731,\"commentCount\":0,\"publisher\":{\"@id\":\"https:\/\/dicodusport.fr\/blog\/#organization\"},\"image\":{\"@id\":\"https:\/\/dicodusport.fr\/blog\/tour-de-catalogne-2022-richard-carapaz-s-impose-6eme-etape-higuita-leader\/#primaryimage\"},\"thumbnailUrl\":\"https:\/\/dicodusport.fr\/blog\/wp-content\/uploads\/2022\/03\/Tour-de-Catalogne-2022-Richard-Carapaz-simpose-sur-la-6eme-etape-Higuita-leader.png\",\"keywords\":[\"Tour de Catalogne\"],\"articleSection\":[\"Cyclisme sur route\"],\"inLanguage\":\"fr-FR\",\"potentialAction\":[{\"@type\":\"CommentAction\",\"name\":\"Comment\",\"target\":[\"https:\/\/dicodusport.fr\/blog\/tour-de-catalogne-2022-richard-carapaz-s-impose-6eme-etape-higuita-leader\/#respond\"]}],\"copyrightYear\":\"2022\",\"copyrightHolder\":{\"@id\":\"https:\/\/dicodusport.fr\/blog\/#organization\"}},{\"@type\":\"WebPage\",\"@id\":\"https:\/\/dicodusport.fr\/blog\/tour-de-catalogne-2022-richard-carapaz-s-impose-6eme-etape-higuita-leader\/\",\"url\":\"https:\/\/dicodusport.fr\/blog\/tour-de-catalogne-2022-richard-carapaz-s-impose-6eme-etape-higuita-leader\/\",\"name\":\"Tour de Catalogne 2022 : Richard Carapaz s'impose sur la 6\u00e8me \u00e9tape, Higuita leader\",\"isPartOf\":{\"@id\":\"https:\/\/dicodusport.fr\/blog\/#website\"},\"primaryImageOfPage\":{\"@id\":\"https:\/\/dicodusport.fr\/blog\/tour-de-catalogne-2022-richard-carapaz-s-impose-6eme-etape-higuita-leader\/#primaryimage\"},\"image\":{\"@id\":\"https:\/\/dicodusport.fr\/blog\/tour-de-catalogne-2022-richard-carapaz-s-impose-6eme-etape-higuita-leader\/#primaryimage\"},\"thumbnailUrl\":\"https:\/\/dicodusport.fr\/blog\/wp-content\/uploads\/2022\/03\/Tour-de-Catalogne-2022-Richard-Carapaz-simpose-sur-la-6eme-etape-Higuita-leader.png\",\"datePublished\":\"2022-03-26T16:24:13+00:00\",\"dateModified\":\"2022-03-26T16:48:37+00:00\",\"description\":\"TOUR DE CATALOGNE 2022 - Au terme d'une \u00e9chapp\u00e9e extraordinaire, Richard Carapaz (INEOS Grenadiers) s'est impos\u00e9 sur la 6\u00e8me \u00e9tape.\",\"breadcrumb\":{\"@id\":\"https:\/\/dicodusport.fr\/blog\/tour-de-catalogne-2022-richard-carapaz-s-impose-6eme-etape-higuita-leader\/#breadcrumb\"},\"inLanguage\":\"fr-FR\",\"potentialAction\":[{\"@type\":\"ReadAction\",\"target\":[\"https:\/\/dicodusport.fr\/blog\/tour-de-catalogne-2022-richard-carapaz-s-impose-6eme-etape-higuita-leader\/\"]}]},{\"@type\":\"ImageObject\",\"inLanguage\":\"fr-FR\",\"@id\":\"https:\/\/dicodusport.fr\/blog\/tour-de-catalogne-2022-richard-carapaz-s-impose-6eme-etape-higuita-leader\/#primaryimage\",\"url\":\"https:\/\/dicodusport.fr\/blog\/wp-content\/uploads\/2022\/03\/Tour-de-Catalogne-2022-Richard-Carapaz-simpose-sur-la-6eme-etape-Higuita-leader.png\",\"contentUrl\":\"https:\/\/dicodusport.fr\/blog\/wp-content\/uploads\/2022\/03\/Tour-de-Catalogne-2022-Richard-Carapaz-simpose-sur-la-6eme-etape-Higuita-leader.png\",\"width\":800,\"height\":445,\"caption\":\"Tour de Catalogne 2022 Richard Carapaz s'impose sur la 6\u00e8me \u00e9tape, Higuita leader\"},{\"@type\":\"BreadcrumbList\",\"@id\":\"https:\/\/dicodusport.fr\/blog\/tour-de-catalogne-2022-richard-carapaz-s-impose-6eme-etape-higuita-leader\/#breadcrumb\",\"itemListElement\":[{\"@type\":\"ListItem\",\"position\":1,\"name\":\"Accueil\",\"item\":\"https:\/\/dicodusport.fr\/blog\/\"},{\"@type\":\"ListItem\",\"position\":2,\"name\":\"Tour de Catalogne 2022 : Richard Carapaz s&rsquo;impose sur la 6\u00e8me \u00e9tape, Higuita leader\"}]},{\"@type\":\"WebSite\",\"@id\":\"https:\/\/dicodusport.fr\/blog\/#website\",\"url\":\"https:\/\/dicodusport.fr\/blog\/\",\"name\":\"Dicodusport\",\"description\":\"L&#039;encyclop\u00e9die de l&#039;actualit\u00e9 sportive\",\"publisher\":{\"@id\":\"https:\/\/dicodusport.fr\/blog\/#organization\"},\"potentialAction\":[{\"@type\":\"SearchAction\",\"target\":{\"@type\":\"EntryPoint\",\"urlTemplate\":\"https:\/\/dicodusport.fr\/blog\/?s={search_term_string}\"},\"query-input\":{\"@type\":\"PropertyValueSpecification\",\"valueRequired\":true,\"valueName\":\"search_term_string\"}}],\"inLanguage\":\"fr-FR\"},{\"@type\":\"NewsMediaOrganization\",\"@id\":\"https:\/\/dicodusport.fr\/blog\/#organization\",\"name\":\"Dicodusport\",\"url\":\"https:\/\/dicodusport.fr\/blog\/\",\"logo\":{\"@type\":\"ImageObject\",\"inLanguage\":\"fr-FR\",\"@id\":\"https:\/\/dicodusport.fr\/blog\/#\/schema\/logo\/image\/\",\"url\":\"https:\/\/dicodusport.fr\/blog\/wp-content\/uploads\/2020\/06\/cropped-LOGO-DICODUSPORT-2020-SANS-FOND-SANS-TEXTE.png\",\"contentUrl\":\"https:\/\/dicodusport.fr\/blog\/wp-content\/uploads\/2020\/06\/cropped-LOGO-DICODUSPORT-2020-SANS-FOND-SANS-TEXTE.png\",\"width\":512,\"height\":512,\"caption\":\"Dicodusport\"},\"image\":{\"@id\":\"https:\/\/dicodusport.fr\/blog\/#\/schema\/logo\/image\/\"},\"sameAs\":[\"https:\/\/www.facebook.com\/dicodusport\",\"https:\/\/x.com\/dicodusport\",\"https:\/\/www.instagram.com\/dicodusport\/\",\"https:\/\/www.youtube.com\/channel\/UC7V2KZ5sd3htJivAbA4ZG3w\"],\"description\":\"Dicodusport est l'encyclop\u00e9die de l'actualit\u00e9 sportive.\",\"email\":\"bonjour@dicodusport.fr\",\"legalName\":\"DICODUSPORT\",\"foundingDate\":\"2018-01-14\",\"vatID\":\"FR71834470973\",\"taxID\":\"83447097300043\",\"numberOfEmployees\":{\"@type\":\"QuantitativeValue\",\"minValue\":\"1\",\"maxValue\":\"10\"}},{\"@type\":\"Person\",\"@id\":\"https:\/\/dicodusport.fr\/blog\/#\/schema\/person\/5b73f4b55b8683f37e9f75d6dc039f31\",\"name\":\"Andr\u00e9a Lamy\",\"image\":{\"@type\":\"ImageObject\",\"inLanguage\":\"fr-FR\",\"@id\":\"https:\/\/dicodusport.fr\/blog\/#\/schema\/person\/image\/\",\"url\":\"https:\/\/dicodusport.fr\/blog\/wp-content\/uploads\/2022\/03\/Andrea-150x150.jpg\",\"contentUrl\":\"https:\/\/dicodusport.fr\/blog\/wp-content\/uploads\/2022\/03\/Andrea-150x150.jpg\",\"caption\":\"Andr\u00e9a Lamy\"},\"url\":\"https:\/\/dicodusport.fr\/blog\/author\/andrea-lamy\/\"}]}<\/script>\n<!-- \/ Yoast SEO Premium plugin. -->","yoast_head_json":{"title":"Tour de Catalogne 2022 : Richard Carapaz s'impose sur la 6\u00e8me \u00e9tape, Higuita leader","description":"TOUR DE CATALOGNE 2022 - Au terme d'une \u00e9chapp\u00e9e extraordinaire, Richard Carapaz (INEOS Grenadiers) s'est impos\u00e9 sur la 6\u00e8me \u00e9tape.","robots":{"index":"index","follow":"follow","max-snippet":"max-snippet:-1","max-image-preview":"max-image-preview:large","max-video-preview":"max-video-preview:-1"},"canonical":"https:\/\/dicodusport.fr\/blog\/tour-de-catalogne-2022-richard-carapaz-s-impose-6eme-etape-higuita-leader\/","og_locale":"fr_FR","og_type":"article","og_title":"Tour de Catalogne 2022 : Richard Carapaz s'impose sur la 6\u00e8me \u00e9tape, Higuita leader","og_description":"TOUR DE CATALOGNE 2022 - Au terme d'une \u00e9chapp\u00e9e extraordinaire, Richard Carapaz (INEOS Grenadiers) s'est impos\u00e9 sur la 6\u00e8me \u00e9tape.","og_url":"https:\/\/dicodusport.fr\/blog\/tour-de-catalogne-2022-richard-carapaz-s-impose-6eme-etape-higuita-leader\/","og_site_name":"Dicodusport","article_publisher":"https:\/\/www.facebook.com\/dicodusport","article_published_time":"2022-03-26T16:24:13+00:00","article_modified_time":"2022-03-26T16:48:37+00:00","og_image":[{"width":800,"height":445,"url":"https:\/\/dicodusport.fr\/blog\/wp-content\/uploads\/2022\/03\/Tour-de-Catalogne-2022-Richard-Carapaz-simpose-sur-la-6eme-etape-Higuita-leader.png","type":"image\/png"}],"author":"Andr\u00e9a Lamy","twitter_card":"summary_large_image","twitter_title":"Tour de Catalogne 2022 : Richard Carapaz s'impose sur la 6\u00e8me \u00e9tape, Higuita leader","twitter_creator":"@dicodusport","twitter_site":"@dicodusport","schema":{"@context":"https:\/\/schema.org","@graph":[{"@type":"NewsArticle","@id":"https:\/\/dicodusport.fr\/blog\/tour-de-catalogne-2022-richard-carapaz-s-impose-6eme-etape-higuita-leader\/#article","isPartOf":{"@id":"https:\/\/dicodusport.fr\/blog\/tour-de-catalogne-2022-richard-carapaz-s-impose-6eme-etape-higuita-leader\/"},"author":{"name":"Andr\u00e9a Lamy","@id":"https:\/\/dicodusport.fr\/blog\/#\/schema\/person\/5b73f4b55b8683f37e9f75d6dc039f31"},"headline":"Tour de Catalogne 2022 : Richard Carapaz s&rsquo;impose sur la 6\u00e8me \u00e9tape, Higuita leader","datePublished":"2022-03-26T16:24:13+00:00","dateModified":"2022-03-26T16:48:37+00:00","mainEntityOfPage":{"@id":"https:\/\/dicodusport.fr\/blog\/tour-de-catalogne-2022-richard-carapaz-s-impose-6eme-etape-higuita-leader\/"},"wordCount":731,"commentCount":0,"publisher":{"@id":"https:\/\/dicodusport.fr\/blog\/#organization"},"image":{"@id":"https:\/\/dicodusport.fr\/blog\/tour-de-catalogne-2022-richard-carapaz-s-impose-6eme-etape-higuita-leader\/#primaryimage"},"thumbnailUrl":"https:\/\/dicodusport.fr\/blog\/wp-content\/uploads\/2022\/03\/Tour-de-Catalogne-2022-Richard-Carapaz-simpose-sur-la-6eme-etape-Higuita-leader.png","keywords":["Tour de Catalogne"],"articleSection":["Cyclisme sur route"],"inLanguage":"fr-FR","potentialAction":[{"@type":"CommentAction","name":"Comment","target":["https:\/\/dicodusport.fr\/blog\/tour-de-catalogne-2022-richard-carapaz-s-impose-6eme-etape-higuita-leader\/#respond"]}],"copyrightYear":"2022","copyrightHolder":{"@id":"https:\/\/dicodusport.fr\/blog\/#organization"}},{"@type":"WebPage","@id":"https:\/\/dicodusport.fr\/blog\/tour-de-catalogne-2022-richard-carapaz-s-impose-6eme-etape-higuita-leader\/","url":"https:\/\/dicodusport.fr\/blog\/tour-de-catalogne-2022-richard-carapaz-s-impose-6eme-etape-higuita-leader\/","name":"Tour de Catalogne 2022 : Richard Carapaz s'impose sur la 6\u00e8me \u00e9tape, Higuita leader","isPartOf":{"@id":"https:\/\/dicodusport.fr\/blog\/#website"},"primaryImageOfPage":{"@id":"https:\/\/dicodusport.fr\/blog\/tour-de-catalogne-2022-richard-carapaz-s-impose-6eme-etape-higuita-leader\/#primaryimage"},"image":{"@id":"https:\/\/dicodusport.fr\/blog\/tour-de-catalogne-2022-richard-carapaz-s-impose-6eme-etape-higuita-leader\/#primaryimage"},"thumbnailUrl":"https:\/\/dicodusport.fr\/blog\/wp-content\/uploads\/2022\/03\/Tour-de-Catalogne-2022-Richard-Carapaz-simpose-sur-la-6eme-etape-Higuita-leader.png","datePublished":"2022-03-26T16:24:13+00:00","dateModified":"2022-03-26T16:48:37+00:00","description":"TOUR DE CATALOGNE 2022 - Au terme d'une \u00e9chapp\u00e9e extraordinaire, Richard Carapaz (INEOS Grenadiers) s'est impos\u00e9 sur la 6\u00e8me \u00e9tape.","breadcrumb":{"@id":"https:\/\/dicodusport.fr\/blog\/tour-de-catalogne-2022-richard-carapaz-s-impose-6eme-etape-higuita-leader\/#breadcrumb"},"inLanguage":"fr-FR","potentialAction":[{"@type":"ReadAction","target":["https:\/\/dicodusport.fr\/blog\/tour-de-catalogne-2022-richard-carapaz-s-impose-6eme-etape-higuita-leader\/"]}]},{"@type":"ImageObject","inLanguage":"fr-FR","@id":"https:\/\/dicodusport.fr\/blog\/tour-de-catalogne-2022-richard-carapaz-s-impose-6eme-etape-higuita-leader\/#primaryimage","url":"https:\/\/dicodusport.fr\/blog\/wp-content\/uploads\/2022\/03\/Tour-de-Catalogne-2022-Richard-Carapaz-simpose-sur-la-6eme-etape-Higuita-leader.png","contentUrl":"https:\/\/dicodusport.fr\/blog\/wp-content\/uploads\/2022\/03\/Tour-de-Catalogne-2022-Richard-Carapaz-simpose-sur-la-6eme-etape-Higuita-leader.png","width":800,"height":445,"caption":"Tour de Catalogne 2022 Richard Carapaz s'impose sur la 6\u00e8me \u00e9tape, Higuita leader"},{"@type":"BreadcrumbList","@id":"https:\/\/dicodusport.fr\/blog\/tour-de-catalogne-2022-richard-carapaz-s-impose-6eme-etape-higuita-leader\/#breadcrumb","itemListElement":[{"@type":"ListItem","position":1,"name":"Accueil","item":"https:\/\/dicodusport.fr\/blog\/"},{"@type":"ListItem","position":2,"name":"Tour de Catalogne 2022 : Richard Carapaz s&rsquo;impose sur la 6\u00e8me \u00e9tape, Higuita leader"}]},{"@type":"WebSite","@id":"https:\/\/dicodusport.fr\/blog\/#website","url":"https:\/\/dicodusport.fr\/blog\/","name":"Dicodusport","description":"L&#039;encyclop\u00e9die de l&#039;actualit\u00e9 sportive","publisher":{"@id":"https:\/\/dicodusport.fr\/blog\/#organization"},"potentialAction":[{"@type":"SearchAction","target":{"@type":"EntryPoint","urlTemplate":"https:\/\/dicodusport.fr\/blog\/?s={search_term_string}"},"query-input":{"@type":"PropertyValueSpecification","valueRequired":true,"valueName":"search_term_string"}}],"inLanguage":"fr-FR"},{"@type":"NewsMediaOrganization","@id":"https:\/\/dicodusport.fr\/blog\/#organization","name":"Dicodusport","url":"https:\/\/dicodusport.fr\/blog\/","logo":{"@type":"ImageObject","inLanguage":"fr-FR","@id":"https:\/\/dicodusport.fr\/blog\/#\/schema\/logo\/image\/","url":"https:\/\/dicodusport.fr\/blog\/wp-content\/uploads\/2020\/06\/cropped-LOGO-DICODUSPORT-2020-SANS-FOND-SANS-TEXTE.png","contentUrl":"https:\/\/dicodusport.fr\/blog\/wp-content\/uploads\/2020\/06\/cropped-LOGO-DICODUSPORT-2020-SANS-FOND-SANS-TEXTE.png","width":512,"height":512,"caption":"Dicodusport"},"image":{"@id":"https:\/\/dicodusport.fr\/blog\/#\/schema\/logo\/image\/"},"sameAs":["https:\/\/www.facebook.com\/dicodusport","https:\/\/x.com\/dicodusport","https:\/\/www.instagram.com\/dicodusport\/","https:\/\/www.youtube.com\/channel\/UC7V2KZ5sd3htJivAbA4ZG3w"],"description":"Dicodusport est l'encyclop\u00e9die de l'actualit\u00e9 sportive.","email":"bonjour@dicodusport.fr","legalName":"DICODUSPORT","foundingDate":"2018-01-14","vatID":"FR71834470973","taxID":"83447097300043","numberOfEmployees":{"@type":"QuantitativeValue","minValue":"1","maxValue":"10"}},{"@type":"Person","@id":"https:\/\/dicodusport.fr\/blog\/#\/schema\/person\/5b73f4b55b8683f37e9f75d6dc039f31","name":"Andr\u00e9a Lamy","image":{"@type":"ImageObject","inLanguage":"fr-FR","@id":"https:\/\/dicodusport.fr\/blog\/#\/schema\/person\/image\/","url":"https:\/\/dicodusport.fr\/blog\/wp-content\/uploads\/2022\/03\/Andrea-150x150.jpg","contentUrl":"https:\/\/dicodusport.fr\/blog\/wp-content\/uploads\/2022\/03\/Andrea-150x150.jpg","caption":"Andr\u00e9a Lamy"},"url":"https:\/\/dicodusport.fr\/blog\/author\/andrea-lamy\/"}]}},"_links":{"self":[{"href":"https:\/\/dicodusport.fr\/blog\/wp-json\/wp\/v2\/posts\/211408","targetHints":{"allow":["GET"]}}],"collection":[{"href":"https:\/\/dicodusport.fr\/blog\/wp-json\/wp\/v2\/posts"}],"about":[{"href":"https:\/\/dicodusport.fr\/blog\/wp-json\/wp\/v2\/types\/post"}],"author":[{"embeddable":true,"href":"https:\/\/dicodusport.fr\/blog\/wp-json\/wp\/v2\/users\/62"}],"replies":[{"embeddable":true,"href":"https:\/\/dicodusport.fr\/blog\/wp-json\/wp\/v2\/comments?post=211408"}],"version-history":[{"count":0,"href":"https:\/\/dicodusport.fr\/blog\/wp-json\/wp\/v2\/posts\/211408\/revisions"}],"wp:featuredmedia":[{"embeddable":true,"href":"https:\/\/dicodusport.fr\/blog\/wp-json\/wp\/v2\/media\/211422"}],"wp:attachment":[{"href":"https:\/\/dicodusport.fr\/blog\/wp-json\/wp\/v2\/media?parent=211408"}],"wp:term":[{"taxonomy":"category","embeddable":true,"href":"https:\/\/dicodusport.fr\/blog\/wp-json\/wp\/v2\/categories?post=211408"},{"taxonomy":"post_tag","embeddable":true,"href":"https:\/\/dicodusport.fr\/blog\/wp-json\/wp\/v2\/tags?post=211408"}],"curies":[{"name":"wp","href":"https:\/\/api.w.org\/{rel}","templated":true}]}}