{"id":211599,"date":"2022-03-27T16:11:23","date_gmt":"2022-03-27T14:11:23","guid":{"rendered":"https:\/\/dicodusport.fr\/blog\/?p=211599&#038;preview=true&#038;preview_id=211599"},"modified":"2022-03-27T16:29:00","modified_gmt":"2022-03-27T14:29:00","slug":"cdm-vtt-descente-amaury-pierron-s-impose-a-lourdes-myriam-nicole-deuxieme","status":"publish","type":"post","link":"https:\/\/dicodusport.fr\/blog\/cdm-vtt-descente-amaury-pierron-s-impose-a-lourdes-myriam-nicole-deuxieme\/","title":{"rendered":"CDM VTT Descente : Amaury Pierron s&rsquo;impose \u00e0 Lourdes, Myriam Nicole deuxi\u00e8me"},"content":{"rendered":"<p style=\"text-align: justify;\"><b><i>COUPE DU MONDE VTT DESCENTE &#8211; En ouverture de la Coupe du monde de VTT Descente, Amaury Pierron (Commencal\/Muc Off by Riding) s&rsquo;est impos\u00e9 \u00e0 domicile, \u00e0 Lourdes. Le Fran\u00e7ais devance le Canadien Finn Iles (Specialized), et le tenant du titre au classement g\u00e9n\u00e9ral de la Coupe du monde, son compatriote Lo\u00efc Bruni (Specialized). Chez les dames, Myriam Nicole (Commencal\/Muc Off by Riding) se classe deuxi\u00e8me.<\/i><\/b><\/p>\n<p style=\"text-align: justify;\">Victoire \u00e0 domicile pour <strong>Amaury Pierron<\/strong> ! Troisi\u00e8me des qualifications samedi, le v\u00e9t\u00e9tiste de 26 ans a fait le show ce dimanche en finale, en s&rsquo;imposant \u00e0 domicile, \u00e0 Lourdes (France). Sixi\u00e8me du g\u00e9n\u00e9ral la saison pass\u00e9e, il d\u00e9croche ainsi son 7\u00e8me succ\u00e8s en Coupe du monde, lui qui avait rafl\u00e9 le classement g\u00e9n\u00e9ral en 2018. Avec un temps de 2:47.711, il devance le Canadien <strong>Finn Iles<\/strong> de 874 milli\u00e8mes. Vainqueur du g\u00e9n\u00e9ral en 2021, <strong>Lo\u00efc Bruni<\/strong>, en t\u00eate \u00e0 l&rsquo;issue des qualifications, compl\u00e8te le podium (+ 1.086). Beno\u00eet Coulanges (4\u00e8me) et Antoine Vidal (9\u00e8me) compl\u00e8tent le contingent tricolore dans le top 10.<\/p>\n<blockquote class=\"twitter-tweet\">\n<p dir=\"ltr\" lang=\"en\">That was incredible! &#x1f680;<\/p>\n<p>Amaury Pierron &#x1f1eb;&#x1f1f7; takes the Men Elite win in Lourdes.<\/p>\n<p>What a way to kick-off the 2022 <a href=\"https:\/\/twitter.com\/MercedesBenz?ref_src=twsrc%5Etfw\">@MercedesBenz<\/a> UCI World Cup in Lourdes, phwoarrrr!<a href=\"https:\/\/twitter.com\/hashtag\/MBWorldCup?src=hash&amp;ref_src=twsrc%5Etfw\">#MBWorldCup<\/a> <a href=\"https:\/\/t.co\/RR1k1SKEw2\">pic.twitter.com\/RR1k1SKEw2<\/a><\/p>\n<p>\u2014 UCI MTB (@UCI_MTB) <a href=\"https:\/\/twitter.com\/UCI_MTB\/status\/1508077228256546829?ref_src=twsrc%5Etfw\">March 27, 2022<\/a><\/p><\/blockquote>\n<p><script async src=\"https:\/\/platform.twitter.com\/widgets.js\" charset=\"utf-8\"><\/script><\/p>\n<p style=\"text-align: justify;\">Chez les dames, la championne du monde <strong>Myriam Nicole<\/strong> a pris la deuxi\u00e8me place. Malgr\u00e9 une chute ce dimanche matin aux entra\u00eenements, elle a se montrer propre. La Suissesse <strong>Camille Balanche<\/strong> s&rsquo;est impos\u00e9e. La Britannique <strong>Tahnee Seagrave<\/strong> prend la troisi\u00e8me place. Deux autres Fran\u00e7aises pointent dans le top 10 : <strong>Marine Cabirou<\/strong> 5\u00e8me, devant <strong>Mathilde Bernard<\/strong>, 6\u00e8me.<\/p>\n","protected":false},"excerpt":{"rendered":"<p>COUPE DU MONDE VTT DESCENTE &#8211; En ouverture de la Coupe du monde de VTT Descente, Amaury Pierron (Commencal\/Muc Off by Riding) s&rsquo;est impos\u00e9 \u00e0 domicile, \u00e0 Lourdes. Le Fran\u00e7ais devance le Canadien Finn Iles (Specialized), et le tenant du titre au classement g\u00e9n\u00e9ral de la Coupe du monde, son compatriote Lo\u00efc Bruni (Specialized). Chez les dames, Myriam Nicole (Commencal\/Muc Off by Riding) se classe deuxi\u00e8me.<\/p>\n","protected":false},"author":4,"featured_media":211609,"comment_status":"open","ping_status":"closed","sticky":false,"template":"","format":"standard","meta":{"_acf_changed":false,"_daextam_enable_autolinks":"","footnotes":""},"categories":[10279],"tags":[7768],"class_list":["post-211599","post","type-post","status-publish","format-standard","has-post-thumbnail","hentry","category-vtt","tag-vtt-descente"],"acf":[],"yoast_head":"<!-- This site is optimized with the Yoast SEO Premium plugin v26.7 (Yoast SEO v26.7) - https:\/\/yoast.com\/wordpress\/plugins\/seo\/ -->\n<title>CDM VTT Descente : Amaury Pierron s&#039;impose \u00e0 Lourdes, Myriam Nicole deuxi\u00e8me<\/title>\n<meta name=\"description\" content=\"COUPE DU MONDE VTT DESCENTE - Amaury Pierron (Commencal\/Muc Off by Riding) s&#039;est impos\u00e9 \u00e0 domicile, \u00e0 Lourdes.\" \/>\n<meta name=\"robots\" content=\"index, follow, max-snippet:-1, max-image-preview:large, max-video-preview:-1\" \/>\n<link rel=\"canonical\" href=\"https:\/\/dicodusport.fr\/blog\/cdm-vtt-descente-amaury-pierron-s-impose-a-lourdes-myriam-nicole-deuxieme\/\" \/>\n<meta property=\"og:locale\" content=\"fr_FR\" \/>\n<meta property=\"og:type\" content=\"article\" \/>\n<meta property=\"og:title\" content=\"CDM VTT Descente : Amaury Pierron s&#039;impose \u00e0 Lourdes, Myriam Nicole deuxi\u00e8me\" \/>\n<meta property=\"og:description\" content=\"COUPE DU MONDE VTT DESCENTE - Amaury Pierron (Commencal\/Muc Off by Riding) s&#039;est impos\u00e9 \u00e0 domicile, \u00e0 Lourdes.\" \/>\n<meta property=\"og:url\" content=\"https:\/\/dicodusport.fr\/blog\/cdm-vtt-descente-amaury-pierron-s-impose-a-lourdes-myriam-nicole-deuxieme\/\" \/>\n<meta property=\"og:site_name\" content=\"Dicodusport\" \/>\n<meta property=\"article:publisher\" content=\"https:\/\/www.facebook.com\/dicodusport\" \/>\n<meta property=\"article:author\" content=\"https:\/\/www.facebook.com\/florent.ostermann\" \/>\n<meta property=\"article:published_time\" content=\"2022-03-27T14:11:23+00:00\" \/>\n<meta property=\"article:modified_time\" content=\"2022-03-27T14:29:00+00:00\" \/>\n<meta property=\"og:image\" content=\"https:\/\/dicodusport.fr\/blog\/wp-content\/uploads\/2022\/03\/CDM-VTT-Descente-Amaury-Pierron-simpose-a-Lourdes-Myriam-Nicole-deuxieme.png\" \/>\n\t<meta property=\"og:image:width\" content=\"800\" \/>\n\t<meta property=\"og:image:height\" content=\"445\" \/>\n\t<meta property=\"og:image:type\" content=\"image\/png\" \/>\n<meta name=\"author\" content=\"Flo Ostermann\" \/>\n<meta name=\"twitter:card\" content=\"summary_large_image\" \/>\n<meta name=\"twitter:title\" content=\"CDM VTT Descente : Amaury Pierron s&#039;impose \u00e0 Lourdes, Myriam Nicole deuxi\u00e8me\" \/>\n<meta name=\"twitter:creator\" content=\"@https:\/\/twitter.com\/FlOstermann\" \/>\n<meta name=\"twitter:site\" content=\"@dicodusport\" \/>\n<script type=\"application\/ld+json\" class=\"yoast-schema-graph\">{\"@context\":\"https:\/\/schema.org\",\"@graph\":[{\"@type\":\"NewsArticle\",\"@id\":\"https:\/\/dicodusport.fr\/blog\/cdm-vtt-descente-amaury-pierron-s-impose-a-lourdes-myriam-nicole-deuxieme\/#article\",\"isPartOf\":{\"@id\":\"https:\/\/dicodusport.fr\/blog\/cdm-vtt-descente-amaury-pierron-s-impose-a-lourdes-myriam-nicole-deuxieme\/\"},\"author\":{\"name\":\"Flo Ostermann\",\"@id\":\"https:\/\/dicodusport.fr\/blog\/#\/schema\/person\/cb02af4c173ce4a653b55e9baf388d4a\"},\"headline\":\"CDM VTT Descente : Amaury Pierron s&rsquo;impose \u00e0 Lourdes, Myriam Nicole deuxi\u00e8me\",\"datePublished\":\"2022-03-27T14:11:23+00:00\",\"dateModified\":\"2022-03-27T14:29:00+00:00\",\"mainEntityOfPage\":{\"@id\":\"https:\/\/dicodusport.fr\/blog\/cdm-vtt-descente-amaury-pierron-s-impose-a-lourdes-myriam-nicole-deuxieme\/\"},\"wordCount\":301,\"commentCount\":0,\"publisher\":{\"@id\":\"https:\/\/dicodusport.fr\/blog\/#organization\"},\"image\":{\"@id\":\"https:\/\/dicodusport.fr\/blog\/cdm-vtt-descente-amaury-pierron-s-impose-a-lourdes-myriam-nicole-deuxieme\/#primaryimage\"},\"thumbnailUrl\":\"https:\/\/dicodusport.fr\/blog\/wp-content\/uploads\/2022\/03\/CDM-VTT-Descente-Amaury-Pierron-simpose-a-Lourdes-Myriam-Nicole-deuxieme.png\",\"keywords\":[\"VTT Descente\"],\"articleSection\":[\"VTT\"],\"inLanguage\":\"fr-FR\",\"potentialAction\":[{\"@type\":\"CommentAction\",\"name\":\"Comment\",\"target\":[\"https:\/\/dicodusport.fr\/blog\/cdm-vtt-descente-amaury-pierron-s-impose-a-lourdes-myriam-nicole-deuxieme\/#respond\"]}],\"copyrightYear\":\"2022\",\"copyrightHolder\":{\"@id\":\"https:\/\/dicodusport.fr\/blog\/#organization\"}},{\"@type\":\"WebPage\",\"@id\":\"https:\/\/dicodusport.fr\/blog\/cdm-vtt-descente-amaury-pierron-s-impose-a-lourdes-myriam-nicole-deuxieme\/\",\"url\":\"https:\/\/dicodusport.fr\/blog\/cdm-vtt-descente-amaury-pierron-s-impose-a-lourdes-myriam-nicole-deuxieme\/\",\"name\":\"CDM VTT Descente : Amaury Pierron s'impose \u00e0 Lourdes, Myriam Nicole deuxi\u00e8me\",\"isPartOf\":{\"@id\":\"https:\/\/dicodusport.fr\/blog\/#website\"},\"primaryImageOfPage\":{\"@id\":\"https:\/\/dicodusport.fr\/blog\/cdm-vtt-descente-amaury-pierron-s-impose-a-lourdes-myriam-nicole-deuxieme\/#primaryimage\"},\"image\":{\"@id\":\"https:\/\/dicodusport.fr\/blog\/cdm-vtt-descente-amaury-pierron-s-impose-a-lourdes-myriam-nicole-deuxieme\/#primaryimage\"},\"thumbnailUrl\":\"https:\/\/dicodusport.fr\/blog\/wp-content\/uploads\/2022\/03\/CDM-VTT-Descente-Amaury-Pierron-simpose-a-Lourdes-Myriam-Nicole-deuxieme.png\",\"datePublished\":\"2022-03-27T14:11:23+00:00\",\"dateModified\":\"2022-03-27T14:29:00+00:00\",\"description\":\"COUPE DU MONDE VTT DESCENTE - Amaury Pierron (Commencal\/Muc Off by Riding) s'est impos\u00e9 \u00e0 domicile, \u00e0 Lourdes.\",\"breadcrumb\":{\"@id\":\"https:\/\/dicodusport.fr\/blog\/cdm-vtt-descente-amaury-pierron-s-impose-a-lourdes-myriam-nicole-deuxieme\/#breadcrumb\"},\"inLanguage\":\"fr-FR\",\"potentialAction\":[{\"@type\":\"ReadAction\",\"target\":[\"https:\/\/dicodusport.fr\/blog\/cdm-vtt-descente-amaury-pierron-s-impose-a-lourdes-myriam-nicole-deuxieme\/\"]}]},{\"@type\":\"ImageObject\",\"inLanguage\":\"fr-FR\",\"@id\":\"https:\/\/dicodusport.fr\/blog\/cdm-vtt-descente-amaury-pierron-s-impose-a-lourdes-myriam-nicole-deuxieme\/#primaryimage\",\"url\":\"https:\/\/dicodusport.fr\/blog\/wp-content\/uploads\/2022\/03\/CDM-VTT-Descente-Amaury-Pierron-simpose-a-Lourdes-Myriam-Nicole-deuxieme.png\",\"contentUrl\":\"https:\/\/dicodusport.fr\/blog\/wp-content\/uploads\/2022\/03\/CDM-VTT-Descente-Amaury-Pierron-simpose-a-Lourdes-Myriam-Nicole-deuxieme.png\",\"width\":800,\"height\":445,\"caption\":\"CDM VTT Descente Amaury Pierron s'impose \u00e0 Lourdes, Myriam Nicole deuxi\u00e8me\"},{\"@type\":\"BreadcrumbList\",\"@id\":\"https:\/\/dicodusport.fr\/blog\/cdm-vtt-descente-amaury-pierron-s-impose-a-lourdes-myriam-nicole-deuxieme\/#breadcrumb\",\"itemListElement\":[{\"@type\":\"ListItem\",\"position\":1,\"name\":\"Accueil\",\"item\":\"https:\/\/dicodusport.fr\/blog\/\"},{\"@type\":\"ListItem\",\"position\":2,\"name\":\"CDM VTT Descente : Amaury Pierron s&rsquo;impose \u00e0 Lourdes, Myriam Nicole deuxi\u00e8me\"}]},{\"@type\":\"WebSite\",\"@id\":\"https:\/\/dicodusport.fr\/blog\/#website\",\"url\":\"https:\/\/dicodusport.fr\/blog\/\",\"name\":\"Dicodusport\",\"description\":\"L&#039;encyclop\u00e9die de l&#039;actualit\u00e9 sportive\",\"publisher\":{\"@id\":\"https:\/\/dicodusport.fr\/blog\/#organization\"},\"potentialAction\":[{\"@type\":\"SearchAction\",\"target\":{\"@type\":\"EntryPoint\",\"urlTemplate\":\"https:\/\/dicodusport.fr\/blog\/?s={search_term_string}\"},\"query-input\":{\"@type\":\"PropertyValueSpecification\",\"valueRequired\":true,\"valueName\":\"search_term_string\"}}],\"inLanguage\":\"fr-FR\"},{\"@type\":\"NewsMediaOrganization\",\"@id\":\"https:\/\/dicodusport.fr\/blog\/#organization\",\"name\":\"Dicodusport\",\"url\":\"https:\/\/dicodusport.fr\/blog\/\",\"logo\":{\"@type\":\"ImageObject\",\"inLanguage\":\"fr-FR\",\"@id\":\"https:\/\/dicodusport.fr\/blog\/#\/schema\/logo\/image\/\",\"url\":\"https:\/\/dicodusport.fr\/blog\/wp-content\/uploads\/2020\/06\/cropped-LOGO-DICODUSPORT-2020-SANS-FOND-SANS-TEXTE.png\",\"contentUrl\":\"https:\/\/dicodusport.fr\/blog\/wp-content\/uploads\/2020\/06\/cropped-LOGO-DICODUSPORT-2020-SANS-FOND-SANS-TEXTE.png\",\"width\":512,\"height\":512,\"caption\":\"Dicodusport\"},\"image\":{\"@id\":\"https:\/\/dicodusport.fr\/blog\/#\/schema\/logo\/image\/\"},\"sameAs\":[\"https:\/\/www.facebook.com\/dicodusport\",\"https:\/\/x.com\/dicodusport\",\"https:\/\/www.instagram.com\/dicodusport\/\",\"https:\/\/www.youtube.com\/channel\/UC7V2KZ5sd3htJivAbA4ZG3w\"],\"description\":\"Dicodusport est l'encyclop\u00e9die de l'actualit\u00e9 sportive.\",\"email\":\"bonjour@dicodusport.fr\",\"legalName\":\"DICODUSPORT\",\"foundingDate\":\"2018-01-14\",\"vatID\":\"FR71834470973\",\"taxID\":\"83447097300043\",\"numberOfEmployees\":{\"@type\":\"QuantitativeValue\",\"minValue\":\"1\",\"maxValue\":\"10\"}},{\"@type\":\"Person\",\"@id\":\"https:\/\/dicodusport.fr\/blog\/#\/schema\/person\/cb02af4c173ce4a653b55e9baf388d4a\",\"name\":\"Flo Ostermann\",\"image\":{\"@type\":\"ImageObject\",\"inLanguage\":\"fr-FR\",\"@id\":\"https:\/\/dicodusport.fr\/blog\/#\/schema\/person\/image\/\",\"url\":\"https:\/\/dicodusport.fr\/blog\/wp-content\/uploads\/2021\/05\/Flo-Ostermann-150x150.jpg\",\"contentUrl\":\"https:\/\/dicodusport.fr\/blog\/wp-content\/uploads\/2021\/05\/Flo-Ostermann-150x150.jpg\",\"caption\":\"Flo Ostermann\"},\"description\":\"Journaliste\/R\u00e9dacteur depuis septembre 2015 - Mes premiers souvenirs dans le sport ? Les envol\u00e9es du Stade Toulousain et les duels Villeneuve-Schumacher et H\u00e4kkinen-Schumacher \u00e0 la fin des ann\u00e9es 90, la Coupe du monde de football en 1998, l\u2019exploit du XV de France face aux All Blacks en 1999, mais aussi Richard C\u0153ur de Lion qui vole sur les montagnes du Tour de France. Bien parti pour devenir professeur d\u2019EPS, les \u00e9v\u00e9nements de la vie (et la flemme d\u2019animer des s\u00e9ances de 3x500 m\u00e8tres toute ma vie) m\u2019ont conduit \u00e0 revoir mes plans. Me voil\u00e0 depuis fin 2017 sur Dicodusport, m\u00e9dia gr\u00e2ce (et pour) lequel je partage ma passion : le sport dans tous ses \u00e9tats. Le tout accompagn\u00e9 par les fous furieux et folles furieuses cit\u00e9s sur cette page !\",\"sameAs\":[\"https:\/\/www.facebook.com\/florent.ostermann\",\"https:\/\/x.com\/https:\/\/twitter.com\/FlOstermann\",\"admin\"],\"url\":\"https:\/\/dicodusport.fr\/blog\/author\/flo\/\"}]}<\/script>\n<!-- \/ Yoast SEO Premium plugin. -->","yoast_head_json":{"title":"CDM VTT Descente : Amaury Pierron s'impose \u00e0 Lourdes, Myriam Nicole deuxi\u00e8me","description":"COUPE DU MONDE VTT DESCENTE - Amaury Pierron (Commencal\/Muc Off by Riding) s'est impos\u00e9 \u00e0 domicile, \u00e0 Lourdes.","robots":{"index":"index","follow":"follow","max-snippet":"max-snippet:-1","max-image-preview":"max-image-preview:large","max-video-preview":"max-video-preview:-1"},"canonical":"https:\/\/dicodusport.fr\/blog\/cdm-vtt-descente-amaury-pierron-s-impose-a-lourdes-myriam-nicole-deuxieme\/","og_locale":"fr_FR","og_type":"article","og_title":"CDM VTT Descente : Amaury Pierron s'impose \u00e0 Lourdes, Myriam Nicole deuxi\u00e8me","og_description":"COUPE DU MONDE VTT DESCENTE - Amaury Pierron (Commencal\/Muc Off by Riding) s'est impos\u00e9 \u00e0 domicile, \u00e0 Lourdes.","og_url":"https:\/\/dicodusport.fr\/blog\/cdm-vtt-descente-amaury-pierron-s-impose-a-lourdes-myriam-nicole-deuxieme\/","og_site_name":"Dicodusport","article_publisher":"https:\/\/www.facebook.com\/dicodusport","article_author":"https:\/\/www.facebook.com\/florent.ostermann","article_published_time":"2022-03-27T14:11:23+00:00","article_modified_time":"2022-03-27T14:29:00+00:00","og_image":[{"width":800,"height":445,"url":"https:\/\/dicodusport.fr\/blog\/wp-content\/uploads\/2022\/03\/CDM-VTT-Descente-Amaury-Pierron-simpose-a-Lourdes-Myriam-Nicole-deuxieme.png","type":"image\/png"}],"author":"Flo Ostermann","twitter_card":"summary_large_image","twitter_title":"CDM VTT Descente : Amaury Pierron s'impose \u00e0 Lourdes, Myriam Nicole deuxi\u00e8me","twitter_creator":"@https:\/\/twitter.com\/FlOstermann","twitter_site":"@dicodusport","schema":{"@context":"https:\/\/schema.org","@graph":[{"@type":"NewsArticle","@id":"https:\/\/dicodusport.fr\/blog\/cdm-vtt-descente-amaury-pierron-s-impose-a-lourdes-myriam-nicole-deuxieme\/#article","isPartOf":{"@id":"https:\/\/dicodusport.fr\/blog\/cdm-vtt-descente-amaury-pierron-s-impose-a-lourdes-myriam-nicole-deuxieme\/"},"author":{"name":"Flo Ostermann","@id":"https:\/\/dicodusport.fr\/blog\/#\/schema\/person\/cb02af4c173ce4a653b55e9baf388d4a"},"headline":"CDM VTT Descente : Amaury Pierron s&rsquo;impose \u00e0 Lourdes, Myriam Nicole deuxi\u00e8me","datePublished":"2022-03-27T14:11:23+00:00","dateModified":"2022-03-27T14:29:00+00:00","mainEntityOfPage":{"@id":"https:\/\/dicodusport.fr\/blog\/cdm-vtt-descente-amaury-pierron-s-impose-a-lourdes-myriam-nicole-deuxieme\/"},"wordCount":301,"commentCount":0,"publisher":{"@id":"https:\/\/dicodusport.fr\/blog\/#organization"},"image":{"@id":"https:\/\/dicodusport.fr\/blog\/cdm-vtt-descente-amaury-pierron-s-impose-a-lourdes-myriam-nicole-deuxieme\/#primaryimage"},"thumbnailUrl":"https:\/\/dicodusport.fr\/blog\/wp-content\/uploads\/2022\/03\/CDM-VTT-Descente-Amaury-Pierron-simpose-a-Lourdes-Myriam-Nicole-deuxieme.png","keywords":["VTT Descente"],"articleSection":["VTT"],"inLanguage":"fr-FR","potentialAction":[{"@type":"CommentAction","name":"Comment","target":["https:\/\/dicodusport.fr\/blog\/cdm-vtt-descente-amaury-pierron-s-impose-a-lourdes-myriam-nicole-deuxieme\/#respond"]}],"copyrightYear":"2022","copyrightHolder":{"@id":"https:\/\/dicodusport.fr\/blog\/#organization"}},{"@type":"WebPage","@id":"https:\/\/dicodusport.fr\/blog\/cdm-vtt-descente-amaury-pierron-s-impose-a-lourdes-myriam-nicole-deuxieme\/","url":"https:\/\/dicodusport.fr\/blog\/cdm-vtt-descente-amaury-pierron-s-impose-a-lourdes-myriam-nicole-deuxieme\/","name":"CDM VTT Descente : Amaury Pierron s'impose \u00e0 Lourdes, Myriam Nicole deuxi\u00e8me","isPartOf":{"@id":"https:\/\/dicodusport.fr\/blog\/#website"},"primaryImageOfPage":{"@id":"https:\/\/dicodusport.fr\/blog\/cdm-vtt-descente-amaury-pierron-s-impose-a-lourdes-myriam-nicole-deuxieme\/#primaryimage"},"image":{"@id":"https:\/\/dicodusport.fr\/blog\/cdm-vtt-descente-amaury-pierron-s-impose-a-lourdes-myriam-nicole-deuxieme\/#primaryimage"},"thumbnailUrl":"https:\/\/dicodusport.fr\/blog\/wp-content\/uploads\/2022\/03\/CDM-VTT-Descente-Amaury-Pierron-simpose-a-Lourdes-Myriam-Nicole-deuxieme.png","datePublished":"2022-03-27T14:11:23+00:00","dateModified":"2022-03-27T14:29:00+00:00","description":"COUPE DU MONDE VTT DESCENTE - Amaury Pierron (Commencal\/Muc Off by Riding) s'est impos\u00e9 \u00e0 domicile, \u00e0 Lourdes.","breadcrumb":{"@id":"https:\/\/dicodusport.fr\/blog\/cdm-vtt-descente-amaury-pierron-s-impose-a-lourdes-myriam-nicole-deuxieme\/#breadcrumb"},"inLanguage":"fr-FR","potentialAction":[{"@type":"ReadAction","target":["https:\/\/dicodusport.fr\/blog\/cdm-vtt-descente-amaury-pierron-s-impose-a-lourdes-myriam-nicole-deuxieme\/"]}]},{"@type":"ImageObject","inLanguage":"fr-FR","@id":"https:\/\/dicodusport.fr\/blog\/cdm-vtt-descente-amaury-pierron-s-impose-a-lourdes-myriam-nicole-deuxieme\/#primaryimage","url":"https:\/\/dicodusport.fr\/blog\/wp-content\/uploads\/2022\/03\/CDM-VTT-Descente-Amaury-Pierron-simpose-a-Lourdes-Myriam-Nicole-deuxieme.png","contentUrl":"https:\/\/dicodusport.fr\/blog\/wp-content\/uploads\/2022\/03\/CDM-VTT-Descente-Amaury-Pierron-simpose-a-Lourdes-Myriam-Nicole-deuxieme.png","width":800,"height":445,"caption":"CDM VTT Descente Amaury Pierron s'impose \u00e0 Lourdes, Myriam Nicole deuxi\u00e8me"},{"@type":"BreadcrumbList","@id":"https:\/\/dicodusport.fr\/blog\/cdm-vtt-descente-amaury-pierron-s-impose-a-lourdes-myriam-nicole-deuxieme\/#breadcrumb","itemListElement":[{"@type":"ListItem","position":1,"name":"Accueil","item":"https:\/\/dicodusport.fr\/blog\/"},{"@type":"ListItem","position":2,"name":"CDM VTT Descente : Amaury Pierron s&rsquo;impose \u00e0 Lourdes, Myriam Nicole deuxi\u00e8me"}]},{"@type":"WebSite","@id":"https:\/\/dicodusport.fr\/blog\/#website","url":"https:\/\/dicodusport.fr\/blog\/","name":"Dicodusport","description":"L&#039;encyclop\u00e9die de l&#039;actualit\u00e9 sportive","publisher":{"@id":"https:\/\/dicodusport.fr\/blog\/#organization"},"potentialAction":[{"@type":"SearchAction","target":{"@type":"EntryPoint","urlTemplate":"https:\/\/dicodusport.fr\/blog\/?s={search_term_string}"},"query-input":{"@type":"PropertyValueSpecification","valueRequired":true,"valueName":"search_term_string"}}],"inLanguage":"fr-FR"},{"@type":"NewsMediaOrganization","@id":"https:\/\/dicodusport.fr\/blog\/#organization","name":"Dicodusport","url":"https:\/\/dicodusport.fr\/blog\/","logo":{"@type":"ImageObject","inLanguage":"fr-FR","@id":"https:\/\/dicodusport.fr\/blog\/#\/schema\/logo\/image\/","url":"https:\/\/dicodusport.fr\/blog\/wp-content\/uploads\/2020\/06\/cropped-LOGO-DICODUSPORT-2020-SANS-FOND-SANS-TEXTE.png","contentUrl":"https:\/\/dicodusport.fr\/blog\/wp-content\/uploads\/2020\/06\/cropped-LOGO-DICODUSPORT-2020-SANS-FOND-SANS-TEXTE.png","width":512,"height":512,"caption":"Dicodusport"},"image":{"@id":"https:\/\/dicodusport.fr\/blog\/#\/schema\/logo\/image\/"},"sameAs":["https:\/\/www.facebook.com\/dicodusport","https:\/\/x.com\/dicodusport","https:\/\/www.instagram.com\/dicodusport\/","https:\/\/www.youtube.com\/channel\/UC7V2KZ5sd3htJivAbA4ZG3w"],"description":"Dicodusport est l'encyclop\u00e9die de l'actualit\u00e9 sportive.","email":"bonjour@dicodusport.fr","legalName":"DICODUSPORT","foundingDate":"2018-01-14","vatID":"FR71834470973","taxID":"83447097300043","numberOfEmployees":{"@type":"QuantitativeValue","minValue":"1","maxValue":"10"}},{"@type":"Person","@id":"https:\/\/dicodusport.fr\/blog\/#\/schema\/person\/cb02af4c173ce4a653b55e9baf388d4a","name":"Flo Ostermann","image":{"@type":"ImageObject","inLanguage":"fr-FR","@id":"https:\/\/dicodusport.fr\/blog\/#\/schema\/person\/image\/","url":"https:\/\/dicodusport.fr\/blog\/wp-content\/uploads\/2021\/05\/Flo-Ostermann-150x150.jpg","contentUrl":"https:\/\/dicodusport.fr\/blog\/wp-content\/uploads\/2021\/05\/Flo-Ostermann-150x150.jpg","caption":"Flo Ostermann"},"description":"Journaliste\/R\u00e9dacteur depuis septembre 2015 - Mes premiers souvenirs dans le sport ? Les envol\u00e9es du Stade Toulousain et les duels Villeneuve-Schumacher et H\u00e4kkinen-Schumacher \u00e0 la fin des ann\u00e9es 90, la Coupe du monde de football en 1998, l\u2019exploit du XV de France face aux All Blacks en 1999, mais aussi Richard C\u0153ur de Lion qui vole sur les montagnes du Tour de France. Bien parti pour devenir professeur d\u2019EPS, les \u00e9v\u00e9nements de la vie (et la flemme d\u2019animer des s\u00e9ances de 3x500 m\u00e8tres toute ma vie) m\u2019ont conduit \u00e0 revoir mes plans. Me voil\u00e0 depuis fin 2017 sur Dicodusport, m\u00e9dia gr\u00e2ce (et pour) lequel je partage ma passion : le sport dans tous ses \u00e9tats. Le tout accompagn\u00e9 par les fous furieux et folles furieuses cit\u00e9s sur cette page !","sameAs":["https:\/\/www.facebook.com\/florent.ostermann","https:\/\/x.com\/https:\/\/twitter.com\/FlOstermann","admin"],"url":"https:\/\/dicodusport.fr\/blog\/author\/flo\/"}]}},"_links":{"self":[{"href":"https:\/\/dicodusport.fr\/blog\/wp-json\/wp\/v2\/posts\/211599","targetHints":{"allow":["GET"]}}],"collection":[{"href":"https:\/\/dicodusport.fr\/blog\/wp-json\/wp\/v2\/posts"}],"about":[{"href":"https:\/\/dicodusport.fr\/blog\/wp-json\/wp\/v2\/types\/post"}],"author":[{"embeddable":true,"href":"https:\/\/dicodusport.fr\/blog\/wp-json\/wp\/v2\/users\/4"}],"replies":[{"embeddable":true,"href":"https:\/\/dicodusport.fr\/blog\/wp-json\/wp\/v2\/comments?post=211599"}],"version-history":[{"count":0,"href":"https:\/\/dicodusport.fr\/blog\/wp-json\/wp\/v2\/posts\/211599\/revisions"}],"wp:featuredmedia":[{"embeddable":true,"href":"https:\/\/dicodusport.fr\/blog\/wp-json\/wp\/v2\/media\/211609"}],"wp:attachment":[{"href":"https:\/\/dicodusport.fr\/blog\/wp-json\/wp\/v2\/media?parent=211599"}],"wp:term":[{"taxonomy":"category","embeddable":true,"href":"https:\/\/dicodusport.fr\/blog\/wp-json\/wp\/v2\/categories?post=211599"},{"taxonomy":"post_tag","embeddable":true,"href":"https:\/\/dicodusport.fr\/blog\/wp-json\/wp\/v2\/tags?post=211599"}],"curies":[{"name":"wp","href":"https:\/\/api.w.org\/{rel}","templated":true}]}}