{"id":211782,"date":"2022-03-28T13:58:52","date_gmt":"2022-03-28T11:58:52","guid":{"rendered":"https:\/\/dicodusport.fr\/blog\/?p=211782&#038;preview=true&#038;preview_id=211782"},"modified":"2022-03-28T15:15:50","modified_gmt":"2022-03-28T13:15:50","slug":"biniam-girmay-jai-un-peu-souffert-sur-les-paves-ce-netait-vraiment-pas-confortable","status":"publish","type":"post","link":"https:\/\/dicodusport.fr\/blog\/biniam-girmay-jai-un-peu-souffert-sur-les-paves-ce-netait-vraiment-pas-confortable\/","title":{"rendered":"Biniam Girmay : \u00ab\u00a0J&rsquo;ai un peu souffert sur les pav\u00e9s, ce n&rsquo;\u00e9tait vraiment pas confortable\u00a0\u00bb"},"content":{"rendered":"<p style=\"text-align: justify;\"><b><i>CYCLISME SUR ROUTE 2022 &#8211; Biniam Girmay (<em>Intermarch\u00e9<\/em>&#8211;<em>Wanty<\/em>-Gobert), qui ne devait pas \u00eatre pr\u00e9sent au d\u00e9part, <a href=\"https:\/\/dicodusport.fr\/blog\/gand-wevelgem-2022-la-surprise-biniam-girmay-s-impose-devant-christophe-laporte\/\" target=\"_blank\" rel=\"noopener\">a remport\u00e9 Gand-Welvelgem dimanche<\/a> devant un des hommes en forme du moment, Christophe Laporte.\u00a0<\/i><\/b><\/p>\n<p style=\"text-align: justify;\">Le jeune coureur \u00e9rythr\u00e9en, <strong>Biniam Girmay<\/strong>, impressionne le monde du cyclisme. \u00c0 seulement 21 ans, il remporte une classique flandrienne sans avoir reconnu le parcours, puisqu&rsquo;il ne devait pas participer. En conf\u00e9rence de presse, <strong>Biniam Girmay<\/strong> s&rsquo;est expliqu\u00e9 apr\u00e8s son triomphe.<\/p>\n<blockquote>\n<p style=\"text-align: justify;\">Je suis venu ici \u00e0 la derni\u00e8re minute et j&rsquo;\u00e9cris l&rsquo;histoire du cyclisme. F\u00e9licitations au cyclisme africain et \u00e0 tous les coureurs africains. Cette victoire va changer beaucoup de choses pour mon futur et celui des coureurs africains. J&rsquo;ai un peu souffert sur les pav\u00e9s, ce n&rsquo;\u00e9tait vraiment pas confortable. Apr\u00e8s je me suis senti de mieux en mieux et j&rsquo;ai repris des places. Dans le sprint, j&rsquo;avais affaire \u00e0 des coureurs forts mais j&rsquo;ai eu confiance. Ma femme, ma fille me manquent. Maintenant, je vais rentrer \u00e0 la maison et me pr\u00e9parer pour le Tour d&rsquo;Italie.<\/p>\n<\/blockquote>\n<p style=\"text-align: justify;\">Vice-champion du monde espoirs en 2021 \u00e0 Louvain, <strong>Biniam Girmay<\/strong> est une \u00e9toile montante du cyclisme africain et va permettre de poursuivre le d\u00e9veloppement du sport sur son continent, alors que <a href=\"https:\/\/dicodusport.fr\/blog\/cyclisme-championnats-monde-route-2025-rwanda-premiere-en-afrique\/\">le Rwanda accueillera les Mondiaux en 2025<\/a>.<\/p>\n<blockquote class=\"twitter-tweet\">\n<p dir=\"ltr\" lang=\"en\">What a day huh, <a href=\"https:\/\/twitter.com\/GrmayeBiniam?ref_src=twsrc%5Etfw\">@GrmayeBiniam<\/a> &#x1f1ea;&#x1f1f7;? <a href=\"https:\/\/twitter.com\/hashtag\/GentWevelgem?src=hash&amp;ref_src=twsrc%5Etfw\">#GentWevelgem<\/a> <a href=\"https:\/\/twitter.com\/hashtag\/RideForAntoine?src=hash&amp;ref_src=twsrc%5Etfw\">#RideForAntoine<\/a> <a href=\"https:\/\/t.co\/a8K3gpwTpm\">pic.twitter.com\/a8K3gpwTpm<\/a><\/p>\n<p>\u2014 Intermarch\u00e9-Wanty-Gobert (@IntermarcheWG) <a href=\"https:\/\/twitter.com\/IntermarcheWG\/status\/1508103178352578560?ref_src=twsrc%5Etfw\">March 27, 2022<\/a><\/p><\/blockquote>\n<p><script async src=\"https:\/\/platform.twitter.com\/widgets.js\" charset=\"utf-8\"><\/script><\/p>\n","protected":false},"excerpt":{"rendered":"<p>Biniam Girmay, qui ne devait pas \u00eatre pr\u00e9sent au d\u00e9part, a remport\u00e9 Gand-Welvelgem dimanche devant un des hommes en forme du moment, Christophe Laporte.\u00a0<\/p>\n","protected":false},"author":1,"featured_media":211784,"comment_status":"open","ping_status":"closed","sticky":false,"template":"","format":"standard","meta":{"_acf_changed":false,"_daextam_enable_autolinks":"","footnotes":""},"categories":[46994],"tags":[22614,4283],"class_list":["post-211782","post","type-post","status-publish","format-standard","has-post-thumbnail","hentry","category-cyclisme-sur-route","tag-biniam-girmay","tag-gand-wevelgem"],"acf":[],"yoast_head":"<!-- This site is optimized with the Yoast SEO Premium plugin v26.7 (Yoast SEO v26.7) - https:\/\/yoast.com\/wordpress\/plugins\/seo\/ -->\n<title>Biniam Girmay : &quot;J&#039;ai un peu souffert sur les pav\u00e9s, ce n&#039;\u00e9tait vraiment pas confortable&quot;<\/title>\n<meta name=\"description\" content=\"CYCLISME SUR ROUTE 2022 - Biniam Girmay (Intermarch\u00e9-Wanty-Gobert), qui ne devait pas \u00eatre pr\u00e9sent au d\u00e9part, a remport\u00e9 Gand-Welvelgem dimanche.\" \/>\n<meta name=\"robots\" content=\"index, follow, max-snippet:-1, max-image-preview:large, max-video-preview:-1\" \/>\n<link rel=\"canonical\" href=\"https:\/\/dicodusport.fr\/blog\/biniam-girmay-jai-un-peu-souffert-sur-les-paves-ce-netait-vraiment-pas-confortable\/\" \/>\n<meta property=\"og:locale\" content=\"fr_FR\" \/>\n<meta property=\"og:type\" content=\"article\" \/>\n<meta property=\"og:title\" content=\"Biniam Girmay : &quot;J&#039;ai un peu souffert sur les pav\u00e9s, ce n&#039;\u00e9tait vraiment pas confortable&quot;\" \/>\n<meta property=\"og:description\" content=\"CYCLISME SUR ROUTE 2022 - Biniam Girmay (Intermarch\u00e9-Wanty-Gobert), qui ne devait pas \u00eatre pr\u00e9sent au d\u00e9part, a remport\u00e9 Gand-Welvelgem dimanche.\" \/>\n<meta property=\"og:url\" content=\"https:\/\/dicodusport.fr\/blog\/biniam-girmay-jai-un-peu-souffert-sur-les-paves-ce-netait-vraiment-pas-confortable\/\" \/>\n<meta property=\"og:site_name\" content=\"Dicodusport\" \/>\n<meta property=\"article:publisher\" content=\"https:\/\/www.facebook.com\/dicodusport\" \/>\n<meta property=\"article:author\" content=\"https:\/\/www.facebook.com\/dicodusport\" \/>\n<meta property=\"article:published_time\" content=\"2022-03-28T11:58:52+00:00\" \/>\n<meta property=\"article:modified_time\" content=\"2022-03-28T13:15:50+00:00\" \/>\n<meta property=\"og:image\" content=\"https:\/\/dicodusport.fr\/blog\/wp-content\/uploads\/2022\/03\/Biniam-Girmay-Jai-un-peu-souffert-sur-les-pave\u0301s-ce-ne\u0301tait-vraiment-pas-confortable.png\" \/>\n\t<meta property=\"og:image:width\" content=\"800\" \/>\n\t<meta property=\"og:image:height\" content=\"445\" \/>\n\t<meta property=\"og:image:type\" content=\"image\/png\" \/>\n<meta name=\"author\" content=\"Nicolas Jacquemard\" \/>\n<meta name=\"twitter:card\" content=\"summary_large_image\" \/>\n<meta name=\"twitter:title\" content=\"Biniam Girmay : &quot;J&#039;ai un peu souffert sur les pav\u00e9s, ce n&#039;\u00e9tait vraiment pas confortable&quot;\" \/>\n<meta name=\"twitter:creator\" content=\"@https:\/\/twitter.com\/Nico_Jacquemard\" \/>\n<meta name=\"twitter:site\" content=\"@dicodusport\" \/>\n<script type=\"application\/ld+json\" class=\"yoast-schema-graph\">{\"@context\":\"https:\/\/schema.org\",\"@graph\":[{\"@type\":\"NewsArticle\",\"@id\":\"https:\/\/dicodusport.fr\/blog\/biniam-girmay-jai-un-peu-souffert-sur-les-paves-ce-netait-vraiment-pas-confortable\/#article\",\"isPartOf\":{\"@id\":\"https:\/\/dicodusport.fr\/blog\/biniam-girmay-jai-un-peu-souffert-sur-les-paves-ce-netait-vraiment-pas-confortable\/\"},\"author\":{\"name\":\"Nicolas Jacquemard\",\"@id\":\"https:\/\/dicodusport.fr\/blog\/#\/schema\/person\/55dcb50ad410894e431ed812bbb70191\"},\"headline\":\"Biniam Girmay : \u00ab\u00a0J&rsquo;ai un peu souffert sur les pav\u00e9s, ce n&rsquo;\u00e9tait vraiment pas confortable\u00a0\u00bb\",\"datePublished\":\"2022-03-28T11:58:52+00:00\",\"dateModified\":\"2022-03-28T13:15:50+00:00\",\"mainEntityOfPage\":{\"@id\":\"https:\/\/dicodusport.fr\/blog\/biniam-girmay-jai-un-peu-souffert-sur-les-paves-ce-netait-vraiment-pas-confortable\/\"},\"wordCount\":258,\"commentCount\":0,\"publisher\":{\"@id\":\"https:\/\/dicodusport.fr\/blog\/#organization\"},\"image\":{\"@id\":\"https:\/\/dicodusport.fr\/blog\/biniam-girmay-jai-un-peu-souffert-sur-les-paves-ce-netait-vraiment-pas-confortable\/#primaryimage\"},\"thumbnailUrl\":\"https:\/\/dicodusport.fr\/blog\/wp-content\/uploads\/2022\/03\/Biniam-Girmay-Jai-un-peu-souffert-sur-les-pave\u0301s-ce-ne\u0301tait-vraiment-pas-confortable.png\",\"keywords\":[\"Biniam Girmay\",\"Gand-Wevelgem\"],\"articleSection\":[\"Cyclisme sur route\"],\"inLanguage\":\"fr-FR\",\"potentialAction\":[{\"@type\":\"CommentAction\",\"name\":\"Comment\",\"target\":[\"https:\/\/dicodusport.fr\/blog\/biniam-girmay-jai-un-peu-souffert-sur-les-paves-ce-netait-vraiment-pas-confortable\/#respond\"]}],\"copyrightYear\":\"2022\",\"copyrightHolder\":{\"@id\":\"https:\/\/dicodusport.fr\/blog\/#organization\"}},{\"@type\":\"WebPage\",\"@id\":\"https:\/\/dicodusport.fr\/blog\/biniam-girmay-jai-un-peu-souffert-sur-les-paves-ce-netait-vraiment-pas-confortable\/\",\"url\":\"https:\/\/dicodusport.fr\/blog\/biniam-girmay-jai-un-peu-souffert-sur-les-paves-ce-netait-vraiment-pas-confortable\/\",\"name\":\"Biniam Girmay : \\\"J'ai un peu souffert sur les pav\u00e9s, ce n'\u00e9tait vraiment pas confortable\\\"\",\"isPartOf\":{\"@id\":\"https:\/\/dicodusport.fr\/blog\/#website\"},\"primaryImageOfPage\":{\"@id\":\"https:\/\/dicodusport.fr\/blog\/biniam-girmay-jai-un-peu-souffert-sur-les-paves-ce-netait-vraiment-pas-confortable\/#primaryimage\"},\"image\":{\"@id\":\"https:\/\/dicodusport.fr\/blog\/biniam-girmay-jai-un-peu-souffert-sur-les-paves-ce-netait-vraiment-pas-confortable\/#primaryimage\"},\"thumbnailUrl\":\"https:\/\/dicodusport.fr\/blog\/wp-content\/uploads\/2022\/03\/Biniam-Girmay-Jai-un-peu-souffert-sur-les-pave\u0301s-ce-ne\u0301tait-vraiment-pas-confortable.png\",\"datePublished\":\"2022-03-28T11:58:52+00:00\",\"dateModified\":\"2022-03-28T13:15:50+00:00\",\"description\":\"CYCLISME SUR ROUTE 2022 - Biniam Girmay (Intermarch\u00e9-Wanty-Gobert), qui ne devait pas \u00eatre pr\u00e9sent au d\u00e9part, a remport\u00e9 Gand-Welvelgem dimanche.\",\"breadcrumb\":{\"@id\":\"https:\/\/dicodusport.fr\/blog\/biniam-girmay-jai-un-peu-souffert-sur-les-paves-ce-netait-vraiment-pas-confortable\/#breadcrumb\"},\"inLanguage\":\"fr-FR\",\"potentialAction\":[{\"@type\":\"ReadAction\",\"target\":[\"https:\/\/dicodusport.fr\/blog\/biniam-girmay-jai-un-peu-souffert-sur-les-paves-ce-netait-vraiment-pas-confortable\/\"]}]},{\"@type\":\"ImageObject\",\"inLanguage\":\"fr-FR\",\"@id\":\"https:\/\/dicodusport.fr\/blog\/biniam-girmay-jai-un-peu-souffert-sur-les-paves-ce-netait-vraiment-pas-confortable\/#primaryimage\",\"url\":\"https:\/\/dicodusport.fr\/blog\/wp-content\/uploads\/2022\/03\/Biniam-Girmay-Jai-un-peu-souffert-sur-les-pave\u0301s-ce-ne\u0301tait-vraiment-pas-confortable.png\",\"contentUrl\":\"https:\/\/dicodusport.fr\/blog\/wp-content\/uploads\/2022\/03\/Biniam-Girmay-Jai-un-peu-souffert-sur-les-pave\u0301s-ce-ne\u0301tait-vraiment-pas-confortable.png\",\"width\":800,\"height\":445},{\"@type\":\"BreadcrumbList\",\"@id\":\"https:\/\/dicodusport.fr\/blog\/biniam-girmay-jai-un-peu-souffert-sur-les-paves-ce-netait-vraiment-pas-confortable\/#breadcrumb\",\"itemListElement\":[{\"@type\":\"ListItem\",\"position\":1,\"name\":\"Accueil\",\"item\":\"https:\/\/dicodusport.fr\/blog\/\"},{\"@type\":\"ListItem\",\"position\":2,\"name\":\"Biniam Girmay : \u00ab\u00a0J&rsquo;ai un peu souffert sur les pav\u00e9s, ce n&rsquo;\u00e9tait vraiment pas confortable\u00a0\u00bb\"}]},{\"@type\":\"WebSite\",\"@id\":\"https:\/\/dicodusport.fr\/blog\/#website\",\"url\":\"https:\/\/dicodusport.fr\/blog\/\",\"name\":\"Dicodusport\",\"description\":\"L&#039;encyclop\u00e9die de l&#039;actualit\u00e9 sportive\",\"publisher\":{\"@id\":\"https:\/\/dicodusport.fr\/blog\/#organization\"},\"potentialAction\":[{\"@type\":\"SearchAction\",\"target\":{\"@type\":\"EntryPoint\",\"urlTemplate\":\"https:\/\/dicodusport.fr\/blog\/?s={search_term_string}\"},\"query-input\":{\"@type\":\"PropertyValueSpecification\",\"valueRequired\":true,\"valueName\":\"search_term_string\"}}],\"inLanguage\":\"fr-FR\"},{\"@type\":\"NewsMediaOrganization\",\"@id\":\"https:\/\/dicodusport.fr\/blog\/#organization\",\"name\":\"Dicodusport\",\"url\":\"https:\/\/dicodusport.fr\/blog\/\",\"logo\":{\"@type\":\"ImageObject\",\"inLanguage\":\"fr-FR\",\"@id\":\"https:\/\/dicodusport.fr\/blog\/#\/schema\/logo\/image\/\",\"url\":\"https:\/\/dicodusport.fr\/blog\/wp-content\/uploads\/2020\/06\/cropped-LOGO-DICODUSPORT-2020-SANS-FOND-SANS-TEXTE.png\",\"contentUrl\":\"https:\/\/dicodusport.fr\/blog\/wp-content\/uploads\/2020\/06\/cropped-LOGO-DICODUSPORT-2020-SANS-FOND-SANS-TEXTE.png\",\"width\":512,\"height\":512,\"caption\":\"Dicodusport\"},\"image\":{\"@id\":\"https:\/\/dicodusport.fr\/blog\/#\/schema\/logo\/image\/\"},\"sameAs\":[\"https:\/\/www.facebook.com\/dicodusport\",\"https:\/\/x.com\/dicodusport\",\"https:\/\/www.instagram.com\/dicodusport\/\",\"https:\/\/www.youtube.com\/channel\/UC7V2KZ5sd3htJivAbA4ZG3w\"],\"description\":\"Dicodusport est l'encyclop\u00e9die de l'actualit\u00e9 sportive.\",\"email\":\"bonjour@dicodusport.fr\",\"legalName\":\"DICODUSPORT\",\"foundingDate\":\"2018-01-14\",\"vatID\":\"FR71834470973\",\"taxID\":\"83447097300043\",\"numberOfEmployees\":{\"@type\":\"QuantitativeValue\",\"minValue\":\"1\",\"maxValue\":\"10\"}},{\"@type\":\"Person\",\"@id\":\"https:\/\/dicodusport.fr\/blog\/#\/schema\/person\/55dcb50ad410894e431ed812bbb70191\",\"name\":\"Nicolas Jacquemard\",\"image\":{\"@type\":\"ImageObject\",\"inLanguage\":\"fr-FR\",\"@id\":\"https:\/\/dicodusport.fr\/blog\/#\/schema\/person\/image\/\",\"url\":\"https:\/\/dicodusport.fr\/blog\/wp-content\/uploads\/2021\/05\/Nicolas-Jacquemard-150x150.jpeg\",\"contentUrl\":\"https:\/\/dicodusport.fr\/blog\/wp-content\/uploads\/2021\/05\/Nicolas-Jacquemard-150x150.jpeg\",\"caption\":\"Nicolas Jacquemard\"},\"description\":\"Passionn\u00e9 de sport et entrepreneur depuis mes 18 ans, la cr\u00e9ation de Dicodusport m'a sembl\u00e9 \u00e9vidente pour participer \u00e0 la m\u00e9diatisation d'un plus grand nombre de sports. Le chemin est long mais avec une \u00e9quipe des plus motiv\u00e9es et les Jeux Olympiques de Paris 2024 en point de mire, nous y arriverons ! Journaliste dans le monde du sport depuis plus de 5 ans, je traite aussi bien de football, de rugby, de biathlon que de cyclisme.\",\"sameAs\":[\"https:\/\/www.facebook.com\/dicodusport\",\"https:\/\/x.com\/https:\/\/twitter.com\/Nico_Jacquemard\"],\"url\":\"https:\/\/dicodusport.fr\/blog\/author\/dicodusport\/\"}]}<\/script>\n<!-- \/ Yoast SEO Premium plugin. -->","yoast_head_json":{"title":"Biniam Girmay : \"J'ai un peu souffert sur les pav\u00e9s, ce n'\u00e9tait vraiment pas confortable\"","description":"CYCLISME SUR ROUTE 2022 - Biniam Girmay (Intermarch\u00e9-Wanty-Gobert), qui ne devait pas \u00eatre pr\u00e9sent au d\u00e9part, a remport\u00e9 Gand-Welvelgem dimanche.","robots":{"index":"index","follow":"follow","max-snippet":"max-snippet:-1","max-image-preview":"max-image-preview:large","max-video-preview":"max-video-preview:-1"},"canonical":"https:\/\/dicodusport.fr\/blog\/biniam-girmay-jai-un-peu-souffert-sur-les-paves-ce-netait-vraiment-pas-confortable\/","og_locale":"fr_FR","og_type":"article","og_title":"Biniam Girmay : \"J'ai un peu souffert sur les pav\u00e9s, ce n'\u00e9tait vraiment pas confortable\"","og_description":"CYCLISME SUR ROUTE 2022 - Biniam Girmay (Intermarch\u00e9-Wanty-Gobert), qui ne devait pas \u00eatre pr\u00e9sent au d\u00e9part, a remport\u00e9 Gand-Welvelgem dimanche.","og_url":"https:\/\/dicodusport.fr\/blog\/biniam-girmay-jai-un-peu-souffert-sur-les-paves-ce-netait-vraiment-pas-confortable\/","og_site_name":"Dicodusport","article_publisher":"https:\/\/www.facebook.com\/dicodusport","article_author":"https:\/\/www.facebook.com\/dicodusport","article_published_time":"2022-03-28T11:58:52+00:00","article_modified_time":"2022-03-28T13:15:50+00:00","og_image":[{"width":800,"height":445,"url":"https:\/\/dicodusport.fr\/blog\/wp-content\/uploads\/2022\/03\/Biniam-Girmay-Jai-un-peu-souffert-sur-les-pave\u0301s-ce-ne\u0301tait-vraiment-pas-confortable.png","type":"image\/png"}],"author":"Nicolas Jacquemard","twitter_card":"summary_large_image","twitter_title":"Biniam Girmay : \"J'ai un peu souffert sur les pav\u00e9s, ce n'\u00e9tait vraiment pas confortable\"","twitter_creator":"@https:\/\/twitter.com\/Nico_Jacquemard","twitter_site":"@dicodusport","schema":{"@context":"https:\/\/schema.org","@graph":[{"@type":"NewsArticle","@id":"https:\/\/dicodusport.fr\/blog\/biniam-girmay-jai-un-peu-souffert-sur-les-paves-ce-netait-vraiment-pas-confortable\/#article","isPartOf":{"@id":"https:\/\/dicodusport.fr\/blog\/biniam-girmay-jai-un-peu-souffert-sur-les-paves-ce-netait-vraiment-pas-confortable\/"},"author":{"name":"Nicolas Jacquemard","@id":"https:\/\/dicodusport.fr\/blog\/#\/schema\/person\/55dcb50ad410894e431ed812bbb70191"},"headline":"Biniam Girmay : \u00ab\u00a0J&rsquo;ai un peu souffert sur les pav\u00e9s, ce n&rsquo;\u00e9tait vraiment pas confortable\u00a0\u00bb","datePublished":"2022-03-28T11:58:52+00:00","dateModified":"2022-03-28T13:15:50+00:00","mainEntityOfPage":{"@id":"https:\/\/dicodusport.fr\/blog\/biniam-girmay-jai-un-peu-souffert-sur-les-paves-ce-netait-vraiment-pas-confortable\/"},"wordCount":258,"commentCount":0,"publisher":{"@id":"https:\/\/dicodusport.fr\/blog\/#organization"},"image":{"@id":"https:\/\/dicodusport.fr\/blog\/biniam-girmay-jai-un-peu-souffert-sur-les-paves-ce-netait-vraiment-pas-confortable\/#primaryimage"},"thumbnailUrl":"https:\/\/dicodusport.fr\/blog\/wp-content\/uploads\/2022\/03\/Biniam-Girmay-Jai-un-peu-souffert-sur-les-pave\u0301s-ce-ne\u0301tait-vraiment-pas-confortable.png","keywords":["Biniam Girmay","Gand-Wevelgem"],"articleSection":["Cyclisme sur route"],"inLanguage":"fr-FR","potentialAction":[{"@type":"CommentAction","name":"Comment","target":["https:\/\/dicodusport.fr\/blog\/biniam-girmay-jai-un-peu-souffert-sur-les-paves-ce-netait-vraiment-pas-confortable\/#respond"]}],"copyrightYear":"2022","copyrightHolder":{"@id":"https:\/\/dicodusport.fr\/blog\/#organization"}},{"@type":"WebPage","@id":"https:\/\/dicodusport.fr\/blog\/biniam-girmay-jai-un-peu-souffert-sur-les-paves-ce-netait-vraiment-pas-confortable\/","url":"https:\/\/dicodusport.fr\/blog\/biniam-girmay-jai-un-peu-souffert-sur-les-paves-ce-netait-vraiment-pas-confortable\/","name":"Biniam Girmay : \"J'ai un peu souffert sur les pav\u00e9s, ce n'\u00e9tait vraiment pas confortable\"","isPartOf":{"@id":"https:\/\/dicodusport.fr\/blog\/#website"},"primaryImageOfPage":{"@id":"https:\/\/dicodusport.fr\/blog\/biniam-girmay-jai-un-peu-souffert-sur-les-paves-ce-netait-vraiment-pas-confortable\/#primaryimage"},"image":{"@id":"https:\/\/dicodusport.fr\/blog\/biniam-girmay-jai-un-peu-souffert-sur-les-paves-ce-netait-vraiment-pas-confortable\/#primaryimage"},"thumbnailUrl":"https:\/\/dicodusport.fr\/blog\/wp-content\/uploads\/2022\/03\/Biniam-Girmay-Jai-un-peu-souffert-sur-les-pave\u0301s-ce-ne\u0301tait-vraiment-pas-confortable.png","datePublished":"2022-03-28T11:58:52+00:00","dateModified":"2022-03-28T13:15:50+00:00","description":"CYCLISME SUR ROUTE 2022 - Biniam Girmay (Intermarch\u00e9-Wanty-Gobert), qui ne devait pas \u00eatre pr\u00e9sent au d\u00e9part, a remport\u00e9 Gand-Welvelgem dimanche.","breadcrumb":{"@id":"https:\/\/dicodusport.fr\/blog\/biniam-girmay-jai-un-peu-souffert-sur-les-paves-ce-netait-vraiment-pas-confortable\/#breadcrumb"},"inLanguage":"fr-FR","potentialAction":[{"@type":"ReadAction","target":["https:\/\/dicodusport.fr\/blog\/biniam-girmay-jai-un-peu-souffert-sur-les-paves-ce-netait-vraiment-pas-confortable\/"]}]},{"@type":"ImageObject","inLanguage":"fr-FR","@id":"https:\/\/dicodusport.fr\/blog\/biniam-girmay-jai-un-peu-souffert-sur-les-paves-ce-netait-vraiment-pas-confortable\/#primaryimage","url":"https:\/\/dicodusport.fr\/blog\/wp-content\/uploads\/2022\/03\/Biniam-Girmay-Jai-un-peu-souffert-sur-les-pave\u0301s-ce-ne\u0301tait-vraiment-pas-confortable.png","contentUrl":"https:\/\/dicodusport.fr\/blog\/wp-content\/uploads\/2022\/03\/Biniam-Girmay-Jai-un-peu-souffert-sur-les-pave\u0301s-ce-ne\u0301tait-vraiment-pas-confortable.png","width":800,"height":445},{"@type":"BreadcrumbList","@id":"https:\/\/dicodusport.fr\/blog\/biniam-girmay-jai-un-peu-souffert-sur-les-paves-ce-netait-vraiment-pas-confortable\/#breadcrumb","itemListElement":[{"@type":"ListItem","position":1,"name":"Accueil","item":"https:\/\/dicodusport.fr\/blog\/"},{"@type":"ListItem","position":2,"name":"Biniam Girmay : \u00ab\u00a0J&rsquo;ai un peu souffert sur les pav\u00e9s, ce n&rsquo;\u00e9tait vraiment pas confortable\u00a0\u00bb"}]},{"@type":"WebSite","@id":"https:\/\/dicodusport.fr\/blog\/#website","url":"https:\/\/dicodusport.fr\/blog\/","name":"Dicodusport","description":"L&#039;encyclop\u00e9die de l&#039;actualit\u00e9 sportive","publisher":{"@id":"https:\/\/dicodusport.fr\/blog\/#organization"},"potentialAction":[{"@type":"SearchAction","target":{"@type":"EntryPoint","urlTemplate":"https:\/\/dicodusport.fr\/blog\/?s={search_term_string}"},"query-input":{"@type":"PropertyValueSpecification","valueRequired":true,"valueName":"search_term_string"}}],"inLanguage":"fr-FR"},{"@type":"NewsMediaOrganization","@id":"https:\/\/dicodusport.fr\/blog\/#organization","name":"Dicodusport","url":"https:\/\/dicodusport.fr\/blog\/","logo":{"@type":"ImageObject","inLanguage":"fr-FR","@id":"https:\/\/dicodusport.fr\/blog\/#\/schema\/logo\/image\/","url":"https:\/\/dicodusport.fr\/blog\/wp-content\/uploads\/2020\/06\/cropped-LOGO-DICODUSPORT-2020-SANS-FOND-SANS-TEXTE.png","contentUrl":"https:\/\/dicodusport.fr\/blog\/wp-content\/uploads\/2020\/06\/cropped-LOGO-DICODUSPORT-2020-SANS-FOND-SANS-TEXTE.png","width":512,"height":512,"caption":"Dicodusport"},"image":{"@id":"https:\/\/dicodusport.fr\/blog\/#\/schema\/logo\/image\/"},"sameAs":["https:\/\/www.facebook.com\/dicodusport","https:\/\/x.com\/dicodusport","https:\/\/www.instagram.com\/dicodusport\/","https:\/\/www.youtube.com\/channel\/UC7V2KZ5sd3htJivAbA4ZG3w"],"description":"Dicodusport est l'encyclop\u00e9die de l'actualit\u00e9 sportive.","email":"bonjour@dicodusport.fr","legalName":"DICODUSPORT","foundingDate":"2018-01-14","vatID":"FR71834470973","taxID":"83447097300043","numberOfEmployees":{"@type":"QuantitativeValue","minValue":"1","maxValue":"10"}},{"@type":"Person","@id":"https:\/\/dicodusport.fr\/blog\/#\/schema\/person\/55dcb50ad410894e431ed812bbb70191","name":"Nicolas Jacquemard","image":{"@type":"ImageObject","inLanguage":"fr-FR","@id":"https:\/\/dicodusport.fr\/blog\/#\/schema\/person\/image\/","url":"https:\/\/dicodusport.fr\/blog\/wp-content\/uploads\/2021\/05\/Nicolas-Jacquemard-150x150.jpeg","contentUrl":"https:\/\/dicodusport.fr\/blog\/wp-content\/uploads\/2021\/05\/Nicolas-Jacquemard-150x150.jpeg","caption":"Nicolas Jacquemard"},"description":"Passionn\u00e9 de sport et entrepreneur depuis mes 18 ans, la cr\u00e9ation de Dicodusport m'a sembl\u00e9 \u00e9vidente pour participer \u00e0 la m\u00e9diatisation d'un plus grand nombre de sports. Le chemin est long mais avec une \u00e9quipe des plus motiv\u00e9es et les Jeux Olympiques de Paris 2024 en point de mire, nous y arriverons ! Journaliste dans le monde du sport depuis plus de 5 ans, je traite aussi bien de football, de rugby, de biathlon que de cyclisme.","sameAs":["https:\/\/www.facebook.com\/dicodusport","https:\/\/x.com\/https:\/\/twitter.com\/Nico_Jacquemard"],"url":"https:\/\/dicodusport.fr\/blog\/author\/dicodusport\/"}]}},"_links":{"self":[{"href":"https:\/\/dicodusport.fr\/blog\/wp-json\/wp\/v2\/posts\/211782","targetHints":{"allow":["GET"]}}],"collection":[{"href":"https:\/\/dicodusport.fr\/blog\/wp-json\/wp\/v2\/posts"}],"about":[{"href":"https:\/\/dicodusport.fr\/blog\/wp-json\/wp\/v2\/types\/post"}],"author":[{"embeddable":true,"href":"https:\/\/dicodusport.fr\/blog\/wp-json\/wp\/v2\/users\/1"}],"replies":[{"embeddable":true,"href":"https:\/\/dicodusport.fr\/blog\/wp-json\/wp\/v2\/comments?post=211782"}],"version-history":[{"count":0,"href":"https:\/\/dicodusport.fr\/blog\/wp-json\/wp\/v2\/posts\/211782\/revisions"}],"wp:featuredmedia":[{"embeddable":true,"href":"https:\/\/dicodusport.fr\/blog\/wp-json\/wp\/v2\/media\/211784"}],"wp:attachment":[{"href":"https:\/\/dicodusport.fr\/blog\/wp-json\/wp\/v2\/media?parent=211782"}],"wp:term":[{"taxonomy":"category","embeddable":true,"href":"https:\/\/dicodusport.fr\/blog\/wp-json\/wp\/v2\/categories?post=211782"},{"taxonomy":"post_tag","embeddable":true,"href":"https:\/\/dicodusport.fr\/blog\/wp-json\/wp\/v2\/tags?post=211782"}],"curies":[{"name":"wp","href":"https:\/\/api.w.org\/{rel}","templated":true}]}}