{"id":211863,"date":"2022-03-29T11:42:36","date_gmt":"2022-03-29T09:42:36","guid":{"rendered":"https:\/\/dicodusport.fr\/blog\/?p=211863&#038;preview=true&#038;preview_id=211863"},"modified":"2022-03-29T11:42:36","modified_gmt":"2022-03-29T09:42:36","slug":"a-travers-la-flandre-2022-parcours-et-profil","status":"publish","type":"post","link":"https:\/\/dicodusport.fr\/blog\/a-travers-la-flandre-2022-parcours-et-profil\/","title":{"rendered":"\u00c0 Travers la Flandre 2022 : Parcours et profil"},"content":{"rendered":"<p style=\"text-align: justify;\"><em><strong><a href=\"https:\/\/dicodusport.fr\/blog\/actualites\/cyclisme\/cyclisme-sur-route-2022\/\">CYCLISME SUR ROUTE 2022<\/a> &#8211;\u00a0<span class=\"tojvnm2t a6sixzi8 abs2jz4q a8s20v7p t1p8iaqh k5wvi7nf q3lfd5jv pk4s997a bipmatt0 cebpdrjk qowsmv63 owwhemhu dp1hu0rb dhp61c6y iyyx5f41\">Apr\u00e8s des courses passionnantes sur l&rsquo;E3 Saxo Bank Classic et sur Gand-Wevelgem, le printemps flamand se poursuit le mercredi 30 mars 2022 avec la 76e \u00e9dition d&rsquo;\u00c0 Travers la Flandre 2022. Bien s\u00fbr, ce sera le dernier rendez-vous avant le Tour des Flandres. <\/span><br \/>\n<\/strong><\/em><\/p>\n<h2 style=\"text-align: justify;\"><span class=\"tojvnm2t a6sixzi8 abs2jz4q a8s20v7p t1p8iaqh k5wvi7nf q3lfd5jv pk4s997a bipmatt0 cebpdrjk qowsmv63 owwhemhu dp1hu0rb dhp61c6y iyyx5f41\">Historique <\/span><\/h2>\n<p style=\"text-align: justify;\"><span class=\"tojvnm2t a6sixzi8 abs2jz4q a8s20v7p t1p8iaqh k5wvi7nf q3lfd5jv pk4s997a bipmatt0 cebpdrjk qowsmv63 owwhemhu dp1hu0rb dhp61c6y iyyx5f41\">En 1945, la course Dwars door Belgi\u00eb fut organis\u00e9e pour la premi\u00e8re fois. Le premier vainqueur n&rsquo;\u00e9tait autre que Rik Van Steenbergen, alors \u00e2g\u00e9 de 21 ans. Dans les ann\u00e9es suivantes, la comp\u00e9tition est devenue une course par \u00e9tapes de deux jours. Les lieux de d\u00e9part et d&rsquo;arriv\u00e9e traditionnels \u00e9taient Saint-Trond et Waregem. Depuis 1965, l&rsquo;organisation a d\u00e9cid\u00e9 d&rsquo;en faire \u00e0 nouveau une course d&rsquo;un jour avec Waregem comme ville d\u00e9part et arriv\u00e9e. Depuis le d\u00e9but du si\u00e8cle, la course s&rsquo;appelle Dwars door Vlaanderen et d\u00e9bute \u00e0 <strong>Roeselare<\/strong> pour une arriv\u00e9e toujours \u00e0 <strong>Waregem<\/strong>,\u00a0en Flandre occidentale.<\/span><\/p>\n<p style=\"text-align: justify;\"><span class=\"\">Depuis 2018,<\/span> la course a lieu le mercredi avant le Tour des Flandres. <span class=\"\">Depuis 2012, une \u00e9dition f\u00e9minine de Dwars door Vlaanderen a lieu le m\u00eame jour<\/span>. Ces deux courses <span class=\"\">sont organis\u00e9es par <\/span><span class=\"\">Flanders Classics<\/span>, l&rsquo;organisateur notamment du Tour des Flandres, de la Fl\u00e8che Braban\u00e7onne, du Omloop Het Nieuwsblad ou encore du Grand Prix de l&rsquo;Escaut.<\/p>\n<p style=\"text-align: justify;\">La course a longtemps souri aux coureurs belges seulement le premier succ\u00e8s \u00e9tranger en 1964 avec le N\u00e9erlandais Piet van Elst. Enfin, <strong>Sylvain Chavanel<\/strong> est seul coureur fran\u00e7ais \u00e0 avoir inscrit son nom au palmar\u00e8s, en 2008.<\/p>\n<h2 style=\"text-align: justify;\"><span class=\"tojvnm2t a6sixzi8 abs2jz4q a8s20v7p t1p8iaqh k5wvi7nf q3lfd5jv pk4s997a bipmatt0 cebpdrjk qowsmv63 owwhemhu dp1hu0rb dhp61c6y iyyx5f41\">Le parcours d&rsquo;<strong>\u00c0 Travers la Flandre <\/strong><br \/>\n<\/span><\/h2>\n<p style=\"text-align: justify;\"><span class=\"tojvnm2t a6sixzi8 abs2jz4q a8s20v7p t1p8iaqh k5wvi7nf q3lfd5jv pk4s997a bipmatt0 cebpdrjk qowsmv63 owwhemhu dp1hu0rb dhp61c6y iyyx5f41\">Dwars door Vlaanderen partira toujours de <strong>Roulers<\/strong> pour son arriv\u00e9e traditionnelle \u00e0 Waregem avec treize monts \u00e0 gravir. N\u00e9anmoins, deux ascensions reconnues de cette course ont \u00e9t\u00e9 retir\u00e9es du parcours : le Kluisberg et le Taaienberg. Les pav\u00e9s du Stationsberg ont \u00e9galement \u00e9t\u00e9 enlev\u00e9s de l&rsquo;itin\u00e9raire cette ann\u00e9e. <\/span><\/p>\n<p style=\"text-align: justify;\"><span class=\"tojvnm2t a6sixzi8 abs2jz4q a8s20v7p t1p8iaqh k5wvi7nf q3lfd5jv pk4s997a bipmatt0 cebpdrjk qowsmv63 owwhemhu dp1hu0rb dhp61c6y iyyx5f41\">Apr\u00e8s plus de 50 kilom\u00e8tres de course, les coureurs affronteront le premier secteur pav\u00e9 du <strong>Varenstraat<\/strong>, long de 2 kilom\u00e8tres, avant de monter le <strong>Nieuwe Kwaremont<\/strong> (2000 m \u00e0 4,8 %), 7 kilom\u00e8tres plus loin. Comme souvent sur les Flandriennes, les difficult\u00e9s seront concentr\u00e9es dans la seconde moiti\u00e9 de la course. <\/span><\/p>\n<p style=\"text-align: justify;\"><span class=\"tojvnm2t a6sixzi8 abs2jz4q a8s20v7p t1p8iaqh k5wvi7nf q3lfd5jv pk4s997a bipmatt0 cebpdrjk qowsmv63 owwhemhu dp1hu0rb dhp61c6y iyyx5f41\">En 100 kilom\u00e8tres, 11 monts et 4 secteurs pav\u00e9s, <span class=\"goog-text-highlight\">dans les <\/span><span class=\"goog-text-highlight\">Ardennes flamandes<\/span>, feront face aux coureurs afin d&rsquo;effectuer la s\u00e9lection entre les coureurs. Bien s\u00fbr, les transitions seront \u00e9galement tr\u00e8s importantes pour le placement sur des routes parfois \u00e9troites et sinueuses. Les ascensions suivantes seront le <strong>Zeelstraat<\/strong>, le <strong>Knokteberg-Trieu<\/strong> (1100 m \u00e0 4,2 %), le <strong>Stooktestraat<\/strong>, le <strong>Hotond<\/strong>, le <strong>Kortekeer<\/strong> (900 m \u00e0 6,5 %), le <strong>Berg Ten Houte<\/strong> (1100 m \u00e0 6 %), le <strong>Kanarieberg<\/strong>, \u00e0 nouveau le <strong>Knokteberg-Trieu<\/strong>, une seconde fois <strong>Hotond<\/strong>, le <strong>Ladeuze<\/strong> et le <strong>Nokereberg<\/strong> (500 \u00e0 5,7 %). Le dernier mont \u00e0 gravir sera le <strong>Holstraat<\/strong> (1000 m \u00e0 5,2 %), situ\u00e9 \u00e0 8 km de l&rsquo;arriv\u00e9e. <\/span><\/p>\n<p style=\"text-align: justify;\"><span class=\"tojvnm2t a6sixzi8 abs2jz4q a8s20v7p t1p8iaqh k5wvi7nf q3lfd5jv pk4s997a bipmatt0 cebpdrjk qowsmv63 owwhemhu dp1hu0rb dhp61c6y iyyx5f41\">M\u00eame si les pav\u00e9s seront moins terribles que sur Paris-Roubaix, le doubl\u00e9 passage sur la <strong>Mariaborrestraat<\/strong> (long de 2400 m\u00e8tres), sur la <strong>Doorn<\/strong> et sur la <strong>Herlegemstraat<\/strong> (800 m\u00e8tres), \u00e0 12 km du terme, permettront d&rsquo;\u00e9tirer le peloton. L&rsquo;an dernier, l&rsquo;ascension du Berg-ten-Houte avait permis \u00e0 <strong>Dylan van Baarle<\/strong> de s&rsquo;envoler en solitaire vers la victoire.<\/span><\/p>\n<div id=\"attachment_211928\" style=\"width: 706px\" class=\"wp-caption aligncenter\"><a href=\"https:\/\/dicodusport.fr\/blog\/wp-content\/uploads\/2022\/03\/Carte-du-parcours-dA-Travers-la-Flandre-2022.jpg\"><img loading=\"lazy\" decoding=\"async\" aria-describedby=\"caption-attachment-211928\" class=\"size-full wp-image-211928\" src=\"https:\/\/dicodusport.fr\/blog\/wp-content\/uploads\/2022\/03\/Carte-du-parcours-dA-Travers-la-Flandre-2022.jpg\" alt=\"Carte du parcours d'\u00c0 Travers la Flandre 2022\" width=\"696\" height=\"500\" srcset=\"https:\/\/dicodusport.fr\/blog\/wp-content\/uploads\/2022\/03\/Carte-du-parcours-dA-Travers-la-Flandre-2022.jpg 696w, https:\/\/dicodusport.fr\/blog\/wp-content\/uploads\/2022\/03\/Carte-du-parcours-dA-Travers-la-Flandre-2022-300x216.jpg 300w\" sizes=\"auto, (max-width: 696px) 100vw, 696px\" \/><\/a><p id=\"caption-attachment-211928\" class=\"wp-caption-text\">Carte du parcours d&rsquo;\u00c0 Travers la Flandre 2022 &#8211; Via DDV<\/p><\/div>\n<h2 style=\"text-align: justify;\"><strong>Le profil <\/strong><span class=\"tojvnm2t a6sixzi8 abs2jz4q a8s20v7p t1p8iaqh k5wvi7nf q3lfd5jv pk4s997a bipmatt0 cebpdrjk qowsmv63 owwhemhu dp1hu0rb dhp61c6y iyyx5f41\">d&rsquo;<strong>\u00c0 Travers la Flandre 2022<\/strong><\/span><\/h2>\n<div id=\"attachment_211930\" style=\"width: 1460px\" class=\"wp-caption aligncenter\"><a href=\"https:\/\/dicodusport.fr\/blog\/wp-content\/uploads\/2022\/03\/Profil-dA-Travers-la-Flandre-2022.jpg\"><img loading=\"lazy\" decoding=\"async\" aria-describedby=\"caption-attachment-211930\" class=\"size-full wp-image-211930\" src=\"https:\/\/dicodusport.fr\/blog\/wp-content\/uploads\/2022\/03\/Profil-dA-Travers-la-Flandre-2022.jpg\" alt=\"Profil d'\u00c0 Travers la Flandre 2022\" width=\"1450\" height=\"625\" srcset=\"https:\/\/dicodusport.fr\/blog\/wp-content\/uploads\/2022\/03\/Profil-dA-Travers-la-Flandre-2022.jpg 1450w, https:\/\/dicodusport.fr\/blog\/wp-content\/uploads\/2022\/03\/Profil-dA-Travers-la-Flandre-2022-300x129.jpg 300w, https:\/\/dicodusport.fr\/blog\/wp-content\/uploads\/2022\/03\/Profil-dA-Travers-la-Flandre-2022-1024x441.jpg 1024w, https:\/\/dicodusport.fr\/blog\/wp-content\/uploads\/2022\/03\/Profil-dA-Travers-la-Flandre-2022-768x331.jpg 768w\" sizes=\"auto, (max-width: 1450px) 100vw, 1450px\" \/><\/a><p id=\"caption-attachment-211930\" class=\"wp-caption-text\">Profil d&rsquo;\u00c0 Travers la Flandre 2022 &#8211; Via PCS<\/p><\/div>\n<p>&nbsp;<\/p>\n<hr \/>\n<h2 style=\"text-align: justify;\">Palmar\u00e8s<\/h2>\n<p style=\"text-align: justify;\"><span class=\"tojvnm2t a6sixzi8 abs2jz4q a8s20v7p t1p8iaqh k5wvi7nf q3lfd5jv pk4s997a bipmatt0 cebpdrjk qowsmv63 owwhemhu dp1hu0rb dhp61c6y iyyx5f41\">2021 : Dylan van Baarle <\/span><\/p>\n<p style=\"text-align: justify;\"><span class=\"tojvnm2t a6sixzi8 abs2jz4q a8s20v7p t1p8iaqh k5wvi7nf q3lfd5jv pk4s997a bipmatt0 cebpdrjk qowsmv63 owwhemhu dp1hu0rb dhp61c6y iyyx5f41\">2020 : x <\/span><\/p>\n<p style=\"text-align: justify;\"><span class=\"tojvnm2t a6sixzi8 abs2jz4q a8s20v7p t1p8iaqh k5wvi7nf q3lfd5jv pk4s997a bipmatt0 cebpdrjk qowsmv63 owwhemhu dp1hu0rb dhp61c6y iyyx5f41\">2019 : Mathieu van der Poel <\/span><\/p>\n<p style=\"text-align: justify;\"><span class=\"tojvnm2t a6sixzi8 abs2jz4q a8s20v7p t1p8iaqh k5wvi7nf q3lfd5jv pk4s997a bipmatt0 cebpdrjk qowsmv63 owwhemhu dp1hu0rb dhp61c6y iyyx5f41\">2018 : Yves Lampaert <\/span><\/p>\n<p style=\"text-align: justify;\"><span class=\"tojvnm2t a6sixzi8 abs2jz4q a8s20v7p t1p8iaqh k5wvi7nf q3lfd5jv pk4s997a bipmatt0 cebpdrjk qowsmv63 owwhemhu dp1hu0rb dhp61c6y iyyx5f41\">2017 : Yves Lampaert <\/span><\/p>\n<p style=\"text-align: justify;\"><span class=\"tojvnm2t a6sixzi8 abs2jz4q a8s20v7p t1p8iaqh k5wvi7nf q3lfd5jv pk4s997a bipmatt0 cebpdrjk qowsmv63 owwhemhu dp1hu0rb dhp61c6y iyyx5f41\">2016 : Jens Debusschere <\/span><\/p>\n<p style=\"text-align: justify;\"><span class=\"tojvnm2t a6sixzi8 abs2jz4q a8s20v7p t1p8iaqh k5wvi7nf q3lfd5jv pk4s997a bipmatt0 cebpdrjk qowsmv63 owwhemhu dp1hu0rb dhp61c6y iyyx5f41\">2015 : Jelle Wallays <\/span><\/p>\n<p style=\"text-align: justify;\"><span class=\"tojvnm2t a6sixzi8 abs2jz4q a8s20v7p t1p8iaqh k5wvi7nf q3lfd5jv pk4s997a bipmatt0 cebpdrjk qowsmv63 owwhemhu dp1hu0rb dhp61c6y iyyx5f41\">2014 : Niki Terpstra <\/span><\/p>\n<p style=\"text-align: justify;\"><span class=\"tojvnm2t a6sixzi8 abs2jz4q a8s20v7p t1p8iaqh k5wvi7nf q3lfd5jv pk4s997a bipmatt0 cebpdrjk qowsmv63 owwhemhu dp1hu0rb dhp61c6y iyyx5f41\">2013 : Oscar Gatto <\/span><\/p>\n<p style=\"text-align: justify;\"><span class=\"tojvnm2t a6sixzi8 abs2jz4q a8s20v7p t1p8iaqh k5wvi7nf q3lfd5jv pk4s997a bipmatt0 cebpdrjk qowsmv63 owwhemhu dp1hu0rb dhp61c6y iyyx5f41\">2012 : Niki Terpstra <\/span><\/p>\n<p style=\"text-align: justify;\"><span class=\"tojvnm2t a6sixzi8 abs2jz4q a8s20v7p t1p8iaqh k5wvi7nf q3lfd5jv pk4s997a bipmatt0 cebpdrjk qowsmv63 owwhemhu dp1hu0rb dhp61c6y iyyx5f41\">2011 : Nick Nuyens<\/span><\/p>\n<h2 style=\"text-align: justify;\">\u00c0 lire aussi<\/h2>\n<ul>\n<li style=\"text-align: justify;\"><strong><strong>Les engag\u00e9s d<\/strong><\/strong><span class=\"tojvnm2t a6sixzi8 abs2jz4q a8s20v7p t1p8iaqh k5wvi7nf q3lfd5jv pk4s997a bipmatt0 cebpdrjk qowsmv63 owwhemhu dp1hu0rb dhp61c6y iyyx5f41\"><strong>&lsquo;\u00c0 Travers la Flandre (\u00e0 venir)<\/strong><\/span><\/li>\n<li style=\"text-align: justify;\"><a href=\"https:\/\/dicodusport.fr\/blog\/a-travers-la-flandre-2022-a-quelle-heure-et-sur-quelle-chaine\/\"><strong>\u00c0 Travers la Flandre 2022 : \u00c0 quelle heure et sur quelle cha\u00eene ?<\/strong><\/a><\/li>\n<\/ul>\n","protected":false},"excerpt":{"rendered":"<p>CYCLISME SUR ROUTE 2022 &#8211;\u00a0Apr\u00e8s des courses passionnantes sur l&rsquo;E3 Saxo Bank Classic et sur Gand-Wevelgem, le printemps flamand se poursuit le mercredi 30 mars 2022 avec la 76e \u00e9dition d&rsquo;\u00c0 Travers la Flandre 2022. Bien s\u00fbr, ce sera le dernier rendez-vous avant le Tour des Flandres.<\/p>\n","protected":false},"author":48,"featured_media":211931,"comment_status":"open","ping_status":"closed","sticky":false,"template":"","format":"standard","meta":{"_acf_changed":false,"_daextam_enable_autolinks":"","footnotes":""},"categories":[46994],"tags":[7544,3119],"class_list":["post-211863","post","type-post","status-publish","format-standard","has-post-thumbnail","hentry","category-cyclisme-sur-route","tag-a-travers-la-flandre","tag-actualite-cyclisme"],"acf":[],"yoast_head":"<!-- This site is optimized with the Yoast SEO Premium plugin v26.7 (Yoast SEO v26.7) - https:\/\/yoast.com\/wordpress\/plugins\/seo\/ -->\n<title>\u00c0 Travers la Flandre 2022 : Parcours et profil<\/title>\n<meta name=\"description\" content=\"Apr\u00e8s des courses passionnantes sur l&#039;E3 Saxo Bank Classic et sur Gand-Wevelgem, place \u00e0 \u00c0 Travers la Flandre. Parcours et profil.\" \/>\n<meta name=\"robots\" content=\"index, follow, max-snippet:-1, max-image-preview:large, max-video-preview:-1\" \/>\n<link rel=\"canonical\" href=\"https:\/\/dicodusport.fr\/blog\/a-travers-la-flandre-2022-parcours-et-profil\/\" \/>\n<meta property=\"og:locale\" content=\"fr_FR\" \/>\n<meta property=\"og:type\" content=\"article\" \/>\n<meta property=\"og:title\" content=\"\u00c0 Travers la Flandre 2022 : Parcours et profil\" \/>\n<meta property=\"og:description\" content=\"Apr\u00e8s des courses passionnantes sur l&#039;E3 Saxo Bank Classic et sur Gand-Wevelgem, place \u00e0 \u00c0 Travers la Flandre. Parcours et profil.\" \/>\n<meta property=\"og:url\" content=\"https:\/\/dicodusport.fr\/blog\/a-travers-la-flandre-2022-parcours-et-profil\/\" \/>\n<meta property=\"og:site_name\" content=\"Dicodusport\" \/>\n<meta property=\"article:publisher\" content=\"https:\/\/www.facebook.com\/dicodusport\" \/>\n<meta property=\"article:author\" content=\"https:\/\/www.facebook.com\/groups\/LesRoisDuPeloton\" \/>\n<meta property=\"article:published_time\" content=\"2022-03-29T09:42:36+00:00\" \/>\n<meta property=\"og:image\" content=\"https:\/\/dicodusport.fr\/blog\/wp-content\/uploads\/2022\/03\/A-travers-la-Flandre-2022-Parcours-et-profil.png\" \/>\n\t<meta property=\"og:image:width\" content=\"800\" \/>\n\t<meta property=\"og:image:height\" content=\"445\" \/>\n\t<meta property=\"og:image:type\" content=\"image\/png\" \/>\n<meta name=\"author\" content=\"Emilien Descampiaux\" \/>\n<meta name=\"twitter:card\" content=\"summary_large_image\" \/>\n<meta name=\"twitter:title\" content=\"\u00c0 Travers la Flandre 2022 : Parcours et profil\" \/>\n<meta name=\"twitter:creator\" content=\"@https:\/\/twitter.com\/LRoisDuPeloton\" \/>\n<meta name=\"twitter:site\" content=\"@dicodusport\" \/>\n<script type=\"application\/ld+json\" class=\"yoast-schema-graph\">{\"@context\":\"https:\/\/schema.org\",\"@graph\":[{\"@type\":\"NewsArticle\",\"@id\":\"https:\/\/dicodusport.fr\/blog\/a-travers-la-flandre-2022-parcours-et-profil\/#article\",\"isPartOf\":{\"@id\":\"https:\/\/dicodusport.fr\/blog\/a-travers-la-flandre-2022-parcours-et-profil\/\"},\"author\":{\"name\":\"Emilien Descampiaux\",\"@id\":\"https:\/\/dicodusport.fr\/blog\/#\/schema\/person\/6db4bae06b171592211be385b32876a7\"},\"headline\":\"\u00c0 Travers la Flandre 2022 : Parcours et profil\",\"datePublished\":\"2022-03-29T09:42:36+00:00\",\"mainEntityOfPage\":{\"@id\":\"https:\/\/dicodusport.fr\/blog\/a-travers-la-flandre-2022-parcours-et-profil\/\"},\"wordCount\":610,\"commentCount\":0,\"publisher\":{\"@id\":\"https:\/\/dicodusport.fr\/blog\/#organization\"},\"image\":{\"@id\":\"https:\/\/dicodusport.fr\/blog\/a-travers-la-flandre-2022-parcours-et-profil\/#primaryimage\"},\"thumbnailUrl\":\"https:\/\/dicodusport.fr\/blog\/wp-content\/uploads\/2022\/03\/A-travers-la-Flandre-2022-Parcours-et-profil.png\",\"keywords\":[\"A Travers la Flandre\",\"Actualit\u00e9 Cyclisme\"],\"articleSection\":[\"Cyclisme sur route\"],\"inLanguage\":\"fr-FR\",\"potentialAction\":[{\"@type\":\"CommentAction\",\"name\":\"Comment\",\"target\":[\"https:\/\/dicodusport.fr\/blog\/a-travers-la-flandre-2022-parcours-et-profil\/#respond\"]}],\"copyrightYear\":\"2022\",\"copyrightHolder\":{\"@id\":\"https:\/\/dicodusport.fr\/blog\/#organization\"}},{\"@type\":\"WebPage\",\"@id\":\"https:\/\/dicodusport.fr\/blog\/a-travers-la-flandre-2022-parcours-et-profil\/\",\"url\":\"https:\/\/dicodusport.fr\/blog\/a-travers-la-flandre-2022-parcours-et-profil\/\",\"name\":\"\u00c0 Travers la Flandre 2022 : Parcours et profil\",\"isPartOf\":{\"@id\":\"https:\/\/dicodusport.fr\/blog\/#website\"},\"primaryImageOfPage\":{\"@id\":\"https:\/\/dicodusport.fr\/blog\/a-travers-la-flandre-2022-parcours-et-profil\/#primaryimage\"},\"image\":{\"@id\":\"https:\/\/dicodusport.fr\/blog\/a-travers-la-flandre-2022-parcours-et-profil\/#primaryimage\"},\"thumbnailUrl\":\"https:\/\/dicodusport.fr\/blog\/wp-content\/uploads\/2022\/03\/A-travers-la-Flandre-2022-Parcours-et-profil.png\",\"datePublished\":\"2022-03-29T09:42:36+00:00\",\"description\":\"Apr\u00e8s des courses passionnantes sur l'E3 Saxo Bank Classic et sur Gand-Wevelgem, place \u00e0 \u00c0 Travers la Flandre. Parcours et profil.\",\"breadcrumb\":{\"@id\":\"https:\/\/dicodusport.fr\/blog\/a-travers-la-flandre-2022-parcours-et-profil\/#breadcrumb\"},\"inLanguage\":\"fr-FR\",\"potentialAction\":[{\"@type\":\"ReadAction\",\"target\":[\"https:\/\/dicodusport.fr\/blog\/a-travers-la-flandre-2022-parcours-et-profil\/\"]}]},{\"@type\":\"ImageObject\",\"inLanguage\":\"fr-FR\",\"@id\":\"https:\/\/dicodusport.fr\/blog\/a-travers-la-flandre-2022-parcours-et-profil\/#primaryimage\",\"url\":\"https:\/\/dicodusport.fr\/blog\/wp-content\/uploads\/2022\/03\/A-travers-la-Flandre-2022-Parcours-et-profil.png\",\"contentUrl\":\"https:\/\/dicodusport.fr\/blog\/wp-content\/uploads\/2022\/03\/A-travers-la-Flandre-2022-Parcours-et-profil.png\",\"width\":800,\"height\":445,\"caption\":\"\u00c0 travers la Flandre 2022 Parcours et profil\"},{\"@type\":\"BreadcrumbList\",\"@id\":\"https:\/\/dicodusport.fr\/blog\/a-travers-la-flandre-2022-parcours-et-profil\/#breadcrumb\",\"itemListElement\":[{\"@type\":\"ListItem\",\"position\":1,\"name\":\"Accueil\",\"item\":\"https:\/\/dicodusport.fr\/blog\/\"},{\"@type\":\"ListItem\",\"position\":2,\"name\":\"\u00c0 Travers la Flandre 2022 : Parcours et profil\"}]},{\"@type\":\"WebSite\",\"@id\":\"https:\/\/dicodusport.fr\/blog\/#website\",\"url\":\"https:\/\/dicodusport.fr\/blog\/\",\"name\":\"Dicodusport\",\"description\":\"L&#039;encyclop\u00e9die de l&#039;actualit\u00e9 sportive\",\"publisher\":{\"@id\":\"https:\/\/dicodusport.fr\/blog\/#organization\"},\"potentialAction\":[{\"@type\":\"SearchAction\",\"target\":{\"@type\":\"EntryPoint\",\"urlTemplate\":\"https:\/\/dicodusport.fr\/blog\/?s={search_term_string}\"},\"query-input\":{\"@type\":\"PropertyValueSpecification\",\"valueRequired\":true,\"valueName\":\"search_term_string\"}}],\"inLanguage\":\"fr-FR\"},{\"@type\":\"NewsMediaOrganization\",\"@id\":\"https:\/\/dicodusport.fr\/blog\/#organization\",\"name\":\"Dicodusport\",\"url\":\"https:\/\/dicodusport.fr\/blog\/\",\"logo\":{\"@type\":\"ImageObject\",\"inLanguage\":\"fr-FR\",\"@id\":\"https:\/\/dicodusport.fr\/blog\/#\/schema\/logo\/image\/\",\"url\":\"https:\/\/dicodusport.fr\/blog\/wp-content\/uploads\/2020\/06\/cropped-LOGO-DICODUSPORT-2020-SANS-FOND-SANS-TEXTE.png\",\"contentUrl\":\"https:\/\/dicodusport.fr\/blog\/wp-content\/uploads\/2020\/06\/cropped-LOGO-DICODUSPORT-2020-SANS-FOND-SANS-TEXTE.png\",\"width\":512,\"height\":512,\"caption\":\"Dicodusport\"},\"image\":{\"@id\":\"https:\/\/dicodusport.fr\/blog\/#\/schema\/logo\/image\/\"},\"sameAs\":[\"https:\/\/www.facebook.com\/dicodusport\",\"https:\/\/x.com\/dicodusport\",\"https:\/\/www.instagram.com\/dicodusport\/\",\"https:\/\/www.youtube.com\/channel\/UC7V2KZ5sd3htJivAbA4ZG3w\"],\"description\":\"Dicodusport est l'encyclop\u00e9die de l'actualit\u00e9 sportive.\",\"email\":\"bonjour@dicodusport.fr\",\"legalName\":\"DICODUSPORT\",\"foundingDate\":\"2018-01-14\",\"vatID\":\"FR71834470973\",\"taxID\":\"83447097300043\",\"numberOfEmployees\":{\"@type\":\"QuantitativeValue\",\"minValue\":\"1\",\"maxValue\":\"10\"}},{\"@type\":\"Person\",\"@id\":\"https:\/\/dicodusport.fr\/blog\/#\/schema\/person\/6db4bae06b171592211be385b32876a7\",\"name\":\"Emilien Descampiaux\",\"image\":{\"@type\":\"ImageObject\",\"inLanguage\":\"fr-FR\",\"@id\":\"https:\/\/dicodusport.fr\/blog\/#\/schema\/person\/image\/\",\"url\":\"https:\/\/dicodusport.fr\/blog\/wp-content\/uploads\/2021\/05\/Emilien-Descampiaux-150x150.jpg\",\"contentUrl\":\"https:\/\/dicodusport.fr\/blog\/wp-content\/uploads\/2021\/05\/Emilien-Descampiaux-150x150.jpg\",\"caption\":\"Emilien Descampiaux\"},\"description\":\"Journaliste\/r\u00e9dacteur depuis 2014 - Fan de la classe de Frank Vandenbroucke, je vis cyclisme (et de ses paysages) depuis plus de 20 ans. Je suis tr\u00e8s impliqu\u00e9 sur mes diff\u00e9rents r\u00e9seaux sociaux pour partager ma passion sur le monde et l'Histoire de la bicyclette avec ma voix sur les images en noir et blanc du succ\u00e8s de Rik Van Steenbergen lors du Ronde sur le V\u00e9lodrome de Gand.\",\"sameAs\":[\"https:\/\/www.facebook.com\/groups\/LesRoisDuPeloton\",\"https:\/\/x.com\/https:\/\/twitter.com\/LRoisDuPeloton\"],\"url\":\"https:\/\/dicodusport.fr\/blog\/author\/emiliend\/\"}]}<\/script>\n<!-- \/ Yoast SEO Premium plugin. -->","yoast_head_json":{"title":"\u00c0 Travers la Flandre 2022 : Parcours et profil","description":"Apr\u00e8s des courses passionnantes sur l'E3 Saxo Bank Classic et sur Gand-Wevelgem, place \u00e0 \u00c0 Travers la Flandre. Parcours et profil.","robots":{"index":"index","follow":"follow","max-snippet":"max-snippet:-1","max-image-preview":"max-image-preview:large","max-video-preview":"max-video-preview:-1"},"canonical":"https:\/\/dicodusport.fr\/blog\/a-travers-la-flandre-2022-parcours-et-profil\/","og_locale":"fr_FR","og_type":"article","og_title":"\u00c0 Travers la Flandre 2022 : Parcours et profil","og_description":"Apr\u00e8s des courses passionnantes sur l'E3 Saxo Bank Classic et sur Gand-Wevelgem, place \u00e0 \u00c0 Travers la Flandre. Parcours et profil.","og_url":"https:\/\/dicodusport.fr\/blog\/a-travers-la-flandre-2022-parcours-et-profil\/","og_site_name":"Dicodusport","article_publisher":"https:\/\/www.facebook.com\/dicodusport","article_author":"https:\/\/www.facebook.com\/groups\/LesRoisDuPeloton","article_published_time":"2022-03-29T09:42:36+00:00","og_image":[{"width":800,"height":445,"url":"https:\/\/dicodusport.fr\/blog\/wp-content\/uploads\/2022\/03\/A-travers-la-Flandre-2022-Parcours-et-profil.png","type":"image\/png"}],"author":"Emilien Descampiaux","twitter_card":"summary_large_image","twitter_title":"\u00c0 Travers la Flandre 2022 : Parcours et profil","twitter_creator":"@https:\/\/twitter.com\/LRoisDuPeloton","twitter_site":"@dicodusport","schema":{"@context":"https:\/\/schema.org","@graph":[{"@type":"NewsArticle","@id":"https:\/\/dicodusport.fr\/blog\/a-travers-la-flandre-2022-parcours-et-profil\/#article","isPartOf":{"@id":"https:\/\/dicodusport.fr\/blog\/a-travers-la-flandre-2022-parcours-et-profil\/"},"author":{"name":"Emilien Descampiaux","@id":"https:\/\/dicodusport.fr\/blog\/#\/schema\/person\/6db4bae06b171592211be385b32876a7"},"headline":"\u00c0 Travers la Flandre 2022 : Parcours et profil","datePublished":"2022-03-29T09:42:36+00:00","mainEntityOfPage":{"@id":"https:\/\/dicodusport.fr\/blog\/a-travers-la-flandre-2022-parcours-et-profil\/"},"wordCount":610,"commentCount":0,"publisher":{"@id":"https:\/\/dicodusport.fr\/blog\/#organization"},"image":{"@id":"https:\/\/dicodusport.fr\/blog\/a-travers-la-flandre-2022-parcours-et-profil\/#primaryimage"},"thumbnailUrl":"https:\/\/dicodusport.fr\/blog\/wp-content\/uploads\/2022\/03\/A-travers-la-Flandre-2022-Parcours-et-profil.png","keywords":["A Travers la Flandre","Actualit\u00e9 Cyclisme"],"articleSection":["Cyclisme sur route"],"inLanguage":"fr-FR","potentialAction":[{"@type":"CommentAction","name":"Comment","target":["https:\/\/dicodusport.fr\/blog\/a-travers-la-flandre-2022-parcours-et-profil\/#respond"]}],"copyrightYear":"2022","copyrightHolder":{"@id":"https:\/\/dicodusport.fr\/blog\/#organization"}},{"@type":"WebPage","@id":"https:\/\/dicodusport.fr\/blog\/a-travers-la-flandre-2022-parcours-et-profil\/","url":"https:\/\/dicodusport.fr\/blog\/a-travers-la-flandre-2022-parcours-et-profil\/","name":"\u00c0 Travers la Flandre 2022 : Parcours et profil","isPartOf":{"@id":"https:\/\/dicodusport.fr\/blog\/#website"},"primaryImageOfPage":{"@id":"https:\/\/dicodusport.fr\/blog\/a-travers-la-flandre-2022-parcours-et-profil\/#primaryimage"},"image":{"@id":"https:\/\/dicodusport.fr\/blog\/a-travers-la-flandre-2022-parcours-et-profil\/#primaryimage"},"thumbnailUrl":"https:\/\/dicodusport.fr\/blog\/wp-content\/uploads\/2022\/03\/A-travers-la-Flandre-2022-Parcours-et-profil.png","datePublished":"2022-03-29T09:42:36+00:00","description":"Apr\u00e8s des courses passionnantes sur l'E3 Saxo Bank Classic et sur Gand-Wevelgem, place \u00e0 \u00c0 Travers la Flandre. Parcours et profil.","breadcrumb":{"@id":"https:\/\/dicodusport.fr\/blog\/a-travers-la-flandre-2022-parcours-et-profil\/#breadcrumb"},"inLanguage":"fr-FR","potentialAction":[{"@type":"ReadAction","target":["https:\/\/dicodusport.fr\/blog\/a-travers-la-flandre-2022-parcours-et-profil\/"]}]},{"@type":"ImageObject","inLanguage":"fr-FR","@id":"https:\/\/dicodusport.fr\/blog\/a-travers-la-flandre-2022-parcours-et-profil\/#primaryimage","url":"https:\/\/dicodusport.fr\/blog\/wp-content\/uploads\/2022\/03\/A-travers-la-Flandre-2022-Parcours-et-profil.png","contentUrl":"https:\/\/dicodusport.fr\/blog\/wp-content\/uploads\/2022\/03\/A-travers-la-Flandre-2022-Parcours-et-profil.png","width":800,"height":445,"caption":"\u00c0 travers la Flandre 2022 Parcours et profil"},{"@type":"BreadcrumbList","@id":"https:\/\/dicodusport.fr\/blog\/a-travers-la-flandre-2022-parcours-et-profil\/#breadcrumb","itemListElement":[{"@type":"ListItem","position":1,"name":"Accueil","item":"https:\/\/dicodusport.fr\/blog\/"},{"@type":"ListItem","position":2,"name":"\u00c0 Travers la Flandre 2022 : Parcours et profil"}]},{"@type":"WebSite","@id":"https:\/\/dicodusport.fr\/blog\/#website","url":"https:\/\/dicodusport.fr\/blog\/","name":"Dicodusport","description":"L&#039;encyclop\u00e9die de l&#039;actualit\u00e9 sportive","publisher":{"@id":"https:\/\/dicodusport.fr\/blog\/#organization"},"potentialAction":[{"@type":"SearchAction","target":{"@type":"EntryPoint","urlTemplate":"https:\/\/dicodusport.fr\/blog\/?s={search_term_string}"},"query-input":{"@type":"PropertyValueSpecification","valueRequired":true,"valueName":"search_term_string"}}],"inLanguage":"fr-FR"},{"@type":"NewsMediaOrganization","@id":"https:\/\/dicodusport.fr\/blog\/#organization","name":"Dicodusport","url":"https:\/\/dicodusport.fr\/blog\/","logo":{"@type":"ImageObject","inLanguage":"fr-FR","@id":"https:\/\/dicodusport.fr\/blog\/#\/schema\/logo\/image\/","url":"https:\/\/dicodusport.fr\/blog\/wp-content\/uploads\/2020\/06\/cropped-LOGO-DICODUSPORT-2020-SANS-FOND-SANS-TEXTE.png","contentUrl":"https:\/\/dicodusport.fr\/blog\/wp-content\/uploads\/2020\/06\/cropped-LOGO-DICODUSPORT-2020-SANS-FOND-SANS-TEXTE.png","width":512,"height":512,"caption":"Dicodusport"},"image":{"@id":"https:\/\/dicodusport.fr\/blog\/#\/schema\/logo\/image\/"},"sameAs":["https:\/\/www.facebook.com\/dicodusport","https:\/\/x.com\/dicodusport","https:\/\/www.instagram.com\/dicodusport\/","https:\/\/www.youtube.com\/channel\/UC7V2KZ5sd3htJivAbA4ZG3w"],"description":"Dicodusport est l'encyclop\u00e9die de l'actualit\u00e9 sportive.","email":"bonjour@dicodusport.fr","legalName":"DICODUSPORT","foundingDate":"2018-01-14","vatID":"FR71834470973","taxID":"83447097300043","numberOfEmployees":{"@type":"QuantitativeValue","minValue":"1","maxValue":"10"}},{"@type":"Person","@id":"https:\/\/dicodusport.fr\/blog\/#\/schema\/person\/6db4bae06b171592211be385b32876a7","name":"Emilien Descampiaux","image":{"@type":"ImageObject","inLanguage":"fr-FR","@id":"https:\/\/dicodusport.fr\/blog\/#\/schema\/person\/image\/","url":"https:\/\/dicodusport.fr\/blog\/wp-content\/uploads\/2021\/05\/Emilien-Descampiaux-150x150.jpg","contentUrl":"https:\/\/dicodusport.fr\/blog\/wp-content\/uploads\/2021\/05\/Emilien-Descampiaux-150x150.jpg","caption":"Emilien Descampiaux"},"description":"Journaliste\/r\u00e9dacteur depuis 2014 - Fan de la classe de Frank Vandenbroucke, je vis cyclisme (et de ses paysages) depuis plus de 20 ans. Je suis tr\u00e8s impliqu\u00e9 sur mes diff\u00e9rents r\u00e9seaux sociaux pour partager ma passion sur le monde et l'Histoire de la bicyclette avec ma voix sur les images en noir et blanc du succ\u00e8s de Rik Van Steenbergen lors du Ronde sur le V\u00e9lodrome de Gand.","sameAs":["https:\/\/www.facebook.com\/groups\/LesRoisDuPeloton","https:\/\/x.com\/https:\/\/twitter.com\/LRoisDuPeloton"],"url":"https:\/\/dicodusport.fr\/blog\/author\/emiliend\/"}]}},"_links":{"self":[{"href":"https:\/\/dicodusport.fr\/blog\/wp-json\/wp\/v2\/posts\/211863","targetHints":{"allow":["GET"]}}],"collection":[{"href":"https:\/\/dicodusport.fr\/blog\/wp-json\/wp\/v2\/posts"}],"about":[{"href":"https:\/\/dicodusport.fr\/blog\/wp-json\/wp\/v2\/types\/post"}],"author":[{"embeddable":true,"href":"https:\/\/dicodusport.fr\/blog\/wp-json\/wp\/v2\/users\/48"}],"replies":[{"embeddable":true,"href":"https:\/\/dicodusport.fr\/blog\/wp-json\/wp\/v2\/comments?post=211863"}],"version-history":[{"count":0,"href":"https:\/\/dicodusport.fr\/blog\/wp-json\/wp\/v2\/posts\/211863\/revisions"}],"wp:featuredmedia":[{"embeddable":true,"href":"https:\/\/dicodusport.fr\/blog\/wp-json\/wp\/v2\/media\/211931"}],"wp:attachment":[{"href":"https:\/\/dicodusport.fr\/blog\/wp-json\/wp\/v2\/media?parent=211863"}],"wp:term":[{"taxonomy":"category","embeddable":true,"href":"https:\/\/dicodusport.fr\/blog\/wp-json\/wp\/v2\/categories?post=211863"},{"taxonomy":"post_tag","embeddable":true,"href":"https:\/\/dicodusport.fr\/blog\/wp-json\/wp\/v2\/tags?post=211863"}],"curies":[{"name":"wp","href":"https:\/\/api.w.org\/{rel}","templated":true}]}}