{"id":211910,"date":"2022-03-29T10:22:28","date_gmt":"2022-03-29T08:22:28","guid":{"rendered":"https:\/\/dicodusport.fr\/blog\/?p=211910&#038;preview=true&#038;preview_id=211910"},"modified":"2022-03-29T10:51:56","modified_gmt":"2022-03-29T08:51:56","slug":"peter-sagan-je-me-suis-construis-tout-seul-evenepoel-est-cree-par-quick-step","status":"publish","type":"post","link":"https:\/\/dicodusport.fr\/blog\/peter-sagan-je-me-suis-construis-tout-seul-evenepoel-est-cree-par-quick-step\/","title":{"rendered":"Peter Sagan : \u00ab\u00a0Je me suis construis tout seul, Evenepoel est cr\u00e9\u00e9 par Quick-Step\u00a0\u00bb"},"content":{"rendered":"<p style=\"text-align: justify;\"><i><b>CYCLISME SUR ROUTE 2022 &#8211; Alors qu&rsquo;il vit un d\u00e9but de saison d\u00e9licat <a href=\"https:\/\/dicodusport.fr\/blog\/peter-sagan-forfait-pour-le-tour-des-flandres\/\">en renon\u00e7ant notamment\u00a0au Tour des Flandres<\/a>, Peter Sagan (TotalEnergies) s&rsquo;est confi\u00e9 dans le Het Laatste Nieuws, sur la nouvelle g\u00e9n\u00e9ration mais aussi sur l&rsquo;int\u00e9r\u00eat de Quick-Step \u00e0 l&rsquo;intersaison.\u00a0<\/b><\/i><\/p>\n<p style=\"text-align: justify;\"><strong>Gabriele Uboldi<\/strong>, l&rsquo;attach\u00e9 de presse de <strong>Peter Sagan<\/strong>, expliquait qu&rsquo;aucun coureur du peloton, ni m\u00eame Tadej Pogacar ou Mathieu van der Poel, n&rsquo;\u00e9tait au niveau du Slovaque en termes de personnalit\u00e9 ou m\u00eame de visibilit\u00e9. Il a laiss\u00e9 entendre que Remco Evenepoel pouvait pr\u00e9tendre \u00e0 cela. <strong>Peter Sagan<\/strong> a d&rsquo;ailleurs \u00e9voqu\u00e9 le jeune Belge.<\/p>\n<blockquote>\n<p style=\"text-align: justify;\">Il y a une diff\u00e9rence entre Evenepoel et moi. Je n&rsquo;ai pas \u00e9t\u00e9 cr\u00e9\u00e9, je me suis construis tout seul. De mon point de vue, Evenepoel est cr\u00e9\u00e9 par Quick-Step.<\/p>\n<\/blockquote>\n<p style=\"text-align: justify;\"><strong>Peter Sagan<\/strong> \u00e9voque aussi l&rsquo;int\u00e9r\u00eat de Quick-Step pendant l&rsquo;intersaison. Le Slovaque estime que la formation belge n&rsquo;a jamais voulu le signer.<\/p>\n<blockquote>\n<p style=\"text-align: justify;\">Je ne sais pas ce que pensait Patrick. Que j&rsquo;am\u00e8nerais mon groupe et qu&rsquo;ils ne travailleraient que pour moi ? Ce n&rsquo;est pas vrai. Je pense que Patrick n&rsquo;a jamais voulu de moi. Peut-\u00eatre qu&rsquo;il voulait juste faire du bruit. Il a attir\u00e9 l&rsquo;attention avec \u00e7a, puis a disparu. Il m&rsquo;a dit que c&rsquo;\u00e9tait difficile de prendre Sagan \u00e0 cause de mon groupe.<\/p>\n<\/blockquote>\n<blockquote class=\"twitter-tweet\">\n<p dir=\"ltr\" lang=\"fr\">&#x1f399; D\u00e9cla \/ &#x1f1f8;&#x1f1f0; <a href=\"https:\/\/twitter.com\/petosagan?ref_src=twsrc%5Etfw\">@petosagan<\/a> (TDE) : \u00ab\u00a0Je pense que QuickStep n&rsquo;a jamais voulu de moi.\u00a0\u00bb<a href=\"https:\/\/t.co\/EscoYlyNyJ\">https:\/\/t.co\/EscoYlyNyJ<\/a> via <a href=\"https:\/\/twitter.com\/Cyclingnewsfeed?ref_src=twsrc%5Etfw\">@Cyclingnewsfeed<\/a> (&#x1f1fa;&#x1f1f8;)<\/p>\n<p>\u2014 Renaud Breban (@RenaudB31) <a href=\"https:\/\/twitter.com\/RenaudB31\/status\/1508687397319442437?ref_src=twsrc%5Etfw\">March 29, 2022<\/a><\/p><\/blockquote>\n<p><script async src=\"https:\/\/platform.twitter.com\/widgets.js\" charset=\"utf-8\"><\/script><\/p>\n","protected":false},"excerpt":{"rendered":"<p>CYCLISME SUR ROUTE 2022 &#8211; Alors qu&rsquo;il vit un d\u00e9but de saison d\u00e9licat en renoncant au Tour des Flandres, Peter Sagan (TotalEnergies) s&rsquo;est confi\u00e9 dans le Het Laatste Nieuws, sur la nouvelle g\u00e9n\u00e9ration mais aussi sur l&rsquo;int\u00e9r\u00eat de Quick-Step \u00e0 l&rsquo;intersaison.\u00a0<\/p>\n","protected":false},"author":1,"featured_media":211911,"comment_status":"open","ping_status":"closed","sticky":false,"template":"","format":"standard","meta":{"_acf_changed":false,"_daextam_enable_autolinks":"","footnotes":""},"categories":[46994],"tags":[4284,4373],"class_list":["post-211910","post","type-post","status-publish","format-standard","has-post-thumbnail","hentry","category-cyclisme-sur-route","tag-peter-sagan","tag-sagan"],"acf":[],"yoast_head":"<!-- This site is optimized with the Yoast SEO Premium plugin v26.7 (Yoast SEO v26.7) - https:\/\/yoast.com\/wordpress\/plugins\/seo\/ -->\n<title>Peter Sagan : &quot;Je me suis construis tout seul, Evenepoel est cr\u00e9\u00e9 par Quick-Step&quot;<\/title>\n<meta name=\"description\" content=\"Alors qu&#039;il vit un d\u00e9but de saison d\u00e9licat en renon\u00e7ant au Tour des Flandres, Peter Sagan (TotalEnergies) s&#039;est confi\u00e9 dans le Het Laatste Nieuws.\" \/>\n<meta name=\"robots\" content=\"index, follow, max-snippet:-1, max-image-preview:large, max-video-preview:-1\" \/>\n<link rel=\"canonical\" href=\"https:\/\/dicodusport.fr\/blog\/peter-sagan-je-me-suis-construis-tout-seul-evenepoel-est-cree-par-quick-step\/\" \/>\n<meta property=\"og:locale\" content=\"fr_FR\" \/>\n<meta property=\"og:type\" content=\"article\" \/>\n<meta property=\"og:title\" content=\"Peter Sagan : &quot;Je me suis construis tout seul, Evenepoel est cr\u00e9\u00e9 par Quick-Step&quot;\" \/>\n<meta property=\"og:description\" content=\"Alors qu&#039;il vit un d\u00e9but de saison d\u00e9licat en renon\u00e7ant au Tour des Flandres, Peter Sagan (TotalEnergies) s&#039;est confi\u00e9 dans le Het Laatste Nieuws.\" \/>\n<meta property=\"og:url\" content=\"https:\/\/dicodusport.fr\/blog\/peter-sagan-je-me-suis-construis-tout-seul-evenepoel-est-cree-par-quick-step\/\" \/>\n<meta property=\"og:site_name\" content=\"Dicodusport\" \/>\n<meta property=\"article:publisher\" content=\"https:\/\/www.facebook.com\/dicodusport\" \/>\n<meta property=\"article:author\" content=\"https:\/\/www.facebook.com\/dicodusport\" \/>\n<meta property=\"article:published_time\" content=\"2022-03-29T08:22:28+00:00\" \/>\n<meta property=\"article:modified_time\" content=\"2022-03-29T08:51:56+00:00\" \/>\n<meta property=\"og:image\" content=\"https:\/\/dicodusport.fr\/blog\/wp-content\/uploads\/2022\/03\/Peter-Sagan-Je-me-suis-construis-tout-seul-Evenepoel-est-cre\u0301e-par-Quick-Step.png\" \/>\n\t<meta property=\"og:image:width\" content=\"800\" \/>\n\t<meta property=\"og:image:height\" content=\"445\" \/>\n\t<meta property=\"og:image:type\" content=\"image\/png\" \/>\n<meta name=\"author\" content=\"Nicolas Jacquemard\" \/>\n<meta name=\"twitter:card\" content=\"summary_large_image\" \/>\n<meta name=\"twitter:title\" content=\"Peter Sagan : &quot;Je me suis construis tout seul, Evenepoel est cr\u00e9\u00e9 par Quick-Step&quot;\" \/>\n<meta name=\"twitter:creator\" content=\"@https:\/\/twitter.com\/Nico_Jacquemard\" \/>\n<meta name=\"twitter:site\" content=\"@dicodusport\" \/>\n<script type=\"application\/ld+json\" class=\"yoast-schema-graph\">{\"@context\":\"https:\/\/schema.org\",\"@graph\":[{\"@type\":\"NewsArticle\",\"@id\":\"https:\/\/dicodusport.fr\/blog\/peter-sagan-je-me-suis-construis-tout-seul-evenepoel-est-cree-par-quick-step\/#article\",\"isPartOf\":{\"@id\":\"https:\/\/dicodusport.fr\/blog\/peter-sagan-je-me-suis-construis-tout-seul-evenepoel-est-cree-par-quick-step\/\"},\"author\":{\"name\":\"Nicolas Jacquemard\",\"@id\":\"https:\/\/dicodusport.fr\/blog\/#\/schema\/person\/55dcb50ad410894e431ed812bbb70191\"},\"headline\":\"Peter Sagan : \u00ab\u00a0Je me suis construis tout seul, Evenepoel est cr\u00e9\u00e9 par Quick-Step\u00a0\u00bb\",\"datePublished\":\"2022-03-29T08:22:28+00:00\",\"dateModified\":\"2022-03-29T08:51:56+00:00\",\"mainEntityOfPage\":{\"@id\":\"https:\/\/dicodusport.fr\/blog\/peter-sagan-je-me-suis-construis-tout-seul-evenepoel-est-cree-par-quick-step\/\"},\"wordCount\":291,\"commentCount\":0,\"publisher\":{\"@id\":\"https:\/\/dicodusport.fr\/blog\/#organization\"},\"image\":{\"@id\":\"https:\/\/dicodusport.fr\/blog\/peter-sagan-je-me-suis-construis-tout-seul-evenepoel-est-cree-par-quick-step\/#primaryimage\"},\"thumbnailUrl\":\"https:\/\/dicodusport.fr\/blog\/wp-content\/uploads\/2022\/03\/Peter-Sagan-Je-me-suis-construis-tout-seul-Evenepoel-est-cre\u0301e-par-Quick-Step.png\",\"keywords\":[\"Peter Sagan\",\"Sagan\"],\"articleSection\":[\"Cyclisme sur route\"],\"inLanguage\":\"fr-FR\",\"potentialAction\":[{\"@type\":\"CommentAction\",\"name\":\"Comment\",\"target\":[\"https:\/\/dicodusport.fr\/blog\/peter-sagan-je-me-suis-construis-tout-seul-evenepoel-est-cree-par-quick-step\/#respond\"]}],\"copyrightYear\":\"2022\",\"copyrightHolder\":{\"@id\":\"https:\/\/dicodusport.fr\/blog\/#organization\"}},{\"@type\":\"WebPage\",\"@id\":\"https:\/\/dicodusport.fr\/blog\/peter-sagan-je-me-suis-construis-tout-seul-evenepoel-est-cree-par-quick-step\/\",\"url\":\"https:\/\/dicodusport.fr\/blog\/peter-sagan-je-me-suis-construis-tout-seul-evenepoel-est-cree-par-quick-step\/\",\"name\":\"Peter Sagan : \\\"Je me suis construis tout seul, Evenepoel est cr\u00e9\u00e9 par Quick-Step\\\"\",\"isPartOf\":{\"@id\":\"https:\/\/dicodusport.fr\/blog\/#website\"},\"primaryImageOfPage\":{\"@id\":\"https:\/\/dicodusport.fr\/blog\/peter-sagan-je-me-suis-construis-tout-seul-evenepoel-est-cree-par-quick-step\/#primaryimage\"},\"image\":{\"@id\":\"https:\/\/dicodusport.fr\/blog\/peter-sagan-je-me-suis-construis-tout-seul-evenepoel-est-cree-par-quick-step\/#primaryimage\"},\"thumbnailUrl\":\"https:\/\/dicodusport.fr\/blog\/wp-content\/uploads\/2022\/03\/Peter-Sagan-Je-me-suis-construis-tout-seul-Evenepoel-est-cre\u0301e-par-Quick-Step.png\",\"datePublished\":\"2022-03-29T08:22:28+00:00\",\"dateModified\":\"2022-03-29T08:51:56+00:00\",\"description\":\"Alors qu'il vit un d\u00e9but de saison d\u00e9licat en renon\u00e7ant au Tour des Flandres, Peter Sagan (TotalEnergies) s'est confi\u00e9 dans le Het Laatste Nieuws.\",\"breadcrumb\":{\"@id\":\"https:\/\/dicodusport.fr\/blog\/peter-sagan-je-me-suis-construis-tout-seul-evenepoel-est-cree-par-quick-step\/#breadcrumb\"},\"inLanguage\":\"fr-FR\",\"potentialAction\":[{\"@type\":\"ReadAction\",\"target\":[\"https:\/\/dicodusport.fr\/blog\/peter-sagan-je-me-suis-construis-tout-seul-evenepoel-est-cree-par-quick-step\/\"]}]},{\"@type\":\"ImageObject\",\"inLanguage\":\"fr-FR\",\"@id\":\"https:\/\/dicodusport.fr\/blog\/peter-sagan-je-me-suis-construis-tout-seul-evenepoel-est-cree-par-quick-step\/#primaryimage\",\"url\":\"https:\/\/dicodusport.fr\/blog\/wp-content\/uploads\/2022\/03\/Peter-Sagan-Je-me-suis-construis-tout-seul-Evenepoel-est-cre\u0301e-par-Quick-Step.png\",\"contentUrl\":\"https:\/\/dicodusport.fr\/blog\/wp-content\/uploads\/2022\/03\/Peter-Sagan-Je-me-suis-construis-tout-seul-Evenepoel-est-cre\u0301e-par-Quick-Step.png\",\"width\":800,\"height\":445},{\"@type\":\"BreadcrumbList\",\"@id\":\"https:\/\/dicodusport.fr\/blog\/peter-sagan-je-me-suis-construis-tout-seul-evenepoel-est-cree-par-quick-step\/#breadcrumb\",\"itemListElement\":[{\"@type\":\"ListItem\",\"position\":1,\"name\":\"Accueil\",\"item\":\"https:\/\/dicodusport.fr\/blog\/\"},{\"@type\":\"ListItem\",\"position\":2,\"name\":\"Peter Sagan : \u00ab\u00a0Je me suis construis tout seul, Evenepoel est cr\u00e9\u00e9 par Quick-Step\u00a0\u00bb\"}]},{\"@type\":\"WebSite\",\"@id\":\"https:\/\/dicodusport.fr\/blog\/#website\",\"url\":\"https:\/\/dicodusport.fr\/blog\/\",\"name\":\"Dicodusport\",\"description\":\"L&#039;encyclop\u00e9die de l&#039;actualit\u00e9 sportive\",\"publisher\":{\"@id\":\"https:\/\/dicodusport.fr\/blog\/#organization\"},\"potentialAction\":[{\"@type\":\"SearchAction\",\"target\":{\"@type\":\"EntryPoint\",\"urlTemplate\":\"https:\/\/dicodusport.fr\/blog\/?s={search_term_string}\"},\"query-input\":{\"@type\":\"PropertyValueSpecification\",\"valueRequired\":true,\"valueName\":\"search_term_string\"}}],\"inLanguage\":\"fr-FR\"},{\"@type\":\"NewsMediaOrganization\",\"@id\":\"https:\/\/dicodusport.fr\/blog\/#organization\",\"name\":\"Dicodusport\",\"url\":\"https:\/\/dicodusport.fr\/blog\/\",\"logo\":{\"@type\":\"ImageObject\",\"inLanguage\":\"fr-FR\",\"@id\":\"https:\/\/dicodusport.fr\/blog\/#\/schema\/logo\/image\/\",\"url\":\"https:\/\/dicodusport.fr\/blog\/wp-content\/uploads\/2020\/06\/cropped-LOGO-DICODUSPORT-2020-SANS-FOND-SANS-TEXTE.png\",\"contentUrl\":\"https:\/\/dicodusport.fr\/blog\/wp-content\/uploads\/2020\/06\/cropped-LOGO-DICODUSPORT-2020-SANS-FOND-SANS-TEXTE.png\",\"width\":512,\"height\":512,\"caption\":\"Dicodusport\"},\"image\":{\"@id\":\"https:\/\/dicodusport.fr\/blog\/#\/schema\/logo\/image\/\"},\"sameAs\":[\"https:\/\/www.facebook.com\/dicodusport\",\"https:\/\/x.com\/dicodusport\",\"https:\/\/www.instagram.com\/dicodusport\/\",\"https:\/\/www.youtube.com\/channel\/UC7V2KZ5sd3htJivAbA4ZG3w\"],\"description\":\"Dicodusport est l'encyclop\u00e9die de l'actualit\u00e9 sportive.\",\"email\":\"bonjour@dicodusport.fr\",\"legalName\":\"DICODUSPORT\",\"foundingDate\":\"2018-01-14\",\"vatID\":\"FR71834470973\",\"taxID\":\"83447097300043\",\"numberOfEmployees\":{\"@type\":\"QuantitativeValue\",\"minValue\":\"1\",\"maxValue\":\"10\"}},{\"@type\":\"Person\",\"@id\":\"https:\/\/dicodusport.fr\/blog\/#\/schema\/person\/55dcb50ad410894e431ed812bbb70191\",\"name\":\"Nicolas Jacquemard\",\"image\":{\"@type\":\"ImageObject\",\"inLanguage\":\"fr-FR\",\"@id\":\"https:\/\/dicodusport.fr\/blog\/#\/schema\/person\/image\/\",\"url\":\"https:\/\/dicodusport.fr\/blog\/wp-content\/uploads\/2021\/05\/Nicolas-Jacquemard-150x150.jpeg\",\"contentUrl\":\"https:\/\/dicodusport.fr\/blog\/wp-content\/uploads\/2021\/05\/Nicolas-Jacquemard-150x150.jpeg\",\"caption\":\"Nicolas Jacquemard\"},\"description\":\"Passionn\u00e9 de sport et entrepreneur depuis mes 18 ans, la cr\u00e9ation de Dicodusport m'a sembl\u00e9 \u00e9vidente pour participer \u00e0 la m\u00e9diatisation d'un plus grand nombre de sports. Le chemin est long mais avec une \u00e9quipe des plus motiv\u00e9es et les Jeux Olympiques de Paris 2024 en point de mire, nous y arriverons ! Journaliste dans le monde du sport depuis plus de 5 ans, je traite aussi bien de football, de rugby, de biathlon que de cyclisme.\",\"sameAs\":[\"https:\/\/www.facebook.com\/dicodusport\",\"https:\/\/x.com\/https:\/\/twitter.com\/Nico_Jacquemard\"],\"url\":\"https:\/\/dicodusport.fr\/blog\/author\/dicodusport\/\"}]}<\/script>\n<!-- \/ Yoast SEO Premium plugin. -->","yoast_head_json":{"title":"Peter Sagan : \"Je me suis construis tout seul, Evenepoel est cr\u00e9\u00e9 par Quick-Step\"","description":"Alors qu'il vit un d\u00e9but de saison d\u00e9licat en renon\u00e7ant au Tour des Flandres, Peter Sagan (TotalEnergies) s'est confi\u00e9 dans le Het Laatste Nieuws.","robots":{"index":"index","follow":"follow","max-snippet":"max-snippet:-1","max-image-preview":"max-image-preview:large","max-video-preview":"max-video-preview:-1"},"canonical":"https:\/\/dicodusport.fr\/blog\/peter-sagan-je-me-suis-construis-tout-seul-evenepoel-est-cree-par-quick-step\/","og_locale":"fr_FR","og_type":"article","og_title":"Peter Sagan : \"Je me suis construis tout seul, Evenepoel est cr\u00e9\u00e9 par Quick-Step\"","og_description":"Alors qu'il vit un d\u00e9but de saison d\u00e9licat en renon\u00e7ant au Tour des Flandres, Peter Sagan (TotalEnergies) s'est confi\u00e9 dans le Het Laatste Nieuws.","og_url":"https:\/\/dicodusport.fr\/blog\/peter-sagan-je-me-suis-construis-tout-seul-evenepoel-est-cree-par-quick-step\/","og_site_name":"Dicodusport","article_publisher":"https:\/\/www.facebook.com\/dicodusport","article_author":"https:\/\/www.facebook.com\/dicodusport","article_published_time":"2022-03-29T08:22:28+00:00","article_modified_time":"2022-03-29T08:51:56+00:00","og_image":[{"width":800,"height":445,"url":"https:\/\/dicodusport.fr\/blog\/wp-content\/uploads\/2022\/03\/Peter-Sagan-Je-me-suis-construis-tout-seul-Evenepoel-est-cre\u0301e-par-Quick-Step.png","type":"image\/png"}],"author":"Nicolas Jacquemard","twitter_card":"summary_large_image","twitter_title":"Peter Sagan : \"Je me suis construis tout seul, Evenepoel est cr\u00e9\u00e9 par Quick-Step\"","twitter_creator":"@https:\/\/twitter.com\/Nico_Jacquemard","twitter_site":"@dicodusport","schema":{"@context":"https:\/\/schema.org","@graph":[{"@type":"NewsArticle","@id":"https:\/\/dicodusport.fr\/blog\/peter-sagan-je-me-suis-construis-tout-seul-evenepoel-est-cree-par-quick-step\/#article","isPartOf":{"@id":"https:\/\/dicodusport.fr\/blog\/peter-sagan-je-me-suis-construis-tout-seul-evenepoel-est-cree-par-quick-step\/"},"author":{"name":"Nicolas Jacquemard","@id":"https:\/\/dicodusport.fr\/blog\/#\/schema\/person\/55dcb50ad410894e431ed812bbb70191"},"headline":"Peter Sagan : \u00ab\u00a0Je me suis construis tout seul, Evenepoel est cr\u00e9\u00e9 par Quick-Step\u00a0\u00bb","datePublished":"2022-03-29T08:22:28+00:00","dateModified":"2022-03-29T08:51:56+00:00","mainEntityOfPage":{"@id":"https:\/\/dicodusport.fr\/blog\/peter-sagan-je-me-suis-construis-tout-seul-evenepoel-est-cree-par-quick-step\/"},"wordCount":291,"commentCount":0,"publisher":{"@id":"https:\/\/dicodusport.fr\/blog\/#organization"},"image":{"@id":"https:\/\/dicodusport.fr\/blog\/peter-sagan-je-me-suis-construis-tout-seul-evenepoel-est-cree-par-quick-step\/#primaryimage"},"thumbnailUrl":"https:\/\/dicodusport.fr\/blog\/wp-content\/uploads\/2022\/03\/Peter-Sagan-Je-me-suis-construis-tout-seul-Evenepoel-est-cre\u0301e-par-Quick-Step.png","keywords":["Peter Sagan","Sagan"],"articleSection":["Cyclisme sur route"],"inLanguage":"fr-FR","potentialAction":[{"@type":"CommentAction","name":"Comment","target":["https:\/\/dicodusport.fr\/blog\/peter-sagan-je-me-suis-construis-tout-seul-evenepoel-est-cree-par-quick-step\/#respond"]}],"copyrightYear":"2022","copyrightHolder":{"@id":"https:\/\/dicodusport.fr\/blog\/#organization"}},{"@type":"WebPage","@id":"https:\/\/dicodusport.fr\/blog\/peter-sagan-je-me-suis-construis-tout-seul-evenepoel-est-cree-par-quick-step\/","url":"https:\/\/dicodusport.fr\/blog\/peter-sagan-je-me-suis-construis-tout-seul-evenepoel-est-cree-par-quick-step\/","name":"Peter Sagan : \"Je me suis construis tout seul, Evenepoel est cr\u00e9\u00e9 par Quick-Step\"","isPartOf":{"@id":"https:\/\/dicodusport.fr\/blog\/#website"},"primaryImageOfPage":{"@id":"https:\/\/dicodusport.fr\/blog\/peter-sagan-je-me-suis-construis-tout-seul-evenepoel-est-cree-par-quick-step\/#primaryimage"},"image":{"@id":"https:\/\/dicodusport.fr\/blog\/peter-sagan-je-me-suis-construis-tout-seul-evenepoel-est-cree-par-quick-step\/#primaryimage"},"thumbnailUrl":"https:\/\/dicodusport.fr\/blog\/wp-content\/uploads\/2022\/03\/Peter-Sagan-Je-me-suis-construis-tout-seul-Evenepoel-est-cre\u0301e-par-Quick-Step.png","datePublished":"2022-03-29T08:22:28+00:00","dateModified":"2022-03-29T08:51:56+00:00","description":"Alors qu'il vit un d\u00e9but de saison d\u00e9licat en renon\u00e7ant au Tour des Flandres, Peter Sagan (TotalEnergies) s'est confi\u00e9 dans le Het Laatste Nieuws.","breadcrumb":{"@id":"https:\/\/dicodusport.fr\/blog\/peter-sagan-je-me-suis-construis-tout-seul-evenepoel-est-cree-par-quick-step\/#breadcrumb"},"inLanguage":"fr-FR","potentialAction":[{"@type":"ReadAction","target":["https:\/\/dicodusport.fr\/blog\/peter-sagan-je-me-suis-construis-tout-seul-evenepoel-est-cree-par-quick-step\/"]}]},{"@type":"ImageObject","inLanguage":"fr-FR","@id":"https:\/\/dicodusport.fr\/blog\/peter-sagan-je-me-suis-construis-tout-seul-evenepoel-est-cree-par-quick-step\/#primaryimage","url":"https:\/\/dicodusport.fr\/blog\/wp-content\/uploads\/2022\/03\/Peter-Sagan-Je-me-suis-construis-tout-seul-Evenepoel-est-cre\u0301e-par-Quick-Step.png","contentUrl":"https:\/\/dicodusport.fr\/blog\/wp-content\/uploads\/2022\/03\/Peter-Sagan-Je-me-suis-construis-tout-seul-Evenepoel-est-cre\u0301e-par-Quick-Step.png","width":800,"height":445},{"@type":"BreadcrumbList","@id":"https:\/\/dicodusport.fr\/blog\/peter-sagan-je-me-suis-construis-tout-seul-evenepoel-est-cree-par-quick-step\/#breadcrumb","itemListElement":[{"@type":"ListItem","position":1,"name":"Accueil","item":"https:\/\/dicodusport.fr\/blog\/"},{"@type":"ListItem","position":2,"name":"Peter Sagan : \u00ab\u00a0Je me suis construis tout seul, Evenepoel est cr\u00e9\u00e9 par Quick-Step\u00a0\u00bb"}]},{"@type":"WebSite","@id":"https:\/\/dicodusport.fr\/blog\/#website","url":"https:\/\/dicodusport.fr\/blog\/","name":"Dicodusport","description":"L&#039;encyclop\u00e9die de l&#039;actualit\u00e9 sportive","publisher":{"@id":"https:\/\/dicodusport.fr\/blog\/#organization"},"potentialAction":[{"@type":"SearchAction","target":{"@type":"EntryPoint","urlTemplate":"https:\/\/dicodusport.fr\/blog\/?s={search_term_string}"},"query-input":{"@type":"PropertyValueSpecification","valueRequired":true,"valueName":"search_term_string"}}],"inLanguage":"fr-FR"},{"@type":"NewsMediaOrganization","@id":"https:\/\/dicodusport.fr\/blog\/#organization","name":"Dicodusport","url":"https:\/\/dicodusport.fr\/blog\/","logo":{"@type":"ImageObject","inLanguage":"fr-FR","@id":"https:\/\/dicodusport.fr\/blog\/#\/schema\/logo\/image\/","url":"https:\/\/dicodusport.fr\/blog\/wp-content\/uploads\/2020\/06\/cropped-LOGO-DICODUSPORT-2020-SANS-FOND-SANS-TEXTE.png","contentUrl":"https:\/\/dicodusport.fr\/blog\/wp-content\/uploads\/2020\/06\/cropped-LOGO-DICODUSPORT-2020-SANS-FOND-SANS-TEXTE.png","width":512,"height":512,"caption":"Dicodusport"},"image":{"@id":"https:\/\/dicodusport.fr\/blog\/#\/schema\/logo\/image\/"},"sameAs":["https:\/\/www.facebook.com\/dicodusport","https:\/\/x.com\/dicodusport","https:\/\/www.instagram.com\/dicodusport\/","https:\/\/www.youtube.com\/channel\/UC7V2KZ5sd3htJivAbA4ZG3w"],"description":"Dicodusport est l'encyclop\u00e9die de l'actualit\u00e9 sportive.","email":"bonjour@dicodusport.fr","legalName":"DICODUSPORT","foundingDate":"2018-01-14","vatID":"FR71834470973","taxID":"83447097300043","numberOfEmployees":{"@type":"QuantitativeValue","minValue":"1","maxValue":"10"}},{"@type":"Person","@id":"https:\/\/dicodusport.fr\/blog\/#\/schema\/person\/55dcb50ad410894e431ed812bbb70191","name":"Nicolas Jacquemard","image":{"@type":"ImageObject","inLanguage":"fr-FR","@id":"https:\/\/dicodusport.fr\/blog\/#\/schema\/person\/image\/","url":"https:\/\/dicodusport.fr\/blog\/wp-content\/uploads\/2021\/05\/Nicolas-Jacquemard-150x150.jpeg","contentUrl":"https:\/\/dicodusport.fr\/blog\/wp-content\/uploads\/2021\/05\/Nicolas-Jacquemard-150x150.jpeg","caption":"Nicolas Jacquemard"},"description":"Passionn\u00e9 de sport et entrepreneur depuis mes 18 ans, la cr\u00e9ation de Dicodusport m'a sembl\u00e9 \u00e9vidente pour participer \u00e0 la m\u00e9diatisation d'un plus grand nombre de sports. Le chemin est long mais avec une \u00e9quipe des plus motiv\u00e9es et les Jeux Olympiques de Paris 2024 en point de mire, nous y arriverons ! Journaliste dans le monde du sport depuis plus de 5 ans, je traite aussi bien de football, de rugby, de biathlon que de cyclisme.","sameAs":["https:\/\/www.facebook.com\/dicodusport","https:\/\/x.com\/https:\/\/twitter.com\/Nico_Jacquemard"],"url":"https:\/\/dicodusport.fr\/blog\/author\/dicodusport\/"}]}},"_links":{"self":[{"href":"https:\/\/dicodusport.fr\/blog\/wp-json\/wp\/v2\/posts\/211910","targetHints":{"allow":["GET"]}}],"collection":[{"href":"https:\/\/dicodusport.fr\/blog\/wp-json\/wp\/v2\/posts"}],"about":[{"href":"https:\/\/dicodusport.fr\/blog\/wp-json\/wp\/v2\/types\/post"}],"author":[{"embeddable":true,"href":"https:\/\/dicodusport.fr\/blog\/wp-json\/wp\/v2\/users\/1"}],"replies":[{"embeddable":true,"href":"https:\/\/dicodusport.fr\/blog\/wp-json\/wp\/v2\/comments?post=211910"}],"version-history":[{"count":0,"href":"https:\/\/dicodusport.fr\/blog\/wp-json\/wp\/v2\/posts\/211910\/revisions"}],"wp:featuredmedia":[{"embeddable":true,"href":"https:\/\/dicodusport.fr\/blog\/wp-json\/wp\/v2\/media\/211911"}],"wp:attachment":[{"href":"https:\/\/dicodusport.fr\/blog\/wp-json\/wp\/v2\/media?parent=211910"}],"wp:term":[{"taxonomy":"category","embeddable":true,"href":"https:\/\/dicodusport.fr\/blog\/wp-json\/wp\/v2\/categories?post=211910"},{"taxonomy":"post_tag","embeddable":true,"href":"https:\/\/dicodusport.fr\/blog\/wp-json\/wp\/v2\/tags?post=211910"}],"curies":[{"name":"wp","href":"https:\/\/api.w.org\/{rel}","templated":true}]}}